{"id":24215,"date":"2020-09-12T21:22:48","date_gmt":"2020-09-12T19:22:48","guid":{"rendered":"http:\/\/www.alqueria.es\/blogs\/alqueriaprimerciclo\/?p=24215"},"modified":"2020-09-19T15:49:09","modified_gmt":"2020-09-19T13:49:09","slug":"bienvenidos-a-2","status":"publish","type":"post","link":"https:\/\/www.alqueria.es\/blogs\/alqueriaprimerciclo\/2020\/09\/12\/bienvenidos-a-2\/","title":{"rendered":"Bienvenidos a 2\u00b0"},"content":{"rendered":"<h6>Bienvenidos<strong><span style=\"color: #ff00ff\"> a Segundo<\/span><\/strong><\/h6>\n<p><img decoding=\"async\" class=\"\" src=\"https:\/\/www.ceipvirgendelacandelaria.com\/uploads\/2\/7\/4\/0\/27400341\/cartel-bienvenida-curso-escolar-2016-2017_orig.jpg\" width=\"320\" height=\"321\" \/><\/p>\n<p>Es muy emocionante volver al cole despu\u00e9s de tanto tiempo. El silencio se ha llenado de risas y alboroto por la ilusi\u00f3n de encontrarnos. Qu\u00e9 alegr\u00eda volver a escuchar cada uno de los rincones con el sonido de sus voces. Ver sus caras emocionadas por el reencuentro, los nervios de los primeros d\u00edas, de la llegada al nuevo\u00a0 curso y cole para algunos.<\/p>\n<p>Con el transcurrir de la semana , el colegio se impregna de su alegr\u00eda, es el alimento que necesit\u00e1bamos para el comienzo de este curso tan an\u00f3malo , tan especial y tan deseado.<\/p>\n<p>Bienvenidos y bienvenidas al cole y al grupo de segundo. Estaremos unidos por los protagonistas de esta historia, vuestros hijos y vuestras hijas.<\/p>\n<h6><span style=\"color: #ff00ff\"><strong>El grupo de segundo<\/strong><\/span><\/h6>\n<p>Nuestro grupo de convivencia se ha reestructurado con la introducci\u00f3n de nuevos compa\u00f1eros. Damos la bienvenida especialmente a\u00a0 Gonzalo,\u00a0 Ana,\u00a0 Diego y Eloise que se han unido a nosotros para compartir nuestra trayectoria escolar en Alquer\u00eda.<\/p>\n<h6><strong><span style=\"color: #ff00ff\">Periodo de adaptaci\u00f3n<\/span><\/strong><\/h6>\n<p><img decoding=\"async\" class=\"\" src=\"https:\/\/1.bp.blogspot.com\/-OvWgug15xw8\/VA2G4BYAQiI\/AAAAAAAAAYw\/HZcxZoMRjHo\/s1600\/Untitled.jpg\" alt=\"El rinc\u00f3n infantil de los cuentos: El periodo de adaptaci\u00f3n\" width=\"279\" height=\"279\" \/><\/p>\n<p>Esta primera semana nos hemos ido incorporando al colegio de\u00a0 forma paulatina , disfrutando sobre todo de los espacios exteriores , el jard\u00edn nos ha acogido, la pista , el huerto y la granja , el patio , el aulario y el comedor, son los espacios que vamos a utilizar a lo largo del curso, nos familiarizamos con sus cambios y su uso, nos reencontramos con las vivencias que nos aportan cada uno de ellos. Conocer las normas que nos ayudar\u00e1n a un correcto uso y seguro,\u00a0 nos va\u00a0 dando la tranquilidad necesaria para disfrutar de ellos.<\/p>\n<p>Indagamos sobre las emociones que sentimos ante la situaci\u00f3n especial en la que tenemos que vivir el cole. Aparecen algunos miedos e inseguridades que vamos trabajando , pero en general la confianza que\u00a0 les transmit\u00eds desde casa se ve reflejada en la tranquilidad con la que viven el tiempo de cole. Nos ven seguros , con una organizaci\u00f3n especialmente enfocada a su seguridad y eso se transmite. Se refleja incluso por encima de las mascarillas.<\/p>\n<h6><strong><span style=\"color: #ff00ff\">Descubriendo los espacios<\/span><\/strong><\/h6>\n<p><img decoding=\"async\" data-attachment-id=\"24239\" data-permalink=\"https:\/\/www.alqueria.es\/blogs\/alqueriaprimerciclo\/2020\/09\/12\/bienvenidos-a-2\/p00910-113850\/\" data-orig-file=\"https:\/\/cloud.alqueria.es\/wp-content\/uploads\/sites\/6\/2020\/09\/P00910-113850.jpg\" data-orig-size=\"1024,768\" data-comments-opened=\"1\" data-image-meta=\"{&quot;aperture&quot;:&quot;0&quot;,&quot;credit&quot;:&quot;&quot;,&quot;camera&quot;:&quot;&quot;,&quot;caption&quot;:&quot;&quot;,&quot;created_timestamp&quot;:&quot;0&quot;,&quot;copyright&quot;:&quot;&quot;,&quot;focal_length&quot;:&quot;0&quot;,&quot;iso&quot;:&quot;0&quot;,&quot;shutter_speed&quot;:&quot;0&quot;,&quot;title&quot;:&quot;&quot;,&quot;orientation&quot;:&quot;0&quot;}\" data-image-title=\"P00910-113850\" data-image-description=\"\" data-image-caption=\"\" data-large-file=\"https:\/\/cloud.alqueria.es\/wp-content\/uploads\/sites\/6\/2020\/09\/P00910-113850.jpg\" class=\"alignnone size-full wp-image-24239\" src=\"https:\/\/cloud.alqueria.es\/wp-content\/uploads\/sites\/6\/2020\/09\/P00910-113850.jpg\" alt=\"\" width=\"1024\" height=\"768\" srcset=\"https:\/\/cloud.alqueria.es\/wp-content\/uploads\/sites\/6\/2020\/09\/P00910-113850.jpg 1024w, https:\/\/cloud.alqueria.es\/wp-content\/uploads\/sites\/6\/2020\/09\/P00910-113850-300x225.jpg 300w, https:\/\/cloud.alqueria.es\/wp-content\/uploads\/sites\/6\/2020\/09\/P00910-113850-768x576.jpg 768w\" sizes=\"(max-width: 1024px) 100vw, 1024px\" \/> <img decoding=\"async\" data-attachment-id=\"24240\" data-permalink=\"https:\/\/www.alqueria.es\/blogs\/alqueriaprimerciclo\/2020\/09\/12\/bienvenidos-a-2\/p00910-113916\/\" data-orig-file=\"https:\/\/cloud.alqueria.es\/wp-content\/uploads\/sites\/6\/2020\/09\/P00910-113916.jpg\" data-orig-size=\"1024,768\" data-comments-opened=\"1\" data-image-meta=\"{&quot;aperture&quot;:&quot;0&quot;,&quot;credit&quot;:&quot;&quot;,&quot;camera&quot;:&quot;&quot;,&quot;caption&quot;:&quot;&quot;,&quot;created_timestamp&quot;:&quot;0&quot;,&quot;copyright&quot;:&quot;&quot;,&quot;focal_length&quot;:&quot;0&quot;,&quot;iso&quot;:&quot;0&quot;,&quot;shutter_speed&quot;:&quot;0&quot;,&quot;title&quot;:&quot;&quot;,&quot;orientation&quot;:&quot;0&quot;}\" data-image-title=\"P00910-113916\" data-image-description=\"\" data-image-caption=\"\" data-large-file=\"https:\/\/cloud.alqueria.es\/wp-content\/uploads\/sites\/6\/2020\/09\/P00910-113916.jpg\" class=\"alignnone size-full wp-image-24240\" src=\"https:\/\/cloud.alqueria.es\/wp-content\/uploads\/sites\/6\/2020\/09\/P00910-113916.jpg\" alt=\"\" width=\"1024\" height=\"768\" srcset=\"https:\/\/cloud.alqueria.es\/wp-content\/uploads\/sites\/6\/2020\/09\/P00910-113916.jpg 1024w, https:\/\/cloud.alqueria.es\/wp-content\/uploads\/sites\/6\/2020\/09\/P00910-113916-300x225.jpg 300w, https:\/\/cloud.alqueria.es\/wp-content\/uploads\/sites\/6\/2020\/09\/P00910-113916-768x576.jpg 768w\" sizes=\"(max-width: 1024px) 100vw, 1024px\" \/> <img decoding=\"async\" data-attachment-id=\"24241\" data-permalink=\"https:\/\/www.alqueria.es\/blogs\/alqueriaprimerciclo\/2020\/09\/12\/bienvenidos-a-2\/p00910-114021\/\" data-orig-file=\"https:\/\/cloud.alqueria.es\/wp-content\/uploads\/sites\/6\/2020\/09\/P00910-114021.jpg\" data-orig-size=\"1024,768\" data-comments-opened=\"1\" data-image-meta=\"{&quot;aperture&quot;:&quot;0&quot;,&quot;credit&quot;:&quot;&quot;,&quot;camera&quot;:&quot;&quot;,&quot;caption&quot;:&quot;&quot;,&quot;created_timestamp&quot;:&quot;0&quot;,&quot;copyright&quot;:&quot;&quot;,&quot;focal_length&quot;:&quot;0&quot;,&quot;iso&quot;:&quot;0&quot;,&quot;shutter_speed&quot;:&quot;0&quot;,&quot;title&quot;:&quot;&quot;,&quot;orientation&quot;:&quot;0&quot;}\" data-image-title=\"P00910-114021\" data-image-description=\"\" data-image-caption=\"\" data-large-file=\"https:\/\/cloud.alqueria.es\/wp-content\/uploads\/sites\/6\/2020\/09\/P00910-114021.jpg\" class=\"alignnone size-full wp-image-24241\" src=\"https:\/\/cloud.alqueria.es\/wp-content\/uploads\/sites\/6\/2020\/09\/P00910-114021.jpg\" alt=\"\" width=\"1024\" height=\"768\" srcset=\"https:\/\/cloud.alqueria.es\/wp-content\/uploads\/sites\/6\/2020\/09\/P00910-114021.jpg 1024w, https:\/\/cloud.alqueria.es\/wp-content\/uploads\/sites\/6\/2020\/09\/P00910-114021-300x225.jpg 300w, https:\/\/cloud.alqueria.es\/wp-content\/uploads\/sites\/6\/2020\/09\/P00910-114021-768x576.jpg 768w\" sizes=\"(max-width: 1024px) 100vw, 1024px\" \/> <img decoding=\"async\" data-attachment-id=\"24242\" data-permalink=\"https:\/\/www.alqueria.es\/blogs\/alqueriaprimerciclo\/2020\/09\/12\/bienvenidos-a-2\/p00910-114326\/\" data-orig-file=\"https:\/\/cloud.alqueria.es\/wp-content\/uploads\/sites\/6\/2020\/09\/P00910-114326.jpg\" data-orig-size=\"1024,768\" data-comments-opened=\"1\" data-image-meta=\"{&quot;aperture&quot;:&quot;0&quot;,&quot;credit&quot;:&quot;&quot;,&quot;camera&quot;:&quot;&quot;,&quot;caption&quot;:&quot;&quot;,&quot;created_timestamp&quot;:&quot;0&quot;,&quot;copyright&quot;:&quot;&quot;,&quot;focal_length&quot;:&quot;0&quot;,&quot;iso&quot;:&quot;0&quot;,&quot;shutter_speed&quot;:&quot;0&quot;,&quot;title&quot;:&quot;&quot;,&quot;orientation&quot;:&quot;0&quot;}\" data-image-title=\"P00910-114326\" data-image-description=\"\" data-image-caption=\"\" data-large-file=\"https:\/\/cloud.alqueria.es\/wp-content\/uploads\/sites\/6\/2020\/09\/P00910-114326.jpg\" class=\"alignnone size-full wp-image-24242\" src=\"https:\/\/cloud.alqueria.es\/wp-content\/uploads\/sites\/6\/2020\/09\/P00910-114326.jpg\" alt=\"\" width=\"1024\" height=\"768\" srcset=\"https:\/\/cloud.alqueria.es\/wp-content\/uploads\/sites\/6\/2020\/09\/P00910-114326.jpg 1024w, https:\/\/cloud.alqueria.es\/wp-content\/uploads\/sites\/6\/2020\/09\/P00910-114326-300x225.jpg 300w, https:\/\/cloud.alqueria.es\/wp-content\/uploads\/sites\/6\/2020\/09\/P00910-114326-768x576.jpg 768w\" sizes=\"(max-width: 1024px) 100vw, 1024px\" \/> <img decoding=\"async\" data-attachment-id=\"24243\" data-permalink=\"https:\/\/www.alqueria.es\/blogs\/alqueriaprimerciclo\/2020\/09\/12\/bienvenidos-a-2\/p00910-144032\/\" data-orig-file=\"https:\/\/cloud.alqueria.es\/wp-content\/uploads\/sites\/6\/2020\/09\/P00910-144032.jpg\" data-orig-size=\"1024,768\" data-comments-opened=\"1\" data-image-meta=\"{&quot;aperture&quot;:&quot;0&quot;,&quot;credit&quot;:&quot;&quot;,&quot;camera&quot;:&quot;&quot;,&quot;caption&quot;:&quot;&quot;,&quot;created_timestamp&quot;:&quot;0&quot;,&quot;copyright&quot;:&quot;&quot;,&quot;focal_length&quot;:&quot;0&quot;,&quot;iso&quot;:&quot;0&quot;,&quot;shutter_speed&quot;:&quot;0&quot;,&quot;title&quot;:&quot;&quot;,&quot;orientation&quot;:&quot;0&quot;}\" data-image-title=\"P00910-144032\" data-image-description=\"\" data-image-caption=\"\" data-large-file=\"https:\/\/cloud.alqueria.es\/wp-content\/uploads\/sites\/6\/2020\/09\/P00910-144032.jpg\" class=\"alignnone size-full wp-image-24243\" src=\"https:\/\/cloud.alqueria.es\/wp-content\/uploads\/sites\/6\/2020\/09\/P00910-144032.jpg\" alt=\"\" width=\"1024\" height=\"768\" srcset=\"https:\/\/cloud.alqueria.es\/wp-content\/uploads\/sites\/6\/2020\/09\/P00910-144032.jpg 1024w, https:\/\/cloud.alqueria.es\/wp-content\/uploads\/sites\/6\/2020\/09\/P00910-144032-300x225.jpg 300w, https:\/\/cloud.alqueria.es\/wp-content\/uploads\/sites\/6\/2020\/09\/P00910-144032-768x576.jpg 768w\" sizes=\"(max-width: 1024px) 100vw, 1024px\" \/> <img decoding=\"async\" data-attachment-id=\"24244\" data-permalink=\"https:\/\/www.alqueria.es\/blogs\/alqueriaprimerciclo\/2020\/09\/12\/bienvenidos-a-2\/p00910-113947\/\" data-orig-file=\"https:\/\/cloud.alqueria.es\/wp-content\/uploads\/sites\/6\/2020\/09\/P00910-113947.jpg\" data-orig-size=\"1024,768\" data-comments-opened=\"1\" data-image-meta=\"{&quot;aperture&quot;:&quot;0&quot;,&quot;credit&quot;:&quot;&quot;,&quot;camera&quot;:&quot;&quot;,&quot;caption&quot;:&quot;&quot;,&quot;created_timestamp&quot;:&quot;0&quot;,&quot;copyright&quot;:&quot;&quot;,&quot;focal_length&quot;:&quot;0&quot;,&quot;iso&quot;:&quot;0&quot;,&quot;shutter_speed&quot;:&quot;0&quot;,&quot;title&quot;:&quot;&quot;,&quot;orientation&quot;:&quot;0&quot;}\" data-image-title=\"P00910-113947\" data-image-description=\"\" data-image-caption=\"\" data-large-file=\"https:\/\/cloud.alqueria.es\/wp-content\/uploads\/sites\/6\/2020\/09\/P00910-113947.jpg\" class=\"alignnone size-full wp-image-24244\" src=\"https:\/\/cloud.alqueria.es\/wp-content\/uploads\/sites\/6\/2020\/09\/P00910-113947.jpg\" alt=\"\" width=\"1024\" height=\"768\" srcset=\"https:\/\/cloud.alqueria.es\/wp-content\/uploads\/sites\/6\/2020\/09\/P00910-113947.jpg 1024w, https:\/\/cloud.alqueria.es\/wp-content\/uploads\/sites\/6\/2020\/09\/P00910-113947-300x225.jpg 300w, https:\/\/cloud.alqueria.es\/wp-content\/uploads\/sites\/6\/2020\/09\/P00910-113947-768x576.jpg 768w\" sizes=\"(max-width: 1024px) 100vw, 1024px\" \/> <img decoding=\"async\" data-attachment-id=\"24245\" data-permalink=\"https:\/\/www.alqueria.es\/blogs\/alqueriaprimerciclo\/2020\/09\/12\/bienvenidos-a-2\/p00907-121343\/\" data-orig-file=\"https:\/\/cloud.alqueria.es\/wp-content\/uploads\/sites\/6\/2020\/09\/P00907-121343.jpg\" data-orig-size=\"1024,768\" data-comments-opened=\"1\" data-image-meta=\"{&quot;aperture&quot;:&quot;0&quot;,&quot;credit&quot;:&quot;&quot;,&quot;camera&quot;:&quot;&quot;,&quot;caption&quot;:&quot;&quot;,&quot;created_timestamp&quot;:&quot;0&quot;,&quot;copyright&quot;:&quot;&quot;,&quot;focal_length&quot;:&quot;0&quot;,&quot;iso&quot;:&quot;0&quot;,&quot;shutter_speed&quot;:&quot;0&quot;,&quot;title&quot;:&quot;&quot;,&quot;orientation&quot;:&quot;0&quot;}\" data-image-title=\"P00907-121343\" data-image-description=\"\" data-image-caption=\"\" data-large-file=\"https:\/\/cloud.alqueria.es\/wp-content\/uploads\/sites\/6\/2020\/09\/P00907-121343.jpg\" class=\"alignnone size-full wp-image-24245\" src=\"https:\/\/cloud.alqueria.es\/wp-content\/uploads\/sites\/6\/2020\/09\/P00907-121343.jpg\" alt=\"\" width=\"1024\" height=\"768\" srcset=\"https:\/\/cloud.alqueria.es\/wp-content\/uploads\/sites\/6\/2020\/09\/P00907-121343.jpg 1024w, https:\/\/cloud.alqueria.es\/wp-content\/uploads\/sites\/6\/2020\/09\/P00907-121343-300x225.jpg 300w, https:\/\/cloud.alqueria.es\/wp-content\/uploads\/sites\/6\/2020\/09\/P00907-121343-768x576.jpg 768w\" sizes=\"(max-width: 1024px) 100vw, 1024px\" \/> <img decoding=\"async\" data-attachment-id=\"24246\" data-permalink=\"https:\/\/www.alqueria.es\/blogs\/alqueriaprimerciclo\/2020\/09\/12\/bienvenidos-a-2\/p00907-121527\/\" data-orig-file=\"https:\/\/cloud.alqueria.es\/wp-content\/uploads\/sites\/6\/2020\/09\/P00907-121527.jpg\" data-orig-size=\"768,1024\" data-comments-opened=\"1\" data-image-meta=\"{&quot;aperture&quot;:&quot;0&quot;,&quot;credit&quot;:&quot;&quot;,&quot;camera&quot;:&quot;&quot;,&quot;caption&quot;:&quot;&quot;,&quot;created_timestamp&quot;:&quot;0&quot;,&quot;copyright&quot;:&quot;&quot;,&quot;focal_length&quot;:&quot;0&quot;,&quot;iso&quot;:&quot;0&quot;,&quot;shutter_speed&quot;:&quot;0&quot;,&quot;title&quot;:&quot;&quot;,&quot;orientation&quot;:&quot;0&quot;}\" data-image-title=\"P00907-121527\" data-image-description=\"\" data-image-caption=\"\" data-large-file=\"https:\/\/cloud.alqueria.es\/wp-content\/uploads\/sites\/6\/2020\/09\/P00907-121527.jpg\" class=\"alignnone size-full wp-image-24246\" src=\"https:\/\/cloud.alqueria.es\/wp-content\/uploads\/sites\/6\/2020\/09\/P00907-121527.jpg\" alt=\"\" width=\"768\" height=\"1024\" srcset=\"https:\/\/cloud.alqueria.es\/wp-content\/uploads\/sites\/6\/2020\/09\/P00907-121527.jpg 768w, https:\/\/cloud.alqueria.es\/wp-content\/uploads\/sites\/6\/2020\/09\/P00907-121527-225x300.jpg 225w\" sizes=\"(max-width: 768px) 100vw, 768px\" \/> <img decoding=\"async\" data-attachment-id=\"24247\" data-permalink=\"https:\/\/www.alqueria.es\/blogs\/alqueriaprimerciclo\/2020\/09\/12\/bienvenidos-a-2\/p00907-142439\/\" data-orig-file=\"https:\/\/cloud.alqueria.es\/wp-content\/uploads\/sites\/6\/2020\/09\/P00907-142439.jpg\" data-orig-size=\"1024,768\" data-comments-opened=\"1\" data-image-meta=\"{&quot;aperture&quot;:&quot;0&quot;,&quot;credit&quot;:&quot;&quot;,&quot;camera&quot;:&quot;&quot;,&quot;caption&quot;:&quot;&quot;,&quot;created_timestamp&quot;:&quot;0&quot;,&quot;copyright&quot;:&quot;&quot;,&quot;focal_length&quot;:&quot;0&quot;,&quot;iso&quot;:&quot;0&quot;,&quot;shutter_speed&quot;:&quot;0&quot;,&quot;title&quot;:&quot;&quot;,&quot;orientation&quot;:&quot;0&quot;}\" data-image-title=\"P00907-142439\" data-image-description=\"\" data-image-caption=\"\" data-large-file=\"https:\/\/cloud.alqueria.es\/wp-content\/uploads\/sites\/6\/2020\/09\/P00907-142439.jpg\" class=\"alignnone size-full wp-image-24247\" src=\"https:\/\/cloud.alqueria.es\/wp-content\/uploads\/sites\/6\/2020\/09\/P00907-142439.jpg\" alt=\"\" width=\"1024\" height=\"768\" srcset=\"https:\/\/cloud.alqueria.es\/wp-content\/uploads\/sites\/6\/2020\/09\/P00907-142439.jpg 1024w, https:\/\/cloud.alqueria.es\/wp-content\/uploads\/sites\/6\/2020\/09\/P00907-142439-300x225.jpg 300w, https:\/\/cloud.alqueria.es\/wp-content\/uploads\/sites\/6\/2020\/09\/P00907-142439-768x576.jpg 768w\" sizes=\"(max-width: 1024px) 100vw, 1024px\" \/><\/p>\n<p>Con cu\u00e1nta alegr\u00eda comparten sus juegos en el jard\u00edn , visitando los peces y las tortugas, intentando subir al tronco del \u00e1rbol muerto, buscando insecto, plumas, corriendo entre la arboleda, utilizando la creatividad y la imaginaci\u00f3n con los materiales que encontramos y nos regala el jard\u00edn. Escondi\u00e9ndose por el laberinto entre los setos, jugando al escondite, utilizando las barras para hacer acrobacias&#8230; Juegos en el patio con las chapas, en la casita con la pelota\u00a0 y correr y correr para que no se escape el tiempo y poder estirar al m\u00e1ximo el juego.<\/p>\n<p>El huerto nos espera preparado para el comienzo de la plantaci\u00f3n y las gallinas y los conejos reciben con agrado las hierbas que le recogemos y su comida. Llevamos a clase\u00a0 unos peces del estanque para cuidarlos en la pecera.<\/p>\n<p><img decoding=\"async\" data-attachment-id=\"24263\" data-permalink=\"https:\/\/www.alqueria.es\/blogs\/alqueriaprimerciclo\/2020\/09\/12\/bienvenidos-a-2\/p00911-114548\/\" data-orig-file=\"https:\/\/cloud.alqueria.es\/wp-content\/uploads\/sites\/6\/2020\/09\/P00911-114548.jpg\" data-orig-size=\"1024,768\" data-comments-opened=\"1\" data-image-meta=\"{&quot;aperture&quot;:&quot;0&quot;,&quot;credit&quot;:&quot;&quot;,&quot;camera&quot;:&quot;&quot;,&quot;caption&quot;:&quot;&quot;,&quot;created_timestamp&quot;:&quot;0&quot;,&quot;copyright&quot;:&quot;&quot;,&quot;focal_length&quot;:&quot;0&quot;,&quot;iso&quot;:&quot;0&quot;,&quot;shutter_speed&quot;:&quot;0&quot;,&quot;title&quot;:&quot;&quot;,&quot;orientation&quot;:&quot;0&quot;}\" data-image-title=\"P00911-114548\" data-image-description=\"\" data-image-caption=\"\" data-large-file=\"https:\/\/cloud.alqueria.es\/wp-content\/uploads\/sites\/6\/2020\/09\/P00911-114548.jpg\" class=\"alignnone size-full wp-image-24263\" src=\"https:\/\/cloud.alqueria.es\/wp-content\/uploads\/sites\/6\/2020\/09\/P00911-114548.jpg\" alt=\"\" width=\"1024\" height=\"768\" srcset=\"https:\/\/cloud.alqueria.es\/wp-content\/uploads\/sites\/6\/2020\/09\/P00911-114548.jpg 1024w, https:\/\/cloud.alqueria.es\/wp-content\/uploads\/sites\/6\/2020\/09\/P00911-114548-300x225.jpg 300w, https:\/\/cloud.alqueria.es\/wp-content\/uploads\/sites\/6\/2020\/09\/P00911-114548-768x576.jpg 768w\" sizes=\"(max-width: 1024px) 100vw, 1024px\" \/><img decoding=\"async\" data-attachment-id=\"24262\" data-permalink=\"https:\/\/www.alqueria.es\/blogs\/alqueriaprimerciclo\/2020\/09\/12\/bienvenidos-a-2\/p00911-1134361\/\" data-orig-file=\"https:\/\/cloud.alqueria.es\/wp-content\/uploads\/sites\/6\/2020\/09\/P00911-1134361.jpg\" data-orig-size=\"702,1024\" data-comments-opened=\"1\" data-image-meta=\"{&quot;aperture&quot;:&quot;0&quot;,&quot;credit&quot;:&quot;&quot;,&quot;camera&quot;:&quot;&quot;,&quot;caption&quot;:&quot;&quot;,&quot;created_timestamp&quot;:&quot;0&quot;,&quot;copyright&quot;:&quot;&quot;,&quot;focal_length&quot;:&quot;0&quot;,&quot;iso&quot;:&quot;0&quot;,&quot;shutter_speed&quot;:&quot;0&quot;,&quot;title&quot;:&quot;&quot;,&quot;orientation&quot;:&quot;0&quot;}\" data-image-title=\"P00911-113436(1)\" data-image-description=\"\" data-image-caption=\"\" data-large-file=\"https:\/\/cloud.alqueria.es\/wp-content\/uploads\/sites\/6\/2020\/09\/P00911-1134361.jpg\" class=\"alignnone size-full wp-image-24262\" src=\"https:\/\/cloud.alqueria.es\/wp-content\/uploads\/sites\/6\/2020\/09\/P00911-1134361.jpg\" alt=\"\" width=\"702\" height=\"1024\" srcset=\"https:\/\/cloud.alqueria.es\/wp-content\/uploads\/sites\/6\/2020\/09\/P00911-1134361.jpg 702w, https:\/\/cloud.alqueria.es\/wp-content\/uploads\/sites\/6\/2020\/09\/P00911-1134361-206x300.jpg 206w\" sizes=\"(max-width: 702px) 100vw, 702px\" \/><img decoding=\"async\" data-attachment-id=\"24266\" data-permalink=\"https:\/\/www.alqueria.es\/blogs\/alqueriaprimerciclo\/2020\/09\/12\/bienvenidos-a-2\/p00911-143451\/\" data-orig-file=\"https:\/\/cloud.alqueria.es\/wp-content\/uploads\/sites\/6\/2020\/09\/P00911-143451.jpg\" data-orig-size=\"1024,768\" data-comments-opened=\"1\" data-image-meta=\"{&quot;aperture&quot;:&quot;0&quot;,&quot;credit&quot;:&quot;&quot;,&quot;camera&quot;:&quot;&quot;,&quot;caption&quot;:&quot;&quot;,&quot;created_timestamp&quot;:&quot;0&quot;,&quot;copyright&quot;:&quot;&quot;,&quot;focal_length&quot;:&quot;0&quot;,&quot;iso&quot;:&quot;0&quot;,&quot;shutter_speed&quot;:&quot;0&quot;,&quot;title&quot;:&quot;&quot;,&quot;orientation&quot;:&quot;0&quot;}\" data-image-title=\"P00911-143451\" data-image-description=\"\" data-image-caption=\"\" data-large-file=\"https:\/\/cloud.alqueria.es\/wp-content\/uploads\/sites\/6\/2020\/09\/P00911-143451.jpg\" class=\"alignnone size-full wp-image-24266\" src=\"https:\/\/cloud.alqueria.es\/wp-content\/uploads\/sites\/6\/2020\/09\/P00911-143451.jpg\" alt=\"\" width=\"1024\" height=\"768\" srcset=\"https:\/\/cloud.alqueria.es\/wp-content\/uploads\/sites\/6\/2020\/09\/P00911-143451.jpg 1024w, https:\/\/cloud.alqueria.es\/wp-content\/uploads\/sites\/6\/2020\/09\/P00911-143451-300x225.jpg 300w, https:\/\/cloud.alqueria.es\/wp-content\/uploads\/sites\/6\/2020\/09\/P00911-143451-768x576.jpg 768w\" sizes=\"(max-width: 1024px) 100vw, 1024px\" \/><img decoding=\"async\" data-attachment-id=\"24264\" data-permalink=\"https:\/\/www.alqueria.es\/blogs\/alqueriaprimerciclo\/2020\/09\/12\/bienvenidos-a-2\/p00911-114855\/\" data-orig-file=\"https:\/\/cloud.alqueria.es\/wp-content\/uploads\/sites\/6\/2020\/09\/P00911-114855.jpg\" data-orig-size=\"1024,768\" data-comments-opened=\"1\" data-image-meta=\"{&quot;aperture&quot;:&quot;0&quot;,&quot;credit&quot;:&quot;&quot;,&quot;camera&quot;:&quot;&quot;,&quot;caption&quot;:&quot;&quot;,&quot;created_timestamp&quot;:&quot;0&quot;,&quot;copyright&quot;:&quot;&quot;,&quot;focal_length&quot;:&quot;0&quot;,&quot;iso&quot;:&quot;0&quot;,&quot;shutter_speed&quot;:&quot;0&quot;,&quot;title&quot;:&quot;&quot;,&quot;orientation&quot;:&quot;0&quot;}\" data-image-title=\"P00911-114855\" data-image-description=\"\" data-image-caption=\"\" data-large-file=\"https:\/\/cloud.alqueria.es\/wp-content\/uploads\/sites\/6\/2020\/09\/P00911-114855.jpg\" class=\"alignnone size-full wp-image-24264\" src=\"https:\/\/cloud.alqueria.es\/wp-content\/uploads\/sites\/6\/2020\/09\/P00911-114855.jpg\" alt=\"\" width=\"1024\" height=\"768\" srcset=\"https:\/\/cloud.alqueria.es\/wp-content\/uploads\/sites\/6\/2020\/09\/P00911-114855.jpg 1024w, https:\/\/cloud.alqueria.es\/wp-content\/uploads\/sites\/6\/2020\/09\/P00911-114855-300x225.jpg 300w, https:\/\/cloud.alqueria.es\/wp-content\/uploads\/sites\/6\/2020\/09\/P00911-114855-768x576.jpg 768w\" sizes=\"(max-width: 1024px) 100vw, 1024px\" \/><\/p>\n<h6><strong><span style=\"color: #ff00ff\">Las normas que nos ayudan<\/span><\/strong><\/h6>\n<p>Saber las normas que nos rigen es necesario para sentirnos seguros , su cumplimiento nos permitir\u00e1 mantener la tranquilidad necesaria para el disfrute de los distintos espacios y momentos de la vida escolar.\u00a0 Normas para la higiene, para la alimentaci\u00f3n, para el trabajo en clase, para el juego en el exterior, normas para los desplazamientos , en el aseo.\u00a0 Las iremos trabajando a lo largo de las primeras semanas hasta integrarlas en nuestra convivencia, poco a poco ir\u00e1n formando parte de nuestra rutina que nos aportar\u00e1 seguridad.<\/p>\n<h6><span style=\"color: #ff00ff\">En clase<\/span><\/h6>\n<p>Hemos ido conociendo los materiales que vamos a utilizar para nuestro trabajo diario, ya tenemos nuestros estuches preparados con la herramientas necesarias, nuestro cuaderno de escritura bien decorado y el de dibujo, que confeccionamos con nuestra profe de art\u00edstica, Ana.<\/p>\n<p><img decoding=\"async\" data-attachment-id=\"24258\" data-permalink=\"https:\/\/www.alqueria.es\/blogs\/alqueriaprimerciclo\/2020\/09\/12\/bienvenidos-a-2\/p00911-094639\/\" data-orig-file=\"https:\/\/cloud.alqueria.es\/wp-content\/uploads\/sites\/6\/2020\/09\/P00911-094639.jpg\" data-orig-size=\"1024,768\" data-comments-opened=\"1\" data-image-meta=\"{&quot;aperture&quot;:&quot;0&quot;,&quot;credit&quot;:&quot;&quot;,&quot;camera&quot;:&quot;&quot;,&quot;caption&quot;:&quot;&quot;,&quot;created_timestamp&quot;:&quot;0&quot;,&quot;copyright&quot;:&quot;&quot;,&quot;focal_length&quot;:&quot;0&quot;,&quot;iso&quot;:&quot;0&quot;,&quot;shutter_speed&quot;:&quot;0&quot;,&quot;title&quot;:&quot;&quot;,&quot;orientation&quot;:&quot;0&quot;}\" data-image-title=\"P00911-094639\" data-image-description=\"\" data-image-caption=\"\" data-large-file=\"https:\/\/cloud.alqueria.es\/wp-content\/uploads\/sites\/6\/2020\/09\/P00911-094639.jpg\" class=\"alignnone size-full wp-image-24258\" src=\"https:\/\/cloud.alqueria.es\/wp-content\/uploads\/sites\/6\/2020\/09\/P00911-094639.jpg\" alt=\"\" width=\"1024\" height=\"768\" srcset=\"https:\/\/cloud.alqueria.es\/wp-content\/uploads\/sites\/6\/2020\/09\/P00911-094639.jpg 1024w, https:\/\/cloud.alqueria.es\/wp-content\/uploads\/sites\/6\/2020\/09\/P00911-094639-300x225.jpg 300w, https:\/\/cloud.alqueria.es\/wp-content\/uploads\/sites\/6\/2020\/09\/P00911-094639-768x576.jpg 768w\" sizes=\"(max-width: 1024px) 100vw, 1024px\" \/><img decoding=\"async\" data-attachment-id=\"24255\" data-permalink=\"https:\/\/www.alqueria.es\/blogs\/alqueriaprimerciclo\/2020\/09\/12\/bienvenidos-a-2\/p00911-094702\/\" data-orig-file=\"https:\/\/cloud.alqueria.es\/wp-content\/uploads\/sites\/6\/2020\/09\/P00911-094702.jpg\" data-orig-size=\"1024,768\" data-comments-opened=\"1\" data-image-meta=\"{&quot;aperture&quot;:&quot;0&quot;,&quot;credit&quot;:&quot;&quot;,&quot;camera&quot;:&quot;&quot;,&quot;caption&quot;:&quot;&quot;,&quot;created_timestamp&quot;:&quot;0&quot;,&quot;copyright&quot;:&quot;&quot;,&quot;focal_length&quot;:&quot;0&quot;,&quot;iso&quot;:&quot;0&quot;,&quot;shutter_speed&quot;:&quot;0&quot;,&quot;title&quot;:&quot;&quot;,&quot;orientation&quot;:&quot;0&quot;}\" data-image-title=\"P00911-094702\" data-image-description=\"\" data-image-caption=\"\" data-large-file=\"https:\/\/cloud.alqueria.es\/wp-content\/uploads\/sites\/6\/2020\/09\/P00911-094702.jpg\" class=\"alignnone size-full wp-image-24255\" src=\"https:\/\/cloud.alqueria.es\/wp-content\/uploads\/sites\/6\/2020\/09\/P00911-094702.jpg\" alt=\"\" width=\"1024\" height=\"768\" srcset=\"https:\/\/cloud.alqueria.es\/wp-content\/uploads\/sites\/6\/2020\/09\/P00911-094702.jpg 1024w, https:\/\/cloud.alqueria.es\/wp-content\/uploads\/sites\/6\/2020\/09\/P00911-094702-300x225.jpg 300w, https:\/\/cloud.alqueria.es\/wp-content\/uploads\/sites\/6\/2020\/09\/P00911-094702-768x576.jpg 768w\" sizes=\"(max-width: 1024px) 100vw, 1024px\" \/><img decoding=\"async\" data-attachment-id=\"24256\" data-permalink=\"https:\/\/www.alqueria.es\/blogs\/alqueriaprimerciclo\/2020\/09\/12\/bienvenidos-a-2\/p00911-0946131\/\" data-orig-file=\"https:\/\/cloud.alqueria.es\/wp-content\/uploads\/sites\/6\/2020\/09\/P00911-0946131.jpg\" data-orig-size=\"947,1024\" data-comments-opened=\"1\" data-image-meta=\"{&quot;aperture&quot;:&quot;0&quot;,&quot;credit&quot;:&quot;&quot;,&quot;camera&quot;:&quot;&quot;,&quot;caption&quot;:&quot;&quot;,&quot;created_timestamp&quot;:&quot;0&quot;,&quot;copyright&quot;:&quot;&quot;,&quot;focal_length&quot;:&quot;0&quot;,&quot;iso&quot;:&quot;0&quot;,&quot;shutter_speed&quot;:&quot;0&quot;,&quot;title&quot;:&quot;&quot;,&quot;orientation&quot;:&quot;0&quot;}\" data-image-title=\"P00911-094613(1)\" data-image-description=\"\" data-image-caption=\"\" data-large-file=\"https:\/\/cloud.alqueria.es\/wp-content\/uploads\/sites\/6\/2020\/09\/P00911-0946131.jpg\" class=\"alignnone size-full wp-image-24256\" src=\"https:\/\/cloud.alqueria.es\/wp-content\/uploads\/sites\/6\/2020\/09\/P00911-0946131.jpg\" alt=\"\" width=\"947\" height=\"1024\" srcset=\"https:\/\/cloud.alqueria.es\/wp-content\/uploads\/sites\/6\/2020\/09\/P00911-0946131.jpg 947w, https:\/\/cloud.alqueria.es\/wp-content\/uploads\/sites\/6\/2020\/09\/P00911-0946131-277x300.jpg 277w, https:\/\/cloud.alqueria.es\/wp-content\/uploads\/sites\/6\/2020\/09\/P00911-0946131-768x830.jpg 768w\" sizes=\"(max-width: 947px) 100vw, 947px\" \/><img decoding=\"async\" data-attachment-id=\"24257\" data-permalink=\"https:\/\/www.alqueria.es\/blogs\/alqueriaprimerciclo\/2020\/09\/12\/bienvenidos-a-2\/p00911-0946281\/\" data-orig-file=\"https:\/\/cloud.alqueria.es\/wp-content\/uploads\/sites\/6\/2020\/09\/P00911-0946281.jpg\" data-orig-size=\"1024,653\" data-comments-opened=\"1\" data-image-meta=\"{&quot;aperture&quot;:&quot;0&quot;,&quot;credit&quot;:&quot;&quot;,&quot;camera&quot;:&quot;&quot;,&quot;caption&quot;:&quot;&quot;,&quot;created_timestamp&quot;:&quot;0&quot;,&quot;copyright&quot;:&quot;&quot;,&quot;focal_length&quot;:&quot;0&quot;,&quot;iso&quot;:&quot;0&quot;,&quot;shutter_speed&quot;:&quot;0&quot;,&quot;title&quot;:&quot;&quot;,&quot;orientation&quot;:&quot;0&quot;}\" data-image-title=\"P00911-094628(1)\" data-image-description=\"\" data-image-caption=\"\" data-large-file=\"https:\/\/cloud.alqueria.es\/wp-content\/uploads\/sites\/6\/2020\/09\/P00911-0946281.jpg\" class=\"alignnone size-full wp-image-24257\" src=\"https:\/\/cloud.alqueria.es\/wp-content\/uploads\/sites\/6\/2020\/09\/P00911-0946281.jpg\" alt=\"\" width=\"1024\" height=\"653\" srcset=\"https:\/\/cloud.alqueria.es\/wp-content\/uploads\/sites\/6\/2020\/09\/P00911-0946281.jpg 1024w, https:\/\/cloud.alqueria.es\/wp-content\/uploads\/sites\/6\/2020\/09\/P00911-0946281-300x191.jpg 300w, https:\/\/cloud.alqueria.es\/wp-content\/uploads\/sites\/6\/2020\/09\/P00911-0946281-768x490.jpg 768w\" sizes=\"(max-width: 1024px) 100vw, 1024px\" \/><\/p>\n<p>Se\u00f1alizamos las perchas con nuestro nombre.<\/p>\n<p><img decoding=\"async\" data-attachment-id=\"24260\" data-permalink=\"https:\/\/www.alqueria.es\/blogs\/alqueriaprimerciclo\/2020\/09\/12\/bienvenidos-a-2\/p00911-092048\/\" data-orig-file=\"https:\/\/cloud.alqueria.es\/wp-content\/uploads\/sites\/6\/2020\/09\/P00911-092048.jpg\" data-orig-size=\"768,1024\" data-comments-opened=\"1\" data-image-meta=\"{&quot;aperture&quot;:&quot;0&quot;,&quot;credit&quot;:&quot;&quot;,&quot;camera&quot;:&quot;&quot;,&quot;caption&quot;:&quot;&quot;,&quot;created_timestamp&quot;:&quot;0&quot;,&quot;copyright&quot;:&quot;&quot;,&quot;focal_length&quot;:&quot;0&quot;,&quot;iso&quot;:&quot;0&quot;,&quot;shutter_speed&quot;:&quot;0&quot;,&quot;title&quot;:&quot;&quot;,&quot;orientation&quot;:&quot;0&quot;}\" data-image-title=\"P00911-092048\" data-image-description=\"\" data-image-caption=\"\" data-large-file=\"https:\/\/cloud.alqueria.es\/wp-content\/uploads\/sites\/6\/2020\/09\/P00911-092048.jpg\" class=\"alignnone size-full wp-image-24260\" src=\"https:\/\/cloud.alqueria.es\/wp-content\/uploads\/sites\/6\/2020\/09\/P00911-092048.jpg\" alt=\"\" width=\"768\" height=\"1024\" srcset=\"https:\/\/cloud.alqueria.es\/wp-content\/uploads\/sites\/6\/2020\/09\/P00911-092048.jpg 768w, https:\/\/cloud.alqueria.es\/wp-content\/uploads\/sites\/6\/2020\/09\/P00911-092048-225x300.jpg 225w\" sizes=\"(max-width: 768px) 100vw, 768px\" \/><\/p>\n<p>La lectura ser\u00e1 una gran protagonista este curso. Comenzamos una historia que les mantiene espectantes\u00a0 desde el principio pues la protagonista es una de las tortugas de nuestro estanque, Tuga . El libro ha aparecido entre los que tenemos en la biblioteca de la clase:\u00a0 La selva de los n\u00fameros . Ser\u00e1 muy interesante escuchar como esta tortuga tan sabia, intenta ense\u00f1ar\u00a0 a animales de la selva , la importancia\u00a0 de utilizar los n\u00fameros.<\/p>\n<p><img decoding=\"async\" data-attachment-id=\"24269\" data-permalink=\"https:\/\/www.alqueria.es\/blogs\/alqueriaprimerciclo\/2020\/09\/26\/mi-grupo-de-segundo\/p00911-092601\/\" data-orig-file=\"https:\/\/cloud.alqueria.es\/wp-content\/uploads\/sites\/6\/2020\/09\/P00911-092601.jpg\" data-orig-size=\"1024,768\" data-comments-opened=\"1\" data-image-meta=\"{&quot;aperture&quot;:&quot;0&quot;,&quot;credit&quot;:&quot;&quot;,&quot;camera&quot;:&quot;&quot;,&quot;caption&quot;:&quot;&quot;,&quot;created_timestamp&quot;:&quot;0&quot;,&quot;copyright&quot;:&quot;&quot;,&quot;focal_length&quot;:&quot;0&quot;,&quot;iso&quot;:&quot;0&quot;,&quot;shutter_speed&quot;:&quot;0&quot;,&quot;title&quot;:&quot;&quot;,&quot;orientation&quot;:&quot;0&quot;}\" data-image-title=\"P00911-092601\" data-image-description=\"\" data-image-caption=\"\" data-large-file=\"https:\/\/cloud.alqueria.es\/wp-content\/uploads\/sites\/6\/2020\/09\/P00911-092601.jpg\" class=\"alignnone size-full wp-image-24269\" src=\"https:\/\/cloud.alqueria.es\/wp-content\/uploads\/sites\/6\/2020\/09\/P00911-092601.jpg\" alt=\"\" width=\"1024\" height=\"768\" srcset=\"https:\/\/cloud.alqueria.es\/wp-content\/uploads\/sites\/6\/2020\/09\/P00911-092601.jpg 1024w, https:\/\/cloud.alqueria.es\/wp-content\/uploads\/sites\/6\/2020\/09\/P00911-092601-300x225.jpg 300w, https:\/\/cloud.alqueria.es\/wp-content\/uploads\/sites\/6\/2020\/09\/P00911-092601-768x576.jpg 768w\" sizes=\"(max-width: 1024px) 100vw, 1024px\" \/><\/p>\n<p>Alberto nos lleva a la pista y nos explica las normas y uso de materiales para trabajar la educaci\u00f3n f\u00edsica.<\/p>\n<p>D\u00e9bora y Lindley nos introducen en el \u00e1rea de idiomas y la pr\u00f3xima semana comenzar\u00e1n tambi\u00e9n las de m\u00fasica con Elena.\u00a0 Ana nos atendiende en el comedor.<\/p>\n<p>&nbsp;<\/p>\n<p>La pr\u00f3xima semana ya estaremos todos juntos , preparados para un gran curso escolar muy muy especial.<\/p>\n<h6><strong><span style=\"color: #ff00ff\">La familia Alquer\u00eda<\/span><\/strong><\/h6>\n<p>La comunidad del colegio empieza en vosotros, junto\u00a0 con el equipo Alquer\u00eda, formamos\u00a0 una gran familia. Vuestra colaboraci\u00f3n y participaci\u00f3n se hace necesaria m\u00e1s que nunca en este momento tan especial, gracias por vuestra colaboraci\u00f3n en el cumplimiento del protocolo que os pedimos.<\/p>\n<p>No podemos vernos todos los d\u00edas, pero si podemos comunicarnos, utilizaremos los medios que hemos puesto a vuestra disposici\u00f3n para estar en contacto y mantener informaci\u00f3n sobre el proceso educativo de vuestros hijos, nuestros ni\u00f1os y ni\u00f1as.<\/p>\n<p>La \u00faltima semana de septiembre nos encontraremos por zoom para la reuni\u00f3n de presentaci\u00f3n del programa de segundo.<\/p>\n<h6>Un abrazo<\/h6>\n<p>Tutora : Dar\u00eda<\/p>\n","protected":false},"excerpt":{"rendered":"<p>Bienvenidos a Segundo Es muy emocionante volver al cole despu\u00e9s de tanto tiempo. El silencio se ha llenado de risas y alboroto por la ilusi\u00f3n de encontrarnos. Qu\u00e9 alegr\u00eda volver a escuchar cada uno de los rincones con el sonido de sus voces. Ver sus caras emocionadas por el reencuentro, los nervios de los primeros &hellip; <a href=\"https:\/\/www.alqueria.es\/blogs\/alqueriaprimerciclo\/2020\/09\/12\/bienvenidos-a-2\/\" class=\"more-link\">Seguir leyendo <span class=\"screen-reader-text\">Bienvenidos a 2\u00b0<\/span> <span class=\"meta-nav\">&rarr;<\/span><\/a><\/p>\n","protected":false},"author":12,"featured_media":0,"comment_status":"open","ping_status":"open","sticky":false,"template":"","format":"standard","meta":{"jetpack_post_was_ever_published":false,"_jetpack_newsletter_access":"","_jetpack_dont_email_post_to_subs":false,"_jetpack_newsletter_tier_id":0,"_jetpack_memberships_contains_paywalled_content":false,"_jetpack_memberships_contains_paid_content":false,"footnotes":"","jetpack_publicize_message":"","jetpack_publicize_feature_enabled":true,"jetpack_social_post_already_shared":true,"jetpack_social_options":{"image_generator_settings":{"template":"highway","default_image_id":0,"font":"","enabled":false},"version":2}},"categories":[3,9],"tags":[],"class_list":["post-24215","post","type-post","status-publish","format-standard","hentry","category-2o-epo","category-diario-de-clase-2o"],"jetpack_publicize_connections":[],"jetpack_featured_media_url":"","jetpack_sharing_enabled":true,"jetpack_shortlink":"https:\/\/wp.me\/p4lvS0-6iz","_links":{"self":[{"href":"https:\/\/www.alqueria.es\/blogs\/alqueriaprimerciclo\/wp-json\/wp\/v2\/posts\/24215","targetHints":{"allow":["GET"]}}],"collection":[{"href":"https:\/\/www.alqueria.es\/blogs\/alqueriaprimerciclo\/wp-json\/wp\/v2\/posts"}],"about":[{"href":"https:\/\/www.alqueria.es\/blogs\/alqueriaprimerciclo\/wp-json\/wp\/v2\/types\/post"}],"author":[{"embeddable":true,"href":"https:\/\/www.alqueria.es\/blogs\/alqueriaprimerciclo\/wp-json\/wp\/v2\/users\/12"}],"replies":[{"embeddable":true,"href":"https:\/\/www.alqueria.es\/blogs\/alqueriaprimerciclo\/wp-json\/wp\/v2\/comments?post=24215"}],"version-history":[{"count":5,"href":"https:\/\/www.alqueria.es\/blogs\/alqueriaprimerciclo\/wp-json\/wp\/v2\/posts\/24215\/revisions"}],"predecessor-version":[{"id":24318,"href":"https:\/\/www.alqueria.es\/blogs\/alqueriaprimerciclo\/wp-json\/wp\/v2\/posts\/24215\/revisions\/24318"}],"wp:attachment":[{"href":"https:\/\/www.alqueria.es\/blogs\/alqueriaprimerciclo\/wp-json\/wp\/v2\/media?parent=24215"}],"wp:term":[{"taxonomy":"category","embeddable":true,"href":"https:\/\/www.alqueria.es\/blogs\/alqueriaprimerciclo\/wp-json\/wp\/v2\/categories?post=24215"},{"taxonomy":"post_tag","embeddable":true,"href":"https:\/\/www.alqueria.es\/blogs\/alqueriaprimerciclo\/wp-json\/wp\/v2\/tags?post=24215"}],"curies":[{"name":"wp","href":"https:\/\/api.w.org\/{rel}","templated":true}]}}