{"id":24273,"date":"2020-09-18T20:42:42","date_gmt":"2020-09-18T18:42:42","guid":{"rendered":"http:\/\/www.alqueria.es\/blogs\/alqueriaprimerciclo\/?p=24273"},"modified":"2020-09-18T20:42:42","modified_gmt":"2020-09-18T18:42:42","slug":"que-hacemos-en-primero","status":"publish","type":"post","link":"https:\/\/www.alqueria.es\/blogs\/alqueriaprimerciclo\/2020\/09\/18\/que-hacemos-en-primero\/","title":{"rendered":"\u00bfQu\u00e9 hacemos en primero?"},"content":{"rendered":"<h5>\u00bfQu\u00e9 hacemos en primero?<\/h5>\n<p>Podemos contestar de muchas formas esta\u00a0 pregunta, aparentemente sencilla.<\/p>\n<p>Pod\u00edamos\u00a0 responderla explicando la rutina diaria.<br \/>\nSi lo hici\u00e9ramos as\u00ed, con un horario pormenorizado de las \u00e1reas, ser\u00eda una respuesta correcta, informativa y satisfactoria, en principio, para una parte de la gente interesada en este tema.<\/p>\n<p>Pero es que en primero hacemos algo m\u00e1s que pasar de un \u00e1rea a otra, conociendo al equipo de docentes, que nos\u00a0 ayuda y nos organiza\u00a0 actividades, que recoge pistas de c\u00f3mo nos desenvolvemos a trav\u00e9s del proceso de aprendizaje, incluido el estricto protocolo de prevenci\u00f3n contra el Covid 19 y de protecci\u00f3n de nuestra salud en general.<\/p>\n<p><strong>La experiencia de primero\u00a0 incluye:<\/strong><\/p>\n<ul>\n<li><img decoding=\"async\" class=\"alignleft\" src=\"https:\/\/educrea.cl\/wp-content\/uploads\/2016\/11\/fomentar-autonomia1200x630.png\" alt=\"C\u00f3mo fomentar la autonom\u00eda en los ni\u00f1os - Educrea\" width=\"196\" height=\"103\" \/><strong>Reconocernos como personas capaces<\/strong> de afrontar situaciones no vividas anteriormente, con completa autonom\u00eda, una vez que atravesamos el port\u00f3n, por el que entramos cada ma\u00f1ana en la escuela.<\/li>\n<li><strong>Descubrir<\/strong> que no todo lo que hemos o\u00eddo sobre el curso de primero\u00a0 se ajusta a <strong>la realidad que estamos viviendo<\/strong>. Para sorpresa nuestra <strong>es mucho mejor<\/strong> de lo imaginado.<\/li>\n<li><strong>Comprobar que estamos capacitados<\/strong> para comprender las normas que nos facilitan la convivencia, pero que tenemos que entrenarnos para poder cumplirlas correctamente. Es decir, que nos entienden cuando nos equivocamos.<\/li>\n<li><img decoding=\"async\" class=\"alignleft\" src=\"https:\/\/comps.canstockphoto.es\/ni%C3%B1os-diversidad-figura-palo-%C3%A9tnico-ilustraci%C3%B3n_csp15583725.jpg\" alt=\"Los chicos de la diversidad \u00e9tnica. Divertidos dibujos animados, ni\u00f1os y ni\u00f1as, diversidad \u00e9tnica.\" width=\"296\" height=\"131\" \/><strong>Observar las diferencias<\/strong> entre las personas que formamos el grupo y apreciar que estas diferencias nos devuelven una imagen de nosotros mismos que no conoc\u00edamos.<\/li>\n<li><strong>Aprender a sincronizar y unificar la energ\u00eda<\/strong> que aportamos cada uno para fortalecer el ambiente de convivencia.<img decoding=\"async\" class=\"aligncenter\" src=\"https:\/\/us.123rf.com\/450wm\/dip\/dip1505\/dip150500128\/39980720-crian%C3%A7as-felizes-brincando.jpg?ver=6\" alt=\"Ni\u00f1os Jugando Caricatura Im\u00e1genes Y Fotos - 123RF\" width=\"252\" height=\"126\" \/><\/li>\n<li><strong>Aportar los conocimientos<\/strong> que hemos ido adquiriendo en nuestra corta, pero interesante, experiencia de vida.<\/li>\n<\/ul>\n<p><img decoding=\"async\" class=\"aligncenter\" src=\"https:\/\/nesefgs.files.wordpress.com\/2011\/05\/8906476-ilustracion-de-un-grupo-de-ninos-hablando.jpg\" alt=\"Estrategias did\u00e1cticas con prop\u00f3sitos comunicativos: Competencia ling\u00fc\u00edstica\" \/><\/p>\n<ul>\n<li><strong>Captar los conocimientos de otras\u00a0 personas<\/strong> que nos rodean, especialmente entre nuestros iguales.<\/li>\n<li><strong>Modelar nuestros impulsos<\/strong>, que no iniciativas, aprendiendo a diferenciar unos de otras.<img decoding=\"async\" src=\"https:\/\/www.brickfieldidiomas.com\/wp-content\/uploads\/2019\/03\/brickfield-ni%C3%B1os.jpg\" alt=\"Beneficios de aprender idiomas para el cerebro de los ni\u00f1os \u2022 Brickfield, tu centro de idiomas en Vila-real\" \/><\/li>\n<li>Proseguir las<strong> superaci\u00f3n de nuestras auto- limitaciones.<\/strong><\/li>\n<\/ul>\n<p><img decoding=\"async\" class=\"aligncenter\" src=\"https:\/\/www.psicoedu.org\/wp-content\/uploads\/2018\/04\/questions-1922476_640-300x300.jpg\" alt=\"INSEGURIDAD EMOCIONAL | Asociaci\u00f3n Mexicana de Psicoterapia y Educaci\u00f3n\" \/><\/p>\n<p>&nbsp;<\/p>\n<p>Y podr\u00edamos continuar enumerando un sin fin de experiencias m\u00e1s, que habitualmente no vienen recogidas en el listado de actividades escolares, que no est\u00e1n en los libros de texto, sino en el ambiente que entre todos creamos al poder estar juntos, conviviendo en persona.<\/p>\n<p>Estar en primero es continuar el camino que iniciamos en infantil, que se qued\u00f3 interrumpido, por causas que intentamos asumir, sin realmente poder entender, y que ahora valoramos mejor al recuperarlo.<\/p>\n<h5>Actitud frente al aprendizaje<\/h5>\n<p>Nuestro d\u00eda d\u00eda se fundamenta en redescubrir con otra mirada, aquello que ya nos era familiar y cotidiano en la etapa anterior.<\/p>\n<p>Vamos al huerto en nuestra hora de Ciencias con mentalidad de detectives, que es una palabra que nos encanta por su significado y da relevancia a nuestra misi\u00f3n. Ahora , que est\u00e1 por reorganizarse los cultivos, con la tierra labrada, podemos hurgar en sus entra\u00f1as y empezar a ver una vida que antes era inexistente para nosotros.<\/p>\n<p><img decoding=\"async\" class=\"aligncenter\" src=\"https:\/\/detectivesdelanaturaleza.cl\/images\/balti%20lagartija.jpg?crc=4144675077\" alt=\"INICIO\" width=\"432\" height=\"432\" \/><\/p>\n<p>Del mismo modo observamos a las gallinas y los conejos en la granja. Son seres vivos con un comportamiento determinado que tenemos que estudiar, para comprender sus necesidades.<\/p>\n<p>El estanque del jard\u00edn es un misterio. La vida est\u00e1 en su fondo y la vamos percibiendo seg\u00fan sea la luz, si echamos comida para los peces , si removemos el agua.<\/p>\n<p><img decoding=\"async\" data-attachment-id=\"24296\" data-permalink=\"https:\/\/www.alqueria.es\/blogs\/alqueriaprimerciclo\/2020\/09\/18\/que-hacemos-en-primero\/dsc03572\/\" data-orig-file=\"https:\/\/cloud.alqueria.es\/wp-content\/uploads\/sites\/6\/2020\/09\/DSC03572.jpg\" data-orig-size=\"640,480\" data-comments-opened=\"1\" data-image-meta=\"{&quot;aperture&quot;:&quot;2.8&quot;,&quot;credit&quot;:&quot;&quot;,&quot;camera&quot;:&quot;DSC-W510&quot;,&quot;caption&quot;:&quot;&quot;,&quot;created_timestamp&quot;:&quot;1600301255&quot;,&quot;copyright&quot;:&quot;Copyright 2009&quot;,&quot;focal_length&quot;:&quot;4.7&quot;,&quot;iso&quot;:&quot;80&quot;,&quot;shutter_speed&quot;:&quot;0.0025&quot;,&quot;title&quot;:&quot;&quot;,&quot;orientation&quot;:&quot;1&quot;}\" data-image-title=\"DSC03572\" data-image-description=\"\" data-image-caption=\"\" data-large-file=\"https:\/\/cloud.alqueria.es\/wp-content\/uploads\/sites\/6\/2020\/09\/DSC03572.jpg\" class=\"alignnone size-full wp-image-24296\" src=\"https:\/\/cloud.alqueria.es\/wp-content\/uploads\/sites\/6\/2020\/09\/DSC03572.jpg\" alt=\"\" width=\"640\" height=\"480\" srcset=\"https:\/\/cloud.alqueria.es\/wp-content\/uploads\/sites\/6\/2020\/09\/DSC03572.jpg 640w, https:\/\/cloud.alqueria.es\/wp-content\/uploads\/sites\/6\/2020\/09\/DSC03572-300x225.jpg 300w\" sizes=\"(max-width: 640px) 100vw, 640px\" \/><\/p>\n<p>&nbsp;<\/p>\n<p>El cielo es otro campo de observaci\u00f3n en el que queremos poner un punto de atenci\u00f3n, que rara vez contemplamos .<\/p>\n<p>En cada tema de inter\u00e9s, que vayamos a abordar, vamos a familiarizarnos con una actitud diferente,\u00a0 para empezar comprender.<\/p>\n<p>Trabajamos la atenci\u00f3n constantemente y la escucha consciente, una de las asignaturas realmente complejas a nuestra edad.<\/p>\n<h5>Nuestro nuevo compa\u00f1ero<\/h5>\n<p>Esta semana hemos dado la bienvenida a Jaime.<\/p>\n<p><img decoding=\"async\" data-attachment-id=\"24297\" data-permalink=\"https:\/\/www.alqueria.es\/blogs\/alqueriaprimerciclo\/2020\/09\/18\/que-hacemos-en-primero\/dsc03573\/\" data-orig-file=\"https:\/\/cloud.alqueria.es\/wp-content\/uploads\/sites\/6\/2020\/09\/DSC03573.jpg\" data-orig-size=\"480,640\" data-comments-opened=\"1\" data-image-meta=\"{&quot;aperture&quot;:&quot;2.8&quot;,&quot;credit&quot;:&quot;&quot;,&quot;camera&quot;:&quot;DSC-W510&quot;,&quot;caption&quot;:&quot;&quot;,&quot;created_timestamp&quot;:&quot;1600301408&quot;,&quot;copyright&quot;:&quot;Copyright 2009&quot;,&quot;focal_length&quot;:&quot;4.7&quot;,&quot;iso&quot;:&quot;80&quot;,&quot;shutter_speed&quot;:&quot;0.003125&quot;,&quot;title&quot;:&quot;&quot;,&quot;orientation&quot;:&quot;1&quot;}\" data-image-title=\"DSC03573\" data-image-description=\"\" data-image-caption=\"\" data-large-file=\"https:\/\/cloud.alqueria.es\/wp-content\/uploads\/sites\/6\/2020\/09\/DSC03573.jpg\" class=\"alignnone size-full wp-image-24297\" src=\"https:\/\/cloud.alqueria.es\/wp-content\/uploads\/sites\/6\/2020\/09\/DSC03573.jpg\" alt=\"\" width=\"480\" height=\"640\" srcset=\"https:\/\/cloud.alqueria.es\/wp-content\/uploads\/sites\/6\/2020\/09\/DSC03573.jpg 480w, https:\/\/cloud.alqueria.es\/wp-content\/uploads\/sites\/6\/2020\/09\/DSC03573-225x300.jpg 225w\" sizes=\"(max-width: 480px) 100vw, 480px\" \/><\/p>\n<p>Nos ha dado mucha alegr\u00eda su llegada. Le estamos acompa\u00f1ando en un reconocimiento de los espacios exteriores y le ayudamos a entender las rutinas que tenemos establecidas en el aula, que no son pocas. Se le ve muy contento y con ganas de hacerse conocer.<\/p>\n<h5>CONVOCATORIA<\/h5>\n<p>De todo esto y muchas cosas m\u00e1s vamos a tratar en la Reuni\u00f3n de Familias que celebraremos a trav\u00e9s de ZOOM el lunes d\u00eda 21 de septiembre de 18h-19,30h<\/p>\n<p><img decoding=\"async\" data-attachment-id=\"24298\" data-permalink=\"https:\/\/www.alqueria.es\/blogs\/alqueriaprimerciclo\/2020\/09\/18\/que-hacemos-en-primero\/familias-pepa\/\" data-orig-file=\"https:\/\/cloud.alqueria.es\/wp-content\/uploads\/sites\/6\/2020\/09\/FAMILIAS-PEPA.jpg\" data-orig-size=\"484,595\" data-comments-opened=\"1\" data-image-meta=\"{&quot;aperture&quot;:&quot;0&quot;,&quot;credit&quot;:&quot;&quot;,&quot;camera&quot;:&quot;&quot;,&quot;caption&quot;:&quot;&quot;,&quot;created_timestamp&quot;:&quot;0&quot;,&quot;copyright&quot;:&quot;&quot;,&quot;focal_length&quot;:&quot;0&quot;,&quot;iso&quot;:&quot;0&quot;,&quot;shutter_speed&quot;:&quot;0&quot;,&quot;title&quot;:&quot;&quot;,&quot;orientation&quot;:&quot;0&quot;}\" data-image-title=\"FAMILIAS PEPA\" data-image-description=\"\" data-image-caption=\"\" data-large-file=\"https:\/\/cloud.alqueria.es\/wp-content\/uploads\/sites\/6\/2020\/09\/FAMILIAS-PEPA.jpg\" class=\"alignnone size-full wp-image-24298\" src=\"https:\/\/cloud.alqueria.es\/wp-content\/uploads\/sites\/6\/2020\/09\/FAMILIAS-PEPA.jpg\" alt=\"\" width=\"484\" height=\"595\" srcset=\"https:\/\/cloud.alqueria.es\/wp-content\/uploads\/sites\/6\/2020\/09\/FAMILIAS-PEPA.jpg 484w, https:\/\/cloud.alqueria.es\/wp-content\/uploads\/sites\/6\/2020\/09\/FAMILIAS-PEPA-244x300.jpg 244w\" sizes=\"(max-width: 484px) 100vw, 484px\" \/><\/p>\n<p>Espero que vuestra asistencia virtual, lamentando no poder celebrarla con un caf\u00e9 alrededor de una mesa, como ha sido siempre nuestra costumbre.<\/p>\n<p>Pero me dar\u00e9 por satisfecha al reconocer vuestros rostros, ya que diariamente me lo impide\u00a0 el uso de las mascarillas.<\/p>\n<p>Os deseo un estupendo descanso, repasando las an\u00e9cdotas de la semana en clase, si es que vuestros v\u00e1stagos tiene a bien recordarlas.<\/p>\n<p>&nbsp;<\/p>\n","protected":false},"excerpt":{"rendered":"<p>\u00bfQu\u00e9 hacemos en primero? Podemos contestar de muchas formas esta\u00a0 pregunta, aparentemente sencilla. Pod\u00edamos\u00a0 responderla explicando la rutina diaria. Si lo hici\u00e9ramos as\u00ed, con un horario pormenorizado de las \u00e1reas, ser\u00eda una respuesta correcta, informativa y satisfactoria, en principio, para una parte de la gente interesada en este tema. Pero es que en primero hacemos &hellip; <a href=\"https:\/\/www.alqueria.es\/blogs\/alqueriaprimerciclo\/2020\/09\/18\/que-hacemos-en-primero\/\" class=\"more-link\">Seguir leyendo <span class=\"screen-reader-text\">\u00bfQu\u00e9 hacemos en primero?<\/span> <span class=\"meta-nav\">&rarr;<\/span><\/a><\/p>\n","protected":false},"author":12,"featured_media":0,"comment_status":"open","ping_status":"open","sticky":false,"template":"","format":"standard","meta":{"jetpack_post_was_ever_published":false,"_jetpack_newsletter_access":"","_jetpack_dont_email_post_to_subs":false,"_jetpack_newsletter_tier_id":0,"_jetpack_memberships_contains_paywalled_content":false,"_jetpack_memberships_contains_paid_content":false,"footnotes":"","jetpack_publicize_message":"","jetpack_publicize_feature_enabled":true,"jetpack_social_post_already_shared":true,"jetpack_social_options":{"image_generator_settings":{"template":"highway","default_image_id":0,"font":"","enabled":false},"version":2}},"categories":[2,8],"tags":[30,32,60],"class_list":["post-24273","post","type-post","status-publish","format-standard","hentry","category-1o-epo","category-diario-de-clase-1o","tag-2a-semana","tag-alqueria","tag-primaria"],"jetpack_publicize_connections":[],"jetpack_featured_media_url":"","jetpack_sharing_enabled":true,"jetpack_shortlink":"https:\/\/wp.me\/p4lvS0-6jv","_links":{"self":[{"href":"https:\/\/www.alqueria.es\/blogs\/alqueriaprimerciclo\/wp-json\/wp\/v2\/posts\/24273","targetHints":{"allow":["GET"]}}],"collection":[{"href":"https:\/\/www.alqueria.es\/blogs\/alqueriaprimerciclo\/wp-json\/wp\/v2\/posts"}],"about":[{"href":"https:\/\/www.alqueria.es\/blogs\/alqueriaprimerciclo\/wp-json\/wp\/v2\/types\/post"}],"author":[{"embeddable":true,"href":"https:\/\/www.alqueria.es\/blogs\/alqueriaprimerciclo\/wp-json\/wp\/v2\/users\/12"}],"replies":[{"embeddable":true,"href":"https:\/\/www.alqueria.es\/blogs\/alqueriaprimerciclo\/wp-json\/wp\/v2\/comments?post=24273"}],"version-history":[{"count":12,"href":"https:\/\/www.alqueria.es\/blogs\/alqueriaprimerciclo\/wp-json\/wp\/v2\/posts\/24273\/revisions"}],"predecessor-version":[{"id":24299,"href":"https:\/\/www.alqueria.es\/blogs\/alqueriaprimerciclo\/wp-json\/wp\/v2\/posts\/24273\/revisions\/24299"}],"wp:attachment":[{"href":"https:\/\/www.alqueria.es\/blogs\/alqueriaprimerciclo\/wp-json\/wp\/v2\/media?parent=24273"}],"wp:term":[{"taxonomy":"category","embeddable":true,"href":"https:\/\/www.alqueria.es\/blogs\/alqueriaprimerciclo\/wp-json\/wp\/v2\/categories?post=24273"},{"taxonomy":"post_tag","embeddable":true,"href":"https:\/\/www.alqueria.es\/blogs\/alqueriaprimerciclo\/wp-json\/wp\/v2\/tags?post=24273"}],"curies":[{"name":"wp","href":"https:\/\/api.w.org\/{rel}","templated":true}]}}