{"id":24472,"date":"2020-10-02T16:42:27","date_gmt":"2020-10-02T14:42:27","guid":{"rendered":"http:\/\/www.alqueria.es\/blogs\/alqueriaprimerciclo\/?p=24472"},"modified":"2020-10-02T16:42:27","modified_gmt":"2020-10-02T14:42:27","slug":"plan-anual-de-centro-self-care","status":"publish","type":"post","link":"https:\/\/www.alqueria.es\/blogs\/alqueriaprimerciclo\/2020\/10\/02\/plan-anual-de-centro-self-care\/","title":{"rendered":"Plan Anual de Centro: Self Care"},"content":{"rendered":"<h4><img decoding=\"async\" class=\"aligncenter\" src=\"https:\/\/sites.google.com\/site\/constructionsuplayergomez\/_\/rsrc\/1510770994458\/home\/bienvenido.png\" alt=\"Construction Supplier Gomez\" width=\"347\" height=\"116\" \/><\/h4>\n<h4>Bienvenido Silas<\/h4>\n<p>Estamos muy emocionados de tener un nuevo compa\u00f1ero. Le saludamos jugando al<em> \u00abPilla, pilla\u00bb<\/em> con \u00e9l.<\/p>\n<p>Le acompa\u00f1amos para que entienda nuestra\u00bbrutina de inicio\u00bb y le acomodamos en un sitio, d\u00e1ndole el material necesario.<\/p>\n<p>\u00c9l y su familia pasan a formar parte de nuestra tribu.<\/p>\n<h4>Self Care<\/h4>\n<p>El objetivo del Plan Anual de Centro de este curso es: Self Care<\/p>\n<p><img decoding=\"async\" class=\"aligncenter\" src=\"https:\/\/encrypted-tbn0.gstatic.com\/images?q=tbn%3AANd9GcSwyy9zFfXG3cQctwWrSMhS1-vpJyYjev6MGA&amp;usqp=CAU\" alt=\"Trauma Complejo, Autorregulaci\u00f3n, y Pr\u00e1cticas Basadas en la Atenci\u00f3n PlenaTrauma ComplejoTrauma ComplejoTrauma Complejo, Aut\" \/><\/p>\n<p>Vamos a poner\u00a0 nuestra atenci\u00f3n especialmente en los siguientes objetivos:<\/p>\n<ul>\n<li><strong>\u00a0<\/strong><strong>Asumir la responsabilidad del propio bienestar f\u00edsico<\/strong><\/li>\n<\/ul>\n<p>El auto conocimiento es la base del auto cuidado. Qu\u00e9 necesita nuestro cuerpo: una alimentaci\u00f3n saludable y ejercicio f\u00edsico&#8230;<\/p>\n<ul>\n<li><strong>Atender la salud mental<\/strong><\/li>\n<\/ul>\n<p><img decoding=\"async\" class=\"alignleft\" src=\"https:\/\/encrypted-tbn0.gstatic.com\/images?q=tbn%3AANd9GcTZC8J_uBcRSX_EhdAAoy_q04lYj2_hW2ok3w&amp;usqp=CAU\" alt=\"Pensamiento recurrente \u2013 Atracci\u00f3n Subliminal\" \/>La conciencia de lo que es real y de los pensamientos negativos. Cuando esto acuden , aprender a\u00a0 nombrarlos y , dirigir la atenci\u00f3n hacia otra actividad.<\/p>\n<ul>\n<li><strong>Gestionar el bienestar emocional<\/strong><\/li>\n<\/ul>\n<p>Las emociones afectan al cuerpo y a la mente.<img decoding=\"async\" class=\"alignright\" src=\"https:\/\/www.psicohuma.com\/blog\/wp-content\/uploads\/2017\/03\/mindfulness-la-revolucion.jpg\" alt=\"Mindfulness: la revoluci\u00f3n consciente. El arte de vivir en el presente. - Blog Psicohuma\" width=\"310\" height=\"160\" \/> No pueden evitarse, pero se pueden controlar mediante la respiraci\u00f3n.Y despu\u00e9s trabajar sobre ellas.<\/p>\n<ul>\n<li><strong>Concepto de identidad<\/strong><\/li>\n<\/ul>\n<p>Seguir descubriendo qui\u00e9nes somos, qu\u00e9 queremos y reconocer los valores que aprendemos.<\/p>\n<ul>\n<li><strong>Cuidarte en las relaciones<\/strong><\/li>\n<\/ul>\n<p>Aprender a decidir a qui\u00e9n dejamos entrar y de qui\u00e9n debemos\u00a0 retirarnos para\u00a0 favorecer nuestro bienestar. As\u00ed pues, ante el odio y la aversi\u00f3n, la mejor opci\u00f3n es la aceptaci\u00f3n y el desapego de esa persona o situaci\u00f3n.<\/p>\n<p><img decoding=\"async\" class=\"aligncenter\" src=\"https:\/\/image.freepik.com\/foto-gratis\/mano-nina-no-me-mires-emociones-ninos-relaciones-miedo-familia-extranos_73652-1455.jpg\" alt=\"Mano de una ni\u00f1a, no me mires, las emociones de los ni\u00f1os, las relaciones, el miedo, la familia, los extra\u00f1os | Foto Premium\" width=\"353\" height=\"235\" \/><\/p>\n<p>En resumen que debemos aprender a cuidarnos con autonom\u00eda.<\/p>\n<p>Para lo que, a lo largo de nuestra jornada escolar, llevamos a cabo una pr\u00e1ctica orientada por estos objetivos.<\/p>\n<p>La semana pasada habl\u00e1bamos de la importancia del desayuno.<\/p>\n<p><img decoding=\"async\" class=\"alignleft\" src=\"https:\/\/image.freepik.com\/vector-gratis\/salud-dental_24877-2293.jpg\" alt=\"Vector Premium | Salud dental\" width=\"227\" height=\"227\" \/>Esta semana le hemos dedicado un tiempo a la importancia de la higiene dental.<\/p>\n<p>El cepillado de los dientes antes de ir a dormir es el m\u00e1s importante.<\/p>\n<p>Cuidarnos la boca es garant\u00eda de salud.<\/p>\n<h4>La descomposici\u00f3n del 10<\/h4>\n<p>Entender que el n\u00famero diez tiene dentro otros n\u00fameros no es tarea f\u00e1cil. Por eso, iniciamos la descomposici\u00f3n de nuestro n\u00famero estrella.<\/p>\n<p>Esta pr\u00e1ctica la hacemos a la sombra de \u00e1rbol reuni\u00f3n.<\/p>\n<p class=\"jetpack-slideshow-noscript robots-nocontent\">El pase de diapositivas requiere JavaScript.<\/p><div id=\"gallery-24472-1-slideshow\" class=\"jetpack-slideshow-window jetpack-slideshow jetpack-slideshow-black\" data-trans=\"fade\" data-autostart=\"1\" data-gallery=\"[{&quot;src&quot;:&quot;https:\\\/\\\/cloud.alqueria.es\\\/wp-content\\\/uploads\\\/sites\\\/6\\\/2020\\\/09\\\/DSC03613.jpg&quot;,&quot;id&quot;:&quot;24414&quot;,&quot;title&quot;:&quot;DSC03613&quot;,&quot;alt&quot;:&quot;&quot;,&quot;caption&quot;:&quot;&quot;,&quot;itemprop&quot;:&quot;image&quot;},{&quot;src&quot;:&quot;https:\\\/\\\/cloud.alqueria.es\\\/wp-content\\\/uploads\\\/sites\\\/6\\\/2020\\\/09\\\/DSC03614.jpg&quot;,&quot;id&quot;:&quot;24415&quot;,&quot;title&quot;:&quot;DSC03614&quot;,&quot;alt&quot;:&quot;&quot;,&quot;caption&quot;:&quot;&quot;,&quot;itemprop&quot;:&quot;image&quot;},{&quot;src&quot;:&quot;https:\\\/\\\/cloud.alqueria.es\\\/wp-content\\\/uploads\\\/sites\\\/6\\\/2020\\\/09\\\/DSC03616.jpg&quot;,&quot;id&quot;:&quot;24416&quot;,&quot;title&quot;:&quot;DSC03616&quot;,&quot;alt&quot;:&quot;&quot;,&quot;caption&quot;:&quot;&quot;,&quot;itemprop&quot;:&quot;image&quot;},{&quot;src&quot;:&quot;https:\\\/\\\/cloud.alqueria.es\\\/wp-content\\\/uploads\\\/sites\\\/6\\\/2020\\\/09\\\/DSC03617.jpg&quot;,&quot;id&quot;:&quot;24417&quot;,&quot;title&quot;:&quot;DSC03617&quot;,&quot;alt&quot;:&quot;&quot;,&quot;caption&quot;:&quot;&quot;,&quot;itemprop&quot;:&quot;image&quot;},{&quot;src&quot;:&quot;https:\\\/\\\/cloud.alqueria.es\\\/wp-content\\\/uploads\\\/sites\\\/6\\\/2020\\\/09\\\/DSC03618.jpg&quot;,&quot;id&quot;:&quot;24418&quot;,&quot;title&quot;:&quot;DSC03618&quot;,&quot;alt&quot;:&quot;&quot;,&quot;caption&quot;:&quot;&quot;,&quot;itemprop&quot;:&quot;image&quot;},{&quot;src&quot;:&quot;https:\\\/\\\/cloud.alqueria.es\\\/wp-content\\\/uploads\\\/sites\\\/6\\\/2020\\\/09\\\/DSC03619.jpg&quot;,&quot;id&quot;:&quot;24419&quot;,&quot;title&quot;:&quot;DSC03619&quot;,&quot;alt&quot;:&quot;&quot;,&quot;caption&quot;:&quot;&quot;,&quot;itemprop&quot;:&quot;image&quot;},{&quot;src&quot;:&quot;https:\\\/\\\/cloud.alqueria.es\\\/wp-content\\\/uploads\\\/sites\\\/6\\\/2020\\\/09\\\/DSC03620.jpg&quot;,&quot;id&quot;:&quot;24420&quot;,&quot;title&quot;:&quot;DSC03620&quot;,&quot;alt&quot;:&quot;&quot;,&quot;caption&quot;:&quot;&quot;,&quot;itemprop&quot;:&quot;image&quot;},{&quot;src&quot;:&quot;https:\\\/\\\/cloud.alqueria.es\\\/wp-content\\\/uploads\\\/sites\\\/6\\\/2020\\\/09\\\/DSC03621.jpg&quot;,&quot;id&quot;:&quot;24421&quot;,&quot;title&quot;:&quot;DSC03621&quot;,&quot;alt&quot;:&quot;&quot;,&quot;caption&quot;:&quot;&quot;,&quot;itemprop&quot;:&quot;image&quot;}]\" itemscope itemtype=\"https:\/\/schema.org\/ImageGallery\"><\/div>\n<h1 style=\"text-align: center\"><em>\u00bfQu\u00e9 es contar?<\/em><\/h1>\n<p>Y despu\u00e9s, siguiendo el trabajo que hemos iniciado, de reconocer el n\u00famero c\u00f3mo una cantidad concreta de objetos, estamos revisando nuestra forma de contar y qu\u00e9 sabemos de la cadena num\u00e9rica.<\/p>\n<p><img decoding=\"async\" data-attachment-id=\"24440\" data-permalink=\"https:\/\/www.alqueria.es\/blogs\/alqueriaprimerciclo\/cadena-numerica\/\" data-orig-file=\"https:\/\/cloud.alqueria.es\/wp-content\/uploads\/sites\/6\/2020\/09\/CADENA-NUMERICA.jpg\" data-orig-size=\"637,449\" data-comments-opened=\"1\" data-image-meta=\"{&quot;aperture&quot;:&quot;0&quot;,&quot;credit&quot;:&quot;zagal_003&quot;,&quot;camera&quot;:&quot;&quot;,&quot;caption&quot;:&quot;&quot;,&quot;created_timestamp&quot;:&quot;1601454214&quot;,&quot;copyright&quot;:&quot;&quot;,&quot;focal_length&quot;:&quot;0&quot;,&quot;iso&quot;:&quot;0&quot;,&quot;shutter_speed&quot;:&quot;0&quot;,&quot;title&quot;:&quot;&quot;,&quot;orientation&quot;:&quot;0&quot;}\" data-image-title=\"CADENA NUM\u00c9RICA\" data-image-description=\"\" data-image-caption=\"\" data-large-file=\"https:\/\/cloud.alqueria.es\/wp-content\/uploads\/sites\/6\/2020\/09\/CADENA-NUMERICA.jpg\" class=\"alignnone wp-image-24440\" src=\"https:\/\/cloud.alqueria.es\/wp-content\/uploads\/sites\/6\/2020\/09\/CADENA-NUMERICA.jpg\" alt=\"\" width=\"578\" height=\"407\" srcset=\"https:\/\/cloud.alqueria.es\/wp-content\/uploads\/sites\/6\/2020\/09\/CADENA-NUMERICA.jpg 637w, https:\/\/cloud.alqueria.es\/wp-content\/uploads\/sites\/6\/2020\/09\/CADENA-NUMERICA-300x211.jpg 300w\" sizes=\"(max-width: 578px) 100vw, 578px\" \/><\/p>\n<h4>Mayor y menor<\/h4>\n<p><img decoding=\"async\" src=\"https:\/\/www.smartick.es\/blog\/wp-content\/uploads\/Imagen4.png\" alt=\"mayor\" \/><\/p>\n<p>Nos introducimos un poquito m\u00e1s en el lenguaje matem\u00e1tico<\/p>\n<p><img decoding=\"async\" src=\"https:\/\/slideplayer.es\/slide\/3802404\/12\/images\/3\/%C2%BFQu%C3%A9+es+leer.jpg\" alt=\"Aprendizaje de la lengua escrita: leer y escribir - ppt descargar\" \/><\/p>\n<p>Estamos promocionando la lectura en la clase como una forma m\u00e1s de disfrutar y como un medio de informarnos.<\/p>\n<p>Cada uno leemos a \u00bb nuestra manera\u00bb, pero eso no es un impedimento para disfrutar de esta actividad.<\/p>\n<p class=\"jetpack-slideshow-noscript robots-nocontent\">El pase de diapositivas requiere JavaScript.<\/p><div id=\"gallery-24472-2-slideshow\" class=\"jetpack-slideshow-window jetpack-slideshow jetpack-slideshow-black\" data-trans=\"fade\" data-autostart=\"1\" data-gallery=\"[{&quot;src&quot;:&quot;https:\\\/\\\/cloud.alqueria.es\\\/wp-content\\\/uploads\\\/sites\\\/6\\\/2020\\\/09\\\/DSC03623.jpg&quot;,&quot;id&quot;:&quot;24429&quot;,&quot;title&quot;:&quot;DSC03623&quot;,&quot;alt&quot;:&quot;&quot;,&quot;caption&quot;:&quot;&quot;,&quot;itemprop&quot;:&quot;image&quot;},{&quot;src&quot;:&quot;https:\\\/\\\/cloud.alqueria.es\\\/wp-content\\\/uploads\\\/sites\\\/6\\\/2020\\\/09\\\/DSC03624.jpg&quot;,&quot;id&quot;:&quot;24430&quot;,&quot;title&quot;:&quot;DSC03624&quot;,&quot;alt&quot;:&quot;&quot;,&quot;caption&quot;:&quot;&quot;,&quot;itemprop&quot;:&quot;image&quot;},{&quot;src&quot;:&quot;https:\\\/\\\/cloud.alqueria.es\\\/wp-content\\\/uploads\\\/sites\\\/6\\\/2020\\\/09\\\/DSC03625.jpg&quot;,&quot;id&quot;:&quot;24431&quot;,&quot;title&quot;:&quot;DSC03625&quot;,&quot;alt&quot;:&quot;&quot;,&quot;caption&quot;:&quot;&quot;,&quot;itemprop&quot;:&quot;image&quot;}]\" itemscope itemtype=\"https:\/\/schema.org\/ImageGallery\"><\/div>\n<p>Parece que es importante entrenarnos en comprender lo que estamos haciendo y eso solo se consigue practicando.<\/p>\n<p>As\u00ed que adem\u00e1s de leer cada d\u00eda en clase, debemos hacerlo en casa cinco minutos.<\/p>\n<h3 style=\"text-align: center\"><em>\u00a1\u00a1\u00a1Pero, es que siempre se nos olvida!!!<\/em><\/h3>\n<p>Nos proponemos ser constantes con este compromiso.<\/p>\n<p>Cuando nos iniciamos en la lectura nos aconsejan hacerlo con textos en letras may\u00fasculas y con palabras asociadas a cosas que nos son familiares, por ejemplo nuestro nombre. Las letras que lo componen normalmente son las primeras que aprendemos.<\/p>\n<p><img decoding=\"async\" class=\"aligncenter\" src=\"https:\/\/encrypted-tbn0.gstatic.com\/images?q=tbn%3AANd9GcS-vxutXkmW3u2zhpzOz3hiZEoNXO_2by5xHw&amp;usqp=CAU\" alt=\"C\u00f3mo y cu\u00e1ndo usar las may\u00fasculas - Celia Arias\" width=\"344\" height=\"229\" \/><\/p>\n<p>Despu\u00e9s las de nuestros familiares, amigos y objetos favoritos.<\/p>\n<p>Para saber m\u00e1s, pincha sobre esta imagen:<\/p>\n<p><a href=\"https:\/\/www.educaciontrespuntocero.com\/noticias\/leer-ninos-voz-alta-aprendan\/?fbclid=IwAR0MsmpYNv0EGqx0KWLMt5qMMDt11cZ1BexZWzU0YsSnmTZ0gkDVapfj_WY#ImprescindiblesEDU\" target=\"_blank\" rel=\"noopener noreferrer\"><img decoding=\"async\" data-attachment-id=\"24438\" data-permalink=\"https:\/\/www.alqueria.es\/blogs\/alqueriaprimerciclo\/2023\/10\/15\/en-primero-aprendemos-cooperando\/lectura-compartida-2\/\" data-orig-file=\"https:\/\/cloud.alqueria.es\/wp-content\/uploads\/sites\/6\/2020\/09\/LECTURA-COMPARTIDA.jpg\" data-orig-size=\"470,535\" data-comments-opened=\"1\" data-image-meta=\"{&quot;aperture&quot;:&quot;0&quot;,&quot;credit&quot;:&quot;zagal_003&quot;,&quot;camera&quot;:&quot;&quot;,&quot;caption&quot;:&quot;&quot;,&quot;created_timestamp&quot;:&quot;1601452979&quot;,&quot;copyright&quot;:&quot;&quot;,&quot;focal_length&quot;:&quot;0&quot;,&quot;iso&quot;:&quot;0&quot;,&quot;shutter_speed&quot;:&quot;0&quot;,&quot;title&quot;:&quot;&quot;,&quot;orientation&quot;:&quot;0&quot;}\" data-image-title=\"LECTURA COMPARTIDA\" data-image-description=\"\" data-image-caption=\"\" data-large-file=\"https:\/\/cloud.alqueria.es\/wp-content\/uploads\/sites\/6\/2020\/09\/LECTURA-COMPARTIDA.jpg\" class=\"alignnone wp-image-24438 size-full\" src=\"https:\/\/cloud.alqueria.es\/wp-content\/uploads\/sites\/6\/2020\/09\/LECTURA-COMPARTIDA.jpg\" alt=\"\" width=\"470\" height=\"535\" srcset=\"https:\/\/cloud.alqueria.es\/wp-content\/uploads\/sites\/6\/2020\/09\/LECTURA-COMPARTIDA.jpg 470w, https:\/\/cloud.alqueria.es\/wp-content\/uploads\/sites\/6\/2020\/09\/LECTURA-COMPARTIDA-264x300.jpg 264w\" sizes=\"(max-width: 470px) 100vw, 470px\" \/><\/a><\/p>\n<p><img decoding=\"async\" src=\"https:\/\/slideplayer.es\/3802404\/12\/images\/2\/%C2%BFQu%C3%A9+es+leer+%C2%BFQu%C3%A9+es+escribir.jpg\" alt=\"Leer y escribir . Partimos hacia Noruega | Blog de Primaria 1\u00ba- 2\u00ba EPO\" \/><\/p>\n<h4>Taller de escritura<\/h4>\n<p>Para escribir hay que tener motivaci\u00f3n de comunicar. A nosotros nos cuesta muy poco comunicar , siempre y cuando podamos hacerlo hablando, pero lo de escribir es otro cantar. Resulta que escribir nos obliga a pararnos y pensar antes de hacerlo y eso es muy complicado, ya que estamos acostumbrados a lo inmediato.<\/p>\n<p>Esa es la raz\u00f3n de que en nuestra iniciaci\u00f3n como escritores lo hagamos con\u00a0 temas sencillos . Esta semana ha sido \u00bb Nuestra casa\u00bb.<\/p>\n<h4>La geometr\u00eda en el jard\u00edn<\/h4>\n<p class=\"jetpack-slideshow-noscript robots-nocontent\">El pase de diapositivas requiere JavaScript.<\/p><div id=\"gallery-24472-3-slideshow\" class=\"jetpack-slideshow-window jetpack-slideshow jetpack-slideshow-black\" data-trans=\"fade\" data-autostart=\"1\" data-gallery=\"[{&quot;src&quot;:&quot;https:\\\/\\\/cloud.alqueria.es\\\/wp-content\\\/uploads\\\/sites\\\/6\\\/2020\\\/10\\\/DSC03633.jpg&quot;,&quot;id&quot;:&quot;24462&quot;,&quot;title&quot;:&quot;DSC03633&quot;,&quot;alt&quot;:&quot;&quot;,&quot;caption&quot;:&quot;&quot;,&quot;itemprop&quot;:&quot;image&quot;},{&quot;src&quot;:&quot;https:\\\/\\\/cloud.alqueria.es\\\/wp-content\\\/uploads\\\/sites\\\/6\\\/2020\\\/10\\\/DSC03634.jpg&quot;,&quot;id&quot;:&quot;24463&quot;,&quot;title&quot;:&quot;DSC03634&quot;,&quot;alt&quot;:&quot;&quot;,&quot;caption&quot;:&quot;&quot;,&quot;itemprop&quot;:&quot;image&quot;},{&quot;src&quot;:&quot;https:\\\/\\\/cloud.alqueria.es\\\/wp-content\\\/uploads\\\/sites\\\/6\\\/2020\\\/10\\\/DSC03644.jpg&quot;,&quot;id&quot;:&quot;24464&quot;,&quot;title&quot;:&quot;DSC03644&quot;,&quot;alt&quot;:&quot;&quot;,&quot;caption&quot;:&quot;&quot;,&quot;itemprop&quot;:&quot;image&quot;},{&quot;src&quot;:&quot;https:\\\/\\\/cloud.alqueria.es\\\/wp-content\\\/uploads\\\/sites\\\/6\\\/2020\\\/10\\\/DSC03649.jpg&quot;,&quot;id&quot;:&quot;24465&quot;,&quot;title&quot;:&quot;DSC03649&quot;,&quot;alt&quot;:&quot;&quot;,&quot;caption&quot;:&quot;&quot;,&quot;itemprop&quot;:&quot;image&quot;},{&quot;src&quot;:&quot;https:\\\/\\\/cloud.alqueria.es\\\/wp-content\\\/uploads\\\/sites\\\/6\\\/2020\\\/10\\\/DSC03651.jpg&quot;,&quot;id&quot;:&quot;24466&quot;,&quot;title&quot;:&quot;DSC03651&quot;,&quot;alt&quot;:&quot;&quot;,&quot;caption&quot;:&quot;&quot;,&quot;itemprop&quot;:&quot;image&quot;},{&quot;src&quot;:&quot;https:\\\/\\\/cloud.alqueria.es\\\/wp-content\\\/uploads\\\/sites\\\/6\\\/2020\\\/10\\\/DSC03652.jpg&quot;,&quot;id&quot;:&quot;24467&quot;,&quot;title&quot;:&quot;DSC03652&quot;,&quot;alt&quot;:&quot;&quot;,&quot;caption&quot;:&quot;&quot;,&quot;itemprop&quot;:&quot;image&quot;},{&quot;src&quot;:&quot;https:\\\/\\\/cloud.alqueria.es\\\/wp-content\\\/uploads\\\/sites\\\/6\\\/2020\\\/10\\\/DSC03653.jpg&quot;,&quot;id&quot;:&quot;24468&quot;,&quot;title&quot;:&quot;DSC03653&quot;,&quot;alt&quot;:&quot;&quot;,&quot;caption&quot;:&quot;&quot;,&quot;itemprop&quot;:&quot;image&quot;}]\" itemscope itemtype=\"https:\/\/schema.org\/ImageGallery\"><\/div>\n<p>Por otra parte, estamos aprendiendo a distinguir las figuras geom\u00e9tricas a las que buscamos nombre. Y si no lo encontramos lo inventamos.<\/p>\n<p class=\"jetpack-slideshow-noscript robots-nocontent\">El pase de diapositivas requiere JavaScript.<\/p><div id=\"gallery-24472-4-slideshow\" class=\"jetpack-slideshow-window jetpack-slideshow jetpack-slideshow-black\" data-trans=\"fade\" data-autostart=\"1\" data-gallery=\"[{&quot;src&quot;:&quot;https:\\\/\\\/cloud.alqueria.es\\\/wp-content\\\/uploads\\\/sites\\\/6\\\/2020\\\/10\\\/DSC03648.jpg&quot;,&quot;id&quot;:&quot;24454&quot;,&quot;title&quot;:&quot;DSC03648&quot;,&quot;alt&quot;:&quot;&quot;,&quot;caption&quot;:&quot;&quot;,&quot;itemprop&quot;:&quot;image&quot;},{&quot;src&quot;:&quot;https:\\\/\\\/cloud.alqueria.es\\\/wp-content\\\/uploads\\\/sites\\\/6\\\/2020\\\/10\\\/DSC03647.jpg&quot;,&quot;id&quot;:&quot;24453&quot;,&quot;title&quot;:&quot;DSC03647&quot;,&quot;alt&quot;:&quot;&quot;,&quot;caption&quot;:&quot;&quot;,&quot;itemprop&quot;:&quot;image&quot;},{&quot;src&quot;:&quot;https:\\\/\\\/cloud.alqueria.es\\\/wp-content\\\/uploads\\\/sites\\\/6\\\/2020\\\/10\\\/DSC03642.jpg&quot;,&quot;id&quot;:&quot;24452&quot;,&quot;title&quot;:&quot;DSC03642&quot;,&quot;alt&quot;:&quot;&quot;,&quot;caption&quot;:&quot;&quot;,&quot;itemprop&quot;:&quot;image&quot;},{&quot;src&quot;:&quot;https:\\\/\\\/cloud.alqueria.es\\\/wp-content\\\/uploads\\\/sites\\\/6\\\/2020\\\/10\\\/DSC03641.jpg&quot;,&quot;id&quot;:&quot;24451&quot;,&quot;title&quot;:&quot;DSC03641&quot;,&quot;alt&quot;:&quot;&quot;,&quot;caption&quot;:&quot;&quot;,&quot;itemprop&quot;:&quot;image&quot;},{&quot;src&quot;:&quot;https:\\\/\\\/cloud.alqueria.es\\\/wp-content\\\/uploads\\\/sites\\\/6\\\/2020\\\/10\\\/DSC03640.jpg&quot;,&quot;id&quot;:&quot;24450&quot;,&quot;title&quot;:&quot;DSC03640&quot;,&quot;alt&quot;:&quot;&quot;,&quot;caption&quot;:&quot;&quot;,&quot;itemprop&quot;:&quot;image&quot;},{&quot;src&quot;:&quot;https:\\\/\\\/cloud.alqueria.es\\\/wp-content\\\/uploads\\\/sites\\\/6\\\/2020\\\/10\\\/DSC03639.jpg&quot;,&quot;id&quot;:&quot;24449&quot;,&quot;title&quot;:&quot;DSC03639&quot;,&quot;alt&quot;:&quot;&quot;,&quot;caption&quot;:&quot;&quot;,&quot;itemprop&quot;:&quot;image&quot;},{&quot;src&quot;:&quot;https:\\\/\\\/cloud.alqueria.es\\\/wp-content\\\/uploads\\\/sites\\\/6\\\/2020\\\/10\\\/DSC03638.jpg&quot;,&quot;id&quot;:&quot;24448&quot;,&quot;title&quot;:&quot;DSC03638&quot;,&quot;alt&quot;:&quot;&quot;,&quot;caption&quot;:&quot;&quot;,&quot;itemprop&quot;:&quot;image&quot;},{&quot;src&quot;:&quot;https:\\\/\\\/cloud.alqueria.es\\\/wp-content\\\/uploads\\\/sites\\\/6\\\/2020\\\/10\\\/DSC03637.jpg&quot;,&quot;id&quot;:&quot;24447&quot;,&quot;title&quot;:&quot;DSC03637&quot;,&quot;alt&quot;:&quot;&quot;,&quot;caption&quot;:&quot;&quot;,&quot;itemprop&quot;:&quot;image&quot;}]\" itemscope itemtype=\"https:\/\/schema.org\/ImageGallery\"><\/div>\n<h4>El huerto y la granja<\/h4>\n<p>Alberto nos ha tra\u00eddo de su propio huerto ajos para sembrar. Nos ha preparado la tierra y despu\u00e9s nos ha explicado : qu\u00e9 es una cabeza de ajos, un diente y un ajete.<img decoding=\"async\" class=\"alignright\" src=\"https:\/\/static2.elcorreo.com\/www\/multimedia\/201805\/11\/media\/cortadas\/ajos-U401131236871Q2G-U501880427373kg-624x385@El%20Correo-ElCorreo.jpg\" alt=\"Nutrici\u00f3n: cuidado con el ajo chino | El Correo\" width=\"297\" height=\"255\" \/><\/p>\n<p>Hemos ido al huerto y, uno a uno, hemos hundido un diente en la tierra, en una especie de monta\u00f1ita que se llama caball\u00f3n.<\/p>\n<p>Hemos regado el or\u00e9gano, la hierbabuena y finalmente los ajos reci\u00e9n puestos.<\/p>\n<p>Hemos dado de comer a las gallinas los desperdicios de las verduras y de la fruta.<\/p>\n<p><img decoding=\"async\" data-attachment-id=\"24460\" data-permalink=\"https:\/\/www.alqueria.es\/blogs\/alqueriaprimerciclo\/dsc03631-3\/\" data-orig-file=\"https:\/\/cloud.alqueria.es\/wp-content\/uploads\/sites\/6\/2020\/10\/DSC03631.jpg\" data-orig-size=\"640,480\" data-comments-opened=\"1\" data-image-meta=\"{&quot;aperture&quot;:&quot;2.8&quot;,&quot;credit&quot;:&quot;&quot;,&quot;camera&quot;:&quot;DSC-W510&quot;,&quot;caption&quot;:&quot;&quot;,&quot;created_timestamp&quot;:&quot;1601426300&quot;,&quot;copyright&quot;:&quot;Copyright 2009&quot;,&quot;focal_length&quot;:&quot;4.7&quot;,&quot;iso&quot;:&quot;400&quot;,&quot;shutter_speed&quot;:&quot;0.004&quot;,&quot;title&quot;:&quot;&quot;,&quot;orientation&quot;:&quot;1&quot;}\" data-image-title=\"DSC03631\" data-image-description=\"\" data-image-caption=\"\" data-large-file=\"https:\/\/cloud.alqueria.es\/wp-content\/uploads\/sites\/6\/2020\/10\/DSC03631.jpg\" class=\"alignnone wp-image-24460\" src=\"https:\/\/cloud.alqueria.es\/wp-content\/uploads\/sites\/6\/2020\/10\/DSC03631.jpg\" alt=\"\" width=\"640\" height=\"480\" srcset=\"https:\/\/cloud.alqueria.es\/wp-content\/uploads\/sites\/6\/2020\/10\/DSC03631.jpg 640w, https:\/\/cloud.alqueria.es\/wp-content\/uploads\/sites\/6\/2020\/10\/DSC03631-300x225.jpg 300w\" sizes=\"(max-width: 640px) 100vw, 640px\" \/><\/p>\n<p>Para finalizar nos hemos comprometido a regar cada dos d\u00edas los ajos y tener paciencia para esperar que broten.<\/p>\n<h4><\/h4>\n<p><img decoding=\"async\" data-attachment-id=\"24459\" data-permalink=\"https:\/\/www.alqueria.es\/blogs\/alqueriaprimerciclo\/dsc03632-2\/\" data-orig-file=\"https:\/\/cloud.alqueria.es\/wp-content\/uploads\/sites\/6\/2020\/10\/DSC03632.jpg\" data-orig-size=\"640,480\" data-comments-opened=\"1\" data-image-meta=\"{&quot;aperture&quot;:&quot;2.8&quot;,&quot;credit&quot;:&quot;&quot;,&quot;camera&quot;:&quot;DSC-W510&quot;,&quot;caption&quot;:&quot;&quot;,&quot;created_timestamp&quot;:&quot;1601426405&quot;,&quot;copyright&quot;:&quot;Copyright 2009&quot;,&quot;focal_length&quot;:&quot;4.7&quot;,&quot;iso&quot;:&quot;80&quot;,&quot;shutter_speed&quot;:&quot;0.0025&quot;,&quot;title&quot;:&quot;&quot;,&quot;orientation&quot;:&quot;1&quot;}\" data-image-title=\"DSC03632\" data-image-description=\"\" data-image-caption=\"\" data-large-file=\"https:\/\/cloud.alqueria.es\/wp-content\/uploads\/sites\/6\/2020\/10\/DSC03632.jpg\" class=\"alignnone size-full wp-image-24459\" src=\"https:\/\/cloud.alqueria.es\/wp-content\/uploads\/sites\/6\/2020\/10\/DSC03632.jpg\" alt=\"\" width=\"640\" height=\"480\" srcset=\"https:\/\/cloud.alqueria.es\/wp-content\/uploads\/sites\/6\/2020\/10\/DSC03632.jpg 640w, https:\/\/cloud.alqueria.es\/wp-content\/uploads\/sites\/6\/2020\/10\/DSC03632-300x225.jpg 300w\" sizes=\"(max-width: 640px) 100vw, 640px\" \/> <img decoding=\"async\" data-attachment-id=\"24458\" data-permalink=\"https:\/\/www.alqueria.es\/blogs\/alqueriaprimerciclo\/dsc03630-2\/\" data-orig-file=\"https:\/\/cloud.alqueria.es\/wp-content\/uploads\/sites\/6\/2020\/10\/DSC03630.jpg\" data-orig-size=\"640,480\" data-comments-opened=\"1\" data-image-meta=\"{&quot;aperture&quot;:&quot;2.8&quot;,&quot;credit&quot;:&quot;&quot;,&quot;camera&quot;:&quot;DSC-W510&quot;,&quot;caption&quot;:&quot;&quot;,&quot;created_timestamp&quot;:&quot;1601426052&quot;,&quot;copyright&quot;:&quot;Copyright 2009&quot;,&quot;focal_length&quot;:&quot;4.7&quot;,&quot;iso&quot;:&quot;80&quot;,&quot;shutter_speed&quot;:&quot;0.001&quot;,&quot;title&quot;:&quot;&quot;,&quot;orientation&quot;:&quot;1&quot;}\" data-image-title=\"DSC03630\" data-image-description=\"\" data-image-caption=\"\" data-large-file=\"https:\/\/cloud.alqueria.es\/wp-content\/uploads\/sites\/6\/2020\/10\/DSC03630.jpg\" class=\"alignnone size-full wp-image-24458\" src=\"https:\/\/cloud.alqueria.es\/wp-content\/uploads\/sites\/6\/2020\/10\/DSC03630.jpg\" alt=\"\" width=\"640\" height=\"480\" srcset=\"https:\/\/cloud.alqueria.es\/wp-content\/uploads\/sites\/6\/2020\/10\/DSC03630.jpg 640w, https:\/\/cloud.alqueria.es\/wp-content\/uploads\/sites\/6\/2020\/10\/DSC03630-300x225.jpg 300w\" sizes=\"(max-width: 640px) 100vw, 640px\" \/> <img decoding=\"async\" data-attachment-id=\"24457\" data-permalink=\"https:\/\/www.alqueria.es\/blogs\/alqueriaprimerciclo\/dsc03629-3\/\" data-orig-file=\"https:\/\/cloud.alqueria.es\/wp-content\/uploads\/sites\/6\/2020\/10\/DSC03629.jpg\" data-orig-size=\"640,480\" data-comments-opened=\"1\" data-image-meta=\"{&quot;aperture&quot;:&quot;8&quot;,&quot;credit&quot;:&quot;&quot;,&quot;camera&quot;:&quot;DSC-W510&quot;,&quot;caption&quot;:&quot;&quot;,&quot;created_timestamp&quot;:&quot;1601426039&quot;,&quot;copyright&quot;:&quot;Copyright 2009&quot;,&quot;focal_length&quot;:&quot;4.7&quot;,&quot;iso&quot;:&quot;80&quot;,&quot;shutter_speed&quot;:&quot;0.005&quot;,&quot;title&quot;:&quot;&quot;,&quot;orientation&quot;:&quot;1&quot;}\" data-image-title=\"DSC03629\" data-image-description=\"\" data-image-caption=\"\" data-large-file=\"https:\/\/cloud.alqueria.es\/wp-content\/uploads\/sites\/6\/2020\/10\/DSC03629.jpg\" class=\"alignnone size-full wp-image-24457\" src=\"https:\/\/cloud.alqueria.es\/wp-content\/uploads\/sites\/6\/2020\/10\/DSC03629.jpg\" alt=\"\" width=\"640\" height=\"480\" srcset=\"https:\/\/cloud.alqueria.es\/wp-content\/uploads\/sites\/6\/2020\/10\/DSC03629.jpg 640w, https:\/\/cloud.alqueria.es\/wp-content\/uploads\/sites\/6\/2020\/10\/DSC03629-300x225.jpg 300w\" sizes=\"(max-width: 640px) 100vw, 640px\" \/> <img decoding=\"async\" data-attachment-id=\"24456\" data-permalink=\"https:\/\/www.alqueria.es\/blogs\/alqueriaprimerciclo\/dsc03628-2\/\" data-orig-file=\"https:\/\/cloud.alqueria.es\/wp-content\/uploads\/sites\/6\/2020\/10\/DSC03628.jpg\" data-orig-size=\"640,480\" data-comments-opened=\"1\" data-image-meta=\"{&quot;aperture&quot;:&quot;2.8&quot;,&quot;credit&quot;:&quot;&quot;,&quot;camera&quot;:&quot;DSC-W510&quot;,&quot;caption&quot;:&quot;&quot;,&quot;created_timestamp&quot;:&quot;1601426019&quot;,&quot;copyright&quot;:&quot;Copyright 2009&quot;,&quot;focal_length&quot;:&quot;4.7&quot;,&quot;iso&quot;:&quot;80&quot;,&quot;shutter_speed&quot;:&quot;0.0025&quot;,&quot;title&quot;:&quot;&quot;,&quot;orientation&quot;:&quot;1&quot;}\" data-image-title=\"DSC03628\" data-image-description=\"\" data-image-caption=\"\" data-large-file=\"https:\/\/cloud.alqueria.es\/wp-content\/uploads\/sites\/6\/2020\/10\/DSC03628.jpg\" class=\"alignnone size-full wp-image-24456\" src=\"https:\/\/cloud.alqueria.es\/wp-content\/uploads\/sites\/6\/2020\/10\/DSC03628.jpg\" alt=\"\" width=\"640\" height=\"480\" srcset=\"https:\/\/cloud.alqueria.es\/wp-content\/uploads\/sites\/6\/2020\/10\/DSC03628.jpg 640w, https:\/\/cloud.alqueria.es\/wp-content\/uploads\/sites\/6\/2020\/10\/DSC03628-300x225.jpg 300w\" sizes=\"(max-width: 640px) 100vw, 640px\" \/> <img decoding=\"async\" data-attachment-id=\"24455\" data-permalink=\"https:\/\/www.alqueria.es\/blogs\/alqueriaprimerciclo\/dsc03626-2\/\" data-orig-file=\"https:\/\/cloud.alqueria.es\/wp-content\/uploads\/sites\/6\/2020\/10\/DSC03626.jpg\" data-orig-size=\"640,480\" data-comments-opened=\"1\" data-image-meta=\"{&quot;aperture&quot;:&quot;5.2&quot;,&quot;credit&quot;:&quot;&quot;,&quot;camera&quot;:&quot;DSC-W510&quot;,&quot;caption&quot;:&quot;&quot;,&quot;created_timestamp&quot;:&quot;1601425960&quot;,&quot;copyright&quot;:&quot;Copyright 2009&quot;,&quot;focal_length&quot;:&quot;15.7&quot;,&quot;iso&quot;:&quot;200&quot;,&quot;shutter_speed&quot;:&quot;0.004&quot;,&quot;title&quot;:&quot;&quot;,&quot;orientation&quot;:&quot;1&quot;}\" data-image-title=\"DSC03626\" data-image-description=\"\" data-image-caption=\"\" data-large-file=\"https:\/\/cloud.alqueria.es\/wp-content\/uploads\/sites\/6\/2020\/10\/DSC03626.jpg\" class=\"alignnone size-full wp-image-24455\" src=\"https:\/\/cloud.alqueria.es\/wp-content\/uploads\/sites\/6\/2020\/10\/DSC03626.jpg\" alt=\"\" width=\"640\" height=\"480\" srcset=\"https:\/\/cloud.alqueria.es\/wp-content\/uploads\/sites\/6\/2020\/10\/DSC03626.jpg 640w, https:\/\/cloud.alqueria.es\/wp-content\/uploads\/sites\/6\/2020\/10\/DSC03626-300x225.jpg 300w\" sizes=\"(max-width: 640px) 100vw, 640px\" \/><\/p>\n<h4>Preparamos calendario de conferencias<\/h4>\n<p>A partir de octubre se inician las conferencias personales.<\/p>\n<p><img decoding=\"async\" data-attachment-id=\"24479\" data-permalink=\"https:\/\/www.alqueria.es\/blogs\/alqueriaprimerciclo\/2020\/10\/02\/plan-anual-de-centro-self-care\/conferencias-2020-21-1o\/\" data-orig-file=\"https:\/\/cloud.alqueria.es\/wp-content\/uploads\/sites\/6\/2020\/10\/CONFERENCIAS-2020-21-1o.jpg\" data-orig-size=\"566,510\" data-comments-opened=\"1\" data-image-meta=\"{&quot;aperture&quot;:&quot;0&quot;,&quot;credit&quot;:&quot;zagal_003&quot;,&quot;camera&quot;:&quot;&quot;,&quot;caption&quot;:&quot;&quot;,&quot;created_timestamp&quot;:&quot;1601633962&quot;,&quot;copyright&quot;:&quot;&quot;,&quot;focal_length&quot;:&quot;0&quot;,&quot;iso&quot;:&quot;0&quot;,&quot;shutter_speed&quot;:&quot;0&quot;,&quot;title&quot;:&quot;&quot;,&quot;orientation&quot;:&quot;0&quot;}\" data-image-title=\"CONFERENCIAS 2020-21 1\u00ba\" data-image-description=\"\" data-image-caption=\"\" data-large-file=\"https:\/\/cloud.alqueria.es\/wp-content\/uploads\/sites\/6\/2020\/10\/CONFERENCIAS-2020-21-1o.jpg\" class=\"alignnone size-full wp-image-24479\" src=\"https:\/\/cloud.alqueria.es\/wp-content\/uploads\/sites\/6\/2020\/10\/CONFERENCIAS-2020-21-1o.jpg\" alt=\"\" width=\"566\" height=\"510\" srcset=\"https:\/\/cloud.alqueria.es\/wp-content\/uploads\/sites\/6\/2020\/10\/CONFERENCIAS-2020-21-1o.jpg 566w, https:\/\/cloud.alqueria.es\/wp-content\/uploads\/sites\/6\/2020\/10\/CONFERENCIAS-2020-21-1o-300x270.jpg 300w\" sizes=\"(max-width: 566px) 100vw, 566px\" \/><\/p>\n<h4>Horario semanal del grupo de primero<\/h4>\n<p>En el est\u00e1 la distribuci\u00f3n horaria de las \u00e1reas y del uso de los espacios\u00a0 exteriores.<\/p>\n<p><img decoding=\"async\" data-attachment-id=\"24485\" data-permalink=\"https:\/\/www.alqueria.es\/blogs\/alqueriaprimerciclo\/2020\/10\/02\/plan-anual-de-centro-self-care\/captura-139\/\" data-orig-file=\"https:\/\/cloud.alqueria.es\/wp-content\/uploads\/sites\/6\/2020\/10\/Captura.jpg\" data-orig-size=\"570,445\" data-comments-opened=\"1\" data-image-meta=\"{&quot;aperture&quot;:&quot;0&quot;,&quot;credit&quot;:&quot;zagal_003&quot;,&quot;camera&quot;:&quot;&quot;,&quot;caption&quot;:&quot;&quot;,&quot;created_timestamp&quot;:&quot;1601640107&quot;,&quot;copyright&quot;:&quot;&quot;,&quot;focal_length&quot;:&quot;0&quot;,&quot;iso&quot;:&quot;0&quot;,&quot;shutter_speed&quot;:&quot;0&quot;,&quot;title&quot;:&quot;&quot;,&quot;orientation&quot;:&quot;0&quot;}\" data-image-title=\"Captura\" data-image-description=\"\" data-image-caption=\"\" data-large-file=\"https:\/\/cloud.alqueria.es\/wp-content\/uploads\/sites\/6\/2020\/10\/Captura.jpg\" class=\"alignnone size-full wp-image-24485\" src=\"https:\/\/cloud.alqueria.es\/wp-content\/uploads\/sites\/6\/2020\/10\/Captura.jpg\" alt=\"\" width=\"570\" height=\"445\" srcset=\"https:\/\/cloud.alqueria.es\/wp-content\/uploads\/sites\/6\/2020\/10\/Captura.jpg 570w, https:\/\/cloud.alqueria.es\/wp-content\/uploads\/sites\/6\/2020\/10\/Captura-300x234.jpg 300w\" sizes=\"(max-width: 570px) 100vw, 570px\" \/><\/p>\n<h4>Cuento de la semana<\/h4>\n<p>Juan sin miedo<\/p>\n<p><img decoding=\"async\" src=\"https:\/\/i.ytimg.com\/vi\/OfQ_bV4563Y\/maxresdefault.jpg\" alt=\"JUAN SIN MIEDO | AUDIO CUENTO PARA NI\u00d1OS | ESPA\u00d1OL - YouTube\" \/><\/p>\n<p>Os deseamos un buen fin de semana oto\u00f1al<\/p>\n<p>Rosi<\/p>\n","protected":false},"excerpt":{"rendered":"<p>Bienvenido Silas Estamos muy emocionados de tener un nuevo compa\u00f1ero. Le saludamos jugando al \u00abPilla, pilla\u00bb con \u00e9l. Le acompa\u00f1amos para que entienda nuestra\u00bbrutina de inicio\u00bb y le acomodamos en un sitio, d\u00e1ndole el material necesario. \u00c9l y su familia pasan a formar parte de nuestra tribu. Self Care El objetivo del Plan Anual de &hellip; <a href=\"https:\/\/www.alqueria.es\/blogs\/alqueriaprimerciclo\/2020\/10\/02\/plan-anual-de-centro-self-care\/\" class=\"more-link\">Seguir leyendo <span class=\"screen-reader-text\">Plan Anual de Centro: Self Care<\/span> <span class=\"meta-nav\">&rarr;<\/span><\/a><\/p>\n","protected":false},"author":12,"featured_media":0,"comment_status":"open","ping_status":"open","sticky":false,"template":"","format":"standard","meta":{"jetpack_post_was_ever_published":false,"_jetpack_newsletter_access":"","_jetpack_dont_email_post_to_subs":false,"_jetpack_newsletter_tier_id":0,"_jetpack_memberships_contains_paywalled_content":false,"_jetpack_memberships_contains_paid_content":false,"footnotes":"","jetpack_publicize_message":"","jetpack_publicize_feature_enabled":true,"jetpack_social_post_already_shared":true,"jetpack_social_options":{"image_generator_settings":{"template":"highway","default_image_id":0,"font":"","enabled":false},"version":2}},"categories":[2,6,8,25,11,12,14],"tags":[32,82,60],"class_list":["post-24472","post","type-post","status-publish","format-standard","hentry","category-1o-epo","category-conocimiento-del-medio-1o","category-diario-de-clase-1o","category-educacion-artistica-1o","category-juega-y-aprende","category-lecto-escritura-1o","category-matematicas-1o","tag-alqueria","tag-matematicas-1o","tag-primaria"],"jetpack_publicize_connections":[],"jetpack_featured_media_url":"","jetpack_sharing_enabled":true,"jetpack_shortlink":"https:\/\/wp.me\/p4lvS0-6mI","_links":{"self":[{"href":"https:\/\/www.alqueria.es\/blogs\/alqueriaprimerciclo\/wp-json\/wp\/v2\/posts\/24472","targetHints":{"allow":["GET"]}}],"collection":[{"href":"https:\/\/www.alqueria.es\/blogs\/alqueriaprimerciclo\/wp-json\/wp\/v2\/posts"}],"about":[{"href":"https:\/\/www.alqueria.es\/blogs\/alqueriaprimerciclo\/wp-json\/wp\/v2\/types\/post"}],"author":[{"embeddable":true,"href":"https:\/\/www.alqueria.es\/blogs\/alqueriaprimerciclo\/wp-json\/wp\/v2\/users\/12"}],"replies":[{"embeddable":true,"href":"https:\/\/www.alqueria.es\/blogs\/alqueriaprimerciclo\/wp-json\/wp\/v2\/comments?post=24472"}],"version-history":[{"count":12,"href":"https:\/\/www.alqueria.es\/blogs\/alqueriaprimerciclo\/wp-json\/wp\/v2\/posts\/24472\/revisions"}],"predecessor-version":[{"id":24487,"href":"https:\/\/www.alqueria.es\/blogs\/alqueriaprimerciclo\/wp-json\/wp\/v2\/posts\/24472\/revisions\/24487"}],"wp:attachment":[{"href":"https:\/\/www.alqueria.es\/blogs\/alqueriaprimerciclo\/wp-json\/wp\/v2\/media?parent=24472"}],"wp:term":[{"taxonomy":"category","embeddable":true,"href":"https:\/\/www.alqueria.es\/blogs\/alqueriaprimerciclo\/wp-json\/wp\/v2\/categories?post=24472"},{"taxonomy":"post_tag","embeddable":true,"href":"https:\/\/www.alqueria.es\/blogs\/alqueriaprimerciclo\/wp-json\/wp\/v2\/tags?post=24472"}],"curies":[{"name":"wp","href":"https:\/\/api.w.org\/{rel}","templated":true}]}}