{"id":24600,"date":"2020-10-11T16:40:37","date_gmt":"2020-10-11T14:40:37","guid":{"rendered":"http:\/\/www.alqueria.es\/blogs\/alqueriaprimerciclo\/?p=24600"},"modified":"2020-10-11T16:40:37","modified_gmt":"2020-10-11T14:40:37","slug":"nuestro-entorno-la-vega-de-granada-3","status":"publish","type":"post","link":"https:\/\/www.alqueria.es\/blogs\/alqueriaprimerciclo\/2020\/10\/11\/nuestro-entorno-la-vega-de-granada-3\/","title":{"rendered":"Nuestro entorno: la Vega de Granada"},"content":{"rendered":"<p><span style=\"color: #339966\">Nuestro entorno<\/span><\/p>\n<p>El contacto con la naturaleza es necesario,\u00a0la\u00a0<strong>educaci\u00f3n en la naturaleza<\/strong> no es una opci\u00f3n, sino una necesidad real para nuestro planeta y quienes lo habitamos. Por eso en Alquer\u00eda Educaci\u00f3n no podemos menos que aprovechar los recursos que nos ofrecen nuestros espacios exteriores y nuestra ubicaci\u00f3n en la Vega.<\/p>\n<p>De sobra es sabido los formidables beneficios de crecer en contacto con un entorno natural, comprendemos\u00a0 que los ni\u00f1os deben tener la oportunidad de disfrutar de la naturaleza. Es importante tener presente que la educaci\u00f3n en la naturaleza no s\u00f3lo es importante para el\u00a0 que la recibe. Ofreciendo a los ni\u00f1os un contacto\u00a0 directo y frecuente con el medio natural estamos ense\u00f1\u00e1ndoles a cuidar una parte de s\u00ed mismos,\u00a0 a cuidar de su hogar.<\/p>\n<p><img decoding=\"async\" class=\"\" src=\"https:\/\/intervegas.org\/wp-content\/uploads\/2016\/09\/Vega-Granada_logo.png\" alt=\"Vega Granada \u2013 Intervegas\" width=\"326\" height=\"200\" \/><\/p>\n<p>Continuamos con el estudio de nuestro entorno , en esta ocasi\u00f3n miramos mas all\u00e1 , el paisaje monta\u00f1oso que nos rodea y nos paramos en un peque\u00f1o monte frente al colegio .<\/p>\n<p>Monte Vives<\/p>\n<p><img decoding=\"async\" class=\"\" src=\"https:\/\/s0.wklcdn.com\/image_20\/626757\/9347163\/5559120Master.jpg\" alt=\"Monte Vives vista\" width=\"290\" height=\"387\" \/><\/p>\n<p>Queremos conocerlo mas a fondo, alguien ha dicho que all\u00ed hay minerales y eso ha despertado el inter\u00e9s del grupo. Ya el curso pasado cobr\u00f3 relevancia este tema y ahora sienten que es algo cercano a ellos , conocido, sobre lo que quieren ampliar informaci\u00f3n.<\/p>\n<p>Quedamos en el compromiso de investigar con la familia\u00a0 qu\u00e9 conocen sobre este monte.<\/p>\n<ul>\n<li>Este curso la informaci\u00f3n llega a casa a trav\u00e9s de nuestra memoria , no podemos llevar notas escritas en\u00a0 cartas\u00a0 o agenda , as\u00ed que es muy importante recordar nuestro compromiso para poder cumplir con \u00e9l.\u00a0 La fecha de la primera\u00a0 salida ser\u00e1 <span style=\"color: #00ff00\">el lunes 19 de octubre,\u00a0 e<\/span>ste es otro compromiso adquirido, informaros de la fecha.<\/li>\n<\/ul>\n<p>En la siguiente sesi\u00f3n aportan las informaciones recabadas , ya sabemos que hay minas, que extraen\u00a0 minerales, cuales son\u00a0 y el uso que se les da.<\/p>\n<p>Hay minerales como el<\/p>\n<p>estroncio<img decoding=\"async\" class=\"alignleft\" src=\"https:\/\/metals.comparenature.com\/PImg\/Strontium37Normal_200.jpg\" alt=\"Estroncio Propiedades F\u00edsicas | Punto de fusi\u00f3n del Estroncio\" width=\"181\" height=\"181\" \/><\/p>\n<p>celestina<\/p>\n<p><img decoding=\"async\" class=\"\" src=\"https:\/\/www.foro-minerales.com\/forum\/files\/celestina_montevives_2_127.jpg\" alt=\"celestina montevives 2.jpg\" width=\"238\" height=\"179\" \/><\/p>\n<p>calcita<\/p>\n<p><img decoding=\"async\" class=\"alignleft\" src=\"https:\/\/www.foro-minerales.com\/forum\/files\/calcita_estroncianita_449.jpg\" alt=\"calcita-estroncianita.JPG\" width=\"210\" height=\"156\" \/>cristales<\/p>\n<p><img decoding=\"async\" class=\"\" src=\"https:\/\/www.foro-minerales.com\/forum\/files\/monte_vives_197.jpg\" alt=\"Monte Vives.jpg\" width=\"231\" height=\"142\" \/><\/p>\n<p>&nbsp;<\/p>\n<ul>\n<li><span style=\"color: #00ff00\">Sembramos los ajos<\/span><\/li>\n<\/ul>\n<p>Todos los lunes seremos los responsables de cuidar los animales de la granja y mantener el huerto seg\u00fan las necesidades de cada \u00e9poca.<\/p>\n<p>Los viernes cuidamos nuestra zona asignada del jard\u00edn y disfrutamos de este espacio,<\/p>\n<p>Nuestro profe Alberto nos ha aportado dientes de ajos para plantar en el huerto. Abrimos un hueco con poca profundidad ,para enterrarlos y cubrirlos con tierra,\u00a0 para que puedan germinar aprovechando el agua y los minerales que le aporta la tierra. Esperaremos con expectaci\u00f3n para ver los primeros brotes en pocos d\u00edas, mientras los regamos y los calienta el sol.<\/p>\n<p><img decoding=\"async\" data-attachment-id=\"24613\" data-permalink=\"https:\/\/www.alqueria.es\/blogs\/alqueriaprimerciclo\/2020\/10\/11\/nuestro-entorno-la-vega-de-granada-3\/p01005-122434\/\" data-orig-file=\"https:\/\/cloud.alqueria.es\/wp-content\/uploads\/sites\/6\/2020\/10\/P01005-122434.jpg\" data-orig-size=\"768,1024\" data-comments-opened=\"1\" data-image-meta=\"{&quot;aperture&quot;:&quot;0&quot;,&quot;credit&quot;:&quot;&quot;,&quot;camera&quot;:&quot;&quot;,&quot;caption&quot;:&quot;&quot;,&quot;created_timestamp&quot;:&quot;0&quot;,&quot;copyright&quot;:&quot;&quot;,&quot;focal_length&quot;:&quot;0&quot;,&quot;iso&quot;:&quot;0&quot;,&quot;shutter_speed&quot;:&quot;0&quot;,&quot;title&quot;:&quot;&quot;,&quot;orientation&quot;:&quot;0&quot;}\" data-image-title=\"P01005-122434\" data-image-description=\"\" data-image-caption=\"\" data-large-file=\"https:\/\/cloud.alqueria.es\/wp-content\/uploads\/sites\/6\/2020\/10\/P01005-122434.jpg\" class=\"wp-image-24613  alignnone\" src=\"https:\/\/cloud.alqueria.es\/wp-content\/uploads\/sites\/6\/2020\/10\/P01005-122434-225x300.jpg\" alt=\"\" width=\"178\" height=\"237\" srcset=\"https:\/\/cloud.alqueria.es\/wp-content\/uploads\/sites\/6\/2020\/10\/P01005-122434-225x300.jpg 225w, https:\/\/cloud.alqueria.es\/wp-content\/uploads\/sites\/6\/2020\/10\/P01005-122434.jpg 768w\" sizes=\"(max-width: 178px) 100vw, 178px\" \/> <img decoding=\"async\" data-attachment-id=\"24612\" data-permalink=\"https:\/\/www.alqueria.es\/blogs\/alqueriaprimerciclo\/2020\/10\/11\/nuestro-entorno-la-vega-de-granada-3\/p01005-122143\/\" data-orig-file=\"https:\/\/cloud.alqueria.es\/wp-content\/uploads\/sites\/6\/2020\/10\/P01005-122143.jpg\" data-orig-size=\"1024,768\" data-comments-opened=\"1\" data-image-meta=\"{&quot;aperture&quot;:&quot;0&quot;,&quot;credit&quot;:&quot;&quot;,&quot;camera&quot;:&quot;&quot;,&quot;caption&quot;:&quot;&quot;,&quot;created_timestamp&quot;:&quot;0&quot;,&quot;copyright&quot;:&quot;&quot;,&quot;focal_length&quot;:&quot;0&quot;,&quot;iso&quot;:&quot;0&quot;,&quot;shutter_speed&quot;:&quot;0&quot;,&quot;title&quot;:&quot;&quot;,&quot;orientation&quot;:&quot;0&quot;}\" data-image-title=\"P01005-122143\" data-image-description=\"\" data-image-caption=\"\" data-large-file=\"https:\/\/cloud.alqueria.es\/wp-content\/uploads\/sites\/6\/2020\/10\/P01005-122143.jpg\" class=\"wp-image-24612  alignright\" src=\"https:\/\/cloud.alqueria.es\/wp-content\/uploads\/sites\/6\/2020\/10\/P01005-122143-300x225.jpg\" alt=\"\" width=\"256\" height=\"192\" srcset=\"https:\/\/cloud.alqueria.es\/wp-content\/uploads\/sites\/6\/2020\/10\/P01005-122143-300x225.jpg 300w, https:\/\/cloud.alqueria.es\/wp-content\/uploads\/sites\/6\/2020\/10\/P01005-122143-768x576.jpg 768w, https:\/\/cloud.alqueria.es\/wp-content\/uploads\/sites\/6\/2020\/10\/P01005-122143.jpg 1024w\" sizes=\"(max-width: 256px) 100vw, 256px\" \/><img decoding=\"async\" data-attachment-id=\"24614\" data-permalink=\"https:\/\/www.alqueria.es\/blogs\/alqueriaprimerciclo\/2020\/10\/11\/nuestro-entorno-la-vega-de-granada-3\/p01005-122517\/\" data-orig-file=\"https:\/\/cloud.alqueria.es\/wp-content\/uploads\/sites\/6\/2020\/10\/P01005-122517.jpg\" data-orig-size=\"1024,768\" data-comments-opened=\"1\" data-image-meta=\"{&quot;aperture&quot;:&quot;0&quot;,&quot;credit&quot;:&quot;&quot;,&quot;camera&quot;:&quot;&quot;,&quot;caption&quot;:&quot;&quot;,&quot;created_timestamp&quot;:&quot;0&quot;,&quot;copyright&quot;:&quot;&quot;,&quot;focal_length&quot;:&quot;0&quot;,&quot;iso&quot;:&quot;0&quot;,&quot;shutter_speed&quot;:&quot;0&quot;,&quot;title&quot;:&quot;&quot;,&quot;orientation&quot;:&quot;0&quot;}\" data-image-title=\"P01005-122517\" data-image-description=\"\" data-image-caption=\"\" data-large-file=\"https:\/\/cloud.alqueria.es\/wp-content\/uploads\/sites\/6\/2020\/10\/P01005-122517.jpg\" class=\"alignnone size-full wp-image-24614\" src=\"https:\/\/cloud.alqueria.es\/wp-content\/uploads\/sites\/6\/2020\/10\/P01005-122517.jpg\" alt=\"\" width=\"1024\" height=\"768\" srcset=\"https:\/\/cloud.alqueria.es\/wp-content\/uploads\/sites\/6\/2020\/10\/P01005-122517.jpg 1024w, https:\/\/cloud.alqueria.es\/wp-content\/uploads\/sites\/6\/2020\/10\/P01005-122517-300x225.jpg 300w, https:\/\/cloud.alqueria.es\/wp-content\/uploads\/sites\/6\/2020\/10\/P01005-122517-768x576.jpg 768w\" sizes=\"(max-width: 1024px) 100vw, 1024px\" \/><\/p>\n<p>La pr\u00f3xima semana nos toca sembrar las habas, ya tenemos preparados lo caballones y las semillas.<\/p>\n<ul>\n<li>Lectura silenciosa al llegar a clase<\/li>\n<\/ul>\n<p>Esta es la consigna al llegar a clase tras el aseo. Sacamos nuestro libro y nos adentramos en su historia durante unos minutos. El silencio se hace necesario par poder realizar nuestra lectura y permitir a los compa\u00f1ero su disfrute.<\/p>\n<p><img decoding=\"async\" data-attachment-id=\"24611\" data-permalink=\"https:\/\/www.alqueria.es\/blogs\/alqueriaprimerciclo\/2020\/10\/11\/nuestro-entorno-la-vega-de-granada-3\/p01005-092126\/\" data-orig-file=\"https:\/\/cloud.alqueria.es\/wp-content\/uploads\/sites\/6\/2020\/10\/P01005-092126.jpg\" data-orig-size=\"1024,768\" data-comments-opened=\"1\" data-image-meta=\"{&quot;aperture&quot;:&quot;0&quot;,&quot;credit&quot;:&quot;&quot;,&quot;camera&quot;:&quot;&quot;,&quot;caption&quot;:&quot;&quot;,&quot;created_timestamp&quot;:&quot;0&quot;,&quot;copyright&quot;:&quot;&quot;,&quot;focal_length&quot;:&quot;0&quot;,&quot;iso&quot;:&quot;0&quot;,&quot;shutter_speed&quot;:&quot;0&quot;,&quot;title&quot;:&quot;&quot;,&quot;orientation&quot;:&quot;0&quot;}\" data-image-title=\"P01005-092126\" data-image-description=\"\" data-image-caption=\"\" data-large-file=\"https:\/\/cloud.alqueria.es\/wp-content\/uploads\/sites\/6\/2020\/10\/P01005-092126.jpg\" class=\"wp-image-24611 size-medium alignnone\" src=\"https:\/\/cloud.alqueria.es\/wp-content\/uploads\/sites\/6\/2020\/10\/P01005-092126-300x225.jpg\" alt=\"\" width=\"300\" height=\"225\" srcset=\"https:\/\/cloud.alqueria.es\/wp-content\/uploads\/sites\/6\/2020\/10\/P01005-092126-300x225.jpg 300w, https:\/\/cloud.alqueria.es\/wp-content\/uploads\/sites\/6\/2020\/10\/P01005-092126-768x576.jpg 768w, https:\/\/cloud.alqueria.es\/wp-content\/uploads\/sites\/6\/2020\/10\/P01005-092126.jpg 1024w\" sizes=\"(max-width: 300px) 100vw, 300px\" \/> <img decoding=\"async\" data-attachment-id=\"24610\" data-permalink=\"https:\/\/www.alqueria.es\/blogs\/alqueriaprimerciclo\/2020\/10\/11\/nuestro-entorno-la-vega-de-granada-3\/p01005-092034\/\" data-orig-file=\"https:\/\/cloud.alqueria.es\/wp-content\/uploads\/sites\/6\/2020\/10\/P01005-092034.jpg\" data-orig-size=\"768,1024\" data-comments-opened=\"1\" data-image-meta=\"{&quot;aperture&quot;:&quot;0&quot;,&quot;credit&quot;:&quot;&quot;,&quot;camera&quot;:&quot;&quot;,&quot;caption&quot;:&quot;&quot;,&quot;created_timestamp&quot;:&quot;0&quot;,&quot;copyright&quot;:&quot;&quot;,&quot;focal_length&quot;:&quot;0&quot;,&quot;iso&quot;:&quot;0&quot;,&quot;shutter_speed&quot;:&quot;0&quot;,&quot;title&quot;:&quot;&quot;,&quot;orientation&quot;:&quot;0&quot;}\" data-image-title=\"P01005-092034\" data-image-description=\"\" data-image-caption=\"\" data-large-file=\"https:\/\/cloud.alqueria.es\/wp-content\/uploads\/sites\/6\/2020\/10\/P01005-092034.jpg\" class=\"wp-image-24610 size-medium alignright\" src=\"https:\/\/cloud.alqueria.es\/wp-content\/uploads\/sites\/6\/2020\/10\/P01005-092034-225x300.jpg\" alt=\"\" width=\"225\" height=\"300\" srcset=\"https:\/\/cloud.alqueria.es\/wp-content\/uploads\/sites\/6\/2020\/10\/P01005-092034-225x300.jpg 225w, https:\/\/cloud.alqueria.es\/wp-content\/uploads\/sites\/6\/2020\/10\/P01005-092034.jpg 768w\" sizes=\"(max-width: 225px) 100vw, 225px\" \/> <img decoding=\"async\" data-attachment-id=\"24609\" data-permalink=\"https:\/\/www.alqueria.es\/blogs\/alqueriaprimerciclo\/2020\/10\/11\/nuestro-entorno-la-vega-de-granada-3\/p01005-092106\/\" data-orig-file=\"https:\/\/cloud.alqueria.es\/wp-content\/uploads\/sites\/6\/2020\/10\/P01005-092106.jpg\" data-orig-size=\"1024,768\" data-comments-opened=\"1\" data-image-meta=\"{&quot;aperture&quot;:&quot;0&quot;,&quot;credit&quot;:&quot;&quot;,&quot;camera&quot;:&quot;&quot;,&quot;caption&quot;:&quot;&quot;,&quot;created_timestamp&quot;:&quot;0&quot;,&quot;copyright&quot;:&quot;&quot;,&quot;focal_length&quot;:&quot;0&quot;,&quot;iso&quot;:&quot;0&quot;,&quot;shutter_speed&quot;:&quot;0&quot;,&quot;title&quot;:&quot;&quot;,&quot;orientation&quot;:&quot;0&quot;}\" data-image-title=\"P01005-092106\" data-image-description=\"\" data-image-caption=\"\" data-large-file=\"https:\/\/cloud.alqueria.es\/wp-content\/uploads\/sites\/6\/2020\/10\/P01005-092106.jpg\" class=\"wp-image-24609 size-medium alignleft\" src=\"https:\/\/cloud.alqueria.es\/wp-content\/uploads\/sites\/6\/2020\/10\/P01005-092106-300x225.jpg\" alt=\"\" width=\"300\" height=\"225\" srcset=\"https:\/\/cloud.alqueria.es\/wp-content\/uploads\/sites\/6\/2020\/10\/P01005-092106-300x225.jpg 300w, https:\/\/cloud.alqueria.es\/wp-content\/uploads\/sites\/6\/2020\/10\/P01005-092106-768x576.jpg 768w, https:\/\/cloud.alqueria.es\/wp-content\/uploads\/sites\/6\/2020\/10\/P01005-092106.jpg 1024w\" sizes=\"(max-width: 300px) 100vw, 300px\" \/> <img decoding=\"async\" data-attachment-id=\"24608\" data-permalink=\"https:\/\/www.alqueria.es\/blogs\/alqueriaprimerciclo\/2020\/10\/11\/nuestro-entorno-la-vega-de-granada-3\/p01005-091953\/\" data-orig-file=\"https:\/\/cloud.alqueria.es\/wp-content\/uploads\/sites\/6\/2020\/10\/P01005-091953.jpg\" data-orig-size=\"768,1024\" data-comments-opened=\"1\" data-image-meta=\"{&quot;aperture&quot;:&quot;0&quot;,&quot;credit&quot;:&quot;&quot;,&quot;camera&quot;:&quot;&quot;,&quot;caption&quot;:&quot;&quot;,&quot;created_timestamp&quot;:&quot;0&quot;,&quot;copyright&quot;:&quot;&quot;,&quot;focal_length&quot;:&quot;0&quot;,&quot;iso&quot;:&quot;0&quot;,&quot;shutter_speed&quot;:&quot;0&quot;,&quot;title&quot;:&quot;&quot;,&quot;orientation&quot;:&quot;0&quot;}\" data-image-title=\"P01005-091953\" data-image-description=\"\" data-image-caption=\"\" data-large-file=\"https:\/\/cloud.alqueria.es\/wp-content\/uploads\/sites\/6\/2020\/10\/P01005-091953.jpg\" class=\"alignnone wp-image-24608 size-medium\" src=\"https:\/\/cloud.alqueria.es\/wp-content\/uploads\/sites\/6\/2020\/10\/P01005-091953-225x300.jpg\" alt=\"\" width=\"225\" height=\"300\" srcset=\"https:\/\/cloud.alqueria.es\/wp-content\/uploads\/sites\/6\/2020\/10\/P01005-091953-225x300.jpg 225w, https:\/\/cloud.alqueria.es\/wp-content\/uploads\/sites\/6\/2020\/10\/P01005-091953.jpg 768w\" sizes=\"(max-width: 225px) 100vw, 225px\" \/><\/p>\n<p>&nbsp;<\/p>\n<p>&nbsp;<\/p>\n<p>&nbsp;<\/p>\n<p>&nbsp;<\/p>\n<p>&nbsp;<\/p>\n<ul>\n<li>Inventamos historias sobre el tronco del jard\u00edn<\/li>\n<\/ul>\n<p>Nos preguntamos sobre el tronco del \u00e1rbol muerto, qu\u00e9 tipo de \u00e1rbol era, ser\u00eda muy grande, cuantos a\u00f1os vivi\u00f3, que animales vivieron entre sus ramas, porqu\u00e9 se sec\u00f3&#8230;Todas estas preguntas nos ayudan a crear una historia en nuestra mente que luego llevamos al papel, escribimos\u00a0 la historia de nuestro tronco.<\/p>\n<p>Salimos a nuestro espacio favorito, del jard\u00edn ,\u00a0 para realizar la actividad.<\/p>\n<p><img decoding=\"async\" src=\"https:\/\/encrypted-tbn0.gstatic.com\/images?q=tbn%3AANd9GcTyVlB6_YtjtpkFHPQj4YSVL_VivuXFSJ1pyg&amp;usqp=CAU\" alt=\"Seth Godin: &quot;Si lo que dices vale la pena, t\u00f3mate el tiempo de contar la  historia&quot; - Elocuent- Comunicaci\u00f3n para personas\" \/><\/p>\n<p>Nuestro compa\u00f1ero Mario se ha incorporado al grupo. Para darle la bienvenida escuchamos su presentaci\u00f3n sobre c\u00f3mo es \u00e9l. Ahora sabemos que le gusta la paleontolog\u00eda y que nos contar\u00e1 sobre el tema en su conferencia.<\/p>\n<p>Descubriendo <span style=\"color: #ff00ff\">El color<\/span><img decoding=\"async\" data-attachment-id=\"24605\" data-permalink=\"https:\/\/www.alqueria.es\/blogs\/alqueriaprimerciclo\/2020\/10\/11\/nuestro-entorno-la-vega-de-granada-3\/p01009-102639\/\" data-orig-file=\"https:\/\/cloud.alqueria.es\/wp-content\/uploads\/sites\/6\/2020\/10\/P01009-102639.jpg\" data-orig-size=\"768,1024\" data-comments-opened=\"1\" data-image-meta=\"{&quot;aperture&quot;:&quot;0&quot;,&quot;credit&quot;:&quot;&quot;,&quot;camera&quot;:&quot;&quot;,&quot;caption&quot;:&quot;&quot;,&quot;created_timestamp&quot;:&quot;0&quot;,&quot;copyright&quot;:&quot;&quot;,&quot;focal_length&quot;:&quot;0&quot;,&quot;iso&quot;:&quot;0&quot;,&quot;shutter_speed&quot;:&quot;0&quot;,&quot;title&quot;:&quot;&quot;,&quot;orientation&quot;:&quot;0&quot;}\" data-image-title=\"P01009-102639\" data-image-description=\"\" data-image-caption=\"\" data-large-file=\"https:\/\/cloud.alqueria.es\/wp-content\/uploads\/sites\/6\/2020\/10\/P01009-102639.jpg\" class=\"alignnone wp-image-24605 size-medium\" src=\"https:\/\/cloud.alqueria.es\/wp-content\/uploads\/sites\/6\/2020\/10\/P01009-102639-225x300.jpg\" alt=\"\" width=\"225\" height=\"300\" srcset=\"https:\/\/cloud.alqueria.es\/wp-content\/uploads\/sites\/6\/2020\/10\/P01009-102639-225x300.jpg 225w, https:\/\/cloud.alqueria.es\/wp-content\/uploads\/sites\/6\/2020\/10\/P01009-102639.jpg 768w\" sizes=\"(max-width: 225px) 100vw, 225px\" \/><\/p>\n<p>Nuestra profe de arte , Ana, nos hace experimentar con el color antes de poner manos a la obra con la pintura del tronco. Saber los colores primarios y como conseguir secundarios a partir de ello, se convierte en todo un laboratorio de experimentaci\u00f3n y descubrimientos .<\/p>\n<p><img decoding=\"async\" data-attachment-id=\"24607\" data-permalink=\"https:\/\/www.alqueria.es\/blogs\/alqueriaprimerciclo\/2020\/10\/11\/nuestro-entorno-la-vega-de-granada-3\/p01009-1026261\/\" data-orig-file=\"https:\/\/cloud.alqueria.es\/wp-content\/uploads\/sites\/6\/2020\/10\/P01009-1026261.jpg\" data-orig-size=\"967,1024\" data-comments-opened=\"1\" data-image-meta=\"{&quot;aperture&quot;:&quot;0&quot;,&quot;credit&quot;:&quot;&quot;,&quot;camera&quot;:&quot;&quot;,&quot;caption&quot;:&quot;&quot;,&quot;created_timestamp&quot;:&quot;0&quot;,&quot;copyright&quot;:&quot;&quot;,&quot;focal_length&quot;:&quot;0&quot;,&quot;iso&quot;:&quot;0&quot;,&quot;shutter_speed&quot;:&quot;0&quot;,&quot;title&quot;:&quot;&quot;,&quot;orientation&quot;:&quot;0&quot;}\" data-image-title=\"P01009-102626(1)\" data-image-description=\"\" data-image-caption=\"\" data-large-file=\"https:\/\/cloud.alqueria.es\/wp-content\/uploads\/sites\/6\/2020\/10\/P01009-1026261.jpg\" class=\"alignnone wp-image-24607 size-medium\" src=\"https:\/\/cloud.alqueria.es\/wp-content\/uploads\/sites\/6\/2020\/10\/P01009-1026261-283x300.jpg\" alt=\"\" width=\"283\" height=\"300\" srcset=\"https:\/\/cloud.alqueria.es\/wp-content\/uploads\/sites\/6\/2020\/10\/P01009-1026261-283x300.jpg 283w, https:\/\/cloud.alqueria.es\/wp-content\/uploads\/sites\/6\/2020\/10\/P01009-1026261-768x813.jpg 768w, https:\/\/cloud.alqueria.es\/wp-content\/uploads\/sites\/6\/2020\/10\/P01009-1026261.jpg 967w\" sizes=\"(max-width: 283px) 100vw, 283px\" \/> <img decoding=\"async\" data-attachment-id=\"24606\" data-permalink=\"https:\/\/www.alqueria.es\/blogs\/alqueriaprimerciclo\/2020\/10\/11\/nuestro-entorno-la-vega-de-granada-3\/p01009-102642\/\" data-orig-file=\"https:\/\/cloud.alqueria.es\/wp-content\/uploads\/sites\/6\/2020\/10\/P01009-102642.jpg\" data-orig-size=\"768,1024\" data-comments-opened=\"1\" data-image-meta=\"{&quot;aperture&quot;:&quot;0&quot;,&quot;credit&quot;:&quot;&quot;,&quot;camera&quot;:&quot;&quot;,&quot;caption&quot;:&quot;&quot;,&quot;created_timestamp&quot;:&quot;0&quot;,&quot;copyright&quot;:&quot;&quot;,&quot;focal_length&quot;:&quot;0&quot;,&quot;iso&quot;:&quot;0&quot;,&quot;shutter_speed&quot;:&quot;0&quot;,&quot;title&quot;:&quot;&quot;,&quot;orientation&quot;:&quot;0&quot;}\" data-image-title=\"P01009-102642\" data-image-description=\"\" data-image-caption=\"\" data-large-file=\"https:\/\/cloud.alqueria.es\/wp-content\/uploads\/sites\/6\/2020\/10\/P01009-102642.jpg\" class=\"alignnone wp-image-24606 size-medium\" src=\"https:\/\/cloud.alqueria.es\/wp-content\/uploads\/sites\/6\/2020\/10\/P01009-102642-225x300.jpg\" alt=\"\" width=\"225\" height=\"300\" srcset=\"https:\/\/cloud.alqueria.es\/wp-content\/uploads\/sites\/6\/2020\/10\/P01009-102642-225x300.jpg 225w, https:\/\/cloud.alqueria.es\/wp-content\/uploads\/sites\/6\/2020\/10\/P01009-102642.jpg 768w\" sizes=\"(max-width: 225px) 100vw, 225px\" \/><\/p>\n<p>Visita el blog de art\u00edstica para ampliar la informaci\u00f3n.<\/p>\n<p>Nos vemos en martes, pasadlo bien, un abrazo.<\/p>\n<p>Dar\u00eda F.<\/p>\n","protected":false},"excerpt":{"rendered":"<p>Nuestro entorno El contacto con la naturaleza es necesario,\u00a0la\u00a0educaci\u00f3n en la naturaleza no es una opci\u00f3n, sino una necesidad real para nuestro planeta y quienes lo habitamos. Por eso en Alquer\u00eda Educaci\u00f3n no podemos menos que aprovechar los recursos que nos ofrecen nuestros espacios exteriores y nuestra ubicaci\u00f3n en la Vega. De sobra es sabido &hellip; <a href=\"https:\/\/www.alqueria.es\/blogs\/alqueriaprimerciclo\/2020\/10\/11\/nuestro-entorno-la-vega-de-granada-3\/\" class=\"more-link\">Seguir leyendo <span class=\"screen-reader-text\">Nuestro entorno: la Vega de Granada<\/span> <span class=\"meta-nav\">&rarr;<\/span><\/a><\/p>\n","protected":false},"author":12,"featured_media":0,"comment_status":"open","ping_status":"open","sticky":false,"template":"","format":"standard","meta":{"jetpack_post_was_ever_published":false,"_jetpack_newsletter_access":"","_jetpack_dont_email_post_to_subs":false,"_jetpack_newsletter_tier_id":0,"_jetpack_memberships_contains_paywalled_content":false,"_jetpack_memberships_contains_paid_content":false,"footnotes":"","jetpack_publicize_message":"","jetpack_publicize_feature_enabled":true,"jetpack_social_post_already_shared":true,"jetpack_social_options":{"image_generator_settings":{"template":"highway","default_image_id":0,"font":"","enabled":false},"version":2}},"categories":[3,9,20],"tags":[32,73,109,60,92],"class_list":["post-24600","post","type-post","status-publish","format-standard","hentry","category-2o-epo","category-diario-de-clase-2o","category-salidas-2o","tag-alqueria","tag-conocimiento-del-entorno-natural","tag-huerto","tag-primaria","tag-semanario"],"jetpack_publicize_connections":[],"jetpack_featured_media_url":"","jetpack_sharing_enabled":true,"jetpack_shortlink":"https:\/\/wp.me\/p4lvS0-6oM","_links":{"self":[{"href":"https:\/\/www.alqueria.es\/blogs\/alqueriaprimerciclo\/wp-json\/wp\/v2\/posts\/24600","targetHints":{"allow":["GET"]}}],"collection":[{"href":"https:\/\/www.alqueria.es\/blogs\/alqueriaprimerciclo\/wp-json\/wp\/v2\/posts"}],"about":[{"href":"https:\/\/www.alqueria.es\/blogs\/alqueriaprimerciclo\/wp-json\/wp\/v2\/types\/post"}],"author":[{"embeddable":true,"href":"https:\/\/www.alqueria.es\/blogs\/alqueriaprimerciclo\/wp-json\/wp\/v2\/users\/12"}],"replies":[{"embeddable":true,"href":"https:\/\/www.alqueria.es\/blogs\/alqueriaprimerciclo\/wp-json\/wp\/v2\/comments?post=24600"}],"version-history":[{"count":3,"href":"https:\/\/www.alqueria.es\/blogs\/alqueriaprimerciclo\/wp-json\/wp\/v2\/posts\/24600\/revisions"}],"predecessor-version":[{"id":24625,"href":"https:\/\/www.alqueria.es\/blogs\/alqueriaprimerciclo\/wp-json\/wp\/v2\/posts\/24600\/revisions\/24625"}],"wp:attachment":[{"href":"https:\/\/www.alqueria.es\/blogs\/alqueriaprimerciclo\/wp-json\/wp\/v2\/media?parent=24600"}],"wp:term":[{"taxonomy":"category","embeddable":true,"href":"https:\/\/www.alqueria.es\/blogs\/alqueriaprimerciclo\/wp-json\/wp\/v2\/categories?post=24600"},{"taxonomy":"post_tag","embeddable":true,"href":"https:\/\/www.alqueria.es\/blogs\/alqueriaprimerciclo\/wp-json\/wp\/v2\/tags?post=24600"}],"curies":[{"name":"wp","href":"https:\/\/api.w.org\/{rel}","templated":true}]}}