{"id":254,"date":"2012-05-02T10:14:48","date_gmt":"2012-05-02T10:14:48","guid":{"rendered":"http:\/\/alqueriaprimerciclo.wordpress.com\/?p=254"},"modified":"2012-05-02T10:14:48","modified_gmt":"2012-05-02T10:14:48","slug":"la-clase-de-2o-visitamos-el-albaycin","status":"publish","type":"post","link":"https:\/\/www.alqueria.es\/blogs\/alqueriaprimerciclo\/2012\/05\/02\/la-clase-de-2o-visitamos-el-albaycin\/","title":{"rendered":"LA CLASE DE 2\u00ba VISITAMOS EL ALBAYC\u00cdN"},"content":{"rendered":"<p>&nbsp;<\/p>\n<p>Un bonito d\u00eda de primavera visitamos el Albayc\u00edn.<\/p>\n<figure id=\"attachment_283\" aria-describedby=\"caption-attachment-283\" style=\"width: 300px\" class=\"wp-caption aligncenter\"><img decoding=\"async\" class=\"size-medium wp-image-283\" title=\"ALBAICIN\" src=\"http:\/\/alqueriaprimerciclo.files.wordpress.com\/2012\/05\/albaicin3.jpg?w=300\" alt=\"\" width=\"300\" height=\"225\" \/><figcaption id=\"caption-attachment-283\" class=\"wp-caption-text\">Bailando en el mirador de San Nicol\u00e1s<\/figcaption><\/figure>\n<p>&nbsp;<\/p>\n<p>El viernes 27 de abril, la clase de 2\u00ba visitamos el Albayc\u00edn.<\/p>\n<p>Disfrutamos de una ma\u00f1ana muy agradable recorriendo las empedradas calles de uno de los barrios m\u00e1s antiguos de nuestra ciudad.<\/p>\n<p>Se respiraban las distintas culturas que han pasado por sus calles, iglesias, mezquitas, casas-c\u00e1rmenes, murallas, puertas,\u2026<\/p>\n<p>Como si de gu\u00edas tur\u00edsticos se tratara, el grupo fue aportando las informaciones recogidas durante las investigaciones en clase. Nuestra gu\u00eda profesional, Cari, completaba la informaci\u00f3n con interesantes datos hist\u00f3ricos.<\/p>\n<p>Ya en clase recordamos lo vivido y escribimos sobre la experiencia. Pod\u00e9is verlo en el tabl\u00f3n.<\/p>\n","protected":false},"excerpt":{"rendered":"<p>&nbsp; Un bonito d\u00eda de primavera visitamos el Albayc\u00edn. &nbsp; El viernes 27 de abril, la clase de 2\u00ba visitamos el Albayc\u00edn. Disfrutamos de una ma\u00f1ana muy agradable recorriendo las empedradas calles de uno de los barrios m\u00e1s antiguos de nuestra ciudad. Se respiraban las distintas culturas que han pasado por sus calles, iglesias, mezquitas, &hellip; <a href=\"https:\/\/www.alqueria.es\/blogs\/alqueriaprimerciclo\/2012\/05\/02\/la-clase-de-2o-visitamos-el-albaycin\/\" class=\"more-link\">Seguir leyendo <span class=\"screen-reader-text\">LA CLASE DE 2\u00ba VISITAMOS EL ALBAYC\u00cdN<\/span> <span class=\"meta-nav\">&rarr;<\/span><\/a><\/p>\n","protected":false},"author":10,"featured_media":0,"comment_status":"open","ping_status":"open","sticky":false,"template":"","format":"standard","meta":{"jetpack_post_was_ever_published":false,"_jetpack_newsletter_access":"","_jetpack_dont_email_post_to_subs":false,"_jetpack_newsletter_tier_id":0,"_jetpack_memberships_contains_paywalled_content":false,"_jetpack_memberships_contains_paid_content":false,"footnotes":"","jetpack_publicize_message":"","jetpack_publicize_feature_enabled":true,"jetpack_social_post_already_shared":false,"jetpack_social_options":{"image_generator_settings":{"template":"highway","default_image_id":0,"font":"","enabled":false},"version":2}},"categories":[3,20],"tags":[],"class_list":["post-254","post","type-post","status-publish","format-standard","hentry","category-2o-epo","category-salidas-2o"],"jetpack_publicize_connections":[],"jetpack_featured_media_url":"","jetpack_sharing_enabled":true,"jetpack_shortlink":"https:\/\/wp.me\/p4lvS0-46","_links":{"self":[{"href":"https:\/\/www.alqueria.es\/blogs\/alqueriaprimerciclo\/wp-json\/wp\/v2\/posts\/254","targetHints":{"allow":["GET"]}}],"collection":[{"href":"https:\/\/www.alqueria.es\/blogs\/alqueriaprimerciclo\/wp-json\/wp\/v2\/posts"}],"about":[{"href":"https:\/\/www.alqueria.es\/blogs\/alqueriaprimerciclo\/wp-json\/wp\/v2\/types\/post"}],"author":[{"embeddable":true,"href":"https:\/\/www.alqueria.es\/blogs\/alqueriaprimerciclo\/wp-json\/wp\/v2\/users\/10"}],"replies":[{"embeddable":true,"href":"https:\/\/www.alqueria.es\/blogs\/alqueriaprimerciclo\/wp-json\/wp\/v2\/comments?post=254"}],"version-history":[{"count":0,"href":"https:\/\/www.alqueria.es\/blogs\/alqueriaprimerciclo\/wp-json\/wp\/v2\/posts\/254\/revisions"}],"wp:attachment":[{"href":"https:\/\/www.alqueria.es\/blogs\/alqueriaprimerciclo\/wp-json\/wp\/v2\/media?parent=254"}],"wp:term":[{"taxonomy":"category","embeddable":true,"href":"https:\/\/www.alqueria.es\/blogs\/alqueriaprimerciclo\/wp-json\/wp\/v2\/categories?post=254"},{"taxonomy":"post_tag","embeddable":true,"href":"https:\/\/www.alqueria.es\/blogs\/alqueriaprimerciclo\/wp-json\/wp\/v2\/tags?post=254"}],"curies":[{"name":"wp","href":"https:\/\/api.w.org\/{rel}","templated":true}]}}