{"id":26247,"date":"2021-02-25T15:38:57","date_gmt":"2021-02-25T14:38:57","guid":{"rendered":"http:\/\/www.alqueria.es\/blogs\/alqueriaprimerciclo\/?p=26247"},"modified":"2021-02-25T15:38:57","modified_gmt":"2021-02-25T14:38:57","slug":"dia-de-andalucia-en-1o","status":"publish","type":"post","link":"https:\/\/www.alqueria.es\/blogs\/alqueriaprimerciclo\/2021\/02\/25\/dia-de-andalucia-en-1o\/","title":{"rendered":"D\u00eda de Andaluc\u00eda en 1\u00ba"},"content":{"rendered":"<h4>El mapa de las provincias de Andaluc\u00eda<\/h4>\n<p>Con motivo de la conmemoraci\u00f3n del d\u00eda de Andaluc\u00eda estudiamos las provincias que la forman, d\u00f3nde est\u00e1n situadas y algunas caracter\u00edsticas<\/p>\n<p><img decoding=\"async\" src=\"https:\/\/i.pinimg.com\/originals\/af\/e7\/c2\/afe7c2f53e8cd806b07ef15008b1365b.png\" alt=\"Archivo:Andaluc\u00eda por provincias.png | Provincias de andalucia, Mapa de espa\u00f1a, Mapa de andalucia\" \/><\/p>\n<h4>Trabajo sobre la descomposici\u00f3n del n\u00famero 100<\/h4>\n<p>Lo descomponemos en decenas a las que llamamos amigos de 100.<br \/>\nRecordamos los amigos de 10 , para facilitar la comprensi\u00f3n.<\/p>\n<p><img decoding=\"async\" src=\"https:\/\/media.nagwa.com\/348196571367\/en\/thumbnail_s.jpeg\" alt=\"Lesson: Descomponer 100 en decenas | Nagwa\" \/><\/p>\n<h4>Descomposici\u00f3n de otros n\u00fameros en decenas y unidades<\/h4>\n<p><span class=\"embed-youtube\" style=\"text-align:center; display: block;\"><div class=\"a25-CTUOC-hidding-box\" data-original-content=\"&lt;iframe loading=&quot;lazy&quot; class=&quot;youtube-player&quot; width=&quot;474&quot; height=&quot;267&quot; src=&quot;https:\/\/www.youtube.com\/embed\/VtQykXeds4M?version=3&amp;#038;rel=1&amp;#038;showsearch=0&amp;#038;showinfo=1&amp;#038;iv_load_policy=1&amp;#038;fs=1&amp;#038;hl=es-ES&amp;#038;autohide=2&amp;#038;wmode=transparent&quot; allowfullscreen=&quot;true&quot; style=&quot;border:0;&quot; sandbox=&quot;allow-scripts allow-same-origin allow-popups allow-presentation allow-popups-to-escape-sandbox&quot;&gt;&lt;\/iframe&gt;\">Esta p\u00e1gina incluye contenido multimedia que requiere aceptar todas las cookies. Pulse aqu\u00ed para abrir la configuraci\u00f3n de cookies.<\/div><\/span><\/p>\n<h4>Por si quieres practicar en casa<\/h4>\n<p><span class=\"embed-youtube\" style=\"text-align:center; display: block;\"><div class=\"a25-CTUOC-hidding-box\" data-original-content=\"&lt;iframe loading=&quot;lazy&quot; class=&quot;youtube-player&quot; width=&quot;474&quot; height=&quot;267&quot; src=&quot;https:\/\/www.youtube.com\/embed\/HMe98Rzk9t8?version=3&amp;#038;rel=1&amp;#038;showsearch=0&amp;#038;showinfo=1&amp;#038;iv_load_policy=1&amp;#038;fs=1&amp;#038;hl=es-ES&amp;#038;autohide=2&amp;#038;wmode=transparent&quot; allowfullscreen=&quot;true&quot; style=&quot;border:0;&quot; sandbox=&quot;allow-scripts allow-same-origin allow-popups allow-presentation allow-popups-to-escape-sandbox&quot;&gt;&lt;\/iframe&gt;\">Esta p\u00e1gina incluye contenido multimedia que requiere aceptar todas las cookies. Pulse aqu\u00ed para abrir la configuraci\u00f3n de cookies.<\/div><\/span><\/p>\n<p>&nbsp;<\/p>\n<h4>La lectura<\/h4>\n<p style=\"text-align: center\">\u00abA leer se aprende leyendo\u00bb<\/p>\n<p>Todos los d\u00edas leemos el Principito. La lectura en voz alta de historias nos\u00a0 fomenta el inter\u00e9s y nos anima\u00a0 hacerlo solos. Sentir la satisfacci\u00f3n de dominar el texto escrito para disfrutar con su contenido es nuestro objetivo.<\/p>\n<p>Nuestras familias nos estimulan ley\u00e9ndonos cuando nos vamos a dormir.<\/p>\n<p><img decoding=\"async\" src=\"https:\/\/www.yorokobu.es\/wp-content\/uploads\/2018\/09\/leer.jpg\" alt=\"Por qu\u00e9 ense\u00f1ar a los ni\u00f1os a asociar lectura y placer\" \/>Para poder ser lectores tenemos que practicar diariamente.<\/p>\n<p>Todos los martes hacemos un taller de lectura, al que , como ya hemos mencionado, llamamos lectura compartida en parejas. Esta pr\u00e1ctica es fundamental para poder avanzar y poner el mayor inter\u00e9s en la comprensi\u00f3n . Nuestra maestra nos escucha para\u00a0 valorar los progresos que hacemos.<\/p>\n<h5>La Tierra no est\u00e1 quieta<\/h5>\n<p>Gracias al cap\u00edtulo del Principito,\u00a0 donde describe\u00a0 el orden con el que los faroleros encend\u00edan las farolas cuando no hab\u00eda luz el\u00e9ctrica en el Planeta Tierra, hemos descubierto los movimientos que dan lugar a la noche, al d\u00eda y las estaciones.<\/p>\n<p><img decoding=\"async\" src=\"https:\/\/image.slidesharecdn.com\/movimientosdelatierrarotacionytraslacin-130525131349-phpapp01\/95\/movimientos-de-la-tierra-rotacion-y-traslacin-1-638.jpg?cb=1369487678\" alt=\"Movimientos de la tierra rotacion y traslaci\u00f3n\" \/><\/p>\n<h4>Aprendemos nuevos tipos de letras<\/h4>\n<p>En la lectura ya conocemos esta tipograf\u00eda, pero no nos resulta sencillo reproducirla con el l\u00e1piz.<\/p>\n<p><img decoding=\"async\" class=\"alignleft\" src=\"https:\/\/i.pinimg.com\/originals\/63\/62\/73\/636273c4baa258f10fdf7964ea1ce3bb.png\" alt=\"Ficha GRATIS abecedario letras min\u00fasculas | Abecedario actividades, Abecedario minusculas, Trazos de letras\" width=\"167\" height=\"232\" \/><\/p>\n<p>Practicamos el trazo para conseguir escribirlas de la forma adecuada. Seguimos las orientaciones de arriba hacia abajo y de derecha a izquierda.<\/p>\n<p>Mantenemos la letra may\u00fascula para los textos en general, porque nos permite expresar nuestras ideas con mayor facilidad. Intentaremos hacer un cambio progresivo en la\u00a0 medida de nuestras posibilidades.<\/p>\n<h4>Granja y Huerto<\/h4>\n<p>El mi\u00e9rcoles nos encargamos de la granja y el huerto.<\/p>\n<p>Visitamos las habas<img decoding=\"async\" data-attachment-id=\"26256\" data-permalink=\"https:\/\/www.alqueria.es\/blogs\/alqueriaprimerciclo\/2021\/02\/25\/dia-de-andalucia-en-1o\/dsc04494-2\/\" data-orig-file=\"https:\/\/cloud.alqueria.es\/wp-content\/uploads\/sites\/6\/2021\/02\/DSC04494.jpg\" data-orig-size=\"480,640\" data-comments-opened=\"1\" data-image-meta=\"{&quot;aperture&quot;:&quot;2.8&quot;,&quot;credit&quot;:&quot;&quot;,&quot;camera&quot;:&quot;DSC-W510&quot;,&quot;caption&quot;:&quot;&quot;,&quot;created_timestamp&quot;:&quot;1614130299&quot;,&quot;copyright&quot;:&quot;Copyright 2009&quot;,&quot;focal_length&quot;:&quot;4.7&quot;,&quot;iso&quot;:&quot;80&quot;,&quot;shutter_speed&quot;:&quot;0.0015625&quot;,&quot;title&quot;:&quot;&quot;,&quot;orientation&quot;:&quot;1&quot;}\" data-image-title=\"DSC04494\" data-image-description=\"\" data-image-caption=\"\" data-large-file=\"https:\/\/cloud.alqueria.es\/wp-content\/uploads\/sites\/6\/2021\/02\/DSC04494.jpg\" class=\"alignnone size-full wp-image-26256\" src=\"https:\/\/cloud.alqueria.es\/wp-content\/uploads\/sites\/6\/2021\/02\/DSC04494.jpg\" alt=\"\" width=\"480\" height=\"640\" srcset=\"https:\/\/cloud.alqueria.es\/wp-content\/uploads\/sites\/6\/2021\/02\/DSC04494.jpg 480w, https:\/\/cloud.alqueria.es\/wp-content\/uploads\/sites\/6\/2021\/02\/DSC04494-225x300.jpg 225w\" sizes=\"(max-width: 480px) 100vw, 480px\" \/><\/p>\n<p>Echamos en los arriates semillas de cal\u00e9ndulas<\/p>\n<p><img decoding=\"async\" data-attachment-id=\"26257\" data-permalink=\"https:\/\/www.alqueria.es\/blogs\/alqueriaprimerciclo\/2021\/02\/25\/dia-de-andalucia-en-1o\/dsc04496-2\/\" data-orig-file=\"https:\/\/cloud.alqueria.es\/wp-content\/uploads\/sites\/6\/2021\/02\/DSC04496.jpg\" data-orig-size=\"640,480\" data-comments-opened=\"1\" data-image-meta=\"{&quot;aperture&quot;:&quot;2.8&quot;,&quot;credit&quot;:&quot;&quot;,&quot;camera&quot;:&quot;DSC-W510&quot;,&quot;caption&quot;:&quot;&quot;,&quot;created_timestamp&quot;:&quot;1614130562&quot;,&quot;copyright&quot;:&quot;Copyright 2009&quot;,&quot;focal_length&quot;:&quot;4.7&quot;,&quot;iso&quot;:&quot;80&quot;,&quot;shutter_speed&quot;:&quot;0.00125&quot;,&quot;title&quot;:&quot;&quot;,&quot;orientation&quot;:&quot;1&quot;}\" data-image-title=\"DSC04496\" data-image-description=\"\" data-image-caption=\"\" data-large-file=\"https:\/\/cloud.alqueria.es\/wp-content\/uploads\/sites\/6\/2021\/02\/DSC04496.jpg\" class=\"alignnone size-full wp-image-26257\" src=\"https:\/\/cloud.alqueria.es\/wp-content\/uploads\/sites\/6\/2021\/02\/DSC04496.jpg\" alt=\"\" width=\"640\" height=\"480\" srcset=\"https:\/\/cloud.alqueria.es\/wp-content\/uploads\/sites\/6\/2021\/02\/DSC04496.jpg 640w, https:\/\/cloud.alqueria.es\/wp-content\/uploads\/sites\/6\/2021\/02\/DSC04496-300x225.jpg 300w\" sizes=\"(max-width: 640px) 100vw, 640px\" \/> <img decoding=\"async\" data-attachment-id=\"26258\" data-permalink=\"https:\/\/www.alqueria.es\/blogs\/alqueriaprimerciclo\/2021\/02\/25\/dia-de-andalucia-en-1o\/dsc04497-2\/\" data-orig-file=\"https:\/\/cloud.alqueria.es\/wp-content\/uploads\/sites\/6\/2021\/02\/DSC04497.jpg\" data-orig-size=\"640,480\" data-comments-opened=\"1\" data-image-meta=\"{&quot;aperture&quot;:&quot;2.8&quot;,&quot;credit&quot;:&quot;&quot;,&quot;camera&quot;:&quot;DSC-W510&quot;,&quot;caption&quot;:&quot;&quot;,&quot;created_timestamp&quot;:&quot;1614130568&quot;,&quot;copyright&quot;:&quot;Copyright 2009&quot;,&quot;focal_length&quot;:&quot;4.7&quot;,&quot;iso&quot;:&quot;80&quot;,&quot;shutter_speed&quot;:&quot;0.002&quot;,&quot;title&quot;:&quot;&quot;,&quot;orientation&quot;:&quot;1&quot;}\" data-image-title=\"DSC04497\" data-image-description=\"\" data-image-caption=\"\" data-large-file=\"https:\/\/cloud.alqueria.es\/wp-content\/uploads\/sites\/6\/2021\/02\/DSC04497.jpg\" class=\"alignnone size-full wp-image-26258\" src=\"https:\/\/cloud.alqueria.es\/wp-content\/uploads\/sites\/6\/2021\/02\/DSC04497.jpg\" alt=\"\" width=\"640\" height=\"480\" srcset=\"https:\/\/cloud.alqueria.es\/wp-content\/uploads\/sites\/6\/2021\/02\/DSC04497.jpg 640w, https:\/\/cloud.alqueria.es\/wp-content\/uploads\/sites\/6\/2021\/02\/DSC04497-300x225.jpg 300w\" sizes=\"(max-width: 640px) 100vw, 640px\" \/><\/p>\n<p>Y semillas de Don Pedro<\/p>\n<p><img decoding=\"async\" data-attachment-id=\"26259\" data-permalink=\"https:\/\/www.alqueria.es\/blogs\/alqueriaprimerciclo\/2021\/02\/25\/dia-de-andalucia-en-1o\/dsc04499-2\/\" data-orig-file=\"https:\/\/cloud.alqueria.es\/wp-content\/uploads\/sites\/6\/2021\/02\/DSC04499.jpg\" data-orig-size=\"640,480\" data-comments-opened=\"1\" data-image-meta=\"{&quot;aperture&quot;:&quot;2.8&quot;,&quot;credit&quot;:&quot;&quot;,&quot;camera&quot;:&quot;DSC-W510&quot;,&quot;caption&quot;:&quot;&quot;,&quot;created_timestamp&quot;:&quot;1614130834&quot;,&quot;copyright&quot;:&quot;Copyright 2009&quot;,&quot;focal_length&quot;:&quot;4.7&quot;,&quot;iso&quot;:&quot;80&quot;,&quot;shutter_speed&quot;:&quot;0.004&quot;,&quot;title&quot;:&quot;&quot;,&quot;orientation&quot;:&quot;1&quot;}\" data-image-title=\"DSC04499\" data-image-description=\"\" data-image-caption=\"\" data-large-file=\"https:\/\/cloud.alqueria.es\/wp-content\/uploads\/sites\/6\/2021\/02\/DSC04499.jpg\" class=\"alignnone size-full wp-image-26259\" src=\"https:\/\/cloud.alqueria.es\/wp-content\/uploads\/sites\/6\/2021\/02\/DSC04499.jpg\" alt=\"\" width=\"640\" height=\"480\" srcset=\"https:\/\/cloud.alqueria.es\/wp-content\/uploads\/sites\/6\/2021\/02\/DSC04499.jpg 640w, https:\/\/cloud.alqueria.es\/wp-content\/uploads\/sites\/6\/2021\/02\/DSC04499-300x225.jpg 300w\" sizes=\"(max-width: 640px) 100vw, 640px\" \/><\/p>\n<p><img decoding=\"async\" class=\"aligncenter\" src=\"https:\/\/fichas.infojardin.com\/foto-perennes-anuales\/mirabilis-jalapa.jpg\" alt=\"Dondiego de noche, Gal\u00e1n de noche, Don Diego de noche, Bella de noche, Don Pedros - Mirabilis jalapa\" \/><\/p>\n<p><img decoding=\"async\" data-attachment-id=\"26260\" data-permalink=\"https:\/\/www.alqueria.es\/blogs\/alqueriaprimerciclo\/2021\/02\/25\/dia-de-andalucia-en-1o\/dsc04500\/\" data-orig-file=\"https:\/\/cloud.alqueria.es\/wp-content\/uploads\/sites\/6\/2021\/02\/DSC04500.jpg\" data-orig-size=\"640,480\" data-comments-opened=\"1\" data-image-meta=\"{&quot;aperture&quot;:&quot;2.8&quot;,&quot;credit&quot;:&quot;&quot;,&quot;camera&quot;:&quot;DSC-W510&quot;,&quot;caption&quot;:&quot;&quot;,&quot;created_timestamp&quot;:&quot;1614130904&quot;,&quot;copyright&quot;:&quot;Copyright 2009&quot;,&quot;focal_length&quot;:&quot;4.7&quot;,&quot;iso&quot;:&quot;80&quot;,&quot;shutter_speed&quot;:&quot;0.004&quot;,&quot;title&quot;:&quot;&quot;,&quot;orientation&quot;:&quot;1&quot;}\" data-image-title=\"DSC04500\" data-image-description=\"\" data-image-caption=\"\" data-large-file=\"https:\/\/cloud.alqueria.es\/wp-content\/uploads\/sites\/6\/2021\/02\/DSC04500.jpg\" class=\"alignnone size-full wp-image-26260\" src=\"https:\/\/cloud.alqueria.es\/wp-content\/uploads\/sites\/6\/2021\/02\/DSC04500.jpg\" alt=\"\" width=\"640\" height=\"480\" srcset=\"https:\/\/cloud.alqueria.es\/wp-content\/uploads\/sites\/6\/2021\/02\/DSC04500.jpg 640w, https:\/\/cloud.alqueria.es\/wp-content\/uploads\/sites\/6\/2021\/02\/DSC04500-300x225.jpg 300w\" sizes=\"(max-width: 640px) 100vw, 640px\" \/><\/p>\n<h5>Los conejitos ya est\u00e1n aqu\u00ed<\/h5>\n<p>Silvia y Ricardo, su hermano, nos prestaron a su conejo para que cortejara a nuestras conejas.<\/p>\n<p>Y ya tenemos aqu\u00ed a sus cr\u00edas, que a\u00fan no abren los ojos.<\/p>\n<p><img decoding=\"async\" data-attachment-id=\"26279\" data-permalink=\"https:\/\/www.alqueria.es\/blogs\/alqueriaprimerciclo\/2021\/02\/25\/dia-de-andalucia-en-1o\/conejito\/\" data-orig-file=\"https:\/\/cloud.alqueria.es\/wp-content\/uploads\/sites\/6\/2021\/02\/Conejito.jpg\" data-orig-size=\"1024,768\" data-comments-opened=\"1\" data-image-meta=\"{&quot;aperture&quot;:&quot;0&quot;,&quot;credit&quot;:&quot;&quot;,&quot;camera&quot;:&quot;&quot;,&quot;caption&quot;:&quot;&quot;,&quot;created_timestamp&quot;:&quot;0&quot;,&quot;copyright&quot;:&quot;&quot;,&quot;focal_length&quot;:&quot;0&quot;,&quot;iso&quot;:&quot;0&quot;,&quot;shutter_speed&quot;:&quot;0&quot;,&quot;title&quot;:&quot;&quot;,&quot;orientation&quot;:&quot;0&quot;}\" data-image-title=\"Conejito\" data-image-description=\"\" data-image-caption=\"\" data-large-file=\"https:\/\/cloud.alqueria.es\/wp-content\/uploads\/sites\/6\/2021\/02\/Conejito.jpg\" class=\"alignnone size-full wp-image-26279\" src=\"https:\/\/cloud.alqueria.es\/wp-content\/uploads\/sites\/6\/2021\/02\/Conejito.jpg\" alt=\"\" width=\"1024\" height=\"768\" srcset=\"https:\/\/cloud.alqueria.es\/wp-content\/uploads\/sites\/6\/2021\/02\/Conejito.jpg 1024w, https:\/\/cloud.alqueria.es\/wp-content\/uploads\/sites\/6\/2021\/02\/Conejito-300x225.jpg 300w, https:\/\/cloud.alqueria.es\/wp-content\/uploads\/sites\/6\/2021\/02\/Conejito-768x576.jpg 768w\" sizes=\"(max-width: 1024px) 100vw, 1024px\" \/><\/p>\n<h4>Exploramos el color<\/h4>\n<p>Recordamos: colores primarios y secundarios.<\/p>\n<p class=\"jetpack-slideshow-noscript robots-nocontent\">El pase de diapositivas requiere JavaScript.<\/p><div id=\"gallery-26247-1-slideshow\" class=\"jetpack-slideshow-window jetpack-slideshow jetpack-slideshow-black\" data-trans=\"fade\" data-autostart=\"1\" data-gallery=\"[{&quot;src&quot;:&quot;https:\\\/\\\/cloud.alqueria.es\\\/wp-content\\\/uploads\\\/sites\\\/6\\\/2021\\\/02\\\/DSC04501.jpg&quot;,&quot;id&quot;:&quot;26262&quot;,&quot;title&quot;:&quot;DSC04501&quot;,&quot;alt&quot;:&quot;&quot;,&quot;caption&quot;:&quot;&quot;,&quot;itemprop&quot;:&quot;image&quot;},{&quot;src&quot;:&quot;https:\\\/\\\/cloud.alqueria.es\\\/wp-content\\\/uploads\\\/sites\\\/6\\\/2021\\\/02\\\/DSC04502.jpg&quot;,&quot;id&quot;:&quot;26263&quot;,&quot;title&quot;:&quot;DSC04502&quot;,&quot;alt&quot;:&quot;&quot;,&quot;caption&quot;:&quot;&quot;,&quot;itemprop&quot;:&quot;image&quot;},{&quot;src&quot;:&quot;https:\\\/\\\/cloud.alqueria.es\\\/wp-content\\\/uploads\\\/sites\\\/6\\\/2021\\\/02\\\/DSC04503.jpg&quot;,&quot;id&quot;:&quot;26264&quot;,&quot;title&quot;:&quot;DSC04503&quot;,&quot;alt&quot;:&quot;&quot;,&quot;caption&quot;:&quot;&quot;,&quot;itemprop&quot;:&quot;image&quot;},{&quot;src&quot;:&quot;https:\\\/\\\/cloud.alqueria.es\\\/wp-content\\\/uploads\\\/sites\\\/6\\\/2021\\\/02\\\/DSC04504.jpg&quot;,&quot;id&quot;:&quot;26265&quot;,&quot;title&quot;:&quot;DSC04504&quot;,&quot;alt&quot;:&quot;&quot;,&quot;caption&quot;:&quot;&quot;,&quot;itemprop&quot;:&quot;image&quot;},{&quot;src&quot;:&quot;https:\\\/\\\/cloud.alqueria.es\\\/wp-content\\\/uploads\\\/sites\\\/6\\\/2021\\\/02\\\/DSC04505.jpg&quot;,&quot;id&quot;:&quot;26266&quot;,&quot;title&quot;:&quot;DSC04505&quot;,&quot;alt&quot;:&quot;&quot;,&quot;caption&quot;:&quot;&quot;,&quot;itemprop&quot;:&quot;image&quot;},{&quot;src&quot;:&quot;https:\\\/\\\/cloud.alqueria.es\\\/wp-content\\\/uploads\\\/sites\\\/6\\\/2021\\\/02\\\/DSC04506.jpg&quot;,&quot;id&quot;:&quot;26267&quot;,&quot;title&quot;:&quot;DSC04506&quot;,&quot;alt&quot;:&quot;&quot;,&quot;caption&quot;:&quot;&quot;,&quot;itemprop&quot;:&quot;image&quot;},{&quot;src&quot;:&quot;https:\\\/\\\/cloud.alqueria.es\\\/wp-content\\\/uploads\\\/sites\\\/6\\\/2021\\\/02\\\/DSC04507.jpg&quot;,&quot;id&quot;:&quot;26268&quot;,&quot;title&quot;:&quot;DSC04507&quot;,&quot;alt&quot;:&quot;&quot;,&quot;caption&quot;:&quot;&quot;,&quot;itemprop&quot;:&quot;image&quot;},{&quot;src&quot;:&quot;https:\\\/\\\/cloud.alqueria.es\\\/wp-content\\\/uploads\\\/sites\\\/6\\\/2021\\\/02\\\/DSC04508.jpg&quot;,&quot;id&quot;:&quot;26269&quot;,&quot;title&quot;:&quot;DSC04508&quot;,&quot;alt&quot;:&quot;&quot;,&quot;caption&quot;:&quot;&quot;,&quot;itemprop&quot;:&quot;image&quot;},{&quot;src&quot;:&quot;https:\\\/\\\/cloud.alqueria.es\\\/wp-content\\\/uploads\\\/sites\\\/6\\\/2021\\\/02\\\/DSC04509.jpg&quot;,&quot;id&quot;:&quot;26270&quot;,&quot;title&quot;:&quot;DSC04509&quot;,&quot;alt&quot;:&quot;&quot;,&quot;caption&quot;:&quot;&quot;,&quot;itemprop&quot;:&quot;image&quot;},{&quot;src&quot;:&quot;https:\\\/\\\/cloud.alqueria.es\\\/wp-content\\\/uploads\\\/sites\\\/6\\\/2021\\\/02\\\/DSC04511.jpg&quot;,&quot;id&quot;:&quot;26271&quot;,&quot;title&quot;:&quot;DSC04511&quot;,&quot;alt&quot;:&quot;&quot;,&quot;caption&quot;:&quot;&quot;,&quot;itemprop&quot;:&quot;image&quot;},{&quot;src&quot;:&quot;https:\\\/\\\/cloud.alqueria.es\\\/wp-content\\\/uploads\\\/sites\\\/6\\\/2021\\\/02\\\/DSC04512.jpg&quot;,&quot;id&quot;:&quot;26272&quot;,&quot;title&quot;:&quot;DSC04512&quot;,&quot;alt&quot;:&quot;&quot;,&quot;caption&quot;:&quot;&quot;,&quot;itemprop&quot;:&quot;image&quot;},{&quot;src&quot;:&quot;https:\\\/\\\/cloud.alqueria.es\\\/wp-content\\\/uploads\\\/sites\\\/6\\\/2021\\\/02\\\/DSC04513.jpg&quot;,&quot;id&quot;:&quot;26273&quot;,&quot;title&quot;:&quot;DSC04513&quot;,&quot;alt&quot;:&quot;&quot;,&quot;caption&quot;:&quot;&quot;,&quot;itemprop&quot;:&quot;image&quot;},{&quot;src&quot;:&quot;https:\\\/\\\/cloud.alqueria.es\\\/wp-content\\\/uploads\\\/sites\\\/6\\\/2021\\\/02\\\/DSC04514.jpg&quot;,&quot;id&quot;:&quot;26274&quot;,&quot;title&quot;:&quot;DSC04514&quot;,&quot;alt&quot;:&quot;&quot;,&quot;caption&quot;:&quot;&quot;,&quot;itemprop&quot;:&quot;image&quot;}]\" itemscope itemtype=\"https:\/\/schema.org\/ImageGallery\"><\/div>\n<h4>Celebraci\u00f3n del d\u00eda de la mujer<\/h4>\n<p>Con motivo de esta celebraci\u00f3n vamos a preparar cada miembro del grupo\u00a0 una peque\u00f1a comunicaci\u00f3n, para transmitirla en clase el d\u00eda 8 de marzo, acerca de:<\/p>\n<h5 style=\"text-align: center\">\u00a0\u00bb La mujer m\u00e1s importante de mi familia\u00bb<\/h5>\n<p><img decoding=\"async\" src=\"https:\/\/leonescomercio.com\/wp-content\/uploads\/2017\/03\/dia-mujer-trabajadora-1.jpg\" alt=\"Le\u00f3n es comercio - \u00a1\u00a1\u00a1\u00a1Feliz D\u00eda de la Mujer!!!!\" \/><\/p>\n<p>Deseamos a toda la tribu unos d\u00edas agradables, creativos y bien protegidos.<\/p>\n<p>Rosi<\/p>\n","protected":false},"excerpt":{"rendered":"<p>El mapa de las provincias de Andaluc\u00eda Con motivo de la conmemoraci\u00f3n del d\u00eda de Andaluc\u00eda estudiamos las provincias que la forman, d\u00f3nde est\u00e1n situadas y algunas caracter\u00edsticas Trabajo sobre la descomposici\u00f3n del n\u00famero 100 Lo descomponemos en decenas a las que llamamos amigos de 100. Recordamos los amigos de 10 , para facilitar la &hellip; <a href=\"https:\/\/www.alqueria.es\/blogs\/alqueriaprimerciclo\/2021\/02\/25\/dia-de-andalucia-en-1o\/\" class=\"more-link\">Seguir leyendo <span class=\"screen-reader-text\">D\u00eda de Andaluc\u00eda en 1\u00ba<\/span> <span class=\"meta-nav\">&rarr;<\/span><\/a><\/p>\n","protected":false},"author":12,"featured_media":0,"comment_status":"open","ping_status":"open","sticky":false,"template":"","format":"standard","meta":{"jetpack_post_was_ever_published":false,"_jetpack_newsletter_access":"","_jetpack_dont_email_post_to_subs":false,"_jetpack_newsletter_tier_id":0,"_jetpack_memberships_contains_paywalled_content":false,"_jetpack_memberships_contains_paid_content":false,"footnotes":"","jetpack_publicize_message":"","jetpack_publicize_feature_enabled":true,"jetpack_social_post_already_shared":true,"jetpack_social_options":{"image_generator_settings":{"template":"highway","default_image_id":0,"font":"","enabled":false},"version":2}},"categories":[2,6,8,14],"tags":[32,147,142,60],"class_list":["post-26247","post","type-post","status-publish","format-standard","hentry","category-1o-epo","category-conocimiento-del-medio-1o","category-diario-de-clase-1o","category-matematicas-1o","tag-alqueria","tag-aprendemos-de-otra-manera","tag-dia-de-andalucia","tag-primaria"],"jetpack_publicize_connections":[],"jetpack_featured_media_url":"","jetpack_sharing_enabled":true,"jetpack_shortlink":"https:\/\/wp.me\/p4lvS0-6Pl","_links":{"self":[{"href":"https:\/\/www.alqueria.es\/blogs\/alqueriaprimerciclo\/wp-json\/wp\/v2\/posts\/26247","targetHints":{"allow":["GET"]}}],"collection":[{"href":"https:\/\/www.alqueria.es\/blogs\/alqueriaprimerciclo\/wp-json\/wp\/v2\/posts"}],"about":[{"href":"https:\/\/www.alqueria.es\/blogs\/alqueriaprimerciclo\/wp-json\/wp\/v2\/types\/post"}],"author":[{"embeddable":true,"href":"https:\/\/www.alqueria.es\/blogs\/alqueriaprimerciclo\/wp-json\/wp\/v2\/users\/12"}],"replies":[{"embeddable":true,"href":"https:\/\/www.alqueria.es\/blogs\/alqueriaprimerciclo\/wp-json\/wp\/v2\/comments?post=26247"}],"version-history":[{"count":12,"href":"https:\/\/www.alqueria.es\/blogs\/alqueriaprimerciclo\/wp-json\/wp\/v2\/posts\/26247\/revisions"}],"predecessor-version":[{"id":26280,"href":"https:\/\/www.alqueria.es\/blogs\/alqueriaprimerciclo\/wp-json\/wp\/v2\/posts\/26247\/revisions\/26280"}],"wp:attachment":[{"href":"https:\/\/www.alqueria.es\/blogs\/alqueriaprimerciclo\/wp-json\/wp\/v2\/media?parent=26247"}],"wp:term":[{"taxonomy":"category","embeddable":true,"href":"https:\/\/www.alqueria.es\/blogs\/alqueriaprimerciclo\/wp-json\/wp\/v2\/categories?post=26247"},{"taxonomy":"post_tag","embeddable":true,"href":"https:\/\/www.alqueria.es\/blogs\/alqueriaprimerciclo\/wp-json\/wp\/v2\/tags?post=26247"}],"curies":[{"name":"wp","href":"https:\/\/api.w.org\/{rel}","templated":true}]}}