{"id":27747,"date":"2021-09-18T17:01:39","date_gmt":"2021-09-18T15:01:39","guid":{"rendered":"https:\/\/www.alqueria.es\/blogs\/alqueriaprimerciclo\/?p=27747"},"modified":"2021-09-18T17:05:06","modified_gmt":"2021-09-18T15:05:06","slug":"comenzamos-en-primaria","status":"publish","type":"post","link":"https:\/\/www.alqueria.es\/blogs\/alqueriaprimerciclo\/2021\/09\/18\/comenzamos-en-primaria\/","title":{"rendered":"Comenzamos en primaria"},"content":{"rendered":"<h5><span style=\"color: #ff00ff\"><strong>Comenzamos en primaria<\/strong><\/span><\/h5>\n<p>Queridas familias, Bienvenidas de nuevo , en esta ocasi\u00f3n a trav\u00e9s de esta v\u00eda de conexi\u00f3n entre la escuela y las familias.<\/p>\n<p><img decoding=\"async\" data-attachment-id=\"27785\" data-permalink=\"https:\/\/www.alqueria.es\/blogs\/alqueriaprimerciclo\/2021\/09\/18\/comenzamos-en-primaria\/bienvenida-2\/\" data-orig-file=\"https:\/\/cloud.alqueria.es\/wp-content\/uploads\/sites\/6\/2021\/09\/bienvenida.jpg\" data-orig-size=\"492,290\" data-comments-opened=\"1\" data-image-meta=\"{&quot;aperture&quot;:&quot;0&quot;,&quot;credit&quot;:&quot;&quot;,&quot;camera&quot;:&quot;&quot;,&quot;caption&quot;:&quot;&quot;,&quot;created_timestamp&quot;:&quot;0&quot;,&quot;copyright&quot;:&quot;&quot;,&quot;focal_length&quot;:&quot;0&quot;,&quot;iso&quot;:&quot;0&quot;,&quot;shutter_speed&quot;:&quot;0&quot;,&quot;title&quot;:&quot;&quot;,&quot;orientation&quot;:&quot;0&quot;}\" data-image-title=\"bienvenida\" data-image-description=\"\" data-image-caption=\"\" data-large-file=\"https:\/\/cloud.alqueria.es\/wp-content\/uploads\/sites\/6\/2021\/09\/bienvenida.jpg\" class=\"alignnone size-full wp-image-27785\" src=\"https:\/\/cloud.alqueria.es\/wp-content\/uploads\/sites\/6\/2021\/09\/bienvenida.jpg\" alt=\"\" width=\"492\" height=\"290\" srcset=\"https:\/\/cloud.alqueria.es\/wp-content\/uploads\/sites\/6\/2021\/09\/bienvenida.jpg 492w, https:\/\/cloud.alqueria.es\/wp-content\/uploads\/sites\/6\/2021\/09\/bienvenida-300x177.jpg 300w\" sizes=\"(max-width: 492px) 100vw, 492px\" \/><\/p>\n<p>Es muy emocionante iniciar una nueva relaci\u00f3n con el grupo de <strong><span style=\"color: #339966\">primero<\/span><\/strong>, ya que nos hab\u00e9is confiado la participaci\u00f3n en la educaci\u00f3n de vuestros hijos o hijas, una gran responsabilidad que compartiremos con la seguridad de vuestra compa\u00f1\u00eda.<\/p>\n<p>Como los m\u00e1s peque\u00f1os de la etapa, la clase de primero es recibida\u00a0 por los compa\u00f1eros de primaria, acompa\u00f1ada en la inauguraci\u00f3n del curso a cargo de la directora Loli y el equipo de profes.<\/p>\n<p><img decoding=\"async\" data-attachment-id=\"27752\" data-permalink=\"https:\/\/www.alqueria.es\/blogs\/alqueriaprimerciclo\/2021\/09\/18\/comenzamos-en-primaria\/p10910-111428_comps\/\" data-orig-file=\"https:\/\/cloud.alqueria.es\/wp-content\/uploads\/sites\/6\/2021\/09\/P10910-111428_comps.jpg\" data-orig-size=\"1024,768\" data-comments-opened=\"1\" data-image-meta=\"{&quot;aperture&quot;:&quot;2.2&quot;,&quot;credit&quot;:&quot;&quot;,&quot;camera&quot;:&quot;MEIZU_M5&quot;,&quot;caption&quot;:&quot;&quot;,&quot;created_timestamp&quot;:&quot;1631272468&quot;,&quot;copyright&quot;:&quot;&quot;,&quot;focal_length&quot;:&quot;3.5&quot;,&quot;iso&quot;:&quot;101&quot;,&quot;shutter_speed&quot;:&quot;0.001349&quot;,&quot;title&quot;:&quot;&quot;,&quot;orientation&quot;:&quot;1&quot;}\" data-image-title=\"P10910-111428_comps\" data-image-description=\"\" data-image-caption=\"\" data-large-file=\"https:\/\/cloud.alqueria.es\/wp-content\/uploads\/sites\/6\/2021\/09\/P10910-111428_comps.jpg\" class=\"alignnone size-full wp-image-27752\" src=\"https:\/\/cloud.alqueria.es\/wp-content\/uploads\/sites\/6\/2021\/09\/P10910-111428_comps.jpg\" alt=\"\" width=\"1024\" height=\"768\" srcset=\"https:\/\/cloud.alqueria.es\/wp-content\/uploads\/sites\/6\/2021\/09\/P10910-111428_comps.jpg 1024w, https:\/\/cloud.alqueria.es\/wp-content\/uploads\/sites\/6\/2021\/09\/P10910-111428_comps-300x225.jpg 300w, https:\/\/cloud.alqueria.es\/wp-content\/uploads\/sites\/6\/2021\/09\/P10910-111428_comps-768x576.jpg 768w\" sizes=\"(max-width: 1024px) 100vw, 1024px\" \/><\/p>\n<h6><span style=\"color: #ff00ff\"><strong>En clase<\/strong><\/span><\/h6>\n<p>Reconocemos los espacios y materiales que vamos a compartir. Nos reconocemos como\u00a0 un nuevo grupo\u00a0 con las\u00a0 incorporaciones de <span style=\"color: #3366ff\">Jacob, Ian, Thor, Bruno, Quique y Rafa<\/span>. Nos contamos lo que m\u00e1s nos gusta hacer, las vivencias de las vacaciones&#8230;, como forma de presentaci\u00f3n al grupo.<\/p>\n<p>Se unen a nuestra clase tres peces que tendremos que cuidar entre todos. Preguntarles los nombres que han decidido ponerle.<\/p>\n<p><img decoding=\"async\" data-attachment-id=\"27757\" data-permalink=\"https:\/\/www.alqueria.es\/blogs\/alqueriaprimerciclo\/2021\/09\/18\/comenzamos-en-primaria\/p10910-130457_comps\/\" data-orig-file=\"https:\/\/cloud.alqueria.es\/wp-content\/uploads\/sites\/6\/2021\/09\/P10910-130457_comps.jpg\" data-orig-size=\"1024,768\" data-comments-opened=\"1\" data-image-meta=\"{&quot;aperture&quot;:&quot;2.2&quot;,&quot;credit&quot;:&quot;&quot;,&quot;camera&quot;:&quot;MEIZU_M5&quot;,&quot;caption&quot;:&quot;&quot;,&quot;created_timestamp&quot;:&quot;1631279098&quot;,&quot;copyright&quot;:&quot;&quot;,&quot;focal_length&quot;:&quot;3.5&quot;,&quot;iso&quot;:&quot;604&quot;,&quot;shutter_speed&quot;:&quot;0.029996&quot;,&quot;title&quot;:&quot;&quot;,&quot;orientation&quot;:&quot;1&quot;}\" data-image-title=\"P10910-130457_comps\" data-image-description=\"\" data-image-caption=\"\" data-large-file=\"https:\/\/cloud.alqueria.es\/wp-content\/uploads\/sites\/6\/2021\/09\/P10910-130457_comps.jpg\" class=\"alignnone size-full wp-image-27757\" src=\"https:\/\/cloud.alqueria.es\/wp-content\/uploads\/sites\/6\/2021\/09\/P10910-130457_comps.jpg\" alt=\"\" width=\"1024\" height=\"768\" srcset=\"https:\/\/cloud.alqueria.es\/wp-content\/uploads\/sites\/6\/2021\/09\/P10910-130457_comps.jpg 1024w, https:\/\/cloud.alqueria.es\/wp-content\/uploads\/sites\/6\/2021\/09\/P10910-130457_comps-300x225.jpg 300w, https:\/\/cloud.alqueria.es\/wp-content\/uploads\/sites\/6\/2021\/09\/P10910-130457_comps-768x576.jpg 768w\" sizes=\"(max-width: 1024px) 100vw, 1024px\" \/><\/p>\n<p>Reflexionamos sobre qu\u00e9 nos gustar\u00eda hacer en primero. Las expectativas son variadas, aprender a leer , escribir, trabajar con los n\u00fameros , investigar y\u00a0 hacer conferencias, jugar en clase, en el patio , la pista o el jard\u00edn&#8230; Hacer recetas de cocina, excursiones, escalar, hacer casas de p\u00e1jaros.<\/p>\n<p>En distintas agrupaciones , seg\u00fan intereses particulares jugamos con los materiales de la clase. Nos gusta mucho la gran caja de <span style=\"color: #3366ff\">legos<\/span>, nos permiten compartir para construir en equipo.<\/p>\n<p>Los <span style=\"color: #0000ff\">juegos de mesa, <span style=\"color: #000000\">que nos hacen ponernos de acuerdo, respetar turnos, esperar, estar atentos a las jugadas.<\/span><\/span><\/p>\n<p><img decoding=\"async\" data-attachment-id=\"27772\" data-permalink=\"https:\/\/www.alqueria.es\/blogs\/alqueriaprimerciclo\/2021\/09\/18\/comenzamos-en-primaria\/p10914-163956\/\" data-orig-file=\"https:\/\/cloud.alqueria.es\/wp-content\/uploads\/sites\/6\/2021\/09\/P10914-163956.jpg\" data-orig-size=\"1024,768\" data-comments-opened=\"1\" data-image-meta=\"{&quot;aperture&quot;:&quot;0&quot;,&quot;credit&quot;:&quot;&quot;,&quot;camera&quot;:&quot;MEIZU_M5&quot;,&quot;caption&quot;:&quot;&quot;,&quot;created_timestamp&quot;:&quot;0&quot;,&quot;copyright&quot;:&quot;&quot;,&quot;focal_length&quot;:&quot;3.5&quot;,&quot;iso&quot;:&quot;0&quot;,&quot;shutter_speed&quot;:&quot;0.0299&quot;,&quot;title&quot;:&quot;&quot;,&quot;orientation&quot;:&quot;0&quot;}\" data-image-title=\"P10914-163956\" data-image-description=\"\" data-image-caption=\"\" data-large-file=\"https:\/\/cloud.alqueria.es\/wp-content\/uploads\/sites\/6\/2021\/09\/P10914-163956.jpg\" class=\"alignnone size-full wp-image-27772\" src=\"https:\/\/cloud.alqueria.es\/wp-content\/uploads\/sites\/6\/2021\/09\/P10914-163956.jpg\" alt=\"\" width=\"1024\" height=\"768\" srcset=\"https:\/\/cloud.alqueria.es\/wp-content\/uploads\/sites\/6\/2021\/09\/P10914-163956.jpg 1024w, https:\/\/cloud.alqueria.es\/wp-content\/uploads\/sites\/6\/2021\/09\/P10914-163956-300x225.jpg 300w, https:\/\/cloud.alqueria.es\/wp-content\/uploads\/sites\/6\/2021\/09\/P10914-163956-768x576.jpg 768w\" sizes=\"(max-width: 1024px) 100vw, 1024px\" \/><\/p>\n<p><img decoding=\"async\" data-attachment-id=\"27760\" data-permalink=\"https:\/\/www.alqueria.es\/blogs\/alqueriaprimerciclo\/2021\/09\/18\/comenzamos-en-primaria\/p10917-094554\/\" data-orig-file=\"https:\/\/cloud.alqueria.es\/wp-content\/uploads\/sites\/6\/2021\/09\/P10917-094554.jpg\" data-orig-size=\"1024,1024\" data-comments-opened=\"1\" data-image-meta=\"{&quot;aperture&quot;:&quot;2.2&quot;,&quot;credit&quot;:&quot;&quot;,&quot;camera&quot;:&quot;MEIZU_M5&quot;,&quot;caption&quot;:&quot;&quot;,&quot;created_timestamp&quot;:&quot;1631871954&quot;,&quot;copyright&quot;:&quot;&quot;,&quot;focal_length&quot;:&quot;3.5&quot;,&quot;iso&quot;:&quot;353&quot;,&quot;shutter_speed&quot;:&quot;0.029996&quot;,&quot;title&quot;:&quot;&quot;,&quot;orientation&quot;:&quot;1&quot;}\" data-image-title=\"P10917-094554\" data-image-description=\"\" data-image-caption=\"\" data-large-file=\"https:\/\/cloud.alqueria.es\/wp-content\/uploads\/sites\/6\/2021\/09\/P10917-094554-1024x1024.jpg\" class=\"alignnone size-full wp-image-27760\" src=\"https:\/\/cloud.alqueria.es\/wp-content\/uploads\/sites\/6\/2021\/09\/P10917-094554.jpg\" alt=\"\" width=\"1024\" height=\"1024\" srcset=\"https:\/\/cloud.alqueria.es\/wp-content\/uploads\/sites\/6\/2021\/09\/P10917-094554.jpg 1024w, https:\/\/cloud.alqueria.es\/wp-content\/uploads\/sites\/6\/2021\/09\/P10917-094554-300x300.jpg 300w, https:\/\/cloud.alqueria.es\/wp-content\/uploads\/sites\/6\/2021\/09\/P10917-094554-150x150.jpg 150w, https:\/\/cloud.alqueria.es\/wp-content\/uploads\/sites\/6\/2021\/09\/P10917-094554-768x768.jpg 768w\" sizes=\"(max-width: 1024px) 100vw, 1024px\" \/><\/p>\n<p><img decoding=\"async\" data-attachment-id=\"27771\" data-permalink=\"https:\/\/www.alqueria.es\/blogs\/alqueriaprimerciclo\/2021\/09\/18\/comenzamos-en-primaria\/p10917-094643\/\" data-orig-file=\"https:\/\/cloud.alqueria.es\/wp-content\/uploads\/sites\/6\/2021\/09\/P10917-094643.jpg\" data-orig-size=\"1024,768\" data-comments-opened=\"1\" data-image-meta=\"{&quot;aperture&quot;:&quot;0&quot;,&quot;credit&quot;:&quot;&quot;,&quot;camera&quot;:&quot;MEIZU_M5&quot;,&quot;caption&quot;:&quot;&quot;,&quot;created_timestamp&quot;:&quot;0&quot;,&quot;copyright&quot;:&quot;&quot;,&quot;focal_length&quot;:&quot;3.5&quot;,&quot;iso&quot;:&quot;0&quot;,&quot;shutter_speed&quot;:&quot;0.0299&quot;,&quot;title&quot;:&quot;&quot;,&quot;orientation&quot;:&quot;0&quot;}\" data-image-title=\"P10917-094643\" data-image-description=\"\" data-image-caption=\"\" data-large-file=\"https:\/\/cloud.alqueria.es\/wp-content\/uploads\/sites\/6\/2021\/09\/P10917-094643.jpg\" class=\"alignnone size-full wp-image-27771\" src=\"https:\/\/cloud.alqueria.es\/wp-content\/uploads\/sites\/6\/2021\/09\/P10917-094643.jpg\" alt=\"\" width=\"1024\" height=\"768\" srcset=\"https:\/\/cloud.alqueria.es\/wp-content\/uploads\/sites\/6\/2021\/09\/P10917-094643.jpg 1024w, https:\/\/cloud.alqueria.es\/wp-content\/uploads\/sites\/6\/2021\/09\/P10917-094643-300x225.jpg 300w, https:\/\/cloud.alqueria.es\/wp-content\/uploads\/sites\/6\/2021\/09\/P10917-094643-768x576.jpg 768w\" sizes=\"(max-width: 1024px) 100vw, 1024px\" \/><\/p>\n<p><img decoding=\"async\" data-attachment-id=\"27774\" data-permalink=\"https:\/\/www.alqueria.es\/blogs\/alqueriaprimerciclo\/2021\/09\/18\/comenzamos-en-primaria\/p10917-094610\/\" data-orig-file=\"https:\/\/cloud.alqueria.es\/wp-content\/uploads\/sites\/6\/2021\/09\/P10917-094610.jpg\" data-orig-size=\"1024,1024\" data-comments-opened=\"1\" data-image-meta=\"{&quot;aperture&quot;:&quot;0&quot;,&quot;credit&quot;:&quot;&quot;,&quot;camera&quot;:&quot;MEIZU_M5&quot;,&quot;caption&quot;:&quot;&quot;,&quot;created_timestamp&quot;:&quot;0&quot;,&quot;copyright&quot;:&quot;&quot;,&quot;focal_length&quot;:&quot;3.5&quot;,&quot;iso&quot;:&quot;0&quot;,&quot;shutter_speed&quot;:&quot;0.0299&quot;,&quot;title&quot;:&quot;&quot;,&quot;orientation&quot;:&quot;0&quot;}\" data-image-title=\"P10917-094610\" data-image-description=\"\" data-image-caption=\"\" data-large-file=\"https:\/\/cloud.alqueria.es\/wp-content\/uploads\/sites\/6\/2021\/09\/P10917-094610-1024x1024.jpg\" class=\"alignnone size-full wp-image-27774\" src=\"https:\/\/cloud.alqueria.es\/wp-content\/uploads\/sites\/6\/2021\/09\/P10917-094610.jpg\" alt=\"\" width=\"1024\" height=\"1024\" srcset=\"https:\/\/cloud.alqueria.es\/wp-content\/uploads\/sites\/6\/2021\/09\/P10917-094610.jpg 1024w, https:\/\/cloud.alqueria.es\/wp-content\/uploads\/sites\/6\/2021\/09\/P10917-094610-300x300.jpg 300w, https:\/\/cloud.alqueria.es\/wp-content\/uploads\/sites\/6\/2021\/09\/P10917-094610-150x150.jpg 150w, https:\/\/cloud.alqueria.es\/wp-content\/uploads\/sites\/6\/2021\/09\/P10917-094610-768x768.jpg 768w\" sizes=\"(max-width: 1024px) 100vw, 1024px\" \/><\/p>\n<p><img decoding=\"async\" data-attachment-id=\"27781\" data-permalink=\"https:\/\/www.alqueria.es\/blogs\/alqueriaprimerciclo\/2021\/09\/18\/comenzamos-en-primaria\/p10917-0946571\/\" data-orig-file=\"https:\/\/cloud.alqueria.es\/wp-content\/uploads\/sites\/6\/2021\/09\/P10917-0946571.jpg\" data-orig-size=\"834,1024\" data-comments-opened=\"1\" data-image-meta=\"{&quot;aperture&quot;:&quot;0&quot;,&quot;credit&quot;:&quot;&quot;,&quot;camera&quot;:&quot;MEIZU_M5&quot;,&quot;caption&quot;:&quot;&quot;,&quot;created_timestamp&quot;:&quot;0&quot;,&quot;copyright&quot;:&quot;&quot;,&quot;focal_length&quot;:&quot;3.5&quot;,&quot;iso&quot;:&quot;0&quot;,&quot;shutter_speed&quot;:&quot;0.0299&quot;,&quot;title&quot;:&quot;&quot;,&quot;orientation&quot;:&quot;1&quot;}\" data-image-title=\"P10917-094657(1)\" data-image-description=\"\" data-image-caption=\"\" data-large-file=\"https:\/\/cloud.alqueria.es\/wp-content\/uploads\/sites\/6\/2021\/09\/P10917-0946571.jpg\" class=\"alignnone size-full wp-image-27781\" src=\"https:\/\/cloud.alqueria.es\/wp-content\/uploads\/sites\/6\/2021\/09\/P10917-0946571.jpg\" alt=\"\" width=\"834\" height=\"1024\" srcset=\"https:\/\/cloud.alqueria.es\/wp-content\/uploads\/sites\/6\/2021\/09\/P10917-0946571.jpg 834w, https:\/\/cloud.alqueria.es\/wp-content\/uploads\/sites\/6\/2021\/09\/P10917-0946571-244x300.jpg 244w, https:\/\/cloud.alqueria.es\/wp-content\/uploads\/sites\/6\/2021\/09\/P10917-0946571-768x943.jpg 768w\" sizes=\"(max-width: 834px) 100vw, 834px\" \/><\/p>\n<p>Otros juegos son m\u00e1s tareosos. Ordenamos buscando estrategias efectivas que faciliten la tarea de saber cu\u00e1nto material tenemos, palillos, damos ideas\u00a0 para grandes cantidades, parece que hacer grupos es m\u00e1s eficaz para el conteo r\u00e1pido.<\/p>\n<p><img decoding=\"async\" data-attachment-id=\"27780\" data-permalink=\"https:\/\/www.alqueria.es\/blogs\/alqueriaprimerciclo\/2021\/09\/18\/comenzamos-en-primaria\/p10915-121502\/\" data-orig-file=\"https:\/\/cloud.alqueria.es\/wp-content\/uploads\/sites\/6\/2021\/09\/P10915-121502.jpg\" data-orig-size=\"1024,768\" data-comments-opened=\"1\" data-image-meta=\"{&quot;aperture&quot;:&quot;0&quot;,&quot;credit&quot;:&quot;&quot;,&quot;camera&quot;:&quot;MEIZU_M5&quot;,&quot;caption&quot;:&quot;&quot;,&quot;created_timestamp&quot;:&quot;0&quot;,&quot;copyright&quot;:&quot;&quot;,&quot;focal_length&quot;:&quot;3.5&quot;,&quot;iso&quot;:&quot;0&quot;,&quot;shutter_speed&quot;:&quot;0.0299&quot;,&quot;title&quot;:&quot;&quot;,&quot;orientation&quot;:&quot;0&quot;}\" data-image-title=\"P10915-121502\" data-image-description=\"\" data-image-caption=\"\" data-large-file=\"https:\/\/cloud.alqueria.es\/wp-content\/uploads\/sites\/6\/2021\/09\/P10915-121502.jpg\" class=\"alignnone size-full wp-image-27780\" src=\"https:\/\/cloud.alqueria.es\/wp-content\/uploads\/sites\/6\/2021\/09\/P10915-121502.jpg\" alt=\"\" width=\"1024\" height=\"768\" srcset=\"https:\/\/cloud.alqueria.es\/wp-content\/uploads\/sites\/6\/2021\/09\/P10915-121502.jpg 1024w, https:\/\/cloud.alqueria.es\/wp-content\/uploads\/sites\/6\/2021\/09\/P10915-121502-300x225.jpg 300w, https:\/\/cloud.alqueria.es\/wp-content\/uploads\/sites\/6\/2021\/09\/P10915-121502-768x576.jpg 768w\" sizes=\"(max-width: 1024px) 100vw, 1024px\" \/><\/p>\n<p><img decoding=\"async\" data-attachment-id=\"27779\" data-permalink=\"https:\/\/www.alqueria.es\/blogs\/alqueriaprimerciclo\/2021\/09\/18\/comenzamos-en-primaria\/p10915-121505\/\" data-orig-file=\"https:\/\/cloud.alqueria.es\/wp-content\/uploads\/sites\/6\/2021\/09\/P10915-121505.jpg\" data-orig-size=\"1024,768\" data-comments-opened=\"1\" data-image-meta=\"{&quot;aperture&quot;:&quot;0&quot;,&quot;credit&quot;:&quot;&quot;,&quot;camera&quot;:&quot;MEIZU_M5&quot;,&quot;caption&quot;:&quot;&quot;,&quot;created_timestamp&quot;:&quot;0&quot;,&quot;copyright&quot;:&quot;&quot;,&quot;focal_length&quot;:&quot;3.5&quot;,&quot;iso&quot;:&quot;0&quot;,&quot;shutter_speed&quot;:&quot;0.0299&quot;,&quot;title&quot;:&quot;&quot;,&quot;orientation&quot;:&quot;0&quot;}\" data-image-title=\"P10915-121505\" data-image-description=\"\" data-image-caption=\"\" data-large-file=\"https:\/\/cloud.alqueria.es\/wp-content\/uploads\/sites\/6\/2021\/09\/P10915-121505.jpg\" class=\"alignnone size-full wp-image-27779\" src=\"https:\/\/cloud.alqueria.es\/wp-content\/uploads\/sites\/6\/2021\/09\/P10915-121505.jpg\" alt=\"\" width=\"1024\" height=\"768\" srcset=\"https:\/\/cloud.alqueria.es\/wp-content\/uploads\/sites\/6\/2021\/09\/P10915-121505.jpg 1024w, https:\/\/cloud.alqueria.es\/wp-content\/uploads\/sites\/6\/2021\/09\/P10915-121505-300x225.jpg 300w, https:\/\/cloud.alqueria.es\/wp-content\/uploads\/sites\/6\/2021\/09\/P10915-121505-768x576.jpg 768w\" sizes=\"(max-width: 1024px) 100vw, 1024px\" \/><\/p>\n<p><img decoding=\"async\" data-attachment-id=\"27777\" data-permalink=\"https:\/\/www.alqueria.es\/blogs\/alqueriaprimerciclo\/2021\/09\/18\/comenzamos-en-primaria\/p10915-121451\/\" data-orig-file=\"https:\/\/cloud.alqueria.es\/wp-content\/uploads\/sites\/6\/2021\/09\/P10915-121451.jpg\" data-orig-size=\"768,1024\" data-comments-opened=\"1\" data-image-meta=\"{&quot;aperture&quot;:&quot;0&quot;,&quot;credit&quot;:&quot;&quot;,&quot;camera&quot;:&quot;MEIZU_M5&quot;,&quot;caption&quot;:&quot;&quot;,&quot;created_timestamp&quot;:&quot;0&quot;,&quot;copyright&quot;:&quot;&quot;,&quot;focal_length&quot;:&quot;3.5&quot;,&quot;iso&quot;:&quot;0&quot;,&quot;shutter_speed&quot;:&quot;0.0299&quot;,&quot;title&quot;:&quot;&quot;,&quot;orientation&quot;:&quot;0&quot;}\" data-image-title=\"P10915-121451\" data-image-description=\"\" data-image-caption=\"\" data-large-file=\"https:\/\/cloud.alqueria.es\/wp-content\/uploads\/sites\/6\/2021\/09\/P10915-121451.jpg\" class=\"alignnone size-full wp-image-27777\" src=\"https:\/\/cloud.alqueria.es\/wp-content\/uploads\/sites\/6\/2021\/09\/P10915-121451.jpg\" alt=\"\" width=\"768\" height=\"1024\" srcset=\"https:\/\/cloud.alqueria.es\/wp-content\/uploads\/sites\/6\/2021\/09\/P10915-121451.jpg 768w, https:\/\/cloud.alqueria.es\/wp-content\/uploads\/sites\/6\/2021\/09\/P10915-121451-225x300.jpg 225w\" sizes=\"(max-width: 768px) 100vw, 768px\" \/><\/p>\n<h6><span style=\"color: #ffcc00\"><strong>Nuestros materiales<\/strong><\/span><\/h6>\n<p>Preparamos los materiales que vamos a utilizar para poder llevar acab\u00f3 nuestras tareas.\u00a0 Un estuche personal para el l\u00e1piz y goma,\u00a0 otro por parejas para el resto de material.<\/p>\n<p>Ordenamos nuestras bolsas para las mascarillas y las botellas de agua, semanalmente llevaremos a casa el viernes\u00a0 para higienizar y traeremos al cole el lunes . La mochila nos ayuda a llevar y traer cada d\u00eda lo que vayamos a necesitar y esperemos que venga cargada de ilusi\u00f3n y se\u00a0 la lleven llena de entusiasmo.<\/p>\n<p style=\"text-align: left\">\u00a0Hemos escrito nuestra primera <span style=\"color: #993366\">carta<\/span> para informaros, en esta ocasi\u00f3n sobre la necesidad de traer una carpeta . Podremos utilizarla para llevar y traer cosas entre el\u00a0 cole y la casa a diario.<\/p>\n<p>Preparamos el <strong><span style=\"color: #339966\">horario<\/span><\/strong> que nos marcar\u00e1 la entrada y salida de los distintos profes que nos acompa\u00f1an este curso, Alberto en educaci\u00f3n f\u00edsica, Ana en art\u00edstica, Julia en los idiomas, ingl\u00e9s y franc\u00e9s, Elena en m\u00fasica , Magali nos atiende en el comedor y Rosi, Eva y Tatiana vendr\u00e1n a ayudarle a\u00a0 Dar\u00eda el resto de clases.<\/p>\n<p><img decoding=\"async\" data-attachment-id=\"27782\" data-permalink=\"https:\/\/www.alqueria.es\/blogs\/alqueriaprimerciclo\/2021\/09\/18\/comenzamos-en-primaria\/p10915-163416\/\" data-orig-file=\"https:\/\/cloud.alqueria.es\/wp-content\/uploads\/sites\/6\/2021\/09\/P10915-163416.jpg\" data-orig-size=\"1024,768\" data-comments-opened=\"1\" data-image-meta=\"{&quot;aperture&quot;:&quot;0&quot;,&quot;credit&quot;:&quot;&quot;,&quot;camera&quot;:&quot;MEIZU_M5&quot;,&quot;caption&quot;:&quot;&quot;,&quot;created_timestamp&quot;:&quot;0&quot;,&quot;copyright&quot;:&quot;&quot;,&quot;focal_length&quot;:&quot;3.5&quot;,&quot;iso&quot;:&quot;0&quot;,&quot;shutter_speed&quot;:&quot;0.0299&quot;,&quot;title&quot;:&quot;&quot;,&quot;orientation&quot;:&quot;0&quot;}\" data-image-title=\"P10915-163416\" data-image-description=\"\" data-image-caption=\"\" data-large-file=\"https:\/\/cloud.alqueria.es\/wp-content\/uploads\/sites\/6\/2021\/09\/P10915-163416.jpg\" class=\"alignnone size-full wp-image-27782\" src=\"https:\/\/cloud.alqueria.es\/wp-content\/uploads\/sites\/6\/2021\/09\/P10915-163416.jpg\" alt=\"\" width=\"1024\" height=\"768\" srcset=\"https:\/\/cloud.alqueria.es\/wp-content\/uploads\/sites\/6\/2021\/09\/P10915-163416.jpg 1024w, https:\/\/cloud.alqueria.es\/wp-content\/uploads\/sites\/6\/2021\/09\/P10915-163416-300x225.jpg 300w, https:\/\/cloud.alqueria.es\/wp-content\/uploads\/sites\/6\/2021\/09\/P10915-163416-768x576.jpg 768w\" sizes=\"(max-width: 1024px) 100vw, 1024px\" \/><\/p>\n<p>Con Ana, la profe de art\u00edstica, preparamos una libreta personalizada donde daremos rienda suelta a nuestra creatividad.<\/p>\n<p><img decoding=\"async\" data-attachment-id=\"27778\" data-permalink=\"https:\/\/www.alqueria.es\/blogs\/alqueriaprimerciclo\/2021\/09\/18\/comenzamos-en-primaria\/p10915-153411\/\" data-orig-file=\"https:\/\/cloud.alqueria.es\/wp-content\/uploads\/sites\/6\/2021\/09\/P10915-153411.jpg\" data-orig-size=\"1024,768\" data-comments-opened=\"1\" data-image-meta=\"{&quot;aperture&quot;:&quot;0&quot;,&quot;credit&quot;:&quot;&quot;,&quot;camera&quot;:&quot;MEIZU_M5&quot;,&quot;caption&quot;:&quot;&quot;,&quot;created_timestamp&quot;:&quot;0&quot;,&quot;copyright&quot;:&quot;&quot;,&quot;focal_length&quot;:&quot;3.5&quot;,&quot;iso&quot;:&quot;0&quot;,&quot;shutter_speed&quot;:&quot;0.0299&quot;,&quot;title&quot;:&quot;&quot;,&quot;orientation&quot;:&quot;0&quot;}\" data-image-title=\"P10915-153411\" data-image-description=\"\" data-image-caption=\"\" data-large-file=\"https:\/\/cloud.alqueria.es\/wp-content\/uploads\/sites\/6\/2021\/09\/P10915-153411.jpg\" class=\"alignnone size-full wp-image-27778\" src=\"https:\/\/cloud.alqueria.es\/wp-content\/uploads\/sites\/6\/2021\/09\/P10915-153411.jpg\" alt=\"\" width=\"1024\" height=\"768\" srcset=\"https:\/\/cloud.alqueria.es\/wp-content\/uploads\/sites\/6\/2021\/09\/P10915-153411.jpg 1024w, https:\/\/cloud.alqueria.es\/wp-content\/uploads\/sites\/6\/2021\/09\/P10915-153411-300x225.jpg 300w, https:\/\/cloud.alqueria.es\/wp-content\/uploads\/sites\/6\/2021\/09\/P10915-153411-768x576.jpg 768w\" sizes=\"(max-width: 1024px) 100vw, 1024px\" \/><\/p>\n<p>Nos encanta expresarnos a trav\u00e9s del dibujo,\u00a0 con tem\u00e1tica libre o para contarnos nuestras vacaciones.<\/p>\n<p>La biblioteca de clase se ha llenado de libros sobre animales porque nos gustan mucho y los consultamos al llegar a clase.<\/p>\n<p>&nbsp;<\/p>\n<p><img decoding=\"async\" data-attachment-id=\"27767\" data-permalink=\"https:\/\/www.alqueria.es\/blogs\/alqueriaprimerciclo\/2021\/09\/18\/comenzamos-en-primaria\/p10913-102445\/\" data-orig-file=\"https:\/\/cloud.alqueria.es\/wp-content\/uploads\/sites\/6\/2021\/09\/P10913-102445.jpg\" data-orig-size=\"1024,768\" data-comments-opened=\"1\" data-image-meta=\"{&quot;aperture&quot;:&quot;0&quot;,&quot;credit&quot;:&quot;&quot;,&quot;camera&quot;:&quot;MEIZU_M5&quot;,&quot;caption&quot;:&quot;&quot;,&quot;created_timestamp&quot;:&quot;0&quot;,&quot;copyright&quot;:&quot;&quot;,&quot;focal_length&quot;:&quot;3.5&quot;,&quot;iso&quot;:&quot;0&quot;,&quot;shutter_speed&quot;:&quot;0.0299&quot;,&quot;title&quot;:&quot;&quot;,&quot;orientation&quot;:&quot;0&quot;}\" data-image-title=\"P10913-102445\" data-image-description=\"\" data-image-caption=\"\" data-large-file=\"https:\/\/cloud.alqueria.es\/wp-content\/uploads\/sites\/6\/2021\/09\/P10913-102445.jpg\" class=\"alignnone size-full wp-image-27767\" src=\"https:\/\/cloud.alqueria.es\/wp-content\/uploads\/sites\/6\/2021\/09\/P10913-102445.jpg\" alt=\"\" width=\"1024\" height=\"768\" srcset=\"https:\/\/cloud.alqueria.es\/wp-content\/uploads\/sites\/6\/2021\/09\/P10913-102445.jpg 1024w, https:\/\/cloud.alqueria.es\/wp-content\/uploads\/sites\/6\/2021\/09\/P10913-102445-300x225.jpg 300w, https:\/\/cloud.alqueria.es\/wp-content\/uploads\/sites\/6\/2021\/09\/P10913-102445-768x576.jpg 768w\" sizes=\"(max-width: 1024px) 100vw, 1024px\" \/><img decoding=\"async\" data-attachment-id=\"27751\" data-permalink=\"https:\/\/www.alqueria.es\/blogs\/alqueriaprimerciclo\/2021\/09\/18\/comenzamos-en-primaria\/p10907-095410_comps\/\" data-orig-file=\"https:\/\/cloud.alqueria.es\/wp-content\/uploads\/sites\/6\/2021\/09\/P10907-095410_comps.jpg\" data-orig-size=\"1024,768\" data-comments-opened=\"1\" data-image-meta=\"{&quot;aperture&quot;:&quot;2.2&quot;,&quot;credit&quot;:&quot;&quot;,&quot;camera&quot;:&quot;MEIZU_M5&quot;,&quot;caption&quot;:&quot;&quot;,&quot;created_timestamp&quot;:&quot;1631008451&quot;,&quot;copyright&quot;:&quot;&quot;,&quot;focal_length&quot;:&quot;3.5&quot;,&quot;iso&quot;:&quot;161&quot;,&quot;shutter_speed&quot;:&quot;0.029996&quot;,&quot;title&quot;:&quot;&quot;,&quot;orientation&quot;:&quot;1&quot;}\" data-image-title=\"P10907-095410_comps\" data-image-description=\"\" data-image-caption=\"\" data-large-file=\"https:\/\/cloud.alqueria.es\/wp-content\/uploads\/sites\/6\/2021\/09\/P10907-095410_comps.jpg\" class=\"alignnone size-full wp-image-27751\" src=\"https:\/\/cloud.alqueria.es\/wp-content\/uploads\/sites\/6\/2021\/09\/P10907-095410_comps.jpg\" alt=\"\" width=\"1024\" height=\"768\" srcset=\"https:\/\/cloud.alqueria.es\/wp-content\/uploads\/sites\/6\/2021\/09\/P10907-095410_comps.jpg 1024w, https:\/\/cloud.alqueria.es\/wp-content\/uploads\/sites\/6\/2021\/09\/P10907-095410_comps-300x225.jpg 300w, https:\/\/cloud.alqueria.es\/wp-content\/uploads\/sites\/6\/2021\/09\/P10907-095410_comps-768x576.jpg 768w\" sizes=\"(max-width: 1024px) 100vw, 1024px\" \/><\/p>\n<p><img decoding=\"async\" data-attachment-id=\"27755\" data-permalink=\"https:\/\/www.alqueria.es\/blogs\/alqueriaprimerciclo\/2021\/09\/18\/comenzamos-en-primaria\/p10907-095434_comps\/\" data-orig-file=\"https:\/\/cloud.alqueria.es\/wp-content\/uploads\/sites\/6\/2021\/09\/P10907-095434_comps.jpg\" data-orig-size=\"1024,768\" data-comments-opened=\"1\" data-image-meta=\"{&quot;aperture&quot;:&quot;2.2&quot;,&quot;credit&quot;:&quot;&quot;,&quot;camera&quot;:&quot;MEIZU_M5&quot;,&quot;caption&quot;:&quot;&quot;,&quot;created_timestamp&quot;:&quot;1631008474&quot;,&quot;copyright&quot;:&quot;&quot;,&quot;focal_length&quot;:&quot;3.5&quot;,&quot;iso&quot;:&quot;184&quot;,&quot;shutter_speed&quot;:&quot;0.009999&quot;,&quot;title&quot;:&quot;&quot;,&quot;orientation&quot;:&quot;1&quot;}\" data-image-title=\"P10907-095434_comps\" data-image-description=\"\" data-image-caption=\"\" data-large-file=\"https:\/\/cloud.alqueria.es\/wp-content\/uploads\/sites\/6\/2021\/09\/P10907-095434_comps.jpg\" class=\"alignnone size-full wp-image-27755\" src=\"https:\/\/cloud.alqueria.es\/wp-content\/uploads\/sites\/6\/2021\/09\/P10907-095434_comps.jpg\" alt=\"\" width=\"1024\" height=\"768\" srcset=\"https:\/\/cloud.alqueria.es\/wp-content\/uploads\/sites\/6\/2021\/09\/P10907-095434_comps.jpg 1024w, https:\/\/cloud.alqueria.es\/wp-content\/uploads\/sites\/6\/2021\/09\/P10907-095434_comps-300x225.jpg 300w, https:\/\/cloud.alqueria.es\/wp-content\/uploads\/sites\/6\/2021\/09\/P10907-095434_comps-768x576.jpg 768w\" sizes=\"(max-width: 1024px) 100vw, 1024px\" \/><\/p>\n<p>Nos organizamos, para ayudar en la convivencia diaria, a trav\u00e9s de una lista de <span style=\"color: #ff00ff\">superayudante<\/span> que nos avisa que d\u00eda seremos el responsable de apoyar al grupo en algunas necesidades.<\/p>\n<h6><span style=\"color: #339966\"><strong>Los espacios exteriores nos ofrecen distintas opciones de juego y descubrimiento<\/strong><\/span><\/h6>\n<p><img decoding=\"async\" data-attachment-id=\"27761\" data-permalink=\"https:\/\/www.alqueria.es\/blogs\/alqueriaprimerciclo\/2021\/09\/18\/comenzamos-en-primaria\/p10906-113406_comps\/\" data-orig-file=\"https:\/\/cloud.alqueria.es\/wp-content\/uploads\/sites\/6\/2021\/09\/P10906-113406_comps.jpg\" data-orig-size=\"1024,768\" data-comments-opened=\"1\" data-image-meta=\"{&quot;aperture&quot;:&quot;0&quot;,&quot;credit&quot;:&quot;&quot;,&quot;camera&quot;:&quot;MEIZU_M5&quot;,&quot;caption&quot;:&quot;&quot;,&quot;created_timestamp&quot;:&quot;0&quot;,&quot;copyright&quot;:&quot;&quot;,&quot;focal_length&quot;:&quot;3.5&quot;,&quot;iso&quot;:&quot;0&quot;,&quot;shutter_speed&quot;:&quot;0.0035&quot;,&quot;title&quot;:&quot;&quot;,&quot;orientation&quot;:&quot;0&quot;}\" data-image-title=\"P10906-113406_comps\" data-image-description=\"\" data-image-caption=\"\" data-large-file=\"https:\/\/cloud.alqueria.es\/wp-content\/uploads\/sites\/6\/2021\/09\/P10906-113406_comps.jpg\" class=\"alignnone size-full wp-image-27761\" src=\"https:\/\/cloud.alqueria.es\/wp-content\/uploads\/sites\/6\/2021\/09\/P10906-113406_comps.jpg\" alt=\"\" width=\"1024\" height=\"768\" srcset=\"https:\/\/cloud.alqueria.es\/wp-content\/uploads\/sites\/6\/2021\/09\/P10906-113406_comps.jpg 1024w, https:\/\/cloud.alqueria.es\/wp-content\/uploads\/sites\/6\/2021\/09\/P10906-113406_comps-300x225.jpg 300w, https:\/\/cloud.alqueria.es\/wp-content\/uploads\/sites\/6\/2021\/09\/P10906-113406_comps-768x576.jpg 768w\" sizes=\"(max-width: 1024px) 100vw, 1024px\" \/><\/p>\n<p><img decoding=\"async\" data-attachment-id=\"27762\" data-permalink=\"https:\/\/www.alqueria.es\/blogs\/alqueriaprimerciclo\/2021\/09\/18\/comenzamos-en-primaria\/p10906-144120_comps-2\/\" data-orig-file=\"https:\/\/cloud.alqueria.es\/wp-content\/uploads\/sites\/6\/2021\/09\/P10906-144120_comps-1.jpg\" data-orig-size=\"1024,768\" data-comments-opened=\"1\" data-image-meta=\"{&quot;aperture&quot;:&quot;0&quot;,&quot;credit&quot;:&quot;&quot;,&quot;camera&quot;:&quot;MEIZU_M5&quot;,&quot;caption&quot;:&quot;&quot;,&quot;created_timestamp&quot;:&quot;0&quot;,&quot;copyright&quot;:&quot;&quot;,&quot;focal_length&quot;:&quot;3.5&quot;,&quot;iso&quot;:&quot;0&quot;,&quot;shutter_speed&quot;:&quot;0.0016&quot;,&quot;title&quot;:&quot;&quot;,&quot;orientation&quot;:&quot;0&quot;}\" data-image-title=\"P10906-144120_comps\" data-image-description=\"\" data-image-caption=\"\" data-large-file=\"https:\/\/cloud.alqueria.es\/wp-content\/uploads\/sites\/6\/2021\/09\/P10906-144120_comps-1.jpg\" class=\"alignnone size-full wp-image-27762\" src=\"https:\/\/cloud.alqueria.es\/wp-content\/uploads\/sites\/6\/2021\/09\/P10906-144120_comps-1.jpg\" alt=\"\" width=\"1024\" height=\"768\" srcset=\"https:\/\/cloud.alqueria.es\/wp-content\/uploads\/sites\/6\/2021\/09\/P10906-144120_comps-1.jpg 1024w, https:\/\/cloud.alqueria.es\/wp-content\/uploads\/sites\/6\/2021\/09\/P10906-144120_comps-1-300x225.jpg 300w, https:\/\/cloud.alqueria.es\/wp-content\/uploads\/sites\/6\/2021\/09\/P10906-144120_comps-1-768x576.jpg 768w\" sizes=\"(max-width: 1024px) 100vw, 1024px\" \/><\/p>\n<p>La uni\u00f3n hace la fuerza ,jajaja.<\/p>\n<p><img decoding=\"async\" data-attachment-id=\"27768\" data-permalink=\"https:\/\/www.alqueria.es\/blogs\/alqueriaprimerciclo\/2021\/09\/18\/comenzamos-en-primaria\/p10917-144632\/\" data-orig-file=\"https:\/\/cloud.alqueria.es\/wp-content\/uploads\/sites\/6\/2021\/09\/P10917-144632.jpg\" data-orig-size=\"1024,768\" data-comments-opened=\"1\" data-image-meta=\"{&quot;aperture&quot;:&quot;0&quot;,&quot;credit&quot;:&quot;&quot;,&quot;camera&quot;:&quot;MEIZU_M5&quot;,&quot;caption&quot;:&quot;&quot;,&quot;created_timestamp&quot;:&quot;0&quot;,&quot;copyright&quot;:&quot;&quot;,&quot;focal_length&quot;:&quot;3.5&quot;,&quot;iso&quot;:&quot;0&quot;,&quot;shutter_speed&quot;:&quot;0.0021&quot;,&quot;title&quot;:&quot;&quot;,&quot;orientation&quot;:&quot;0&quot;}\" data-image-title=\"P10917-144632\" data-image-description=\"\" data-image-caption=\"\" data-large-file=\"https:\/\/cloud.alqueria.es\/wp-content\/uploads\/sites\/6\/2021\/09\/P10917-144632.jpg\" class=\"alignnone size-full wp-image-27768\" src=\"https:\/\/cloud.alqueria.es\/wp-content\/uploads\/sites\/6\/2021\/09\/P10917-144632.jpg\" alt=\"\" width=\"1024\" height=\"768\" srcset=\"https:\/\/cloud.alqueria.es\/wp-content\/uploads\/sites\/6\/2021\/09\/P10917-144632.jpg 1024w, https:\/\/cloud.alqueria.es\/wp-content\/uploads\/sites\/6\/2021\/09\/P10917-144632-300x225.jpg 300w, https:\/\/cloud.alqueria.es\/wp-content\/uploads\/sites\/6\/2021\/09\/P10917-144632-768x576.jpg 768w\" sizes=\"(max-width: 1024px) 100vw, 1024px\" \/><\/p>\n<p><img decoding=\"async\" data-attachment-id=\"27769\" data-permalink=\"https:\/\/www.alqueria.es\/blogs\/alqueriaprimerciclo\/2021\/09\/18\/comenzamos-en-primaria\/p10917-144652\/\" data-orig-file=\"https:\/\/cloud.alqueria.es\/wp-content\/uploads\/sites\/6\/2021\/09\/P10917-144652.jpg\" data-orig-size=\"768,1024\" data-comments-opened=\"1\" data-image-meta=\"{&quot;aperture&quot;:&quot;0&quot;,&quot;credit&quot;:&quot;&quot;,&quot;camera&quot;:&quot;MEIZU_M5&quot;,&quot;caption&quot;:&quot;&quot;,&quot;created_timestamp&quot;:&quot;0&quot;,&quot;copyright&quot;:&quot;&quot;,&quot;focal_length&quot;:&quot;3.5&quot;,&quot;iso&quot;:&quot;0&quot;,&quot;shutter_speed&quot;:&quot;0.0027&quot;,&quot;title&quot;:&quot;&quot;,&quot;orientation&quot;:&quot;0&quot;}\" data-image-title=\"P10917-144652\" data-image-description=\"\" data-image-caption=\"\" data-large-file=\"https:\/\/cloud.alqueria.es\/wp-content\/uploads\/sites\/6\/2021\/09\/P10917-144652.jpg\" class=\"alignnone size-full wp-image-27769\" src=\"https:\/\/cloud.alqueria.es\/wp-content\/uploads\/sites\/6\/2021\/09\/P10917-144652.jpg\" alt=\"\" width=\"768\" height=\"1024\" srcset=\"https:\/\/cloud.alqueria.es\/wp-content\/uploads\/sites\/6\/2021\/09\/P10917-144652.jpg 768w, https:\/\/cloud.alqueria.es\/wp-content\/uploads\/sites\/6\/2021\/09\/P10917-144652-225x300.jpg 225w\" sizes=\"(max-width: 768px) 100vw, 768px\" \/><\/p>\n<p>El estanque nos encanta, podemos ver a las tortugas tomando el sol, o comiendo junto a los peces cuando les echamos su comida favorita.<\/p>\n<p><img decoding=\"async\" data-attachment-id=\"27758\" data-permalink=\"https:\/\/www.alqueria.es\/blogs\/alqueriaprimerciclo\/2021\/09\/18\/comenzamos-en-primaria\/p10906-130102_comps\/\" data-orig-file=\"https:\/\/cloud.alqueria.es\/wp-content\/uploads\/sites\/6\/2021\/09\/P10906-130102_comps.jpg\" data-orig-size=\"1024,768\" data-comments-opened=\"1\" data-image-meta=\"{&quot;aperture&quot;:&quot;2.2&quot;,&quot;credit&quot;:&quot;&quot;,&quot;camera&quot;:&quot;MEIZU_M5&quot;,&quot;caption&quot;:&quot;&quot;,&quot;created_timestamp&quot;:&quot;1630933262&quot;,&quot;copyright&quot;:&quot;&quot;,&quot;focal_length&quot;:&quot;3.5&quot;,&quot;iso&quot;:&quot;107&quot;,&quot;shutter_speed&quot;:&quot;0.004118&quot;,&quot;title&quot;:&quot;&quot;,&quot;orientation&quot;:&quot;1&quot;}\" data-image-title=\"P10906-130102_comps\" data-image-description=\"\" data-image-caption=\"\" data-large-file=\"https:\/\/cloud.alqueria.es\/wp-content\/uploads\/sites\/6\/2021\/09\/P10906-130102_comps.jpg\" class=\"alignnone size-full wp-image-27758\" src=\"https:\/\/cloud.alqueria.es\/wp-content\/uploads\/sites\/6\/2021\/09\/P10906-130102_comps.jpg\" alt=\"\" width=\"1024\" height=\"768\" srcset=\"https:\/\/cloud.alqueria.es\/wp-content\/uploads\/sites\/6\/2021\/09\/P10906-130102_comps.jpg 1024w, https:\/\/cloud.alqueria.es\/wp-content\/uploads\/sites\/6\/2021\/09\/P10906-130102_comps-300x225.jpg 300w, https:\/\/cloud.alqueria.es\/wp-content\/uploads\/sites\/6\/2021\/09\/P10906-130102_comps-768x576.jpg 768w\" sizes=\"(max-width: 1024px) 100vw, 1024px\" \/><\/p>\n<p>Nuestra primera semana en primaria ha dado de s\u00ed , hemos pasado grandes momentos que nos ayudan a conocernoscomo personas individuales\u00a0 y reconocemos como grupo. No podemos olvidar que estamos a\u00fan en un periodo de <span style=\"color: #ff00ff\">adaptaci\u00f3n<\/span> a la vuelta al cole, ritmos diferentes, personas nuevas , espacios\u00a0 y tiempos que nos marcan la vida escolar. Todo esto bajo el protocolo de protecci\u00f3n y cuidado que requiere el momento, al que se adaptan con naturalidad.<\/p>\n<p>Nos vemos el lunes, un abrazo.<\/p>\n<p>Dar\u00eda F.<\/p>\n<p>&nbsp;<\/p>\n","protected":false},"excerpt":{"rendered":"<p>Comenzamos en primaria Queridas familias, Bienvenidas de nuevo , en esta ocasi\u00f3n a trav\u00e9s de esta v\u00eda de conexi\u00f3n entre la escuela y las familias. Es muy emocionante iniciar una nueva relaci\u00f3n con el grupo de primero, ya que nos hab\u00e9is confiado la participaci\u00f3n en la educaci\u00f3n de vuestros hijos o hijas, una gran responsabilidad &hellip; <a href=\"https:\/\/www.alqueria.es\/blogs\/alqueriaprimerciclo\/2021\/09\/18\/comenzamos-en-primaria\/\" class=\"more-link\">Seguir leyendo <span class=\"screen-reader-text\">Comenzamos en primaria<\/span> <span class=\"meta-nav\">&rarr;<\/span><\/a><\/p>\n","protected":false},"author":12,"featured_media":0,"comment_status":"open","ping_status":"open","sticky":false,"template":"","format":"standard","meta":{"jetpack_post_was_ever_published":false,"_jetpack_newsletter_access":"","_jetpack_dont_email_post_to_subs":false,"_jetpack_newsletter_tier_id":0,"_jetpack_memberships_contains_paywalled_content":false,"_jetpack_memberships_contains_paid_content":false,"footnotes":"","jetpack_publicize_message":"","jetpack_publicize_feature_enabled":true,"jetpack_social_post_already_shared":true,"jetpack_social_options":{"image_generator_settings":{"template":"highway","default_image_id":0,"font":"","enabled":false},"version":2}},"categories":[2,8],"tags":[29,179,32,60,92],"class_list":["post-27747","post","type-post","status-publish","format-standard","hentry","category-1o-epo","category-diario-de-clase-1o","tag-1a-semana","tag-1o-ciclo","tag-alqueria","tag-primaria","tag-semanario"],"jetpack_publicize_connections":[],"jetpack_featured_media_url":"","jetpack_sharing_enabled":true,"jetpack_shortlink":"https:\/\/wp.me\/p4lvS0-7dx","_links":{"self":[{"href":"https:\/\/www.alqueria.es\/blogs\/alqueriaprimerciclo\/wp-json\/wp\/v2\/posts\/27747","targetHints":{"allow":["GET"]}}],"collection":[{"href":"https:\/\/www.alqueria.es\/blogs\/alqueriaprimerciclo\/wp-json\/wp\/v2\/posts"}],"about":[{"href":"https:\/\/www.alqueria.es\/blogs\/alqueriaprimerciclo\/wp-json\/wp\/v2\/types\/post"}],"author":[{"embeddable":true,"href":"https:\/\/www.alqueria.es\/blogs\/alqueriaprimerciclo\/wp-json\/wp\/v2\/users\/12"}],"replies":[{"embeddable":true,"href":"https:\/\/www.alqueria.es\/blogs\/alqueriaprimerciclo\/wp-json\/wp\/v2\/comments?post=27747"}],"version-history":[{"count":7,"href":"https:\/\/www.alqueria.es\/blogs\/alqueriaprimerciclo\/wp-json\/wp\/v2\/posts\/27747\/revisions"}],"predecessor-version":[{"id":27789,"href":"https:\/\/www.alqueria.es\/blogs\/alqueriaprimerciclo\/wp-json\/wp\/v2\/posts\/27747\/revisions\/27789"}],"wp:attachment":[{"href":"https:\/\/www.alqueria.es\/blogs\/alqueriaprimerciclo\/wp-json\/wp\/v2\/media?parent=27747"}],"wp:term":[{"taxonomy":"category","embeddable":true,"href":"https:\/\/www.alqueria.es\/blogs\/alqueriaprimerciclo\/wp-json\/wp\/v2\/categories?post=27747"},{"taxonomy":"post_tag","embeddable":true,"href":"https:\/\/www.alqueria.es\/blogs\/alqueriaprimerciclo\/wp-json\/wp\/v2\/tags?post=27747"}],"curies":[{"name":"wp","href":"https:\/\/api.w.org\/{rel}","templated":true}]}}