{"id":27949,"date":"2021-10-08T13:57:48","date_gmt":"2021-10-08T11:57:48","guid":{"rendered":"https:\/\/www.alqueria.es\/blogs\/alqueriaprimerciclo\/?p=27949"},"modified":"2021-10-08T13:57:48","modified_gmt":"2021-10-08T11:57:48","slug":"la-vega-un-paraiso-que-no-se-debe-perder","status":"publish","type":"post","link":"https:\/\/www.alqueria.es\/blogs\/alqueriaprimerciclo\/2021\/10\/08\/la-vega-un-paraiso-que-no-se-debe-perder\/","title":{"rendered":"La Vega, un para\u00edso que no se debe perder"},"content":{"rendered":"<h5>1\u00aa Salida a la Vega<\/h5>\n<p>La primera salida del curso tiene como objetivo recordar los l\u00edmites naturales de este espacio singular: Sierra Nevada, Sierra de Alfaguara, Sierra Elvira y Monte Vives. Los reconocemos con la colaboraci\u00f3n del grupo de primero, que viene muy bien \u00ab<em>estudiado<\/em>\u00ab.<\/p>\n<h5>Camino de la casa del duende<\/h5>\n<p class=\"jetpack-slideshow-noscript robots-nocontent\">El pase de diapositivas requiere JavaScript.<\/p><div id=\"gallery-27949-1-slideshow\" class=\"jetpack-slideshow-window jetpack-slideshow jetpack-slideshow-black\" data-trans=\"fade\" data-autostart=\"1\" data-gallery=\"[{&quot;src&quot;:&quot;https:\\\/\\\/cloud.alqueria.es\\\/wp-content\\\/uploads\\\/sites\\\/6\\\/2021\\\/10\\\/DSC05429.jpg&quot;,&quot;id&quot;:&quot;27954&quot;,&quot;title&quot;:&quot;DSC05429&quot;,&quot;alt&quot;:&quot;&quot;,&quot;caption&quot;:&quot;&quot;,&quot;itemprop&quot;:&quot;image&quot;},{&quot;src&quot;:&quot;https:\\\/\\\/cloud.alqueria.es\\\/wp-content\\\/uploads\\\/sites\\\/6\\\/2021\\\/10\\\/DSC05431.jpg&quot;,&quot;id&quot;:&quot;27955&quot;,&quot;title&quot;:&quot;DSC05431&quot;,&quot;alt&quot;:&quot;&quot;,&quot;caption&quot;:&quot;&quot;,&quot;itemprop&quot;:&quot;image&quot;},{&quot;src&quot;:&quot;https:\\\/\\\/cloud.alqueria.es\\\/wp-content\\\/uploads\\\/sites\\\/6\\\/2021\\\/10\\\/DSC05432.jpg&quot;,&quot;id&quot;:&quot;27956&quot;,&quot;title&quot;:&quot;DSC05432&quot;,&quot;alt&quot;:&quot;&quot;,&quot;caption&quot;:&quot;&quot;,&quot;itemprop&quot;:&quot;image&quot;},{&quot;src&quot;:&quot;https:\\\/\\\/cloud.alqueria.es\\\/wp-content\\\/uploads\\\/sites\\\/6\\\/2021\\\/10\\\/DSC05433.jpg&quot;,&quot;id&quot;:&quot;27957&quot;,&quot;title&quot;:&quot;DSC05433&quot;,&quot;alt&quot;:&quot;&quot;,&quot;caption&quot;:&quot;&quot;,&quot;itemprop&quot;:&quot;image&quot;},{&quot;src&quot;:&quot;https:\\\/\\\/cloud.alqueria.es\\\/wp-content\\\/uploads\\\/sites\\\/6\\\/2021\\\/10\\\/DSC05434.jpg&quot;,&quot;id&quot;:&quot;27958&quot;,&quot;title&quot;:&quot;DSC05434&quot;,&quot;alt&quot;:&quot;&quot;,&quot;caption&quot;:&quot;&quot;,&quot;itemprop&quot;:&quot;image&quot;},{&quot;src&quot;:&quot;https:\\\/\\\/cloud.alqueria.es\\\/wp-content\\\/uploads\\\/sites\\\/6\\\/2021\\\/10\\\/DSC05435.jpg&quot;,&quot;id&quot;:&quot;27959&quot;,&quot;title&quot;:&quot;DSC05435&quot;,&quot;alt&quot;:&quot;&quot;,&quot;caption&quot;:&quot;&quot;,&quot;itemprop&quot;:&quot;image&quot;}]\" itemscope itemtype=\"https:\/\/schema.org\/ImageGallery\"><\/div>\n<p>En direcci\u00f3n al r\u00edo Beiro, al final de carretera hay un \u00e1lamo gigante donde vive el duende de los cumplea\u00f1os de Alquer\u00eda.\u00a0 Tiene\u00a0 hojas en forma de coraz\u00f3n,\u00a0 en las que cuelga\u00a0 los deseos que formulamos al apagar las velas del bizcocho.<\/p>\n<p>Pero lastimosamente la gente que se pone a su sombra ignora que no debe tirar basuras en su puerta. Un poco m\u00e1s adelante&#8230;<\/p>\n<h5>Nos tomamos la fruta donde el r\u00edo Beiro y el Genil se besan<\/h5>\n<p class=\"jetpack-slideshow-noscript robots-nocontent\">El pase de diapositivas requiere JavaScript.<\/p><div id=\"gallery-27949-2-slideshow\" class=\"jetpack-slideshow-window jetpack-slideshow jetpack-slideshow-black\" data-trans=\"fade\" data-autostart=\"1\" data-gallery=\"[{&quot;src&quot;:&quot;https:\\\/\\\/cloud.alqueria.es\\\/wp-content\\\/uploads\\\/sites\\\/6\\\/2021\\\/10\\\/DSC05436.jpg&quot;,&quot;id&quot;:&quot;27960&quot;,&quot;title&quot;:&quot;DSC05436&quot;,&quot;alt&quot;:&quot;&quot;,&quot;caption&quot;:&quot;&quot;,&quot;itemprop&quot;:&quot;image&quot;},{&quot;src&quot;:&quot;https:\\\/\\\/cloud.alqueria.es\\\/wp-content\\\/uploads\\\/sites\\\/6\\\/2021\\\/10\\\/DSC05437.jpg&quot;,&quot;id&quot;:&quot;27961&quot;,&quot;title&quot;:&quot;DSC05437&quot;,&quot;alt&quot;:&quot;&quot;,&quot;caption&quot;:&quot;&quot;,&quot;itemprop&quot;:&quot;image&quot;},{&quot;src&quot;:&quot;https:\\\/\\\/cloud.alqueria.es\\\/wp-content\\\/uploads\\\/sites\\\/6\\\/2021\\\/10\\\/DSC05438.jpg&quot;,&quot;id&quot;:&quot;27962&quot;,&quot;title&quot;:&quot;DSC05438&quot;,&quot;alt&quot;:&quot;&quot;,&quot;caption&quot;:&quot;&quot;,&quot;itemprop&quot;:&quot;image&quot;},{&quot;src&quot;:&quot;https:\\\/\\\/cloud.alqueria.es\\\/wp-content\\\/uploads\\\/sites\\\/6\\\/2021\\\/10\\\/DSC05439.jpg&quot;,&quot;id&quot;:&quot;27963&quot;,&quot;title&quot;:&quot;DSC05439&quot;,&quot;alt&quot;:&quot;&quot;,&quot;caption&quot;:&quot;&quot;,&quot;itemprop&quot;:&quot;image&quot;},{&quot;src&quot;:&quot;https:\\\/\\\/cloud.alqueria.es\\\/wp-content\\\/uploads\\\/sites\\\/6\\\/2021\\\/10\\\/DSC05440.jpg&quot;,&quot;id&quot;:&quot;27964&quot;,&quot;title&quot;:&quot;DSC05440&quot;,&quot;alt&quot;:&quot;&quot;,&quot;caption&quot;:&quot;&quot;,&quot;itemprop&quot;:&quot;image&quot;},{&quot;src&quot;:&quot;https:\\\/\\\/cloud.alqueria.es\\\/wp-content\\\/uploads\\\/sites\\\/6\\\/2021\\\/10\\\/DSC05441.jpg&quot;,&quot;id&quot;:&quot;27965&quot;,&quot;title&quot;:&quot;DSC05441&quot;,&quot;alt&quot;:&quot;&quot;,&quot;caption&quot;:&quot;&quot;,&quot;itemprop&quot;:&quot;image&quot;},{&quot;src&quot;:&quot;https:\\\/\\\/cloud.alqueria.es\\\/wp-content\\\/uploads\\\/sites\\\/6\\\/2021\\\/10\\\/DSC05442.jpg&quot;,&quot;id&quot;:&quot;27966&quot;,&quot;title&quot;:&quot;DSC05442&quot;,&quot;alt&quot;:&quot;&quot;,&quot;caption&quot;:&quot;&quot;,&quot;itemprop&quot;:&quot;image&quot;},{&quot;src&quot;:&quot;https:\\\/\\\/cloud.alqueria.es\\\/wp-content\\\/uploads\\\/sites\\\/6\\\/2021\\\/10\\\/DSC05444.jpg&quot;,&quot;id&quot;:&quot;27967&quot;,&quot;title&quot;:&quot;DSC05444&quot;,&quot;alt&quot;:&quot;&quot;,&quot;caption&quot;:&quot;&quot;,&quot;itemprop&quot;:&quot;image&quot;},{&quot;src&quot;:&quot;https:\\\/\\\/cloud.alqueria.es\\\/wp-content\\\/uploads\\\/sites\\\/6\\\/2021\\\/10\\\/DSC05445.jpg&quot;,&quot;id&quot;:&quot;27968&quot;,&quot;title&quot;:&quot;DSC05445&quot;,&quot;alt&quot;:&quot;&quot;,&quot;caption&quot;:&quot;&quot;,&quot;itemprop&quot;:&quot;image&quot;},{&quot;src&quot;:&quot;https:\\\/\\\/cloud.alqueria.es\\\/wp-content\\\/uploads\\\/sites\\\/6\\\/2021\\\/10\\\/DSC05446.jpg&quot;,&quot;id&quot;:&quot;27969&quot;,&quot;title&quot;:&quot;DSC05446&quot;,&quot;alt&quot;:&quot;&quot;,&quot;caption&quot;:&quot;&quot;,&quot;itemprop&quot;:&quot;image&quot;},{&quot;src&quot;:&quot;https:\\\/\\\/cloud.alqueria.es\\\/wp-content\\\/uploads\\\/sites\\\/6\\\/2021\\\/10\\\/DSC05447.jpg&quot;,&quot;id&quot;:&quot;27970&quot;,&quot;title&quot;:&quot;DSC05447&quot;,&quot;alt&quot;:&quot;&quot;,&quot;caption&quot;:&quot;&quot;,&quot;itemprop&quot;:&quot;image&quot;},{&quot;src&quot;:&quot;https:\\\/\\\/cloud.alqueria.es\\\/wp-content\\\/uploads\\\/sites\\\/6\\\/2021\\\/10\\\/DSC05448.jpg&quot;,&quot;id&quot;:&quot;27971&quot;,&quot;title&quot;:&quot;DSC05448&quot;,&quot;alt&quot;:&quot;&quot;,&quot;caption&quot;:&quot;&quot;,&quot;itemprop&quot;:&quot;image&quot;},{&quot;src&quot;:&quot;https:\\\/\\\/cloud.alqueria.es\\\/wp-content\\\/uploads\\\/sites\\\/6\\\/2021\\\/10\\\/DSC05449.jpg&quot;,&quot;id&quot;:&quot;27972&quot;,&quot;title&quot;:&quot;DSC05449&quot;,&quot;alt&quot;:&quot;&quot;,&quot;caption&quot;:&quot;&quot;,&quot;itemprop&quot;:&quot;image&quot;}]\" itemscope itemtype=\"https:\/\/schema.org\/ImageGallery\"><\/div>\n<p>Tenemos la suerte de poder ver como un afluente le da su caudal a un r\u00edo m\u00e1s importante.<\/p>\n<h5>Los patos del r\u00edo Genil<\/h5>\n<p>Asistimos a un espect\u00e1culo de danza en las aguas del\u00a0 Genil.<\/p>\n<p>\u00abEl r\u00edo de los patos\u00bb, se titulaba la obra.<\/p>\n<p>No es un lago, ni ellos son cisnes, pero nos entretienen con sus requiebros y persecuciones.<\/p>\n<p><img decoding=\"async\" data-attachment-id=\"27951\" data-permalink=\"https:\/\/www.alqueria.es\/blogs\/alqueriaprimerciclo\/2021\/10\/08\/la-vega-un-paraiso-que-no-se-debe-perder\/dsc05451\/\" data-orig-file=\"https:\/\/cloud.alqueria.es\/wp-content\/uploads\/sites\/6\/2021\/10\/DSC05451.jpg\" data-orig-size=\"640,480\" data-comments-opened=\"1\" data-image-meta=\"{&quot;aperture&quot;:&quot;5.9&quot;,&quot;credit&quot;:&quot;&quot;,&quot;camera&quot;:&quot;DSC-W510&quot;,&quot;caption&quot;:&quot;&quot;,&quot;created_timestamp&quot;:&quot;1633253394&quot;,&quot;copyright&quot;:&quot;Copyright 2009&quot;,&quot;focal_length&quot;:&quot;18.8&quot;,&quot;iso&quot;:&quot;200&quot;,&quot;shutter_speed&quot;:&quot;0.004&quot;,&quot;title&quot;:&quot;&quot;,&quot;orientation&quot;:&quot;1&quot;}\" data-image-title=\"DSC05451\" data-image-description=\"\" data-image-caption=\"\" data-large-file=\"https:\/\/cloud.alqueria.es\/wp-content\/uploads\/sites\/6\/2021\/10\/DSC05451.jpg\" class=\"alignnone size-full wp-image-27951\" src=\"https:\/\/cloud.alqueria.es\/wp-content\/uploads\/sites\/6\/2021\/10\/DSC05451.jpg\" alt=\"\" width=\"640\" height=\"480\" srcset=\"https:\/\/cloud.alqueria.es\/wp-content\/uploads\/sites\/6\/2021\/10\/DSC05451.jpg 640w, https:\/\/cloud.alqueria.es\/wp-content\/uploads\/sites\/6\/2021\/10\/DSC05451-300x225.jpg 300w\" sizes=\"(max-width: 640px) 100vw, 640px\" \/> <img decoding=\"async\" data-attachment-id=\"27952\" data-permalink=\"https:\/\/www.alqueria.es\/blogs\/alqueriaprimerciclo\/2021\/10\/08\/la-vega-un-paraiso-que-no-se-debe-perder\/dsc05452-2\/\" data-orig-file=\"https:\/\/cloud.alqueria.es\/wp-content\/uploads\/sites\/6\/2021\/10\/DSC05452.jpg\" data-orig-size=\"640,480\" data-comments-opened=\"1\" data-image-meta=\"{&quot;aperture&quot;:&quot;5.9&quot;,&quot;credit&quot;:&quot;&quot;,&quot;camera&quot;:&quot;DSC-W510&quot;,&quot;caption&quot;:&quot;&quot;,&quot;created_timestamp&quot;:&quot;1633253414&quot;,&quot;copyright&quot;:&quot;Copyright 2009&quot;,&quot;focal_length&quot;:&quot;18.8&quot;,&quot;iso&quot;:&quot;200&quot;,&quot;shutter_speed&quot;:&quot;0.004&quot;,&quot;title&quot;:&quot;&quot;,&quot;orientation&quot;:&quot;1&quot;}\" data-image-title=\"DSC05452\" data-image-description=\"\" data-image-caption=\"\" data-large-file=\"https:\/\/cloud.alqueria.es\/wp-content\/uploads\/sites\/6\/2021\/10\/DSC05452.jpg\" class=\"alignnone wp-image-27952 size-full\" src=\"https:\/\/cloud.alqueria.es\/wp-content\/uploads\/sites\/6\/2021\/10\/DSC05452.jpg\" alt=\"\" width=\"640\" height=\"480\" srcset=\"https:\/\/cloud.alqueria.es\/wp-content\/uploads\/sites\/6\/2021\/10\/DSC05452.jpg 640w, https:\/\/cloud.alqueria.es\/wp-content\/uploads\/sites\/6\/2021\/10\/DSC05452-300x225.jpg 300w\" sizes=\"(max-width: 640px) 100vw, 640px\" \/> <img decoding=\"async\" data-attachment-id=\"27953\" data-permalink=\"https:\/\/www.alqueria.es\/blogs\/alqueriaprimerciclo\/2021\/10\/08\/la-vega-un-paraiso-que-no-se-debe-perder\/dsc05453-2\/\" data-orig-file=\"https:\/\/cloud.alqueria.es\/wp-content\/uploads\/sites\/6\/2021\/10\/DSC05453.jpg\" data-orig-size=\"640,480\" data-comments-opened=\"1\" data-image-meta=\"{&quot;aperture&quot;:&quot;5.9&quot;,&quot;credit&quot;:&quot;&quot;,&quot;camera&quot;:&quot;DSC-W510&quot;,&quot;caption&quot;:&quot;&quot;,&quot;created_timestamp&quot;:&quot;1633253548&quot;,&quot;copyright&quot;:&quot;Copyright 2009&quot;,&quot;focal_length&quot;:&quot;18.8&quot;,&quot;iso&quot;:&quot;200&quot;,&quot;shutter_speed&quot;:&quot;0.004&quot;,&quot;title&quot;:&quot;&quot;,&quot;orientation&quot;:&quot;1&quot;}\" data-image-title=\"DSC05453\" data-image-description=\"\" data-image-caption=\"\" data-large-file=\"https:\/\/cloud.alqueria.es\/wp-content\/uploads\/sites\/6\/2021\/10\/DSC05453.jpg\" class=\"alignnone wp-image-27953 size-full\" src=\"https:\/\/cloud.alqueria.es\/wp-content\/uploads\/sites\/6\/2021\/10\/DSC05453.jpg\" alt=\"\" width=\"640\" height=\"480\" srcset=\"https:\/\/cloud.alqueria.es\/wp-content\/uploads\/sites\/6\/2021\/10\/DSC05453.jpg 640w, https:\/\/cloud.alqueria.es\/wp-content\/uploads\/sites\/6\/2021\/10\/DSC05453-300x225.jpg 300w\" sizes=\"(max-width: 640px) 100vw, 640px\" \/><\/p>\n<p>Trabajamos durante el itinerario por la rivera del r\u00edo , algo de educaci\u00f3n vial, pues hay tres carriles diferentes para circular, que debemos controlar.<\/p>\n<p>Para nuestra sorpresa el m\u00e1s estrecho es el de los peatones paralelo al carril bici. Menos mal que por la calzada\u00a0 \u00a0hay poco tr\u00e1nsito de veh\u00edculos.<\/p>\n<p><img decoding=\"async\" src=\"https:\/\/s0.wklcdn.com\/image_22\/662214\/10747706\/6494244Master.jpg\" alt=\"Wikiloc | Foto de Carril bici r\u00edo Genil. (1\/1)\" \/><\/p>\n<h5>El cuerpo humano<\/h5>\n<p>Hemos iniciado el estudio de diversos temas sobre el cuerpo humano.<\/p>\n<p>Ha sido una selecci\u00f3n muy personal, donde nos hemos mostrado muy osados, sin prever posibles dificultades en el proceso de descubrimiento. Pero eso lo hace m\u00e1s interesante.<\/p>\n<p><img decoding=\"async\" src=\"https:\/\/mibebeyyo.elmundo.es\/images\/ninos\/aparatos-cuerpo-humano.webp\" alt=\"aparatos cuerpo humano\" \/><\/p>\n<p>Las parejas de trabajo son las siguientes:<\/p>\n<ul>\n<li>Laura y Alba: la boca<\/li>\n<li>Dana y Pablo: el o\u00eddo<\/li>\n<li>Nacho y Silvia: el ojo<\/li>\n<li>In\u00e9s y Mateo: el coraz\u00f3n<\/li>\n<li>Antonio y Vega: \u00bfpor d\u00f3nde va la comida?<\/li>\n<li>Carlos, Silas y Hern\u00e1n: el cerebro.<\/li>\n<li>Estella y Claudio: el sistema nervioso<\/li>\n<li>Mar\u00eda y Mart\u00edn: \u00bfpor qu\u00e9 hacemos pipi?<\/li>\n<li>Isaura y Jaime: \u00bfc\u00f3mo nacemos?<\/li>\n<\/ul>\n<p>Este trabajo se va construyendo poco a poco en la clase: Investigamos por observaci\u00f3n, nos informamos preguntando\u00a0 e intentamos comprender textos, leyendo. Cuando la informaci\u00f3n nos desborda\u00a0 dibujamos para comprender y volvemos a preguntar.<\/p>\n<p><img decoding=\"async\" class=\"alignleft\" src=\"https:\/\/ik.imagekit.io\/smdxc0e2g3\/userscontent2-endpoint\/images\/ce9007d1-b3fb-4b78-ac60-d1191ca7840d\/c2fb102d5987610545be59c7364e0c70.gif?tr=w-200,rt-0\" alt=\"TRABAJO COOPERATIVO by yitaestrella on emaze\" \/>Es interesante descubrir que la ayuda en pareja es muy valiosa, aunque a veces nos lleve a desacuerdos.<\/p>\n<p>Por lo tanto aprendemos a tomar decisiones\u00a0 y a compaginar iniciativas.<\/p>\n<p>En la medida que nos vayamos aclarando, veremos que ruta seguimos.<\/p>\n<h5>Yoga<\/h5>\n<p>Esta semana hemos tenido nuestra primera sesi\u00f3n de Yoga.<\/p>\n<p><img decoding=\"async\" src=\"https:\/\/cloud.alqueria.es\/wp-content\/uploads\/sites\/8\/2018\/05\/55346132-los-ni%C3%B1os-de-yoga-ni%C3%B1os-haciendo-yoga-en-diferentes-posturas-de-yoga-ilustraci%C3%B3n-vectorial-1024x940.jpg\" alt=\"55346132-los-ni\u00f1os-de-yoga-ni\u00f1os-haciendo-yoga-en-diferentes-posturas-de-yoga-ilustraci\u00f3n-vectorial | Blog de Infantil Roja \u2013 Verde\" \/><\/p>\n<div class=\"co8aDb\" role=\"heading\"><b>Poco a poco vamos a comprobar los beneficios del yoga\u00a0<\/b><\/div>\n<div class=\"RqBzHd\">\n<ul class=\"i8Z77e\">\n<li class=\"TrT0Xe\">Aprender a respirar.<\/li>\n<li class=\"TrT0Xe\">Fortalecer los m\u00fasculos.<\/li>\n<li class=\"TrT0Xe\">Obtener mayor flexibilidad y equilibrio.<\/li>\n<li class=\"TrT0Xe\">Mejorar la concentraci\u00f3n.<\/li>\n<li class=\"TrT0Xe\">Adquirir conciencia del propio cuerpo, aprendiendo a reconocer cada una de sus partes.<\/li>\n<li class=\"TrT0Xe\">Estimular su creatividad e imaginaci\u00f3n.<\/li>\n<\/ul>\n<p>El grupo se desdobla\u00a0 entre el lunes y el mi\u00e9rcoles.<\/p>\n<p><img decoding=\"async\" data-attachment-id=\"27992\" data-permalink=\"https:\/\/www.alqueria.es\/blogs\/alqueriaprimerciclo\/2021\/10\/08\/la-vega-un-paraiso-que-no-se-debe-perder\/dsc05127-2\/\" data-orig-file=\"https:\/\/cloud.alqueria.es\/wp-content\/uploads\/sites\/6\/2021\/10\/DSC05127.jpg\" data-orig-size=\"640,480\" data-comments-opened=\"1\" data-image-meta=\"{&quot;aperture&quot;:&quot;5.9&quot;,&quot;credit&quot;:&quot;&quot;,&quot;camera&quot;:&quot;DSC-W510&quot;,&quot;caption&quot;:&quot;&quot;,&quot;created_timestamp&quot;:&quot;1624229818&quot;,&quot;copyright&quot;:&quot;Copyright 2009&quot;,&quot;focal_length&quot;:&quot;18.8&quot;,&quot;iso&quot;:&quot;800&quot;,&quot;shutter_speed&quot;:&quot;0.004&quot;,&quot;title&quot;:&quot;&quot;,&quot;orientation&quot;:&quot;1&quot;}\" data-image-title=\"DSC05127\" data-image-description=\"\" data-image-caption=\"\" data-large-file=\"https:\/\/cloud.alqueria.es\/wp-content\/uploads\/sites\/6\/2021\/10\/DSC05127.jpg\" class=\"alignnone size-full wp-image-27992\" src=\"https:\/\/cloud.alqueria.es\/wp-content\/uploads\/sites\/6\/2021\/10\/DSC05127.jpg\" alt=\"\" width=\"640\" height=\"480\" srcset=\"https:\/\/cloud.alqueria.es\/wp-content\/uploads\/sites\/6\/2021\/10\/DSC05127.jpg 640w, https:\/\/cloud.alqueria.es\/wp-content\/uploads\/sites\/6\/2021\/10\/DSC05127-300x225.jpg 300w\" sizes=\"(max-width: 640px) 100vw, 640px\" \/><\/p>\n<p>Y lo pasamos muy bien con Isabel Carri\u00f3n , que nos conduce la sesi\u00f3n.<\/p>\n<h5>Lectura compartida con primero<\/h5>\n<p>El jueves por la tarde en el jard\u00edn, mientras el tiempo lo permita vamos hacer\u00a0 lectura compartida con 1\u00ba.<\/p>\n<p><img decoding=\"async\" data-attachment-id=\"27994\" data-permalink=\"https:\/\/www.alqueria.es\/blogs\/alqueriaprimerciclo\/2021\/10\/08\/la-vega-un-paraiso-que-no-se-debe-perder\/dsc05458-2\/\" data-orig-file=\"https:\/\/cloud.alqueria.es\/wp-content\/uploads\/sites\/6\/2021\/10\/DSC05458.jpg\" data-orig-size=\"640,480\" data-comments-opened=\"1\" data-image-meta=\"{&quot;aperture&quot;:&quot;2.8&quot;,&quot;credit&quot;:&quot;&quot;,&quot;camera&quot;:&quot;DSC-W510&quot;,&quot;caption&quot;:&quot;&quot;,&quot;created_timestamp&quot;:&quot;1633442150&quot;,&quot;copyright&quot;:&quot;Copyright 2009&quot;,&quot;focal_length&quot;:&quot;4.7&quot;,&quot;iso&quot;:&quot;80&quot;,&quot;shutter_speed&quot;:&quot;0.003125&quot;,&quot;title&quot;:&quot;&quot;,&quot;orientation&quot;:&quot;1&quot;}\" data-image-title=\"DSC05458\" data-image-description=\"\" data-image-caption=\"\" data-large-file=\"https:\/\/cloud.alqueria.es\/wp-content\/uploads\/sites\/6\/2021\/10\/DSC05458.jpg\" class=\"alignnone size-full wp-image-27994\" src=\"https:\/\/cloud.alqueria.es\/wp-content\/uploads\/sites\/6\/2021\/10\/DSC05458.jpg\" alt=\"\" width=\"640\" height=\"480\" srcset=\"https:\/\/cloud.alqueria.es\/wp-content\/uploads\/sites\/6\/2021\/10\/DSC05458.jpg 640w, https:\/\/cloud.alqueria.es\/wp-content\/uploads\/sites\/6\/2021\/10\/DSC05458-300x225.jpg 300w\" sizes=\"(max-width: 640px) 100vw, 640px\" \/><\/p>\n<p>Nos sentimos muy mayores, porque, somos los conductores de esta actividad. Y nadie mejor que nosotros entiende lo dif\u00edcil que es aprender a leer.<\/p>\n<p><img decoding=\"async\" data-attachment-id=\"27995\" data-permalink=\"https:\/\/www.alqueria.es\/blogs\/alqueriaprimerciclo\/2021\/10\/08\/la-vega-un-paraiso-que-no-se-debe-perder\/dsc05459\/\" data-orig-file=\"https:\/\/cloud.alqueria.es\/wp-content\/uploads\/sites\/6\/2021\/10\/DSC05459.jpg\" data-orig-size=\"640,480\" data-comments-opened=\"1\" data-image-meta=\"{&quot;aperture&quot;:&quot;2.8&quot;,&quot;credit&quot;:&quot;&quot;,&quot;camera&quot;:&quot;DSC-W510&quot;,&quot;caption&quot;:&quot;&quot;,&quot;created_timestamp&quot;:&quot;1633442160&quot;,&quot;copyright&quot;:&quot;Copyright 2009&quot;,&quot;focal_length&quot;:&quot;4.7&quot;,&quot;iso&quot;:&quot;80&quot;,&quot;shutter_speed&quot;:&quot;0.003125&quot;,&quot;title&quot;:&quot;&quot;,&quot;orientation&quot;:&quot;1&quot;}\" data-image-title=\"DSC05459\" data-image-description=\"\" data-image-caption=\"\" data-large-file=\"https:\/\/cloud.alqueria.es\/wp-content\/uploads\/sites\/6\/2021\/10\/DSC05459.jpg\" class=\"alignnone size-full wp-image-27995\" src=\"https:\/\/cloud.alqueria.es\/wp-content\/uploads\/sites\/6\/2021\/10\/DSC05459.jpg\" alt=\"\" width=\"640\" height=\"480\" srcset=\"https:\/\/cloud.alqueria.es\/wp-content\/uploads\/sites\/6\/2021\/10\/DSC05459.jpg 640w, https:\/\/cloud.alqueria.es\/wp-content\/uploads\/sites\/6\/2021\/10\/DSC05459-300x225.jpg 300w\" sizes=\"(max-width: 640px) 100vw, 640px\" \/><\/p>\n<p>Hemos hecho las presentaciones de las parejas y sin perder un minuto nos hemos puesto manos a la obra.<\/p>\n<p><img decoding=\"async\" data-attachment-id=\"27996\" data-permalink=\"https:\/\/www.alqueria.es\/blogs\/alqueriaprimerciclo\/2021\/10\/08\/la-vega-un-paraiso-que-no-se-debe-perder\/dsc05460\/\" data-orig-file=\"https:\/\/cloud.alqueria.es\/wp-content\/uploads\/sites\/6\/2021\/10\/DSC05460.jpg\" data-orig-size=\"640,480\" data-comments-opened=\"1\" data-image-meta=\"{&quot;aperture&quot;:&quot;2.8&quot;,&quot;credit&quot;:&quot;&quot;,&quot;camera&quot;:&quot;DSC-W510&quot;,&quot;caption&quot;:&quot;&quot;,&quot;created_timestamp&quot;:&quot;1633442169&quot;,&quot;copyright&quot;:&quot;Copyright 2009&quot;,&quot;focal_length&quot;:&quot;4.7&quot;,&quot;iso&quot;:&quot;80&quot;,&quot;shutter_speed&quot;:&quot;0.0025&quot;,&quot;title&quot;:&quot;&quot;,&quot;orientation&quot;:&quot;1&quot;}\" data-image-title=\"DSC05460\" data-image-description=\"\" data-image-caption=\"\" data-large-file=\"https:\/\/cloud.alqueria.es\/wp-content\/uploads\/sites\/6\/2021\/10\/DSC05460.jpg\" class=\"alignnone size-full wp-image-27996\" src=\"https:\/\/cloud.alqueria.es\/wp-content\/uploads\/sites\/6\/2021\/10\/DSC05460.jpg\" alt=\"\" width=\"640\" height=\"480\" srcset=\"https:\/\/cloud.alqueria.es\/wp-content\/uploads\/sites\/6\/2021\/10\/DSC05460.jpg 640w, https:\/\/cloud.alqueria.es\/wp-content\/uploads\/sites\/6\/2021\/10\/DSC05460-300x225.jpg 300w\" sizes=\"(max-width: 640px) 100vw, 640px\" \/><\/p>\n<p>Nuestras maestras est\u00e1n emocionadas al ver que no solo somos capaces de compartir juegos y excursiones, sino que estamos dispuestos a cooperar en lo que haga falta.<\/p>\n<p><img decoding=\"async\" data-attachment-id=\"27997\" data-permalink=\"https:\/\/www.alqueria.es\/blogs\/alqueriaprimerciclo\/2021\/10\/08\/la-vega-un-paraiso-que-no-se-debe-perder\/dsc05461\/\" data-orig-file=\"https:\/\/cloud.alqueria.es\/wp-content\/uploads\/sites\/6\/2021\/10\/DSC05461.jpg\" data-orig-size=\"640,480\" data-comments-opened=\"1\" data-image-meta=\"{&quot;aperture&quot;:&quot;2.8&quot;,&quot;credit&quot;:&quot;&quot;,&quot;camera&quot;:&quot;DSC-W510&quot;,&quot;caption&quot;:&quot;&quot;,&quot;created_timestamp&quot;:&quot;1633442188&quot;,&quot;copyright&quot;:&quot;Copyright 2009&quot;,&quot;focal_length&quot;:&quot;4.7&quot;,&quot;iso&quot;:&quot;100&quot;,&quot;shutter_speed&quot;:&quot;0.004&quot;,&quot;title&quot;:&quot;&quot;,&quot;orientation&quot;:&quot;1&quot;}\" data-image-title=\"DSC05461\" data-image-description=\"\" data-image-caption=\"\" data-large-file=\"https:\/\/cloud.alqueria.es\/wp-content\/uploads\/sites\/6\/2021\/10\/DSC05461.jpg\" class=\"alignnone size-full wp-image-27997\" src=\"https:\/\/cloud.alqueria.es\/wp-content\/uploads\/sites\/6\/2021\/10\/DSC05461.jpg\" alt=\"\" width=\"640\" height=\"480\" srcset=\"https:\/\/cloud.alqueria.es\/wp-content\/uploads\/sites\/6\/2021\/10\/DSC05461.jpg 640w, https:\/\/cloud.alqueria.es\/wp-content\/uploads\/sites\/6\/2021\/10\/DSC05461-300x225.jpg 300w\" sizes=\"(max-width: 640px) 100vw, 640px\" \/><\/p>\n<p>Algunas personas del grupo tambi\u00e9n necesitamos ayuda, todav\u00eda, y nos encanta que nos la ofrezcan para ir a nuestro ritmo.<\/p>\n<p><img decoding=\"async\" data-attachment-id=\"27998\" data-permalink=\"https:\/\/www.alqueria.es\/blogs\/alqueriaprimerciclo\/2021\/10\/08\/la-vega-un-paraiso-que-no-se-debe-perder\/dsc05464\/\" data-orig-file=\"https:\/\/cloud.alqueria.es\/wp-content\/uploads\/sites\/6\/2021\/10\/DSC05464.jpg\" data-orig-size=\"640,480\" data-comments-opened=\"1\" data-image-meta=\"{&quot;aperture&quot;:&quot;2.8&quot;,&quot;credit&quot;:&quot;&quot;,&quot;camera&quot;:&quot;DSC-W510&quot;,&quot;caption&quot;:&quot;&quot;,&quot;created_timestamp&quot;:&quot;1633442223&quot;,&quot;copyright&quot;:&quot;Copyright 2009&quot;,&quot;focal_length&quot;:&quot;4.7&quot;,&quot;iso&quot;:&quot;80&quot;,&quot;shutter_speed&quot;:&quot;0.0025&quot;,&quot;title&quot;:&quot;&quot;,&quot;orientation&quot;:&quot;1&quot;}\" data-image-title=\"DSC05464\" data-image-description=\"\" data-image-caption=\"\" data-large-file=\"https:\/\/cloud.alqueria.es\/wp-content\/uploads\/sites\/6\/2021\/10\/DSC05464.jpg\" class=\"alignnone size-full wp-image-27998\" src=\"https:\/\/cloud.alqueria.es\/wp-content\/uploads\/sites\/6\/2021\/10\/DSC05464.jpg\" alt=\"\" width=\"640\" height=\"480\" srcset=\"https:\/\/cloud.alqueria.es\/wp-content\/uploads\/sites\/6\/2021\/10\/DSC05464.jpg 640w, https:\/\/cloud.alqueria.es\/wp-content\/uploads\/sites\/6\/2021\/10\/DSC05464-300x225.jpg 300w\" sizes=\"(max-width: 640px) 100vw, 640px\" \/><\/p>\n<p>El aprendizaje entre iguales nos anima\u00a0 a leer.<\/p>\n<p><img decoding=\"async\" data-attachment-id=\"27999\" data-permalink=\"https:\/\/www.alqueria.es\/blogs\/alqueriaprimerciclo\/2021\/10\/08\/la-vega-un-paraiso-que-no-se-debe-perder\/dsc05462\/\" data-orig-file=\"https:\/\/cloud.alqueria.es\/wp-content\/uploads\/sites\/6\/2021\/10\/DSC05462.jpg\" data-orig-size=\"480,640\" data-comments-opened=\"1\" data-image-meta=\"{&quot;aperture&quot;:&quot;2.8&quot;,&quot;credit&quot;:&quot;&quot;,&quot;camera&quot;:&quot;DSC-W510&quot;,&quot;caption&quot;:&quot;&quot;,&quot;created_timestamp&quot;:&quot;1633442198&quot;,&quot;copyright&quot;:&quot;Copyright 2009&quot;,&quot;focal_length&quot;:&quot;4.7&quot;,&quot;iso&quot;:&quot;100&quot;,&quot;shutter_speed&quot;:&quot;0.004&quot;,&quot;title&quot;:&quot;&quot;,&quot;orientation&quot;:&quot;1&quot;}\" data-image-title=\"DSC05462\" data-image-description=\"\" data-image-caption=\"\" data-large-file=\"https:\/\/cloud.alqueria.es\/wp-content\/uploads\/sites\/6\/2021\/10\/DSC05462.jpg\" class=\"alignnone size-full wp-image-27999\" src=\"https:\/\/cloud.alqueria.es\/wp-content\/uploads\/sites\/6\/2021\/10\/DSC05462.jpg\" alt=\"\" width=\"480\" height=\"640\" srcset=\"https:\/\/cloud.alqueria.es\/wp-content\/uploads\/sites\/6\/2021\/10\/DSC05462.jpg 480w, https:\/\/cloud.alqueria.es\/wp-content\/uploads\/sites\/6\/2021\/10\/DSC05462-225x300.jpg 225w\" sizes=\"(max-width: 480px) 100vw, 480px\" \/><\/p>\n<p>Y nos hace desear entrar en las historias con verdadero gusto.<\/p>\n<p><img decoding=\"async\" data-attachment-id=\"28000\" data-permalink=\"https:\/\/www.alqueria.es\/blogs\/alqueriaprimerciclo\/2021\/10\/08\/la-vega-un-paraiso-que-no-se-debe-perder\/dsc05463-2\/\" data-orig-file=\"https:\/\/cloud.alqueria.es\/wp-content\/uploads\/sites\/6\/2021\/10\/DSC05463.jpg\" data-orig-size=\"640,480\" data-comments-opened=\"1\" data-image-meta=\"{&quot;aperture&quot;:&quot;2.8&quot;,&quot;credit&quot;:&quot;&quot;,&quot;camera&quot;:&quot;DSC-W510&quot;,&quot;caption&quot;:&quot;&quot;,&quot;created_timestamp&quot;:&quot;1633442214&quot;,&quot;copyright&quot;:&quot;Copyright 2009&quot;,&quot;focal_length&quot;:&quot;4.7&quot;,&quot;iso&quot;:&quot;100&quot;,&quot;shutter_speed&quot;:&quot;0.004&quot;,&quot;title&quot;:&quot;&quot;,&quot;orientation&quot;:&quot;1&quot;}\" data-image-title=\"DSC05463\" data-image-description=\"\" data-image-caption=\"\" data-large-file=\"https:\/\/cloud.alqueria.es\/wp-content\/uploads\/sites\/6\/2021\/10\/DSC05463.jpg\" class=\"alignnone size-full wp-image-28000\" src=\"https:\/\/cloud.alqueria.es\/wp-content\/uploads\/sites\/6\/2021\/10\/DSC05463.jpg\" alt=\"\" width=\"640\" height=\"480\" srcset=\"https:\/\/cloud.alqueria.es\/wp-content\/uploads\/sites\/6\/2021\/10\/DSC05463.jpg 640w, https:\/\/cloud.alqueria.es\/wp-content\/uploads\/sites\/6\/2021\/10\/DSC05463-300x225.jpg 300w\" sizes=\"(max-width: 640px) 100vw, 640px\" \/><\/p>\n<p>Consejo para nuestros seguidores: \u00abPoned un libro en vuestras vidas\u00bb.<\/p>\n<h5>Feria del Libro<\/h5>\n<p>Este fin de semana pod\u00e9is visitar la feria del libro en Granada, est\u00e1 estupenda.<\/p>\n<p><img decoding=\"async\" src=\"https:\/\/librerias.paulinas.es\/wp-content\/uploads\/2021\/09\/Cabecera-Feria-libro-Granada-2021.jpg\" alt=\"Librer\u00eda Paulinas en la Feria del Libro de Granada 2021\" \/><\/p>\n<h5>Rinc\u00f3n de Luca<\/h5>\n<p>En casa podemos jugar en el Rinc\u00f3n de Lucas, donde hay ejercicios para las diferentes rutas de aprendizaje que llevamos.<\/p>\n<p><img decoding=\"async\" data-attachment-id=\"28004\" data-permalink=\"https:\/\/www.alqueria.es\/blogs\/alqueriaprimerciclo\/2021\/10\/08\/la-vega-un-paraiso-que-no-se-debe-perder\/rincon-de-luca-3\/\" data-orig-file=\"https:\/\/cloud.alqueria.es\/wp-content\/uploads\/sites\/6\/2021\/10\/RINCON-DE-LUCA.png\" data-orig-size=\"1065,609\" data-comments-opened=\"1\" data-image-meta=\"{&quot;aperture&quot;:&quot;0&quot;,&quot;credit&quot;:&quot;&quot;,&quot;camera&quot;:&quot;&quot;,&quot;caption&quot;:&quot;&quot;,&quot;created_timestamp&quot;:&quot;0&quot;,&quot;copyright&quot;:&quot;&quot;,&quot;focal_length&quot;:&quot;0&quot;,&quot;iso&quot;:&quot;0&quot;,&quot;shutter_speed&quot;:&quot;0&quot;,&quot;title&quot;:&quot;&quot;,&quot;orientation&quot;:&quot;0&quot;}\" data-image-title=\"RINC\u00d3N DE LUCA\" data-image-description=\"\" data-image-caption=\"\" data-large-file=\"https:\/\/cloud.alqueria.es\/wp-content\/uploads\/sites\/6\/2021\/10\/RINCON-DE-LUCA-1024x586.png\" class=\"alignnone size-full wp-image-28004\" src=\"https:\/\/cloud.alqueria.es\/wp-content\/uploads\/sites\/6\/2021\/10\/RINCON-DE-LUCA.png\" alt=\"\" width=\"1065\" height=\"609\" srcset=\"https:\/\/cloud.alqueria.es\/wp-content\/uploads\/sites\/6\/2021\/10\/RINCON-DE-LUCA.png 1065w, https:\/\/cloud.alqueria.es\/wp-content\/uploads\/sites\/6\/2021\/10\/RINCON-DE-LUCA-300x172.png 300w, https:\/\/cloud.alqueria.es\/wp-content\/uploads\/sites\/6\/2021\/10\/RINCON-DE-LUCA-1024x586.png 1024w, https:\/\/cloud.alqueria.es\/wp-content\/uploads\/sites\/6\/2021\/10\/RINCON-DE-LUCA-768x439.png 768w\" sizes=\"(max-width: 1065px) 100vw, 1065px\" \/><\/p>\n<p>En Recursos de nuestra p\u00e1gina WEB.<\/p>\n<h5>El huerto<\/h5>\n<p>Nuestro d\u00eda de trabajar en el huerto es el viernes. A media ma\u00f1ana vamos hacer diferentes tareas entre todos. Hemos estado limpiando de piedras un rinc\u00f3n durante dos semanas.<\/p>\n<p>Y por fin en esta hemos echado las semillas de<\/p>\n<p><img decoding=\"async\" src=\"https:\/\/1.bp.blogspot.com\/-ra2tB5UFnVQ\/X2m0DotjkSI\/AAAAAAAAMLQ\/euA9MBQZjVABG2GQFM-8hrPGKpxJVhJIwCLcBGAsYHQ\/s1597\/Imagen1.png\" alt=\"Sobre esto y aquello: Fresas: decenas de frutos en una fruta\" \/><\/p>\n<p>Claudio nos la trajo al final del curso pasado y ahora es el momento oportuno de ponerlas en una parcelita, al pie del membrillo. Las cuidaremos con mucho mimo.<\/p>\n<p>Mantenemos el or\u00e9gano que plantamos en primero.<\/p>\n<p><img decoding=\"async\" src=\"https:\/\/hierbasbuenas.net\/wp-content\/uploads\/2020\/10\/Oregano-Mediterraneo-en-tu-propio-jardin.jpg\" alt=\"Or\u00e9gano en el jard\u00edn. Cuidados, cosecha y almacenaje - Hierbas Buenas\" \/><\/p>\n<h5>\u00bfPor qu\u00e9 no vamos al cole el lunes y el martes?<\/h5>\n<\/div>\n<p><img decoding=\"async\" class=\"aligncenter\" src=\"https:\/\/3.bp.blogspot.com\/_jEsi7au2kK8\/TK2L66wELBI\/AAAAAAAAAmg\/jpZGNm6TjKo\/s1600\/colon+viene+a+descubrirnos.jpg\" \/><\/p>\n<p>El 12 de octubre se celebra el final de una aventura que termin\u00f3 llam\u00e1ndose el descubrimiento de Am\u00e9rica.<\/p>\n<h5>Blog de Art\u00edstica<\/h5>\n<p>Muy interesante seguir a trav\u00e9s de \u00e9l los procesos de trabajos creativos. No dej\u00e9is de consultarlo en nuestra p\u00e1gina WEB.<\/p>\n<p>En breve un reportaje de \u00bb Educando la percepci\u00f3n visual en 2\u00ba\u00bb, con Ana Mart\u00edn.<\/p>\n<div class=\"RqBzHd\">\n<p>Pod\u00e9is comprobar que lo pasamos de maravilla en el colegio, por lo que\u00a0 deseamos tambi\u00e9n un entretenido, creativo y alegre\u00a0 fin de semana con\u00a0 nuestra tribu, m\u00e1s largo de lo habitual.<\/p>\n<p>Rosi R\u00e0fols<\/p>\n<\/div>\n","protected":false},"excerpt":{"rendered":"<p>1\u00aa Salida a la Vega La primera salida del curso tiene como objetivo recordar los l\u00edmites naturales de este espacio singular: Sierra Nevada, Sierra de Alfaguara, Sierra Elvira y Monte Vives. Los reconocemos con la colaboraci\u00f3n del grupo de primero, que viene muy bien \u00abestudiado\u00ab. Camino de la casa del duende En direcci\u00f3n al r\u00edo &hellip; <a href=\"https:\/\/www.alqueria.es\/blogs\/alqueriaprimerciclo\/2021\/10\/08\/la-vega-un-paraiso-que-no-se-debe-perder\/\" class=\"more-link\">Seguir leyendo <span class=\"screen-reader-text\">La Vega, un para\u00edso que no se debe perder<\/span> <span class=\"meta-nav\">&rarr;<\/span><\/a><\/p>\n","protected":false},"author":12,"featured_media":0,"comment_status":"open","ping_status":"open","sticky":false,"template":"","format":"standard","meta":{"jetpack_post_was_ever_published":false,"_jetpack_newsletter_access":"","_jetpack_dont_email_post_to_subs":false,"_jetpack_newsletter_tier_id":0,"_jetpack_memberships_contains_paywalled_content":false,"_jetpack_memberships_contains_paid_content":false,"footnotes":"","jetpack_publicize_message":"","jetpack_publicize_feature_enabled":true,"jetpack_social_post_already_shared":true,"jetpack_social_options":{"image_generator_settings":{"template":"highway","default_image_id":0,"font":"","enabled":false},"version":2}},"categories":[3,7,9,11,182],"tags":[32,147,73,60],"class_list":["post-27949","post","type-post","status-publish","format-standard","hentry","category-2o-epo","category-conocimiento-del-medio-2o","category-diario-de-clase-2o","category-juega-y-aprende","category-yoga","tag-alqueria","tag-aprendemos-de-otra-manera","tag-conocimiento-del-entorno-natural","tag-primaria"],"jetpack_publicize_connections":[],"jetpack_featured_media_url":"","jetpack_sharing_enabled":true,"jetpack_shortlink":"https:\/\/wp.me\/p4lvS0-7gN","_links":{"self":[{"href":"https:\/\/www.alqueria.es\/blogs\/alqueriaprimerciclo\/wp-json\/wp\/v2\/posts\/27949","targetHints":{"allow":["GET"]}}],"collection":[{"href":"https:\/\/www.alqueria.es\/blogs\/alqueriaprimerciclo\/wp-json\/wp\/v2\/posts"}],"about":[{"href":"https:\/\/www.alqueria.es\/blogs\/alqueriaprimerciclo\/wp-json\/wp\/v2\/types\/post"}],"author":[{"embeddable":true,"href":"https:\/\/www.alqueria.es\/blogs\/alqueriaprimerciclo\/wp-json\/wp\/v2\/users\/12"}],"replies":[{"embeddable":true,"href":"https:\/\/www.alqueria.es\/blogs\/alqueriaprimerciclo\/wp-json\/wp\/v2\/comments?post=27949"}],"version-history":[{"count":20,"href":"https:\/\/www.alqueria.es\/blogs\/alqueriaprimerciclo\/wp-json\/wp\/v2\/posts\/27949\/revisions"}],"predecessor-version":[{"id":28010,"href":"https:\/\/www.alqueria.es\/blogs\/alqueriaprimerciclo\/wp-json\/wp\/v2\/posts\/27949\/revisions\/28010"}],"wp:attachment":[{"href":"https:\/\/www.alqueria.es\/blogs\/alqueriaprimerciclo\/wp-json\/wp\/v2\/media?parent=27949"}],"wp:term":[{"taxonomy":"category","embeddable":true,"href":"https:\/\/www.alqueria.es\/blogs\/alqueriaprimerciclo\/wp-json\/wp\/v2\/categories?post=27949"},{"taxonomy":"post_tag","embeddable":true,"href":"https:\/\/www.alqueria.es\/blogs\/alqueriaprimerciclo\/wp-json\/wp\/v2\/tags?post=27949"}],"curies":[{"name":"wp","href":"https:\/\/api.w.org\/{rel}","templated":true}]}}