{"id":28139,"date":"2021-10-24T14:30:58","date_gmt":"2021-10-24T12:30:58","guid":{"rendered":"https:\/\/www.alqueria.es\/blogs\/alqueriaprimerciclo\/?p=28139"},"modified":"2021-10-24T14:30:58","modified_gmt":"2021-10-24T12:30:58","slug":"conferencias-en-primero","status":"publish","type":"post","link":"https:\/\/www.alqueria.es\/blogs\/alqueriaprimerciclo\/2021\/10\/24\/conferencias-en-primero\/","title":{"rendered":"Conferencias en primero"},"content":{"rendered":"<p>Comenzamos las conferencias en primero.<\/p>\n<p>Esta actividad est\u00e1 relacionada directamente con los intereses personales de conocimiento y dise\u00f1ada para dar respuesta a ellos, provocando la investigaci\u00f3n de un tema que despierta su motivaci\u00f3n y quiera conocer m\u00e1s sobre \u00e9l.<\/p>\n<p>Implica reflexionar sobre lo que saben del tema, averiguar qu\u00e9 quieren saber m\u00e1s a cerca de \u00e9l, buscar la informaci\u00f3n en distintos soportes , personas, libros, videos, visitando lugares de inter\u00e9s &#8230; y recogerla para cont\u00e1rselo a sus compa\u00f1eros<\/p>\n<p>Llevarlo a formato exposici\u00f3n implica la necesidad de ordenar las ideas y seguir una estructura con apoyo visual, para facilitar la transmisi\u00f3n del que expone y comprensi\u00f3n del que escucha.<\/p>\n<p>Este proceso requiere de vuestro acompa\u00f1amiento y gu\u00eda, imprescindible en estas edades, por lo que compartirlo con la familia lo hace m\u00e1s interesante a\u00fan. La idea es que compart\u00e1is y disfrut\u00e9is con ellos el proceso.<\/p>\n<p>Los temas elegidos por el grupo los he\u00a0 organizado en relaci\u00f3n a los que veremos dentro del \u00e1rea de ciencias, ya que todos los elegidos se ajustan a ella. Las fechas est\u00e1n asignadas seg\u00fan la coherencia de estudio dentro de estos.<\/p>\n<p>Dentro del estudio de los seres vivos, que nos ocupa estos meses, los animales son la tem\u00e1tica que abre el ciclo de exposiciones. Luc\u00eda es la primera en compartir su investigaci\u00f3n.<\/p>\n<p><span style=\"color: #0000ff\">CONFERENCIA<\/span>\u00a0de<span style=\"color: #0000ff\">LUC\u00cdA<\/span> sobre los <span style=\"color: #0000ff\">CONEJOS<\/span><\/p>\n<p><img decoding=\"async\" data-attachment-id=\"28165\" data-permalink=\"https:\/\/www.alqueria.es\/blogs\/alqueriaprimerciclo\/2021\/10\/24\/conferencias-en-primero\/p11019-092434_comps\/\" data-orig-file=\"https:\/\/cloud.alqueria.es\/wp-content\/uploads\/sites\/6\/2021\/10\/P11019-092434_comps.jpg\" data-orig-size=\"2500,1875\" data-comments-opened=\"1\" data-image-meta=\"{&quot;aperture&quot;:&quot;2.2&quot;,&quot;credit&quot;:&quot;&quot;,&quot;camera&quot;:&quot;MEIZU_M5&quot;,&quot;caption&quot;:&quot;&quot;,&quot;created_timestamp&quot;:&quot;1634635475&quot;,&quot;copyright&quot;:&quot;&quot;,&quot;focal_length&quot;:&quot;3.5&quot;,&quot;iso&quot;:&quot;151&quot;,&quot;shutter_speed&quot;:&quot;0.029996&quot;,&quot;title&quot;:&quot;&quot;,&quot;orientation&quot;:&quot;1&quot;}\" data-image-title=\"P11019-092434_comps\" data-image-description=\"\" data-image-caption=\"\" data-large-file=\"https:\/\/cloud.alqueria.es\/wp-content\/uploads\/sites\/6\/2021\/10\/P11019-092434_comps-1024x768.jpg\" class=\"alignnone size-full wp-image-28165\" src=\"https:\/\/cloud.alqueria.es\/wp-content\/uploads\/sites\/6\/2021\/10\/P11019-092434_comps.jpg\" alt=\"\" width=\"2500\" height=\"1875\" srcset=\"https:\/\/cloud.alqueria.es\/wp-content\/uploads\/sites\/6\/2021\/10\/P11019-092434_comps.jpg 2500w, https:\/\/cloud.alqueria.es\/wp-content\/uploads\/sites\/6\/2021\/10\/P11019-092434_comps-300x225.jpg 300w, https:\/\/cloud.alqueria.es\/wp-content\/uploads\/sites\/6\/2021\/10\/P11019-092434_comps-1024x768.jpg 1024w, https:\/\/cloud.alqueria.es\/wp-content\/uploads\/sites\/6\/2021\/10\/P11019-092434_comps-768x576.jpg 768w, https:\/\/cloud.alqueria.es\/wp-content\/uploads\/sites\/6\/2021\/10\/P11019-092434_comps-1536x1152.jpg 1536w, https:\/\/cloud.alqueria.es\/wp-content\/uploads\/sites\/6\/2021\/10\/P11019-092434_comps-2048x1536.jpg 2048w\" sizes=\"(max-width: 2500px) 100vw, 2500px\" \/><\/p>\n<p>En esta ocasi\u00f3n os transcribo toda la informaci\u00f3n que nos ha contado para que os hag\u00e1is una idea de c\u00f3mo son las exposiciones.<\/p>\n<ul>\n<li>\u00bf Que son? Son animales vertebrados, tienen un esquema de huesos como nosotros y son mam\u00edferos porque toman leche de su mam\u00e1 cuando son beb\u00e9s.<\/li>\n<\/ul>\n<div><img decoding=\"async\" data-attachment-id=\"28143\" data-permalink=\"https:\/\/www.alqueria.es\/blogs\/alqueriaprimerciclo\/2021\/10\/24\/conferencias-en-primero\/e9bf8b2f-cee2-452c-9ea6-34728f6a6904\/\" data-orig-file=\"https:\/\/cloud.alqueria.es\/wp-content\/uploads\/sites\/6\/2021\/10\/E9BF8B2F-CEE2-452C-9EA6-34728F6A6904-e1634672891898.jpg\" data-orig-size=\"1024,768\" data-comments-opened=\"1\" data-image-meta=\"{&quot;aperture&quot;:&quot;0&quot;,&quot;credit&quot;:&quot;&quot;,&quot;camera&quot;:&quot;&quot;,&quot;caption&quot;:&quot;&quot;,&quot;created_timestamp&quot;:&quot;0&quot;,&quot;copyright&quot;:&quot;&quot;,&quot;focal_length&quot;:&quot;0&quot;,&quot;iso&quot;:&quot;0&quot;,&quot;shutter_speed&quot;:&quot;0&quot;,&quot;title&quot;:&quot;&quot;,&quot;orientation&quot;:&quot;1&quot;}\" data-image-title=\"E9BF8B2F-CEE2-452C-9EA6-34728F6A6904\" data-image-description=\"\" data-image-caption=\"\" data-large-file=\"https:\/\/cloud.alqueria.es\/wp-content\/uploads\/sites\/6\/2021\/10\/E9BF8B2F-CEE2-452C-9EA6-34728F6A6904-768x1024.jpg\" class=\"alignnone wp-image-28143 size-full\" src=\"https:\/\/cloud.alqueria.es\/wp-content\/uploads\/sites\/6\/2021\/10\/E9BF8B2F-CEE2-452C-9EA6-34728F6A6904-e1634672891898.jpg\" alt=\"\" width=\"1024\" height=\"768\" \/><\/div>\n<div><\/div>\n<div>Pertenecen a la especie de los <strong>lagomorfos<\/strong> junto con las pikas y liebres. Mucha gente confunde conejos y liebres pero estas son m\u00e1s grandes y con orejas y patas m\u00e1s largas.<\/div>\n<div>Antes se pensaba que los conejos pertenec\u00edan a la familia de los roedores como ratones, h\u00e1mster o cobayas porque est\u00e1n mordisqueando continuamente pero no. Hay dos tipos de conejos, los de campo que son los que viven en libertad y los dom\u00e9sticos que son los que tenemos en casa como mascotas.<\/div>\n<div><\/div>\n<ul>\n<li>\u00bfComo son? Son peque\u00f1os y pelados<\/li>\n<\/ul>\n<div>Tienes ojos grandes y saltones colocados a cada lado de la cabeza. Ven muy bien de lejos pero no ven muy cerca as\u00ed que se ayudan de los bigotes para saber que tienen delante.<\/div>\n<div>Sus orejas son grandes y las mueven para escuchar mejor. Tambi\u00e9n nos muestran con ellas sus <strong>emociones<\/strong>: si est\u00e1n alerta las tienen muy tiesas, si las echan hacia atr\u00e1s quieren que los acaricies y si las pegan mucho a la cabeza est\u00e1n asustados<\/div>\n<div>Sus sentidos m\u00e1s desarrollados son el olfato y gusto. Est\u00e1n olisqueando todo el rato por eso mueven mucho la nariz. La dejan de mover cuando se siente muy seguros y tranquilos.<\/div>\n<div>Tienen algunos dientes que crecen sin parar, 4 arriba y dos abajo. Por eso tiene que morder cosas para limarlos porque sino se pueden hacer heridas o incluso clav\u00e1rselos en el cerebro.<\/div>\n<div>Las patas traseras son m\u00e1s largas que las delanteras y eso hace que puedan saltar mucho y correr muy r\u00e1pido. Cuando est\u00e1n muy enfadados o sienten que hay alg\u00fan peligro golpean muy fuerte una pata trasera contra el suelo.<\/div>\n<div><\/div>\n<ul>\n<li>\u00bfDonde viven?<\/li>\n<\/ul>\n<div>Los primeros conejos se descubrieron en nuestro pa\u00eds y de aqu\u00ed han pasado a muchos otros sitios.<\/div>\n<div>Les gusta vivir en bosques, parques, pantanos, pero donde m\u00e1s les gusta es en campos con matorrales para esconderse porque son muy miedosos.<\/div>\n<div>Necesitan un suelo arenoso y blando para cavar madrigueras, que es donde viven.<\/div>\n<div><img decoding=\"async\" data-attachment-id=\"28141\" data-permalink=\"https:\/\/www.alqueria.es\/blogs\/alqueriaprimerciclo\/2021\/10\/24\/conferencias-en-primero\/a1856c08-abc6-40ec-a889-468af835f1db\/\" data-orig-file=\"https:\/\/cloud.alqueria.es\/wp-content\/uploads\/sites\/6\/2021\/10\/A1856C08-ABC6-40EC-A889-468AF835F1DB-e1634673008783.jpg\" data-orig-size=\"1990,1492\" data-comments-opened=\"1\" data-image-meta=\"{&quot;aperture&quot;:&quot;0&quot;,&quot;credit&quot;:&quot;&quot;,&quot;camera&quot;:&quot;&quot;,&quot;caption&quot;:&quot;&quot;,&quot;created_timestamp&quot;:&quot;0&quot;,&quot;copyright&quot;:&quot;&quot;,&quot;focal_length&quot;:&quot;0&quot;,&quot;iso&quot;:&quot;0&quot;,&quot;shutter_speed&quot;:&quot;0&quot;,&quot;title&quot;:&quot;&quot;,&quot;orientation&quot;:&quot;1&quot;}\" data-image-title=\"A1856C08-ABC6-40EC-A889-468AF835F1DB\" data-image-description=\"\" data-image-caption=\"\" data-large-file=\"https:\/\/cloud.alqueria.es\/wp-content\/uploads\/sites\/6\/2021\/10\/A1856C08-ABC6-40EC-A889-468AF835F1DB-e1634673008783-1024x768.jpg\" class=\"alignnone size-full wp-image-28141\" src=\"https:\/\/cloud.alqueria.es\/wp-content\/uploads\/sites\/6\/2021\/10\/A1856C08-ABC6-40EC-A889-468AF835F1DB-e1634673008783.jpg\" alt=\"\" width=\"1990\" height=\"1492\" srcset=\"https:\/\/cloud.alqueria.es\/wp-content\/uploads\/sites\/6\/2021\/10\/A1856C08-ABC6-40EC-A889-468AF835F1DB-e1634673008783.jpg 1990w, https:\/\/cloud.alqueria.es\/wp-content\/uploads\/sites\/6\/2021\/10\/A1856C08-ABC6-40EC-A889-468AF835F1DB-e1634673008783-300x225.jpg 300w, https:\/\/cloud.alqueria.es\/wp-content\/uploads\/sites\/6\/2021\/10\/A1856C08-ABC6-40EC-A889-468AF835F1DB-e1634673008783-1024x768.jpg 1024w, https:\/\/cloud.alqueria.es\/wp-content\/uploads\/sites\/6\/2021\/10\/A1856C08-ABC6-40EC-A889-468AF835F1DB-e1634673008783-768x576.jpg 768w, https:\/\/cloud.alqueria.es\/wp-content\/uploads\/sites\/6\/2021\/10\/A1856C08-ABC6-40EC-A889-468AF835F1DB-e1634673008783-1536x1152.jpg 1536w\" sizes=\"(max-width: 1990px) 100vw, 1990px\" \/><\/div>\n<div><\/div>\n<ul>\n<li>Comportamiento:<\/li>\n<\/ul>\n<div>Les gusta vivir en grupos de 6 a 10 conejos.<\/div>\n<div>Son herb\u00edvoros. Son nocturnos. Salen de su madriguera de noche para buscar comida y as\u00ed evitan a los depredadores. Algunos de sus depredadores son el b\u00faho, \u00e1guila, zurr\u00f3, gato mont\u00e9s, perro&#8230;<\/div>\n<div>Los conejos beb\u00e9s se llaman <strong>gazapos<\/strong> y nacen sin pelo y ciegos. Cuando la mam\u00e1 coneja va a tener beb\u00e9s construye un nido.<\/div>\n<ul>\n<li>Moon\u00a0 es nuestra mascota y los cuidados que necesita un conejo en casa. Los conejos son muy buenas mascotas para los ni\u00f1os porque son tranquilos y cari\u00f1osos.<\/li>\n<\/ul>\n<div>Mi coneja es de una raza que se llama conejo enano, porque es m\u00e1s peque\u00f1a de lo normal pero hay conejos todav\u00eda m\u00e1s peque\u00f1os como los toys o super toys.<img decoding=\"async\" data-attachment-id=\"28142\" data-permalink=\"https:\/\/www.alqueria.es\/blogs\/alqueriaprimerciclo\/2021\/10\/24\/conferencias-en-primero\/a371470b-9cb7-44e0-a5fb-860fd881c311\/\" data-orig-file=\"https:\/\/cloud.alqueria.es\/wp-content\/uploads\/sites\/6\/2021\/10\/A371470B-9CB7-44E0-A5FB-860FD881C311-e1634672955244.jpg\" data-orig-size=\"1990,1492\" data-comments-opened=\"1\" data-image-meta=\"{&quot;aperture&quot;:&quot;0&quot;,&quot;credit&quot;:&quot;&quot;,&quot;camera&quot;:&quot;&quot;,&quot;caption&quot;:&quot;&quot;,&quot;created_timestamp&quot;:&quot;0&quot;,&quot;copyright&quot;:&quot;&quot;,&quot;focal_length&quot;:&quot;0&quot;,&quot;iso&quot;:&quot;0&quot;,&quot;shutter_speed&quot;:&quot;0&quot;,&quot;title&quot;:&quot;&quot;,&quot;orientation&quot;:&quot;1&quot;}\" data-image-title=\"A371470B-9CB7-44E0-A5FB-860FD881C311\" data-image-description=\"\" data-image-caption=\"\" data-large-file=\"https:\/\/cloud.alqueria.es\/wp-content\/uploads\/sites\/6\/2021\/10\/A371470B-9CB7-44E0-A5FB-860FD881C311-e1634672955244-1024x768.jpg\" class=\"alignnone size-full wp-image-28142\" src=\"https:\/\/cloud.alqueria.es\/wp-content\/uploads\/sites\/6\/2021\/10\/A371470B-9CB7-44E0-A5FB-860FD881C311-e1634672955244.jpg\" alt=\"\" width=\"1990\" height=\"1492\" srcset=\"https:\/\/cloud.alqueria.es\/wp-content\/uploads\/sites\/6\/2021\/10\/A371470B-9CB7-44E0-A5FB-860FD881C311-e1634672955244.jpg 1990w, https:\/\/cloud.alqueria.es\/wp-content\/uploads\/sites\/6\/2021\/10\/A371470B-9CB7-44E0-A5FB-860FD881C311-e1634672955244-300x225.jpg 300w, https:\/\/cloud.alqueria.es\/wp-content\/uploads\/sites\/6\/2021\/10\/A371470B-9CB7-44E0-A5FB-860FD881C311-e1634672955244-1024x768.jpg 1024w, https:\/\/cloud.alqueria.es\/wp-content\/uploads\/sites\/6\/2021\/10\/A371470B-9CB7-44E0-A5FB-860FD881C311-e1634672955244-768x576.jpg 768w, https:\/\/cloud.alqueria.es\/wp-content\/uploads\/sites\/6\/2021\/10\/A371470B-9CB7-44E0-A5FB-860FD881C311-e1634672955244-1536x1152.jpg 1536w\" sizes=\"(max-width: 1990px) 100vw, 1990px\" \/><\/div>\n<div><\/div>\n<div>Cuidados: el conejo \u00a0necesita compa\u00f1\u00eda, no le gusta estar solo. Tiene que tener una jaula grande con lecho que es una cosa que se pone en el suelo para absorber el pip\u00ed y que no se moje la jaula, bebedero y comedero y un escondite que le sirva de madriguera.<\/div>\n<div>Los conejos no se ba\u00f1an, se limpian ellos solitos lami\u00e9ndose. La jaula hay que lavarla una vez a la semana. Hay que sacarlos mucho de la jaula para que hagan ejercicio, salten y corran pero hay que vigilarlos para que no se hagan da\u00f1o o se coman alguna cosa. Mucho cuidado con los cables porque les puede dar la corriente.<\/div>\n<div>Tienes que llevarlo al veterinario cuando lo notes que se comporta extra\u00f1o o para ponerle las vacunas todos los a\u00f1os.<\/div>\n<div><\/div>\n<div>Alimentaci\u00f3n:<\/div>\n<div>Todos los d\u00edas tienen que comer todo el heno que quieran, un pu\u00f1ado o cuchara de pienso y verduras como lechuga u hojas de zanahoria.<\/div>\n<div>A veces se les pueden dar otras verduras como tomates o br\u00f3coli o frutas como peras, manzanas, sand\u00eda y mel\u00f3n. \u00a0Nunca debes darle pan, ajo, cebolla, dulces o arroz.<\/div>\n<div><img decoding=\"async\" data-attachment-id=\"28166\" data-permalink=\"https:\/\/www.alqueria.es\/blogs\/alqueriaprimerciclo\/2021\/10\/24\/conferencias-en-primero\/p11019-100206_comps\/\" data-orig-file=\"https:\/\/cloud.alqueria.es\/wp-content\/uploads\/sites\/6\/2021\/10\/P11019-100206_comps.jpg\" data-orig-size=\"2500,1875\" data-comments-opened=\"1\" data-image-meta=\"{&quot;aperture&quot;:&quot;2.2&quot;,&quot;credit&quot;:&quot;&quot;,&quot;camera&quot;:&quot;MEIZU_M5&quot;,&quot;caption&quot;:&quot;&quot;,&quot;created_timestamp&quot;:&quot;1634637726&quot;,&quot;copyright&quot;:&quot;&quot;,&quot;focal_length&quot;:&quot;3.5&quot;,&quot;iso&quot;:&quot;123&quot;,&quot;shutter_speed&quot;:&quot;0.029996&quot;,&quot;title&quot;:&quot;&quot;,&quot;orientation&quot;:&quot;1&quot;}\" data-image-title=\"P11019-100206_comps\" data-image-description=\"\" data-image-caption=\"\" data-large-file=\"https:\/\/cloud.alqueria.es\/wp-content\/uploads\/sites\/6\/2021\/10\/P11019-100206_comps-1024x768.jpg\" class=\"alignnone size-full wp-image-28166\" src=\"https:\/\/cloud.alqueria.es\/wp-content\/uploads\/sites\/6\/2021\/10\/P11019-100206_comps.jpg\" alt=\"\" width=\"2500\" height=\"1875\" srcset=\"https:\/\/cloud.alqueria.es\/wp-content\/uploads\/sites\/6\/2021\/10\/P11019-100206_comps.jpg 2500w, https:\/\/cloud.alqueria.es\/wp-content\/uploads\/sites\/6\/2021\/10\/P11019-100206_comps-300x225.jpg 300w, https:\/\/cloud.alqueria.es\/wp-content\/uploads\/sites\/6\/2021\/10\/P11019-100206_comps-1024x768.jpg 1024w, https:\/\/cloud.alqueria.es\/wp-content\/uploads\/sites\/6\/2021\/10\/P11019-100206_comps-768x576.jpg 768w, https:\/\/cloud.alqueria.es\/wp-content\/uploads\/sites\/6\/2021\/10\/P11019-100206_comps-1536x1152.jpg 1536w, https:\/\/cloud.alqueria.es\/wp-content\/uploads\/sites\/6\/2021\/10\/P11019-100206_comps-2048x1536.jpg 2048w\" sizes=\"(max-width: 2500px) 100vw, 2500px\" \/><\/div>\n<div>Despu\u00e9s de la exposici\u00f3n tan clara\u00a0 y exhaustiva, abrimos un turno de\u00a0 <span style=\"color: #0000ff\">preguntas<\/span> por si ha quedado alguna duda sobre lo expuesto o quieren saber algo m\u00e1s. Al finalizar este , se abre otro turno de <span style=\"color: #0000ff\">comentarios<\/span> d\u00f3nde nos gusta comunicar nuestras experiencias personales acerca del tema . Ambos los dirige la conferenciante\u00a0 con gran maestr\u00eda.<\/div>\n<div><span style=\"color: #0000ff\">Agradecemos<\/span> con un gran aplauso la generosidad y responsabilidad de\u00a0 Luc\u00eda.<\/div>\n<div><\/div>\n<div>Pasamos a <span style=\"color: #0000ff\">reflexionar<\/span> sobre lo que hemos aprendido , <span style=\"color: #0000ff\">dibujando<\/span> y <span style=\"color: #0000ff\">escribiendo<\/span> lo que m\u00e1s ha gustado.<\/div>\n<div><img decoding=\"async\" data-attachment-id=\"28167\" data-permalink=\"https:\/\/www.alqueria.es\/blogs\/alqueriaprimerciclo\/2021\/10\/24\/conferencias-en-primero\/p11019-154016_comps\/\" data-orig-file=\"https:\/\/cloud.alqueria.es\/wp-content\/uploads\/sites\/6\/2021\/10\/P11019-154016_comps.jpg\" data-orig-size=\"2500,1875\" data-comments-opened=\"1\" data-image-meta=\"{&quot;aperture&quot;:&quot;2.2&quot;,&quot;credit&quot;:&quot;&quot;,&quot;camera&quot;:&quot;MEIZU_M5&quot;,&quot;caption&quot;:&quot;&quot;,&quot;created_timestamp&quot;:&quot;1634658016&quot;,&quot;copyright&quot;:&quot;&quot;,&quot;focal_length&quot;:&quot;3.5&quot;,&quot;iso&quot;:&quot;191&quot;,&quot;shutter_speed&quot;:&quot;0.029996&quot;,&quot;title&quot;:&quot;&quot;,&quot;orientation&quot;:&quot;1&quot;}\" data-image-title=\"P11019-154016_comps\" data-image-description=\"\" data-image-caption=\"\" data-large-file=\"https:\/\/cloud.alqueria.es\/wp-content\/uploads\/sites\/6\/2021\/10\/P11019-154016_comps-1024x768.jpg\" class=\"alignnone size-full wp-image-28167\" src=\"https:\/\/cloud.alqueria.es\/wp-content\/uploads\/sites\/6\/2021\/10\/P11019-154016_comps.jpg\" alt=\"\" width=\"2500\" height=\"1875\" srcset=\"https:\/\/cloud.alqueria.es\/wp-content\/uploads\/sites\/6\/2021\/10\/P11019-154016_comps.jpg 2500w, https:\/\/cloud.alqueria.es\/wp-content\/uploads\/sites\/6\/2021\/10\/P11019-154016_comps-300x225.jpg 300w, https:\/\/cloud.alqueria.es\/wp-content\/uploads\/sites\/6\/2021\/10\/P11019-154016_comps-1024x768.jpg 1024w, https:\/\/cloud.alqueria.es\/wp-content\/uploads\/sites\/6\/2021\/10\/P11019-154016_comps-768x576.jpg 768w, https:\/\/cloud.alqueria.es\/wp-content\/uploads\/sites\/6\/2021\/10\/P11019-154016_comps-1536x1152.jpg 1536w, https:\/\/cloud.alqueria.es\/wp-content\/uploads\/sites\/6\/2021\/10\/P11019-154016_comps-2048x1536.jpg 2048w\" sizes=\"(max-width: 2500px) 100vw, 2500px\" \/><img decoding=\"async\" data-attachment-id=\"28168\" data-permalink=\"https:\/\/www.alqueria.es\/blogs\/alqueriaprimerciclo\/2021\/10\/24\/conferencias-en-primero\/p11019-154029_comps\/\" data-orig-file=\"https:\/\/cloud.alqueria.es\/wp-content\/uploads\/sites\/6\/2021\/10\/P11019-154029_comps.jpg\" data-orig-size=\"1875,2500\" data-comments-opened=\"1\" data-image-meta=\"{&quot;aperture&quot;:&quot;2.2&quot;,&quot;credit&quot;:&quot;&quot;,&quot;camera&quot;:&quot;MEIZU_M5&quot;,&quot;caption&quot;:&quot;&quot;,&quot;created_timestamp&quot;:&quot;1634658029&quot;,&quot;copyright&quot;:&quot;&quot;,&quot;focal_length&quot;:&quot;3.5&quot;,&quot;iso&quot;:&quot;253&quot;,&quot;shutter_speed&quot;:&quot;0.029996&quot;,&quot;title&quot;:&quot;&quot;,&quot;orientation&quot;:&quot;1&quot;}\" data-image-title=\"P11019-154029_comps\" data-image-description=\"\" data-image-caption=\"\" data-large-file=\"https:\/\/cloud.alqueria.es\/wp-content\/uploads\/sites\/6\/2021\/10\/P11019-154029_comps-768x1024.jpg\" class=\"alignnone size-full wp-image-28168\" src=\"https:\/\/cloud.alqueria.es\/wp-content\/uploads\/sites\/6\/2021\/10\/P11019-154029_comps.jpg\" alt=\"\" width=\"1875\" height=\"2500\" srcset=\"https:\/\/cloud.alqueria.es\/wp-content\/uploads\/sites\/6\/2021\/10\/P11019-154029_comps.jpg 1875w, https:\/\/cloud.alqueria.es\/wp-content\/uploads\/sites\/6\/2021\/10\/P11019-154029_comps-225x300.jpg 225w, https:\/\/cloud.alqueria.es\/wp-content\/uploads\/sites\/6\/2021\/10\/P11019-154029_comps-768x1024.jpg 768w, https:\/\/cloud.alqueria.es\/wp-content\/uploads\/sites\/6\/2021\/10\/P11019-154029_comps-1152x1536.jpg 1152w, https:\/\/cloud.alqueria.es\/wp-content\/uploads\/sites\/6\/2021\/10\/P11019-154029_comps-1536x2048.jpg 1536w\" sizes=\"(max-width: 1875px) 100vw, 1875px\" \/><\/div>\n<div><\/div>\n<div>Cuando les ped\u00ed que eligieran su tema para la conferencia , plantearon continuar\u00a0 adem\u00e1s con el formato que surgi\u00f3 el curso anterior de mini experto. Por lo que la mayor\u00eda eligi\u00f3 ya la tem\u00e1tica de cada una, diferenci\u00e1ndolas por la extensi\u00f3n del contenido . As\u00ed que al ciclo de conferencias se han a\u00f1adido m\u00e1s intereses acerca de tem\u00e1ticas concretas que le damos formato de Miniconferencias.<\/div>\n<div><\/div>\n<div><strong><span style=\"color: #0000ff\">Miniconferencia<\/span><\/strong> sobre <span style=\"color: #0000ff\"><strong>Hienas<\/strong><\/span> por <span style=\"color: #0000ff\"><strong>Maxi<\/strong><\/span><\/div>\n<div><\/div>\n<div><img decoding=\"async\" data-attachment-id=\"28185\" data-permalink=\"https:\/\/www.alqueria.es\/blogs\/alqueriaprimerciclo\/2021\/10\/24\/conferencias-en-primero\/p11022-093852_comps\/\" data-orig-file=\"https:\/\/cloud.alqueria.es\/wp-content\/uploads\/sites\/6\/2021\/10\/P11022-093852_comps.jpg\" data-orig-size=\"2500,1875\" data-comments-opened=\"1\" data-image-meta=\"{&quot;aperture&quot;:&quot;2.2&quot;,&quot;credit&quot;:&quot;&quot;,&quot;camera&quot;:&quot;MEIZU_M5&quot;,&quot;caption&quot;:&quot;&quot;,&quot;created_timestamp&quot;:&quot;1634895532&quot;,&quot;copyright&quot;:&quot;&quot;,&quot;focal_length&quot;:&quot;3.5&quot;,&quot;iso&quot;:&quot;175&quot;,&quot;shutter_speed&quot;:&quot;0.029996&quot;,&quot;title&quot;:&quot;&quot;,&quot;orientation&quot;:&quot;1&quot;}\" data-image-title=\"P11022-093852_comps\" data-image-description=\"\" data-image-caption=\"\" data-large-file=\"https:\/\/cloud.alqueria.es\/wp-content\/uploads\/sites\/6\/2021\/10\/P11022-093852_comps-1024x768.jpg\" class=\"alignnone size-full wp-image-28185\" src=\"https:\/\/cloud.alqueria.es\/wp-content\/uploads\/sites\/6\/2021\/10\/P11022-093852_comps.jpg\" alt=\"\" width=\"2500\" height=\"1875\" srcset=\"https:\/\/cloud.alqueria.es\/wp-content\/uploads\/sites\/6\/2021\/10\/P11022-093852_comps.jpg 2500w, https:\/\/cloud.alqueria.es\/wp-content\/uploads\/sites\/6\/2021\/10\/P11022-093852_comps-300x225.jpg 300w, https:\/\/cloud.alqueria.es\/wp-content\/uploads\/sites\/6\/2021\/10\/P11022-093852_comps-1024x768.jpg 1024w, https:\/\/cloud.alqueria.es\/wp-content\/uploads\/sites\/6\/2021\/10\/P11022-093852_comps-768x576.jpg 768w, https:\/\/cloud.alqueria.es\/wp-content\/uploads\/sites\/6\/2021\/10\/P11022-093852_comps-1536x1152.jpg 1536w, https:\/\/cloud.alqueria.es\/wp-content\/uploads\/sites\/6\/2021\/10\/P11022-093852_comps-2048x1536.jpg 2048w\" sizes=\"(max-width: 2500px) 100vw, 2500px\" \/><\/div>\n<div><span style=\"color: #0000ff\">Maxi<\/span> nos ha explicado que las <span style=\"color: #0000ff\">hienas<\/span> forman parte de la familia de los hi\u00e9ridos, son mam\u00edferos, tienen un pelaje moteado y sus cr\u00edas cuando nacen son de color negro. Maman hasta que tienen un a\u00f1o y luego salen a cazar.<\/div>\n<div>Algunas especies son <span style=\"color: #0000ff\">carro\u00f1eras<\/span> , comen animales muertos, mientras que otras cazan. Su especies favoritas son las cebras y los ant\u00edlopes . Hay cuatro tipos de especies tres en el sur de \u00c1frica y una en el norte .<\/div>\n<div>Tienen unos dientes s\u00faper fuertes con los que pueden triturar los huesos de los animales . Marcan su territorio haciendo pis. Pueden formar manadas de hasta 100 hienas, lideradas por una hembra.\u00a0 Emiten un sonido parecido a la risa para avisar a sus compa\u00f1eras que hay comida disponible. Tienen las patas delanteras m\u00e1s largas que las traseras, salen a cazar por la noche .<\/div>\n<div>En un pueblo de \u00c1frica hay un hombre que por la noche le da de comer para que no se acerquen al poblado y ataquen a las personas y a\u00a0 otras las domestican.<\/div>\n<div><\/div>\n<div><img decoding=\"async\" data-attachment-id=\"28186\" data-permalink=\"https:\/\/www.alqueria.es\/blogs\/alqueriaprimerciclo\/2021\/10\/24\/conferencias-en-primero\/p11022-173513_comps1\/\" data-orig-file=\"https:\/\/cloud.alqueria.es\/wp-content\/uploads\/sites\/6\/2021\/10\/P11022-173513_comps1.jpg\" data-orig-size=\"2500,1875\" data-comments-opened=\"1\" data-image-meta=\"{&quot;aperture&quot;:&quot;2.2&quot;,&quot;credit&quot;:&quot;&quot;,&quot;camera&quot;:&quot;MEIZU_M5&quot;,&quot;caption&quot;:&quot;&quot;,&quot;created_timestamp&quot;:&quot;1634924114&quot;,&quot;copyright&quot;:&quot;&quot;,&quot;focal_length&quot;:&quot;3.5&quot;,&quot;iso&quot;:&quot;1021&quot;,&quot;shutter_speed&quot;:&quot;0.040005&quot;,&quot;title&quot;:&quot;&quot;,&quot;orientation&quot;:&quot;1&quot;}\" data-image-title=\"P11022-173513_comps(1)\" data-image-description=\"\" data-image-caption=\"\" data-large-file=\"https:\/\/cloud.alqueria.es\/wp-content\/uploads\/sites\/6\/2021\/10\/P11022-173513_comps1-1024x768.jpg\" class=\"alignnone size-full wp-image-28186\" src=\"https:\/\/cloud.alqueria.es\/wp-content\/uploads\/sites\/6\/2021\/10\/P11022-173513_comps1.jpg\" alt=\"\" width=\"2500\" height=\"1875\" srcset=\"https:\/\/cloud.alqueria.es\/wp-content\/uploads\/sites\/6\/2021\/10\/P11022-173513_comps1.jpg 2500w, https:\/\/cloud.alqueria.es\/wp-content\/uploads\/sites\/6\/2021\/10\/P11022-173513_comps1-300x225.jpg 300w, https:\/\/cloud.alqueria.es\/wp-content\/uploads\/sites\/6\/2021\/10\/P11022-173513_comps1-1024x768.jpg 1024w, https:\/\/cloud.alqueria.es\/wp-content\/uploads\/sites\/6\/2021\/10\/P11022-173513_comps1-768x576.jpg 768w, https:\/\/cloud.alqueria.es\/wp-content\/uploads\/sites\/6\/2021\/10\/P11022-173513_comps1-1536x1152.jpg 1536w, https:\/\/cloud.alqueria.es\/wp-content\/uploads\/sites\/6\/2021\/10\/P11022-173513_comps1-2048x1536.jpg 2048w\" sizes=\"(max-width: 2500px) 100vw, 2500px\" \/><\/div>\n<div>Despu\u00e9s de la exposici\u00f3n , con su turno de preguntas y comentarios correspondiente, dibujamos hienas donde se reflejan detalles de las caracter\u00edsticas que ahora conocemos.<\/div>\n<div>Gracias Maxi por compartir tu inter\u00e9s con el grupo.<\/div>\n<div><\/div>\n<div><strong><span style=\"color: #008000\">Preparamos la siembra<\/span><\/strong><\/div>\n<div>Las plantas y su vida nos interesan , les buscamos la relaci\u00f3n que hay con los dem\u00e1s grupos de seres vivos: nacen , crecen, se relacionan, se reproducen y desaparecen dejando sus restos como\u00a0 parte del alimento para las siguientes.<\/div>\n<div>Tenemos nuestro jard\u00edn que nos lo muestra d\u00eda a d\u00eda y para experimentar lo nos vamos al huerto a intervenir directamente.<\/div>\n<div>Estas semanas atr\u00e1s hemos visto la tierra descansando, ahora llega el momento de volver a cultivarla. Requiere preparaci\u00f3n, remover bien todos los\u00a0 nutrientes y minerales , para eso nuestro compa\u00f1ero Juanjo pasa el rotabatos, delimita los espacios y los protege con caballones para que no se vaya el agua cuando lo regemos.<\/div>\n<div><img decoding=\"async\" data-attachment-id=\"28197\" data-permalink=\"https:\/\/www.alqueria.es\/blogs\/alqueriaprimerciclo\/2021\/10\/24\/conferencias-en-primero\/p11021-103205_comps\/\" data-orig-file=\"https:\/\/cloud.alqueria.es\/wp-content\/uploads\/sites\/6\/2021\/10\/P11021-103205_comps.jpg\" data-orig-size=\"2500,1875\" data-comments-opened=\"1\" data-image-meta=\"{&quot;aperture&quot;:&quot;2.2&quot;,&quot;credit&quot;:&quot;&quot;,&quot;camera&quot;:&quot;MEIZU_M5&quot;,&quot;caption&quot;:&quot;&quot;,&quot;created_timestamp&quot;:&quot;1634812325&quot;,&quot;copyright&quot;:&quot;&quot;,&quot;focal_length&quot;:&quot;3.5&quot;,&quot;iso&quot;:&quot;98&quot;,&quot;shutter_speed&quot;:&quot;0.004409&quot;,&quot;title&quot;:&quot;&quot;,&quot;orientation&quot;:&quot;1&quot;}\" data-image-title=\"P11021-103205_comps\" data-image-description=\"\" data-image-caption=\"\" data-large-file=\"https:\/\/cloud.alqueria.es\/wp-content\/uploads\/sites\/6\/2021\/10\/P11021-103205_comps-1024x768.jpg\" class=\"alignnone size-full wp-image-28197\" src=\"https:\/\/cloud.alqueria.es\/wp-content\/uploads\/sites\/6\/2021\/10\/P11021-103205_comps.jpg\" alt=\"\" width=\"2500\" height=\"1875\" srcset=\"https:\/\/cloud.alqueria.es\/wp-content\/uploads\/sites\/6\/2021\/10\/P11021-103205_comps.jpg 2500w, https:\/\/cloud.alqueria.es\/wp-content\/uploads\/sites\/6\/2021\/10\/P11021-103205_comps-300x225.jpg 300w, https:\/\/cloud.alqueria.es\/wp-content\/uploads\/sites\/6\/2021\/10\/P11021-103205_comps-1024x768.jpg 1024w, https:\/\/cloud.alqueria.es\/wp-content\/uploads\/sites\/6\/2021\/10\/P11021-103205_comps-768x576.jpg 768w, https:\/\/cloud.alqueria.es\/wp-content\/uploads\/sites\/6\/2021\/10\/P11021-103205_comps-1536x1152.jpg 1536w, https:\/\/cloud.alqueria.es\/wp-content\/uploads\/sites\/6\/2021\/10\/P11021-103205_comps-2048x1536.jpg 2048w\" sizes=\"(max-width: 2500px) 100vw, 2500px\" \/><\/div>\n<div>Preparamos las semillas que vamos a sembrar la pr\u00f3xima semana, ajos que separamos la cabeza en dientes y habas que ponemos en remojo para ablandarlas.<\/div>\n<div><\/div>\n<div><img decoding=\"async\" data-attachment-id=\"28190\" data-permalink=\"https:\/\/www.alqueria.es\/blogs\/alqueriaprimerciclo\/2021\/10\/24\/conferencias-en-primero\/p11021-123901_comps\/\" data-orig-file=\"https:\/\/cloud.alqueria.es\/wp-content\/uploads\/sites\/6\/2021\/10\/P11021-123901_comps.jpg\" data-orig-size=\"1875,2500\" data-comments-opened=\"1\" data-image-meta=\"{&quot;aperture&quot;:&quot;2.2&quot;,&quot;credit&quot;:&quot;&quot;,&quot;camera&quot;:&quot;MEIZU_M5&quot;,&quot;caption&quot;:&quot;&quot;,&quot;created_timestamp&quot;:&quot;1634819942&quot;,&quot;copyright&quot;:&quot;&quot;,&quot;focal_length&quot;:&quot;3.5&quot;,&quot;iso&quot;:&quot;100&quot;,&quot;shutter_speed&quot;:&quot;0.002365&quot;,&quot;title&quot;:&quot;&quot;,&quot;orientation&quot;:&quot;1&quot;}\" data-image-title=\"P11021-123901_comps\" data-image-description=\"\" data-image-caption=\"\" data-large-file=\"https:\/\/cloud.alqueria.es\/wp-content\/uploads\/sites\/6\/2021\/10\/P11021-123901_comps-768x1024.jpg\" class=\"alignnone size-full wp-image-28190\" src=\"https:\/\/cloud.alqueria.es\/wp-content\/uploads\/sites\/6\/2021\/10\/P11021-123901_comps.jpg\" alt=\"\" width=\"1875\" height=\"2500\" srcset=\"https:\/\/cloud.alqueria.es\/wp-content\/uploads\/sites\/6\/2021\/10\/P11021-123901_comps.jpg 1875w, https:\/\/cloud.alqueria.es\/wp-content\/uploads\/sites\/6\/2021\/10\/P11021-123901_comps-225x300.jpg 225w, https:\/\/cloud.alqueria.es\/wp-content\/uploads\/sites\/6\/2021\/10\/P11021-123901_comps-768x1024.jpg 768w, https:\/\/cloud.alqueria.es\/wp-content\/uploads\/sites\/6\/2021\/10\/P11021-123901_comps-1152x1536.jpg 1152w, https:\/\/cloud.alqueria.es\/wp-content\/uploads\/sites\/6\/2021\/10\/P11021-123901_comps-1536x2048.jpg 1536w\" sizes=\"(max-width: 1875px) 100vw, 1875px\" \/> <img decoding=\"async\" data-attachment-id=\"28191\" data-permalink=\"https:\/\/www.alqueria.es\/blogs\/alqueriaprimerciclo\/2021\/10\/24\/conferencias-en-primero\/p11021-123828_comps\/\" data-orig-file=\"https:\/\/cloud.alqueria.es\/wp-content\/uploads\/sites\/6\/2021\/10\/P11021-123828_comps.jpg\" data-orig-size=\"1875,2500\" data-comments-opened=\"1\" data-image-meta=\"{&quot;aperture&quot;:&quot;2.2&quot;,&quot;credit&quot;:&quot;&quot;,&quot;camera&quot;:&quot;MEIZU_M5&quot;,&quot;caption&quot;:&quot;&quot;,&quot;created_timestamp&quot;:&quot;1634819908&quot;,&quot;copyright&quot;:&quot;&quot;,&quot;focal_length&quot;:&quot;3.5&quot;,&quot;iso&quot;:&quot;572&quot;,&quot;shutter_speed&quot;:&quot;0.029996&quot;,&quot;title&quot;:&quot;&quot;,&quot;orientation&quot;:&quot;1&quot;}\" data-image-title=\"P11021-123828_comps\" data-image-description=\"\" data-image-caption=\"\" data-large-file=\"https:\/\/cloud.alqueria.es\/wp-content\/uploads\/sites\/6\/2021\/10\/P11021-123828_comps-768x1024.jpg\" class=\"alignnone size-full wp-image-28191\" src=\"https:\/\/cloud.alqueria.es\/wp-content\/uploads\/sites\/6\/2021\/10\/P11021-123828_comps.jpg\" alt=\"\" width=\"1875\" height=\"2500\" srcset=\"https:\/\/cloud.alqueria.es\/wp-content\/uploads\/sites\/6\/2021\/10\/P11021-123828_comps.jpg 1875w, https:\/\/cloud.alqueria.es\/wp-content\/uploads\/sites\/6\/2021\/10\/P11021-123828_comps-225x300.jpg 225w, https:\/\/cloud.alqueria.es\/wp-content\/uploads\/sites\/6\/2021\/10\/P11021-123828_comps-768x1024.jpg 768w, https:\/\/cloud.alqueria.es\/wp-content\/uploads\/sites\/6\/2021\/10\/P11021-123828_comps-1152x1536.jpg 1152w, https:\/\/cloud.alqueria.es\/wp-content\/uploads\/sites\/6\/2021\/10\/P11021-123828_comps-1536x2048.jpg 1536w\" sizes=\"(max-width: 1875px) 100vw, 1875px\" \/> <img decoding=\"async\" data-attachment-id=\"28192\" data-permalink=\"https:\/\/www.alqueria.es\/blogs\/alqueriaprimerciclo\/2021\/10\/24\/conferencias-en-primero\/p11021-123809_comps\/\" data-orig-file=\"https:\/\/cloud.alqueria.es\/wp-content\/uploads\/sites\/6\/2021\/10\/P11021-123809_comps.jpg\" data-orig-size=\"1875,2500\" data-comments-opened=\"1\" data-image-meta=\"{&quot;aperture&quot;:&quot;2.2&quot;,&quot;credit&quot;:&quot;&quot;,&quot;camera&quot;:&quot;MEIZU_M5&quot;,&quot;caption&quot;:&quot;&quot;,&quot;created_timestamp&quot;:&quot;1634819889&quot;,&quot;copyright&quot;:&quot;&quot;,&quot;focal_length&quot;:&quot;3.5&quot;,&quot;iso&quot;:&quot;100&quot;,&quot;shutter_speed&quot;:&quot;0.002531&quot;,&quot;title&quot;:&quot;&quot;,&quot;orientation&quot;:&quot;1&quot;}\" data-image-title=\"P11021-123809_comps\" data-image-description=\"\" data-image-caption=\"\" data-large-file=\"https:\/\/cloud.alqueria.es\/wp-content\/uploads\/sites\/6\/2021\/10\/P11021-123809_comps-768x1024.jpg\" class=\"alignnone size-full wp-image-28192\" src=\"https:\/\/cloud.alqueria.es\/wp-content\/uploads\/sites\/6\/2021\/10\/P11021-123809_comps.jpg\" alt=\"\" width=\"1875\" height=\"2500\" srcset=\"https:\/\/cloud.alqueria.es\/wp-content\/uploads\/sites\/6\/2021\/10\/P11021-123809_comps.jpg 1875w, https:\/\/cloud.alqueria.es\/wp-content\/uploads\/sites\/6\/2021\/10\/P11021-123809_comps-225x300.jpg 225w, https:\/\/cloud.alqueria.es\/wp-content\/uploads\/sites\/6\/2021\/10\/P11021-123809_comps-768x1024.jpg 768w, https:\/\/cloud.alqueria.es\/wp-content\/uploads\/sites\/6\/2021\/10\/P11021-123809_comps-1152x1536.jpg 1152w, https:\/\/cloud.alqueria.es\/wp-content\/uploads\/sites\/6\/2021\/10\/P11021-123809_comps-1536x2048.jpg 1536w\" sizes=\"(max-width: 1875px) 100vw, 1875px\" \/> <img decoding=\"async\" data-attachment-id=\"28193\" data-permalink=\"https:\/\/www.alqueria.es\/blogs\/alqueriaprimerciclo\/2021\/10\/24\/conferencias-en-primero\/p11021-123712_comps\/\" data-orig-file=\"https:\/\/cloud.alqueria.es\/wp-content\/uploads\/sites\/6\/2021\/10\/P11021-123712_comps.jpg\" data-orig-size=\"1875,2500\" data-comments-opened=\"1\" data-image-meta=\"{&quot;aperture&quot;:&quot;2.2&quot;,&quot;credit&quot;:&quot;&quot;,&quot;camera&quot;:&quot;MEIZU_M5&quot;,&quot;caption&quot;:&quot;&quot;,&quot;created_timestamp&quot;:&quot;1634819833&quot;,&quot;copyright&quot;:&quot;&quot;,&quot;focal_length&quot;:&quot;3.5&quot;,&quot;iso&quot;:&quot;104&quot;,&quot;shutter_speed&quot;:&quot;0.00669&quot;,&quot;title&quot;:&quot;&quot;,&quot;orientation&quot;:&quot;1&quot;}\" data-image-title=\"P11021-123712_comps\" data-image-description=\"\" data-image-caption=\"\" data-large-file=\"https:\/\/cloud.alqueria.es\/wp-content\/uploads\/sites\/6\/2021\/10\/P11021-123712_comps-768x1024.jpg\" class=\"alignnone size-full wp-image-28193\" src=\"https:\/\/cloud.alqueria.es\/wp-content\/uploads\/sites\/6\/2021\/10\/P11021-123712_comps.jpg\" alt=\"\" width=\"1875\" height=\"2500\" srcset=\"https:\/\/cloud.alqueria.es\/wp-content\/uploads\/sites\/6\/2021\/10\/P11021-123712_comps.jpg 1875w, https:\/\/cloud.alqueria.es\/wp-content\/uploads\/sites\/6\/2021\/10\/P11021-123712_comps-225x300.jpg 225w, https:\/\/cloud.alqueria.es\/wp-content\/uploads\/sites\/6\/2021\/10\/P11021-123712_comps-768x1024.jpg 768w, https:\/\/cloud.alqueria.es\/wp-content\/uploads\/sites\/6\/2021\/10\/P11021-123712_comps-1152x1536.jpg 1152w, https:\/\/cloud.alqueria.es\/wp-content\/uploads\/sites\/6\/2021\/10\/P11021-123712_comps-1536x2048.jpg 1536w\" sizes=\"(max-width: 1875px) 100vw, 1875px\" \/> <img decoding=\"async\" data-attachment-id=\"28194\" data-permalink=\"https:\/\/www.alqueria.es\/blogs\/alqueriaprimerciclo\/2021\/10\/24\/conferencias-en-primero\/p11021-123643_comps\/\" data-orig-file=\"https:\/\/cloud.alqueria.es\/wp-content\/uploads\/sites\/6\/2021\/10\/P11021-123643_comps.jpg\" data-orig-size=\"1875,2500\" data-comments-opened=\"1\" data-image-meta=\"{&quot;aperture&quot;:&quot;2.2&quot;,&quot;credit&quot;:&quot;&quot;,&quot;camera&quot;:&quot;MEIZU_M5&quot;,&quot;caption&quot;:&quot;&quot;,&quot;created_timestamp&quot;:&quot;1634819803&quot;,&quot;copyright&quot;:&quot;&quot;,&quot;focal_length&quot;:&quot;3.5&quot;,&quot;iso&quot;:&quot;102&quot;,&quot;shutter_speed&quot;:&quot;0.003133&quot;,&quot;title&quot;:&quot;&quot;,&quot;orientation&quot;:&quot;1&quot;}\" data-image-title=\"P11021-123643_comps\" data-image-description=\"\" data-image-caption=\"\" data-large-file=\"https:\/\/cloud.alqueria.es\/wp-content\/uploads\/sites\/6\/2021\/10\/P11021-123643_comps-768x1024.jpg\" class=\"alignnone size-full wp-image-28194\" src=\"https:\/\/cloud.alqueria.es\/wp-content\/uploads\/sites\/6\/2021\/10\/P11021-123643_comps.jpg\" alt=\"\" width=\"1875\" height=\"2500\" srcset=\"https:\/\/cloud.alqueria.es\/wp-content\/uploads\/sites\/6\/2021\/10\/P11021-123643_comps.jpg 1875w, https:\/\/cloud.alqueria.es\/wp-content\/uploads\/sites\/6\/2021\/10\/P11021-123643_comps-225x300.jpg 225w, https:\/\/cloud.alqueria.es\/wp-content\/uploads\/sites\/6\/2021\/10\/P11021-123643_comps-768x1024.jpg 768w, https:\/\/cloud.alqueria.es\/wp-content\/uploads\/sites\/6\/2021\/10\/P11021-123643_comps-1152x1536.jpg 1152w, https:\/\/cloud.alqueria.es\/wp-content\/uploads\/sites\/6\/2021\/10\/P11021-123643_comps-1536x2048.jpg 1536w\" sizes=\"(max-width: 1875px) 100vw, 1875px\" \/> <img decoding=\"async\" data-attachment-id=\"28195\" data-permalink=\"https:\/\/www.alqueria.es\/blogs\/alqueriaprimerciclo\/2021\/10\/24\/conferencias-en-primero\/p11021-123632_comps\/\" data-orig-file=\"https:\/\/cloud.alqueria.es\/wp-content\/uploads\/sites\/6\/2021\/10\/P11021-123632_comps.jpg\" data-orig-size=\"1875,2500\" data-comments-opened=\"1\" data-image-meta=\"{&quot;aperture&quot;:&quot;2.2&quot;,&quot;credit&quot;:&quot;&quot;,&quot;camera&quot;:&quot;MEIZU_M5&quot;,&quot;caption&quot;:&quot;&quot;,&quot;created_timestamp&quot;:&quot;1634819792&quot;,&quot;copyright&quot;:&quot;&quot;,&quot;focal_length&quot;:&quot;3.5&quot;,&quot;iso&quot;:&quot;100&quot;,&quot;shutter_speed&quot;:&quot;0.001919&quot;,&quot;title&quot;:&quot;&quot;,&quot;orientation&quot;:&quot;1&quot;}\" data-image-title=\"P11021-123632_comps\" data-image-description=\"\" data-image-caption=\"\" data-large-file=\"https:\/\/cloud.alqueria.es\/wp-content\/uploads\/sites\/6\/2021\/10\/P11021-123632_comps-768x1024.jpg\" class=\"alignnone size-full wp-image-28195\" src=\"https:\/\/cloud.alqueria.es\/wp-content\/uploads\/sites\/6\/2021\/10\/P11021-123632_comps.jpg\" alt=\"\" width=\"1875\" height=\"2500\" srcset=\"https:\/\/cloud.alqueria.es\/wp-content\/uploads\/sites\/6\/2021\/10\/P11021-123632_comps.jpg 1875w, https:\/\/cloud.alqueria.es\/wp-content\/uploads\/sites\/6\/2021\/10\/P11021-123632_comps-225x300.jpg 225w, https:\/\/cloud.alqueria.es\/wp-content\/uploads\/sites\/6\/2021\/10\/P11021-123632_comps-768x1024.jpg 768w, https:\/\/cloud.alqueria.es\/wp-content\/uploads\/sites\/6\/2021\/10\/P11021-123632_comps-1152x1536.jpg 1152w, https:\/\/cloud.alqueria.es\/wp-content\/uploads\/sites\/6\/2021\/10\/P11021-123632_comps-1536x2048.jpg 1536w\" sizes=\"(max-width: 1875px) 100vw, 1875px\" \/><\/div>\n<div><img decoding=\"async\" data-attachment-id=\"28187\" data-permalink=\"https:\/\/www.alqueria.es\/blogs\/alqueriaprimerciclo\/2021\/10\/24\/conferencias-en-primero\/p11022-153623_comps\/\" data-orig-file=\"https:\/\/cloud.alqueria.es\/wp-content\/uploads\/sites\/6\/2021\/10\/P11022-153623_comps.jpg\" data-orig-size=\"1875,2500\" data-comments-opened=\"1\" data-image-meta=\"{&quot;aperture&quot;:&quot;2.2&quot;,&quot;credit&quot;:&quot;&quot;,&quot;camera&quot;:&quot;MEIZU_M5&quot;,&quot;caption&quot;:&quot;&quot;,&quot;created_timestamp&quot;:&quot;1634916983&quot;,&quot;copyright&quot;:&quot;&quot;,&quot;focal_length&quot;:&quot;3.5&quot;,&quot;iso&quot;:&quot;189&quot;,&quot;shutter_speed&quot;:&quot;0.009999&quot;,&quot;title&quot;:&quot;&quot;,&quot;orientation&quot;:&quot;1&quot;}\" data-image-title=\"P11022-153623_comps\" data-image-description=\"\" data-image-caption=\"\" data-large-file=\"https:\/\/cloud.alqueria.es\/wp-content\/uploads\/sites\/6\/2021\/10\/P11022-153623_comps-768x1024.jpg\" class=\"alignnone size-full wp-image-28187\" src=\"https:\/\/cloud.alqueria.es\/wp-content\/uploads\/sites\/6\/2021\/10\/P11022-153623_comps.jpg\" alt=\"\" width=\"1875\" height=\"2500\" srcset=\"https:\/\/cloud.alqueria.es\/wp-content\/uploads\/sites\/6\/2021\/10\/P11022-153623_comps.jpg 1875w, https:\/\/cloud.alqueria.es\/wp-content\/uploads\/sites\/6\/2021\/10\/P11022-153623_comps-225x300.jpg 225w, https:\/\/cloud.alqueria.es\/wp-content\/uploads\/sites\/6\/2021\/10\/P11022-153623_comps-768x1024.jpg 768w, https:\/\/cloud.alqueria.es\/wp-content\/uploads\/sites\/6\/2021\/10\/P11022-153623_comps-1152x1536.jpg 1152w, https:\/\/cloud.alqueria.es\/wp-content\/uploads\/sites\/6\/2021\/10\/P11022-153623_comps-1536x2048.jpg 1536w\" sizes=\"(max-width: 1875px) 100vw, 1875px\" \/><\/div>\n<div>Las gallinas y conejos tambi\u00e9n requieren nuestro cuidado y en esta ocasi\u00f3n, en parejas transformamos el pan duro en pienso, pis\u00e1ndolo para triturarlo y que se lo coman f\u00e1cilmente.<\/div>\n<div><img decoding=\"async\" data-attachment-id=\"28196\" data-permalink=\"https:\/\/www.alqueria.es\/blogs\/alqueriaprimerciclo\/2021\/10\/24\/conferencias-en-primero\/p11021-123627_comps\/\" data-orig-file=\"https:\/\/cloud.alqueria.es\/wp-content\/uploads\/sites\/6\/2021\/10\/P11021-123627_comps.jpg\" data-orig-size=\"1875,2500\" data-comments-opened=\"1\" data-image-meta=\"{&quot;aperture&quot;:&quot;2.2&quot;,&quot;credit&quot;:&quot;&quot;,&quot;camera&quot;:&quot;MEIZU_M5&quot;,&quot;caption&quot;:&quot;&quot;,&quot;created_timestamp&quot;:&quot;1634819787&quot;,&quot;copyright&quot;:&quot;&quot;,&quot;focal_length&quot;:&quot;3.5&quot;,&quot;iso&quot;:&quot;100&quot;,&quot;shutter_speed&quot;:&quot;0.001463&quot;,&quot;title&quot;:&quot;&quot;,&quot;orientation&quot;:&quot;1&quot;}\" data-image-title=\"P11021-123627_comps\" data-image-description=\"\" data-image-caption=\"\" data-large-file=\"https:\/\/cloud.alqueria.es\/wp-content\/uploads\/sites\/6\/2021\/10\/P11021-123627_comps-768x1024.jpg\" class=\"alignnone size-full wp-image-28196\" src=\"https:\/\/cloud.alqueria.es\/wp-content\/uploads\/sites\/6\/2021\/10\/P11021-123627_comps.jpg\" alt=\"\" width=\"1875\" height=\"2500\" srcset=\"https:\/\/cloud.alqueria.es\/wp-content\/uploads\/sites\/6\/2021\/10\/P11021-123627_comps.jpg 1875w, https:\/\/cloud.alqueria.es\/wp-content\/uploads\/sites\/6\/2021\/10\/P11021-123627_comps-225x300.jpg 225w, https:\/\/cloud.alqueria.es\/wp-content\/uploads\/sites\/6\/2021\/10\/P11021-123627_comps-768x1024.jpg 768w, https:\/\/cloud.alqueria.es\/wp-content\/uploads\/sites\/6\/2021\/10\/P11021-123627_comps-1152x1536.jpg 1152w, https:\/\/cloud.alqueria.es\/wp-content\/uploads\/sites\/6\/2021\/10\/P11021-123627_comps-1536x2048.jpg 1536w\" sizes=\"(max-width: 1875px) 100vw, 1875px\" \/><img decoding=\"async\" data-attachment-id=\"28189\" data-permalink=\"https:\/\/www.alqueria.es\/blogs\/alqueriaprimerciclo\/2021\/10\/24\/conferencias-en-primero\/p11021-124212_comps\/\" data-orig-file=\"https:\/\/cloud.alqueria.es\/wp-content\/uploads\/sites\/6\/2021\/10\/P11021-124212_comps.jpg\" data-orig-size=\"1875,2500\" data-comments-opened=\"1\" data-image-meta=\"{&quot;aperture&quot;:&quot;2.2&quot;,&quot;credit&quot;:&quot;&quot;,&quot;camera&quot;:&quot;MEIZU_M5&quot;,&quot;caption&quot;:&quot;&quot;,&quot;created_timestamp&quot;:&quot;1634820133&quot;,&quot;copyright&quot;:&quot;&quot;,&quot;focal_length&quot;:&quot;3.5&quot;,&quot;iso&quot;:&quot;104&quot;,&quot;shutter_speed&quot;:&quot;0.003589&quot;,&quot;title&quot;:&quot;&quot;,&quot;orientation&quot;:&quot;1&quot;}\" data-image-title=\"P11021-124212_comps\" data-image-description=\"\" data-image-caption=\"\" data-large-file=\"https:\/\/cloud.alqueria.es\/wp-content\/uploads\/sites\/6\/2021\/10\/P11021-124212_comps-768x1024.jpg\" class=\"alignnone size-full wp-image-28189\" src=\"https:\/\/cloud.alqueria.es\/wp-content\/uploads\/sites\/6\/2021\/10\/P11021-124212_comps.jpg\" alt=\"\" width=\"1875\" height=\"2500\" srcset=\"https:\/\/cloud.alqueria.es\/wp-content\/uploads\/sites\/6\/2021\/10\/P11021-124212_comps.jpg 1875w, https:\/\/cloud.alqueria.es\/wp-content\/uploads\/sites\/6\/2021\/10\/P11021-124212_comps-225x300.jpg 225w, https:\/\/cloud.alqueria.es\/wp-content\/uploads\/sites\/6\/2021\/10\/P11021-124212_comps-768x1024.jpg 768w, https:\/\/cloud.alqueria.es\/wp-content\/uploads\/sites\/6\/2021\/10\/P11021-124212_comps-1152x1536.jpg 1152w, https:\/\/cloud.alqueria.es\/wp-content\/uploads\/sites\/6\/2021\/10\/P11021-124212_comps-1536x2048.jpg 1536w\" sizes=\"(max-width: 1875px) 100vw, 1875px\" \/><img decoding=\"async\" data-attachment-id=\"28188\" data-permalink=\"https:\/\/www.alqueria.es\/blogs\/alqueriaprimerciclo\/2021\/10\/24\/conferencias-en-primero\/p11021-124652_comps\/\" data-orig-file=\"https:\/\/cloud.alqueria.es\/wp-content\/uploads\/sites\/6\/2021\/10\/P11021-124652_comps.jpg\" data-orig-size=\"1875,2500\" data-comments-opened=\"1\" data-image-meta=\"{&quot;aperture&quot;:&quot;2.2&quot;,&quot;credit&quot;:&quot;&quot;,&quot;camera&quot;:&quot;MEIZU_M5&quot;,&quot;caption&quot;:&quot;&quot;,&quot;created_timestamp&quot;:&quot;1634820413&quot;,&quot;copyright&quot;:&quot;&quot;,&quot;focal_length&quot;:&quot;3.5&quot;,&quot;iso&quot;:&quot;100&quot;,&quot;shutter_speed&quot;:&quot;0.003133&quot;,&quot;title&quot;:&quot;&quot;,&quot;orientation&quot;:&quot;1&quot;}\" data-image-title=\"P11021-124652_comps\" data-image-description=\"\" data-image-caption=\"\" data-large-file=\"https:\/\/cloud.alqueria.es\/wp-content\/uploads\/sites\/6\/2021\/10\/P11021-124652_comps-768x1024.jpg\" class=\"alignnone size-full wp-image-28188\" src=\"https:\/\/cloud.alqueria.es\/wp-content\/uploads\/sites\/6\/2021\/10\/P11021-124652_comps.jpg\" alt=\"\" width=\"1875\" height=\"2500\" srcset=\"https:\/\/cloud.alqueria.es\/wp-content\/uploads\/sites\/6\/2021\/10\/P11021-124652_comps.jpg 1875w, https:\/\/cloud.alqueria.es\/wp-content\/uploads\/sites\/6\/2021\/10\/P11021-124652_comps-225x300.jpg 225w, https:\/\/cloud.alqueria.es\/wp-content\/uploads\/sites\/6\/2021\/10\/P11021-124652_comps-768x1024.jpg 768w, https:\/\/cloud.alqueria.es\/wp-content\/uploads\/sites\/6\/2021\/10\/P11021-124652_comps-1152x1536.jpg 1152w, https:\/\/cloud.alqueria.es\/wp-content\/uploads\/sites\/6\/2021\/10\/P11021-124652_comps-1536x2048.jpg 1536w\" sizes=\"(max-width: 1875px) 100vw, 1875px\" \/><\/div>\n<div>Las gallinas generosas nos regalan un huevo.<\/div>\n<div><\/div>\n<div><strong><span style=\"color: #ff0000\">Los n\u00fameros<\/span><\/strong><\/div>\n<div>Jugamos al bingo con distintas adaptaciones que nos ayudan a calcular y conocer los n\u00fameros.<\/div>\n<div>Localizar si tengo cada n\u00famero\u00a0 que se canta entre los m\u00edos, requiere mantener la atenci\u00f3n constante para ir se\u00f1alando los que coinciden y conseguir el bingo.<\/div>\n<div><img decoding=\"async\" data-attachment-id=\"28210\" data-permalink=\"https:\/\/www.alqueria.es\/blogs\/alqueriaprimerciclo\/2021\/10\/24\/conferencias-en-primero\/p11018-121610_comps\/\" data-orig-file=\"https:\/\/cloud.alqueria.es\/wp-content\/uploads\/sites\/6\/2021\/10\/P11018-121610_comps.jpg\" data-orig-size=\"2500,1875\" data-comments-opened=\"1\" data-image-meta=\"{&quot;aperture&quot;:&quot;2.2&quot;,&quot;credit&quot;:&quot;&quot;,&quot;camera&quot;:&quot;MEIZU_M5&quot;,&quot;caption&quot;:&quot;&quot;,&quot;created_timestamp&quot;:&quot;1634559371&quot;,&quot;copyright&quot;:&quot;&quot;,&quot;focal_length&quot;:&quot;3.5&quot;,&quot;iso&quot;:&quot;708&quot;,&quot;shutter_speed&quot;:&quot;0.040005&quot;,&quot;title&quot;:&quot;&quot;,&quot;orientation&quot;:&quot;1&quot;}\" data-image-title=\"P11018-121610_comps\" data-image-description=\"\" data-image-caption=\"\" data-large-file=\"https:\/\/cloud.alqueria.es\/wp-content\/uploads\/sites\/6\/2021\/10\/P11018-121610_comps-1024x768.jpg\" class=\"alignnone size-full wp-image-28210\" src=\"https:\/\/cloud.alqueria.es\/wp-content\/uploads\/sites\/6\/2021\/10\/P11018-121610_comps.jpg\" alt=\"\" width=\"2500\" height=\"1875\" srcset=\"https:\/\/cloud.alqueria.es\/wp-content\/uploads\/sites\/6\/2021\/10\/P11018-121610_comps.jpg 2500w, https:\/\/cloud.alqueria.es\/wp-content\/uploads\/sites\/6\/2021\/10\/P11018-121610_comps-300x225.jpg 300w, https:\/\/cloud.alqueria.es\/wp-content\/uploads\/sites\/6\/2021\/10\/P11018-121610_comps-1024x768.jpg 1024w, https:\/\/cloud.alqueria.es\/wp-content\/uploads\/sites\/6\/2021\/10\/P11018-121610_comps-768x576.jpg 768w, https:\/\/cloud.alqueria.es\/wp-content\/uploads\/sites\/6\/2021\/10\/P11018-121610_comps-1536x1152.jpg 1536w, https:\/\/cloud.alqueria.es\/wp-content\/uploads\/sites\/6\/2021\/10\/P11018-121610_comps-2048x1536.jpg 2048w\" sizes=\"(max-width: 2500px) 100vw, 2500px\" \/><img decoding=\"async\" data-attachment-id=\"28209\" data-permalink=\"https:\/\/www.alqueria.es\/blogs\/alqueriaprimerciclo\/2021\/10\/24\/conferencias-en-primero\/p11018-121619_comps\/\" data-orig-file=\"https:\/\/cloud.alqueria.es\/wp-content\/uploads\/sites\/6\/2021\/10\/P11018-121619_comps.jpg\" data-orig-size=\"2500,1875\" data-comments-opened=\"1\" data-image-meta=\"{&quot;aperture&quot;:&quot;2.2&quot;,&quot;credit&quot;:&quot;&quot;,&quot;camera&quot;:&quot;MEIZU_M5&quot;,&quot;caption&quot;:&quot;&quot;,&quot;created_timestamp&quot;:&quot;1634559379&quot;,&quot;copyright&quot;:&quot;&quot;,&quot;focal_length&quot;:&quot;3.5&quot;,&quot;iso&quot;:&quot;324&quot;,&quot;shutter_speed&quot;:&quot;0.029996&quot;,&quot;title&quot;:&quot;&quot;,&quot;orientation&quot;:&quot;1&quot;}\" data-image-title=\"P11018-121619_comps\" data-image-description=\"\" data-image-caption=\"\" data-large-file=\"https:\/\/cloud.alqueria.es\/wp-content\/uploads\/sites\/6\/2021\/10\/P11018-121619_comps-1024x768.jpg\" class=\"alignnone size-full wp-image-28209\" src=\"https:\/\/cloud.alqueria.es\/wp-content\/uploads\/sites\/6\/2021\/10\/P11018-121619_comps.jpg\" alt=\"\" width=\"2500\" height=\"1875\" srcset=\"https:\/\/cloud.alqueria.es\/wp-content\/uploads\/sites\/6\/2021\/10\/P11018-121619_comps.jpg 2500w, https:\/\/cloud.alqueria.es\/wp-content\/uploads\/sites\/6\/2021\/10\/P11018-121619_comps-300x225.jpg 300w, https:\/\/cloud.alqueria.es\/wp-content\/uploads\/sites\/6\/2021\/10\/P11018-121619_comps-1024x768.jpg 1024w, https:\/\/cloud.alqueria.es\/wp-content\/uploads\/sites\/6\/2021\/10\/P11018-121619_comps-768x576.jpg 768w, https:\/\/cloud.alqueria.es\/wp-content\/uploads\/sites\/6\/2021\/10\/P11018-121619_comps-1536x1152.jpg 1536w, https:\/\/cloud.alqueria.es\/wp-content\/uploads\/sites\/6\/2021\/10\/P11018-121619_comps-2048x1536.jpg 2048w\" sizes=\"(max-width: 2500px) 100vw, 2500px\" \/><img decoding=\"async\" data-attachment-id=\"28208\" data-permalink=\"https:\/\/www.alqueria.es\/blogs\/alqueriaprimerciclo\/2021\/10\/24\/conferencias-en-primero\/p11018-121624_comps\/\" data-orig-file=\"https:\/\/cloud.alqueria.es\/wp-content\/uploads\/sites\/6\/2021\/10\/P11018-121624_comps.jpg\" data-orig-size=\"2500,1875\" data-comments-opened=\"1\" data-image-meta=\"{&quot;aperture&quot;:&quot;2.2&quot;,&quot;credit&quot;:&quot;&quot;,&quot;camera&quot;:&quot;MEIZU_M5&quot;,&quot;caption&quot;:&quot;&quot;,&quot;created_timestamp&quot;:&quot;1634559385&quot;,&quot;copyright&quot;:&quot;&quot;,&quot;focal_length&quot;:&quot;3.5&quot;,&quot;iso&quot;:&quot;468&quot;,&quot;shutter_speed&quot;:&quot;0.029996&quot;,&quot;title&quot;:&quot;&quot;,&quot;orientation&quot;:&quot;1&quot;}\" data-image-title=\"P11018-121624_comps\" data-image-description=\"\" data-image-caption=\"\" data-large-file=\"https:\/\/cloud.alqueria.es\/wp-content\/uploads\/sites\/6\/2021\/10\/P11018-121624_comps-1024x768.jpg\" class=\"alignnone size-full wp-image-28208\" src=\"https:\/\/cloud.alqueria.es\/wp-content\/uploads\/sites\/6\/2021\/10\/P11018-121624_comps.jpg\" alt=\"\" width=\"2500\" height=\"1875\" srcset=\"https:\/\/cloud.alqueria.es\/wp-content\/uploads\/sites\/6\/2021\/10\/P11018-121624_comps.jpg 2500w, https:\/\/cloud.alqueria.es\/wp-content\/uploads\/sites\/6\/2021\/10\/P11018-121624_comps-300x225.jpg 300w, https:\/\/cloud.alqueria.es\/wp-content\/uploads\/sites\/6\/2021\/10\/P11018-121624_comps-1024x768.jpg 1024w, https:\/\/cloud.alqueria.es\/wp-content\/uploads\/sites\/6\/2021\/10\/P11018-121624_comps-768x576.jpg 768w, https:\/\/cloud.alqueria.es\/wp-content\/uploads\/sites\/6\/2021\/10\/P11018-121624_comps-1536x1152.jpg 1536w, https:\/\/cloud.alqueria.es\/wp-content\/uploads\/sites\/6\/2021\/10\/P11018-121624_comps-2048x1536.jpg 2048w\" sizes=\"(max-width: 2500px) 100vw, 2500px\" \/><\/div>\n<div>\u00a0En esta ocasi\u00f3n fue en la tabla de 100 y los n\u00fameros no sal\u00edan completos sino separado en decenas y unidades o con adivinanzas que requieren c\u00e1lculos distintos como los dobles.<\/div>\n<div>En otra sesi\u00f3n lo hicimos con las cartas de la baraja y requer\u00eda que seguir dos pautas , el n\u00famero y el palo, as\u00ed como para saberlo jug\u00e1bamos con las parejas de los amigos del 10.<\/div>\n<div>Lo dados tambi\u00e9n nos ayudan.<\/div>\n<div><img decoding=\"async\" data-attachment-id=\"28207\" data-permalink=\"https:\/\/www.alqueria.es\/blogs\/alqueriaprimerciclo\/2021\/10\/24\/conferencias-en-primero\/p11020-123145_comps\/\" data-orig-file=\"https:\/\/cloud.alqueria.es\/wp-content\/uploads\/sites\/6\/2021\/10\/P11020-123145_comps.jpg\" data-orig-size=\"1875,2500\" data-comments-opened=\"1\" data-image-meta=\"{&quot;aperture&quot;:&quot;2.2&quot;,&quot;credit&quot;:&quot;&quot;,&quot;camera&quot;:&quot;MEIZU_M5&quot;,&quot;caption&quot;:&quot;&quot;,&quot;created_timestamp&quot;:&quot;1634733105&quot;,&quot;copyright&quot;:&quot;&quot;,&quot;focal_length&quot;:&quot;3.5&quot;,&quot;iso&quot;:&quot;405&quot;,&quot;shutter_speed&quot;:&quot;0.029996&quot;,&quot;title&quot;:&quot;&quot;,&quot;orientation&quot;:&quot;1&quot;}\" data-image-title=\"P11020-123145_comps\" data-image-description=\"\" data-image-caption=\"\" data-large-file=\"https:\/\/cloud.alqueria.es\/wp-content\/uploads\/sites\/6\/2021\/10\/P11020-123145_comps-768x1024.jpg\" class=\"alignnone size-full wp-image-28207\" src=\"https:\/\/cloud.alqueria.es\/wp-content\/uploads\/sites\/6\/2021\/10\/P11020-123145_comps.jpg\" alt=\"\" width=\"1875\" height=\"2500\" srcset=\"https:\/\/cloud.alqueria.es\/wp-content\/uploads\/sites\/6\/2021\/10\/P11020-123145_comps.jpg 1875w, https:\/\/cloud.alqueria.es\/wp-content\/uploads\/sites\/6\/2021\/10\/P11020-123145_comps-225x300.jpg 225w, https:\/\/cloud.alqueria.es\/wp-content\/uploads\/sites\/6\/2021\/10\/P11020-123145_comps-768x1024.jpg 768w, https:\/\/cloud.alqueria.es\/wp-content\/uploads\/sites\/6\/2021\/10\/P11020-123145_comps-1152x1536.jpg 1152w, https:\/\/cloud.alqueria.es\/wp-content\/uploads\/sites\/6\/2021\/10\/P11020-123145_comps-1536x2048.jpg 1536w\" sizes=\"(max-width: 1875px) 100vw, 1875px\" \/><\/div>\n<div><\/div>\n<div>Comenzamos un trabajo de <span style=\"color: #ff0000\">l\u00f3gica<\/span> a trav\u00e9s de actividades que requieren <span style=\"color: #ff0000\">deducir<\/span> que hay que realizar seg\u00fan un modelo dado. Esto lo hacemos a trav\u00e9s de unos cuadernos llamados <span style=\"color: #ff0000\">Siete y medio .\u00a0<\/span><\/div>\n<div>Calcular, descomponer n\u00fameros, buscar errores, seguir series, requieren concentraci\u00f3n y atenci\u00f3n para llevar a cabo el trabajo con \u00e9xito.<\/div>\n<div><\/div>\n<div>\u00a0<span style=\"color: #ff00ff\"><b>Literatura\u00a0 y Art\u00edstica de <span style=\"color: #993300\">oto\u00f1o<\/span><\/b><\/span><\/div>\n<div>El oto\u00f1o de hace presente en la naturaleza , lo vivencismos en nuestro entorno y\u00a0 lo reproducimos de forma art\u00edstica con nuestra colaboraci\u00f3n para preparar la tradicional <span style=\"color: #993300\">fiesta de oto\u00f1o en Alquer\u00eda.<\/span><\/div>\n<div><span style=\"color: #993300\"><img decoding=\"async\" data-attachment-id=\"28198\" data-permalink=\"https:\/\/www.alqueria.es\/blogs\/alqueriaprimerciclo\/2021\/10\/24\/conferencias-en-primero\/p11021-115340_comps\/\" data-orig-file=\"https:\/\/cloud.alqueria.es\/wp-content\/uploads\/sites\/6\/2021\/10\/P11021-115340_comps.jpg\" data-orig-size=\"2500,1875\" data-comments-opened=\"1\" data-image-meta=\"{&quot;aperture&quot;:&quot;2.2&quot;,&quot;credit&quot;:&quot;&quot;,&quot;camera&quot;:&quot;MEIZU_M5&quot;,&quot;caption&quot;:&quot;&quot;,&quot;created_timestamp&quot;:&quot;1634817221&quot;,&quot;copyright&quot;:&quot;&quot;,&quot;focal_length&quot;:&quot;3.5&quot;,&quot;iso&quot;:&quot;101&quot;,&quot;shutter_speed&quot;:&quot;0.00055&quot;,&quot;title&quot;:&quot;&quot;,&quot;orientation&quot;:&quot;1&quot;}\" data-image-title=\"P11021-115340_comps\" data-image-description=\"\" data-image-caption=\"\" data-large-file=\"https:\/\/cloud.alqueria.es\/wp-content\/uploads\/sites\/6\/2021\/10\/P11021-115340_comps-1024x768.jpg\" class=\"alignnone size-full wp-image-28198\" src=\"https:\/\/cloud.alqueria.es\/wp-content\/uploads\/sites\/6\/2021\/10\/P11021-115340_comps.jpg\" alt=\"\" width=\"2500\" height=\"1875\" srcset=\"https:\/\/cloud.alqueria.es\/wp-content\/uploads\/sites\/6\/2021\/10\/P11021-115340_comps.jpg 2500w, https:\/\/cloud.alqueria.es\/wp-content\/uploads\/sites\/6\/2021\/10\/P11021-115340_comps-300x225.jpg 300w, https:\/\/cloud.alqueria.es\/wp-content\/uploads\/sites\/6\/2021\/10\/P11021-115340_comps-1024x768.jpg 1024w, https:\/\/cloud.alqueria.es\/wp-content\/uploads\/sites\/6\/2021\/10\/P11021-115340_comps-768x576.jpg 768w, https:\/\/cloud.alqueria.es\/wp-content\/uploads\/sites\/6\/2021\/10\/P11021-115340_comps-1536x1152.jpg 1536w, https:\/\/cloud.alqueria.es\/wp-content\/uploads\/sites\/6\/2021\/10\/P11021-115340_comps-2048x1536.jpg 2048w\" sizes=\"(max-width: 2500px) 100vw, 2500px\" \/><\/span><\/div>\n<div>En primaria participamos en un <strong><span style=\"color: #993300\">encuentro literario<\/span> <\/strong>donde cada clase mostramos las aportaciones literarias creadas durante estos d\u00edas. Primero escoge o inventa\u00a0 poes\u00edas y adivinanzas que compartiremos con los mayores. Algunos ya las han elegido y otros est\u00e1n en ello. Desde el cole o aportadas de casa se van concretando con las que participar\u00e1 cada uno en el encuentro literario. Durante la pr\u00f3xima semana las escribiremos y decoraremos para su exposici\u00f3n y decoraci\u00f3n en la fiesta.<\/div>\n<div>Mientras tenemos varias tareas entre manos, en las sesiones de art\u00edstica Ana nos va guiando en las creaciones, uso de materiales, t\u00e9cnicas&#8230;<\/div>\n<div><img decoding=\"async\" data-attachment-id=\"28199\" data-permalink=\"https:\/\/www.alqueria.es\/blogs\/alqueriaprimerciclo\/2021\/10\/24\/conferencias-en-primero\/p11020-163214_comps\/\" data-orig-file=\"https:\/\/cloud.alqueria.es\/wp-content\/uploads\/sites\/6\/2021\/10\/P11020-163214_comps.jpg\" data-orig-size=\"1875,2500\" data-comments-opened=\"1\" data-image-meta=\"{&quot;aperture&quot;:&quot;2.2&quot;,&quot;credit&quot;:&quot;&quot;,&quot;camera&quot;:&quot;MEIZU_M5&quot;,&quot;caption&quot;:&quot;&quot;,&quot;created_timestamp&quot;:&quot;1634747535&quot;,&quot;copyright&quot;:&quot;&quot;,&quot;focal_length&quot;:&quot;3.5&quot;,&quot;iso&quot;:&quot;325&quot;,&quot;shutter_speed&quot;:&quot;0.029996&quot;,&quot;title&quot;:&quot;&quot;,&quot;orientation&quot;:&quot;1&quot;}\" data-image-title=\"P11020-163214_comps\" data-image-description=\"\" data-image-caption=\"\" data-large-file=\"https:\/\/cloud.alqueria.es\/wp-content\/uploads\/sites\/6\/2021\/10\/P11020-163214_comps-768x1024.jpg\" class=\"alignnone size-full wp-image-28199\" src=\"https:\/\/cloud.alqueria.es\/wp-content\/uploads\/sites\/6\/2021\/10\/P11020-163214_comps.jpg\" alt=\"\" width=\"1875\" height=\"2500\" srcset=\"https:\/\/cloud.alqueria.es\/wp-content\/uploads\/sites\/6\/2021\/10\/P11020-163214_comps.jpg 1875w, https:\/\/cloud.alqueria.es\/wp-content\/uploads\/sites\/6\/2021\/10\/P11020-163214_comps-225x300.jpg 225w, https:\/\/cloud.alqueria.es\/wp-content\/uploads\/sites\/6\/2021\/10\/P11020-163214_comps-768x1024.jpg 768w, https:\/\/cloud.alqueria.es\/wp-content\/uploads\/sites\/6\/2021\/10\/P11020-163214_comps-1152x1536.jpg 1152w, https:\/\/cloud.alqueria.es\/wp-content\/uploads\/sites\/6\/2021\/10\/P11020-163214_comps-1536x2048.jpg 1536w\" sizes=\"(max-width: 1875px) 100vw, 1875px\" \/> <img decoding=\"async\" data-attachment-id=\"28200\" data-permalink=\"https:\/\/www.alqueria.es\/blogs\/alqueriaprimerciclo\/2021\/10\/24\/conferencias-en-primero\/p11020-162321_comps\/\" data-orig-file=\"https:\/\/cloud.alqueria.es\/wp-content\/uploads\/sites\/6\/2021\/10\/P11020-162321_comps.jpg\" data-orig-size=\"2500,1875\" data-comments-opened=\"1\" data-image-meta=\"{&quot;aperture&quot;:&quot;2.2&quot;,&quot;credit&quot;:&quot;&quot;,&quot;camera&quot;:&quot;MEIZU_M5&quot;,&quot;caption&quot;:&quot;&quot;,&quot;created_timestamp&quot;:&quot;1634747002&quot;,&quot;copyright&quot;:&quot;&quot;,&quot;focal_length&quot;:&quot;3.5&quot;,&quot;iso&quot;:&quot;291&quot;,&quot;shutter_speed&quot;:&quot;0.029996&quot;,&quot;title&quot;:&quot;&quot;,&quot;orientation&quot;:&quot;1&quot;}\" data-image-title=\"P11020-162321_comps\" data-image-description=\"\" data-image-caption=\"\" data-large-file=\"https:\/\/cloud.alqueria.es\/wp-content\/uploads\/sites\/6\/2021\/10\/P11020-162321_comps-1024x768.jpg\" class=\"alignnone size-full wp-image-28200\" src=\"https:\/\/cloud.alqueria.es\/wp-content\/uploads\/sites\/6\/2021\/10\/P11020-162321_comps.jpg\" alt=\"\" width=\"2500\" height=\"1875\" srcset=\"https:\/\/cloud.alqueria.es\/wp-content\/uploads\/sites\/6\/2021\/10\/P11020-162321_comps.jpg 2500w, https:\/\/cloud.alqueria.es\/wp-content\/uploads\/sites\/6\/2021\/10\/P11020-162321_comps-300x225.jpg 300w, https:\/\/cloud.alqueria.es\/wp-content\/uploads\/sites\/6\/2021\/10\/P11020-162321_comps-1024x768.jpg 1024w, https:\/\/cloud.alqueria.es\/wp-content\/uploads\/sites\/6\/2021\/10\/P11020-162321_comps-768x576.jpg 768w, https:\/\/cloud.alqueria.es\/wp-content\/uploads\/sites\/6\/2021\/10\/P11020-162321_comps-1536x1152.jpg 1536w, https:\/\/cloud.alqueria.es\/wp-content\/uploads\/sites\/6\/2021\/10\/P11020-162321_comps-2048x1536.jpg 2048w\" sizes=\"(max-width: 2500px) 100vw, 2500px\" \/> <img decoding=\"async\" data-attachment-id=\"28201\" data-permalink=\"https:\/\/www.alqueria.es\/blogs\/alqueriaprimerciclo\/2021\/10\/24\/conferencias-en-primero\/p11020-155618_comps\/\" data-orig-file=\"https:\/\/cloud.alqueria.es\/wp-content\/uploads\/sites\/6\/2021\/10\/P11020-155618_comps.jpg\" data-orig-size=\"2500,1875\" data-comments-opened=\"1\" data-image-meta=\"{&quot;aperture&quot;:&quot;2.2&quot;,&quot;credit&quot;:&quot;&quot;,&quot;camera&quot;:&quot;MEIZU_M5&quot;,&quot;caption&quot;:&quot;&quot;,&quot;created_timestamp&quot;:&quot;1634745379&quot;,&quot;copyright&quot;:&quot;&quot;,&quot;focal_length&quot;:&quot;3.5&quot;,&quot;iso&quot;:&quot;398&quot;,&quot;shutter_speed&quot;:&quot;0.029996&quot;,&quot;title&quot;:&quot;&quot;,&quot;orientation&quot;:&quot;1&quot;}\" data-image-title=\"P11020-155618_comps\" data-image-description=\"\" data-image-caption=\"\" data-large-file=\"https:\/\/cloud.alqueria.es\/wp-content\/uploads\/sites\/6\/2021\/10\/P11020-155618_comps-1024x768.jpg\" class=\"alignnone size-full wp-image-28201\" src=\"https:\/\/cloud.alqueria.es\/wp-content\/uploads\/sites\/6\/2021\/10\/P11020-155618_comps.jpg\" alt=\"\" width=\"2500\" height=\"1875\" srcset=\"https:\/\/cloud.alqueria.es\/wp-content\/uploads\/sites\/6\/2021\/10\/P11020-155618_comps.jpg 2500w, https:\/\/cloud.alqueria.es\/wp-content\/uploads\/sites\/6\/2021\/10\/P11020-155618_comps-300x225.jpg 300w, https:\/\/cloud.alqueria.es\/wp-content\/uploads\/sites\/6\/2021\/10\/P11020-155618_comps-1024x768.jpg 1024w, https:\/\/cloud.alqueria.es\/wp-content\/uploads\/sites\/6\/2021\/10\/P11020-155618_comps-768x576.jpg 768w, https:\/\/cloud.alqueria.es\/wp-content\/uploads\/sites\/6\/2021\/10\/P11020-155618_comps-1536x1152.jpg 1536w, https:\/\/cloud.alqueria.es\/wp-content\/uploads\/sites\/6\/2021\/10\/P11020-155618_comps-2048x1536.jpg 2048w\" sizes=\"(max-width: 2500px) 100vw, 2500px\" \/> <img decoding=\"async\" data-attachment-id=\"28202\" data-permalink=\"https:\/\/www.alqueria.es\/blogs\/alqueriaprimerciclo\/2021\/10\/24\/conferencias-en-primero\/p11020-155613_comps\/\" data-orig-file=\"https:\/\/cloud.alqueria.es\/wp-content\/uploads\/sites\/6\/2021\/10\/P11020-155613_comps.jpg\" data-orig-size=\"2500,1875\" data-comments-opened=\"1\" data-image-meta=\"{&quot;aperture&quot;:&quot;2.2&quot;,&quot;credit&quot;:&quot;&quot;,&quot;camera&quot;:&quot;MEIZU_M5&quot;,&quot;caption&quot;:&quot;&quot;,&quot;created_timestamp&quot;:&quot;1634745374&quot;,&quot;copyright&quot;:&quot;&quot;,&quot;focal_length&quot;:&quot;3.5&quot;,&quot;iso&quot;:&quot;363&quot;,&quot;shutter_speed&quot;:&quot;0.029996&quot;,&quot;title&quot;:&quot;&quot;,&quot;orientation&quot;:&quot;1&quot;}\" data-image-title=\"P11020-155613_comps\" data-image-description=\"\" data-image-caption=\"\" data-large-file=\"https:\/\/cloud.alqueria.es\/wp-content\/uploads\/sites\/6\/2021\/10\/P11020-155613_comps-1024x768.jpg\" class=\"alignnone size-full wp-image-28202\" src=\"https:\/\/cloud.alqueria.es\/wp-content\/uploads\/sites\/6\/2021\/10\/P11020-155613_comps.jpg\" alt=\"\" width=\"2500\" height=\"1875\" srcset=\"https:\/\/cloud.alqueria.es\/wp-content\/uploads\/sites\/6\/2021\/10\/P11020-155613_comps.jpg 2500w, https:\/\/cloud.alqueria.es\/wp-content\/uploads\/sites\/6\/2021\/10\/P11020-155613_comps-300x225.jpg 300w, https:\/\/cloud.alqueria.es\/wp-content\/uploads\/sites\/6\/2021\/10\/P11020-155613_comps-1024x768.jpg 1024w, https:\/\/cloud.alqueria.es\/wp-content\/uploads\/sites\/6\/2021\/10\/P11020-155613_comps-768x576.jpg 768w, https:\/\/cloud.alqueria.es\/wp-content\/uploads\/sites\/6\/2021\/10\/P11020-155613_comps-1536x1152.jpg 1536w, https:\/\/cloud.alqueria.es\/wp-content\/uploads\/sites\/6\/2021\/10\/P11020-155613_comps-2048x1536.jpg 2048w\" sizes=\"(max-width: 2500px) 100vw, 2500px\" \/> <img decoding=\"async\" data-attachment-id=\"28203\" data-permalink=\"https:\/\/www.alqueria.es\/blogs\/alqueriaprimerciclo\/2021\/10\/24\/conferencias-en-primero\/p11020-155610_comps\/\" data-orig-file=\"https:\/\/cloud.alqueria.es\/wp-content\/uploads\/sites\/6\/2021\/10\/P11020-155610_comps.jpg\" data-orig-size=\"2500,1875\" data-comments-opened=\"1\" data-image-meta=\"{&quot;aperture&quot;:&quot;2.2&quot;,&quot;credit&quot;:&quot;&quot;,&quot;camera&quot;:&quot;MEIZU_M5&quot;,&quot;caption&quot;:&quot;&quot;,&quot;created_timestamp&quot;:&quot;1634745370&quot;,&quot;copyright&quot;:&quot;&quot;,&quot;focal_length&quot;:&quot;3.5&quot;,&quot;iso&quot;:&quot;375&quot;,&quot;shutter_speed&quot;:&quot;0.029996&quot;,&quot;title&quot;:&quot;&quot;,&quot;orientation&quot;:&quot;1&quot;}\" data-image-title=\"P11020-155610_comps\" data-image-description=\"\" data-image-caption=\"\" data-large-file=\"https:\/\/cloud.alqueria.es\/wp-content\/uploads\/sites\/6\/2021\/10\/P11020-155610_comps-1024x768.jpg\" class=\"alignnone size-full wp-image-28203\" src=\"https:\/\/cloud.alqueria.es\/wp-content\/uploads\/sites\/6\/2021\/10\/P11020-155610_comps.jpg\" alt=\"\" width=\"2500\" height=\"1875\" srcset=\"https:\/\/cloud.alqueria.es\/wp-content\/uploads\/sites\/6\/2021\/10\/P11020-155610_comps.jpg 2500w, https:\/\/cloud.alqueria.es\/wp-content\/uploads\/sites\/6\/2021\/10\/P11020-155610_comps-300x225.jpg 300w, https:\/\/cloud.alqueria.es\/wp-content\/uploads\/sites\/6\/2021\/10\/P11020-155610_comps-1024x768.jpg 1024w, https:\/\/cloud.alqueria.es\/wp-content\/uploads\/sites\/6\/2021\/10\/P11020-155610_comps-768x576.jpg 768w, https:\/\/cloud.alqueria.es\/wp-content\/uploads\/sites\/6\/2021\/10\/P11020-155610_comps-1536x1152.jpg 1536w, https:\/\/cloud.alqueria.es\/wp-content\/uploads\/sites\/6\/2021\/10\/P11020-155610_comps-2048x1536.jpg 2048w\" sizes=\"(max-width: 2500px) 100vw, 2500px\" \/> <img decoding=\"async\" data-attachment-id=\"28204\" data-permalink=\"https:\/\/www.alqueria.es\/blogs\/alqueriaprimerciclo\/2021\/10\/24\/conferencias-en-primero\/p11020-155606_comps\/\" data-orig-file=\"https:\/\/cloud.alqueria.es\/wp-content\/uploads\/sites\/6\/2021\/10\/P11020-155606_comps.jpg\" data-orig-size=\"2500,1875\" data-comments-opened=\"1\" data-image-meta=\"{&quot;aperture&quot;:&quot;2.2&quot;,&quot;credit&quot;:&quot;&quot;,&quot;camera&quot;:&quot;MEIZU_M5&quot;,&quot;caption&quot;:&quot;&quot;,&quot;created_timestamp&quot;:&quot;1634745366&quot;,&quot;copyright&quot;:&quot;&quot;,&quot;focal_length&quot;:&quot;3.5&quot;,&quot;iso&quot;:&quot;392&quot;,&quot;shutter_speed&quot;:&quot;0.029996&quot;,&quot;title&quot;:&quot;&quot;,&quot;orientation&quot;:&quot;1&quot;}\" data-image-title=\"P11020-155606_comps\" data-image-description=\"\" data-image-caption=\"\" data-large-file=\"https:\/\/cloud.alqueria.es\/wp-content\/uploads\/sites\/6\/2021\/10\/P11020-155606_comps-1024x768.jpg\" class=\"alignnone size-full wp-image-28204\" src=\"https:\/\/cloud.alqueria.es\/wp-content\/uploads\/sites\/6\/2021\/10\/P11020-155606_comps.jpg\" alt=\"\" width=\"2500\" height=\"1875\" srcset=\"https:\/\/cloud.alqueria.es\/wp-content\/uploads\/sites\/6\/2021\/10\/P11020-155606_comps.jpg 2500w, https:\/\/cloud.alqueria.es\/wp-content\/uploads\/sites\/6\/2021\/10\/P11020-155606_comps-300x225.jpg 300w, https:\/\/cloud.alqueria.es\/wp-content\/uploads\/sites\/6\/2021\/10\/P11020-155606_comps-1024x768.jpg 1024w, https:\/\/cloud.alqueria.es\/wp-content\/uploads\/sites\/6\/2021\/10\/P11020-155606_comps-768x576.jpg 768w, https:\/\/cloud.alqueria.es\/wp-content\/uploads\/sites\/6\/2021\/10\/P11020-155606_comps-1536x1152.jpg 1536w, https:\/\/cloud.alqueria.es\/wp-content\/uploads\/sites\/6\/2021\/10\/P11020-155606_comps-2048x1536.jpg 2048w\" sizes=\"(max-width: 2500px) 100vw, 2500px\" \/><\/div>\n<div><\/div>\n<div>La pr\u00f3xima semana nos\u00a0 invitan a un festival de cine en el cole , ya os contar\u00e9.<\/div>\n<div>Nos vemos el lunes, un abrazo.<\/div>\n<div>Dar\u00eda F.<\/div>\n<div><\/div>\n<div><\/div>\n<div><\/div>\n","protected":false},"excerpt":{"rendered":"<p>Comenzamos las conferencias en primero. Esta actividad est\u00e1 relacionada directamente con los intereses personales de conocimiento y dise\u00f1ada para dar respuesta a ellos, provocando la investigaci\u00f3n de un tema que despierta su motivaci\u00f3n y quiera conocer m\u00e1s sobre \u00e9l. Implica reflexionar sobre lo que saben del tema, averiguar qu\u00e9 quieren saber m\u00e1s a cerca de &hellip; <a href=\"https:\/\/www.alqueria.es\/blogs\/alqueriaprimerciclo\/2021\/10\/24\/conferencias-en-primero\/\" class=\"more-link\">Seguir leyendo <span class=\"screen-reader-text\">Conferencias en primero<\/span> <span class=\"meta-nav\">&rarr;<\/span><\/a><\/p>\n","protected":false},"author":12,"featured_media":0,"comment_status":"open","ping_status":"open","sticky":false,"template":"","format":"standard","meta":{"jetpack_post_was_ever_published":false,"_jetpack_newsletter_access":"","_jetpack_dont_email_post_to_subs":false,"_jetpack_newsletter_tier_id":0,"_jetpack_memberships_contains_paywalled_content":false,"_jetpack_memberships_contains_paid_content":false,"footnotes":"","jetpack_publicize_message":"","jetpack_publicize_feature_enabled":true,"jetpack_social_post_already_shared":true,"jetpack_social_options":{"image_generator_settings":{"template":"highway","default_image_id":0,"font":"","enabled":false},"version":2}},"categories":[2,174,8],"tags":[32,37,109,60,92],"class_list":["post-28139","post","type-post","status-publish","format-standard","hentry","category-1o-epo","category-conferencias","category-diario-de-clase-1o","tag-alqueria","tag-conferencias","tag-huerto","tag-primaria","tag-semanario"],"jetpack_publicize_connections":[],"jetpack_featured_media_url":"","jetpack_sharing_enabled":true,"jetpack_shortlink":"https:\/\/wp.me\/p4lvS0-7jR","_links":{"self":[{"href":"https:\/\/www.alqueria.es\/blogs\/alqueriaprimerciclo\/wp-json\/wp\/v2\/posts\/28139","targetHints":{"allow":["GET"]}}],"collection":[{"href":"https:\/\/www.alqueria.es\/blogs\/alqueriaprimerciclo\/wp-json\/wp\/v2\/posts"}],"about":[{"href":"https:\/\/www.alqueria.es\/blogs\/alqueriaprimerciclo\/wp-json\/wp\/v2\/types\/post"}],"author":[{"embeddable":true,"href":"https:\/\/www.alqueria.es\/blogs\/alqueriaprimerciclo\/wp-json\/wp\/v2\/users\/12"}],"replies":[{"embeddable":true,"href":"https:\/\/www.alqueria.es\/blogs\/alqueriaprimerciclo\/wp-json\/wp\/v2\/comments?post=28139"}],"version-history":[{"count":3,"href":"https:\/\/www.alqueria.es\/blogs\/alqueriaprimerciclo\/wp-json\/wp\/v2\/posts\/28139\/revisions"}],"predecessor-version":[{"id":28222,"href":"https:\/\/www.alqueria.es\/blogs\/alqueriaprimerciclo\/wp-json\/wp\/v2\/posts\/28139\/revisions\/28222"}],"wp:attachment":[{"href":"https:\/\/www.alqueria.es\/blogs\/alqueriaprimerciclo\/wp-json\/wp\/v2\/media?parent=28139"}],"wp:term":[{"taxonomy":"category","embeddable":true,"href":"https:\/\/www.alqueria.es\/blogs\/alqueriaprimerciclo\/wp-json\/wp\/v2\/categories?post=28139"},{"taxonomy":"post_tag","embeddable":true,"href":"https:\/\/www.alqueria.es\/blogs\/alqueriaprimerciclo\/wp-json\/wp\/v2\/tags?post=28139"}],"curies":[{"name":"wp","href":"https:\/\/api.w.org\/{rel}","templated":true}]}}