{"id":28213,"date":"2021-10-29T16:27:23","date_gmt":"2021-10-29T14:27:23","guid":{"rendered":"https:\/\/www.alqueria.es\/blogs\/alqueriaprimerciclo\/?p=28213"},"modified":"2021-10-29T16:31:06","modified_gmt":"2021-10-29T14:31:06","slug":"metaforas-para-el-otono","status":"publish","type":"post","link":"https:\/\/www.alqueria.es\/blogs\/alqueriaprimerciclo\/2021\/10\/29\/metaforas-para-el-otono\/","title":{"rendered":"Met\u00e1foras para el oto\u00f1o"},"content":{"rendered":"<h4>Taller de escritura : Escribimos met\u00e1foras<\/h4>\n<p><img decoding=\"async\" class=\"alignleft\" src=\"https:\/\/pbs.twimg.com\/media\/EhtHuq2WsAAzWMw?format=jpg&amp;name=large\" alt=\"Javier Fonseca GD on Twitter: &amp;quot;Vuelvo a estas lecciones y se me queda corto el t\u00edtulo. No es solo para ni\u00f1os inquietos, es una mesa de juegos, un mapa del infinito para\" width=\"172\" height=\"215\" \/>Con la ayuda Luis G\u00aa Montero, pues consultamos en\u00a0 <em>Lecciones de poes\u00eda para ni\u00f1os inquietos<\/em> , el cap\u00edtulo, \u00abYa sabemos mirar.\u00bb\u00a0 \u00a0Editorial Comares, Granada 2000. ( p\u00e1g. 33).<\/p>\n<p>\u00a1Y qui\u00e9n mejor que un poeta, como \u00e9l, que se preocupa de que a las personas m\u00e1s peque\u00f1as nos guste la poes\u00eda!<\/p>\n<p>Ha sido necesario comprender este recurso literario para poder\u00a0 entender mejor la greguer\u00edas, que nos muestra Ram\u00f3n G\u00f3mez de la Serna.<\/p>\n<p>Ya las estamos ensayando para el pr\u00f3ximo viernes, d\u00eda de la Fiesta de Oto\u00f1o.<\/p>\n<h5>\u00bfQu\u00e9 queremos saber del cuerpo humano?<\/h5>\n<p>Aprendemos a hacernos preguntas sobre la parte del cuerpo que estamos investigando.<\/p>\n<p><img decoding=\"async\" src=\"https:\/\/www.esan.edu.pe\/sala-de-prensa\/2019\/09\/23\/750x422_erika_gara_curiosidad.jpg\" alt=\"Activemos la curiosidad | Sala de prensa | ESAN\" \/><\/p>\n<p>Las escribimos en la agenda para no olvidarlas e iniciar la investigaci\u00f3n de las respuestas que saciaran nuestra curiosidad.<\/p>\n<p><img decoding=\"async\" src=\"https:\/\/images.slideplayer.es\/33\/8801696\/slides\/slide_2.jpg\" alt=\"Ciencias\/Science Y \u00bfPara qu\u00e9 se ense\u00f1a Ciencias? Para despertar la curiosidad que es la base para querer investigar y aprender. Para desarrollar. - ppt descargar\" \/><\/p>\n<h5>Conferencia: Brasil<\/h5>\n<p>Nacho nos ha conducido por un pa\u00eds fascinante, Brasil. Nos reserv\u00f3 los billetes con el tiempo suficiente para que nuestra plaza quedara asegurada.<\/p>\n<p>Lo localizamos en el mapa del mundo\u00a0 al lado de\u00a0 Per\u00fa , Am\u00e9rica del Sur. Son pa\u00edses vecinos. Pero tienen idiomas distintos, en Brasil\u00a0 el idioma oficial es el portugu\u00e9s , aunque al ser un pa\u00eds tan extenso hay otras\u00a0 lenguas m\u00e1s.<\/p>\n<p><img decoding=\"async\" data-attachment-id=\"28239\" data-permalink=\"https:\/\/www.alqueria.es\/blogs\/alqueriaprimerciclo\/2021\/10\/29\/metaforas-para-el-otono\/dsc05497\/\" data-orig-file=\"https:\/\/cloud.alqueria.es\/wp-content\/uploads\/sites\/6\/2021\/10\/DSC05497.jpg\" data-orig-size=\"640,480\" data-comments-opened=\"1\" data-image-meta=\"{&quot;aperture&quot;:&quot;2.8&quot;,&quot;credit&quot;:&quot;&quot;,&quot;camera&quot;:&quot;DSC-W510&quot;,&quot;caption&quot;:&quot;&quot;,&quot;created_timestamp&quot;:&quot;1635058346&quot;,&quot;copyright&quot;:&quot;Copyright 2009&quot;,&quot;focal_length&quot;:&quot;4.7&quot;,&quot;iso&quot;:&quot;800&quot;,&quot;shutter_speed&quot;:&quot;0.0125&quot;,&quot;title&quot;:&quot;&quot;,&quot;orientation&quot;:&quot;1&quot;}\" data-image-title=\"DSC05497\" data-image-description=\"\" data-image-caption=\"\" data-large-file=\"https:\/\/cloud.alqueria.es\/wp-content\/uploads\/sites\/6\/2021\/10\/DSC05497.jpg\" class=\"alignnone size-full wp-image-28239\" src=\"https:\/\/cloud.alqueria.es\/wp-content\/uploads\/sites\/6\/2021\/10\/DSC05497.jpg\" alt=\"\" width=\"640\" height=\"480\" srcset=\"https:\/\/cloud.alqueria.es\/wp-content\/uploads\/sites\/6\/2021\/10\/DSC05497.jpg 640w, https:\/\/cloud.alqueria.es\/wp-content\/uploads\/sites\/6\/2021\/10\/DSC05497-300x225.jpg 300w\" sizes=\"(max-width: 640px) 100vw, 640px\" \/><\/p>\n<p>Salimos de Granada, atravesamos el Oc\u00e9ano Atl\u00e1ntico y llegamos a R\u00edo de Janeiro, ciudad m\u00e1s importante del pa\u00eds, aunque la capital es la moderna Brasilia.<\/p>\n<p><img decoding=\"async\" data-attachment-id=\"28240\" data-permalink=\"https:\/\/www.alqueria.es\/blogs\/alqueriaprimerciclo\/2021\/10\/29\/metaforas-para-el-otono\/dsc05498\/\" data-orig-file=\"https:\/\/cloud.alqueria.es\/wp-content\/uploads\/sites\/6\/2021\/10\/DSC05498.jpg\" data-orig-size=\"640,480\" data-comments-opened=\"1\" data-image-meta=\"{&quot;aperture&quot;:&quot;2.8&quot;,&quot;credit&quot;:&quot;&quot;,&quot;camera&quot;:&quot;DSC-W510&quot;,&quot;caption&quot;:&quot;&quot;,&quot;created_timestamp&quot;:&quot;1635058369&quot;,&quot;copyright&quot;:&quot;Copyright 2009&quot;,&quot;focal_length&quot;:&quot;4.7&quot;,&quot;iso&quot;:&quot;800&quot;,&quot;shutter_speed&quot;:&quot;0.016666666666667&quot;,&quot;title&quot;:&quot;&quot;,&quot;orientation&quot;:&quot;1&quot;}\" data-image-title=\"DSC05498\" data-image-description=\"\" data-image-caption=\"\" data-large-file=\"https:\/\/cloud.alqueria.es\/wp-content\/uploads\/sites\/6\/2021\/10\/DSC05498.jpg\" class=\"alignnone size-full wp-image-28240\" src=\"https:\/\/cloud.alqueria.es\/wp-content\/uploads\/sites\/6\/2021\/10\/DSC05498.jpg\" alt=\"\" width=\"640\" height=\"480\" srcset=\"https:\/\/cloud.alqueria.es\/wp-content\/uploads\/sites\/6\/2021\/10\/DSC05498.jpg 640w, https:\/\/cloud.alqueria.es\/wp-content\/uploads\/sites\/6\/2021\/10\/DSC05498-300x225.jpg 300w\" sizes=\"(max-width: 640px) 100vw, 640px\" \/><\/p>\n<p>Las viviendas son muy diversas. Pueden ser muy ricas o extremadamente pobres , como\u00a0 las favelas.<\/p>\n<p><img decoding=\"async\" data-attachment-id=\"28241\" data-permalink=\"https:\/\/www.alqueria.es\/blogs\/alqueriaprimerciclo\/2021\/10\/29\/metaforas-para-el-otono\/dsc05499\/\" data-orig-file=\"https:\/\/cloud.alqueria.es\/wp-content\/uploads\/sites\/6\/2021\/10\/DSC05499.jpg\" data-orig-size=\"640,480\" data-comments-opened=\"1\" data-image-meta=\"{&quot;aperture&quot;:&quot;2.8&quot;,&quot;credit&quot;:&quot;&quot;,&quot;camera&quot;:&quot;DSC-W510&quot;,&quot;caption&quot;:&quot;&quot;,&quot;created_timestamp&quot;:&quot;1635058389&quot;,&quot;copyright&quot;:&quot;Copyright 2009&quot;,&quot;focal_length&quot;:&quot;4.7&quot;,&quot;iso&quot;:&quot;400&quot;,&quot;shutter_speed&quot;:&quot;0.008&quot;,&quot;title&quot;:&quot;&quot;,&quot;orientation&quot;:&quot;1&quot;}\" data-image-title=\"DSC05499\" data-image-description=\"\" data-image-caption=\"\" data-large-file=\"https:\/\/cloud.alqueria.es\/wp-content\/uploads\/sites\/6\/2021\/10\/DSC05499.jpg\" class=\"alignnone size-full wp-image-28241\" src=\"https:\/\/cloud.alqueria.es\/wp-content\/uploads\/sites\/6\/2021\/10\/DSC05499.jpg\" alt=\"\" width=\"640\" height=\"480\" srcset=\"https:\/\/cloud.alqueria.es\/wp-content\/uploads\/sites\/6\/2021\/10\/DSC05499.jpg 640w, https:\/\/cloud.alqueria.es\/wp-content\/uploads\/sites\/6\/2021\/10\/DSC05499-300x225.jpg 300w\" sizes=\"(max-width: 640px) 100vw, 640px\" \/><\/p>\n<p>El Carnaval es su fiesta m\u00e1s importante.<br \/>\nComemos cerdo con arroz, jud\u00edas negras y postre de bolas de coco. No tomamos caf\u00e9,\u00a0 porque no nos conviene a nuestra edad.<\/p>\n<p><img decoding=\"async\" data-attachment-id=\"28242\" data-permalink=\"https:\/\/www.alqueria.es\/blogs\/alqueriaprimerciclo\/2021\/10\/29\/metaforas-para-el-otono\/dsc05501\/\" data-orig-file=\"https:\/\/cloud.alqueria.es\/wp-content\/uploads\/sites\/6\/2021\/10\/DSC05501.jpg\" data-orig-size=\"640,480\" data-comments-opened=\"1\" data-image-meta=\"{&quot;aperture&quot;:&quot;2.8&quot;,&quot;credit&quot;:&quot;&quot;,&quot;camera&quot;:&quot;DSC-W510&quot;,&quot;caption&quot;:&quot;&quot;,&quot;created_timestamp&quot;:&quot;1635058410&quot;,&quot;copyright&quot;:&quot;Copyright 2009&quot;,&quot;focal_length&quot;:&quot;4.7&quot;,&quot;iso&quot;:&quot;800&quot;,&quot;shutter_speed&quot;:&quot;0.016666666666667&quot;,&quot;title&quot;:&quot;&quot;,&quot;orientation&quot;:&quot;1&quot;}\" data-image-title=\"DSC05501\" data-image-description=\"\" data-image-caption=\"\" data-large-file=\"https:\/\/cloud.alqueria.es\/wp-content\/uploads\/sites\/6\/2021\/10\/DSC05501.jpg\" class=\"alignnone size-full wp-image-28242\" src=\"https:\/\/cloud.alqueria.es\/wp-content\/uploads\/sites\/6\/2021\/10\/DSC05501.jpg\" alt=\"\" width=\"640\" height=\"480\" srcset=\"https:\/\/cloud.alqueria.es\/wp-content\/uploads\/sites\/6\/2021\/10\/DSC05501.jpg 640w, https:\/\/cloud.alqueria.es\/wp-content\/uploads\/sites\/6\/2021\/10\/DSC05501-300x225.jpg 300w\" sizes=\"(max-width: 640px) 100vw, 640px\" \/><\/p>\n<p>Por Brasil\u00a0 transcurre el r\u00edo mas largo del mundo, que tiene el mismo nombre que su selva, Amazonas. Entre todos valoramos la importancia\u00a0 de este lugar, pues se le conoce tambi\u00e9n como \u00bb El pulm\u00f3n del planeta. \u00bb<\/p>\n<p><img decoding=\"async\" data-attachment-id=\"28243\" data-permalink=\"https:\/\/www.alqueria.es\/blogs\/alqueriaprimerciclo\/2021\/10\/29\/metaforas-para-el-otono\/dsc05503-2\/\" data-orig-file=\"https:\/\/cloud.alqueria.es\/wp-content\/uploads\/sites\/6\/2021\/10\/DSC05503.jpg\" data-orig-size=\"640,480\" data-comments-opened=\"1\" data-image-meta=\"{&quot;aperture&quot;:&quot;2.8&quot;,&quot;credit&quot;:&quot;&quot;,&quot;camera&quot;:&quot;DSC-W510&quot;,&quot;caption&quot;:&quot;&quot;,&quot;created_timestamp&quot;:&quot;1635058437&quot;,&quot;copyright&quot;:&quot;Copyright 2009&quot;,&quot;focal_length&quot;:&quot;4.7&quot;,&quot;iso&quot;:&quot;3200&quot;,&quot;shutter_speed&quot;:&quot;0.033333333333333&quot;,&quot;title&quot;:&quot;&quot;,&quot;orientation&quot;:&quot;1&quot;}\" data-image-title=\"DSC05503\" data-image-description=\"\" data-image-caption=\"\" data-large-file=\"https:\/\/cloud.alqueria.es\/wp-content\/uploads\/sites\/6\/2021\/10\/DSC05503.jpg\" class=\"alignnone size-full wp-image-28243\" src=\"https:\/\/cloud.alqueria.es\/wp-content\/uploads\/sites\/6\/2021\/10\/DSC05503.jpg\" alt=\"\" width=\"640\" height=\"480\" srcset=\"https:\/\/cloud.alqueria.es\/wp-content\/uploads\/sites\/6\/2021\/10\/DSC05503.jpg 640w, https:\/\/cloud.alqueria.es\/wp-content\/uploads\/sites\/6\/2021\/10\/DSC05503-300x225.jpg 300w\" sizes=\"(max-width: 640px) 100vw, 640px\" \/><\/p>\n<p>Nos muestra\u00a0 la gran diversidad natural que hay, tanto en la fauna como en la flora.<\/p>\n<p><img decoding=\"async\" data-attachment-id=\"28244\" data-permalink=\"https:\/\/www.alqueria.es\/blogs\/alqueriaprimerciclo\/2021\/10\/29\/metaforas-para-el-otono\/dsc05504\/\" data-orig-file=\"https:\/\/cloud.alqueria.es\/wp-content\/uploads\/sites\/6\/2021\/10\/DSC05504.jpg\" data-orig-size=\"640,480\" data-comments-opened=\"1\" data-image-meta=\"{&quot;aperture&quot;:&quot;2.8&quot;,&quot;credit&quot;:&quot;&quot;,&quot;camera&quot;:&quot;DSC-W510&quot;,&quot;caption&quot;:&quot;&quot;,&quot;created_timestamp&quot;:&quot;1635060815&quot;,&quot;copyright&quot;:&quot;Copyright 2009&quot;,&quot;focal_length&quot;:&quot;4.7&quot;,&quot;iso&quot;:&quot;800&quot;,&quot;shutter_speed&quot;:&quot;0.01&quot;,&quot;title&quot;:&quot;&quot;,&quot;orientation&quot;:&quot;1&quot;}\" data-image-title=\"DSC05504\" data-image-description=\"\" data-image-caption=\"\" data-large-file=\"https:\/\/cloud.alqueria.es\/wp-content\/uploads\/sites\/6\/2021\/10\/DSC05504.jpg\" class=\"alignnone size-full wp-image-28244\" src=\"https:\/\/cloud.alqueria.es\/wp-content\/uploads\/sites\/6\/2021\/10\/DSC05504.jpg\" alt=\"\" width=\"640\" height=\"480\" srcset=\"https:\/\/cloud.alqueria.es\/wp-content\/uploads\/sites\/6\/2021\/10\/DSC05504.jpg 640w, https:\/\/cloud.alqueria.es\/wp-content\/uploads\/sites\/6\/2021\/10\/DSC05504-300x225.jpg 300w\" sizes=\"(max-width: 640px) 100vw, 640px\" \/><\/p>\n<p>Celebramos esta emocionante traves\u00eda con una fiesta, al final de la conferencia, al ritmo que nos marca Carlinhos Browm<\/p>\n<p><img decoding=\"async\" src=\"https:\/\/i.ytimg.com\/vi\/-9Q9tG1T1js\/maxresdefault.jpg\" alt=\"Carlinhos Brown - Maria Caipirinha (Clipe Oficial) - YouTube\" \/><\/p>\n<p>Muchas gracias , Nacho, has sido un excelente gu\u00eda.<\/p>\n<h4>Ventana Cin\u00e9fila en la clase<\/h4>\n<p>Ventana Cin\u00e9fila es una propuesta que se inici\u00f3 gracias a la sinergia entre el\u00a0<strong>Festival de de Sevilla<\/strong>\u00a0y\u00a0la\u00a0<strong>Semana Internacional de Cine de Valladolid (SEMINCI)<\/strong>\u00a0y a la\u00a0que este a\u00f1o se han unido el\u00a0<strong>Festival de M\u00e1laga<\/strong>\u00a0y el\u00a0<strong>Festival de Huelva<\/strong>\u00a0para reforzar a\u00fan m\u00e1s el proyecto y en la que se recoge una selecci\u00f3n de<strong>\u00a08 largometrajes<\/strong>\u00a0y\u00a0<strong>14 cortos<\/strong> del cine europeo y latinoamericano contempor\u00e1neo m\u00e1s relevante para alumnos desde los 3 a\u00f1os. Nuestro centro se ha subscrito a esta oferta hasta el 23 de noviembre.<\/p>\n<p>Esta semana hemos visto\u00a0 la proyecci\u00f3n :<\/p>\n<p><img decoding=\"async\" class=\"aligncenter\" src=\"https:\/\/pics.filmaffinity.com\/Misi_n_H2O-699402066-large.jpg\" alt=\"Misi\u00f3n H2O (2018) - Filmaffinity\" width=\"351\" height=\"484\" \/><\/p>\n<h5>Juegos de patio<\/h5>\n<p class=\"jetpack-slideshow-noscript robots-nocontent\">El pase de diapositivas requiere JavaScript.<\/p><div id=\"gallery-28213-1-slideshow\" class=\"jetpack-slideshow-window jetpack-slideshow jetpack-slideshow-black\" data-trans=\"fade\" data-autostart=\"1\" data-gallery=\"[{&quot;src&quot;:&quot;https:\\\/\\\/cloud.alqueria.es\\\/wp-content\\\/uploads\\\/sites\\\/6\\\/2021\\\/10\\\/DSC05505.jpg&quot;,&quot;id&quot;:&quot;28248&quot;,&quot;title&quot;:&quot;DSC05505&quot;,&quot;alt&quot;:&quot;&quot;,&quot;caption&quot;:&quot;&quot;,&quot;itemprop&quot;:&quot;image&quot;},{&quot;src&quot;:&quot;https:\\\/\\\/cloud.alqueria.es\\\/wp-content\\\/uploads\\\/sites\\\/6\\\/2021\\\/10\\\/DSC05507.jpg&quot;,&quot;id&quot;:&quot;28249&quot;,&quot;title&quot;:&quot;DSC05507&quot;,&quot;alt&quot;:&quot;&quot;,&quot;caption&quot;:&quot;&quot;,&quot;itemprop&quot;:&quot;image&quot;},{&quot;src&quot;:&quot;https:\\\/\\\/cloud.alqueria.es\\\/wp-content\\\/uploads\\\/sites\\\/6\\\/2021\\\/10\\\/DSC05512.jpg&quot;,&quot;id&quot;:&quot;28250&quot;,&quot;title&quot;:&quot;DSC05512&quot;,&quot;alt&quot;:&quot;&quot;,&quot;caption&quot;:&quot;&quot;,&quot;itemprop&quot;:&quot;image&quot;},{&quot;src&quot;:&quot;https:\\\/\\\/cloud.alqueria.es\\\/wp-content\\\/uploads\\\/sites\\\/6\\\/2021\\\/10\\\/DSC05513.jpg&quot;,&quot;id&quot;:&quot;28251&quot;,&quot;title&quot;:&quot;DSC05513&quot;,&quot;alt&quot;:&quot;&quot;,&quot;caption&quot;:&quot;&quot;,&quot;itemprop&quot;:&quot;image&quot;}]\" itemscope itemtype=\"https:\/\/schema.org\/ImageGallery\"><\/div>\n<p><img decoding=\"async\" data-attachment-id=\"28252\" data-permalink=\"https:\/\/www.alqueria.es\/blogs\/alqueriaprimerciclo\/2021\/10\/29\/metaforas-para-el-otono\/dsc05509\/\" data-orig-file=\"https:\/\/cloud.alqueria.es\/wp-content\/uploads\/sites\/6\/2021\/10\/DSC05509.jpg\" data-orig-size=\"640,480\" data-comments-opened=\"1\" data-image-meta=\"{&quot;aperture&quot;:&quot;2.8&quot;,&quot;credit&quot;:&quot;&quot;,&quot;camera&quot;:&quot;DSC-W510&quot;,&quot;caption&quot;:&quot;&quot;,&quot;created_timestamp&quot;:&quot;1635163316&quot;,&quot;copyright&quot;:&quot;Copyright 2009&quot;,&quot;focal_length&quot;:&quot;4.7&quot;,&quot;iso&quot;:&quot;400&quot;,&quot;shutter_speed&quot;:&quot;0.004&quot;,&quot;title&quot;:&quot;&quot;,&quot;orientation&quot;:&quot;1&quot;}\" data-image-title=\"DSC05509\" data-image-description=\"\" data-image-caption=\"\" data-large-file=\"https:\/\/cloud.alqueria.es\/wp-content\/uploads\/sites\/6\/2021\/10\/DSC05509.jpg\" class=\"alignnone size-full wp-image-28252\" src=\"https:\/\/cloud.alqueria.es\/wp-content\/uploads\/sites\/6\/2021\/10\/DSC05509.jpg\" alt=\"\" width=\"640\" height=\"480\" srcset=\"https:\/\/cloud.alqueria.es\/wp-content\/uploads\/sites\/6\/2021\/10\/DSC05509.jpg 640w, https:\/\/cloud.alqueria.es\/wp-content\/uploads\/sites\/6\/2021\/10\/DSC05509-300x225.jpg 300w\" sizes=\"(max-width: 640px) 100vw, 640px\" \/> <img decoding=\"async\" data-attachment-id=\"28253\" data-permalink=\"https:\/\/www.alqueria.es\/blogs\/alqueriaprimerciclo\/2021\/10\/29\/metaforas-para-el-otono\/dsc05510-2\/\" data-orig-file=\"https:\/\/cloud.alqueria.es\/wp-content\/uploads\/sites\/6\/2021\/10\/DSC05510.jpg\" data-orig-size=\"640,480\" data-comments-opened=\"1\" data-image-meta=\"{&quot;aperture&quot;:&quot;2.8&quot;,&quot;credit&quot;:&quot;&quot;,&quot;camera&quot;:&quot;DSC-W510&quot;,&quot;caption&quot;:&quot;&quot;,&quot;created_timestamp&quot;:&quot;1635163342&quot;,&quot;copyright&quot;:&quot;Copyright 2009&quot;,&quot;focal_length&quot;:&quot;4.7&quot;,&quot;iso&quot;:&quot;100&quot;,&quot;shutter_speed&quot;:&quot;0.004&quot;,&quot;title&quot;:&quot;&quot;,&quot;orientation&quot;:&quot;1&quot;}\" data-image-title=\"DSC05510\" data-image-description=\"\" data-image-caption=\"\" data-large-file=\"https:\/\/cloud.alqueria.es\/wp-content\/uploads\/sites\/6\/2021\/10\/DSC05510.jpg\" class=\"alignnone size-full wp-image-28253\" src=\"https:\/\/cloud.alqueria.es\/wp-content\/uploads\/sites\/6\/2021\/10\/DSC05510.jpg\" alt=\"\" width=\"640\" height=\"480\" srcset=\"https:\/\/cloud.alqueria.es\/wp-content\/uploads\/sites\/6\/2021\/10\/DSC05510.jpg 640w, https:\/\/cloud.alqueria.es\/wp-content\/uploads\/sites\/6\/2021\/10\/DSC05510-300x225.jpg 300w\" sizes=\"(max-width: 640px) 100vw, 640px\" \/> <img decoding=\"async\" data-attachment-id=\"28254\" data-permalink=\"https:\/\/www.alqueria.es\/blogs\/alqueriaprimerciclo\/2021\/10\/29\/metaforas-para-el-otono\/dsc05511-2\/\" data-orig-file=\"https:\/\/cloud.alqueria.es\/wp-content\/uploads\/sites\/6\/2021\/10\/DSC05511.jpg\" data-orig-size=\"640,480\" data-comments-opened=\"1\" data-image-meta=\"{&quot;aperture&quot;:&quot;2.8&quot;,&quot;credit&quot;:&quot;&quot;,&quot;camera&quot;:&quot;DSC-W510&quot;,&quot;caption&quot;:&quot;&quot;,&quot;created_timestamp&quot;:&quot;1635163358&quot;,&quot;copyright&quot;:&quot;Copyright 2009&quot;,&quot;focal_length&quot;:&quot;4.7&quot;,&quot;iso&quot;:&quot;200&quot;,&quot;shutter_speed&quot;:&quot;0.004&quot;,&quot;title&quot;:&quot;&quot;,&quot;orientation&quot;:&quot;1&quot;}\" data-image-title=\"DSC05511\" data-image-description=\"\" data-image-caption=\"\" data-large-file=\"https:\/\/cloud.alqueria.es\/wp-content\/uploads\/sites\/6\/2021\/10\/DSC05511.jpg\" class=\"alignnone size-full wp-image-28254\" src=\"https:\/\/cloud.alqueria.es\/wp-content\/uploads\/sites\/6\/2021\/10\/DSC05511.jpg\" alt=\"\" width=\"640\" height=\"480\" srcset=\"https:\/\/cloud.alqueria.es\/wp-content\/uploads\/sites\/6\/2021\/10\/DSC05511.jpg 640w, https:\/\/cloud.alqueria.es\/wp-content\/uploads\/sites\/6\/2021\/10\/DSC05511-300x225.jpg 300w\" sizes=\"(max-width: 640px) 100vw, 640px\" \/><\/p>\n<h5>Charla de Autoprotecci\u00f3n<\/h5>\n<p>Loli G\u00e1lvez, nuestra directora nos visita. Nos explica qu\u00e9 es un Plan de Emergencia.<\/p>\n<p><img decoding=\"async\" data-attachment-id=\"28257\" data-permalink=\"https:\/\/www.alqueria.es\/blogs\/alqueriaprimerciclo\/2021\/10\/29\/metaforas-para-el-otono\/dsc05515-3\/\" data-orig-file=\"https:\/\/cloud.alqueria.es\/wp-content\/uploads\/sites\/6\/2021\/10\/DSC05515.jpg\" data-orig-size=\"640,480\" data-comments-opened=\"1\" data-image-meta=\"{&quot;aperture&quot;:&quot;2.8&quot;,&quot;credit&quot;:&quot;&quot;,&quot;camera&quot;:&quot;DSC-W510&quot;,&quot;caption&quot;:&quot;&quot;,&quot;created_timestamp&quot;:&quot;1635169420&quot;,&quot;copyright&quot;:&quot;Copyright 2009&quot;,&quot;focal_length&quot;:&quot;4.7&quot;,&quot;iso&quot;:&quot;800&quot;,&quot;shutter_speed&quot;:&quot;0.016666666666667&quot;,&quot;title&quot;:&quot;&quot;,&quot;orientation&quot;:&quot;1&quot;}\" data-image-title=\"DSC05515\" data-image-description=\"\" data-image-caption=\"\" data-large-file=\"https:\/\/cloud.alqueria.es\/wp-content\/uploads\/sites\/6\/2021\/10\/DSC05515.jpg\" class=\"alignnone size-full wp-image-28257\" src=\"https:\/\/cloud.alqueria.es\/wp-content\/uploads\/sites\/6\/2021\/10\/DSC05515.jpg\" alt=\"\" width=\"640\" height=\"480\" srcset=\"https:\/\/cloud.alqueria.es\/wp-content\/uploads\/sites\/6\/2021\/10\/DSC05515.jpg 640w, https:\/\/cloud.alqueria.es\/wp-content\/uploads\/sites\/6\/2021\/10\/DSC05515-300x225.jpg 300w\" sizes=\"(max-width: 640px) 100vw, 640px\" \/><\/p>\n<p>\u00bfQu\u00e9 es una emergencia? Un asunto o situaci\u00f3n imprevistos que requieren una especial atenci\u00f3n y deben solucionarse lo antes posible.<\/p>\n<p>\u00bfPara qu\u00e9 sirve un Plan de Emergencias?<\/p>\n<ul>\n<li>Para ordenar y organizarnos ante una emergencia y evitar correr riesgos.<\/li>\n<li>Nombrar\u00a0 al equipo de emergencia, donde cada uno tiene su misi\u00f3n.<\/li>\n<li>Nuestra misi\u00f3n como alumnado, en este Plan, es mantenernos en\u00a0 silencio y atentos a las instrucciones que nos d\u00e9 el adulto que est\u00e9 con nosotros. Y fundamental mantener la calma.<\/li>\n<\/ul>\n<p>Hacemos muchas preguntas que ella nos resuelve sobre la marcha.<\/p>\n<p>Por lo tanto, estaremos alerta y ensayaremos con inter\u00e9s c\u00f3mo actuar en estos casos, cuando nuestra maestra lo proponga.<\/p>\n<h4>Sembramos las habas<\/h4>\n<p>Unas las hemos germinado en clase y otras las enterramos sin germinar.<\/p>\n<p class=\"jetpack-slideshow-noscript robots-nocontent\">El pase de diapositivas requiere JavaScript.<\/p><div id=\"gallery-28213-2-slideshow\" class=\"jetpack-slideshow-window jetpack-slideshow jetpack-slideshow-black\" data-trans=\"fade\" data-autostart=\"1\" data-gallery=\"[{&quot;src&quot;:&quot;https:\\\/\\\/cloud.alqueria.es\\\/wp-content\\\/uploads\\\/sites\\\/6\\\/2021\\\/10\\\/DSC05528.jpg&quot;,&quot;id&quot;:&quot;28274&quot;,&quot;title&quot;:&quot;DSC05528&quot;,&quot;alt&quot;:&quot;&quot;,&quot;caption&quot;:&quot;&quot;,&quot;itemprop&quot;:&quot;image&quot;},{&quot;src&quot;:&quot;https:\\\/\\\/cloud.alqueria.es\\\/wp-content\\\/uploads\\\/sites\\\/6\\\/2021\\\/10\\\/DSC05531.jpg&quot;,&quot;id&quot;:&quot;28275&quot;,&quot;title&quot;:&quot;DSC05531&quot;,&quot;alt&quot;:&quot;&quot;,&quot;caption&quot;:&quot;&quot;,&quot;itemprop&quot;:&quot;image&quot;},{&quot;src&quot;:&quot;https:\\\/\\\/cloud.alqueria.es\\\/wp-content\\\/uploads\\\/sites\\\/6\\\/2021\\\/10\\\/DSC05533.jpg&quot;,&quot;id&quot;:&quot;28276&quot;,&quot;title&quot;:&quot;DSC05533&quot;,&quot;alt&quot;:&quot;&quot;,&quot;caption&quot;:&quot;&quot;,&quot;itemprop&quot;:&quot;image&quot;},{&quot;src&quot;:&quot;https:\\\/\\\/cloud.alqueria.es\\\/wp-content\\\/uploads\\\/sites\\\/6\\\/2021\\\/10\\\/DSC05537.jpg&quot;,&quot;id&quot;:&quot;28277&quot;,&quot;title&quot;:&quot;DSC05537&quot;,&quot;alt&quot;:&quot;&quot;,&quot;caption&quot;:&quot;&quot;,&quot;itemprop&quot;:&quot;image&quot;},{&quot;src&quot;:&quot;https:\\\/\\\/cloud.alqueria.es\\\/wp-content\\\/uploads\\\/sites\\\/6\\\/2021\\\/10\\\/DSC05545.jpg&quot;,&quot;id&quot;:&quot;28278&quot;,&quot;title&quot;:&quot;DSC05545&quot;,&quot;alt&quot;:&quot;&quot;,&quot;caption&quot;:&quot;&quot;,&quot;itemprop&quot;:&quot;image&quot;},{&quot;src&quot;:&quot;https:\\\/\\\/cloud.alqueria.es\\\/wp-content\\\/uploads\\\/sites\\\/6\\\/2021\\\/10\\\/DSC05548.jpg&quot;,&quot;id&quot;:&quot;28279&quot;,&quot;title&quot;:&quot;DSC05548&quot;,&quot;alt&quot;:&quot;&quot;,&quot;caption&quot;:&quot;&quot;,&quot;itemprop&quot;:&quot;image&quot;},{&quot;src&quot;:&quot;https:\\\/\\\/cloud.alqueria.es\\\/wp-content\\\/uploads\\\/sites\\\/6\\\/2021\\\/10\\\/DSC05555.jpg&quot;,&quot;id&quot;:&quot;28280&quot;,&quot;title&quot;:&quot;DSC05555&quot;,&quot;alt&quot;:&quot;&quot;,&quot;caption&quot;:&quot;&quot;,&quot;itemprop&quot;:&quot;image&quot;},{&quot;src&quot;:&quot;https:\\\/\\\/cloud.alqueria.es\\\/wp-content\\\/uploads\\\/sites\\\/6\\\/2021\\\/10\\\/DSC05556.jpg&quot;,&quot;id&quot;:&quot;28281&quot;,&quot;title&quot;:&quot;DSC05556&quot;,&quot;alt&quot;:&quot;&quot;,&quot;caption&quot;:&quot;&quot;,&quot;itemprop&quot;:&quot;image&quot;}]\" itemscope itemtype=\"https:\/\/schema.org\/ImageGallery\"><\/div>\n<h4>Las brujas<\/h4>\n<p>Lectura intima en el grupo de 2\u00ba<\/p>\n<p>Se caracteriza por ser la escucha m\u00e1s emocionada que podemos sabemos mantener. Pasamos de la risa nerviosa, a los sobresaltos m\u00e1s alucinantes en pocos segundos.<\/p>\n<p><img decoding=\"async\" class=\"alignleft\" src=\"https:\/\/2img.net\/h\/oi43.tinypic.com\/majuap.jpg\" alt=\"Las brujas - Roald Dahl\" width=\"199\" height=\"314\" \/>Vamos descubriendo en los personajes emociones, que nos hacen sentirnos\u00a0 de pronto como el ni\u00f1o protagonista y al minuto somos una bruja malvada y horrible. En otras ocasiones no nos moleta el humo de una abuela que es todo <img decoding=\"async\" class=\"alignleft\" src=\"http:\/\/1.bp.blogspot.com\/-cmEvnGG6bVQ\/Tqm0EJRgZ6I\/AAAAAAAAA6A\/mzLjwvvP7zI\/s1600\/cap%25C3%25ADtulo+6.png\" alt=\"La biblioteca del capit\u00e1n Nemo: Cap\u00edtulo 6: El congreso\" width=\"111\" height=\"162\" \/>\u00a0 \u00a0amor.<\/p>\n<p>Las brujas han hecho que deseemos que lleguen los jueves por la tarde.<\/p>\n<h4>Decoraci\u00f3n de oto\u00f1o<\/h4>\n<p>Buscamos los colores del oto\u00f1o en el jard\u00edn.<\/p>\n<p><img decoding=\"async\" data-attachment-id=\"28230\" data-permalink=\"https:\/\/www.alqueria.es\/blogs\/alqueriaprimerciclo\/2021\/10\/29\/metaforas-para-el-otono\/dsc05492\/\" data-orig-file=\"https:\/\/cloud.alqueria.es\/wp-content\/uploads\/sites\/6\/2021\/10\/DSC05492.jpg\" data-orig-size=\"640,480\" data-comments-opened=\"1\" data-image-meta=\"{&quot;aperture&quot;:&quot;2.8&quot;,&quot;credit&quot;:&quot;&quot;,&quot;camera&quot;:&quot;DSC-W510&quot;,&quot;caption&quot;:&quot;&quot;,&quot;created_timestamp&quot;:&quot;1634990718&quot;,&quot;copyright&quot;:&quot;Copyright 2009&quot;,&quot;focal_length&quot;:&quot;4.7&quot;,&quot;iso&quot;:&quot;400&quot;,&quot;shutter_speed&quot;:&quot;0.004&quot;,&quot;title&quot;:&quot;&quot;,&quot;orientation&quot;:&quot;1&quot;}\" data-image-title=\"DSC05492\" data-image-description=\"\" data-image-caption=\"\" data-large-file=\"https:\/\/cloud.alqueria.es\/wp-content\/uploads\/sites\/6\/2021\/10\/DSC05492.jpg\" class=\"alignnone size-full wp-image-28230\" src=\"https:\/\/cloud.alqueria.es\/wp-content\/uploads\/sites\/6\/2021\/10\/DSC05492.jpg\" alt=\"\" width=\"640\" height=\"480\" srcset=\"https:\/\/cloud.alqueria.es\/wp-content\/uploads\/sites\/6\/2021\/10\/DSC05492.jpg 640w, https:\/\/cloud.alqueria.es\/wp-content\/uploads\/sites\/6\/2021\/10\/DSC05492-300x225.jpg 300w\" sizes=\"(max-width: 640px) 100vw, 640px\" \/> <img decoding=\"async\" data-attachment-id=\"28231\" data-permalink=\"https:\/\/www.alqueria.es\/blogs\/alqueriaprimerciclo\/2021\/10\/29\/metaforas-para-el-otono\/dsc05493\/\" data-orig-file=\"https:\/\/cloud.alqueria.es\/wp-content\/uploads\/sites\/6\/2021\/10\/DSC05493.jpg\" data-orig-size=\"640,480\" data-comments-opened=\"1\" data-image-meta=\"{&quot;aperture&quot;:&quot;2.8&quot;,&quot;credit&quot;:&quot;&quot;,&quot;camera&quot;:&quot;DSC-W510&quot;,&quot;caption&quot;:&quot;&quot;,&quot;created_timestamp&quot;:&quot;1634990732&quot;,&quot;copyright&quot;:&quot;Copyright 2009&quot;,&quot;focal_length&quot;:&quot;4.7&quot;,&quot;iso&quot;:&quot;400&quot;,&quot;shutter_speed&quot;:&quot;0.008&quot;,&quot;title&quot;:&quot;&quot;,&quot;orientation&quot;:&quot;1&quot;}\" data-image-title=\"DSC05493\" data-image-description=\"\" data-image-caption=\"\" data-large-file=\"https:\/\/cloud.alqueria.es\/wp-content\/uploads\/sites\/6\/2021\/10\/DSC05493.jpg\" class=\"alignnone size-full wp-image-28231\" src=\"https:\/\/cloud.alqueria.es\/wp-content\/uploads\/sites\/6\/2021\/10\/DSC05493.jpg\" alt=\"\" width=\"640\" height=\"480\" srcset=\"https:\/\/cloud.alqueria.es\/wp-content\/uploads\/sites\/6\/2021\/10\/DSC05493.jpg 640w, https:\/\/cloud.alqueria.es\/wp-content\/uploads\/sites\/6\/2021\/10\/DSC05493-300x225.jpg 300w\" sizes=\"(max-width: 640px) 100vw, 640px\" \/><\/p>\n<p>Y utilizamos la prensa, para secar las hojas que van vestidas con ellos.<\/p>\n<p><img decoding=\"async\" data-attachment-id=\"28232\" data-permalink=\"https:\/\/www.alqueria.es\/blogs\/alqueriaprimerciclo\/2021\/10\/29\/metaforas-para-el-otono\/dsc05494\/\" data-orig-file=\"https:\/\/cloud.alqueria.es\/wp-content\/uploads\/sites\/6\/2021\/10\/DSC05494.jpg\" data-orig-size=\"640,480\" data-comments-opened=\"1\" data-image-meta=\"{&quot;aperture&quot;:&quot;2.8&quot;,&quot;credit&quot;:&quot;&quot;,&quot;camera&quot;:&quot;DSC-W510&quot;,&quot;caption&quot;:&quot;&quot;,&quot;created_timestamp&quot;:&quot;1634991055&quot;,&quot;copyright&quot;:&quot;Copyright 2009&quot;,&quot;focal_length&quot;:&quot;4.7&quot;,&quot;iso&quot;:&quot;80&quot;,&quot;shutter_speed&quot;:&quot;0.00125&quot;,&quot;title&quot;:&quot;&quot;,&quot;orientation&quot;:&quot;1&quot;}\" data-image-title=\"DSC05494\" data-image-description=\"\" data-image-caption=\"\" data-large-file=\"https:\/\/cloud.alqueria.es\/wp-content\/uploads\/sites\/6\/2021\/10\/DSC05494.jpg\" class=\"alignnone size-full wp-image-28232\" src=\"https:\/\/cloud.alqueria.es\/wp-content\/uploads\/sites\/6\/2021\/10\/DSC05494.jpg\" alt=\"\" width=\"640\" height=\"480\" srcset=\"https:\/\/cloud.alqueria.es\/wp-content\/uploads\/sites\/6\/2021\/10\/DSC05494.jpg 640w, https:\/\/cloud.alqueria.es\/wp-content\/uploads\/sites\/6\/2021\/10\/DSC05494-300x225.jpg 300w\" sizes=\"(max-width: 640px) 100vw, 640px\" \/><\/p>\n<p>Colaboramos en su selecci\u00f3n\u00a0 y prensado.<\/p>\n<p>Una semana despu\u00e9s&#8230;<\/p>\n<p class=\"jetpack-slideshow-noscript robots-nocontent\">El pase de diapositivas requiere JavaScript.<\/p><div id=\"gallery-28213-3-slideshow\" class=\"jetpack-slideshow-window jetpack-slideshow jetpack-slideshow-black\" data-trans=\"fade\" data-autostart=\"1\" data-gallery=\"[{&quot;src&quot;:&quot;https:\\\/\\\/cloud.alqueria.es\\\/wp-content\\\/uploads\\\/sites\\\/6\\\/2021\\\/10\\\/DSC05519.jpg&quot;,&quot;id&quot;:&quot;28268&quot;,&quot;title&quot;:&quot;DSC05519&quot;,&quot;alt&quot;:&quot;&quot;,&quot;caption&quot;:&quot;&quot;,&quot;itemprop&quot;:&quot;image&quot;},{&quot;src&quot;:&quot;https:\\\/\\\/cloud.alqueria.es\\\/wp-content\\\/uploads\\\/sites\\\/6\\\/2021\\\/10\\\/DSC05520.jpg&quot;,&quot;id&quot;:&quot;28269&quot;,&quot;title&quot;:&quot;DSC05520&quot;,&quot;alt&quot;:&quot;&quot;,&quot;caption&quot;:&quot;&quot;,&quot;itemprop&quot;:&quot;image&quot;},{&quot;src&quot;:&quot;https:\\\/\\\/cloud.alqueria.es\\\/wp-content\\\/uploads\\\/sites\\\/6\\\/2021\\\/10\\\/DSC05521.jpg&quot;,&quot;id&quot;:&quot;28270&quot;,&quot;title&quot;:&quot;DSC05521&quot;,&quot;alt&quot;:&quot;&quot;,&quot;caption&quot;:&quot;&quot;,&quot;itemprop&quot;:&quot;image&quot;},{&quot;src&quot;:&quot;https:\\\/\\\/cloud.alqueria.es\\\/wp-content\\\/uploads\\\/sites\\\/6\\\/2021\\\/10\\\/DSC05522.jpg&quot;,&quot;id&quot;:&quot;28271&quot;,&quot;title&quot;:&quot;DSC05522&quot;,&quot;alt&quot;:&quot;&quot;,&quot;caption&quot;:&quot;&quot;,&quot;itemprop&quot;:&quot;image&quot;}]\" itemscope itemtype=\"https:\/\/schema.org\/ImageGallery\"><\/div>\n<h5>Somos 19 y uno m\u00e1s<\/h5>\n<p><img decoding=\"async\" data-attachment-id=\"28235\" data-permalink=\"https:\/\/www.alqueria.es\/blogs\/alqueriaprimerciclo\/2021\/10\/29\/metaforas-para-el-otono\/dsc05491\/\" data-orig-file=\"https:\/\/cloud.alqueria.es\/wp-content\/uploads\/sites\/6\/2021\/10\/DSC05491.jpg\" data-orig-size=\"640,480\" data-comments-opened=\"1\" data-image-meta=\"{&quot;aperture&quot;:&quot;2.8&quot;,&quot;credit&quot;:&quot;&quot;,&quot;camera&quot;:&quot;DSC-W510&quot;,&quot;caption&quot;:&quot;&quot;,&quot;created_timestamp&quot;:&quot;1634720777&quot;,&quot;copyright&quot;:&quot;Copyright 2009&quot;,&quot;focal_length&quot;:&quot;4.7&quot;,&quot;iso&quot;:&quot;100&quot;,&quot;shutter_speed&quot;:&quot;0.004&quot;,&quot;title&quot;:&quot;&quot;,&quot;orientation&quot;:&quot;1&quot;}\" data-image-title=\"DSC05491\" data-image-description=\"\" data-image-caption=\"\" data-large-file=\"https:\/\/cloud.alqueria.es\/wp-content\/uploads\/sites\/6\/2021\/10\/DSC05491.jpg\" class=\"alignnone size-full wp-image-28235\" src=\"https:\/\/cloud.alqueria.es\/wp-content\/uploads\/sites\/6\/2021\/10\/DSC05491.jpg\" alt=\"\" width=\"640\" height=\"480\" srcset=\"https:\/\/cloud.alqueria.es\/wp-content\/uploads\/sites\/6\/2021\/10\/DSC05491.jpg 640w, https:\/\/cloud.alqueria.es\/wp-content\/uploads\/sites\/6\/2021\/10\/DSC05491-300x225.jpg 300w\" sizes=\"(max-width: 640px) 100vw, 640px\" \/>Desde hace una semana contamos con la presencia y colaboraci\u00f3n de Jaume, profesor en pr\u00e1cticas de la Facultad de Ciencias de la Educaci\u00f3n. Su especialidad es la de m\u00fasica.\u00a0Estudia la trompa.<\/p>\n<p><img decoding=\"async\" data-attachment-id=\"28267\" data-permalink=\"https:\/\/www.alqueria.es\/blogs\/alqueriaprimerciclo\/2021\/10\/29\/metaforas-para-el-otono\/dsc05518\/\" data-orig-file=\"https:\/\/cloud.alqueria.es\/wp-content\/uploads\/sites\/6\/2021\/10\/DSC05518.jpg\" data-orig-size=\"640,480\" data-comments-opened=\"1\" data-image-meta=\"{&quot;aperture&quot;:&quot;2.8&quot;,&quot;credit&quot;:&quot;&quot;,&quot;camera&quot;:&quot;DSC-W510&quot;,&quot;caption&quot;:&quot;&quot;,&quot;created_timestamp&quot;:&quot;1635319293&quot;,&quot;copyright&quot;:&quot;Copyright 2009&quot;,&quot;focal_length&quot;:&quot;4.7&quot;,&quot;iso&quot;:&quot;800&quot;,&quot;shutter_speed&quot;:&quot;0.01&quot;,&quot;title&quot;:&quot;&quot;,&quot;orientation&quot;:&quot;1&quot;}\" data-image-title=\"DSC05518\" data-image-description=\"\" data-image-caption=\"\" data-large-file=\"https:\/\/cloud.alqueria.es\/wp-content\/uploads\/sites\/6\/2021\/10\/DSC05518.jpg\" class=\"alignnone size-full wp-image-28267\" src=\"https:\/\/cloud.alqueria.es\/wp-content\/uploads\/sites\/6\/2021\/10\/DSC05518.jpg\" alt=\"\" width=\"640\" height=\"480\" srcset=\"https:\/\/cloud.alqueria.es\/wp-content\/uploads\/sites\/6\/2021\/10\/DSC05518.jpg 640w, https:\/\/cloud.alqueria.es\/wp-content\/uploads\/sites\/6\/2021\/10\/DSC05518-300x225.jpg 300w\" sizes=\"(max-width: 640px) 100vw, 640px\" \/><\/p>\n<p>Durante la sesi\u00f3n de art\u00edstica nos ha interpretado dos melod\u00edas\u00a0 con ese instrumento y a continuaci\u00f3n ha seleccionado una audici\u00f3n de sonatas de Mozart, para amenizar el taller de grabado con las hojas que hab\u00edas secado en la prensa.<\/p>\n<p>Nos va\u00a0 a acompa\u00f1ar hasta enero y deseamos que esta experiencia le sea agradable y provechosa.<\/p>\n<h5>Bingo , juego matem\u00e1tico<\/h5>\n<p>Dentro de los juegos habituales est\u00e1 el bingo, que cumple la funci\u00f3n del reconocimiento de la numeraci\u00f3n hasta el 99.<\/p>\n<p>Formas diversas de participaci\u00f3n seg\u00fan en el momento\u00a0 de aprendizaje de esta numeraci\u00f3n:<\/p>\n<ul>\n<li>En caso que no la dominemos todav\u00eda, se nos ayuda, nombrando las cifras que lo componen.<\/li>\n<li>Si la sabemos, podemos entender cuando se canta de la siguiente forma: 3 decenas m\u00e1s 4 unidades, a lo que respondemos 34.<\/li>\n<li>Otras formas de identificarlos es:\n<ul>\n<li style=\"list-style-type: none\">\n<ul>\n<li>Preguntando el anterior o posterior de ese n\u00famero.<\/li>\n<li>Citando el doble o la mitad.<\/li>\n<li>Describi\u00e9ndolo como el resultado de\u00a0 una\u00a0 suma o una resta de dos n\u00fameros.<\/li>\n<\/ul>\n<\/li>\n<\/ul>\n<\/li>\n<\/ul>\n<p>Es un juego muy familiar que podemos practicar este fin de semana en casa. Promueve la funci\u00f3n ejecutiva de la atenci\u00f3n de una forma muy interesante.<\/p>\n<h5>Bingo adaptado<\/h5>\n<p>Cuando no se conoce toda la numeraci\u00f3n podemos construir un bingo parcial, con los n\u00fameros que dominamos y los que estamos estudiando.<\/p>\n<p>Fabricamos los cartones, con\u00a0 numeraci\u00f3n desordenada. De esta forma les ayudamos a romper la cadena y agudizar la atenci\u00f3n.<\/p>\n<p><img decoding=\"async\" src=\"https:\/\/anagarciaazcarate.files.wordpress.com\/2011\/04\/cartonbingo.jpg\" alt=\"BINGOS | Juegos y matem\u00e1ticas\" \/><\/p>\n<p>Los tapones de la leche pueden contener la numeraci\u00f3n que estamos trabajando.<\/p>\n<p><img decoding=\"async\" src=\"http:\/\/2.bp.blogspot.com\/-IJc5p9dQbb0\/UcCScRTlIcI\/AAAAAAAAEJc\/XQ0E0VeqUlI\/s1600\/015.JPG\" alt=\"B aprende en casa: Jugamos al bingo\" \/><\/p>\n<p>Se guardan en una bolsa y se van sacando uno a uno.<\/p>\n<h5>D\u00eda de todos los Santos<\/h5>\n<p><img decoding=\"async\" src=\"https:\/\/s1.eestatic.com\/2019\/10\/11\/como\/halloween-dia_de_todos_los_santos-frutos_secos_435967729_134934868_1706x960.jpg\" alt=\"C\u00f3mo se celebra el D\u00eda de Todos los Santos en Espa\u00f1a\" \/><\/p>\n<p>En estos d\u00edas recordaremos a los que nos han dejado, de una forma especial, ya que el resto del a\u00f1o no los olvidamos.<\/p>\n<p><img decoding=\"async\" src=\"https:\/\/blog.myheritage.es\/wp-content\/uploads\/sites\/5\/featured\/10215123243332012_11_Panellets-Catalanes.jpg\" alt=\"El D\u00eda de Todos los Santos y sus tradiciones en el mundo - MyHeritage Blog\" \/><\/p>\n<h5>Dec\u00e1logo de la lectura<\/h5>\n<p><img decoding=\"async\" data-attachment-id=\"28261\" data-permalink=\"https:\/\/www.alqueria.es\/blogs\/alqueriaprimerciclo\/2021\/10\/29\/metaforas-para-el-otono\/captura-de-pantalla-2021-10-28-101248\/\" data-orig-file=\"https:\/\/cloud.alqueria.es\/wp-content\/uploads\/sites\/6\/2021\/10\/Captura-de-pantalla-2021-10-28-101248.png\" data-orig-size=\"674,520\" data-comments-opened=\"1\" data-image-meta=\"{&quot;aperture&quot;:&quot;0&quot;,&quot;credit&quot;:&quot;&quot;,&quot;camera&quot;:&quot;&quot;,&quot;caption&quot;:&quot;&quot;,&quot;created_timestamp&quot;:&quot;0&quot;,&quot;copyright&quot;:&quot;&quot;,&quot;focal_length&quot;:&quot;0&quot;,&quot;iso&quot;:&quot;0&quot;,&quot;shutter_speed&quot;:&quot;0&quot;,&quot;title&quot;:&quot;&quot;,&quot;orientation&quot;:&quot;0&quot;}\" data-image-title=\"Captura de pantalla 2021-10-28 101248\" data-image-description=\"\" data-image-caption=\"\" data-large-file=\"https:\/\/cloud.alqueria.es\/wp-content\/uploads\/sites\/6\/2021\/10\/Captura-de-pantalla-2021-10-28-101248.png\" class=\"alignnone size-full wp-image-28261\" src=\"https:\/\/cloud.alqueria.es\/wp-content\/uploads\/sites\/6\/2021\/10\/Captura-de-pantalla-2021-10-28-101248.png\" alt=\"\" width=\"674\" height=\"520\" srcset=\"https:\/\/cloud.alqueria.es\/wp-content\/uploads\/sites\/6\/2021\/10\/Captura-de-pantalla-2021-10-28-101248.png 674w, https:\/\/cloud.alqueria.es\/wp-content\/uploads\/sites\/6\/2021\/10\/Captura-de-pantalla-2021-10-28-101248-300x231.png 300w\" sizes=\"(max-width: 674px) 100vw, 674px\" \/><\/p>\n<p><img decoding=\"async\" class=\"aligncenter\" src=\"https:\/\/scontent-mad1-1.xx.fbcdn.net\/v\/t1.6435-9\/p526x296\/246370796_1937452669749797_4359691399203077610_n.jpg?_nc_cat=1&amp;ccb=1-5&amp;_nc_sid=8bfeb9&amp;_nc_ohc=7dBDAKpuaZcAX-8jqqO&amp;_nc_ht=scontent-mad1-1.xx&amp;oh=19e90bd78bf3909d3044c4df03657698&amp;oe=619E8904\" alt=\"Puede ser una imagen de texto que dice &quot;No hay que encenderlo solo debes levantar la tapa... en vez de pulsar &quot;siguiente&quot; solo debes pasar las paginas y como va sin baterias i\u00a1nunca se apaga!! ijes GENIAL! SE LLAMA &quot;LIBRO&quot;&quot;\" \/><\/p>\n<p>Buen fin de semana, tribu.<\/p>\n<p>Rosi R\u00e0fols<\/p>\n","protected":false},"excerpt":{"rendered":"<p>Taller de escritura : Escribimos met\u00e1foras Con la ayuda Luis G\u00aa Montero, pues consultamos en\u00a0 Lecciones de poes\u00eda para ni\u00f1os inquietos , el cap\u00edtulo, \u00abYa sabemos mirar.\u00bb\u00a0 \u00a0Editorial Comares, Granada 2000. ( p\u00e1g. 33). \u00a1Y qui\u00e9n mejor que un poeta, como \u00e9l, que se preocupa de que a las personas m\u00e1s peque\u00f1as nos guste la &hellip; <a href=\"https:\/\/www.alqueria.es\/blogs\/alqueriaprimerciclo\/2021\/10\/29\/metaforas-para-el-otono\/\" class=\"more-link\">Seguir leyendo <span class=\"screen-reader-text\">Met\u00e1foras para el oto\u00f1o<\/span> <span class=\"meta-nav\">&rarr;<\/span><\/a><\/p>\n","protected":false},"author":12,"featured_media":0,"comment_status":"open","ping_status":"open","sticky":false,"template":"","format":"standard","meta":{"jetpack_post_was_ever_published":false,"_jetpack_newsletter_access":"","_jetpack_dont_email_post_to_subs":false,"_jetpack_newsletter_tier_id":0,"_jetpack_memberships_contains_paywalled_content":false,"_jetpack_memberships_contains_paid_content":false,"footnotes":"","jetpack_publicize_message":"","jetpack_publicize_feature_enabled":true,"jetpack_social_post_already_shared":true,"jetpack_social_options":{"image_generator_settings":{"template":"highway","default_image_id":0,"font":"","enabled":false},"version":2}},"categories":[3,174,9,117,11,13,15],"tags":[32,147,37,109,53,113,112,60],"class_list":["post-28213","post","type-post","status-publish","format-standard","hentry","category-2o-epo","category-conferencias","category-diario-de-clase-2o","category-etica","category-juega-y-aprende","category-lecto-escritura-2o","category-matematicas-2o","tag-alqueria","tag-aprendemos-de-otra-manera","tag-conferencias","tag-huerto","tag-las-plantas","tag-lectura","tag-matematicas","tag-primaria"],"jetpack_publicize_connections":[],"jetpack_featured_media_url":"","jetpack_sharing_enabled":true,"jetpack_shortlink":"https:\/\/wp.me\/p4lvS0-7l3","_links":{"self":[{"href":"https:\/\/www.alqueria.es\/blogs\/alqueriaprimerciclo\/wp-json\/wp\/v2\/posts\/28213","targetHints":{"allow":["GET"]}}],"collection":[{"href":"https:\/\/www.alqueria.es\/blogs\/alqueriaprimerciclo\/wp-json\/wp\/v2\/posts"}],"about":[{"href":"https:\/\/www.alqueria.es\/blogs\/alqueriaprimerciclo\/wp-json\/wp\/v2\/types\/post"}],"author":[{"embeddable":true,"href":"https:\/\/www.alqueria.es\/blogs\/alqueriaprimerciclo\/wp-json\/wp\/v2\/users\/12"}],"replies":[{"embeddable":true,"href":"https:\/\/www.alqueria.es\/blogs\/alqueriaprimerciclo\/wp-json\/wp\/v2\/comments?post=28213"}],"version-history":[{"count":33,"href":"https:\/\/www.alqueria.es\/blogs\/alqueriaprimerciclo\/wp-json\/wp\/v2\/posts\/28213\/revisions"}],"predecessor-version":[{"id":28284,"href":"https:\/\/www.alqueria.es\/blogs\/alqueriaprimerciclo\/wp-json\/wp\/v2\/posts\/28213\/revisions\/28284"}],"wp:attachment":[{"href":"https:\/\/www.alqueria.es\/blogs\/alqueriaprimerciclo\/wp-json\/wp\/v2\/media?parent=28213"}],"wp:term":[{"taxonomy":"category","embeddable":true,"href":"https:\/\/www.alqueria.es\/blogs\/alqueriaprimerciclo\/wp-json\/wp\/v2\/categories?post=28213"},{"taxonomy":"post_tag","embeddable":true,"href":"https:\/\/www.alqueria.es\/blogs\/alqueriaprimerciclo\/wp-json\/wp\/v2\/tags?post=28213"}],"curies":[{"name":"wp","href":"https:\/\/api.w.org\/{rel}","templated":true}]}}