{"id":28223,"date":"2021-11-01T15:18:40","date_gmt":"2021-11-01T14:18:40","guid":{"rendered":"https:\/\/www.alqueria.es\/blogs\/alqueriaprimerciclo\/?p=28223"},"modified":"2021-11-01T15:18:40","modified_gmt":"2021-11-01T14:18:40","slug":"literatura-para-el-otono","status":"publish","type":"post","link":"https:\/\/www.alqueria.es\/blogs\/alqueriaprimerciclo\/2021\/11\/01\/literatura-para-el-otono\/","title":{"rendered":"Literatura para el oto\u00f1o"},"content":{"rendered":"<p><span style=\"color: #800000\"><strong>Literatura para el oto\u00f1o<\/strong><\/span><\/p>\n<p><img decoding=\"async\" data-attachment-id=\"28314\" data-permalink=\"https:\/\/www.alqueria.es\/blogs\/alqueriaprimerciclo\/2021\/11\/01\/literatura-para-el-otono\/attachment\/1635772916345\/\" data-orig-file=\"https:\/\/cloud.alqueria.es\/wp-content\/uploads\/sites\/6\/2021\/11\/1635772916345.jpg\" data-orig-size=\"813,598\" data-comments-opened=\"1\" data-image-meta=\"{&quot;aperture&quot;:&quot;0&quot;,&quot;credit&quot;:&quot;&quot;,&quot;camera&quot;:&quot;&quot;,&quot;caption&quot;:&quot;&quot;,&quot;created_timestamp&quot;:&quot;0&quot;,&quot;copyright&quot;:&quot;&quot;,&quot;focal_length&quot;:&quot;0&quot;,&quot;iso&quot;:&quot;0&quot;,&quot;shutter_speed&quot;:&quot;0&quot;,&quot;title&quot;:&quot;&quot;,&quot;orientation&quot;:&quot;1&quot;}\" data-image-title=\"1635772916345\" data-image-description=\"\" data-image-caption=\"\" data-large-file=\"https:\/\/cloud.alqueria.es\/wp-content\/uploads\/sites\/6\/2021\/11\/1635772916345.jpg\" class=\"alignnone size-medium wp-image-28314\" src=\"https:\/\/cloud.alqueria.es\/wp-content\/uploads\/sites\/6\/2021\/11\/1635772916345-300x221.jpg\" alt=\"\" width=\"300\" height=\"221\" srcset=\"https:\/\/cloud.alqueria.es\/wp-content\/uploads\/sites\/6\/2021\/11\/1635772916345-300x221.jpg 300w, https:\/\/cloud.alqueria.es\/wp-content\/uploads\/sites\/6\/2021\/11\/1635772916345-768x565.jpg 768w, https:\/\/cloud.alqueria.es\/wp-content\/uploads\/sites\/6\/2021\/11\/1635772916345.jpg 813w\" sizes=\"(max-width: 300px) 100vw, 300px\" \/><\/p>\n<p><span style=\"color: #800000\"><strong>La literatura\u00a0 \u00a0<\/strong><span style=\"color: #000000\">elegida por el grupo es de creaci\u00f3n popular , de Federico G. Lorca de Gloria Fuertes y en algunos casos de creaci\u00f3n propia.<\/span><\/span><\/p>\n<p>Estos d\u00edas jugamos con las palabras escribiendo en distintos soportes, con diferentes materiales, que nos hacen reflexionar a cerca de la importancia de escribir y tambi\u00e9n poder leer.<\/p>\n<p><img decoding=\"async\" data-attachment-id=\"28315\" data-permalink=\"https:\/\/www.alqueria.es\/blogs\/alqueriaprimerciclo\/2021\/11\/01\/literatura-para-el-otono\/p11027-164312\/\" data-orig-file=\"https:\/\/cloud.alqueria.es\/wp-content\/uploads\/sites\/6\/2021\/11\/P11027-164312.jpg\" data-orig-size=\"1560,2080\" data-comments-opened=\"1\" data-image-meta=\"{&quot;aperture&quot;:&quot;0&quot;,&quot;credit&quot;:&quot;&quot;,&quot;camera&quot;:&quot;MEIZU_M5&quot;,&quot;caption&quot;:&quot;&quot;,&quot;created_timestamp&quot;:&quot;0&quot;,&quot;copyright&quot;:&quot;&quot;,&quot;focal_length&quot;:&quot;3.5&quot;,&quot;iso&quot;:&quot;0&quot;,&quot;shutter_speed&quot;:&quot;0.0099&quot;,&quot;title&quot;:&quot;&quot;,&quot;orientation&quot;:&quot;0&quot;}\" data-image-title=\"P11027-164312\" data-image-description=\"\" data-image-caption=\"\" data-large-file=\"https:\/\/cloud.alqueria.es\/wp-content\/uploads\/sites\/6\/2021\/11\/P11027-164312-768x1024.jpg\" class=\"alignnone size-medium wp-image-28315\" src=\"https:\/\/cloud.alqueria.es\/wp-content\/uploads\/sites\/6\/2021\/11\/P11027-164312-225x300.jpg\" alt=\"\" width=\"225\" height=\"300\" srcset=\"https:\/\/cloud.alqueria.es\/wp-content\/uploads\/sites\/6\/2021\/11\/P11027-164312-225x300.jpg 225w, https:\/\/cloud.alqueria.es\/wp-content\/uploads\/sites\/6\/2021\/11\/P11027-164312-768x1024.jpg 768w, https:\/\/cloud.alqueria.es\/wp-content\/uploads\/sites\/6\/2021\/11\/P11027-164312-1152x1536.jpg 1152w, https:\/\/cloud.alqueria.es\/wp-content\/uploads\/sites\/6\/2021\/11\/P11027-164312-1536x2048.jpg 1536w, https:\/\/cloud.alqueria.es\/wp-content\/uploads\/sites\/6\/2021\/11\/P11027-164312.jpg 1560w\" sizes=\"(max-width: 225px) 100vw, 225px\" \/> <img decoding=\"async\" data-attachment-id=\"28316\" data-permalink=\"https:\/\/www.alqueria.es\/blogs\/alqueriaprimerciclo\/2021\/11\/01\/literatura-para-el-otono\/p11027-164319\/\" data-orig-file=\"https:\/\/cloud.alqueria.es\/wp-content\/uploads\/sites\/6\/2021\/11\/P11027-164319.jpg\" data-orig-size=\"1560,2080\" data-comments-opened=\"1\" data-image-meta=\"{&quot;aperture&quot;:&quot;0&quot;,&quot;credit&quot;:&quot;&quot;,&quot;camera&quot;:&quot;MEIZU_M5&quot;,&quot;caption&quot;:&quot;&quot;,&quot;created_timestamp&quot;:&quot;0&quot;,&quot;copyright&quot;:&quot;&quot;,&quot;focal_length&quot;:&quot;3.5&quot;,&quot;iso&quot;:&quot;0&quot;,&quot;shutter_speed&quot;:&quot;0.0099&quot;,&quot;title&quot;:&quot;&quot;,&quot;orientation&quot;:&quot;0&quot;}\" data-image-title=\"P11027-164319\" data-image-description=\"\" data-image-caption=\"\" data-large-file=\"https:\/\/cloud.alqueria.es\/wp-content\/uploads\/sites\/6\/2021\/11\/P11027-164319-768x1024.jpg\" class=\"alignnone size-medium wp-image-28316\" src=\"https:\/\/cloud.alqueria.es\/wp-content\/uploads\/sites\/6\/2021\/11\/P11027-164319-225x300.jpg\" alt=\"\" width=\"225\" height=\"300\" srcset=\"https:\/\/cloud.alqueria.es\/wp-content\/uploads\/sites\/6\/2021\/11\/P11027-164319-225x300.jpg 225w, https:\/\/cloud.alqueria.es\/wp-content\/uploads\/sites\/6\/2021\/11\/P11027-164319-768x1024.jpg 768w, https:\/\/cloud.alqueria.es\/wp-content\/uploads\/sites\/6\/2021\/11\/P11027-164319-1152x1536.jpg 1152w, https:\/\/cloud.alqueria.es\/wp-content\/uploads\/sites\/6\/2021\/11\/P11027-164319-1536x2048.jpg 1536w, https:\/\/cloud.alqueria.es\/wp-content\/uploads\/sites\/6\/2021\/11\/P11027-164319.jpg 1560w\" sizes=\"(max-width: 225px) 100vw, 225px\" \/><\/p>\n<p><img decoding=\"async\" data-attachment-id=\"28308\" data-permalink=\"https:\/\/www.alqueria.es\/blogs\/alqueriaprimerciclo\/2021\/11\/01\/literatura-para-el-otono\/p11029-1015441\/\" data-orig-file=\"https:\/\/cloud.alqueria.es\/wp-content\/uploads\/sites\/6\/2021\/11\/P11029-1015441.jpg\" data-orig-size=\"1384,2032\" data-comments-opened=\"1\" data-image-meta=\"{&quot;aperture&quot;:&quot;0&quot;,&quot;credit&quot;:&quot;&quot;,&quot;camera&quot;:&quot;MEIZU_M5&quot;,&quot;caption&quot;:&quot;&quot;,&quot;created_timestamp&quot;:&quot;0&quot;,&quot;copyright&quot;:&quot;&quot;,&quot;focal_length&quot;:&quot;3.5&quot;,&quot;iso&quot;:&quot;0&quot;,&quot;shutter_speed&quot;:&quot;0.0299&quot;,&quot;title&quot;:&quot;&quot;,&quot;orientation&quot;:&quot;1&quot;}\" data-image-title=\"P11029-101544(1)\" data-image-description=\"\" data-image-caption=\"\" data-large-file=\"https:\/\/cloud.alqueria.es\/wp-content\/uploads\/sites\/6\/2021\/11\/P11029-1015441-697x1024.jpg\" class=\"size-medium wp-image-28308 alignright\" src=\"https:\/\/cloud.alqueria.es\/wp-content\/uploads\/sites\/6\/2021\/11\/P11029-1015441-204x300.jpg\" alt=\"\" width=\"204\" height=\"300\" srcset=\"https:\/\/cloud.alqueria.es\/wp-content\/uploads\/sites\/6\/2021\/11\/P11029-1015441-204x300.jpg 204w, https:\/\/cloud.alqueria.es\/wp-content\/uploads\/sites\/6\/2021\/11\/P11029-1015441-697x1024.jpg 697w, https:\/\/cloud.alqueria.es\/wp-content\/uploads\/sites\/6\/2021\/11\/P11029-1015441-768x1128.jpg 768w, https:\/\/cloud.alqueria.es\/wp-content\/uploads\/sites\/6\/2021\/11\/P11029-1015441-1046x1536.jpg 1046w, https:\/\/cloud.alqueria.es\/wp-content\/uploads\/sites\/6\/2021\/11\/P11029-1015441.jpg 1384w\" sizes=\"(max-width: 204px) 100vw, 204px\" \/> <img decoding=\"async\" data-attachment-id=\"28311\" data-permalink=\"https:\/\/www.alqueria.es\/blogs\/alqueriaprimerciclo\/2021\/11\/01\/literatura-para-el-otono\/p11029-1016161\/\" data-orig-file=\"https:\/\/cloud.alqueria.es\/wp-content\/uploads\/sites\/6\/2021\/11\/P11029-1016161.jpg\" data-orig-size=\"1456,1872\" data-comments-opened=\"1\" data-image-meta=\"{&quot;aperture&quot;:&quot;0&quot;,&quot;credit&quot;:&quot;&quot;,&quot;camera&quot;:&quot;MEIZU_M5&quot;,&quot;caption&quot;:&quot;&quot;,&quot;created_timestamp&quot;:&quot;0&quot;,&quot;copyright&quot;:&quot;&quot;,&quot;focal_length&quot;:&quot;3.5&quot;,&quot;iso&quot;:&quot;0&quot;,&quot;shutter_speed&quot;:&quot;0.0299&quot;,&quot;title&quot;:&quot;&quot;,&quot;orientation&quot;:&quot;0&quot;}\" data-image-title=\"P11029-101616(1)\" data-image-description=\"\" data-image-caption=\"\" data-large-file=\"https:\/\/cloud.alqueria.es\/wp-content\/uploads\/sites\/6\/2021\/11\/P11029-1016161-796x1024.jpg\" class=\"size-medium wp-image-28311 alignleft\" src=\"https:\/\/cloud.alqueria.es\/wp-content\/uploads\/sites\/6\/2021\/11\/P11029-1016161-233x300.jpg\" alt=\"\" width=\"233\" height=\"300\" srcset=\"https:\/\/cloud.alqueria.es\/wp-content\/uploads\/sites\/6\/2021\/11\/P11029-1016161-233x300.jpg 233w, https:\/\/cloud.alqueria.es\/wp-content\/uploads\/sites\/6\/2021\/11\/P11029-1016161-796x1024.jpg 796w, https:\/\/cloud.alqueria.es\/wp-content\/uploads\/sites\/6\/2021\/11\/P11029-1016161-768x987.jpg 768w, https:\/\/cloud.alqueria.es\/wp-content\/uploads\/sites\/6\/2021\/11\/P11029-1016161-1195x1536.jpg 1195w, https:\/\/cloud.alqueria.es\/wp-content\/uploads\/sites\/6\/2021\/11\/P11029-1016161.jpg 1456w\" sizes=\"(max-width: 233px) 100vw, 233px\" \/> <img decoding=\"async\" data-attachment-id=\"28307\" data-permalink=\"https:\/\/www.alqueria.es\/blogs\/alqueriaprimerciclo\/2021\/11\/01\/literatura-para-el-otono\/p11029-1015371\/\" data-orig-file=\"https:\/\/cloud.alqueria.es\/wp-content\/uploads\/sites\/6\/2021\/11\/P11029-1015371.jpg\" data-orig-size=\"1420,1876\" data-comments-opened=\"1\" data-image-meta=\"{&quot;aperture&quot;:&quot;0&quot;,&quot;credit&quot;:&quot;&quot;,&quot;camera&quot;:&quot;MEIZU_M5&quot;,&quot;caption&quot;:&quot;&quot;,&quot;created_timestamp&quot;:&quot;0&quot;,&quot;copyright&quot;:&quot;&quot;,&quot;focal_length&quot;:&quot;3.5&quot;,&quot;iso&quot;:&quot;0&quot;,&quot;shutter_speed&quot;:&quot;0.0299&quot;,&quot;title&quot;:&quot;&quot;,&quot;orientation&quot;:&quot;1&quot;}\" data-image-title=\"P11029-101537(1)\" data-image-description=\"\" data-image-caption=\"\" data-large-file=\"https:\/\/cloud.alqueria.es\/wp-content\/uploads\/sites\/6\/2021\/11\/P11029-1015371-775x1024.jpg\" class=\"size-medium wp-image-28307 aligncenter\" src=\"https:\/\/cloud.alqueria.es\/wp-content\/uploads\/sites\/6\/2021\/11\/P11029-1015371-227x300.jpg\" alt=\"\" width=\"227\" height=\"300\" srcset=\"https:\/\/cloud.alqueria.es\/wp-content\/uploads\/sites\/6\/2021\/11\/P11029-1015371-227x300.jpg 227w, https:\/\/cloud.alqueria.es\/wp-content\/uploads\/sites\/6\/2021\/11\/P11029-1015371-775x1024.jpg 775w, https:\/\/cloud.alqueria.es\/wp-content\/uploads\/sites\/6\/2021\/11\/P11029-1015371-768x1015.jpg 768w, https:\/\/cloud.alqueria.es\/wp-content\/uploads\/sites\/6\/2021\/11\/P11029-1015371-1163x1536.jpg 1163w, https:\/\/cloud.alqueria.es\/wp-content\/uploads\/sites\/6\/2021\/11\/P11029-1015371.jpg 1420w\" sizes=\"(max-width: 227px) 100vw, 227px\" \/><img decoding=\"async\" data-attachment-id=\"28306\" data-permalink=\"https:\/\/www.alqueria.es\/blogs\/alqueriaprimerciclo\/2021\/11\/01\/literatura-para-el-otono\/p11029-1015221\/\" data-orig-file=\"https:\/\/cloud.alqueria.es\/wp-content\/uploads\/sites\/6\/2021\/11\/P11029-1015221.jpg\" data-orig-size=\"1348,1900\" data-comments-opened=\"1\" data-image-meta=\"{&quot;aperture&quot;:&quot;0&quot;,&quot;credit&quot;:&quot;&quot;,&quot;camera&quot;:&quot;MEIZU_M5&quot;,&quot;caption&quot;:&quot;&quot;,&quot;created_timestamp&quot;:&quot;0&quot;,&quot;copyright&quot;:&quot;&quot;,&quot;focal_length&quot;:&quot;3.5&quot;,&quot;iso&quot;:&quot;0&quot;,&quot;shutter_speed&quot;:&quot;0.0299&quot;,&quot;title&quot;:&quot;&quot;,&quot;orientation&quot;:&quot;1&quot;}\" data-image-title=\"P11029-101522(1)\" data-image-description=\"\" data-image-caption=\"\" data-large-file=\"https:\/\/cloud.alqueria.es\/wp-content\/uploads\/sites\/6\/2021\/11\/P11029-1015221-727x1024.jpg\" class=\"size-medium wp-image-28306 alignright\" src=\"https:\/\/cloud.alqueria.es\/wp-content\/uploads\/sites\/6\/2021\/11\/P11029-1015221-213x300.jpg\" alt=\"\" width=\"213\" height=\"300\" srcset=\"https:\/\/cloud.alqueria.es\/wp-content\/uploads\/sites\/6\/2021\/11\/P11029-1015221-213x300.jpg 213w, https:\/\/cloud.alqueria.es\/wp-content\/uploads\/sites\/6\/2021\/11\/P11029-1015221-727x1024.jpg 727w, https:\/\/cloud.alqueria.es\/wp-content\/uploads\/sites\/6\/2021\/11\/P11029-1015221-768x1082.jpg 768w, https:\/\/cloud.alqueria.es\/wp-content\/uploads\/sites\/6\/2021\/11\/P11029-1015221-1090x1536.jpg 1090w, https:\/\/cloud.alqueria.es\/wp-content\/uploads\/sites\/6\/2021\/11\/P11029-1015221.jpg 1348w\" sizes=\"(max-width: 213px) 100vw, 213px\" \/><\/p>\n<p><strong><span style=\"color: #800000\">Las adivinanzas<\/span><\/strong> se llenan de\u00a0 frutos t\u00edpicos\u00a0 como casta\u00f1as , nueces, naranjas y animales del bosque o el campo en este ambiente\u00a0 por fin oto\u00f1al, c\u00f3mo las ardillas recolectando frutos . Los \u00e1rboles desnud\u00e1ndose, sus\u00a0 hojas arrastradas por el viento&#8230;<\/p>\n<p><img decoding=\"async\" data-attachment-id=\"28313\" data-permalink=\"https:\/\/www.alqueria.es\/blogs\/alqueriaprimerciclo\/2021\/11\/01\/literatura-para-el-otono\/p11029-1015481\/\" data-orig-file=\"https:\/\/cloud.alqueria.es\/wp-content\/uploads\/sites\/6\/2021\/11\/P11029-1015481.jpg\" data-orig-size=\"1400,1940\" data-comments-opened=\"1\" data-image-meta=\"{&quot;aperture&quot;:&quot;0&quot;,&quot;credit&quot;:&quot;&quot;,&quot;camera&quot;:&quot;MEIZU_M5&quot;,&quot;caption&quot;:&quot;&quot;,&quot;created_timestamp&quot;:&quot;0&quot;,&quot;copyright&quot;:&quot;&quot;,&quot;focal_length&quot;:&quot;3.5&quot;,&quot;iso&quot;:&quot;0&quot;,&quot;shutter_speed&quot;:&quot;0.0299&quot;,&quot;title&quot;:&quot;&quot;,&quot;orientation&quot;:&quot;0&quot;}\" data-image-title=\"P11029-101548(1)\" data-image-description=\"\" data-image-caption=\"\" data-large-file=\"https:\/\/cloud.alqueria.es\/wp-content\/uploads\/sites\/6\/2021\/11\/P11029-1015481-739x1024.jpg\" class=\"alignnone size-medium wp-image-28313\" src=\"https:\/\/cloud.alqueria.es\/wp-content\/uploads\/sites\/6\/2021\/11\/P11029-1015481-216x300.jpg\" alt=\"\" width=\"216\" height=\"300\" srcset=\"https:\/\/cloud.alqueria.es\/wp-content\/uploads\/sites\/6\/2021\/11\/P11029-1015481-216x300.jpg 216w, https:\/\/cloud.alqueria.es\/wp-content\/uploads\/sites\/6\/2021\/11\/P11029-1015481-739x1024.jpg 739w, https:\/\/cloud.alqueria.es\/wp-content\/uploads\/sites\/6\/2021\/11\/P11029-1015481-768x1064.jpg 768w, https:\/\/cloud.alqueria.es\/wp-content\/uploads\/sites\/6\/2021\/11\/P11029-1015481-1108x1536.jpg 1108w, https:\/\/cloud.alqueria.es\/wp-content\/uploads\/sites\/6\/2021\/11\/P11029-1015481.jpg 1400w\" sizes=\"(max-width: 216px) 100vw, 216px\" \/><img decoding=\"async\" data-attachment-id=\"28309\" data-permalink=\"https:\/\/www.alqueria.es\/blogs\/alqueriaprimerciclo\/2021\/11\/01\/literatura-para-el-otono\/p11029-162831\/\" data-orig-file=\"https:\/\/cloud.alqueria.es\/wp-content\/uploads\/sites\/6\/2021\/11\/P11029-162831.jpg\" data-orig-size=\"780,1040\" data-comments-opened=\"1\" data-image-meta=\"{&quot;aperture&quot;:&quot;0&quot;,&quot;credit&quot;:&quot;&quot;,&quot;camera&quot;:&quot;MEIZU_M5&quot;,&quot;caption&quot;:&quot;&quot;,&quot;created_timestamp&quot;:&quot;0&quot;,&quot;copyright&quot;:&quot;&quot;,&quot;focal_length&quot;:&quot;3.5&quot;,&quot;iso&quot;:&quot;0&quot;,&quot;shutter_speed&quot;:&quot;0.0299&quot;,&quot;title&quot;:&quot;&quot;,&quot;orientation&quot;:&quot;0&quot;}\" data-image-title=\"P11029-162831\" data-image-description=\"\" data-image-caption=\"\" data-large-file=\"https:\/\/cloud.alqueria.es\/wp-content\/uploads\/sites\/6\/2021\/11\/P11029-162831-768x1024.jpg\" class=\"alignnone size-medium wp-image-28309\" src=\"https:\/\/cloud.alqueria.es\/wp-content\/uploads\/sites\/6\/2021\/11\/P11029-162831-225x300.jpg\" alt=\"\" width=\"225\" height=\"300\" srcset=\"https:\/\/cloud.alqueria.es\/wp-content\/uploads\/sites\/6\/2021\/11\/P11029-162831-225x300.jpg 225w, https:\/\/cloud.alqueria.es\/wp-content\/uploads\/sites\/6\/2021\/11\/P11029-162831-768x1024.jpg 768w, https:\/\/cloud.alqueria.es\/wp-content\/uploads\/sites\/6\/2021\/11\/P11029-162831.jpg 780w\" sizes=\"(max-width: 225px) 100vw, 225px\" \/><img decoding=\"async\" data-attachment-id=\"28312\" data-permalink=\"https:\/\/www.alqueria.es\/blogs\/alqueriaprimerciclo\/2021\/11\/01\/literatura-para-el-otono\/p11029-1015521\/\" data-orig-file=\"https:\/\/cloud.alqueria.es\/wp-content\/uploads\/sites\/6\/2021\/11\/P11029-1015521.jpg\" data-orig-size=\"1376,1976\" data-comments-opened=\"1\" data-image-meta=\"{&quot;aperture&quot;:&quot;0&quot;,&quot;credit&quot;:&quot;&quot;,&quot;camera&quot;:&quot;MEIZU_M5&quot;,&quot;caption&quot;:&quot;&quot;,&quot;created_timestamp&quot;:&quot;0&quot;,&quot;copyright&quot;:&quot;&quot;,&quot;focal_length&quot;:&quot;3.5&quot;,&quot;iso&quot;:&quot;0&quot;,&quot;shutter_speed&quot;:&quot;0.0299&quot;,&quot;title&quot;:&quot;&quot;,&quot;orientation&quot;:&quot;0&quot;}\" data-image-title=\"P11029-101552(1)\" data-image-description=\"\" data-image-caption=\"\" data-large-file=\"https:\/\/cloud.alqueria.es\/wp-content\/uploads\/sites\/6\/2021\/11\/P11029-1015521-713x1024.jpg\" class=\"size-medium wp-image-28312 alignright\" src=\"https:\/\/cloud.alqueria.es\/wp-content\/uploads\/sites\/6\/2021\/11\/P11029-1015521-209x300.jpg\" alt=\"\" width=\"209\" height=\"300\" srcset=\"https:\/\/cloud.alqueria.es\/wp-content\/uploads\/sites\/6\/2021\/11\/P11029-1015521-209x300.jpg 209w, https:\/\/cloud.alqueria.es\/wp-content\/uploads\/sites\/6\/2021\/11\/P11029-1015521-713x1024.jpg 713w, https:\/\/cloud.alqueria.es\/wp-content\/uploads\/sites\/6\/2021\/11\/P11029-1015521-768x1103.jpg 768w, https:\/\/cloud.alqueria.es\/wp-content\/uploads\/sites\/6\/2021\/11\/P11029-1015521-1070x1536.jpg 1070w, https:\/\/cloud.alqueria.es\/wp-content\/uploads\/sites\/6\/2021\/11\/P11029-1015521.jpg 1376w\" sizes=\"(max-width: 209px) 100vw, 209px\" \/><img decoding=\"async\" data-attachment-id=\"28310\" data-permalink=\"https:\/\/www.alqueria.es\/blogs\/alqueriaprimerciclo\/2021\/11\/01\/literatura-para-el-otono\/p11029-1628391\/\" data-orig-file=\"https:\/\/cloud.alqueria.es\/wp-content\/uploads\/sites\/6\/2021\/11\/P11029-1628391.jpg\" data-orig-size=\"1880,1320\" data-comments-opened=\"1\" data-image-meta=\"{&quot;aperture&quot;:&quot;0&quot;,&quot;credit&quot;:&quot;&quot;,&quot;camera&quot;:&quot;MEIZU_M5&quot;,&quot;caption&quot;:&quot;&quot;,&quot;created_timestamp&quot;:&quot;0&quot;,&quot;copyright&quot;:&quot;&quot;,&quot;focal_length&quot;:&quot;3.5&quot;,&quot;iso&quot;:&quot;0&quot;,&quot;shutter_speed&quot;:&quot;0.0299&quot;,&quot;title&quot;:&quot;&quot;,&quot;orientation&quot;:&quot;0&quot;}\" data-image-title=\"P11029-162839(1)\" data-image-description=\"\" data-image-caption=\"\" data-large-file=\"https:\/\/cloud.alqueria.es\/wp-content\/uploads\/sites\/6\/2021\/11\/P11029-1628391-1024x719.jpg\" class=\"size-medium wp-image-28310 alignleft\" src=\"https:\/\/cloud.alqueria.es\/wp-content\/uploads\/sites\/6\/2021\/11\/P11029-1628391-300x211.jpg\" alt=\"\" width=\"300\" height=\"211\" srcset=\"https:\/\/cloud.alqueria.es\/wp-content\/uploads\/sites\/6\/2021\/11\/P11029-1628391-300x211.jpg 300w, https:\/\/cloud.alqueria.es\/wp-content\/uploads\/sites\/6\/2021\/11\/P11029-1628391-1024x719.jpg 1024w, https:\/\/cloud.alqueria.es\/wp-content\/uploads\/sites\/6\/2021\/11\/P11029-1628391-768x539.jpg 768w, https:\/\/cloud.alqueria.es\/wp-content\/uploads\/sites\/6\/2021\/11\/P11029-1628391-1536x1078.jpg 1536w, https:\/\/cloud.alqueria.es\/wp-content\/uploads\/sites\/6\/2021\/11\/P11029-1628391.jpg 1880w\" sizes=\"(max-width: 300px) 100vw, 300px\" \/><\/p>\n<p><strong><span style=\"color: #800000\">Las poes\u00edas<\/span><\/strong> nos describen paisajes de colores que transforma el oto\u00f1o , con la ca\u00edda de hojas por tener\u00a0 menos horas de luz y calentar menos del sol.<\/p>\n<p><span style=\"color: #008000\"><strong>Conferencias<\/strong><\/span><\/p>\n<p>Los animales que nos acompa\u00f1an en nuestro entorno\u00a0 ocupan la tem\u00e1tica de las conferencias de estos d\u00edas.<\/p>\n<p><span style=\"color: #800000\"><strong><em>CONFERENCIA sobre SERPIENTES<\/em><\/strong><\/span>\u00a0 por\u00a0 \u00a0 \u00a0 \u00a0 \u00a0 \u00a0 \u00a0 \u00a0 \u00a0 \u00a0 \u00a0 \u00a0<span style=\"color: #ff6600\">\u00a0\u00a0MATEO Alcalde<\/span><\/p>\n<p>Nos ha explicado con gran maestr\u00eda el mundo de este fant\u00e1stico reptil que tantos interrogantes despierta.<\/p>\n<p><img decoding=\"async\" data-attachment-id=\"28293\" data-permalink=\"https:\/\/www.alqueria.es\/blogs\/alqueriaprimerciclo\/2021\/11\/01\/literatura-para-el-otono\/p11026-092913\/\" data-orig-file=\"https:\/\/cloud.alqueria.es\/wp-content\/uploads\/sites\/6\/2021\/11\/P11026-092913.jpg\" data-orig-size=\"2080,1560\" data-comments-opened=\"1\" data-image-meta=\"{&quot;aperture&quot;:&quot;0&quot;,&quot;credit&quot;:&quot;&quot;,&quot;camera&quot;:&quot;MEIZU_M5&quot;,&quot;caption&quot;:&quot;&quot;,&quot;created_timestamp&quot;:&quot;0&quot;,&quot;copyright&quot;:&quot;&quot;,&quot;focal_length&quot;:&quot;3.5&quot;,&quot;iso&quot;:&quot;0&quot;,&quot;shutter_speed&quot;:&quot;0.0299&quot;,&quot;title&quot;:&quot;&quot;,&quot;orientation&quot;:&quot;0&quot;}\" data-image-title=\"P11026-092913\" data-image-description=\"\" data-image-caption=\"\" data-large-file=\"https:\/\/cloud.alqueria.es\/wp-content\/uploads\/sites\/6\/2021\/11\/P11026-092913-1024x768.jpg\" class=\"alignnone size-full wp-image-28293\" src=\"https:\/\/cloud.alqueria.es\/wp-content\/uploads\/sites\/6\/2021\/11\/P11026-092913.jpg\" alt=\"\" width=\"2080\" height=\"1560\" srcset=\"https:\/\/cloud.alqueria.es\/wp-content\/uploads\/sites\/6\/2021\/11\/P11026-092913.jpg 2080w, https:\/\/cloud.alqueria.es\/wp-content\/uploads\/sites\/6\/2021\/11\/P11026-092913-300x225.jpg 300w, https:\/\/cloud.alqueria.es\/wp-content\/uploads\/sites\/6\/2021\/11\/P11026-092913-1024x768.jpg 1024w, https:\/\/cloud.alqueria.es\/wp-content\/uploads\/sites\/6\/2021\/11\/P11026-092913-768x576.jpg 768w, https:\/\/cloud.alqueria.es\/wp-content\/uploads\/sites\/6\/2021\/11\/P11026-092913-1536x1152.jpg 1536w, https:\/\/cloud.alqueria.es\/wp-content\/uploads\/sites\/6\/2021\/11\/P11026-092913-2048x1536.jpg 2048w\" sizes=\"(max-width: 2080px) 100vw, 2080px\" \/><\/p>\n<p>Hemos aprendido que:<\/p>\n<p>Es un animal vertebrado, porque tiene columna vertebral, y pertenece al grupo de los reptiles. Su cuerpo es alargado, no tiene patas y se arrastran. Su nariz son dos peque\u00f1os agujeritos y solo le sirve para respirar. Sus ojos ven regular y no tienen parpados.<\/p>\n<p>Las v\u00edboras tienen debajo de la nariz dos agujeritos por los que pueden detectar el calor de sus presas.<\/p>\n<p>No oyen bien. Su lengua es b\u00edfida (partida en dos) y le sirve para oler.<\/p>\n<p>Sus mand\u00edbulas son muy flexibles (se hacen muy grandes para poder comer presas grandes). La mand\u00edbula es el hueso de la boca. La mand\u00edbula \u00a0inferior esta partida en dos para poder abrirse. No pueden masticar y se tragan las presas enteras.<\/p>\n<p>Todas tienen dientes y algunas tienen colmillos largos que les sirven para inyectar veneno. Algunas son venenosas y otras son constrictoras; las constrictoras agarran a su presa enroll\u00e1ndose sobre ella y la aprietan con los m\u00fasculos de su cuerpo hasta que se queda sin aire y se la traga.<\/p>\n<p>Su piel est\u00e1 recubierta de escamas, es muy el\u00e1stica.<\/p>\n<p>Son animales de sangre fr\u00eda y necesitan el calor para activarse.<\/p>\n<p>Son depredadores y comen insectos, ratones, conejos, p\u00e1jaros, ranas, murci\u00e9lagos, serpientes, peces y huevos.<\/p>\n<p>Viven en sitios donde hace calor como en \u00c1frica, desiertos, jungla, monta\u00f1as, bosques, cuevas, etc.<\/p>\n<p>No les gustan los sitios donde hace frio. Cuando llega el invierno buscan un sitio para refugiarse hasta que vuelve el calor.<\/p>\n<p>Unas se mueven por los \u00e1rboles, otras se arrastran por el suelo y otras nadan por el agua.<\/p>\n<ul>\n<li>\u00bfC\u00f3mo se reproducen?<\/li>\n<\/ul>\n<p>El macho y la hembra enrollan sus cuerpos y se produce la fecundaci\u00f3n.<\/p>\n<p>Las cr\u00edas pueden nacer de huevos (ov\u00edparas) o pueden nacer de la barriga de su madre (ovoviv\u00edparas o viv\u00edparas). Una vez nacidas las cr\u00edas las madres no las cuidan.<\/p>\n<p><img decoding=\"async\" data-attachment-id=\"28296\" data-permalink=\"https:\/\/www.alqueria.es\/blogs\/alqueriaprimerciclo\/2021\/11\/01\/literatura-para-el-otono\/p11026-092923\/\" data-orig-file=\"https:\/\/cloud.alqueria.es\/wp-content\/uploads\/sites\/6\/2021\/11\/P11026-092923.jpg\" data-orig-size=\"2080,1560\" data-comments-opened=\"1\" data-image-meta=\"{&quot;aperture&quot;:&quot;0&quot;,&quot;credit&quot;:&quot;&quot;,&quot;camera&quot;:&quot;MEIZU_M5&quot;,&quot;caption&quot;:&quot;&quot;,&quot;created_timestamp&quot;:&quot;0&quot;,&quot;copyright&quot;:&quot;&quot;,&quot;focal_length&quot;:&quot;3.5&quot;,&quot;iso&quot;:&quot;0&quot;,&quot;shutter_speed&quot;:&quot;0.0299&quot;,&quot;title&quot;:&quot;&quot;,&quot;orientation&quot;:&quot;0&quot;}\" data-image-title=\"P11026-092923\" data-image-description=\"\" data-image-caption=\"\" data-large-file=\"https:\/\/cloud.alqueria.es\/wp-content\/uploads\/sites\/6\/2021\/11\/P11026-092923-1024x768.jpg\" class=\"alignnone size-full wp-image-28296\" src=\"https:\/\/cloud.alqueria.es\/wp-content\/uploads\/sites\/6\/2021\/11\/P11026-092923.jpg\" alt=\"\" width=\"2080\" height=\"1560\" srcset=\"https:\/\/cloud.alqueria.es\/wp-content\/uploads\/sites\/6\/2021\/11\/P11026-092923.jpg 2080w, https:\/\/cloud.alqueria.es\/wp-content\/uploads\/sites\/6\/2021\/11\/P11026-092923-300x225.jpg 300w, https:\/\/cloud.alqueria.es\/wp-content\/uploads\/sites\/6\/2021\/11\/P11026-092923-1024x768.jpg 1024w, https:\/\/cloud.alqueria.es\/wp-content\/uploads\/sites\/6\/2021\/11\/P11026-092923-768x576.jpg 768w, https:\/\/cloud.alqueria.es\/wp-content\/uploads\/sites\/6\/2021\/11\/P11026-092923-1536x1152.jpg 1536w, https:\/\/cloud.alqueria.es\/wp-content\/uploads\/sites\/6\/2021\/11\/P11026-092923-2048x1536.jpg 2048w\" sizes=\"(max-width: 2080px) 100vw, 2080px\" \/>Sus depredadores son otras serpientes, el \u00e1guila culebrera, el secretario, la mangosta, el tej\u00f3n de la miel, el armadillo, el erizo, los jabal\u00edes, mapaches, zorros y coyotes.<\/p>\n<p>El ser humano las caza por su piel, su carne y por miedo y desconocimiento de las serpientes.<\/p>\n<p>Tambi\u00e9n se usa su veneno para fabricar el ant\u00eddoto del veneno de serpiente.<\/p>\n<p>Algunas personas tienen serpientes como mascotas.<\/p>\n<p><img decoding=\"async\" data-attachment-id=\"28294\" data-permalink=\"https:\/\/www.alqueria.es\/blogs\/alqueriaprimerciclo\/2021\/11\/01\/literatura-para-el-otono\/p11026-092929\/\" data-orig-file=\"https:\/\/cloud.alqueria.es\/wp-content\/uploads\/sites\/6\/2021\/11\/P11026-092929.jpg\" data-orig-size=\"2080,1560\" data-comments-opened=\"1\" data-image-meta=\"{&quot;aperture&quot;:&quot;0&quot;,&quot;credit&quot;:&quot;&quot;,&quot;camera&quot;:&quot;MEIZU_M5&quot;,&quot;caption&quot;:&quot;&quot;,&quot;created_timestamp&quot;:&quot;0&quot;,&quot;copyright&quot;:&quot;&quot;,&quot;focal_length&quot;:&quot;3.5&quot;,&quot;iso&quot;:&quot;0&quot;,&quot;shutter_speed&quot;:&quot;0.0299&quot;,&quot;title&quot;:&quot;&quot;,&quot;orientation&quot;:&quot;0&quot;}\" data-image-title=\"P11026-092929\" data-image-description=\"\" data-image-caption=\"\" data-large-file=\"https:\/\/cloud.alqueria.es\/wp-content\/uploads\/sites\/6\/2021\/11\/P11026-092929-1024x768.jpg\" class=\"alignnone size-full wp-image-28294\" src=\"https:\/\/cloud.alqueria.es\/wp-content\/uploads\/sites\/6\/2021\/11\/P11026-092929.jpg\" alt=\"\" width=\"2080\" height=\"1560\" srcset=\"https:\/\/cloud.alqueria.es\/wp-content\/uploads\/sites\/6\/2021\/11\/P11026-092929.jpg 2080w, https:\/\/cloud.alqueria.es\/wp-content\/uploads\/sites\/6\/2021\/11\/P11026-092929-300x225.jpg 300w, https:\/\/cloud.alqueria.es\/wp-content\/uploads\/sites\/6\/2021\/11\/P11026-092929-1024x768.jpg 1024w, https:\/\/cloud.alqueria.es\/wp-content\/uploads\/sites\/6\/2021\/11\/P11026-092929-768x576.jpg 768w, https:\/\/cloud.alqueria.es\/wp-content\/uploads\/sites\/6\/2021\/11\/P11026-092929-1536x1152.jpg 1536w, https:\/\/cloud.alqueria.es\/wp-content\/uploads\/sites\/6\/2021\/11\/P11026-092929-2048x1536.jpg 2048w\" sizes=\"(max-width: 2080px) 100vw, 2080px\" \/><\/p>\n<ul>\n<li>Curiosidades:<\/li>\n<\/ul>\n<p>Cada cierto tiempo tienen que cambiar su piel para poder crecer. Para ello se rozan con cosas duras como piedras y ramas. La piel vieja que se quita se llama muda o camisa.<\/p>\n<p>Hay serpientes de muchos colores.<\/p>\n<p>Para defenderse la serpiente de cascabel tiene unas escamas en la punta de la cola que cuando la mueve hace un ruido de cascabel.<\/p>\n<p>La cobra escupidora tiene un veneno muy venenoso y lo escupe por la boca para defenderse.<\/p>\n<p>Las serpientes m\u00e1s grandes son la anaconda y la pit\u00f3n reticulada; pueden ser tan largas como el autob\u00fas del colegio.<\/p>\n<p>Las m\u00e1s venenosas son las cobras, la mamba negra la coral, las v\u00edboras y la serpiente marina.<\/p>\n<p>El veneno de las cr\u00edas de la King cobra es m\u00e1s potente que la de los adultos.<\/p>\n<p>Tras resolver las dudas surgidas y los comentarios <span style=\"color: #ff6600\">Mateo<\/span> nos ten\u00eda una sorpresa preparada, nos ha ense\u00f1ado la piel\u00a0 de una serpiente que encontr\u00f3 su padre en el campo y una culebra que encontr\u00f3 su madre paseando.<\/p>\n<p><img decoding=\"async\" data-attachment-id=\"28295\" data-permalink=\"https:\/\/www.alqueria.es\/blogs\/alqueriaprimerciclo\/2021\/11\/01\/literatura-para-el-otono\/p11026-095444\/\" data-orig-file=\"https:\/\/cloud.alqueria.es\/wp-content\/uploads\/sites\/6\/2021\/11\/P11026-095444.jpg\" data-orig-size=\"1560,2080\" data-comments-opened=\"1\" data-image-meta=\"{&quot;aperture&quot;:&quot;0&quot;,&quot;credit&quot;:&quot;&quot;,&quot;camera&quot;:&quot;MEIZU_M5&quot;,&quot;caption&quot;:&quot;&quot;,&quot;created_timestamp&quot;:&quot;0&quot;,&quot;copyright&quot;:&quot;&quot;,&quot;focal_length&quot;:&quot;3.5&quot;,&quot;iso&quot;:&quot;0&quot;,&quot;shutter_speed&quot;:&quot;0.0299&quot;,&quot;title&quot;:&quot;&quot;,&quot;orientation&quot;:&quot;0&quot;}\" data-image-title=\"P11026-095444\" data-image-description=\"\" data-image-caption=\"\" data-large-file=\"https:\/\/cloud.alqueria.es\/wp-content\/uploads\/sites\/6\/2021\/11\/P11026-095444-768x1024.jpg\" class=\"alignnone size-full wp-image-28295\" src=\"https:\/\/cloud.alqueria.es\/wp-content\/uploads\/sites\/6\/2021\/11\/P11026-095444.jpg\" alt=\"\" width=\"1560\" height=\"2080\" srcset=\"https:\/\/cloud.alqueria.es\/wp-content\/uploads\/sites\/6\/2021\/11\/P11026-095444.jpg 1560w, https:\/\/cloud.alqueria.es\/wp-content\/uploads\/sites\/6\/2021\/11\/P11026-095444-225x300.jpg 225w, https:\/\/cloud.alqueria.es\/wp-content\/uploads\/sites\/6\/2021\/11\/P11026-095444-768x1024.jpg 768w, https:\/\/cloud.alqueria.es\/wp-content\/uploads\/sites\/6\/2021\/11\/P11026-095444-1152x1536.jpg 1152w, https:\/\/cloud.alqueria.es\/wp-content\/uploads\/sites\/6\/2021\/11\/P11026-095444-1536x2048.jpg 1536w\" sizes=\"(max-width: 1560px) 100vw, 1560px\" \/><\/p>\n<p>Ha sido muy interesante , gracias Mateo por compartir tu inter\u00e9s sobre este reptil tan especial.<\/p>\n<p><span style=\"color: #ff6600\">MINI CONFERENCIA<\/span>\u00a0 DE<span style=\"color: #993300\">\u00a0 EMMA\u00a0<span style=\"color: #ff6600\"> LOS ZORROS<\/span><\/span><\/p>\n<p><img decoding=\"async\" data-attachment-id=\"28298\" data-permalink=\"https:\/\/www.alqueria.es\/blogs\/alqueriaprimerciclo\/2021\/11\/01\/literatura-para-el-otono\/p11029-093054\/\" data-orig-file=\"https:\/\/cloud.alqueria.es\/wp-content\/uploads\/sites\/6\/2021\/11\/P11029-093054.jpg\" data-orig-size=\"2080,1560\" data-comments-opened=\"1\" data-image-meta=\"{&quot;aperture&quot;:&quot;0&quot;,&quot;credit&quot;:&quot;&quot;,&quot;camera&quot;:&quot;MEIZU_M5&quot;,&quot;caption&quot;:&quot;&quot;,&quot;created_timestamp&quot;:&quot;0&quot;,&quot;copyright&quot;:&quot;&quot;,&quot;focal_length&quot;:&quot;3.5&quot;,&quot;iso&quot;:&quot;0&quot;,&quot;shutter_speed&quot;:&quot;0.0299&quot;,&quot;title&quot;:&quot;&quot;,&quot;orientation&quot;:&quot;0&quot;}\" data-image-title=\"P11029-093054\" data-image-description=\"\" data-image-caption=\"\" data-large-file=\"https:\/\/cloud.alqueria.es\/wp-content\/uploads\/sites\/6\/2021\/11\/P11029-093054-1024x768.jpg\" class=\"alignnone size-full wp-image-28298\" src=\"https:\/\/cloud.alqueria.es\/wp-content\/uploads\/sites\/6\/2021\/11\/P11029-093054.jpg\" alt=\"\" width=\"2080\" height=\"1560\" srcset=\"https:\/\/cloud.alqueria.es\/wp-content\/uploads\/sites\/6\/2021\/11\/P11029-093054.jpg 2080w, https:\/\/cloud.alqueria.es\/wp-content\/uploads\/sites\/6\/2021\/11\/P11029-093054-300x225.jpg 300w, https:\/\/cloud.alqueria.es\/wp-content\/uploads\/sites\/6\/2021\/11\/P11029-093054-1024x768.jpg 1024w, https:\/\/cloud.alqueria.es\/wp-content\/uploads\/sites\/6\/2021\/11\/P11029-093054-768x576.jpg 768w, https:\/\/cloud.alqueria.es\/wp-content\/uploads\/sites\/6\/2021\/11\/P11029-093054-1536x1152.jpg 1536w, https:\/\/cloud.alqueria.es\/wp-content\/uploads\/sites\/6\/2021\/11\/P11029-093054-2048x1536.jpg 2048w\" sizes=\"(max-width: 2080px) 100vw, 2080px\" \/><\/p>\n<div>\u00a0Emma nos explica con mucha claridad, haciendo gala de su buen espa\u00f1ol, d\u00f3nde se pueden encontrar los zorros, en todo el mundo, salvo en la Ant\u00e1rtida.<\/div>\n<div>&#8211; Los zorros pertenecen a la familia\u00a0c\u00e1nidos<\/div>\n<div>&#8211; Hay 12 tipos de zorros, algunos ejemplos son:<\/div>\n<div>\u00a0 &#8211; El zorro gris<\/div>\n<div>\u00a0 &#8211; El zorro de nieve<\/div>\n<div>\u00a0 &#8211; El zorro rojo (que no es rojo, sino naranja)<\/div>\n<div>\u00a0 &#8211; El zorro de orejas de murci\u00e9lago<\/div>\n<div><\/div>\n<div>El zorro rojo es el m\u00e1s\u00a0com\u00fan, tienen orejas triangulares, nariz larga y una cola muy suave.<\/div>\n<div><\/div>\n<div>Los zorros viven en guaridas, se las\u00a0 hacen ellos mismos debajo de la tierra, pero tambi\u00e9n, a veces,\u00a0 usan \u00e1rboles o las casas antiguas de otros animales.<\/div>\n<div>Normalmente los zorros tienen dos partes en sus casas &#8211; una para dormir y la otra para guardar su comida.<\/div>\n<div><img decoding=\"async\" data-attachment-id=\"28300\" data-permalink=\"https:\/\/www.alqueria.es\/blogs\/alqueriaprimerciclo\/2021\/11\/01\/literatura-para-el-otono\/p11029-093107\/\" data-orig-file=\"https:\/\/cloud.alqueria.es\/wp-content\/uploads\/sites\/6\/2021\/11\/P11029-093107.jpg\" data-orig-size=\"2080,1560\" data-comments-opened=\"1\" data-image-meta=\"{&quot;aperture&quot;:&quot;0&quot;,&quot;credit&quot;:&quot;&quot;,&quot;camera&quot;:&quot;MEIZU_M5&quot;,&quot;caption&quot;:&quot;&quot;,&quot;created_timestamp&quot;:&quot;0&quot;,&quot;copyright&quot;:&quot;&quot;,&quot;focal_length&quot;:&quot;3.5&quot;,&quot;iso&quot;:&quot;0&quot;,&quot;shutter_speed&quot;:&quot;0.0299&quot;,&quot;title&quot;:&quot;&quot;,&quot;orientation&quot;:&quot;0&quot;}\" data-image-title=\"P11029-093107\" data-image-description=\"\" data-image-caption=\"\" data-large-file=\"https:\/\/cloud.alqueria.es\/wp-content\/uploads\/sites\/6\/2021\/11\/P11029-093107-1024x768.jpg\" class=\"alignnone size-full wp-image-28300\" src=\"https:\/\/cloud.alqueria.es\/wp-content\/uploads\/sites\/6\/2021\/11\/P11029-093107.jpg\" alt=\"\" width=\"2080\" height=\"1560\" srcset=\"https:\/\/cloud.alqueria.es\/wp-content\/uploads\/sites\/6\/2021\/11\/P11029-093107.jpg 2080w, https:\/\/cloud.alqueria.es\/wp-content\/uploads\/sites\/6\/2021\/11\/P11029-093107-300x225.jpg 300w, https:\/\/cloud.alqueria.es\/wp-content\/uploads\/sites\/6\/2021\/11\/P11029-093107-1024x768.jpg 1024w, https:\/\/cloud.alqueria.es\/wp-content\/uploads\/sites\/6\/2021\/11\/P11029-093107-768x576.jpg 768w, https:\/\/cloud.alqueria.es\/wp-content\/uploads\/sites\/6\/2021\/11\/P11029-093107-1536x1152.jpg 1536w, https:\/\/cloud.alqueria.es\/wp-content\/uploads\/sites\/6\/2021\/11\/P11029-093107-2048x1536.jpg 2048w\" sizes=\"(max-width: 2080px) 100vw, 2080px\" \/><\/div>\n<div><\/div>\n<div>Los zorros comen: Conejos, Saltamontes, Bayas, Fruta, Huevos.<\/div>\n<div><b>\u00a0Hay Zorros famosos\u00a0<\/b><\/div>\n<div>Hay muchos\u00a0 en libros, pel\u00edculas y series de TV, son famosos por ser inteligentes y astutos, por eso muchas veces son el villano. Pero no siempre,\u00a0 ejemplos de los zorros malos y buenos:<\/div>\n<div><img decoding=\"async\" data-attachment-id=\"28299\" data-permalink=\"https:\/\/www.alqueria.es\/blogs\/alqueriaprimerciclo\/2021\/11\/01\/literatura-para-el-otono\/p11029-093100\/\" data-orig-file=\"https:\/\/cloud.alqueria.es\/wp-content\/uploads\/sites\/6\/2021\/11\/P11029-093100.jpg\" data-orig-size=\"2080,1560\" data-comments-opened=\"1\" data-image-meta=\"{&quot;aperture&quot;:&quot;0&quot;,&quot;credit&quot;:&quot;&quot;,&quot;camera&quot;:&quot;MEIZU_M5&quot;,&quot;caption&quot;:&quot;&quot;,&quot;created_timestamp&quot;:&quot;0&quot;,&quot;copyright&quot;:&quot;&quot;,&quot;focal_length&quot;:&quot;3.5&quot;,&quot;iso&quot;:&quot;0&quot;,&quot;shutter_speed&quot;:&quot;0.0299&quot;,&quot;title&quot;:&quot;&quot;,&quot;orientation&quot;:&quot;0&quot;}\" data-image-title=\"P11029-093100\" data-image-description=\"\" data-image-caption=\"\" data-large-file=\"https:\/\/cloud.alqueria.es\/wp-content\/uploads\/sites\/6\/2021\/11\/P11029-093100-1024x768.jpg\" class=\"alignnone size-full wp-image-28299\" src=\"https:\/\/cloud.alqueria.es\/wp-content\/uploads\/sites\/6\/2021\/11\/P11029-093100.jpg\" alt=\"\" width=\"2080\" height=\"1560\" srcset=\"https:\/\/cloud.alqueria.es\/wp-content\/uploads\/sites\/6\/2021\/11\/P11029-093100.jpg 2080w, https:\/\/cloud.alqueria.es\/wp-content\/uploads\/sites\/6\/2021\/11\/P11029-093100-300x225.jpg 300w, https:\/\/cloud.alqueria.es\/wp-content\/uploads\/sites\/6\/2021\/11\/P11029-093100-1024x768.jpg 1024w, https:\/\/cloud.alqueria.es\/wp-content\/uploads\/sites\/6\/2021\/11\/P11029-093100-768x576.jpg 768w, https:\/\/cloud.alqueria.es\/wp-content\/uploads\/sites\/6\/2021\/11\/P11029-093100-1536x1152.jpg 1536w, https:\/\/cloud.alqueria.es\/wp-content\/uploads\/sites\/6\/2021\/11\/P11029-093100-2048x1536.jpg 2048w\" sizes=\"(max-width: 2080px) 100vw, 2080px\" \/><\/div>\n<div>Y nos muestra una imagen de su perrita Dulce en posici\u00f3n astuta\u00a0 ya que es de la familia de los\u00a0 c\u00e1nidos c\u00f3mo los zorros.<\/div>\n<div>Gracias Emma por acercarnos la vida de estos astutos mam\u00edferos.<\/div>\n<div><\/div>\n<div><strong><span style=\"color: #993300\">Sembramos en oto\u00f1o<\/span><\/strong><\/div>\n<div>Nuestro huerto ya ha comenzado a recibir las semillas que sembramos en oto\u00f1o. Las habas y los ajos ya est\u00e1n plantados y la tierra los ha recibido con ganas aport\u00e1ndole sus nutrientes y\u00a0 la lluvia de estos d\u00edas el agua necesaria para empezar a germinar dentro de la tierra , buscando la energ\u00eda del sol esperamos ver pronto los primeros brotes.<\/div>\n<div><img decoding=\"async\" data-attachment-id=\"28317\" data-permalink=\"https:\/\/www.alqueria.es\/blogs\/alqueriaprimerciclo\/2021\/11\/01\/literatura-para-el-otono\/p11028-122054\/\" data-orig-file=\"https:\/\/cloud.alqueria.es\/wp-content\/uploads\/sites\/6\/2021\/11\/P11028-122054.jpg\" data-orig-size=\"2080,1560\" data-comments-opened=\"1\" data-image-meta=\"{&quot;aperture&quot;:&quot;0&quot;,&quot;credit&quot;:&quot;&quot;,&quot;camera&quot;:&quot;MEIZU_M5&quot;,&quot;caption&quot;:&quot;&quot;,&quot;created_timestamp&quot;:&quot;0&quot;,&quot;copyright&quot;:&quot;&quot;,&quot;focal_length&quot;:&quot;3.5&quot;,&quot;iso&quot;:&quot;0&quot;,&quot;shutter_speed&quot;:&quot;0.0011&quot;,&quot;title&quot;:&quot;&quot;,&quot;orientation&quot;:&quot;0&quot;}\" data-image-title=\"P11028-122054\" data-image-description=\"\" data-image-caption=\"\" data-large-file=\"https:\/\/cloud.alqueria.es\/wp-content\/uploads\/sites\/6\/2021\/11\/P11028-122054-1024x768.jpg\" class=\"alignnone size-medium wp-image-28317\" src=\"https:\/\/cloud.alqueria.es\/wp-content\/uploads\/sites\/6\/2021\/11\/P11028-122054-300x225.jpg\" alt=\"\" width=\"300\" height=\"225\" srcset=\"https:\/\/cloud.alqueria.es\/wp-content\/uploads\/sites\/6\/2021\/11\/P11028-122054-300x225.jpg 300w, https:\/\/cloud.alqueria.es\/wp-content\/uploads\/sites\/6\/2021\/11\/P11028-122054-1024x768.jpg 1024w, https:\/\/cloud.alqueria.es\/wp-content\/uploads\/sites\/6\/2021\/11\/P11028-122054-768x576.jpg 768w, https:\/\/cloud.alqueria.es\/wp-content\/uploads\/sites\/6\/2021\/11\/P11028-122054-1536x1152.jpg 1536w, https:\/\/cloud.alqueria.es\/wp-content\/uploads\/sites\/6\/2021\/11\/P11028-122054-2048x1536.jpg 2048w\" sizes=\"(max-width: 300px) 100vw, 300px\" \/> <img decoding=\"async\" data-attachment-id=\"28318\" data-permalink=\"https:\/\/www.alqueria.es\/blogs\/alqueriaprimerciclo\/2021\/11\/01\/literatura-para-el-otono\/p11028-122834\/\" data-orig-file=\"https:\/\/cloud.alqueria.es\/wp-content\/uploads\/sites\/6\/2021\/11\/P11028-122834.jpg\" data-orig-size=\"1560,2080\" data-comments-opened=\"1\" data-image-meta=\"{&quot;aperture&quot;:&quot;0&quot;,&quot;credit&quot;:&quot;&quot;,&quot;camera&quot;:&quot;MEIZU_M5&quot;,&quot;caption&quot;:&quot;&quot;,&quot;created_timestamp&quot;:&quot;0&quot;,&quot;copyright&quot;:&quot;&quot;,&quot;focal_length&quot;:&quot;3.5&quot;,&quot;iso&quot;:&quot;0&quot;,&quot;shutter_speed&quot;:&quot;0.0011&quot;,&quot;title&quot;:&quot;&quot;,&quot;orientation&quot;:&quot;0&quot;}\" data-image-title=\"P11028-122834\" data-image-description=\"\" data-image-caption=\"\" data-large-file=\"https:\/\/cloud.alqueria.es\/wp-content\/uploads\/sites\/6\/2021\/11\/P11028-122834-768x1024.jpg\" class=\"alignnone size-medium wp-image-28318\" src=\"https:\/\/cloud.alqueria.es\/wp-content\/uploads\/sites\/6\/2021\/11\/P11028-122834-225x300.jpg\" alt=\"\" width=\"225\" height=\"300\" srcset=\"https:\/\/cloud.alqueria.es\/wp-content\/uploads\/sites\/6\/2021\/11\/P11028-122834-225x300.jpg 225w, https:\/\/cloud.alqueria.es\/wp-content\/uploads\/sites\/6\/2021\/11\/P11028-122834-768x1024.jpg 768w, https:\/\/cloud.alqueria.es\/wp-content\/uploads\/sites\/6\/2021\/11\/P11028-122834-1152x1536.jpg 1152w, https:\/\/cloud.alqueria.es\/wp-content\/uploads\/sites\/6\/2021\/11\/P11028-122834-1536x2048.jpg 1536w, https:\/\/cloud.alqueria.es\/wp-content\/uploads\/sites\/6\/2021\/11\/P11028-122834.jpg 1560w\" sizes=\"(max-width: 225px) 100vw, 225px\" \/><\/div>\n<p><strong><span style=\"color: #800080\">Ingl\u00e9s<\/span><\/strong><\/p>\n<p>Pod\u00e9is visitar el blog de idiomas , que se actualiza quincenalmente, para ver las actividades que se van realizando. Esta semana se han ultimado las expociones sobre la familia, con gran variedad y creatividad de exposici\u00f3n.<\/p>\n<p><img decoding=\"async\" data-attachment-id=\"28301\" data-permalink=\"https:\/\/www.alqueria.es\/blogs\/alqueriaprimerciclo\/2021\/11\/01\/literatura-para-el-otono\/p11028-091947\/\" data-orig-file=\"https:\/\/cloud.alqueria.es\/wp-content\/uploads\/sites\/6\/2021\/11\/P11028-091947.jpg\" data-orig-size=\"1560,2080\" data-comments-opened=\"1\" data-image-meta=\"{&quot;aperture&quot;:&quot;0&quot;,&quot;credit&quot;:&quot;&quot;,&quot;camera&quot;:&quot;MEIZU_M5&quot;,&quot;caption&quot;:&quot;&quot;,&quot;created_timestamp&quot;:&quot;0&quot;,&quot;copyright&quot;:&quot;&quot;,&quot;focal_length&quot;:&quot;3.5&quot;,&quot;iso&quot;:&quot;0&quot;,&quot;shutter_speed&quot;:&quot;0.0299&quot;,&quot;title&quot;:&quot;&quot;,&quot;orientation&quot;:&quot;0&quot;}\" data-image-title=\"P11028-091947\" data-image-description=\"\" data-image-caption=\"\" data-large-file=\"https:\/\/cloud.alqueria.es\/wp-content\/uploads\/sites\/6\/2021\/11\/P11028-091947-768x1024.jpg\" class=\"alignnone wp-image-28301 size-large\" src=\"https:\/\/cloud.alqueria.es\/wp-content\/uploads\/sites\/6\/2021\/11\/P11028-091947-768x1024.jpg\" alt=\"\" width=\"474\" height=\"632\" srcset=\"https:\/\/cloud.alqueria.es\/wp-content\/uploads\/sites\/6\/2021\/11\/P11028-091947-768x1024.jpg 768w, https:\/\/cloud.alqueria.es\/wp-content\/uploads\/sites\/6\/2021\/11\/P11028-091947-225x300.jpg 225w, https:\/\/cloud.alqueria.es\/wp-content\/uploads\/sites\/6\/2021\/11\/P11028-091947-1152x1536.jpg 1152w, https:\/\/cloud.alqueria.es\/wp-content\/uploads\/sites\/6\/2021\/11\/P11028-091947-1536x2048.jpg 1536w, https:\/\/cloud.alqueria.es\/wp-content\/uploads\/sites\/6\/2021\/11\/P11028-091947.jpg 1560w\" sizes=\"(max-width: 474px) 100vw, 474px\" \/><\/p>\n<p>Se han llevado a cabo diversas actividades para celebrar la tradicional fiesta de Halloween.<\/p>\n<p><span style=\"color: #ff00ff\"><strong>Un festival de cine en clase<\/strong><\/span><\/p>\n<p>Participamos en una apuesta pionera para llevar el cine a las aulas. Una iniciativa del Festival de Sevilla, la Semana Internacional de Cine de Valladolid (SEMINCI), el Festival de Huelva y el Festival de M\u00e1laga, en la que se recoge una selecci\u00f3n de <strong>8 largometrajes<\/strong>\u00a0y\u00a0<strong>14 cortos<\/strong> del cine europeo y latinoamericano contempor\u00e1neo m\u00e1s relevante para alumnos desde los 3 a\u00f1os.\u00a0 Comenzamos est\u00e1 semana y\u00a0 hasta el 23 de noviembre, podremos disfrutar del cine en el cole.<\/p>\n<p>Esta semana hemos visto\u00a0 la proyecci\u00f3n de un corto que nos hace reflexionar sobre lo importantes que son los <strong><span style=\"color: #800000\">\u00e1rboles<\/span><\/strong> para la vida en nuestro planeta.<\/p>\n<p><img decoding=\"async\" data-attachment-id=\"28302\" data-permalink=\"https:\/\/www.alqueria.es\/blogs\/alqueriaprimerciclo\/2021\/11\/01\/literatura-para-el-otono\/p11029-164445\/\" data-orig-file=\"https:\/\/cloud.alqueria.es\/wp-content\/uploads\/sites\/6\/2021\/11\/P11029-164445.jpg\" data-orig-size=\"1560,2080\" data-comments-opened=\"1\" data-image-meta=\"{&quot;aperture&quot;:&quot;0&quot;,&quot;credit&quot;:&quot;&quot;,&quot;camera&quot;:&quot;MEIZU_M5&quot;,&quot;caption&quot;:&quot;&quot;,&quot;created_timestamp&quot;:&quot;0&quot;,&quot;copyright&quot;:&quot;&quot;,&quot;focal_length&quot;:&quot;3.5&quot;,&quot;iso&quot;:&quot;0&quot;,&quot;shutter_speed&quot;:&quot;0.04&quot;,&quot;title&quot;:&quot;&quot;,&quot;orientation&quot;:&quot;0&quot;}\" data-image-title=\"P11029-164445\" data-image-description=\"\" data-image-caption=\"\" data-large-file=\"https:\/\/cloud.alqueria.es\/wp-content\/uploads\/sites\/6\/2021\/11\/P11029-164445-768x1024.jpg\" class=\"alignnone size-medium wp-image-28302\" src=\"https:\/\/cloud.alqueria.es\/wp-content\/uploads\/sites\/6\/2021\/11\/P11029-164445-225x300.jpg\" alt=\"\" width=\"225\" height=\"300\" srcset=\"https:\/\/cloud.alqueria.es\/wp-content\/uploads\/sites\/6\/2021\/11\/P11029-164445-225x300.jpg 225w, https:\/\/cloud.alqueria.es\/wp-content\/uploads\/sites\/6\/2021\/11\/P11029-164445-768x1024.jpg 768w, https:\/\/cloud.alqueria.es\/wp-content\/uploads\/sites\/6\/2021\/11\/P11029-164445-1152x1536.jpg 1152w, https:\/\/cloud.alqueria.es\/wp-content\/uploads\/sites\/6\/2021\/11\/P11029-164445-1536x2048.jpg 1536w, https:\/\/cloud.alqueria.es\/wp-content\/uploads\/sites\/6\/2021\/11\/P11029-164445.jpg 1560w\" sizes=\"(max-width: 225px) 100vw, 225px\" \/> <img decoding=\"async\" data-attachment-id=\"28303\" data-permalink=\"https:\/\/www.alqueria.es\/blogs\/alqueriaprimerciclo\/2021\/11\/01\/literatura-para-el-otono\/p11029-164405\/\" data-orig-file=\"https:\/\/cloud.alqueria.es\/wp-content\/uploads\/sites\/6\/2021\/11\/P11029-164405.jpg\" data-orig-size=\"2080,1560\" data-comments-opened=\"1\" data-image-meta=\"{&quot;aperture&quot;:&quot;0&quot;,&quot;credit&quot;:&quot;&quot;,&quot;camera&quot;:&quot;MEIZU_M5&quot;,&quot;caption&quot;:&quot;&quot;,&quot;created_timestamp&quot;:&quot;0&quot;,&quot;copyright&quot;:&quot;&quot;,&quot;focal_length&quot;:&quot;3.5&quot;,&quot;iso&quot;:&quot;0&quot;,&quot;shutter_speed&quot;:&quot;0.04&quot;,&quot;title&quot;:&quot;&quot;,&quot;orientation&quot;:&quot;0&quot;}\" data-image-title=\"P11029-164405\" data-image-description=\"\" data-image-caption=\"\" data-large-file=\"https:\/\/cloud.alqueria.es\/wp-content\/uploads\/sites\/6\/2021\/11\/P11029-164405-1024x768.jpg\" class=\"alignnone size-full wp-image-28303\" src=\"https:\/\/cloud.alqueria.es\/wp-content\/uploads\/sites\/6\/2021\/11\/P11029-164405.jpg\" alt=\"\" width=\"2080\" height=\"1560\" srcset=\"https:\/\/cloud.alqueria.es\/wp-content\/uploads\/sites\/6\/2021\/11\/P11029-164405.jpg 2080w, https:\/\/cloud.alqueria.es\/wp-content\/uploads\/sites\/6\/2021\/11\/P11029-164405-300x225.jpg 300w, https:\/\/cloud.alqueria.es\/wp-content\/uploads\/sites\/6\/2021\/11\/P11029-164405-1024x768.jpg 1024w, https:\/\/cloud.alqueria.es\/wp-content\/uploads\/sites\/6\/2021\/11\/P11029-164405-768x576.jpg 768w, https:\/\/cloud.alqueria.es\/wp-content\/uploads\/sites\/6\/2021\/11\/P11029-164405-1536x1152.jpg 1536w, https:\/\/cloud.alqueria.es\/wp-content\/uploads\/sites\/6\/2021\/11\/P11029-164405-2048x1536.jpg 2048w\" sizes=\"(max-width: 2080px) 100vw, 2080px\" \/><\/p>\n<p><strong><span style=\"color: #800000\">Fiesta de oto\u00f1o<\/span><\/strong><\/p>\n<p>El viernes, d\u00eda 5 de octubre, celebraremos la <strong><span style=\"color: #800000\">fiesta\u00a0 de oto\u00f1o. <\/span><\/strong><\/p>\n<p><strong><span style=\"color: #800000\">Seguimos con los preparativos:<\/span><\/strong><\/p>\n<p>Ensayamos las poes\u00edas o adivinanzas que compartiremos en el encuentro literario, ser\u00e1 la aportaci\u00f3n\u00a0 literaria del grupo de primero al resto de grupos de primaria.<\/p>\n<p>Es nuestro primer a\u00f1o y nos impone est\u00e1 responsabilidad , as\u00ed que realizamos varios ensayos\u00a0 que nos encantan y nos ayudan a sentirnos seguros.<\/p>\n<p><img decoding=\"async\" data-attachment-id=\"28305\" data-permalink=\"https:\/\/www.alqueria.es\/blogs\/alqueriaprimerciclo\/2021\/11\/01\/literatura-para-el-otono\/p11029-152825\/\" data-orig-file=\"https:\/\/cloud.alqueria.es\/wp-content\/uploads\/sites\/6\/2021\/11\/P11029-152825.jpg\" data-orig-size=\"1560,2080\" data-comments-opened=\"1\" data-image-meta=\"{&quot;aperture&quot;:&quot;0&quot;,&quot;credit&quot;:&quot;&quot;,&quot;camera&quot;:&quot;MEIZU_M5&quot;,&quot;caption&quot;:&quot;&quot;,&quot;created_timestamp&quot;:&quot;0&quot;,&quot;copyright&quot;:&quot;&quot;,&quot;focal_length&quot;:&quot;3.5&quot;,&quot;iso&quot;:&quot;0&quot;,&quot;shutter_speed&quot;:&quot;0.0031&quot;,&quot;title&quot;:&quot;&quot;,&quot;orientation&quot;:&quot;0&quot;}\" data-image-title=\"P11029-152825\" data-image-description=\"\" data-image-caption=\"\" data-large-file=\"https:\/\/cloud.alqueria.es\/wp-content\/uploads\/sites\/6\/2021\/11\/P11029-152825-768x1024.jpg\" class=\"alignnone size-medium wp-image-28305\" src=\"https:\/\/cloud.alqueria.es\/wp-content\/uploads\/sites\/6\/2021\/11\/P11029-152825-225x300.jpg\" alt=\"\" width=\"225\" height=\"300\" srcset=\"https:\/\/cloud.alqueria.es\/wp-content\/uploads\/sites\/6\/2021\/11\/P11029-152825-225x300.jpg 225w, https:\/\/cloud.alqueria.es\/wp-content\/uploads\/sites\/6\/2021\/11\/P11029-152825-768x1024.jpg 768w, https:\/\/cloud.alqueria.es\/wp-content\/uploads\/sites\/6\/2021\/11\/P11029-152825-1152x1536.jpg 1152w, https:\/\/cloud.alqueria.es\/wp-content\/uploads\/sites\/6\/2021\/11\/P11029-152825-1536x2048.jpg 1536w, https:\/\/cloud.alqueria.es\/wp-content\/uploads\/sites\/6\/2021\/11\/P11029-152825.jpg 1560w\" sizes=\"(max-width: 225px) 100vw, 225px\" \/><\/p>\n<p><img decoding=\"async\" data-attachment-id=\"28304\" data-permalink=\"https:\/\/www.alqueria.es\/blogs\/alqueriaprimerciclo\/2021\/11\/01\/literatura-para-el-otono\/p11029-153017\/\" data-orig-file=\"https:\/\/cloud.alqueria.es\/wp-content\/uploads\/sites\/6\/2021\/11\/P11029-153017.jpg\" data-orig-size=\"1560,2080\" data-comments-opened=\"1\" data-image-meta=\"{&quot;aperture&quot;:&quot;0&quot;,&quot;credit&quot;:&quot;&quot;,&quot;camera&quot;:&quot;MEIZU_M5&quot;,&quot;caption&quot;:&quot;&quot;,&quot;created_timestamp&quot;:&quot;0&quot;,&quot;copyright&quot;:&quot;&quot;,&quot;focal_length&quot;:&quot;3.5&quot;,&quot;iso&quot;:&quot;0&quot;,&quot;shutter_speed&quot;:&quot;0.0035&quot;,&quot;title&quot;:&quot;&quot;,&quot;orientation&quot;:&quot;0&quot;}\" data-image-title=\"P11029-153017\" data-image-description=\"\" data-image-caption=\"\" data-large-file=\"https:\/\/cloud.alqueria.es\/wp-content\/uploads\/sites\/6\/2021\/11\/P11029-153017-768x1024.jpg\" class=\"alignnone size-medium wp-image-28304\" src=\"https:\/\/cloud.alqueria.es\/wp-content\/uploads\/sites\/6\/2021\/11\/P11029-153017-225x300.jpg\" alt=\"\" width=\"225\" height=\"300\" srcset=\"https:\/\/cloud.alqueria.es\/wp-content\/uploads\/sites\/6\/2021\/11\/P11029-153017-225x300.jpg 225w, https:\/\/cloud.alqueria.es\/wp-content\/uploads\/sites\/6\/2021\/11\/P11029-153017-768x1024.jpg 768w, https:\/\/cloud.alqueria.es\/wp-content\/uploads\/sites\/6\/2021\/11\/P11029-153017-1152x1536.jpg 1152w, https:\/\/cloud.alqueria.es\/wp-content\/uploads\/sites\/6\/2021\/11\/P11029-153017-1536x2048.jpg 1536w, https:\/\/cloud.alqueria.es\/wp-content\/uploads\/sites\/6\/2021\/11\/P11029-153017.jpg 1560w\" sizes=\"(max-width: 225px) 100vw, 225px\" \/><\/p>\n<p>El mi\u00e9rcoles elaboramos nuestra tradicional receta de galletas de coco que degustaremos en la merienda del d\u00eda de la fiesta.<\/p>\n<p><span style=\"color: #993300\">Para el gran d\u00eda hemos acordado <strong>Traer<\/strong><\/span><strong>\u00a0<span style=\"color: #ff6600\">ropa <span style=\"color: #808000\">de<\/span><\/span><span><span style=\"color: #ff6600\">\u00a0<\/span><span style=\"color: #800000\">colores<\/span> <span style=\"color: #ffcc00\">oto\u00f1ales.<\/span><\/span><\/strong><\/p>\n<p>Nos vemos el martes. Un abrazo.<\/p>\n<p>Dar\u00eda<\/p>\n","protected":false},"excerpt":{"rendered":"<p>Literatura para el oto\u00f1o La literatura\u00a0 \u00a0elegida por el grupo es de creaci\u00f3n popular , de Federico G. Lorca de Gloria Fuertes y en algunos casos de creaci\u00f3n propia. Estos d\u00edas jugamos con las palabras escribiendo en distintos soportes, con diferentes materiales, que nos hacen reflexionar a cerca de la importancia de escribir y tambi\u00e9n &hellip; <a href=\"https:\/\/www.alqueria.es\/blogs\/alqueriaprimerciclo\/2021\/11\/01\/literatura-para-el-otono\/\" class=\"more-link\">Seguir leyendo <span class=\"screen-reader-text\">Literatura para el oto\u00f1o<\/span> <span class=\"meta-nav\">&rarr;<\/span><\/a><\/p>\n","protected":false},"author":12,"featured_media":0,"comment_status":"open","ping_status":"open","sticky":false,"template":"","format":"standard","meta":{"jetpack_post_was_ever_published":false,"_jetpack_newsletter_access":"","_jetpack_dont_email_post_to_subs":false,"_jetpack_newsletter_tier_id":0,"_jetpack_memberships_contains_paywalled_content":false,"_jetpack_memberships_contains_paid_content":false,"footnotes":"","jetpack_publicize_message":"","jetpack_publicize_feature_enabled":true,"jetpack_social_post_already_shared":true,"jetpack_social_options":{"image_generator_settings":{"template":"highway","default_image_id":0,"font":"","enabled":false},"version":2}},"categories":[2,174,8,117,78],"tags":[32,37,109,60,92],"class_list":["post-28223","post","type-post","status-publish","format-standard","hentry","category-1o-epo","category-conferencias","category-diario-de-clase-1o","category-etica","category-fiestas","tag-alqueria","tag-conferencias","tag-huerto","tag-primaria","tag-semanario"],"jetpack_publicize_connections":[],"jetpack_featured_media_url":"","jetpack_sharing_enabled":true,"jetpack_shortlink":"https:\/\/wp.me\/p4lvS0-7ld","_links":{"self":[{"href":"https:\/\/www.alqueria.es\/blogs\/alqueriaprimerciclo\/wp-json\/wp\/v2\/posts\/28223","targetHints":{"allow":["GET"]}}],"collection":[{"href":"https:\/\/www.alqueria.es\/blogs\/alqueriaprimerciclo\/wp-json\/wp\/v2\/posts"}],"about":[{"href":"https:\/\/www.alqueria.es\/blogs\/alqueriaprimerciclo\/wp-json\/wp\/v2\/types\/post"}],"author":[{"embeddable":true,"href":"https:\/\/www.alqueria.es\/blogs\/alqueriaprimerciclo\/wp-json\/wp\/v2\/users\/12"}],"replies":[{"embeddable":true,"href":"https:\/\/www.alqueria.es\/blogs\/alqueriaprimerciclo\/wp-json\/wp\/v2\/comments?post=28223"}],"version-history":[{"count":3,"href":"https:\/\/www.alqueria.es\/blogs\/alqueriaprimerciclo\/wp-json\/wp\/v2\/posts\/28223\/revisions"}],"predecessor-version":[{"id":28319,"href":"https:\/\/www.alqueria.es\/blogs\/alqueriaprimerciclo\/wp-json\/wp\/v2\/posts\/28223\/revisions\/28319"}],"wp:attachment":[{"href":"https:\/\/www.alqueria.es\/blogs\/alqueriaprimerciclo\/wp-json\/wp\/v2\/media?parent=28223"}],"wp:term":[{"taxonomy":"category","embeddable":true,"href":"https:\/\/www.alqueria.es\/blogs\/alqueriaprimerciclo\/wp-json\/wp\/v2\/categories?post=28223"},{"taxonomy":"post_tag","embeddable":true,"href":"https:\/\/www.alqueria.es\/blogs\/alqueriaprimerciclo\/wp-json\/wp\/v2\/tags?post=28223"}],"curies":[{"name":"wp","href":"https:\/\/api.w.org\/{rel}","templated":true}]}}