{"id":29043,"date":"2022-01-26T15:20:02","date_gmt":"2022-01-26T14:20:02","guid":{"rendered":"https:\/\/www.alqueria.es\/blogs\/alqueriaprimerciclo\/?p=29043"},"modified":"2022-01-26T15:21:52","modified_gmt":"2022-01-26T14:21:52","slug":"mejor-dias-para-la-paz","status":"publish","type":"post","link":"https:\/\/www.alqueria.es\/blogs\/alqueriaprimerciclo\/2022\/01\/26\/mejor-dias-para-la-paz\/","title":{"rendered":"Mejor, d\u00edas para la Paz"},"content":{"rendered":"<h5>Taller de escritura<\/h5>\n<p>Como esta semana vamos a trabajar la \u00bb No violencia\u00bb y la Paz, la empezamos aclarando la raz\u00f3n de ser de esta celebraci\u00f3n.<\/p>\n<p>Una cosa es la Paz Mundial y otra la Paz de nuestro entorno, que es la que debemos conseguir para comprender la de los dem\u00e1s.<\/p>\n<p><img decoding=\"async\" class=\"alignleft\" src=\"https:\/\/images-na.ssl-images-amazon.com\/images\/I\/81Zucao4i0L.jpg\" alt=\"Emocionario. Di Lo Que Sientes : Cristina N\u00fa\u00f1ez Pereira;Rafael Romero: Amazon.es: Libros\" width=\"289\" height=\"302\" \/>Para eso hacemos un repaso al cat\u00e1logo de nuestras emociones\u00a0 en el libro, Emocionario.<\/p>\n<p>Las nombramos todas y escogemos la emoci\u00f3n de la<strong> frustraci\u00f3n.\u00a0 <\/strong>Es lo que sentimos cuando nos esforzamos en conseguir algo.<\/p>\n<p><img decoding=\"async\" src=\"https:\/\/www.angelinifarmacias.es\/wp-content\/uploads\/2015\/05\/Sin-t-tulo-1000x600.jpg\" alt=\"C\u00f3mo gestiono mis emociones? Parte 1: La Frustraci\u00f3n y la Impotencia - Angelini Farmacias\" \/><\/p>\n<p>Tenemos que buscar en nuestra mente la forma de no dejarnos llevar por ella y encontrar, un nuevo momento y ayuda para superarla.<\/p>\n<p>En el Taller de escritura usamos estas ideas para hacer nuestra composici\u00f3n , cuidando la letra min\u00fascula\u00a0 y la ortograf\u00eda que estamos aprendiendo.<\/p>\n<p>Despu\u00e9s vemos:<\/p>\n<p><span class=\"embed-youtube\" style=\"text-align:center; display: block;\"><div class=\"a25-CTUOC-hidding-box\" data-original-content=\"&lt;iframe loading=&quot;lazy&quot; class=&quot;youtube-player&quot; width=&quot;474&quot; height=&quot;267&quot; src=&quot;https:\/\/www.youtube.com\/embed\/KfckT7vmuaI?version=3&amp;#038;rel=1&amp;#038;showsearch=0&amp;#038;showinfo=1&amp;#038;iv_load_policy=1&amp;#038;fs=1&amp;#038;hl=es-ES&amp;#038;autohide=2&amp;#038;wmode=transparent&quot; allowfullscreen=&quot;true&quot; style=&quot;border:0;&quot; sandbox=&quot;allow-scripts allow-same-origin allow-popups allow-presentation allow-popups-to-escape-sandbox&quot;&gt;&lt;\/iframe&gt;\">Esta p\u00e1gina incluye contenido multimedia que requiere aceptar todas las cookies. Pulse aqu\u00ed para abrir la configuraci\u00f3n de cookies.<\/div><\/span><\/p>\n<p>Y a continuaci\u00f3n comentamos todas las ideas que aparecen v\u00eddeo, que es corto pero intenso en informaci\u00f3n sobre valores.<\/p>\n<h5>Trabajo cooperativo : Microorganismos<\/h5>\n<p>Ya tenemos el dosier para estudiar. Ahora toca ampliar conocimientos haci\u00e9ndonos preguntas que nos interesan averiguar.<\/p>\n<p>EQUIPO VIRUS<\/p>\n<p><img decoding=\"async\" data-attachment-id=\"29054\" data-permalink=\"https:\/\/www.alqueria.es\/blogs\/alqueriaprimerciclo\/2022\/01\/26\/mejor-dias-para-la-paz\/dsc05845\/\" data-orig-file=\"https:\/\/cloud.alqueria.es\/wp-content\/uploads\/sites\/6\/2022\/01\/DSC05845.jpg\" data-orig-size=\"640,480\" data-comments-opened=\"1\" data-image-meta=\"{&quot;aperture&quot;:&quot;2.8&quot;,&quot;credit&quot;:&quot;&quot;,&quot;camera&quot;:&quot;DSC-W510&quot;,&quot;caption&quot;:&quot;&quot;,&quot;created_timestamp&quot;:&quot;1642862789&quot;,&quot;copyright&quot;:&quot;Copyright 2009&quot;,&quot;focal_length&quot;:&quot;4.7&quot;,&quot;iso&quot;:&quot;80&quot;,&quot;shutter_speed&quot;:&quot;0.008&quot;,&quot;title&quot;:&quot;&quot;,&quot;orientation&quot;:&quot;1&quot;}\" data-image-title=\"DSC05845\" data-image-description=\"\" data-image-caption=\"\" data-large-file=\"https:\/\/cloud.alqueria.es\/wp-content\/uploads\/sites\/6\/2022\/01\/DSC05845.jpg\" class=\"alignnone size-full wp-image-29054\" src=\"https:\/\/cloud.alqueria.es\/wp-content\/uploads\/sites\/6\/2022\/01\/DSC05845.jpg\" alt=\"\" width=\"640\" height=\"480\" srcset=\"https:\/\/cloud.alqueria.es\/wp-content\/uploads\/sites\/6\/2022\/01\/DSC05845.jpg 640w, https:\/\/cloud.alqueria.es\/wp-content\/uploads\/sites\/6\/2022\/01\/DSC05845-300x225.jpg 300w\" sizes=\"(max-width: 640px) 100vw, 640px\" \/><\/p>\n<p>EQUIPO PROTOZOOS<\/p>\n<p><img decoding=\"async\" data-attachment-id=\"29055\" data-permalink=\"https:\/\/www.alqueria.es\/blogs\/alqueriaprimerciclo\/2022\/01\/26\/mejor-dias-para-la-paz\/dsc05846-2\/\" data-orig-file=\"https:\/\/cloud.alqueria.es\/wp-content\/uploads\/sites\/6\/2022\/01\/DSC05846.jpg\" data-orig-size=\"640,480\" data-comments-opened=\"1\" data-image-meta=\"{&quot;aperture&quot;:&quot;2.8&quot;,&quot;credit&quot;:&quot;&quot;,&quot;camera&quot;:&quot;DSC-W510&quot;,&quot;caption&quot;:&quot;&quot;,&quot;created_timestamp&quot;:&quot;1642862813&quot;,&quot;copyright&quot;:&quot;Copyright 2009&quot;,&quot;focal_length&quot;:&quot;4.7&quot;,&quot;iso&quot;:&quot;800&quot;,&quot;shutter_speed&quot;:&quot;0.008&quot;,&quot;title&quot;:&quot;&quot;,&quot;orientation&quot;:&quot;1&quot;}\" data-image-title=\"DSC05846\" data-image-description=\"\" data-image-caption=\"\" data-large-file=\"https:\/\/cloud.alqueria.es\/wp-content\/uploads\/sites\/6\/2022\/01\/DSC05846.jpg\" class=\"alignnone wp-image-29055 size-full\" src=\"https:\/\/cloud.alqueria.es\/wp-content\/uploads\/sites\/6\/2022\/01\/DSC05846.jpg\" alt=\"\" width=\"640\" height=\"480\" srcset=\"https:\/\/cloud.alqueria.es\/wp-content\/uploads\/sites\/6\/2022\/01\/DSC05846.jpg 640w, https:\/\/cloud.alqueria.es\/wp-content\/uploads\/sites\/6\/2022\/01\/DSC05846-300x225.jpg 300w\" sizes=\"(max-width: 640px) 100vw, 640px\" \/><\/p>\n<p>EQUIPO HONGOS<\/p>\n<p><img decoding=\"async\" data-attachment-id=\"29056\" data-permalink=\"https:\/\/www.alqueria.es\/blogs\/alqueriaprimerciclo\/2022\/01\/26\/mejor-dias-para-la-paz\/dsc05847-2\/\" data-orig-file=\"https:\/\/cloud.alqueria.es\/wp-content\/uploads\/sites\/6\/2022\/01\/DSC05847.jpg\" data-orig-size=\"640,480\" data-comments-opened=\"1\" data-image-meta=\"{&quot;aperture&quot;:&quot;2.8&quot;,&quot;credit&quot;:&quot;&quot;,&quot;camera&quot;:&quot;DSC-W510&quot;,&quot;caption&quot;:&quot;&quot;,&quot;created_timestamp&quot;:&quot;1642862821&quot;,&quot;copyright&quot;:&quot;Copyright 2009&quot;,&quot;focal_length&quot;:&quot;4.7&quot;,&quot;iso&quot;:&quot;80&quot;,&quot;shutter_speed&quot;:&quot;0.008&quot;,&quot;title&quot;:&quot;&quot;,&quot;orientation&quot;:&quot;1&quot;}\" data-image-title=\"DSC05847\" data-image-description=\"\" data-image-caption=\"\" data-large-file=\"https:\/\/cloud.alqueria.es\/wp-content\/uploads\/sites\/6\/2022\/01\/DSC05847.jpg\" class=\"alignnone wp-image-29056 size-full\" src=\"https:\/\/cloud.alqueria.es\/wp-content\/uploads\/sites\/6\/2022\/01\/DSC05847.jpg\" alt=\"\" width=\"640\" height=\"480\" srcset=\"https:\/\/cloud.alqueria.es\/wp-content\/uploads\/sites\/6\/2022\/01\/DSC05847.jpg 640w, https:\/\/cloud.alqueria.es\/wp-content\/uploads\/sites\/6\/2022\/01\/DSC05847-300x225.jpg 300w\" sizes=\"(max-width: 640px) 100vw, 640px\" \/><\/p>\n<p>EQUIPO BACTERIAS<\/p>\n<p><img decoding=\"async\" data-attachment-id=\"29057\" data-permalink=\"https:\/\/www.alqueria.es\/blogs\/alqueriaprimerciclo\/2022\/01\/26\/mejor-dias-para-la-paz\/dsc05848-2\/\" data-orig-file=\"https:\/\/cloud.alqueria.es\/wp-content\/uploads\/sites\/6\/2022\/01\/DSC05848.jpg\" data-orig-size=\"640,480\" data-comments-opened=\"1\" data-image-meta=\"{&quot;aperture&quot;:&quot;2.8&quot;,&quot;credit&quot;:&quot;&quot;,&quot;camera&quot;:&quot;DSC-W510&quot;,&quot;caption&quot;:&quot;&quot;,&quot;created_timestamp&quot;:&quot;1642862835&quot;,&quot;copyright&quot;:&quot;Copyright 2009&quot;,&quot;focal_length&quot;:&quot;4.7&quot;,&quot;iso&quot;:&quot;100&quot;,&quot;shutter_speed&quot;:&quot;0.008&quot;,&quot;title&quot;:&quot;&quot;,&quot;orientation&quot;:&quot;1&quot;}\" data-image-title=\"DSC05848\" data-image-description=\"\" data-image-caption=\"\" data-large-file=\"https:\/\/cloud.alqueria.es\/wp-content\/uploads\/sites\/6\/2022\/01\/DSC05848.jpg\" class=\"alignnone wp-image-29057 size-full\" src=\"https:\/\/cloud.alqueria.es\/wp-content\/uploads\/sites\/6\/2022\/01\/DSC05848.jpg\" alt=\"\" width=\"640\" height=\"480\" srcset=\"https:\/\/cloud.alqueria.es\/wp-content\/uploads\/sites\/6\/2022\/01\/DSC05848.jpg 640w, https:\/\/cloud.alqueria.es\/wp-content\/uploads\/sites\/6\/2022\/01\/DSC05848-300x225.jpg 300w\" sizes=\"(max-width: 640px) 100vw, 640px\" \/><\/p>\n<p>EQUIPO ALGAS<\/p>\n<p><img decoding=\"async\" data-attachment-id=\"29058\" data-permalink=\"https:\/\/www.alqueria.es\/blogs\/alqueriaprimerciclo\/2022\/01\/26\/mejor-dias-para-la-paz\/dsc05849-2\/\" data-orig-file=\"https:\/\/cloud.alqueria.es\/wp-content\/uploads\/sites\/6\/2022\/01\/DSC05849.jpg\" data-orig-size=\"640,480\" data-comments-opened=\"1\" data-image-meta=\"{&quot;aperture&quot;:&quot;2.8&quot;,&quot;credit&quot;:&quot;&quot;,&quot;camera&quot;:&quot;DSC-W510&quot;,&quot;caption&quot;:&quot;&quot;,&quot;created_timestamp&quot;:&quot;1642862844&quot;,&quot;copyright&quot;:&quot;Copyright 2009&quot;,&quot;focal_length&quot;:&quot;4.7&quot;,&quot;iso&quot;:&quot;100&quot;,&quot;shutter_speed&quot;:&quot;0.008&quot;,&quot;title&quot;:&quot;&quot;,&quot;orientation&quot;:&quot;1&quot;}\" data-image-title=\"DSC05849\" data-image-description=\"\" data-image-caption=\"\" data-large-file=\"https:\/\/cloud.alqueria.es\/wp-content\/uploads\/sites\/6\/2022\/01\/DSC05849.jpg\" class=\"alignnone wp-image-29058 size-full\" src=\"https:\/\/cloud.alqueria.es\/wp-content\/uploads\/sites\/6\/2022\/01\/DSC05849.jpg\" alt=\"\" width=\"640\" height=\"480\" srcset=\"https:\/\/cloud.alqueria.es\/wp-content\/uploads\/sites\/6\/2022\/01\/DSC05849.jpg 640w, https:\/\/cloud.alqueria.es\/wp-content\/uploads\/sites\/6\/2022\/01\/DSC05849-300x225.jpg 300w\" sizes=\"(max-width: 640px) 100vw, 640px\" \/><\/p>\n<p>Anotamos en el cuaderno las palabras que no entendemos\u00a0 para averiguar que significan.<\/p>\n<p>EL MICROSCOPIO<\/p>\n<p>Empezamos a familiarizarnos con el microscopio.<\/p>\n<p><span class=\"embed-youtube\" style=\"text-align:center; display: block;\"><div class=\"a25-CTUOC-hidding-box\" data-original-content=\"&lt;iframe loading=&quot;lazy&quot; class=&quot;youtube-player&quot; width=&quot;474&quot; height=&quot;267&quot; src=&quot;https:\/\/www.youtube.com\/embed\/XqL7ZzifSZg?version=3&amp;#038;rel=1&amp;#038;showsearch=0&amp;#038;showinfo=1&amp;#038;iv_load_policy=1&amp;#038;fs=1&amp;#038;hl=es-ES&amp;#038;autohide=2&amp;#038;wmode=transparent&quot; allowfullscreen=&quot;true&quot; style=&quot;border:0;&quot; sandbox=&quot;allow-scripts allow-same-origin allow-popups allow-presentation allow-popups-to-escape-sandbox&quot;&gt;&lt;\/iframe&gt;\">Esta p\u00e1gina incluye contenido multimedia que requiere aceptar todas las cookies. Pulse aqu\u00ed para abrir la configuraci\u00f3n de cookies.<\/div><\/span><\/p>\n<p>Construimos uno\u00a0 o al menos lo estamos intentando.<\/p>\n<p><img decoding=\"async\" data-attachment-id=\"29069\" data-permalink=\"https:\/\/www.alqueria.es\/blogs\/alqueriaprimerciclo\/2022\/01\/26\/mejor-dias-para-la-paz\/dsc05860-2\/\" data-orig-file=\"https:\/\/cloud.alqueria.es\/wp-content\/uploads\/sites\/6\/2022\/01\/DSC05860.jpg\" data-orig-size=\"480,640\" data-comments-opened=\"1\" data-image-meta=\"{&quot;aperture&quot;:&quot;8&quot;,&quot;credit&quot;:&quot;&quot;,&quot;camera&quot;:&quot;DSC-W510&quot;,&quot;caption&quot;:&quot;&quot;,&quot;created_timestamp&quot;:&quot;1642926563&quot;,&quot;copyright&quot;:&quot;Copyright 2009&quot;,&quot;focal_length&quot;:&quot;4.7&quot;,&quot;iso&quot;:&quot;100&quot;,&quot;shutter_speed&quot;:&quot;0.00625&quot;,&quot;title&quot;:&quot;&quot;,&quot;orientation&quot;:&quot;1&quot;}\" data-image-title=\"DSC05860\" data-image-description=\"\" data-image-caption=\"\" data-large-file=\"https:\/\/cloud.alqueria.es\/wp-content\/uploads\/sites\/6\/2022\/01\/DSC05860.jpg\" class=\"alignnone size-full wp-image-29069\" src=\"https:\/\/cloud.alqueria.es\/wp-content\/uploads\/sites\/6\/2022\/01\/DSC05860.jpg\" alt=\"\" width=\"480\" height=\"640\" srcset=\"https:\/\/cloud.alqueria.es\/wp-content\/uploads\/sites\/6\/2022\/01\/DSC05860.jpg 480w, https:\/\/cloud.alqueria.es\/wp-content\/uploads\/sites\/6\/2022\/01\/DSC05860-225x300.jpg 225w\" sizes=\"(max-width: 480px) 100vw, 480px\" \/><\/p>\n<p>Despu\u00e9s nos vamos al estanque y tomamos muestras de agua.<\/p>\n<p class=\"jetpack-slideshow-noscript robots-nocontent\">El pase de diapositivas requiere JavaScript.<\/p><div id=\"gallery-29043-1-slideshow\" class=\"jetpack-slideshow-window jetpack-slideshow jetpack-slideshow-black\" data-trans=\"fade\" data-autostart=\"1\" data-gallery=\"[{&quot;src&quot;:&quot;https:\\\/\\\/cloud.alqueria.es\\\/wp-content\\\/uploads\\\/sites\\\/6\\\/2022\\\/01\\\/DSC05851.jpg&quot;,&quot;id&quot;:&quot;29070&quot;,&quot;title&quot;:&quot;DSC05851&quot;,&quot;alt&quot;:&quot;&quot;,&quot;caption&quot;:&quot;&quot;,&quot;itemprop&quot;:&quot;image&quot;},{&quot;src&quot;:&quot;https:\\\/\\\/cloud.alqueria.es\\\/wp-content\\\/uploads\\\/sites\\\/6\\\/2022\\\/01\\\/DSC05852.jpg&quot;,&quot;id&quot;:&quot;29071&quot;,&quot;title&quot;:&quot;DSC05852&quot;,&quot;alt&quot;:&quot;&quot;,&quot;caption&quot;:&quot;&quot;,&quot;itemprop&quot;:&quot;image&quot;},{&quot;src&quot;:&quot;https:\\\/\\\/cloud.alqueria.es\\\/wp-content\\\/uploads\\\/sites\\\/6\\\/2022\\\/01\\\/DSC05853.jpg&quot;,&quot;id&quot;:&quot;29072&quot;,&quot;title&quot;:&quot;DSC05853&quot;,&quot;alt&quot;:&quot;&quot;,&quot;caption&quot;:&quot;&quot;,&quot;itemprop&quot;:&quot;image&quot;},{&quot;src&quot;:&quot;https:\\\/\\\/cloud.alqueria.es\\\/wp-content\\\/uploads\\\/sites\\\/6\\\/2022\\\/01\\\/DSC05854.jpg&quot;,&quot;id&quot;:&quot;29073&quot;,&quot;title&quot;:&quot;DSC05854&quot;,&quot;alt&quot;:&quot;&quot;,&quot;caption&quot;:&quot;&quot;,&quot;itemprop&quot;:&quot;image&quot;},{&quot;src&quot;:&quot;https:\\\/\\\/cloud.alqueria.es\\\/wp-content\\\/uploads\\\/sites\\\/6\\\/2022\\\/01\\\/DSC05855.jpg&quot;,&quot;id&quot;:&quot;29074&quot;,&quot;title&quot;:&quot;DSC05855&quot;,&quot;alt&quot;:&quot;&quot;,&quot;caption&quot;:&quot;&quot;,&quot;itemprop&quot;:&quot;image&quot;},{&quot;src&quot;:&quot;https:\\\/\\\/cloud.alqueria.es\\\/wp-content\\\/uploads\\\/sites\\\/6\\\/2022\\\/01\\\/DSC05856.jpg&quot;,&quot;id&quot;:&quot;29075&quot;,&quot;title&quot;:&quot;DSC05856&quot;,&quot;alt&quot;:&quot;&quot;,&quot;caption&quot;:&quot;&quot;,&quot;itemprop&quot;:&quot;image&quot;},{&quot;src&quot;:&quot;https:\\\/\\\/cloud.alqueria.es\\\/wp-content\\\/uploads\\\/sites\\\/6\\\/2022\\\/01\\\/DSC05857.jpg&quot;,&quot;id&quot;:&quot;29076&quot;,&quot;title&quot;:&quot;DSC05857&quot;,&quot;alt&quot;:&quot;&quot;,&quot;caption&quot;:&quot;&quot;,&quot;itemprop&quot;:&quot;image&quot;},{&quot;src&quot;:&quot;https:\\\/\\\/cloud.alqueria.es\\\/wp-content\\\/uploads\\\/sites\\\/6\\\/2022\\\/01\\\/DSC05858.jpg&quot;,&quot;id&quot;:&quot;29077&quot;,&quot;title&quot;:&quot;DSC05858&quot;,&quot;alt&quot;:&quot;&quot;,&quot;caption&quot;:&quot;&quot;,&quot;itemprop&quot;:&quot;image&quot;},{&quot;src&quot;:&quot;https:\\\/\\\/cloud.alqueria.es\\\/wp-content\\\/uploads\\\/sites\\\/6\\\/2022\\\/01\\\/DSC05859.jpg&quot;,&quot;id&quot;:&quot;29078&quot;,&quot;title&quot;:&quot;DSC05859&quot;,&quot;alt&quot;:&quot;&quot;,&quot;caption&quot;:&quot;&quot;,&quot;itemprop&quot;:&quot;image&quot;}]\" itemscope itemtype=\"https:\/\/schema.org\/ImageGallery\"><\/div>\n<p>Y pasamos a la comprobaci\u00f3n de su funcionamiento. El resultado es que no podemos estabilizar el l\u00e1ser, para que ilumine la gota de agua. Tenemos que seguir buscando formas de\u00a0 conseguirlo. Como dice el v\u00eddeo agudizaremos nuestro ingenio.<br \/>\nEsta primera experiencia nos ha entusiasmado.<\/p>\n<h5>Diccionario<\/h5>\n<p>Trabajamos las s\u00edlabas inversas ar, er, ir, or , ur.<\/p>\n<p>Tenemos alguna dificultad en comprender que la consonante vaya despu\u00e9s de la vocal.<\/p>\n<p>OR-NA-MEN-TO<\/p>\n<p>Y nos preguntamos por qu\u00e9 en esta palabra O-RO\u00a0 es as\u00ed.<\/p>\n<h5>Salida a la Vega<\/h5>\n<p><img decoding=\"async\" data-attachment-id=\"29080\" data-permalink=\"https:\/\/www.alqueria.es\/blogs\/alqueriaprimerciclo\/2022\/01\/26\/mejor-dias-para-la-paz\/dsc05861-2\/\" data-orig-file=\"https:\/\/cloud.alqueria.es\/wp-content\/uploads\/sites\/6\/2022\/01\/DSC05861.jpg\" data-orig-size=\"640,480\" data-comments-opened=\"1\" data-image-meta=\"{&quot;aperture&quot;:&quot;2.8&quot;,&quot;credit&quot;:&quot;&quot;,&quot;camera&quot;:&quot;DSC-W510&quot;,&quot;caption&quot;:&quot;&quot;,&quot;created_timestamp&quot;:&quot;1642928641&quot;,&quot;copyright&quot;:&quot;Copyright 2009&quot;,&quot;focal_length&quot;:&quot;4.7&quot;,&quot;iso&quot;:&quot;100&quot;,&quot;shutter_speed&quot;:&quot;0.004&quot;,&quot;title&quot;:&quot;&quot;,&quot;orientation&quot;:&quot;1&quot;}\" data-image-title=\"DSC05861\" data-image-description=\"\" data-image-caption=\"\" data-large-file=\"https:\/\/cloud.alqueria.es\/wp-content\/uploads\/sites\/6\/2022\/01\/DSC05861.jpg\" class=\"alignnone size-full wp-image-29080\" src=\"https:\/\/cloud.alqueria.es\/wp-content\/uploads\/sites\/6\/2022\/01\/DSC05861.jpg\" alt=\"\" width=\"640\" height=\"480\" srcset=\"https:\/\/cloud.alqueria.es\/wp-content\/uploads\/sites\/6\/2022\/01\/DSC05861.jpg 640w, https:\/\/cloud.alqueria.es\/wp-content\/uploads\/sites\/6\/2022\/01\/DSC05861-300x225.jpg 300w\" sizes=\"(max-width: 640px) 100vw, 640px\" \/><\/p>\n<p>En esta ocasi\u00f3n vamos a comprobar c\u00f3mo est\u00e1n los campos durante el invierno.<\/p>\n<p><img decoding=\"async\" data-attachment-id=\"29081\" data-permalink=\"https:\/\/www.alqueria.es\/blogs\/alqueriaprimerciclo\/2022\/01\/26\/mejor-dias-para-la-paz\/dsc05862-2\/\" data-orig-file=\"https:\/\/cloud.alqueria.es\/wp-content\/uploads\/sites\/6\/2022\/01\/DSC05862.jpg\" data-orig-size=\"640,480\" data-comments-opened=\"1\" data-image-meta=\"{&quot;aperture&quot;:&quot;3.9&quot;,&quot;credit&quot;:&quot;&quot;,&quot;camera&quot;:&quot;DSC-W510&quot;,&quot;caption&quot;:&quot;&quot;,&quot;created_timestamp&quot;:&quot;1642929001&quot;,&quot;copyright&quot;:&quot;Copyright 2009&quot;,&quot;focal_length&quot;:&quot;9.5&quot;,&quot;iso&quot;:&quot;80&quot;,&quot;shutter_speed&quot;:&quot;0.002&quot;,&quot;title&quot;:&quot;&quot;,&quot;orientation&quot;:&quot;1&quot;}\" data-image-title=\"DSC05862\" data-image-description=\"\" data-image-caption=\"\" data-large-file=\"https:\/\/cloud.alqueria.es\/wp-content\/uploads\/sites\/6\/2022\/01\/DSC05862.jpg\" class=\"alignnone size-full wp-image-29081\" src=\"https:\/\/cloud.alqueria.es\/wp-content\/uploads\/sites\/6\/2022\/01\/DSC05862.jpg\" alt=\"\" width=\"640\" height=\"480\" srcset=\"https:\/\/cloud.alqueria.es\/wp-content\/uploads\/sites\/6\/2022\/01\/DSC05862.jpg 640w, https:\/\/cloud.alqueria.es\/wp-content\/uploads\/sites\/6\/2022\/01\/DSC05862-300x225.jpg 300w\" sizes=\"(max-width: 640px) 100vw, 640px\" \/><\/p>\n<p>En la carretera nos encontramos esto. Comentamos lo que significa en un espacio como la vega, donde durante muchos a\u00f1os las vaquer\u00edas han sido una de las explotaciones m\u00e1s importantes.<\/p>\n<p><img decoding=\"async\" data-attachment-id=\"29082\" data-permalink=\"https:\/\/www.alqueria.es\/blogs\/alqueriaprimerciclo\/2022\/01\/26\/mejor-dias-para-la-paz\/dsc05864-2\/\" data-orig-file=\"https:\/\/cloud.alqueria.es\/wp-content\/uploads\/sites\/6\/2022\/01\/DSC05864.jpg\" data-orig-size=\"640,480\" data-comments-opened=\"1\" data-image-meta=\"{&quot;aperture&quot;:&quot;2.8&quot;,&quot;credit&quot;:&quot;&quot;,&quot;camera&quot;:&quot;DSC-W510&quot;,&quot;caption&quot;:&quot;&quot;,&quot;created_timestamp&quot;:&quot;1642929956&quot;,&quot;copyright&quot;:&quot;Copyright 2009&quot;,&quot;focal_length&quot;:&quot;4.7&quot;,&quot;iso&quot;:&quot;80&quot;,&quot;shutter_speed&quot;:&quot;0.0015625&quot;,&quot;title&quot;:&quot;&quot;,&quot;orientation&quot;:&quot;1&quot;}\" data-image-title=\"DSC05864\" data-image-description=\"\" data-image-caption=\"\" data-large-file=\"https:\/\/cloud.alqueria.es\/wp-content\/uploads\/sites\/6\/2022\/01\/DSC05864.jpg\" class=\"alignnone size-full wp-image-29082\" src=\"https:\/\/cloud.alqueria.es\/wp-content\/uploads\/sites\/6\/2022\/01\/DSC05864.jpg\" alt=\"\" width=\"640\" height=\"480\" srcset=\"https:\/\/cloud.alqueria.es\/wp-content\/uploads\/sites\/6\/2022\/01\/DSC05864.jpg 640w, https:\/\/cloud.alqueria.es\/wp-content\/uploads\/sites\/6\/2022\/01\/DSC05864-300x225.jpg 300w\" sizes=\"(max-width: 640px) 100vw, 640px\" \/> <img decoding=\"async\" data-attachment-id=\"29083\" data-permalink=\"https:\/\/www.alqueria.es\/blogs\/alqueriaprimerciclo\/2022\/01\/26\/mejor-dias-para-la-paz\/dsc05865-2\/\" data-orig-file=\"https:\/\/cloud.alqueria.es\/wp-content\/uploads\/sites\/6\/2022\/01\/DSC05865.jpg\" data-orig-size=\"640,480\" data-comments-opened=\"1\" data-image-meta=\"{&quot;aperture&quot;:&quot;2.8&quot;,&quot;credit&quot;:&quot;&quot;,&quot;camera&quot;:&quot;DSC-W510&quot;,&quot;caption&quot;:&quot;&quot;,&quot;created_timestamp&quot;:&quot;1642930064&quot;,&quot;copyright&quot;:&quot;Copyright 2009&quot;,&quot;focal_length&quot;:&quot;4.7&quot;,&quot;iso&quot;:&quot;80&quot;,&quot;shutter_speed&quot;:&quot;0.00125&quot;,&quot;title&quot;:&quot;&quot;,&quot;orientation&quot;:&quot;1&quot;}\" data-image-title=\"DSC05865\" data-image-description=\"\" data-image-caption=\"\" data-large-file=\"https:\/\/cloud.alqueria.es\/wp-content\/uploads\/sites\/6\/2022\/01\/DSC05865.jpg\" class=\"alignnone size-full wp-image-29083\" src=\"https:\/\/cloud.alqueria.es\/wp-content\/uploads\/sites\/6\/2022\/01\/DSC05865.jpg\" alt=\"\" width=\"640\" height=\"480\" srcset=\"https:\/\/cloud.alqueria.es\/wp-content\/uploads\/sites\/6\/2022\/01\/DSC05865.jpg 640w, https:\/\/cloud.alqueria.es\/wp-content\/uploads\/sites\/6\/2022\/01\/DSC05865-300x225.jpg 300w\" sizes=\"(max-width: 640px) 100vw, 640px\" \/><\/p>\n<p>Encontramos los suelos labrados formando l\u00edneas paralelas, gracias al trabajo de los tractores. Unas con ajos que parecen los pelillos de una gran calva y otras completamente afeitada.<\/p>\n<p><img decoding=\"async\" data-attachment-id=\"29084\" data-permalink=\"https:\/\/www.alqueria.es\/blogs\/alqueriaprimerciclo\/2022\/01\/26\/mejor-dias-para-la-paz\/dsc05866-2\/\" data-orig-file=\"https:\/\/cloud.alqueria.es\/wp-content\/uploads\/sites\/6\/2022\/01\/DSC05866.jpg\" data-orig-size=\"480,640\" data-comments-opened=\"1\" data-image-meta=\"{&quot;aperture&quot;:&quot;8&quot;,&quot;credit&quot;:&quot;&quot;,&quot;camera&quot;:&quot;DSC-W510&quot;,&quot;caption&quot;:&quot;&quot;,&quot;created_timestamp&quot;:&quot;1642930176&quot;,&quot;copyright&quot;:&quot;Copyright 2009&quot;,&quot;focal_length&quot;:&quot;4.7&quot;,&quot;iso&quot;:&quot;80&quot;,&quot;shutter_speed&quot;:&quot;0.005&quot;,&quot;title&quot;:&quot;&quot;,&quot;orientation&quot;:&quot;1&quot;}\" data-image-title=\"DSC05866\" data-image-description=\"\" data-image-caption=\"\" data-large-file=\"https:\/\/cloud.alqueria.es\/wp-content\/uploads\/sites\/6\/2022\/01\/DSC05866.jpg\" class=\"alignnone size-full wp-image-29084\" src=\"https:\/\/cloud.alqueria.es\/wp-content\/uploads\/sites\/6\/2022\/01\/DSC05866.jpg\" alt=\"\" width=\"480\" height=\"640\" srcset=\"https:\/\/cloud.alqueria.es\/wp-content\/uploads\/sites\/6\/2022\/01\/DSC05866.jpg 480w, https:\/\/cloud.alqueria.es\/wp-content\/uploads\/sites\/6\/2022\/01\/DSC05866-225x300.jpg 225w\" sizes=\"(max-width: 480px) 100vw, 480px\" \/> <img decoding=\"async\" data-attachment-id=\"29085\" data-permalink=\"https:\/\/www.alqueria.es\/blogs\/alqueriaprimerciclo\/2022\/01\/26\/mejor-dias-para-la-paz\/dsc05867-2\/\" data-orig-file=\"https:\/\/cloud.alqueria.es\/wp-content\/uploads\/sites\/6\/2022\/01\/DSC05867.jpg\" data-orig-size=\"640,480\" data-comments-opened=\"1\" data-image-meta=\"{&quot;aperture&quot;:&quot;8&quot;,&quot;credit&quot;:&quot;&quot;,&quot;camera&quot;:&quot;DSC-W510&quot;,&quot;caption&quot;:&quot;&quot;,&quot;created_timestamp&quot;:&quot;1642930283&quot;,&quot;copyright&quot;:&quot;Copyright 2009&quot;,&quot;focal_length&quot;:&quot;4.7&quot;,&quot;iso&quot;:&quot;80&quot;,&quot;shutter_speed&quot;:&quot;0.001&quot;,&quot;title&quot;:&quot;&quot;,&quot;orientation&quot;:&quot;1&quot;}\" data-image-title=\"DSC05867\" data-image-description=\"\" data-image-caption=\"\" data-large-file=\"https:\/\/cloud.alqueria.es\/wp-content\/uploads\/sites\/6\/2022\/01\/DSC05867.jpg\" class=\"alignnone size-full wp-image-29085\" src=\"https:\/\/cloud.alqueria.es\/wp-content\/uploads\/sites\/6\/2022\/01\/DSC05867.jpg\" alt=\"\" width=\"640\" height=\"480\" srcset=\"https:\/\/cloud.alqueria.es\/wp-content\/uploads\/sites\/6\/2022\/01\/DSC05867.jpg 640w, https:\/\/cloud.alqueria.es\/wp-content\/uploads\/sites\/6\/2022\/01\/DSC05867-300x225.jpg 300w\" sizes=\"(max-width: 640px) 100vw, 640px\" \/><\/p>\n<p>Los chopos sin hojas, pero al acercarnos vemos las yemas en las ramas, llenas de vida.<\/p>\n<p><img decoding=\"async\" data-attachment-id=\"29087\" data-permalink=\"https:\/\/www.alqueria.es\/blogs\/alqueriaprimerciclo\/2022\/01\/26\/mejor-dias-para-la-paz\/dsc05868-2\/\" data-orig-file=\"https:\/\/cloud.alqueria.es\/wp-content\/uploads\/sites\/6\/2022\/01\/DSC05868.jpg\" data-orig-size=\"640,480\" data-comments-opened=\"1\" data-image-meta=\"{&quot;aperture&quot;:&quot;8&quot;,&quot;credit&quot;:&quot;&quot;,&quot;camera&quot;:&quot;DSC-W510&quot;,&quot;caption&quot;:&quot;&quot;,&quot;created_timestamp&quot;:&quot;1642930785&quot;,&quot;copyright&quot;:&quot;Copyright 2009&quot;,&quot;focal_length&quot;:&quot;4.7&quot;,&quot;iso&quot;:&quot;80&quot;,&quot;shutter_speed&quot;:&quot;0.00625&quot;,&quot;title&quot;:&quot;&quot;,&quot;orientation&quot;:&quot;1&quot;}\" data-image-title=\"DSC05868\" data-image-description=\"\" data-image-caption=\"\" data-large-file=\"https:\/\/cloud.alqueria.es\/wp-content\/uploads\/sites\/6\/2022\/01\/DSC05868.jpg\" class=\"alignnone size-full wp-image-29087\" src=\"https:\/\/cloud.alqueria.es\/wp-content\/uploads\/sites\/6\/2022\/01\/DSC05868.jpg\" alt=\"\" width=\"640\" height=\"480\" srcset=\"https:\/\/cloud.alqueria.es\/wp-content\/uploads\/sites\/6\/2022\/01\/DSC05868.jpg 640w, https:\/\/cloud.alqueria.es\/wp-content\/uploads\/sites\/6\/2022\/01\/DSC05868-300x225.jpg 300w\" sizes=\"(max-width: 640px) 100vw, 640px\" \/> <img decoding=\"async\" data-attachment-id=\"29088\" data-permalink=\"https:\/\/www.alqueria.es\/blogs\/alqueriaprimerciclo\/2022\/01\/26\/mejor-dias-para-la-paz\/dsc05869\/\" data-orig-file=\"https:\/\/cloud.alqueria.es\/wp-content\/uploads\/sites\/6\/2022\/01\/DSC05869.jpg\" data-orig-size=\"480,640\" data-comments-opened=\"1\" data-image-meta=\"{&quot;aperture&quot;:&quot;2.8&quot;,&quot;credit&quot;:&quot;&quot;,&quot;camera&quot;:&quot;DSC-W510&quot;,&quot;caption&quot;:&quot;&quot;,&quot;created_timestamp&quot;:&quot;1642930806&quot;,&quot;copyright&quot;:&quot;Copyright 2009&quot;,&quot;focal_length&quot;:&quot;4.7&quot;,&quot;iso&quot;:&quot;80&quot;,&quot;shutter_speed&quot;:&quot;0.0025&quot;,&quot;title&quot;:&quot;&quot;,&quot;orientation&quot;:&quot;1&quot;}\" data-image-title=\"DSC05869\" data-image-description=\"\" data-image-caption=\"\" data-large-file=\"https:\/\/cloud.alqueria.es\/wp-content\/uploads\/sites\/6\/2022\/01\/DSC05869.jpg\" class=\"alignnone size-full wp-image-29088\" src=\"https:\/\/cloud.alqueria.es\/wp-content\/uploads\/sites\/6\/2022\/01\/DSC05869.jpg\" alt=\"\" width=\"480\" height=\"640\" srcset=\"https:\/\/cloud.alqueria.es\/wp-content\/uploads\/sites\/6\/2022\/01\/DSC05869.jpg 480w, https:\/\/cloud.alqueria.es\/wp-content\/uploads\/sites\/6\/2022\/01\/DSC05869-225x300.jpg 225w\" sizes=\"(max-width: 480px) 100vw, 480px\" \/><\/p>\n<p>Cruzamos el puente sobre el r\u00edo Beiro, que en esta excursi\u00f3n podemos verlo con caudal de agua.<\/p>\n<p>En el trayecto nos detenemos a estudiar el entorno.<\/p>\n<p><img decoding=\"async\" data-attachment-id=\"29089\" data-permalink=\"https:\/\/www.alqueria.es\/blogs\/alqueriaprimerciclo\/2022\/01\/26\/mejor-dias-para-la-paz\/dsc05871-2\/\" data-orig-file=\"https:\/\/cloud.alqueria.es\/wp-content\/uploads\/sites\/6\/2022\/01\/DSC05871.jpg\" data-orig-size=\"640,480\" data-comments-opened=\"1\" data-image-meta=\"{&quot;aperture&quot;:&quot;11&quot;,&quot;credit&quot;:&quot;&quot;,&quot;camera&quot;:&quot;DSC-W510&quot;,&quot;caption&quot;:&quot;&quot;,&quot;created_timestamp&quot;:&quot;1642931144&quot;,&quot;copyright&quot;:&quot;Copyright 2009&quot;,&quot;focal_length&quot;:&quot;9.5&quot;,&quot;iso&quot;:&quot;80&quot;,&quot;shutter_speed&quot;:&quot;0.003125&quot;,&quot;title&quot;:&quot;&quot;,&quot;orientation&quot;:&quot;1&quot;}\" data-image-title=\"DSC05871\" data-image-description=\"\" data-image-caption=\"\" data-large-file=\"https:\/\/cloud.alqueria.es\/wp-content\/uploads\/sites\/6\/2022\/01\/DSC05871.jpg\" class=\"alignnone size-full wp-image-29089\" src=\"https:\/\/cloud.alqueria.es\/wp-content\/uploads\/sites\/6\/2022\/01\/DSC05871.jpg\" alt=\"\" width=\"640\" height=\"480\" srcset=\"https:\/\/cloud.alqueria.es\/wp-content\/uploads\/sites\/6\/2022\/01\/DSC05871.jpg 640w, https:\/\/cloud.alqueria.es\/wp-content\/uploads\/sites\/6\/2022\/01\/DSC05871-300x225.jpg 300w\" sizes=\"(max-width: 640px) 100vw, 640px\" \/><\/p>\n<p>Comprobamos que el campo que siempre tiene esp\u00e1rragos est\u00e1 yermo en esta \u00e9poca.<\/p>\n<p><img decoding=\"async\" data-attachment-id=\"29093\" data-permalink=\"https:\/\/www.alqueria.es\/blogs\/alqueriaprimerciclo\/2022\/01\/26\/mejor-dias-para-la-paz\/dsc05870\/\" data-orig-file=\"https:\/\/cloud.alqueria.es\/wp-content\/uploads\/sites\/6\/2022\/01\/DSC05870.jpg\" data-orig-size=\"640,480\" data-comments-opened=\"1\" data-image-meta=\"{&quot;aperture&quot;:&quot;2.8&quot;,&quot;credit&quot;:&quot;&quot;,&quot;camera&quot;:&quot;DSC-W510&quot;,&quot;caption&quot;:&quot;&quot;,&quot;created_timestamp&quot;:&quot;1642931103&quot;,&quot;copyright&quot;:&quot;Copyright 2009&quot;,&quot;focal_length&quot;:&quot;4.7&quot;,&quot;iso&quot;:&quot;80&quot;,&quot;shutter_speed&quot;:&quot;0.0015625&quot;,&quot;title&quot;:&quot;&quot;,&quot;orientation&quot;:&quot;1&quot;}\" data-image-title=\"DSC05870\" data-image-description=\"\" data-image-caption=\"\" data-large-file=\"https:\/\/cloud.alqueria.es\/wp-content\/uploads\/sites\/6\/2022\/01\/DSC05870.jpg\" class=\"alignnone size-full wp-image-29093\" src=\"https:\/\/cloud.alqueria.es\/wp-content\/uploads\/sites\/6\/2022\/01\/DSC05870.jpg\" alt=\"\" width=\"640\" height=\"480\" srcset=\"https:\/\/cloud.alqueria.es\/wp-content\/uploads\/sites\/6\/2022\/01\/DSC05870.jpg 640w, https:\/\/cloud.alqueria.es\/wp-content\/uploads\/sites\/6\/2022\/01\/DSC05870-300x225.jpg 300w\" sizes=\"(max-width: 640px) 100vw, 640px\" \/><\/p>\n<p>Y decidimos disfrutarlo, tom\u00e1ndonos la fruta en \u00e9l.<\/p>\n<p><img decoding=\"async\" data-attachment-id=\"29092\" data-permalink=\"https:\/\/www.alqueria.es\/blogs\/alqueriaprimerciclo\/2022\/01\/26\/mejor-dias-para-la-paz\/dsc05874\/\" data-orig-file=\"https:\/\/cloud.alqueria.es\/wp-content\/uploads\/sites\/6\/2022\/01\/DSC05874.jpg\" data-orig-size=\"640,480\" data-comments-opened=\"1\" data-image-meta=\"{&quot;aperture&quot;:&quot;8&quot;,&quot;credit&quot;:&quot;&quot;,&quot;camera&quot;:&quot;DSC-W510&quot;,&quot;caption&quot;:&quot;&quot;,&quot;created_timestamp&quot;:&quot;1642932361&quot;,&quot;copyright&quot;:&quot;Copyright 2009&quot;,&quot;focal_length&quot;:&quot;4.7&quot;,&quot;iso&quot;:&quot;80&quot;,&quot;shutter_speed&quot;:&quot;0.004&quot;,&quot;title&quot;:&quot;&quot;,&quot;orientation&quot;:&quot;1&quot;}\" data-image-title=\"DSC05874\" data-image-description=\"\" data-image-caption=\"\" data-large-file=\"https:\/\/cloud.alqueria.es\/wp-content\/uploads\/sites\/6\/2022\/01\/DSC05874.jpg\" class=\"alignnone size-full wp-image-29092\" src=\"https:\/\/cloud.alqueria.es\/wp-content\/uploads\/sites\/6\/2022\/01\/DSC05874.jpg\" alt=\"\" width=\"640\" height=\"480\" srcset=\"https:\/\/cloud.alqueria.es\/wp-content\/uploads\/sites\/6\/2022\/01\/DSC05874.jpg 640w, https:\/\/cloud.alqueria.es\/wp-content\/uploads\/sites\/6\/2022\/01\/DSC05874-300x225.jpg 300w\" sizes=\"(max-width: 640px) 100vw, 640px\" \/><\/p>\n<p>El terreno consecutivo es otra joya de espacio abierto que exploramos con frenes\u00ed, corriendo sin parar para alcanzar el horizonte.<\/p>\n<p><img decoding=\"async\" data-attachment-id=\"29094\" data-permalink=\"https:\/\/www.alqueria.es\/blogs\/alqueriaprimerciclo\/2022\/01\/26\/mejor-dias-para-la-paz\/dsc05875-2\/\" data-orig-file=\"https:\/\/cloud.alqueria.es\/wp-content\/uploads\/sites\/6\/2022\/01\/DSC05875.jpg\" data-orig-size=\"640,480\" data-comments-opened=\"1\" data-image-meta=\"{&quot;aperture&quot;:&quot;8&quot;,&quot;credit&quot;:&quot;&quot;,&quot;camera&quot;:&quot;DSC-W510&quot;,&quot;caption&quot;:&quot;&quot;,&quot;created_timestamp&quot;:&quot;1642933545&quot;,&quot;copyright&quot;:&quot;Copyright 2009&quot;,&quot;focal_length&quot;:&quot;4.7&quot;,&quot;iso&quot;:&quot;80&quot;,&quot;shutter_speed&quot;:&quot;0.004&quot;,&quot;title&quot;:&quot;&quot;,&quot;orientation&quot;:&quot;1&quot;}\" data-image-title=\"DSC05875\" data-image-description=\"\" data-image-caption=\"\" data-large-file=\"https:\/\/cloud.alqueria.es\/wp-content\/uploads\/sites\/6\/2022\/01\/DSC05875.jpg\" class=\"alignnone size-full wp-image-29094\" src=\"https:\/\/cloud.alqueria.es\/wp-content\/uploads\/sites\/6\/2022\/01\/DSC05875.jpg\" alt=\"\" width=\"640\" height=\"480\" srcset=\"https:\/\/cloud.alqueria.es\/wp-content\/uploads\/sites\/6\/2022\/01\/DSC05875.jpg 640w, https:\/\/cloud.alqueria.es\/wp-content\/uploads\/sites\/6\/2022\/01\/DSC05875-300x225.jpg 300w\" sizes=\"(max-width: 640px) 100vw, 640px\" \/><\/p>\n<p>Pero es que el siguiente es una sala de psicomotricidad gruesa enorme y al aire libre. Los terrones del suelo hacen las delicias para un ejercicio de equilibrio y control postural.<\/p>\n<p><img decoding=\"async\" data-attachment-id=\"29095\" data-permalink=\"https:\/\/www.alqueria.es\/blogs\/alqueriaprimerciclo\/2022\/01\/26\/mejor-dias-para-la-paz\/dsc05876\/\" data-orig-file=\"https:\/\/cloud.alqueria.es\/wp-content\/uploads\/sites\/6\/2022\/01\/DSC05876.jpg\" data-orig-size=\"640,480\" data-comments-opened=\"1\" data-image-meta=\"{&quot;aperture&quot;:&quot;5.9&quot;,&quot;credit&quot;:&quot;&quot;,&quot;camera&quot;:&quot;DSC-W510&quot;,&quot;caption&quot;:&quot;&quot;,&quot;created_timestamp&quot;:&quot;1642934427&quot;,&quot;copyright&quot;:&quot;Copyright 2009&quot;,&quot;focal_length&quot;:&quot;18.8&quot;,&quot;iso&quot;:&quot;80&quot;,&quot;shutter_speed&quot;:&quot;0.0025&quot;,&quot;title&quot;:&quot;&quot;,&quot;orientation&quot;:&quot;1&quot;}\" data-image-title=\"DSC05876\" data-image-description=\"\" data-image-caption=\"\" data-large-file=\"https:\/\/cloud.alqueria.es\/wp-content\/uploads\/sites\/6\/2022\/01\/DSC05876.jpg\" class=\"alignnone size-full wp-image-29095\" src=\"https:\/\/cloud.alqueria.es\/wp-content\/uploads\/sites\/6\/2022\/01\/DSC05876.jpg\" alt=\"\" width=\"640\" height=\"480\" srcset=\"https:\/\/cloud.alqueria.es\/wp-content\/uploads\/sites\/6\/2022\/01\/DSC05876.jpg 640w, https:\/\/cloud.alqueria.es\/wp-content\/uploads\/sites\/6\/2022\/01\/DSC05876-300x225.jpg 300w\" sizes=\"(max-width: 640px) 100vw, 640px\" \/> <img decoding=\"async\" data-attachment-id=\"29096\" data-permalink=\"https:\/\/www.alqueria.es\/blogs\/alqueriaprimerciclo\/2022\/01\/26\/mejor-dias-para-la-paz\/dsc05877-2\/\" data-orig-file=\"https:\/\/cloud.alqueria.es\/wp-content\/uploads\/sites\/6\/2022\/01\/DSC05877.jpg\" data-orig-size=\"640,480\" data-comments-opened=\"1\" data-image-meta=\"{&quot;aperture&quot;:&quot;5.9&quot;,&quot;credit&quot;:&quot;&quot;,&quot;camera&quot;:&quot;DSC-W510&quot;,&quot;caption&quot;:&quot;&quot;,&quot;created_timestamp&quot;:&quot;1642934439&quot;,&quot;copyright&quot;:&quot;Copyright 2009&quot;,&quot;focal_length&quot;:&quot;18.8&quot;,&quot;iso&quot;:&quot;80&quot;,&quot;shutter_speed&quot;:&quot;0.002&quot;,&quot;title&quot;:&quot;&quot;,&quot;orientation&quot;:&quot;1&quot;}\" data-image-title=\"DSC05877\" data-image-description=\"\" data-image-caption=\"\" data-large-file=\"https:\/\/cloud.alqueria.es\/wp-content\/uploads\/sites\/6\/2022\/01\/DSC05877.jpg\" class=\"alignnone size-full wp-image-29096\" src=\"https:\/\/cloud.alqueria.es\/wp-content\/uploads\/sites\/6\/2022\/01\/DSC05877.jpg\" alt=\"\" width=\"640\" height=\"480\" srcset=\"https:\/\/cloud.alqueria.es\/wp-content\/uploads\/sites\/6\/2022\/01\/DSC05877.jpg 640w, https:\/\/cloud.alqueria.es\/wp-content\/uploads\/sites\/6\/2022\/01\/DSC05877-300x225.jpg 300w\" sizes=\"(max-width: 640px) 100vw, 640px\" \/><\/p>\n<p>Las ca\u00eddas forman parte de la diversi\u00f3n.<\/p>\n<p><img decoding=\"async\" data-attachment-id=\"29097\" data-permalink=\"https:\/\/www.alqueria.es\/blogs\/alqueriaprimerciclo\/2022\/01\/26\/mejor-dias-para-la-paz\/dsc05880\/\" data-orig-file=\"https:\/\/cloud.alqueria.es\/wp-content\/uploads\/sites\/6\/2022\/01\/DSC05880.jpg\" data-orig-size=\"640,480\" data-comments-opened=\"1\" data-image-meta=\"{&quot;aperture&quot;:&quot;2.8&quot;,&quot;credit&quot;:&quot;&quot;,&quot;camera&quot;:&quot;DSC-W510&quot;,&quot;caption&quot;:&quot;&quot;,&quot;created_timestamp&quot;:&quot;1642937125&quot;,&quot;copyright&quot;:&quot;Copyright 2009&quot;,&quot;focal_length&quot;:&quot;4.7&quot;,&quot;iso&quot;:&quot;80&quot;,&quot;shutter_speed&quot;:&quot;0.00125&quot;,&quot;title&quot;:&quot;&quot;,&quot;orientation&quot;:&quot;1&quot;}\" data-image-title=\"DSC05880\" data-image-description=\"\" data-image-caption=\"\" data-large-file=\"https:\/\/cloud.alqueria.es\/wp-content\/uploads\/sites\/6\/2022\/01\/DSC05880.jpg\" class=\"alignnone size-full wp-image-29097\" src=\"https:\/\/cloud.alqueria.es\/wp-content\/uploads\/sites\/6\/2022\/01\/DSC05880.jpg\" alt=\"\" width=\"640\" height=\"480\" srcset=\"https:\/\/cloud.alqueria.es\/wp-content\/uploads\/sites\/6\/2022\/01\/DSC05880.jpg 640w, https:\/\/cloud.alqueria.es\/wp-content\/uploads\/sites\/6\/2022\/01\/DSC05880-300x225.jpg 300w\" sizes=\"(max-width: 640px) 100vw, 640px\" \/><\/p>\n<p>Estos ejercicios fomentan \u00abel principio de una buena amistad\u00bb, con conversaciones muy personales.<\/p>\n<p>El viernes continuar\u00e1&#8230;<\/p>\n<p>Un saludo a la tribu desde esta entrada especial en el blog.<\/p>\n<p>Rosi R\u00e0fols<\/p>\n","protected":false},"excerpt":{"rendered":"<p>Taller de escritura Como esta semana vamos a trabajar la \u00bb No violencia\u00bb y la Paz, la empezamos aclarando la raz\u00f3n de ser de esta celebraci\u00f3n. Una cosa es la Paz Mundial y otra la Paz de nuestro entorno, que es la que debemos conseguir para comprender la de los dem\u00e1s. Para eso hacemos un &hellip; <a href=\"https:\/\/www.alqueria.es\/blogs\/alqueriaprimerciclo\/2022\/01\/26\/mejor-dias-para-la-paz\/\" class=\"more-link\">Seguir leyendo <span class=\"screen-reader-text\">Mejor, d\u00edas para la Paz<\/span> <span class=\"meta-nav\">&rarr;<\/span><\/a><\/p>\n","protected":false},"author":12,"featured_media":0,"comment_status":"open","ping_status":"open","sticky":false,"template":"","format":"standard","meta":{"jetpack_post_was_ever_published":false,"_jetpack_newsletter_access":"","_jetpack_dont_email_post_to_subs":false,"_jetpack_newsletter_tier_id":0,"_jetpack_memberships_contains_paywalled_content":false,"_jetpack_memberships_contains_paid_content":false,"footnotes":"","jetpack_publicize_message":"","jetpack_publicize_feature_enabled":true,"jetpack_social_post_already_shared":true,"jetpack_social_options":{"image_generator_settings":{"template":"highway","default_image_id":0,"font":"","enabled":false},"version":2}},"categories":[3,187,7,119,9,26,167,13,15,20],"tags":[32,147,104,60],"class_list":["post-29043","post","type-post","status-publish","format-standard","hentry","category-2o-epo","category-ciencia","category-conocimiento-del-medio-2o","category-dia-de-la-paz","category-diario-de-clase-2o","category-educacion-artistica-2o","category-educacion-emocional","category-lecto-escritura-2o","category-matematicas-2o","category-salidas-2o","tag-alqueria","tag-aprendemos-de-otra-manera","tag-escritura-en-el-primer-ciclo-de-primaria","tag-primaria"],"jetpack_publicize_connections":[],"jetpack_featured_media_url":"","jetpack_sharing_enabled":true,"jetpack_shortlink":"https:\/\/wp.me\/p4lvS0-7yr","_links":{"self":[{"href":"https:\/\/www.alqueria.es\/blogs\/alqueriaprimerciclo\/wp-json\/wp\/v2\/posts\/29043","targetHints":{"allow":["GET"]}}],"collection":[{"href":"https:\/\/www.alqueria.es\/blogs\/alqueriaprimerciclo\/wp-json\/wp\/v2\/posts"}],"about":[{"href":"https:\/\/www.alqueria.es\/blogs\/alqueriaprimerciclo\/wp-json\/wp\/v2\/types\/post"}],"author":[{"embeddable":true,"href":"https:\/\/www.alqueria.es\/blogs\/alqueriaprimerciclo\/wp-json\/wp\/v2\/users\/12"}],"replies":[{"embeddable":true,"href":"https:\/\/www.alqueria.es\/blogs\/alqueriaprimerciclo\/wp-json\/wp\/v2\/comments?post=29043"}],"version-history":[{"count":14,"href":"https:\/\/www.alqueria.es\/blogs\/alqueriaprimerciclo\/wp-json\/wp\/v2\/posts\/29043\/revisions"}],"predecessor-version":[{"id":29101,"href":"https:\/\/www.alqueria.es\/blogs\/alqueriaprimerciclo\/wp-json\/wp\/v2\/posts\/29043\/revisions\/29101"}],"wp:attachment":[{"href":"https:\/\/www.alqueria.es\/blogs\/alqueriaprimerciclo\/wp-json\/wp\/v2\/media?parent=29043"}],"wp:term":[{"taxonomy":"category","embeddable":true,"href":"https:\/\/www.alqueria.es\/blogs\/alqueriaprimerciclo\/wp-json\/wp\/v2\/categories?post=29043"},{"taxonomy":"post_tag","embeddable":true,"href":"https:\/\/www.alqueria.es\/blogs\/alqueriaprimerciclo\/wp-json\/wp\/v2\/tags?post=29043"}],"curies":[{"name":"wp","href":"https:\/\/api.w.org\/{rel}","templated":true}]}}