{"id":29775,"date":"2022-03-19T18:45:52","date_gmt":"2022-03-19T17:45:52","guid":{"rendered":"https:\/\/www.alqueria.es\/blogs\/alqueriaprimerciclo\/?p=29775"},"modified":"2022-03-19T18:45:52","modified_gmt":"2022-03-19T17:45:52","slug":"proyecto-colaborativo-la-alhambra-2","status":"publish","type":"post","link":"https:\/\/www.alqueria.es\/blogs\/alqueriaprimerciclo\/2022\/03\/19\/proyecto-colaborativo-la-alhambra-2\/","title":{"rendered":"Proyecto colaborativo: La Alhambra"},"content":{"rendered":"<ul>\n<li><span style=\"color: #0000ff\"><strong>Proyecto colaborativo la Alhambra<\/strong><\/span><\/li>\n<\/ul>\n<p><img decoding=\"async\" data-attachment-id=\"29814\" data-permalink=\"https:\/\/www.alqueria.es\/blogs\/alqueriaprimerciclo\/2022\/03\/19\/proyecto-colaborativo-la-alhambra-2\/attachment\/1647711906537\/\" data-orig-file=\"https:\/\/cloud.alqueria.es\/wp-content\/uploads\/sites\/6\/2022\/03\/1647711906537.jpg\" data-orig-size=\"524,281\" data-comments-opened=\"1\" data-image-meta=\"{&quot;aperture&quot;:&quot;0&quot;,&quot;credit&quot;:&quot;&quot;,&quot;camera&quot;:&quot;&quot;,&quot;caption&quot;:&quot;&quot;,&quot;created_timestamp&quot;:&quot;0&quot;,&quot;copyright&quot;:&quot;&quot;,&quot;focal_length&quot;:&quot;0&quot;,&quot;iso&quot;:&quot;0&quot;,&quot;shutter_speed&quot;:&quot;0&quot;,&quot;title&quot;:&quot;&quot;,&quot;orientation&quot;:&quot;1&quot;}\" data-image-title=\"1647711906537\" data-image-description=\"\" data-image-caption=\"\" data-large-file=\"https:\/\/cloud.alqueria.es\/wp-content\/uploads\/sites\/6\/2022\/03\/1647711906537.jpg\" class=\"alignnone size-medium wp-image-29814\" src=\"https:\/\/cloud.alqueria.es\/wp-content\/uploads\/sites\/6\/2022\/03\/1647711906537-300x161.jpg\" alt=\"\" width=\"300\" height=\"161\" srcset=\"https:\/\/cloud.alqueria.es\/wp-content\/uploads\/sites\/6\/2022\/03\/1647711906537-300x161.jpg 300w, https:\/\/cloud.alqueria.es\/wp-content\/uploads\/sites\/6\/2022\/03\/1647711906537.jpg 524w\" sizes=\"(max-width: 300px) 100vw, 300px\" \/><\/p>\n<p>Nuestro proyecto de conocimiento sobre la ciudad de la Alhambra avanza y va cogiendo forma. Se acerca la fecha de la visita al recinto amurallado y estamos deseosos de que llegue el momento.<\/p>\n<p><img decoding=\"async\" data-attachment-id=\"29811\" data-permalink=\"https:\/\/www.alqueria.es\/blogs\/alqueriaprimerciclo\/2022\/03\/19\/proyecto-colaborativo-la-alhambra-2\/p20315-101953_comps\/\" data-orig-file=\"https:\/\/cloud.alqueria.es\/wp-content\/uploads\/sites\/6\/2022\/03\/P20315-101953_comps.jpg\" data-orig-size=\"1875,2500\" data-comments-opened=\"1\" data-image-meta=\"{&quot;aperture&quot;:&quot;2.2&quot;,&quot;credit&quot;:&quot;&quot;,&quot;camera&quot;:&quot;MEIZU_M5&quot;,&quot;caption&quot;:&quot;&quot;,&quot;created_timestamp&quot;:&quot;1647339593&quot;,&quot;copyright&quot;:&quot;&quot;,&quot;focal_length&quot;:&quot;3.5&quot;,&quot;iso&quot;:&quot;147&quot;,&quot;shutter_speed&quot;:&quot;0.029996&quot;,&quot;title&quot;:&quot;&quot;,&quot;orientation&quot;:&quot;1&quot;}\" data-image-title=\"P20315-101953_comps\" data-image-description=\"\" data-image-caption=\"\" data-large-file=\"https:\/\/cloud.alqueria.es\/wp-content\/uploads\/sites\/6\/2022\/03\/P20315-101953_comps-768x1024.jpg\" class=\"alignnone size-medium wp-image-29811\" src=\"https:\/\/cloud.alqueria.es\/wp-content\/uploads\/sites\/6\/2022\/03\/P20315-101953_comps-225x300.jpg\" alt=\"\" width=\"225\" height=\"300\" srcset=\"https:\/\/cloud.alqueria.es\/wp-content\/uploads\/sites\/6\/2022\/03\/P20315-101953_comps-225x300.jpg 225w, https:\/\/cloud.alqueria.es\/wp-content\/uploads\/sites\/6\/2022\/03\/P20315-101953_comps-768x1024.jpg 768w, https:\/\/cloud.alqueria.es\/wp-content\/uploads\/sites\/6\/2022\/03\/P20315-101953_comps-1152x1536.jpg 1152w, https:\/\/cloud.alqueria.es\/wp-content\/uploads\/sites\/6\/2022\/03\/P20315-101953_comps-1536x2048.jpg 1536w, https:\/\/cloud.alqueria.es\/wp-content\/uploads\/sites\/6\/2022\/03\/P20315-101953_comps.jpg 1875w\" sizes=\"(max-width: 225px) 100vw, 225px\" \/><\/p>\n<p>Hay\u00a0 grupos encargados de informarse sobre:<\/p>\n<p>Su historia y leyendas que la envuelven.<\/p>\n<p>La muralla su funci\u00f3n y construcci\u00f3n .<\/p>\n<p>Las puertas y torres de entrada y vigilancia.<\/p>\n<p>La Alcazaba como recinto defensivo y vivienda de los soldados que la defend\u00edan.<\/p>\n<p>Los palacios: el emblem\u00e1tico de los leones, el patio de los arrayanes, la sala de las\u00a0 hermanas.<\/p>\n<p>El palacio de verano, el Generalice.<\/p>\n<p>Ya est\u00e1 preparada casi toda la informaci\u00f3n , incluso ilustrada y la pr\u00f3xima semana le datos forma a la exposici\u00f3n de esta para el resto de compa\u00f1eros.<\/p>\n<p><span style=\"color: #0000ff\"><strong>Matem\u00e1ticas y juego<\/strong><\/span><\/p>\n<p><em>El desarrollo del pensamiento l\u00f3gico matem\u00e1tico no s\u00f3lo es la base para la\u00a0<strong>construcci\u00f3n de las nociones matem\u00e1ticas<\/strong>, sino que lo es para el proceso de <strong>comprensi\u00f3n de si mismo, de su mundo y de su relaci\u00f3n como individuos con \u00e9l<\/strong>. Y, por supuesto, la mejor manera de desarrollarlo, es \u00a1jugando!<\/em><\/p>\n<p><em>El pensamiento l\u00f3gico matem\u00e1tico\u00a0<strong>es algo subjetivo<\/strong>. Existe de forma diferente en cada uno de nosotros. El ni\u00f1o lo construye de forma individual a trav\u00e9s de la\u00a0<strong>abstracci\u00f3n reflexiva<\/strong>\u00a0que surge de las experiencias al relacionarse con los objetos del mundo. Estas experiencias se organizan en su mente estructurando sus conocimientos, que no olvidar\u00e1, por tener\u00a0<strong>su origen en una acci\u00f3n vivida por \u00e9l mismo<\/strong>.<\/em><\/p>\n<p><em>Pero, \u00bfpara qu\u00e9 le sirve? Pues para comprender la\u00a0<strong>relaci\u00f3n que tiene como ser individual con el resto del mundo<\/strong>, con su entorno, el tiempo, el espacio, las cantidades. Para el desarrollo de su razonamiento y del pensamiento anal\u00edtico y cr\u00edtico, la resoluci\u00f3n de conflictos, y para afrontar dificultades y problemas.<\/em><\/p>\n<p><em>Esta capacidad\u00a0va a ir adquiri\u00e9ndola de forma<strong> progresiva<\/strong>, a lo largo de un proceso en el que intervienen todas las experiencias vividas\u00a0<strong>a trav\u00e9s del juego y de la socializaci\u00f3n<\/strong>, y que van estructur\u00e1ndose en un pensamiento que, al principio es muy concreto y que va siendo cada vez m\u00e1s abstracto, a medida que\u00a0 van creciendo<\/em>.<\/p>\n<p>En clase los juegos de mesa nos ense\u00f1an estrategias de c\u00e1lculo. Sumar 15. Movernos en la tabla de 100 seg\u00fan los dados y las indicaciones de tarjetas que nos env\u00edan hacia delante o detr\u00e1s a par o impar&#8230; Nos encanta poner las estrategias matem\u00e1ticas que vamos consiguiendo, al servicio del juego. A veces es rec\u00edproco y el juego es el que nos aporta estrategias.<\/p>\n<p><img decoding=\"async\" data-attachment-id=\"29812\" data-permalink=\"https:\/\/www.alqueria.es\/blogs\/alqueriaprimerciclo\/2022\/03\/19\/proyecto-colaborativo-la-alhambra-2\/p20314-122637_comps\/\" data-orig-file=\"https:\/\/cloud.alqueria.es\/wp-content\/uploads\/sites\/6\/2022\/03\/P20314-122637_comps.jpg\" data-orig-size=\"2500,1875\" data-comments-opened=\"1\" data-image-meta=\"{&quot;aperture&quot;:&quot;2.2&quot;,&quot;credit&quot;:&quot;&quot;,&quot;camera&quot;:&quot;MEIZU_M5&quot;,&quot;caption&quot;:&quot;&quot;,&quot;created_timestamp&quot;:&quot;1647260797&quot;,&quot;copyright&quot;:&quot;&quot;,&quot;focal_length&quot;:&quot;3.5&quot;,&quot;iso&quot;:&quot;121&quot;,&quot;shutter_speed&quot;:&quot;0.029996&quot;,&quot;title&quot;:&quot;&quot;,&quot;orientation&quot;:&quot;1&quot;}\" data-image-title=\"P20314-122637_comps\" data-image-description=\"\" data-image-caption=\"\" data-large-file=\"https:\/\/cloud.alqueria.es\/wp-content\/uploads\/sites\/6\/2022\/03\/P20314-122637_comps-1024x768.jpg\" class=\"alignnone size-medium wp-image-29812\" src=\"https:\/\/cloud.alqueria.es\/wp-content\/uploads\/sites\/6\/2022\/03\/P20314-122637_comps-300x225.jpg\" alt=\"\" width=\"300\" height=\"225\" srcset=\"https:\/\/cloud.alqueria.es\/wp-content\/uploads\/sites\/6\/2022\/03\/P20314-122637_comps-300x225.jpg 300w, https:\/\/cloud.alqueria.es\/wp-content\/uploads\/sites\/6\/2022\/03\/P20314-122637_comps-1024x768.jpg 1024w, https:\/\/cloud.alqueria.es\/wp-content\/uploads\/sites\/6\/2022\/03\/P20314-122637_comps-768x576.jpg 768w, https:\/\/cloud.alqueria.es\/wp-content\/uploads\/sites\/6\/2022\/03\/P20314-122637_comps-1536x1152.jpg 1536w, https:\/\/cloud.alqueria.es\/wp-content\/uploads\/sites\/6\/2022\/03\/P20314-122637_comps-2048x1536.jpg 2048w\" sizes=\"(max-width: 300px) 100vw, 300px\" \/><\/p>\n<ul>\n<li><span style=\"color: #0000ff\"><strong>La calima : Juegos y cine en clase<\/strong><\/span><\/li>\n<\/ul>\n<p>Los<span style=\"color: #000000\">\u00a0<a style=\"color: #000000\" title=\"Beneficios de los juegos\" href=\"https:\/\/www.guiainfantil.com\/articulos\/educacion\/aprendizaje\/beneficios-del-juego-para-ninos\/\" target=\"_top\" rel=\"noopener\">beneficios de los juegos<\/a><\/span>\u00a0de construcci\u00f3n\u00a0<strong>van m\u00e1s all\u00e1 de estimular la imaginaci\u00f3n y creatividad de los ni\u00f1os.<\/strong> Favorecen el desarrollo de diversas capacidades cognitivas como la percepci\u00f3n, la orientaci\u00f3n espacial, la atenci\u00f3n o el lenguaje entre muchas otras.<\/p>\n<p><strong>Desarrollan la coordinaci\u00f3n \u00f3culo-manual<br \/>\n<\/strong>Se trata de una habilidad de la que depende<a title=\"Actividades para mejorar la destreza oculo-manual\" href=\"https:\/\/www.guiainfantil.com\/1602\/psicomotricidad-fina-actividades-para-su-desarrollo.html\" target=\"_top\" rel=\"noopener\">\u00a0<span style=\"color: #000000\">la<\/span> <span style=\"color: #000000\">destreza manual<\/span><\/a>\u00a0indispensable para el aprendizaje de muchas tareas escolares y un sin n\u00famero de pr\u00e1cticas necesarias en la vida corriente, gracias a la cual aprendemos a ajustar los movimientos que relacionan la mano con un objeto.<\/p>\n<p><strong>Favorecen la psicomotricidad fina de manos y dedos<br \/>\n<\/strong><span style=\"color: #000000\">Fortalece los m\u00fasculos y<a style=\"color: #000000\" title=\"La psicomotricidad fina en los ni\u00f1os\" href=\"https:\/\/www.guiainfantil.com\/1599\/la-psicomotricidad-fina.html\" target=\"_top\" rel=\"noopener\">\u00a0mejora la precisi\u00f3n y la coordinaci\u00f3n<\/a>\u00a0de los movimientos que realizan los ni\u00f1os con las manos y dedos, una<\/span> habilidad imprescindible para la correcta adquisici\u00f3n de la escritura cuando llegue el momento.<\/p>\n<p><strong>\u00a0Desarrollan habilidades visio-espaciales y visio-perceptivas<br \/>\n<\/strong>Capacidades que necesitamos para ubicarnos en el espacio, utilizar las referencias del entorno y desenvolvernos en \u00e9l dando significado al mundo que nos rodea. Facilita la comprensi\u00f3n y la utilizaci\u00f3n de conceptos espaciales.<\/p>\n<p><strong>Fomentan la organizaci\u00f3n<\/strong><br \/>\nEstimulan las funciones cerebrales ejecutivas de\u00a0<span style=\"color: #000000\"><a style=\"color: #000000\" title=\"fomentar h\u00e1bitos de organizaci\u00f3n en los ni\u00f1os\" href=\"https:\/\/www.guiainfantil.com\/articulos\/educacion\/aprendizaje\/como-fomentar-habitos-de-organizacion-en-los-ninos\/\" target=\"_top\" rel=\"noopener\">organizaci\u00f3n<\/a><\/span>, planificaci\u00f3n o flexibilidad.<\/p>\n<p>Fomenta la atenci\u00f3n y concentraci\u00f3n<\/p>\n<p><strong>Estimulan la matem\u00e1ticas<br \/>\n<\/strong>Permiten el aprendizaje de conceptos matem\u00e1ticos b\u00e1sicos y de formas geom\u00e9tricas sencillas.<\/p>\n<p>Aprenden leyes f\u00edsicas como la gravedad o el equilibrio.<\/p>\n<p>&nbsp;<\/p>\n<p><strong>Enriquecen la expresi\u00f3n oral<br \/>\n<\/strong>Gracias al aumento del vocabulario que se utiliza en el juego compartido.<\/p>\n<p>Desarrollan la\u00a0<a title=\"imaginaci\u00f3n y creatividad infantil\" href=\"https:\/\/www.guiainfantil.com\/blog\/1125\/tienen-o-no-tienen-los-ninos-mucha-imaginacion.html\" target=\"_top\" rel=\"noopener\"><span style=\"color: #000000\">imaginaci\u00f3n,<\/span>\u00a0\u00a0<span style=\"color: #000000\">creatividad<\/span><\/a>.<\/p>\n<p><strong>Promueven el razonamiento cognitivo.<\/strong><\/p>\n<p>Son tambi\u00e9n un excelente material para los juegos de simulaci\u00f3n, donde los ni\u00f1os y ni\u00f1as adoptan\u00a0<span style=\"color: #000000\"><a style=\"color: #000000\" title=\"Juegos de rol para ni\u00f1os\" href=\"https:\/\/www.guiainfantil.com\/articulos\/educacion\/juegos\/los-juegos-de-rol-para-los-ninos\/\" target=\"_top\" rel=\"noopener\">diferentes roles<\/a> <\/span>o papeles, utiliz\u00e1ndolo \u00a0como mecanismo de sustituci\u00f3n y representaci\u00f3n de la realidad.<\/p>\n<p>Cuando juegan en grupo <strong>fomentan valores\u00a0<\/strong>como la\u00a0<span style=\"color: #000000\"><a style=\"color: #000000\" title=\"el valor de cooperar y colaborar\" href=\"https:\/\/www.guiainfantil.com\/articulos\/educacion\/valores\/la-cooperacion-o-colaboracion-educar-en-valores-a-los-ninos\/\" target=\"_top\" rel=\"noopener\">cooperaci\u00f3n y la colaboraci\u00f3n<\/a>.<\/span><\/p>\n<p>Fomentan el desarrollo de\u00a0<strong>una buena autoestima y autoconcepto<\/strong>, ya que el ni\u00f1o se siente capaz de realizar diferentes construcciones y si adem\u00e1s si \u00e9stas son valoradas por sus amigos mucho mejor.<\/p>\n<ul>\n<li>La arena del desierto ha llegado hasta nuestro patio as\u00ed que hemos estado unos d\u00edas sin salir al exterior a jugar.<\/li>\n<\/ul>\n<p>El juego en\u00a0 clase en tiempo de recreo. Nos organizamos tras tomar la fruta. Elegimos materiales de construcci\u00f3n como los lego y otros que compartimos para construir distintos objetos.<\/p>\n<p><img decoding=\"async\" data-attachment-id=\"29810\" data-permalink=\"https:\/\/www.alqueria.es\/blogs\/alqueriaprimerciclo\/2022\/03\/19\/proyecto-colaborativo-la-alhambra-2\/p20317-114909_comps\/\" data-orig-file=\"https:\/\/cloud.alqueria.es\/wp-content\/uploads\/sites\/6\/2022\/03\/P20317-114909_comps.jpg\" data-orig-size=\"2500,1875\" data-comments-opened=\"1\" data-image-meta=\"{&quot;aperture&quot;:&quot;2.2&quot;,&quot;credit&quot;:&quot;&quot;,&quot;camera&quot;:&quot;MEIZU_M5&quot;,&quot;caption&quot;:&quot;&quot;,&quot;created_timestamp&quot;:&quot;1647517749&quot;,&quot;copyright&quot;:&quot;&quot;,&quot;focal_length&quot;:&quot;3.5&quot;,&quot;iso&quot;:&quot;190&quot;,&quot;shutter_speed&quot;:&quot;0.029996&quot;,&quot;title&quot;:&quot;&quot;,&quot;orientation&quot;:&quot;1&quot;}\" data-image-title=\"P20317-114909_comps\" data-image-description=\"\" data-image-caption=\"\" data-large-file=\"https:\/\/cloud.alqueria.es\/wp-content\/uploads\/sites\/6\/2022\/03\/P20317-114909_comps-1024x768.jpg\" class=\"alignnone size-medium wp-image-29810\" src=\"https:\/\/cloud.alqueria.es\/wp-content\/uploads\/sites\/6\/2022\/03\/P20317-114909_comps-300x225.jpg\" alt=\"\" width=\"300\" height=\"225\" srcset=\"https:\/\/cloud.alqueria.es\/wp-content\/uploads\/sites\/6\/2022\/03\/P20317-114909_comps-300x225.jpg 300w, https:\/\/cloud.alqueria.es\/wp-content\/uploads\/sites\/6\/2022\/03\/P20317-114909_comps-1024x768.jpg 1024w, https:\/\/cloud.alqueria.es\/wp-content\/uploads\/sites\/6\/2022\/03\/P20317-114909_comps-768x576.jpg 768w, https:\/\/cloud.alqueria.es\/wp-content\/uploads\/sites\/6\/2022\/03\/P20317-114909_comps-1536x1152.jpg 1536w, https:\/\/cloud.alqueria.es\/wp-content\/uploads\/sites\/6\/2022\/03\/P20317-114909_comps-2048x1536.jpg 2048w\" sizes=\"(max-width: 300px) 100vw, 300px\" \/><\/p>\n<p><img decoding=\"async\" data-attachment-id=\"29808\" data-permalink=\"https:\/\/www.alqueria.es\/blogs\/alqueriaprimerciclo\/2022\/03\/19\/proyecto-colaborativo-la-alhambra-2\/p20317-114939_comps\/\" data-orig-file=\"https:\/\/cloud.alqueria.es\/wp-content\/uploads\/sites\/6\/2022\/03\/P20317-114939_comps.jpg\" data-orig-size=\"2500,1875\" data-comments-opened=\"1\" data-image-meta=\"{&quot;aperture&quot;:&quot;2.2&quot;,&quot;credit&quot;:&quot;&quot;,&quot;camera&quot;:&quot;MEIZU_M5&quot;,&quot;caption&quot;:&quot;&quot;,&quot;created_timestamp&quot;:&quot;1647517779&quot;,&quot;copyright&quot;:&quot;&quot;,&quot;focal_length&quot;:&quot;3.5&quot;,&quot;iso&quot;:&quot;537&quot;,&quot;shutter_speed&quot;:&quot;0.040005&quot;,&quot;title&quot;:&quot;&quot;,&quot;orientation&quot;:&quot;1&quot;}\" data-image-title=\"P20317-114939_comps\" data-image-description=\"\" data-image-caption=\"\" data-large-file=\"https:\/\/cloud.alqueria.es\/wp-content\/uploads\/sites\/6\/2022\/03\/P20317-114939_comps-1024x768.jpg\" class=\"alignnone size-medium wp-image-29808\" src=\"https:\/\/cloud.alqueria.es\/wp-content\/uploads\/sites\/6\/2022\/03\/P20317-114939_comps-300x225.jpg\" alt=\"\" width=\"300\" height=\"225\" srcset=\"https:\/\/cloud.alqueria.es\/wp-content\/uploads\/sites\/6\/2022\/03\/P20317-114939_comps-300x225.jpg 300w, https:\/\/cloud.alqueria.es\/wp-content\/uploads\/sites\/6\/2022\/03\/P20317-114939_comps-1024x768.jpg 1024w, https:\/\/cloud.alqueria.es\/wp-content\/uploads\/sites\/6\/2022\/03\/P20317-114939_comps-768x576.jpg 768w, https:\/\/cloud.alqueria.es\/wp-content\/uploads\/sites\/6\/2022\/03\/P20317-114939_comps-1536x1152.jpg 1536w, https:\/\/cloud.alqueria.es\/wp-content\/uploads\/sites\/6\/2022\/03\/P20317-114939_comps-2048x1536.jpg 2048w\" sizes=\"(max-width: 300px) 100vw, 300px\" \/><\/p>\n<p><img decoding=\"async\" data-attachment-id=\"29809\" data-permalink=\"https:\/\/www.alqueria.es\/blogs\/alqueriaprimerciclo\/2022\/03\/19\/proyecto-colaborativo-la-alhambra-2\/p20317-114925_comps\/\" data-orig-file=\"https:\/\/cloud.alqueria.es\/wp-content\/uploads\/sites\/6\/2022\/03\/P20317-114925_comps.jpg\" data-orig-size=\"2500,1875\" data-comments-opened=\"1\" data-image-meta=\"{&quot;aperture&quot;:&quot;2.2&quot;,&quot;credit&quot;:&quot;&quot;,&quot;camera&quot;:&quot;MEIZU_M5&quot;,&quot;caption&quot;:&quot;&quot;,&quot;created_timestamp&quot;:&quot;1647517766&quot;,&quot;copyright&quot;:&quot;&quot;,&quot;focal_length&quot;:&quot;3.5&quot;,&quot;iso&quot;:&quot;220&quot;,&quot;shutter_speed&quot;:&quot;0.029996&quot;,&quot;title&quot;:&quot;&quot;,&quot;orientation&quot;:&quot;1&quot;}\" data-image-title=\"P20317-114925_comps\" data-image-description=\"\" data-image-caption=\"\" data-large-file=\"https:\/\/cloud.alqueria.es\/wp-content\/uploads\/sites\/6\/2022\/03\/P20317-114925_comps-1024x768.jpg\" class=\"alignnone size-medium wp-image-29809\" src=\"https:\/\/cloud.alqueria.es\/wp-content\/uploads\/sites\/6\/2022\/03\/P20317-114925_comps-300x225.jpg\" alt=\"\" width=\"300\" height=\"225\" srcset=\"https:\/\/cloud.alqueria.es\/wp-content\/uploads\/sites\/6\/2022\/03\/P20317-114925_comps-300x225.jpg 300w, https:\/\/cloud.alqueria.es\/wp-content\/uploads\/sites\/6\/2022\/03\/P20317-114925_comps-1024x768.jpg 1024w, https:\/\/cloud.alqueria.es\/wp-content\/uploads\/sites\/6\/2022\/03\/P20317-114925_comps-768x576.jpg 768w, https:\/\/cloud.alqueria.es\/wp-content\/uploads\/sites\/6\/2022\/03\/P20317-114925_comps-1536x1152.jpg 1536w, https:\/\/cloud.alqueria.es\/wp-content\/uploads\/sites\/6\/2022\/03\/P20317-114925_comps-2048x1536.jpg 2048w\" sizes=\"(max-width: 300px) 100vw, 300px\" \/><\/p>\n<p><img decoding=\"async\" data-attachment-id=\"29807\" data-permalink=\"https:\/\/www.alqueria.es\/blogs\/alqueriaprimerciclo\/2022\/03\/19\/proyecto-colaborativo-la-alhambra-2\/p20317-114944_comps\/\" data-orig-file=\"https:\/\/cloud.alqueria.es\/wp-content\/uploads\/sites\/6\/2022\/03\/P20317-114944_comps.jpg\" data-orig-size=\"2500,1875\" data-comments-opened=\"1\" data-image-meta=\"{&quot;aperture&quot;:&quot;2.2&quot;,&quot;credit&quot;:&quot;&quot;,&quot;camera&quot;:&quot;MEIZU_M5&quot;,&quot;caption&quot;:&quot;&quot;,&quot;created_timestamp&quot;:&quot;1647517784&quot;,&quot;copyright&quot;:&quot;&quot;,&quot;focal_length&quot;:&quot;3.5&quot;,&quot;iso&quot;:&quot;590&quot;,&quot;shutter_speed&quot;:&quot;0.029996&quot;,&quot;title&quot;:&quot;&quot;,&quot;orientation&quot;:&quot;1&quot;}\" data-image-title=\"P20317-114944_comps\" data-image-description=\"\" data-image-caption=\"\" data-large-file=\"https:\/\/cloud.alqueria.es\/wp-content\/uploads\/sites\/6\/2022\/03\/P20317-114944_comps-1024x768.jpg\" class=\"alignnone size-medium wp-image-29807\" src=\"https:\/\/cloud.alqueria.es\/wp-content\/uploads\/sites\/6\/2022\/03\/P20317-114944_comps-300x225.jpg\" alt=\"\" width=\"300\" height=\"225\" srcset=\"https:\/\/cloud.alqueria.es\/wp-content\/uploads\/sites\/6\/2022\/03\/P20317-114944_comps-300x225.jpg 300w, https:\/\/cloud.alqueria.es\/wp-content\/uploads\/sites\/6\/2022\/03\/P20317-114944_comps-1024x768.jpg 1024w, https:\/\/cloud.alqueria.es\/wp-content\/uploads\/sites\/6\/2022\/03\/P20317-114944_comps-768x576.jpg 768w, https:\/\/cloud.alqueria.es\/wp-content\/uploads\/sites\/6\/2022\/03\/P20317-114944_comps-1536x1152.jpg 1536w, https:\/\/cloud.alqueria.es\/wp-content\/uploads\/sites\/6\/2022\/03\/P20317-114944_comps-2048x1536.jpg 2048w\" sizes=\"(max-width: 300px) 100vw, 300px\" \/><\/p>\n<p><img decoding=\"async\" data-attachment-id=\"29806\" data-permalink=\"https:\/\/www.alqueria.es\/blogs\/alqueriaprimerciclo\/2022\/03\/19\/proyecto-colaborativo-la-alhambra-2\/p20317-114953_comps\/\" data-orig-file=\"https:\/\/cloud.alqueria.es\/wp-content\/uploads\/sites\/6\/2022\/03\/P20317-114953_comps.jpg\" data-orig-size=\"2500,1875\" data-comments-opened=\"1\" data-image-meta=\"{&quot;aperture&quot;:&quot;2.2&quot;,&quot;credit&quot;:&quot;&quot;,&quot;camera&quot;:&quot;MEIZU_M5&quot;,&quot;caption&quot;:&quot;&quot;,&quot;created_timestamp&quot;:&quot;1647517794&quot;,&quot;copyright&quot;:&quot;&quot;,&quot;focal_length&quot;:&quot;3.5&quot;,&quot;iso&quot;:&quot;1003&quot;,&quot;shutter_speed&quot;:&quot;0.040005&quot;,&quot;title&quot;:&quot;&quot;,&quot;orientation&quot;:&quot;1&quot;}\" data-image-title=\"P20317-114953_comps\" data-image-description=\"\" data-image-caption=\"\" data-large-file=\"https:\/\/cloud.alqueria.es\/wp-content\/uploads\/sites\/6\/2022\/03\/P20317-114953_comps-1024x768.jpg\" class=\"alignnone size-medium wp-image-29806\" src=\"https:\/\/cloud.alqueria.es\/wp-content\/uploads\/sites\/6\/2022\/03\/P20317-114953_comps-300x225.jpg\" alt=\"\" width=\"300\" height=\"225\" srcset=\"https:\/\/cloud.alqueria.es\/wp-content\/uploads\/sites\/6\/2022\/03\/P20317-114953_comps-300x225.jpg 300w, https:\/\/cloud.alqueria.es\/wp-content\/uploads\/sites\/6\/2022\/03\/P20317-114953_comps-1024x768.jpg 1024w, https:\/\/cloud.alqueria.es\/wp-content\/uploads\/sites\/6\/2022\/03\/P20317-114953_comps-768x576.jpg 768w, https:\/\/cloud.alqueria.es\/wp-content\/uploads\/sites\/6\/2022\/03\/P20317-114953_comps-1536x1152.jpg 1536w, https:\/\/cloud.alqueria.es\/wp-content\/uploads\/sites\/6\/2022\/03\/P20317-114953_comps-2048x1536.jpg 2048w\" sizes=\"(max-width: 300px) 100vw, 300px\" \/><\/p>\n<ul>\n<li><span style=\"color: #0000ff\"><strong>Pel\u00edcula: Canta<\/strong><\/span><\/li>\n<\/ul>\n<p>Los tiempos de recreo, despu\u00e9s de comer, que no hemos podido jugar en el patio por la calima,\u00a0 hemos visto una pel\u00edcula ,en tres sesiones, d\u00f3nde se resaltan ciertos valores.<\/p>\n<p><b>Los valores que predominan en la pel\u00edcula :<\/b><br \/>\n<b><br \/>\n<\/b>El amor familiar, el cual se muestra diferente en cada personaje y va cambiando a lo largo de la pel\u00edcula.<\/p>\n<p>La amistad, pues van uniendo lazos y van ayud\u00e1ndose unos a otros.<\/p>\n<p>El compa\u00f1erismo,\u00a0 en vez de ser competitivos y ego\u00edstas se van ayudando entre ellos y tratan de animar a los dem\u00e1s.<\/p>\n<p><span class=\"embed-youtube\" style=\"text-align:center; display: block;\"><div class=\"a25-CTUOC-hidding-box\" data-original-content=\"&lt;iframe loading=&quot;lazy&quot; class=&quot;youtube-player&quot; width=&quot;474&quot; height=&quot;267&quot; src=&quot;https:\/\/www.youtube.com\/embed\/JGoiueEm0Vc?version=3&amp;#038;rel=1&amp;#038;showsearch=0&amp;#038;showinfo=1&amp;#038;iv_load_policy=1&amp;#038;fs=1&amp;#038;hl=es-ES&amp;#038;autohide=2&amp;#038;wmode=transparent&quot; allowfullscreen=&quot;true&quot; style=&quot;border:0;&quot; sandbox=&quot;allow-scripts allow-same-origin allow-popups allow-presentation allow-popups-to-escape-sandbox&quot;&gt;&lt;\/iframe&gt;\">Esta p\u00e1gina incluye contenido multimedia que requiere aceptar todas las cookies. Pulse aqu\u00ed para abrir la configuraci\u00f3n de cookies.<\/div><\/span><\/p>\n<p>Tras ver la pel\u00edcula , en asamblea comentamos sobre las emociones que sienten los distintos personajes cuando deben enfrentarse ante situaciones muy especiales que le pueden provocar miedo, verg\u00fcenza , pensamos en qu\u00e9 situaciones nos sentimos nosotros as\u00ed.<\/p>\n<ul>\n<li><span style=\"color: #0000ff\"><strong>Emociones: el miedo y la verg\u00fcenza\u00a0<\/strong><\/span><\/li>\n<\/ul>\n<p>Al llegar al cole si tengo que saludar o con personas de mi familia que veo pocas veces.\u00a0 \u00a0Comer fruta.\u00a0 \u00a0Que me vean haciendo pip\u00ed.\u00a0 \u00a0Que me den sustos&#8230;<\/p>\n<ul>\n<li><strong><span style=\"color: #0000ff\">Mi padre es.., me gusta hacer con \u00e9l&#8230;<\/span><\/strong><\/li>\n<\/ul>\n<p>Espero que hay\u00e1is recibido la sorpresa de parte de vuestro hijo o hija , lo han preparado con mucha ilusi\u00f3n.<\/p>\n<p><img decoding=\"async\" data-attachment-id=\"29802\" data-permalink=\"https:\/\/www.alqueria.es\/blogs\/alqueriaprimerciclo\/2022\/03\/19\/proyecto-colaborativo-la-alhambra-2\/p20318-110902_comps\/\" data-orig-file=\"https:\/\/cloud.alqueria.es\/wp-content\/uploads\/sites\/6\/2022\/03\/P20318-110902_comps.jpg\" data-orig-size=\"1875,2500\" data-comments-opened=\"1\" data-image-meta=\"{&quot;aperture&quot;:&quot;2.2&quot;,&quot;credit&quot;:&quot;&quot;,&quot;camera&quot;:&quot;MEIZU_M5&quot;,&quot;caption&quot;:&quot;&quot;,&quot;created_timestamp&quot;:&quot;1647601743&quot;,&quot;copyright&quot;:&quot;&quot;,&quot;focal_length&quot;:&quot;3.5&quot;,&quot;iso&quot;:&quot;205&quot;,&quot;shutter_speed&quot;:&quot;0.029996&quot;,&quot;title&quot;:&quot;&quot;,&quot;orientation&quot;:&quot;1&quot;}\" data-image-title=\"P20318-110902_comps\" data-image-description=\"\" data-image-caption=\"\" data-large-file=\"https:\/\/cloud.alqueria.es\/wp-content\/uploads\/sites\/6\/2022\/03\/P20318-110902_comps-768x1024.jpg\" class=\"alignnone size-medium wp-image-29802\" src=\"https:\/\/cloud.alqueria.es\/wp-content\/uploads\/sites\/6\/2022\/03\/P20318-110902_comps-225x300.jpg\" alt=\"\" width=\"225\" height=\"300\" srcset=\"https:\/\/cloud.alqueria.es\/wp-content\/uploads\/sites\/6\/2022\/03\/P20318-110902_comps-225x300.jpg 225w, https:\/\/cloud.alqueria.es\/wp-content\/uploads\/sites\/6\/2022\/03\/P20318-110902_comps-768x1024.jpg 768w, https:\/\/cloud.alqueria.es\/wp-content\/uploads\/sites\/6\/2022\/03\/P20318-110902_comps-1152x1536.jpg 1152w, https:\/\/cloud.alqueria.es\/wp-content\/uploads\/sites\/6\/2022\/03\/P20318-110902_comps-1536x2048.jpg 1536w, https:\/\/cloud.alqueria.es\/wp-content\/uploads\/sites\/6\/2022\/03\/P20318-110902_comps.jpg 1875w\" sizes=\"(max-width: 225px) 100vw, 225px\" \/> <img decoding=\"async\" data-attachment-id=\"29805\" data-permalink=\"https:\/\/www.alqueria.es\/blogs\/alqueriaprimerciclo\/2022\/03\/19\/proyecto-colaborativo-la-alhambra-2\/p20318-110839_comps\/\" data-orig-file=\"https:\/\/cloud.alqueria.es\/wp-content\/uploads\/sites\/6\/2022\/03\/P20318-110839_comps.jpg\" data-orig-size=\"1875,2500\" data-comments-opened=\"1\" data-image-meta=\"{&quot;aperture&quot;:&quot;2.2&quot;,&quot;credit&quot;:&quot;&quot;,&quot;camera&quot;:&quot;MEIZU_M5&quot;,&quot;caption&quot;:&quot;&quot;,&quot;created_timestamp&quot;:&quot;1647601719&quot;,&quot;copyright&quot;:&quot;&quot;,&quot;focal_length&quot;:&quot;3.5&quot;,&quot;iso&quot;:&quot;110&quot;,&quot;shutter_speed&quot;:&quot;0.029996&quot;,&quot;title&quot;:&quot;&quot;,&quot;orientation&quot;:&quot;1&quot;}\" data-image-title=\"P20318-110839_comps\" data-image-description=\"\" data-image-caption=\"\" data-large-file=\"https:\/\/cloud.alqueria.es\/wp-content\/uploads\/sites\/6\/2022\/03\/P20318-110839_comps-768x1024.jpg\" class=\"alignnone size-medium wp-image-29805\" src=\"https:\/\/cloud.alqueria.es\/wp-content\/uploads\/sites\/6\/2022\/03\/P20318-110839_comps-225x300.jpg\" alt=\"\" width=\"225\" height=\"300\" srcset=\"https:\/\/cloud.alqueria.es\/wp-content\/uploads\/sites\/6\/2022\/03\/P20318-110839_comps-225x300.jpg 225w, https:\/\/cloud.alqueria.es\/wp-content\/uploads\/sites\/6\/2022\/03\/P20318-110839_comps-768x1024.jpg 768w, https:\/\/cloud.alqueria.es\/wp-content\/uploads\/sites\/6\/2022\/03\/P20318-110839_comps-1152x1536.jpg 1152w, https:\/\/cloud.alqueria.es\/wp-content\/uploads\/sites\/6\/2022\/03\/P20318-110839_comps-1536x2048.jpg 1536w, https:\/\/cloud.alqueria.es\/wp-content\/uploads\/sites\/6\/2022\/03\/P20318-110839_comps.jpg 1875w\" sizes=\"(max-width: 225px) 100vw, 225px\" \/> <img decoding=\"async\" data-attachment-id=\"29803\" data-permalink=\"https:\/\/www.alqueria.es\/blogs\/alqueriaprimerciclo\/2022\/03\/19\/proyecto-colaborativo-la-alhambra-2\/p20318-110849_comps\/\" data-orig-file=\"https:\/\/cloud.alqueria.es\/wp-content\/uploads\/sites\/6\/2022\/03\/P20318-110849_comps.jpg\" data-orig-size=\"1875,2500\" data-comments-opened=\"1\" data-image-meta=\"{&quot;aperture&quot;:&quot;2.2&quot;,&quot;credit&quot;:&quot;&quot;,&quot;camera&quot;:&quot;MEIZU_M5&quot;,&quot;caption&quot;:&quot;&quot;,&quot;created_timestamp&quot;:&quot;1647601729&quot;,&quot;copyright&quot;:&quot;&quot;,&quot;focal_length&quot;:&quot;3.5&quot;,&quot;iso&quot;:&quot;134&quot;,&quot;shutter_speed&quot;:&quot;0.019998&quot;,&quot;title&quot;:&quot;&quot;,&quot;orientation&quot;:&quot;1&quot;}\" data-image-title=\"P20318-110849_comps\" data-image-description=\"\" data-image-caption=\"\" data-large-file=\"https:\/\/cloud.alqueria.es\/wp-content\/uploads\/sites\/6\/2022\/03\/P20318-110849_comps-768x1024.jpg\" class=\"alignnone size-medium wp-image-29803\" src=\"https:\/\/cloud.alqueria.es\/wp-content\/uploads\/sites\/6\/2022\/03\/P20318-110849_comps-225x300.jpg\" alt=\"\" width=\"225\" height=\"300\" srcset=\"https:\/\/cloud.alqueria.es\/wp-content\/uploads\/sites\/6\/2022\/03\/P20318-110849_comps-225x300.jpg 225w, https:\/\/cloud.alqueria.es\/wp-content\/uploads\/sites\/6\/2022\/03\/P20318-110849_comps-768x1024.jpg 768w, https:\/\/cloud.alqueria.es\/wp-content\/uploads\/sites\/6\/2022\/03\/P20318-110849_comps-1152x1536.jpg 1152w, https:\/\/cloud.alqueria.es\/wp-content\/uploads\/sites\/6\/2022\/03\/P20318-110849_comps-1536x2048.jpg 1536w, https:\/\/cloud.alqueria.es\/wp-content\/uploads\/sites\/6\/2022\/03\/P20318-110849_comps.jpg 1875w\" sizes=\"(max-width: 225px) 100vw, 225px\" \/> <img decoding=\"async\" data-attachment-id=\"29804\" data-permalink=\"https:\/\/www.alqueria.es\/blogs\/alqueriaprimerciclo\/2022\/03\/19\/proyecto-colaborativo-la-alhambra-2\/p20318-110842_comps\/\" data-orig-file=\"https:\/\/cloud.alqueria.es\/wp-content\/uploads\/sites\/6\/2022\/03\/P20318-110842_comps.jpg\" data-orig-size=\"1875,2500\" data-comments-opened=\"1\" data-image-meta=\"{&quot;aperture&quot;:&quot;2.2&quot;,&quot;credit&quot;:&quot;&quot;,&quot;camera&quot;:&quot;MEIZU_M5&quot;,&quot;caption&quot;:&quot;&quot;,&quot;created_timestamp&quot;:&quot;1647601723&quot;,&quot;copyright&quot;:&quot;&quot;,&quot;focal_length&quot;:&quot;3.5&quot;,&quot;iso&quot;:&quot;170&quot;,&quot;shutter_speed&quot;:&quot;0.029996&quot;,&quot;title&quot;:&quot;&quot;,&quot;orientation&quot;:&quot;1&quot;}\" data-image-title=\"P20318-110842_comps\" data-image-description=\"\" data-image-caption=\"\" data-large-file=\"https:\/\/cloud.alqueria.es\/wp-content\/uploads\/sites\/6\/2022\/03\/P20318-110842_comps-768x1024.jpg\" class=\"alignnone size-medium wp-image-29804\" src=\"https:\/\/cloud.alqueria.es\/wp-content\/uploads\/sites\/6\/2022\/03\/P20318-110842_comps-225x300.jpg\" alt=\"\" width=\"225\" height=\"300\" srcset=\"https:\/\/cloud.alqueria.es\/wp-content\/uploads\/sites\/6\/2022\/03\/P20318-110842_comps-225x300.jpg 225w, https:\/\/cloud.alqueria.es\/wp-content\/uploads\/sites\/6\/2022\/03\/P20318-110842_comps-768x1024.jpg 768w, https:\/\/cloud.alqueria.es\/wp-content\/uploads\/sites\/6\/2022\/03\/P20318-110842_comps-1152x1536.jpg 1152w, https:\/\/cloud.alqueria.es\/wp-content\/uploads\/sites\/6\/2022\/03\/P20318-110842_comps-1536x2048.jpg 1536w, https:\/\/cloud.alqueria.es\/wp-content\/uploads\/sites\/6\/2022\/03\/P20318-110842_comps.jpg 1875w\" sizes=\"(max-width: 225px) 100vw, 225px\" \/><\/p>\n<p>&nbsp;<\/p>\n<p>El lunes, d\u00eda de s\u00edndrome Down, ven al cole con un calcet\u00edn de cada color.<\/p>\n<p><img decoding=\"async\" data-attachment-id=\"29813\" data-permalink=\"https:\/\/www.alqueria.es\/blogs\/alqueriaprimerciclo\/2022\/03\/19\/proyecto-colaborativo-la-alhambra-2\/s20319-152103501\/\" data-orig-file=\"https:\/\/cloud.alqueria.es\/wp-content\/uploads\/sites\/6\/2022\/03\/S20319-152103501.jpg\" data-orig-size=\"716,796\" data-comments-opened=\"1\" data-image-meta=\"{&quot;aperture&quot;:&quot;0&quot;,&quot;credit&quot;:&quot;&quot;,&quot;camera&quot;:&quot;&quot;,&quot;caption&quot;:&quot;&quot;,&quot;created_timestamp&quot;:&quot;0&quot;,&quot;copyright&quot;:&quot;&quot;,&quot;focal_length&quot;:&quot;0&quot;,&quot;iso&quot;:&quot;0&quot;,&quot;shutter_speed&quot;:&quot;0&quot;,&quot;title&quot;:&quot;&quot;,&quot;orientation&quot;:&quot;1&quot;}\" data-image-title=\"S20319-15210350(1)\" data-image-description=\"\" data-image-caption=\"\" data-large-file=\"https:\/\/cloud.alqueria.es\/wp-content\/uploads\/sites\/6\/2022\/03\/S20319-152103501.jpg\" class=\"alignnone size-medium wp-image-29813\" src=\"https:\/\/cloud.alqueria.es\/wp-content\/uploads\/sites\/6\/2022\/03\/S20319-152103501-270x300.jpg\" alt=\"\" width=\"270\" height=\"300\" srcset=\"https:\/\/cloud.alqueria.es\/wp-content\/uploads\/sites\/6\/2022\/03\/S20319-152103501-270x300.jpg 270w, https:\/\/cloud.alqueria.es\/wp-content\/uploads\/sites\/6\/2022\/03\/S20319-152103501.jpg 716w\" sizes=\"(max-width: 270px) 100vw, 270px\" \/><\/p>\n<p>Nos vemos el lunes, un abrazo<\/p>\n<p>Dar\u00eda<\/p>\n","protected":false},"excerpt":{"rendered":"<p>Proyecto colaborativo la Alhambra Nuestro proyecto de conocimiento sobre la ciudad de la Alhambra avanza y va cogiendo forma. Se acerca la fecha de la visita al recinto amurallado y estamos deseosos de que llegue el momento. Hay\u00a0 grupos encargados de informarse sobre: Su historia y leyendas que la envuelven. La muralla su funci\u00f3n y &hellip; <a href=\"https:\/\/www.alqueria.es\/blogs\/alqueriaprimerciclo\/2022\/03\/19\/proyecto-colaborativo-la-alhambra-2\/\" class=\"more-link\">Seguir leyendo <span class=\"screen-reader-text\">Proyecto colaborativo: La Alhambra<\/span> <span class=\"meta-nav\">&rarr;<\/span><\/a><\/p>\n","protected":false},"author":12,"featured_media":0,"comment_status":"open","ping_status":"open","sticky":false,"template":"","format":"standard","meta":{"jetpack_post_was_ever_published":false,"_jetpack_newsletter_access":"","_jetpack_dont_email_post_to_subs":false,"_jetpack_newsletter_tier_id":0,"_jetpack_memberships_contains_paywalled_content":false,"_jetpack_memberships_contains_paid_content":false,"footnotes":"","jetpack_publicize_message":"","jetpack_publicize_feature_enabled":true,"jetpack_social_post_already_shared":true,"jetpack_social_options":{"image_generator_settings":{"template":"highway","default_image_id":0,"font":"","enabled":false},"version":2}},"categories":[2,151,8,167,117,11],"tags":[32,147,102,112,60,92],"class_list":["post-29775","post","type-post","status-publish","format-standard","hentry","category-1o-epo","category-dia-mundial-de-las-personas-con-sindrome-de-down","category-diario-de-clase-1o","category-educacion-emocional","category-etica","category-juega-y-aprende","tag-alqueria","tag-aprendemos-de-otra-manera","tag-historia","tag-matematicas","tag-primaria","tag-semanario"],"jetpack_publicize_connections":[],"jetpack_featured_media_url":"","jetpack_sharing_enabled":true,"jetpack_shortlink":"https:\/\/wp.me\/p4lvS0-7Kf","_links":{"self":[{"href":"https:\/\/www.alqueria.es\/blogs\/alqueriaprimerciclo\/wp-json\/wp\/v2\/posts\/29775","targetHints":{"allow":["GET"]}}],"collection":[{"href":"https:\/\/www.alqueria.es\/blogs\/alqueriaprimerciclo\/wp-json\/wp\/v2\/posts"}],"about":[{"href":"https:\/\/www.alqueria.es\/blogs\/alqueriaprimerciclo\/wp-json\/wp\/v2\/types\/post"}],"author":[{"embeddable":true,"href":"https:\/\/www.alqueria.es\/blogs\/alqueriaprimerciclo\/wp-json\/wp\/v2\/users\/12"}],"replies":[{"embeddable":true,"href":"https:\/\/www.alqueria.es\/blogs\/alqueriaprimerciclo\/wp-json\/wp\/v2\/comments?post=29775"}],"version-history":[{"count":2,"href":"https:\/\/www.alqueria.es\/blogs\/alqueriaprimerciclo\/wp-json\/wp\/v2\/posts\/29775\/revisions"}],"predecessor-version":[{"id":29816,"href":"https:\/\/www.alqueria.es\/blogs\/alqueriaprimerciclo\/wp-json\/wp\/v2\/posts\/29775\/revisions\/29816"}],"wp:attachment":[{"href":"https:\/\/www.alqueria.es\/blogs\/alqueriaprimerciclo\/wp-json\/wp\/v2\/media?parent=29775"}],"wp:term":[{"taxonomy":"category","embeddable":true,"href":"https:\/\/www.alqueria.es\/blogs\/alqueriaprimerciclo\/wp-json\/wp\/v2\/categories?post=29775"},{"taxonomy":"post_tag","embeddable":true,"href":"https:\/\/www.alqueria.es\/blogs\/alqueriaprimerciclo\/wp-json\/wp\/v2\/tags?post=29775"}],"curies":[{"name":"wp","href":"https:\/\/api.w.org\/{rel}","templated":true}]}}