{"id":30443,"date":"2022-05-14T19:41:14","date_gmt":"2022-05-14T17:41:14","guid":{"rendered":"https:\/\/www.alqueria.es\/blogs\/alqueriaprimerciclo\/?p=30443"},"modified":"2022-05-14T19:41:14","modified_gmt":"2022-05-14T17:41:14","slug":"fenomenos-naturales-en-1","status":"publish","type":"post","link":"https:\/\/www.alqueria.es\/blogs\/alqueriaprimerciclo\/2022\/05\/14\/fenomenos-naturales-en-1\/","title":{"rendered":"Fen\u00f3menos Naturales en 1\u00b0"},"content":{"rendered":"<p><span style=\"color: #000000\">Continuamos conociendo el\u00a0 <strong>planeta Tierra<\/strong>, en esta ocasi\u00f3n los <strong>fen\u00f3menos naturales<\/strong> que se producen y van cambiando\u00a0 su formaci\u00f3n y como los avances tecnol\u00f3gicos ayudan en su predicci\u00f3n. Las monta\u00f1as, su formaci\u00f3n y el interior, d\u00f3nde podemos encontrar la formaci\u00f3n de cuevas por la acci\u00f3n del agua, como la que tendremos la suerte de visitar el pr\u00f3ximo jueves, La cueva de las ventanas en Pi\u00f1ar.\u00a0<\/span><\/p>\n<h6><strong><span style=\"color: #ff0000\">Conferencia de Maxi sobre\u00a0 Volcanes<\/span><\/strong><\/h6>\n<p><img decoding=\"async\" data-attachment-id=\"30508\" data-permalink=\"https:\/\/www.alqueria.es\/blogs\/alqueriaprimerciclo\/2022\/05\/14\/fenomenos-naturales-en-1\/p20510-101140_comps1\/\" data-orig-file=\"https:\/\/cloud.alqueria.es\/wp-content\/uploads\/sites\/6\/2022\/05\/P20510-101140_comps1.jpg\" data-orig-size=\"1752,2500\" data-comments-opened=\"1\" data-image-meta=\"{&quot;aperture&quot;:&quot;2.2&quot;,&quot;credit&quot;:&quot;&quot;,&quot;camera&quot;:&quot;MEIZU_M5&quot;,&quot;caption&quot;:&quot;&quot;,&quot;created_timestamp&quot;:&quot;1652177500&quot;,&quot;copyright&quot;:&quot;&quot;,&quot;focal_length&quot;:&quot;3.5&quot;,&quot;iso&quot;:&quot;238&quot;,&quot;shutter_speed&quot;:&quot;0.029996&quot;,&quot;title&quot;:&quot;&quot;,&quot;orientation&quot;:&quot;1&quot;}\" data-image-title=\"P20510-101140_comps(1)\" data-image-description=\"\" data-image-caption=\"\" data-large-file=\"https:\/\/cloud.alqueria.es\/wp-content\/uploads\/sites\/6\/2022\/05\/P20510-101140_comps1-718x1024.jpg\" class=\"alignnone size-full wp-image-30508\" src=\"https:\/\/cloud.alqueria.es\/wp-content\/uploads\/sites\/6\/2022\/05\/P20510-101140_comps1.jpg\" alt=\"\" width=\"1752\" height=\"2500\" srcset=\"https:\/\/cloud.alqueria.es\/wp-content\/uploads\/sites\/6\/2022\/05\/P20510-101140_comps1.jpg 1752w, https:\/\/cloud.alqueria.es\/wp-content\/uploads\/sites\/6\/2022\/05\/P20510-101140_comps1-210x300.jpg 210w, https:\/\/cloud.alqueria.es\/wp-content\/uploads\/sites\/6\/2022\/05\/P20510-101140_comps1-718x1024.jpg 718w, https:\/\/cloud.alqueria.es\/wp-content\/uploads\/sites\/6\/2022\/05\/P20510-101140_comps1-768x1096.jpg 768w, https:\/\/cloud.alqueria.es\/wp-content\/uploads\/sites\/6\/2022\/05\/P20510-101140_comps1-1076x1536.jpg 1076w, https:\/\/cloud.alqueria.es\/wp-content\/uploads\/sites\/6\/2022\/05\/P20510-101140_comps1-1435x2048.jpg 1435w\" sizes=\"(max-width: 1752px) 100vw, 1752px\" \/><\/p>\n<p>Maxi nos explica\u00a0 que el\u00a0 nombre viene de Vulcano , el dios del fuego en la mitolog\u00eda romana.<\/p>\n<p><img decoding=\"async\" data-attachment-id=\"30513\" data-permalink=\"https:\/\/www.alqueria.es\/blogs\/alqueriaprimerciclo\/2022\/05\/14\/fenomenos-naturales-en-1\/p20510-152711_comps1\/\" data-orig-file=\"https:\/\/cloud.alqueria.es\/wp-content\/uploads\/sites\/6\/2022\/05\/P20510-152711_comps1.jpg\" data-orig-size=\"2500,1949\" data-comments-opened=\"1\" data-image-meta=\"{&quot;aperture&quot;:&quot;2.2&quot;,&quot;credit&quot;:&quot;&quot;,&quot;camera&quot;:&quot;MEIZU_M5&quot;,&quot;caption&quot;:&quot;&quot;,&quot;created_timestamp&quot;:&quot;1652196431&quot;,&quot;copyright&quot;:&quot;&quot;,&quot;focal_length&quot;:&quot;3.5&quot;,&quot;iso&quot;:&quot;308&quot;,&quot;shutter_speed&quot;:&quot;0.029996&quot;,&quot;title&quot;:&quot;&quot;,&quot;orientation&quot;:&quot;1&quot;}\" data-image-title=\"P20510-152711_comps(1)\" data-image-description=\"\" data-image-caption=\"\" data-large-file=\"https:\/\/cloud.alqueria.es\/wp-content\/uploads\/sites\/6\/2022\/05\/P20510-152711_comps1-1024x798.jpg\" class=\"alignnone size-full wp-image-30513\" src=\"https:\/\/cloud.alqueria.es\/wp-content\/uploads\/sites\/6\/2022\/05\/P20510-152711_comps1.jpg\" alt=\"\" width=\"2500\" height=\"1949\" srcset=\"https:\/\/cloud.alqueria.es\/wp-content\/uploads\/sites\/6\/2022\/05\/P20510-152711_comps1.jpg 2500w, https:\/\/cloud.alqueria.es\/wp-content\/uploads\/sites\/6\/2022\/05\/P20510-152711_comps1-300x234.jpg 300w, https:\/\/cloud.alqueria.es\/wp-content\/uploads\/sites\/6\/2022\/05\/P20510-152711_comps1-1024x798.jpg 1024w, https:\/\/cloud.alqueria.es\/wp-content\/uploads\/sites\/6\/2022\/05\/P20510-152711_comps1-768x599.jpg 768w, https:\/\/cloud.alqueria.es\/wp-content\/uploads\/sites\/6\/2022\/05\/P20510-152711_comps1-1536x1197.jpg 1536w, https:\/\/cloud.alqueria.es\/wp-content\/uploads\/sites\/6\/2022\/05\/P20510-152711_comps1-2048x1597.jpg 2048w\" sizes=\"(max-width: 2500px) 100vw, 2500px\" \/><\/p>\n<p class=\"v1p2\"><span class=\"v1s2\">La tierra est\u00e1 dividida en varias partes, es necesario conocerlas para poder entender los volcanes: El manto 1900km bajo tierra, el n\u00facleo externo y n\u00facleo interno, que es caliente como el sol , hecho de hierro y n\u00edquel y la corteza terrestre que es la que vemos nosotros y donde vivimos.\u00a0<\/span><\/p>\n<p><img decoding=\"async\" src=\"https:\/\/encrypted-tbn0.gstatic.com\/images?q=tbn:ANd9GcRbn6POyAN8VTzuo7oBJiaHcMsEDxURgMzZ1iJV5yHrF6bJynA7fvVGFLfaJODFMsnpMNc&amp;usqp=CAU\" alt=\"Gr\u00e1ficos de Gal\u00e1pagos - 4\/6 - Descubriendo Gal\u00e1pagos\" \/><\/p>\n<p class=\"v1p2\"><span class=\"v1s2\">Nos cuenta que hay varios tipos de volcanes unos son submarinos, se producen en las monta\u00f1as que hay debajo del agua\u00a0 y otros son\u00a0 terrestres ,que son de los que \u00e9l nos habla.<\/span><\/p>\n<p class=\"v1p2\"><span class=\"v1s2\">Nos explica\u00a0 c\u00f3mo y por qu\u00e9 se forman los volcanes<\/span> : se conecta el n\u00facleo interno con el n\u00facleo externo , el manto y la corteza terrestre\u00a0 . En el n\u00facleo interno est\u00e1 la lava muy caliente que presiona, presiona, para que suba por la chimenea y entonces va formando el volc\u00e1n.<\/p>\n<ul>\n<li class=\"v1p2\"><span class=\"v1s2\">Las partes: c\u00e1mara<\/span> magm\u00e1tica, chimenea, hace una abertura en la corteza terrestre, la chimenea conecta con el cr\u00e1ter y el\u00a0 cono volc\u00e1nico,<\/li>\n<li><img decoding=\"async\" src=\"https:\/\/www.abc.com.py\/resizer\/TaCYyLhhYgHck3Y_qvdv-17HuXA=\/fit-in\/770x495\/smart\/arc-anglerfish-arc2-prod-abccolor.s3.amazonaws.com\/public\/LWZ5YVML7VH3RNQXGQWQC6AD4M.jpg\" alt=\"Los volcanes - Escolar - ABC Color\" \/><\/li>\n<\/ul>\n<ul>\n<li class=\"v1p2\"><span class=\"v1s2\">\u00a0Lo que expulsa el volc\u00e1n es\u00a0 lava , gases, piedras y ceniza,\u00a0 produce lluvia \u00e1cida que derrite cosas. Nos ense\u00f1a cenizas del volc\u00e1n de la palma y una roca volc\u00e1nica que es la lava fr\u00eda y petrificada.<img decoding=\"async\" data-attachment-id=\"30511\" data-permalink=\"https:\/\/www.alqueria.es\/blogs\/alqueriaprimerciclo\/2022\/05\/14\/fenomenos-naturales-en-1\/p20510-102338_comps1\/\" data-orig-file=\"https:\/\/cloud.alqueria.es\/wp-content\/uploads\/sites\/6\/2022\/05\/P20510-102338_comps1.jpg\" data-orig-size=\"2500,1868\" data-comments-opened=\"1\" data-image-meta=\"{&quot;aperture&quot;:&quot;2.2&quot;,&quot;credit&quot;:&quot;&quot;,&quot;camera&quot;:&quot;MEIZU_M5&quot;,&quot;caption&quot;:&quot;&quot;,&quot;created_timestamp&quot;:&quot;1652178219&quot;,&quot;copyright&quot;:&quot;&quot;,&quot;focal_length&quot;:&quot;3.5&quot;,&quot;iso&quot;:&quot;318&quot;,&quot;shutter_speed&quot;:&quot;0.029996&quot;,&quot;title&quot;:&quot;&quot;,&quot;orientation&quot;:&quot;1&quot;}\" data-image-title=\"P20510-102338_comps(1)\" data-image-description=\"\" data-image-caption=\"\" data-large-file=\"https:\/\/cloud.alqueria.es\/wp-content\/uploads\/sites\/6\/2022\/05\/P20510-102338_comps1-1024x765.jpg\" class=\"alignnone size-full wp-image-30511\" src=\"https:\/\/cloud.alqueria.es\/wp-content\/uploads\/sites\/6\/2022\/05\/P20510-102338_comps1.jpg\" alt=\"\" width=\"2500\" height=\"1868\" srcset=\"https:\/\/cloud.alqueria.es\/wp-content\/uploads\/sites\/6\/2022\/05\/P20510-102338_comps1.jpg 2500w, https:\/\/cloud.alqueria.es\/wp-content\/uploads\/sites\/6\/2022\/05\/P20510-102338_comps1-300x224.jpg 300w, https:\/\/cloud.alqueria.es\/wp-content\/uploads\/sites\/6\/2022\/05\/P20510-102338_comps1-1024x765.jpg 1024w, https:\/\/cloud.alqueria.es\/wp-content\/uploads\/sites\/6\/2022\/05\/P20510-102338_comps1-768x574.jpg 768w, https:\/\/cloud.alqueria.es\/wp-content\/uploads\/sites\/6\/2022\/05\/P20510-102338_comps1-1536x1148.jpg 1536w, https:\/\/cloud.alqueria.es\/wp-content\/uploads\/sites\/6\/2022\/05\/P20510-102338_comps1-2048x1530.jpg 2048w\" sizes=\"(max-width: 2500px) 100vw, 2500px\" \/><\/span><\/li>\n<li class=\"v1p2\"><span class=\"v1s2\">\u00a0Las consecuencias que un volc\u00e1n puede producir son un terremoto. maremoto, sunami, lahares que son r\u00edos de barro , corrimientos de tierra..\u00a0<\/span><\/li>\n<li class=\"v1p2\"><span class=\"v1s2\">Nos explica\u00a0 los tipos de volcanes peligrosos y crueles: <\/span>peligrosos porque est\u00e1n en activo y pueden erupcionar en cualquier momento y los crueles porque ya erupcionaron y tuvieron fatales consecuencias.<img decoding=\"async\" data-attachment-id=\"30512\" data-permalink=\"https:\/\/www.alqueria.es\/blogs\/alqueriaprimerciclo\/2022\/05\/14\/fenomenos-naturales-en-1\/p20510-152704_comps1\/\" data-orig-file=\"https:\/\/cloud.alqueria.es\/wp-content\/uploads\/sites\/6\/2022\/05\/P20510-152704_comps1.jpg\" data-orig-size=\"2500,1918\" data-comments-opened=\"1\" data-image-meta=\"{&quot;aperture&quot;:&quot;2.2&quot;,&quot;credit&quot;:&quot;&quot;,&quot;camera&quot;:&quot;MEIZU_M5&quot;,&quot;caption&quot;:&quot;&quot;,&quot;created_timestamp&quot;:&quot;1652196425&quot;,&quot;copyright&quot;:&quot;&quot;,&quot;focal_length&quot;:&quot;3.5&quot;,&quot;iso&quot;:&quot;457&quot;,&quot;shutter_speed&quot;:&quot;0.029996&quot;,&quot;title&quot;:&quot;&quot;,&quot;orientation&quot;:&quot;1&quot;}\" data-image-title=\"P20510-152704_comps(1)\" data-image-description=\"\" data-image-caption=\"\" data-large-file=\"https:\/\/cloud.alqueria.es\/wp-content\/uploads\/sites\/6\/2022\/05\/P20510-152704_comps1-1024x786.jpg\" class=\"alignnone size-full wp-image-30512\" src=\"https:\/\/cloud.alqueria.es\/wp-content\/uploads\/sites\/6\/2022\/05\/P20510-152704_comps1.jpg\" alt=\"\" width=\"2500\" height=\"1918\" srcset=\"https:\/\/cloud.alqueria.es\/wp-content\/uploads\/sites\/6\/2022\/05\/P20510-152704_comps1.jpg 2500w, https:\/\/cloud.alqueria.es\/wp-content\/uploads\/sites\/6\/2022\/05\/P20510-152704_comps1-300x230.jpg 300w, https:\/\/cloud.alqueria.es\/wp-content\/uploads\/sites\/6\/2022\/05\/P20510-152704_comps1-1024x786.jpg 1024w, https:\/\/cloud.alqueria.es\/wp-content\/uploads\/sites\/6\/2022\/05\/P20510-152704_comps1-768x589.jpg 768w, https:\/\/cloud.alqueria.es\/wp-content\/uploads\/sites\/6\/2022\/05\/P20510-152704_comps1-1536x1178.jpg 1536w, https:\/\/cloud.alqueria.es\/wp-content\/uploads\/sites\/6\/2022\/05\/P20510-152704_comps1-2048x1571.jpg 2048w\" sizes=\"(max-width: 2500px) 100vw, 2500px\" \/><\/li>\n<\/ul>\n<p class=\"v1p2\"><span class=\"v1s2\">. Hay mas de 1500 volcanes activos actualmente.\u00a0 100 que no pueden erupcionar porque ya lo hicieron hace mucho tiempo, pero el\u00a0 <\/span><span class=\"v1s2\">VESUBIO es de los dos tipos.\u00a0 El KRACATOA, UZEN,\u00a0 KELUT, TAMBORA.<\/span><\/p>\n<ul>\n<li class=\"v1p2\"><span class=\"v1s2\">Nos habla sobre los ge\u00f3logos y la\u00a0 vulcanolog\u00eda , que son los que estudian los volcanes.<\/span><\/li>\n<li><img decoding=\"async\" data-attachment-id=\"30510\" data-permalink=\"https:\/\/www.alqueria.es\/blogs\/alqueriaprimerciclo\/2022\/05\/14\/fenomenos-naturales-en-1\/p20510-102334_comps1\/\" data-orig-file=\"https:\/\/cloud.alqueria.es\/wp-content\/uploads\/sites\/6\/2022\/05\/P20510-102334_comps1.jpg\" data-orig-size=\"2500,1910\" data-comments-opened=\"1\" data-image-meta=\"{&quot;aperture&quot;:&quot;2.2&quot;,&quot;credit&quot;:&quot;&quot;,&quot;camera&quot;:&quot;MEIZU_M5&quot;,&quot;caption&quot;:&quot;&quot;,&quot;created_timestamp&quot;:&quot;1652178215&quot;,&quot;copyright&quot;:&quot;&quot;,&quot;focal_length&quot;:&quot;3.5&quot;,&quot;iso&quot;:&quot;227&quot;,&quot;shutter_speed&quot;:&quot;0.029996&quot;,&quot;title&quot;:&quot;&quot;,&quot;orientation&quot;:&quot;1&quot;}\" data-image-title=\"P20510-102334_comps(1)\" data-image-description=\"\" data-image-caption=\"\" data-large-file=\"https:\/\/cloud.alqueria.es\/wp-content\/uploads\/sites\/6\/2022\/05\/P20510-102334_comps1-1024x782.jpg\" class=\"alignnone size-full wp-image-30510\" src=\"https:\/\/cloud.alqueria.es\/wp-content\/uploads\/sites\/6\/2022\/05\/P20510-102334_comps1.jpg\" alt=\"\" width=\"2500\" height=\"1910\" srcset=\"https:\/\/cloud.alqueria.es\/wp-content\/uploads\/sites\/6\/2022\/05\/P20510-102334_comps1.jpg 2500w, https:\/\/cloud.alqueria.es\/wp-content\/uploads\/sites\/6\/2022\/05\/P20510-102334_comps1-300x229.jpg 300w, https:\/\/cloud.alqueria.es\/wp-content\/uploads\/sites\/6\/2022\/05\/P20510-102334_comps1-1024x782.jpg 1024w, https:\/\/cloud.alqueria.es\/wp-content\/uploads\/sites\/6\/2022\/05\/P20510-102334_comps1-768x587.jpg 768w, https:\/\/cloud.alqueria.es\/wp-content\/uploads\/sites\/6\/2022\/05\/P20510-102334_comps1-1536x1174.jpg 1536w, https:\/\/cloud.alqueria.es\/wp-content\/uploads\/sites\/6\/2022\/05\/P20510-102334_comps1-2048x1565.jpg 2048w\" sizes=\"(max-width: 2500px) 100vw, 2500px\" \/><\/li>\n<\/ul>\n<p class=\"v1p2\"><span class=\"v1s2\">La equipaci\u00f3n que llevan los vulcan\u00f3logos y los aparatos que utilizan para estudiarlos , casco , m\u00e1scara chaleco reflectante ,botas especiales para no quemarse, guantes, pasamonta\u00f1as. Herramientas tecnol\u00f3gicas\u00a0 para estudiarlos , radar sat\u00e9lites, sism\u00f3grafos, pirometro, termometro para medir altas temperaturas, drones para grabar e investigar .<\/span><\/p>\n<p><img decoding=\"async\" data-attachment-id=\"30509\" data-permalink=\"https:\/\/www.alqueria.es\/blogs\/alqueriaprimerciclo\/2022\/05\/14\/fenomenos-naturales-en-1\/p20510-101327_comps1\/\" data-orig-file=\"https:\/\/cloud.alqueria.es\/wp-content\/uploads\/sites\/6\/2022\/05\/P20510-101327_comps1.jpg\" data-orig-size=\"1923,2500\" data-comments-opened=\"1\" data-image-meta=\"{&quot;aperture&quot;:&quot;2.2&quot;,&quot;credit&quot;:&quot;&quot;,&quot;camera&quot;:&quot;MEIZU_M5&quot;,&quot;caption&quot;:&quot;&quot;,&quot;created_timestamp&quot;:&quot;1652177608&quot;,&quot;copyright&quot;:&quot;&quot;,&quot;focal_length&quot;:&quot;3.5&quot;,&quot;iso&quot;:&quot;253&quot;,&quot;shutter_speed&quot;:&quot;0.029996&quot;,&quot;title&quot;:&quot;&quot;,&quot;orientation&quot;:&quot;1&quot;}\" data-image-title=\"P20510-101327_comps(1)\" data-image-description=\"\" data-image-caption=\"\" data-large-file=\"https:\/\/cloud.alqueria.es\/wp-content\/uploads\/sites\/6\/2022\/05\/P20510-101327_comps1-788x1024.jpg\" class=\"alignnone size-full wp-image-30509\" src=\"https:\/\/cloud.alqueria.es\/wp-content\/uploads\/sites\/6\/2022\/05\/P20510-101327_comps1.jpg\" alt=\"\" width=\"1923\" height=\"2500\" srcset=\"https:\/\/cloud.alqueria.es\/wp-content\/uploads\/sites\/6\/2022\/05\/P20510-101327_comps1.jpg 1923w, https:\/\/cloud.alqueria.es\/wp-content\/uploads\/sites\/6\/2022\/05\/P20510-101327_comps1-231x300.jpg 231w, https:\/\/cloud.alqueria.es\/wp-content\/uploads\/sites\/6\/2022\/05\/P20510-101327_comps1-788x1024.jpg 788w, https:\/\/cloud.alqueria.es\/wp-content\/uploads\/sites\/6\/2022\/05\/P20510-101327_comps1-768x998.jpg 768w, https:\/\/cloud.alqueria.es\/wp-content\/uploads\/sites\/6\/2022\/05\/P20510-101327_comps1-1181x1536.jpg 1181w, https:\/\/cloud.alqueria.es\/wp-content\/uploads\/sites\/6\/2022\/05\/P20510-101327_comps1-1575x2048.jpg 1575w\" sizes=\"(max-width: 1923px) 100vw, 1923px\" \/><\/p>\n<ul>\n<li class=\"v1p2\"><span class=\"v1s2\">Ha estado recientemente en\u00a0 Londres y ha visitado\u00a0 el museo de ciencias naturales que tiene un apartado exclusivamente de volcanes donde hab\u00eda un traje de verdad. Conoce a una\u00a0 \u00a0vecina que es vulcan\u00f3loga y le ha prestado algunos materiales de protecci\u00f3n para acercarse a estudiar los volcanes.<\/span><\/li>\n<li>Muchas gracias Maxi por compartir tu investigaci\u00f3n con nosotros.<\/li>\n<\/ul>\n<p><strong><span style=\"color: #0000ff\">CONFERENCIA DE BRUNO SOBRE TORNADOS Y HURACANES<\/span><\/strong><\/p>\n<p><img decoding=\"async\" data-attachment-id=\"30505\" data-permalink=\"https:\/\/www.alqueria.es\/blogs\/alqueriaprimerciclo\/2022\/05\/14\/fenomenos-naturales-en-1\/p20513-092925_comps1\/\" data-orig-file=\"https:\/\/cloud.alqueria.es\/wp-content\/uploads\/sites\/6\/2022\/05\/P20513-092925_comps1.jpg\" data-orig-size=\"2002,2500\" data-comments-opened=\"1\" data-image-meta=\"{&quot;aperture&quot;:&quot;2.2&quot;,&quot;credit&quot;:&quot;&quot;,&quot;camera&quot;:&quot;MEIZU_M5&quot;,&quot;caption&quot;:&quot;&quot;,&quot;created_timestamp&quot;:&quot;1652434165&quot;,&quot;copyright&quot;:&quot;&quot;,&quot;focal_length&quot;:&quot;3.5&quot;,&quot;iso&quot;:&quot;237&quot;,&quot;shutter_speed&quot;:&quot;0.029996&quot;,&quot;title&quot;:&quot;&quot;,&quot;orientation&quot;:&quot;1&quot;}\" data-image-title=\"P20513-092925_comps(1)\" data-image-description=\"\" data-image-caption=\"\" data-large-file=\"https:\/\/cloud.alqueria.es\/wp-content\/uploads\/sites\/6\/2022\/05\/P20513-092925_comps1-820x1024.jpg\" class=\"alignnone size-full wp-image-30505\" src=\"https:\/\/cloud.alqueria.es\/wp-content\/uploads\/sites\/6\/2022\/05\/P20513-092925_comps1.jpg\" alt=\"\" width=\"2002\" height=\"2500\" srcset=\"https:\/\/cloud.alqueria.es\/wp-content\/uploads\/sites\/6\/2022\/05\/P20513-092925_comps1.jpg 2002w, https:\/\/cloud.alqueria.es\/wp-content\/uploads\/sites\/6\/2022\/05\/P20513-092925_comps1-240x300.jpg 240w, https:\/\/cloud.alqueria.es\/wp-content\/uploads\/sites\/6\/2022\/05\/P20513-092925_comps1-820x1024.jpg 820w, https:\/\/cloud.alqueria.es\/wp-content\/uploads\/sites\/6\/2022\/05\/P20513-092925_comps1-768x959.jpg 768w, https:\/\/cloud.alqueria.es\/wp-content\/uploads\/sites\/6\/2022\/05\/P20513-092925_comps1-1230x1536.jpg 1230w, https:\/\/cloud.alqueria.es\/wp-content\/uploads\/sites\/6\/2022\/05\/P20513-092925_comps1-1640x2048.jpg 1640w\" sizes=\"(max-width: 2002px) 100vw, 2002px\" \/><\/p>\n<p>Bruno es un experto en <strong>tornados<\/strong> , le gustan desde hace tiempo y conoce muchos datos que nos hace llegar con gran entusiasmo.<\/p>\n<p><img decoding=\"async\" data-attachment-id=\"30506\" data-permalink=\"https:\/\/www.alqueria.es\/blogs\/alqueriaprimerciclo\/2022\/05\/14\/fenomenos-naturales-en-1\/p20513-092845_comps1\/\" data-orig-file=\"https:\/\/cloud.alqueria.es\/wp-content\/uploads\/sites\/6\/2022\/05\/P20513-092845_comps1.jpg\" data-orig-size=\"2500,1794\" data-comments-opened=\"1\" data-image-meta=\"{&quot;aperture&quot;:&quot;2.2&quot;,&quot;credit&quot;:&quot;&quot;,&quot;camera&quot;:&quot;MEIZU_M5&quot;,&quot;caption&quot;:&quot;&quot;,&quot;created_timestamp&quot;:&quot;1652434126&quot;,&quot;copyright&quot;:&quot;&quot;,&quot;focal_length&quot;:&quot;3.5&quot;,&quot;iso&quot;:&quot;331&quot;,&quot;shutter_speed&quot;:&quot;0.029996&quot;,&quot;title&quot;:&quot;&quot;,&quot;orientation&quot;:&quot;1&quot;}\" data-image-title=\"P20513-092845_comps(1)\" data-image-description=\"\" data-image-caption=\"\" data-large-file=\"https:\/\/cloud.alqueria.es\/wp-content\/uploads\/sites\/6\/2022\/05\/P20513-092845_comps1-1024x735.jpg\" class=\"alignnone size-full wp-image-30506\" src=\"https:\/\/cloud.alqueria.es\/wp-content\/uploads\/sites\/6\/2022\/05\/P20513-092845_comps1.jpg\" alt=\"\" width=\"2500\" height=\"1794\" srcset=\"https:\/\/cloud.alqueria.es\/wp-content\/uploads\/sites\/6\/2022\/05\/P20513-092845_comps1.jpg 2500w, https:\/\/cloud.alqueria.es\/wp-content\/uploads\/sites\/6\/2022\/05\/P20513-092845_comps1-300x215.jpg 300w, https:\/\/cloud.alqueria.es\/wp-content\/uploads\/sites\/6\/2022\/05\/P20513-092845_comps1-1024x735.jpg 1024w, https:\/\/cloud.alqueria.es\/wp-content\/uploads\/sites\/6\/2022\/05\/P20513-092845_comps1-768x551.jpg 768w, https:\/\/cloud.alqueria.es\/wp-content\/uploads\/sites\/6\/2022\/05\/P20513-092845_comps1-1536x1102.jpg 1536w, https:\/\/cloud.alqueria.es\/wp-content\/uploads\/sites\/6\/2022\/05\/P20513-092845_comps1-2048x1470.jpg 2048w\" sizes=\"(max-width: 2500px) 100vw, 2500px\" \/><\/p>\n<p>Un\u00a0<b>tornado <\/b>se forma\u00a0a causa\u00a0de\u00a0una masa\u00a0de\u00a0aire c\u00e1lido\u00a0y h\u00famedo <b>y<\/b>\u00a0una masa\u00a0de\u00a0aire fr\u00edo\u00a0y\u00a0seco. El choque\u00a0de las dos da\u00a0la formaci\u00f3n\u00a0de\u00a0los\u00a0<b>tornados. <\/b><\/p>\n<p><b>En<\/b> principio,\u00a0 las dos corrientes de aire, la fr\u00eda y la caliente se encuentran en horizontal. En este encuentro, el aire caliente que deber\u00eda estar por encima del fr\u00edo, queda atrapado en un plano inferior, produciendo que ambas corrientes fluyan a diferentes alturas, de forma paralela y con direcciones opuestas.<\/p>\n<p>Gira el viento\u00a0 en forma de embudo.<\/p>\n<p>Tienen\u00a0su origen en tempestades muy fuertes, y a veces van acompa\u00f1ados de descargas el\u00e9ctricas, granizo, y fuertes lluvias que pueden ocasionar inundaciones. Un tornado puede durar desde varios minutos hasta algo m\u00e1s de una hora.<\/p>\n<p>Un tornado puede ocurrir en cualquier lugar donde existan amplias llanuras, M\u00e9xico\u00a0 y\u00a0 Sudam\u00e9rica, Argentina, Bolivia, Chile y el Amazonas.<\/p>\n<p><strong>Los huracanes<\/strong> tambi\u00e9n son de su inter\u00e9s y nos explica que son huracanes o ciclones\u00a0 y se dan en\u00a0 grandes y fuertes tormentas que se forman en el <strong>mar<\/strong> y que pueden llegar a provocar vientos con mucha velocidad.<\/p>\n<p>Producen vientos fuertes, lluvias abundantes y tormentas el\u00e9ctricas. Los huracanes y las tormentas tropicales tambi\u00e9n pueden generar tornados y causar inundaciones. Los vientos fuertes y las lluvias copiosas pueden destruir edificios, carreteras y puentes y derribar \u00e1rboles.<\/p>\n<p><img decoding=\"async\" data-attachment-id=\"30507\" data-permalink=\"https:\/\/www.alqueria.es\/blogs\/alqueriaprimerciclo\/2022\/05\/14\/fenomenos-naturales-en-1\/p20513-092850_comps1\/\" data-orig-file=\"https:\/\/cloud.alqueria.es\/wp-content\/uploads\/sites\/6\/2022\/05\/P20513-092850_comps1.jpg\" data-orig-size=\"2500,1842\" data-comments-opened=\"1\" data-image-meta=\"{&quot;aperture&quot;:&quot;2.2&quot;,&quot;credit&quot;:&quot;&quot;,&quot;camera&quot;:&quot;MEIZU_M5&quot;,&quot;caption&quot;:&quot;&quot;,&quot;created_timestamp&quot;:&quot;1652434130&quot;,&quot;copyright&quot;:&quot;&quot;,&quot;focal_length&quot;:&quot;3.5&quot;,&quot;iso&quot;:&quot;333&quot;,&quot;shutter_speed&quot;:&quot;0.029996&quot;,&quot;title&quot;:&quot;&quot;,&quot;orientation&quot;:&quot;1&quot;}\" data-image-title=\"P20513-092850_comps(1)\" data-image-description=\"\" data-image-caption=\"\" data-large-file=\"https:\/\/cloud.alqueria.es\/wp-content\/uploads\/sites\/6\/2022\/05\/P20513-092850_comps1-1024x754.jpg\" class=\"alignnone size-full wp-image-30507\" src=\"https:\/\/cloud.alqueria.es\/wp-content\/uploads\/sites\/6\/2022\/05\/P20513-092850_comps1.jpg\" alt=\"\" width=\"2500\" height=\"1842\" srcset=\"https:\/\/cloud.alqueria.es\/wp-content\/uploads\/sites\/6\/2022\/05\/P20513-092850_comps1.jpg 2500w, https:\/\/cloud.alqueria.es\/wp-content\/uploads\/sites\/6\/2022\/05\/P20513-092850_comps1-300x221.jpg 300w, https:\/\/cloud.alqueria.es\/wp-content\/uploads\/sites\/6\/2022\/05\/P20513-092850_comps1-1024x754.jpg 1024w, https:\/\/cloud.alqueria.es\/wp-content\/uploads\/sites\/6\/2022\/05\/P20513-092850_comps1-768x566.jpg 768w, https:\/\/cloud.alqueria.es\/wp-content\/uploads\/sites\/6\/2022\/05\/P20513-092850_comps1-1536x1132.jpg 1536w, https:\/\/cloud.alqueria.es\/wp-content\/uploads\/sites\/6\/2022\/05\/P20513-092850_comps1-2048x1509.jpg 2048w\" sizes=\"(max-width: 2500px) 100vw, 2500px\" \/><\/p>\n<p>Se clasifican seg\u00fan la fuerza con Escala Fujita, los tornados en seis categor\u00edas de da\u00f1os que van del F0 al F5,\u00a0 desde el m\u00e1s\u00a0 leves al mas destructivo.El Centro Nacional de Huracanes de los Estados Unidos les pone nombre\u00a0 a los huracanes.<\/p>\n<p>Muchas gracias Bruno por compartir con nosotros tus intereses.<\/p>\n<ul>\n<li><span style=\"color: #993366\"><strong>ENSAYO\u00a0 DRAMATIZACI\u00d3N<\/strong><\/span><\/li>\n<\/ul>\n<p>Ensayamos la puesta en escena de la historia creada en equipo, sobre los personajes que han sido\u00a0 inventados y recreados por cada uno , para la representaci\u00f3n con\u00a0 sus sombras.<\/p>\n<p>Hemos sido invitados por el grupo de 2\u00b0 a la representaci\u00f3n que ellos han estado preparando durante meses , vamos con los ojos bien abiertos para aprender de los compa\u00f1eros y disfrutar de la historia de las brujas.<\/p>\n<p><span style=\"color: #008000\"><strong>\u00a0TEATRO DE 2\u00ba: LAS BRUJAS de ROALD DAHL<\/strong><\/span><\/p>\n<p><img decoding=\"async\" class=\"alignnone\" src=\"https:\/\/imagessl0.casadellibro.com\/a\/l\/t7\/40\/9788420448640.jpg\" alt=\"LAS BRUJAS (3\u00aa ED.) | ROALD DAHL | Casa del Libro\" width=\"176\" height=\"293\" \/><\/p>\n<p><img decoding=\"async\" data-attachment-id=\"30476\" data-permalink=\"https:\/\/www.alqueria.es\/blogs\/alqueriaprimerciclo\/2022\/05\/13\/las-brujas-de-roald-dahl-teatro-en-2ode-primaria\/img_7463\/\" data-orig-file=\"https:\/\/cloud.alqueria.es\/wp-content\/uploads\/sites\/6\/2022\/05\/IMG_7463.jpg\" data-orig-size=\"640,480\" data-comments-opened=\"1\" data-image-meta=\"{&quot;aperture&quot;:&quot;5.9&quot;,&quot;credit&quot;:&quot;&quot;,&quot;camera&quot;:&quot;Canon IXUS 125 HS&quot;,&quot;caption&quot;:&quot;&quot;,&quot;created_timestamp&quot;:&quot;1652437909&quot;,&quot;copyright&quot;:&quot;&quot;,&quot;focal_length&quot;:&quot;21.5&quot;,&quot;iso&quot;:&quot;100&quot;,&quot;shutter_speed&quot;:&quot;0.003125&quot;,&quot;title&quot;:&quot;&quot;,&quot;orientation&quot;:&quot;1&quot;}\" data-image-title=\"IMG_7463\" data-image-description=\"\" data-image-caption=\"\" data-large-file=\"https:\/\/cloud.alqueria.es\/wp-content\/uploads\/sites\/6\/2022\/05\/IMG_7463.jpg\" class=\"alignnone wp-image-30476\" src=\"https:\/\/cloud.alqueria.es\/wp-content\/uploads\/sites\/6\/2022\/05\/IMG_7463.jpg\" alt=\"\" width=\"288\" height=\"216\" srcset=\"https:\/\/cloud.alqueria.es\/wp-content\/uploads\/sites\/6\/2022\/05\/IMG_7463.jpg 640w, https:\/\/cloud.alqueria.es\/wp-content\/uploads\/sites\/6\/2022\/05\/IMG_7463-300x225.jpg 300w\" sizes=\"(max-width: 288px) 100vw, 288px\" \/><\/p>\n<p>Un ni\u00f1o ingl\u00e9s de siete a\u00f1os llamado Luke se va a vivir con su abuela noruega. Al ni\u00f1o le encantan todas las historias de su abuela, pero le fascina especialmente la de las brujas reales. La abuela le explica c\u00f3mo reconocerlas, ya que es una cazadora de brujas retirada. De hecho, ella misma tuvo un encuentro con una bruja cuando ten\u00eda m\u00e1s o menos la edad de su nieto. Seg\u00fan la abuela, una bruja real parece una mujer normal y corriente, pero hay formas de saber si es una bruja: las brujas de verdad tienen garras en lugar de u\u00f1as, que esconden con guantes; son calvas, que esconden con pelucas que les producen sarpullidos; tienen pies cuadrados sin dedos, que esconden con inc\u00f3modos zapatos puntiagudos; tienen ojos con pupilas que cambian de color; tienen saliva azul que usan como tinta y tienen grandes fosas nasales.<\/p>\n<p><img decoding=\"async\" data-attachment-id=\"30486\" data-permalink=\"https:\/\/www.alqueria.es\/blogs\/alqueriaprimerciclo\/2022\/05\/13\/las-brujas-de-roald-dahl-teatro-en-2ode-primaria\/img_7526\/\" data-orig-file=\"https:\/\/cloud.alqueria.es\/wp-content\/uploads\/sites\/6\/2022\/05\/IMG_7526.jpg\" data-orig-size=\"640,480\" data-comments-opened=\"1\" data-image-meta=\"{&quot;aperture&quot;:&quot;5&quot;,&quot;credit&quot;:&quot;&quot;,&quot;camera&quot;:&quot;Canon IXUS 125 HS&quot;,&quot;caption&quot;:&quot;&quot;,&quot;created_timestamp&quot;:&quot;1652438523&quot;,&quot;copyright&quot;:&quot;&quot;,&quot;focal_length&quot;:&quot;13.514&quot;,&quot;iso&quot;:&quot;100&quot;,&quot;shutter_speed&quot;:&quot;0.003125&quot;,&quot;title&quot;:&quot;&quot;,&quot;orientation&quot;:&quot;1&quot;}\" data-image-title=\"IMG_7526\" data-image-description=\"\" data-image-caption=\"\" data-large-file=\"https:\/\/cloud.alqueria.es\/wp-content\/uploads\/sites\/6\/2022\/05\/IMG_7526.jpg\" class=\"alignnone wp-image-30486\" src=\"https:\/\/cloud.alqueria.es\/wp-content\/uploads\/sites\/6\/2022\/05\/IMG_7526.jpg\" alt=\"\" width=\"300\" height=\"225\" srcset=\"https:\/\/cloud.alqueria.es\/wp-content\/uploads\/sites\/6\/2022\/05\/IMG_7526.jpg 640w, https:\/\/cloud.alqueria.es\/wp-content\/uploads\/sites\/6\/2022\/05\/IMG_7526-300x225.jpg 300w\" sizes=\"(max-width: 300px) 100vw, 300px\" \/><\/p>\n<p>&nbsp;<\/p>\n<p>Bravo compa\u00f1eros de ciclo, nos ha encantado la puesta en escena&#x1f44f;&#x1f44f;&#x1f44f;&#x1f44f;<\/p>\n<p><img decoding=\"async\" data-attachment-id=\"30496\" data-permalink=\"https:\/\/www.alqueria.es\/blogs\/alqueriaprimerciclo\/2022\/05\/13\/las-brujas-de-roald-dahl-teatro-en-2ode-primaria\/img_7579\/\" data-orig-file=\"https:\/\/cloud.alqueria.es\/wp-content\/uploads\/sites\/6\/2022\/05\/IMG_7579.jpg\" data-orig-size=\"640,480\" data-comments-opened=\"1\" data-image-meta=\"{&quot;aperture&quot;:&quot;4.5&quot;,&quot;credit&quot;:&quot;&quot;,&quot;camera&quot;:&quot;Canon IXUS 125 HS&quot;,&quot;caption&quot;:&quot;&quot;,&quot;created_timestamp&quot;:&quot;1652438956&quot;,&quot;copyright&quot;:&quot;&quot;,&quot;focal_length&quot;:&quot;9.584&quot;,&quot;iso&quot;:&quot;100&quot;,&quot;shutter_speed&quot;:&quot;0.003125&quot;,&quot;title&quot;:&quot;&quot;,&quot;orientation&quot;:&quot;1&quot;}\" data-image-title=\"IMG_7579\" data-image-description=\"\" data-image-caption=\"\" data-large-file=\"https:\/\/cloud.alqueria.es\/wp-content\/uploads\/sites\/6\/2022\/05\/IMG_7579.jpg\" class=\"alignnone wp-image-30496 size-medium\" src=\"https:\/\/cloud.alqueria.es\/wp-content\/uploads\/sites\/6\/2022\/05\/IMG_7579-300x225.jpg\" alt=\"\" width=\"300\" height=\"225\" srcset=\"https:\/\/cloud.alqueria.es\/wp-content\/uploads\/sites\/6\/2022\/05\/IMG_7579-300x225.jpg 300w, https:\/\/cloud.alqueria.es\/wp-content\/uploads\/sites\/6\/2022\/05\/IMG_7579.jpg 640w\" sizes=\"(max-width: 300px) 100vw, 300px\" \/><\/p>\n<p><strong><span style=\"color: #ff00ff\">SALIDA DE CONVIVENCIA EN\u00a0 PRIMER CICLO<\/span><\/strong><\/p>\n<p>Continuamos preparando nuestra salida especial que tantas emociones nos despierta ya que es la primera que hacemos durmiendo todos juntos.<\/p>\n<p>Nos informa del men\u00fa y de las actividades que realizaremos los dos d\u00edas que estaremos en la granja escuela el <span style=\"color: #993366\"><strong>Castillo<\/strong><\/span><\/p>\n<h5>Viaje a <span style=\"color: #993366\">P\u00ed\u00f1ar<\/span><\/h5>\n<p>El\u00a0 pr\u00f3ximo d\u00eda 19 y 20 de mayo\u00a0 el 1\u00ba\u00a0 ciclo de primaria nos vamos de salida de convivencia a <strong>P\u00ed\u00f1ar<\/strong>.<\/p>\n<p>Aqu\u00ed dormiremos<\/p>\n<div class=\"feature-description\">\n<h5><img decoding=\"async\" class=\"alignnone\" src=\"https:\/\/cloud.alqueria.es\/wp-content\/uploads\/sites\/6\/2017\/05\/20170525_101434-1024x768.jpg\" alt=\"Resultado de imagen de cocolimpio P\u00c3\u00ad\u00c3\u00b1ar\" width=\"1024\" height=\"768\" \/><\/h5>\n<p>Aqu\u00ed jugaremos<\/p>\n<div class=\"fb-post\" data-href=\"https:\/\/www.facebook.com\/383294251713029\/photos\/ms.c.eJw1zNsNADEIA8GOThjz7L~_xU0j4HK1lFokqK2Yq4~_NxC5EQdzwjpwufGdNRz6UuxhJfx9mDtu7Ts3ffmK699vNnfq0icm1rzh65zum2BuY~;4wcQlCnf.bps.a.383318695043918\/383318848377236\/?type=3&#038;__tn__=HH-R&#038;eid=ARAV9HKLyADumgRDMWnkAOgt8N1_NL6DEZP556tJAkQMoAfwq26WjoSJXn-LxVPUMhsGPD8qZxwV_jMt&#038;__xts__%5B0%5D=68.ARDtuOP_FWV5jYvMYHUemccO8JZqjOpPj0BxTJ6_w0khRf1PNZRHAZ3kWmk79lI6chRyprsTbjk0DpBwXiuOa5dHcjC6YupmLxQsijK50Oh_clKk6qQwGAxsNw4AV0Sbgo8y6xGjHs0iTSSV2GC_aPiWeXLDk38_3zSdDjIjyZbZsKXC9BoVrk4rJYA2HQkmKDTdIIi860wb652eGF15UHuSTy_xjFsKTJXfmK7_ei3DsGvdyYm-wuslFbVhV1Dwh_hWliDwqmTe_H0JfERMt--yCH7E6jhHPQUk\" data-width=\"474\" style=\"background-color: #fff; display: inline-block;\"><\/div>\n<h5>\u00bfQu\u00e9 necesitamos?<\/h5>\n<p><img decoding=\"async\" class=\"alignleft lazyloaded\" src=\"https:\/\/thumbs.dreamstime.com\/z\/maleta-vieja-del-viaje-aislada-55652728.jpg\" alt=\"Imagen relacionada\" width=\"207\" height=\"169\" data-src=\"https:\/\/thumbs.dreamstime.com\/z\/maleta-vieja-del-viaje-aislada-55652728.jpg\" \/>El equipaje ha de ser pr\u00e1ctico, es decir, que\u00a0 sepamos qu\u00e9 contiene y podamos reconocer cada uno de los objetos que llevamos.\u00a0 La forma de conseguirlo es que lo preparemos nosotros mismos.<\/p>\n<p>Imprescindible marcar con el nombre todas las pertenencias, especialmente\u00a0 la ropa:<\/p>\n<h6>Muda completa de ropa:<\/h6>\n<ul>\n<li>Ropa interior de recambio ( Braguitas o\u00a0 calzoncillos y calcetines).<\/li>\n<li>Camiseta.<\/li>\n<li>Pantal\u00f3n ( aconsejable largo porque estamos en el campo).<\/li>\n<li>Sudadera.<\/li>\n<li>Pijama.<\/li>\n<li>La gorra es voluntaria ( por experiencia, no solemos usarla).<\/li>\n<li>Linterna peque\u00f1a, voluntario.<\/li>\n<li>Recambio de\u00a0 calzado c\u00f3modo.<\/li>\n<li>Una bolsa para la ropa usada.<\/li>\n<\/ul>\n<h6>Bolsa de aseo completa y toalla peque\u00f1a.<\/h6>\n<ul>\n<li>Cepillo de dientes.<\/li>\n<li>Pasta dent\u00edfrica.<\/li>\n<li>Toalla peque\u00f1a.<\/li>\n<li>Crema solar.<\/li>\n<li>\u00a0Cepillo o peine.<\/li>\n<li>\u00a0Repelente para mosquitos (para los al\u00e9rgicos).<\/li>\n<\/ul>\n<p>Nos ducharemos cuando volvamos a casa.<\/p>\n<h6>Medicaci\u00f3n<\/h6>\n<ul>\n<li>La medicaci\u00f3n, si es necesaria, no la llevaremos en la mochila o maleta,\u00a0 se le entregar\u00e1 en mano a nuestra tutora.<\/li>\n<\/ul>\n<h6>Aconsejable<\/h6>\n<p>No llevar objetos innecesarios, juguetes, ni golosinas.<\/p>\n<p><strong>Almuerzo:<\/strong><\/p>\n<p><img decoding=\"async\" class=\"alignright lazyloaded\" src=\"https:\/\/www.cocinacaserayfacil.net\/wp-content\/uploads\/2018\/07\/macarrones-con-tomate-y-atun.jpg\" alt=\"Imagen relacionada\" width=\"169\" height=\"95\" data-src=\"https:\/\/www.cocinacaserayfacil.net\/wp-content\/uploads\/2018\/07\/macarrones-con-tomate-y-atun.jpg\" \/><\/p>\n<ol>\n<li>Macarrones bolo\u00f1esa.<\/li>\n<li>Croquetas con patatas largas.<\/li>\n<li>Helado.&#x1f366;&#x1f366;<\/li>\n<\/ol>\n<p><strong>Merienda:<\/strong><\/p>\n<ol>\n<li>Batido y bizcocho.<\/li>\n<\/ol>\n<p><strong>Cena<\/strong>:<\/p>\n<p><img decoding=\"async\" class=\"alignright lazyloaded\" src=\"https:\/\/4.bp.blogspot.com\/-LGHI6w2fsLo\/WAfhBileM0I\/AAAAAAAAJRA\/YkCJuWd_y7wggIl25mltWVjxCg1zfLqLwCPcB\/s1600\/Sopa%2Bde%2Bpicadillo.JPG\" alt=\"Resultado de imagen de sopa picadillo\" width=\"134\" height=\"89\" data-src=\"https:\/\/4.bp.blogspot.com\/-LGHI6w2fsLo\/WAfhBileM0I\/AAAAAAAAJRA\/YkCJuWd_y7wggIl25mltWVjxCg1zfLqLwCPcB\/s1600\/Sopa%2Bde%2Bpicadillo.JPG\" \/><\/p>\n<ol>\n<li>Sopa de picadillo.<\/li>\n<li>Tortilla francesa con ensalada.<\/li>\n<li>Fruta.&#x1f34f;<\/li>\n<\/ol>\n<p><strong>2\u00ba D\u00cdA:<\/strong><\/p>\n<p><img decoding=\"async\" class=\"alignright lazyloaded\" src=\"https:\/\/t1.pixers.pics\/img-c676e9e9\/cuadros-en-lienzo-desayuno-sano-y-nutritivo-leche-tostadas-mantequilla-y-mermelada.jpg?H4sIAAAAAAAAA42PS26EQAxErwNSg437CweY7RwB0dBMSPipm0lGOX3MJMouUlYul-xXKrivqRsD9GE9QoRlGoY5wDjNvKUmhjR9hkwRCswbducMkdX2HmIftz0rKjKiqJzQUgmjKG8-Ov5cuviWvRzHnhqAJMt9ejCOR5-gXxIQVgbQgLZaK1nXWHkn283HYp-3Y90KwofEcl9vAsUz-79YBxWC9kPljXcDKu9aYpjG4pfwxEqyQjt1on9KWkRhz3JHnJaM2258fWSv-y2HPzK_NfAXXK6cDrUFUmDptNrLlbC2pCy10nsKpu-k6Xru7L0ftfPKDLUbyKiu5JQvip9m3IoBAAA=\" alt=\"Resultado de imagen de Leche con tostadas\" width=\"69\" height=\"101\" data-src=\"https:\/\/t1.pixers.pics\/img-c676e9e9\/cuadros-en-lienzo-desayuno-sano-y-nutritivo-leche-tostadas-mantequilla-y-mermelada.jpg?H4sIAAAAAAAAA42PS26EQAxErwNSg437CweY7RwB0dBMSPipm0lGOX3MJMouUlYul-xXKrivqRsD9GE9QoRlGoY5wDjNvKUmhjR9hkwRCswbducMkdX2HmIftz0rKjKiqJzQUgmjKG8-Ov5cuviWvRzHnhqAJMt9ejCOR5-gXxIQVgbQgLZaK1nXWHkn283HYp-3Y90KwofEcl9vAsUz-79YBxWC9kPljXcDKu9aYpjG4pfwxEqyQjt1on9KWkRhz3JHnJaM2258fWSv-y2HPzK_NfAXXK6cDrUFUmDptNrLlbC2pCy10nsKpu-k6Xru7L0ftfPKDLUbyKiu5JQvip9m3IoBAAA=\" \/><strong>Desayuno<\/strong>: Leche chocolateada y tostadas.<\/p>\n<p><strong>Media ma\u00f1ana:<\/strong>\u00a0fruta.<\/p>\n<p><strong>Almuerzo:<\/strong><img decoding=\"async\" class=\"lazyloaded alignright\" src=\"https:\/\/www.lasrecetascocina.com\/wp-content\/uploads\/2018\/01\/lentejas-con-patatas.jpg\" alt=\"Imagen relacionada\" width=\"117\" height=\"75\" data-src=\"https:\/\/www.lasrecetascocina.com\/wp-content\/uploads\/2018\/01\/lentejas-con-patatas.jpg\" \/><\/p>\n<ol>\n<li>Estofado de lentejas.<\/li>\n<li>Delicias de merluza y tomate ali\u00f1ado.<\/li>\n<li>Natillas.&#x1f36e;&#x1f36e;<\/li>\n<\/ol>\n<h6>Actividades:<\/h6>\n<p>D\u00eda 1\u00ba<\/p>\n<ul>\n<li>Recepci\u00f3n y\u00a0Fruta.<\/li>\n<li>Organizaci\u00f3n de grupos y visita a las instalaciones.<img decoding=\"async\" class=\" lazyloaded\" src=\"https:\/\/encrypted-tbn0.gstatic.com\/images?q=tbn:ANd9GcTj7TrrbzKpiZl4pYQkljfpGZg3D0ezWn3TXig8hJJSY8K1t9Be\" alt=\"Resultado de imagen de Restaurante El castillo P\u00c3\u00ad\u00c3\u00b1ar\" data-src=\"https:\/\/encrypted-tbn0.gstatic.com\/images?q=tbn:ANd9GcTj7TrrbzKpiZl4pYQkljfpGZg3D0ezWn3TXig8hJJSY8K1t9Be\" \/><\/li>\n<li>Reparto de habitaciones y acomodaci\u00f3n de equipajes.\u00a0<img decoding=\"async\" class=\" lazyloaded\" src=\"http:\/\/media.er2.co\/es\/granada\/0000000008879\/635\/0000000042169.jpg\" alt=\"Resultado de imagen de cocolimpio P\u00c3\u00ad\u00c3\u00b1ar\" data-src=\"http:\/\/media.er2.co\/es\/granada\/0000000008879\/635\/0000000042169.jpg\" \/><\/li>\n<li>Aseo.<\/li>\n<li>Almuerzo.<\/li>\n<li>Tiempo libre de juegos.<\/li>\n<li>Visita a la Cueva de las Tres Ventanas.<img decoding=\"async\" class=\" ls-is-cached lazyloaded\" src=\"http:\/\/agendadeisa.com\/wp-content\/uploads\/2015\/05\/th_9884a105155d2d5abab95f407ee25a91_U4T0326-Cueva-de-las-Ventanas-Pinar-Granada.jpg\" alt=\"Resultado de imagen de cocolimpio P\u00c3\u00ad\u00c3\u00b1ar\" data-src=\"http:\/\/agendadeisa.com\/wp-content\/uploads\/2015\/05\/th_9884a105155d2d5abab95f407ee25a91_U4T0326-Cueva-de-las-Ventanas-Pinar-Granada.jpg\" \/><\/li>\n<li>Merienda.<\/li>\n<li>Tiempo libre de juegos.<\/li>\n<li>Taller de herramientas prehist\u00f3ricas.<\/li>\n<li>Taller de aves rapaces.<\/li>\n<li>Aseo.<\/li>\n<li>Cena.<\/li>\n<li>Velada nocturna: El mamut.<\/li>\n<li>A dormir.<\/li>\n<\/ul>\n<p>D\u00cdA 2\u00ba<\/p>\n<ul>\n<li>Nos despertamos.<\/li>\n<li>Aseo.<\/li>\n<li>Desayuno.<\/li>\n<li>Cocolimpio.<img decoding=\"async\" class=\" lazyloaded\" src=\"https:\/\/cloud.alqueria.es\/wp-content\/uploads\/sites\/6\/2017\/05\/20170525_132444-1024x768.jpg\" alt=\"Resultado de imagen de cocolimpio P\u00c3\u00ad\u00c3\u00b1ar\" data-src=\"https:\/\/cloud.alqueria.es\/wp-content\/uploads\/sites\/6\/2017\/05\/20170525_132444-1024x768.jpg\" \/><\/li>\n<li>Gymkana: \u00bfC\u00f3mo ser un buen troglodita?\u00bb.<\/li>\n<li>Aseo.<\/li>\n<li>Almuerzo.<\/li>\n<li>Tiempo libre de juegos.<\/li>\n<li>Evaluaci\u00f3n.<\/li>\n<li>Despedida.<\/li>\n<\/ul>\n<p class=\"employee-title\">\u00c9TICA Y CONVIVENCIA<\/p>\n<p class=\"employee-title\">Organizamos los grupos de habitaci\u00f3n, ser\u00e1n tres de 6 camas cada una. Ponerse de acuerdo en estos casos no siempre es f\u00e1cil, pero la buena convivencia del grupo ayuda a ello.\u00a0 Tras algunas posibilidades de distribuci\u00f3n en las literas, nos hemos puesto de acuerdo f\u00e1cilmente.<\/p>\n<p class=\"employee-title\">De eso se trata, de convivir con los compa\u00f1eros en un ambiente distinto al habitual y pasarlo bien.<\/p>\n<\/div>\n<div class=\"feature-description\">Buen fin de semana<\/div>\n<div>Dar\u00eda<\/div>\n","protected":false},"excerpt":{"rendered":"<p>Continuamos conociendo el\u00a0 planeta Tierra, en esta ocasi\u00f3n los fen\u00f3menos naturales que se producen y van cambiando\u00a0 su formaci\u00f3n y como los avances tecnol\u00f3gicos ayudan en su predicci\u00f3n. Las monta\u00f1as, su formaci\u00f3n y el interior, d\u00f3nde podemos encontrar la formaci\u00f3n de cuevas por la acci\u00f3n del agua, como la que tendremos la suerte de visitar &hellip; <a href=\"https:\/\/www.alqueria.es\/blogs\/alqueriaprimerciclo\/2022\/05\/14\/fenomenos-naturales-en-1\/\" class=\"more-link\">Seguir leyendo <span class=\"screen-reader-text\">Fen\u00f3menos Naturales en 1\u00b0<\/span> <span class=\"meta-nav\">&rarr;<\/span><\/a><\/p>\n","protected":false},"author":12,"featured_media":0,"comment_status":"open","ping_status":"open","sticky":false,"template":"","format":"standard","meta":{"jetpack_post_was_ever_published":false,"_jetpack_newsletter_access":"","_jetpack_dont_email_post_to_subs":false,"_jetpack_newsletter_tier_id":0,"_jetpack_memberships_contains_paywalled_content":false,"_jetpack_memberships_contains_paid_content":false,"footnotes":"","jetpack_publicize_message":"","jetpack_publicize_feature_enabled":true,"jetpack_social_post_already_shared":true,"jetpack_social_options":{"image_generator_settings":{"template":"highway","default_image_id":0,"font":"","enabled":false},"version":2}},"categories":[2,187,174,6,8],"tags":[32,160,37,201,60,92],"class_list":["post-30443","post","type-post","status-publish","format-standard","hentry","category-1o-epo","category-ciencia","category-conferencias","category-conocimiento-del-medio-1o","category-diario-de-clase-1o","tag-alqueria","tag-ciencia-y-tecnologia","tag-conferencias","tag-prehistoria","tag-primaria","tag-semanario"],"jetpack_publicize_connections":[],"jetpack_featured_media_url":"","jetpack_sharing_enabled":true,"jetpack_shortlink":"https:\/\/wp.me\/p4lvS0-7V1","_links":{"self":[{"href":"https:\/\/www.alqueria.es\/blogs\/alqueriaprimerciclo\/wp-json\/wp\/v2\/posts\/30443","targetHints":{"allow":["GET"]}}],"collection":[{"href":"https:\/\/www.alqueria.es\/blogs\/alqueriaprimerciclo\/wp-json\/wp\/v2\/posts"}],"about":[{"href":"https:\/\/www.alqueria.es\/blogs\/alqueriaprimerciclo\/wp-json\/wp\/v2\/types\/post"}],"author":[{"embeddable":true,"href":"https:\/\/www.alqueria.es\/blogs\/alqueriaprimerciclo\/wp-json\/wp\/v2\/users\/12"}],"replies":[{"embeddable":true,"href":"https:\/\/www.alqueria.es\/blogs\/alqueriaprimerciclo\/wp-json\/wp\/v2\/comments?post=30443"}],"version-history":[{"count":5,"href":"https:\/\/www.alqueria.es\/blogs\/alqueriaprimerciclo\/wp-json\/wp\/v2\/posts\/30443\/revisions"}],"predecessor-version":[{"id":30514,"href":"https:\/\/www.alqueria.es\/blogs\/alqueriaprimerciclo\/wp-json\/wp\/v2\/posts\/30443\/revisions\/30514"}],"wp:attachment":[{"href":"https:\/\/www.alqueria.es\/blogs\/alqueriaprimerciclo\/wp-json\/wp\/v2\/media?parent=30443"}],"wp:term":[{"taxonomy":"category","embeddable":true,"href":"https:\/\/www.alqueria.es\/blogs\/alqueriaprimerciclo\/wp-json\/wp\/v2\/categories?post=30443"},{"taxonomy":"post_tag","embeddable":true,"href":"https:\/\/www.alqueria.es\/blogs\/alqueriaprimerciclo\/wp-json\/wp\/v2\/tags?post=30443"}],"curies":[{"name":"wp","href":"https:\/\/api.w.org\/{rel}","templated":true}]}}