{"id":31122,"date":"2022-09-16T15:25:52","date_gmt":"2022-09-16T13:25:52","guid":{"rendered":"https:\/\/www.alqueria.es\/blogs\/alqueriaprimerciclo\/?p=31122"},"modified":"2022-09-16T15:43:30","modified_gmt":"2022-09-16T13:43:30","slug":"1a-semana-en-2o","status":"publish","type":"post","link":"https:\/\/www.alqueria.es\/blogs\/alqueriaprimerciclo\/2022\/09\/16\/1a-semana-en-2o\/","title":{"rendered":"1\u00aa Semana en 2\u00ba"},"content":{"rendered":"<h5>Bienvenida<\/h5>\n<p>En nuestra primera semana formal del curso el recibimiento de Noa y Marc, nuevos compa\u00f1eros, ha sido uno de los acontecimientos m\u00e1s agradables que han ocurrido .<\/p>\n<p class=\"jetpack-slideshow-noscript robots-nocontent\">El pase de diapositivas requiere JavaScript.<\/p><div id=\"gallery-31122-1-slideshow\" class=\"jetpack-slideshow-window jetpack-slideshow jetpack-slideshow-black\" data-trans=\"fade\" data-autostart=\"1\" data-gallery=\"[{&quot;src&quot;:&quot;https:\\\/\\\/cloud.alqueria.es\\\/wp-content\\\/uploads\\\/sites\\\/6\\\/2022\\\/09\\\/bienvenida-2.jpg&quot;,&quot;id&quot;:&quot;31130&quot;,&quot;title&quot;:&quot;bienvenida 2&quot;,&quot;alt&quot;:&quot;&quot;,&quot;caption&quot;:&quot;&quot;,&quot;itemprop&quot;:&quot;image&quot;},{&quot;src&quot;:&quot;https:\\\/\\\/cloud.alqueria.es\\\/wp-content\\\/uploads\\\/sites\\\/6\\\/2022\\\/09\\\/bienvenida-4.jpg&quot;,&quot;id&quot;:&quot;31131&quot;,&quot;title&quot;:&quot;bienvenida 4&quot;,&quot;alt&quot;:&quot;&quot;,&quot;caption&quot;:&quot;&quot;,&quot;itemprop&quot;:&quot;image&quot;},{&quot;src&quot;:&quot;https:\\\/\\\/cloud.alqueria.es\\\/wp-content\\\/uploads\\\/sites\\\/6\\\/2022\\\/09\\\/IMG_20220912_120251_BURST002-1.jpg&quot;,&quot;id&quot;:&quot;31128&quot;,&quot;title&quot;:&quot;burst&quot;,&quot;alt&quot;:&quot;&quot;,&quot;caption&quot;:&quot;burst&quot;,&quot;itemprop&quot;:&quot;image&quot;}]\" itemscope itemtype=\"https:\/\/schema.org\/ImageGallery\"><\/div>\n<p>Celebramos con toda primaria el acto de bienvenida<\/p>\n<p><img decoding=\"async\" data-attachment-id=\"31134\" data-permalink=\"https:\/\/www.alqueria.es\/blogs\/alqueriaprimerciclo\/2022\/09\/16\/1a-semana-en-2o\/asamblea\/\" data-orig-file=\"https:\/\/cloud.alqueria.es\/wp-content\/uploads\/sites\/6\/2022\/09\/ASAMBLEA.jpg\" data-orig-size=\"1536,2048\" data-comments-opened=\"1\" data-image-meta=\"{&quot;aperture&quot;:&quot;0&quot;,&quot;credit&quot;:&quot;&quot;,&quot;camera&quot;:&quot;&quot;,&quot;caption&quot;:&quot;&quot;,&quot;created_timestamp&quot;:&quot;0&quot;,&quot;copyright&quot;:&quot;&quot;,&quot;focal_length&quot;:&quot;0&quot;,&quot;iso&quot;:&quot;0&quot;,&quot;shutter_speed&quot;:&quot;0&quot;,&quot;title&quot;:&quot;&quot;,&quot;orientation&quot;:&quot;0&quot;}\" data-image-title=\"ASAMBLEA\" data-image-description=\"\" data-image-caption=\"\" data-large-file=\"https:\/\/cloud.alqueria.es\/wp-content\/uploads\/sites\/6\/2022\/09\/ASAMBLEA-768x1024.jpg\" class=\"alignnone size-full wp-image-31134\" src=\"https:\/\/cloud.alqueria.es\/wp-content\/uploads\/sites\/6\/2022\/09\/ASAMBLEA.jpg\" alt=\"\" width=\"1536\" height=\"2048\" srcset=\"https:\/\/cloud.alqueria.es\/wp-content\/uploads\/sites\/6\/2022\/09\/ASAMBLEA.jpg 1536w, https:\/\/cloud.alqueria.es\/wp-content\/uploads\/sites\/6\/2022\/09\/ASAMBLEA-225x300.jpg 225w, https:\/\/cloud.alqueria.es\/wp-content\/uploads\/sites\/6\/2022\/09\/ASAMBLEA-768x1024.jpg 768w, https:\/\/cloud.alqueria.es\/wp-content\/uploads\/sites\/6\/2022\/09\/ASAMBLEA-1152x1536.jpg 1152w\" sizes=\"(max-width: 1536px) 100vw, 1536px\" \/><\/p>\n<h5>Descubrimos la vida<\/h5>\n<p>A nuestra llegada nos reconocemos, nos saludamos sin protocolos, como si la convivencia no la hubiera interrumpido las vacaciones. Y lo mejor, que nuestros nuevos colegas nos demuestran sus ganas de integrarse apunt\u00e1ndose a los juegos que proponemos .<\/p>\n<p>De las sorpresas\u00a0 de este centro, una\u00a0 de las mejores es ver como\u00a0 la vida surge en todos los rincones, como es el caso de este precioso lagarto, que hemos descubierto escondido en un rinc\u00f3n y que despu\u00e9s de observarlo hemos devuelto al campo.<\/p>\n<p><img decoding=\"async\" data-attachment-id=\"31132\" data-permalink=\"https:\/\/www.alqueria.es\/blogs\/alqueriaprimerciclo\/2022\/09\/16\/1a-semana-en-2o\/lagarto-2\/\" data-orig-file=\"https:\/\/cloud.alqueria.es\/wp-content\/uploads\/sites\/6\/2022\/09\/lagarto-2.jpg\" data-orig-size=\"2080,1560\" data-comments-opened=\"1\" data-image-meta=\"{&quot;aperture&quot;:&quot;2.2&quot;,&quot;credit&quot;:&quot;&quot;,&quot;camera&quot;:&quot;FIG-LX1&quot;,&quot;caption&quot;:&quot;&quot;,&quot;created_timestamp&quot;:&quot;1662991207&quot;,&quot;copyright&quot;:&quot;&quot;,&quot;focal_length&quot;:&quot;3.21&quot;,&quot;iso&quot;:&quot;50&quot;,&quot;shutter_speed&quot;:&quot;0.004856&quot;,&quot;title&quot;:&quot;&quot;,&quot;orientation&quot;:&quot;1&quot;}\" data-image-title=\"lagarto 2\" data-image-description=\"\" data-image-caption=\"\" data-large-file=\"https:\/\/cloud.alqueria.es\/wp-content\/uploads\/sites\/6\/2022\/09\/lagarto-2-1024x768.jpg\" class=\"alignnone wp-image-31132 size-full\" src=\"https:\/\/cloud.alqueria.es\/wp-content\/uploads\/sites\/6\/2022\/09\/lagarto-2.jpg\" alt=\"\" width=\"2080\" height=\"1560\" srcset=\"https:\/\/cloud.alqueria.es\/wp-content\/uploads\/sites\/6\/2022\/09\/lagarto-2.jpg 2080w, https:\/\/cloud.alqueria.es\/wp-content\/uploads\/sites\/6\/2022\/09\/lagarto-2-300x225.jpg 300w, https:\/\/cloud.alqueria.es\/wp-content\/uploads\/sites\/6\/2022\/09\/lagarto-2-1024x768.jpg 1024w, https:\/\/cloud.alqueria.es\/wp-content\/uploads\/sites\/6\/2022\/09\/lagarto-2-768x576.jpg 768w, https:\/\/cloud.alqueria.es\/wp-content\/uploads\/sites\/6\/2022\/09\/lagarto-2-1536x1152.jpg 1536w, https:\/\/cloud.alqueria.es\/wp-content\/uploads\/sites\/6\/2022\/09\/lagarto-2-2048x1536.jpg 2048w\" sizes=\"(max-width: 2080px) 100vw, 2080px\" \/><\/p>\n<h5>\u00bfQu\u00e9 llevamos a clase?<\/h5>\n<p>Hemos estado valorando qu\u00e9 materiales necesitamos en clase. En principio el material escolar nos lo proporcionan nuestras tutoras, pero algunos objetos personales debemos aportarlos nosotros.<\/p>\n<ul>\n<li><img decoding=\"async\" class=\"alignleft\" src=\"https:\/\/multimediaservergroup.com\/image\/catalog\/cache\/bb5d805b896692fab1df6c5a5003b6c9.jpg.1000-1000.jpg\" alt=\"Mochila peque\u00f1a Pepe Jeans Jane\" width=\"106\" height=\"106\" \/>Una mochila con una muda, de la ropa de temporada, por posibles imprevistos.<\/li>\n<li>Una carpeta sencilla de tapas duras, cerrada con goma, pero que no tiene que tener espacios clasificadores.<img decoding=\"async\" class=\"alignright\" src=\"https:\/\/encrypted-tbn0.gstatic.com\/images?q=tbn:ANd9GcQvxs5yVtFXywJb0EKfizwsCD1_WewxF87VdQ&amp;usqp=CAU\" alt=\"CARPETAS DE GOMAS DE CART\u00d3N DURO - COPI OLOT, VENTA DE FOTOCOPIADORAS Y MATERIAL ESCOLAR Y DE OFICINA\" width=\"143\" height=\"143\" \/><\/li>\n<li><img decoding=\"async\" class=\"alignleft\" src=\"https:\/\/encrypted-tbn0.gstatic.com\/images?q=tbn:ANd9GcQaG6FmyfjUzweLiYUuHduiw5r4b17dGqCt7g&amp;usqp=CAU\" alt=\"DIY Vuelta a clase: Estuche para l\u00e1pices. | Manualidades\" width=\"119\" height=\"68\" \/>Un estuche para la mesa , de tela, con cremallera, para los \u00fatiles de escritura.<\/li>\n<li>Una botella de agua.<img decoding=\"async\" class=\"alignright\" src=\"https:\/\/www.pongomilogo.es\/pub\/media\/catalog\/product\/cache\/78fa8d237457bb5c9f419dadaea89de3\/m\/o\/mo6545-03.jpg\" alt=\"Botellas de Agua Personalizadas para Empresas | Pongomilogo\" width=\"114\" height=\"114\" \/><\/li>\n<\/ul>\n<p>Todo este ajuar debe estar identificado con el nombre para evitar\u00a0 extrav\u00edos.<\/p>\n<h5>\u00a0Taller de escritura<\/h5>\n<p>Escribimos una comunicaci\u00f3n a las familias, para su informaci\u00f3n sobre este tema.<\/p>\n<h5>Visitamos la granja<\/h5>\n<p>Saludamos a las gallinas y al conejo, d\u00e1ndoles un fest\u00edn de manjares: sand\u00eda, lechuga, ma\u00edz triturado y pienso. Les limpiamos los bebederos y les invitamos agua fresquita.<\/p>\n<p><img decoding=\"async\" src=\"https:\/\/www.mundoanimalia.com\/images\/articles\/66\/58\/06\/7f6ffaa6bb0b408017b62254211691b5\/gallina.jpg\" alt=\"El comportamiento de las gallinas - mundoAnimalia.com\" \/><\/p>\n<p>Recordamos las normas para visitar este espacio.<\/p>\n<p>Nuestro grupo tiene la responsabilidad de atender el huerto y la granja los lunes.<\/p>\n<h5>\u00bfQui\u00e9n soy yo?<\/h5>\n<p>Hemos hecho\u00a0 una presentaci\u00f3n personal . Para ello hemos tenido que esforzarnos en pensar qu\u00e9 cosas creemos importantes decirle al grupo. No cre\u00e1is, en cierto modo nos ha creado un poco de desasosiego, ya que, pensar sobre nosotros mismos no es una pr\u00e1ctica habitual.<\/p>\n<h5><img decoding=\"async\" class=\"aligncenter\" src=\"https:\/\/miro.medium.com\/max\/350\/1*mrYAJmdRGEznYg2Q-b_4BA.png\" alt=\"Quien soy? Quien eres? Quienes somos? | by Mi Camino | Medium\" width=\"275\" height=\"351\" \/><\/h5>\n<p>Ha sido la primera vez que hemos hablado en p\u00fablico este curso.<\/p>\n<p>Est\u00e1bamos algo inquietos antes de empezar, porque con las maestras nuevas \u00bb nunca se sabe\u00bb lo que les va a poner contentas. Pero pronto se nos ha pasado porque pod\u00edamos explicar lo que quisi\u00e9ramos.<\/p>\n<p>Poco a poco , a medida que los dem\u00e1s hablaban, nos d\u00e1bamos cuenta de qu\u00e9 cosas pod\u00edamos a\u00f1adir. As\u00ed que en realidad hemos aprendido unas de otros.<\/p>\n<p>Hemos ca\u00eddo en la cuenta de lo que significan nuestros apellidos, el origen de nuestras familias. Nos\u00a0 ha parecido interesante contar viajes y an\u00e9cdotas de nuestra vida.<\/p>\n<h5>Art\u00edstica<\/h5>\n<p>Hacemos una representaci\u00f3n gr\u00e1fica de nuestra exposici\u00f3n.<\/p>\n<p class=\"jetpack-slideshow-noscript robots-nocontent\">El pase de diapositivas requiere JavaScript.<\/p><div id=\"gallery-31122-2-slideshow\" class=\"jetpack-slideshow-window jetpack-slideshow jetpack-slideshow-black\" data-trans=\"fade\" data-autostart=\"1\" data-gallery=\"[{&quot;src&quot;:&quot;https:\\\/\\\/cloud.alqueria.es\\\/wp-content\\\/uploads\\\/sites\\\/6\\\/2022\\\/09\\\/DSC06721.jpg&quot;,&quot;id&quot;:&quot;31147&quot;,&quot;title&quot;:&quot;DSC06721&quot;,&quot;alt&quot;:&quot;&quot;,&quot;caption&quot;:&quot;&quot;,&quot;itemprop&quot;:&quot;image&quot;},{&quot;src&quot;:&quot;https:\\\/\\\/cloud.alqueria.es\\\/wp-content\\\/uploads\\\/sites\\\/6\\\/2022\\\/09\\\/DSC06722.jpg&quot;,&quot;id&quot;:&quot;31148&quot;,&quot;title&quot;:&quot;DSC06722&quot;,&quot;alt&quot;:&quot;&quot;,&quot;caption&quot;:&quot;&quot;,&quot;itemprop&quot;:&quot;image&quot;},{&quot;src&quot;:&quot;https:\\\/\\\/cloud.alqueria.es\\\/wp-content\\\/uploads\\\/sites\\\/6\\\/2022\\\/09\\\/DSC06723.jpg&quot;,&quot;id&quot;:&quot;31149&quot;,&quot;title&quot;:&quot;DSC06723&quot;,&quot;alt&quot;:&quot;&quot;,&quot;caption&quot;:&quot;&quot;,&quot;itemprop&quot;:&quot;image&quot;},{&quot;src&quot;:&quot;https:\\\/\\\/cloud.alqueria.es\\\/wp-content\\\/uploads\\\/sites\\\/6\\\/2022\\\/09\\\/DSC06724.jpg&quot;,&quot;id&quot;:&quot;31150&quot;,&quot;title&quot;:&quot;DSC06724&quot;,&quot;alt&quot;:&quot;&quot;,&quot;caption&quot;:&quot;&quot;,&quot;itemprop&quot;:&quot;image&quot;},{&quot;src&quot;:&quot;https:\\\/\\\/cloud.alqueria.es\\\/wp-content\\\/uploads\\\/sites\\\/6\\\/2022\\\/09\\\/DSC06725.jpg&quot;,&quot;id&quot;:&quot;31151&quot;,&quot;title&quot;:&quot;DSC06725&quot;,&quot;alt&quot;:&quot;&quot;,&quot;caption&quot;:&quot;&quot;,&quot;itemprop&quot;:&quot;image&quot;},{&quot;src&quot;:&quot;https:\\\/\\\/cloud.alqueria.es\\\/wp-content\\\/uploads\\\/sites\\\/6\\\/2022\\\/09\\\/DSC06726.jpg&quot;,&quot;id&quot;:&quot;31152&quot;,&quot;title&quot;:&quot;DSC06726&quot;,&quot;alt&quot;:&quot;&quot;,&quot;caption&quot;:&quot;&quot;,&quot;itemprop&quot;:&quot;image&quot;},{&quot;src&quot;:&quot;https:\\\/\\\/cloud.alqueria.es\\\/wp-content\\\/uploads\\\/sites\\\/6\\\/2022\\\/09\\\/DSC06727.jpg&quot;,&quot;id&quot;:&quot;31153&quot;,&quot;title&quot;:&quot;DSC06727&quot;,&quot;alt&quot;:&quot;&quot;,&quot;caption&quot;:&quot;&quot;,&quot;itemprop&quot;:&quot;image&quot;},{&quot;src&quot;:&quot;https:\\\/\\\/cloud.alqueria.es\\\/wp-content\\\/uploads\\\/sites\\\/6\\\/2022\\\/09\\\/DSC06728.jpg&quot;,&quot;id&quot;:&quot;31154&quot;,&quot;title&quot;:&quot;DSC06728&quot;,&quot;alt&quot;:&quot;&quot;,&quot;caption&quot;:&quot;&quot;,&quot;itemprop&quot;:&quot;image&quot;},{&quot;src&quot;:&quot;https:\\\/\\\/cloud.alqueria.es\\\/wp-content\\\/uploads\\\/sites\\\/6\\\/2022\\\/09\\\/DSC06730.jpg&quot;,&quot;id&quot;:&quot;31156&quot;,&quot;title&quot;:&quot;DSC06730&quot;,&quot;alt&quot;:&quot;&quot;,&quot;caption&quot;:&quot;&quot;,&quot;itemprop&quot;:&quot;image&quot;}]\" itemscope itemtype=\"https:\/\/schema.org\/ImageGallery\"><\/div>\n<p>En un ambiente distendido, de colaboraci\u00f3n y alegr\u00eda.<\/p>\n<p class=\"jetpack-slideshow-noscript robots-nocontent\">El pase de diapositivas requiere JavaScript.<\/p><div id=\"gallery-31122-3-slideshow\" class=\"jetpack-slideshow-window jetpack-slideshow jetpack-slideshow-black\" data-trans=\"fade\" data-autostart=\"1\" data-gallery=\"[{&quot;src&quot;:&quot;https:\\\/\\\/cloud.alqueria.es\\\/wp-content\\\/uploads\\\/sites\\\/6\\\/2022\\\/09\\\/DSC06734.jpg&quot;,&quot;id&quot;:&quot;31157&quot;,&quot;title&quot;:&quot;DSC06734&quot;,&quot;alt&quot;:&quot;&quot;,&quot;caption&quot;:&quot;&quot;,&quot;itemprop&quot;:&quot;image&quot;},{&quot;src&quot;:&quot;https:\\\/\\\/cloud.alqueria.es\\\/wp-content\\\/uploads\\\/sites\\\/6\\\/2022\\\/09\\\/DSC06735.jpg&quot;,&quot;id&quot;:&quot;31158&quot;,&quot;title&quot;:&quot;DSC06735&quot;,&quot;alt&quot;:&quot;&quot;,&quot;caption&quot;:&quot;&quot;,&quot;itemprop&quot;:&quot;image&quot;},{&quot;src&quot;:&quot;https:\\\/\\\/cloud.alqueria.es\\\/wp-content\\\/uploads\\\/sites\\\/6\\\/2022\\\/09\\\/DSC06736.jpg&quot;,&quot;id&quot;:&quot;31159&quot;,&quot;title&quot;:&quot;DSC06736&quot;,&quot;alt&quot;:&quot;&quot;,&quot;caption&quot;:&quot;&quot;,&quot;itemprop&quot;:&quot;image&quot;},{&quot;src&quot;:&quot;https:\\\/\\\/cloud.alqueria.es\\\/wp-content\\\/uploads\\\/sites\\\/6\\\/2022\\\/09\\\/DSC06737.jpg&quot;,&quot;id&quot;:&quot;31160&quot;,&quot;title&quot;:&quot;DSC06737&quot;,&quot;alt&quot;:&quot;&quot;,&quot;caption&quot;:&quot;&quot;,&quot;itemprop&quot;:&quot;image&quot;},{&quot;src&quot;:&quot;https:\\\/\\\/cloud.alqueria.es\\\/wp-content\\\/uploads\\\/sites\\\/6\\\/2022\\\/09\\\/DSC06738.jpg&quot;,&quot;id&quot;:&quot;31161&quot;,&quot;title&quot;:&quot;DSC06738&quot;,&quot;alt&quot;:&quot;&quot;,&quot;caption&quot;:&quot;&quot;,&quot;itemprop&quot;:&quot;image&quot;},{&quot;src&quot;:&quot;https:\\\/\\\/cloud.alqueria.es\\\/wp-content\\\/uploads\\\/sites\\\/6\\\/2022\\\/09\\\/DSC06739.jpg&quot;,&quot;id&quot;:&quot;31162&quot;,&quot;title&quot;:&quot;DSC06739&quot;,&quot;alt&quot;:&quot;&quot;,&quot;caption&quot;:&quot;&quot;,&quot;itemprop&quot;:&quot;image&quot;},{&quot;src&quot;:&quot;https:\\\/\\\/cloud.alqueria.es\\\/wp-content\\\/uploads\\\/sites\\\/6\\\/2022\\\/09\\\/DSC06740.jpg&quot;,&quot;id&quot;:&quot;31163&quot;,&quot;title&quot;:&quot;DSC06740&quot;,&quot;alt&quot;:&quot;&quot;,&quot;caption&quot;:&quot;&quot;,&quot;itemprop&quot;:&quot;image&quot;},{&quot;src&quot;:&quot;https:\\\/\\\/cloud.alqueria.es\\\/wp-content\\\/uploads\\\/sites\\\/6\\\/2022\\\/09\\\/DSC06741.jpg&quot;,&quot;id&quot;:&quot;31164&quot;,&quot;title&quot;:&quot;DSC06741&quot;,&quot;alt&quot;:&quot;&quot;,&quot;caption&quot;:&quot;&quot;,&quot;itemprop&quot;:&quot;image&quot;}]\" itemscope itemtype=\"https:\/\/schema.org\/ImageGallery\"><\/div>\n<h5>Vida cotidiana<\/h5>\n<p>Vamos conociendo poco a poco la din\u00e1mica de la clase:<\/p>\n<ul>\n<li>La importancia de la puntualidad.<\/li>\n<li>El inicio del d\u00eda con lectura silenciosa.<\/li>\n<li>El contenido de nuestra jornada.<\/li>\n<li>La entrada y salida del profesorado especialista.<\/li>\n<li>El ritmo del horario: aseo, recreos, fruta y almuerzo.<\/li>\n<\/ul>\n<p><img decoding=\"async\" class=\"aligncenter\" src=\"https:\/\/www.colegiointernacionaleurovillas.com\/wp-content\/uploads\/manzana-1080x675.jpg\" alt=\"Programa Escolar de Fruta y Leche - Colegio Internacional Eurovillas\" width=\"307\" height=\"192\" \/><\/p>\n<ul>\n<li>Trabajamos las normas de convivencia en nuestra primera\u00a0 sesi\u00f3n de \u00e9tica.<\/li>\n<\/ul>\n<p><img decoding=\"async\" class=\"\" src=\"https:\/\/educacionprimaria.mx\/wp-content\/uploads\/2016\/04\/r3.jpg\" alt=\"Fabuloso dise\u00f1o de las normas de convivencia escolar | Educaci\u00f3n Primaria\" width=\"241\" height=\"136\" \/><img decoding=\"async\" class=\"\" src=\"https:\/\/www.orientacionandujar.es\/wp-content\/uploads\/2015\/09\/normas-de-convivencia-escolar-carteles10.jpg\" alt=\"normas de convivencia escolar carteles10 - Orientaci\u00f3n And\u00fajar - Recursos Educativos\" width=\"189\" height=\"142\" \/><\/p>\n<p><img decoding=\"async\" class=\"aligncenter\" src=\"https:\/\/i.pinimg.com\/200x150\/25\/92\/61\/2592618ac92ed22597111e17419af12b.jpg\" alt=\"Las mejores 40 ideas de pacto de aula en 2022 | normas del aula, normas de clase, reglas de clase\" \/><\/p>\n<p><img decoding=\"async\" src=\"https:\/\/i.pinimg.com\/236x\/7f\/49\/4b\/7f494b45bc1bcc5f7d261199d1d91813--manners.jpg\" alt=\"54 ideas de Normas de clase y convivencia | normas de clase, reglas de clase, normas del aula\" \/><img decoding=\"async\" class=\"\" src=\"https:\/\/i.pinimg.com\/originals\/da\/52\/78\/da52784d2ba78dbe51881bb766cd02b6.jpg\" alt=\"Normas de convivencia en clase: Carteler\u00eda para el aula | Normas de convivencia, Imagenes educativas, Normas de clase\" width=\"203\" height=\"153\" \/><\/p>\n<p><img decoding=\"async\" class=\"aligncenter\" src=\"https:\/\/i.pinimg.com\/originals\/fb\/cf\/61\/fbcf61cfc80d856c4e3e256c9503725f.jpg\" alt=\"Acuerdos de nuestra clase | Acuerdos de convivencia escolar, Reglas de clase, Educacion infantil\" width=\"313\" height=\"235\" \/><\/p>\n<ul>\n<li>Organizamos c\u00f3mo guardar y cuidar lo que vamos a ir haciendo en clase. Se nos entrega una carpeta clasificadora para las \u00e1reas.<\/li>\n<\/ul>\n<p>Estamos aprendiendo\u00a0 a\u00a0 tener una convivencia agradable y acogedora. Nuestras maestras se encargan de reconocer nuestras emociones, al tener que vivir situaciones nuevas y nos ayudan a entenderlas, porque estamos en proceso de adaptaci\u00f3n.<\/p>\n<p>Buen fin de semana<\/p>\n<p>Tatiana y Rosi<\/p>\n<h5><\/h5>\n<h5><\/h5>\n<h5><\/h5>\n<p>&nbsp;<\/p>\n","protected":false},"excerpt":{"rendered":"<p>Bienvenida En nuestra primera semana formal del curso el recibimiento de Noa y Marc, nuevos compa\u00f1eros, ha sido uno de los acontecimientos m\u00e1s agradables que han ocurrido . Celebramos con toda primaria el acto de bienvenida Descubrimos la vida A nuestra llegada nos reconocemos, nos saludamos sin protocolos, como si la convivencia no la hubiera &hellip; <a href=\"https:\/\/www.alqueria.es\/blogs\/alqueriaprimerciclo\/2022\/09\/16\/1a-semana-en-2o\/\" class=\"more-link\">Seguir leyendo <span class=\"screen-reader-text\">1\u00aa Semana en 2\u00ba<\/span> <span class=\"meta-nav\">&rarr;<\/span><\/a><\/p>\n","protected":false},"author":12,"featured_media":0,"comment_status":"open","ping_status":"open","sticky":false,"template":"","format":"standard","meta":{"jetpack_post_was_ever_published":false,"_jetpack_newsletter_access":"","_jetpack_dont_email_post_to_subs":false,"_jetpack_newsletter_tier_id":0,"_jetpack_memberships_contains_paywalled_content":false,"_jetpack_memberships_contains_paid_content":false,"footnotes":"","jetpack_publicize_message":"","jetpack_publicize_feature_enabled":true,"jetpack_social_post_already_shared":true,"jetpack_social_options":{"image_generator_settings":{"template":"highway","default_image_id":0,"font":"","enabled":false},"version":2}},"categories":[3,9],"tags":[30,32,147,60],"class_list":["post-31122","post","type-post","status-publish","format-standard","hentry","category-2o-epo","category-diario-de-clase-2o","tag-2a-semana","tag-alqueria","tag-aprendemos-de-otra-manera","tag-primaria"],"jetpack_publicize_connections":[],"jetpack_featured_media_url":"","jetpack_sharing_enabled":true,"jetpack_shortlink":"https:\/\/wp.me\/p4lvS0-85Y","_links":{"self":[{"href":"https:\/\/www.alqueria.es\/blogs\/alqueriaprimerciclo\/wp-json\/wp\/v2\/posts\/31122","targetHints":{"allow":["GET"]}}],"collection":[{"href":"https:\/\/www.alqueria.es\/blogs\/alqueriaprimerciclo\/wp-json\/wp\/v2\/posts"}],"about":[{"href":"https:\/\/www.alqueria.es\/blogs\/alqueriaprimerciclo\/wp-json\/wp\/v2\/types\/post"}],"author":[{"embeddable":true,"href":"https:\/\/www.alqueria.es\/blogs\/alqueriaprimerciclo\/wp-json\/wp\/v2\/users\/12"}],"replies":[{"embeddable":true,"href":"https:\/\/www.alqueria.es\/blogs\/alqueriaprimerciclo\/wp-json\/wp\/v2\/comments?post=31122"}],"version-history":[{"count":18,"href":"https:\/\/www.alqueria.es\/blogs\/alqueriaprimerciclo\/wp-json\/wp\/v2\/posts\/31122\/revisions"}],"predecessor-version":[{"id":31168,"href":"https:\/\/www.alqueria.es\/blogs\/alqueriaprimerciclo\/wp-json\/wp\/v2\/posts\/31122\/revisions\/31168"}],"wp:attachment":[{"href":"https:\/\/www.alqueria.es\/blogs\/alqueriaprimerciclo\/wp-json\/wp\/v2\/media?parent=31122"}],"wp:term":[{"taxonomy":"category","embeddable":true,"href":"https:\/\/www.alqueria.es\/blogs\/alqueriaprimerciclo\/wp-json\/wp\/v2\/categories?post=31122"},{"taxonomy":"post_tag","embeddable":true,"href":"https:\/\/www.alqueria.es\/blogs\/alqueriaprimerciclo\/wp-json\/wp\/v2\/tags?post=31122"}],"curies":[{"name":"wp","href":"https:\/\/api.w.org\/{rel}","templated":true}]}}