{"id":32742,"date":"2023-01-30T21:42:06","date_gmt":"2023-01-30T20:42:06","guid":{"rendered":"https:\/\/www.alqueria.es\/blogs\/alqueriaprimerciclo\/?p=32742"},"modified":"2023-01-30T21:42:06","modified_gmt":"2023-01-30T20:42:06","slug":"dia-de-la-paz-2023","status":"publish","type":"post","link":"https:\/\/www.alqueria.es\/blogs\/alqueriaprimerciclo\/2023\/01\/30\/dia-de-la-paz-2023\/","title":{"rendered":"D\u00eda de la Paz 2023"},"content":{"rendered":"<h2 id=\"aria-label-messagebody\" class=\"voice\"><span style=\"font-size: 16px;font-weight: 400\">Queridas familias,<\/span><\/h2>\n<div id=\"messagebody\">\n<div id=\"message-htmlpart1\" class=\"message-htmlpart\">\n<div class=\"rcmBody\">\n<p>Hoy hemos tenido la inmensa suerte de poder disfrutar el D\u00eda Internacional de la Paz, de una forma muy significativa para la comunidad educativa Alquer\u00eda Educaci\u00f3n.<\/p>\n<p>Desde hace muchos a\u00f1os celebramos este d\u00eda de significaci\u00f3n especial, reflejado como tal en nuestro Plan de Centro, a trav\u00e9s de la participaci\u00f3n activa de todo el alumnado del colegio en una actividad com\u00fan. La conformaci\u00f3n de grupos interniveles, compuestos por ni\u00f1os y ni\u00f1as de edades heterog\u00e9neas (3 a 12 a\u00f1os), aporta una singular riqueza en cuanto a interacciones sociales, experiencias y por supuesto convivencia. El ciclo 0-3 a\u00f1os participa del \u00abresultado final\u00bb o exposici\u00f3n, con su aportaci\u00f3n creativa particular.<\/p>\n<p>Este curso, hemos podido retomar esta forma de celebrarlo y tanto las percepciones del profesorado como las del propio alumnado han ido mucho m\u00e1s all\u00e1 de lo satisfactorio y emotivo. Se han vivido momentos de encuentro, di\u00e1logo, debate, compa\u00f1erismo, ayuda, cuidado, sorpresa, cooperaci\u00f3n, alegr\u00eda&#8230;<\/p>\n<p>La experiencia llevada a cabo hoy ha tenido por t\u00edtulo \u00abPALABRAS PARA LA PAZ\u00bb. La paz es algo que podemos imaginar, dibujar, contar, representar, explicar, vivir d\u00eda a d\u00eda y compartir, tanto con los que est\u00e1n a nuestro lado como con los que est\u00e1n lejos. Por tanto hemos decidido compartir nuestros mejores deseos de paz mediante la imagen y la palabra, a trav\u00e9s de dos actividades \u00abAbecedario por la Paz\u00bb y \u00abMensajes para la Paz\u00bb, \u00a0cuyos objetivos han sido:<\/p>\n<ul>\n<li>Reflexionar a partir de las palabras y la propia experiencia, sobre el significado y sentido de la paz.<\/li>\n<li>Utilizar el recurso del abecedario para ampliar el vocabulario relacionado con los sentimientos pacifistas y las emociones.<\/li>\n<li>Conocer la poes\u00eda visual como recurso para transformar las ideas en imagen.<\/li>\n<li>Trabajar en grupo internivel de manera colaborativa utilizando diferentes recursos.<\/li>\n<\/ul>\n<p>Cada uno de los grupos disfruta de una tertulia\u00a0sobre la paz y c\u00f3mo podemos vivirla en el d\u00eda a d\u00eda para mejorar nuestra convivencia. Conversa sobre el significado de la palabra paz y qu\u00e9 palabras pueden llevarnos a evocar sentimientos pac\u00edficos. Tambi\u00e9n inicia un debate sobre las palabras\/acciones que nos pueden llevar a enemistarnos con los dem\u00e1s y c\u00f3mo podemos buscar soluciones para eliminar de nuestro vocabulario cotidiano aquellas palabras que pueden herir a los dem\u00e1s.<\/p>\n<p>Para conformar el \u00abAbecedario por la Paz\u00bb cada grupo ha tenido que elegir palabras que empiecen por las letras asignadas y realizar un trabajo creativo para dejar \u00e9stas reflejadas.<\/p>\n<p>Por parejas (dentro del grupo) se lleva a cabo otro taller creativo\/pl\u00e1stico en el que, tomando como referencia la imagen de la paloma de la Paz de Picasso, se incluyen en ella palabras o mensajes que a cada uno\/a le evocan paz.<\/p>\n<p>Tras la interacci\u00f3n en grupo, nos reunimos frente a la entrada central del aulario para disfrutar de la exposici\u00f3n formada por todos los trabajados realizados, de la\u00a0representaci\u00f3n simb\u00f3lica de \u00abEl vuelo de las palomas con mensajes de paz\u00bb y tambi\u00e9n de la lectura de una poes\u00eda adaptada, inspirada en la poes\u00eda visual de Brossa, a partir del poema \u00abEl bosque de mi abecedario\u00bb, de Pedro Villar. Respetamos la estructura del mismo, incluyendo algunas de las palabras\u00a0incluidas en nuestro particular \u00abAbecedario por la Paz\u00bb.<\/p>\n<p>A continuaci\u00f3n os dejamos un breve documento gr\u00e1fico de algunos momentos vividos, que pensamos os acercar\u00e1\u00a0bastante m\u00e1s a lo emocionante que ha sido hoy el d\u00eda.<\/p>\n<p><div class=\"a25-CTUOC-hidding-box\" data-original-content=\"&lt;iframe loading=&quot;lazy&quot; title=&quot;D\u00eda de la Paz 2023&quot; src=&quot;https:\/\/player.vimeo.com\/video\/794231836?dnt=1&amp;amp;app_id=122963&quot; width=&quot;474&quot; height=&quot;267&quot; frameborder=&quot;0&quot; allow=&quot;autoplay; fullscreen; picture-in-picture; clipboard-write&quot;&gt;&lt;\/iframe&gt;\">Esta p\u00e1gina incluye contenido multimedia que requiere aceptar todas las cookies. Pulse aqu\u00ed para abrir la configuraci\u00f3n de cookies.<\/div><\/p>\n<p>Un fuerte abrazo de parte de todo el equipo Alquer\u00eda Educaci\u00f3n.<\/p>\n<\/div>\n<\/div>\n<\/div>\n","protected":false},"excerpt":{"rendered":"<p>Queridas familias, Hoy hemos tenido la inmensa suerte de poder disfrutar el D\u00eda Internacional de la Paz, de una forma muy significativa para la comunidad educativa Alquer\u00eda Educaci\u00f3n. Desde hace muchos a\u00f1os celebramos este d\u00eda de significaci\u00f3n especial, reflejado como tal en nuestro Plan de Centro, a trav\u00e9s de la participaci\u00f3n activa de todo el &hellip; <a href=\"https:\/\/www.alqueria.es\/blogs\/alqueriaprimerciclo\/2023\/01\/30\/dia-de-la-paz-2023\/\" class=\"more-link\">Seguir leyendo <span class=\"screen-reader-text\">D\u00eda de la Paz 2023<\/span> <span class=\"meta-nav\">&rarr;<\/span><\/a><\/p>\n","protected":false},"author":12,"featured_media":0,"comment_status":"open","ping_status":"open","sticky":false,"template":"","format":"standard","meta":{"jetpack_post_was_ever_published":false,"_jetpack_newsletter_access":"","_jetpack_dont_email_post_to_subs":false,"_jetpack_newsletter_tier_id":0,"_jetpack_memberships_contains_paywalled_content":false,"_jetpack_memberships_contains_paid_content":false,"footnotes":"","jetpack_publicize_message":"","jetpack_publicize_feature_enabled":true,"jetpack_social_post_already_shared":true,"jetpack_social_options":{"image_generator_settings":{"template":"highway","default_image_id":0,"font":"","enabled":false},"version":2}},"categories":[2,3,119],"tags":[179,32,38,60],"class_list":["post-32742","post","type-post","status-publish","format-standard","hentry","category-1o-epo","category-2o-epo","category-dia-de-la-paz","tag-1o-ciclo","tag-alqueria","tag-dia-de-la-paz","tag-primaria"],"jetpack_publicize_connections":[],"jetpack_featured_media_url":"","jetpack_sharing_enabled":true,"jetpack_shortlink":"https:\/\/wp.me\/p4lvS0-8w6","_links":{"self":[{"href":"https:\/\/www.alqueria.es\/blogs\/alqueriaprimerciclo\/wp-json\/wp\/v2\/posts\/32742","targetHints":{"allow":["GET"]}}],"collection":[{"href":"https:\/\/www.alqueria.es\/blogs\/alqueriaprimerciclo\/wp-json\/wp\/v2\/posts"}],"about":[{"href":"https:\/\/www.alqueria.es\/blogs\/alqueriaprimerciclo\/wp-json\/wp\/v2\/types\/post"}],"author":[{"embeddable":true,"href":"https:\/\/www.alqueria.es\/blogs\/alqueriaprimerciclo\/wp-json\/wp\/v2\/users\/12"}],"replies":[{"embeddable":true,"href":"https:\/\/www.alqueria.es\/blogs\/alqueriaprimerciclo\/wp-json\/wp\/v2\/comments?post=32742"}],"version-history":[{"count":1,"href":"https:\/\/www.alqueria.es\/blogs\/alqueriaprimerciclo\/wp-json\/wp\/v2\/posts\/32742\/revisions"}],"predecessor-version":[{"id":32744,"href":"https:\/\/www.alqueria.es\/blogs\/alqueriaprimerciclo\/wp-json\/wp\/v2\/posts\/32742\/revisions\/32744"}],"wp:attachment":[{"href":"https:\/\/www.alqueria.es\/blogs\/alqueriaprimerciclo\/wp-json\/wp\/v2\/media?parent=32742"}],"wp:term":[{"taxonomy":"category","embeddable":true,"href":"https:\/\/www.alqueria.es\/blogs\/alqueriaprimerciclo\/wp-json\/wp\/v2\/categories?post=32742"},{"taxonomy":"post_tag","embeddable":true,"href":"https:\/\/www.alqueria.es\/blogs\/alqueriaprimerciclo\/wp-json\/wp\/v2\/tags?post=32742"}],"curies":[{"name":"wp","href":"https:\/\/api.w.org\/{rel}","templated":true}]}}