{"id":32767,"date":"2023-02-04T21:31:11","date_gmt":"2023-02-04T20:31:11","guid":{"rendered":"https:\/\/www.alqueria.es\/blogs\/alqueriaprimerciclo\/?p=32767"},"modified":"2023-02-04T21:31:11","modified_gmt":"2023-02-04T20:31:11","slug":"creciendo-en-primero","status":"publish","type":"post","link":"https:\/\/www.alqueria.es\/blogs\/alqueriaprimerciclo\/2023\/02\/04\/creciendo-en-primero\/","title":{"rendered":"Creciendo en primero"},"content":{"rendered":"<p><strong><span style=\"color: #3366ff\">D\u00eda de la paz<\/span><\/strong><\/p>\n<p>Comenzamos la semana con la celebraci\u00f3n del d\u00eda de la paz con la que disfrutamos de unos entra\u00f1ables\u00a0 momentos\u00a0 de convivencia entre todo el alumnado.<\/p>\n<p><img decoding=\"async\" data-attachment-id=\"32789\" data-permalink=\"https:\/\/www.alqueria.es\/blogs\/alqueriaprimerciclo\/2023\/02\/04\/creciendo-en-primero\/img-20230130-wa0034\/\" data-orig-file=\"https:\/\/cloud.alqueria.es\/wp-content\/uploads\/sites\/6\/2023\/02\/IMG-20230130-WA0034.jpeg\" data-orig-size=\"2500,1406\" data-comments-opened=\"1\" data-image-meta=\"{&quot;aperture&quot;:&quot;1.8&quot;,&quot;credit&quot;:&quot;&quot;,&quot;camera&quot;:&quot;Redmi Note 7&quot;,&quot;caption&quot;:&quot;&quot;,&quot;created_timestamp&quot;:&quot;1675088725&quot;,&quot;copyright&quot;:&quot;&quot;,&quot;focal_length&quot;:&quot;4.74&quot;,&quot;iso&quot;:&quot;100&quot;,&quot;shutter_speed&quot;:&quot;0.004950495049505&quot;,&quot;title&quot;:&quot;&quot;,&quot;orientation&quot;:&quot;1&quot;}\" data-image-title=\"IMG-20230130-WA0034\" data-image-description=\"\" data-image-caption=\"\" data-large-file=\"https:\/\/cloud.alqueria.es\/wp-content\/uploads\/sites\/6\/2023\/02\/IMG-20230130-WA0034-1024x576.jpeg\" class=\"alignnone size-large wp-image-32789\" src=\"https:\/\/cloud.alqueria.es\/wp-content\/uploads\/sites\/6\/2023\/02\/IMG-20230130-WA0034-1024x576.jpeg\" alt=\"\" width=\"474\" height=\"267\" srcset=\"https:\/\/cloud.alqueria.es\/wp-content\/uploads\/sites\/6\/2023\/02\/IMG-20230130-WA0034-1024x576.jpeg 1024w, https:\/\/cloud.alqueria.es\/wp-content\/uploads\/sites\/6\/2023\/02\/IMG-20230130-WA0034-300x169.jpeg 300w, https:\/\/cloud.alqueria.es\/wp-content\/uploads\/sites\/6\/2023\/02\/IMG-20230130-WA0034-768x432.jpeg 768w, https:\/\/cloud.alqueria.es\/wp-content\/uploads\/sites\/6\/2023\/02\/IMG-20230130-WA0034-1536x864.jpeg 1536w, https:\/\/cloud.alqueria.es\/wp-content\/uploads\/sites\/6\/2023\/02\/IMG-20230130-WA0034-2048x1152.jpeg 2048w\" sizes=\"(max-width: 474px) 100vw, 474px\" \/><\/p>\n<p><strong><span style=\"color: #3366ff\">Lectura<\/span><\/strong><\/p>\n<p>La semana se llena de momentos de lectura, en ocasiones individual y silenciosa, en parejas, para investigar, como escucha atenta para aprender o disfrutarla. Cada mi\u00e9rcoles en la biblioteca podemos elegir un libro para llevar a casa y compartir con la familia.<\/p>\n<p>Es importante la pr\u00e1ctica diaria para mantener\u00a0 la evaluaci\u00f3n necesaria, que poco a poco nos va haciendo conseguir entrar en la compresi\u00f3n lectora.<\/p>\n<p>\u00abSon m\u00e1gicos los instantes en que un ni\u00f1o se entera de que puede leer las palabras impresas. Durante un tiempo, Francie s\u00f3lo sab\u00eda pronunciar las letras una a una, para luego juntar los sonidos y formar una palabra. Pero un d\u00eda, mientras hojeaba un libro, la palabra \u00abrat\u00f3n\u00bb le apareci\u00f3 entera y de inmediato adquiri\u00f3 sentido. Mir\u00f3 la palabra y la imagen de un rat\u00f3n gris se estamp\u00f3 en su cabeza. Sigui\u00f3 leyendo y cuando entrevi\u00f3 la palabra \u00abcaballo\u00bb, oy\u00f3 los golpes de sus cascos en el suelo y vio el sol resplandecer en sus crines. La palabra \u00abcorriendo\u00bb la golpe\u00f3 de repente, y ella empez\u00f3 a jadear, como si de verdad hubiese estado corriendo. La barrera entre el sonido de cada letra y el sentido de una palabra entera se hab\u00eda ca\u00eddo. Ahora, con un simple vistazo, la palabra impresa le revelaba su sentido. Ley\u00f3 r\u00e1pidamente unas p\u00e1ginas y estuvo a punto de desmayarse por la emoci\u00f3n. Quer\u00eda gritarlo al mundo entero: \u00a1sab\u00eda leer! \u00a1Sab\u00eda leer!\u00bb<br \/>\n\u00abUn \u00e1rbol crece en Brooklyn\u00bb, Betty Smith<\/p>\n<p><img decoding=\"async\" data-attachment-id=\"32791\" data-permalink=\"https:\/\/www.alqueria.es\/blogs\/alqueriaprimerciclo\/2023\/02\/04\/creciendo-en-primero\/img-20230125-wa0007\/\" data-orig-file=\"https:\/\/cloud.alqueria.es\/wp-content\/uploads\/sites\/6\/2023\/02\/IMG-20230125-WA0007.jpeg\" data-orig-size=\"2500,1406\" data-comments-opened=\"1\" data-image-meta=\"{&quot;aperture&quot;:&quot;1.8&quot;,&quot;credit&quot;:&quot;&quot;,&quot;camera&quot;:&quot;Redmi Note 7&quot;,&quot;caption&quot;:&quot;&quot;,&quot;created_timestamp&quot;:&quot;1674661745&quot;,&quot;copyright&quot;:&quot;&quot;,&quot;focal_length&quot;:&quot;4.74&quot;,&quot;iso&quot;:&quot;100&quot;,&quot;shutter_speed&quot;:&quot;0.008&quot;,&quot;title&quot;:&quot;&quot;,&quot;orientation&quot;:&quot;1&quot;}\" data-image-title=\"IMG-20230125-WA0007\" data-image-description=\"\" data-image-caption=\"\" data-large-file=\"https:\/\/cloud.alqueria.es\/wp-content\/uploads\/sites\/6\/2023\/02\/IMG-20230125-WA0007-1024x576.jpeg\" class=\"alignnone size-large wp-image-32791\" src=\"https:\/\/cloud.alqueria.es\/wp-content\/uploads\/sites\/6\/2023\/02\/IMG-20230125-WA0007-1024x576.jpeg\" alt=\"\" width=\"474\" height=\"267\" srcset=\"https:\/\/cloud.alqueria.es\/wp-content\/uploads\/sites\/6\/2023\/02\/IMG-20230125-WA0007-1024x576.jpeg 1024w, https:\/\/cloud.alqueria.es\/wp-content\/uploads\/sites\/6\/2023\/02\/IMG-20230125-WA0007-300x169.jpeg 300w, https:\/\/cloud.alqueria.es\/wp-content\/uploads\/sites\/6\/2023\/02\/IMG-20230125-WA0007-768x432.jpeg 768w, https:\/\/cloud.alqueria.es\/wp-content\/uploads\/sites\/6\/2023\/02\/IMG-20230125-WA0007-1536x864.jpeg 1536w, https:\/\/cloud.alqueria.es\/wp-content\/uploads\/sites\/6\/2023\/02\/IMG-20230125-WA0007-2048x1152.jpeg 2048w\" sizes=\"(max-width: 474px) 100vw, 474px\" \/><\/p>\n<p><img decoding=\"async\" data-attachment-id=\"32792\" data-permalink=\"https:\/\/www.alqueria.es\/blogs\/alqueriaprimerciclo\/2023\/02\/04\/creciendo-en-primero\/img-20230125-wa0005\/\" data-orig-file=\"https:\/\/cloud.alqueria.es\/wp-content\/uploads\/sites\/6\/2023\/02\/IMG-20230125-WA0005.jpeg\" data-orig-size=\"1406,2500\" data-comments-opened=\"1\" data-image-meta=\"{&quot;aperture&quot;:&quot;1.8&quot;,&quot;credit&quot;:&quot;&quot;,&quot;camera&quot;:&quot;Redmi Note 7&quot;,&quot;caption&quot;:&quot;&quot;,&quot;created_timestamp&quot;:&quot;1674661727&quot;,&quot;copyright&quot;:&quot;&quot;,&quot;focal_length&quot;:&quot;4.74&quot;,&quot;iso&quot;:&quot;281&quot;,&quot;shutter_speed&quot;:&quot;0.033333333333333&quot;,&quot;title&quot;:&quot;&quot;,&quot;orientation&quot;:&quot;1&quot;}\" data-image-title=\"IMG-20230125-WA0005\" data-image-description=\"\" data-image-caption=\"\" data-large-file=\"https:\/\/cloud.alqueria.es\/wp-content\/uploads\/sites\/6\/2023\/02\/IMG-20230125-WA0005-576x1024.jpeg\" class=\"alignnone size-large wp-image-32792\" src=\"https:\/\/cloud.alqueria.es\/wp-content\/uploads\/sites\/6\/2023\/02\/IMG-20230125-WA0005-576x1024.jpeg\" alt=\"\" width=\"474\" height=\"843\" srcset=\"https:\/\/cloud.alqueria.es\/wp-content\/uploads\/sites\/6\/2023\/02\/IMG-20230125-WA0005-576x1024.jpeg 576w, https:\/\/cloud.alqueria.es\/wp-content\/uploads\/sites\/6\/2023\/02\/IMG-20230125-WA0005-169x300.jpeg 169w, https:\/\/cloud.alqueria.es\/wp-content\/uploads\/sites\/6\/2023\/02\/IMG-20230125-WA0005-768x1366.jpeg 768w, https:\/\/cloud.alqueria.es\/wp-content\/uploads\/sites\/6\/2023\/02\/IMG-20230125-WA0005-864x1536.jpeg 864w, https:\/\/cloud.alqueria.es\/wp-content\/uploads\/sites\/6\/2023\/02\/IMG-20230125-WA0005-1152x2048.jpeg 1152w, https:\/\/cloud.alqueria.es\/wp-content\/uploads\/sites\/6\/2023\/02\/IMG-20230125-WA0005.jpeg 1406w\" sizes=\"(max-width: 474px) 100vw, 474px\" \/><\/p>\n<p><img decoding=\"async\" data-attachment-id=\"32790\" data-permalink=\"https:\/\/www.alqueria.es\/blogs\/alqueriaprimerciclo\/2023\/02\/04\/creciendo-en-primero\/img-20230125-wa0009\/\" data-orig-file=\"https:\/\/cloud.alqueria.es\/wp-content\/uploads\/sites\/6\/2023\/02\/IMG-20230125-WA0009.jpeg\" data-orig-size=\"1406,2500\" data-comments-opened=\"1\" data-image-meta=\"{&quot;aperture&quot;:&quot;1.8&quot;,&quot;credit&quot;:&quot;&quot;,&quot;camera&quot;:&quot;Redmi Note 7&quot;,&quot;caption&quot;:&quot;&quot;,&quot;created_timestamp&quot;:&quot;1674661787&quot;,&quot;copyright&quot;:&quot;&quot;,&quot;focal_length&quot;:&quot;4.74&quot;,&quot;iso&quot;:&quot;100&quot;,&quot;shutter_speed&quot;:&quot;0.014084507042254&quot;,&quot;title&quot;:&quot;&quot;,&quot;orientation&quot;:&quot;1&quot;}\" data-image-title=\"IMG-20230125-WA0009\" data-image-description=\"\" data-image-caption=\"\" data-large-file=\"https:\/\/cloud.alqueria.es\/wp-content\/uploads\/sites\/6\/2023\/02\/IMG-20230125-WA0009-576x1024.jpeg\" class=\"alignnone size-large wp-image-32790\" src=\"https:\/\/cloud.alqueria.es\/wp-content\/uploads\/sites\/6\/2023\/02\/IMG-20230125-WA0009-576x1024.jpeg\" alt=\"\" width=\"474\" height=\"843\" srcset=\"https:\/\/cloud.alqueria.es\/wp-content\/uploads\/sites\/6\/2023\/02\/IMG-20230125-WA0009-576x1024.jpeg 576w, https:\/\/cloud.alqueria.es\/wp-content\/uploads\/sites\/6\/2023\/02\/IMG-20230125-WA0009-169x300.jpeg 169w, https:\/\/cloud.alqueria.es\/wp-content\/uploads\/sites\/6\/2023\/02\/IMG-20230125-WA0009-768x1366.jpeg 768w, https:\/\/cloud.alqueria.es\/wp-content\/uploads\/sites\/6\/2023\/02\/IMG-20230125-WA0009-864x1536.jpeg 864w, https:\/\/cloud.alqueria.es\/wp-content\/uploads\/sites\/6\/2023\/02\/IMG-20230125-WA0009-1152x2048.jpeg 1152w, https:\/\/cloud.alqueria.es\/wp-content\/uploads\/sites\/6\/2023\/02\/IMG-20230125-WA0009.jpeg 1406w\" sizes=\"(max-width: 474px) 100vw, 474px\" \/><\/p>\n<p><img decoding=\"async\" data-attachment-id=\"32788\" data-permalink=\"https:\/\/www.alqueria.es\/blogs\/alqueriaprimerciclo\/2023\/02\/04\/creciendo-en-primero\/img-20230125-wa0003\/\" data-orig-file=\"https:\/\/cloud.alqueria.es\/wp-content\/uploads\/sites\/6\/2023\/02\/IMG-20230125-WA0003.jpeg\" data-orig-size=\"2500,1406\" data-comments-opened=\"1\" data-image-meta=\"{&quot;aperture&quot;:&quot;1.8&quot;,&quot;credit&quot;:&quot;&quot;,&quot;camera&quot;:&quot;Redmi Note 7&quot;,&quot;caption&quot;:&quot;&quot;,&quot;created_timestamp&quot;:&quot;1674661710&quot;,&quot;copyright&quot;:&quot;&quot;,&quot;focal_length&quot;:&quot;4.74&quot;,&quot;iso&quot;:&quot;209&quot;,&quot;shutter_speed&quot;:&quot;0.033333333333333&quot;,&quot;title&quot;:&quot;&quot;,&quot;orientation&quot;:&quot;1&quot;}\" data-image-title=\"IMG-20230125-WA0003\" data-image-description=\"\" data-image-caption=\"\" data-large-file=\"https:\/\/cloud.alqueria.es\/wp-content\/uploads\/sites\/6\/2023\/02\/IMG-20230125-WA0003-1024x576.jpeg\" class=\"alignnone size-large wp-image-32788\" src=\"https:\/\/cloud.alqueria.es\/wp-content\/uploads\/sites\/6\/2023\/02\/IMG-20230125-WA0003-1024x576.jpeg\" alt=\"\" width=\"474\" height=\"267\" srcset=\"https:\/\/cloud.alqueria.es\/wp-content\/uploads\/sites\/6\/2023\/02\/IMG-20230125-WA0003-1024x576.jpeg 1024w, https:\/\/cloud.alqueria.es\/wp-content\/uploads\/sites\/6\/2023\/02\/IMG-20230125-WA0003-300x169.jpeg 300w, https:\/\/cloud.alqueria.es\/wp-content\/uploads\/sites\/6\/2023\/02\/IMG-20230125-WA0003-768x432.jpeg 768w, https:\/\/cloud.alqueria.es\/wp-content\/uploads\/sites\/6\/2023\/02\/IMG-20230125-WA0003-1536x864.jpeg 1536w, https:\/\/cloud.alqueria.es\/wp-content\/uploads\/sites\/6\/2023\/02\/IMG-20230125-WA0003-2048x1152.jpeg 2048w\" sizes=\"(max-width: 474px) 100vw, 474px\" \/><\/p>\n<p><strong><span style=\"color: #008000\">Investigaci\u00f3n<\/span><\/strong><\/p>\n<p>Con el tema de estudio del cuerpo humano y la salud han sido distintas las fuentes de informaci\u00f3n\u00a0 a las que nos hemos acercado. En esta ocasi\u00f3n investigamos con los libros y el visionado de v\u00eddeos.<\/p>\n<p>Para terminar presentamos a los compa\u00f1eros lo investigado.<\/p>\n<p>La pr\u00f3xima semana cerramos el tema con la colaboraci\u00f3n de Paula y su madre que nos explicar\u00e1n la importancia de cuidar el cuerpo.<\/p>\n<p><span class=\"embed-youtube\" style=\"text-align:center; display: block;\"><div class=\"a25-CTUOC-hidding-box\" data-original-content=\"&lt;iframe loading=&quot;lazy&quot; class=&quot;youtube-player&quot; width=&quot;474&quot; height=&quot;267&quot; src=&quot;https:\/\/www.youtube.com\/embed\/KYUQ-kySe2E?version=3&amp;#038;rel=1&amp;#038;showsearch=0&amp;#038;showinfo=1&amp;#038;iv_load_policy=1&amp;#038;fs=1&amp;#038;hl=es-ES&amp;#038;autohide=2&amp;#038;wmode=transparent&quot; allowfullscreen=&quot;true&quot; style=&quot;border:0;&quot; sandbox=&quot;allow-scripts allow-same-origin allow-popups allow-presentation allow-popups-to-escape-sandbox&quot;&gt;&lt;\/iframe&gt;\">Esta p\u00e1gina incluye contenido multimedia que requiere aceptar todas las cookies. Pulse aqu\u00ed para abrir la configuraci\u00f3n de cookies.<\/div><\/span><\/p>\n<p><span class=\"embed-youtube\" style=\"text-align:center; display: block;\"><div class=\"a25-CTUOC-hidding-box\" data-original-content=\"&lt;iframe loading=&quot;lazy&quot; class=&quot;youtube-player&quot; width=&quot;474&quot; height=&quot;267&quot; src=&quot;https:\/\/www.youtube.com\/embed\/PTCt0Jtkje0?version=3&amp;#038;rel=1&amp;#038;showsearch=0&amp;#038;showinfo=1&amp;#038;iv_load_policy=1&amp;#038;fs=1&amp;#038;hl=es-ES&amp;#038;autohide=2&amp;#038;wmode=transparent&quot; allowfullscreen=&quot;true&quot; style=&quot;border:0;&quot; sandbox=&quot;allow-scripts allow-same-origin allow-popups allow-presentation allow-popups-to-escape-sandbox&quot;&gt;&lt;\/iframe&gt;\">Esta p\u00e1gina incluye contenido multimedia que requiere aceptar todas las cookies. Pulse aqu\u00ed para abrir la configuraci\u00f3n de cookies.<\/div><\/span><\/p>\n<p><span class=\"embed-youtube\" style=\"text-align:center; display: block;\"><div class=\"a25-CTUOC-hidding-box\" data-original-content=\"&lt;iframe loading=&quot;lazy&quot; class=&quot;youtube-player&quot; width=&quot;474&quot; height=&quot;267&quot; src=&quot;https:\/\/www.youtube.com\/embed\/w8PnlLptHXE?version=3&amp;#038;rel=1&amp;#038;showsearch=0&amp;#038;showinfo=1&amp;#038;iv_load_policy=1&amp;#038;fs=1&amp;#038;hl=es-ES&amp;#038;autohide=2&amp;#038;wmode=transparent&quot; allowfullscreen=&quot;true&quot; style=&quot;border:0;&quot; sandbox=&quot;allow-scripts allow-same-origin allow-popups allow-presentation allow-popups-to-escape-sandbox&quot;&gt;&lt;\/iframe&gt;\">Esta p\u00e1gina incluye contenido multimedia que requiere aceptar todas las cookies. Pulse aqu\u00ed para abrir la configuraci\u00f3n de cookies.<\/div><\/span><\/p>\n<p><span style=\"color: #008000\"><strong>Objetivo de plan de centro: Green School<\/strong><\/span><\/p>\n<p>Patrulla medioambiental: cada semana , el viernes colaboramos con el cuidado de nuestro cole. Dos compa\u00f1eros de cada clase de primaria,\u00a0 con petos distintivos, revisan el cuidado de uso de los distintos espacios , uso adecuado de fuentes de energ\u00eda, de materiales, reciclado y separaci\u00f3n de basuras. Damos especial relevancia a\u00a0 crear conciencia del cuidado del medio ambiente desde nuestro entorno m\u00e1s cercano.<\/p>\n<p>La pr\u00f3xima semana , el mi\u00e9rcoles, nos visitar\u00e1 el Ecoparque m\u00f3vil , podemos traer peque\u00f1os aparatos el\u00e9ctricos, bombillas&#8230; para reciclar.<\/p>\n<p><img decoding=\"async\" data-attachment-id=\"32794\" data-permalink=\"https:\/\/www.alqueria.es\/blogs\/alqueriaprimerciclo\/2023\/02\/04\/creciendo-en-primero\/img-20230203-wa0009\/\" data-orig-file=\"https:\/\/cloud.alqueria.es\/wp-content\/uploads\/sites\/6\/2023\/02\/IMG-20230203-WA0009.jpg\" data-orig-size=\"2000,1500\" data-comments-opened=\"1\" data-image-meta=\"{&quot;aperture&quot;:&quot;0&quot;,&quot;credit&quot;:&quot;&quot;,&quot;camera&quot;:&quot;&quot;,&quot;caption&quot;:&quot;&quot;,&quot;created_timestamp&quot;:&quot;0&quot;,&quot;copyright&quot;:&quot;&quot;,&quot;focal_length&quot;:&quot;0&quot;,&quot;iso&quot;:&quot;0&quot;,&quot;shutter_speed&quot;:&quot;0&quot;,&quot;title&quot;:&quot;&quot;,&quot;orientation&quot;:&quot;0&quot;}\" data-image-title=\"IMG-20230203-WA0009\" data-image-description=\"\" data-image-caption=\"\" data-large-file=\"https:\/\/cloud.alqueria.es\/wp-content\/uploads\/sites\/6\/2023\/02\/IMG-20230203-WA0009-1024x768.jpg\" class=\"alignnone size-large wp-image-32794\" src=\"https:\/\/cloud.alqueria.es\/wp-content\/uploads\/sites\/6\/2023\/02\/IMG-20230203-WA0009-1024x768.jpg\" alt=\"\" width=\"474\" height=\"356\" srcset=\"https:\/\/cloud.alqueria.es\/wp-content\/uploads\/sites\/6\/2023\/02\/IMG-20230203-WA0009-1024x768.jpg 1024w, https:\/\/cloud.alqueria.es\/wp-content\/uploads\/sites\/6\/2023\/02\/IMG-20230203-WA0009-300x225.jpg 300w, https:\/\/cloud.alqueria.es\/wp-content\/uploads\/sites\/6\/2023\/02\/IMG-20230203-WA0009-768x576.jpg 768w, https:\/\/cloud.alqueria.es\/wp-content\/uploads\/sites\/6\/2023\/02\/IMG-20230203-WA0009-1536x1152.jpg 1536w, https:\/\/cloud.alqueria.es\/wp-content\/uploads\/sites\/6\/2023\/02\/IMG-20230203-WA0009.jpg 2000w\" sizes=\"(max-width: 474px) 100vw, 474px\" \/><\/p>\n<p><img decoding=\"async\" data-attachment-id=\"32793\" data-permalink=\"https:\/\/www.alqueria.es\/blogs\/alqueriaprimerciclo\/2023\/02\/04\/creciendo-en-primero\/img-20221221-wa0005\/\" data-orig-file=\"https:\/\/cloud.alqueria.es\/wp-content\/uploads\/sites\/6\/2023\/02\/IMG-20221221-WA0005.jpeg\" data-orig-size=\"1406,2500\" data-comments-opened=\"1\" data-image-meta=\"{&quot;aperture&quot;:&quot;1.8&quot;,&quot;credit&quot;:&quot;&quot;,&quot;camera&quot;:&quot;Redmi Note 7&quot;,&quot;caption&quot;:&quot;&quot;,&quot;created_timestamp&quot;:&quot;1671641362&quot;,&quot;copyright&quot;:&quot;&quot;,&quot;focal_length&quot;:&quot;4.74&quot;,&quot;iso&quot;:&quot;120&quot;,&quot;shutter_speed&quot;:&quot;0.033333333333333&quot;,&quot;title&quot;:&quot;&quot;,&quot;orientation&quot;:&quot;1&quot;}\" data-image-title=\"IMG-20221221-WA0005\" data-image-description=\"\" data-image-caption=\"\" data-large-file=\"https:\/\/cloud.alqueria.es\/wp-content\/uploads\/sites\/6\/2023\/02\/IMG-20221221-WA0005-576x1024.jpeg\" class=\"alignnone size-large wp-image-32793\" src=\"https:\/\/cloud.alqueria.es\/wp-content\/uploads\/sites\/6\/2023\/02\/IMG-20221221-WA0005-576x1024.jpeg\" alt=\"\" width=\"474\" height=\"843\" srcset=\"https:\/\/cloud.alqueria.es\/wp-content\/uploads\/sites\/6\/2023\/02\/IMG-20221221-WA0005-576x1024.jpeg 576w, https:\/\/cloud.alqueria.es\/wp-content\/uploads\/sites\/6\/2023\/02\/IMG-20221221-WA0005-169x300.jpeg 169w, https:\/\/cloud.alqueria.es\/wp-content\/uploads\/sites\/6\/2023\/02\/IMG-20221221-WA0005-768x1366.jpeg 768w, https:\/\/cloud.alqueria.es\/wp-content\/uploads\/sites\/6\/2023\/02\/IMG-20221221-WA0005-864x1536.jpeg 864w, https:\/\/cloud.alqueria.es\/wp-content\/uploads\/sites\/6\/2023\/02\/IMG-20221221-WA0005-1152x2048.jpeg 1152w, https:\/\/cloud.alqueria.es\/wp-content\/uploads\/sites\/6\/2023\/02\/IMG-20221221-WA0005.jpeg 1406w\" sizes=\"(max-width: 474px) 100vw, 474px\" \/><\/p>\n<p><span style=\"color: #ff00ff\"><strong>Preparando la semana cultural<\/strong><\/span><\/p>\n<p>Estamos preparando algunos materiales\u00a0 necesarios para realizar las actividades programadas para celebrar la semana cultural sobre Picasso.<\/p>\n<p>Os vamos a pedir colaboraci\u00f3n para\u00a0 realizar algunas actividades como para la inauguraci\u00f3n que deben traer\u00a0 sudadera, camiseta <strong><span style=\"color: #808080\">blanca, gris o negra.<\/span><\/strong><\/p>\n<p>Para realizar una composici\u00f3n art\u00edstica necesitar\u00e1n elegir un objeto de especial relevancia para ellos y ellas . Hacerse una fotograf\u00eda\u00a0 con \u00e9l e imprimirla en papel .Usaremos la fotograf\u00eda para explorar con detalle sus formas, as\u00ed como el espacio de casa -o de fuera- donde suele estar o donde lo solemos utilizar. Podemos tambi\u00e9n buscar fotograf\u00edas familiares en las que se reflejan con ese objeto.<\/p>\n<p>Si es posible traerlo a clase\u00a0 para dibujarlo desde distintas perspectivas, de frente , de lado , desde arriba,\u00a0 detr\u00e1s.<\/p>\n<p>En art\u00edstica estamos investigando con <span style=\"color: #ff00ff\">arcilla<\/span>\u00a0 y nuevos materiales para plasmar im\u00e1genes\u00a0 y convertirla en cer\u00e1mica a trav\u00e9s del calor del horno y los materiales especiales . <img decoding=\"async\" data-attachment-id=\"32784\" data-permalink=\"https:\/\/www.alqueria.es\/blogs\/alqueriaprimerciclo\/2023\/02\/04\/creciendo-en-primero\/img-20230203-wa0001\/\" data-orig-file=\"https:\/\/cloud.alqueria.es\/wp-content\/uploads\/sites\/6\/2023\/02\/IMG-20230203-WA0001.jpg\" data-orig-size=\"1536,2048\" data-comments-opened=\"1\" data-image-meta=\"{&quot;aperture&quot;:&quot;0&quot;,&quot;credit&quot;:&quot;&quot;,&quot;camera&quot;:&quot;&quot;,&quot;caption&quot;:&quot;&quot;,&quot;created_timestamp&quot;:&quot;0&quot;,&quot;copyright&quot;:&quot;&quot;,&quot;focal_length&quot;:&quot;0&quot;,&quot;iso&quot;:&quot;0&quot;,&quot;shutter_speed&quot;:&quot;0&quot;,&quot;title&quot;:&quot;&quot;,&quot;orientation&quot;:&quot;0&quot;}\" data-image-title=\"IMG-20230203-WA0001\" data-image-description=\"\" data-image-caption=\"\" data-large-file=\"https:\/\/cloud.alqueria.es\/wp-content\/uploads\/sites\/6\/2023\/02\/IMG-20230203-WA0001-768x1024.jpg\" class=\"alignnone size-large wp-image-32784\" src=\"https:\/\/cloud.alqueria.es\/wp-content\/uploads\/sites\/6\/2023\/02\/IMG-20230203-WA0001-768x1024.jpg\" alt=\"\" width=\"474\" height=\"632\" srcset=\"https:\/\/cloud.alqueria.es\/wp-content\/uploads\/sites\/6\/2023\/02\/IMG-20230203-WA0001-768x1024.jpg 768w, https:\/\/cloud.alqueria.es\/wp-content\/uploads\/sites\/6\/2023\/02\/IMG-20230203-WA0001-225x300.jpg 225w, https:\/\/cloud.alqueria.es\/wp-content\/uploads\/sites\/6\/2023\/02\/IMG-20230203-WA0001-1152x1536.jpg 1152w, https:\/\/cloud.alqueria.es\/wp-content\/uploads\/sites\/6\/2023\/02\/IMG-20230203-WA0001.jpg 1536w\" sizes=\"(max-width: 474px) 100vw, 474px\" \/> <img decoding=\"async\" data-attachment-id=\"32785\" data-permalink=\"https:\/\/www.alqueria.es\/blogs\/alqueriaprimerciclo\/2023\/02\/04\/creciendo-en-primero\/img-20230203-wa0003\/\" data-orig-file=\"https:\/\/cloud.alqueria.es\/wp-content\/uploads\/sites\/6\/2023\/02\/IMG-20230203-WA0003.jpg\" data-orig-size=\"1536,2048\" data-comments-opened=\"1\" data-image-meta=\"{&quot;aperture&quot;:&quot;0&quot;,&quot;credit&quot;:&quot;&quot;,&quot;camera&quot;:&quot;&quot;,&quot;caption&quot;:&quot;&quot;,&quot;created_timestamp&quot;:&quot;0&quot;,&quot;copyright&quot;:&quot;&quot;,&quot;focal_length&quot;:&quot;0&quot;,&quot;iso&quot;:&quot;0&quot;,&quot;shutter_speed&quot;:&quot;0&quot;,&quot;title&quot;:&quot;&quot;,&quot;orientation&quot;:&quot;0&quot;}\" data-image-title=\"IMG-20230203-WA0003\" data-image-description=\"\" data-image-caption=\"\" data-large-file=\"https:\/\/cloud.alqueria.es\/wp-content\/uploads\/sites\/6\/2023\/02\/IMG-20230203-WA0003-768x1024.jpg\" class=\"alignnone size-large wp-image-32785\" src=\"https:\/\/cloud.alqueria.es\/wp-content\/uploads\/sites\/6\/2023\/02\/IMG-20230203-WA0003-768x1024.jpg\" alt=\"\" width=\"474\" height=\"632\" srcset=\"https:\/\/cloud.alqueria.es\/wp-content\/uploads\/sites\/6\/2023\/02\/IMG-20230203-WA0003-768x1024.jpg 768w, https:\/\/cloud.alqueria.es\/wp-content\/uploads\/sites\/6\/2023\/02\/IMG-20230203-WA0003-225x300.jpg 225w, https:\/\/cloud.alqueria.es\/wp-content\/uploads\/sites\/6\/2023\/02\/IMG-20230203-WA0003-1152x1536.jpg 1152w, https:\/\/cloud.alqueria.es\/wp-content\/uploads\/sites\/6\/2023\/02\/IMG-20230203-WA0003.jpg 1536w\" sizes=\"(max-width: 474px) 100vw, 474px\" \/> <img decoding=\"async\" data-attachment-id=\"32786\" data-permalink=\"https:\/\/www.alqueria.es\/blogs\/alqueriaprimerciclo\/2023\/02\/04\/creciendo-en-primero\/img-20230203-wa0008\/\" data-orig-file=\"https:\/\/cloud.alqueria.es\/wp-content\/uploads\/sites\/6\/2023\/02\/IMG-20230203-WA0008.jpg\" data-orig-size=\"1536,2048\" data-comments-opened=\"1\" data-image-meta=\"{&quot;aperture&quot;:&quot;0&quot;,&quot;credit&quot;:&quot;&quot;,&quot;camera&quot;:&quot;&quot;,&quot;caption&quot;:&quot;&quot;,&quot;created_timestamp&quot;:&quot;0&quot;,&quot;copyright&quot;:&quot;&quot;,&quot;focal_length&quot;:&quot;0&quot;,&quot;iso&quot;:&quot;0&quot;,&quot;shutter_speed&quot;:&quot;0&quot;,&quot;title&quot;:&quot;&quot;,&quot;orientation&quot;:&quot;0&quot;}\" data-image-title=\"IMG-20230203-WA0008\" data-image-description=\"\" data-image-caption=\"\" data-large-file=\"https:\/\/cloud.alqueria.es\/wp-content\/uploads\/sites\/6\/2023\/02\/IMG-20230203-WA0008-768x1024.jpg\" class=\"alignnone size-large wp-image-32786\" src=\"https:\/\/cloud.alqueria.es\/wp-content\/uploads\/sites\/6\/2023\/02\/IMG-20230203-WA0008-768x1024.jpg\" alt=\"\" width=\"474\" height=\"632\" srcset=\"https:\/\/cloud.alqueria.es\/wp-content\/uploads\/sites\/6\/2023\/02\/IMG-20230203-WA0008-768x1024.jpg 768w, https:\/\/cloud.alqueria.es\/wp-content\/uploads\/sites\/6\/2023\/02\/IMG-20230203-WA0008-225x300.jpg 225w, https:\/\/cloud.alqueria.es\/wp-content\/uploads\/sites\/6\/2023\/02\/IMG-20230203-WA0008-1152x1536.jpg 1152w, https:\/\/cloud.alqueria.es\/wp-content\/uploads\/sites\/6\/2023\/02\/IMG-20230203-WA0008.jpg 1536w\" sizes=\"(max-width: 474px) 100vw, 474px\" \/> <img decoding=\"async\" data-attachment-id=\"32787\" data-permalink=\"https:\/\/www.alqueria.es\/blogs\/alqueriaprimerciclo\/2023\/02\/04\/creciendo-en-primero\/img-20230203-wa0007\/\" data-orig-file=\"https:\/\/cloud.alqueria.es\/wp-content\/uploads\/sites\/6\/2023\/02\/IMG-20230203-WA0007.jpg\" data-orig-size=\"1536,2048\" data-comments-opened=\"1\" data-image-meta=\"{&quot;aperture&quot;:&quot;0&quot;,&quot;credit&quot;:&quot;&quot;,&quot;camera&quot;:&quot;&quot;,&quot;caption&quot;:&quot;&quot;,&quot;created_timestamp&quot;:&quot;0&quot;,&quot;copyright&quot;:&quot;&quot;,&quot;focal_length&quot;:&quot;0&quot;,&quot;iso&quot;:&quot;0&quot;,&quot;shutter_speed&quot;:&quot;0&quot;,&quot;title&quot;:&quot;&quot;,&quot;orientation&quot;:&quot;0&quot;}\" data-image-title=\"IMG-20230203-WA0007\" data-image-description=\"\" data-image-caption=\"\" data-large-file=\"https:\/\/cloud.alqueria.es\/wp-content\/uploads\/sites\/6\/2023\/02\/IMG-20230203-WA0007-768x1024.jpg\" class=\"alignnone size-large wp-image-32787\" src=\"https:\/\/cloud.alqueria.es\/wp-content\/uploads\/sites\/6\/2023\/02\/IMG-20230203-WA0007-768x1024.jpg\" alt=\"\" width=\"474\" height=\"632\" srcset=\"https:\/\/cloud.alqueria.es\/wp-content\/uploads\/sites\/6\/2023\/02\/IMG-20230203-WA0007-768x1024.jpg 768w, https:\/\/cloud.alqueria.es\/wp-content\/uploads\/sites\/6\/2023\/02\/IMG-20230203-WA0007-225x300.jpg 225w, https:\/\/cloud.alqueria.es\/wp-content\/uploads\/sites\/6\/2023\/02\/IMG-20230203-WA0007-1152x1536.jpg 1152w, https:\/\/cloud.alqueria.es\/wp-content\/uploads\/sites\/6\/2023\/02\/IMG-20230203-WA0007.jpg 1536w\" sizes=\"(max-width: 474px) 100vw, 474px\" \/><\/p>\n<p>Continuamos la pr\u00f3xima semana. Disfrutad de ratitos de lectura.<\/p>\n<p>Dar\u00eda<\/p>\n","protected":false},"excerpt":{"rendered":"<p>D\u00eda de la paz Comenzamos la semana con la celebraci\u00f3n del d\u00eda de la paz con la que disfrutamos de unos entra\u00f1ables\u00a0 momentos\u00a0 de convivencia entre todo el alumnado. Lectura La semana se llena de momentos de lectura, en ocasiones individual y silenciosa, en parejas, para investigar, como escucha atenta para aprender o disfrutarla. Cada &hellip; <a href=\"https:\/\/www.alqueria.es\/blogs\/alqueriaprimerciclo\/2023\/02\/04\/creciendo-en-primero\/\" class=\"more-link\">Seguir leyendo <span class=\"screen-reader-text\">Creciendo en primero<\/span> <span class=\"meta-nav\">&rarr;<\/span><\/a><\/p>\n","protected":false},"author":12,"featured_media":0,"comment_status":"open","ping_status":"open","sticky":false,"template":"","format":"standard","meta":{"jetpack_post_was_ever_published":false,"_jetpack_newsletter_access":"","_jetpack_dont_email_post_to_subs":false,"_jetpack_newsletter_tier_id":0,"_jetpack_memberships_contains_paywalled_content":false,"_jetpack_memberships_contains_paid_content":false,"footnotes":"","jetpack_publicize_message":"","jetpack_publicize_feature_enabled":true,"jetpack_social_post_already_shared":true,"jetpack_social_options":{"image_generator_settings":{"template":"highway","default_image_id":0,"font":"","enabled":false},"version":2}},"categories":[2,8],"tags":[32,113,60],"class_list":["post-32767","post","type-post","status-publish","format-standard","hentry","category-1o-epo","category-diario-de-clase-1o","tag-alqueria","tag-lectura","tag-primaria"],"jetpack_publicize_connections":[],"jetpack_featured_media_url":"","jetpack_sharing_enabled":true,"jetpack_shortlink":"https:\/\/wp.me\/p4lvS0-8wv","_links":{"self":[{"href":"https:\/\/www.alqueria.es\/blogs\/alqueriaprimerciclo\/wp-json\/wp\/v2\/posts\/32767","targetHints":{"allow":["GET"]}}],"collection":[{"href":"https:\/\/www.alqueria.es\/blogs\/alqueriaprimerciclo\/wp-json\/wp\/v2\/posts"}],"about":[{"href":"https:\/\/www.alqueria.es\/blogs\/alqueriaprimerciclo\/wp-json\/wp\/v2\/types\/post"}],"author":[{"embeddable":true,"href":"https:\/\/www.alqueria.es\/blogs\/alqueriaprimerciclo\/wp-json\/wp\/v2\/users\/12"}],"replies":[{"embeddable":true,"href":"https:\/\/www.alqueria.es\/blogs\/alqueriaprimerciclo\/wp-json\/wp\/v2\/comments?post=32767"}],"version-history":[{"count":1,"href":"https:\/\/www.alqueria.es\/blogs\/alqueriaprimerciclo\/wp-json\/wp\/v2\/posts\/32767\/revisions"}],"predecessor-version":[{"id":32795,"href":"https:\/\/www.alqueria.es\/blogs\/alqueriaprimerciclo\/wp-json\/wp\/v2\/posts\/32767\/revisions\/32795"}],"wp:attachment":[{"href":"https:\/\/www.alqueria.es\/blogs\/alqueriaprimerciclo\/wp-json\/wp\/v2\/media?parent=32767"}],"wp:term":[{"taxonomy":"category","embeddable":true,"href":"https:\/\/www.alqueria.es\/blogs\/alqueriaprimerciclo\/wp-json\/wp\/v2\/categories?post=32767"},{"taxonomy":"post_tag","embeddable":true,"href":"https:\/\/www.alqueria.es\/blogs\/alqueriaprimerciclo\/wp-json\/wp\/v2\/tags?post=32767"}],"curies":[{"name":"wp","href":"https:\/\/api.w.org\/{rel}","templated":true}]}}