{"id":33363,"date":"2023-03-10T16:00:40","date_gmt":"2023-03-10T15:00:40","guid":{"rendered":"https:\/\/www.alqueria.es\/blogs\/alqueriaprimerciclo\/?p=33363"},"modified":"2023-03-10T16:00:40","modified_gmt":"2023-03-10T15:00:40","slug":"vivir-en-igualdad","status":"publish","type":"post","link":"https:\/\/www.alqueria.es\/blogs\/alqueriaprimerciclo\/2023\/03\/10\/vivir-en-igualdad\/","title":{"rendered":"Vivir en igualdad"},"content":{"rendered":"<p>Comenzamos la semana repasando algunas <strong>min\u00fasculas<\/strong> y escribiendo sobre nuestros lugares favoritos, para algunos el lugar favorito ten\u00eda que ver con la persona con la que compartiera ese espacio y claro, a una se le cae la baba\u2026<\/p>\n<p><img decoding=\"async\" class=\"\" src=\"https:\/\/i.etsystatic.com\/16692361\/r\/il\/cc96b5\/1948920972\/il_794xN.1948920972_oonw.jpg\" alt=\"Impresi\u00f3n ABC moderna \/ P\u00f3ster ABC en min\u00fasculas \/ Alfabeto imagen 1\" width=\"262\" height=\"262\" \/><\/p>\n<p>Esta semana hemos vuelto a tener <strong>taller emocional<\/strong> y Laura nos ha hecho trabajar algunas funciones ejecutivas a trav\u00e9s de diferentes juegos.<\/p>\n<p><img decoding=\"async\" data-attachment-id=\"33393\" data-permalink=\"https:\/\/www.alqueria.es\/blogs\/alqueriaprimerciclo\/2023\/03\/10\/vivir-en-igualdad\/whatsapp-image-2023-03-10-at-10-52-00-1\/\" data-orig-file=\"https:\/\/cloud.alqueria.es\/wp-content\/uploads\/sites\/6\/2023\/03\/WhatsApp-Image-2023-03-10-at-10.52.00-1.jpeg\" data-orig-size=\"1024,768\" data-comments-opened=\"1\" data-image-meta=\"{&quot;aperture&quot;:&quot;0&quot;,&quot;credit&quot;:&quot;&quot;,&quot;camera&quot;:&quot;&quot;,&quot;caption&quot;:&quot;&quot;,&quot;created_timestamp&quot;:&quot;0&quot;,&quot;copyright&quot;:&quot;&quot;,&quot;focal_length&quot;:&quot;0&quot;,&quot;iso&quot;:&quot;0&quot;,&quot;shutter_speed&quot;:&quot;0&quot;,&quot;title&quot;:&quot;&quot;,&quot;orientation&quot;:&quot;0&quot;}\" data-image-title=\"WhatsApp Image 2023-03-10 at 10.52.00 (1)\" data-image-description=\"\" data-image-caption=\"\" data-large-file=\"https:\/\/cloud.alqueria.es\/wp-content\/uploads\/sites\/6\/2023\/03\/WhatsApp-Image-2023-03-10-at-10.52.00-1.jpeg\" class=\"alignnone size-full wp-image-33393\" src=\"https:\/\/cloud.alqueria.es\/wp-content\/uploads\/sites\/6\/2023\/03\/WhatsApp-Image-2023-03-10-at-10.52.00-1.jpeg\" alt=\"\" width=\"1024\" height=\"768\" srcset=\"https:\/\/cloud.alqueria.es\/wp-content\/uploads\/sites\/6\/2023\/03\/WhatsApp-Image-2023-03-10-at-10.52.00-1.jpeg 1024w, https:\/\/cloud.alqueria.es\/wp-content\/uploads\/sites\/6\/2023\/03\/WhatsApp-Image-2023-03-10-at-10.52.00-1-300x225.jpeg 300w, https:\/\/cloud.alqueria.es\/wp-content\/uploads\/sites\/6\/2023\/03\/WhatsApp-Image-2023-03-10-at-10.52.00-1-768x576.jpeg 768w\" sizes=\"(max-width: 1024px) 100vw, 1024px\" \/><\/p>\n<p>Ha sido divertido, Laura \u00a0va diciendo \u00a0vocales \u00a0y aquellos que su nombre contenga esa vocal tienen que levantarse.<\/p>\n<p>M\u00e1s tarde por parejas \u00a0vamos diciendo n\u00fameros: 1, 2 o 3 sin poder repetir el mismo 2 veces.<\/p>\n<p>Y vamos metiendo variantes, qui\u00e9n dice el 1 toca la nariz del otro, m\u00e1s tarde quien dice el 2 da una palmada\u00a0 y despu\u00e9s se suma el 3 con el que hay que dar un salto.<\/p>\n<div data-carousel-extra='{&quot;blog_id&quot;:6,&quot;permalink&quot;:&quot;https:\/\/www.alqueria.es\/blogs\/alqueriaprimerciclo\/2023\/03\/10\/vivir-en-igualdad\/&quot;}' id='gallery-1' class='gallery galleryid-33363 gallery-columns-3 gallery-size-thumbnail'><figure class='gallery-item'>\n\t\t\t<div class='gallery-icon portrait'>\n\t\t\t\t<a href='https:\/\/www.alqueria.es\/blogs\/alqueriaprimerciclo\/2023\/03\/10\/vivir-en-igualdad\/whatsapp-image-2023-03-10-at-10-51-58\/'><img decoding=\"async\" width=\"150\" height=\"150\" src=\"https:\/\/cloud.alqueria.es\/wp-content\/uploads\/sites\/6\/2023\/03\/WhatsApp-Image-2023-03-10-at-10.51.58-150x150.jpeg\" class=\"attachment-thumbnail size-thumbnail\" alt=\"\" data-attachment-id=\"33395\" data-permalink=\"https:\/\/www.alqueria.es\/blogs\/alqueriaprimerciclo\/2023\/03\/10\/vivir-en-igualdad\/whatsapp-image-2023-03-10-at-10-51-58\/\" data-orig-file=\"https:\/\/cloud.alqueria.es\/wp-content\/uploads\/sites\/6\/2023\/03\/WhatsApp-Image-2023-03-10-at-10.51.58.jpeg\" data-orig-size=\"768,1024\" data-comments-opened=\"1\" data-image-meta=\"{&quot;aperture&quot;:&quot;0&quot;,&quot;credit&quot;:&quot;&quot;,&quot;camera&quot;:&quot;&quot;,&quot;caption&quot;:&quot;&quot;,&quot;created_timestamp&quot;:&quot;0&quot;,&quot;copyright&quot;:&quot;&quot;,&quot;focal_length&quot;:&quot;0&quot;,&quot;iso&quot;:&quot;0&quot;,&quot;shutter_speed&quot;:&quot;0&quot;,&quot;title&quot;:&quot;&quot;,&quot;orientation&quot;:&quot;0&quot;}\" data-image-title=\"WhatsApp Image 2023-03-10 at 10.51.58\" data-image-description=\"\" data-image-caption=\"\" data-large-file=\"https:\/\/cloud.alqueria.es\/wp-content\/uploads\/sites\/6\/2023\/03\/WhatsApp-Image-2023-03-10-at-10.51.58.jpeg\" \/><\/a>\n\t\t\t<\/div><\/figure><figure class='gallery-item'>\n\t\t\t<div class='gallery-icon landscape'>\n\t\t\t\t<a href='https:\/\/www.alqueria.es\/blogs\/alqueriaprimerciclo\/2023\/03\/10\/vivir-en-igualdad\/whatsapp-image-2023-03-10-at-10-52-00\/'><img decoding=\"async\" width=\"150\" height=\"150\" src=\"https:\/\/cloud.alqueria.es\/wp-content\/uploads\/sites\/6\/2023\/03\/WhatsApp-Image-2023-03-10-at-10.52.00-150x150.jpeg\" class=\"attachment-thumbnail size-thumbnail\" alt=\"\" data-attachment-id=\"33394\" data-permalink=\"https:\/\/www.alqueria.es\/blogs\/alqueriaprimerciclo\/2023\/03\/10\/vivir-en-igualdad\/whatsapp-image-2023-03-10-at-10-52-00\/\" data-orig-file=\"https:\/\/cloud.alqueria.es\/wp-content\/uploads\/sites\/6\/2023\/03\/WhatsApp-Image-2023-03-10-at-10.52.00.jpeg\" data-orig-size=\"1024,768\" data-comments-opened=\"1\" data-image-meta=\"{&quot;aperture&quot;:&quot;0&quot;,&quot;credit&quot;:&quot;&quot;,&quot;camera&quot;:&quot;&quot;,&quot;caption&quot;:&quot;&quot;,&quot;created_timestamp&quot;:&quot;0&quot;,&quot;copyright&quot;:&quot;&quot;,&quot;focal_length&quot;:&quot;0&quot;,&quot;iso&quot;:&quot;0&quot;,&quot;shutter_speed&quot;:&quot;0&quot;,&quot;title&quot;:&quot;&quot;,&quot;orientation&quot;:&quot;0&quot;}\" data-image-title=\"WhatsApp Image 2023-03-10 at 10.52.00\" data-image-description=\"\" data-image-caption=\"\" data-large-file=\"https:\/\/cloud.alqueria.es\/wp-content\/uploads\/sites\/6\/2023\/03\/WhatsApp-Image-2023-03-10-at-10.52.00.jpeg\" \/><\/a>\n\t\t\t<\/div><\/figure>\n\t\t<\/div>\n\n<p>Tambi\u00e9n Laura ha tra\u00eddo su manta, hoy la tarea consist\u00eda en recordar los objetos que vemos encima y pusimos en pr\u00e1ctica nuestra memoria fotogr\u00e1fica. Ten\u00edamos que recordar que objetos hab\u00eda, en qu\u00e9 posici\u00f3n estaban, de que colores eran, si estaban repetidos\u2026<\/p>\n<p><img decoding=\"async\" data-attachment-id=\"33391\" data-permalink=\"https:\/\/www.alqueria.es\/blogs\/alqueriaprimerciclo\/2023\/03\/10\/vivir-en-igualdad\/whatsapp-image-2023-03-10-at-10-52-34\/\" data-orig-file=\"https:\/\/cloud.alqueria.es\/wp-content\/uploads\/sites\/6\/2023\/03\/WhatsApp-Image-2023-03-10-at-10.52.34.jpeg\" data-orig-size=\"1024,768\" data-comments-opened=\"1\" data-image-meta=\"{&quot;aperture&quot;:&quot;0&quot;,&quot;credit&quot;:&quot;&quot;,&quot;camera&quot;:&quot;&quot;,&quot;caption&quot;:&quot;&quot;,&quot;created_timestamp&quot;:&quot;0&quot;,&quot;copyright&quot;:&quot;&quot;,&quot;focal_length&quot;:&quot;0&quot;,&quot;iso&quot;:&quot;0&quot;,&quot;shutter_speed&quot;:&quot;0&quot;,&quot;title&quot;:&quot;&quot;,&quot;orientation&quot;:&quot;0&quot;}\" data-image-title=\"WhatsApp Image 2023-03-10 at 10.52.34\" data-image-description=\"\" data-image-caption=\"\" data-large-file=\"https:\/\/cloud.alqueria.es\/wp-content\/uploads\/sites\/6\/2023\/03\/WhatsApp-Image-2023-03-10-at-10.52.34.jpeg\" class=\"alignnone size-full wp-image-33391\" src=\"https:\/\/cloud.alqueria.es\/wp-content\/uploads\/sites\/6\/2023\/03\/WhatsApp-Image-2023-03-10-at-10.52.34.jpeg\" alt=\"\" width=\"1024\" height=\"768\" srcset=\"https:\/\/cloud.alqueria.es\/wp-content\/uploads\/sites\/6\/2023\/03\/WhatsApp-Image-2023-03-10-at-10.52.34.jpeg 1024w, https:\/\/cloud.alqueria.es\/wp-content\/uploads\/sites\/6\/2023\/03\/WhatsApp-Image-2023-03-10-at-10.52.34-300x225.jpeg 300w, https:\/\/cloud.alqueria.es\/wp-content\/uploads\/sites\/6\/2023\/03\/WhatsApp-Image-2023-03-10-at-10.52.34-768x576.jpeg 768w\" sizes=\"(max-width: 1024px) 100vw, 1024px\" \/><\/p>\n<p>Finalmente hemos terminado la sesi\u00f3n creando una historia entre todos.<\/p>\n<p>Hemos trabajado el cerebro, las emociones y \u00a1nos lo hemos pasado pipa!<\/p>\n<p>Esta semana hemos celebrado un d\u00eda muy especial, el d\u00eda de la mujer y lo hemos hecho con la visita de Carol y el <strong>taller de coeducaci\u00f3n \u201cOtros cuentos que contar\u201d.<\/strong> Comenzamos el taller con la siguiente pregunta, \u00bfHab\u00e9is o\u00eddo hablar de la coeducaci\u00f3n? \u00bfTen\u00e9is idea de lo que puede ser?, \u00bfY la igualdad?. Nos ha quedado claro que son conceptos lejanos para ni\u00f1os con 7 o 8 a\u00f1os a\u00fan, sin embargo que mejor edad para tratarlos que esta.<\/p>\n<p><img decoding=\"async\" data-attachment-id=\"33390\" data-permalink=\"https:\/\/www.alqueria.es\/blogs\/alqueriaprimerciclo\/2023\/03\/10\/vivir-en-igualdad\/whatsapp-image-2023-03-10-at-10-52-34-1\/\" data-orig-file=\"https:\/\/cloud.alqueria.es\/wp-content\/uploads\/sites\/6\/2023\/03\/WhatsApp-Image-2023-03-10-at-10.52.34-1.jpeg\" data-orig-size=\"1024,768\" data-comments-opened=\"1\" data-image-meta=\"{&quot;aperture&quot;:&quot;0&quot;,&quot;credit&quot;:&quot;&quot;,&quot;camera&quot;:&quot;&quot;,&quot;caption&quot;:&quot;&quot;,&quot;created_timestamp&quot;:&quot;0&quot;,&quot;copyright&quot;:&quot;&quot;,&quot;focal_length&quot;:&quot;0&quot;,&quot;iso&quot;:&quot;0&quot;,&quot;shutter_speed&quot;:&quot;0&quot;,&quot;title&quot;:&quot;&quot;,&quot;orientation&quot;:&quot;0&quot;}\" data-image-title=\"WhatsApp Image 2023-03-10 at 10.52.34 (1)\" data-image-description=\"\" data-image-caption=\"\" data-large-file=\"https:\/\/cloud.alqueria.es\/wp-content\/uploads\/sites\/6\/2023\/03\/WhatsApp-Image-2023-03-10-at-10.52.34-1.jpeg\" class=\"alignnone size-full wp-image-33390\" src=\"https:\/\/cloud.alqueria.es\/wp-content\/uploads\/sites\/6\/2023\/03\/WhatsApp-Image-2023-03-10-at-10.52.34-1.jpeg\" alt=\"\" width=\"1024\" height=\"768\" srcset=\"https:\/\/cloud.alqueria.es\/wp-content\/uploads\/sites\/6\/2023\/03\/WhatsApp-Image-2023-03-10-at-10.52.34-1.jpeg 1024w, https:\/\/cloud.alqueria.es\/wp-content\/uploads\/sites\/6\/2023\/03\/WhatsApp-Image-2023-03-10-at-10.52.34-1-300x225.jpeg 300w, https:\/\/cloud.alqueria.es\/wp-content\/uploads\/sites\/6\/2023\/03\/WhatsApp-Image-2023-03-10-at-10.52.34-1-768x576.jpeg 768w\" sizes=\"(max-width: 1024px) 100vw, 1024px\" \/><\/p>\n<p>M\u00e1s tarde nos presentamos: nombre, edad \u00a0y que nos gusta hacer los fines de semana.<\/p>\n<p>Despu\u00e9s elegimos nuestro personaje de cuento\/peli favorito y explicamos el porque. Han salido m\u00e1s personajes masculinos que femeninos, \u00bfPor qu\u00e9?<\/p>\n<p><img decoding=\"async\" data-attachment-id=\"33389\" data-permalink=\"https:\/\/www.alqueria.es\/blogs\/alqueriaprimerciclo\/2023\/03\/10\/vivir-en-igualdad\/whatsapp-image-2023-03-10-at-10-52-34-2\/\" data-orig-file=\"https:\/\/cloud.alqueria.es\/wp-content\/uploads\/sites\/6\/2023\/03\/WhatsApp-Image-2023-03-10-at-10.52.34-2.jpeg\" data-orig-size=\"1024,768\" data-comments-opened=\"1\" data-image-meta=\"{&quot;aperture&quot;:&quot;0&quot;,&quot;credit&quot;:&quot;&quot;,&quot;camera&quot;:&quot;&quot;,&quot;caption&quot;:&quot;&quot;,&quot;created_timestamp&quot;:&quot;0&quot;,&quot;copyright&quot;:&quot;&quot;,&quot;focal_length&quot;:&quot;0&quot;,&quot;iso&quot;:&quot;0&quot;,&quot;shutter_speed&quot;:&quot;0&quot;,&quot;title&quot;:&quot;&quot;,&quot;orientation&quot;:&quot;0&quot;}\" data-image-title=\"WhatsApp Image 2023-03-10 at 10.52.34 (2)\" data-image-description=\"\" data-image-caption=\"\" data-large-file=\"https:\/\/cloud.alqueria.es\/wp-content\/uploads\/sites\/6\/2023\/03\/WhatsApp-Image-2023-03-10-at-10.52.34-2.jpeg\" class=\"alignnone size-full wp-image-33389\" src=\"https:\/\/cloud.alqueria.es\/wp-content\/uploads\/sites\/6\/2023\/03\/WhatsApp-Image-2023-03-10-at-10.52.34-2.jpeg\" alt=\"\" width=\"1024\" height=\"768\" srcset=\"https:\/\/cloud.alqueria.es\/wp-content\/uploads\/sites\/6\/2023\/03\/WhatsApp-Image-2023-03-10-at-10.52.34-2.jpeg 1024w, https:\/\/cloud.alqueria.es\/wp-content\/uploads\/sites\/6\/2023\/03\/WhatsApp-Image-2023-03-10-at-10.52.34-2-300x225.jpeg 300w, https:\/\/cloud.alqueria.es\/wp-content\/uploads\/sites\/6\/2023\/03\/WhatsApp-Image-2023-03-10-at-10.52.34-2-768x576.jpeg 768w\" sizes=\"(max-width: 1024px) 100vw, 1024px\" \/><\/p>\n<p>Tambi\u00e9n decimos nombres de Deportistas, solo ha salido el nombre de una mujer, \u00bfPor qu\u00e9?<\/p>\n<p>Hemos llevado a cabo un teatro con el que expresar e improvisar tambi\u00e9n.<\/p>\n<div data-carousel-extra='{&quot;blog_id&quot;:6,&quot;permalink&quot;:&quot;https:\/\/www.alqueria.es\/blogs\/alqueriaprimerciclo\/2023\/03\/10\/vivir-en-igualdad\/&quot;}' id='gallery-2' class='gallery galleryid-33363 gallery-columns-3 gallery-size-full'><figure class='gallery-item'>\n\t\t\t<div class='gallery-icon landscape'>\n\t\t\t\t<a href='https:\/\/www.alqueria.es\/blogs\/alqueriaprimerciclo\/2023\/03\/10\/vivir-en-igualdad\/whatsapp-image-2023-03-10-at-10-52-35\/'><img decoding=\"async\" width=\"1024\" height=\"768\" src=\"https:\/\/cloud.alqueria.es\/wp-content\/uploads\/sites\/6\/2023\/03\/WhatsApp-Image-2023-03-10-at-10.52.35.jpeg\" class=\"attachment-full size-full\" alt=\"\" srcset=\"https:\/\/cloud.alqueria.es\/wp-content\/uploads\/sites\/6\/2023\/03\/WhatsApp-Image-2023-03-10-at-10.52.35.jpeg 1024w, https:\/\/cloud.alqueria.es\/wp-content\/uploads\/sites\/6\/2023\/03\/WhatsApp-Image-2023-03-10-at-10.52.35-300x225.jpeg 300w, https:\/\/cloud.alqueria.es\/wp-content\/uploads\/sites\/6\/2023\/03\/WhatsApp-Image-2023-03-10-at-10.52.35-768x576.jpeg 768w\" sizes=\"(max-width: 1024px) 100vw, 1024px\" data-attachment-id=\"33388\" data-permalink=\"https:\/\/www.alqueria.es\/blogs\/alqueriaprimerciclo\/2023\/03\/10\/vivir-en-igualdad\/whatsapp-image-2023-03-10-at-10-52-35\/\" data-orig-file=\"https:\/\/cloud.alqueria.es\/wp-content\/uploads\/sites\/6\/2023\/03\/WhatsApp-Image-2023-03-10-at-10.52.35.jpeg\" data-orig-size=\"1024,768\" data-comments-opened=\"1\" data-image-meta=\"{&quot;aperture&quot;:&quot;0&quot;,&quot;credit&quot;:&quot;&quot;,&quot;camera&quot;:&quot;&quot;,&quot;caption&quot;:&quot;&quot;,&quot;created_timestamp&quot;:&quot;0&quot;,&quot;copyright&quot;:&quot;&quot;,&quot;focal_length&quot;:&quot;0&quot;,&quot;iso&quot;:&quot;0&quot;,&quot;shutter_speed&quot;:&quot;0&quot;,&quot;title&quot;:&quot;&quot;,&quot;orientation&quot;:&quot;0&quot;}\" data-image-title=\"WhatsApp Image 2023-03-10 at 10.52.35\" data-image-description=\"\" data-image-caption=\"\" data-large-file=\"https:\/\/cloud.alqueria.es\/wp-content\/uploads\/sites\/6\/2023\/03\/WhatsApp-Image-2023-03-10-at-10.52.35.jpeg\" \/><\/a>\n\t\t\t<\/div><\/figure><figure class='gallery-item'>\n\t\t\t<div class='gallery-icon landscape'>\n\t\t\t\t<a href='https:\/\/www.alqueria.es\/blogs\/alqueriaprimerciclo\/2023\/03\/10\/vivir-en-igualdad\/whatsapp-image-2023-03-10-at-10-52-35-1\/'><img decoding=\"async\" width=\"1024\" height=\"768\" src=\"https:\/\/cloud.alqueria.es\/wp-content\/uploads\/sites\/6\/2023\/03\/WhatsApp-Image-2023-03-10-at-10.52.35-1.jpeg\" class=\"attachment-full size-full\" alt=\"\" srcset=\"https:\/\/cloud.alqueria.es\/wp-content\/uploads\/sites\/6\/2023\/03\/WhatsApp-Image-2023-03-10-at-10.52.35-1.jpeg 1024w, https:\/\/cloud.alqueria.es\/wp-content\/uploads\/sites\/6\/2023\/03\/WhatsApp-Image-2023-03-10-at-10.52.35-1-300x225.jpeg 300w, https:\/\/cloud.alqueria.es\/wp-content\/uploads\/sites\/6\/2023\/03\/WhatsApp-Image-2023-03-10-at-10.52.35-1-768x576.jpeg 768w\" sizes=\"(max-width: 1024px) 100vw, 1024px\" data-attachment-id=\"33387\" data-permalink=\"https:\/\/www.alqueria.es\/blogs\/alqueriaprimerciclo\/2023\/03\/10\/vivir-en-igualdad\/whatsapp-image-2023-03-10-at-10-52-35-1\/\" data-orig-file=\"https:\/\/cloud.alqueria.es\/wp-content\/uploads\/sites\/6\/2023\/03\/WhatsApp-Image-2023-03-10-at-10.52.35-1.jpeg\" data-orig-size=\"1024,768\" data-comments-opened=\"1\" data-image-meta=\"{&quot;aperture&quot;:&quot;0&quot;,&quot;credit&quot;:&quot;&quot;,&quot;camera&quot;:&quot;&quot;,&quot;caption&quot;:&quot;&quot;,&quot;created_timestamp&quot;:&quot;0&quot;,&quot;copyright&quot;:&quot;&quot;,&quot;focal_length&quot;:&quot;0&quot;,&quot;iso&quot;:&quot;0&quot;,&quot;shutter_speed&quot;:&quot;0&quot;,&quot;title&quot;:&quot;&quot;,&quot;orientation&quot;:&quot;0&quot;}\" data-image-title=\"WhatsApp Image 2023-03-10 at 10.52.35 (1)\" data-image-description=\"\" data-image-caption=\"\" data-large-file=\"https:\/\/cloud.alqueria.es\/wp-content\/uploads\/sites\/6\/2023\/03\/WhatsApp-Image-2023-03-10-at-10.52.35-1.jpeg\" \/><\/a>\n\t\t\t<\/div><\/figure>\n\t\t<\/div>\n\n<p>Finalmente hemos terminado con un cuento llamado \u201cLalo, el pr\u00edncipe rosa\u201d. Os dejamos el enlace:<\/p>\n<p><a href=\"https:\/\/www.youtube.com\/watch?v=Gr56pfgFTpQ\">https:\/\/www.youtube.com\/watch?v=Gr56pfgFTpQ<\/a><\/p>\n<div data-carousel-extra='{&quot;blog_id&quot;:6,&quot;permalink&quot;:&quot;https:\/\/www.alqueria.es\/blogs\/alqueriaprimerciclo\/2023\/03\/10\/vivir-en-igualdad\/&quot;}' id='gallery-3' class='gallery galleryid-33363 gallery-columns-3 gallery-size-full'><figure class='gallery-item'>\n\t\t\t<div class='gallery-icon portrait'>\n\t\t\t\t<a href='https:\/\/www.alqueria.es\/blogs\/alqueriaprimerciclo\/2023\/03\/10\/vivir-en-igualdad\/whatsapp-image-2023-03-10-at-10-52-35-2\/'><img decoding=\"async\" width=\"768\" height=\"1024\" src=\"https:\/\/cloud.alqueria.es\/wp-content\/uploads\/sites\/6\/2023\/03\/WhatsApp-Image-2023-03-10-at-10.52.35-2.jpeg\" class=\"attachment-full size-full\" alt=\"\" srcset=\"https:\/\/cloud.alqueria.es\/wp-content\/uploads\/sites\/6\/2023\/03\/WhatsApp-Image-2023-03-10-at-10.52.35-2.jpeg 768w, https:\/\/cloud.alqueria.es\/wp-content\/uploads\/sites\/6\/2023\/03\/WhatsApp-Image-2023-03-10-at-10.52.35-2-225x300.jpeg 225w\" sizes=\"(max-width: 768px) 100vw, 768px\" data-attachment-id=\"33386\" data-permalink=\"https:\/\/www.alqueria.es\/blogs\/alqueriaprimerciclo\/2023\/03\/10\/vivir-en-igualdad\/whatsapp-image-2023-03-10-at-10-52-35-2\/\" data-orig-file=\"https:\/\/cloud.alqueria.es\/wp-content\/uploads\/sites\/6\/2023\/03\/WhatsApp-Image-2023-03-10-at-10.52.35-2.jpeg\" data-orig-size=\"768,1024\" data-comments-opened=\"1\" data-image-meta=\"{&quot;aperture&quot;:&quot;0&quot;,&quot;credit&quot;:&quot;&quot;,&quot;camera&quot;:&quot;&quot;,&quot;caption&quot;:&quot;&quot;,&quot;created_timestamp&quot;:&quot;0&quot;,&quot;copyright&quot;:&quot;&quot;,&quot;focal_length&quot;:&quot;0&quot;,&quot;iso&quot;:&quot;0&quot;,&quot;shutter_speed&quot;:&quot;0&quot;,&quot;title&quot;:&quot;&quot;,&quot;orientation&quot;:&quot;0&quot;}\" data-image-title=\"WhatsApp Image 2023-03-10 at 10.52.35 (2)\" data-image-description=\"\" data-image-caption=\"\" data-large-file=\"https:\/\/cloud.alqueria.es\/wp-content\/uploads\/sites\/6\/2023\/03\/WhatsApp-Image-2023-03-10-at-10.52.35-2.jpeg\" \/><\/a>\n\t\t\t<\/div><\/figure><figure class='gallery-item'>\n\t\t\t<div class='gallery-icon portrait'>\n\t\t\t\t<a href='https:\/\/www.alqueria.es\/blogs\/alqueriaprimerciclo\/2023\/03\/10\/vivir-en-igualdad\/whatsapp-image-2023-03-10-at-10-52-35-3\/'><img decoding=\"async\" width=\"768\" height=\"1024\" src=\"https:\/\/cloud.alqueria.es\/wp-content\/uploads\/sites\/6\/2023\/03\/WhatsApp-Image-2023-03-10-at-10.52.35-3.jpeg\" class=\"attachment-full size-full\" alt=\"\" srcset=\"https:\/\/cloud.alqueria.es\/wp-content\/uploads\/sites\/6\/2023\/03\/WhatsApp-Image-2023-03-10-at-10.52.35-3.jpeg 768w, https:\/\/cloud.alqueria.es\/wp-content\/uploads\/sites\/6\/2023\/03\/WhatsApp-Image-2023-03-10-at-10.52.35-3-225x300.jpeg 225w\" sizes=\"(max-width: 768px) 100vw, 768px\" data-attachment-id=\"33385\" data-permalink=\"https:\/\/www.alqueria.es\/blogs\/alqueriaprimerciclo\/2023\/03\/10\/vivir-en-igualdad\/whatsapp-image-2023-03-10-at-10-52-35-3\/\" data-orig-file=\"https:\/\/cloud.alqueria.es\/wp-content\/uploads\/sites\/6\/2023\/03\/WhatsApp-Image-2023-03-10-at-10.52.35-3.jpeg\" data-orig-size=\"768,1024\" data-comments-opened=\"1\" data-image-meta=\"{&quot;aperture&quot;:&quot;0&quot;,&quot;credit&quot;:&quot;&quot;,&quot;camera&quot;:&quot;&quot;,&quot;caption&quot;:&quot;&quot;,&quot;created_timestamp&quot;:&quot;0&quot;,&quot;copyright&quot;:&quot;&quot;,&quot;focal_length&quot;:&quot;0&quot;,&quot;iso&quot;:&quot;0&quot;,&quot;shutter_speed&quot;:&quot;0&quot;,&quot;title&quot;:&quot;&quot;,&quot;orientation&quot;:&quot;0&quot;}\" data-image-title=\"WhatsApp Image 2023-03-10 at 10.52.35 (3)\" data-image-description=\"\" data-image-caption=\"\" data-large-file=\"https:\/\/cloud.alqueria.es\/wp-content\/uploads\/sites\/6\/2023\/03\/WhatsApp-Image-2023-03-10-at-10.52.35-3.jpeg\" \/><\/a>\n\t\t\t<\/div><\/figure><figure class='gallery-item'>\n\t\t\t<div class='gallery-icon portrait'>\n\t\t\t\t<a href='https:\/\/www.alqueria.es\/blogs\/alqueriaprimerciclo\/2023\/03\/10\/vivir-en-igualdad\/whatsapp-image-2023-03-10-at-10-52-36\/'><img decoding=\"async\" width=\"768\" height=\"1024\" src=\"https:\/\/cloud.alqueria.es\/wp-content\/uploads\/sites\/6\/2023\/03\/WhatsApp-Image-2023-03-10-at-10.52.36.jpeg\" class=\"attachment-full size-full\" alt=\"\" srcset=\"https:\/\/cloud.alqueria.es\/wp-content\/uploads\/sites\/6\/2023\/03\/WhatsApp-Image-2023-03-10-at-10.52.36.jpeg 768w, https:\/\/cloud.alqueria.es\/wp-content\/uploads\/sites\/6\/2023\/03\/WhatsApp-Image-2023-03-10-at-10.52.36-225x300.jpeg 225w\" sizes=\"(max-width: 768px) 100vw, 768px\" data-attachment-id=\"33384\" data-permalink=\"https:\/\/www.alqueria.es\/blogs\/alqueriaprimerciclo\/2023\/03\/10\/vivir-en-igualdad\/whatsapp-image-2023-03-10-at-10-52-36\/\" data-orig-file=\"https:\/\/cloud.alqueria.es\/wp-content\/uploads\/sites\/6\/2023\/03\/WhatsApp-Image-2023-03-10-at-10.52.36.jpeg\" data-orig-size=\"768,1024\" data-comments-opened=\"1\" data-image-meta=\"{&quot;aperture&quot;:&quot;0&quot;,&quot;credit&quot;:&quot;&quot;,&quot;camera&quot;:&quot;&quot;,&quot;caption&quot;:&quot;&quot;,&quot;created_timestamp&quot;:&quot;0&quot;,&quot;copyright&quot;:&quot;&quot;,&quot;focal_length&quot;:&quot;0&quot;,&quot;iso&quot;:&quot;0&quot;,&quot;shutter_speed&quot;:&quot;0&quot;,&quot;title&quot;:&quot;&quot;,&quot;orientation&quot;:&quot;0&quot;}\" data-image-title=\"WhatsApp Image 2023-03-10 at 10.52.36\" data-image-description=\"\" data-image-caption=\"\" data-large-file=\"https:\/\/cloud.alqueria.es\/wp-content\/uploads\/sites\/6\/2023\/03\/WhatsApp-Image-2023-03-10-at-10.52.36.jpeg\" \/><\/a>\n\t\t\t<\/div><\/figure><figure class='gallery-item'>\n\t\t\t<div class='gallery-icon portrait'>\n\t\t\t\t<a href='https:\/\/www.alqueria.es\/blogs\/alqueriaprimerciclo\/2023\/03\/10\/vivir-en-igualdad\/whatsapp-image-2023-03-10-at-10-52-36-1\/'><img decoding=\"async\" width=\"768\" height=\"1024\" src=\"https:\/\/cloud.alqueria.es\/wp-content\/uploads\/sites\/6\/2023\/03\/WhatsApp-Image-2023-03-10-at-10.52.36-1.jpeg\" class=\"attachment-full size-full\" alt=\"\" srcset=\"https:\/\/cloud.alqueria.es\/wp-content\/uploads\/sites\/6\/2023\/03\/WhatsApp-Image-2023-03-10-at-10.52.36-1.jpeg 768w, https:\/\/cloud.alqueria.es\/wp-content\/uploads\/sites\/6\/2023\/03\/WhatsApp-Image-2023-03-10-at-10.52.36-1-225x300.jpeg 225w\" sizes=\"(max-width: 768px) 100vw, 768px\" data-attachment-id=\"33383\" data-permalink=\"https:\/\/www.alqueria.es\/blogs\/alqueriaprimerciclo\/2023\/03\/10\/vivir-en-igualdad\/whatsapp-image-2023-03-10-at-10-52-36-1\/\" data-orig-file=\"https:\/\/cloud.alqueria.es\/wp-content\/uploads\/sites\/6\/2023\/03\/WhatsApp-Image-2023-03-10-at-10.52.36-1.jpeg\" data-orig-size=\"768,1024\" data-comments-opened=\"1\" data-image-meta=\"{&quot;aperture&quot;:&quot;0&quot;,&quot;credit&quot;:&quot;&quot;,&quot;camera&quot;:&quot;&quot;,&quot;caption&quot;:&quot;&quot;,&quot;created_timestamp&quot;:&quot;0&quot;,&quot;copyright&quot;:&quot;&quot;,&quot;focal_length&quot;:&quot;0&quot;,&quot;iso&quot;:&quot;0&quot;,&quot;shutter_speed&quot;:&quot;0&quot;,&quot;title&quot;:&quot;&quot;,&quot;orientation&quot;:&quot;0&quot;}\" data-image-title=\"WhatsApp Image 2023-03-10 at 10.52.36 (1)\" data-image-description=\"\" data-image-caption=\"\" data-large-file=\"https:\/\/cloud.alqueria.es\/wp-content\/uploads\/sites\/6\/2023\/03\/WhatsApp-Image-2023-03-10-at-10.52.36-1.jpeg\" \/><\/a>\n\t\t\t<\/div><\/figure>\n\t\t<\/div>\n\n<p>Esta semana hemos visitado <strong>Italia.<\/strong><\/p>\n<p><img decoding=\"async\" data-attachment-id=\"33381\" data-permalink=\"https:\/\/www.alqueria.es\/blogs\/alqueriaprimerciclo\/2023\/03\/10\/vivir-en-igualdad\/whatsapp-image-2023-03-10-at-10-52-36-3\/\" data-orig-file=\"https:\/\/cloud.alqueria.es\/wp-content\/uploads\/sites\/6\/2023\/03\/WhatsApp-Image-2023-03-10-at-10.52.36-3.jpeg\" data-orig-size=\"768,1024\" data-comments-opened=\"1\" data-image-meta=\"{&quot;aperture&quot;:&quot;0&quot;,&quot;credit&quot;:&quot;&quot;,&quot;camera&quot;:&quot;&quot;,&quot;caption&quot;:&quot;&quot;,&quot;created_timestamp&quot;:&quot;0&quot;,&quot;copyright&quot;:&quot;&quot;,&quot;focal_length&quot;:&quot;0&quot;,&quot;iso&quot;:&quot;0&quot;,&quot;shutter_speed&quot;:&quot;0&quot;,&quot;title&quot;:&quot;&quot;,&quot;orientation&quot;:&quot;0&quot;}\" data-image-title=\"WhatsApp Image 2023-03-10 at 10.52.36 (3)\" data-image-description=\"\" data-image-caption=\"\" data-large-file=\"https:\/\/cloud.alqueria.es\/wp-content\/uploads\/sites\/6\/2023\/03\/WhatsApp-Image-2023-03-10-at-10.52.36-3.jpeg\" class=\"alignnone size-full wp-image-33381\" src=\"https:\/\/cloud.alqueria.es\/wp-content\/uploads\/sites\/6\/2023\/03\/WhatsApp-Image-2023-03-10-at-10.52.36-3.jpeg\" alt=\"\" width=\"768\" height=\"1024\" srcset=\"https:\/\/cloud.alqueria.es\/wp-content\/uploads\/sites\/6\/2023\/03\/WhatsApp-Image-2023-03-10-at-10.52.36-3.jpeg 768w, https:\/\/cloud.alqueria.es\/wp-content\/uploads\/sites\/6\/2023\/03\/WhatsApp-Image-2023-03-10-at-10.52.36-3-225x300.jpeg 225w\" sizes=\"(max-width: 768px) 100vw, 768px\" \/><\/p>\n<p>Este pa\u00eds est\u00e1 rodeado al igual que Espa\u00f1a por el mar Mediterr\u00e1neo. Su capital es Roma y algunas de sus ciudades m\u00e1s importantes son: Venecia, Florencia y Mil\u00e1n. Existe una curiosidad y es que dentro de este pa\u00eds hay otros 2 pa\u00edses: San Marino y Ciudad del Vaticano. Tiene algunos habitantes m\u00e1s que Espa\u00f1a, 61,9 millones. Uno de sus instrumentos t\u00edpicos es la mandolina y una de sus danzas tradicionales, la tarantela. Algunos de sus personajes m\u00e1s ilustres son: Da Vinci, Miguel \u00c1ngel, Marco Polo y Galileo Galilei. Hemos degustado algunas de sus ricas pastas y tomado helado y chocolate de postre.<\/p>\n<div data-carousel-extra='{&quot;blog_id&quot;:6,&quot;permalink&quot;:&quot;https:\/\/www.alqueria.es\/blogs\/alqueriaprimerciclo\/2023\/03\/10\/vivir-en-igualdad\/&quot;}' id='gallery-4' class='gallery galleryid-33363 gallery-columns-3 gallery-size-full'><figure class='gallery-item'>\n\t\t\t<div class='gallery-icon landscape'>\n\t\t\t\t<a href='https:\/\/www.alqueria.es\/blogs\/alqueriaprimerciclo\/2023\/03\/10\/vivir-en-igualdad\/whatsapp-image-2023-03-10-at-10-52-36-2\/'><img decoding=\"async\" width=\"1024\" height=\"768\" src=\"https:\/\/cloud.alqueria.es\/wp-content\/uploads\/sites\/6\/2023\/03\/WhatsApp-Image-2023-03-10-at-10.52.36-2.jpeg\" class=\"attachment-full size-full\" alt=\"\" srcset=\"https:\/\/cloud.alqueria.es\/wp-content\/uploads\/sites\/6\/2023\/03\/WhatsApp-Image-2023-03-10-at-10.52.36-2.jpeg 1024w, https:\/\/cloud.alqueria.es\/wp-content\/uploads\/sites\/6\/2023\/03\/WhatsApp-Image-2023-03-10-at-10.52.36-2-300x225.jpeg 300w, https:\/\/cloud.alqueria.es\/wp-content\/uploads\/sites\/6\/2023\/03\/WhatsApp-Image-2023-03-10-at-10.52.36-2-768x576.jpeg 768w\" sizes=\"(max-width: 1024px) 100vw, 1024px\" data-attachment-id=\"33382\" data-permalink=\"https:\/\/www.alqueria.es\/blogs\/alqueriaprimerciclo\/2023\/03\/10\/vivir-en-igualdad\/whatsapp-image-2023-03-10-at-10-52-36-2\/\" data-orig-file=\"https:\/\/cloud.alqueria.es\/wp-content\/uploads\/sites\/6\/2023\/03\/WhatsApp-Image-2023-03-10-at-10.52.36-2.jpeg\" data-orig-size=\"1024,768\" data-comments-opened=\"1\" data-image-meta=\"{&quot;aperture&quot;:&quot;0&quot;,&quot;credit&quot;:&quot;&quot;,&quot;camera&quot;:&quot;&quot;,&quot;caption&quot;:&quot;&quot;,&quot;created_timestamp&quot;:&quot;0&quot;,&quot;copyright&quot;:&quot;&quot;,&quot;focal_length&quot;:&quot;0&quot;,&quot;iso&quot;:&quot;0&quot;,&quot;shutter_speed&quot;:&quot;0&quot;,&quot;title&quot;:&quot;&quot;,&quot;orientation&quot;:&quot;0&quot;}\" data-image-title=\"WhatsApp Image 2023-03-10 at 10.52.36 (2)\" data-image-description=\"\" data-image-caption=\"\" data-large-file=\"https:\/\/cloud.alqueria.es\/wp-content\/uploads\/sites\/6\/2023\/03\/WhatsApp-Image-2023-03-10-at-10.52.36-2.jpeg\" \/><\/a>\n\t\t\t<\/div><\/figure><figure class='gallery-item'>\n\t\t\t<div class='gallery-icon landscape'>\n\t\t\t\t<a href='https:\/\/www.alqueria.es\/blogs\/alqueriaprimerciclo\/2023\/03\/10\/vivir-en-igualdad\/whatsapp-image-2023-03-10-at-10-52-37\/'><img decoding=\"async\" width=\"1024\" height=\"768\" src=\"https:\/\/cloud.alqueria.es\/wp-content\/uploads\/sites\/6\/2023\/03\/WhatsApp-Image-2023-03-10-at-10.52.37.jpeg\" class=\"attachment-full size-full\" alt=\"\" srcset=\"https:\/\/cloud.alqueria.es\/wp-content\/uploads\/sites\/6\/2023\/03\/WhatsApp-Image-2023-03-10-at-10.52.37.jpeg 1024w, https:\/\/cloud.alqueria.es\/wp-content\/uploads\/sites\/6\/2023\/03\/WhatsApp-Image-2023-03-10-at-10.52.37-300x225.jpeg 300w, https:\/\/cloud.alqueria.es\/wp-content\/uploads\/sites\/6\/2023\/03\/WhatsApp-Image-2023-03-10-at-10.52.37-768x576.jpeg 768w\" sizes=\"(max-width: 1024px) 100vw, 1024px\" data-attachment-id=\"33380\" data-permalink=\"https:\/\/www.alqueria.es\/blogs\/alqueriaprimerciclo\/2023\/03\/10\/vivir-en-igualdad\/whatsapp-image-2023-03-10-at-10-52-37\/\" data-orig-file=\"https:\/\/cloud.alqueria.es\/wp-content\/uploads\/sites\/6\/2023\/03\/WhatsApp-Image-2023-03-10-at-10.52.37.jpeg\" data-orig-size=\"1024,768\" data-comments-opened=\"1\" data-image-meta=\"{&quot;aperture&quot;:&quot;0&quot;,&quot;credit&quot;:&quot;&quot;,&quot;camera&quot;:&quot;&quot;,&quot;caption&quot;:&quot;&quot;,&quot;created_timestamp&quot;:&quot;0&quot;,&quot;copyright&quot;:&quot;&quot;,&quot;focal_length&quot;:&quot;0&quot;,&quot;iso&quot;:&quot;0&quot;,&quot;shutter_speed&quot;:&quot;0&quot;,&quot;title&quot;:&quot;&quot;,&quot;orientation&quot;:&quot;0&quot;}\" data-image-title=\"WhatsApp Image 2023-03-10 at 10.52.37\" data-image-description=\"\" data-image-caption=\"\" data-large-file=\"https:\/\/cloud.alqueria.es\/wp-content\/uploads\/sites\/6\/2023\/03\/WhatsApp-Image-2023-03-10-at-10.52.37.jpeg\" \/><\/a>\n\t\t\t<\/div><\/figure><figure class='gallery-item'>\n\t\t\t<div class='gallery-icon portrait'>\n\t\t\t\t<a href='https:\/\/www.alqueria.es\/blogs\/alqueriaprimerciclo\/2023\/03\/10\/vivir-en-igualdad\/whatsapp-image-2023-03-10-at-10-52-37-1\/'><img decoding=\"async\" width=\"768\" height=\"1024\" src=\"https:\/\/cloud.alqueria.es\/wp-content\/uploads\/sites\/6\/2023\/03\/WhatsApp-Image-2023-03-10-at-10.52.37-1.jpeg\" class=\"attachment-full size-full\" alt=\"\" srcset=\"https:\/\/cloud.alqueria.es\/wp-content\/uploads\/sites\/6\/2023\/03\/WhatsApp-Image-2023-03-10-at-10.52.37-1.jpeg 768w, https:\/\/cloud.alqueria.es\/wp-content\/uploads\/sites\/6\/2023\/03\/WhatsApp-Image-2023-03-10-at-10.52.37-1-225x300.jpeg 225w\" sizes=\"(max-width: 768px) 100vw, 768px\" data-attachment-id=\"33379\" data-permalink=\"https:\/\/www.alqueria.es\/blogs\/alqueriaprimerciclo\/2023\/03\/10\/vivir-en-igualdad\/whatsapp-image-2023-03-10-at-10-52-37-1\/\" data-orig-file=\"https:\/\/cloud.alqueria.es\/wp-content\/uploads\/sites\/6\/2023\/03\/WhatsApp-Image-2023-03-10-at-10.52.37-1.jpeg\" data-orig-size=\"768,1024\" data-comments-opened=\"1\" data-image-meta=\"{&quot;aperture&quot;:&quot;0&quot;,&quot;credit&quot;:&quot;&quot;,&quot;camera&quot;:&quot;&quot;,&quot;caption&quot;:&quot;&quot;,&quot;created_timestamp&quot;:&quot;0&quot;,&quot;copyright&quot;:&quot;&quot;,&quot;focal_length&quot;:&quot;0&quot;,&quot;iso&quot;:&quot;0&quot;,&quot;shutter_speed&quot;:&quot;0&quot;,&quot;title&quot;:&quot;&quot;,&quot;orientation&quot;:&quot;0&quot;}\" data-image-title=\"WhatsApp Image 2023-03-10 at 10.52.37 (1)\" data-image-description=\"\" data-image-caption=\"\" data-large-file=\"https:\/\/cloud.alqueria.es\/wp-content\/uploads\/sites\/6\/2023\/03\/WhatsApp-Image-2023-03-10-at-10.52.37-1.jpeg\" \/><\/a>\n\t\t\t<\/div><\/figure><figure class='gallery-item'>\n\t\t\t<div class='gallery-icon landscape'>\n\t\t\t\t<a href='https:\/\/www.alqueria.es\/blogs\/alqueriaprimerciclo\/2023\/03\/10\/vivir-en-igualdad\/whatsapp-image-2023-03-10-at-10-52-37-2\/'><img decoding=\"async\" width=\"1024\" height=\"768\" src=\"https:\/\/cloud.alqueria.es\/wp-content\/uploads\/sites\/6\/2023\/03\/WhatsApp-Image-2023-03-10-at-10.52.37-2.jpeg\" class=\"attachment-full size-full\" alt=\"\" srcset=\"https:\/\/cloud.alqueria.es\/wp-content\/uploads\/sites\/6\/2023\/03\/WhatsApp-Image-2023-03-10-at-10.52.37-2.jpeg 1024w, https:\/\/cloud.alqueria.es\/wp-content\/uploads\/sites\/6\/2023\/03\/WhatsApp-Image-2023-03-10-at-10.52.37-2-300x225.jpeg 300w, https:\/\/cloud.alqueria.es\/wp-content\/uploads\/sites\/6\/2023\/03\/WhatsApp-Image-2023-03-10-at-10.52.37-2-768x576.jpeg 768w\" sizes=\"(max-width: 1024px) 100vw, 1024px\" data-attachment-id=\"33378\" data-permalink=\"https:\/\/www.alqueria.es\/blogs\/alqueriaprimerciclo\/2023\/03\/10\/vivir-en-igualdad\/whatsapp-image-2023-03-10-at-10-52-37-2\/\" data-orig-file=\"https:\/\/cloud.alqueria.es\/wp-content\/uploads\/sites\/6\/2023\/03\/WhatsApp-Image-2023-03-10-at-10.52.37-2.jpeg\" data-orig-size=\"1024,768\" data-comments-opened=\"1\" data-image-meta=\"{&quot;aperture&quot;:&quot;0&quot;,&quot;credit&quot;:&quot;&quot;,&quot;camera&quot;:&quot;&quot;,&quot;caption&quot;:&quot;&quot;,&quot;created_timestamp&quot;:&quot;0&quot;,&quot;copyright&quot;:&quot;&quot;,&quot;focal_length&quot;:&quot;0&quot;,&quot;iso&quot;:&quot;0&quot;,&quot;shutter_speed&quot;:&quot;0&quot;,&quot;title&quot;:&quot;&quot;,&quot;orientation&quot;:&quot;0&quot;}\" data-image-title=\"WhatsApp Image 2023-03-10 at 10.52.37 (2)\" data-image-description=\"\" data-image-caption=\"\" data-large-file=\"https:\/\/cloud.alqueria.es\/wp-content\/uploads\/sites\/6\/2023\/03\/WhatsApp-Image-2023-03-10-at-10.52.37-2.jpeg\" \/><\/a>\n\t\t\t<\/div><\/figure>\n\t\t<\/div>\n\n<p>Os dejamos algunos enlaces que hemos visto:<\/p>\n<div class=\"v1elementToProof v1ContentPasted0\"><a id=\"v1LPlnk728017\" href=\"https:\/\/youtu.be\/5yCHSKPgNlA\" target=\"_blank\" rel=\"noopener noreferrer\">https:\/\/youtu.be\/5yCHSKPgNlA<\/a><\/div>\n<div class=\"v1elementToProof v1ContentPasted0 v1ContentPasted1\"><a id=\"v1LPlnk387950\" href=\"https:\/\/youtu.be\/YBkLqPWrNkA\" target=\"_blank\" rel=\"noopener noreferrer\">https:\/\/youtu.be\/YBkLqPWrNkA<\/a><\/div>\n<div><\/div>\n<p><strong>Enrique<\/strong> nos ha regalado un mont\u00f3n de vivencias y curiosidades sobre las <strong>tortugas<\/strong>. Las tortugas como los dem\u00e1s reptiles son de sangre fr\u00eda, hibernan, les gusta el sol y por la noche y con el fr\u00edo duermen. A las tortugas de Enrique les gusta hacer la croqueta en el agua, hacen el pip\u00ed de color blanco, comen lechuga y les encanta trasportar tierra y ensuciar el agua limpita.<\/p>\n<div data-carousel-extra='{&quot;blog_id&quot;:6,&quot;permalink&quot;:&quot;https:\/\/www.alqueria.es\/blogs\/alqueriaprimerciclo\/2023\/03\/10\/vivir-en-igualdad\/&quot;}' id='gallery-5' class='gallery galleryid-33363 gallery-columns-3 gallery-size-full'><figure class='gallery-item'>\n\t\t\t<div class='gallery-icon landscape'>\n\t\t\t\t<a href='https:\/\/www.alqueria.es\/blogs\/alqueriaprimerciclo\/2023\/03\/10\/vivir-en-igualdad\/whatsapp-image-2023-03-10-at-10-52-38\/'><img decoding=\"async\" width=\"1024\" height=\"768\" src=\"https:\/\/cloud.alqueria.es\/wp-content\/uploads\/sites\/6\/2023\/03\/WhatsApp-Image-2023-03-10-at-10.52.38.jpeg\" class=\"attachment-full size-full\" alt=\"\" srcset=\"https:\/\/cloud.alqueria.es\/wp-content\/uploads\/sites\/6\/2023\/03\/WhatsApp-Image-2023-03-10-at-10.52.38.jpeg 1024w, https:\/\/cloud.alqueria.es\/wp-content\/uploads\/sites\/6\/2023\/03\/WhatsApp-Image-2023-03-10-at-10.52.38-300x225.jpeg 300w, https:\/\/cloud.alqueria.es\/wp-content\/uploads\/sites\/6\/2023\/03\/WhatsApp-Image-2023-03-10-at-10.52.38-768x576.jpeg 768w\" sizes=\"(max-width: 1024px) 100vw, 1024px\" data-attachment-id=\"33377\" data-permalink=\"https:\/\/www.alqueria.es\/blogs\/alqueriaprimerciclo\/2023\/03\/10\/vivir-en-igualdad\/whatsapp-image-2023-03-10-at-10-52-38\/\" data-orig-file=\"https:\/\/cloud.alqueria.es\/wp-content\/uploads\/sites\/6\/2023\/03\/WhatsApp-Image-2023-03-10-at-10.52.38.jpeg\" data-orig-size=\"1024,768\" data-comments-opened=\"1\" data-image-meta=\"{&quot;aperture&quot;:&quot;0&quot;,&quot;credit&quot;:&quot;&quot;,&quot;camera&quot;:&quot;&quot;,&quot;caption&quot;:&quot;&quot;,&quot;created_timestamp&quot;:&quot;0&quot;,&quot;copyright&quot;:&quot;&quot;,&quot;focal_length&quot;:&quot;0&quot;,&quot;iso&quot;:&quot;0&quot;,&quot;shutter_speed&quot;:&quot;0&quot;,&quot;title&quot;:&quot;&quot;,&quot;orientation&quot;:&quot;0&quot;}\" data-image-title=\"WhatsApp Image 2023-03-10 at 10.52.38\" data-image-description=\"\" data-image-caption=\"\" data-large-file=\"https:\/\/cloud.alqueria.es\/wp-content\/uploads\/sites\/6\/2023\/03\/WhatsApp-Image-2023-03-10-at-10.52.38.jpeg\" \/><\/a>\n\t\t\t<\/div><\/figure><figure class='gallery-item'>\n\t\t\t<div class='gallery-icon portrait'>\n\t\t\t\t<a href='https:\/\/www.alqueria.es\/blogs\/alqueriaprimerciclo\/2023\/03\/10\/vivir-en-igualdad\/whatsapp-image-2023-03-10-at-10-52-38-1\/'><img decoding=\"async\" width=\"768\" height=\"1024\" src=\"https:\/\/cloud.alqueria.es\/wp-content\/uploads\/sites\/6\/2023\/03\/WhatsApp-Image-2023-03-10-at-10.52.38-1.jpeg\" class=\"attachment-full size-full\" alt=\"\" srcset=\"https:\/\/cloud.alqueria.es\/wp-content\/uploads\/sites\/6\/2023\/03\/WhatsApp-Image-2023-03-10-at-10.52.38-1.jpeg 768w, https:\/\/cloud.alqueria.es\/wp-content\/uploads\/sites\/6\/2023\/03\/WhatsApp-Image-2023-03-10-at-10.52.38-1-225x300.jpeg 225w\" sizes=\"(max-width: 768px) 100vw, 768px\" data-attachment-id=\"33376\" data-permalink=\"https:\/\/www.alqueria.es\/blogs\/alqueriaprimerciclo\/2023\/03\/10\/vivir-en-igualdad\/whatsapp-image-2023-03-10-at-10-52-38-1\/\" data-orig-file=\"https:\/\/cloud.alqueria.es\/wp-content\/uploads\/sites\/6\/2023\/03\/WhatsApp-Image-2023-03-10-at-10.52.38-1.jpeg\" data-orig-size=\"768,1024\" data-comments-opened=\"1\" data-image-meta=\"{&quot;aperture&quot;:&quot;0&quot;,&quot;credit&quot;:&quot;&quot;,&quot;camera&quot;:&quot;&quot;,&quot;caption&quot;:&quot;&quot;,&quot;created_timestamp&quot;:&quot;0&quot;,&quot;copyright&quot;:&quot;&quot;,&quot;focal_length&quot;:&quot;0&quot;,&quot;iso&quot;:&quot;0&quot;,&quot;shutter_speed&quot;:&quot;0&quot;,&quot;title&quot;:&quot;&quot;,&quot;orientation&quot;:&quot;0&quot;}\" data-image-title=\"WhatsApp Image 2023-03-10 at 10.52.38 (1)\" data-image-description=\"\" data-image-caption=\"\" data-large-file=\"https:\/\/cloud.alqueria.es\/wp-content\/uploads\/sites\/6\/2023\/03\/WhatsApp-Image-2023-03-10-at-10.52.38-1.jpeg\" \/><\/a>\n\t\t\t<\/div><\/figure><figure class='gallery-item'>\n\t\t\t<div class='gallery-icon landscape'>\n\t\t\t\t<a href='https:\/\/www.alqueria.es\/blogs\/alqueriaprimerciclo\/2023\/03\/10\/vivir-en-igualdad\/whatsapp-image-2023-03-10-at-10-52-38-2\/'><img decoding=\"async\" width=\"1024\" height=\"768\" src=\"https:\/\/cloud.alqueria.es\/wp-content\/uploads\/sites\/6\/2023\/03\/WhatsApp-Image-2023-03-10-at-10.52.38-2.jpeg\" class=\"attachment-full size-full\" alt=\"\" srcset=\"https:\/\/cloud.alqueria.es\/wp-content\/uploads\/sites\/6\/2023\/03\/WhatsApp-Image-2023-03-10-at-10.52.38-2.jpeg 1024w, https:\/\/cloud.alqueria.es\/wp-content\/uploads\/sites\/6\/2023\/03\/WhatsApp-Image-2023-03-10-at-10.52.38-2-300x225.jpeg 300w, https:\/\/cloud.alqueria.es\/wp-content\/uploads\/sites\/6\/2023\/03\/WhatsApp-Image-2023-03-10-at-10.52.38-2-768x576.jpeg 768w\" sizes=\"(max-width: 1024px) 100vw, 1024px\" data-attachment-id=\"33375\" data-permalink=\"https:\/\/www.alqueria.es\/blogs\/alqueriaprimerciclo\/2023\/03\/10\/vivir-en-igualdad\/whatsapp-image-2023-03-10-at-10-52-38-2\/\" data-orig-file=\"https:\/\/cloud.alqueria.es\/wp-content\/uploads\/sites\/6\/2023\/03\/WhatsApp-Image-2023-03-10-at-10.52.38-2.jpeg\" data-orig-size=\"1024,768\" data-comments-opened=\"1\" data-image-meta=\"{&quot;aperture&quot;:&quot;0&quot;,&quot;credit&quot;:&quot;&quot;,&quot;camera&quot;:&quot;&quot;,&quot;caption&quot;:&quot;&quot;,&quot;created_timestamp&quot;:&quot;0&quot;,&quot;copyright&quot;:&quot;&quot;,&quot;focal_length&quot;:&quot;0&quot;,&quot;iso&quot;:&quot;0&quot;,&quot;shutter_speed&quot;:&quot;0&quot;,&quot;title&quot;:&quot;&quot;,&quot;orientation&quot;:&quot;0&quot;}\" data-image-title=\"WhatsApp Image 2023-03-10 at 10.52.38 (2)\" data-image-description=\"\" data-image-caption=\"\" data-large-file=\"https:\/\/cloud.alqueria.es\/wp-content\/uploads\/sites\/6\/2023\/03\/WhatsApp-Image-2023-03-10-at-10.52.38-2.jpeg\" \/><\/a>\n\t\t\t<\/div><\/figure>\n\t\t<\/div>\n\n<p>Tambi\u00e9n hemos dado los primeros pasos hacia el <strong>Carmen de los M\u00e1rtires<\/strong>. Ha sido una primera lluvia de idea y parece que hemos estado all\u00ed durante d\u00edas, \u00a1que cantidad de informaci\u00f3n nos han aportado!. Hemos sabido que ha sido una c\u00e1rcel en la \u00e9poca \u00e1rabe y una ermita en la \u00e9poca Cristiana, tambi\u00e9n ha sido un convento y desde 1950 es un palacete. Es el carmen m\u00e1s grande de Granada y se encuentra en el Cerro del Mauror, dentro de la Alhambra. Mide 7 hect\u00e1reas, tiene unos jardines muy grandes, huertos nazar\u00eds y animales, entre ellos, pavos reales. Hemos definido entre todos que es un carmen y que es un m\u00e1rtir.<\/p>\n<p><img decoding=\"async\" class=\"\" src=\"https:\/\/www.barcelo.com\/guia-turismo\/wp-content\/uploads\/2018\/09\/carmen-de-los-martires.jpg\" alt=\"Carmen de los M\u00e1rtires en Granada: C\u00f3mo visitarlo | Gu\u00eda Barcel\u00f3\" width=\"286\" height=\"229\" \/><\/p>\n<p>Ana nos ha propuesto hablar sobre las <strong>emociones<\/strong> y trabajarlas, para ello hemos pensado, reconocido y expuesto algunas emociones que sentimos habitualmente, despu\u00e9s les hemos intentado poner cara y as\u00ed tenerlo m\u00e1s claro a la hora de poder dibujarlas.<\/p>\n<div data-carousel-extra='{&quot;blog_id&quot;:6,&quot;permalink&quot;:&quot;https:\/\/www.alqueria.es\/blogs\/alqueriaprimerciclo\/2023\/03\/10\/vivir-en-igualdad\/&quot;}' id='gallery-6' class='gallery galleryid-33363 gallery-columns-3 gallery-size-full'><figure class='gallery-item'>\n\t\t\t<div class='gallery-icon portrait'>\n\t\t\t\t<a href='https:\/\/www.alqueria.es\/blogs\/alqueriaprimerciclo\/2023\/03\/10\/vivir-en-igualdad\/whatsapp-image-2023-03-10-at-10-52-39\/'><img decoding=\"async\" width=\"768\" height=\"1024\" src=\"https:\/\/cloud.alqueria.es\/wp-content\/uploads\/sites\/6\/2023\/03\/WhatsApp-Image-2023-03-10-at-10.52.39.jpeg\" class=\"attachment-full size-full\" alt=\"\" srcset=\"https:\/\/cloud.alqueria.es\/wp-content\/uploads\/sites\/6\/2023\/03\/WhatsApp-Image-2023-03-10-at-10.52.39.jpeg 768w, https:\/\/cloud.alqueria.es\/wp-content\/uploads\/sites\/6\/2023\/03\/WhatsApp-Image-2023-03-10-at-10.52.39-225x300.jpeg 225w\" sizes=\"(max-width: 768px) 100vw, 768px\" data-attachment-id=\"33374\" data-permalink=\"https:\/\/www.alqueria.es\/blogs\/alqueriaprimerciclo\/2023\/03\/10\/vivir-en-igualdad\/whatsapp-image-2023-03-10-at-10-52-39\/\" data-orig-file=\"https:\/\/cloud.alqueria.es\/wp-content\/uploads\/sites\/6\/2023\/03\/WhatsApp-Image-2023-03-10-at-10.52.39.jpeg\" data-orig-size=\"768,1024\" data-comments-opened=\"1\" data-image-meta=\"{&quot;aperture&quot;:&quot;0&quot;,&quot;credit&quot;:&quot;&quot;,&quot;camera&quot;:&quot;&quot;,&quot;caption&quot;:&quot;&quot;,&quot;created_timestamp&quot;:&quot;0&quot;,&quot;copyright&quot;:&quot;&quot;,&quot;focal_length&quot;:&quot;0&quot;,&quot;iso&quot;:&quot;0&quot;,&quot;shutter_speed&quot;:&quot;0&quot;,&quot;title&quot;:&quot;&quot;,&quot;orientation&quot;:&quot;0&quot;}\" data-image-title=\"WhatsApp Image 2023-03-10 at 10.52.39\" data-image-description=\"\" data-image-caption=\"\" data-large-file=\"https:\/\/cloud.alqueria.es\/wp-content\/uploads\/sites\/6\/2023\/03\/WhatsApp-Image-2023-03-10-at-10.52.39.jpeg\" \/><\/a>\n\t\t\t<\/div><\/figure><figure class='gallery-item'>\n\t\t\t<div class='gallery-icon portrait'>\n\t\t\t\t<a href='https:\/\/www.alqueria.es\/blogs\/alqueriaprimerciclo\/2023\/03\/10\/vivir-en-igualdad\/whatsapp-image-2023-03-10-at-10-52-39-1\/'><img decoding=\"async\" width=\"768\" height=\"1024\" src=\"https:\/\/cloud.alqueria.es\/wp-content\/uploads\/sites\/6\/2023\/03\/WhatsApp-Image-2023-03-10-at-10.52.39-1.jpeg\" class=\"attachment-full size-full\" alt=\"\" srcset=\"https:\/\/cloud.alqueria.es\/wp-content\/uploads\/sites\/6\/2023\/03\/WhatsApp-Image-2023-03-10-at-10.52.39-1.jpeg 768w, https:\/\/cloud.alqueria.es\/wp-content\/uploads\/sites\/6\/2023\/03\/WhatsApp-Image-2023-03-10-at-10.52.39-1-225x300.jpeg 225w\" sizes=\"(max-width: 768px) 100vw, 768px\" data-attachment-id=\"33373\" data-permalink=\"https:\/\/www.alqueria.es\/blogs\/alqueriaprimerciclo\/2023\/03\/10\/vivir-en-igualdad\/whatsapp-image-2023-03-10-at-10-52-39-1\/\" data-orig-file=\"https:\/\/cloud.alqueria.es\/wp-content\/uploads\/sites\/6\/2023\/03\/WhatsApp-Image-2023-03-10-at-10.52.39-1.jpeg\" data-orig-size=\"768,1024\" data-comments-opened=\"1\" data-image-meta=\"{&quot;aperture&quot;:&quot;0&quot;,&quot;credit&quot;:&quot;&quot;,&quot;camera&quot;:&quot;&quot;,&quot;caption&quot;:&quot;&quot;,&quot;created_timestamp&quot;:&quot;0&quot;,&quot;copyright&quot;:&quot;&quot;,&quot;focal_length&quot;:&quot;0&quot;,&quot;iso&quot;:&quot;0&quot;,&quot;shutter_speed&quot;:&quot;0&quot;,&quot;title&quot;:&quot;&quot;,&quot;orientation&quot;:&quot;0&quot;}\" data-image-title=\"WhatsApp Image 2023-03-10 at 10.52.39 (1)\" data-image-description=\"\" data-image-caption=\"\" data-large-file=\"https:\/\/cloud.alqueria.es\/wp-content\/uploads\/sites\/6\/2023\/03\/WhatsApp-Image-2023-03-10-at-10.52.39-1.jpeg\" \/><\/a>\n\t\t\t<\/div><\/figure><figure class='gallery-item'>\n\t\t\t<div class='gallery-icon portrait'>\n\t\t\t\t<a href='https:\/\/www.alqueria.es\/blogs\/alqueriaprimerciclo\/2023\/03\/10\/vivir-en-igualdad\/whatsapp-image-2023-03-10-at-10-52-39-2\/'><img decoding=\"async\" width=\"768\" height=\"1024\" src=\"https:\/\/cloud.alqueria.es\/wp-content\/uploads\/sites\/6\/2023\/03\/WhatsApp-Image-2023-03-10-at-10.52.39-2.jpeg\" class=\"attachment-full size-full\" alt=\"\" srcset=\"https:\/\/cloud.alqueria.es\/wp-content\/uploads\/sites\/6\/2023\/03\/WhatsApp-Image-2023-03-10-at-10.52.39-2.jpeg 768w, https:\/\/cloud.alqueria.es\/wp-content\/uploads\/sites\/6\/2023\/03\/WhatsApp-Image-2023-03-10-at-10.52.39-2-225x300.jpeg 225w\" sizes=\"(max-width: 768px) 100vw, 768px\" data-attachment-id=\"33372\" data-permalink=\"https:\/\/www.alqueria.es\/blogs\/alqueriaprimerciclo\/2023\/03\/10\/vivir-en-igualdad\/whatsapp-image-2023-03-10-at-10-52-39-2\/\" data-orig-file=\"https:\/\/cloud.alqueria.es\/wp-content\/uploads\/sites\/6\/2023\/03\/WhatsApp-Image-2023-03-10-at-10.52.39-2.jpeg\" data-orig-size=\"768,1024\" data-comments-opened=\"1\" data-image-meta=\"{&quot;aperture&quot;:&quot;0&quot;,&quot;credit&quot;:&quot;&quot;,&quot;camera&quot;:&quot;&quot;,&quot;caption&quot;:&quot;&quot;,&quot;created_timestamp&quot;:&quot;0&quot;,&quot;copyright&quot;:&quot;&quot;,&quot;focal_length&quot;:&quot;0&quot;,&quot;iso&quot;:&quot;0&quot;,&quot;shutter_speed&quot;:&quot;0&quot;,&quot;title&quot;:&quot;&quot;,&quot;orientation&quot;:&quot;0&quot;}\" data-image-title=\"WhatsApp Image 2023-03-10 at 10.52.39 (2)\" data-image-description=\"\" data-image-caption=\"\" data-large-file=\"https:\/\/cloud.alqueria.es\/wp-content\/uploads\/sites\/6\/2023\/03\/WhatsApp-Image-2023-03-10-at-10.52.39-2.jpeg\" \/><\/a>\n\t\t\t<\/div><\/figure>\n\t\t<\/div>\n\n<p>Os mantendremos informados sobre nuestra colaboraci\u00f3n con el vivero&#8230;para ello tendr\u00e9is que esperar.<\/p>\n<p>Buen finde tribu.<\/p>\n<p>Rosi R\u00e0fols y Tatiana Molina.<\/p>\n","protected":false},"excerpt":{"rendered":"<p>Comenzamos la semana repasando algunas min\u00fasculas y escribiendo sobre nuestros lugares favoritos, para algunos el lugar favorito ten\u00eda que ver con la persona con la que compartiera ese espacio y claro, a una se le cae la baba\u2026 Esta semana hemos vuelto a tener taller emocional y Laura nos ha hecho trabajar algunas funciones ejecutivas &hellip; <a href=\"https:\/\/www.alqueria.es\/blogs\/alqueriaprimerciclo\/2023\/03\/10\/vivir-en-igualdad\/\" class=\"more-link\">Seguir leyendo <span class=\"screen-reader-text\">Vivir en igualdad<\/span> <span class=\"meta-nav\">&rarr;<\/span><\/a><\/p>\n","protected":false},"author":12,"featured_media":0,"comment_status":"open","ping_status":"open","sticky":false,"template":"","format":"standard","meta":{"jetpack_post_was_ever_published":false,"_jetpack_newsletter_access":"","_jetpack_dont_email_post_to_subs":false,"_jetpack_newsletter_tier_id":0,"_jetpack_memberships_contains_paywalled_content":false,"_jetpack_memberships_contains_paid_content":false,"footnotes":"","jetpack_publicize_message":"","jetpack_publicize_feature_enabled":true,"jetpack_social_post_already_shared":true,"jetpack_social_options":{"image_generator_settings":{"template":"highway","default_image_id":0,"font":"","enabled":false},"version":2}},"categories":[3,174,7,9,26,167,143,11,13,1],"tags":[32,147,37,73,122,104,60],"class_list":["post-33363","post","type-post","status-publish","format-standard","hentry","category-2o-epo","category-conferencias","category-conocimiento-del-medio-2o","category-diario-de-clase-2o","category-educacion-artistica-2o","category-educacion-emocional","category-educacion-para-la-igualdad","category-juega-y-aprende","category-lecto-escritura-2o","category-sin-categoria","tag-alqueria","tag-aprendemos-de-otra-manera","tag-conferencias","tag-conocimiento-del-entorno-natural","tag-dia-de-la-mujer-8-de-marzo","tag-escritura-en-el-primer-ciclo-de-primaria","tag-primaria"],"jetpack_publicize_connections":[],"jetpack_featured_media_url":"","jetpack_sharing_enabled":true,"jetpack_shortlink":"https:\/\/wp.me\/p4lvS0-8G7","_links":{"self":[{"href":"https:\/\/www.alqueria.es\/blogs\/alqueriaprimerciclo\/wp-json\/wp\/v2\/posts\/33363","targetHints":{"allow":["GET"]}}],"collection":[{"href":"https:\/\/www.alqueria.es\/blogs\/alqueriaprimerciclo\/wp-json\/wp\/v2\/posts"}],"about":[{"href":"https:\/\/www.alqueria.es\/blogs\/alqueriaprimerciclo\/wp-json\/wp\/v2\/types\/post"}],"author":[{"embeddable":true,"href":"https:\/\/www.alqueria.es\/blogs\/alqueriaprimerciclo\/wp-json\/wp\/v2\/users\/12"}],"replies":[{"embeddable":true,"href":"https:\/\/www.alqueria.es\/blogs\/alqueriaprimerciclo\/wp-json\/wp\/v2\/comments?post=33363"}],"version-history":[{"count":10,"href":"https:\/\/www.alqueria.es\/blogs\/alqueriaprimerciclo\/wp-json\/wp\/v2\/posts\/33363\/revisions"}],"predecessor-version":[{"id":33398,"href":"https:\/\/www.alqueria.es\/blogs\/alqueriaprimerciclo\/wp-json\/wp\/v2\/posts\/33363\/revisions\/33398"}],"wp:attachment":[{"href":"https:\/\/www.alqueria.es\/blogs\/alqueriaprimerciclo\/wp-json\/wp\/v2\/media?parent=33363"}],"wp:term":[{"taxonomy":"category","embeddable":true,"href":"https:\/\/www.alqueria.es\/blogs\/alqueriaprimerciclo\/wp-json\/wp\/v2\/categories?post=33363"},{"taxonomy":"post_tag","embeddable":true,"href":"https:\/\/www.alqueria.es\/blogs\/alqueriaprimerciclo\/wp-json\/wp\/v2\/tags?post=33363"}],"curies":[{"name":"wp","href":"https:\/\/api.w.org\/{rel}","templated":true}]}}