{"id":345,"date":"2012-05-09T20:12:21","date_gmt":"2012-05-09T20:12:21","guid":{"rendered":"http:\/\/alqueriaprimerciclo.wordpress.com\/?p=345"},"modified":"2012-05-09T20:12:21","modified_gmt":"2012-05-09T20:12:21","slug":"exposicion-artistica","status":"publish","type":"post","link":"https:\/\/www.alqueria.es\/blogs\/alqueriaprimerciclo\/2012\/05\/09\/exposicion-artistica\/","title":{"rendered":"EXPOSICI\u00d3N ART\u00cdSTICA"},"content":{"rendered":"<p>La\u00a0clase de 2\u00ba ha estado trabajando un proyecto de art\u00edstica en el que se conjugan los conceptos de simetr\u00eda,el conocimiento de autores comtemporaneos,con la creatividad personal.<\/p>\n<p>Este estudio y trabajo ha dado lugar a \u00a0sorprendentes creaciones .<\/p>\n<p>Durante unos d\u00edas las pod\u00e9is ver expuestas en el tabl\u00f3n de la entrada.<\/p>\n","protected":false},"excerpt":{"rendered":"<p>La\u00a0clase de 2\u00ba ha estado trabajando un proyecto de art\u00edstica en el que se conjugan los conceptos de simetr\u00eda,el conocimiento de autores comtemporaneos,con la creatividad personal. Este estudio y trabajo ha dado lugar a \u00a0sorprendentes creaciones . Durante unos d\u00edas las pod\u00e9is ver expuestas en el tabl\u00f3n de la entrada.<\/p>\n","protected":false},"author":10,"featured_media":0,"comment_status":"open","ping_status":"open","sticky":false,"template":"","format":"standard","meta":{"jetpack_post_was_ever_published":false,"_jetpack_newsletter_access":"","_jetpack_dont_email_post_to_subs":false,"_jetpack_newsletter_tier_id":0,"_jetpack_memberships_contains_paywalled_content":false,"_jetpack_memberships_contains_paid_content":false,"footnotes":"","jetpack_publicize_message":"","jetpack_publicize_feature_enabled":true,"jetpack_social_post_already_shared":false,"jetpack_social_options":{"image_generator_settings":{"template":"highway","default_image_id":0,"font":"","enabled":false},"version":2}},"categories":[3],"tags":[],"class_list":["post-345","post","type-post","status-publish","format-standard","hentry","category-2o-epo"],"jetpack_publicize_connections":[],"jetpack_featured_media_url":"","jetpack_sharing_enabled":true,"jetpack_shortlink":"https:\/\/wp.me\/p4lvS0-5z","_links":{"self":[{"href":"https:\/\/www.alqueria.es\/blogs\/alqueriaprimerciclo\/wp-json\/wp\/v2\/posts\/345","targetHints":{"allow":["GET"]}}],"collection":[{"href":"https:\/\/www.alqueria.es\/blogs\/alqueriaprimerciclo\/wp-json\/wp\/v2\/posts"}],"about":[{"href":"https:\/\/www.alqueria.es\/blogs\/alqueriaprimerciclo\/wp-json\/wp\/v2\/types\/post"}],"author":[{"embeddable":true,"href":"https:\/\/www.alqueria.es\/blogs\/alqueriaprimerciclo\/wp-json\/wp\/v2\/users\/10"}],"replies":[{"embeddable":true,"href":"https:\/\/www.alqueria.es\/blogs\/alqueriaprimerciclo\/wp-json\/wp\/v2\/comments?post=345"}],"version-history":[{"count":0,"href":"https:\/\/www.alqueria.es\/blogs\/alqueriaprimerciclo\/wp-json\/wp\/v2\/posts\/345\/revisions"}],"wp:attachment":[{"href":"https:\/\/www.alqueria.es\/blogs\/alqueriaprimerciclo\/wp-json\/wp\/v2\/media?parent=345"}],"wp:term":[{"taxonomy":"category","embeddable":true,"href":"https:\/\/www.alqueria.es\/blogs\/alqueriaprimerciclo\/wp-json\/wp\/v2\/categories?post=345"},{"taxonomy":"post_tag","embeddable":true,"href":"https:\/\/www.alqueria.es\/blogs\/alqueriaprimerciclo\/wp-json\/wp\/v2\/tags?post=345"}],"curies":[{"name":"wp","href":"https:\/\/api.w.org\/{rel}","templated":true}]}}