{"id":34517,"date":"2023-06-02T15:25:44","date_gmt":"2023-06-02T13:25:44","guid":{"rendered":"https:\/\/www.alqueria.es\/blogs\/alqueriaprimerciclo\/?p=34517"},"modified":"2023-06-02T15:25:44","modified_gmt":"2023-06-02T13:25:44","slug":"hasta-pronto-yoga-y-talleres","status":"publish","type":"post","link":"https:\/\/www.alqueria.es\/blogs\/alqueriaprimerciclo\/2023\/06\/02\/hasta-pronto-yoga-y-talleres\/","title":{"rendered":"Hasta pronto yoga y talleres"},"content":{"rendered":"<p>Se acerca el final del curso y de la misma manera llega el final de diferentes talleres y actividades.<\/p>\n<p>Una de las m\u00e1s nutritivas es el <strong>YOGA<\/strong>.<\/p>\n<p>El yoga es una pr\u00e1ctica que genera t\u00e9cnicas de respiraci\u00f3n, posturas f\u00edsicas y meditaci\u00f3n para lograr un equilibrio f\u00edsico, mental y emocional.<\/p>\n<p><img decoding=\"async\" data-attachment-id=\"34537\" data-permalink=\"https:\/\/www.alqueria.es\/blogs\/alqueriaprimerciclo\/2023\/06\/02\/hasta-pronto-yoga-y-talleres\/whatsapp-image-2023-06-02-at-13-08-33\/\" data-orig-file=\"https:\/\/cloud.alqueria.es\/wp-content\/uploads\/sites\/6\/2023\/06\/WhatsApp-Image-2023-06-02-at-13.08.33.jpeg\" data-orig-size=\"1024,576\" data-comments-opened=\"1\" data-image-meta=\"{&quot;aperture&quot;:&quot;0&quot;,&quot;credit&quot;:&quot;&quot;,&quot;camera&quot;:&quot;&quot;,&quot;caption&quot;:&quot;&quot;,&quot;created_timestamp&quot;:&quot;0&quot;,&quot;copyright&quot;:&quot;&quot;,&quot;focal_length&quot;:&quot;0&quot;,&quot;iso&quot;:&quot;0&quot;,&quot;shutter_speed&quot;:&quot;0&quot;,&quot;title&quot;:&quot;&quot;,&quot;orientation&quot;:&quot;0&quot;}\" data-image-title=\"WhatsApp Image 2023-06-02 at 13.08.33\" data-image-description=\"\" data-image-caption=\"\" data-large-file=\"https:\/\/cloud.alqueria.es\/wp-content\/uploads\/sites\/6\/2023\/06\/WhatsApp-Image-2023-06-02-at-13.08.33.jpeg\" class=\"alignnone size-medium wp-image-34537\" src=\"https:\/\/cloud.alqueria.es\/wp-content\/uploads\/sites\/6\/2023\/06\/WhatsApp-Image-2023-06-02-at-13.08.33-300x169.jpeg\" alt=\"\" width=\"300\" height=\"169\" srcset=\"https:\/\/cloud.alqueria.es\/wp-content\/uploads\/sites\/6\/2023\/06\/WhatsApp-Image-2023-06-02-at-13.08.33-300x169.jpeg 300w, https:\/\/cloud.alqueria.es\/wp-content\/uploads\/sites\/6\/2023\/06\/WhatsApp-Image-2023-06-02-at-13.08.33-768x432.jpeg 768w, https:\/\/cloud.alqueria.es\/wp-content\/uploads\/sites\/6\/2023\/06\/WhatsApp-Image-2023-06-02-at-13.08.33.jpeg 1024w\" sizes=\"(max-width: 300px) 100vw, 300px\" \/><\/p>\n<p>Introducir el yoga en las primeras edades puede tener un impacto significativo en su desarrollo f\u00edsico, mental y emocional. Esta pr\u00e1ctica les brinda herramientas para enfrentar los desaf\u00edos diarios, promoviendo la salud integral y mejorando su bienestar general. Al incluir el yoga en el curr\u00edculo escolar, se les proporciona a los ni\u00f1os una base s\u00f3lida para el autocuidado, la autorregulaci\u00f3n emocional y el crecimiento personal.<\/p>\n<p><img decoding=\"async\" data-attachment-id=\"34536\" data-permalink=\"https:\/\/www.alqueria.es\/blogs\/alqueriaprimerciclo\/2023\/06\/02\/hasta-pronto-yoga-y-talleres\/whatsapp-image-2023-06-02-at-13-08-33-1\/\" data-orig-file=\"https:\/\/cloud.alqueria.es\/wp-content\/uploads\/sites\/6\/2023\/06\/WhatsApp-Image-2023-06-02-at-13.08.33-1.jpeg\" data-orig-size=\"1024,576\" data-comments-opened=\"1\" data-image-meta=\"{&quot;aperture&quot;:&quot;0&quot;,&quot;credit&quot;:&quot;&quot;,&quot;camera&quot;:&quot;&quot;,&quot;caption&quot;:&quot;&quot;,&quot;created_timestamp&quot;:&quot;0&quot;,&quot;copyright&quot;:&quot;&quot;,&quot;focal_length&quot;:&quot;0&quot;,&quot;iso&quot;:&quot;0&quot;,&quot;shutter_speed&quot;:&quot;0&quot;,&quot;title&quot;:&quot;&quot;,&quot;orientation&quot;:&quot;0&quot;}\" data-image-title=\"WhatsApp Image 2023-06-02 at 13.08.33 (1)\" data-image-description=\"\" data-image-caption=\"\" data-large-file=\"https:\/\/cloud.alqueria.es\/wp-content\/uploads\/sites\/6\/2023\/06\/WhatsApp-Image-2023-06-02-at-13.08.33-1.jpeg\" class=\"alignnone size-medium wp-image-34536\" src=\"https:\/\/cloud.alqueria.es\/wp-content\/uploads\/sites\/6\/2023\/06\/WhatsApp-Image-2023-06-02-at-13.08.33-1-300x169.jpeg\" alt=\"\" width=\"300\" height=\"169\" srcset=\"https:\/\/cloud.alqueria.es\/wp-content\/uploads\/sites\/6\/2023\/06\/WhatsApp-Image-2023-06-02-at-13.08.33-1-300x169.jpeg 300w, https:\/\/cloud.alqueria.es\/wp-content\/uploads\/sites\/6\/2023\/06\/WhatsApp-Image-2023-06-02-at-13.08.33-1-768x432.jpeg 768w, https:\/\/cloud.alqueria.es\/wp-content\/uploads\/sites\/6\/2023\/06\/WhatsApp-Image-2023-06-02-at-13.08.33-1.jpeg 1024w\" sizes=\"(max-width: 300px) 100vw, 300px\" \/><\/p>\n<p>Algunos de los beneficios que nos aporta son:<\/p>\n<p>&#8211; Mejora de la flexibilidad y el equilibrio.<br \/>\n&#8211; Fortalecimiento del sistema inmunol\u00f3gico.<br \/>\n&#8211; Desarrollo de la conciencia corporal y postural.<br \/>\n&#8211; Reducci\u00f3n del estr\u00e9s y la ansiedad.<br \/>\n&#8211; Mejora de la concentraci\u00f3n y el enfoque.<br \/>\n&#8211; Fomento de la relajaci\u00f3n y la gesti\u00f3n emocional.<br \/>\n&#8211; Fomento de la empat\u00eda y la compasi\u00f3n hacia los dem\u00e1s.<br \/>\n&#8211; Mejora de las habilidades de comunicaci\u00f3n y trabajo en equipo.<br \/>\n&#8211; Creaci\u00f3n de un ambiente de respeto y cooperaci\u00f3n.<br \/>\n&#8211; Estimulaci\u00f3n de la memoria y la atenci\u00f3n.<br \/>\n&#8211; Mejora de la creatividad y la imaginaci\u00f3n.<br \/>\n&#8211; Potenciaci\u00f3n del pensamiento cr\u00edtico y la resoluci\u00f3n de problemas.<br \/>\n&#8211; Aprendizaje de t\u00e9cnicas de relajaci\u00f3n y manejo del estr\u00e9s.<br \/>\n&#8211; Desarrollo de una actitud positiva y resiliente.<br \/>\n&#8211; Fomento de la autoestima y la confianza en uno mismo.<\/p>\n<p><img decoding=\"async\" data-attachment-id=\"34535\" data-permalink=\"https:\/\/www.alqueria.es\/blogs\/alqueriaprimerciclo\/2023\/06\/02\/hasta-pronto-yoga-y-talleres\/whatsapp-image-2023-06-02-at-13-08-33-2\/\" data-orig-file=\"https:\/\/cloud.alqueria.es\/wp-content\/uploads\/sites\/6\/2023\/06\/WhatsApp-Image-2023-06-02-at-13.08.33-2.jpeg\" data-orig-size=\"1024,576\" data-comments-opened=\"1\" data-image-meta=\"{&quot;aperture&quot;:&quot;0&quot;,&quot;credit&quot;:&quot;&quot;,&quot;camera&quot;:&quot;&quot;,&quot;caption&quot;:&quot;&quot;,&quot;created_timestamp&quot;:&quot;0&quot;,&quot;copyright&quot;:&quot;&quot;,&quot;focal_length&quot;:&quot;0&quot;,&quot;iso&quot;:&quot;0&quot;,&quot;shutter_speed&quot;:&quot;0&quot;,&quot;title&quot;:&quot;&quot;,&quot;orientation&quot;:&quot;0&quot;}\" data-image-title=\"WhatsApp Image 2023-06-02 at 13.08.33 (2)\" data-image-description=\"\" data-image-caption=\"\" data-large-file=\"https:\/\/cloud.alqueria.es\/wp-content\/uploads\/sites\/6\/2023\/06\/WhatsApp-Image-2023-06-02-at-13.08.33-2.jpeg\" class=\"alignnone size-medium wp-image-34535\" src=\"https:\/\/cloud.alqueria.es\/wp-content\/uploads\/sites\/6\/2023\/06\/WhatsApp-Image-2023-06-02-at-13.08.33-2-300x169.jpeg\" alt=\"\" width=\"300\" height=\"169\" srcset=\"https:\/\/cloud.alqueria.es\/wp-content\/uploads\/sites\/6\/2023\/06\/WhatsApp-Image-2023-06-02-at-13.08.33-2-300x169.jpeg 300w, https:\/\/cloud.alqueria.es\/wp-content\/uploads\/sites\/6\/2023\/06\/WhatsApp-Image-2023-06-02-at-13.08.33-2-768x432.jpeg 768w, https:\/\/cloud.alqueria.es\/wp-content\/uploads\/sites\/6\/2023\/06\/WhatsApp-Image-2023-06-02-at-13.08.33-2.jpeg 1024w\" sizes=\"(max-width: 300px) 100vw, 300px\" \/><\/p>\n<p>En definitiva, la introducci\u00f3n del yoga en el \u00e1mbito escolar, representa una oportunidad invaluable para su desarrollo integral y su preparaci\u00f3n para afrontar los retos de la vida de manera saludable y equilibrada.<\/p>\n<p><img decoding=\"async\" data-attachment-id=\"34534\" data-permalink=\"https:\/\/www.alqueria.es\/blogs\/alqueriaprimerciclo\/2023\/06\/02\/hasta-pronto-yoga-y-talleres\/whatsapp-image-2023-06-02-at-13-08-33-3\/\" data-orig-file=\"https:\/\/cloud.alqueria.es\/wp-content\/uploads\/sites\/6\/2023\/06\/WhatsApp-Image-2023-06-02-at-13.08.33-3.jpeg\" data-orig-size=\"1024,576\" data-comments-opened=\"1\" data-image-meta=\"{&quot;aperture&quot;:&quot;0&quot;,&quot;credit&quot;:&quot;&quot;,&quot;camera&quot;:&quot;&quot;,&quot;caption&quot;:&quot;&quot;,&quot;created_timestamp&quot;:&quot;0&quot;,&quot;copyright&quot;:&quot;&quot;,&quot;focal_length&quot;:&quot;0&quot;,&quot;iso&quot;:&quot;0&quot;,&quot;shutter_speed&quot;:&quot;0&quot;,&quot;title&quot;:&quot;&quot;,&quot;orientation&quot;:&quot;0&quot;}\" data-image-title=\"WhatsApp Image 2023-06-02 at 13.08.33 (3)\" data-image-description=\"\" data-image-caption=\"\" data-large-file=\"https:\/\/cloud.alqueria.es\/wp-content\/uploads\/sites\/6\/2023\/06\/WhatsApp-Image-2023-06-02-at-13.08.33-3.jpeg\" class=\"alignnone size-medium wp-image-34534\" src=\"https:\/\/cloud.alqueria.es\/wp-content\/uploads\/sites\/6\/2023\/06\/WhatsApp-Image-2023-06-02-at-13.08.33-3-300x169.jpeg\" alt=\"\" width=\"300\" height=\"169\" srcset=\"https:\/\/cloud.alqueria.es\/wp-content\/uploads\/sites\/6\/2023\/06\/WhatsApp-Image-2023-06-02-at-13.08.33-3-300x169.jpeg 300w, https:\/\/cloud.alqueria.es\/wp-content\/uploads\/sites\/6\/2023\/06\/WhatsApp-Image-2023-06-02-at-13.08.33-3-768x432.jpeg 768w, https:\/\/cloud.alqueria.es\/wp-content\/uploads\/sites\/6\/2023\/06\/WhatsApp-Image-2023-06-02-at-13.08.33-3.jpeg 1024w\" sizes=\"(max-width: 300px) 100vw, 300px\" \/><\/p>\n<p>Otro de los talleres que llega a su fin es el de <strong>AJEDREZ<\/strong>, este juego milenario que se ha jugado y apreciado en todo el mundo durante siglos, adem\u00e1s de ser un juego entretenido, jugar al ajedrez en la educaci\u00f3n primaria ofrece a los ni\u00f1os una amplia gama de beneficios: Estimula su desarrollo cognitivo, mejora su concentraci\u00f3n, promueve habilidades sociales y emocionales, y fomenta el pensamiento cr\u00edtico y creativo. Adem\u00e1s, el ajedrez es un juego divertido y desafiante que puede despertar el inter\u00e9s y la pasi\u00f3n por el aprendizaje. Como resultado, incorporar el ajedrez en el curr\u00edculo escolar puede tener un impacto positivo en el desarrollo integral de los ni\u00f1os.<\/p>\n<p><img decoding=\"async\" src=\"https:\/\/img.freepik.com\/vector-premium\/ilustracion-vector-nino-jugando-al-ajedrez_29937-1607.jpg?w=2000\" alt=\"Ilustraci\u00f3n de vector de un ni\u00f1o jugando al ajedrez | Vector ...\" \/><\/p>\n<ul>\n<li>Desarrollo del pensamiento cr\u00edtico: El ajedrez es un juego que requiere an\u00e1lisis, planificaci\u00f3n y toma de decisiones estrat\u00e9gicas. Al jugar al ajedrez, los ni\u00f1os deben evaluar diferentes movimientos, anticipar las consecuencias y desarrollar habilidades para resolver problemas. Esto estimula su pensamiento cr\u00edtico y les ense\u00f1a a tomar decisiones informadas.<\/li>\n<li>Mejora de la concentraci\u00f3n y la atenci\u00f3n: El ajedrez exige una concentraci\u00f3n profunda y sostenida durante toda la partida. Los ni\u00f1os aprenden a enfocar su atenci\u00f3n en el tablero y a evitar distracciones externas. Esta habilidad de concentraci\u00f3n se puede transferir a otras \u00e1reas de la vida acad\u00e9mica y personal.<\/li>\n<li>Fomento de la paciencia y la perseverancia: El ajedrez es un juego que requiere paciencia y perseverancia. Los ni\u00f1os aprenden a esperar su turno, a pensar antes de actuar y a enfrentar desaf\u00edos sin rendirse.<\/li>\n<li>Estimulaci\u00f3n del desarrollo cognitivo: El ajedrez es un ejercicio mental completo. Jugarlo estimula el desarrollo de habilidades cognitivas como el razonamiento l\u00f3gico, la memoria, la atenci\u00f3n y la planificaci\u00f3n. Estas habilidades cognitivas se transfieren a otras \u00e1reas acad\u00e9micas, mejorando el rendimiento escolar en general.<\/li>\n<li>Fomento de la creatividad y la imaginaci\u00f3n: El ajedrez es un juego que requiere creatividad e imaginaci\u00f3n. Los ni\u00f1os pueden experimentar con diferentes estrategias y movimientos, explorando nuevas ideas y soluciones.<\/li>\n<li>Promoci\u00f3n de habilidades sociales y emocionales: El ajedrez se puede jugar de forma individual o en equipo, lo que fomenta habilidades sociales como la cooperaci\u00f3n, la comunicaci\u00f3n y el respeto.<\/li>\n<\/ul>\n<p><img decoding=\"async\" src=\"https:\/\/w7.pngwing.com\/pngs\/26\/692\/png-transparent-children-play-chess.png\" alt=\"Ni\u00f1os de ajedrez png im\u00e1genes | PNGWing\" \/><\/p>\n<p>Tambi\u00e9n hemos llevado a cabo nuestra \u00faltima <strong>SALIDA A LA VEGA,<\/strong> con ella hemos continuado con la labor de despertar ese sentido de cuidado de la naturaleza, a lo largo de nuestro recorrido hemos encontrado diferentes restos de basura, algunos de gran tama\u00f1o, ello nos ha invitado a detenernos y valorar los da\u00f1os que puede ocasionar y donde poder llevar esos restos para que el media sufra lo menos posible.<\/p>\n<p><img decoding=\"async\" data-attachment-id=\"34530\" data-permalink=\"https:\/\/www.alqueria.es\/blogs\/alqueriaprimerciclo\/2023\/06\/02\/hasta-pronto-yoga-y-talleres\/whatsapp-image-2023-06-02-at-13-00-07-2\/\" data-orig-file=\"https:\/\/cloud.alqueria.es\/wp-content\/uploads\/sites\/6\/2023\/06\/WhatsApp-Image-2023-06-02-at-13.00.07-2.jpeg\" data-orig-size=\"1024,768\" data-comments-opened=\"1\" data-image-meta=\"{&quot;aperture&quot;:&quot;0&quot;,&quot;credit&quot;:&quot;&quot;,&quot;camera&quot;:&quot;&quot;,&quot;caption&quot;:&quot;&quot;,&quot;created_timestamp&quot;:&quot;0&quot;,&quot;copyright&quot;:&quot;&quot;,&quot;focal_length&quot;:&quot;0&quot;,&quot;iso&quot;:&quot;0&quot;,&quot;shutter_speed&quot;:&quot;0&quot;,&quot;title&quot;:&quot;&quot;,&quot;orientation&quot;:&quot;0&quot;}\" data-image-title=\"WhatsApp Image 2023-06-02 at 13.00.07 (2)\" data-image-description=\"\" data-image-caption=\"\" data-large-file=\"https:\/\/cloud.alqueria.es\/wp-content\/uploads\/sites\/6\/2023\/06\/WhatsApp-Image-2023-06-02-at-13.00.07-2.jpeg\" class=\"alignnone size-medium wp-image-34530\" src=\"https:\/\/cloud.alqueria.es\/wp-content\/uploads\/sites\/6\/2023\/06\/WhatsApp-Image-2023-06-02-at-13.00.07-2-300x225.jpeg\" alt=\"\" width=\"300\" height=\"225\" srcset=\"https:\/\/cloud.alqueria.es\/wp-content\/uploads\/sites\/6\/2023\/06\/WhatsApp-Image-2023-06-02-at-13.00.07-2-300x225.jpeg 300w, https:\/\/cloud.alqueria.es\/wp-content\/uploads\/sites\/6\/2023\/06\/WhatsApp-Image-2023-06-02-at-13.00.07-2-768x576.jpeg 768w, https:\/\/cloud.alqueria.es\/wp-content\/uploads\/sites\/6\/2023\/06\/WhatsApp-Image-2023-06-02-at-13.00.07-2.jpeg 1024w\" sizes=\"(max-width: 300px) 100vw, 300px\" \/><\/p>\n<p><img decoding=\"async\" data-attachment-id=\"34529\" data-permalink=\"https:\/\/www.alqueria.es\/blogs\/alqueriaprimerciclo\/2023\/06\/02\/hasta-pronto-yoga-y-talleres\/whatsapp-image-2023-06-02-at-13-00-07-3\/\" data-orig-file=\"https:\/\/cloud.alqueria.es\/wp-content\/uploads\/sites\/6\/2023\/06\/WhatsApp-Image-2023-06-02-at-13.00.07-3.jpeg\" data-orig-size=\"1024,768\" data-comments-opened=\"1\" data-image-meta=\"{&quot;aperture&quot;:&quot;0&quot;,&quot;credit&quot;:&quot;&quot;,&quot;camera&quot;:&quot;&quot;,&quot;caption&quot;:&quot;&quot;,&quot;created_timestamp&quot;:&quot;0&quot;,&quot;copyright&quot;:&quot;&quot;,&quot;focal_length&quot;:&quot;0&quot;,&quot;iso&quot;:&quot;0&quot;,&quot;shutter_speed&quot;:&quot;0&quot;,&quot;title&quot;:&quot;&quot;,&quot;orientation&quot;:&quot;0&quot;}\" data-image-title=\"WhatsApp Image 2023-06-02 at 13.00.07 (3)\" data-image-description=\"\" data-image-caption=\"\" data-large-file=\"https:\/\/cloud.alqueria.es\/wp-content\/uploads\/sites\/6\/2023\/06\/WhatsApp-Image-2023-06-02-at-13.00.07-3.jpeg\" class=\"alignnone size-medium wp-image-34529\" src=\"https:\/\/cloud.alqueria.es\/wp-content\/uploads\/sites\/6\/2023\/06\/WhatsApp-Image-2023-06-02-at-13.00.07-3-300x225.jpeg\" alt=\"\" width=\"300\" height=\"225\" srcset=\"https:\/\/cloud.alqueria.es\/wp-content\/uploads\/sites\/6\/2023\/06\/WhatsApp-Image-2023-06-02-at-13.00.07-3-300x225.jpeg 300w, https:\/\/cloud.alqueria.es\/wp-content\/uploads\/sites\/6\/2023\/06\/WhatsApp-Image-2023-06-02-at-13.00.07-3-768x576.jpeg 768w, https:\/\/cloud.alqueria.es\/wp-content\/uploads\/sites\/6\/2023\/06\/WhatsApp-Image-2023-06-02-at-13.00.07-3.jpeg 1024w\" sizes=\"(max-width: 300px) 100vw, 300px\" \/><\/p>\n<p>Adem\u00e1s hemos conocido diferentes plantas y arboles que nos rodean, algunos animalillos que viven en este entorno, entre ellos hasta una culebra y nos hemos cruzado con Flamenco y Miguelete, a los que hemos saludado y que son caballos en los que la policia vigila que todo est\u00e9 en orden.<\/p>\n<p><img decoding=\"async\" data-attachment-id=\"34528\" data-permalink=\"https:\/\/www.alqueria.es\/blogs\/alqueriaprimerciclo\/2023\/06\/02\/hasta-pronto-yoga-y-talleres\/whatsapp-image-2023-06-02-at-13-00-07-4\/\" data-orig-file=\"https:\/\/cloud.alqueria.es\/wp-content\/uploads\/sites\/6\/2023\/06\/WhatsApp-Image-2023-06-02-at-13.00.07-4.jpeg\" data-orig-size=\"1024,768\" data-comments-opened=\"1\" data-image-meta=\"{&quot;aperture&quot;:&quot;0&quot;,&quot;credit&quot;:&quot;&quot;,&quot;camera&quot;:&quot;&quot;,&quot;caption&quot;:&quot;&quot;,&quot;created_timestamp&quot;:&quot;0&quot;,&quot;copyright&quot;:&quot;&quot;,&quot;focal_length&quot;:&quot;0&quot;,&quot;iso&quot;:&quot;0&quot;,&quot;shutter_speed&quot;:&quot;0&quot;,&quot;title&quot;:&quot;&quot;,&quot;orientation&quot;:&quot;0&quot;}\" data-image-title=\"WhatsApp Image 2023-06-02 at 13.00.07 (4)\" data-image-description=\"\" data-image-caption=\"\" data-large-file=\"https:\/\/cloud.alqueria.es\/wp-content\/uploads\/sites\/6\/2023\/06\/WhatsApp-Image-2023-06-02-at-13.00.07-4.jpeg\" class=\"alignnone size-medium wp-image-34528\" src=\"https:\/\/cloud.alqueria.es\/wp-content\/uploads\/sites\/6\/2023\/06\/WhatsApp-Image-2023-06-02-at-13.00.07-4-300x225.jpeg\" alt=\"\" width=\"300\" height=\"225\" srcset=\"https:\/\/cloud.alqueria.es\/wp-content\/uploads\/sites\/6\/2023\/06\/WhatsApp-Image-2023-06-02-at-13.00.07-4-300x225.jpeg 300w, https:\/\/cloud.alqueria.es\/wp-content\/uploads\/sites\/6\/2023\/06\/WhatsApp-Image-2023-06-02-at-13.00.07-4-768x576.jpeg 768w, https:\/\/cloud.alqueria.es\/wp-content\/uploads\/sites\/6\/2023\/06\/WhatsApp-Image-2023-06-02-at-13.00.07-4.jpeg 1024w\" sizes=\"(max-width: 300px) 100vw, 300px\" \/><img decoding=\"async\" data-attachment-id=\"34500\" data-permalink=\"https:\/\/www.alqueria.es\/blogs\/alqueriaprimerciclo\/2023\/06\/04\/culturas-del-mundo-en-la-fiesta-fin-de-curso\/img-20230530-wa0017\/\" data-orig-file=\"https:\/\/cloud.alqueria.es\/wp-content\/uploads\/sites\/6\/2023\/05\/IMG-20230530-WA0017.jpg\" data-orig-size=\"1600,1200\" data-comments-opened=\"1\" data-image-meta=\"{&quot;aperture&quot;:&quot;0&quot;,&quot;credit&quot;:&quot;&quot;,&quot;camera&quot;:&quot;&quot;,&quot;caption&quot;:&quot;&quot;,&quot;created_timestamp&quot;:&quot;0&quot;,&quot;copyright&quot;:&quot;&quot;,&quot;focal_length&quot;:&quot;0&quot;,&quot;iso&quot;:&quot;0&quot;,&quot;shutter_speed&quot;:&quot;0&quot;,&quot;title&quot;:&quot;&quot;,&quot;orientation&quot;:&quot;0&quot;}\" data-image-title=\"IMG-20230530-WA0017\" data-image-description=\"\" data-image-caption=\"\" data-large-file=\"https:\/\/cloud.alqueria.es\/wp-content\/uploads\/sites\/6\/2023\/05\/IMG-20230530-WA0017-1024x768.jpg\" class=\"alignnone size-medium wp-image-34500\" src=\"https:\/\/cloud.alqueria.es\/wp-content\/uploads\/sites\/6\/2023\/05\/IMG-20230530-WA0017-300x225.jpg\" alt=\"\" width=\"300\" height=\"225\" srcset=\"https:\/\/cloud.alqueria.es\/wp-content\/uploads\/sites\/6\/2023\/05\/IMG-20230530-WA0017-300x225.jpg 300w, https:\/\/cloud.alqueria.es\/wp-content\/uploads\/sites\/6\/2023\/05\/IMG-20230530-WA0017-1024x768.jpg 1024w, https:\/\/cloud.alqueria.es\/wp-content\/uploads\/sites\/6\/2023\/05\/IMG-20230530-WA0017-768x576.jpg 768w, https:\/\/cloud.alqueria.es\/wp-content\/uploads\/sites\/6\/2023\/05\/IMG-20230530-WA0017-1536x1152.jpg 1536w, https:\/\/cloud.alqueria.es\/wp-content\/uploads\/sites\/6\/2023\/05\/IMG-20230530-WA0017.jpg 1600w\" sizes=\"(max-width: 300px) 100vw, 300px\" \/><\/p>\n<p>Tambi\u00e9n hemos visto un huerto solar y por supuesto hemos tenido nuestro rato libre de exploraci\u00f3n donde tambi\u00e9n hemos podido encontrar minerales.<\/p>\n<div data-carousel-extra='{&quot;blog_id&quot;:6,&quot;permalink&quot;:&quot;https:\/\/www.alqueria.es\/blogs\/alqueriaprimerciclo\/2023\/06\/02\/hasta-pronto-yoga-y-talleres\/&quot;}' id='gallery-1' class='gallery galleryid-34517 gallery-columns-3 gallery-size-full'><figure class='gallery-item'>\n\t\t\t<div class='gallery-icon portrait'>\n\t\t\t\t<a href='https:\/\/www.alqueria.es\/blogs\/alqueriaprimerciclo\/2023\/06\/02\/hasta-pronto-yoga-y-talleres\/whatsapp-image-2023-06-02-at-13-00-07\/'><img decoding=\"async\" width=\"768\" height=\"1024\" src=\"https:\/\/cloud.alqueria.es\/wp-content\/uploads\/sites\/6\/2023\/06\/WhatsApp-Image-2023-06-02-at-13.00.07.jpeg\" class=\"attachment-full size-full\" alt=\"\" srcset=\"https:\/\/cloud.alqueria.es\/wp-content\/uploads\/sites\/6\/2023\/06\/WhatsApp-Image-2023-06-02-at-13.00.07.jpeg 768w, https:\/\/cloud.alqueria.es\/wp-content\/uploads\/sites\/6\/2023\/06\/WhatsApp-Image-2023-06-02-at-13.00.07-225x300.jpeg 225w\" sizes=\"(max-width: 768px) 100vw, 768px\" data-attachment-id=\"34532\" data-permalink=\"https:\/\/www.alqueria.es\/blogs\/alqueriaprimerciclo\/2023\/06\/02\/hasta-pronto-yoga-y-talleres\/whatsapp-image-2023-06-02-at-13-00-07\/\" data-orig-file=\"https:\/\/cloud.alqueria.es\/wp-content\/uploads\/sites\/6\/2023\/06\/WhatsApp-Image-2023-06-02-at-13.00.07.jpeg\" data-orig-size=\"768,1024\" data-comments-opened=\"1\" data-image-meta=\"{&quot;aperture&quot;:&quot;0&quot;,&quot;credit&quot;:&quot;&quot;,&quot;camera&quot;:&quot;&quot;,&quot;caption&quot;:&quot;&quot;,&quot;created_timestamp&quot;:&quot;0&quot;,&quot;copyright&quot;:&quot;&quot;,&quot;focal_length&quot;:&quot;0&quot;,&quot;iso&quot;:&quot;0&quot;,&quot;shutter_speed&quot;:&quot;0&quot;,&quot;title&quot;:&quot;&quot;,&quot;orientation&quot;:&quot;0&quot;}\" data-image-title=\"WhatsApp Image 2023-06-02 at 13.00.07\" data-image-description=\"\" data-image-caption=\"\" data-large-file=\"https:\/\/cloud.alqueria.es\/wp-content\/uploads\/sites\/6\/2023\/06\/WhatsApp-Image-2023-06-02-at-13.00.07.jpeg\" \/><\/a>\n\t\t\t<\/div><\/figure><figure class='gallery-item'>\n\t\t\t<div class='gallery-icon landscape'>\n\t\t\t\t<a href='https:\/\/www.alqueria.es\/blogs\/alqueriaprimerciclo\/2023\/06\/02\/hasta-pronto-yoga-y-talleres\/whatsapp-image-2023-06-02-at-13-00-07-1\/'><img decoding=\"async\" width=\"1024\" height=\"768\" src=\"https:\/\/cloud.alqueria.es\/wp-content\/uploads\/sites\/6\/2023\/06\/WhatsApp-Image-2023-06-02-at-13.00.07-1.jpeg\" class=\"attachment-full size-full\" alt=\"\" srcset=\"https:\/\/cloud.alqueria.es\/wp-content\/uploads\/sites\/6\/2023\/06\/WhatsApp-Image-2023-06-02-at-13.00.07-1.jpeg 1024w, https:\/\/cloud.alqueria.es\/wp-content\/uploads\/sites\/6\/2023\/06\/WhatsApp-Image-2023-06-02-at-13.00.07-1-300x225.jpeg 300w, https:\/\/cloud.alqueria.es\/wp-content\/uploads\/sites\/6\/2023\/06\/WhatsApp-Image-2023-06-02-at-13.00.07-1-768x576.jpeg 768w\" sizes=\"(max-width: 1024px) 100vw, 1024px\" data-attachment-id=\"34531\" data-permalink=\"https:\/\/www.alqueria.es\/blogs\/alqueriaprimerciclo\/2023\/06\/02\/hasta-pronto-yoga-y-talleres\/whatsapp-image-2023-06-02-at-13-00-07-1\/\" data-orig-file=\"https:\/\/cloud.alqueria.es\/wp-content\/uploads\/sites\/6\/2023\/06\/WhatsApp-Image-2023-06-02-at-13.00.07-1.jpeg\" data-orig-size=\"1024,768\" data-comments-opened=\"1\" data-image-meta=\"{&quot;aperture&quot;:&quot;0&quot;,&quot;credit&quot;:&quot;&quot;,&quot;camera&quot;:&quot;&quot;,&quot;caption&quot;:&quot;&quot;,&quot;created_timestamp&quot;:&quot;0&quot;,&quot;copyright&quot;:&quot;&quot;,&quot;focal_length&quot;:&quot;0&quot;,&quot;iso&quot;:&quot;0&quot;,&quot;shutter_speed&quot;:&quot;0&quot;,&quot;title&quot;:&quot;&quot;,&quot;orientation&quot;:&quot;0&quot;}\" data-image-title=\"WhatsApp Image 2023-06-02 at 13.00.07 (1)\" data-image-description=\"\" data-image-caption=\"\" data-large-file=\"https:\/\/cloud.alqueria.es\/wp-content\/uploads\/sites\/6\/2023\/06\/WhatsApp-Image-2023-06-02-at-13.00.07-1.jpeg\" \/><\/a>\n\t\t\t<\/div><\/figure>\n\t\t<\/div>\n\n<p>Como sab\u00e9is, os hemos pedido que traig\u00e1is desechos derivados de la alimentaci\u00f3n cotidiana, especialmente material inorg\u00e1nico, tapaderas de yogurt, envases diversos, tapones de pl\u00e1stico o metal, c\u00e1psulas de caf\u00e9&#8230;.<\/p>\n<p>La actividad llamada <strong>\u00abUna comida especial\u00bb<\/strong>, propone una comida figurada con la que pensar en las consecuencias del consumo excesivo, los desechos que se generan y el consecuente deterioro de nuestro entorno natural, de ah\u00ed la importancia del RECICLAJE.<\/p>\n<p><img decoding=\"async\" src=\"https:\/\/www.fida.es\/wp-content\/uploads\/2019\/02\/reciclaje-de-residuos.jpg\" alt=\"El c\u00f3mo y el por qu\u00e9 del reciclaje - FIDA\" \/><\/p>\n<p>No quiero pasar por alto las grandes comunicaciones que hemos tenido sobre <strong>minerales<\/strong>, con ellas adem\u00e1s de profundizar en esta tem\u00e1tica, hemos podido tomar conciencia de todo lo que hemos avanzado en nuestra manera de aprender y expresarnos en p\u00fablico.<\/p>\n<div data-carousel-extra='{&quot;blog_id&quot;:6,&quot;permalink&quot;:&quot;https:\/\/www.alqueria.es\/blogs\/alqueriaprimerciclo\/2023\/06\/02\/hasta-pronto-yoga-y-talleres\/&quot;}' id='gallery-2' class='gallery galleryid-34517 gallery-columns-3 gallery-size-full'><figure class='gallery-item'>\n\t\t\t<div class='gallery-icon portrait'>\n\t\t\t\t<a href='https:\/\/www.alqueria.es\/blogs\/alqueriaprimerciclo\/2023\/06\/02\/hasta-pronto-yoga-y-talleres\/whatsapp-image-2023-06-02-at-13-00-07-5\/'><img decoding=\"async\" width=\"768\" height=\"1024\" src=\"https:\/\/cloud.alqueria.es\/wp-content\/uploads\/sites\/6\/2023\/06\/WhatsApp-Image-2023-06-02-at-13.00.07-5.jpeg\" class=\"attachment-full size-full\" alt=\"\" srcset=\"https:\/\/cloud.alqueria.es\/wp-content\/uploads\/sites\/6\/2023\/06\/WhatsApp-Image-2023-06-02-at-13.00.07-5.jpeg 768w, https:\/\/cloud.alqueria.es\/wp-content\/uploads\/sites\/6\/2023\/06\/WhatsApp-Image-2023-06-02-at-13.00.07-5-225x300.jpeg 225w\" sizes=\"(max-width: 768px) 100vw, 768px\" data-attachment-id=\"34527\" data-permalink=\"https:\/\/www.alqueria.es\/blogs\/alqueriaprimerciclo\/2023\/06\/02\/hasta-pronto-yoga-y-talleres\/whatsapp-image-2023-06-02-at-13-00-07-5\/\" data-orig-file=\"https:\/\/cloud.alqueria.es\/wp-content\/uploads\/sites\/6\/2023\/06\/WhatsApp-Image-2023-06-02-at-13.00.07-5.jpeg\" data-orig-size=\"768,1024\" data-comments-opened=\"1\" data-image-meta=\"{&quot;aperture&quot;:&quot;0&quot;,&quot;credit&quot;:&quot;&quot;,&quot;camera&quot;:&quot;&quot;,&quot;caption&quot;:&quot;&quot;,&quot;created_timestamp&quot;:&quot;0&quot;,&quot;copyright&quot;:&quot;&quot;,&quot;focal_length&quot;:&quot;0&quot;,&quot;iso&quot;:&quot;0&quot;,&quot;shutter_speed&quot;:&quot;0&quot;,&quot;title&quot;:&quot;&quot;,&quot;orientation&quot;:&quot;0&quot;}\" data-image-title=\"WhatsApp Image 2023-06-02 at 13.00.07 (5)\" data-image-description=\"\" data-image-caption=\"\" data-large-file=\"https:\/\/cloud.alqueria.es\/wp-content\/uploads\/sites\/6\/2023\/06\/WhatsApp-Image-2023-06-02-at-13.00.07-5.jpeg\" \/><\/a>\n\t\t\t<\/div><\/figure><figure class='gallery-item'>\n\t\t\t<div class='gallery-icon landscape'>\n\t\t\t\t<a href='https:\/\/www.alqueria.es\/blogs\/alqueriaprimerciclo\/2023\/06\/02\/hasta-pronto-yoga-y-talleres\/whatsapp-image-2023-06-02-at-13-00-07-7\/'><img decoding=\"async\" width=\"1024\" height=\"768\" src=\"https:\/\/cloud.alqueria.es\/wp-content\/uploads\/sites\/6\/2023\/06\/WhatsApp-Image-2023-06-02-at-13.00.07-7.jpeg\" class=\"attachment-full size-full\" alt=\"\" srcset=\"https:\/\/cloud.alqueria.es\/wp-content\/uploads\/sites\/6\/2023\/06\/WhatsApp-Image-2023-06-02-at-13.00.07-7.jpeg 1024w, https:\/\/cloud.alqueria.es\/wp-content\/uploads\/sites\/6\/2023\/06\/WhatsApp-Image-2023-06-02-at-13.00.07-7-300x225.jpeg 300w, https:\/\/cloud.alqueria.es\/wp-content\/uploads\/sites\/6\/2023\/06\/WhatsApp-Image-2023-06-02-at-13.00.07-7-768x576.jpeg 768w\" sizes=\"(max-width: 1024px) 100vw, 1024px\" data-attachment-id=\"34525\" data-permalink=\"https:\/\/www.alqueria.es\/blogs\/alqueriaprimerciclo\/2023\/06\/02\/hasta-pronto-yoga-y-talleres\/whatsapp-image-2023-06-02-at-13-00-07-7\/\" data-orig-file=\"https:\/\/cloud.alqueria.es\/wp-content\/uploads\/sites\/6\/2023\/06\/WhatsApp-Image-2023-06-02-at-13.00.07-7.jpeg\" data-orig-size=\"1024,768\" data-comments-opened=\"1\" data-image-meta=\"{&quot;aperture&quot;:&quot;0&quot;,&quot;credit&quot;:&quot;&quot;,&quot;camera&quot;:&quot;&quot;,&quot;caption&quot;:&quot;&quot;,&quot;created_timestamp&quot;:&quot;0&quot;,&quot;copyright&quot;:&quot;&quot;,&quot;focal_length&quot;:&quot;0&quot;,&quot;iso&quot;:&quot;0&quot;,&quot;shutter_speed&quot;:&quot;0&quot;,&quot;title&quot;:&quot;&quot;,&quot;orientation&quot;:&quot;0&quot;}\" data-image-title=\"WhatsApp Image 2023-06-02 at 13.00.07 (7)\" data-image-description=\"\" data-image-caption=\"\" data-large-file=\"https:\/\/cloud.alqueria.es\/wp-content\/uploads\/sites\/6\/2023\/06\/WhatsApp-Image-2023-06-02-at-13.00.07-7.jpeg\" \/><\/a>\n\t\t\t<\/div><\/figure>\n\t\t<\/div>\n\n<p>Por supuesto durante la semana hemos estado ultimando preparativos para recibiros en nuestra 2\u00aa casa, ma\u00f1ana tenemos la <strong>fiesta<\/strong> y \u00a1pasaremos un gran d\u00eda!<\/p>\n<p><img decoding=\"async\" data-attachment-id=\"34522\" data-permalink=\"https:\/\/www.alqueria.es\/blogs\/alqueriaprimerciclo\/2023\/06\/02\/hasta-pronto-yoga-y-talleres\/whatsapp-image-2023-06-02-at-13-00-07-10\/\" data-orig-file=\"https:\/\/cloud.alqueria.es\/wp-content\/uploads\/sites\/6\/2023\/06\/WhatsApp-Image-2023-06-02-at-13.00.07-10.jpeg\" data-orig-size=\"1024,768\" data-comments-opened=\"1\" data-image-meta=\"{&quot;aperture&quot;:&quot;0&quot;,&quot;credit&quot;:&quot;&quot;,&quot;camera&quot;:&quot;&quot;,&quot;caption&quot;:&quot;&quot;,&quot;created_timestamp&quot;:&quot;0&quot;,&quot;copyright&quot;:&quot;&quot;,&quot;focal_length&quot;:&quot;0&quot;,&quot;iso&quot;:&quot;0&quot;,&quot;shutter_speed&quot;:&quot;0&quot;,&quot;title&quot;:&quot;&quot;,&quot;orientation&quot;:&quot;0&quot;}\" data-image-title=\"WhatsApp Image 2023-06-02 at 13.00.07 (10)\" data-image-description=\"\" data-image-caption=\"\" data-large-file=\"https:\/\/cloud.alqueria.es\/wp-content\/uploads\/sites\/6\/2023\/06\/WhatsApp-Image-2023-06-02-at-13.00.07-10.jpeg\" class=\"alignnone size-medium wp-image-34522\" src=\"https:\/\/cloud.alqueria.es\/wp-content\/uploads\/sites\/6\/2023\/06\/WhatsApp-Image-2023-06-02-at-13.00.07-10-300x225.jpeg\" alt=\"\" width=\"300\" height=\"225\" srcset=\"https:\/\/cloud.alqueria.es\/wp-content\/uploads\/sites\/6\/2023\/06\/WhatsApp-Image-2023-06-02-at-13.00.07-10-300x225.jpeg 300w, https:\/\/cloud.alqueria.es\/wp-content\/uploads\/sites\/6\/2023\/06\/WhatsApp-Image-2023-06-02-at-13.00.07-10-768x576.jpeg 768w, https:\/\/cloud.alqueria.es\/wp-content\/uploads\/sites\/6\/2023\/06\/WhatsApp-Image-2023-06-02-at-13.00.07-10.jpeg 1024w\" sizes=\"(max-width: 300px) 100vw, 300px\" \/><\/p>\n<p>Ma\u00f1ana nos vemos, venid cargados de disfraces e ilusi\u00f3n porque la tarde ser\u00e1 de lo m\u00e1s entretenida.<\/p>\n<p>\u00a1Hasta ma\u00f1ana tribu!<\/p>\n<p>&nbsp;<\/p>\n","protected":false},"excerpt":{"rendered":"<p>Se acerca el final del curso y de la misma manera llega el final de diferentes talleres y actividades. Una de las m\u00e1s nutritivas es el YOGA. El yoga es una pr\u00e1ctica que genera t\u00e9cnicas de respiraci\u00f3n, posturas f\u00edsicas y meditaci\u00f3n para lograr un equilibrio f\u00edsico, mental y emocional. Introducir el yoga en las primeras &hellip; <a href=\"https:\/\/www.alqueria.es\/blogs\/alqueriaprimerciclo\/2023\/06\/02\/hasta-pronto-yoga-y-talleres\/\" class=\"more-link\">Seguir leyendo <span class=\"screen-reader-text\">Hasta pronto yoga y talleres<\/span> <span class=\"meta-nav\">&rarr;<\/span><\/a><\/p>\n","protected":false},"author":12,"featured_media":0,"comment_status":"open","ping_status":"open","sticky":false,"template":"","format":"standard","meta":{"jetpack_post_was_ever_published":false,"_jetpack_newsletter_access":"","_jetpack_dont_email_post_to_subs":false,"_jetpack_newsletter_tier_id":0,"_jetpack_memberships_contains_paywalled_content":false,"_jetpack_memberships_contains_paid_content":false,"footnotes":"","jetpack_publicize_message":"","jetpack_publicize_feature_enabled":true,"jetpack_social_post_already_shared":true,"jetpack_social_options":{"image_generator_settings":{"template":"highway","default_image_id":0,"font":"","enabled":false},"version":2}},"categories":[3,190,174,167,78,110,20,1],"tags":[32,147,37,73,53],"class_list":["post-34517","post","type-post","status-publish","format-standard","hentry","category-2o-epo","category-aventura-en-alqueria","category-conferencias","category-educacion-emocional","category-fiestas","category-medio-ambiente","category-salidas-2o","category-sin-categoria","tag-alqueria","tag-aprendemos-de-otra-manera","tag-conferencias","tag-conocimiento-del-entorno-natural","tag-las-plantas"],"jetpack_publicize_connections":[],"jetpack_featured_media_url":"","jetpack_sharing_enabled":true,"jetpack_shortlink":"https:\/\/wp.me\/p4lvS0-8YJ","_links":{"self":[{"href":"https:\/\/www.alqueria.es\/blogs\/alqueriaprimerciclo\/wp-json\/wp\/v2\/posts\/34517","targetHints":{"allow":["GET"]}}],"collection":[{"href":"https:\/\/www.alqueria.es\/blogs\/alqueriaprimerciclo\/wp-json\/wp\/v2\/posts"}],"about":[{"href":"https:\/\/www.alqueria.es\/blogs\/alqueriaprimerciclo\/wp-json\/wp\/v2\/types\/post"}],"author":[{"embeddable":true,"href":"https:\/\/www.alqueria.es\/blogs\/alqueriaprimerciclo\/wp-json\/wp\/v2\/users\/12"}],"replies":[{"embeddable":true,"href":"https:\/\/www.alqueria.es\/blogs\/alqueriaprimerciclo\/wp-json\/wp\/v2\/comments?post=34517"}],"version-history":[{"count":7,"href":"https:\/\/www.alqueria.es\/blogs\/alqueriaprimerciclo\/wp-json\/wp\/v2\/posts\/34517\/revisions"}],"predecessor-version":[{"id":34539,"href":"https:\/\/www.alqueria.es\/blogs\/alqueriaprimerciclo\/wp-json\/wp\/v2\/posts\/34517\/revisions\/34539"}],"wp:attachment":[{"href":"https:\/\/www.alqueria.es\/blogs\/alqueriaprimerciclo\/wp-json\/wp\/v2\/media?parent=34517"}],"wp:term":[{"taxonomy":"category","embeddable":true,"href":"https:\/\/www.alqueria.es\/blogs\/alqueriaprimerciclo\/wp-json\/wp\/v2\/categories?post=34517"},{"taxonomy":"post_tag","embeddable":true,"href":"https:\/\/www.alqueria.es\/blogs\/alqueriaprimerciclo\/wp-json\/wp\/v2\/tags?post=34517"}],"curies":[{"name":"wp","href":"https:\/\/api.w.org\/{rel}","templated":true}]}}