{"id":34721,"date":"2023-06-22T12:17:47","date_gmt":"2023-06-22T10:17:47","guid":{"rendered":"https:\/\/www.alqueria.es\/blogs\/alqueriaprimerciclo\/?p=34721"},"modified":"2023-06-22T12:49:32","modified_gmt":"2023-06-22T10:49:32","slug":"final-de-trayecto-2","status":"publish","type":"post","link":"https:\/\/www.alqueria.es\/blogs\/alqueriaprimerciclo\/2023\/06\/22\/final-de-trayecto-2\/","title":{"rendered":"Final de trayecto"},"content":{"rendered":"<h5>Final de trayecto<\/h5>\n<p>Nos marcamos una ruta muy ambiciosa al principio de este curso, en el que hemos ido cubriendo las etapas marcadas\u00a0 y , una vez ya en la meta , creemos que el viaje nos ha resultado muy satisfactorio.<\/p>\n<p><img decoding=\"async\" src=\"https:\/\/media.istockphoto.com\/id\/613892600\/es\/vector\/mapa-de-aventuras-vintage-dibujado-a-mano-con-tesoros-piratas.jpg?s=1024x1024&amp;w=is&amp;k=20&amp;c=kU2jeYflJKEA-RdXCTm30o8XOIRySpYTv_E0b9nJPrY=\" alt=\"Ilustraci\u00f3n de Mapa De Aventuras Vintage Dibujado A Mano Con Tesoros Piratas y m\u00e1s Vectores Libres de Derechos de Azteca - iStock\" \/><\/p>\n<p>Hab\u00edamos comprado billetes para recorrer itinerarios personalizados\u00a0 para aprender, reservado alojamientos para parar el tiempo necesario de\u00a0 reflexionar y comprender,\u00a0 adem\u00e1s\u00a0 de actividades y espect\u00e1culos para disfrutar y los hemos aprovechado.<\/p>\n<p><img decoding=\"async\" src=\"https:\/\/i.pinimg.com\/736x\/d1\/2d\/78\/d12d788d787fd2b8d202871b148eb39e.jpg\" alt=\"Billetes De Avi\u00f3n PNG , Billetes De Avi\u00f3n PNG , Global Travel, Mundo Global PNG y PSD para Descargar Gratis | Pngtree | Dise\u00f1o de boletos billete, Billetes de avion, Imagenes de viaje\" \/><\/p>\n<p>Seguimos un cuaderno de Bit\u00e1cora, gracias a este blog, que nos har\u00e1 recordar siempre que queramos las aventuras, las sorpresas, las dificultades y las superaciones que nos han ido apareciendo.<\/p>\n<p><img decoding=\"async\" src=\"https:\/\/i.pinimg.com\/originals\/ff\/7f\/c4\/ff7fc412479c639c31e6567b26b07816.jpg\" alt=\"Hola de nuevo!!! Aqu\u00ed os ense\u00f1ar\u00e9 un cuaderno de Bit\u00e1cora que hice tambi\u00e9n a la vez que el int\u2026 | Bitacoras de viaje, Mini \u00e1lbumes de recortes, Libro de recortes\" \/><\/p>\n<p>Hemos tenido una colaboraci\u00f3n extraordinaria de nuestras familias en cada puerto en el que hemos querido atracar. Con ayuda muy precisas en temas de nuestro inter\u00e9s:<\/p>\n<ul>\n<li>D\u00eda de las Lenguas: Thomas<\/li>\n<li>Taller de Primeros Auxilios: Luc\u00eda y Jose.<\/li>\n<li>Carmen de los M\u00e1rtires: Pablo<\/li>\n<li>Las aves: Fabi\u00e1n<\/li>\n<li>La vida cotidiana en el Albaic\u00edn musulm\u00e1n: Mach\u00fa.<\/li>\n<li>Fiesta de final de curso: M\u00f3nica y Lydia<\/li>\n<li>D\u00eda del Medio Ambiente: Reyes ( mam\u00e1 de 1\u00ba)<\/li>\n<\/ul>\n<p><img decoding=\"async\" class=\"aligncenter\" src=\"https:\/\/exjesuitasentertulia.blog\/wp-content\/uploads\/2022\/07\/Tribu.jpg\" alt=\"Educarse en la tribu \u2013 Exjesuitas en Tertulia\" width=\"311\" height=\"313\" \/><\/p>\n<p>Agradecemos a toda la tribu \u00a0sus aportaciones en los debates y reflexiones respecto a la marcha del curso, su\u00a0 \u00a0alegr\u00eda en las fiestas y\u00a0 \u00a0la colaboraci\u00f3n en la\u00a0 de Oto\u00f1o y\u00a0 las celebraciones de cumplea\u00f1os con\u00a0 sus exquisitos bizcochos.<\/p>\n<p>Otras colaboraciones especiales:<\/p>\n<p><img decoding=\"async\" class=\"aligncenter\" src=\"https:\/\/www.orientacionandujar.es\/wp-content\/uploads\/2013\/08\/teamwork-kids.jpg\" alt=\"13 T\u00e9cnicas de trabajo cooperativo -Orientacion Andujar\" width=\"230\" height=\"285\" \/><\/p>\n<ul>\n<li>Una menci\u00f3n especial al grupo de 5\u00ba que nos ha acompa\u00f1ado todo el curso como mentor de nuestra afici\u00f3n a la lectura. Y hemos compartido una nueva\u00a0 vuelta al mundo en busca de las especias.<\/li>\n<li>Un agradecimiento al grupo de 4\u00ba por incluirnos en la experiencia del trueque.<\/li>\n<li>Otro entra\u00f1able para\u00a0 el\u00a0 grupo rojo de infantil, que nos ha permitido compartir las tareas del vivero.<\/li>\n<li>Nuestro afecto al grupo de 1\u00ba, que nos ha dejado sentir que somos mayores en nuestro propio ciclo, compartiendo con ellos tantas vivencias.<\/li>\n<li>Y a todas las personas que sin ellas saberlo colaboran en nuestra educaci\u00f3n d\u00eda a d\u00eda.<\/li>\n<\/ul>\n<h5>Broche final<\/h5>\n<p>La \u00faltima semana ha sido muy divertida.<\/p>\n<p><img decoding=\"async\" data-attachment-id=\"34733\" data-permalink=\"https:\/\/www.alqueria.es\/blogs\/alqueriaprimerciclo\/2023\/06\/22\/final-de-trayecto-2\/esperando\/\" data-orig-file=\"https:\/\/cloud.alqueria.es\/wp-content\/uploads\/sites\/6\/2023\/06\/ESPERANDO.jpg\" data-orig-size=\"1600,1200\" data-comments-opened=\"1\" data-image-meta=\"{&quot;aperture&quot;:&quot;0&quot;,&quot;credit&quot;:&quot;&quot;,&quot;camera&quot;:&quot;&quot;,&quot;caption&quot;:&quot;&quot;,&quot;created_timestamp&quot;:&quot;0&quot;,&quot;copyright&quot;:&quot;&quot;,&quot;focal_length&quot;:&quot;0&quot;,&quot;iso&quot;:&quot;0&quot;,&quot;shutter_speed&quot;:&quot;0&quot;,&quot;title&quot;:&quot;&quot;,&quot;orientation&quot;:&quot;0&quot;}\" data-image-title=\"ESPERANDO\" data-image-description=\"\" data-image-caption=\"\" data-large-file=\"https:\/\/cloud.alqueria.es\/wp-content\/uploads\/sites\/6\/2023\/06\/ESPERANDO-1024x768.jpg\" class=\"alignnone size-full wp-image-34733\" src=\"https:\/\/cloud.alqueria.es\/wp-content\/uploads\/sites\/6\/2023\/06\/ESPERANDO.jpg\" alt=\"\" width=\"1600\" height=\"1200\" srcset=\"https:\/\/cloud.alqueria.es\/wp-content\/uploads\/sites\/6\/2023\/06\/ESPERANDO.jpg 1600w, https:\/\/cloud.alqueria.es\/wp-content\/uploads\/sites\/6\/2023\/06\/ESPERANDO-300x225.jpg 300w, https:\/\/cloud.alqueria.es\/wp-content\/uploads\/sites\/6\/2023\/06\/ESPERANDO-1024x768.jpg 1024w, https:\/\/cloud.alqueria.es\/wp-content\/uploads\/sites\/6\/2023\/06\/ESPERANDO-768x576.jpg 768w, https:\/\/cloud.alqueria.es\/wp-content\/uploads\/sites\/6\/2023\/06\/ESPERANDO-1536x1152.jpg 1536w\" sizes=\"(max-width: 1600px) 100vw, 1600px\" \/><\/p>\n<p>En el polideportivo de la Chana nos estaba esperando una piscina estupenda con monitores que nos han hecho disfrutar con\u00a0 muchos juegos.<\/p>\n<p><img decoding=\"async\" data-attachment-id=\"34738\" data-permalink=\"https:\/\/www.alqueria.es\/blogs\/alqueriaprimerciclo\/2023\/06\/22\/final-de-trayecto-2\/sentados\/\" data-orig-file=\"https:\/\/cloud.alqueria.es\/wp-content\/uploads\/sites\/6\/2023\/06\/SENTADOS.jpg\" data-orig-size=\"1600,1200\" data-comments-opened=\"1\" data-image-meta=\"{&quot;aperture&quot;:&quot;0&quot;,&quot;credit&quot;:&quot;&quot;,&quot;camera&quot;:&quot;&quot;,&quot;caption&quot;:&quot;&quot;,&quot;created_timestamp&quot;:&quot;0&quot;,&quot;copyright&quot;:&quot;&quot;,&quot;focal_length&quot;:&quot;0&quot;,&quot;iso&quot;:&quot;0&quot;,&quot;shutter_speed&quot;:&quot;0&quot;,&quot;title&quot;:&quot;&quot;,&quot;orientation&quot;:&quot;0&quot;}\" data-image-title=\"SENTADOS\" data-image-description=\"\" data-image-caption=\"\" data-large-file=\"https:\/\/cloud.alqueria.es\/wp-content\/uploads\/sites\/6\/2023\/06\/SENTADOS-1024x768.jpg\" class=\"alignnone size-full wp-image-34738\" src=\"https:\/\/cloud.alqueria.es\/wp-content\/uploads\/sites\/6\/2023\/06\/SENTADOS.jpg\" alt=\"\" width=\"1600\" height=\"1200\" srcset=\"https:\/\/cloud.alqueria.es\/wp-content\/uploads\/sites\/6\/2023\/06\/SENTADOS.jpg 1600w, https:\/\/cloud.alqueria.es\/wp-content\/uploads\/sites\/6\/2023\/06\/SENTADOS-300x225.jpg 300w, https:\/\/cloud.alqueria.es\/wp-content\/uploads\/sites\/6\/2023\/06\/SENTADOS-1024x768.jpg 1024w, https:\/\/cloud.alqueria.es\/wp-content\/uploads\/sites\/6\/2023\/06\/SENTADOS-768x576.jpg 768w, https:\/\/cloud.alqueria.es\/wp-content\/uploads\/sites\/6\/2023\/06\/SENTADOS-1536x1152.jpg 1536w\" sizes=\"(max-width: 1600px) 100vw, 1600px\" \/><\/p>\n<p>Nos aclimatamos.<\/p>\n<p><img decoding=\"async\" data-attachment-id=\"34737\" data-permalink=\"https:\/\/www.alqueria.es\/blogs\/alqueriaprimerciclo\/2023\/06\/22\/final-de-trayecto-2\/salpicando\/\" data-orig-file=\"https:\/\/cloud.alqueria.es\/wp-content\/uploads\/sites\/6\/2023\/06\/SALPICANDO.jpg\" data-orig-size=\"1600,1200\" data-comments-opened=\"1\" data-image-meta=\"{&quot;aperture&quot;:&quot;0&quot;,&quot;credit&quot;:&quot;&quot;,&quot;camera&quot;:&quot;&quot;,&quot;caption&quot;:&quot;&quot;,&quot;created_timestamp&quot;:&quot;0&quot;,&quot;copyright&quot;:&quot;&quot;,&quot;focal_length&quot;:&quot;0&quot;,&quot;iso&quot;:&quot;0&quot;,&quot;shutter_speed&quot;:&quot;0&quot;,&quot;title&quot;:&quot;&quot;,&quot;orientation&quot;:&quot;0&quot;}\" data-image-title=\"SALPICANDO\" data-image-description=\"\" data-image-caption=\"\" data-large-file=\"https:\/\/cloud.alqueria.es\/wp-content\/uploads\/sites\/6\/2023\/06\/SALPICANDO-1024x768.jpg\" class=\"alignnone size-full wp-image-34737\" src=\"https:\/\/cloud.alqueria.es\/wp-content\/uploads\/sites\/6\/2023\/06\/SALPICANDO.jpg\" alt=\"\" width=\"1600\" height=\"1200\" srcset=\"https:\/\/cloud.alqueria.es\/wp-content\/uploads\/sites\/6\/2023\/06\/SALPICANDO.jpg 1600w, https:\/\/cloud.alqueria.es\/wp-content\/uploads\/sites\/6\/2023\/06\/SALPICANDO-300x225.jpg 300w, https:\/\/cloud.alqueria.es\/wp-content\/uploads\/sites\/6\/2023\/06\/SALPICANDO-1024x768.jpg 1024w, https:\/\/cloud.alqueria.es\/wp-content\/uploads\/sites\/6\/2023\/06\/SALPICANDO-768x576.jpg 768w, https:\/\/cloud.alqueria.es\/wp-content\/uploads\/sites\/6\/2023\/06\/SALPICANDO-1536x1152.jpg 1536w\" sizes=\"(max-width: 1600px) 100vw, 1600px\" \/><\/p>\n<p>Tomamos precauciones para demostrar nuestras habilidades personales.<\/p>\n<p><img decoding=\"async\" data-attachment-id=\"34734\" data-permalink=\"https:\/\/www.alqueria.es\/blogs\/alqueriaprimerciclo\/2023\/06\/22\/final-de-trayecto-2\/preparados-rafa\/\" data-orig-file=\"https:\/\/cloud.alqueria.es\/wp-content\/uploads\/sites\/6\/2023\/06\/PREPARADOS-RAFA.jpg\" data-orig-size=\"1600,1200\" data-comments-opened=\"1\" data-image-meta=\"{&quot;aperture&quot;:&quot;0&quot;,&quot;credit&quot;:&quot;&quot;,&quot;camera&quot;:&quot;&quot;,&quot;caption&quot;:&quot;&quot;,&quot;created_timestamp&quot;:&quot;0&quot;,&quot;copyright&quot;:&quot;&quot;,&quot;focal_length&quot;:&quot;0&quot;,&quot;iso&quot;:&quot;0&quot;,&quot;shutter_speed&quot;:&quot;0&quot;,&quot;title&quot;:&quot;&quot;,&quot;orientation&quot;:&quot;0&quot;}\" data-image-title=\"PREPARADOS RAFA\" data-image-description=\"\" data-image-caption=\"\" data-large-file=\"https:\/\/cloud.alqueria.es\/wp-content\/uploads\/sites\/6\/2023\/06\/PREPARADOS-RAFA-1024x768.jpg\" class=\"alignnone size-full wp-image-34734\" src=\"https:\/\/cloud.alqueria.es\/wp-content\/uploads\/sites\/6\/2023\/06\/PREPARADOS-RAFA.jpg\" alt=\"\" width=\"1600\" height=\"1200\" srcset=\"https:\/\/cloud.alqueria.es\/wp-content\/uploads\/sites\/6\/2023\/06\/PREPARADOS-RAFA.jpg 1600w, https:\/\/cloud.alqueria.es\/wp-content\/uploads\/sites\/6\/2023\/06\/PREPARADOS-RAFA-300x225.jpg 300w, https:\/\/cloud.alqueria.es\/wp-content\/uploads\/sites\/6\/2023\/06\/PREPARADOS-RAFA-1024x768.jpg 1024w, https:\/\/cloud.alqueria.es\/wp-content\/uploads\/sites\/6\/2023\/06\/PREPARADOS-RAFA-768x576.jpg 768w, https:\/\/cloud.alqueria.es\/wp-content\/uploads\/sites\/6\/2023\/06\/PREPARADOS-RAFA-1536x1152.jpg 1536w\" sizes=\"(max-width: 1600px) 100vw, 1600px\" \/><\/p>\n<p><img decoding=\"async\" data-attachment-id=\"34736\" data-permalink=\"https:\/\/www.alqueria.es\/blogs\/alqueriaprimerciclo\/2023\/06\/22\/final-de-trayecto-2\/rafa2\/\" data-orig-file=\"https:\/\/cloud.alqueria.es\/wp-content\/uploads\/sites\/6\/2023\/06\/RAFA2.jpg\" data-orig-size=\"1600,1200\" data-comments-opened=\"1\" data-image-meta=\"{&quot;aperture&quot;:&quot;0&quot;,&quot;credit&quot;:&quot;&quot;,&quot;camera&quot;:&quot;&quot;,&quot;caption&quot;:&quot;&quot;,&quot;created_timestamp&quot;:&quot;0&quot;,&quot;copyright&quot;:&quot;&quot;,&quot;focal_length&quot;:&quot;0&quot;,&quot;iso&quot;:&quot;0&quot;,&quot;shutter_speed&quot;:&quot;0&quot;,&quot;title&quot;:&quot;&quot;,&quot;orientation&quot;:&quot;0&quot;}\" data-image-title=\"RAFA2\" data-image-description=\"\" data-image-caption=\"\" data-large-file=\"https:\/\/cloud.alqueria.es\/wp-content\/uploads\/sites\/6\/2023\/06\/RAFA2-1024x768.jpg\" class=\"alignnone size-full wp-image-34736\" src=\"https:\/\/cloud.alqueria.es\/wp-content\/uploads\/sites\/6\/2023\/06\/RAFA2.jpg\" alt=\"\" width=\"1600\" height=\"1200\" srcset=\"https:\/\/cloud.alqueria.es\/wp-content\/uploads\/sites\/6\/2023\/06\/RAFA2.jpg 1600w, https:\/\/cloud.alqueria.es\/wp-content\/uploads\/sites\/6\/2023\/06\/RAFA2-300x225.jpg 300w, https:\/\/cloud.alqueria.es\/wp-content\/uploads\/sites\/6\/2023\/06\/RAFA2-1024x768.jpg 1024w, https:\/\/cloud.alqueria.es\/wp-content\/uploads\/sites\/6\/2023\/06\/RAFA2-768x576.jpg 768w, https:\/\/cloud.alqueria.es\/wp-content\/uploads\/sites\/6\/2023\/06\/RAFA2-1536x1152.jpg 1536w\" sizes=\"(max-width: 1600px) 100vw, 1600px\" \/> <img decoding=\"async\" data-attachment-id=\"34735\" data-permalink=\"https:\/\/www.alqueria.es\/blogs\/alqueriaprimerciclo\/2023\/06\/22\/final-de-trayecto-2\/rafa-3\/\" data-orig-file=\"https:\/\/cloud.alqueria.es\/wp-content\/uploads\/sites\/6\/2023\/06\/RAFA.jpg\" data-orig-size=\"1600,1200\" data-comments-opened=\"1\" data-image-meta=\"{&quot;aperture&quot;:&quot;0&quot;,&quot;credit&quot;:&quot;&quot;,&quot;camera&quot;:&quot;&quot;,&quot;caption&quot;:&quot;&quot;,&quot;created_timestamp&quot;:&quot;0&quot;,&quot;copyright&quot;:&quot;&quot;,&quot;focal_length&quot;:&quot;0&quot;,&quot;iso&quot;:&quot;0&quot;,&quot;shutter_speed&quot;:&quot;0&quot;,&quot;title&quot;:&quot;&quot;,&quot;orientation&quot;:&quot;0&quot;}\" data-image-title=\"RAFA\" data-image-description=\"\" data-image-caption=\"\" data-large-file=\"https:\/\/cloud.alqueria.es\/wp-content\/uploads\/sites\/6\/2023\/06\/RAFA-1024x768.jpg\" class=\"alignnone size-full wp-image-34735\" src=\"https:\/\/cloud.alqueria.es\/wp-content\/uploads\/sites\/6\/2023\/06\/RAFA.jpg\" alt=\"\" width=\"1600\" height=\"1200\" srcset=\"https:\/\/cloud.alqueria.es\/wp-content\/uploads\/sites\/6\/2023\/06\/RAFA.jpg 1600w, https:\/\/cloud.alqueria.es\/wp-content\/uploads\/sites\/6\/2023\/06\/RAFA-300x225.jpg 300w, https:\/\/cloud.alqueria.es\/wp-content\/uploads\/sites\/6\/2023\/06\/RAFA-1024x768.jpg 1024w, https:\/\/cloud.alqueria.es\/wp-content\/uploads\/sites\/6\/2023\/06\/RAFA-768x576.jpg 768w, https:\/\/cloud.alqueria.es\/wp-content\/uploads\/sites\/6\/2023\/06\/RAFA-1536x1152.jpg 1536w\" sizes=\"(max-width: 1600px) 100vw, 1600px\" \/><\/p>\n<p>&nbsp;<\/p>\n<p><img decoding=\"async\" data-attachment-id=\"34732\" data-permalink=\"https:\/\/www.alqueria.es\/blogs\/alqueriaprimerciclo\/2023\/06\/22\/final-de-trayecto-2\/churro\/\" data-orig-file=\"https:\/\/cloud.alqueria.es\/wp-content\/uploads\/sites\/6\/2023\/06\/CHURRO.jpg\" data-orig-size=\"1600,1200\" data-comments-opened=\"1\" data-image-meta=\"{&quot;aperture&quot;:&quot;0&quot;,&quot;credit&quot;:&quot;&quot;,&quot;camera&quot;:&quot;&quot;,&quot;caption&quot;:&quot;&quot;,&quot;created_timestamp&quot;:&quot;0&quot;,&quot;copyright&quot;:&quot;&quot;,&quot;focal_length&quot;:&quot;0&quot;,&quot;iso&quot;:&quot;0&quot;,&quot;shutter_speed&quot;:&quot;0&quot;,&quot;title&quot;:&quot;&quot;,&quot;orientation&quot;:&quot;0&quot;}\" data-image-title=\"CHURRO\" data-image-description=\"\" data-image-caption=\"\" data-large-file=\"https:\/\/cloud.alqueria.es\/wp-content\/uploads\/sites\/6\/2023\/06\/CHURRO-1024x768.jpg\" class=\"alignnone size-full wp-image-34732\" src=\"https:\/\/cloud.alqueria.es\/wp-content\/uploads\/sites\/6\/2023\/06\/CHURRO.jpg\" alt=\"\" width=\"1600\" height=\"1200\" srcset=\"https:\/\/cloud.alqueria.es\/wp-content\/uploads\/sites\/6\/2023\/06\/CHURRO.jpg 1600w, https:\/\/cloud.alqueria.es\/wp-content\/uploads\/sites\/6\/2023\/06\/CHURRO-300x225.jpg 300w, https:\/\/cloud.alqueria.es\/wp-content\/uploads\/sites\/6\/2023\/06\/CHURRO-1024x768.jpg 1024w, https:\/\/cloud.alqueria.es\/wp-content\/uploads\/sites\/6\/2023\/06\/CHURRO-768x576.jpg 768w, https:\/\/cloud.alqueria.es\/wp-content\/uploads\/sites\/6\/2023\/06\/CHURRO-1536x1152.jpg 1536w\" sizes=\"(max-width: 1600px) 100vw, 1600px\" \/><\/p>\n<p>Y nos lanzamos con confianza.<\/p>\n<p><img decoding=\"async\" data-attachment-id=\"34730\" data-permalink=\"https:\/\/www.alqueria.es\/blogs\/alqueriaprimerciclo\/2023\/06\/22\/final-de-trayecto-2\/al-agua-2\/\" data-orig-file=\"https:\/\/cloud.alqueria.es\/wp-content\/uploads\/sites\/6\/2023\/06\/AL-AGUA-2.jpg\" data-orig-size=\"1600,1200\" data-comments-opened=\"1\" data-image-meta=\"{&quot;aperture&quot;:&quot;0&quot;,&quot;credit&quot;:&quot;&quot;,&quot;camera&quot;:&quot;&quot;,&quot;caption&quot;:&quot;&quot;,&quot;created_timestamp&quot;:&quot;0&quot;,&quot;copyright&quot;:&quot;&quot;,&quot;focal_length&quot;:&quot;0&quot;,&quot;iso&quot;:&quot;0&quot;,&quot;shutter_speed&quot;:&quot;0&quot;,&quot;title&quot;:&quot;&quot;,&quot;orientation&quot;:&quot;0&quot;}\" data-image-title=\"AL AGUA 2\" data-image-description=\"\" data-image-caption=\"\" data-large-file=\"https:\/\/cloud.alqueria.es\/wp-content\/uploads\/sites\/6\/2023\/06\/AL-AGUA-2-1024x768.jpg\" class=\"alignnone size-full wp-image-34730\" src=\"https:\/\/cloud.alqueria.es\/wp-content\/uploads\/sites\/6\/2023\/06\/AL-AGUA-2.jpg\" alt=\"\" width=\"1600\" height=\"1200\" srcset=\"https:\/\/cloud.alqueria.es\/wp-content\/uploads\/sites\/6\/2023\/06\/AL-AGUA-2.jpg 1600w, https:\/\/cloud.alqueria.es\/wp-content\/uploads\/sites\/6\/2023\/06\/AL-AGUA-2-300x225.jpg 300w, https:\/\/cloud.alqueria.es\/wp-content\/uploads\/sites\/6\/2023\/06\/AL-AGUA-2-1024x768.jpg 1024w, https:\/\/cloud.alqueria.es\/wp-content\/uploads\/sites\/6\/2023\/06\/AL-AGUA-2-768x576.jpg 768w, https:\/\/cloud.alqueria.es\/wp-content\/uploads\/sites\/6\/2023\/06\/AL-AGUA-2-1536x1152.jpg 1536w\" sizes=\"(max-width: 1600px) 100vw, 1600px\" \/><\/p>\n<p><img decoding=\"async\" data-attachment-id=\"34731\" data-permalink=\"https:\/\/www.alqueria.es\/blogs\/alqueriaprimerciclo\/2023\/06\/22\/final-de-trayecto-2\/al-agua\/\" data-orig-file=\"https:\/\/cloud.alqueria.es\/wp-content\/uploads\/sites\/6\/2023\/06\/AL-AGUA.jpg\" data-orig-size=\"1200,1600\" data-comments-opened=\"1\" data-image-meta=\"{&quot;aperture&quot;:&quot;0&quot;,&quot;credit&quot;:&quot;&quot;,&quot;camera&quot;:&quot;&quot;,&quot;caption&quot;:&quot;&quot;,&quot;created_timestamp&quot;:&quot;0&quot;,&quot;copyright&quot;:&quot;&quot;,&quot;focal_length&quot;:&quot;0&quot;,&quot;iso&quot;:&quot;0&quot;,&quot;shutter_speed&quot;:&quot;0&quot;,&quot;title&quot;:&quot;&quot;,&quot;orientation&quot;:&quot;0&quot;}\" data-image-title=\"AL AGUA\" data-image-description=\"\" data-image-caption=\"\" data-large-file=\"https:\/\/cloud.alqueria.es\/wp-content\/uploads\/sites\/6\/2023\/06\/AL-AGUA-768x1024.jpg\" class=\"alignnone size-full wp-image-34731\" src=\"https:\/\/cloud.alqueria.es\/wp-content\/uploads\/sites\/6\/2023\/06\/AL-AGUA.jpg\" alt=\"\" width=\"1200\" height=\"1600\" srcset=\"https:\/\/cloud.alqueria.es\/wp-content\/uploads\/sites\/6\/2023\/06\/AL-AGUA.jpg 1200w, https:\/\/cloud.alqueria.es\/wp-content\/uploads\/sites\/6\/2023\/06\/AL-AGUA-225x300.jpg 225w, https:\/\/cloud.alqueria.es\/wp-content\/uploads\/sites\/6\/2023\/06\/AL-AGUA-768x1024.jpg 768w, https:\/\/cloud.alqueria.es\/wp-content\/uploads\/sites\/6\/2023\/06\/AL-AGUA-1152x1536.jpg 1152w\" sizes=\"(max-width: 1200px) 100vw, 1200px\" \/><\/p>\n<p><img decoding=\"async\" data-attachment-id=\"34741\" data-permalink=\"https:\/\/www.alqueria.es\/blogs\/alqueriaprimerciclo\/2023\/06\/22\/final-de-trayecto-2\/trampolin\/\" data-orig-file=\"https:\/\/cloud.alqueria.es\/wp-content\/uploads\/sites\/6\/2023\/06\/TRAMPOLIN.jpg\" data-orig-size=\"2048,1536\" data-comments-opened=\"1\" data-image-meta=\"{&quot;aperture&quot;:&quot;0&quot;,&quot;credit&quot;:&quot;&quot;,&quot;camera&quot;:&quot;&quot;,&quot;caption&quot;:&quot;&quot;,&quot;created_timestamp&quot;:&quot;0&quot;,&quot;copyright&quot;:&quot;&quot;,&quot;focal_length&quot;:&quot;0&quot;,&quot;iso&quot;:&quot;0&quot;,&quot;shutter_speed&quot;:&quot;0&quot;,&quot;title&quot;:&quot;&quot;,&quot;orientation&quot;:&quot;0&quot;}\" data-image-title=\"TRAMPOL\u00cdN\" data-image-description=\"\" data-image-caption=\"\" data-large-file=\"https:\/\/cloud.alqueria.es\/wp-content\/uploads\/sites\/6\/2023\/06\/TRAMPOLIN-1024x768.jpg\" class=\"alignnone size-full wp-image-34741\" src=\"https:\/\/cloud.alqueria.es\/wp-content\/uploads\/sites\/6\/2023\/06\/TRAMPOLIN.jpg\" alt=\"\" width=\"2048\" height=\"1536\" srcset=\"https:\/\/cloud.alqueria.es\/wp-content\/uploads\/sites\/6\/2023\/06\/TRAMPOLIN.jpg 2048w, https:\/\/cloud.alqueria.es\/wp-content\/uploads\/sites\/6\/2023\/06\/TRAMPOLIN-300x225.jpg 300w, https:\/\/cloud.alqueria.es\/wp-content\/uploads\/sites\/6\/2023\/06\/TRAMPOLIN-1024x768.jpg 1024w, https:\/\/cloud.alqueria.es\/wp-content\/uploads\/sites\/6\/2023\/06\/TRAMPOLIN-768x576.jpg 768w, https:\/\/cloud.alqueria.es\/wp-content\/uploads\/sites\/6\/2023\/06\/TRAMPOLIN-1536x1152.jpg 1536w\" sizes=\"(max-width: 2048px) 100vw, 2048px\" \/><\/p>\n<p><img decoding=\"async\" data-attachment-id=\"34742\" data-permalink=\"https:\/\/www.alqueria.es\/blogs\/alqueriaprimerciclo\/2023\/06\/22\/final-de-trayecto-2\/felix-3\/\" data-orig-file=\"https:\/\/cloud.alqueria.es\/wp-content\/uploads\/sites\/6\/2023\/06\/FELIX.jpg\" data-orig-size=\"2048,1536\" data-comments-opened=\"1\" data-image-meta=\"{&quot;aperture&quot;:&quot;0&quot;,&quot;credit&quot;:&quot;&quot;,&quot;camera&quot;:&quot;&quot;,&quot;caption&quot;:&quot;&quot;,&quot;created_timestamp&quot;:&quot;0&quot;,&quot;copyright&quot;:&quot;&quot;,&quot;focal_length&quot;:&quot;0&quot;,&quot;iso&quot;:&quot;0&quot;,&quot;shutter_speed&quot;:&quot;0&quot;,&quot;title&quot;:&quot;&quot;,&quot;orientation&quot;:&quot;0&quot;}\" data-image-title=\"F\u00c9LIX\" data-image-description=\"\" data-image-caption=\"\" data-large-file=\"https:\/\/cloud.alqueria.es\/wp-content\/uploads\/sites\/6\/2023\/06\/FELIX-1024x768.jpg\" class=\"alignnone size-full wp-image-34742\" src=\"https:\/\/cloud.alqueria.es\/wp-content\/uploads\/sites\/6\/2023\/06\/FELIX.jpg\" alt=\"\" width=\"2048\" height=\"1536\" srcset=\"https:\/\/cloud.alqueria.es\/wp-content\/uploads\/sites\/6\/2023\/06\/FELIX.jpg 2048w, https:\/\/cloud.alqueria.es\/wp-content\/uploads\/sites\/6\/2023\/06\/FELIX-300x225.jpg 300w, https:\/\/cloud.alqueria.es\/wp-content\/uploads\/sites\/6\/2023\/06\/FELIX-1024x768.jpg 1024w, https:\/\/cloud.alqueria.es\/wp-content\/uploads\/sites\/6\/2023\/06\/FELIX-768x576.jpg 768w, https:\/\/cloud.alqueria.es\/wp-content\/uploads\/sites\/6\/2023\/06\/FELIX-1536x1152.jpg 1536w\" sizes=\"(max-width: 2048px) 100vw, 2048px\" \/><\/p>\n<p>Recogemos nuestros trabajos del \u00faltimo trimestre, que suponen una m\u00ednima muestra de lo que hemos vivido, pero que nos ayudar\u00e1n a no olvidar el esfuerzo que hemos hecho.<\/p>\n<p>Seguimos en Campus de Verano durante todo el mes de julio.<\/p>\n<p><img decoding=\"async\" class=\"aligncenter\" src=\"https:\/\/www.alqueria.es\/sgcArchivos\/WebPublica\/imagenesSeccion\/p1g2cbjk3jiop2dr1g6313s110em4.jpg\" alt=\"Campus, diversi\u00f3n en vacaciones - Alquer\u00eda Educaci\u00f3n - Escuela infantil y colegio privado de primaria - Granada\" \/><\/p>\n<p>A las personas que inician sus vacaciones les deseamos lo mejor.<\/p>\n<p>El pr\u00f3ximo curso se abrir\u00e1 de nuevo esta ventana para compartir otras aventuras de vida.<\/p>\n<p><img decoding=\"async\" src=\"https:\/\/aneti.es\/wp-content\/uploads\/2021\/06\/Cerrado.jpg\" alt=\"Cerrado por vacaciones \u00bfSin traducciones en agosto? - Aneti\" \/><\/p>\n<p>Tatiana Molina\u00a0 y Rosa M.\u00aa R\u00e0fols, tutoras de 2\u00ba de primaria.<\/p>\n<p>Posdata:<\/p>\n<p><img decoding=\"async\" data-attachment-id=\"34743\" data-permalink=\"https:\/\/www.alqueria.es\/blogs\/alqueriaprimerciclo\/2023\/06\/22\/final-de-trayecto-2\/grupo\/\" data-orig-file=\"https:\/\/cloud.alqueria.es\/wp-content\/uploads\/sites\/6\/2023\/06\/GRUPO.jpg\" data-orig-size=\"1024,768\" data-comments-opened=\"1\" data-image-meta=\"{&quot;aperture&quot;:&quot;0&quot;,&quot;credit&quot;:&quot;&quot;,&quot;camera&quot;:&quot;&quot;,&quot;caption&quot;:&quot;&quot;,&quot;created_timestamp&quot;:&quot;0&quot;,&quot;copyright&quot;:&quot;&quot;,&quot;focal_length&quot;:&quot;0&quot;,&quot;iso&quot;:&quot;0&quot;,&quot;shutter_speed&quot;:&quot;0&quot;,&quot;title&quot;:&quot;&quot;,&quot;orientation&quot;:&quot;0&quot;}\" data-image-title=\"GRUPO\" data-image-description=\"\" data-image-caption=\"\" data-large-file=\"https:\/\/cloud.alqueria.es\/wp-content\/uploads\/sites\/6\/2023\/06\/GRUPO.jpg\" class=\"alignnone size-full wp-image-34743\" src=\"https:\/\/cloud.alqueria.es\/wp-content\/uploads\/sites\/6\/2023\/06\/GRUPO.jpg\" alt=\"\" width=\"1024\" height=\"768\" srcset=\"https:\/\/cloud.alqueria.es\/wp-content\/uploads\/sites\/6\/2023\/06\/GRUPO.jpg 1024w, https:\/\/cloud.alqueria.es\/wp-content\/uploads\/sites\/6\/2023\/06\/GRUPO-300x225.jpg 300w, https:\/\/cloud.alqueria.es\/wp-content\/uploads\/sites\/6\/2023\/06\/GRUPO-768x576.jpg 768w\" sizes=\"(max-width: 1024px) 100vw, 1024px\" \/><\/p>\n<p>Nuestra maestra Rosi aprovecha estas \u00faltimas anotaciones para dar las gracias personalmente a toda la Comunidad Escolar de Alquer\u00eda Educaci\u00f3n y despedirse .<\/p>\n<p><em>\u00abHan sido unos a\u00f1os maravillosos y una experiencia de vida inigualable. Muchas gracias.\u00bb<\/em><\/p>\n<p><img decoding=\"async\" src=\"https:\/\/www.downpv.org\/sites\/default\/files\/styles\/large\/public\/2014\/12\/Voluntariado-Mafalda.jpg?itok=RqOaILwr\" alt=\"D\u00eda Internacional del Voluntario\/a | Fundaci\u00f3n S\u00edndrome de Down y otras discapacidades intelectuales del Pa\u00eds Vasco\" \/><\/p>\n<p>Un abrazo.<\/p>\n<p>&nbsp;<\/p>\n<p>&nbsp;<\/p>\n<p>&nbsp;<\/p>\n","protected":false},"excerpt":{"rendered":"<p>Final de trayecto Nos marcamos una ruta muy ambiciosa al principio de este curso, en el que hemos ido cubriendo las etapas marcadas\u00a0 y , una vez ya en la meta , creemos que el viaje nos ha resultado muy satisfactorio. Hab\u00edamos comprado billetes para recorrer itinerarios personalizados\u00a0 para aprender, reservado alojamientos para parar el &hellip; <a href=\"https:\/\/www.alqueria.es\/blogs\/alqueriaprimerciclo\/2023\/06\/22\/final-de-trayecto-2\/\" class=\"more-link\">Seguir leyendo <span class=\"screen-reader-text\">Final de trayecto<\/span> <span class=\"meta-nav\">&rarr;<\/span><\/a><\/p>\n","protected":false},"author":12,"featured_media":0,"comment_status":"open","ping_status":"open","sticky":false,"template":"","format":"standard","meta":{"jetpack_post_was_ever_published":false,"_jetpack_newsletter_access":"","_jetpack_dont_email_post_to_subs":false,"_jetpack_newsletter_tier_id":0,"_jetpack_memberships_contains_paywalled_content":false,"_jetpack_memberships_contains_paid_content":false,"footnotes":"","jetpack_publicize_message":"","jetpack_publicize_feature_enabled":true,"jetpack_social_post_already_shared":true,"jetpack_social_options":{"image_generator_settings":{"template":"highway","default_image_id":0,"font":"","enabled":false},"version":2}},"categories":[3,9],"tags":[32,147,165,60],"class_list":["post-34721","post","type-post","status-publish","format-standard","hentry","category-2o-epo","category-diario-de-clase-2o","tag-alqueria","tag-aprendemos-de-otra-manera","tag-fin-de-curso","tag-primaria"],"jetpack_publicize_connections":[],"jetpack_featured_media_url":"","jetpack_sharing_enabled":true,"jetpack_shortlink":"https:\/\/wp.me\/p4lvS0-921","_links":{"self":[{"href":"https:\/\/www.alqueria.es\/blogs\/alqueriaprimerciclo\/wp-json\/wp\/v2\/posts\/34721","targetHints":{"allow":["GET"]}}],"collection":[{"href":"https:\/\/www.alqueria.es\/blogs\/alqueriaprimerciclo\/wp-json\/wp\/v2\/posts"}],"about":[{"href":"https:\/\/www.alqueria.es\/blogs\/alqueriaprimerciclo\/wp-json\/wp\/v2\/types\/post"}],"author":[{"embeddable":true,"href":"https:\/\/www.alqueria.es\/blogs\/alqueriaprimerciclo\/wp-json\/wp\/v2\/users\/12"}],"replies":[{"embeddable":true,"href":"https:\/\/www.alqueria.es\/blogs\/alqueriaprimerciclo\/wp-json\/wp\/v2\/comments?post=34721"}],"version-history":[{"count":19,"href":"https:\/\/www.alqueria.es\/blogs\/alqueriaprimerciclo\/wp-json\/wp\/v2\/posts\/34721\/revisions"}],"predecessor-version":[{"id":34753,"href":"https:\/\/www.alqueria.es\/blogs\/alqueriaprimerciclo\/wp-json\/wp\/v2\/posts\/34721\/revisions\/34753"}],"wp:attachment":[{"href":"https:\/\/www.alqueria.es\/blogs\/alqueriaprimerciclo\/wp-json\/wp\/v2\/media?parent=34721"}],"wp:term":[{"taxonomy":"category","embeddable":true,"href":"https:\/\/www.alqueria.es\/blogs\/alqueriaprimerciclo\/wp-json\/wp\/v2\/categories?post=34721"},{"taxonomy":"post_tag","embeddable":true,"href":"https:\/\/www.alqueria.es\/blogs\/alqueriaprimerciclo\/wp-json\/wp\/v2\/tags?post=34721"}],"curies":[{"name":"wp","href":"https:\/\/api.w.org\/{rel}","templated":true}]}}