{"id":34797,"date":"2023-09-16T16:55:24","date_gmt":"2023-09-16T14:55:24","guid":{"rendered":"https:\/\/www.alqueria.es\/blogs\/alqueriaprimerciclo\/?p=34797"},"modified":"2023-09-24T21:29:35","modified_gmt":"2023-09-24T19:29:35","slug":"bienvenidos-a-primaria-2","status":"publish","type":"post","link":"https:\/\/www.alqueria.es\/blogs\/alqueriaprimerciclo\/2023\/09\/16\/bienvenidos-a-primaria-2\/","title":{"rendered":"Bienvenidos a primaria"},"content":{"rendered":"<p>El equipo de Alquer\u00eda Educaci\u00f3n os da la bienvenida a todas las familias que vais a formar parte de este proyecto durante el curso 23-24.<\/p>\n<p><img decoding=\"async\" class=\" lazyloaded\" src=\"https:\/\/thumbs.dreamstime.com\/b\/bienvenidos-grupo-de-figuras-del-palillo-que-llevan-cabo-las-letras-coloridas-ni%C3%B1os-espa%C3%B1oles-dicen-la-recepci%C3%B3n-espa%C3%B1ola-139912586.jpg\" alt=\"Recepci\u00f3n De Bienvenidos En Espa\u00f1ol Ilustraci\u00f3n del Vector - Ilustraci\u00f3n de caracteres, tarjeta: 107156049\" data-src=\"https:\/\/thumbs.dreamstime.com\/b\/bienvenidos-grupo-de-figuras-del-palillo-que-llevan-cabo-las-letras-coloridas-ni%C3%B1os-espa%C3%B1oles-dicen-la-recepci%C3%B3n-espa%C3%B1ola-139912586.jpg\" \/><\/p>\n<p>Os agradecemos la confianza que hab\u00e9is puesto al seleccionarnos como centro colaborador en la educaci\u00f3n de vuestros hijos e hijas.<\/p>\n<p><img decoding=\"async\" class=\" lazyloaded\" src=\"https:\/\/alojaweb.educastur.es\/documents\/2016579\/7076973\/gif.gif\/b94dd04a-3708-4186-86c8-a95332f9376e?t=1589913257467\" alt=\"SOLICITUD DE PLAZAS CURSO 2020-2021 - Actividades - Alojaweb\" data-src=\"https:\/\/alojaweb.educastur.es\/documents\/2016579\/7076973\/gif.gif\/b94dd04a-3708-4186-86c8-a95332f9376e?t=1589913257467\" \/><\/p>\n<p>De forma muy especial el <span style=\"color: #008000\"><strong>equipo\u00a0 del 1\u00ba ciclo<\/strong><\/span>, que interacciona de forma\u00a0 m\u00e1s directa d\u00eda a d\u00eda, Dar\u00eda\u00a0 como tutora, Tatiana como apoyo de ciclo , Ana M. c\u00f3mo profe de art\u00edstica y responsable de comedor, B\u00e1rbara y Ana, desde el departamento\u00a0 de idiomas, Alberto en educaci\u00f3n f\u00edsica , Sonia en Yoga y Elena en m\u00fasica, os acogemos desde el primer d\u00eda, como equipo de 1\u00ba .<\/p>\n<p>Un nuevo comienzo, una nueva aventura , una maravillosa oportunidad a compartir con la tribu de primero.<\/p>\n<p>El equipo directivo y el profesorado nos convocan al acto de apertura del nuevo curso para darnos la <span style=\"color: #008000\"><strong>bienvenida<\/strong><\/span>.<img decoding=\"async\" data-attachment-id=\"34801\" data-permalink=\"https:\/\/www.alqueria.es\/blogs\/alqueriaprimerciclo\/2023\/09\/16\/bienvenidos-a-primaria-2\/img-20230914-wa0025\/\" data-orig-file=\"https:\/\/cloud.alqueria.es\/wp-content\/uploads\/sites\/6\/2023\/09\/IMG-20230914-WA0025.jpg\" data-orig-size=\"2000,1500\" data-comments-opened=\"1\" data-image-meta=\"{&quot;aperture&quot;:&quot;0&quot;,&quot;credit&quot;:&quot;&quot;,&quot;camera&quot;:&quot;&quot;,&quot;caption&quot;:&quot;&quot;,&quot;created_timestamp&quot;:&quot;0&quot;,&quot;copyright&quot;:&quot;&quot;,&quot;focal_length&quot;:&quot;0&quot;,&quot;iso&quot;:&quot;0&quot;,&quot;shutter_speed&quot;:&quot;0&quot;,&quot;title&quot;:&quot;&quot;,&quot;orientation&quot;:&quot;0&quot;}\" data-image-title=\"IMG-20230914-WA0025\" data-image-description=\"\" data-image-caption=\"\" data-large-file=\"https:\/\/cloud.alqueria.es\/wp-content\/uploads\/sites\/6\/2023\/09\/IMG-20230914-WA0025-1024x768.jpg\" class=\"alignnone wp-image-34801 size-large\" src=\"https:\/\/cloud.alqueria.es\/wp-content\/uploads\/sites\/6\/2023\/09\/IMG-20230914-WA0025-1024x768.jpg\" alt=\"\" width=\"474\" height=\"356\" srcset=\"https:\/\/cloud.alqueria.es\/wp-content\/uploads\/sites\/6\/2023\/09\/IMG-20230914-WA0025-1024x768.jpg 1024w, https:\/\/cloud.alqueria.es\/wp-content\/uploads\/sites\/6\/2023\/09\/IMG-20230914-WA0025-300x225.jpg 300w, https:\/\/cloud.alqueria.es\/wp-content\/uploads\/sites\/6\/2023\/09\/IMG-20230914-WA0025-768x576.jpg 768w, https:\/\/cloud.alqueria.es\/wp-content\/uploads\/sites\/6\/2023\/09\/IMG-20230914-WA0025-1536x1152.jpg 1536w, https:\/\/cloud.alqueria.es\/wp-content\/uploads\/sites\/6\/2023\/09\/IMG-20230914-WA0025.jpg 2000w\" sizes=\"(max-width: 474px) 100vw, 474px\" \/><\/p>\n<p><img decoding=\"async\" data-attachment-id=\"34799\" data-permalink=\"https:\/\/www.alqueria.es\/blogs\/alqueriaprimerciclo\/2023\/09\/16\/bienvenidos-a-primaria-2\/img-20230914-wa0027\/\" data-orig-file=\"https:\/\/cloud.alqueria.es\/wp-content\/uploads\/sites\/6\/2023\/09\/IMG-20230914-WA0027.jpg\" data-orig-size=\"2000,1500\" data-comments-opened=\"1\" data-image-meta=\"{&quot;aperture&quot;:&quot;0&quot;,&quot;credit&quot;:&quot;&quot;,&quot;camera&quot;:&quot;&quot;,&quot;caption&quot;:&quot;&quot;,&quot;created_timestamp&quot;:&quot;0&quot;,&quot;copyright&quot;:&quot;&quot;,&quot;focal_length&quot;:&quot;0&quot;,&quot;iso&quot;:&quot;0&quot;,&quot;shutter_speed&quot;:&quot;0&quot;,&quot;title&quot;:&quot;&quot;,&quot;orientation&quot;:&quot;0&quot;}\" data-image-title=\"IMG-20230914-WA0027\" data-image-description=\"\" data-image-caption=\"\" data-large-file=\"https:\/\/cloud.alqueria.es\/wp-content\/uploads\/sites\/6\/2023\/09\/IMG-20230914-WA0027-1024x768.jpg\" class=\"alignnone wp-image-34799 size-large\" src=\"https:\/\/cloud.alqueria.es\/wp-content\/uploads\/sites\/6\/2023\/09\/IMG-20230914-WA0027-1024x768.jpg\" alt=\"\" width=\"474\" height=\"356\" srcset=\"https:\/\/cloud.alqueria.es\/wp-content\/uploads\/sites\/6\/2023\/09\/IMG-20230914-WA0027-1024x768.jpg 1024w, https:\/\/cloud.alqueria.es\/wp-content\/uploads\/sites\/6\/2023\/09\/IMG-20230914-WA0027-300x225.jpg 300w, https:\/\/cloud.alqueria.es\/wp-content\/uploads\/sites\/6\/2023\/09\/IMG-20230914-WA0027-768x576.jpg 768w, https:\/\/cloud.alqueria.es\/wp-content\/uploads\/sites\/6\/2023\/09\/IMG-20230914-WA0027-1536x1152.jpg 1536w, https:\/\/cloud.alqueria.es\/wp-content\/uploads\/sites\/6\/2023\/09\/IMG-20230914-WA0027.jpg 2000w\" sizes=\"(max-width: 474px) 100vw, 474px\" \/> <img decoding=\"async\" data-attachment-id=\"34800\" data-permalink=\"https:\/\/www.alqueria.es\/blogs\/alqueriaprimerciclo\/2023\/09\/16\/bienvenidos-a-primaria-2\/img-20230914-wa0023\/\" data-orig-file=\"https:\/\/cloud.alqueria.es\/wp-content\/uploads\/sites\/6\/2023\/09\/IMG-20230914-WA0023.jpg\" data-orig-size=\"2000,1500\" data-comments-opened=\"1\" data-image-meta=\"{&quot;aperture&quot;:&quot;0&quot;,&quot;credit&quot;:&quot;&quot;,&quot;camera&quot;:&quot;&quot;,&quot;caption&quot;:&quot;&quot;,&quot;created_timestamp&quot;:&quot;0&quot;,&quot;copyright&quot;:&quot;&quot;,&quot;focal_length&quot;:&quot;0&quot;,&quot;iso&quot;:&quot;0&quot;,&quot;shutter_speed&quot;:&quot;0&quot;,&quot;title&quot;:&quot;&quot;,&quot;orientation&quot;:&quot;0&quot;}\" data-image-title=\"IMG-20230914-WA0023\" data-image-description=\"\" data-image-caption=\"\" data-large-file=\"https:\/\/cloud.alqueria.es\/wp-content\/uploads\/sites\/6\/2023\/09\/IMG-20230914-WA0023-1024x768.jpg\" class=\"alignnone wp-image-34800 size-large\" src=\"https:\/\/cloud.alqueria.es\/wp-content\/uploads\/sites\/6\/2023\/09\/IMG-20230914-WA0023-1024x768.jpg\" alt=\"\" width=\"474\" height=\"356\" srcset=\"https:\/\/cloud.alqueria.es\/wp-content\/uploads\/sites\/6\/2023\/09\/IMG-20230914-WA0023-1024x768.jpg 1024w, https:\/\/cloud.alqueria.es\/wp-content\/uploads\/sites\/6\/2023\/09\/IMG-20230914-WA0023-300x225.jpg 300w, https:\/\/cloud.alqueria.es\/wp-content\/uploads\/sites\/6\/2023\/09\/IMG-20230914-WA0023-768x576.jpg 768w, https:\/\/cloud.alqueria.es\/wp-content\/uploads\/sites\/6\/2023\/09\/IMG-20230914-WA0023-1536x1152.jpg 1536w, https:\/\/cloud.alqueria.es\/wp-content\/uploads\/sites\/6\/2023\/09\/IMG-20230914-WA0023.jpg 2000w\" sizes=\"(max-width: 474px) 100vw, 474px\" \/> <img decoding=\"async\" data-attachment-id=\"34802\" data-permalink=\"https:\/\/www.alqueria.es\/blogs\/alqueriaprimerciclo\/2023\/09\/16\/bienvenidos-a-primaria-2\/img-20230914-wa0026\/\" data-orig-file=\"https:\/\/cloud.alqueria.es\/wp-content\/uploads\/sites\/6\/2023\/09\/IMG-20230914-WA0026.jpg\" data-orig-size=\"2000,1500\" data-comments-opened=\"1\" data-image-meta=\"{&quot;aperture&quot;:&quot;0&quot;,&quot;credit&quot;:&quot;&quot;,&quot;camera&quot;:&quot;&quot;,&quot;caption&quot;:&quot;&quot;,&quot;created_timestamp&quot;:&quot;0&quot;,&quot;copyright&quot;:&quot;&quot;,&quot;focal_length&quot;:&quot;0&quot;,&quot;iso&quot;:&quot;0&quot;,&quot;shutter_speed&quot;:&quot;0&quot;,&quot;title&quot;:&quot;&quot;,&quot;orientation&quot;:&quot;0&quot;}\" data-image-title=\"IMG-20230914-WA0026\" data-image-description=\"\" data-image-caption=\"\" data-large-file=\"https:\/\/cloud.alqueria.es\/wp-content\/uploads\/sites\/6\/2023\/09\/IMG-20230914-WA0026-1024x768.jpg\" class=\"alignnone wp-image-34802 size-large\" src=\"https:\/\/cloud.alqueria.es\/wp-content\/uploads\/sites\/6\/2023\/09\/IMG-20230914-WA0026-1024x768.jpg\" alt=\"\" width=\"474\" height=\"356\" srcset=\"https:\/\/cloud.alqueria.es\/wp-content\/uploads\/sites\/6\/2023\/09\/IMG-20230914-WA0026-1024x768.jpg 1024w, https:\/\/cloud.alqueria.es\/wp-content\/uploads\/sites\/6\/2023\/09\/IMG-20230914-WA0026-300x225.jpg 300w, https:\/\/cloud.alqueria.es\/wp-content\/uploads\/sites\/6\/2023\/09\/IMG-20230914-WA0026-768x576.jpg 768w, https:\/\/cloud.alqueria.es\/wp-content\/uploads\/sites\/6\/2023\/09\/IMG-20230914-WA0026-1536x1152.jpg 1536w, https:\/\/cloud.alqueria.es\/wp-content\/uploads\/sites\/6\/2023\/09\/IMG-20230914-WA0026.jpg 2000w\" sizes=\"(max-width: 474px) 100vw, 474px\" \/><\/p>\n<p><img decoding=\"async\" data-attachment-id=\"34798\" data-permalink=\"https:\/\/www.alqueria.es\/blogs\/alqueriaprimerciclo\/2023\/09\/16\/bienvenidos-a-primaria-2\/img-20230912-wa0004\/\" data-orig-file=\"https:\/\/cloud.alqueria.es\/wp-content\/uploads\/sites\/6\/2023\/09\/IMG-20230912-WA0004.jpg\" data-orig-size=\"1024,960\" data-comments-opened=\"1\" data-image-meta=\"{&quot;aperture&quot;:&quot;0&quot;,&quot;credit&quot;:&quot;&quot;,&quot;camera&quot;:&quot;&quot;,&quot;caption&quot;:&quot;&quot;,&quot;created_timestamp&quot;:&quot;0&quot;,&quot;copyright&quot;:&quot;&quot;,&quot;focal_length&quot;:&quot;0&quot;,&quot;iso&quot;:&quot;0&quot;,&quot;shutter_speed&quot;:&quot;0&quot;,&quot;title&quot;:&quot;&quot;,&quot;orientation&quot;:&quot;0&quot;}\" data-image-title=\"IMG-20230912-WA0004\" data-image-description=\"\" data-image-caption=\"\" data-large-file=\"https:\/\/cloud.alqueria.es\/wp-content\/uploads\/sites\/6\/2023\/09\/IMG-20230912-WA0004.jpg\" class=\"alignnone wp-image-34798 size-full\" src=\"https:\/\/cloud.alqueria.es\/wp-content\/uploads\/sites\/6\/2023\/09\/IMG-20230912-WA0004.jpg\" alt=\"\" width=\"1024\" height=\"960\" srcset=\"https:\/\/cloud.alqueria.es\/wp-content\/uploads\/sites\/6\/2023\/09\/IMG-20230912-WA0004.jpg 1024w, https:\/\/cloud.alqueria.es\/wp-content\/uploads\/sites\/6\/2023\/09\/IMG-20230912-WA0004-300x281.jpg 300w, https:\/\/cloud.alqueria.es\/wp-content\/uploads\/sites\/6\/2023\/09\/IMG-20230912-WA0004-768x720.jpg 768w\" sizes=\"(max-width: 1024px) 100vw, 1024px\" \/><\/p>\n<p>En clase reconocemos los <strong><span style=\"color: #008000\">espacios y materiales<\/span><\/strong> con los que vamos a interaccionar, jugar con construcciones nos relaja y permite interelacionarnos de forma l\u00fadica y agradable.<\/p>\n<div data-carousel-extra='{&quot;blog_id&quot;:6,&quot;permalink&quot;:&quot;https:\/\/www.alqueria.es\/blogs\/alqueriaprimerciclo\/2023\/09\/16\/bienvenidos-a-primaria-2\/&quot;}' id='gallery-1' class='gallery galleryid-34797 gallery-columns-3 gallery-size-thumbnail'><figure class='gallery-item'>\n\t\t\t<div class='gallery-icon portrait'>\n\t\t\t\t<a href='https:\/\/www.alqueria.es\/blogs\/alqueriaprimerciclo\/2023\/09\/16\/bienvenidos-a-primaria-2\/img-20230914-wa0029\/'><img decoding=\"async\" width=\"150\" height=\"150\" src=\"https:\/\/cloud.alqueria.es\/wp-content\/uploads\/sites\/6\/2023\/09\/IMG-20230914-WA0029-150x150.jpg\" class=\"attachment-thumbnail size-thumbnail\" alt=\"\" data-attachment-id=\"34808\" data-permalink=\"https:\/\/www.alqueria.es\/blogs\/alqueriaprimerciclo\/2023\/09\/16\/bienvenidos-a-primaria-2\/img-20230914-wa0029\/\" data-orig-file=\"https:\/\/cloud.alqueria.es\/wp-content\/uploads\/sites\/6\/2023\/09\/IMG-20230914-WA0029.jpg\" data-orig-size=\"1500,2000\" data-comments-opened=\"1\" data-image-meta=\"{&quot;aperture&quot;:&quot;0&quot;,&quot;credit&quot;:&quot;&quot;,&quot;camera&quot;:&quot;&quot;,&quot;caption&quot;:&quot;&quot;,&quot;created_timestamp&quot;:&quot;0&quot;,&quot;copyright&quot;:&quot;&quot;,&quot;focal_length&quot;:&quot;0&quot;,&quot;iso&quot;:&quot;0&quot;,&quot;shutter_speed&quot;:&quot;0&quot;,&quot;title&quot;:&quot;&quot;,&quot;orientation&quot;:&quot;0&quot;}\" data-image-title=\"IMG-20230914-WA0029\" data-image-description=\"\" data-image-caption=\"\" data-large-file=\"https:\/\/cloud.alqueria.es\/wp-content\/uploads\/sites\/6\/2023\/09\/IMG-20230914-WA0029-768x1024.jpg\" \/><\/a>\n\t\t\t<\/div><\/figure><figure class='gallery-item'>\n\t\t\t<div class='gallery-icon landscape'>\n\t\t\t\t<a href='https:\/\/www.alqueria.es\/blogs\/alqueriaprimerciclo\/2023\/09\/16\/bienvenidos-a-primaria-2\/img-20230914-wa0034\/'><img decoding=\"async\" width=\"150\" height=\"150\" src=\"https:\/\/cloud.alqueria.es\/wp-content\/uploads\/sites\/6\/2023\/09\/IMG-20230914-WA0034-150x150.jpg\" class=\"attachment-thumbnail size-thumbnail\" alt=\"\" data-attachment-id=\"34807\" data-permalink=\"https:\/\/www.alqueria.es\/blogs\/alqueriaprimerciclo\/2023\/09\/16\/bienvenidos-a-primaria-2\/img-20230914-wa0034\/\" data-orig-file=\"https:\/\/cloud.alqueria.es\/wp-content\/uploads\/sites\/6\/2023\/09\/IMG-20230914-WA0034.jpg\" data-orig-size=\"2000,1500\" data-comments-opened=\"1\" data-image-meta=\"{&quot;aperture&quot;:&quot;0&quot;,&quot;credit&quot;:&quot;&quot;,&quot;camera&quot;:&quot;&quot;,&quot;caption&quot;:&quot;&quot;,&quot;created_timestamp&quot;:&quot;0&quot;,&quot;copyright&quot;:&quot;&quot;,&quot;focal_length&quot;:&quot;0&quot;,&quot;iso&quot;:&quot;0&quot;,&quot;shutter_speed&quot;:&quot;0&quot;,&quot;title&quot;:&quot;&quot;,&quot;orientation&quot;:&quot;0&quot;}\" data-image-title=\"IMG-20230914-WA0034\" data-image-description=\"\" data-image-caption=\"\" data-large-file=\"https:\/\/cloud.alqueria.es\/wp-content\/uploads\/sites\/6\/2023\/09\/IMG-20230914-WA0034-1024x768.jpg\" \/><\/a>\n\t\t\t<\/div><\/figure><figure class='gallery-item'>\n\t\t\t<div class='gallery-icon landscape'>\n\t\t\t\t<a href='https:\/\/www.alqueria.es\/blogs\/alqueriaprimerciclo\/2023\/09\/16\/bienvenidos-a-primaria-2\/img-20230914-wa0028\/'><img decoding=\"async\" width=\"150\" height=\"150\" src=\"https:\/\/cloud.alqueria.es\/wp-content\/uploads\/sites\/6\/2023\/09\/IMG-20230914-WA0028-150x150.jpg\" class=\"attachment-thumbnail size-thumbnail\" alt=\"\" data-attachment-id=\"34806\" data-permalink=\"https:\/\/www.alqueria.es\/blogs\/alqueriaprimerciclo\/2023\/09\/16\/bienvenidos-a-primaria-2\/img-20230914-wa0028\/\" data-orig-file=\"https:\/\/cloud.alqueria.es\/wp-content\/uploads\/sites\/6\/2023\/09\/IMG-20230914-WA0028.jpg\" data-orig-size=\"2000,1500\" data-comments-opened=\"1\" data-image-meta=\"{&quot;aperture&quot;:&quot;0&quot;,&quot;credit&quot;:&quot;&quot;,&quot;camera&quot;:&quot;&quot;,&quot;caption&quot;:&quot;&quot;,&quot;created_timestamp&quot;:&quot;0&quot;,&quot;copyright&quot;:&quot;&quot;,&quot;focal_length&quot;:&quot;0&quot;,&quot;iso&quot;:&quot;0&quot;,&quot;shutter_speed&quot;:&quot;0&quot;,&quot;title&quot;:&quot;&quot;,&quot;orientation&quot;:&quot;0&quot;}\" data-image-title=\"IMG-20230914-WA0028\" data-image-description=\"\" data-image-caption=\"\" data-large-file=\"https:\/\/cloud.alqueria.es\/wp-content\/uploads\/sites\/6\/2023\/09\/IMG-20230914-WA0028-1024x768.jpg\" \/><\/a>\n\t\t\t<\/div><\/figure><figure class='gallery-item'>\n\t\t\t<div class='gallery-icon landscape'>\n\t\t\t\t<a href='https:\/\/www.alqueria.es\/blogs\/alqueriaprimerciclo\/2023\/09\/16\/bienvenidos-a-primaria-2\/img-20230914-wa0030\/'><img decoding=\"async\" width=\"150\" height=\"150\" src=\"https:\/\/cloud.alqueria.es\/wp-content\/uploads\/sites\/6\/2023\/09\/IMG-20230914-WA0030-150x150.jpg\" class=\"attachment-thumbnail size-thumbnail\" alt=\"\" data-attachment-id=\"34805\" data-permalink=\"https:\/\/www.alqueria.es\/blogs\/alqueriaprimerciclo\/2023\/09\/16\/bienvenidos-a-primaria-2\/img-20230914-wa0030\/\" data-orig-file=\"https:\/\/cloud.alqueria.es\/wp-content\/uploads\/sites\/6\/2023\/09\/IMG-20230914-WA0030.jpg\" data-orig-size=\"2000,1500\" data-comments-opened=\"1\" data-image-meta=\"{&quot;aperture&quot;:&quot;0&quot;,&quot;credit&quot;:&quot;&quot;,&quot;camera&quot;:&quot;&quot;,&quot;caption&quot;:&quot;&quot;,&quot;created_timestamp&quot;:&quot;0&quot;,&quot;copyright&quot;:&quot;&quot;,&quot;focal_length&quot;:&quot;0&quot;,&quot;iso&quot;:&quot;0&quot;,&quot;shutter_speed&quot;:&quot;0&quot;,&quot;title&quot;:&quot;&quot;,&quot;orientation&quot;:&quot;0&quot;}\" data-image-title=\"IMG-20230914-WA0030\" data-image-description=\"\" data-image-caption=\"\" data-large-file=\"https:\/\/cloud.alqueria.es\/wp-content\/uploads\/sites\/6\/2023\/09\/IMG-20230914-WA0030-1024x768.jpg\" \/><\/a>\n\t\t\t<\/div><\/figure><figure class='gallery-item'>\n\t\t\t<div class='gallery-icon landscape'>\n\t\t\t\t<a href='https:\/\/www.alqueria.es\/blogs\/alqueriaprimerciclo\/2023\/09\/16\/bienvenidos-a-primaria-2\/img-20230914-wa0035\/'><img decoding=\"async\" width=\"150\" height=\"150\" src=\"https:\/\/cloud.alqueria.es\/wp-content\/uploads\/sites\/6\/2023\/09\/IMG-20230914-WA0035-150x150.jpg\" class=\"attachment-thumbnail size-thumbnail\" alt=\"\" data-attachment-id=\"34804\" data-permalink=\"https:\/\/www.alqueria.es\/blogs\/alqueriaprimerciclo\/2023\/09\/16\/bienvenidos-a-primaria-2\/img-20230914-wa0035\/\" data-orig-file=\"https:\/\/cloud.alqueria.es\/wp-content\/uploads\/sites\/6\/2023\/09\/IMG-20230914-WA0035.jpg\" data-orig-size=\"2000,1500\" data-comments-opened=\"1\" data-image-meta=\"{&quot;aperture&quot;:&quot;0&quot;,&quot;credit&quot;:&quot;&quot;,&quot;camera&quot;:&quot;&quot;,&quot;caption&quot;:&quot;&quot;,&quot;created_timestamp&quot;:&quot;0&quot;,&quot;copyright&quot;:&quot;&quot;,&quot;focal_length&quot;:&quot;0&quot;,&quot;iso&quot;:&quot;0&quot;,&quot;shutter_speed&quot;:&quot;0&quot;,&quot;title&quot;:&quot;&quot;,&quot;orientation&quot;:&quot;0&quot;}\" data-image-title=\"IMG-20230914-WA0035\" data-image-description=\"\" data-image-caption=\"\" data-large-file=\"https:\/\/cloud.alqueria.es\/wp-content\/uploads\/sites\/6\/2023\/09\/IMG-20230914-WA0035-1024x768.jpg\" \/><\/a>\n\t\t\t<\/div><\/figure><figure class='gallery-item'>\n\t\t\t<div class='gallery-icon portrait'>\n\t\t\t\t<a href='https:\/\/www.alqueria.es\/blogs\/alqueriaprimerciclo\/2023\/09\/16\/bienvenidos-a-primaria-2\/img-20230914-wa0032\/'><img decoding=\"async\" width=\"150\" height=\"150\" src=\"https:\/\/cloud.alqueria.es\/wp-content\/uploads\/sites\/6\/2023\/09\/IMG-20230914-WA0032-150x150.jpg\" class=\"attachment-thumbnail size-thumbnail\" alt=\"\" data-attachment-id=\"34803\" data-permalink=\"https:\/\/www.alqueria.es\/blogs\/alqueriaprimerciclo\/2023\/09\/16\/bienvenidos-a-primaria-2\/img-20230914-wa0032\/\" data-orig-file=\"https:\/\/cloud.alqueria.es\/wp-content\/uploads\/sites\/6\/2023\/09\/IMG-20230914-WA0032.jpg\" data-orig-size=\"1500,2000\" data-comments-opened=\"1\" data-image-meta=\"{&quot;aperture&quot;:&quot;0&quot;,&quot;credit&quot;:&quot;&quot;,&quot;camera&quot;:&quot;&quot;,&quot;caption&quot;:&quot;&quot;,&quot;created_timestamp&quot;:&quot;0&quot;,&quot;copyright&quot;:&quot;&quot;,&quot;focal_length&quot;:&quot;0&quot;,&quot;iso&quot;:&quot;0&quot;,&quot;shutter_speed&quot;:&quot;0&quot;,&quot;title&quot;:&quot;&quot;,&quot;orientation&quot;:&quot;0&quot;}\" data-image-title=\"IMG-20230914-WA0032\" data-image-description=\"\" data-image-caption=\"\" data-large-file=\"https:\/\/cloud.alqueria.es\/wp-content\/uploads\/sites\/6\/2023\/09\/IMG-20230914-WA0032-768x1024.jpg\" \/><\/a>\n\t\t\t<\/div><\/figure>\n\t\t<\/div>\n\n<p><strong><span style=\"color: #008000\">Organizamos los materiales<\/span><\/strong> con los que vamos a trabajar . En el estuche que traemos de casa, el l\u00e1piz y goma, otro estuche de grupo con rotuladores y colores. Una carpeta de cada para llevar trabajitos o libros .<\/p>\n<p>Tenemos una\u00a0 libreta <strong><span style=\"color: #008000\">Mi diario<\/span>, <\/strong>que\u00a0nos acompa\u00f1ar\u00e1 en nuestro aprendizaje escribiendo en ella cosas de nuestra vida.<\/p>\n<p><img decoding=\"async\" data-attachment-id=\"34817\" data-permalink=\"https:\/\/www.alqueria.es\/blogs\/alqueriaprimerciclo\/2023\/09\/16\/bienvenidos-a-primaria-2\/img-20230916-wa0005\/\" data-orig-file=\"https:\/\/cloud.alqueria.es\/wp-content\/uploads\/sites\/6\/2023\/09\/IMG-20230916-WA0005.jpg\" data-orig-size=\"2000,1500\" data-comments-opened=\"1\" data-image-meta=\"{&quot;aperture&quot;:&quot;0&quot;,&quot;credit&quot;:&quot;&quot;,&quot;camera&quot;:&quot;&quot;,&quot;caption&quot;:&quot;&quot;,&quot;created_timestamp&quot;:&quot;0&quot;,&quot;copyright&quot;:&quot;&quot;,&quot;focal_length&quot;:&quot;0&quot;,&quot;iso&quot;:&quot;0&quot;,&quot;shutter_speed&quot;:&quot;0&quot;,&quot;title&quot;:&quot;&quot;,&quot;orientation&quot;:&quot;0&quot;}\" data-image-title=\"IMG-20230916-WA0005\" data-image-description=\"\" data-image-caption=\"\" data-large-file=\"https:\/\/cloud.alqueria.es\/wp-content\/uploads\/sites\/6\/2023\/09\/IMG-20230916-WA0005-1024x768.jpg\" class=\"alignnone size-medium wp-image-34817\" src=\"https:\/\/cloud.alqueria.es\/wp-content\/uploads\/sites\/6\/2023\/09\/IMG-20230916-WA0005-300x225.jpg\" alt=\"\" width=\"300\" height=\"225\" srcset=\"https:\/\/cloud.alqueria.es\/wp-content\/uploads\/sites\/6\/2023\/09\/IMG-20230916-WA0005-300x225.jpg 300w, https:\/\/cloud.alqueria.es\/wp-content\/uploads\/sites\/6\/2023\/09\/IMG-20230916-WA0005-1024x768.jpg 1024w, https:\/\/cloud.alqueria.es\/wp-content\/uploads\/sites\/6\/2023\/09\/IMG-20230916-WA0005-768x576.jpg 768w, https:\/\/cloud.alqueria.es\/wp-content\/uploads\/sites\/6\/2023\/09\/IMG-20230916-WA0005-1536x1152.jpg 1536w, https:\/\/cloud.alqueria.es\/wp-content\/uploads\/sites\/6\/2023\/09\/IMG-20230916-WA0005.jpg 2000w\" sizes=\"(max-width: 300px) 100vw, 300px\" \/><\/p>\n<p>\u00a1Que emoci\u00f3n verlo reunidos en clase!<\/p>\n<p>El <span style=\"color: #008000\"><strong>orden<\/strong><\/span> es muy importante para estar tranquilos durante nuestro proceso de aprendizaje.Tenemos una carpeta clasificadora para ir guardando los trabajos que realicemos por \u00e1reas.<img decoding=\"async\" data-attachment-id=\"34822\" data-permalink=\"https:\/\/www.alqueria.es\/blogs\/alqueriaprimerciclo\/2023\/09\/16\/bienvenidos-a-primaria-2\/img-20230916-wa0002\/\" data-orig-file=\"https:\/\/cloud.alqueria.es\/wp-content\/uploads\/sites\/6\/2023\/09\/IMG-20230916-WA0002.jpg\" data-orig-size=\"2000,1159\" data-comments-opened=\"1\" data-image-meta=\"{&quot;aperture&quot;:&quot;0&quot;,&quot;credit&quot;:&quot;&quot;,&quot;camera&quot;:&quot;&quot;,&quot;caption&quot;:&quot;&quot;,&quot;created_timestamp&quot;:&quot;0&quot;,&quot;copyright&quot;:&quot;&quot;,&quot;focal_length&quot;:&quot;0&quot;,&quot;iso&quot;:&quot;0&quot;,&quot;shutter_speed&quot;:&quot;0&quot;,&quot;title&quot;:&quot;&quot;,&quot;orientation&quot;:&quot;0&quot;}\" data-image-title=\"IMG-20230916-WA0002\" data-image-description=\"\" data-image-caption=\"\" data-large-file=\"https:\/\/cloud.alqueria.es\/wp-content\/uploads\/sites\/6\/2023\/09\/IMG-20230916-WA0002-1024x593.jpg\" class=\"alignnone size-medium wp-image-34822\" src=\"https:\/\/cloud.alqueria.es\/wp-content\/uploads\/sites\/6\/2023\/09\/IMG-20230916-WA0002-300x174.jpg\" alt=\"\" width=\"300\" height=\"174\" srcset=\"https:\/\/cloud.alqueria.es\/wp-content\/uploads\/sites\/6\/2023\/09\/IMG-20230916-WA0002-300x174.jpg 300w, https:\/\/cloud.alqueria.es\/wp-content\/uploads\/sites\/6\/2023\/09\/IMG-20230916-WA0002-1024x593.jpg 1024w, https:\/\/cloud.alqueria.es\/wp-content\/uploads\/sites\/6\/2023\/09\/IMG-20230916-WA0002-768x445.jpg 768w, https:\/\/cloud.alqueria.es\/wp-content\/uploads\/sites\/6\/2023\/09\/IMG-20230916-WA0002-1536x890.jpg 1536w, https:\/\/cloud.alqueria.es\/wp-content\/uploads\/sites\/6\/2023\/09\/IMG-20230916-WA0002.jpg 2000w\" sizes=\"(max-width: 300px) 100vw, 300px\" \/><\/p>\n<p>En clase tendremos cada d\u00eda un <strong><span style=\"color: #008000\">responsable<\/span><\/strong> de mantener el orden y cuidado de las plantas, los peces, materiales&#8230;<\/p>\n<p>Hemos tra\u00eddo tres peces\u00a0 del estanque para cuidarlos en clase.<\/p>\n<p><img decoding=\"async\" data-attachment-id=\"34824\" data-permalink=\"https:\/\/www.alqueria.es\/blogs\/alqueriaprimerciclo\/2023\/09\/16\/bienvenidos-a-primaria-2\/img-20230914-wa00091\/\" data-orig-file=\"https:\/\/cloud.alqueria.es\/wp-content\/uploads\/sites\/6\/2023\/09\/IMG-20230914-WA00091.jpg\" data-orig-size=\"2000,1500\" data-comments-opened=\"1\" data-image-meta=\"{&quot;aperture&quot;:&quot;0&quot;,&quot;credit&quot;:&quot;&quot;,&quot;camera&quot;:&quot;&quot;,&quot;caption&quot;:&quot;&quot;,&quot;created_timestamp&quot;:&quot;0&quot;,&quot;copyright&quot;:&quot;&quot;,&quot;focal_length&quot;:&quot;0&quot;,&quot;iso&quot;:&quot;0&quot;,&quot;shutter_speed&quot;:&quot;0&quot;,&quot;title&quot;:&quot;&quot;,&quot;orientation&quot;:&quot;0&quot;}\" data-image-title=\"IMG-20230914-WA0009(1)\" data-image-description=\"\" data-image-caption=\"\" data-large-file=\"https:\/\/cloud.alqueria.es\/wp-content\/uploads\/sites\/6\/2023\/09\/IMG-20230914-WA00091-1024x768.jpg\" class=\"alignnone size-medium wp-image-34824\" src=\"https:\/\/cloud.alqueria.es\/wp-content\/uploads\/sites\/6\/2023\/09\/IMG-20230914-WA00091-300x225.jpg\" alt=\"\" width=\"300\" height=\"225\" srcset=\"https:\/\/cloud.alqueria.es\/wp-content\/uploads\/sites\/6\/2023\/09\/IMG-20230914-WA00091-300x225.jpg 300w, https:\/\/cloud.alqueria.es\/wp-content\/uploads\/sites\/6\/2023\/09\/IMG-20230914-WA00091-1024x768.jpg 1024w, https:\/\/cloud.alqueria.es\/wp-content\/uploads\/sites\/6\/2023\/09\/IMG-20230914-WA00091-768x576.jpg 768w, https:\/\/cloud.alqueria.es\/wp-content\/uploads\/sites\/6\/2023\/09\/IMG-20230914-WA00091-1536x1152.jpg 1536w, https:\/\/cloud.alqueria.es\/wp-content\/uploads\/sites\/6\/2023\/09\/IMG-20230914-WA00091.jpg 2000w\" sizes=\"(max-width: 300px) 100vw, 300px\" \/><\/p>\n<p>En <strong><span style=\"color: #008000\">art\u00edstica<\/span><\/strong> con Ana nos hemos realizado nuestra libreta de art\u00edstica, personalizada a nuestro gusto.<\/p>\n<p><img decoding=\"async\" data-attachment-id=\"34820\" data-permalink=\"https:\/\/www.alqueria.es\/blogs\/alqueriaprimerciclo\/2023\/09\/16\/bienvenidos-a-primaria-2\/img-20230916-wa0001\/\" data-orig-file=\"https:\/\/cloud.alqueria.es\/wp-content\/uploads\/sites\/6\/2023\/09\/IMG-20230916-WA0001.jpg\" data-orig-size=\"1739,1366\" data-comments-opened=\"1\" data-image-meta=\"{&quot;aperture&quot;:&quot;0&quot;,&quot;credit&quot;:&quot;&quot;,&quot;camera&quot;:&quot;&quot;,&quot;caption&quot;:&quot;&quot;,&quot;created_timestamp&quot;:&quot;0&quot;,&quot;copyright&quot;:&quot;&quot;,&quot;focal_length&quot;:&quot;0&quot;,&quot;iso&quot;:&quot;0&quot;,&quot;shutter_speed&quot;:&quot;0&quot;,&quot;title&quot;:&quot;&quot;,&quot;orientation&quot;:&quot;0&quot;}\" data-image-title=\"IMG-20230916-WA0001\" data-image-description=\"\" data-image-caption=\"\" data-large-file=\"https:\/\/cloud.alqueria.es\/wp-content\/uploads\/sites\/6\/2023\/09\/IMG-20230916-WA0001-1024x804.jpg\" class=\"alignnone size-medium wp-image-34820\" src=\"https:\/\/cloud.alqueria.es\/wp-content\/uploads\/sites\/6\/2023\/09\/IMG-20230916-WA0001-300x236.jpg\" alt=\"\" width=\"300\" height=\"236\" srcset=\"https:\/\/cloud.alqueria.es\/wp-content\/uploads\/sites\/6\/2023\/09\/IMG-20230916-WA0001-300x236.jpg 300w, https:\/\/cloud.alqueria.es\/wp-content\/uploads\/sites\/6\/2023\/09\/IMG-20230916-WA0001-1024x804.jpg 1024w, https:\/\/cloud.alqueria.es\/wp-content\/uploads\/sites\/6\/2023\/09\/IMG-20230916-WA0001-768x603.jpg 768w, https:\/\/cloud.alqueria.es\/wp-content\/uploads\/sites\/6\/2023\/09\/IMG-20230916-WA0001-1536x1207.jpg 1536w, https:\/\/cloud.alqueria.es\/wp-content\/uploads\/sites\/6\/2023\/09\/IMG-20230916-WA0001.jpg 1739w\" sizes=\"(max-width: 300px) 100vw, 300px\" \/><\/p>\n<p>Los lunes seremos los responsables de cuidar el <strong><span style=\"color: #008000\">huerto y granja<\/span><\/strong>, nuestras gallinas han sido muy generosas y nos han regalado 18 huevos, as\u00ed que en esta ocasi\u00f3n hemos podido llevarnos uno a casa. Damos de comer a los peces y tortugas del estanque.<\/p>\n<p><img decoding=\"async\" data-attachment-id=\"34823\" data-permalink=\"https:\/\/www.alqueria.es\/blogs\/alqueriaprimerciclo\/2023\/09\/16\/bienvenidos-a-primaria-2\/img-20230914-wa00161\/\" data-orig-file=\"https:\/\/cloud.alqueria.es\/wp-content\/uploads\/sites\/6\/2023\/09\/IMG-20230914-WA00161.jpg\" data-orig-size=\"2000,1500\" data-comments-opened=\"1\" data-image-meta=\"{&quot;aperture&quot;:&quot;0&quot;,&quot;credit&quot;:&quot;&quot;,&quot;camera&quot;:&quot;&quot;,&quot;caption&quot;:&quot;&quot;,&quot;created_timestamp&quot;:&quot;0&quot;,&quot;copyright&quot;:&quot;&quot;,&quot;focal_length&quot;:&quot;0&quot;,&quot;iso&quot;:&quot;0&quot;,&quot;shutter_speed&quot;:&quot;0&quot;,&quot;title&quot;:&quot;&quot;,&quot;orientation&quot;:&quot;0&quot;}\" data-image-title=\"IMG-20230914-WA0016(1)\" data-image-description=\"\" data-image-caption=\"\" data-large-file=\"https:\/\/cloud.alqueria.es\/wp-content\/uploads\/sites\/6\/2023\/09\/IMG-20230914-WA00161-1024x768.jpg\" class=\"alignnone size-medium wp-image-34823\" src=\"https:\/\/cloud.alqueria.es\/wp-content\/uploads\/sites\/6\/2023\/09\/IMG-20230914-WA00161-300x225.jpg\" alt=\"\" width=\"300\" height=\"225\" srcset=\"https:\/\/cloud.alqueria.es\/wp-content\/uploads\/sites\/6\/2023\/09\/IMG-20230914-WA00161-300x225.jpg 300w, https:\/\/cloud.alqueria.es\/wp-content\/uploads\/sites\/6\/2023\/09\/IMG-20230914-WA00161-1024x768.jpg 1024w, https:\/\/cloud.alqueria.es\/wp-content\/uploads\/sites\/6\/2023\/09\/IMG-20230914-WA00161-768x576.jpg 768w, https:\/\/cloud.alqueria.es\/wp-content\/uploads\/sites\/6\/2023\/09\/IMG-20230914-WA00161-1536x1152.jpg 1536w, https:\/\/cloud.alqueria.es\/wp-content\/uploads\/sites\/6\/2023\/09\/IMG-20230914-WA00161.jpg 2000w\" sizes=\"(max-width: 300px) 100vw, 300px\" \/><\/p>\n<p><img decoding=\"async\" data-attachment-id=\"34825\" data-permalink=\"https:\/\/www.alqueria.es\/blogs\/alqueriaprimerciclo\/2023\/09\/16\/bienvenidos-a-primaria-2\/img-20230914-wa0014\/\" data-orig-file=\"https:\/\/cloud.alqueria.es\/wp-content\/uploads\/sites\/6\/2023\/09\/IMG-20230914-WA0014.jpg\" data-orig-size=\"2000,1500\" data-comments-opened=\"1\" data-image-meta=\"{&quot;aperture&quot;:&quot;0&quot;,&quot;credit&quot;:&quot;&quot;,&quot;camera&quot;:&quot;&quot;,&quot;caption&quot;:&quot;&quot;,&quot;created_timestamp&quot;:&quot;0&quot;,&quot;copyright&quot;:&quot;&quot;,&quot;focal_length&quot;:&quot;0&quot;,&quot;iso&quot;:&quot;0&quot;,&quot;shutter_speed&quot;:&quot;0&quot;,&quot;title&quot;:&quot;&quot;,&quot;orientation&quot;:&quot;0&quot;}\" data-image-title=\"IMG-20230914-WA0014\" data-image-description=\"\" data-image-caption=\"\" data-large-file=\"https:\/\/cloud.alqueria.es\/wp-content\/uploads\/sites\/6\/2023\/09\/IMG-20230914-WA0014-1024x768.jpg\" class=\"alignnone size-medium wp-image-34825\" src=\"https:\/\/cloud.alqueria.es\/wp-content\/uploads\/sites\/6\/2023\/09\/IMG-20230914-WA0014-300x225.jpg\" alt=\"\" width=\"300\" height=\"225\" srcset=\"https:\/\/cloud.alqueria.es\/wp-content\/uploads\/sites\/6\/2023\/09\/IMG-20230914-WA0014-300x225.jpg 300w, https:\/\/cloud.alqueria.es\/wp-content\/uploads\/sites\/6\/2023\/09\/IMG-20230914-WA0014-1024x768.jpg 1024w, https:\/\/cloud.alqueria.es\/wp-content\/uploads\/sites\/6\/2023\/09\/IMG-20230914-WA0014-768x576.jpg 768w, https:\/\/cloud.alqueria.es\/wp-content\/uploads\/sites\/6\/2023\/09\/IMG-20230914-WA0014-1536x1152.jpg 1536w, https:\/\/cloud.alqueria.es\/wp-content\/uploads\/sites\/6\/2023\/09\/IMG-20230914-WA0014.jpg 2000w\" sizes=\"(max-width: 300px) 100vw, 300px\" \/> <img decoding=\"async\" data-attachment-id=\"34826\" data-permalink=\"https:\/\/www.alqueria.es\/blogs\/alqueriaprimerciclo\/2023\/09\/16\/bienvenidos-a-primaria-2\/img-20230914-wa00171\/\" data-orig-file=\"https:\/\/cloud.alqueria.es\/wp-content\/uploads\/sites\/6\/2023\/09\/IMG-20230914-WA00171.jpg\" data-orig-size=\"1500,2000\" data-comments-opened=\"1\" data-image-meta=\"{&quot;aperture&quot;:&quot;0&quot;,&quot;credit&quot;:&quot;&quot;,&quot;camera&quot;:&quot;&quot;,&quot;caption&quot;:&quot;&quot;,&quot;created_timestamp&quot;:&quot;0&quot;,&quot;copyright&quot;:&quot;&quot;,&quot;focal_length&quot;:&quot;0&quot;,&quot;iso&quot;:&quot;0&quot;,&quot;shutter_speed&quot;:&quot;0&quot;,&quot;title&quot;:&quot;&quot;,&quot;orientation&quot;:&quot;0&quot;}\" data-image-title=\"IMG-20230914-WA0017(1)\" data-image-description=\"\" data-image-caption=\"\" data-large-file=\"https:\/\/cloud.alqueria.es\/wp-content\/uploads\/sites\/6\/2023\/09\/IMG-20230914-WA00171-768x1024.jpg\" class=\"alignnone size-medium wp-image-34826\" src=\"https:\/\/cloud.alqueria.es\/wp-content\/uploads\/sites\/6\/2023\/09\/IMG-20230914-WA00171-225x300.jpg\" alt=\"\" width=\"225\" height=\"300\" srcset=\"https:\/\/cloud.alqueria.es\/wp-content\/uploads\/sites\/6\/2023\/09\/IMG-20230914-WA00171-225x300.jpg 225w, https:\/\/cloud.alqueria.es\/wp-content\/uploads\/sites\/6\/2023\/09\/IMG-20230914-WA00171-768x1024.jpg 768w, https:\/\/cloud.alqueria.es\/wp-content\/uploads\/sites\/6\/2023\/09\/IMG-20230914-WA00171-1152x1536.jpg 1152w, https:\/\/cloud.alqueria.es\/wp-content\/uploads\/sites\/6\/2023\/09\/IMG-20230914-WA00171.jpg 1500w\" sizes=\"(max-width: 225px) 100vw, 225px\" \/><\/p>\n<p style=\"text-align: left\">Comenzamos a contar una fant\u00e1stica historia llamada<span style=\"color: #008000\"><strong> El bosque del sonido, <\/strong><span style=\"color: #000000\">nos acompa\u00f1ar\u00e1 unos meses con sus\u00a0 divertidas aventuras, a la vez que nos dar\u00e1 a conocer las letras que necesitamos para escribir todas las cosas que tenemos que contaros. Hemos dibujado como nos imaginamos a los personajes, pod\u00e9is verlo <strong>expuesto<\/strong> en el tabl\u00f3n de clase.<\/span><\/span><\/p>\n<p>&nbsp;<\/p>\n<p>En <strong><span style=\"color: #008000\">asamblea<\/span><\/strong> hablamos\u00a0 de nuestros juegos favoritos en casa y en el colegio, o de las normas que nos van ayudar a estar seguros y tranquilos en el cole, tambi\u00e9n de las <strong><span style=\"color: #008000\">conferencias<\/span><\/strong> que se realizan en primaria y estamos muy interesados en poder hacer con el tema que m\u00e1s nos guste mas, ya tenemos pensado uno, pero la pr\u00f3xima semana os lo diremos en una <strong><span style=\"color: #008000\">carta<\/span><\/strong>.<\/p>\n<p>El viernes visitamos la <span style=\"color: #008000\"><strong>biblioteca<\/strong><\/span> , nos encanta poder ver cu\u00e1ntos libros hay de nuestro inter\u00e9s que podremos llevar a casa en servicio de pr\u00e9stamo.<\/p>\n<p>C\u00f3mo pod\u00e9is imaginar y se que os lo han comunicado , ha sido una semana llena de emociones, vivida con mucho entusiasmo.<\/p>\n<p><img decoding=\"async\" data-attachment-id=\"34815\" data-permalink=\"https:\/\/www.alqueria.es\/blogs\/alqueriaprimerciclo\/2023\/09\/16\/bienvenidos-a-primaria-2\/img-20230916-wa0000\/\" data-orig-file=\"https:\/\/cloud.alqueria.es\/wp-content\/uploads\/sites\/6\/2023\/09\/IMG-20230916-WA0000.jpg\" data-orig-size=\"1500,2000\" data-comments-opened=\"1\" data-image-meta=\"{&quot;aperture&quot;:&quot;0&quot;,&quot;credit&quot;:&quot;&quot;,&quot;camera&quot;:&quot;&quot;,&quot;caption&quot;:&quot;&quot;,&quot;created_timestamp&quot;:&quot;0&quot;,&quot;copyright&quot;:&quot;&quot;,&quot;focal_length&quot;:&quot;0&quot;,&quot;iso&quot;:&quot;0&quot;,&quot;shutter_speed&quot;:&quot;0&quot;,&quot;title&quot;:&quot;&quot;,&quot;orientation&quot;:&quot;0&quot;}\" data-image-title=\"IMG-20230916-WA0000\" data-image-description=\"\" data-image-caption=\"\" data-large-file=\"https:\/\/cloud.alqueria.es\/wp-content\/uploads\/sites\/6\/2023\/09\/IMG-20230916-WA0000-768x1024.jpg\" class=\"alignnone wp-image-34815 size-full\" src=\"https:\/\/cloud.alqueria.es\/wp-content\/uploads\/sites\/6\/2023\/09\/IMG-20230916-WA0000.jpg\" alt=\"\" width=\"1500\" height=\"2000\" srcset=\"https:\/\/cloud.alqueria.es\/wp-content\/uploads\/sites\/6\/2023\/09\/IMG-20230916-WA0000.jpg 1500w, https:\/\/cloud.alqueria.es\/wp-content\/uploads\/sites\/6\/2023\/09\/IMG-20230916-WA0000-225x300.jpg 225w, https:\/\/cloud.alqueria.es\/wp-content\/uploads\/sites\/6\/2023\/09\/IMG-20230916-WA0000-768x1024.jpg 768w, https:\/\/cloud.alqueria.es\/wp-content\/uploads\/sites\/6\/2023\/09\/IMG-20230916-WA0000-1152x1536.jpg 1152w\" sizes=\"(max-width: 1500px) 100vw, 1500px\" \/><\/p>\n<p>Desde esta ventana estaremos en contacto para <strong><span style=\"color: #008000\">informaros<\/span><\/strong> semanalmente de lo acontecido en el grupo . Esperamos vuestros comentarios que enriquecer\u00e1n la comunicaci\u00f3n.<\/p>\n<p>Activa el\u00a0 \u00a0aviso\u00a0 y sabr\u00e1s cu\u00e1ndo se actualiza la entrada.<\/p>\n<p>Os deseo un grato fin de semana, seguimos el lunes.<\/p>\n<p>Dar\u00eda F.<\/p>\n","protected":false},"excerpt":{"rendered":"<p>El equipo de Alquer\u00eda Educaci\u00f3n os da la bienvenida a todas las familias que vais a formar parte de este proyecto durante el curso 23-24. Os agradecemos la confianza que hab\u00e9is puesto al seleccionarnos como centro colaborador en la educaci\u00f3n de vuestros hijos e hijas. De forma muy especial el equipo\u00a0 del 1\u00ba ciclo, que &hellip; <a href=\"https:\/\/www.alqueria.es\/blogs\/alqueriaprimerciclo\/2023\/09\/16\/bienvenidos-a-primaria-2\/\" class=\"more-link\">Seguir leyendo <span class=\"screen-reader-text\">Bienvenidos a primaria<\/span> <span class=\"meta-nav\">&rarr;<\/span><\/a><\/p>\n","protected":false},"author":12,"featured_media":0,"comment_status":"open","ping_status":"open","sticky":false,"template":"","format":"standard","meta":{"jetpack_post_was_ever_published":false,"_jetpack_newsletter_access":"","_jetpack_dont_email_post_to_subs":false,"_jetpack_newsletter_tier_id":0,"_jetpack_memberships_contains_paywalled_content":false,"_jetpack_memberships_contains_paid_content":false,"footnotes":"","jetpack_publicize_message":"","jetpack_publicize_feature_enabled":true,"jetpack_social_post_already_shared":true,"jetpack_social_options":{"image_generator_settings":{"template":"highway","default_image_id":0,"font":"","enabled":false},"version":2}},"categories":[2,8],"tags":[],"class_list":["post-34797","post","type-post","status-publish","format-standard","hentry","category-1o-epo","category-diario-de-clase-1o"],"jetpack_publicize_connections":[],"jetpack_featured_media_url":"","jetpack_sharing_enabled":true,"jetpack_shortlink":"https:\/\/wp.me\/p4lvS0-93f","_links":{"self":[{"href":"https:\/\/www.alqueria.es\/blogs\/alqueriaprimerciclo\/wp-json\/wp\/v2\/posts\/34797","targetHints":{"allow":["GET"]}}],"collection":[{"href":"https:\/\/www.alqueria.es\/blogs\/alqueriaprimerciclo\/wp-json\/wp\/v2\/posts"}],"about":[{"href":"https:\/\/www.alqueria.es\/blogs\/alqueriaprimerciclo\/wp-json\/wp\/v2\/types\/post"}],"author":[{"embeddable":true,"href":"https:\/\/www.alqueria.es\/blogs\/alqueriaprimerciclo\/wp-json\/wp\/v2\/users\/12"}],"replies":[{"embeddable":true,"href":"https:\/\/www.alqueria.es\/blogs\/alqueriaprimerciclo\/wp-json\/wp\/v2\/comments?post=34797"}],"version-history":[{"count":3,"href":"https:\/\/www.alqueria.es\/blogs\/alqueriaprimerciclo\/wp-json\/wp\/v2\/posts\/34797\/revisions"}],"predecessor-version":[{"id":34912,"href":"https:\/\/www.alqueria.es\/blogs\/alqueriaprimerciclo\/wp-json\/wp\/v2\/posts\/34797\/revisions\/34912"}],"wp:attachment":[{"href":"https:\/\/www.alqueria.es\/blogs\/alqueriaprimerciclo\/wp-json\/wp\/v2\/media?parent=34797"}],"wp:term":[{"taxonomy":"category","embeddable":true,"href":"https:\/\/www.alqueria.es\/blogs\/alqueriaprimerciclo\/wp-json\/wp\/v2\/categories?post=34797"},{"taxonomy":"post_tag","embeddable":true,"href":"https:\/\/www.alqueria.es\/blogs\/alqueriaprimerciclo\/wp-json\/wp\/v2\/tags?post=34797"}],"curies":[{"name":"wp","href":"https:\/\/api.w.org\/{rel}","templated":true}]}}