{"id":34875,"date":"2023-09-23T17:05:46","date_gmt":"2023-09-23T15:05:46","guid":{"rendered":"https:\/\/www.alqueria.es\/blogs\/alqueriaprimerciclo\/?p=34875"},"modified":"2023-09-23T17:05:46","modified_gmt":"2023-09-23T15:05:46","slug":"la-tribu-de-1-se-organiza","status":"publish","type":"post","link":"https:\/\/www.alqueria.es\/blogs\/alqueriaprimerciclo\/2023\/09\/23\/la-tribu-de-1-se-organiza\/","title":{"rendered":"La tribu  de 1\u00b0 se organiza"},"content":{"rendered":"<p>Est\u00e1 semana continuamos con la adaptaci\u00f3n a primaria y a la clase de primero, que est\u00e1 siendo muy gratificante para toda la tribu.<\/p>\n<p>Llegan al cole con una sonrisa y la ilusi\u00f3n de encontrarse con los compa\u00f1eros, sobre todo para compartir sus <strong><span style=\"color: #3366ff\">intereses de juego<\/span><\/strong>. Este encuentro es muy importante para su socializaci\u00f3n , la interacci\u00f3n entre iguales les ayuda a ir conoci\u00e9ndose y encontrarse cada vez m\u00e1s en una situaci\u00f3n de confianza , agradable , llena de emociones con las que contaremos para ir caminando a lo largo de su proceso educativo.<\/p>\n<p>Para m\u00ed como gu\u00eda de esta nueva tribu que se conforma, es un placer compartirlo.<\/p>\n<div data-carousel-extra='{&quot;blog_id&quot;:6,&quot;permalink&quot;:&quot;https:\/\/www.alqueria.es\/blogs\/alqueriaprimerciclo\/2023\/09\/23\/la-tribu-de-1-se-organiza\/&quot;}' id='gallery-1' class='gallery galleryid-34875 gallery-columns-3 gallery-size-thumbnail'><figure class='gallery-item'>\n\t\t\t<div class='gallery-icon landscape'>\n\t\t\t\t<a href='https:\/\/www.alqueria.es\/blogs\/alqueriaprimerciclo\/2023\/09\/23\/la-tribu-de-1-se-organiza\/img-20230922-wa0009\/'><img decoding=\"async\" width=\"150\" height=\"150\" src=\"https:\/\/cloud.alqueria.es\/wp-content\/uploads\/sites\/6\/2023\/09\/IMG-20230922-WA0009-150x150.jpg\" class=\"attachment-thumbnail size-thumbnail\" alt=\"\" data-attachment-id=\"34878\" data-permalink=\"https:\/\/www.alqueria.es\/blogs\/alqueriaprimerciclo\/2023\/09\/23\/la-tribu-de-1-se-organiza\/img-20230922-wa0009\/\" data-orig-file=\"https:\/\/cloud.alqueria.es\/wp-content\/uploads\/sites\/6\/2023\/09\/IMG-20230922-WA0009.jpg\" data-orig-size=\"2000,1500\" data-comments-opened=\"1\" data-image-meta=\"{&quot;aperture&quot;:&quot;0&quot;,&quot;credit&quot;:&quot;&quot;,&quot;camera&quot;:&quot;&quot;,&quot;caption&quot;:&quot;&quot;,&quot;created_timestamp&quot;:&quot;0&quot;,&quot;copyright&quot;:&quot;&quot;,&quot;focal_length&quot;:&quot;0&quot;,&quot;iso&quot;:&quot;0&quot;,&quot;shutter_speed&quot;:&quot;0&quot;,&quot;title&quot;:&quot;&quot;,&quot;orientation&quot;:&quot;0&quot;}\" data-image-title=\"IMG-20230922-WA0009\" data-image-description=\"\" data-image-caption=\"\" data-large-file=\"https:\/\/cloud.alqueria.es\/wp-content\/uploads\/sites\/6\/2023\/09\/IMG-20230922-WA0009-1024x768.jpg\" \/><\/a>\n\t\t\t<\/div><\/figure><figure class='gallery-item'>\n\t\t\t<div class='gallery-icon portrait'>\n\t\t\t\t<a href='https:\/\/www.alqueria.es\/blogs\/alqueriaprimerciclo\/2023\/09\/23\/la-tribu-de-1-se-organiza\/img-20230922-wa0010\/'><img decoding=\"async\" width=\"150\" height=\"150\" src=\"https:\/\/cloud.alqueria.es\/wp-content\/uploads\/sites\/6\/2023\/09\/IMG-20230922-WA0010-150x150.jpg\" class=\"attachment-thumbnail size-thumbnail\" alt=\"\" data-attachment-id=\"34877\" data-permalink=\"https:\/\/www.alqueria.es\/blogs\/alqueriaprimerciclo\/2023\/09\/23\/la-tribu-de-1-se-organiza\/img-20230922-wa0010\/\" data-orig-file=\"https:\/\/cloud.alqueria.es\/wp-content\/uploads\/sites\/6\/2023\/09\/IMG-20230922-WA0010.jpg\" data-orig-size=\"1500,2000\" data-comments-opened=\"1\" data-image-meta=\"{&quot;aperture&quot;:&quot;0&quot;,&quot;credit&quot;:&quot;&quot;,&quot;camera&quot;:&quot;&quot;,&quot;caption&quot;:&quot;&quot;,&quot;created_timestamp&quot;:&quot;0&quot;,&quot;copyright&quot;:&quot;&quot;,&quot;focal_length&quot;:&quot;0&quot;,&quot;iso&quot;:&quot;0&quot;,&quot;shutter_speed&quot;:&quot;0&quot;,&quot;title&quot;:&quot;&quot;,&quot;orientation&quot;:&quot;0&quot;}\" data-image-title=\"IMG-20230922-WA0010\" data-image-description=\"\" data-image-caption=\"\" data-large-file=\"https:\/\/cloud.alqueria.es\/wp-content\/uploads\/sites\/6\/2023\/09\/IMG-20230922-WA0010-768x1024.jpg\" \/><\/a>\n\t\t\t<\/div><\/figure><figure class='gallery-item'>\n\t\t\t<div class='gallery-icon landscape'>\n\t\t\t\t<a href='https:\/\/www.alqueria.es\/blogs\/alqueriaprimerciclo\/2023\/09\/23\/la-tribu-de-1-se-organiza\/img-20230922-wa0018\/'><img decoding=\"async\" width=\"150\" height=\"150\" src=\"https:\/\/cloud.alqueria.es\/wp-content\/uploads\/sites\/6\/2023\/09\/IMG-20230922-WA0018-150x150.jpg\" class=\"attachment-thumbnail size-thumbnail\" alt=\"\" data-attachment-id=\"34880\" data-permalink=\"https:\/\/www.alqueria.es\/blogs\/alqueriaprimerciclo\/2023\/09\/23\/la-tribu-de-1-se-organiza\/img-20230922-wa0018\/\" data-orig-file=\"https:\/\/cloud.alqueria.es\/wp-content\/uploads\/sites\/6\/2023\/09\/IMG-20230922-WA0018.jpg\" data-orig-size=\"2000,1500\" data-comments-opened=\"1\" data-image-meta=\"{&quot;aperture&quot;:&quot;0&quot;,&quot;credit&quot;:&quot;&quot;,&quot;camera&quot;:&quot;&quot;,&quot;caption&quot;:&quot;&quot;,&quot;created_timestamp&quot;:&quot;0&quot;,&quot;copyright&quot;:&quot;&quot;,&quot;focal_length&quot;:&quot;0&quot;,&quot;iso&quot;:&quot;0&quot;,&quot;shutter_speed&quot;:&quot;0&quot;,&quot;title&quot;:&quot;&quot;,&quot;orientation&quot;:&quot;0&quot;}\" data-image-title=\"IMG-20230922-WA0018\" data-image-description=\"\" data-image-caption=\"\" data-large-file=\"https:\/\/cloud.alqueria.es\/wp-content\/uploads\/sites\/6\/2023\/09\/IMG-20230922-WA0018-1024x768.jpg\" \/><\/a>\n\t\t\t<\/div><\/figure><figure class='gallery-item'>\n\t\t\t<div class='gallery-icon landscape'>\n\t\t\t\t<a href='https:\/\/www.alqueria.es\/blogs\/alqueriaprimerciclo\/2023\/09\/23\/la-tribu-de-1-se-organiza\/img-20230922-wa0017\/'><img decoding=\"async\" width=\"150\" height=\"150\" src=\"https:\/\/cloud.alqueria.es\/wp-content\/uploads\/sites\/6\/2023\/09\/IMG-20230922-WA0017-150x150.jpg\" class=\"attachment-thumbnail size-thumbnail\" alt=\"\" data-attachment-id=\"34879\" data-permalink=\"https:\/\/www.alqueria.es\/blogs\/alqueriaprimerciclo\/2023\/09\/23\/la-tribu-de-1-se-organiza\/img-20230922-wa0017\/\" data-orig-file=\"https:\/\/cloud.alqueria.es\/wp-content\/uploads\/sites\/6\/2023\/09\/IMG-20230922-WA0017.jpg\" data-orig-size=\"2000,1500\" data-comments-opened=\"1\" data-image-meta=\"{&quot;aperture&quot;:&quot;0&quot;,&quot;credit&quot;:&quot;&quot;,&quot;camera&quot;:&quot;&quot;,&quot;caption&quot;:&quot;&quot;,&quot;created_timestamp&quot;:&quot;0&quot;,&quot;copyright&quot;:&quot;&quot;,&quot;focal_length&quot;:&quot;0&quot;,&quot;iso&quot;:&quot;0&quot;,&quot;shutter_speed&quot;:&quot;0&quot;,&quot;title&quot;:&quot;&quot;,&quot;orientation&quot;:&quot;0&quot;}\" data-image-title=\"IMG-20230922-WA0017\" data-image-description=\"\" data-image-caption=\"\" data-large-file=\"https:\/\/cloud.alqueria.es\/wp-content\/uploads\/sites\/6\/2023\/09\/IMG-20230922-WA0017-1024x768.jpg\" \/><\/a>\n\t\t\t<\/div><\/figure><figure class='gallery-item'>\n\t\t\t<div class='gallery-icon landscape'>\n\t\t\t\t<a href='https:\/\/www.alqueria.es\/blogs\/alqueriaprimerciclo\/2023\/09\/23\/la-tribu-de-1-se-organiza\/img-20230922-wa0012\/'><img decoding=\"async\" width=\"150\" height=\"150\" src=\"https:\/\/cloud.alqueria.es\/wp-content\/uploads\/sites\/6\/2023\/09\/IMG-20230922-WA0012-150x150.jpg\" class=\"attachment-thumbnail size-thumbnail\" alt=\"\" data-attachment-id=\"34882\" data-permalink=\"https:\/\/www.alqueria.es\/blogs\/alqueriaprimerciclo\/2023\/09\/23\/la-tribu-de-1-se-organiza\/img-20230922-wa0012\/\" data-orig-file=\"https:\/\/cloud.alqueria.es\/wp-content\/uploads\/sites\/6\/2023\/09\/IMG-20230922-WA0012.jpg\" data-orig-size=\"2000,1500\" data-comments-opened=\"1\" data-image-meta=\"{&quot;aperture&quot;:&quot;0&quot;,&quot;credit&quot;:&quot;&quot;,&quot;camera&quot;:&quot;&quot;,&quot;caption&quot;:&quot;&quot;,&quot;created_timestamp&quot;:&quot;0&quot;,&quot;copyright&quot;:&quot;&quot;,&quot;focal_length&quot;:&quot;0&quot;,&quot;iso&quot;:&quot;0&quot;,&quot;shutter_speed&quot;:&quot;0&quot;,&quot;title&quot;:&quot;&quot;,&quot;orientation&quot;:&quot;0&quot;}\" data-image-title=\"IMG-20230922-WA0012\" data-image-description=\"\" data-image-caption=\"\" data-large-file=\"https:\/\/cloud.alqueria.es\/wp-content\/uploads\/sites\/6\/2023\/09\/IMG-20230922-WA0012-1024x768.jpg\" \/><\/a>\n\t\t\t<\/div><\/figure><figure class='gallery-item'>\n\t\t\t<div class='gallery-icon landscape'>\n\t\t\t\t<a href='https:\/\/www.alqueria.es\/blogs\/alqueriaprimerciclo\/2023\/09\/23\/la-tribu-de-1-se-organiza\/img-20230922-wa0008\/'><img decoding=\"async\" width=\"150\" height=\"150\" src=\"https:\/\/cloud.alqueria.es\/wp-content\/uploads\/sites\/6\/2023\/09\/IMG-20230922-WA0008-150x150.jpg\" class=\"attachment-thumbnail size-thumbnail\" alt=\"\" data-attachment-id=\"34887\" data-permalink=\"https:\/\/www.alqueria.es\/blogs\/alqueriaprimerciclo\/2023\/09\/23\/la-tribu-de-1-se-organiza\/img-20230922-wa0008\/\" data-orig-file=\"https:\/\/cloud.alqueria.es\/wp-content\/uploads\/sites\/6\/2023\/09\/IMG-20230922-WA0008.jpg\" data-orig-size=\"2000,1500\" data-comments-opened=\"1\" data-image-meta=\"{&quot;aperture&quot;:&quot;0&quot;,&quot;credit&quot;:&quot;&quot;,&quot;camera&quot;:&quot;&quot;,&quot;caption&quot;:&quot;&quot;,&quot;created_timestamp&quot;:&quot;0&quot;,&quot;copyright&quot;:&quot;&quot;,&quot;focal_length&quot;:&quot;0&quot;,&quot;iso&quot;:&quot;0&quot;,&quot;shutter_speed&quot;:&quot;0&quot;,&quot;title&quot;:&quot;&quot;,&quot;orientation&quot;:&quot;0&quot;}\" data-image-title=\"IMG-20230922-WA0008\" data-image-description=\"\" data-image-caption=\"\" data-large-file=\"https:\/\/cloud.alqueria.es\/wp-content\/uploads\/sites\/6\/2023\/09\/IMG-20230922-WA0008-1024x768.jpg\" \/><\/a>\n\t\t\t<\/div><\/figure><figure class='gallery-item'>\n\t\t\t<div class='gallery-icon landscape'>\n\t\t\t\t<a href='https:\/\/www.alqueria.es\/blogs\/alqueriaprimerciclo\/2023\/09\/23\/la-tribu-de-1-se-organiza\/img-20230922-wa0007\/'><img decoding=\"async\" width=\"150\" height=\"150\" src=\"https:\/\/cloud.alqueria.es\/wp-content\/uploads\/sites\/6\/2023\/09\/IMG-20230922-WA0007-150x150.jpg\" class=\"attachment-thumbnail size-thumbnail\" alt=\"\" data-attachment-id=\"34888\" data-permalink=\"https:\/\/www.alqueria.es\/blogs\/alqueriaprimerciclo\/2023\/09\/23\/la-tribu-de-1-se-organiza\/img-20230922-wa0007\/\" data-orig-file=\"https:\/\/cloud.alqueria.es\/wp-content\/uploads\/sites\/6\/2023\/09\/IMG-20230922-WA0007.jpg\" data-orig-size=\"2000,1500\" data-comments-opened=\"1\" data-image-meta=\"{&quot;aperture&quot;:&quot;0&quot;,&quot;credit&quot;:&quot;&quot;,&quot;camera&quot;:&quot;&quot;,&quot;caption&quot;:&quot;&quot;,&quot;created_timestamp&quot;:&quot;0&quot;,&quot;copyright&quot;:&quot;&quot;,&quot;focal_length&quot;:&quot;0&quot;,&quot;iso&quot;:&quot;0&quot;,&quot;shutter_speed&quot;:&quot;0&quot;,&quot;title&quot;:&quot;&quot;,&quot;orientation&quot;:&quot;0&quot;}\" data-image-title=\"IMG-20230922-WA0007\" data-image-description=\"\" data-image-caption=\"\" data-large-file=\"https:\/\/cloud.alqueria.es\/wp-content\/uploads\/sites\/6\/2023\/09\/IMG-20230922-WA0007-1024x768.jpg\" \/><\/a>\n\t\t\t<\/div><\/figure>\n\t\t<\/div>\n\n<p><span style=\"color: #3366ff\"><strong>DIARIO<\/strong><\/span><\/p>\n<p>Para adentrarnos en la composici\u00f3n\u00a0 escrita\u00a0 \u00a0lo haremos a trav\u00e9s de\u00a0 una serie de actividades\u00a0 que sean significativas y le den sentido al esfuerzo que requiere aprender a escribir: PARA QU\u00c9\u00a0 es importante aprender a escribir.<\/p>\n<p><img decoding=\"async\" class=\" lazyloaded\" src=\"https:\/\/cdn.agapea.com\/Editorial-Everest\/Mi-Diario-i1n239776.jpg\" alt=\"MI DIARIO - MARIA ISABEL SUAREZ (IL.) - 9788424177416 - EDITORIAL EVEREST\" data-src=\"https:\/\/cdn.agapea.com\/Editorial-Everest\/Mi-Diario-i1n239776.jpg\" \/><\/p>\n<p>En nuestro cuaderno de escritura, cada lunes, vamos a entrenarnos contando las experiencias vividas en el fin de semana.<\/p>\n<p>Escribimos pensando las s\u00edlabas que componen las palabras a trav\u00e9s de sus sonidos. Nuestra manera es personal, cada uno tenemos un ritmo y llevamos un proceso en esto de escribir, componiendo palabras, frases. A\u00fan no aparecen todas las letras , solo las que mas nos suenan en cada palabra pero poco a poco se iran completando.<\/p>\n<p><span style=\"color: #008000\"><strong>LECTURA Y LIBROS\u00a0<\/strong><\/span><\/p>\n<p>Cada ma\u00f1ana al llegar dedicamos\u00a0 un tiempo de inmersi\u00f3n a trav\u00e9s de los libros. Este momento es compartido o en solitario, el libro elegido provoca distintas situaciones, es reservado para la siguiente sesi\u00f3n o guardado para continuar\u00a0 el pr\u00f3ximo d\u00eda . Pretendemos que poco a poco se convierta en un momento agradable de lectura silenciosa para comenzar la ma\u00f1ana disfrutando con la\u00a0 lectura.<\/p>\n<p>Podemos traer de casa nuestros libros para compartir los gustos literarios con\u00a0 los\u00a0 dem\u00e1s.<\/p>\n<blockquote><p><span style=\"color: #008000\"><strong>Lectura: El bosque del sonido<\/strong><\/span><\/p><\/blockquote>\n<p>Una historia muy especial\u00a0 nos compa\u00f1a\u00a0 conociendo los sonidos de las palabras, graf\u00eda, composici\u00f3n. Una historia llena de aventuras que nos familiariza con la escritura\u00a0 a trav\u00e9s de la\u00a0 lectura. Ya hemos conocido a los protagonistas de la historia y estamos preparados para vivir aventuras a trav\u00e9s de su relato.<\/p>\n<p>Tras la escucha de cada cap\u00edtulo tendremos un <strong><span style=\"color: #008000\">diccionario<\/span><\/strong> para poder escribir palabras con el sonido de la\u00a0 letra que vamos descubriendo, componiendo las palabras entre todos.<\/p>\n<p>Ya tenemos nuestro <span style=\"color: #ff00ff\"><strong>horario<\/strong><\/span> , que hemos coloreado por sesiones de trabajo diferentes\u00a0 que tendremos a lo largo de la semana . Sobre todo les interesa saber cu\u00e1ndo van a Educaci\u00f3n F\u00edsica con Alberto , Franc\u00e9s con B\u00e1rbara, cuando vamos a la biblioteca o el d\u00eda que nos toca ser los cuidadores del huerto- granja. Lo ponemos pegado dentro de la carpeta y poder consultar cuando lo necesitemos.<\/p>\n<p>Hemos escrito nuestra primera <strong><span style=\"color: #ff00ff\">Carta a la familia<\/span><\/strong> para concretar el tema elegido de conferencia. Requiere de vuestra firma\u00a0 como comprobante de aceptaci\u00f3n, ya que ser\u00e9is colaboradores en su proceso de preparaci\u00f3n. Est\u00e1n muy emocionados con los temas que han elegido y comienzan a comunicarnos datos que ya tienen sobre el tema, con la emoci\u00f3n anticipada de lo que nos espera.<\/p>\n<p><strong><span style=\"color: #ff00ff\">Matem\u00e1ticas<\/span><\/strong><\/p>\n<p>Comenzamos con los primeros juegos de matem\u00e1ticas, las cartas son un material muy propicio para trabajar con los primeros n\u00fameros ya que nos muestran la imagen de la cantidad de objetos que hay en cada uno. Hemos reconocido cada\u00a0 familia de n\u00fameros\u00a0 que la componen, ordenandola hasta el 10.\u00a0 Esto nos permite por ejemplo, juntar amigos del 10, con la estrategia del memori, buscando nuestra pareja&#8230; En clase tenemos unas barajas de tama\u00f1o grande para jugar en grupo, en casa tambi\u00e9n pod\u00e9is jugar en familia para practicar .<\/p>\n<blockquote><p>El 8 y el 5 no hacen pareja de 10<\/p><\/blockquote>\n<p><img decoding=\"async\" data-attachment-id=\"34885\" data-permalink=\"https:\/\/www.alqueria.es\/blogs\/alqueriaprimerciclo\/2023\/09\/23\/la-tribu-de-1-se-organiza\/img-20230922-wa0014\/\" data-orig-file=\"https:\/\/cloud.alqueria.es\/wp-content\/uploads\/sites\/6\/2023\/09\/IMG-20230922-WA0014.jpg\" data-orig-size=\"1500,2000\" data-comments-opened=\"1\" data-image-meta=\"{&quot;aperture&quot;:&quot;0&quot;,&quot;credit&quot;:&quot;&quot;,&quot;camera&quot;:&quot;&quot;,&quot;caption&quot;:&quot;&quot;,&quot;created_timestamp&quot;:&quot;0&quot;,&quot;copyright&quot;:&quot;&quot;,&quot;focal_length&quot;:&quot;0&quot;,&quot;iso&quot;:&quot;0&quot;,&quot;shutter_speed&quot;:&quot;0&quot;,&quot;title&quot;:&quot;&quot;,&quot;orientation&quot;:&quot;0&quot;}\" data-image-title=\"IMG-20230922-WA0014\" data-image-description=\"\" data-image-caption=\"\" data-large-file=\"https:\/\/cloud.alqueria.es\/wp-content\/uploads\/sites\/6\/2023\/09\/IMG-20230922-WA0014-768x1024.jpg\" class=\"alignnone wp-image-34885 size-large\" src=\"https:\/\/cloud.alqueria.es\/wp-content\/uploads\/sites\/6\/2023\/09\/IMG-20230922-WA0014-768x1024.jpg\" alt=\"\" width=\"474\" height=\"632\" srcset=\"https:\/\/cloud.alqueria.es\/wp-content\/uploads\/sites\/6\/2023\/09\/IMG-20230922-WA0014-768x1024.jpg 768w, https:\/\/cloud.alqueria.es\/wp-content\/uploads\/sites\/6\/2023\/09\/IMG-20230922-WA0014-225x300.jpg 225w, https:\/\/cloud.alqueria.es\/wp-content\/uploads\/sites\/6\/2023\/09\/IMG-20230922-WA0014-1152x1536.jpg 1152w, https:\/\/cloud.alqueria.es\/wp-content\/uploads\/sites\/6\/2023\/09\/IMG-20230922-WA0014.jpg 1500w\" sizes=\"(max-width: 474px) 100vw, 474px\" \/><\/p>\n<blockquote><p>El 9 y el 3 no hacen pareja de 10<img decoding=\"async\" data-attachment-id=\"34883\" data-permalink=\"https:\/\/www.alqueria.es\/blogs\/alqueriaprimerciclo\/2023\/09\/23\/la-tribu-de-1-se-organiza\/img-20230922-wa0015\/\" data-orig-file=\"https:\/\/cloud.alqueria.es\/wp-content\/uploads\/sites\/6\/2023\/09\/IMG-20230922-WA0015.jpg\" data-orig-size=\"2000,1500\" data-comments-opened=\"1\" data-image-meta=\"{&quot;aperture&quot;:&quot;0&quot;,&quot;credit&quot;:&quot;&quot;,&quot;camera&quot;:&quot;&quot;,&quot;caption&quot;:&quot;&quot;,&quot;created_timestamp&quot;:&quot;0&quot;,&quot;copyright&quot;:&quot;&quot;,&quot;focal_length&quot;:&quot;0&quot;,&quot;iso&quot;:&quot;0&quot;,&quot;shutter_speed&quot;:&quot;0&quot;,&quot;title&quot;:&quot;&quot;,&quot;orientation&quot;:&quot;0&quot;}\" data-image-title=\"IMG-20230922-WA0015\" data-image-description=\"\" data-image-caption=\"\" data-large-file=\"https:\/\/cloud.alqueria.es\/wp-content\/uploads\/sites\/6\/2023\/09\/IMG-20230922-WA0015-1024x768.jpg\" class=\"alignnone wp-image-34883 size-large\" src=\"https:\/\/cloud.alqueria.es\/wp-content\/uploads\/sites\/6\/2023\/09\/IMG-20230922-WA0015-1024x768.jpg\" alt=\"\" width=\"474\" height=\"356\" srcset=\"https:\/\/cloud.alqueria.es\/wp-content\/uploads\/sites\/6\/2023\/09\/IMG-20230922-WA0015-1024x768.jpg 1024w, https:\/\/cloud.alqueria.es\/wp-content\/uploads\/sites\/6\/2023\/09\/IMG-20230922-WA0015-300x225.jpg 300w, https:\/\/cloud.alqueria.es\/wp-content\/uploads\/sites\/6\/2023\/09\/IMG-20230922-WA0015-768x576.jpg 768w, https:\/\/cloud.alqueria.es\/wp-content\/uploads\/sites\/6\/2023\/09\/IMG-20230922-WA0015-1536x1152.jpg 1536w, https:\/\/cloud.alqueria.es\/wp-content\/uploads\/sites\/6\/2023\/09\/IMG-20230922-WA0015.jpg 2000w\" sizes=\"(max-width: 474px) 100vw, 474px\" \/><\/p>\n<p>El 8 y el 2 s\u00ed hacen pareja de 10<img decoding=\"async\" data-attachment-id=\"34884\" data-permalink=\"https:\/\/www.alqueria.es\/blogs\/alqueriaprimerciclo\/2023\/09\/23\/la-tribu-de-1-se-organiza\/img-20230922-wa0016\/\" data-orig-file=\"https:\/\/cloud.alqueria.es\/wp-content\/uploads\/sites\/6\/2023\/09\/IMG-20230922-WA0016.jpg\" data-orig-size=\"2000,1500\" data-comments-opened=\"1\" data-image-meta=\"{&quot;aperture&quot;:&quot;0&quot;,&quot;credit&quot;:&quot;&quot;,&quot;camera&quot;:&quot;&quot;,&quot;caption&quot;:&quot;&quot;,&quot;created_timestamp&quot;:&quot;0&quot;,&quot;copyright&quot;:&quot;&quot;,&quot;focal_length&quot;:&quot;0&quot;,&quot;iso&quot;:&quot;0&quot;,&quot;shutter_speed&quot;:&quot;0&quot;,&quot;title&quot;:&quot;&quot;,&quot;orientation&quot;:&quot;0&quot;}\" data-image-title=\"IMG-20230922-WA0016\" data-image-description=\"\" data-image-caption=\"\" data-large-file=\"https:\/\/cloud.alqueria.es\/wp-content\/uploads\/sites\/6\/2023\/09\/IMG-20230922-WA0016-1024x768.jpg\" class=\"alignnone wp-image-34884 size-large\" src=\"https:\/\/cloud.alqueria.es\/wp-content\/uploads\/sites\/6\/2023\/09\/IMG-20230922-WA0016-1024x768.jpg\" alt=\"\" width=\"474\" height=\"356\" srcset=\"https:\/\/cloud.alqueria.es\/wp-content\/uploads\/sites\/6\/2023\/09\/IMG-20230922-WA0016-1024x768.jpg 1024w, https:\/\/cloud.alqueria.es\/wp-content\/uploads\/sites\/6\/2023\/09\/IMG-20230922-WA0016-300x225.jpg 300w, https:\/\/cloud.alqueria.es\/wp-content\/uploads\/sites\/6\/2023\/09\/IMG-20230922-WA0016-768x576.jpg 768w, https:\/\/cloud.alqueria.es\/wp-content\/uploads\/sites\/6\/2023\/09\/IMG-20230922-WA0016-1536x1152.jpg 1536w, https:\/\/cloud.alqueria.es\/wp-content\/uploads\/sites\/6\/2023\/09\/IMG-20230922-WA0016.jpg 2000w\" sizes=\"(max-width: 474px) 100vw, 474px\" \/><\/p><\/blockquote>\n<p><strong><span style=\"color: #0000ff\">ART\u00cdSTICA : AUTORETRATO<\/span><\/strong><\/p>\n<p>Nos proponemos realizar un autoretrato, tras observarnos en el espejo, nos dibujamos teniendo en cuenta nuestras caracter\u00edsticas f\u00edsicas.<\/p>\n<p>Dibujar en nuestro cuaderno de artistas nos encanta.<\/p>\n<p><img decoding=\"async\" data-attachment-id=\"34886\" data-permalink=\"https:\/\/www.alqueria.es\/blogs\/alqueriaprimerciclo\/2023\/09\/23\/la-tribu-de-1-se-organiza\/img-20230922-wa0013\/\" data-orig-file=\"https:\/\/cloud.alqueria.es\/wp-content\/uploads\/sites\/6\/2023\/09\/IMG-20230922-WA0013.jpg\" data-orig-size=\"1500,2000\" data-comments-opened=\"1\" data-image-meta=\"{&quot;aperture&quot;:&quot;0&quot;,&quot;credit&quot;:&quot;&quot;,&quot;camera&quot;:&quot;&quot;,&quot;caption&quot;:&quot;&quot;,&quot;created_timestamp&quot;:&quot;0&quot;,&quot;copyright&quot;:&quot;&quot;,&quot;focal_length&quot;:&quot;0&quot;,&quot;iso&quot;:&quot;0&quot;,&quot;shutter_speed&quot;:&quot;0&quot;,&quot;title&quot;:&quot;&quot;,&quot;orientation&quot;:&quot;0&quot;}\" data-image-title=\"IMG-20230922-WA0013\" data-image-description=\"\" data-image-caption=\"\" data-large-file=\"https:\/\/cloud.alqueria.es\/wp-content\/uploads\/sites\/6\/2023\/09\/IMG-20230922-WA0013-768x1024.jpg\" class=\"alignnone size-medium wp-image-34886\" src=\"https:\/\/cloud.alqueria.es\/wp-content\/uploads\/sites\/6\/2023\/09\/IMG-20230922-WA0013-225x300.jpg\" alt=\"\" width=\"225\" height=\"300\" srcset=\"https:\/\/cloud.alqueria.es\/wp-content\/uploads\/sites\/6\/2023\/09\/IMG-20230922-WA0013-225x300.jpg 225w, https:\/\/cloud.alqueria.es\/wp-content\/uploads\/sites\/6\/2023\/09\/IMG-20230922-WA0013-768x1024.jpg 768w, https:\/\/cloud.alqueria.es\/wp-content\/uploads\/sites\/6\/2023\/09\/IMG-20230922-WA0013-1152x1536.jpg 1152w, https:\/\/cloud.alqueria.es\/wp-content\/uploads\/sites\/6\/2023\/09\/IMG-20230922-WA0013.jpg 1500w\" sizes=\"(max-width: 225px) 100vw, 225px\" \/><\/p>\n<p><img decoding=\"async\" data-attachment-id=\"34881\" data-permalink=\"https:\/\/www.alqueria.es\/blogs\/alqueriaprimerciclo\/2023\/09\/23\/la-tribu-de-1-se-organiza\/img-20230922-wa0011\/\" data-orig-file=\"https:\/\/cloud.alqueria.es\/wp-content\/uploads\/sites\/6\/2023\/09\/IMG-20230922-WA0011.jpg\" data-orig-size=\"1500,2000\" data-comments-opened=\"1\" data-image-meta=\"{&quot;aperture&quot;:&quot;0&quot;,&quot;credit&quot;:&quot;&quot;,&quot;camera&quot;:&quot;&quot;,&quot;caption&quot;:&quot;&quot;,&quot;created_timestamp&quot;:&quot;0&quot;,&quot;copyright&quot;:&quot;&quot;,&quot;focal_length&quot;:&quot;0&quot;,&quot;iso&quot;:&quot;0&quot;,&quot;shutter_speed&quot;:&quot;0&quot;,&quot;title&quot;:&quot;&quot;,&quot;orientation&quot;:&quot;0&quot;}\" data-image-title=\"IMG-20230922-WA0011\" data-image-description=\"\" data-image-caption=\"\" data-large-file=\"https:\/\/cloud.alqueria.es\/wp-content\/uploads\/sites\/6\/2023\/09\/IMG-20230922-WA0011-768x1024.jpg\" class=\"alignnone size-medium wp-image-34881\" src=\"https:\/\/cloud.alqueria.es\/wp-content\/uploads\/sites\/6\/2023\/09\/IMG-20230922-WA0011-225x300.jpg\" alt=\"\" width=\"225\" height=\"300\" srcset=\"https:\/\/cloud.alqueria.es\/wp-content\/uploads\/sites\/6\/2023\/09\/IMG-20230922-WA0011-225x300.jpg 225w, https:\/\/cloud.alqueria.es\/wp-content\/uploads\/sites\/6\/2023\/09\/IMG-20230922-WA0011-768x1024.jpg 768w, https:\/\/cloud.alqueria.es\/wp-content\/uploads\/sites\/6\/2023\/09\/IMG-20230922-WA0011-1152x1536.jpg 1152w, https:\/\/cloud.alqueria.es\/wp-content\/uploads\/sites\/6\/2023\/09\/IMG-20230922-WA0011.jpg 1500w\" sizes=\"(max-width: 225px) 100vw, 225px\" \/><\/p>\n<p><strong><span style=\"color: #0000ff\">IDIOMAS<\/span><\/strong><\/p>\n<p>B\u00e1rbara\u00a0 y Ana\u00a0 son nuestras profes de ingl\u00e9s y franc\u00e9s , con ellas hemos comenzado nuestra andadura por el conocimiento de otras lenguas de forma l\u00fadica .<\/p>\n<p>Peri\u00f3dicamente tambi\u00e9n nos contar\u00e1n qu\u00e9 estamos haciendo a trav\u00e9s del <strong><span style=\"color: #ff00ff\">blog de idiomas<\/span><\/strong> y podr\u00e1s volver a escuchar algunas actividades, canciones , sobre el vocabulario especifico que se vaya trabajando.<\/p>\n<p>La pr\u00f3xima semana celebramos el <strong><span style=\"color: #ff00ff\">d\u00eda de las lenguas europeas<\/span> <\/strong>, el viernes por la tarde disfrutaremos de una immersi\u00f3n cultural gracias a la organizaci\u00f3n del departamento de idiomas en colaboraci\u00f3n con distintas familias.<\/p>\n<p>Esta segunda semana ha sido bastante especial, esperamos la siguiente con ilusi\u00f3n por compartir nuestra vida en el cole.<\/p>\n<p>Un abrazo<\/p>\n<p>Dar\u00eda F.<\/p>\n","protected":false},"excerpt":{"rendered":"<p>Est\u00e1 semana continuamos con la adaptaci\u00f3n a primaria y a la clase de primero, que est\u00e1 siendo muy gratificante para toda la tribu. Llegan al cole con una sonrisa y la ilusi\u00f3n de encontrarse con los compa\u00f1eros, sobre todo para compartir sus intereses de juego. Este encuentro es muy importante para su socializaci\u00f3n , la &hellip; <a href=\"https:\/\/www.alqueria.es\/blogs\/alqueriaprimerciclo\/2023\/09\/23\/la-tribu-de-1-se-organiza\/\" class=\"more-link\">Seguir leyendo <span class=\"screen-reader-text\">La tribu  de 1\u00b0 se organiza<\/span> <span class=\"meta-nav\">&rarr;<\/span><\/a><\/p>\n","protected":false},"author":12,"featured_media":0,"comment_status":"open","ping_status":"open","sticky":false,"template":"","format":"standard","meta":{"jetpack_post_was_ever_published":false,"_jetpack_newsletter_access":"","_jetpack_dont_email_post_to_subs":false,"_jetpack_newsletter_tier_id":0,"_jetpack_memberships_contains_paywalled_content":false,"_jetpack_memberships_contains_paid_content":false,"footnotes":"","jetpack_publicize_message":"","jetpack_publicize_feature_enabled":true,"jetpack_social_post_already_shared":true,"jetpack_social_options":{"image_generator_settings":{"template":"highway","default_image_id":0,"font":"","enabled":false},"version":2}},"categories":[2,8,12,14],"tags":[179,32,60,92],"class_list":["post-34875","post","type-post","status-publish","format-standard","hentry","category-1o-epo","category-diario-de-clase-1o","category-lecto-escritura-1o","category-matematicas-1o","tag-1o-ciclo","tag-alqueria","tag-primaria","tag-semanario"],"jetpack_publicize_connections":[],"jetpack_featured_media_url":"","jetpack_sharing_enabled":true,"jetpack_shortlink":"https:\/\/wp.me\/p4lvS0-94v","_links":{"self":[{"href":"https:\/\/www.alqueria.es\/blogs\/alqueriaprimerciclo\/wp-json\/wp\/v2\/posts\/34875","targetHints":{"allow":["GET"]}}],"collection":[{"href":"https:\/\/www.alqueria.es\/blogs\/alqueriaprimerciclo\/wp-json\/wp\/v2\/posts"}],"about":[{"href":"https:\/\/www.alqueria.es\/blogs\/alqueriaprimerciclo\/wp-json\/wp\/v2\/types\/post"}],"author":[{"embeddable":true,"href":"https:\/\/www.alqueria.es\/blogs\/alqueriaprimerciclo\/wp-json\/wp\/v2\/users\/12"}],"replies":[{"embeddable":true,"href":"https:\/\/www.alqueria.es\/blogs\/alqueriaprimerciclo\/wp-json\/wp\/v2\/comments?post=34875"}],"version-history":[{"count":1,"href":"https:\/\/www.alqueria.es\/blogs\/alqueriaprimerciclo\/wp-json\/wp\/v2\/posts\/34875\/revisions"}],"predecessor-version":[{"id":34911,"href":"https:\/\/www.alqueria.es\/blogs\/alqueriaprimerciclo\/wp-json\/wp\/v2\/posts\/34875\/revisions\/34911"}],"wp:attachment":[{"href":"https:\/\/www.alqueria.es\/blogs\/alqueriaprimerciclo\/wp-json\/wp\/v2\/media?parent=34875"}],"wp:term":[{"taxonomy":"category","embeddable":true,"href":"https:\/\/www.alqueria.es\/blogs\/alqueriaprimerciclo\/wp-json\/wp\/v2\/categories?post=34875"},{"taxonomy":"post_tag","embeddable":true,"href":"https:\/\/www.alqueria.es\/blogs\/alqueriaprimerciclo\/wp-json\/wp\/v2\/tags?post=34875"}],"curies":[{"name":"wp","href":"https:\/\/api.w.org\/{rel}","templated":true}]}}