{"id":362,"date":"2012-05-11T08:38:10","date_gmt":"2012-05-11T08:38:10","guid":{"rendered":"http:\/\/alqueriaprimerciclo.wordpress.com\/?p=362"},"modified":"2014-02-24T09:42:47","modified_gmt":"2014-02-24T09:42:47","slug":"conferencia-el-medio-ambiente","status":"publish","type":"post","link":"https:\/\/www.alqueria.es\/blogs\/alqueriaprimerciclo\/2012\/05\/11\/conferencia-el-medio-ambiente\/","title":{"rendered":"CONFERENCIA: EL MEDIO AMBIENTE"},"content":{"rendered":"<p><a href=\"http:\/\/alqueriaprimerciclo.files.wordpress.com\/2012\/05\/cuida-la-tierra.png\"><img decoding=\"async\" data-attachment-id=\"363\" data-permalink=\"https:\/\/www.alqueria.es\/blogs\/alqueriaprimerciclo\/cuida-la-tierra\/\" data-orig-file=\"https:\/\/www.alqueria.es\/blogs\/alqueriaprimerciclo\/wp-content\/uploads\/sites\/6\/2012\/05\/cuida-la-tierra.png\" data-orig-size=\"439,311\" data-comments-opened=\"1\" data-image-meta=\"{&quot;aperture&quot;:&quot;0&quot;,&quot;credit&quot;:&quot;&quot;,&quot;camera&quot;:&quot;&quot;,&quot;caption&quot;:&quot;&quot;,&quot;created_timestamp&quot;:&quot;0&quot;,&quot;copyright&quot;:&quot;&quot;,&quot;focal_length&quot;:&quot;0&quot;,&quot;iso&quot;:&quot;0&quot;,&quot;shutter_speed&quot;:&quot;0&quot;,&quot;title&quot;:&quot;&quot;}\" data-image-title=\"Cuida la Tierra\" data-image-description=\"\" data-image-caption=\"\" data-large-file=\"https:\/\/www.alqueria.es\/blogs\/alqueriaprimerciclo\/wp-content\/uploads\/sites\/6\/2012\/05\/cuida-la-tierra.png\" class=\"aligncenter size-medium wp-image-363\" title=\"Cuida la Tierra\" src=\"https:\/\/cloud.alqueria.es\/wp-content\/uploads\/sites\/6\/2012\/05\/cuida-la-tierra1.png\" alt=\"\" width=\"300\" height=\"212\" \/><\/a>Hoy hemos disfrutado de la conferencia de Laura R., sobre el medio ambiente. Nos ha hablado de la importancia de cuidar todo lo que nos rodea, nos ha hecho pensar sobre qu\u00e9 peque\u00f1as acciones podemos\u00a0llevar a cabo\u00a0\u00a0nosotros para hacer de la Tierra\u00a0un lugar m\u00e1s agradable y en equilibrio con los dem\u00e1s seres vivos. Ha usado una presentaci\u00f3n en nuestra PDI con dos v\u00eddeos que les han llamado mucho la atenci\u00f3n a los compa\u00f1eros.<\/p>\n","protected":false},"excerpt":{"rendered":"<p>Hoy hemos disfrutado de la conferencia de Laura R., sobre el medio ambiente. Nos ha hablado de la importancia de cuidar todo lo que nos rodea, nos ha hecho pensar sobre qu\u00e9 peque\u00f1as acciones podemos\u00a0llevar a cabo\u00a0\u00a0nosotros para hacer de la Tierra\u00a0un lugar m\u00e1s agradable y en equilibrio con los dem\u00e1s seres vivos. Ha usado &hellip; <a href=\"https:\/\/www.alqueria.es\/blogs\/alqueriaprimerciclo\/2012\/05\/11\/conferencia-el-medio-ambiente\/\" class=\"more-link\">Seguir leyendo <span class=\"screen-reader-text\">CONFERENCIA: EL MEDIO AMBIENTE<\/span> <span class=\"meta-nav\">&rarr;<\/span><\/a><\/p>\n","protected":false},"author":8,"featured_media":0,"comment_status":"open","ping_status":"open","sticky":false,"template":"","format":"standard","meta":{"jetpack_post_was_ever_published":false,"_jetpack_newsletter_access":"","_jetpack_dont_email_post_to_subs":false,"_jetpack_newsletter_tier_id":0,"_jetpack_memberships_contains_paywalled_content":false,"_jetpack_memberships_contains_paid_content":false,"footnotes":"","jetpack_publicize_message":"","jetpack_publicize_feature_enabled":true,"jetpack_social_post_already_shared":false,"jetpack_social_options":{"image_generator_settings":{"template":"highway","default_image_id":0,"font":"","enabled":false},"version":2}},"categories":[2,8],"tags":[],"class_list":["post-362","post","type-post","status-publish","format-standard","hentry","category-1o-epo","category-diario-de-clase-1o"],"jetpack_publicize_connections":[],"jetpack_featured_media_url":"","jetpack_sharing_enabled":true,"jetpack_shortlink":"https:\/\/wp.me\/p4lvS0-5Q","_links":{"self":[{"href":"https:\/\/www.alqueria.es\/blogs\/alqueriaprimerciclo\/wp-json\/wp\/v2\/posts\/362","targetHints":{"allow":["GET"]}}],"collection":[{"href":"https:\/\/www.alqueria.es\/blogs\/alqueriaprimerciclo\/wp-json\/wp\/v2\/posts"}],"about":[{"href":"https:\/\/www.alqueria.es\/blogs\/alqueriaprimerciclo\/wp-json\/wp\/v2\/types\/post"}],"author":[{"embeddable":true,"href":"https:\/\/www.alqueria.es\/blogs\/alqueriaprimerciclo\/wp-json\/wp\/v2\/users\/8"}],"replies":[{"embeddable":true,"href":"https:\/\/www.alqueria.es\/blogs\/alqueriaprimerciclo\/wp-json\/wp\/v2\/comments?post=362"}],"version-history":[{"count":0,"href":"https:\/\/www.alqueria.es\/blogs\/alqueriaprimerciclo\/wp-json\/wp\/v2\/posts\/362\/revisions"}],"wp:attachment":[{"href":"https:\/\/www.alqueria.es\/blogs\/alqueriaprimerciclo\/wp-json\/wp\/v2\/media?parent=362"}],"wp:term":[{"taxonomy":"category","embeddable":true,"href":"https:\/\/www.alqueria.es\/blogs\/alqueriaprimerciclo\/wp-json\/wp\/v2\/categories?post=362"},{"taxonomy":"post_tag","embeddable":true,"href":"https:\/\/www.alqueria.es\/blogs\/alqueriaprimerciclo\/wp-json\/wp\/v2\/tags?post=362"}],"curies":[{"name":"wp","href":"https:\/\/api.w.org\/{rel}","templated":true}]}}