{"id":370,"date":"2012-05-11T11:56:58","date_gmt":"2012-05-11T11:56:58","guid":{"rendered":"http:\/\/alqueriaprimerciclo.wordpress.com\/?p=370"},"modified":"2014-02-24T09:42:51","modified_gmt":"2014-02-24T09:42:51","slug":"las-plantas","status":"publish","type":"post","link":"https:\/\/www.alqueria.es\/blogs\/alqueriaprimerciclo\/2012\/05\/11\/las-plantas\/","title":{"rendered":"Las plantas."},"content":{"rendered":"<p><a href=\"http:\/\/alqueriaprimerciclo.files.wordpress.com\/2012\/05\/dsc020631.jpg\"><img decoding=\"async\" data-attachment-id=\"374\" data-permalink=\"https:\/\/www.alqueria.es\/blogs\/alqueriaprimerciclo\/dsc02063-2\/\" data-orig-file=\"https:\/\/www.alqueria.es\/blogs\/alqueriaprimerciclo\/wp-content\/uploads\/sites\/6\/2012\/05\/dsc020631.jpg\" data-orig-size=\"1024,768\" data-comments-opened=\"1\" data-image-meta=\"{&quot;aperture&quot;:&quot;0&quot;,&quot;credit&quot;:&quot;&quot;,&quot;camera&quot;:&quot;&quot;,&quot;caption&quot;:&quot;&quot;,&quot;created_timestamp&quot;:&quot;0&quot;,&quot;copyright&quot;:&quot;&quot;,&quot;focal_length&quot;:&quot;0&quot;,&quot;iso&quot;:&quot;0&quot;,&quot;shutter_speed&quot;:&quot;0&quot;,&quot;title&quot;:&quot;&quot;}\" data-image-title=\"DSC02063\" data-image-description=\"\" data-image-caption=\"\" data-large-file=\"https:\/\/www.alqueria.es\/blogs\/alqueriaprimerciclo\/wp-content\/uploads\/sites\/6\/2012\/05\/dsc020631-1024x768.jpg\" class=\"aligncenter size-medium wp-image-374\" title=\"DSC02063\" src=\"https:\/\/cloud.alqueria.es\/wp-content\/uploads\/sites\/6\/2012\/05\/dsc0206311.jpg\" alt=\"\" width=\"300\" height=\"225\" \/><\/a>Esta semana seguimos trabajando sobre las plantas. Como sab\u00e9is pusimos unas semillas de legumbres a germinar. Durante la semana realizamos observaciones del proceso de germinaci\u00f3n, registrando la evoluci\u00f3n de las semillas, c\u00f3mo va saliendo la raiz y el tallo. Medimos la evoluci\u00f3n con reglas, fotografiamos las semillas. Escribimos nuestras observaciones tanto en la ficha de observaci\u00f3n, como en el <em>BLOG DE PRIMERO, <\/em>que pod\u00e9is visitar.<\/p>\n<p>Por otro lado, el jueves estuvimos trasplantando los cipreces que David hab\u00eda tra\u00eddo para su colecci\u00f3n de 100. En el proceso nos detuvimos en la observaci\u00f3n de las ra\u00edces y de los elementos que necesitan estas plantas para vivir: tierra con espacio para crecer, agua, luz solar.<\/p>\n<p>Un saludo<\/p>\n<p>Jose.<\/p>\n<p><a href=\"http:\/\/alqueriaprimerciclo.files.wordpress.com\/2012\/05\/dsc020621.jpg\"><img decoding=\"async\" data-attachment-id=\"375\" data-permalink=\"https:\/\/www.alqueria.es\/blogs\/alqueriaprimerciclo\/dsc02062-2\/\" data-orig-file=\"https:\/\/www.alqueria.es\/blogs\/alqueriaprimerciclo\/wp-content\/uploads\/sites\/6\/2012\/05\/dsc020621.jpg\" data-orig-size=\"1024,768\" data-comments-opened=\"1\" data-image-meta=\"{&quot;aperture&quot;:&quot;0&quot;,&quot;credit&quot;:&quot;&quot;,&quot;camera&quot;:&quot;&quot;,&quot;caption&quot;:&quot;&quot;,&quot;created_timestamp&quot;:&quot;0&quot;,&quot;copyright&quot;:&quot;&quot;,&quot;focal_length&quot;:&quot;0&quot;,&quot;iso&quot;:&quot;0&quot;,&quot;shutter_speed&quot;:&quot;0&quot;,&quot;title&quot;:&quot;&quot;}\" data-image-title=\"DSC02062\" data-image-description=\"\" data-image-caption=\"\" data-large-file=\"https:\/\/www.alqueria.es\/blogs\/alqueriaprimerciclo\/wp-content\/uploads\/sites\/6\/2012\/05\/dsc020621-1024x768.jpg\" class=\"aligncenter size-medium wp-image-375\" title=\"DSC02062\" src=\"https:\/\/cloud.alqueria.es\/wp-content\/uploads\/sites\/6\/2012\/05\/dsc0206211.jpg\" alt=\"\" width=\"300\" height=\"225\" \/><\/a><\/p>\n","protected":false},"excerpt":{"rendered":"<p>Esta semana seguimos trabajando sobre las plantas. Como sab\u00e9is pusimos unas semillas de legumbres a germinar. Durante la semana realizamos observaciones del proceso de germinaci\u00f3n, registrando la evoluci\u00f3n de las semillas, c\u00f3mo va saliendo la raiz y el tallo. Medimos la evoluci\u00f3n con reglas, fotografiamos las semillas. Escribimos nuestras observaciones tanto en la ficha de &hellip; <a href=\"https:\/\/www.alqueria.es\/blogs\/alqueriaprimerciclo\/2012\/05\/11\/las-plantas\/\" class=\"more-link\">Seguir leyendo <span class=\"screen-reader-text\">Las plantas.<\/span> <span class=\"meta-nav\">&rarr;<\/span><\/a><\/p>\n","protected":false},"author":8,"featured_media":0,"comment_status":"open","ping_status":"open","sticky":false,"template":"","format":"standard","meta":{"jetpack_post_was_ever_published":false,"_jetpack_newsletter_access":"","_jetpack_dont_email_post_to_subs":false,"_jetpack_newsletter_tier_id":0,"_jetpack_memberships_contains_paywalled_content":false,"_jetpack_memberships_contains_paid_content":false,"footnotes":"","jetpack_publicize_message":"","jetpack_publicize_feature_enabled":true,"jetpack_social_post_already_shared":false,"jetpack_social_options":{"image_generator_settings":{"template":"highway","default_image_id":0,"font":"","enabled":false},"version":2}},"categories":[2,8],"tags":[],"class_list":["post-370","post","type-post","status-publish","format-standard","hentry","category-1o-epo","category-diario-de-clase-1o"],"jetpack_publicize_connections":[],"jetpack_featured_media_url":"","jetpack_sharing_enabled":true,"jetpack_shortlink":"https:\/\/wp.me\/p4lvS0-5Y","_links":{"self":[{"href":"https:\/\/www.alqueria.es\/blogs\/alqueriaprimerciclo\/wp-json\/wp\/v2\/posts\/370","targetHints":{"allow":["GET"]}}],"collection":[{"href":"https:\/\/www.alqueria.es\/blogs\/alqueriaprimerciclo\/wp-json\/wp\/v2\/posts"}],"about":[{"href":"https:\/\/www.alqueria.es\/blogs\/alqueriaprimerciclo\/wp-json\/wp\/v2\/types\/post"}],"author":[{"embeddable":true,"href":"https:\/\/www.alqueria.es\/blogs\/alqueriaprimerciclo\/wp-json\/wp\/v2\/users\/8"}],"replies":[{"embeddable":true,"href":"https:\/\/www.alqueria.es\/blogs\/alqueriaprimerciclo\/wp-json\/wp\/v2\/comments?post=370"}],"version-history":[{"count":0,"href":"https:\/\/www.alqueria.es\/blogs\/alqueriaprimerciclo\/wp-json\/wp\/v2\/posts\/370\/revisions"}],"wp:attachment":[{"href":"https:\/\/www.alqueria.es\/blogs\/alqueriaprimerciclo\/wp-json\/wp\/v2\/media?parent=370"}],"wp:term":[{"taxonomy":"category","embeddable":true,"href":"https:\/\/www.alqueria.es\/blogs\/alqueriaprimerciclo\/wp-json\/wp\/v2\/categories?post=370"},{"taxonomy":"post_tag","embeddable":true,"href":"https:\/\/www.alqueria.es\/blogs\/alqueriaprimerciclo\/wp-json\/wp\/v2\/tags?post=370"}],"curies":[{"name":"wp","href":"https:\/\/api.w.org\/{rel}","templated":true}]}}