{"id":38182,"date":"2024-09-14T13:52:03","date_gmt":"2024-09-14T11:52:03","guid":{"rendered":"https:\/\/www.alqueria.es\/blogs\/alqueriaprimerciclo\/?p=38182"},"modified":"2024-09-14T13:52:03","modified_gmt":"2024-09-14T11:52:03","slug":"bienvenidos-a-primaria-3","status":"publish","type":"post","link":"https:\/\/www.alqueria.es\/blogs\/alqueriaprimerciclo\/2024\/09\/14\/bienvenidos-a-primaria-3\/","title":{"rendered":"Bienvenidos a primaria"},"content":{"rendered":"<p><img decoding=\"async\" data-attachment-id=\"38183\" data-permalink=\"https:\/\/www.alqueria.es\/blogs\/alqueriaprimerciclo\/2024\/09\/14\/bienvenidos-a-primaria-3\/bienvenidos-primaria-01-uai-1042x694\/\" data-orig-file=\"https:\/\/cloud.alqueria.es\/wp-content\/uploads\/sites\/6\/2024\/09\/bienvenidos-primaria-01-uai-1042x694-1.jpg\" data-orig-size=\"1042,694\" data-comments-opened=\"1\" data-image-meta=\"{&quot;aperture&quot;:&quot;0&quot;,&quot;credit&quot;:&quot;&quot;,&quot;camera&quot;:&quot;&quot;,&quot;caption&quot;:&quot;&quot;,&quot;created_timestamp&quot;:&quot;0&quot;,&quot;copyright&quot;:&quot;&quot;,&quot;focal_length&quot;:&quot;0&quot;,&quot;iso&quot;:&quot;0&quot;,&quot;shutter_speed&quot;:&quot;0&quot;,&quot;title&quot;:&quot;&quot;,&quot;orientation&quot;:&quot;0&quot;}\" data-image-title=\"bienvenidos-primaria-01-uai-1042&amp;#215;694\" data-image-description=\"\" data-image-caption=\"\" data-large-file=\"https:\/\/cloud.alqueria.es\/wp-content\/uploads\/sites\/6\/2024\/09\/bienvenidos-primaria-01-uai-1042x694-1-1024x682.jpg\" class=\"alignnone wp-image-38183 size-large\" src=\"https:\/\/cloud.alqueria.es\/wp-content\/uploads\/sites\/6\/2024\/09\/bienvenidos-primaria-01-uai-1042x694-1-1024x682.jpg\" alt=\"\" width=\"474\" height=\"316\" srcset=\"https:\/\/cloud.alqueria.es\/wp-content\/uploads\/sites\/6\/2024\/09\/bienvenidos-primaria-01-uai-1042x694-1-1024x682.jpg 1024w, https:\/\/cloud.alqueria.es\/wp-content\/uploads\/sites\/6\/2024\/09\/bienvenidos-primaria-01-uai-1042x694-1-300x200.jpg 300w, https:\/\/cloud.alqueria.es\/wp-content\/uploads\/sites\/6\/2024\/09\/bienvenidos-primaria-01-uai-1042x694-1-768x512.jpg 768w, https:\/\/cloud.alqueria.es\/wp-content\/uploads\/sites\/6\/2024\/09\/bienvenidos-primaria-01-uai-1042x694-1.jpg 1042w\" sizes=\"(max-width: 474px) 100vw, 474px\" \/><\/p>\n<p>Comenzamos una nueva aventura<\/p>\n<p>&nbsp;<\/p>\n<p>El equipo de Alquer\u00eda Educaci\u00f3n os da la bienvenida a todas las familias que\u00a0 formais parte de este proyecto durante el curso 24-25.<\/p>\n<p>Os agradecemos la confianza que hab\u00e9is puesto al elegirnos como centro colaborador en la educaci\u00f3n de vuestros hijos e hijas.<img decoding=\"async\" data-attachment-id=\"38184\" data-permalink=\"https:\/\/www.alqueria.es\/blogs\/alqueriaprimerciclo\/2024\/09\/14\/bienvenidos-a-primaria-3\/hqdefault\/\" data-orig-file=\"https:\/\/cloud.alqueria.es\/wp-content\/uploads\/sites\/6\/2024\/09\/hqdefault.jpg\" data-orig-size=\"480,360\" data-comments-opened=\"1\" data-image-meta=\"{&quot;aperture&quot;:&quot;0&quot;,&quot;credit&quot;:&quot;&quot;,&quot;camera&quot;:&quot;&quot;,&quot;caption&quot;:&quot;&quot;,&quot;created_timestamp&quot;:&quot;0&quot;,&quot;copyright&quot;:&quot;&quot;,&quot;focal_length&quot;:&quot;0&quot;,&quot;iso&quot;:&quot;0&quot;,&quot;shutter_speed&quot;:&quot;0&quot;,&quot;title&quot;:&quot;&quot;,&quot;orientation&quot;:&quot;0&quot;}\" data-image-title=\"hqdefault\" data-image-description=\"\" data-image-caption=\"\" data-large-file=\"https:\/\/cloud.alqueria.es\/wp-content\/uploads\/sites\/6\/2024\/09\/hqdefault.jpg\" class=\"alignnone wp-image-38184 size-full\" src=\"https:\/\/cloud.alqueria.es\/wp-content\/uploads\/sites\/6\/2024\/09\/hqdefault.jpg\" alt=\"\" width=\"480\" height=\"360\" srcset=\"https:\/\/cloud.alqueria.es\/wp-content\/uploads\/sites\/6\/2024\/09\/hqdefault.jpg 480w, https:\/\/cloud.alqueria.es\/wp-content\/uploads\/sites\/6\/2024\/09\/hqdefault-300x225.jpg 300w\" sizes=\"(max-width: 480px) 100vw, 480px\" \/><\/p>\n<p>De forma muy especial el equipo del 1\u00ba ciclo, que interacciona de forma m\u00e1s directa d\u00eda a d\u00eda, Dar\u00eda como tutora, Tatiana como apoyo de ciclo , Ana M. c\u00f3mo profe de art\u00edstica , Carmen responsable de comedor, B\u00e1rbara y Ana, desde el departamento de idiomas, Alberto en educaci\u00f3n f\u00edsica y Elena en m\u00fasica, os acogemos desde el primer d\u00eda, como equipo de primero.<\/p>\n<p>\u00a1\u00a1Un nuevo comienzo, una nueva aventura , una maravillosa oportunidad a compartir con la tribu de primerillo!!<\/p>\n<p><img decoding=\"async\" data-attachment-id=\"38226\" data-permalink=\"https:\/\/www.alqueria.es\/blogs\/alqueriaprimerciclo\/2024\/09\/14\/bienvenidos-a-primaria-3\/img-20240913-wa0000\/\" data-orig-file=\"https:\/\/cloud.alqueria.es\/wp-content\/uploads\/sites\/6\/2024\/09\/IMG-20240913-WA0000.jpg\" data-orig-size=\"1941,2048\" data-comments-opened=\"1\" data-image-meta=\"{&quot;aperture&quot;:&quot;0&quot;,&quot;credit&quot;:&quot;&quot;,&quot;camera&quot;:&quot;&quot;,&quot;caption&quot;:&quot;&quot;,&quot;created_timestamp&quot;:&quot;0&quot;,&quot;copyright&quot;:&quot;&quot;,&quot;focal_length&quot;:&quot;0&quot;,&quot;iso&quot;:&quot;0&quot;,&quot;shutter_speed&quot;:&quot;0&quot;,&quot;title&quot;:&quot;&quot;,&quot;orientation&quot;:&quot;0&quot;}\" data-image-title=\"IMG-20240913-WA0000\" data-image-description=\"\" data-image-caption=\"\" data-large-file=\"https:\/\/cloud.alqueria.es\/wp-content\/uploads\/sites\/6\/2024\/09\/IMG-20240913-WA0000-971x1024.jpg\" class=\"alignnone wp-image-38226 size-full\" src=\"https:\/\/cloud.alqueria.es\/wp-content\/uploads\/sites\/6\/2024\/09\/IMG-20240913-WA0000.jpg\" alt=\"\" width=\"1941\" height=\"2048\" srcset=\"https:\/\/cloud.alqueria.es\/wp-content\/uploads\/sites\/6\/2024\/09\/IMG-20240913-WA0000.jpg 1941w, https:\/\/cloud.alqueria.es\/wp-content\/uploads\/sites\/6\/2024\/09\/IMG-20240913-WA0000-284x300.jpg 284w, https:\/\/cloud.alqueria.es\/wp-content\/uploads\/sites\/6\/2024\/09\/IMG-20240913-WA0000-971x1024.jpg 971w, https:\/\/cloud.alqueria.es\/wp-content\/uploads\/sites\/6\/2024\/09\/IMG-20240913-WA0000-768x810.jpg 768w, https:\/\/cloud.alqueria.es\/wp-content\/uploads\/sites\/6\/2024\/09\/IMG-20240913-WA0000-1456x1536.jpg 1456w\" sizes=\"(max-width: 1941px) 100vw, 1941px\" \/><\/p>\n<p>Nos hemos contado las aventuras de nuestros vacaciones a trav\u00e9s de un dibujo sobre ello. Nos presentamos y damos la especial bienvenida a los compa\u00f1eros que se incorporan al grupo, Teo, Vega y David.<\/p>\n<p>El equipo directivo y el profesorado nos convocan al acto de apertura del nuevo curso para darnos la bienvenida. Especial menci\u00f3n al alumnado que se incorpora por primera vez a nuestro centro y a primero por su llegada a primaria.<\/p>\n<p><img decoding=\"async\" data-attachment-id=\"38236\" data-permalink=\"https:\/\/www.alqueria.es\/blogs\/alqueriaprimerciclo\/2024\/09\/14\/bienvenidos-a-primaria-3\/img-20240912-wa0000\/\" data-orig-file=\"https:\/\/cloud.alqueria.es\/wp-content\/uploads\/sites\/6\/2024\/09\/IMG-20240912-WA0000.jpg\" data-orig-size=\"1600,773\" data-comments-opened=\"1\" data-image-meta=\"{&quot;aperture&quot;:&quot;0&quot;,&quot;credit&quot;:&quot;&quot;,&quot;camera&quot;:&quot;&quot;,&quot;caption&quot;:&quot;&quot;,&quot;created_timestamp&quot;:&quot;0&quot;,&quot;copyright&quot;:&quot;&quot;,&quot;focal_length&quot;:&quot;0&quot;,&quot;iso&quot;:&quot;0&quot;,&quot;shutter_speed&quot;:&quot;0&quot;,&quot;title&quot;:&quot;&quot;,&quot;orientation&quot;:&quot;0&quot;}\" data-image-title=\"IMG-20240912-WA0000\" data-image-description=\"\" data-image-caption=\"\" data-large-file=\"https:\/\/cloud.alqueria.es\/wp-content\/uploads\/sites\/6\/2024\/09\/IMG-20240912-WA0000-1024x495.jpg\" class=\"alignnone wp-image-38236 size-large\" src=\"https:\/\/cloud.alqueria.es\/wp-content\/uploads\/sites\/6\/2024\/09\/IMG-20240912-WA0000-1024x495.jpg\" alt=\"\" width=\"474\" height=\"229\" srcset=\"https:\/\/cloud.alqueria.es\/wp-content\/uploads\/sites\/6\/2024\/09\/IMG-20240912-WA0000-1024x495.jpg 1024w, https:\/\/cloud.alqueria.es\/wp-content\/uploads\/sites\/6\/2024\/09\/IMG-20240912-WA0000-300x145.jpg 300w, https:\/\/cloud.alqueria.es\/wp-content\/uploads\/sites\/6\/2024\/09\/IMG-20240912-WA0000-768x371.jpg 768w, https:\/\/cloud.alqueria.es\/wp-content\/uploads\/sites\/6\/2024\/09\/IMG-20240912-WA0000-1536x742.jpg 1536w, https:\/\/cloud.alqueria.es\/wp-content\/uploads\/sites\/6\/2024\/09\/IMG-20240912-WA0000.jpg 1600w\" sizes=\"(max-width: 474px) 100vw, 474px\" \/><\/p>\n<p>En clase reconocemos los espacios y materiales con los que vamos a interaccionar, jugar con construcciones nos relaja y permite relacionarnos de forma l\u00fadica y agradable las tardes de esta semana de adaptaci\u00f3n.<\/p>\n<p><img decoding=\"async\" data-attachment-id=\"38230\" data-permalink=\"https:\/\/www.alqueria.es\/blogs\/alqueriaprimerciclo\/2024\/09\/14\/bienvenidos-a-primaria-3\/img-20240908-wa0004\/\" data-orig-file=\"https:\/\/cloud.alqueria.es\/wp-content\/uploads\/sites\/6\/2024\/09\/IMG-20240908-WA0004.jpg\" data-orig-size=\"1125,1959\" data-comments-opened=\"1\" data-image-meta=\"{&quot;aperture&quot;:&quot;0&quot;,&quot;credit&quot;:&quot;&quot;,&quot;camera&quot;:&quot;&quot;,&quot;caption&quot;:&quot;&quot;,&quot;created_timestamp&quot;:&quot;0&quot;,&quot;copyright&quot;:&quot;&quot;,&quot;focal_length&quot;:&quot;0&quot;,&quot;iso&quot;:&quot;0&quot;,&quot;shutter_speed&quot;:&quot;0&quot;,&quot;title&quot;:&quot;&quot;,&quot;orientation&quot;:&quot;0&quot;}\" data-image-title=\"IMG-20240908-WA0004\" data-image-description=\"\" data-image-caption=\"\" data-large-file=\"https:\/\/cloud.alqueria.es\/wp-content\/uploads\/sites\/6\/2024\/09\/IMG-20240908-WA0004-588x1024.jpg\" class=\"alignnone size-medium wp-image-38230\" src=\"https:\/\/cloud.alqueria.es\/wp-content\/uploads\/sites\/6\/2024\/09\/IMG-20240908-WA0004-172x300.jpg\" alt=\"\" width=\"172\" height=\"300\" srcset=\"https:\/\/cloud.alqueria.es\/wp-content\/uploads\/sites\/6\/2024\/09\/IMG-20240908-WA0004-172x300.jpg 172w, https:\/\/cloud.alqueria.es\/wp-content\/uploads\/sites\/6\/2024\/09\/IMG-20240908-WA0004-588x1024.jpg 588w, https:\/\/cloud.alqueria.es\/wp-content\/uploads\/sites\/6\/2024\/09\/IMG-20240908-WA0004-768x1337.jpg 768w, https:\/\/cloud.alqueria.es\/wp-content\/uploads\/sites\/6\/2024\/09\/IMG-20240908-WA0004-882x1536.jpg 882w, https:\/\/cloud.alqueria.es\/wp-content\/uploads\/sites\/6\/2024\/09\/IMG-20240908-WA0004.jpg 1125w\" sizes=\"(max-width: 172px) 100vw, 172px\" \/> <img decoding=\"async\" data-attachment-id=\"38231\" data-permalink=\"https:\/\/www.alqueria.es\/blogs\/alqueriaprimerciclo\/2024\/09\/14\/bienvenidos-a-primaria-3\/img-20240908-wa00051\/\" data-orig-file=\"https:\/\/cloud.alqueria.es\/wp-content\/uploads\/sites\/6\/2024\/09\/IMG-20240908-WA00051.jpg\" data-orig-size=\"1125,2000\" data-comments-opened=\"1\" data-image-meta=\"{&quot;aperture&quot;:&quot;0&quot;,&quot;credit&quot;:&quot;&quot;,&quot;camera&quot;:&quot;&quot;,&quot;caption&quot;:&quot;&quot;,&quot;created_timestamp&quot;:&quot;0&quot;,&quot;copyright&quot;:&quot;&quot;,&quot;focal_length&quot;:&quot;0&quot;,&quot;iso&quot;:&quot;0&quot;,&quot;shutter_speed&quot;:&quot;0&quot;,&quot;title&quot;:&quot;&quot;,&quot;orientation&quot;:&quot;0&quot;}\" data-image-title=\"IMG-20240908-WA0005(1)\" data-image-description=\"\" data-image-caption=\"\" data-large-file=\"https:\/\/cloud.alqueria.es\/wp-content\/uploads\/sites\/6\/2024\/09\/IMG-20240908-WA00051-576x1024.jpg\" class=\"alignnone size-medium wp-image-38231\" src=\"https:\/\/cloud.alqueria.es\/wp-content\/uploads\/sites\/6\/2024\/09\/IMG-20240908-WA00051-169x300.jpg\" alt=\"\" width=\"169\" height=\"300\" srcset=\"https:\/\/cloud.alqueria.es\/wp-content\/uploads\/sites\/6\/2024\/09\/IMG-20240908-WA00051-169x300.jpg 169w, https:\/\/cloud.alqueria.es\/wp-content\/uploads\/sites\/6\/2024\/09\/IMG-20240908-WA00051-576x1024.jpg 576w, https:\/\/cloud.alqueria.es\/wp-content\/uploads\/sites\/6\/2024\/09\/IMG-20240908-WA00051-768x1365.jpg 768w, https:\/\/cloud.alqueria.es\/wp-content\/uploads\/sites\/6\/2024\/09\/IMG-20240908-WA00051-864x1536.jpg 864w, https:\/\/cloud.alqueria.es\/wp-content\/uploads\/sites\/6\/2024\/09\/IMG-20240908-WA00051.jpg 1125w\" sizes=\"(max-width: 169px) 100vw, 169px\" \/> <img decoding=\"async\" data-attachment-id=\"38232\" data-permalink=\"https:\/\/www.alqueria.es\/blogs\/alqueriaprimerciclo\/2024\/09\/14\/bienvenidos-a-primaria-3\/img-20240908-wa0009\/\" data-orig-file=\"https:\/\/cloud.alqueria.es\/wp-content\/uploads\/sites\/6\/2024\/09\/IMG-20240908-WA0009.jpg\" data-orig-size=\"2000,1125\" data-comments-opened=\"1\" data-image-meta=\"{&quot;aperture&quot;:&quot;0&quot;,&quot;credit&quot;:&quot;&quot;,&quot;camera&quot;:&quot;&quot;,&quot;caption&quot;:&quot;&quot;,&quot;created_timestamp&quot;:&quot;0&quot;,&quot;copyright&quot;:&quot;&quot;,&quot;focal_length&quot;:&quot;0&quot;,&quot;iso&quot;:&quot;0&quot;,&quot;shutter_speed&quot;:&quot;0&quot;,&quot;title&quot;:&quot;&quot;,&quot;orientation&quot;:&quot;0&quot;}\" data-image-title=\"IMG-20240908-WA0009\" data-image-description=\"\" data-image-caption=\"\" data-large-file=\"https:\/\/cloud.alqueria.es\/wp-content\/uploads\/sites\/6\/2024\/09\/IMG-20240908-WA0009-1024x576.jpg\" class=\"alignnone wp-image-38232 size-large\" src=\"https:\/\/cloud.alqueria.es\/wp-content\/uploads\/sites\/6\/2024\/09\/IMG-20240908-WA0009-1024x576.jpg\" alt=\"\" width=\"474\" height=\"267\" srcset=\"https:\/\/cloud.alqueria.es\/wp-content\/uploads\/sites\/6\/2024\/09\/IMG-20240908-WA0009-1024x576.jpg 1024w, https:\/\/cloud.alqueria.es\/wp-content\/uploads\/sites\/6\/2024\/09\/IMG-20240908-WA0009-300x169.jpg 300w, https:\/\/cloud.alqueria.es\/wp-content\/uploads\/sites\/6\/2024\/09\/IMG-20240908-WA0009-768x432.jpg 768w, https:\/\/cloud.alqueria.es\/wp-content\/uploads\/sites\/6\/2024\/09\/IMG-20240908-WA0009-1536x864.jpg 1536w, https:\/\/cloud.alqueria.es\/wp-content\/uploads\/sites\/6\/2024\/09\/IMG-20240908-WA0009.jpg 2000w\" sizes=\"(max-width: 474px) 100vw, 474px\" \/> <img decoding=\"async\" data-attachment-id=\"38233\" data-permalink=\"https:\/\/www.alqueria.es\/blogs\/alqueriaprimerciclo\/2024\/09\/14\/bienvenidos-a-primaria-3\/img-20240908-wa0008\/\" data-orig-file=\"https:\/\/cloud.alqueria.es\/wp-content\/uploads\/sites\/6\/2024\/09\/IMG-20240908-WA0008.jpg\" data-orig-size=\"2000,1125\" data-comments-opened=\"1\" data-image-meta=\"{&quot;aperture&quot;:&quot;0&quot;,&quot;credit&quot;:&quot;&quot;,&quot;camera&quot;:&quot;&quot;,&quot;caption&quot;:&quot;&quot;,&quot;created_timestamp&quot;:&quot;0&quot;,&quot;copyright&quot;:&quot;&quot;,&quot;focal_length&quot;:&quot;0&quot;,&quot;iso&quot;:&quot;0&quot;,&quot;shutter_speed&quot;:&quot;0&quot;,&quot;title&quot;:&quot;&quot;,&quot;orientation&quot;:&quot;0&quot;}\" data-image-title=\"IMG-20240908-WA0008\" data-image-description=\"\" data-image-caption=\"\" data-large-file=\"https:\/\/cloud.alqueria.es\/wp-content\/uploads\/sites\/6\/2024\/09\/IMG-20240908-WA0008-1024x576.jpg\" class=\"alignnone wp-image-38233 size-large\" src=\"https:\/\/cloud.alqueria.es\/wp-content\/uploads\/sites\/6\/2024\/09\/IMG-20240908-WA0008-1024x576.jpg\" alt=\"\" width=\"474\" height=\"267\" srcset=\"https:\/\/cloud.alqueria.es\/wp-content\/uploads\/sites\/6\/2024\/09\/IMG-20240908-WA0008-1024x576.jpg 1024w, https:\/\/cloud.alqueria.es\/wp-content\/uploads\/sites\/6\/2024\/09\/IMG-20240908-WA0008-300x169.jpg 300w, https:\/\/cloud.alqueria.es\/wp-content\/uploads\/sites\/6\/2024\/09\/IMG-20240908-WA0008-768x432.jpg 768w, https:\/\/cloud.alqueria.es\/wp-content\/uploads\/sites\/6\/2024\/09\/IMG-20240908-WA0008-1536x864.jpg 1536w, https:\/\/cloud.alqueria.es\/wp-content\/uploads\/sites\/6\/2024\/09\/IMG-20240908-WA0008.jpg 2000w\" sizes=\"(max-width: 474px) 100vw, 474px\" \/> <img decoding=\"async\" data-attachment-id=\"38234\" data-permalink=\"https:\/\/www.alqueria.es\/blogs\/alqueriaprimerciclo\/2024\/09\/14\/bienvenidos-a-primaria-3\/img-20240908-wa0010\/\" data-orig-file=\"https:\/\/cloud.alqueria.es\/wp-content\/uploads\/sites\/6\/2024\/09\/IMG-20240908-WA0010.jpg\" data-orig-size=\"1125,2000\" data-comments-opened=\"1\" data-image-meta=\"{&quot;aperture&quot;:&quot;0&quot;,&quot;credit&quot;:&quot;&quot;,&quot;camera&quot;:&quot;&quot;,&quot;caption&quot;:&quot;&quot;,&quot;created_timestamp&quot;:&quot;0&quot;,&quot;copyright&quot;:&quot;&quot;,&quot;focal_length&quot;:&quot;0&quot;,&quot;iso&quot;:&quot;0&quot;,&quot;shutter_speed&quot;:&quot;0&quot;,&quot;title&quot;:&quot;&quot;,&quot;orientation&quot;:&quot;0&quot;}\" data-image-title=\"IMG-20240908-WA0010\" data-image-description=\"\" data-image-caption=\"\" data-large-file=\"https:\/\/cloud.alqueria.es\/wp-content\/uploads\/sites\/6\/2024\/09\/IMG-20240908-WA0010-576x1024.jpg\" class=\"alignnone wp-image-38234 size-large\" src=\"https:\/\/cloud.alqueria.es\/wp-content\/uploads\/sites\/6\/2024\/09\/IMG-20240908-WA0010-576x1024.jpg\" alt=\"\" width=\"474\" height=\"843\" srcset=\"https:\/\/cloud.alqueria.es\/wp-content\/uploads\/sites\/6\/2024\/09\/IMG-20240908-WA0010-576x1024.jpg 576w, https:\/\/cloud.alqueria.es\/wp-content\/uploads\/sites\/6\/2024\/09\/IMG-20240908-WA0010-169x300.jpg 169w, https:\/\/cloud.alqueria.es\/wp-content\/uploads\/sites\/6\/2024\/09\/IMG-20240908-WA0010-768x1365.jpg 768w, https:\/\/cloud.alqueria.es\/wp-content\/uploads\/sites\/6\/2024\/09\/IMG-20240908-WA0010-864x1536.jpg 864w, https:\/\/cloud.alqueria.es\/wp-content\/uploads\/sites\/6\/2024\/09\/IMG-20240908-WA0010.jpg 1125w\" sizes=\"(max-width: 474px) 100vw, 474px\" \/> <img decoding=\"async\" data-attachment-id=\"38235\" data-permalink=\"https:\/\/www.alqueria.es\/blogs\/alqueriaprimerciclo\/2024\/09\/14\/bienvenidos-a-primaria-3\/img-20240908-wa0006\/\" data-orig-file=\"https:\/\/cloud.alqueria.es\/wp-content\/uploads\/sites\/6\/2024\/09\/IMG-20240908-WA0006.jpg\" data-orig-size=\"2000,1125\" data-comments-opened=\"1\" data-image-meta=\"{&quot;aperture&quot;:&quot;0&quot;,&quot;credit&quot;:&quot;&quot;,&quot;camera&quot;:&quot;&quot;,&quot;caption&quot;:&quot;&quot;,&quot;created_timestamp&quot;:&quot;0&quot;,&quot;copyright&quot;:&quot;&quot;,&quot;focal_length&quot;:&quot;0&quot;,&quot;iso&quot;:&quot;0&quot;,&quot;shutter_speed&quot;:&quot;0&quot;,&quot;title&quot;:&quot;&quot;,&quot;orientation&quot;:&quot;0&quot;}\" data-image-title=\"IMG-20240908-WA0006\" data-image-description=\"\" data-image-caption=\"\" data-large-file=\"https:\/\/cloud.alqueria.es\/wp-content\/uploads\/sites\/6\/2024\/09\/IMG-20240908-WA0006-1024x576.jpg\" class=\"alignnone wp-image-38235 size-large\" src=\"https:\/\/cloud.alqueria.es\/wp-content\/uploads\/sites\/6\/2024\/09\/IMG-20240908-WA0006-1024x576.jpg\" alt=\"\" width=\"474\" height=\"267\" srcset=\"https:\/\/cloud.alqueria.es\/wp-content\/uploads\/sites\/6\/2024\/09\/IMG-20240908-WA0006-1024x576.jpg 1024w, https:\/\/cloud.alqueria.es\/wp-content\/uploads\/sites\/6\/2024\/09\/IMG-20240908-WA0006-300x169.jpg 300w, https:\/\/cloud.alqueria.es\/wp-content\/uploads\/sites\/6\/2024\/09\/IMG-20240908-WA0006-768x432.jpg 768w, https:\/\/cloud.alqueria.es\/wp-content\/uploads\/sites\/6\/2024\/09\/IMG-20240908-WA0006-1536x864.jpg 1536w, https:\/\/cloud.alqueria.es\/wp-content\/uploads\/sites\/6\/2024\/09\/IMG-20240908-WA0006.jpg 2000w\" sizes=\"(max-width: 474px) 100vw, 474px\" \/><\/p>\n<p>Organizamos los materiales con los que vamos a trabajar . En el estuche que traemos de casa, el l\u00e1piz y goma, otro estuche de grupo con rotuladores y colores. Una carpeta de casa para llevar trabajitos o libros .<\/p>\n<p><img decoding=\"async\" data-attachment-id=\"38227\" data-permalink=\"https:\/\/www.alqueria.es\/blogs\/alqueriaprimerciclo\/2024\/09\/14\/bienvenidos-a-primaria-3\/img-20240913-wa0015\/\" data-orig-file=\"https:\/\/cloud.alqueria.es\/wp-content\/uploads\/sites\/6\/2024\/09\/IMG-20240913-WA0015.jpg\" data-orig-size=\"2000,1125\" data-comments-opened=\"1\" data-image-meta=\"{&quot;aperture&quot;:&quot;0&quot;,&quot;credit&quot;:&quot;&quot;,&quot;camera&quot;:&quot;&quot;,&quot;caption&quot;:&quot;&quot;,&quot;created_timestamp&quot;:&quot;0&quot;,&quot;copyright&quot;:&quot;&quot;,&quot;focal_length&quot;:&quot;0&quot;,&quot;iso&quot;:&quot;0&quot;,&quot;shutter_speed&quot;:&quot;0&quot;,&quot;title&quot;:&quot;&quot;,&quot;orientation&quot;:&quot;0&quot;}\" data-image-title=\"IMG-20240913-WA0015\" data-image-description=\"\" data-image-caption=\"\" data-large-file=\"https:\/\/cloud.alqueria.es\/wp-content\/uploads\/sites\/6\/2024\/09\/IMG-20240913-WA0015-1024x576.jpg\" class=\"alignnone wp-image-38227 size-large\" src=\"https:\/\/cloud.alqueria.es\/wp-content\/uploads\/sites\/6\/2024\/09\/IMG-20240913-WA0015-1024x576.jpg\" alt=\"\" width=\"474\" height=\"267\" srcset=\"https:\/\/cloud.alqueria.es\/wp-content\/uploads\/sites\/6\/2024\/09\/IMG-20240913-WA0015-1024x576.jpg 1024w, https:\/\/cloud.alqueria.es\/wp-content\/uploads\/sites\/6\/2024\/09\/IMG-20240913-WA0015-300x169.jpg 300w, https:\/\/cloud.alqueria.es\/wp-content\/uploads\/sites\/6\/2024\/09\/IMG-20240913-WA0015-768x432.jpg 768w, https:\/\/cloud.alqueria.es\/wp-content\/uploads\/sites\/6\/2024\/09\/IMG-20240913-WA0015-1536x864.jpg 1536w, https:\/\/cloud.alqueria.es\/wp-content\/uploads\/sites\/6\/2024\/09\/IMG-20240913-WA0015.jpg 2000w\" sizes=\"(max-width: 474px) 100vw, 474px\" \/><\/p>\n<p>Tenemos un bloc, Mi diario, que nos acompa\u00f1ar\u00e1 en nuestro aprendizaje escribiendo en \u00e9l sobre nuestra vida.<\/p>\n<p><img decoding=\"async\" data-attachment-id=\"38225\" data-permalink=\"https:\/\/www.alqueria.es\/blogs\/alqueriaprimerciclo\/2024\/09\/14\/bienvenidos-a-primaria-3\/img-20240913-wa0011\/\" data-orig-file=\"https:\/\/cloud.alqueria.es\/wp-content\/uploads\/sites\/6\/2024\/09\/IMG-20240913-WA0011.jpg\" data-orig-size=\"1125,2000\" data-comments-opened=\"1\" data-image-meta=\"{&quot;aperture&quot;:&quot;0&quot;,&quot;credit&quot;:&quot;&quot;,&quot;camera&quot;:&quot;&quot;,&quot;caption&quot;:&quot;&quot;,&quot;created_timestamp&quot;:&quot;0&quot;,&quot;copyright&quot;:&quot;&quot;,&quot;focal_length&quot;:&quot;0&quot;,&quot;iso&quot;:&quot;0&quot;,&quot;shutter_speed&quot;:&quot;0&quot;,&quot;title&quot;:&quot;&quot;,&quot;orientation&quot;:&quot;0&quot;}\" data-image-title=\"IMG-20240913-WA0011\" data-image-description=\"\" data-image-caption=\"\" data-large-file=\"https:\/\/cloud.alqueria.es\/wp-content\/uploads\/sites\/6\/2024\/09\/IMG-20240913-WA0011-576x1024.jpg\" class=\"alignnone size-medium wp-image-38225\" src=\"https:\/\/cloud.alqueria.es\/wp-content\/uploads\/sites\/6\/2024\/09\/IMG-20240913-WA0011-169x300.jpg\" alt=\"\" width=\"169\" height=\"300\" srcset=\"https:\/\/cloud.alqueria.es\/wp-content\/uploads\/sites\/6\/2024\/09\/IMG-20240913-WA0011-169x300.jpg 169w, https:\/\/cloud.alqueria.es\/wp-content\/uploads\/sites\/6\/2024\/09\/IMG-20240913-WA0011-576x1024.jpg 576w, https:\/\/cloud.alqueria.es\/wp-content\/uploads\/sites\/6\/2024\/09\/IMG-20240913-WA0011-768x1365.jpg 768w, https:\/\/cloud.alqueria.es\/wp-content\/uploads\/sites\/6\/2024\/09\/IMG-20240913-WA0011-864x1536.jpg 864w, https:\/\/cloud.alqueria.es\/wp-content\/uploads\/sites\/6\/2024\/09\/IMG-20240913-WA0011.jpg 1125w\" sizes=\"(max-width: 169px) 100vw, 169px\" \/><\/p>\n<p>\u00a1Que emoci\u00f3n verlo reunidos en clase!<\/p>\n<p><img decoding=\"async\" data-attachment-id=\"38223\" data-permalink=\"https:\/\/www.alqueria.es\/blogs\/alqueriaprimerciclo\/2024\/09\/14\/bienvenidos-a-primaria-3\/img-20240913-wa0001\/\" data-orig-file=\"https:\/\/cloud.alqueria.es\/wp-content\/uploads\/sites\/6\/2024\/09\/IMG-20240913-WA0001.jpg\" data-orig-size=\"2000,1125\" data-comments-opened=\"1\" data-image-meta=\"{&quot;aperture&quot;:&quot;0&quot;,&quot;credit&quot;:&quot;&quot;,&quot;camera&quot;:&quot;&quot;,&quot;caption&quot;:&quot;&quot;,&quot;created_timestamp&quot;:&quot;0&quot;,&quot;copyright&quot;:&quot;&quot;,&quot;focal_length&quot;:&quot;0&quot;,&quot;iso&quot;:&quot;0&quot;,&quot;shutter_speed&quot;:&quot;0&quot;,&quot;title&quot;:&quot;&quot;,&quot;orientation&quot;:&quot;0&quot;}\" data-image-title=\"IMG-20240913-WA0001\" data-image-description=\"\" data-image-caption=\"\" data-large-file=\"https:\/\/cloud.alqueria.es\/wp-content\/uploads\/sites\/6\/2024\/09\/IMG-20240913-WA0001-1024x576.jpg\" class=\"alignnone size-large wp-image-38223\" src=\"https:\/\/cloud.alqueria.es\/wp-content\/uploads\/sites\/6\/2024\/09\/IMG-20240913-WA0001-1024x576.jpg\" alt=\"\" width=\"474\" height=\"267\" srcset=\"https:\/\/cloud.alqueria.es\/wp-content\/uploads\/sites\/6\/2024\/09\/IMG-20240913-WA0001-1024x576.jpg 1024w, https:\/\/cloud.alqueria.es\/wp-content\/uploads\/sites\/6\/2024\/09\/IMG-20240913-WA0001-300x169.jpg 300w, https:\/\/cloud.alqueria.es\/wp-content\/uploads\/sites\/6\/2024\/09\/IMG-20240913-WA0001-768x432.jpg 768w, https:\/\/cloud.alqueria.es\/wp-content\/uploads\/sites\/6\/2024\/09\/IMG-20240913-WA0001-1536x864.jpg 1536w, https:\/\/cloud.alqueria.es\/wp-content\/uploads\/sites\/6\/2024\/09\/IMG-20240913-WA0001.jpg 2000w\" sizes=\"(max-width: 474px) 100vw, 474px\" \/><img decoding=\"async\" data-attachment-id=\"38220\" data-permalink=\"https:\/\/www.alqueria.es\/blogs\/alqueriaprimerciclo\/2024\/09\/14\/bienvenidos-a-primaria-3\/img-20240913-wa0002\/\" data-orig-file=\"https:\/\/cloud.alqueria.es\/wp-content\/uploads\/sites\/6\/2024\/09\/IMG-20240913-WA0002.jpg\" data-orig-size=\"2000,1125\" data-comments-opened=\"1\" data-image-meta=\"{&quot;aperture&quot;:&quot;0&quot;,&quot;credit&quot;:&quot;&quot;,&quot;camera&quot;:&quot;&quot;,&quot;caption&quot;:&quot;&quot;,&quot;created_timestamp&quot;:&quot;0&quot;,&quot;copyright&quot;:&quot;&quot;,&quot;focal_length&quot;:&quot;0&quot;,&quot;iso&quot;:&quot;0&quot;,&quot;shutter_speed&quot;:&quot;0&quot;,&quot;title&quot;:&quot;&quot;,&quot;orientation&quot;:&quot;0&quot;}\" data-image-title=\"IMG-20240913-WA0002\" data-image-description=\"\" data-image-caption=\"\" data-large-file=\"https:\/\/cloud.alqueria.es\/wp-content\/uploads\/sites\/6\/2024\/09\/IMG-20240913-WA0002-1024x576.jpg\" class=\"alignnone size-large wp-image-38220\" src=\"https:\/\/cloud.alqueria.es\/wp-content\/uploads\/sites\/6\/2024\/09\/IMG-20240913-WA0002-1024x576.jpg\" alt=\"\" width=\"474\" height=\"267\" srcset=\"https:\/\/cloud.alqueria.es\/wp-content\/uploads\/sites\/6\/2024\/09\/IMG-20240913-WA0002-1024x576.jpg 1024w, https:\/\/cloud.alqueria.es\/wp-content\/uploads\/sites\/6\/2024\/09\/IMG-20240913-WA0002-300x169.jpg 300w, https:\/\/cloud.alqueria.es\/wp-content\/uploads\/sites\/6\/2024\/09\/IMG-20240913-WA0002-768x432.jpg 768w, https:\/\/cloud.alqueria.es\/wp-content\/uploads\/sites\/6\/2024\/09\/IMG-20240913-WA0002-1536x864.jpg 1536w, https:\/\/cloud.alqueria.es\/wp-content\/uploads\/sites\/6\/2024\/09\/IMG-20240913-WA0002.jpg 2000w\" sizes=\"(max-width: 474px) 100vw, 474px\" \/><\/p>\n<p>Nuestras perchas est\u00e1n personalizadas de manera muy art\u00edstica.<\/p>\n<p>El orden es muy importante para estar tranquilos durante nuestro proceso de aprendizaje. Nos hemos preparado una carpeta clasificadora para ir guardando los trabajos que realicemos por \u00e1reas.<\/p>\n<p><img decoding=\"async\" data-attachment-id=\"38224\" data-permalink=\"https:\/\/www.alqueria.es\/blogs\/alqueriaprimerciclo\/2024\/09\/14\/bienvenidos-a-primaria-3\/img-20240913-wa0014\/\" data-orig-file=\"https:\/\/cloud.alqueria.es\/wp-content\/uploads\/sites\/6\/2024\/09\/IMG-20240913-WA0014.jpg\" data-orig-size=\"1125,2000\" data-comments-opened=\"1\" data-image-meta=\"{&quot;aperture&quot;:&quot;0&quot;,&quot;credit&quot;:&quot;&quot;,&quot;camera&quot;:&quot;&quot;,&quot;caption&quot;:&quot;&quot;,&quot;created_timestamp&quot;:&quot;0&quot;,&quot;copyright&quot;:&quot;&quot;,&quot;focal_length&quot;:&quot;0&quot;,&quot;iso&quot;:&quot;0&quot;,&quot;shutter_speed&quot;:&quot;0&quot;,&quot;title&quot;:&quot;&quot;,&quot;orientation&quot;:&quot;0&quot;}\" data-image-title=\"IMG-20240913-WA0014\" data-image-description=\"\" data-image-caption=\"\" data-large-file=\"https:\/\/cloud.alqueria.es\/wp-content\/uploads\/sites\/6\/2024\/09\/IMG-20240913-WA0014-576x1024.jpg\" class=\"alignnone wp-image-38224 size-large\" src=\"https:\/\/cloud.alqueria.es\/wp-content\/uploads\/sites\/6\/2024\/09\/IMG-20240913-WA0014-576x1024.jpg\" alt=\"\" width=\"474\" height=\"843\" srcset=\"https:\/\/cloud.alqueria.es\/wp-content\/uploads\/sites\/6\/2024\/09\/IMG-20240913-WA0014-576x1024.jpg 576w, https:\/\/cloud.alqueria.es\/wp-content\/uploads\/sites\/6\/2024\/09\/IMG-20240913-WA0014-169x300.jpg 169w, https:\/\/cloud.alqueria.es\/wp-content\/uploads\/sites\/6\/2024\/09\/IMG-20240913-WA0014-768x1365.jpg 768w, https:\/\/cloud.alqueria.es\/wp-content\/uploads\/sites\/6\/2024\/09\/IMG-20240913-WA0014-864x1536.jpg 864w, https:\/\/cloud.alqueria.es\/wp-content\/uploads\/sites\/6\/2024\/09\/IMG-20240913-WA0014.jpg 1125w\" sizes=\"(max-width: 474px) 100vw, 474px\" \/><\/p>\n<p>En clase tendremos cada d\u00eda un responsable de mantener el orden y cuidado de las plantas, los peces, materiales\u2026 un aut\u00e9ntico super ayudante de grupo.<\/p>\n<p>Los viernes tenemos\u00a0 art\u00edstica con Ana, nos hemos realizado nuestra libreta de dibujo, personalizada a nuestro gusto, en esta podemos dibujar de forma libre.<\/p>\n<p>Los lunes seremos los responsables de cuidar el huerto y granja, dar de comer a los peces y tortugas del estanque. Bueno , algunos peces se han venido con nosotros a clase para cuidarlos en nuestra pecera. Votamos los nombres que m\u00e1s nos gustan para identificarlos.<\/p>\n<p><img decoding=\"async\" data-attachment-id=\"38215\" data-permalink=\"https:\/\/www.alqueria.es\/blogs\/alqueriaprimerciclo\/2024\/09\/14\/bienvenidos-a-primaria-3\/img-20240913-wa0013\/\" data-orig-file=\"https:\/\/cloud.alqueria.es\/wp-content\/uploads\/sites\/6\/2024\/09\/IMG-20240913-WA0013.jpg\" data-orig-size=\"2000,1125\" data-comments-opened=\"1\" data-image-meta=\"{&quot;aperture&quot;:&quot;0&quot;,&quot;credit&quot;:&quot;&quot;,&quot;camera&quot;:&quot;&quot;,&quot;caption&quot;:&quot;&quot;,&quot;created_timestamp&quot;:&quot;0&quot;,&quot;copyright&quot;:&quot;&quot;,&quot;focal_length&quot;:&quot;0&quot;,&quot;iso&quot;:&quot;0&quot;,&quot;shutter_speed&quot;:&quot;0&quot;,&quot;title&quot;:&quot;&quot;,&quot;orientation&quot;:&quot;0&quot;}\" data-image-title=\"IMG-20240913-WA0013\" data-image-description=\"\" data-image-caption=\"\" data-large-file=\"https:\/\/cloud.alqueria.es\/wp-content\/uploads\/sites\/6\/2024\/09\/IMG-20240913-WA0013-1024x576.jpg\" class=\"alignnone wp-image-38215 size-large\" src=\"https:\/\/cloud.alqueria.es\/wp-content\/uploads\/sites\/6\/2024\/09\/IMG-20240913-WA0013-1024x576.jpg\" alt=\"\" width=\"474\" height=\"267\" srcset=\"https:\/\/cloud.alqueria.es\/wp-content\/uploads\/sites\/6\/2024\/09\/IMG-20240913-WA0013-1024x576.jpg 1024w, https:\/\/cloud.alqueria.es\/wp-content\/uploads\/sites\/6\/2024\/09\/IMG-20240913-WA0013-300x169.jpg 300w, https:\/\/cloud.alqueria.es\/wp-content\/uploads\/sites\/6\/2024\/09\/IMG-20240913-WA0013-768x432.jpg 768w, https:\/\/cloud.alqueria.es\/wp-content\/uploads\/sites\/6\/2024\/09\/IMG-20240913-WA0013-1536x864.jpg 1536w, https:\/\/cloud.alqueria.es\/wp-content\/uploads\/sites\/6\/2024\/09\/IMG-20240913-WA0013.jpg 2000w\" sizes=\"(max-width: 474px) 100vw, 474px\" \/><img decoding=\"async\" data-attachment-id=\"38216\" data-permalink=\"https:\/\/www.alqueria.es\/blogs\/alqueriaprimerciclo\/2024\/09\/14\/bienvenidos-a-primaria-3\/img-20240913-wa0012\/\" data-orig-file=\"https:\/\/cloud.alqueria.es\/wp-content\/uploads\/sites\/6\/2024\/09\/IMG-20240913-WA0012.jpg\" data-orig-size=\"1125,2000\" data-comments-opened=\"1\" data-image-meta=\"{&quot;aperture&quot;:&quot;0&quot;,&quot;credit&quot;:&quot;&quot;,&quot;camera&quot;:&quot;&quot;,&quot;caption&quot;:&quot;&quot;,&quot;created_timestamp&quot;:&quot;0&quot;,&quot;copyright&quot;:&quot;&quot;,&quot;focal_length&quot;:&quot;0&quot;,&quot;iso&quot;:&quot;0&quot;,&quot;shutter_speed&quot;:&quot;0&quot;,&quot;title&quot;:&quot;&quot;,&quot;orientation&quot;:&quot;0&quot;}\" data-image-title=\"IMG-20240913-WA0012\" data-image-description=\"\" data-image-caption=\"\" data-large-file=\"https:\/\/cloud.alqueria.es\/wp-content\/uploads\/sites\/6\/2024\/09\/IMG-20240913-WA0012-576x1024.jpg\" class=\"alignnone wp-image-38216 size-large\" src=\"https:\/\/cloud.alqueria.es\/wp-content\/uploads\/sites\/6\/2024\/09\/IMG-20240913-WA0012-576x1024.jpg\" alt=\"\" width=\"474\" height=\"843\" srcset=\"https:\/\/cloud.alqueria.es\/wp-content\/uploads\/sites\/6\/2024\/09\/IMG-20240913-WA0012-576x1024.jpg 576w, https:\/\/cloud.alqueria.es\/wp-content\/uploads\/sites\/6\/2024\/09\/IMG-20240913-WA0012-169x300.jpg 169w, https:\/\/cloud.alqueria.es\/wp-content\/uploads\/sites\/6\/2024\/09\/IMG-20240913-WA0012-768x1365.jpg 768w, https:\/\/cloud.alqueria.es\/wp-content\/uploads\/sites\/6\/2024\/09\/IMG-20240913-WA0012-864x1536.jpg 864w, https:\/\/cloud.alqueria.es\/wp-content\/uploads\/sites\/6\/2024\/09\/IMG-20240913-WA0012.jpg 1125w\" sizes=\"(max-width: 474px) 100vw, 474px\" \/><\/p>\n<p>En asamblea hablamos\u00a0 de las normas que nos van ayudar a estar seguros y tranquilos en el cole, tambi\u00e9n de las conferencias que se realizan en primaria y estamos muy interesados en poder hacer, con el tema que m\u00e1s nos guste, ya tenemos pensados algunos, pero la pr\u00f3xima semana os lo diremos en una carta formal.<\/p>\n<p>Lo que m\u00e1s nos gusta es la hora del patio donde reconocemos los nuevos espacios y sus posibilidades de juego e interrelaci\u00f3n social.<\/p>\n<p><img decoding=\"async\" data-attachment-id=\"38221\" data-permalink=\"https:\/\/www.alqueria.es\/blogs\/alqueriaprimerciclo\/2024\/09\/14\/bienvenidos-a-primaria-3\/img-20240913-wa0004\/\" data-orig-file=\"https:\/\/cloud.alqueria.es\/wp-content\/uploads\/sites\/6\/2024\/09\/IMG-20240913-WA0004.jpg\" data-orig-size=\"2000,1125\" data-comments-opened=\"1\" data-image-meta=\"{&quot;aperture&quot;:&quot;0&quot;,&quot;credit&quot;:&quot;&quot;,&quot;camera&quot;:&quot;&quot;,&quot;caption&quot;:&quot;&quot;,&quot;created_timestamp&quot;:&quot;0&quot;,&quot;copyright&quot;:&quot;&quot;,&quot;focal_length&quot;:&quot;0&quot;,&quot;iso&quot;:&quot;0&quot;,&quot;shutter_speed&quot;:&quot;0&quot;,&quot;title&quot;:&quot;&quot;,&quot;orientation&quot;:&quot;0&quot;}\" data-image-title=\"IMG-20240913-WA0004\" data-image-description=\"\" data-image-caption=\"\" data-large-file=\"https:\/\/cloud.alqueria.es\/wp-content\/uploads\/sites\/6\/2024\/09\/IMG-20240913-WA0004-1024x576.jpg\" class=\"alignnone wp-image-38221 size-large\" src=\"https:\/\/cloud.alqueria.es\/wp-content\/uploads\/sites\/6\/2024\/09\/IMG-20240913-WA0004-1024x576.jpg\" alt=\"\" width=\"474\" height=\"267\" srcset=\"https:\/\/cloud.alqueria.es\/wp-content\/uploads\/sites\/6\/2024\/09\/IMG-20240913-WA0004-1024x576.jpg 1024w, https:\/\/cloud.alqueria.es\/wp-content\/uploads\/sites\/6\/2024\/09\/IMG-20240913-WA0004-300x169.jpg 300w, https:\/\/cloud.alqueria.es\/wp-content\/uploads\/sites\/6\/2024\/09\/IMG-20240913-WA0004-768x432.jpg 768w, https:\/\/cloud.alqueria.es\/wp-content\/uploads\/sites\/6\/2024\/09\/IMG-20240913-WA0004-1536x864.jpg 1536w, https:\/\/cloud.alqueria.es\/wp-content\/uploads\/sites\/6\/2024\/09\/IMG-20240913-WA0004.jpg 2000w\" sizes=\"(max-width: 474px) 100vw, 474px\" \/><img decoding=\"async\" data-attachment-id=\"38222\" data-permalink=\"https:\/\/www.alqueria.es\/blogs\/alqueriaprimerciclo\/2024\/09\/14\/bienvenidos-a-primaria-3\/img-20240913-wa0003\/\" data-orig-file=\"https:\/\/cloud.alqueria.es\/wp-content\/uploads\/sites\/6\/2024\/09\/IMG-20240913-WA0003.jpg\" data-orig-size=\"2000,1125\" data-comments-opened=\"1\" data-image-meta=\"{&quot;aperture&quot;:&quot;0&quot;,&quot;credit&quot;:&quot;&quot;,&quot;camera&quot;:&quot;&quot;,&quot;caption&quot;:&quot;&quot;,&quot;created_timestamp&quot;:&quot;0&quot;,&quot;copyright&quot;:&quot;&quot;,&quot;focal_length&quot;:&quot;0&quot;,&quot;iso&quot;:&quot;0&quot;,&quot;shutter_speed&quot;:&quot;0&quot;,&quot;title&quot;:&quot;&quot;,&quot;orientation&quot;:&quot;0&quot;}\" data-image-title=\"IMG-20240913-WA0003\" data-image-description=\"\" data-image-caption=\"\" data-large-file=\"https:\/\/cloud.alqueria.es\/wp-content\/uploads\/sites\/6\/2024\/09\/IMG-20240913-WA0003-1024x576.jpg\" class=\"alignnone wp-image-38222 size-large\" src=\"https:\/\/cloud.alqueria.es\/wp-content\/uploads\/sites\/6\/2024\/09\/IMG-20240913-WA0003-1024x576.jpg\" alt=\"\" width=\"474\" height=\"267\" srcset=\"https:\/\/cloud.alqueria.es\/wp-content\/uploads\/sites\/6\/2024\/09\/IMG-20240913-WA0003-1024x576.jpg 1024w, https:\/\/cloud.alqueria.es\/wp-content\/uploads\/sites\/6\/2024\/09\/IMG-20240913-WA0003-300x169.jpg 300w, https:\/\/cloud.alqueria.es\/wp-content\/uploads\/sites\/6\/2024\/09\/IMG-20240913-WA0003-768x432.jpg 768w, https:\/\/cloud.alqueria.es\/wp-content\/uploads\/sites\/6\/2024\/09\/IMG-20240913-WA0003-1536x864.jpg 1536w, https:\/\/cloud.alqueria.es\/wp-content\/uploads\/sites\/6\/2024\/09\/IMG-20240913-WA0003.jpg 2000w\" sizes=\"(max-width: 474px) 100vw, 474px\" \/><img decoding=\"async\" data-attachment-id=\"38219\" data-permalink=\"https:\/\/www.alqueria.es\/blogs\/alqueriaprimerciclo\/2024\/09\/14\/bienvenidos-a-primaria-3\/img-20240913-wa0006\/\" data-orig-file=\"https:\/\/cloud.alqueria.es\/wp-content\/uploads\/sites\/6\/2024\/09\/IMG-20240913-WA0006.jpg\" data-orig-size=\"1125,2000\" data-comments-opened=\"1\" data-image-meta=\"{&quot;aperture&quot;:&quot;0&quot;,&quot;credit&quot;:&quot;&quot;,&quot;camera&quot;:&quot;&quot;,&quot;caption&quot;:&quot;&quot;,&quot;created_timestamp&quot;:&quot;0&quot;,&quot;copyright&quot;:&quot;&quot;,&quot;focal_length&quot;:&quot;0&quot;,&quot;iso&quot;:&quot;0&quot;,&quot;shutter_speed&quot;:&quot;0&quot;,&quot;title&quot;:&quot;&quot;,&quot;orientation&quot;:&quot;0&quot;}\" data-image-title=\"IMG-20240913-WA0006\" data-image-description=\"\" data-image-caption=\"\" data-large-file=\"https:\/\/cloud.alqueria.es\/wp-content\/uploads\/sites\/6\/2024\/09\/IMG-20240913-WA0006-576x1024.jpg\" class=\"alignnone wp-image-38219 size-large\" src=\"https:\/\/cloud.alqueria.es\/wp-content\/uploads\/sites\/6\/2024\/09\/IMG-20240913-WA0006-576x1024.jpg\" alt=\"\" width=\"474\" height=\"843\" srcset=\"https:\/\/cloud.alqueria.es\/wp-content\/uploads\/sites\/6\/2024\/09\/IMG-20240913-WA0006-576x1024.jpg 576w, https:\/\/cloud.alqueria.es\/wp-content\/uploads\/sites\/6\/2024\/09\/IMG-20240913-WA0006-169x300.jpg 169w, https:\/\/cloud.alqueria.es\/wp-content\/uploads\/sites\/6\/2024\/09\/IMG-20240913-WA0006-768x1365.jpg 768w, https:\/\/cloud.alqueria.es\/wp-content\/uploads\/sites\/6\/2024\/09\/IMG-20240913-WA0006-864x1536.jpg 864w, https:\/\/cloud.alqueria.es\/wp-content\/uploads\/sites\/6\/2024\/09\/IMG-20240913-WA0006.jpg 1125w\" sizes=\"(max-width: 474px) 100vw, 474px\" \/><img decoding=\"async\" data-attachment-id=\"38218\" data-permalink=\"https:\/\/www.alqueria.es\/blogs\/alqueriaprimerciclo\/2024\/09\/14\/bienvenidos-a-primaria-3\/img-20240913-wa0005\/\" data-orig-file=\"https:\/\/cloud.alqueria.es\/wp-content\/uploads\/sites\/6\/2024\/09\/IMG-20240913-WA0005.jpg\" data-orig-size=\"2000,1125\" data-comments-opened=\"1\" data-image-meta=\"{&quot;aperture&quot;:&quot;0&quot;,&quot;credit&quot;:&quot;&quot;,&quot;camera&quot;:&quot;&quot;,&quot;caption&quot;:&quot;&quot;,&quot;created_timestamp&quot;:&quot;0&quot;,&quot;copyright&quot;:&quot;&quot;,&quot;focal_length&quot;:&quot;0&quot;,&quot;iso&quot;:&quot;0&quot;,&quot;shutter_speed&quot;:&quot;0&quot;,&quot;title&quot;:&quot;&quot;,&quot;orientation&quot;:&quot;0&quot;}\" data-image-title=\"IMG-20240913-WA0005\" data-image-description=\"\" data-image-caption=\"\" data-large-file=\"https:\/\/cloud.alqueria.es\/wp-content\/uploads\/sites\/6\/2024\/09\/IMG-20240913-WA0005-1024x576.jpg\" class=\"alignnone wp-image-38218 size-large\" src=\"https:\/\/cloud.alqueria.es\/wp-content\/uploads\/sites\/6\/2024\/09\/IMG-20240913-WA0005-1024x576.jpg\" alt=\"\" width=\"474\" height=\"267\" srcset=\"https:\/\/cloud.alqueria.es\/wp-content\/uploads\/sites\/6\/2024\/09\/IMG-20240913-WA0005-1024x576.jpg 1024w, https:\/\/cloud.alqueria.es\/wp-content\/uploads\/sites\/6\/2024\/09\/IMG-20240913-WA0005-300x169.jpg 300w, https:\/\/cloud.alqueria.es\/wp-content\/uploads\/sites\/6\/2024\/09\/IMG-20240913-WA0005-768x432.jpg 768w, https:\/\/cloud.alqueria.es\/wp-content\/uploads\/sites\/6\/2024\/09\/IMG-20240913-WA0005-1536x864.jpg 1536w, https:\/\/cloud.alqueria.es\/wp-content\/uploads\/sites\/6\/2024\/09\/IMG-20240913-WA0005.jpg 2000w\" sizes=\"(max-width: 474px) 100vw, 474px\" \/><img decoding=\"async\" data-attachment-id=\"38217\" data-permalink=\"https:\/\/www.alqueria.es\/blogs\/alqueriaprimerciclo\/2024\/09\/14\/bienvenidos-a-primaria-3\/img-20240913-wa0007\/\" data-orig-file=\"https:\/\/cloud.alqueria.es\/wp-content\/uploads\/sites\/6\/2024\/09\/IMG-20240913-WA0007.jpg\" data-orig-size=\"2000,1125\" data-comments-opened=\"1\" data-image-meta=\"{&quot;aperture&quot;:&quot;0&quot;,&quot;credit&quot;:&quot;&quot;,&quot;camera&quot;:&quot;&quot;,&quot;caption&quot;:&quot;&quot;,&quot;created_timestamp&quot;:&quot;0&quot;,&quot;copyright&quot;:&quot;&quot;,&quot;focal_length&quot;:&quot;0&quot;,&quot;iso&quot;:&quot;0&quot;,&quot;shutter_speed&quot;:&quot;0&quot;,&quot;title&quot;:&quot;&quot;,&quot;orientation&quot;:&quot;0&quot;}\" data-image-title=\"IMG-20240913-WA0007\" data-image-description=\"\" data-image-caption=\"\" data-large-file=\"https:\/\/cloud.alqueria.es\/wp-content\/uploads\/sites\/6\/2024\/09\/IMG-20240913-WA0007-1024x576.jpg\" class=\"alignnone wp-image-38217 size-large\" src=\"https:\/\/cloud.alqueria.es\/wp-content\/uploads\/sites\/6\/2024\/09\/IMG-20240913-WA0007-1024x576.jpg\" alt=\"\" width=\"474\" height=\"267\" srcset=\"https:\/\/cloud.alqueria.es\/wp-content\/uploads\/sites\/6\/2024\/09\/IMG-20240913-WA0007-1024x576.jpg 1024w, https:\/\/cloud.alqueria.es\/wp-content\/uploads\/sites\/6\/2024\/09\/IMG-20240913-WA0007-300x169.jpg 300w, https:\/\/cloud.alqueria.es\/wp-content\/uploads\/sites\/6\/2024\/09\/IMG-20240913-WA0007-768x432.jpg 768w, https:\/\/cloud.alqueria.es\/wp-content\/uploads\/sites\/6\/2024\/09\/IMG-20240913-WA0007-1536x864.jpg 1536w, https:\/\/cloud.alqueria.es\/wp-content\/uploads\/sites\/6\/2024\/09\/IMG-20240913-WA0007.jpg 2000w\" sizes=\"(max-width: 474px) 100vw, 474px\" \/><img decoding=\"async\" data-attachment-id=\"38229\" data-permalink=\"https:\/\/www.alqueria.es\/blogs\/alqueriaprimerciclo\/2024\/09\/14\/bienvenidos-a-primaria-3\/img-20240913-wa0008\/\" data-orig-file=\"https:\/\/cloud.alqueria.es\/wp-content\/uploads\/sites\/6\/2024\/09\/IMG-20240913-WA0008.jpg\" data-orig-size=\"2000,1125\" data-comments-opened=\"1\" data-image-meta=\"{&quot;aperture&quot;:&quot;0&quot;,&quot;credit&quot;:&quot;&quot;,&quot;camera&quot;:&quot;&quot;,&quot;caption&quot;:&quot;&quot;,&quot;created_timestamp&quot;:&quot;0&quot;,&quot;copyright&quot;:&quot;&quot;,&quot;focal_length&quot;:&quot;0&quot;,&quot;iso&quot;:&quot;0&quot;,&quot;shutter_speed&quot;:&quot;0&quot;,&quot;title&quot;:&quot;&quot;,&quot;orientation&quot;:&quot;0&quot;}\" data-image-title=\"IMG-20240913-WA0008\" data-image-description=\"\" data-image-caption=\"\" data-large-file=\"https:\/\/cloud.alqueria.es\/wp-content\/uploads\/sites\/6\/2024\/09\/IMG-20240913-WA0008-1024x576.jpg\" class=\"alignnone wp-image-38229 size-large\" src=\"https:\/\/cloud.alqueria.es\/wp-content\/uploads\/sites\/6\/2024\/09\/IMG-20240913-WA0008-1024x576.jpg\" alt=\"\" width=\"474\" height=\"267\" srcset=\"https:\/\/cloud.alqueria.es\/wp-content\/uploads\/sites\/6\/2024\/09\/IMG-20240913-WA0008-1024x576.jpg 1024w, https:\/\/cloud.alqueria.es\/wp-content\/uploads\/sites\/6\/2024\/09\/IMG-20240913-WA0008-300x169.jpg 300w, https:\/\/cloud.alqueria.es\/wp-content\/uploads\/sites\/6\/2024\/09\/IMG-20240913-WA0008-768x432.jpg 768w, https:\/\/cloud.alqueria.es\/wp-content\/uploads\/sites\/6\/2024\/09\/IMG-20240913-WA0008-1536x864.jpg 1536w, https:\/\/cloud.alqueria.es\/wp-content\/uploads\/sites\/6\/2024\/09\/IMG-20240913-WA0008.jpg 2000w\" sizes=\"(max-width: 474px) 100vw, 474px\" \/><img decoding=\"async\" data-attachment-id=\"38228\" data-permalink=\"https:\/\/www.alqueria.es\/blogs\/alqueriaprimerciclo\/2024\/09\/14\/bienvenidos-a-primaria-3\/img-20240913-wa0010\/\" data-orig-file=\"https:\/\/cloud.alqueria.es\/wp-content\/uploads\/sites\/6\/2024\/09\/IMG-20240913-WA0010.jpg\" data-orig-size=\"2000,1125\" data-comments-opened=\"1\" data-image-meta=\"{&quot;aperture&quot;:&quot;0&quot;,&quot;credit&quot;:&quot;&quot;,&quot;camera&quot;:&quot;&quot;,&quot;caption&quot;:&quot;&quot;,&quot;created_timestamp&quot;:&quot;0&quot;,&quot;copyright&quot;:&quot;&quot;,&quot;focal_length&quot;:&quot;0&quot;,&quot;iso&quot;:&quot;0&quot;,&quot;shutter_speed&quot;:&quot;0&quot;,&quot;title&quot;:&quot;&quot;,&quot;orientation&quot;:&quot;0&quot;}\" data-image-title=\"IMG-20240913-WA0010\" data-image-description=\"\" data-image-caption=\"\" data-large-file=\"https:\/\/cloud.alqueria.es\/wp-content\/uploads\/sites\/6\/2024\/09\/IMG-20240913-WA0010-1024x576.jpg\" class=\"alignnone wp-image-38228 size-large\" src=\"https:\/\/cloud.alqueria.es\/wp-content\/uploads\/sites\/6\/2024\/09\/IMG-20240913-WA0010-1024x576.jpg\" alt=\"\" width=\"474\" height=\"267\" srcset=\"https:\/\/cloud.alqueria.es\/wp-content\/uploads\/sites\/6\/2024\/09\/IMG-20240913-WA0010-1024x576.jpg 1024w, https:\/\/cloud.alqueria.es\/wp-content\/uploads\/sites\/6\/2024\/09\/IMG-20240913-WA0010-300x169.jpg 300w, https:\/\/cloud.alqueria.es\/wp-content\/uploads\/sites\/6\/2024\/09\/IMG-20240913-WA0010-768x432.jpg 768w, https:\/\/cloud.alqueria.es\/wp-content\/uploads\/sites\/6\/2024\/09\/IMG-20240913-WA0010-1536x864.jpg 1536w, https:\/\/cloud.alqueria.es\/wp-content\/uploads\/sites\/6\/2024\/09\/IMG-20240913-WA0010.jpg 2000w\" sizes=\"(max-width: 474px) 100vw, 474px\" \/><\/p>\n<p>C\u00f3mo pod\u00e9is imaginar, se que os lo han comunicado , ha sido una semana llena de emociones, vivida con mucho entusiasmo. Un gran comienzo para un curso muy especial.<\/p>\n<p>Desde esta ventana estaremos en contacto para informaros semanalmente de lo acontecido en el grupo . Esperamos vuestros comentarios que enriquecer\u00e1n la comunicaci\u00f3n.<\/p>\n<p>Activa el aviso y sabr\u00e1s cu\u00e1ndo se actualiza la entrada.<\/p>\n<p>Os deseo un grato fin de semana, seguimos el lunes.<\/p>\n<p>Dar\u00eda F.<\/p>\n","protected":false},"excerpt":{"rendered":"<p>Comenzamos una nueva aventura &nbsp; El equipo de Alquer\u00eda Educaci\u00f3n os da la bienvenida a todas las familias que\u00a0 formais parte de este proyecto durante el curso 24-25. Os agradecemos la confianza que hab\u00e9is puesto al elegirnos como centro colaborador en la educaci\u00f3n de vuestros hijos e hijas. De forma muy especial el equipo del &hellip; <a href=\"https:\/\/www.alqueria.es\/blogs\/alqueriaprimerciclo\/2024\/09\/14\/bienvenidos-a-primaria-3\/\" class=\"more-link\">Seguir leyendo <span class=\"screen-reader-text\">Bienvenidos a primaria<\/span> <span class=\"meta-nav\">&rarr;<\/span><\/a><\/p>\n","protected":false},"author":12,"featured_media":0,"comment_status":"open","ping_status":"open","sticky":false,"template":"","format":"standard","meta":{"jetpack_post_was_ever_published":false,"_jetpack_newsletter_access":"","_jetpack_dont_email_post_to_subs":false,"_jetpack_newsletter_tier_id":0,"_jetpack_memberships_contains_paywalled_content":false,"_jetpack_memberships_contains_paid_content":false,"footnotes":"","jetpack_publicize_message":"","jetpack_publicize_feature_enabled":true,"jetpack_social_post_already_shared":true,"jetpack_social_options":{"image_generator_settings":{"template":"highway","default_image_id":0,"font":"","enabled":false},"version":2}},"categories":[2,8,168],"tags":[179,32,60,92],"class_list":["post-38182","post","type-post","status-publish","format-standard","hentry","category-1o-epo","category-diario-de-clase-1o","category-proceso-de-adaptacion","tag-1o-ciclo","tag-alqueria","tag-primaria","tag-semanario"],"jetpack_publicize_connections":[],"jetpack_featured_media_url":"","jetpack_sharing_enabled":true,"jetpack_shortlink":"https:\/\/wp.me\/p4lvS0-9VQ","_links":{"self":[{"href":"https:\/\/www.alqueria.es\/blogs\/alqueriaprimerciclo\/wp-json\/wp\/v2\/posts\/38182","targetHints":{"allow":["GET"]}}],"collection":[{"href":"https:\/\/www.alqueria.es\/blogs\/alqueriaprimerciclo\/wp-json\/wp\/v2\/posts"}],"about":[{"href":"https:\/\/www.alqueria.es\/blogs\/alqueriaprimerciclo\/wp-json\/wp\/v2\/types\/post"}],"author":[{"embeddable":true,"href":"https:\/\/www.alqueria.es\/blogs\/alqueriaprimerciclo\/wp-json\/wp\/v2\/users\/12"}],"replies":[{"embeddable":true,"href":"https:\/\/www.alqueria.es\/blogs\/alqueriaprimerciclo\/wp-json\/wp\/v2\/comments?post=38182"}],"version-history":[{"count":1,"href":"https:\/\/www.alqueria.es\/blogs\/alqueriaprimerciclo\/wp-json\/wp\/v2\/posts\/38182\/revisions"}],"predecessor-version":[{"id":38237,"href":"https:\/\/www.alqueria.es\/blogs\/alqueriaprimerciclo\/wp-json\/wp\/v2\/posts\/38182\/revisions\/38237"}],"wp:attachment":[{"href":"https:\/\/www.alqueria.es\/blogs\/alqueriaprimerciclo\/wp-json\/wp\/v2\/media?parent=38182"}],"wp:term":[{"taxonomy":"category","embeddable":true,"href":"https:\/\/www.alqueria.es\/blogs\/alqueriaprimerciclo\/wp-json\/wp\/v2\/categories?post=38182"},{"taxonomy":"post_tag","embeddable":true,"href":"https:\/\/www.alqueria.es\/blogs\/alqueriaprimerciclo\/wp-json\/wp\/v2\/tags?post=38182"}],"curies":[{"name":"wp","href":"https:\/\/api.w.org\/{rel}","templated":true}]}}