{"id":38193,"date":"2024-09-14T15:26:19","date_gmt":"2024-09-14T13:26:19","guid":{"rendered":"https:\/\/www.alqueria.es\/blogs\/alqueriaprimerciclo\/?p=38193"},"modified":"2024-09-14T15:26:19","modified_gmt":"2024-09-14T13:26:19","slug":"estamos-de-vuelta","status":"publish","type":"post","link":"https:\/\/www.alqueria.es\/blogs\/alqueriaprimerciclo\/2024\/09\/14\/estamos-de-vuelta\/","title":{"rendered":"Estamos de vuelta"},"content":{"rendered":"<p>La vuelta al cole marca cada septiembre, tras un periodo de desconexi\u00f3n llega uno de los momentos que m\u00e1s ilusi\u00f3n e inquietud generan al mismo tiempo. Comenzamos una nueva aventura con las ilusiones renovadas: familias, equipo docente y por supuesto, los protagonistas, los ni\u00f1os y ni\u00f1as.<\/p>\n<blockquote><p><img decoding=\"async\" data-attachment-id=\"38238\" data-permalink=\"https:\/\/www.alqueria.es\/blogs\/alqueriaprimerciclo\/2024\/09\/14\/estamos-de-vuelta\/img_7536\/\" data-orig-file=\"https:\/\/cloud.alqueria.es\/wp-content\/uploads\/sites\/6\/2024\/09\/IMG_7536.jpeg\" data-orig-size=\"700,544\" data-comments-opened=\"1\" data-image-meta=\"{&quot;aperture&quot;:&quot;0&quot;,&quot;credit&quot;:&quot;&quot;,&quot;camera&quot;:&quot;&quot;,&quot;caption&quot;:&quot;&quot;,&quot;created_timestamp&quot;:&quot;0&quot;,&quot;copyright&quot;:&quot;&quot;,&quot;focal_length&quot;:&quot;0&quot;,&quot;iso&quot;:&quot;0&quot;,&quot;shutter_speed&quot;:&quot;0&quot;,&quot;title&quot;:&quot;&quot;,&quot;orientation&quot;:&quot;0&quot;}\" data-image-title=\"IMG_7536\" data-image-description=\"\" data-image-caption=\"\" data-large-file=\"https:\/\/cloud.alqueria.es\/wp-content\/uploads\/sites\/6\/2024\/09\/IMG_7536.jpeg\" class=\"alignnone size-full wp-image-38238\" src=\"https:\/\/cloud.alqueria.es\/wp-content\/uploads\/sites\/6\/2024\/09\/IMG_7536.jpeg\" alt=\"\" width=\"700\" height=\"544\" srcset=\"https:\/\/cloud.alqueria.es\/wp-content\/uploads\/sites\/6\/2024\/09\/IMG_7536.jpeg 700w, https:\/\/cloud.alqueria.es\/wp-content\/uploads\/sites\/6\/2024\/09\/IMG_7536-300x233.jpeg 300w\" sizes=\"(max-width: 700px) 100vw, 700px\" \/><\/p><\/blockquote>\n<p>Traemos la ilusi\u00f3n de reencontrarnos con viejos y nuevos amigos y amigas, estrenar nuevo material y aprender nuevas cosas, pero por otro lado nos embriaga el nerviosismo de decir adi\u00f3s a la libertad de las vacaciones, enfrentarnos a nuevos retos y nuevas situaciones.<\/p>\n<div data-carousel-extra='{&quot;blog_id&quot;:6,&quot;permalink&quot;:&quot;https:\/\/www.alqueria.es\/blogs\/alqueriaprimerciclo\/2024\/09\/14\/estamos-de-vuelta\/&quot;}' id='gallery-1' class='gallery galleryid-38193 gallery-columns-3 gallery-size-thumbnail'><figure class='gallery-item'>\n\t\t\t<div class='gallery-icon portrait'>\n\t\t\t\t<a href='https:\/\/www.alqueria.es\/blogs\/alqueriaprimerciclo\/2024\/09\/14\/estamos-de-vuelta\/whatsapp-image-2024-09-13-at-16-30-33-13\/'><img decoding=\"async\" width=\"150\" height=\"150\" src=\"https:\/\/cloud.alqueria.es\/wp-content\/uploads\/sites\/6\/2024\/09\/WhatsApp-Image-2024-09-13-at-16.30.33-13-150x150.jpeg\" class=\"attachment-thumbnail size-thumbnail\" alt=\"\" data-attachment-id=\"38211\" data-permalink=\"https:\/\/www.alqueria.es\/blogs\/alqueriaprimerciclo\/2024\/09\/14\/estamos-de-vuelta\/whatsapp-image-2024-09-13-at-16-30-33-13\/\" data-orig-file=\"https:\/\/cloud.alqueria.es\/wp-content\/uploads\/sites\/6\/2024\/09\/WhatsApp-Image-2024-09-13-at-16.30.33-13.jpeg\" data-orig-size=\"1200,1600\" data-comments-opened=\"1\" data-image-meta=\"{&quot;aperture&quot;:&quot;0&quot;,&quot;credit&quot;:&quot;&quot;,&quot;camera&quot;:&quot;&quot;,&quot;caption&quot;:&quot;&quot;,&quot;created_timestamp&quot;:&quot;0&quot;,&quot;copyright&quot;:&quot;&quot;,&quot;focal_length&quot;:&quot;0&quot;,&quot;iso&quot;:&quot;0&quot;,&quot;shutter_speed&quot;:&quot;0&quot;,&quot;title&quot;:&quot;&quot;,&quot;orientation&quot;:&quot;0&quot;}\" data-image-title=\"WhatsApp Image 2024-09-13 at 16.30.33 (13)\" data-image-description=\"\" data-image-caption=\"\" data-large-file=\"https:\/\/cloud.alqueria.es\/wp-content\/uploads\/sites\/6\/2024\/09\/WhatsApp-Image-2024-09-13-at-16.30.33-13-768x1024.jpeg\" \/><\/a>\n\t\t\t<\/div><\/figure><figure class='gallery-item'>\n\t\t\t<div class='gallery-icon portrait'>\n\t\t\t\t<a href='https:\/\/www.alqueria.es\/blogs\/alqueriaprimerciclo\/2024\/09\/14\/estamos-de-vuelta\/whatsapp-image-2024-09-13-at-16-30-33-12\/'><img decoding=\"async\" width=\"150\" height=\"150\" src=\"https:\/\/cloud.alqueria.es\/wp-content\/uploads\/sites\/6\/2024\/09\/WhatsApp-Image-2024-09-13-at-16.30.33-12-150x150.jpeg\" class=\"attachment-thumbnail size-thumbnail\" alt=\"\" data-attachment-id=\"38210\" data-permalink=\"https:\/\/www.alqueria.es\/blogs\/alqueriaprimerciclo\/2024\/09\/14\/estamos-de-vuelta\/whatsapp-image-2024-09-13-at-16-30-33-12\/\" data-orig-file=\"https:\/\/cloud.alqueria.es\/wp-content\/uploads\/sites\/6\/2024\/09\/WhatsApp-Image-2024-09-13-at-16.30.33-12.jpeg\" data-orig-size=\"1200,1600\" data-comments-opened=\"1\" data-image-meta=\"{&quot;aperture&quot;:&quot;0&quot;,&quot;credit&quot;:&quot;&quot;,&quot;camera&quot;:&quot;&quot;,&quot;caption&quot;:&quot;&quot;,&quot;created_timestamp&quot;:&quot;0&quot;,&quot;copyright&quot;:&quot;&quot;,&quot;focal_length&quot;:&quot;0&quot;,&quot;iso&quot;:&quot;0&quot;,&quot;shutter_speed&quot;:&quot;0&quot;,&quot;title&quot;:&quot;&quot;,&quot;orientation&quot;:&quot;0&quot;}\" data-image-title=\"WhatsApp Image 2024-09-13 at 16.30.33 (12)\" data-image-description=\"\" data-image-caption=\"\" data-large-file=\"https:\/\/cloud.alqueria.es\/wp-content\/uploads\/sites\/6\/2024\/09\/WhatsApp-Image-2024-09-13-at-16.30.33-12-768x1024.jpeg\" \/><\/a>\n\t\t\t<\/div><\/figure><figure class='gallery-item'>\n\t\t\t<div class='gallery-icon portrait'>\n\t\t\t\t<a href='https:\/\/www.alqueria.es\/blogs\/alqueriaprimerciclo\/2024\/09\/14\/estamos-de-vuelta\/whatsapp-image-2024-09-13-at-16-30-33-11\/'><img decoding=\"async\" width=\"150\" height=\"150\" src=\"https:\/\/cloud.alqueria.es\/wp-content\/uploads\/sites\/6\/2024\/09\/WhatsApp-Image-2024-09-13-at-16.30.33-11-150x150.jpeg\" class=\"attachment-thumbnail size-thumbnail\" alt=\"\" data-attachment-id=\"38209\" data-permalink=\"https:\/\/www.alqueria.es\/blogs\/alqueriaprimerciclo\/2024\/09\/14\/estamos-de-vuelta\/whatsapp-image-2024-09-13-at-16-30-33-11\/\" data-orig-file=\"https:\/\/cloud.alqueria.es\/wp-content\/uploads\/sites\/6\/2024\/09\/WhatsApp-Image-2024-09-13-at-16.30.33-11.jpeg\" data-orig-size=\"1200,1600\" data-comments-opened=\"1\" data-image-meta=\"{&quot;aperture&quot;:&quot;0&quot;,&quot;credit&quot;:&quot;&quot;,&quot;camera&quot;:&quot;&quot;,&quot;caption&quot;:&quot;&quot;,&quot;created_timestamp&quot;:&quot;0&quot;,&quot;copyright&quot;:&quot;&quot;,&quot;focal_length&quot;:&quot;0&quot;,&quot;iso&quot;:&quot;0&quot;,&quot;shutter_speed&quot;:&quot;0&quot;,&quot;title&quot;:&quot;&quot;,&quot;orientation&quot;:&quot;0&quot;}\" data-image-title=\"WhatsApp Image 2024-09-13 at 16.30.33 (11)\" data-image-description=\"\" data-image-caption=\"\" data-large-file=\"https:\/\/cloud.alqueria.es\/wp-content\/uploads\/sites\/6\/2024\/09\/WhatsApp-Image-2024-09-13-at-16.30.33-11-768x1024.jpeg\" \/><\/a>\n\t\t\t<\/div><\/figure><figure class='gallery-item'>\n\t\t\t<div class='gallery-icon landscape'>\n\t\t\t\t<a href='https:\/\/www.alqueria.es\/blogs\/alqueriaprimerciclo\/2024\/09\/14\/estamos-de-vuelta\/whatsapp-image-2024-09-13-at-16-30-33-7\/'><img decoding=\"async\" width=\"150\" height=\"150\" src=\"https:\/\/cloud.alqueria.es\/wp-content\/uploads\/sites\/6\/2024\/09\/WhatsApp-Image-2024-09-13-at-16.30.33-7-150x150.jpeg\" class=\"attachment-thumbnail size-thumbnail\" alt=\"\" data-attachment-id=\"38205\" data-permalink=\"https:\/\/www.alqueria.es\/blogs\/alqueriaprimerciclo\/2024\/09\/14\/estamos-de-vuelta\/whatsapp-image-2024-09-13-at-16-30-33-7\/\" data-orig-file=\"https:\/\/cloud.alqueria.es\/wp-content\/uploads\/sites\/6\/2024\/09\/WhatsApp-Image-2024-09-13-at-16.30.33-7.jpeg\" data-orig-size=\"1600,379\" data-comments-opened=\"1\" data-image-meta=\"{&quot;aperture&quot;:&quot;0&quot;,&quot;credit&quot;:&quot;&quot;,&quot;camera&quot;:&quot;&quot;,&quot;caption&quot;:&quot;&quot;,&quot;created_timestamp&quot;:&quot;0&quot;,&quot;copyright&quot;:&quot;&quot;,&quot;focal_length&quot;:&quot;0&quot;,&quot;iso&quot;:&quot;0&quot;,&quot;shutter_speed&quot;:&quot;0&quot;,&quot;title&quot;:&quot;&quot;,&quot;orientation&quot;:&quot;0&quot;}\" data-image-title=\"WhatsApp Image 2024-09-13 at 16.30.33 (7)\" data-image-description=\"\" data-image-caption=\"\" data-large-file=\"https:\/\/cloud.alqueria.es\/wp-content\/uploads\/sites\/6\/2024\/09\/WhatsApp-Image-2024-09-13-at-16.30.33-7-1024x243.jpeg\" \/><\/a>\n\t\t\t<\/div><\/figure>\n\t\t<\/div>\n\n<p>Durante la semana hemos podido decorar la clase entre todos y todas, hemos repartido libretas, carpetas, l\u00e1pices de colores y material vario, herramientas que nos acompa\u00f1aran en nuestro d\u00eda a d\u00eda durante los pr\u00f3ximos meses. Los l\u00e1pices reci\u00e9n afilados y el olor a libreta nueva impregna de energ\u00eda al aula; Tambi\u00e9n hemos hablado sobre nuestro verano, hemos puesto en com\u00fan algunas pautas de convivencia, hemos decorado libretas, dibujado portadas, puesto nombre a nuestras perchas y hemos tenido la bienvenida oficial al curso.<\/p>\n<p><img decoding=\"async\" data-attachment-id=\"38206\" data-permalink=\"https:\/\/www.alqueria.es\/blogs\/alqueriaprimerciclo\/2024\/09\/14\/estamos-de-vuelta\/whatsapp-image-2024-09-13-at-16-30-33-8\/\" data-orig-file=\"https:\/\/cloud.alqueria.es\/wp-content\/uploads\/sites\/6\/2024\/09\/WhatsApp-Image-2024-09-13-at-16.30.33-8.jpeg\" data-orig-size=\"1600,378\" data-comments-opened=\"1\" data-image-meta=\"{&quot;aperture&quot;:&quot;0&quot;,&quot;credit&quot;:&quot;&quot;,&quot;camera&quot;:&quot;&quot;,&quot;caption&quot;:&quot;&quot;,&quot;created_timestamp&quot;:&quot;0&quot;,&quot;copyright&quot;:&quot;&quot;,&quot;focal_length&quot;:&quot;0&quot;,&quot;iso&quot;:&quot;0&quot;,&quot;shutter_speed&quot;:&quot;0&quot;,&quot;title&quot;:&quot;&quot;,&quot;orientation&quot;:&quot;0&quot;}\" data-image-title=\"WhatsApp Image 2024-09-13 at 16.30.33 (8)\" data-image-description=\"\" data-image-caption=\"\" data-large-file=\"https:\/\/cloud.alqueria.es\/wp-content\/uploads\/sites\/6\/2024\/09\/WhatsApp-Image-2024-09-13-at-16.30.33-8-1024x242.jpeg\" class=\"alignnone size-large wp-image-38206\" src=\"https:\/\/cloud.alqueria.es\/wp-content\/uploads\/sites\/6\/2024\/09\/WhatsApp-Image-2024-09-13-at-16.30.33-8-1024x242.jpeg\" alt=\"\" width=\"474\" height=\"112\" srcset=\"https:\/\/cloud.alqueria.es\/wp-content\/uploads\/sites\/6\/2024\/09\/WhatsApp-Image-2024-09-13-at-16.30.33-8-1024x242.jpeg 1024w, https:\/\/cloud.alqueria.es\/wp-content\/uploads\/sites\/6\/2024\/09\/WhatsApp-Image-2024-09-13-at-16.30.33-8-300x71.jpeg 300w, https:\/\/cloud.alqueria.es\/wp-content\/uploads\/sites\/6\/2024\/09\/WhatsApp-Image-2024-09-13-at-16.30.33-8-768x181.jpeg 768w, https:\/\/cloud.alqueria.es\/wp-content\/uploads\/sites\/6\/2024\/09\/WhatsApp-Image-2024-09-13-at-16.30.33-8-1536x363.jpeg 1536w, https:\/\/cloud.alqueria.es\/wp-content\/uploads\/sites\/6\/2024\/09\/WhatsApp-Image-2024-09-13-at-16.30.33-8.jpeg 1600w\" sizes=\"(max-width: 474px) 100vw, 474px\" \/><\/p>\n<p><img decoding=\"async\" data-attachment-id=\"38236\" data-permalink=\"https:\/\/www.alqueria.es\/blogs\/alqueriaprimerciclo\/2024\/09\/14\/bienvenidos-a-primaria-3\/img-20240912-wa0000\/\" data-orig-file=\"https:\/\/cloud.alqueria.es\/wp-content\/uploads\/sites\/6\/2024\/09\/IMG-20240912-WA0000.jpg\" data-orig-size=\"1600,773\" data-comments-opened=\"1\" data-image-meta=\"{&quot;aperture&quot;:&quot;0&quot;,&quot;credit&quot;:&quot;&quot;,&quot;camera&quot;:&quot;&quot;,&quot;caption&quot;:&quot;&quot;,&quot;created_timestamp&quot;:&quot;0&quot;,&quot;copyright&quot;:&quot;&quot;,&quot;focal_length&quot;:&quot;0&quot;,&quot;iso&quot;:&quot;0&quot;,&quot;shutter_speed&quot;:&quot;0&quot;,&quot;title&quot;:&quot;&quot;,&quot;orientation&quot;:&quot;0&quot;}\" data-image-title=\"IMG-20240912-WA0000\" data-image-description=\"\" data-image-caption=\"\" data-large-file=\"https:\/\/cloud.alqueria.es\/wp-content\/uploads\/sites\/6\/2024\/09\/IMG-20240912-WA0000-1024x495.jpg\" class=\"alignnone size-large wp-image-38236\" src=\"https:\/\/cloud.alqueria.es\/wp-content\/uploads\/sites\/6\/2024\/09\/IMG-20240912-WA0000-1024x495.jpg\" alt=\"\" width=\"474\" height=\"229\" srcset=\"https:\/\/cloud.alqueria.es\/wp-content\/uploads\/sites\/6\/2024\/09\/IMG-20240912-WA0000-1024x495.jpg 1024w, https:\/\/cloud.alqueria.es\/wp-content\/uploads\/sites\/6\/2024\/09\/IMG-20240912-WA0000-300x145.jpg 300w, https:\/\/cloud.alqueria.es\/wp-content\/uploads\/sites\/6\/2024\/09\/IMG-20240912-WA0000-768x371.jpg 768w, https:\/\/cloud.alqueria.es\/wp-content\/uploads\/sites\/6\/2024\/09\/IMG-20240912-WA0000-1536x742.jpg 1536w, https:\/\/cloud.alqueria.es\/wp-content\/uploads\/sites\/6\/2024\/09\/IMG-20240912-WA0000.jpg 1600w\" sizes=\"(max-width: 474px) 100vw, 474px\" \/><\/p>\n<p>A pesar de la emoci\u00f3n, la vuelta al cole tambi\u00e9n trae consigo miedos. \u00bfSer\u00e9 capaz de aprender lo que me piden? \u00bfMe llevar\u00e9 bien con mis compa\u00f1eros?. Estas son preguntas que muchos ni\u00f1os se hacen, en especial aquellos que comienzan en un colegio nuevo o cambian de clase. La adaptaci\u00f3n a las nuevas rutinas puede generar algo de inquietud, pero iremos de la mano con ellos y ellas en este proceso, record\u00e1ndoles que el miedo es normal y que cada desaf\u00edo es una oportunidad para aprender y crecer. Adem\u00e1s, los maestros y compa\u00f1eros estamos aqu\u00ed para apoyarlos y cuidarlos. Tambi\u00e9n es una posibilidad de crecimiento muy positiva para aquellos que estando en el cole, reciben compa\u00f1eros y compa\u00f1eras nuevos ya que se abre el abanico de posibilidades para aprender y explorar cosas nuevas y ampliar nuestras amistades.<\/p>\n<div data-carousel-extra='{&quot;blog_id&quot;:6,&quot;permalink&quot;:&quot;https:\/\/www.alqueria.es\/blogs\/alqueriaprimerciclo\/2024\/09\/14\/estamos-de-vuelta\/&quot;}' id='gallery-2' class='gallery galleryid-38193 gallery-columns-3 gallery-size-thumbnail'><figure class='gallery-item'>\n\t\t\t<div class='gallery-icon portrait'>\n\t\t\t\t<a href='https:\/\/www.alqueria.es\/blogs\/alqueriaprimerciclo\/2024\/09\/14\/estamos-de-vuelta\/whatsapp-image-2024-09-13-at-16-30-33\/'><img decoding=\"async\" width=\"150\" height=\"150\" src=\"https:\/\/cloud.alqueria.es\/wp-content\/uploads\/sites\/6\/2024\/09\/WhatsApp-Image-2024-09-13-at-16.30.33-150x150.jpeg\" class=\"attachment-thumbnail size-thumbnail\" alt=\"\" data-attachment-id=\"38213\" data-permalink=\"https:\/\/www.alqueria.es\/blogs\/alqueriaprimerciclo\/2024\/09\/14\/estamos-de-vuelta\/whatsapp-image-2024-09-13-at-16-30-33\/\" data-orig-file=\"https:\/\/cloud.alqueria.es\/wp-content\/uploads\/sites\/6\/2024\/09\/WhatsApp-Image-2024-09-13-at-16.30.33.jpeg\" data-orig-size=\"1200,1600\" data-comments-opened=\"1\" data-image-meta=\"{&quot;aperture&quot;:&quot;0&quot;,&quot;credit&quot;:&quot;&quot;,&quot;camera&quot;:&quot;&quot;,&quot;caption&quot;:&quot;&quot;,&quot;created_timestamp&quot;:&quot;0&quot;,&quot;copyright&quot;:&quot;&quot;,&quot;focal_length&quot;:&quot;0&quot;,&quot;iso&quot;:&quot;0&quot;,&quot;shutter_speed&quot;:&quot;0&quot;,&quot;title&quot;:&quot;&quot;,&quot;orientation&quot;:&quot;0&quot;}\" data-image-title=\"WhatsApp Image 2024-09-13 at 16.30.33\" data-image-description=\"\" data-image-caption=\"\" data-large-file=\"https:\/\/cloud.alqueria.es\/wp-content\/uploads\/sites\/6\/2024\/09\/WhatsApp-Image-2024-09-13-at-16.30.33-768x1024.jpeg\" \/><\/a>\n\t\t\t<\/div><\/figure><figure class='gallery-item'>\n\t\t\t<div class='gallery-icon portrait'>\n\t\t\t\t<a href='https:\/\/www.alqueria.es\/blogs\/alqueriaprimerciclo\/2024\/09\/14\/estamos-de-vuelta\/whatsapp-image-2024-09-13-at-16-30-33-9\/'><img decoding=\"async\" width=\"150\" height=\"150\" src=\"https:\/\/cloud.alqueria.es\/wp-content\/uploads\/sites\/6\/2024\/09\/WhatsApp-Image-2024-09-13-at-16.30.33-9-150x150.jpeg\" class=\"attachment-thumbnail size-thumbnail\" alt=\"\" data-attachment-id=\"38207\" data-permalink=\"https:\/\/www.alqueria.es\/blogs\/alqueriaprimerciclo\/2024\/09\/14\/estamos-de-vuelta\/whatsapp-image-2024-09-13-at-16-30-33-9\/\" data-orig-file=\"https:\/\/cloud.alqueria.es\/wp-content\/uploads\/sites\/6\/2024\/09\/WhatsApp-Image-2024-09-13-at-16.30.33-9.jpeg\" data-orig-size=\"1200,1600\" data-comments-opened=\"1\" data-image-meta=\"{&quot;aperture&quot;:&quot;0&quot;,&quot;credit&quot;:&quot;&quot;,&quot;camera&quot;:&quot;&quot;,&quot;caption&quot;:&quot;&quot;,&quot;created_timestamp&quot;:&quot;0&quot;,&quot;copyright&quot;:&quot;&quot;,&quot;focal_length&quot;:&quot;0&quot;,&quot;iso&quot;:&quot;0&quot;,&quot;shutter_speed&quot;:&quot;0&quot;,&quot;title&quot;:&quot;&quot;,&quot;orientation&quot;:&quot;0&quot;}\" data-image-title=\"WhatsApp Image 2024-09-13 at 16.30.33 (9)\" data-image-description=\"\" data-image-caption=\"\" data-large-file=\"https:\/\/cloud.alqueria.es\/wp-content\/uploads\/sites\/6\/2024\/09\/WhatsApp-Image-2024-09-13-at-16.30.33-9-768x1024.jpeg\" \/><\/a>\n\t\t\t<\/div><\/figure><figure class='gallery-item'>\n\t\t\t<div class='gallery-icon portrait'>\n\t\t\t\t<a href='https:\/\/www.alqueria.es\/blogs\/alqueriaprimerciclo\/2024\/09\/14\/estamos-de-vuelta\/whatsapp-image-2024-09-13-at-16-30-33-1\/'><img decoding=\"async\" width=\"150\" height=\"150\" src=\"https:\/\/cloud.alqueria.es\/wp-content\/uploads\/sites\/6\/2024\/09\/WhatsApp-Image-2024-09-13-at-16.30.33-1-150x150.jpeg\" class=\"attachment-thumbnail size-thumbnail\" alt=\"\" data-attachment-id=\"38199\" data-permalink=\"https:\/\/www.alqueria.es\/blogs\/alqueriaprimerciclo\/2024\/09\/14\/estamos-de-vuelta\/whatsapp-image-2024-09-13-at-16-30-33-1\/\" data-orig-file=\"https:\/\/cloud.alqueria.es\/wp-content\/uploads\/sites\/6\/2024\/09\/WhatsApp-Image-2024-09-13-at-16.30.33-1.jpeg\" data-orig-size=\"1200,1600\" data-comments-opened=\"1\" data-image-meta=\"{&quot;aperture&quot;:&quot;0&quot;,&quot;credit&quot;:&quot;&quot;,&quot;camera&quot;:&quot;&quot;,&quot;caption&quot;:&quot;&quot;,&quot;created_timestamp&quot;:&quot;0&quot;,&quot;copyright&quot;:&quot;&quot;,&quot;focal_length&quot;:&quot;0&quot;,&quot;iso&quot;:&quot;0&quot;,&quot;shutter_speed&quot;:&quot;0&quot;,&quot;title&quot;:&quot;&quot;,&quot;orientation&quot;:&quot;0&quot;}\" data-image-title=\"WhatsApp Image 2024-09-13 at 16.30.33 (1)\" data-image-description=\"\" data-image-caption=\"\" data-large-file=\"https:\/\/cloud.alqueria.es\/wp-content\/uploads\/sites\/6\/2024\/09\/WhatsApp-Image-2024-09-13-at-16.30.33-1-768x1024.jpeg\" \/><\/a>\n\t\t\t<\/div><\/figure>\n\t\t<\/div>\n\n<p>Las pautas de convivencia han sido consensuadas entre todos y todas, para muchos ni\u00f1os y ni\u00f1as estas reglas pueden ser vistas como l\u00edmites a su libertad, pero son fundamentales para crear un ambiente de respeto, seguridad y colaboraci\u00f3n. Aprender a escuchar, esperar su turno para hablar, compartir y respetar a los dem\u00e1s son aspectos tan importantes como el acad\u00e9mico.<\/p>\n<div data-carousel-extra='{&quot;blog_id&quot;:6,&quot;permalink&quot;:&quot;https:\/\/www.alqueria.es\/blogs\/alqueriaprimerciclo\/2024\/09\/14\/estamos-de-vuelta\/&quot;}' id='gallery-3' class='gallery galleryid-38193 gallery-columns-3 gallery-size-thumbnail'><figure class='gallery-item'>\n\t\t\t<div class='gallery-icon portrait'>\n\t\t\t\t<a href='https:\/\/www.alqueria.es\/blogs\/alqueriaprimerciclo\/2024\/09\/14\/estamos-de-vuelta\/whatsapp-image-2024-09-13-at-16-30-33-3\/'><img decoding=\"async\" width=\"150\" height=\"150\" src=\"https:\/\/cloud.alqueria.es\/wp-content\/uploads\/sites\/6\/2024\/09\/WhatsApp-Image-2024-09-13-at-16.30.33-3-150x150.jpeg\" class=\"attachment-thumbnail size-thumbnail\" alt=\"\" data-attachment-id=\"38201\" data-permalink=\"https:\/\/www.alqueria.es\/blogs\/alqueriaprimerciclo\/2024\/09\/14\/estamos-de-vuelta\/whatsapp-image-2024-09-13-at-16-30-33-3\/\" data-orig-file=\"https:\/\/cloud.alqueria.es\/wp-content\/uploads\/sites\/6\/2024\/09\/WhatsApp-Image-2024-09-13-at-16.30.33-3.jpeg\" data-orig-size=\"1200,1600\" data-comments-opened=\"1\" data-image-meta=\"{&quot;aperture&quot;:&quot;0&quot;,&quot;credit&quot;:&quot;&quot;,&quot;camera&quot;:&quot;&quot;,&quot;caption&quot;:&quot;&quot;,&quot;created_timestamp&quot;:&quot;0&quot;,&quot;copyright&quot;:&quot;&quot;,&quot;focal_length&quot;:&quot;0&quot;,&quot;iso&quot;:&quot;0&quot;,&quot;shutter_speed&quot;:&quot;0&quot;,&quot;title&quot;:&quot;&quot;,&quot;orientation&quot;:&quot;0&quot;}\" data-image-title=\"WhatsApp Image 2024-09-13 at 16.30.33 (3)\" data-image-description=\"\" data-image-caption=\"\" data-large-file=\"https:\/\/cloud.alqueria.es\/wp-content\/uploads\/sites\/6\/2024\/09\/WhatsApp-Image-2024-09-13-at-16.30.33-3-768x1024.jpeg\" \/><\/a>\n\t\t\t<\/div><\/figure><figure class='gallery-item'>\n\t\t\t<div class='gallery-icon portrait'>\n\t\t\t\t<a href='https:\/\/www.alqueria.es\/blogs\/alqueriaprimerciclo\/2024\/09\/14\/estamos-de-vuelta\/whatsapp-image-2024-09-13-at-16-30-33-4\/'><img decoding=\"async\" width=\"150\" height=\"150\" src=\"https:\/\/cloud.alqueria.es\/wp-content\/uploads\/sites\/6\/2024\/09\/WhatsApp-Image-2024-09-13-at-16.30.33-4-150x150.jpeg\" class=\"attachment-thumbnail size-thumbnail\" alt=\"\" data-attachment-id=\"38202\" data-permalink=\"https:\/\/www.alqueria.es\/blogs\/alqueriaprimerciclo\/2024\/09\/14\/estamos-de-vuelta\/whatsapp-image-2024-09-13-at-16-30-33-4\/\" data-orig-file=\"https:\/\/cloud.alqueria.es\/wp-content\/uploads\/sites\/6\/2024\/09\/WhatsApp-Image-2024-09-13-at-16.30.33-4.jpeg\" data-orig-size=\"1200,1600\" data-comments-opened=\"1\" data-image-meta=\"{&quot;aperture&quot;:&quot;0&quot;,&quot;credit&quot;:&quot;&quot;,&quot;camera&quot;:&quot;&quot;,&quot;caption&quot;:&quot;&quot;,&quot;created_timestamp&quot;:&quot;0&quot;,&quot;copyright&quot;:&quot;&quot;,&quot;focal_length&quot;:&quot;0&quot;,&quot;iso&quot;:&quot;0&quot;,&quot;shutter_speed&quot;:&quot;0&quot;,&quot;title&quot;:&quot;&quot;,&quot;orientation&quot;:&quot;0&quot;}\" data-image-title=\"WhatsApp Image 2024-09-13 at 16.30.33 (4)\" data-image-description=\"\" data-image-caption=\"\" data-large-file=\"https:\/\/cloud.alqueria.es\/wp-content\/uploads\/sites\/6\/2024\/09\/WhatsApp-Image-2024-09-13-at-16.30.33-4-768x1024.jpeg\" \/><\/a>\n\t\t\t<\/div><\/figure><figure class='gallery-item'>\n\t\t\t<div class='gallery-icon portrait'>\n\t\t\t\t<a href='https:\/\/www.alqueria.es\/blogs\/alqueriaprimerciclo\/2024\/09\/14\/estamos-de-vuelta\/whatsapp-image-2024-09-13-at-16-30-33-5\/'><img decoding=\"async\" width=\"150\" height=\"150\" src=\"https:\/\/cloud.alqueria.es\/wp-content\/uploads\/sites\/6\/2024\/09\/WhatsApp-Image-2024-09-13-at-16.30.33-5-150x150.jpeg\" class=\"attachment-thumbnail size-thumbnail\" alt=\"\" data-attachment-id=\"38203\" data-permalink=\"https:\/\/www.alqueria.es\/blogs\/alqueriaprimerciclo\/2024\/09\/14\/estamos-de-vuelta\/whatsapp-image-2024-09-13-at-16-30-33-5\/\" data-orig-file=\"https:\/\/cloud.alqueria.es\/wp-content\/uploads\/sites\/6\/2024\/09\/WhatsApp-Image-2024-09-13-at-16.30.33-5.jpeg\" data-orig-size=\"1200,1600\" data-comments-opened=\"1\" data-image-meta=\"{&quot;aperture&quot;:&quot;0&quot;,&quot;credit&quot;:&quot;&quot;,&quot;camera&quot;:&quot;&quot;,&quot;caption&quot;:&quot;&quot;,&quot;created_timestamp&quot;:&quot;0&quot;,&quot;copyright&quot;:&quot;&quot;,&quot;focal_length&quot;:&quot;0&quot;,&quot;iso&quot;:&quot;0&quot;,&quot;shutter_speed&quot;:&quot;0&quot;,&quot;title&quot;:&quot;&quot;,&quot;orientation&quot;:&quot;0&quot;}\" data-image-title=\"WhatsApp Image 2024-09-13 at 16.30.33 (5)\" data-image-description=\"\" data-image-caption=\"\" data-large-file=\"https:\/\/cloud.alqueria.es\/wp-content\/uploads\/sites\/6\/2024\/09\/WhatsApp-Image-2024-09-13-at-16.30.33-5-768x1024.jpeg\" \/><\/a>\n\t\t\t<\/div><\/figure><figure class='gallery-item'>\n\t\t\t<div class='gallery-icon portrait'>\n\t\t\t\t<a href='https:\/\/www.alqueria.es\/blogs\/alqueriaprimerciclo\/2024\/09\/14\/estamos-de-vuelta\/whatsapp-image-2024-09-13-at-16-30-33-6\/'><img decoding=\"async\" width=\"150\" height=\"150\" src=\"https:\/\/cloud.alqueria.es\/wp-content\/uploads\/sites\/6\/2024\/09\/WhatsApp-Image-2024-09-13-at-16.30.33-6-150x150.jpeg\" class=\"attachment-thumbnail size-thumbnail\" alt=\"\" data-attachment-id=\"38204\" data-permalink=\"https:\/\/www.alqueria.es\/blogs\/alqueriaprimerciclo\/2024\/09\/14\/estamos-de-vuelta\/whatsapp-image-2024-09-13-at-16-30-33-6\/\" data-orig-file=\"https:\/\/cloud.alqueria.es\/wp-content\/uploads\/sites\/6\/2024\/09\/WhatsApp-Image-2024-09-13-at-16.30.33-6.jpeg\" data-orig-size=\"1200,1600\" data-comments-opened=\"1\" data-image-meta=\"{&quot;aperture&quot;:&quot;0&quot;,&quot;credit&quot;:&quot;&quot;,&quot;camera&quot;:&quot;&quot;,&quot;caption&quot;:&quot;&quot;,&quot;created_timestamp&quot;:&quot;0&quot;,&quot;copyright&quot;:&quot;&quot;,&quot;focal_length&quot;:&quot;0&quot;,&quot;iso&quot;:&quot;0&quot;,&quot;shutter_speed&quot;:&quot;0&quot;,&quot;title&quot;:&quot;&quot;,&quot;orientation&quot;:&quot;0&quot;}\" data-image-title=\"WhatsApp Image 2024-09-13 at 16.30.33 (6)\" data-image-description=\"\" data-image-caption=\"\" data-large-file=\"https:\/\/cloud.alqueria.es\/wp-content\/uploads\/sites\/6\/2024\/09\/WhatsApp-Image-2024-09-13-at-16.30.33-6-768x1024.jpeg\" \/><\/a>\n\t\t\t<\/div><\/figure><figure class='gallery-item'>\n\t\t\t<div class='gallery-icon landscape'>\n\t\t\t\t<a href='https:\/\/www.alqueria.es\/blogs\/alqueriaprimerciclo\/2024\/09\/14\/estamos-de-vuelta\/whatsapp-image-2024-09-13-at-16-30-33-10\/'><img decoding=\"async\" width=\"150\" height=\"150\" src=\"https:\/\/cloud.alqueria.es\/wp-content\/uploads\/sites\/6\/2024\/09\/WhatsApp-Image-2024-09-13-at-16.30.33-10-150x150.jpeg\" class=\"attachment-thumbnail size-thumbnail\" alt=\"\" data-attachment-id=\"38208\" data-permalink=\"https:\/\/www.alqueria.es\/blogs\/alqueriaprimerciclo\/2024\/09\/14\/estamos-de-vuelta\/whatsapp-image-2024-09-13-at-16-30-33-10\/\" data-orig-file=\"https:\/\/cloud.alqueria.es\/wp-content\/uploads\/sites\/6\/2024\/09\/WhatsApp-Image-2024-09-13-at-16.30.33-10.jpeg\" data-orig-size=\"1600,871\" data-comments-opened=\"1\" data-image-meta=\"{&quot;aperture&quot;:&quot;0&quot;,&quot;credit&quot;:&quot;&quot;,&quot;camera&quot;:&quot;&quot;,&quot;caption&quot;:&quot;&quot;,&quot;created_timestamp&quot;:&quot;0&quot;,&quot;copyright&quot;:&quot;&quot;,&quot;focal_length&quot;:&quot;0&quot;,&quot;iso&quot;:&quot;0&quot;,&quot;shutter_speed&quot;:&quot;0&quot;,&quot;title&quot;:&quot;&quot;,&quot;orientation&quot;:&quot;0&quot;}\" data-image-title=\"WhatsApp Image 2024-09-13 at 16.30.33 (10)\" data-image-description=\"\" data-image-caption=\"\" data-large-file=\"https:\/\/cloud.alqueria.es\/wp-content\/uploads\/sites\/6\/2024\/09\/WhatsApp-Image-2024-09-13-at-16.30.33-10-1024x557.jpeg\" \/><\/a>\n\t\t\t<\/div><\/figure>\n\t\t<\/div>\n\n<p>Comprender la importancia de estas normas para que la clase funcione bien y todos se sientan seguros y c\u00f3modos es una lecci\u00f3n de tolerancia, responsabilidad y trabajo en equipo.<\/p>\n<p>\u00a1Bienvenidos a un nuevo curso lleno de desaf\u00edos tanto acad\u00e9micos como personales!<\/p>\n<p style=\"padding-left: 40px\"><img decoding=\"async\" data-attachment-id=\"38212\" data-permalink=\"https:\/\/www.alqueria.es\/blogs\/alqueriaprimerciclo\/2024\/09\/14\/estamos-de-vuelta\/whatsapp-image-2024-09-13-at-16-30-33-14\/\" data-orig-file=\"https:\/\/cloud.alqueria.es\/wp-content\/uploads\/sites\/6\/2024\/09\/WhatsApp-Image-2024-09-13-at-16.30.33-14.jpeg\" data-orig-size=\"1600,1545\" data-comments-opened=\"1\" data-image-meta=\"{&quot;aperture&quot;:&quot;0&quot;,&quot;credit&quot;:&quot;&quot;,&quot;camera&quot;:&quot;&quot;,&quot;caption&quot;:&quot;&quot;,&quot;created_timestamp&quot;:&quot;0&quot;,&quot;copyright&quot;:&quot;&quot;,&quot;focal_length&quot;:&quot;0&quot;,&quot;iso&quot;:&quot;0&quot;,&quot;shutter_speed&quot;:&quot;0&quot;,&quot;title&quot;:&quot;&quot;,&quot;orientation&quot;:&quot;0&quot;}\" data-image-title=\"WhatsApp Image 2024-09-13 at 16.30.33 (14)\" data-image-description=\"\" data-image-caption=\"\" data-large-file=\"https:\/\/cloud.alqueria.es\/wp-content\/uploads\/sites\/6\/2024\/09\/WhatsApp-Image-2024-09-13-at-16.30.33-14-1024x989.jpeg\" class=\"alignnone size-large wp-image-38212\" src=\"https:\/\/cloud.alqueria.es\/wp-content\/uploads\/sites\/6\/2024\/09\/WhatsApp-Image-2024-09-13-at-16.30.33-14-1024x989.jpeg\" alt=\"\" width=\"474\" height=\"458\" srcset=\"https:\/\/cloud.alqueria.es\/wp-content\/uploads\/sites\/6\/2024\/09\/WhatsApp-Image-2024-09-13-at-16.30.33-14-1024x989.jpeg 1024w, https:\/\/cloud.alqueria.es\/wp-content\/uploads\/sites\/6\/2024\/09\/WhatsApp-Image-2024-09-13-at-16.30.33-14-300x290.jpeg 300w, https:\/\/cloud.alqueria.es\/wp-content\/uploads\/sites\/6\/2024\/09\/WhatsApp-Image-2024-09-13-at-16.30.33-14-768x742.jpeg 768w, https:\/\/cloud.alqueria.es\/wp-content\/uploads\/sites\/6\/2024\/09\/WhatsApp-Image-2024-09-13-at-16.30.33-14-1536x1483.jpeg 1536w, https:\/\/cloud.alqueria.es\/wp-content\/uploads\/sites\/6\/2024\/09\/WhatsApp-Image-2024-09-13-at-16.30.33-14.jpeg 1600w\" sizes=\"(max-width: 474px) 100vw, 474px\" \/><\/p>\n<p>Tatiana Molina -Tutora 2\u00ba EPO-<\/p>\n","protected":false},"excerpt":{"rendered":"<p>La vuelta al cole marca cada septiembre, tras un periodo de desconexi\u00f3n llega uno de los momentos que m\u00e1s ilusi\u00f3n e inquietud generan al mismo tiempo. Comenzamos una nueva aventura con las ilusiones renovadas: familias, equipo docente y por supuesto, los protagonistas, los ni\u00f1os y ni\u00f1as. Traemos la ilusi\u00f3n de reencontrarnos con viejos y nuevos &hellip; <a href=\"https:\/\/www.alqueria.es\/blogs\/alqueriaprimerciclo\/2024\/09\/14\/estamos-de-vuelta\/\" class=\"more-link\">Seguir leyendo <span class=\"screen-reader-text\">Estamos de vuelta<\/span> <span class=\"meta-nav\">&rarr;<\/span><\/a><\/p>\n","protected":false},"author":12,"featured_media":0,"comment_status":"open","ping_status":"open","sticky":false,"template":"","format":"standard","meta":{"jetpack_post_was_ever_published":false,"_jetpack_newsletter_access":"","_jetpack_dont_email_post_to_subs":false,"_jetpack_newsletter_tier_id":0,"_jetpack_memberships_contains_paywalled_content":false,"_jetpack_memberships_contains_paid_content":false,"footnotes":"","jetpack_publicize_message":"","jetpack_publicize_feature_enabled":true,"jetpack_social_post_already_shared":true,"jetpack_social_options":{"image_generator_settings":{"template":"highway","default_image_id":0,"font":"","enabled":false},"version":2}},"categories":[3,190,117,222,11,1],"tags":[32,147,60],"class_list":["post-38193","post","type-post","status-publish","format-standard","hentry","category-2o-epo","category-aventura-en-alqueria","category-etica","category-funciones-ejecutivas","category-juega-y-aprende","category-sin-categoria","tag-alqueria","tag-aprendemos-de-otra-manera","tag-primaria"],"jetpack_publicize_connections":[],"jetpack_featured_media_url":"","jetpack_sharing_enabled":true,"jetpack_shortlink":"https:\/\/wp.me\/p4lvS0-9W1","_links":{"self":[{"href":"https:\/\/www.alqueria.es\/blogs\/alqueriaprimerciclo\/wp-json\/wp\/v2\/posts\/38193","targetHints":{"allow":["GET"]}}],"collection":[{"href":"https:\/\/www.alqueria.es\/blogs\/alqueriaprimerciclo\/wp-json\/wp\/v2\/posts"}],"about":[{"href":"https:\/\/www.alqueria.es\/blogs\/alqueriaprimerciclo\/wp-json\/wp\/v2\/types\/post"}],"author":[{"embeddable":true,"href":"https:\/\/www.alqueria.es\/blogs\/alqueriaprimerciclo\/wp-json\/wp\/v2\/users\/12"}],"replies":[{"embeddable":true,"href":"https:\/\/www.alqueria.es\/blogs\/alqueriaprimerciclo\/wp-json\/wp\/v2\/comments?post=38193"}],"version-history":[{"count":7,"href":"https:\/\/www.alqueria.es\/blogs\/alqueriaprimerciclo\/wp-json\/wp\/v2\/posts\/38193\/revisions"}],"predecessor-version":[{"id":38240,"href":"https:\/\/www.alqueria.es\/blogs\/alqueriaprimerciclo\/wp-json\/wp\/v2\/posts\/38193\/revisions\/38240"}],"wp:attachment":[{"href":"https:\/\/www.alqueria.es\/blogs\/alqueriaprimerciclo\/wp-json\/wp\/v2\/media?parent=38193"}],"wp:term":[{"taxonomy":"category","embeddable":true,"href":"https:\/\/www.alqueria.es\/blogs\/alqueriaprimerciclo\/wp-json\/wp\/v2\/categories?post=38193"},{"taxonomy":"post_tag","embeddable":true,"href":"https:\/\/www.alqueria.es\/blogs\/alqueriaprimerciclo\/wp-json\/wp\/v2\/tags?post=38193"}],"curies":[{"name":"wp","href":"https:\/\/api.w.org\/{rel}","templated":true}]}}