{"id":38247,"date":"2024-09-21T14:45:27","date_gmt":"2024-09-21T12:45:27","guid":{"rendered":"https:\/\/www.alqueria.es\/blogs\/alqueriaprimerciclo\/?p=38247"},"modified":"2024-09-22T10:00:08","modified_gmt":"2024-09-22T08:00:08","slug":"nos-organizamos-en-primero","status":"publish","type":"post","link":"https:\/\/www.alqueria.es\/blogs\/alqueriaprimerciclo\/2024\/09\/21\/nos-organizamos-en-primero\/","title":{"rendered":"Nos organizamos en primero"},"content":{"rendered":"<p style=\"padding-left: 40px\">Hemos completado una semana donde se han sucedido las actividades que comienzan a formar parte de nuestra vida escolar en primero.<\/p>\n<p>Recibimos a Rita que nos ha dado la sorpresa de volver a Alquer\u00eda<\/p>\n<p dir=\"ltr\"><strong><span style=\"color: #0000ff\">HORARIO<\/span><\/strong><\/p>\n<p dir=\"ltr\">Ya tenemos nuestro horario semanal preparado , para entender todos esos cuadraditos que lo componen hemos coloreado cada \u00e1rea del mismo color elegido. Esto nos ayuda a entender que la jornada escolar esta organizada y eso nos tranquiliza.<img decoding=\"async\" data-attachment-id=\"38250\" data-permalink=\"https:\/\/www.alqueria.es\/blogs\/alqueriaprimerciclo\/2024\/09\/21\/nos-organizamos-en-primero\/img-20240921-wa0012\/\" data-orig-file=\"https:\/\/cloud.alqueria.es\/wp-content\/uploads\/sites\/6\/2024\/09\/IMG-20240921-WA0012.jpg\" data-orig-size=\"2000,1125\" data-comments-opened=\"1\" data-image-meta=\"{&quot;aperture&quot;:&quot;0&quot;,&quot;credit&quot;:&quot;&quot;,&quot;camera&quot;:&quot;&quot;,&quot;caption&quot;:&quot;&quot;,&quot;created_timestamp&quot;:&quot;0&quot;,&quot;copyright&quot;:&quot;&quot;,&quot;focal_length&quot;:&quot;0&quot;,&quot;iso&quot;:&quot;0&quot;,&quot;shutter_speed&quot;:&quot;0&quot;,&quot;title&quot;:&quot;&quot;,&quot;orientation&quot;:&quot;0&quot;}\" data-image-title=\"IMG-20240921-WA0012\" data-image-description=\"\" data-image-caption=\"\" data-large-file=\"https:\/\/cloud.alqueria.es\/wp-content\/uploads\/sites\/6\/2024\/09\/IMG-20240921-WA0012-1024x576.jpg\" class=\"alignnone size-large wp-image-38250\" src=\"https:\/\/cloud.alqueria.es\/wp-content\/uploads\/sites\/6\/2024\/09\/IMG-20240921-WA0012-1024x576.jpg\" alt=\"\" width=\"474\" height=\"267\" srcset=\"https:\/\/cloud.alqueria.es\/wp-content\/uploads\/sites\/6\/2024\/09\/IMG-20240921-WA0012-1024x576.jpg 1024w, https:\/\/cloud.alqueria.es\/wp-content\/uploads\/sites\/6\/2024\/09\/IMG-20240921-WA0012-300x169.jpg 300w, https:\/\/cloud.alqueria.es\/wp-content\/uploads\/sites\/6\/2024\/09\/IMG-20240921-WA0012-768x432.jpg 768w, https:\/\/cloud.alqueria.es\/wp-content\/uploads\/sites\/6\/2024\/09\/IMG-20240921-WA0012-1536x864.jpg 1536w, https:\/\/cloud.alqueria.es\/wp-content\/uploads\/sites\/6\/2024\/09\/IMG-20240921-WA0012.jpg 2000w\" sizes=\"(max-width: 474px) 100vw, 474px\" \/><\/p>\n<p style=\"padding-left: 40px\"><img decoding=\"async\" data-attachment-id=\"38254\" data-permalink=\"https:\/\/www.alqueria.es\/blogs\/alqueriaprimerciclo\/2024\/09\/21\/nos-organizamos-en-primero\/img-20240921-wa0007\/\" data-orig-file=\"https:\/\/cloud.alqueria.es\/wp-content\/uploads\/sites\/6\/2024\/09\/IMG-20240921-WA0007.jpg\" data-orig-size=\"1985,1125\" data-comments-opened=\"1\" data-image-meta=\"{&quot;aperture&quot;:&quot;0&quot;,&quot;credit&quot;:&quot;&quot;,&quot;camera&quot;:&quot;&quot;,&quot;caption&quot;:&quot;&quot;,&quot;created_timestamp&quot;:&quot;0&quot;,&quot;copyright&quot;:&quot;&quot;,&quot;focal_length&quot;:&quot;0&quot;,&quot;iso&quot;:&quot;0&quot;,&quot;shutter_speed&quot;:&quot;0&quot;,&quot;title&quot;:&quot;&quot;,&quot;orientation&quot;:&quot;0&quot;}\" data-image-title=\"IMG-20240921-WA0007\" data-image-description=\"\" data-image-caption=\"\" data-large-file=\"https:\/\/cloud.alqueria.es\/wp-content\/uploads\/sites\/6\/2024\/09\/IMG-20240921-WA0007-1024x580.jpg\" class=\"aligncenter wp-image-38254 size-full\" src=\"https:\/\/cloud.alqueria.es\/wp-content\/uploads\/sites\/6\/2024\/09\/IMG-20240921-WA0007.jpg\" alt=\"\" width=\"1985\" height=\"1125\" srcset=\"https:\/\/cloud.alqueria.es\/wp-content\/uploads\/sites\/6\/2024\/09\/IMG-20240921-WA0007.jpg 1985w, https:\/\/cloud.alqueria.es\/wp-content\/uploads\/sites\/6\/2024\/09\/IMG-20240921-WA0007-300x170.jpg 300w, https:\/\/cloud.alqueria.es\/wp-content\/uploads\/sites\/6\/2024\/09\/IMG-20240921-WA0007-1024x580.jpg 1024w, https:\/\/cloud.alqueria.es\/wp-content\/uploads\/sites\/6\/2024\/09\/IMG-20240921-WA0007-768x435.jpg 768w, https:\/\/cloud.alqueria.es\/wp-content\/uploads\/sites\/6\/2024\/09\/IMG-20240921-WA0007-1536x871.jpg 1536w\" sizes=\"(max-width: 1985px) 100vw, 1985px\" \/><\/p>\n<p dir=\"ltr\"><strong><span style=\"color: #0000ff\">CUADERNILLOS<\/span><\/strong><\/p>\n<p dir=\"ltr\"><em><strong><span style=\"color: #0000ff\">Siete y medio<\/span><\/strong>,<\/em> para darle al coco.<\/p>\n<p dir=\"ltr\">Los n\u00fameros los conocemos pero queremos hacerlo en profundidad y la descomposici\u00f3n es un buen camino , para ello estamos preparados para darle al coco y saber que nos piden las actividades propuestas en nuestro primer cuaderno de la colecci\u00f3n <span style=\"color: #0000ff\"><em>Siete y medio<\/em><\/span> ,con el que trabajaremos la l\u00f3gica matem\u00e1tica dandolo mucho al coco.<\/p>\n<p dir=\"ltr\"><strong><span style=\"color: #0000ff\">DIARIO<\/span><\/strong><\/p>\n<p dir=\"ltr\">Para adentrarnos en la composici\u00f3n\u00a0 escrita \u00a0 lo haremos a trav\u00e9s de\u00a0 una serie de actividades\u00a0 que sean significativas y le den sentido al esfuerzo que requiere aprender a escribir: PARA QU\u00c9\u00a0 es importante aprender a escribir.<\/p>\n<p dir=\"ltr\">En nuestro cuaderno de escritura, cada lunes, vamos a entrenarnos contando experiencias vividas , por ejemplo en el fin de semana.<\/p>\n<p dir=\"ltr\">Escribimos pensando las s\u00edlabas que componen las palabras a trav\u00e9s de sus sonidos. Nuestra manera es personal, cada uno tenemos un ritmo y llevamos un proceso en esto de escribir, componiendo palabras, frases. A\u00fan no aparecen todas las letras , s\u00f3lo las que mas nos suenan en cada palabra pero poco a poco se iran completando.<\/p>\n<p dir=\"ltr\"><img decoding=\"async\" data-attachment-id=\"38253\" data-permalink=\"https:\/\/www.alqueria.es\/blogs\/alqueriaprimerciclo\/2024\/09\/21\/nos-organizamos-en-primero\/img-20240921-wa0009\/\" data-orig-file=\"https:\/\/cloud.alqueria.es\/wp-content\/uploads\/sites\/6\/2024\/09\/IMG-20240921-WA0009.jpg\" data-orig-size=\"2048,1472\" data-comments-opened=\"1\" data-image-meta=\"{&quot;aperture&quot;:&quot;0&quot;,&quot;credit&quot;:&quot;&quot;,&quot;camera&quot;:&quot;&quot;,&quot;caption&quot;:&quot;&quot;,&quot;created_timestamp&quot;:&quot;0&quot;,&quot;copyright&quot;:&quot;&quot;,&quot;focal_length&quot;:&quot;0&quot;,&quot;iso&quot;:&quot;0&quot;,&quot;shutter_speed&quot;:&quot;0&quot;,&quot;title&quot;:&quot;&quot;,&quot;orientation&quot;:&quot;0&quot;}\" data-image-title=\"IMG-20240921-WA0009\" data-image-description=\"\" data-image-caption=\"\" data-large-file=\"https:\/\/cloud.alqueria.es\/wp-content\/uploads\/sites\/6\/2024\/09\/IMG-20240921-WA0009-1024x736.jpg\" class=\"alignnone size-large wp-image-38253\" src=\"https:\/\/cloud.alqueria.es\/wp-content\/uploads\/sites\/6\/2024\/09\/IMG-20240921-WA0009-1024x736.jpg\" alt=\"\" width=\"474\" height=\"341\" srcset=\"https:\/\/cloud.alqueria.es\/wp-content\/uploads\/sites\/6\/2024\/09\/IMG-20240921-WA0009-1024x736.jpg 1024w, https:\/\/cloud.alqueria.es\/wp-content\/uploads\/sites\/6\/2024\/09\/IMG-20240921-WA0009-300x216.jpg 300w, https:\/\/cloud.alqueria.es\/wp-content\/uploads\/sites\/6\/2024\/09\/IMG-20240921-WA0009-768x552.jpg 768w, https:\/\/cloud.alqueria.es\/wp-content\/uploads\/sites\/6\/2024\/09\/IMG-20240921-WA0009-1536x1104.jpg 1536w, https:\/\/cloud.alqueria.es\/wp-content\/uploads\/sites\/6\/2024\/09\/IMG-20240921-WA0009.jpg 2048w\" sizes=\"(max-width: 474px) 100vw, 474px\" \/><\/p>\n<p dir=\"ltr\"><strong><span style=\"color: #0000ff\">CARTA<\/span><\/strong><\/p>\n<p dir=\"ltr\">Darle\u00a0 sentido y uso al esfuerzo escritor es importante para sentir que merece la pena hacerlo, aprovechamos la motivaci\u00f3n y hemos escrito una carta , ten\u00e9is\u00a0 que leer y firmar si est\u00e1is de acuerdo con la tem\u00e1tica elegida\u00a0 para la conferencia, ya que tendr\u00e9is que colaborar en la preparaci\u00f3n de ello vuestro visto bueno es importante.<\/p>\n<p dir=\"ltr\">Ya os explicaremos en que consisten las conferencias , por ahora s\u00f3lo necesitamos concretar\u00a0 el tema elegido seg\u00fan\u00a0 intereses personales, para organizarlos en tem\u00e1ticas\u00a0 sobre\u00a0 las que tendremos\u00a0 que informar a los compa\u00f1eros.<\/p>\n<p dir=\"ltr\">\u00a0Ya tenemos nuestra carpeta de casa para llevar y traer est\u00e1s cartas , el horario, libro de la biblioteca&#8230;<\/p>\n<p dir=\"ltr\"><span style=\"color: #0000ff\"><strong>LECTURA Y LIBROS\u00a0<\/strong><\/span><\/p>\n<p dir=\"ltr\">Cada ma\u00f1ana al llegar dedicaremos\u00a0 un tiempo de inmersi\u00f3n a trav\u00e9s de los libros. Este momento es compartido o en solitario, el libro elegido provoca distintas situaciones, es reservado para la siguiente sesi\u00f3n o guardado para continuar\u00a0 el pr\u00f3ximo d\u00eda . Pretendemos que poco a poco se convierta en un momento agradable de lectura silenciosa para comenzar la ma\u00f1ana disfrutando con los libros .<\/p>\n<p dir=\"ltr\">Podemos traer de casa nuestros libros para compartir los gustos literarios con\u00a0 los\u00a0 dem\u00e1s.<\/p>\n<p style=\"padding-left: 40px\"><img decoding=\"async\" data-attachment-id=\"38249\" data-permalink=\"https:\/\/www.alqueria.es\/blogs\/alqueriaprimerciclo\/2024\/09\/21\/nos-organizamos-en-primero\/img-20240921-wa0011\/\" data-orig-file=\"https:\/\/cloud.alqueria.es\/wp-content\/uploads\/sites\/6\/2024\/09\/IMG-20240921-WA0011.jpg\" data-orig-size=\"2000,1125\" data-comments-opened=\"1\" data-image-meta=\"{&quot;aperture&quot;:&quot;0&quot;,&quot;credit&quot;:&quot;&quot;,&quot;camera&quot;:&quot;&quot;,&quot;caption&quot;:&quot;&quot;,&quot;created_timestamp&quot;:&quot;0&quot;,&quot;copyright&quot;:&quot;&quot;,&quot;focal_length&quot;:&quot;0&quot;,&quot;iso&quot;:&quot;0&quot;,&quot;shutter_speed&quot;:&quot;0&quot;,&quot;title&quot;:&quot;&quot;,&quot;orientation&quot;:&quot;0&quot;}\" data-image-title=\"IMG-20240921-WA0011\" data-image-description=\"\" data-image-caption=\"\" data-large-file=\"https:\/\/cloud.alqueria.es\/wp-content\/uploads\/sites\/6\/2024\/09\/IMG-20240921-WA0011-1024x576.jpg\" class=\"alignnone wp-image-38249 size-large\" src=\"https:\/\/cloud.alqueria.es\/wp-content\/uploads\/sites\/6\/2024\/09\/IMG-20240921-WA0011-1024x576.jpg\" alt=\"\" width=\"474\" height=\"267\" srcset=\"https:\/\/cloud.alqueria.es\/wp-content\/uploads\/sites\/6\/2024\/09\/IMG-20240921-WA0011-1024x576.jpg 1024w, https:\/\/cloud.alqueria.es\/wp-content\/uploads\/sites\/6\/2024\/09\/IMG-20240921-WA0011-300x169.jpg 300w, https:\/\/cloud.alqueria.es\/wp-content\/uploads\/sites\/6\/2024\/09\/IMG-20240921-WA0011-768x432.jpg 768w, https:\/\/cloud.alqueria.es\/wp-content\/uploads\/sites\/6\/2024\/09\/IMG-20240921-WA0011-1536x864.jpg 1536w, https:\/\/cloud.alqueria.es\/wp-content\/uploads\/sites\/6\/2024\/09\/IMG-20240921-WA0011.jpg 2000w\" sizes=\"(max-width: 474px) 100vw, 474px\" \/><\/p>\n<p dir=\"ltr\"><span style=\"color: #0000ff\"><strong style=\"color: #0000ff\">Lectura<\/strong>:<\/span><span style=\"color: #339966\"><strong>\u00a0 <span style=\"color: #339966\"><em>El bosque del sonido<\/em><\/span><\/strong><\/span><\/p>\n<p dir=\"ltr\">En clase hay un libro muy especial\u00a0 que nos va acompa\u00f1ar durante algunos meses. A\u00a0 trav\u00e9s de su\u00a0 m\u00e1gica historia iremos conociendo los sonidos de las palabras, su graf\u00eda, composici\u00f3n. Una historia llena de aventuras que nos familiariza con la escritura\u00a0 a trav\u00e9s de la\u00a0 lectura. Ya hemos conocido a los protagonistas de la historia y estamos preparados para vivir aventuras a trav\u00e9s de su relato.<\/p>\n<p dir=\"ltr\">Aqu\u00ed pod\u00e9is conocer a algunos de ellos y en tabl\u00f3n de la clase hay m\u00e1s .<\/p>\n<p dir=\"ltr\"><img decoding=\"async\" data-attachment-id=\"38263\" data-permalink=\"https:\/\/www.alqueria.es\/blogs\/alqueriaprimerciclo\/2024\/09\/21\/nos-organizamos-en-primero\/img-20240921-wa0003\/\" data-orig-file=\"https:\/\/cloud.alqueria.es\/wp-content\/uploads\/sites\/6\/2024\/09\/IMG-20240921-WA0003.jpg\" data-orig-size=\"2048,1487\" data-comments-opened=\"1\" data-image-meta=\"{&quot;aperture&quot;:&quot;0&quot;,&quot;credit&quot;:&quot;&quot;,&quot;camera&quot;:&quot;&quot;,&quot;caption&quot;:&quot;&quot;,&quot;created_timestamp&quot;:&quot;0&quot;,&quot;copyright&quot;:&quot;&quot;,&quot;focal_length&quot;:&quot;0&quot;,&quot;iso&quot;:&quot;0&quot;,&quot;shutter_speed&quot;:&quot;0&quot;,&quot;title&quot;:&quot;&quot;,&quot;orientation&quot;:&quot;0&quot;}\" data-image-title=\"IMG-20240921-WA0003\" data-image-description=\"\" data-image-caption=\"\" data-large-file=\"https:\/\/cloud.alqueria.es\/wp-content\/uploads\/sites\/6\/2024\/09\/IMG-20240921-WA0003-1024x744.jpg\" class=\"alignnone size-large wp-image-38263\" src=\"https:\/\/cloud.alqueria.es\/wp-content\/uploads\/sites\/6\/2024\/09\/IMG-20240921-WA0003-1024x744.jpg\" alt=\"\" width=\"474\" height=\"344\" srcset=\"https:\/\/cloud.alqueria.es\/wp-content\/uploads\/sites\/6\/2024\/09\/IMG-20240921-WA0003-1024x744.jpg 1024w, https:\/\/cloud.alqueria.es\/wp-content\/uploads\/sites\/6\/2024\/09\/IMG-20240921-WA0003-300x218.jpg 300w, https:\/\/cloud.alqueria.es\/wp-content\/uploads\/sites\/6\/2024\/09\/IMG-20240921-WA0003-768x558.jpg 768w, https:\/\/cloud.alqueria.es\/wp-content\/uploads\/sites\/6\/2024\/09\/IMG-20240921-WA0003-1536x1115.jpg 1536w, https:\/\/cloud.alqueria.es\/wp-content\/uploads\/sites\/6\/2024\/09\/IMG-20240921-WA0003.jpg 2048w\" sizes=\"(max-width: 474px) 100vw, 474px\" \/><\/p>\n<p style=\"text-align: left\"><img decoding=\"async\" data-attachment-id=\"38257\" data-permalink=\"https:\/\/www.alqueria.es\/blogs\/alqueriaprimerciclo\/2024\/09\/21\/nos-organizamos-en-primero\/img-20240921-wa0001\/\" data-orig-file=\"https:\/\/cloud.alqueria.es\/wp-content\/uploads\/sites\/6\/2024\/09\/IMG-20240921-WA0001.jpg\" data-orig-size=\"2048,1462\" data-comments-opened=\"1\" data-image-meta=\"{&quot;aperture&quot;:&quot;0&quot;,&quot;credit&quot;:&quot;&quot;,&quot;camera&quot;:&quot;&quot;,&quot;caption&quot;:&quot;&quot;,&quot;created_timestamp&quot;:&quot;0&quot;,&quot;copyright&quot;:&quot;&quot;,&quot;focal_length&quot;:&quot;0&quot;,&quot;iso&quot;:&quot;0&quot;,&quot;shutter_speed&quot;:&quot;0&quot;,&quot;title&quot;:&quot;&quot;,&quot;orientation&quot;:&quot;0&quot;}\" data-image-title=\"IMG-20240921-WA0001\" data-image-description=\"\" data-image-caption=\"\" data-large-file=\"https:\/\/cloud.alqueria.es\/wp-content\/uploads\/sites\/6\/2024\/09\/IMG-20240921-WA0001-1024x731.jpg\" class=\"alignnone size-large wp-image-38257\" src=\"https:\/\/cloud.alqueria.es\/wp-content\/uploads\/sites\/6\/2024\/09\/IMG-20240921-WA0001-1024x731.jpg\" alt=\"\" width=\"474\" height=\"338\" srcset=\"https:\/\/cloud.alqueria.es\/wp-content\/uploads\/sites\/6\/2024\/09\/IMG-20240921-WA0001-1024x731.jpg 1024w, https:\/\/cloud.alqueria.es\/wp-content\/uploads\/sites\/6\/2024\/09\/IMG-20240921-WA0001-300x214.jpg 300w, https:\/\/cloud.alqueria.es\/wp-content\/uploads\/sites\/6\/2024\/09\/IMG-20240921-WA0001-768x548.jpg 768w, https:\/\/cloud.alqueria.es\/wp-content\/uploads\/sites\/6\/2024\/09\/IMG-20240921-WA0001-1536x1097.jpg 1536w, https:\/\/cloud.alqueria.es\/wp-content\/uploads\/sites\/6\/2024\/09\/IMG-20240921-WA0001.jpg 2048w\" sizes=\"(max-width: 474px) 100vw, 474px\" \/><\/p>\n<p><img decoding=\"async\" data-attachment-id=\"38256\" data-permalink=\"https:\/\/www.alqueria.es\/blogs\/alqueriaprimerciclo\/2024\/09\/21\/nos-organizamos-en-primero\/img-20240921-wa0002\/\" data-orig-file=\"https:\/\/cloud.alqueria.es\/wp-content\/uploads\/sites\/6\/2024\/09\/IMG-20240921-WA0002.jpg\" data-orig-size=\"1122,1943\" data-comments-opened=\"1\" data-image-meta=\"{&quot;aperture&quot;:&quot;0&quot;,&quot;credit&quot;:&quot;&quot;,&quot;camera&quot;:&quot;&quot;,&quot;caption&quot;:&quot;&quot;,&quot;created_timestamp&quot;:&quot;0&quot;,&quot;copyright&quot;:&quot;&quot;,&quot;focal_length&quot;:&quot;0&quot;,&quot;iso&quot;:&quot;0&quot;,&quot;shutter_speed&quot;:&quot;0&quot;,&quot;title&quot;:&quot;&quot;,&quot;orientation&quot;:&quot;0&quot;}\" data-image-title=\"IMG-20240921-WA0002\" data-image-description=\"\" data-image-caption=\"\" data-large-file=\"https:\/\/cloud.alqueria.es\/wp-content\/uploads\/sites\/6\/2024\/09\/IMG-20240921-WA0002-591x1024.jpg\" class=\"alignnone size-large wp-image-38256\" src=\"https:\/\/cloud.alqueria.es\/wp-content\/uploads\/sites\/6\/2024\/09\/IMG-20240921-WA0002-591x1024.jpg\" alt=\"\" width=\"474\" height=\"821\" srcset=\"https:\/\/cloud.alqueria.es\/wp-content\/uploads\/sites\/6\/2024\/09\/IMG-20240921-WA0002-591x1024.jpg 591w, https:\/\/cloud.alqueria.es\/wp-content\/uploads\/sites\/6\/2024\/09\/IMG-20240921-WA0002-173x300.jpg 173w, https:\/\/cloud.alqueria.es\/wp-content\/uploads\/sites\/6\/2024\/09\/IMG-20240921-WA0002-768x1330.jpg 768w, https:\/\/cloud.alqueria.es\/wp-content\/uploads\/sites\/6\/2024\/09\/IMG-20240921-WA0002-887x1536.jpg 887w, https:\/\/cloud.alqueria.es\/wp-content\/uploads\/sites\/6\/2024\/09\/IMG-20240921-WA0002.jpg 1122w\" sizes=\"(max-width: 474px) 100vw, 474px\" \/><\/p>\n<p><img decoding=\"async\" data-attachment-id=\"38262\" data-permalink=\"https:\/\/www.alqueria.es\/blogs\/alqueriaprimerciclo\/2024\/09\/21\/nos-organizamos-en-primero\/img-20240921-wa0004\/\" data-orig-file=\"https:\/\/cloud.alqueria.es\/wp-content\/uploads\/sites\/6\/2024\/09\/IMG-20240921-WA0004.jpg\" data-orig-size=\"2048,1459\" data-comments-opened=\"1\" data-image-meta=\"{&quot;aperture&quot;:&quot;0&quot;,&quot;credit&quot;:&quot;&quot;,&quot;camera&quot;:&quot;&quot;,&quot;caption&quot;:&quot;&quot;,&quot;created_timestamp&quot;:&quot;0&quot;,&quot;copyright&quot;:&quot;&quot;,&quot;focal_length&quot;:&quot;0&quot;,&quot;iso&quot;:&quot;0&quot;,&quot;shutter_speed&quot;:&quot;0&quot;,&quot;title&quot;:&quot;&quot;,&quot;orientation&quot;:&quot;0&quot;}\" data-image-title=\"IMG-20240921-WA0004\" data-image-description=\"\" data-image-caption=\"\" data-large-file=\"https:\/\/cloud.alqueria.es\/wp-content\/uploads\/sites\/6\/2024\/09\/IMG-20240921-WA0004-1024x730.jpg\" class=\"alignnone size-large wp-image-38262\" src=\"https:\/\/cloud.alqueria.es\/wp-content\/uploads\/sites\/6\/2024\/09\/IMG-20240921-WA0004-1024x730.jpg\" alt=\"\" width=\"474\" height=\"338\" srcset=\"https:\/\/cloud.alqueria.es\/wp-content\/uploads\/sites\/6\/2024\/09\/IMG-20240921-WA0004-1024x730.jpg 1024w, https:\/\/cloud.alqueria.es\/wp-content\/uploads\/sites\/6\/2024\/09\/IMG-20240921-WA0004-300x214.jpg 300w, https:\/\/cloud.alqueria.es\/wp-content\/uploads\/sites\/6\/2024\/09\/IMG-20240921-WA0004-768x547.jpg 768w, https:\/\/cloud.alqueria.es\/wp-content\/uploads\/sites\/6\/2024\/09\/IMG-20240921-WA0004-1536x1094.jpg 1536w, https:\/\/cloud.alqueria.es\/wp-content\/uploads\/sites\/6\/2024\/09\/IMG-20240921-WA0004.jpg 2048w\" sizes=\"(max-width: 474px) 100vw, 474px\" \/><\/p>\n<p><img decoding=\"async\" data-attachment-id=\"38258\" data-permalink=\"https:\/\/www.alqueria.es\/blogs\/alqueriaprimerciclo\/2024\/09\/21\/nos-organizamos-en-primero\/img-20240921-wa0000\/\" data-orig-file=\"https:\/\/cloud.alqueria.es\/wp-content\/uploads\/sites\/6\/2024\/09\/IMG-20240921-WA0000.jpg\" data-orig-size=\"2048,1411\" data-comments-opened=\"1\" data-image-meta=\"{&quot;aperture&quot;:&quot;0&quot;,&quot;credit&quot;:&quot;&quot;,&quot;camera&quot;:&quot;&quot;,&quot;caption&quot;:&quot;&quot;,&quot;created_timestamp&quot;:&quot;0&quot;,&quot;copyright&quot;:&quot;&quot;,&quot;focal_length&quot;:&quot;0&quot;,&quot;iso&quot;:&quot;0&quot;,&quot;shutter_speed&quot;:&quot;0&quot;,&quot;title&quot;:&quot;&quot;,&quot;orientation&quot;:&quot;0&quot;}\" data-image-title=\"IMG-20240921-WA0000\" data-image-description=\"\" data-image-caption=\"\" data-large-file=\"https:\/\/cloud.alqueria.es\/wp-content\/uploads\/sites\/6\/2024\/09\/IMG-20240921-WA0000-1024x706.jpg\" class=\"alignnone size-large wp-image-38258\" src=\"https:\/\/cloud.alqueria.es\/wp-content\/uploads\/sites\/6\/2024\/09\/IMG-20240921-WA0000-1024x706.jpg\" alt=\"\" width=\"474\" height=\"327\" srcset=\"https:\/\/cloud.alqueria.es\/wp-content\/uploads\/sites\/6\/2024\/09\/IMG-20240921-WA0000-1024x706.jpg 1024w, https:\/\/cloud.alqueria.es\/wp-content\/uploads\/sites\/6\/2024\/09\/IMG-20240921-WA0000-300x207.jpg 300w, https:\/\/cloud.alqueria.es\/wp-content\/uploads\/sites\/6\/2024\/09\/IMG-20240921-WA0000-768x529.jpg 768w, https:\/\/cloud.alqueria.es\/wp-content\/uploads\/sites\/6\/2024\/09\/IMG-20240921-WA0000-1536x1058.jpg 1536w, https:\/\/cloud.alqueria.es\/wp-content\/uploads\/sites\/6\/2024\/09\/IMG-20240921-WA0000.jpg 2048w\" sizes=\"(max-width: 474px) 100vw, 474px\" \/><\/p>\n<p dir=\"ltr\">Un <strong><span style=\"color: #0000ff\">diccionario<\/span><\/strong> nos ayudar\u00e1 con la escritura que acompa\u00f1a est\u00e1 actividad. Realizaremos el nuestro propio compuesto de palabras que pensaremos entre todos.<img decoding=\"async\" data-attachment-id=\"38255\" data-permalink=\"https:\/\/www.alqueria.es\/blogs\/alqueriaprimerciclo\/2024\/09\/21\/nos-organizamos-en-primero\/img-20240921-wa0010\/\" data-orig-file=\"https:\/\/cloud.alqueria.es\/wp-content\/uploads\/sites\/6\/2024\/09\/IMG-20240921-WA0010.jpg\" data-orig-size=\"1543,2048\" data-comments-opened=\"1\" data-image-meta=\"{&quot;aperture&quot;:&quot;0&quot;,&quot;credit&quot;:&quot;&quot;,&quot;camera&quot;:&quot;&quot;,&quot;caption&quot;:&quot;&quot;,&quot;created_timestamp&quot;:&quot;0&quot;,&quot;copyright&quot;:&quot;&quot;,&quot;focal_length&quot;:&quot;0&quot;,&quot;iso&quot;:&quot;0&quot;,&quot;shutter_speed&quot;:&quot;0&quot;,&quot;title&quot;:&quot;&quot;,&quot;orientation&quot;:&quot;0&quot;}\" data-image-title=\"IMG-20240921-WA0010\" data-image-description=\"\" data-image-caption=\"\" data-large-file=\"https:\/\/cloud.alqueria.es\/wp-content\/uploads\/sites\/6\/2024\/09\/IMG-20240921-WA0010-772x1024.jpg\" class=\"alignnone wp-image-38255 size-medium\" src=\"https:\/\/cloud.alqueria.es\/wp-content\/uploads\/sites\/6\/2024\/09\/IMG-20240921-WA0010-226x300.jpg\" alt=\"\" width=\"226\" height=\"300\" srcset=\"https:\/\/cloud.alqueria.es\/wp-content\/uploads\/sites\/6\/2024\/09\/IMG-20240921-WA0010-226x300.jpg 226w, https:\/\/cloud.alqueria.es\/wp-content\/uploads\/sites\/6\/2024\/09\/IMG-20240921-WA0010-772x1024.jpg 772w, https:\/\/cloud.alqueria.es\/wp-content\/uploads\/sites\/6\/2024\/09\/IMG-20240921-WA0010-768x1019.jpg 768w, https:\/\/cloud.alqueria.es\/wp-content\/uploads\/sites\/6\/2024\/09\/IMG-20240921-WA0010-1157x1536.jpg 1157w, https:\/\/cloud.alqueria.es\/wp-content\/uploads\/sites\/6\/2024\/09\/IMG-20240921-WA0010.jpg 1543w\" sizes=\"(max-width: 226px) 100vw, 226px\" \/><\/p>\n<p dir=\"ltr\"><strong><span style=\"color: #0000ff\">LECTURA CON 4\u00ba<\/span><\/strong><\/p>\n<p dir=\"ltr\">Otro momento de lectura que hemos organizado esta semana es la lectura con los compa\u00f1eros de 4\u00ba. Tendremos un compa\u00f1ero o compa\u00f1era que nos tutorizar\u00e1 la Lectura los mi\u00e9rcoles por la tarde.<\/p>\n<p dir=\"ltr\">La responsabilidad es\u00a0 importante, tanto del que ense\u00f1a,\u00a0 como del que aprende. Hay una cosa asegurada, la motivaci\u00f3n.<\/p>\n<p dir=\"ltr\">Nos reunimos en la clase para realizar las parejas y conocernos un poquito.<\/p>\n<p dir=\"ltr\"><img decoding=\"async\" data-attachment-id=\"38261\" data-permalink=\"https:\/\/www.alqueria.es\/blogs\/alqueriaprimerciclo\/2024\/09\/21\/nos-organizamos-en-primero\/img-20240921-wa0015\/\" data-orig-file=\"https:\/\/cloud.alqueria.es\/wp-content\/uploads\/sites\/6\/2024\/09\/IMG-20240921-WA0015.jpg\" data-orig-size=\"2000,1125\" data-comments-opened=\"1\" data-image-meta=\"{&quot;aperture&quot;:&quot;0&quot;,&quot;credit&quot;:&quot;&quot;,&quot;camera&quot;:&quot;&quot;,&quot;caption&quot;:&quot;&quot;,&quot;created_timestamp&quot;:&quot;0&quot;,&quot;copyright&quot;:&quot;&quot;,&quot;focal_length&quot;:&quot;0&quot;,&quot;iso&quot;:&quot;0&quot;,&quot;shutter_speed&quot;:&quot;0&quot;,&quot;title&quot;:&quot;&quot;,&quot;orientation&quot;:&quot;0&quot;}\" data-image-title=\"IMG-20240921-WA0015\" data-image-description=\"\" data-image-caption=\"\" data-large-file=\"https:\/\/cloud.alqueria.es\/wp-content\/uploads\/sites\/6\/2024\/09\/IMG-20240921-WA0015-1024x576.jpg\" class=\"alignnone size-large wp-image-38261\" src=\"https:\/\/cloud.alqueria.es\/wp-content\/uploads\/sites\/6\/2024\/09\/IMG-20240921-WA0015-1024x576.jpg\" alt=\"\" width=\"474\" height=\"267\" srcset=\"https:\/\/cloud.alqueria.es\/wp-content\/uploads\/sites\/6\/2024\/09\/IMG-20240921-WA0015-1024x576.jpg 1024w, https:\/\/cloud.alqueria.es\/wp-content\/uploads\/sites\/6\/2024\/09\/IMG-20240921-WA0015-300x169.jpg 300w, https:\/\/cloud.alqueria.es\/wp-content\/uploads\/sites\/6\/2024\/09\/IMG-20240921-WA0015-768x432.jpg 768w, https:\/\/cloud.alqueria.es\/wp-content\/uploads\/sites\/6\/2024\/09\/IMG-20240921-WA0015-1536x864.jpg 1536w, https:\/\/cloud.alqueria.es\/wp-content\/uploads\/sites\/6\/2024\/09\/IMG-20240921-WA0015.jpg 2000w\" sizes=\"(max-width: 474px) 100vw, 474px\" \/><\/p>\n<p dir=\"ltr\"><strong><span style=\"color: #0000ff\">\u00c9TICA, <\/span><\/strong><span style=\"color: #0000ff\"><strong>NORMAS<\/strong><\/span><\/p>\n<p dir=\"ltr\">QU\u00c9 TE GUSTAR\u00cdA APRENDER EN 1\u00ba<\/p>\n<p dir=\"ltr\">Consensuamos las normas que nos van a regir para tener una buena convivencia en el cole. Van surgiendo al hablar sobre nuestro d\u00eda a d\u00eda.<\/p>\n<p dir=\"ltr\">Concretamos las tareas del <strong><span style=\"color: #0000ff\">superayudante<\/span><\/strong> de cada dia.<\/p>\n<p dir=\"ltr\">Reflexionamos sobre <strong><span style=\"color: #0000ff\">qu\u00e9 nos gustar\u00eda aprender\u00a0 en primero.\u00a0<\/span><\/strong> Las expectativas son variadas, aprender a leer\u00a0 y\u00a0 escribir, dibujar, los n\u00fameros , pero sobre todo investigar para\u00a0 conocer sobre:\u00a0 el espacio,\u00a0 c\u00f3mo se crearon las estrellas, c\u00f3mo y si porqu\u00e9 se form\u00f3 la tierra, el sol, , porqu\u00e9 se flota en la luna, porqu\u00e9 cayeron meteoritos, saber sobre el espacio, el planeta tierra, c\u00f3mo aparecieron los humanos, los dinosaurios , c\u00f3mo se crearon los bichos, los minerales , &#8230;son algunos de los intereses que tienen y esperan poder conocer este curso. \u00a1Grandes retos por delante que esperamos poder dar respuesta!<\/p>\n<p dir=\"ltr\">Cuidar, responsabilidad del grupo.<\/p>\n<p dir=\"ltr\"><img decoding=\"async\" data-attachment-id=\"38260\" data-permalink=\"https:\/\/www.alqueria.es\/blogs\/alqueriaprimerciclo\/2024\/09\/21\/nos-organizamos-en-primero\/img-20240921-wa0008\/\" data-orig-file=\"https:\/\/cloud.alqueria.es\/wp-content\/uploads\/sites\/6\/2024\/09\/IMG-20240921-WA0008.jpg\" data-orig-size=\"2048,1585\" data-comments-opened=\"1\" data-image-meta=\"{&quot;aperture&quot;:&quot;0&quot;,&quot;credit&quot;:&quot;&quot;,&quot;camera&quot;:&quot;&quot;,&quot;caption&quot;:&quot;&quot;,&quot;created_timestamp&quot;:&quot;0&quot;,&quot;copyright&quot;:&quot;&quot;,&quot;focal_length&quot;:&quot;0&quot;,&quot;iso&quot;:&quot;0&quot;,&quot;shutter_speed&quot;:&quot;0&quot;,&quot;title&quot;:&quot;&quot;,&quot;orientation&quot;:&quot;0&quot;}\" data-image-title=\"IMG-20240921-WA0008\" data-image-description=\"\" data-image-caption=\"\" data-large-file=\"https:\/\/cloud.alqueria.es\/wp-content\/uploads\/sites\/6\/2024\/09\/IMG-20240921-WA0008-1024x793.jpg\" class=\"alignnone size-large wp-image-38260\" src=\"https:\/\/cloud.alqueria.es\/wp-content\/uploads\/sites\/6\/2024\/09\/IMG-20240921-WA0008-1024x793.jpg\" alt=\"\" width=\"474\" height=\"367\" srcset=\"https:\/\/cloud.alqueria.es\/wp-content\/uploads\/sites\/6\/2024\/09\/IMG-20240921-WA0008-1024x793.jpg 1024w, https:\/\/cloud.alqueria.es\/wp-content\/uploads\/sites\/6\/2024\/09\/IMG-20240921-WA0008-300x232.jpg 300w, https:\/\/cloud.alqueria.es\/wp-content\/uploads\/sites\/6\/2024\/09\/IMG-20240921-WA0008-768x594.jpg 768w, https:\/\/cloud.alqueria.es\/wp-content\/uploads\/sites\/6\/2024\/09\/IMG-20240921-WA0008-1536x1189.jpg 1536w, https:\/\/cloud.alqueria.es\/wp-content\/uploads\/sites\/6\/2024\/09\/IMG-20240921-WA0008.jpg 2048w\" sizes=\"(max-width: 474px) 100vw, 474px\" \/>Nos organizamos, con una lista de <strong><span style=\"color: #0000ff\">superayudante<\/span><\/strong>,\u00a0 para colaborar en las tareas de cada d\u00eda, como poner la fecha en el calendario, dar de comer a los peces, sacar las botellas de agua\u2026.<img decoding=\"async\" data-attachment-id=\"38259\" data-permalink=\"https:\/\/www.alqueria.es\/blogs\/alqueriaprimerciclo\/2024\/09\/21\/nos-organizamos-en-primero\/img-20240921-wa0006\/\" data-orig-file=\"https:\/\/cloud.alqueria.es\/wp-content\/uploads\/sites\/6\/2024\/09\/IMG-20240921-WA0006.jpg\" data-orig-size=\"2000,1125\" data-comments-opened=\"1\" data-image-meta=\"{&quot;aperture&quot;:&quot;0&quot;,&quot;credit&quot;:&quot;&quot;,&quot;camera&quot;:&quot;&quot;,&quot;caption&quot;:&quot;&quot;,&quot;created_timestamp&quot;:&quot;0&quot;,&quot;copyright&quot;:&quot;&quot;,&quot;focal_length&quot;:&quot;0&quot;,&quot;iso&quot;:&quot;0&quot;,&quot;shutter_speed&quot;:&quot;0&quot;,&quot;title&quot;:&quot;&quot;,&quot;orientation&quot;:&quot;0&quot;}\" data-image-title=\"IMG-20240921-WA0006\" data-image-description=\"\" data-image-caption=\"\" data-large-file=\"https:\/\/cloud.alqueria.es\/wp-content\/uploads\/sites\/6\/2024\/09\/IMG-20240921-WA0006-1024x576.jpg\" class=\"alignnone size-large wp-image-38259\" src=\"https:\/\/cloud.alqueria.es\/wp-content\/uploads\/sites\/6\/2024\/09\/IMG-20240921-WA0006-1024x576.jpg\" alt=\"\" width=\"474\" height=\"267\" srcset=\"https:\/\/cloud.alqueria.es\/wp-content\/uploads\/sites\/6\/2024\/09\/IMG-20240921-WA0006-1024x576.jpg 1024w, https:\/\/cloud.alqueria.es\/wp-content\/uploads\/sites\/6\/2024\/09\/IMG-20240921-WA0006-300x169.jpg 300w, https:\/\/cloud.alqueria.es\/wp-content\/uploads\/sites\/6\/2024\/09\/IMG-20240921-WA0006-768x432.jpg 768w, https:\/\/cloud.alqueria.es\/wp-content\/uploads\/sites\/6\/2024\/09\/IMG-20240921-WA0006-1536x864.jpg 1536w, https:\/\/cloud.alqueria.es\/wp-content\/uploads\/sites\/6\/2024\/09\/IMG-20240921-WA0006.jpg 2000w\" sizes=\"(max-width: 474px) 100vw, 474px\" \/><\/p>\n<p dir=\"ltr\">Visitamos la <strong><span style=\"color: #0000ff\">granja<\/span><\/strong>\u00a0 para recibir a las gallinas que tambi\u00e9n se fueron de vacaciones y nos encontramos una sorpresa, la gallina nos ha guardado un huevo, por turnos nos lo llevaremos a casa para comerlo.<img decoding=\"async\" data-attachment-id=\"38251\" data-permalink=\"https:\/\/www.alqueria.es\/blogs\/alqueriaprimerciclo\/2024\/09\/21\/nos-organizamos-en-primero\/img-20240921-wa0013\/\" data-orig-file=\"https:\/\/cloud.alqueria.es\/wp-content\/uploads\/sites\/6\/2024\/09\/IMG-20240921-WA0013.jpg\" data-orig-size=\"2000,1125\" data-comments-opened=\"1\" data-image-meta=\"{&quot;aperture&quot;:&quot;0&quot;,&quot;credit&quot;:&quot;&quot;,&quot;camera&quot;:&quot;&quot;,&quot;caption&quot;:&quot;&quot;,&quot;created_timestamp&quot;:&quot;0&quot;,&quot;copyright&quot;:&quot;&quot;,&quot;focal_length&quot;:&quot;0&quot;,&quot;iso&quot;:&quot;0&quot;,&quot;shutter_speed&quot;:&quot;0&quot;,&quot;title&quot;:&quot;&quot;,&quot;orientation&quot;:&quot;0&quot;}\" data-image-title=\"IMG-20240921-WA0013\" data-image-description=\"\" data-image-caption=\"\" data-large-file=\"https:\/\/cloud.alqueria.es\/wp-content\/uploads\/sites\/6\/2024\/09\/IMG-20240921-WA0013-1024x576.jpg\" class=\"alignnone size-large wp-image-38251\" src=\"https:\/\/cloud.alqueria.es\/wp-content\/uploads\/sites\/6\/2024\/09\/IMG-20240921-WA0013-1024x576.jpg\" alt=\"\" width=\"474\" height=\"267\" srcset=\"https:\/\/cloud.alqueria.es\/wp-content\/uploads\/sites\/6\/2024\/09\/IMG-20240921-WA0013-1024x576.jpg 1024w, https:\/\/cloud.alqueria.es\/wp-content\/uploads\/sites\/6\/2024\/09\/IMG-20240921-WA0013-300x169.jpg 300w, https:\/\/cloud.alqueria.es\/wp-content\/uploads\/sites\/6\/2024\/09\/IMG-20240921-WA0013-768x432.jpg 768w, https:\/\/cloud.alqueria.es\/wp-content\/uploads\/sites\/6\/2024\/09\/IMG-20240921-WA0013-1536x864.jpg 1536w, https:\/\/cloud.alqueria.es\/wp-content\/uploads\/sites\/6\/2024\/09\/IMG-20240921-WA0013.jpg 2000w\" sizes=\"(max-width: 474px) 100vw, 474px\" \/><\/p>\n<p dir=\"ltr\">Recibimos tambi\u00e9n a dos conejos que se han querido venir con nosotros al colegio, son Rayo y Pelusa, los cuidaremos tambi\u00e9n estupendamente . Cada lunes el grupo de primerillo seremos los responsables de cuidarlos y mantener las tareas de huerto y granja que nos correspondan.<\/p>\n<p><img decoding=\"async\" data-attachment-id=\"38248\" data-permalink=\"https:\/\/www.alqueria.es\/blogs\/alqueriaprimerciclo\/2024\/09\/21\/nos-organizamos-en-primero\/img-20240921-wa0014\/\" data-orig-file=\"https:\/\/cloud.alqueria.es\/wp-content\/uploads\/sites\/6\/2024\/09\/IMG-20240921-WA0014.jpg\" data-orig-size=\"1440,2048\" data-comments-opened=\"1\" data-image-meta=\"{&quot;aperture&quot;:&quot;0&quot;,&quot;credit&quot;:&quot;&quot;,&quot;camera&quot;:&quot;&quot;,&quot;caption&quot;:&quot;&quot;,&quot;created_timestamp&quot;:&quot;0&quot;,&quot;copyright&quot;:&quot;&quot;,&quot;focal_length&quot;:&quot;0&quot;,&quot;iso&quot;:&quot;0&quot;,&quot;shutter_speed&quot;:&quot;0&quot;,&quot;title&quot;:&quot;&quot;,&quot;orientation&quot;:&quot;0&quot;}\" data-image-title=\"IMG-20240921-WA0014\" data-image-description=\"\" data-image-caption=\"\" data-large-file=\"https:\/\/cloud.alqueria.es\/wp-content\/uploads\/sites\/6\/2024\/09\/IMG-20240921-WA0014-720x1024.jpg\" class=\"alignnone size-large wp-image-38248\" src=\"https:\/\/cloud.alqueria.es\/wp-content\/uploads\/sites\/6\/2024\/09\/IMG-20240921-WA0014-720x1024.jpg\" alt=\"\" width=\"474\" height=\"674\" srcset=\"https:\/\/cloud.alqueria.es\/wp-content\/uploads\/sites\/6\/2024\/09\/IMG-20240921-WA0014-720x1024.jpg 720w, https:\/\/cloud.alqueria.es\/wp-content\/uploads\/sites\/6\/2024\/09\/IMG-20240921-WA0014-211x300.jpg 211w, https:\/\/cloud.alqueria.es\/wp-content\/uploads\/sites\/6\/2024\/09\/IMG-20240921-WA0014-768x1092.jpg 768w, https:\/\/cloud.alqueria.es\/wp-content\/uploads\/sites\/6\/2024\/09\/IMG-20240921-WA0014-1080x1536.jpg 1080w, https:\/\/cloud.alqueria.es\/wp-content\/uploads\/sites\/6\/2024\/09\/IMG-20240921-WA0014.jpg 1440w\" sizes=\"(max-width: 474px) 100vw, 474px\" \/><strong><span style=\"color: #0000ff\">ART\u00cdSTICA<\/span><\/strong>\u00a0 : AUTORRETRATO<\/p>\n<p dir=\"ltr\">Ana nos propone realizar un autorretrato, tras observarnos en el espejo, nos dibujamos teniendo en cuenta nuestras caracter\u00edsticas f\u00edsicas, a modo de fotograf\u00eda y con todos ellos componemos un poster del equipo primerillo.<\/p>\n<p dir=\"ltr\">Pod\u00e9is ver los resultados en\u00a0 el tabl\u00f3n de clase y en la entrada del blog espec\u00edfico del \u00e1rea de art\u00edstica, que recomendamos visitar peri\u00f3dicamente.<\/p>\n<p dir=\"ltr\"><strong><span style=\"color: #0000ff\">IDIOMAS<\/span><\/strong><\/p>\n<p dir=\"ltr\">Con Barbara y Ana , nuestras profes de ingl\u00e9s y\u00a0 franc\u00e9s , hemos comenzado nuestra andadura por el conocimiento de otras lenguas de forma l\u00fadica .<\/p>\n<p dir=\"ltr\">Peri\u00f3dicamente tambien nos contar\u00e1n qu\u00e9 estamos haciendo en clase a trav\u00e9s del blog de idiomas y podr\u00e1s volver a escuchar algunas actividades sobre el vocabulario especifico que se va trabajando.<\/p>\n<p dir=\"ltr\">La pr\u00f3xima semana celebramos el <strong><span style=\"color: #0000ff\">d\u00eda de las lenguas<\/span><\/strong> europeas , el viernes por la tarde disfrutaremos de una inmersi\u00f3n cultural\u00a0 gracias a la organizaci\u00f3n del departamento de idiomas en colaboraci\u00f3n con distintas familias.<\/p>\n<p dir=\"ltr\">El lunes 30 de septiembre,\u00a0 a las 16 horas, nos veremos en la reuni\u00f3n para contaros como nos hemos organizado el trabajo este curso.<\/p>\n<p dir=\"ltr\">La segunda semana ha sido bastante especial, esperamos la siguiente con ilusi\u00f3n por compartir nuestra vida en el cole.<\/p>\n<p dir=\"ltr\">Un abrazo<\/p>\n<p dir=\"ltr\">Dar\u00eda F.<\/p>\n","protected":false},"excerpt":{"rendered":"<p>Hemos completado una semana donde se han sucedido las actividades que comienzan a formar parte de nuestra vida escolar en primero. Recibimos a Rita que nos ha dado la sorpresa de volver a Alquer\u00eda HORARIO Ya tenemos nuestro horario semanal preparado , para entender todos esos cuadraditos que lo componen hemos coloreado cada \u00e1rea del &hellip; <a href=\"https:\/\/www.alqueria.es\/blogs\/alqueriaprimerciclo\/2024\/09\/21\/nos-organizamos-en-primero\/\" class=\"more-link\">Seguir leyendo <span class=\"screen-reader-text\">Nos organizamos en primero<\/span> <span class=\"meta-nav\">&rarr;<\/span><\/a><\/p>\n","protected":false},"author":12,"featured_media":0,"comment_status":"open","ping_status":"open","sticky":false,"template":"","format":"standard","meta":{"jetpack_post_was_ever_published":false,"_jetpack_newsletter_access":"","_jetpack_dont_email_post_to_subs":false,"_jetpack_newsletter_tier_id":0,"_jetpack_memberships_contains_paywalled_content":false,"_jetpack_memberships_contains_paid_content":false,"footnotes":"","jetpack_publicize_message":"","jetpack_publicize_feature_enabled":true,"jetpack_social_post_already_shared":true,"jetpack_social_options":{"image_generator_settings":{"template":"highway","default_image_id":0,"font":"","enabled":false},"version":2}},"categories":[2,8],"tags":[32,60,92],"class_list":["post-38247","post","type-post","status-publish","format-standard","hentry","category-1o-epo","category-diario-de-clase-1o","tag-alqueria","tag-primaria","tag-semanario"],"jetpack_publicize_connections":[],"jetpack_featured_media_url":"","jetpack_sharing_enabled":true,"jetpack_shortlink":"https:\/\/wp.me\/p4lvS0-9WT","_links":{"self":[{"href":"https:\/\/www.alqueria.es\/blogs\/alqueriaprimerciclo\/wp-json\/wp\/v2\/posts\/38247","targetHints":{"allow":["GET"]}}],"collection":[{"href":"https:\/\/www.alqueria.es\/blogs\/alqueriaprimerciclo\/wp-json\/wp\/v2\/posts"}],"about":[{"href":"https:\/\/www.alqueria.es\/blogs\/alqueriaprimerciclo\/wp-json\/wp\/v2\/types\/post"}],"author":[{"embeddable":true,"href":"https:\/\/www.alqueria.es\/blogs\/alqueriaprimerciclo\/wp-json\/wp\/v2\/users\/12"}],"replies":[{"embeddable":true,"href":"https:\/\/www.alqueria.es\/blogs\/alqueriaprimerciclo\/wp-json\/wp\/v2\/comments?post=38247"}],"version-history":[{"count":3,"href":"https:\/\/www.alqueria.es\/blogs\/alqueriaprimerciclo\/wp-json\/wp\/v2\/posts\/38247\/revisions"}],"predecessor-version":[{"id":38267,"href":"https:\/\/www.alqueria.es\/blogs\/alqueriaprimerciclo\/wp-json\/wp\/v2\/posts\/38247\/revisions\/38267"}],"wp:attachment":[{"href":"https:\/\/www.alqueria.es\/blogs\/alqueriaprimerciclo\/wp-json\/wp\/v2\/media?parent=38247"}],"wp:term":[{"taxonomy":"category","embeddable":true,"href":"https:\/\/www.alqueria.es\/blogs\/alqueriaprimerciclo\/wp-json\/wp\/v2\/categories?post=38247"},{"taxonomy":"post_tag","embeddable":true,"href":"https:\/\/www.alqueria.es\/blogs\/alqueriaprimerciclo\/wp-json\/wp\/v2\/tags?post=38247"}],"curies":[{"name":"wp","href":"https:\/\/api.w.org\/{rel}","templated":true}]}}