{"id":38423,"date":"2024-10-12T13:56:50","date_gmt":"2024-10-12T11:56:50","guid":{"rendered":"https:\/\/www.alqueria.es\/blogs\/alqueriaprimerciclo\/?p=38423"},"modified":"2024-10-12T14:47:11","modified_gmt":"2024-10-12T12:47:11","slug":"el-primer-ciclo-salimos-al-entorno-la-vega-de-granada","status":"publish","type":"post","link":"https:\/\/www.alqueria.es\/blogs\/alqueriaprimerciclo\/2024\/10\/12\/el-primer-ciclo-salimos-al-entorno-la-vega-de-granada\/","title":{"rendered":"El primer ciclo salimos al entorno, la Vega de Granada"},"content":{"rendered":"<p>El primer ciclo de primaria, primero y segundo, salimos al entorno de nuestro colegio, la Vega de Granada.<\/p>\n<p><img decoding=\"async\" data-attachment-id=\"38468\" data-permalink=\"https:\/\/www.alqueria.es\/blogs\/alqueriaprimerciclo\/2024\/10\/12\/el-primer-ciclo-salimos-al-entorno-la-vega-de-granada\/img-20241010-wa0004\/\" data-orig-file=\"https:\/\/cloud.alqueria.es\/wp-content\/uploads\/sites\/6\/2024\/10\/IMG-20241010-WA0004.jpg\" data-orig-size=\"1922,1027\" data-comments-opened=\"1\" data-image-meta=\"{&quot;aperture&quot;:&quot;0&quot;,&quot;credit&quot;:&quot;&quot;,&quot;camera&quot;:&quot;&quot;,&quot;caption&quot;:&quot;&quot;,&quot;created_timestamp&quot;:&quot;0&quot;,&quot;copyright&quot;:&quot;&quot;,&quot;focal_length&quot;:&quot;0&quot;,&quot;iso&quot;:&quot;0&quot;,&quot;shutter_speed&quot;:&quot;0&quot;,&quot;title&quot;:&quot;&quot;,&quot;orientation&quot;:&quot;0&quot;}\" data-image-title=\"IMG-20241010-WA0004\" data-image-description=\"\" data-image-caption=\"\" data-large-file=\"https:\/\/cloud.alqueria.es\/wp-content\/uploads\/sites\/6\/2024\/10\/IMG-20241010-WA0004-1024x547.jpg\" class=\"alignnone wp-image-38468 size-large\" src=\"https:\/\/cloud.alqueria.es\/wp-content\/uploads\/sites\/6\/2024\/10\/IMG-20241010-WA0004-1024x547.jpg\" alt=\"\" width=\"474\" height=\"253\" srcset=\"https:\/\/cloud.alqueria.es\/wp-content\/uploads\/sites\/6\/2024\/10\/IMG-20241010-WA0004-1024x547.jpg 1024w, https:\/\/cloud.alqueria.es\/wp-content\/uploads\/sites\/6\/2024\/10\/IMG-20241010-WA0004-300x160.jpg 300w, https:\/\/cloud.alqueria.es\/wp-content\/uploads\/sites\/6\/2024\/10\/IMG-20241010-WA0004-768x410.jpg 768w, https:\/\/cloud.alqueria.es\/wp-content\/uploads\/sites\/6\/2024\/10\/IMG-20241010-WA0004-1536x821.jpg 1536w, https:\/\/cloud.alqueria.es\/wp-content\/uploads\/sites\/6\/2024\/10\/IMG-20241010-WA0004.jpg 1922w\" sizes=\"(max-width: 474px) 100vw, 474px\" \/><\/p>\n<p>Ha sido muy interesante poder\u00a0 interactuar en nuestro entorno.<\/p>\n<p>Antes de\u00a0 cada salida investigamos sobre lo que vamos a visitar,\u00a0 partimos de las ideas previas\u00a0 \u00a0que tenemos entre todos y\u00a0 ampliamos informaci\u00f3n con\u00a0 nueva investigaci\u00f3n que compartimos con los dem\u00e1s en asamblea.<\/p>\n<p>Comenzamos el d\u00eda con ganas, energ\u00eda y sobre todo curiosidad. A las 10:30, cuando el sol ya nos acompa\u00f1aba, est\u00e1bamos preparados para salir a explorar la Vega.<\/p>\n<p>Las monta\u00f1as que nos rodean nos hacen mirar a lo lejos para reconocerlas: Sierra Nevada, la Alfaguara, Sierra Elvira y el peque\u00f1o Monte Vives.<\/p>\n<p>Los r\u00edos que nos bordean nos hacen mirar a media distancia: el peque\u00f1o Beiro que se acaba en el Genil.<\/p>\n<p>Los cultivos y acequias nos hacen mirar a\u00a0 corta distancia: la alfalfa, los maizales, esparraguera.<\/p>\n<p>Los \u00e1rboles nos muestran la llegada del oto\u00f1o, el viejo \u00c1lamo del duende de los deseos, nos recibe con sus hojas\u00a0 verdes y amarillas.<\/p>\n<p>En el primer tramo del camino, observamos un campo de olivos peque\u00f1os que est\u00e1n plantados por\u00a0 nuestro vecino , el Centro de Investigaci\u00f3n Agraria IFAPA.\u00a0 Mientras camin\u00e1bamos, a nuestra izquierda, nos encontramos una de las comidas favoritas de los conejos: la alfalfa,\u00a0 a continuaci\u00f3n un maizal,\u00a0 las esparragueras&#8230;\u00a1la Vega est\u00e1 llena de campos de cultivo!<\/p>\n<p>Avanzando unos metros m\u00e1s\u00a0 nos cruzamos con los primeros animales, los caballos montados por alumnos de equitaci\u00f3n en pr\u00e1cticas de otro vecino,\u00a0 el centro ecuestre Camaura.<\/p>\n<p><img decoding=\"async\" data-attachment-id=\"38453\" data-permalink=\"https:\/\/www.alqueria.es\/blogs\/alqueriaprimerciclo\/2024\/10\/12\/el-primer-ciclo-salimos-al-entorno-la-vega-de-granada\/img-20241010-wa0005\/\" data-orig-file=\"https:\/\/cloud.alqueria.es\/wp-content\/uploads\/sites\/6\/2024\/10\/IMG-20241010-WA0005.jpg\" data-orig-size=\"1992,2048\" data-comments-opened=\"1\" data-image-meta=\"{&quot;aperture&quot;:&quot;0&quot;,&quot;credit&quot;:&quot;&quot;,&quot;camera&quot;:&quot;&quot;,&quot;caption&quot;:&quot;&quot;,&quot;created_timestamp&quot;:&quot;0&quot;,&quot;copyright&quot;:&quot;&quot;,&quot;focal_length&quot;:&quot;0&quot;,&quot;iso&quot;:&quot;0&quot;,&quot;shutter_speed&quot;:&quot;0&quot;,&quot;title&quot;:&quot;&quot;,&quot;orientation&quot;:&quot;0&quot;}\" data-image-title=\"IMG-20241010-WA0005\" data-image-description=\"\" data-image-caption=\"\" data-large-file=\"https:\/\/cloud.alqueria.es\/wp-content\/uploads\/sites\/6\/2024\/10\/IMG-20241010-WA0005-996x1024.jpg\" class=\"alignnone size-large wp-image-38453\" src=\"https:\/\/cloud.alqueria.es\/wp-content\/uploads\/sites\/6\/2024\/10\/IMG-20241010-WA0005-996x1024.jpg\" alt=\"\" width=\"474\" height=\"487\" srcset=\"https:\/\/cloud.alqueria.es\/wp-content\/uploads\/sites\/6\/2024\/10\/IMG-20241010-WA0005-996x1024.jpg 996w, https:\/\/cloud.alqueria.es\/wp-content\/uploads\/sites\/6\/2024\/10\/IMG-20241010-WA0005-292x300.jpg 292w, https:\/\/cloud.alqueria.es\/wp-content\/uploads\/sites\/6\/2024\/10\/IMG-20241010-WA0005-768x790.jpg 768w, https:\/\/cloud.alqueria.es\/wp-content\/uploads\/sites\/6\/2024\/10\/IMG-20241010-WA0005-1494x1536.jpg 1494w, https:\/\/cloud.alqueria.es\/wp-content\/uploads\/sites\/6\/2024\/10\/IMG-20241010-WA0005.jpg 1992w\" sizes=\"(max-width: 474px) 100vw, 474px\" \/><\/p>\n<p>Continuamos el camino\u00a0 y la fantas\u00eda aparece al llegar al famoso y enigm\u00e1tico\u00a0 \u201c\u00c1rbol del Duende\u201d. La casa del duende nos encanta; este duende m\u00e1gico de los cumplea\u00f1os, con\u00a0 su \u00e1rbol de deseos cuyas hojas salen\u00a0 con cada uno de los deseos\u00a0 de los ni\u00f1os y de ni\u00f1as del colegio cuando cumplen a\u00f1os\u00a0 y el duende viene secretamente a visitarnos\u00a0 a Alquer\u00eda para escucharlos, pero es tan peque\u00f1o y m\u00e1gico que no lo podemos ver. Por mucho que miramos y miramos no se dej\u00f3 ver, posiblemente estaba fuera, recogiendo unos esp\u00e1rragos para comer u ocupado con alguna de sus tareas de duende; lo que s\u00ed descubrimos fueron unas setas que ten\u00eda escondidas en la puerta del tronco del \u00e1rbol.<\/p>\n<p><img decoding=\"async\" data-attachment-id=\"38440\" data-permalink=\"https:\/\/www.alqueria.es\/blogs\/alqueriaprimerciclo\/2024\/10\/12\/el-primer-ciclo-salimos-al-entorno-la-vega-de-granada\/img-20241010-wa0006\/\" data-orig-file=\"https:\/\/cloud.alqueria.es\/wp-content\/uploads\/sites\/6\/2024\/10\/IMG-20241010-WA0006.jpg\" data-orig-size=\"1125,2000\" data-comments-opened=\"1\" data-image-meta=\"{&quot;aperture&quot;:&quot;0&quot;,&quot;credit&quot;:&quot;&quot;,&quot;camera&quot;:&quot;&quot;,&quot;caption&quot;:&quot;&quot;,&quot;created_timestamp&quot;:&quot;0&quot;,&quot;copyright&quot;:&quot;&quot;,&quot;focal_length&quot;:&quot;0&quot;,&quot;iso&quot;:&quot;0&quot;,&quot;shutter_speed&quot;:&quot;0&quot;,&quot;title&quot;:&quot;&quot;,&quot;orientation&quot;:&quot;0&quot;}\" data-image-title=\"IMG-20241010-WA0006\" data-image-description=\"\" data-image-caption=\"\" data-large-file=\"https:\/\/cloud.alqueria.es\/wp-content\/uploads\/sites\/6\/2024\/10\/IMG-20241010-WA0006-576x1024.jpg\" class=\"alignnone size-large wp-image-38440\" src=\"https:\/\/cloud.alqueria.es\/wp-content\/uploads\/sites\/6\/2024\/10\/IMG-20241010-WA0006-576x1024.jpg\" alt=\"\" width=\"474\" height=\"843\" srcset=\"https:\/\/cloud.alqueria.es\/wp-content\/uploads\/sites\/6\/2024\/10\/IMG-20241010-WA0006-576x1024.jpg 576w, https:\/\/cloud.alqueria.es\/wp-content\/uploads\/sites\/6\/2024\/10\/IMG-20241010-WA0006-169x300.jpg 169w, https:\/\/cloud.alqueria.es\/wp-content\/uploads\/sites\/6\/2024\/10\/IMG-20241010-WA0006-768x1365.jpg 768w, https:\/\/cloud.alqueria.es\/wp-content\/uploads\/sites\/6\/2024\/10\/IMG-20241010-WA0006-864x1536.jpg 864w, https:\/\/cloud.alqueria.es\/wp-content\/uploads\/sites\/6\/2024\/10\/IMG-20241010-WA0006.jpg 1125w\" sizes=\"(max-width: 474px) 100vw, 474px\" \/><\/p>\n<p>Continuamos el recorrido por un campo reci\u00e9n cosechado de ma\u00edz, encontramos unas plantas muy caracter\u00edsticas con unos pinchos sobre los contamos una historia muy interesante sobre la creaci\u00f3n del velcro, a trav\u00e9s\u00a0 de la observaci\u00f3n de un cient\u00edfico muy curioso que en sus paseos por el campo siempre se le pegaban en las botas esos pinchos molestos, ahora ese material\u00a0 podemos verlo y comprobarlo en muchas de nuestras zapatillas.<img decoding=\"async\" data-attachment-id=\"38457\" data-permalink=\"https:\/\/www.alqueria.es\/blogs\/alqueriaprimerciclo\/2024\/10\/12\/el-primer-ciclo-salimos-al-entorno-la-vega-de-granada\/img-20241011-wa0026\/\" data-orig-file=\"https:\/\/cloud.alqueria.es\/wp-content\/uploads\/sites\/6\/2024\/10\/IMG-20241011-WA0026.jpg\" data-orig-size=\"1200,1600\" data-comments-opened=\"1\" data-image-meta=\"{&quot;aperture&quot;:&quot;0&quot;,&quot;credit&quot;:&quot;&quot;,&quot;camera&quot;:&quot;&quot;,&quot;caption&quot;:&quot;&quot;,&quot;created_timestamp&quot;:&quot;0&quot;,&quot;copyright&quot;:&quot;&quot;,&quot;focal_length&quot;:&quot;0&quot;,&quot;iso&quot;:&quot;0&quot;,&quot;shutter_speed&quot;:&quot;0&quot;,&quot;title&quot;:&quot;&quot;,&quot;orientation&quot;:&quot;0&quot;}\" data-image-title=\"IMG-20241011-WA0026\" data-image-description=\"\" data-image-caption=\"\" data-large-file=\"https:\/\/cloud.alqueria.es\/wp-content\/uploads\/sites\/6\/2024\/10\/IMG-20241011-WA0026-768x1024.jpg\" class=\"alignnone size-large wp-image-38457\" src=\"https:\/\/cloud.alqueria.es\/wp-content\/uploads\/sites\/6\/2024\/10\/IMG-20241011-WA0026-768x1024.jpg\" alt=\"\" width=\"474\" height=\"632\" srcset=\"https:\/\/cloud.alqueria.es\/wp-content\/uploads\/sites\/6\/2024\/10\/IMG-20241011-WA0026-768x1024.jpg 768w, https:\/\/cloud.alqueria.es\/wp-content\/uploads\/sites\/6\/2024\/10\/IMG-20241011-WA0026-225x300.jpg 225w, https:\/\/cloud.alqueria.es\/wp-content\/uploads\/sites\/6\/2024\/10\/IMG-20241011-WA0026-1152x1536.jpg 1152w, https:\/\/cloud.alqueria.es\/wp-content\/uploads\/sites\/6\/2024\/10\/IMG-20241011-WA0026.jpg 1200w\" sizes=\"(max-width: 474px) 100vw, 474px\" \/><\/p>\n<p>En mitad del camino y en una zona abierta rodeados por el r\u00edo Genil,\u00a0 con la desembocadura del r\u00edo Beiro, hicimos una parada para tomar la fruta en un bonito lugar donde convergen\u00a0 los dos r\u00edos. Estaba minado de hormigueros con distintas especies de hormigas afanadas en su trabajo de recolectar alimentos antes de la llegada de las lluvias. \u00a1 Esto nos di\u00f3 para mucha investigaci\u00f3n.!<\/p>\n<p><img decoding=\"async\" data-attachment-id=\"38445\" data-permalink=\"https:\/\/www.alqueria.es\/blogs\/alqueriaprimerciclo\/2024\/10\/12\/el-primer-ciclo-salimos-al-entorno-la-vega-de-granada\/img-20241010-wa0027\/\" data-orig-file=\"https:\/\/cloud.alqueria.es\/wp-content\/uploads\/sites\/6\/2024\/10\/IMG-20241010-WA0027.jpg\" data-orig-size=\"2000,1125\" data-comments-opened=\"1\" data-image-meta=\"{&quot;aperture&quot;:&quot;0&quot;,&quot;credit&quot;:&quot;&quot;,&quot;camera&quot;:&quot;&quot;,&quot;caption&quot;:&quot;&quot;,&quot;created_timestamp&quot;:&quot;0&quot;,&quot;copyright&quot;:&quot;&quot;,&quot;focal_length&quot;:&quot;0&quot;,&quot;iso&quot;:&quot;0&quot;,&quot;shutter_speed&quot;:&quot;0&quot;,&quot;title&quot;:&quot;&quot;,&quot;orientation&quot;:&quot;0&quot;}\" data-image-title=\"IMG-20241010-WA0027\" data-image-description=\"\" data-image-caption=\"\" data-large-file=\"https:\/\/cloud.alqueria.es\/wp-content\/uploads\/sites\/6\/2024\/10\/IMG-20241010-WA0027-1024x576.jpg\" class=\"alignnone size-large wp-image-38445\" src=\"https:\/\/cloud.alqueria.es\/wp-content\/uploads\/sites\/6\/2024\/10\/IMG-20241010-WA0027-1024x576.jpg\" alt=\"\" width=\"474\" height=\"267\" srcset=\"https:\/\/cloud.alqueria.es\/wp-content\/uploads\/sites\/6\/2024\/10\/IMG-20241010-WA0027-1024x576.jpg 1024w, https:\/\/cloud.alqueria.es\/wp-content\/uploads\/sites\/6\/2024\/10\/IMG-20241010-WA0027-300x169.jpg 300w, https:\/\/cloud.alqueria.es\/wp-content\/uploads\/sites\/6\/2024\/10\/IMG-20241010-WA0027-768x432.jpg 768w, https:\/\/cloud.alqueria.es\/wp-content\/uploads\/sites\/6\/2024\/10\/IMG-20241010-WA0027-1536x864.jpg 1536w, https:\/\/cloud.alqueria.es\/wp-content\/uploads\/sites\/6\/2024\/10\/IMG-20241010-WA0027.jpg 2000w\" sizes=\"(max-width: 474px) 100vw, 474px\" \/><\/p>\n<p>Sentados, desayunando y disfrutando del paisaje, vimos patos que nadaban\u00a0 en el r\u00edo y volaban e junto a nosotros.<\/p>\n<p>El d\u00eda acompa\u00f1\u00f3; hac\u00eda un sol espl\u00e9ndido, cielo azul y una temperatura muy agradable; por lo que despu\u00e9s de comer manzana y pan, exploramos, jugamos y nos divertimos mientras aprend\u00edamos juntos. Un grupo decidi\u00f3 analizar hormigas, otro las formas de los \u00e1rboles\u2026 hasta un \u00abb\u00faho camuflado en un \u00e1rbol \u00bb encontramos, con los ojos rojos como zapateros. \u00bf Lo puedes ver?<img decoding=\"async\" data-attachment-id=\"38444\" data-permalink=\"https:\/\/www.alqueria.es\/blogs\/alqueriaprimerciclo\/2024\/10\/12\/el-primer-ciclo-salimos-al-entorno-la-vega-de-granada\/img-20241010-wa0028\/\" data-orig-file=\"https:\/\/cloud.alqueria.es\/wp-content\/uploads\/sites\/6\/2024\/10\/IMG-20241010-WA0028.jpg\" data-orig-size=\"1125,2000\" data-comments-opened=\"1\" data-image-meta=\"{&quot;aperture&quot;:&quot;0&quot;,&quot;credit&quot;:&quot;&quot;,&quot;camera&quot;:&quot;&quot;,&quot;caption&quot;:&quot;&quot;,&quot;created_timestamp&quot;:&quot;0&quot;,&quot;copyright&quot;:&quot;&quot;,&quot;focal_length&quot;:&quot;0&quot;,&quot;iso&quot;:&quot;0&quot;,&quot;shutter_speed&quot;:&quot;0&quot;,&quot;title&quot;:&quot;&quot;,&quot;orientation&quot;:&quot;0&quot;}\" data-image-title=\"IMG-20241010-WA0028\" data-image-description=\"\" data-image-caption=\"\" data-large-file=\"https:\/\/cloud.alqueria.es\/wp-content\/uploads\/sites\/6\/2024\/10\/IMG-20241010-WA0028-576x1024.jpg\" class=\"alignnone size-large wp-image-38444\" src=\"https:\/\/cloud.alqueria.es\/wp-content\/uploads\/sites\/6\/2024\/10\/IMG-20241010-WA0028-576x1024.jpg\" alt=\"\" width=\"474\" height=\"843\" srcset=\"https:\/\/cloud.alqueria.es\/wp-content\/uploads\/sites\/6\/2024\/10\/IMG-20241010-WA0028-576x1024.jpg 576w, https:\/\/cloud.alqueria.es\/wp-content\/uploads\/sites\/6\/2024\/10\/IMG-20241010-WA0028-169x300.jpg 169w, https:\/\/cloud.alqueria.es\/wp-content\/uploads\/sites\/6\/2024\/10\/IMG-20241010-WA0028-768x1365.jpg 768w, https:\/\/cloud.alqueria.es\/wp-content\/uploads\/sites\/6\/2024\/10\/IMG-20241010-WA0028-864x1536.jpg 864w, https:\/\/cloud.alqueria.es\/wp-content\/uploads\/sites\/6\/2024\/10\/IMG-20241010-WA0028.jpg 1125w\" sizes=\"(max-width: 474px) 100vw, 474px\" \/><\/p>\n<p>Adem\u00e1s, nos surgi\u00f3 una peque\u00f1a aventura antes de volver,\u00a0 una\u00a0 chaqueta cay\u00f3 cerca del r\u00edo y Ana para poder\u00a0 recogerla\u00a0 tuvo que pasar por un camino de pinchos de los que hab\u00edamos hablado antes. fue una misi\u00f3n un poquito dif\u00edcil pero con la ayuda y los \u00e1nimos de todos se consigui\u00f3, por lo que la recordaremos como una an\u00e9cdota divertida.<\/p>\n<p><img decoding=\"async\" data-attachment-id=\"38436\" data-permalink=\"https:\/\/www.alqueria.es\/blogs\/alqueriaprimerciclo\/2024\/10\/12\/el-primer-ciclo-salimos-al-entorno-la-vega-de-granada\/img-20241010-wa0019\/\" data-orig-file=\"https:\/\/cloud.alqueria.es\/wp-content\/uploads\/sites\/6\/2024\/10\/IMG-20241010-WA0019.jpg\" data-orig-size=\"1125,1670\" data-comments-opened=\"1\" data-image-meta=\"{&quot;aperture&quot;:&quot;0&quot;,&quot;credit&quot;:&quot;&quot;,&quot;camera&quot;:&quot;&quot;,&quot;caption&quot;:&quot;&quot;,&quot;created_timestamp&quot;:&quot;0&quot;,&quot;copyright&quot;:&quot;&quot;,&quot;focal_length&quot;:&quot;0&quot;,&quot;iso&quot;:&quot;0&quot;,&quot;shutter_speed&quot;:&quot;0&quot;,&quot;title&quot;:&quot;&quot;,&quot;orientation&quot;:&quot;0&quot;}\" data-image-title=\"IMG-20241010-WA0019\" data-image-description=\"\" data-image-caption=\"\" data-large-file=\"https:\/\/cloud.alqueria.es\/wp-content\/uploads\/sites\/6\/2024\/10\/IMG-20241010-WA0019-690x1024.jpg\" class=\"alignnone size-large wp-image-38436\" src=\"https:\/\/cloud.alqueria.es\/wp-content\/uploads\/sites\/6\/2024\/10\/IMG-20241010-WA0019-690x1024.jpg\" alt=\"\" width=\"474\" height=\"703\" srcset=\"https:\/\/cloud.alqueria.es\/wp-content\/uploads\/sites\/6\/2024\/10\/IMG-20241010-WA0019-690x1024.jpg 690w, https:\/\/cloud.alqueria.es\/wp-content\/uploads\/sites\/6\/2024\/10\/IMG-20241010-WA0019-202x300.jpg 202w, https:\/\/cloud.alqueria.es\/wp-content\/uploads\/sites\/6\/2024\/10\/IMG-20241010-WA0019-768x1140.jpg 768w, https:\/\/cloud.alqueria.es\/wp-content\/uploads\/sites\/6\/2024\/10\/IMG-20241010-WA0019-1035x1536.jpg 1035w, https:\/\/cloud.alqueria.es\/wp-content\/uploads\/sites\/6\/2024\/10\/IMG-20241010-WA0019.jpg 1125w\" sizes=\"(max-width: 474px) 100vw, 474px\" \/><\/p>\n<p>Continuamos la ruta para acercarnos ya al colegio caminando al lado del r\u00edo, nos acercamos a los grandes cultivos de ma\u00edz para coger una mazorca y llevarla al cole; cuando, para nuestra sorpresa, no pudimos continuar por ese camino, la acequia llevaba tant\u00edsima agua que no se pod\u00eda cruzar por lo que buscamos una ruta alternativa para volver.<\/p>\n<p>Una vez en el colegio,\u00a0 nos reunimos en el jard\u00edn y\u00a0 compartimos nuestra experiencia. Y\u2026 pusimos rumbo al comedor, \u00a1se hab\u00eda\u00a0 despertado el apetito\u00a0 con la ma\u00f1ana campestre disfrutada!<\/p>\n<div data-carousel-extra='{&quot;blog_id&quot;:6,&quot;permalink&quot;:&quot;https:\/\/www.alqueria.es\/blogs\/alqueriaprimerciclo\/2024\/10\/12\/el-primer-ciclo-salimos-al-entorno-la-vega-de-granada\/&quot;}' id='gallery-1' class='gallery galleryid-38423 gallery-columns-3 gallery-size-thumbnail'><figure class='gallery-item'>\n\t\t\t<div class='gallery-icon portrait'>\n\t\t\t\t<a href='https:\/\/www.alqueria.es\/blogs\/alqueriaprimerciclo\/2024\/10\/12\/el-primer-ciclo-salimos-al-entorno-la-vega-de-granada\/img-20241010-wa0008\/'><img decoding=\"async\" width=\"150\" height=\"150\" src=\"https:\/\/cloud.alqueria.es\/wp-content\/uploads\/sites\/6\/2024\/10\/IMG-20241010-WA0008-150x150.jpg\" class=\"attachment-thumbnail size-thumbnail\" alt=\"\" data-attachment-id=\"38425\" data-permalink=\"https:\/\/www.alqueria.es\/blogs\/alqueriaprimerciclo\/2024\/10\/12\/el-primer-ciclo-salimos-al-entorno-la-vega-de-granada\/img-20241010-wa0008\/\" data-orig-file=\"https:\/\/cloud.alqueria.es\/wp-content\/uploads\/sites\/6\/2024\/10\/IMG-20241010-WA0008.jpg\" data-orig-size=\"1125,2000\" data-comments-opened=\"1\" data-image-meta=\"{&quot;aperture&quot;:&quot;0&quot;,&quot;credit&quot;:&quot;&quot;,&quot;camera&quot;:&quot;&quot;,&quot;caption&quot;:&quot;&quot;,&quot;created_timestamp&quot;:&quot;0&quot;,&quot;copyright&quot;:&quot;&quot;,&quot;focal_length&quot;:&quot;0&quot;,&quot;iso&quot;:&quot;0&quot;,&quot;shutter_speed&quot;:&quot;0&quot;,&quot;title&quot;:&quot;&quot;,&quot;orientation&quot;:&quot;0&quot;}\" data-image-title=\"IMG-20241010-WA0008\" data-image-description=\"\" data-image-caption=\"\" data-large-file=\"https:\/\/cloud.alqueria.es\/wp-content\/uploads\/sites\/6\/2024\/10\/IMG-20241010-WA0008-576x1024.jpg\" \/><\/a>\n\t\t\t<\/div><\/figure><figure class='gallery-item'>\n\t\t\t<div class='gallery-icon portrait'>\n\t\t\t\t<a href='https:\/\/www.alqueria.es\/blogs\/alqueriaprimerciclo\/2024\/10\/12\/el-primer-ciclo-salimos-al-entorno-la-vega-de-granada\/img-20241010-wa0006\/'><img decoding=\"async\" width=\"150\" height=\"150\" src=\"https:\/\/cloud.alqueria.es\/wp-content\/uploads\/sites\/6\/2024\/10\/IMG-20241010-WA0006-150x150.jpg\" class=\"attachment-thumbnail size-thumbnail\" alt=\"\" data-attachment-id=\"38440\" data-permalink=\"https:\/\/www.alqueria.es\/blogs\/alqueriaprimerciclo\/2024\/10\/12\/el-primer-ciclo-salimos-al-entorno-la-vega-de-granada\/img-20241010-wa0006\/\" data-orig-file=\"https:\/\/cloud.alqueria.es\/wp-content\/uploads\/sites\/6\/2024\/10\/IMG-20241010-WA0006.jpg\" data-orig-size=\"1125,2000\" data-comments-opened=\"1\" data-image-meta=\"{&quot;aperture&quot;:&quot;0&quot;,&quot;credit&quot;:&quot;&quot;,&quot;camera&quot;:&quot;&quot;,&quot;caption&quot;:&quot;&quot;,&quot;created_timestamp&quot;:&quot;0&quot;,&quot;copyright&quot;:&quot;&quot;,&quot;focal_length&quot;:&quot;0&quot;,&quot;iso&quot;:&quot;0&quot;,&quot;shutter_speed&quot;:&quot;0&quot;,&quot;title&quot;:&quot;&quot;,&quot;orientation&quot;:&quot;0&quot;}\" data-image-title=\"IMG-20241010-WA0006\" data-image-description=\"\" data-image-caption=\"\" data-large-file=\"https:\/\/cloud.alqueria.es\/wp-content\/uploads\/sites\/6\/2024\/10\/IMG-20241010-WA0006-576x1024.jpg\" \/><\/a>\n\t\t\t<\/div><\/figure><figure class='gallery-item'>\n\t\t\t<div class='gallery-icon landscape'>\n\t\t\t\t<a href='https:\/\/www.alqueria.es\/blogs\/alqueriaprimerciclo\/2024\/10\/12\/el-primer-ciclo-salimos-al-entorno-la-vega-de-granada\/img-20241011-wa0004\/'><img decoding=\"async\" width=\"150\" height=\"150\" src=\"https:\/\/cloud.alqueria.es\/wp-content\/uploads\/sites\/6\/2024\/10\/IMG-20241011-WA0004-150x150.jpg\" class=\"attachment-thumbnail size-thumbnail\" alt=\"\" data-attachment-id=\"38456\" data-permalink=\"https:\/\/www.alqueria.es\/blogs\/alqueriaprimerciclo\/2024\/10\/12\/el-primer-ciclo-salimos-al-entorno-la-vega-de-granada\/img-20241011-wa0004\/\" data-orig-file=\"https:\/\/cloud.alqueria.es\/wp-content\/uploads\/sites\/6\/2024\/10\/IMG-20241011-WA0004.jpg\" data-orig-size=\"1600,1200\" data-comments-opened=\"1\" data-image-meta=\"{&quot;aperture&quot;:&quot;0&quot;,&quot;credit&quot;:&quot;&quot;,&quot;camera&quot;:&quot;&quot;,&quot;caption&quot;:&quot;&quot;,&quot;created_timestamp&quot;:&quot;0&quot;,&quot;copyright&quot;:&quot;&quot;,&quot;focal_length&quot;:&quot;0&quot;,&quot;iso&quot;:&quot;0&quot;,&quot;shutter_speed&quot;:&quot;0&quot;,&quot;title&quot;:&quot;&quot;,&quot;orientation&quot;:&quot;0&quot;}\" data-image-title=\"IMG-20241011-WA0004\" data-image-description=\"\" data-image-caption=\"\" data-large-file=\"https:\/\/cloud.alqueria.es\/wp-content\/uploads\/sites\/6\/2024\/10\/IMG-20241011-WA0004-1024x768.jpg\" \/><\/a>\n\t\t\t<\/div><\/figure><figure class='gallery-item'>\n\t\t\t<div class='gallery-icon landscape'>\n\t\t\t\t<a href='https:\/\/www.alqueria.es\/blogs\/alqueriaprimerciclo\/2024\/10\/12\/el-primer-ciclo-salimos-al-entorno-la-vega-de-granada\/img-20241010-wa0007\/'><img decoding=\"async\" width=\"150\" height=\"150\" src=\"https:\/\/cloud.alqueria.es\/wp-content\/uploads\/sites\/6\/2024\/10\/IMG-20241010-WA0007-150x150.jpg\" class=\"attachment-thumbnail size-thumbnail\" alt=\"\" data-attachment-id=\"38439\" data-permalink=\"https:\/\/www.alqueria.es\/blogs\/alqueriaprimerciclo\/2024\/10\/12\/el-primer-ciclo-salimos-al-entorno-la-vega-de-granada\/img-20241010-wa0007\/\" data-orig-file=\"https:\/\/cloud.alqueria.es\/wp-content\/uploads\/sites\/6\/2024\/10\/IMG-20241010-WA0007.jpg\" data-orig-size=\"2000,1125\" data-comments-opened=\"1\" data-image-meta=\"{&quot;aperture&quot;:&quot;0&quot;,&quot;credit&quot;:&quot;&quot;,&quot;camera&quot;:&quot;&quot;,&quot;caption&quot;:&quot;&quot;,&quot;created_timestamp&quot;:&quot;0&quot;,&quot;copyright&quot;:&quot;&quot;,&quot;focal_length&quot;:&quot;0&quot;,&quot;iso&quot;:&quot;0&quot;,&quot;shutter_speed&quot;:&quot;0&quot;,&quot;title&quot;:&quot;&quot;,&quot;orientation&quot;:&quot;0&quot;}\" data-image-title=\"IMG-20241010-WA0007\" data-image-description=\"\" data-image-caption=\"\" data-large-file=\"https:\/\/cloud.alqueria.es\/wp-content\/uploads\/sites\/6\/2024\/10\/IMG-20241010-WA0007-1024x576.jpg\" \/><\/a>\n\t\t\t<\/div><\/figure><figure class='gallery-item'>\n\t\t\t<div class='gallery-icon portrait'>\n\t\t\t\t<a href='https:\/\/www.alqueria.es\/blogs\/alqueriaprimerciclo\/2024\/10\/12\/el-primer-ciclo-salimos-al-entorno-la-vega-de-granada\/img-20241010-wa0009\/'><img decoding=\"async\" width=\"150\" height=\"150\" src=\"https:\/\/cloud.alqueria.es\/wp-content\/uploads\/sites\/6\/2024\/10\/IMG-20241010-WA0009-150x150.jpg\" class=\"attachment-thumbnail size-thumbnail\" alt=\"\" data-attachment-id=\"38441\" data-permalink=\"https:\/\/www.alqueria.es\/blogs\/alqueriaprimerciclo\/2024\/10\/12\/el-primer-ciclo-salimos-al-entorno-la-vega-de-granada\/img-20241010-wa0009\/\" data-orig-file=\"https:\/\/cloud.alqueria.es\/wp-content\/uploads\/sites\/6\/2024\/10\/IMG-20241010-WA0009.jpg\" data-orig-size=\"1125,2000\" data-comments-opened=\"1\" data-image-meta=\"{&quot;aperture&quot;:&quot;0&quot;,&quot;credit&quot;:&quot;&quot;,&quot;camera&quot;:&quot;&quot;,&quot;caption&quot;:&quot;&quot;,&quot;created_timestamp&quot;:&quot;0&quot;,&quot;copyright&quot;:&quot;&quot;,&quot;focal_length&quot;:&quot;0&quot;,&quot;iso&quot;:&quot;0&quot;,&quot;shutter_speed&quot;:&quot;0&quot;,&quot;title&quot;:&quot;&quot;,&quot;orientation&quot;:&quot;0&quot;}\" data-image-title=\"IMG-20241010-WA0009\" data-image-description=\"\" data-image-caption=\"\" data-large-file=\"https:\/\/cloud.alqueria.es\/wp-content\/uploads\/sites\/6\/2024\/10\/IMG-20241010-WA0009-576x1024.jpg\" \/><\/a>\n\t\t\t<\/div><\/figure><figure class='gallery-item'>\n\t\t\t<div class='gallery-icon portrait'>\n\t\t\t\t<a href='https:\/\/www.alqueria.es\/blogs\/alqueriaprimerciclo\/2024\/10\/12\/el-primer-ciclo-salimos-al-entorno-la-vega-de-granada\/img-20241011-wa0018\/'><img decoding=\"async\" width=\"150\" height=\"150\" src=\"https:\/\/cloud.alqueria.es\/wp-content\/uploads\/sites\/6\/2024\/10\/IMG-20241011-WA0018-150x150.jpg\" class=\"attachment-thumbnail size-thumbnail\" alt=\"\" data-attachment-id=\"38466\" data-permalink=\"https:\/\/www.alqueria.es\/blogs\/alqueriaprimerciclo\/2024\/10\/12\/el-primer-ciclo-salimos-al-entorno-la-vega-de-granada\/img-20241011-wa0018\/\" data-orig-file=\"https:\/\/cloud.alqueria.es\/wp-content\/uploads\/sites\/6\/2024\/10\/IMG-20241011-WA0018.jpg\" data-orig-size=\"1200,1600\" data-comments-opened=\"1\" data-image-meta=\"{&quot;aperture&quot;:&quot;0&quot;,&quot;credit&quot;:&quot;&quot;,&quot;camera&quot;:&quot;&quot;,&quot;caption&quot;:&quot;&quot;,&quot;created_timestamp&quot;:&quot;0&quot;,&quot;copyright&quot;:&quot;&quot;,&quot;focal_length&quot;:&quot;0&quot;,&quot;iso&quot;:&quot;0&quot;,&quot;shutter_speed&quot;:&quot;0&quot;,&quot;title&quot;:&quot;&quot;,&quot;orientation&quot;:&quot;0&quot;}\" data-image-title=\"IMG-20241011-WA0018\" data-image-description=\"\" data-image-caption=\"\" data-large-file=\"https:\/\/cloud.alqueria.es\/wp-content\/uploads\/sites\/6\/2024\/10\/IMG-20241011-WA0018-768x1024.jpg\" \/><\/a>\n\t\t\t<\/div><\/figure><figure class='gallery-item'>\n\t\t\t<div class='gallery-icon landscape'>\n\t\t\t\t<a href='https:\/\/www.alqueria.es\/blogs\/alqueriaprimerciclo\/2024\/10\/12\/el-primer-ciclo-salimos-al-entorno-la-vega-de-granada\/img-20241010-wa00121\/'><img decoding=\"async\" width=\"150\" height=\"150\" src=\"https:\/\/cloud.alqueria.es\/wp-content\/uploads\/sites\/6\/2024\/10\/IMG-20241010-WA00121-150x150.jpg\" class=\"attachment-thumbnail size-thumbnail\" alt=\"\" data-attachment-id=\"38443\" data-permalink=\"https:\/\/www.alqueria.es\/blogs\/alqueriaprimerciclo\/2024\/10\/12\/el-primer-ciclo-salimos-al-entorno-la-vega-de-granada\/img-20241010-wa00121\/\" data-orig-file=\"https:\/\/cloud.alqueria.es\/wp-content\/uploads\/sites\/6\/2024\/10\/IMG-20241010-WA00121.jpg\" data-orig-size=\"2000,1125\" data-comments-opened=\"1\" data-image-meta=\"{&quot;aperture&quot;:&quot;0&quot;,&quot;credit&quot;:&quot;&quot;,&quot;camera&quot;:&quot;&quot;,&quot;caption&quot;:&quot;&quot;,&quot;created_timestamp&quot;:&quot;0&quot;,&quot;copyright&quot;:&quot;&quot;,&quot;focal_length&quot;:&quot;0&quot;,&quot;iso&quot;:&quot;0&quot;,&quot;shutter_speed&quot;:&quot;0&quot;,&quot;title&quot;:&quot;&quot;,&quot;orientation&quot;:&quot;0&quot;}\" data-image-title=\"IMG-20241010-WA0012(1)\" data-image-description=\"\" data-image-caption=\"\" data-large-file=\"https:\/\/cloud.alqueria.es\/wp-content\/uploads\/sites\/6\/2024\/10\/IMG-20241010-WA00121-1024x576.jpg\" \/><\/a>\n\t\t\t<\/div><\/figure><figure class='gallery-item'>\n\t\t\t<div class='gallery-icon landscape'>\n\t\t\t\t<a href='https:\/\/www.alqueria.es\/blogs\/alqueriaprimerciclo\/2024\/10\/12\/el-primer-ciclo-salimos-al-entorno-la-vega-de-granada\/img-20241010-wa00101\/'><img decoding=\"async\" width=\"150\" height=\"150\" src=\"https:\/\/cloud.alqueria.es\/wp-content\/uploads\/sites\/6\/2024\/10\/IMG-20241010-WA00101-150x150.jpg\" class=\"attachment-thumbnail size-thumbnail\" alt=\"\" data-attachment-id=\"38427\" data-permalink=\"https:\/\/www.alqueria.es\/blogs\/alqueriaprimerciclo\/2024\/10\/12\/el-primer-ciclo-salimos-al-entorno-la-vega-de-granada\/img-20241010-wa00101\/\" data-orig-file=\"https:\/\/cloud.alqueria.es\/wp-content\/uploads\/sites\/6\/2024\/10\/IMG-20241010-WA00101.jpg\" data-orig-size=\"1983,707\" data-comments-opened=\"1\" data-image-meta=\"{&quot;aperture&quot;:&quot;0&quot;,&quot;credit&quot;:&quot;&quot;,&quot;camera&quot;:&quot;&quot;,&quot;caption&quot;:&quot;&quot;,&quot;created_timestamp&quot;:&quot;0&quot;,&quot;copyright&quot;:&quot;&quot;,&quot;focal_length&quot;:&quot;0&quot;,&quot;iso&quot;:&quot;0&quot;,&quot;shutter_speed&quot;:&quot;0&quot;,&quot;title&quot;:&quot;&quot;,&quot;orientation&quot;:&quot;0&quot;}\" data-image-title=\"IMG-20241010-WA0010(1)\" data-image-description=\"\" data-image-caption=\"\" data-large-file=\"https:\/\/cloud.alqueria.es\/wp-content\/uploads\/sites\/6\/2024\/10\/IMG-20241010-WA00101-1024x365.jpg\" \/><\/a>\n\t\t\t<\/div><\/figure><figure class='gallery-item'>\n\t\t\t<div class='gallery-icon landscape'>\n\t\t\t\t<a href='https:\/\/www.alqueria.es\/blogs\/alqueriaprimerciclo\/2024\/10\/12\/el-primer-ciclo-salimos-al-entorno-la-vega-de-granada\/img-20241010-wa00111\/'><img decoding=\"async\" width=\"150\" height=\"150\" src=\"https:\/\/cloud.alqueria.es\/wp-content\/uploads\/sites\/6\/2024\/10\/IMG-20241010-WA00111-150x150.jpg\" class=\"attachment-thumbnail size-thumbnail\" alt=\"\" data-attachment-id=\"38426\" data-permalink=\"https:\/\/www.alqueria.es\/blogs\/alqueriaprimerciclo\/2024\/10\/12\/el-primer-ciclo-salimos-al-entorno-la-vega-de-granada\/img-20241010-wa00111\/\" data-orig-file=\"https:\/\/cloud.alqueria.es\/wp-content\/uploads\/sites\/6\/2024\/10\/IMG-20241010-WA00111.jpg\" data-orig-size=\"2000,1125\" data-comments-opened=\"1\" data-image-meta=\"{&quot;aperture&quot;:&quot;0&quot;,&quot;credit&quot;:&quot;&quot;,&quot;camera&quot;:&quot;&quot;,&quot;caption&quot;:&quot;&quot;,&quot;created_timestamp&quot;:&quot;0&quot;,&quot;copyright&quot;:&quot;&quot;,&quot;focal_length&quot;:&quot;0&quot;,&quot;iso&quot;:&quot;0&quot;,&quot;shutter_speed&quot;:&quot;0&quot;,&quot;title&quot;:&quot;&quot;,&quot;orientation&quot;:&quot;0&quot;}\" data-image-title=\"IMG-20241010-WA0011(1)\" data-image-description=\"\" data-image-caption=\"\" data-large-file=\"https:\/\/cloud.alqueria.es\/wp-content\/uploads\/sites\/6\/2024\/10\/IMG-20241010-WA00111-1024x576.jpg\" \/><\/a>\n\t\t\t<\/div><\/figure><figure class='gallery-item'>\n\t\t\t<div class='gallery-icon landscape'>\n\t\t\t\t<a href='https:\/\/www.alqueria.es\/blogs\/alqueriaprimerciclo\/2024\/10\/12\/el-primer-ciclo-salimos-al-entorno-la-vega-de-granada\/img-20241010-wa0023\/'><img decoding=\"async\" width=\"150\" height=\"150\" src=\"https:\/\/cloud.alqueria.es\/wp-content\/uploads\/sites\/6\/2024\/10\/IMG-20241010-WA0023-150x150.jpg\" class=\"attachment-thumbnail size-thumbnail\" alt=\"\" data-attachment-id=\"38431\" data-permalink=\"https:\/\/www.alqueria.es\/blogs\/alqueriaprimerciclo\/2024\/10\/12\/el-primer-ciclo-salimos-al-entorno-la-vega-de-granada\/img-20241010-wa0023\/\" data-orig-file=\"https:\/\/cloud.alqueria.es\/wp-content\/uploads\/sites\/6\/2024\/10\/IMG-20241010-WA0023.jpg\" data-orig-size=\"2000,1125\" data-comments-opened=\"1\" data-image-meta=\"{&quot;aperture&quot;:&quot;0&quot;,&quot;credit&quot;:&quot;&quot;,&quot;camera&quot;:&quot;&quot;,&quot;caption&quot;:&quot;&quot;,&quot;created_timestamp&quot;:&quot;0&quot;,&quot;copyright&quot;:&quot;&quot;,&quot;focal_length&quot;:&quot;0&quot;,&quot;iso&quot;:&quot;0&quot;,&quot;shutter_speed&quot;:&quot;0&quot;,&quot;title&quot;:&quot;&quot;,&quot;orientation&quot;:&quot;0&quot;}\" data-image-title=\"IMG-20241010-WA0023\" data-image-description=\"\" data-image-caption=\"\" data-large-file=\"https:\/\/cloud.alqueria.es\/wp-content\/uploads\/sites\/6\/2024\/10\/IMG-20241010-WA0023-1024x576.jpg\" \/><\/a>\n\t\t\t<\/div><\/figure><figure class='gallery-item'>\n\t\t\t<div class='gallery-icon landscape'>\n\t\t\t\t<a href='https:\/\/www.alqueria.es\/blogs\/alqueriaprimerciclo\/2024\/10\/12\/el-primer-ciclo-salimos-al-entorno-la-vega-de-granada\/img-20241010-wa0024\/'><img decoding=\"async\" width=\"150\" height=\"150\" src=\"https:\/\/cloud.alqueria.es\/wp-content\/uploads\/sites\/6\/2024\/10\/IMG-20241010-WA0024-150x150.jpg\" class=\"attachment-thumbnail size-thumbnail\" alt=\"\" data-attachment-id=\"38432\" data-permalink=\"https:\/\/www.alqueria.es\/blogs\/alqueriaprimerciclo\/2024\/10\/12\/el-primer-ciclo-salimos-al-entorno-la-vega-de-granada\/img-20241010-wa0024\/\" data-orig-file=\"https:\/\/cloud.alqueria.es\/wp-content\/uploads\/sites\/6\/2024\/10\/IMG-20241010-WA0024.jpg\" data-orig-size=\"1728,1125\" data-comments-opened=\"1\" data-image-meta=\"{&quot;aperture&quot;:&quot;0&quot;,&quot;credit&quot;:&quot;&quot;,&quot;camera&quot;:&quot;&quot;,&quot;caption&quot;:&quot;&quot;,&quot;created_timestamp&quot;:&quot;0&quot;,&quot;copyright&quot;:&quot;&quot;,&quot;focal_length&quot;:&quot;0&quot;,&quot;iso&quot;:&quot;0&quot;,&quot;shutter_speed&quot;:&quot;0&quot;,&quot;title&quot;:&quot;&quot;,&quot;orientation&quot;:&quot;0&quot;}\" data-image-title=\"IMG-20241010-WA0024\" data-image-description=\"\" data-image-caption=\"\" data-large-file=\"https:\/\/cloud.alqueria.es\/wp-content\/uploads\/sites\/6\/2024\/10\/IMG-20241010-WA0024-1024x667.jpg\" \/><\/a>\n\t\t\t<\/div><\/figure><figure class='gallery-item'>\n\t\t\t<div class='gallery-icon portrait'>\n\t\t\t\t<a href='https:\/\/www.alqueria.es\/blogs\/alqueriaprimerciclo\/2024\/10\/12\/el-primer-ciclo-salimos-al-entorno-la-vega-de-granada\/img-20241010-wa0029\/'><img decoding=\"async\" width=\"150\" height=\"150\" src=\"https:\/\/cloud.alqueria.es\/wp-content\/uploads\/sites\/6\/2024\/10\/IMG-20241010-WA0029-150x150.jpg\" class=\"attachment-thumbnail size-thumbnail\" alt=\"\" data-attachment-id=\"38428\" data-permalink=\"https:\/\/www.alqueria.es\/blogs\/alqueriaprimerciclo\/2024\/10\/12\/el-primer-ciclo-salimos-al-entorno-la-vega-de-granada\/img-20241010-wa0029\/\" data-orig-file=\"https:\/\/cloud.alqueria.es\/wp-content\/uploads\/sites\/6\/2024\/10\/IMG-20241010-WA0029.jpg\" data-orig-size=\"1125,2000\" data-comments-opened=\"1\" data-image-meta=\"{&quot;aperture&quot;:&quot;0&quot;,&quot;credit&quot;:&quot;&quot;,&quot;camera&quot;:&quot;&quot;,&quot;caption&quot;:&quot;&quot;,&quot;created_timestamp&quot;:&quot;0&quot;,&quot;copyright&quot;:&quot;&quot;,&quot;focal_length&quot;:&quot;0&quot;,&quot;iso&quot;:&quot;0&quot;,&quot;shutter_speed&quot;:&quot;0&quot;,&quot;title&quot;:&quot;&quot;,&quot;orientation&quot;:&quot;0&quot;}\" data-image-title=\"IMG-20241010-WA0029\" data-image-description=\"\" data-image-caption=\"\" data-large-file=\"https:\/\/cloud.alqueria.es\/wp-content\/uploads\/sites\/6\/2024\/10\/IMG-20241010-WA0029-576x1024.jpg\" \/><\/a>\n\t\t\t<\/div><\/figure><figure class='gallery-item'>\n\t\t\t<div class='gallery-icon portrait'>\n\t\t\t\t<a href='https:\/\/www.alqueria.es\/blogs\/alqueriaprimerciclo\/2024\/10\/12\/el-primer-ciclo-salimos-al-entorno-la-vega-de-granada\/img-20241010-wa00131\/'><img decoding=\"async\" width=\"150\" height=\"150\" src=\"https:\/\/cloud.alqueria.es\/wp-content\/uploads\/sites\/6\/2024\/10\/IMG-20241010-WA00131-150x150.jpg\" class=\"attachment-thumbnail size-thumbnail\" alt=\"\" data-attachment-id=\"38429\" data-permalink=\"https:\/\/www.alqueria.es\/blogs\/alqueriaprimerciclo\/2024\/10\/12\/el-primer-ciclo-salimos-al-entorno-la-vega-de-granada\/img-20241010-wa00131\/\" data-orig-file=\"https:\/\/cloud.alqueria.es\/wp-content\/uploads\/sites\/6\/2024\/10\/IMG-20241010-WA00131.jpg\" data-orig-size=\"1125,2000\" data-comments-opened=\"1\" data-image-meta=\"{&quot;aperture&quot;:&quot;0&quot;,&quot;credit&quot;:&quot;&quot;,&quot;camera&quot;:&quot;&quot;,&quot;caption&quot;:&quot;&quot;,&quot;created_timestamp&quot;:&quot;0&quot;,&quot;copyright&quot;:&quot;&quot;,&quot;focal_length&quot;:&quot;0&quot;,&quot;iso&quot;:&quot;0&quot;,&quot;shutter_speed&quot;:&quot;0&quot;,&quot;title&quot;:&quot;&quot;,&quot;orientation&quot;:&quot;0&quot;}\" data-image-title=\"IMG-20241010-WA0013(1)\" data-image-description=\"\" data-image-caption=\"\" data-large-file=\"https:\/\/cloud.alqueria.es\/wp-content\/uploads\/sites\/6\/2024\/10\/IMG-20241010-WA00131-576x1024.jpg\" \/><\/a>\n\t\t\t<\/div><\/figure><figure class='gallery-item'>\n\t\t\t<div class='gallery-icon landscape'>\n\t\t\t\t<a href='https:\/\/www.alqueria.es\/blogs\/alqueriaprimerciclo\/2024\/10\/12\/el-primer-ciclo-salimos-al-entorno-la-vega-de-granada\/img-20241010-wa0017\/'><img decoding=\"async\" width=\"150\" height=\"150\" src=\"https:\/\/cloud.alqueria.es\/wp-content\/uploads\/sites\/6\/2024\/10\/IMG-20241010-WA0017-150x150.jpg\" class=\"attachment-thumbnail size-thumbnail\" alt=\"\" data-attachment-id=\"38435\" data-permalink=\"https:\/\/www.alqueria.es\/blogs\/alqueriaprimerciclo\/2024\/10\/12\/el-primer-ciclo-salimos-al-entorno-la-vega-de-granada\/img-20241010-wa0017\/\" data-orig-file=\"https:\/\/cloud.alqueria.es\/wp-content\/uploads\/sites\/6\/2024\/10\/IMG-20241010-WA0017.jpg\" data-orig-size=\"2000,1125\" data-comments-opened=\"1\" data-image-meta=\"{&quot;aperture&quot;:&quot;0&quot;,&quot;credit&quot;:&quot;&quot;,&quot;camera&quot;:&quot;&quot;,&quot;caption&quot;:&quot;&quot;,&quot;created_timestamp&quot;:&quot;0&quot;,&quot;copyright&quot;:&quot;&quot;,&quot;focal_length&quot;:&quot;0&quot;,&quot;iso&quot;:&quot;0&quot;,&quot;shutter_speed&quot;:&quot;0&quot;,&quot;title&quot;:&quot;&quot;,&quot;orientation&quot;:&quot;0&quot;}\" data-image-title=\"IMG-20241010-WA0017\" data-image-description=\"\" data-image-caption=\"\" data-large-file=\"https:\/\/cloud.alqueria.es\/wp-content\/uploads\/sites\/6\/2024\/10\/IMG-20241010-WA0017-1024x576.jpg\" \/><\/a>\n\t\t\t<\/div><\/figure><figure class='gallery-item'>\n\t\t\t<div class='gallery-icon portrait'>\n\t\t\t\t<a href='https:\/\/www.alqueria.es\/blogs\/alqueriaprimerciclo\/2024\/10\/12\/el-primer-ciclo-salimos-al-entorno-la-vega-de-granada\/img-20241010-wa0020\/'><img decoding=\"async\" width=\"150\" height=\"150\" src=\"https:\/\/cloud.alqueria.es\/wp-content\/uploads\/sites\/6\/2024\/10\/IMG-20241010-WA0020-150x150.jpg\" class=\"attachment-thumbnail size-thumbnail\" alt=\"\" data-attachment-id=\"38433\" data-permalink=\"https:\/\/www.alqueria.es\/blogs\/alqueriaprimerciclo\/2024\/10\/12\/el-primer-ciclo-salimos-al-entorno-la-vega-de-granada\/img-20241010-wa0020\/\" data-orig-file=\"https:\/\/cloud.alqueria.es\/wp-content\/uploads\/sites\/6\/2024\/10\/IMG-20241010-WA0020.jpg\" data-orig-size=\"1125,2000\" data-comments-opened=\"1\" data-image-meta=\"{&quot;aperture&quot;:&quot;0&quot;,&quot;credit&quot;:&quot;&quot;,&quot;camera&quot;:&quot;&quot;,&quot;caption&quot;:&quot;&quot;,&quot;created_timestamp&quot;:&quot;0&quot;,&quot;copyright&quot;:&quot;&quot;,&quot;focal_length&quot;:&quot;0&quot;,&quot;iso&quot;:&quot;0&quot;,&quot;shutter_speed&quot;:&quot;0&quot;,&quot;title&quot;:&quot;&quot;,&quot;orientation&quot;:&quot;0&quot;}\" data-image-title=\"IMG-20241010-WA0020\" data-image-description=\"\" data-image-caption=\"\" data-large-file=\"https:\/\/cloud.alqueria.es\/wp-content\/uploads\/sites\/6\/2024\/10\/IMG-20241010-WA0020-576x1024.jpg\" \/><\/a>\n\t\t\t<\/div><\/figure><figure class='gallery-item'>\n\t\t\t<div class='gallery-icon landscape'>\n\t\t\t\t<a href='https:\/\/www.alqueria.es\/blogs\/alqueriaprimerciclo\/2024\/10\/12\/el-primer-ciclo-salimos-al-entorno-la-vega-de-granada\/img-20241010-wa0025\/'><img decoding=\"async\" width=\"150\" height=\"150\" src=\"https:\/\/cloud.alqueria.es\/wp-content\/uploads\/sites\/6\/2024\/10\/IMG-20241010-WA0025-150x150.jpg\" class=\"attachment-thumbnail size-thumbnail\" alt=\"\" data-attachment-id=\"38430\" data-permalink=\"https:\/\/www.alqueria.es\/blogs\/alqueriaprimerciclo\/2024\/10\/12\/el-primer-ciclo-salimos-al-entorno-la-vega-de-granada\/img-20241010-wa0025\/\" data-orig-file=\"https:\/\/cloud.alqueria.es\/wp-content\/uploads\/sites\/6\/2024\/10\/IMG-20241010-WA0025.jpg\" data-orig-size=\"2000,1125\" data-comments-opened=\"1\" data-image-meta=\"{&quot;aperture&quot;:&quot;0&quot;,&quot;credit&quot;:&quot;&quot;,&quot;camera&quot;:&quot;&quot;,&quot;caption&quot;:&quot;&quot;,&quot;created_timestamp&quot;:&quot;0&quot;,&quot;copyright&quot;:&quot;&quot;,&quot;focal_length&quot;:&quot;0&quot;,&quot;iso&quot;:&quot;0&quot;,&quot;shutter_speed&quot;:&quot;0&quot;,&quot;title&quot;:&quot;&quot;,&quot;orientation&quot;:&quot;0&quot;}\" data-image-title=\"IMG-20241010-WA0025\" data-image-description=\"\" data-image-caption=\"\" data-large-file=\"https:\/\/cloud.alqueria.es\/wp-content\/uploads\/sites\/6\/2024\/10\/IMG-20241010-WA0025-1024x576.jpg\" \/><\/a>\n\t\t\t<\/div><\/figure><figure class='gallery-item'>\n\t\t\t<div class='gallery-icon portrait'>\n\t\t\t\t<a href='https:\/\/www.alqueria.es\/blogs\/alqueriaprimerciclo\/2024\/10\/12\/el-primer-ciclo-salimos-al-entorno-la-vega-de-granada\/img-20241010-wa0030\/'><img decoding=\"async\" width=\"150\" height=\"150\" src=\"https:\/\/cloud.alqueria.es\/wp-content\/uploads\/sites\/6\/2024\/10\/IMG-20241010-WA0030-150x150.jpg\" class=\"attachment-thumbnail size-thumbnail\" alt=\"\" data-attachment-id=\"38442\" data-permalink=\"https:\/\/www.alqueria.es\/blogs\/alqueriaprimerciclo\/2024\/10\/12\/el-primer-ciclo-salimos-al-entorno-la-vega-de-granada\/img-20241010-wa0030\/\" data-orig-file=\"https:\/\/cloud.alqueria.es\/wp-content\/uploads\/sites\/6\/2024\/10\/IMG-20241010-WA0030.jpg\" data-orig-size=\"1125,2000\" data-comments-opened=\"1\" data-image-meta=\"{&quot;aperture&quot;:&quot;0&quot;,&quot;credit&quot;:&quot;&quot;,&quot;camera&quot;:&quot;&quot;,&quot;caption&quot;:&quot;&quot;,&quot;created_timestamp&quot;:&quot;0&quot;,&quot;copyright&quot;:&quot;&quot;,&quot;focal_length&quot;:&quot;0&quot;,&quot;iso&quot;:&quot;0&quot;,&quot;shutter_speed&quot;:&quot;0&quot;,&quot;title&quot;:&quot;&quot;,&quot;orientation&quot;:&quot;0&quot;}\" data-image-title=\"IMG-20241010-WA0030\" data-image-description=\"\" data-image-caption=\"\" data-large-file=\"https:\/\/cloud.alqueria.es\/wp-content\/uploads\/sites\/6\/2024\/10\/IMG-20241010-WA0030-576x1024.jpg\" \/><\/a>\n\t\t\t<\/div><\/figure><figure class='gallery-item'>\n\t\t\t<div class='gallery-icon landscape'>\n\t\t\t\t<a href='https:\/\/www.alqueria.es\/blogs\/alqueriaprimerciclo\/2024\/10\/12\/el-primer-ciclo-salimos-al-entorno-la-vega-de-granada\/img-20241010-wa0021\/'><img decoding=\"async\" width=\"150\" height=\"150\" src=\"https:\/\/cloud.alqueria.es\/wp-content\/uploads\/sites\/6\/2024\/10\/IMG-20241010-WA0021-150x150.jpg\" class=\"attachment-thumbnail size-thumbnail\" alt=\"\" data-attachment-id=\"38446\" data-permalink=\"https:\/\/www.alqueria.es\/blogs\/alqueriaprimerciclo\/2024\/10\/12\/el-primer-ciclo-salimos-al-entorno-la-vega-de-granada\/img-20241010-wa0021\/\" data-orig-file=\"https:\/\/cloud.alqueria.es\/wp-content\/uploads\/sites\/6\/2024\/10\/IMG-20241010-WA0021.jpg\" data-orig-size=\"2000,1125\" data-comments-opened=\"1\" data-image-meta=\"{&quot;aperture&quot;:&quot;0&quot;,&quot;credit&quot;:&quot;&quot;,&quot;camera&quot;:&quot;&quot;,&quot;caption&quot;:&quot;&quot;,&quot;created_timestamp&quot;:&quot;0&quot;,&quot;copyright&quot;:&quot;&quot;,&quot;focal_length&quot;:&quot;0&quot;,&quot;iso&quot;:&quot;0&quot;,&quot;shutter_speed&quot;:&quot;0&quot;,&quot;title&quot;:&quot;&quot;,&quot;orientation&quot;:&quot;0&quot;}\" data-image-title=\"IMG-20241010-WA0021\" data-image-description=\"\" data-image-caption=\"\" data-large-file=\"https:\/\/cloud.alqueria.es\/wp-content\/uploads\/sites\/6\/2024\/10\/IMG-20241010-WA0021-1024x576.jpg\" \/><\/a>\n\t\t\t<\/div><\/figure><figure class='gallery-item'>\n\t\t\t<div class='gallery-icon landscape'>\n\t\t\t\t<a href='https:\/\/www.alqueria.es\/blogs\/alqueriaprimerciclo\/2024\/10\/12\/el-primer-ciclo-salimos-al-entorno-la-vega-de-granada\/img-20241010-wa0027\/'><img decoding=\"async\" width=\"150\" height=\"150\" src=\"https:\/\/cloud.alqueria.es\/wp-content\/uploads\/sites\/6\/2024\/10\/IMG-20241010-WA0027-150x150.jpg\" class=\"attachment-thumbnail size-thumbnail\" alt=\"\" data-attachment-id=\"38445\" data-permalink=\"https:\/\/www.alqueria.es\/blogs\/alqueriaprimerciclo\/2024\/10\/12\/el-primer-ciclo-salimos-al-entorno-la-vega-de-granada\/img-20241010-wa0027\/\" data-orig-file=\"https:\/\/cloud.alqueria.es\/wp-content\/uploads\/sites\/6\/2024\/10\/IMG-20241010-WA0027.jpg\" data-orig-size=\"2000,1125\" data-comments-opened=\"1\" data-image-meta=\"{&quot;aperture&quot;:&quot;0&quot;,&quot;credit&quot;:&quot;&quot;,&quot;camera&quot;:&quot;&quot;,&quot;caption&quot;:&quot;&quot;,&quot;created_timestamp&quot;:&quot;0&quot;,&quot;copyright&quot;:&quot;&quot;,&quot;focal_length&quot;:&quot;0&quot;,&quot;iso&quot;:&quot;0&quot;,&quot;shutter_speed&quot;:&quot;0&quot;,&quot;title&quot;:&quot;&quot;,&quot;orientation&quot;:&quot;0&quot;}\" data-image-title=\"IMG-20241010-WA0027\" data-image-description=\"\" data-image-caption=\"\" data-large-file=\"https:\/\/cloud.alqueria.es\/wp-content\/uploads\/sites\/6\/2024\/10\/IMG-20241010-WA0027-1024x576.jpg\" \/><\/a>\n\t\t\t<\/div><\/figure><figure class='gallery-item'>\n\t\t\t<div class='gallery-icon portrait'>\n\t\t\t\t<a href='https:\/\/www.alqueria.es\/blogs\/alqueriaprimerciclo\/2024\/10\/12\/el-primer-ciclo-salimos-al-entorno-la-vega-de-granada\/img-20241011-wa0027\/'><img decoding=\"async\" width=\"150\" height=\"150\" src=\"https:\/\/cloud.alqueria.es\/wp-content\/uploads\/sites\/6\/2024\/10\/IMG-20241011-WA0027-150x150.jpg\" class=\"attachment-thumbnail size-thumbnail\" alt=\"\" data-attachment-id=\"38459\" data-permalink=\"https:\/\/www.alqueria.es\/blogs\/alqueriaprimerciclo\/2024\/10\/12\/el-primer-ciclo-salimos-al-entorno-la-vega-de-granada\/img-20241011-wa0027\/\" data-orig-file=\"https:\/\/cloud.alqueria.es\/wp-content\/uploads\/sites\/6\/2024\/10\/IMG-20241011-WA0027.jpg\" data-orig-size=\"1200,1600\" data-comments-opened=\"1\" data-image-meta=\"{&quot;aperture&quot;:&quot;0&quot;,&quot;credit&quot;:&quot;&quot;,&quot;camera&quot;:&quot;&quot;,&quot;caption&quot;:&quot;&quot;,&quot;created_timestamp&quot;:&quot;0&quot;,&quot;copyright&quot;:&quot;&quot;,&quot;focal_length&quot;:&quot;0&quot;,&quot;iso&quot;:&quot;0&quot;,&quot;shutter_speed&quot;:&quot;0&quot;,&quot;title&quot;:&quot;&quot;,&quot;orientation&quot;:&quot;0&quot;}\" data-image-title=\"IMG-20241011-WA0027\" data-image-description=\"\" data-image-caption=\"\" data-large-file=\"https:\/\/cloud.alqueria.es\/wp-content\/uploads\/sites\/6\/2024\/10\/IMG-20241011-WA0027-768x1024.jpg\" \/><\/a>\n\t\t\t<\/div><\/figure><figure class='gallery-item'>\n\t\t\t<div class='gallery-icon landscape'>\n\t\t\t\t<a href='https:\/\/www.alqueria.es\/blogs\/alqueriaprimerciclo\/2024\/10\/12\/el-primer-ciclo-salimos-al-entorno-la-vega-de-granada\/img-20241010-wa0018\/'><img decoding=\"async\" width=\"150\" height=\"150\" src=\"https:\/\/cloud.alqueria.es\/wp-content\/uploads\/sites\/6\/2024\/10\/IMG-20241010-WA0018-150x150.jpg\" class=\"attachment-thumbnail size-thumbnail\" alt=\"\" data-attachment-id=\"38448\" data-permalink=\"https:\/\/www.alqueria.es\/blogs\/alqueriaprimerciclo\/2024\/10\/12\/el-primer-ciclo-salimos-al-entorno-la-vega-de-granada\/img-20241010-wa0018\/\" data-orig-file=\"https:\/\/cloud.alqueria.es\/wp-content\/uploads\/sites\/6\/2024\/10\/IMG-20241010-WA0018.jpg\" data-orig-size=\"2000,1125\" data-comments-opened=\"1\" data-image-meta=\"{&quot;aperture&quot;:&quot;0&quot;,&quot;credit&quot;:&quot;&quot;,&quot;camera&quot;:&quot;&quot;,&quot;caption&quot;:&quot;&quot;,&quot;created_timestamp&quot;:&quot;0&quot;,&quot;copyright&quot;:&quot;&quot;,&quot;focal_length&quot;:&quot;0&quot;,&quot;iso&quot;:&quot;0&quot;,&quot;shutter_speed&quot;:&quot;0&quot;,&quot;title&quot;:&quot;&quot;,&quot;orientation&quot;:&quot;0&quot;}\" data-image-title=\"IMG-20241010-WA0018\" data-image-description=\"\" data-image-caption=\"\" data-large-file=\"https:\/\/cloud.alqueria.es\/wp-content\/uploads\/sites\/6\/2024\/10\/IMG-20241010-WA0018-1024x576.jpg\" \/><\/a>\n\t\t\t<\/div><\/figure><figure class='gallery-item'>\n\t\t\t<div class='gallery-icon portrait'>\n\t\t\t\t<a href='https:\/\/www.alqueria.es\/blogs\/alqueriaprimerciclo\/2024\/10\/12\/el-primer-ciclo-salimos-al-entorno-la-vega-de-granada\/img-20241010-wa0022\/'><img decoding=\"async\" width=\"150\" height=\"150\" src=\"https:\/\/cloud.alqueria.es\/wp-content\/uploads\/sites\/6\/2024\/10\/IMG-20241010-WA0022-150x150.jpg\" class=\"attachment-thumbnail size-thumbnail\" alt=\"\" data-attachment-id=\"38449\" data-permalink=\"https:\/\/www.alqueria.es\/blogs\/alqueriaprimerciclo\/2024\/10\/12\/el-primer-ciclo-salimos-al-entorno-la-vega-de-granada\/img-20241010-wa0022\/\" data-orig-file=\"https:\/\/cloud.alqueria.es\/wp-content\/uploads\/sites\/6\/2024\/10\/IMG-20241010-WA0022.jpg\" data-orig-size=\"1125,2000\" data-comments-opened=\"1\" data-image-meta=\"{&quot;aperture&quot;:&quot;0&quot;,&quot;credit&quot;:&quot;&quot;,&quot;camera&quot;:&quot;&quot;,&quot;caption&quot;:&quot;&quot;,&quot;created_timestamp&quot;:&quot;0&quot;,&quot;copyright&quot;:&quot;&quot;,&quot;focal_length&quot;:&quot;0&quot;,&quot;iso&quot;:&quot;0&quot;,&quot;shutter_speed&quot;:&quot;0&quot;,&quot;title&quot;:&quot;&quot;,&quot;orientation&quot;:&quot;0&quot;}\" data-image-title=\"IMG-20241010-WA0022\" data-image-description=\"\" data-image-caption=\"\" data-large-file=\"https:\/\/cloud.alqueria.es\/wp-content\/uploads\/sites\/6\/2024\/10\/IMG-20241010-WA0022-576x1024.jpg\" \/><\/a>\n\t\t\t<\/div><\/figure><figure class='gallery-item'>\n\t\t\t<div class='gallery-icon landscape'>\n\t\t\t\t<a href='https:\/\/www.alqueria.es\/blogs\/alqueriaprimerciclo\/2024\/10\/12\/el-primer-ciclo-salimos-al-entorno-la-vega-de-granada\/img-20241011-wa0034\/'><img decoding=\"async\" width=\"150\" height=\"150\" src=\"https:\/\/cloud.alqueria.es\/wp-content\/uploads\/sites\/6\/2024\/10\/IMG-20241011-WA0034-150x150.jpg\" class=\"attachment-thumbnail size-thumbnail\" alt=\"\" data-attachment-id=\"38465\" data-permalink=\"https:\/\/www.alqueria.es\/blogs\/alqueriaprimerciclo\/2024\/10\/12\/el-primer-ciclo-salimos-al-entorno-la-vega-de-granada\/img-20241011-wa0034\/\" data-orig-file=\"https:\/\/cloud.alqueria.es\/wp-content\/uploads\/sites\/6\/2024\/10\/IMG-20241011-WA0034.jpg\" data-orig-size=\"1600,1200\" data-comments-opened=\"1\" data-image-meta=\"{&quot;aperture&quot;:&quot;0&quot;,&quot;credit&quot;:&quot;&quot;,&quot;camera&quot;:&quot;&quot;,&quot;caption&quot;:&quot;&quot;,&quot;created_timestamp&quot;:&quot;0&quot;,&quot;copyright&quot;:&quot;&quot;,&quot;focal_length&quot;:&quot;0&quot;,&quot;iso&quot;:&quot;0&quot;,&quot;shutter_speed&quot;:&quot;0&quot;,&quot;title&quot;:&quot;&quot;,&quot;orientation&quot;:&quot;0&quot;}\" data-image-title=\"IMG-20241011-WA0034\" data-image-description=\"\" data-image-caption=\"\" data-large-file=\"https:\/\/cloud.alqueria.es\/wp-content\/uploads\/sites\/6\/2024\/10\/IMG-20241011-WA0034-1024x768.jpg\" \/><\/a>\n\t\t\t<\/div><\/figure><figure class='gallery-item'>\n\t\t\t<div class='gallery-icon portrait'>\n\t\t\t\t<a href='https:\/\/www.alqueria.es\/blogs\/alqueriaprimerciclo\/2024\/10\/12\/el-primer-ciclo-salimos-al-entorno-la-vega-de-granada\/img-20241011-wa0010\/'><img decoding=\"async\" width=\"150\" height=\"150\" src=\"https:\/\/cloud.alqueria.es\/wp-content\/uploads\/sites\/6\/2024\/10\/IMG-20241011-WA0010-150x150.jpg\" class=\"attachment-thumbnail size-thumbnail\" alt=\"\" data-attachment-id=\"38458\" data-permalink=\"https:\/\/www.alqueria.es\/blogs\/alqueriaprimerciclo\/2024\/10\/12\/el-primer-ciclo-salimos-al-entorno-la-vega-de-granada\/img-20241011-wa0010\/\" data-orig-file=\"https:\/\/cloud.alqueria.es\/wp-content\/uploads\/sites\/6\/2024\/10\/IMG-20241011-WA0010.jpg\" data-orig-size=\"1200,1600\" data-comments-opened=\"1\" data-image-meta=\"{&quot;aperture&quot;:&quot;0&quot;,&quot;credit&quot;:&quot;&quot;,&quot;camera&quot;:&quot;&quot;,&quot;caption&quot;:&quot;&quot;,&quot;created_timestamp&quot;:&quot;0&quot;,&quot;copyright&quot;:&quot;&quot;,&quot;focal_length&quot;:&quot;0&quot;,&quot;iso&quot;:&quot;0&quot;,&quot;shutter_speed&quot;:&quot;0&quot;,&quot;title&quot;:&quot;&quot;,&quot;orientation&quot;:&quot;0&quot;}\" data-image-title=\"IMG-20241011-WA0010\" data-image-description=\"\" data-image-caption=\"\" data-large-file=\"https:\/\/cloud.alqueria.es\/wp-content\/uploads\/sites\/6\/2024\/10\/IMG-20241011-WA0010-768x1024.jpg\" \/><\/a>\n\t\t\t<\/div><\/figure><figure class='gallery-item'>\n\t\t\t<div class='gallery-icon portrait'>\n\t\t\t\t<a href='https:\/\/www.alqueria.es\/blogs\/alqueriaprimerciclo\/2024\/10\/12\/el-primer-ciclo-salimos-al-entorno-la-vega-de-granada\/img-20241011-wa0017\/'><img decoding=\"async\" width=\"150\" height=\"150\" src=\"https:\/\/cloud.alqueria.es\/wp-content\/uploads\/sites\/6\/2024\/10\/IMG-20241011-WA0017-150x150.jpg\" class=\"attachment-thumbnail size-thumbnail\" alt=\"\" data-attachment-id=\"38464\" data-permalink=\"https:\/\/www.alqueria.es\/blogs\/alqueriaprimerciclo\/2024\/10\/12\/el-primer-ciclo-salimos-al-entorno-la-vega-de-granada\/img-20241011-wa0017\/\" data-orig-file=\"https:\/\/cloud.alqueria.es\/wp-content\/uploads\/sites\/6\/2024\/10\/IMG-20241011-WA0017.jpg\" data-orig-size=\"1200,1600\" data-comments-opened=\"1\" data-image-meta=\"{&quot;aperture&quot;:&quot;0&quot;,&quot;credit&quot;:&quot;&quot;,&quot;camera&quot;:&quot;&quot;,&quot;caption&quot;:&quot;&quot;,&quot;created_timestamp&quot;:&quot;0&quot;,&quot;copyright&quot;:&quot;&quot;,&quot;focal_length&quot;:&quot;0&quot;,&quot;iso&quot;:&quot;0&quot;,&quot;shutter_speed&quot;:&quot;0&quot;,&quot;title&quot;:&quot;&quot;,&quot;orientation&quot;:&quot;0&quot;}\" data-image-title=\"IMG-20241011-WA0017\" data-image-description=\"\" data-image-caption=\"\" data-large-file=\"https:\/\/cloud.alqueria.es\/wp-content\/uploads\/sites\/6\/2024\/10\/IMG-20241011-WA0017-768x1024.jpg\" \/><\/a>\n\t\t\t<\/div><\/figure><figure class='gallery-item'>\n\t\t\t<div class='gallery-icon portrait'>\n\t\t\t\t<a href='https:\/\/www.alqueria.es\/blogs\/alqueriaprimerciclo\/2024\/10\/12\/el-primer-ciclo-salimos-al-entorno-la-vega-de-granada\/img-20241011-wa0024\/'><img decoding=\"async\" width=\"150\" height=\"150\" src=\"https:\/\/cloud.alqueria.es\/wp-content\/uploads\/sites\/6\/2024\/10\/IMG-20241011-WA0024-150x150.jpg\" class=\"attachment-thumbnail size-thumbnail\" alt=\"\" data-attachment-id=\"38463\" data-permalink=\"https:\/\/www.alqueria.es\/blogs\/alqueriaprimerciclo\/2024\/10\/12\/el-primer-ciclo-salimos-al-entorno-la-vega-de-granada\/img-20241011-wa0024\/\" data-orig-file=\"https:\/\/cloud.alqueria.es\/wp-content\/uploads\/sites\/6\/2024\/10\/IMG-20241011-WA0024.jpg\" data-orig-size=\"1200,1600\" data-comments-opened=\"1\" data-image-meta=\"{&quot;aperture&quot;:&quot;0&quot;,&quot;credit&quot;:&quot;&quot;,&quot;camera&quot;:&quot;&quot;,&quot;caption&quot;:&quot;&quot;,&quot;created_timestamp&quot;:&quot;0&quot;,&quot;copyright&quot;:&quot;&quot;,&quot;focal_length&quot;:&quot;0&quot;,&quot;iso&quot;:&quot;0&quot;,&quot;shutter_speed&quot;:&quot;0&quot;,&quot;title&quot;:&quot;&quot;,&quot;orientation&quot;:&quot;0&quot;}\" data-image-title=\"IMG-20241011-WA0024\" data-image-description=\"\" data-image-caption=\"\" data-large-file=\"https:\/\/cloud.alqueria.es\/wp-content\/uploads\/sites\/6\/2024\/10\/IMG-20241011-WA0024-768x1024.jpg\" \/><\/a>\n\t\t\t<\/div><\/figure><figure class='gallery-item'>\n\t\t\t<div class='gallery-icon portrait'>\n\t\t\t\t<a href='https:\/\/www.alqueria.es\/blogs\/alqueriaprimerciclo\/2024\/10\/12\/el-primer-ciclo-salimos-al-entorno-la-vega-de-granada\/img-20241010-wa0026\/'><img decoding=\"async\" width=\"150\" height=\"150\" src=\"https:\/\/cloud.alqueria.es\/wp-content\/uploads\/sites\/6\/2024\/10\/IMG-20241010-WA0026-150x150.jpg\" class=\"attachment-thumbnail size-thumbnail\" alt=\"\" data-attachment-id=\"38447\" data-permalink=\"https:\/\/www.alqueria.es\/blogs\/alqueriaprimerciclo\/2024\/10\/12\/el-primer-ciclo-salimos-al-entorno-la-vega-de-granada\/img-20241010-wa0026\/\" data-orig-file=\"https:\/\/cloud.alqueria.es\/wp-content\/uploads\/sites\/6\/2024\/10\/IMG-20241010-WA0026.jpg\" data-orig-size=\"1814,2048\" data-comments-opened=\"1\" data-image-meta=\"{&quot;aperture&quot;:&quot;0&quot;,&quot;credit&quot;:&quot;&quot;,&quot;camera&quot;:&quot;&quot;,&quot;caption&quot;:&quot;&quot;,&quot;created_timestamp&quot;:&quot;0&quot;,&quot;copyright&quot;:&quot;&quot;,&quot;focal_length&quot;:&quot;0&quot;,&quot;iso&quot;:&quot;0&quot;,&quot;shutter_speed&quot;:&quot;0&quot;,&quot;title&quot;:&quot;&quot;,&quot;orientation&quot;:&quot;0&quot;}\" data-image-title=\"IMG-20241010-WA0026\" data-image-description=\"\" data-image-caption=\"\" data-large-file=\"https:\/\/cloud.alqueria.es\/wp-content\/uploads\/sites\/6\/2024\/10\/IMG-20241010-WA0026-907x1024.jpg\" \/><\/a>\n\t\t\t<\/div><\/figure><figure class='gallery-item'>\n\t\t\t<div class='gallery-icon portrait'>\n\t\t\t\t<a href='https:\/\/www.alqueria.es\/blogs\/alqueriaprimerciclo\/2024\/10\/12\/el-primer-ciclo-salimos-al-entorno-la-vega-de-granada\/img-20241010-wa0019\/'><img decoding=\"async\" width=\"150\" height=\"150\" src=\"https:\/\/cloud.alqueria.es\/wp-content\/uploads\/sites\/6\/2024\/10\/IMG-20241010-WA0019-150x150.jpg\" class=\"attachment-thumbnail size-thumbnail\" alt=\"\" data-attachment-id=\"38436\" data-permalink=\"https:\/\/www.alqueria.es\/blogs\/alqueriaprimerciclo\/2024\/10\/12\/el-primer-ciclo-salimos-al-entorno-la-vega-de-granada\/img-20241010-wa0019\/\" data-orig-file=\"https:\/\/cloud.alqueria.es\/wp-content\/uploads\/sites\/6\/2024\/10\/IMG-20241010-WA0019.jpg\" data-orig-size=\"1125,1670\" data-comments-opened=\"1\" data-image-meta=\"{&quot;aperture&quot;:&quot;0&quot;,&quot;credit&quot;:&quot;&quot;,&quot;camera&quot;:&quot;&quot;,&quot;caption&quot;:&quot;&quot;,&quot;created_timestamp&quot;:&quot;0&quot;,&quot;copyright&quot;:&quot;&quot;,&quot;focal_length&quot;:&quot;0&quot;,&quot;iso&quot;:&quot;0&quot;,&quot;shutter_speed&quot;:&quot;0&quot;,&quot;title&quot;:&quot;&quot;,&quot;orientation&quot;:&quot;0&quot;}\" data-image-title=\"IMG-20241010-WA0019\" data-image-description=\"\" data-image-caption=\"\" data-large-file=\"https:\/\/cloud.alqueria.es\/wp-content\/uploads\/sites\/6\/2024\/10\/IMG-20241010-WA0019-690x1024.jpg\" \/><\/a>\n\t\t\t<\/div><\/figure><figure class='gallery-item'>\n\t\t\t<div class='gallery-icon landscape'>\n\t\t\t\t<a href='https:\/\/www.alqueria.es\/blogs\/alqueriaprimerciclo\/2024\/10\/12\/el-primer-ciclo-salimos-al-entorno-la-vega-de-granada\/img-20241010-wa0016\/'><img decoding=\"async\" width=\"150\" height=\"150\" src=\"https:\/\/cloud.alqueria.es\/wp-content\/uploads\/sites\/6\/2024\/10\/IMG-20241010-WA0016-150x150.jpg\" class=\"attachment-thumbnail size-thumbnail\" alt=\"\" data-attachment-id=\"38434\" data-permalink=\"https:\/\/www.alqueria.es\/blogs\/alqueriaprimerciclo\/2024\/10\/12\/el-primer-ciclo-salimos-al-entorno-la-vega-de-granada\/img-20241010-wa0016\/\" data-orig-file=\"https:\/\/cloud.alqueria.es\/wp-content\/uploads\/sites\/6\/2024\/10\/IMG-20241010-WA0016.jpg\" data-orig-size=\"2000,1125\" data-comments-opened=\"1\" data-image-meta=\"{&quot;aperture&quot;:&quot;0&quot;,&quot;credit&quot;:&quot;&quot;,&quot;camera&quot;:&quot;&quot;,&quot;caption&quot;:&quot;&quot;,&quot;created_timestamp&quot;:&quot;0&quot;,&quot;copyright&quot;:&quot;&quot;,&quot;focal_length&quot;:&quot;0&quot;,&quot;iso&quot;:&quot;0&quot;,&quot;shutter_speed&quot;:&quot;0&quot;,&quot;title&quot;:&quot;&quot;,&quot;orientation&quot;:&quot;0&quot;}\" data-image-title=\"IMG-20241010-WA0016\" data-image-description=\"\" data-image-caption=\"\" data-large-file=\"https:\/\/cloud.alqueria.es\/wp-content\/uploads\/sites\/6\/2024\/10\/IMG-20241010-WA0016-1024x576.jpg\" \/><\/a>\n\t\t\t<\/div><\/figure><figure class='gallery-item'>\n\t\t\t<div class='gallery-icon landscape'>\n\t\t\t\t<a href='https:\/\/www.alqueria.es\/blogs\/alqueriaprimerciclo\/2024\/10\/12\/el-primer-ciclo-salimos-al-entorno-la-vega-de-granada\/img-20241011-wa0037\/'><img decoding=\"async\" width=\"150\" height=\"150\" src=\"https:\/\/cloud.alqueria.es\/wp-content\/uploads\/sites\/6\/2024\/10\/IMG-20241011-WA0037-150x150.jpg\" class=\"attachment-thumbnail size-thumbnail\" alt=\"\" data-attachment-id=\"38460\" data-permalink=\"https:\/\/www.alqueria.es\/blogs\/alqueriaprimerciclo\/2024\/10\/12\/el-primer-ciclo-salimos-al-entorno-la-vega-de-granada\/img-20241011-wa0037\/\" data-orig-file=\"https:\/\/cloud.alqueria.es\/wp-content\/uploads\/sites\/6\/2024\/10\/IMG-20241011-WA0037.jpg\" data-orig-size=\"1600,1200\" data-comments-opened=\"1\" data-image-meta=\"{&quot;aperture&quot;:&quot;0&quot;,&quot;credit&quot;:&quot;&quot;,&quot;camera&quot;:&quot;&quot;,&quot;caption&quot;:&quot;&quot;,&quot;created_timestamp&quot;:&quot;0&quot;,&quot;copyright&quot;:&quot;&quot;,&quot;focal_length&quot;:&quot;0&quot;,&quot;iso&quot;:&quot;0&quot;,&quot;shutter_speed&quot;:&quot;0&quot;,&quot;title&quot;:&quot;&quot;,&quot;orientation&quot;:&quot;0&quot;}\" data-image-title=\"IMG-20241011-WA0037\" data-image-description=\"\" data-image-caption=\"\" data-large-file=\"https:\/\/cloud.alqueria.es\/wp-content\/uploads\/sites\/6\/2024\/10\/IMG-20241011-WA0037-1024x768.jpg\" \/><\/a>\n\t\t\t<\/div><\/figure><figure class='gallery-item'>\n\t\t\t<div class='gallery-icon landscape'>\n\t\t\t\t<a href='https:\/\/www.alqueria.es\/blogs\/alqueriaprimerciclo\/2024\/10\/12\/el-primer-ciclo-salimos-al-entorno-la-vega-de-granada\/img-20241010-wa0031\/'><img decoding=\"async\" width=\"150\" height=\"150\" src=\"https:\/\/cloud.alqueria.es\/wp-content\/uploads\/sites\/6\/2024\/10\/IMG-20241010-WA0031-150x150.jpg\" class=\"attachment-thumbnail size-thumbnail\" alt=\"\" data-attachment-id=\"38437\" data-permalink=\"https:\/\/www.alqueria.es\/blogs\/alqueriaprimerciclo\/2024\/10\/12\/el-primer-ciclo-salimos-al-entorno-la-vega-de-granada\/img-20241010-wa0031\/\" data-orig-file=\"https:\/\/cloud.alqueria.es\/wp-content\/uploads\/sites\/6\/2024\/10\/IMG-20241010-WA0031.jpg\" data-orig-size=\"2000,1125\" data-comments-opened=\"1\" data-image-meta=\"{&quot;aperture&quot;:&quot;0&quot;,&quot;credit&quot;:&quot;&quot;,&quot;camera&quot;:&quot;&quot;,&quot;caption&quot;:&quot;&quot;,&quot;created_timestamp&quot;:&quot;0&quot;,&quot;copyright&quot;:&quot;&quot;,&quot;focal_length&quot;:&quot;0&quot;,&quot;iso&quot;:&quot;0&quot;,&quot;shutter_speed&quot;:&quot;0&quot;,&quot;title&quot;:&quot;&quot;,&quot;orientation&quot;:&quot;0&quot;}\" data-image-title=\"IMG-20241010-WA0031\" data-image-description=\"\" data-image-caption=\"\" data-large-file=\"https:\/\/cloud.alqueria.es\/wp-content\/uploads\/sites\/6\/2024\/10\/IMG-20241010-WA0031-1024x576.jpg\" \/><\/a>\n\t\t\t<\/div><\/figure><figure class='gallery-item'>\n\t\t\t<div class='gallery-icon landscape'>\n\t\t\t\t<a href='https:\/\/www.alqueria.es\/blogs\/alqueriaprimerciclo\/2024\/10\/12\/el-primer-ciclo-salimos-al-entorno-la-vega-de-granada\/img-20241010-wa0014\/'><img decoding=\"async\" width=\"150\" height=\"150\" src=\"https:\/\/cloud.alqueria.es\/wp-content\/uploads\/sites\/6\/2024\/10\/IMG-20241010-WA0014-150x150.jpg\" class=\"attachment-thumbnail size-thumbnail\" alt=\"\" data-attachment-id=\"38451\" data-permalink=\"https:\/\/www.alqueria.es\/blogs\/alqueriaprimerciclo\/2024\/10\/12\/el-primer-ciclo-salimos-al-entorno-la-vega-de-granada\/img-20241010-wa0014\/\" data-orig-file=\"https:\/\/cloud.alqueria.es\/wp-content\/uploads\/sites\/6\/2024\/10\/IMG-20241010-WA0014.jpg\" data-orig-size=\"2000,1125\" data-comments-opened=\"1\" data-image-meta=\"{&quot;aperture&quot;:&quot;0&quot;,&quot;credit&quot;:&quot;&quot;,&quot;camera&quot;:&quot;&quot;,&quot;caption&quot;:&quot;&quot;,&quot;created_timestamp&quot;:&quot;0&quot;,&quot;copyright&quot;:&quot;&quot;,&quot;focal_length&quot;:&quot;0&quot;,&quot;iso&quot;:&quot;0&quot;,&quot;shutter_speed&quot;:&quot;0&quot;,&quot;title&quot;:&quot;&quot;,&quot;orientation&quot;:&quot;0&quot;}\" data-image-title=\"IMG-20241010-WA0014\" data-image-description=\"\" data-image-caption=\"\" data-large-file=\"https:\/\/cloud.alqueria.es\/wp-content\/uploads\/sites\/6\/2024\/10\/IMG-20241010-WA0014-1024x576.jpg\" \/><\/a>\n\t\t\t<\/div><\/figure><figure class='gallery-item'>\n\t\t\t<div class='gallery-icon portrait'>\n\t\t\t\t<a href='https:\/\/www.alqueria.es\/blogs\/alqueriaprimerciclo\/2024\/10\/12\/el-primer-ciclo-salimos-al-entorno-la-vega-de-granada\/img-20241010-wa0015\/'><img decoding=\"async\" width=\"150\" height=\"150\" src=\"https:\/\/cloud.alqueria.es\/wp-content\/uploads\/sites\/6\/2024\/10\/IMG-20241010-WA0015-150x150.jpg\" class=\"attachment-thumbnail size-thumbnail\" alt=\"\" data-attachment-id=\"38452\" data-permalink=\"https:\/\/www.alqueria.es\/blogs\/alqueriaprimerciclo\/2024\/10\/12\/el-primer-ciclo-salimos-al-entorno-la-vega-de-granada\/img-20241010-wa0015\/\" data-orig-file=\"https:\/\/cloud.alqueria.es\/wp-content\/uploads\/sites\/6\/2024\/10\/IMG-20241010-WA0015.jpg\" data-orig-size=\"1125,2000\" data-comments-opened=\"1\" data-image-meta=\"{&quot;aperture&quot;:&quot;0&quot;,&quot;credit&quot;:&quot;&quot;,&quot;camera&quot;:&quot;&quot;,&quot;caption&quot;:&quot;&quot;,&quot;created_timestamp&quot;:&quot;0&quot;,&quot;copyright&quot;:&quot;&quot;,&quot;focal_length&quot;:&quot;0&quot;,&quot;iso&quot;:&quot;0&quot;,&quot;shutter_speed&quot;:&quot;0&quot;,&quot;title&quot;:&quot;&quot;,&quot;orientation&quot;:&quot;0&quot;}\" data-image-title=\"IMG-20241010-WA0015\" data-image-description=\"\" data-image-caption=\"\" data-large-file=\"https:\/\/cloud.alqueria.es\/wp-content\/uploads\/sites\/6\/2024\/10\/IMG-20241010-WA0015-576x1024.jpg\" \/><\/a>\n\t\t\t<\/div><\/figure><figure class='gallery-item'>\n\t\t\t<div class='gallery-icon landscape'>\n\t\t\t\t<a href='https:\/\/www.alqueria.es\/blogs\/alqueriaprimerciclo\/2024\/10\/12\/el-primer-ciclo-salimos-al-entorno-la-vega-de-granada\/img-20241011-wa0038\/'><img decoding=\"async\" width=\"150\" height=\"150\" src=\"https:\/\/cloud.alqueria.es\/wp-content\/uploads\/sites\/6\/2024\/10\/IMG-20241011-WA0038-150x150.jpg\" class=\"attachment-thumbnail size-thumbnail\" alt=\"\" data-attachment-id=\"38461\" data-permalink=\"https:\/\/www.alqueria.es\/blogs\/alqueriaprimerciclo\/2024\/10\/12\/el-primer-ciclo-salimos-al-entorno-la-vega-de-granada\/img-20241011-wa0038\/\" data-orig-file=\"https:\/\/cloud.alqueria.es\/wp-content\/uploads\/sites\/6\/2024\/10\/IMG-20241011-WA0038.jpg\" data-orig-size=\"1600,1200\" data-comments-opened=\"1\" data-image-meta=\"{&quot;aperture&quot;:&quot;0&quot;,&quot;credit&quot;:&quot;&quot;,&quot;camera&quot;:&quot;&quot;,&quot;caption&quot;:&quot;&quot;,&quot;created_timestamp&quot;:&quot;0&quot;,&quot;copyright&quot;:&quot;&quot;,&quot;focal_length&quot;:&quot;0&quot;,&quot;iso&quot;:&quot;0&quot;,&quot;shutter_speed&quot;:&quot;0&quot;,&quot;title&quot;:&quot;&quot;,&quot;orientation&quot;:&quot;0&quot;}\" data-image-title=\"IMG-20241011-WA0038\" data-image-description=\"\" data-image-caption=\"\" data-large-file=\"https:\/\/cloud.alqueria.es\/wp-content\/uploads\/sites\/6\/2024\/10\/IMG-20241011-WA0038-1024x768.jpg\" \/><\/a>\n\t\t\t<\/div><\/figure><figure class='gallery-item'>\n\t\t\t<div class='gallery-icon portrait'>\n\t\t\t\t<a href='https:\/\/www.alqueria.es\/blogs\/alqueriaprimerciclo\/2024\/10\/12\/el-primer-ciclo-salimos-al-entorno-la-vega-de-granada\/img-20241011-wa0039\/'><img decoding=\"async\" width=\"150\" height=\"150\" src=\"https:\/\/cloud.alqueria.es\/wp-content\/uploads\/sites\/6\/2024\/10\/IMG-20241011-WA0039-150x150.jpg\" class=\"attachment-thumbnail size-thumbnail\" alt=\"\" data-attachment-id=\"38462\" data-permalink=\"https:\/\/www.alqueria.es\/blogs\/alqueriaprimerciclo\/2024\/10\/12\/el-primer-ciclo-salimos-al-entorno-la-vega-de-granada\/img-20241011-wa0039\/\" data-orig-file=\"https:\/\/cloud.alqueria.es\/wp-content\/uploads\/sites\/6\/2024\/10\/IMG-20241011-WA0039.jpg\" data-orig-size=\"1200,1600\" data-comments-opened=\"1\" data-image-meta=\"{&quot;aperture&quot;:&quot;0&quot;,&quot;credit&quot;:&quot;&quot;,&quot;camera&quot;:&quot;&quot;,&quot;caption&quot;:&quot;&quot;,&quot;created_timestamp&quot;:&quot;0&quot;,&quot;copyright&quot;:&quot;&quot;,&quot;focal_length&quot;:&quot;0&quot;,&quot;iso&quot;:&quot;0&quot;,&quot;shutter_speed&quot;:&quot;0&quot;,&quot;title&quot;:&quot;&quot;,&quot;orientation&quot;:&quot;0&quot;}\" data-image-title=\"IMG-20241011-WA0039\" data-image-description=\"\" data-image-caption=\"\" data-large-file=\"https:\/\/cloud.alqueria.es\/wp-content\/uploads\/sites\/6\/2024\/10\/IMG-20241011-WA0039-768x1024.jpg\" \/><\/a>\n\t\t\t<\/div><\/figure>\n\t\t<\/div>\n\n<p>Por la tarde plasmamos en dibujos y textos\u00a0 lo que m\u00e1s nos hab\u00eda gustado sobre lo vivido y aprendido.<\/p>\n<p>Esta salida es una manera muy especial de estar en contacto con la naturaleza, de explorar el entorno que nos rodea , disfrutar y ser conscientes de lo que\u00a0 tenemos al alcance de nuestra mano, este paraje tan singular y bonito, donde est\u00e1 ubicado nuestro colegio, como\u00a0 es LA VEGA DE GRANADA.<\/p>\n<p><img decoding=\"async\" data-attachment-id=\"38438\" data-permalink=\"https:\/\/www.alqueria.es\/blogs\/alqueriaprimerciclo\/2024\/10\/12\/el-primer-ciclo-salimos-al-entorno-la-vega-de-granada\/img-20241010-wa0002\/\" data-orig-file=\"https:\/\/cloud.alqueria.es\/wp-content\/uploads\/sites\/6\/2024\/10\/IMG-20241010-WA0002.jpg\" data-orig-size=\"2000,1125\" data-comments-opened=\"1\" data-image-meta=\"{&quot;aperture&quot;:&quot;0&quot;,&quot;credit&quot;:&quot;&quot;,&quot;camera&quot;:&quot;&quot;,&quot;caption&quot;:&quot;&quot;,&quot;created_timestamp&quot;:&quot;0&quot;,&quot;copyright&quot;:&quot;&quot;,&quot;focal_length&quot;:&quot;0&quot;,&quot;iso&quot;:&quot;0&quot;,&quot;shutter_speed&quot;:&quot;0&quot;,&quot;title&quot;:&quot;&quot;,&quot;orientation&quot;:&quot;0&quot;}\" data-image-title=\"IMG-20241010-WA0002\" data-image-description=\"\" data-image-caption=\"\" data-large-file=\"https:\/\/cloud.alqueria.es\/wp-content\/uploads\/sites\/6\/2024\/10\/IMG-20241010-WA0002-1024x576.jpg\" class=\"alignnone size-large wp-image-38438\" src=\"https:\/\/cloud.alqueria.es\/wp-content\/uploads\/sites\/6\/2024\/10\/IMG-20241010-WA0002-1024x576.jpg\" alt=\"\" width=\"474\" height=\"267\" srcset=\"https:\/\/cloud.alqueria.es\/wp-content\/uploads\/sites\/6\/2024\/10\/IMG-20241010-WA0002-1024x576.jpg 1024w, https:\/\/cloud.alqueria.es\/wp-content\/uploads\/sites\/6\/2024\/10\/IMG-20241010-WA0002-300x169.jpg 300w, https:\/\/cloud.alqueria.es\/wp-content\/uploads\/sites\/6\/2024\/10\/IMG-20241010-WA0002-768x432.jpg 768w, https:\/\/cloud.alqueria.es\/wp-content\/uploads\/sites\/6\/2024\/10\/IMG-20241010-WA0002-1536x864.jpg 1536w, https:\/\/cloud.alqueria.es\/wp-content\/uploads\/sites\/6\/2024\/10\/IMG-20241010-WA0002.jpg 2000w\" sizes=\"(max-width: 474px) 100vw, 474px\" \/><\/p>\n<p><img decoding=\"async\" data-attachment-id=\"38467\" data-permalink=\"https:\/\/www.alqueria.es\/blogs\/alqueriaprimerciclo\/2024\/10\/12\/el-primer-ciclo-salimos-al-entorno-la-vega-de-granada\/img-20241011-wa00132\/\" data-orig-file=\"https:\/\/cloud.alqueria.es\/wp-content\/uploads\/sites\/6\/2024\/10\/IMG-20241011-WA00132.jpg\" data-orig-size=\"2048,1262\" data-comments-opened=\"1\" data-image-meta=\"{&quot;aperture&quot;:&quot;0&quot;,&quot;credit&quot;:&quot;&quot;,&quot;camera&quot;:&quot;&quot;,&quot;caption&quot;:&quot;&quot;,&quot;created_timestamp&quot;:&quot;0&quot;,&quot;copyright&quot;:&quot;&quot;,&quot;focal_length&quot;:&quot;0&quot;,&quot;iso&quot;:&quot;0&quot;,&quot;shutter_speed&quot;:&quot;0&quot;,&quot;title&quot;:&quot;&quot;,&quot;orientation&quot;:&quot;1&quot;}\" data-image-title=\"IMG-20241011-WA0013~2\" data-image-description=\"\" data-image-caption=\"\" data-large-file=\"https:\/\/cloud.alqueria.es\/wp-content\/uploads\/sites\/6\/2024\/10\/IMG-20241011-WA00132-1024x631.jpg\" class=\"alignnone size-large wp-image-38467\" src=\"https:\/\/cloud.alqueria.es\/wp-content\/uploads\/sites\/6\/2024\/10\/IMG-20241011-WA00132-1024x631.jpg\" alt=\"\" width=\"474\" height=\"292\" srcset=\"https:\/\/cloud.alqueria.es\/wp-content\/uploads\/sites\/6\/2024\/10\/IMG-20241011-WA00132-1024x631.jpg 1024w, https:\/\/cloud.alqueria.es\/wp-content\/uploads\/sites\/6\/2024\/10\/IMG-20241011-WA00132-300x185.jpg 300w, https:\/\/cloud.alqueria.es\/wp-content\/uploads\/sites\/6\/2024\/10\/IMG-20241011-WA00132-768x473.jpg 768w, https:\/\/cloud.alqueria.es\/wp-content\/uploads\/sites\/6\/2024\/10\/IMG-20241011-WA00132-1536x947.jpg 1536w, https:\/\/cloud.alqueria.es\/wp-content\/uploads\/sites\/6\/2024\/10\/IMG-20241011-WA00132.jpg 2048w\" sizes=\"(max-width: 474px) 100vw, 474px\" \/><\/p>\n<p>Hemos compartido nuestra primera salida en ciclo con gran entusiasmo<\/p>\n<p>Nos vemos la pr\u00f3xima semana, un abrazo.<\/p>\n<p>Ana O.\u00a0 y Dar\u00eda F.<\/p>\n","protected":false},"excerpt":{"rendered":"<p>El primer ciclo de primaria, primero y segundo, salimos al entorno de nuestro colegio, la Vega de Granada. Ha sido muy interesante poder\u00a0 interactuar en nuestro entorno. Antes de\u00a0 cada salida investigamos sobre lo que vamos a visitar,\u00a0 partimos de las ideas previas\u00a0 \u00a0que tenemos entre todos y\u00a0 ampliamos informaci\u00f3n con\u00a0 nueva investigaci\u00f3n que compartimos &hellip; <a href=\"https:\/\/www.alqueria.es\/blogs\/alqueriaprimerciclo\/2024\/10\/12\/el-primer-ciclo-salimos-al-entorno-la-vega-de-granada\/\" class=\"more-link\">Seguir leyendo <span class=\"screen-reader-text\">El primer ciclo salimos al entorno, la Vega de Granada<\/span> <span class=\"meta-nav\">&rarr;<\/span><\/a><\/p>\n","protected":false},"author":12,"featured_media":0,"comment_status":"open","ping_status":"open","sticky":false,"template":"","format":"standard","meta":{"jetpack_post_was_ever_published":false,"_jetpack_newsletter_access":"","_jetpack_dont_email_post_to_subs":false,"_jetpack_newsletter_tier_id":0,"_jetpack_memberships_contains_paywalled_content":false,"_jetpack_memberships_contains_paid_content":false,"footnotes":"","jetpack_publicize_message":"","jetpack_publicize_feature_enabled":true,"jetpack_social_post_already_shared":true,"jetpack_social_options":{"image_generator_settings":{"template":"highway","default_image_id":0,"font":"","enabled":false},"version":2}},"categories":[2,3,6,7,110,223,19,20],"tags":[179,32,147,73,60,176],"class_list":["post-38423","post","type-post","status-publish","format-standard","hentry","category-1o-epo","category-2o-epo","category-conocimiento-del-medio-1o","category-conocimiento-del-medio-2o","category-medio-ambiente","category-salida-a-la-vega-de-granada","category-salidas-1o","category-salidas-2o","tag-1o-ciclo","tag-alqueria","tag-aprendemos-de-otra-manera","tag-conocimiento-del-entorno-natural","tag-primaria","tag-salida-a-la-vega-de-granada"],"jetpack_publicize_connections":[],"jetpack_featured_media_url":"","jetpack_sharing_enabled":true,"jetpack_shortlink":"https:\/\/wp.me\/p4lvS0-9ZJ","_links":{"self":[{"href":"https:\/\/www.alqueria.es\/blogs\/alqueriaprimerciclo\/wp-json\/wp\/v2\/posts\/38423","targetHints":{"allow":["GET"]}}],"collection":[{"href":"https:\/\/www.alqueria.es\/blogs\/alqueriaprimerciclo\/wp-json\/wp\/v2\/posts"}],"about":[{"href":"https:\/\/www.alqueria.es\/blogs\/alqueriaprimerciclo\/wp-json\/wp\/v2\/types\/post"}],"author":[{"embeddable":true,"href":"https:\/\/www.alqueria.es\/blogs\/alqueriaprimerciclo\/wp-json\/wp\/v2\/users\/12"}],"replies":[{"embeddable":true,"href":"https:\/\/www.alqueria.es\/blogs\/alqueriaprimerciclo\/wp-json\/wp\/v2\/comments?post=38423"}],"version-history":[{"count":4,"href":"https:\/\/www.alqueria.es\/blogs\/alqueriaprimerciclo\/wp-json\/wp\/v2\/posts\/38423\/revisions"}],"predecessor-version":[{"id":38472,"href":"https:\/\/www.alqueria.es\/blogs\/alqueriaprimerciclo\/wp-json\/wp\/v2\/posts\/38423\/revisions\/38472"}],"wp:attachment":[{"href":"https:\/\/www.alqueria.es\/blogs\/alqueriaprimerciclo\/wp-json\/wp\/v2\/media?parent=38423"}],"wp:term":[{"taxonomy":"category","embeddable":true,"href":"https:\/\/www.alqueria.es\/blogs\/alqueriaprimerciclo\/wp-json\/wp\/v2\/categories?post=38423"},{"taxonomy":"post_tag","embeddable":true,"href":"https:\/\/www.alqueria.es\/blogs\/alqueriaprimerciclo\/wp-json\/wp\/v2\/tags?post=38423"}],"curies":[{"name":"wp","href":"https:\/\/api.w.org\/{rel}","templated":true}]}}