{"id":38613,"date":"2024-11-02T22:21:21","date_gmt":"2024-11-02T21:21:21","guid":{"rendered":"https:\/\/www.alqueria.es\/blogs\/alqueriaprimerciclo\/?p=38613"},"modified":"2024-11-02T23:08:58","modified_gmt":"2024-11-02T22:08:58","slug":"literatura-para-compartir","status":"publish","type":"post","link":"https:\/\/www.alqueria.es\/blogs\/alqueriaprimerciclo\/2024\/11\/02\/literatura-para-compartir\/","title":{"rendered":"Literatura para compartir"},"content":{"rendered":"<p>Estamos\u00a0 preparando con mucho entusiasmo nuestra intervenci\u00f3n literaria\u00a0 para el encuentro con primaria que celebraremos el d\u00eda de la <strong><span style=\"color: #993300\">fiesta de oto\u00f1o.<\/span><\/strong><\/p>\n<p>Elegimos las <span style=\"color: #000080\"><strong>adivinanzas<\/strong><\/span> por ser textos cortos, divertidos , en los que damos pistas sobre un animal o fruto de oto\u00f1o, estableciendo relaciones entre las palabras . Debemos recitarlas con ritmo para ser bien entendidas.<\/p>\n<p>Las adivinanzas nos hacen pensar jugando con el lenguaje y la imaginaci\u00f3n, son parte de nuestra tradici\u00f3n oral. Sus textos invitan a describir , a imaginar, est\u00e1n llenas de incertidumbre y emoci\u00f3n, pueden ser un gran reto para la investigaci\u00f3n y la creatividad.<\/p>\n<p>Sus met\u00e1foras y rimas nos llevan a querer adivinar de qu\u00e9 se trata, cu\u00e1l la respuesta que buscamos. Hay que escuchar las pistas hasta el final, no anticiparse a responder con la primera informaci\u00f3n, pues casi siempre es necesaria toda la informaci\u00f3n para acertar.<\/p>\n<p>Es un ingenioso juego literario del que seguro hemos disfrutado en nuestra infancia.<\/p>\n<p>En la clase de primero elegimos\u00a0 una para representar cada uno en el <span style=\"color: #800080\"><strong>encuentro literario<\/strong><\/span> de primaria la ma\u00f1ana de la fiesta de oto\u00f1o, el pr\u00f3ximo 8 de noviembre.<\/p>\n<p>Las preparamos para exposici\u00f3n.<\/p>\n<p><img decoding=\"async\" data-attachment-id=\"38671\" data-permalink=\"https:\/\/www.alqueria.es\/blogs\/alqueriaprimerciclo\/2024\/11\/02\/conferencias-en-primero-2\/img-20241031-wa0009\/\" data-orig-file=\"https:\/\/cloud.alqueria.es\/wp-content\/uploads\/sites\/6\/2024\/10\/IMG-20241031-WA0009.jpg\" data-orig-size=\"335,84\" data-comments-opened=\"1\" data-image-meta=\"{&quot;aperture&quot;:&quot;0&quot;,&quot;credit&quot;:&quot;&quot;,&quot;camera&quot;:&quot;&quot;,&quot;caption&quot;:&quot;&quot;,&quot;created_timestamp&quot;:&quot;0&quot;,&quot;copyright&quot;:&quot;&quot;,&quot;focal_length&quot;:&quot;0&quot;,&quot;iso&quot;:&quot;0&quot;,&quot;shutter_speed&quot;:&quot;0&quot;,&quot;title&quot;:&quot;&quot;,&quot;orientation&quot;:&quot;0&quot;}\" data-image-title=\"IMG-20241031-WA0009\" data-image-description=\"\" data-image-caption=\"\" data-large-file=\"https:\/\/cloud.alqueria.es\/wp-content\/uploads\/sites\/6\/2024\/10\/IMG-20241031-WA0009.jpg\" class=\"alignnone size-full wp-image-38671\" src=\"https:\/\/cloud.alqueria.es\/wp-content\/uploads\/sites\/6\/2024\/10\/IMG-20241031-WA0009.jpg\" alt=\"\" width=\"335\" height=\"84\" srcset=\"https:\/\/cloud.alqueria.es\/wp-content\/uploads\/sites\/6\/2024\/10\/IMG-20241031-WA0009.jpg 335w, https:\/\/cloud.alqueria.es\/wp-content\/uploads\/sites\/6\/2024\/10\/IMG-20241031-WA0009-300x75.jpg 300w\" sizes=\"(max-width: 335px) 100vw, 335px\" \/><\/p>\n<p><img decoding=\"async\" data-attachment-id=\"38667\" data-permalink=\"https:\/\/www.alqueria.es\/blogs\/alqueriaprimerciclo\/2024\/11\/02\/conferencias-en-primero-2\/img-20241028-wa0001\/\" data-orig-file=\"https:\/\/cloud.alqueria.es\/wp-content\/uploads\/sites\/6\/2024\/10\/IMG-20241028-WA0001.jpg\" data-orig-size=\"2000,1125\" data-comments-opened=\"1\" data-image-meta=\"{&quot;aperture&quot;:&quot;0&quot;,&quot;credit&quot;:&quot;&quot;,&quot;camera&quot;:&quot;&quot;,&quot;caption&quot;:&quot;&quot;,&quot;created_timestamp&quot;:&quot;0&quot;,&quot;copyright&quot;:&quot;&quot;,&quot;focal_length&quot;:&quot;0&quot;,&quot;iso&quot;:&quot;0&quot;,&quot;shutter_speed&quot;:&quot;0&quot;,&quot;title&quot;:&quot;&quot;,&quot;orientation&quot;:&quot;0&quot;}\" data-image-title=\"IMG-20241028-WA0001\" data-image-description=\"\" data-image-caption=\"\" data-large-file=\"https:\/\/cloud.alqueria.es\/wp-content\/uploads\/sites\/6\/2024\/10\/IMG-20241028-WA0001-1024x576.jpg\" class=\"alignnone size-large wp-image-38667\" src=\"https:\/\/cloud.alqueria.es\/wp-content\/uploads\/sites\/6\/2024\/10\/IMG-20241028-WA0001-1024x576.jpg\" alt=\"\" width=\"474\" height=\"267\" srcset=\"https:\/\/cloud.alqueria.es\/wp-content\/uploads\/sites\/6\/2024\/10\/IMG-20241028-WA0001-1024x576.jpg 1024w, https:\/\/cloud.alqueria.es\/wp-content\/uploads\/sites\/6\/2024\/10\/IMG-20241028-WA0001-300x169.jpg 300w, https:\/\/cloud.alqueria.es\/wp-content\/uploads\/sites\/6\/2024\/10\/IMG-20241028-WA0001-768x432.jpg 768w, https:\/\/cloud.alqueria.es\/wp-content\/uploads\/sites\/6\/2024\/10\/IMG-20241028-WA0001-1536x864.jpg 1536w, https:\/\/cloud.alqueria.es\/wp-content\/uploads\/sites\/6\/2024\/10\/IMG-20241028-WA0001.jpg 2000w\" sizes=\"(max-width: 474px) 100vw, 474px\" \/><\/p>\n<p>&nbsp;<\/p>\n<p><img decoding=\"async\" data-attachment-id=\"38666\" data-permalink=\"https:\/\/www.alqueria.es\/blogs\/alqueriaprimerciclo\/2024\/11\/02\/conferencias-en-primero-2\/img-20241028-wa0000\/\" data-orig-file=\"https:\/\/cloud.alqueria.es\/wp-content\/uploads\/sites\/6\/2024\/10\/IMG-20241028-WA0000.jpg\" data-orig-size=\"2000,1125\" data-comments-opened=\"1\" data-image-meta=\"{&quot;aperture&quot;:&quot;0&quot;,&quot;credit&quot;:&quot;&quot;,&quot;camera&quot;:&quot;&quot;,&quot;caption&quot;:&quot;&quot;,&quot;created_timestamp&quot;:&quot;0&quot;,&quot;copyright&quot;:&quot;&quot;,&quot;focal_length&quot;:&quot;0&quot;,&quot;iso&quot;:&quot;0&quot;,&quot;shutter_speed&quot;:&quot;0&quot;,&quot;title&quot;:&quot;&quot;,&quot;orientation&quot;:&quot;0&quot;}\" data-image-title=\"IMG-20241028-WA0000\" data-image-description=\"\" data-image-caption=\"\" data-large-file=\"https:\/\/cloud.alqueria.es\/wp-content\/uploads\/sites\/6\/2024\/10\/IMG-20241028-WA0000-1024x576.jpg\" class=\"alignnone size-large wp-image-38666\" src=\"https:\/\/cloud.alqueria.es\/wp-content\/uploads\/sites\/6\/2024\/10\/IMG-20241028-WA0000-1024x576.jpg\" alt=\"\" width=\"474\" height=\"267\" srcset=\"https:\/\/cloud.alqueria.es\/wp-content\/uploads\/sites\/6\/2024\/10\/IMG-20241028-WA0000-1024x576.jpg 1024w, https:\/\/cloud.alqueria.es\/wp-content\/uploads\/sites\/6\/2024\/10\/IMG-20241028-WA0000-300x169.jpg 300w, https:\/\/cloud.alqueria.es\/wp-content\/uploads\/sites\/6\/2024\/10\/IMG-20241028-WA0000-768x432.jpg 768w, https:\/\/cloud.alqueria.es\/wp-content\/uploads\/sites\/6\/2024\/10\/IMG-20241028-WA0000-1536x864.jpg 1536w, https:\/\/cloud.alqueria.es\/wp-content\/uploads\/sites\/6\/2024\/10\/IMG-20241028-WA0000.jpg 2000w\" sizes=\"(max-width: 474px) 100vw, 474px\" \/>El oto\u00f1o cobra especial relevancia estos d\u00edas ,estudiamos sobre los efectos de transformaci\u00f3n en la naturaleza.\u00a0 Los espacios exteriores de Nuestro Cole nos facilita la vivenciaci\u00f3n . Los \u00e1rboles del jard\u00edn se est\u00e1n desnudando dejando un manto de color en el suelo. Nos preguntamos PARA QU\u00c9 dejar caer sus hojas\u00a0 algunos \u00e1rboles.<\/p>\n<p>En asamblea vamos aportando cada uno nuestra teor\u00eda o hip\u00f3tesis a trav\u00e9s de las que se van desgranando muchas de la caracter\u00edsticas de los \u00e1rboles, relacionando con la hibernaci\u00f3n de algunos animales, del descanso necesario para renovar energ\u00eda ,&#8230;Conocer la naturaleza , su comportamiento a lo largo de las estaciones, nuestra relaci\u00f3n directa como seres vivos se hace necesario para tomar consciencia de nosotros mismos.<\/p>\n<p>Repasamos concepto temporales relacionados con los a\u00f1os, meses, estaciones.<img decoding=\"async\" data-attachment-id=\"38665\" data-permalink=\"https:\/\/www.alqueria.es\/blogs\/alqueriaprimerciclo\/2024\/11\/02\/conferencias-en-primero-2\/img-20241028-wa0005\/\" data-orig-file=\"https:\/\/cloud.alqueria.es\/wp-content\/uploads\/sites\/6\/2024\/10\/IMG-20241028-WA0005.jpg\" data-orig-size=\"2000,1125\" data-comments-opened=\"1\" data-image-meta=\"{&quot;aperture&quot;:&quot;0&quot;,&quot;credit&quot;:&quot;&quot;,&quot;camera&quot;:&quot;&quot;,&quot;caption&quot;:&quot;&quot;,&quot;created_timestamp&quot;:&quot;0&quot;,&quot;copyright&quot;:&quot;&quot;,&quot;focal_length&quot;:&quot;0&quot;,&quot;iso&quot;:&quot;0&quot;,&quot;shutter_speed&quot;:&quot;0&quot;,&quot;title&quot;:&quot;&quot;,&quot;orientation&quot;:&quot;0&quot;}\" data-image-title=\"IMG-20241028-WA0005\" data-image-description=\"\" data-image-caption=\"\" data-large-file=\"https:\/\/cloud.alqueria.es\/wp-content\/uploads\/sites\/6\/2024\/10\/IMG-20241028-WA0005-1024x576.jpg\" class=\"alignnone size-large wp-image-38665\" src=\"https:\/\/cloud.alqueria.es\/wp-content\/uploads\/sites\/6\/2024\/10\/IMG-20241028-WA0005-1024x576.jpg\" alt=\"\" width=\"474\" height=\"267\" srcset=\"https:\/\/cloud.alqueria.es\/wp-content\/uploads\/sites\/6\/2024\/10\/IMG-20241028-WA0005-1024x576.jpg 1024w, https:\/\/cloud.alqueria.es\/wp-content\/uploads\/sites\/6\/2024\/10\/IMG-20241028-WA0005-300x169.jpg 300w, https:\/\/cloud.alqueria.es\/wp-content\/uploads\/sites\/6\/2024\/10\/IMG-20241028-WA0005-768x432.jpg 768w, https:\/\/cloud.alqueria.es\/wp-content\/uploads\/sites\/6\/2024\/10\/IMG-20241028-WA0005-1536x864.jpg 1536w, https:\/\/cloud.alqueria.es\/wp-content\/uploads\/sites\/6\/2024\/10\/IMG-20241028-WA0005.jpg 2000w\" sizes=\"(max-width: 474px) 100vw, 474px\" \/><\/p>\n<p><img decoding=\"async\" data-attachment-id=\"38668\" data-permalink=\"https:\/\/www.alqueria.es\/blogs\/alqueriaprimerciclo\/2024\/11\/02\/conferencias-en-primero-2\/img-20241028-wa0006\/\" data-orig-file=\"https:\/\/cloud.alqueria.es\/wp-content\/uploads\/sites\/6\/2024\/10\/IMG-20241028-WA0006.jpg\" data-orig-size=\"1125,1834\" data-comments-opened=\"1\" data-image-meta=\"{&quot;aperture&quot;:&quot;0&quot;,&quot;credit&quot;:&quot;&quot;,&quot;camera&quot;:&quot;&quot;,&quot;caption&quot;:&quot;&quot;,&quot;created_timestamp&quot;:&quot;0&quot;,&quot;copyright&quot;:&quot;&quot;,&quot;focal_length&quot;:&quot;0&quot;,&quot;iso&quot;:&quot;0&quot;,&quot;shutter_speed&quot;:&quot;0&quot;,&quot;title&quot;:&quot;&quot;,&quot;orientation&quot;:&quot;0&quot;}\" data-image-title=\"IMG-20241028-WA0006\" data-image-description=\"\" data-image-caption=\"\" data-large-file=\"https:\/\/cloud.alqueria.es\/wp-content\/uploads\/sites\/6\/2024\/10\/IMG-20241028-WA0006-628x1024.jpg\" class=\"alignnone size-large wp-image-38668\" src=\"https:\/\/cloud.alqueria.es\/wp-content\/uploads\/sites\/6\/2024\/10\/IMG-20241028-WA0006-628x1024.jpg\" alt=\"\" width=\"474\" height=\"773\" srcset=\"https:\/\/cloud.alqueria.es\/wp-content\/uploads\/sites\/6\/2024\/10\/IMG-20241028-WA0006-628x1024.jpg 628w, https:\/\/cloud.alqueria.es\/wp-content\/uploads\/sites\/6\/2024\/10\/IMG-20241028-WA0006-184x300.jpg 184w, https:\/\/cloud.alqueria.es\/wp-content\/uploads\/sites\/6\/2024\/10\/IMG-20241028-WA0006-768x1252.jpg 768w, https:\/\/cloud.alqueria.es\/wp-content\/uploads\/sites\/6\/2024\/10\/IMG-20241028-WA0006-942x1536.jpg 942w, https:\/\/cloud.alqueria.es\/wp-content\/uploads\/sites\/6\/2024\/10\/IMG-20241028-WA0006.jpg 1125w\" sizes=\"(max-width: 474px) 100vw, 474px\" \/><\/p>\n<ul>\n<li>Nos encantan las sesiones de Yoga\u00a0 con las que practicamos con nuestro cuerpo emociones.<\/li>\n<\/ul>\n<p><span style=\"color: #ff00ff\"><strong>Beneficios del yoga\u00a0<\/strong><\/span><\/p>\n<p>A grandes rasgos, es f\u00e1cil adivinar que uno de los beneficios del yoga para ni\u00f1os es el de la relajaci\u00f3n y la actividad f\u00edsica de este deporte. Pero sus ventajas van m\u00e1s all\u00e1 de eso:<\/p>\n<p>Mejora fuerza y flexibilidad: las posturas y equilibrios\u00a0 les ayuda a fortalecer su cuerpo y a hacerlos m\u00e1s flexibles, es decir, favorece su desarrollo f\u00edsico.<\/p>\n<p>Las posturas, estiramientos y movimientos del yoga\u00a0 fortalecer\u00e1n tambi\u00e9n los m\u00fasculos de su espalda, lo que les ayudar\u00e1 a mantenerse m\u00e1s erguidos y con una buena postura.<\/p>\n<p>En las actividades se ejercitan varias partes del cuerpo, lo que, con la pr\u00e1ctica, les ayuda a mejorar su habilidad para la coordinaci\u00f3n de movimientos y el equilibrio.<\/p>\n<p>Mejora y fortalece todos los sistemas corporales: Ya no solo los motores, tambi\u00e9n el nervioso, circulatorio, digestivo\u2026 Es consecuencia de aprender a respirar y estar calmado.<\/p>\n<p>Aumenta la autoestima y la conciencia corporal: Y al no ser competitivo ayuda a mejorar la confianza en s\u00ed mismos, reafirmar su autoestima y, desde esa seguridad, poder centrarse en conocer su cuerpo y sus habilidades. Evita las comparaciones, la frustraci\u00f3n y el miedo al fracaso.<\/p>\n<p>Mejora la concentraci\u00f3n y la capacidad para relajarse, reduce el estr\u00e9s: La calma y el equilibrio son las bases del yoga. A trav\u00e9s de ejercicios de respiraci\u00f3n y relajaci\u00f3n aprender\u00e1n a usar estas habilidades durante la actividad, aplicarlo en su vida cotidiana .<\/p>\n<p>Nos entrena en la gesti\u00f3n de las emociones, entre ellas la frustraci\u00f3n . Ayuda a canalizar y controlar las emociones negativas.<\/p>\n<p>Estimula el autoconocimiento:\u00a0 dedican un tiempo y juegos de sus clases de yoga a escuchar y reflexionar, eso les ayudar\u00e1 a identificar emociones y pensamientos.<img decoding=\"async\" data-attachment-id=\"38670\" data-permalink=\"https:\/\/www.alqueria.es\/blogs\/alqueriaprimerciclo\/2024\/11\/02\/conferencias-en-primero-2\/img-20241028-wa0003\/\" data-orig-file=\"https:\/\/cloud.alqueria.es\/wp-content\/uploads\/sites\/6\/2024\/10\/IMG-20241028-WA0003.jpg\" data-orig-size=\"2000,1125\" data-comments-opened=\"1\" data-image-meta=\"{&quot;aperture&quot;:&quot;0&quot;,&quot;credit&quot;:&quot;&quot;,&quot;camera&quot;:&quot;&quot;,&quot;caption&quot;:&quot;&quot;,&quot;created_timestamp&quot;:&quot;0&quot;,&quot;copyright&quot;:&quot;&quot;,&quot;focal_length&quot;:&quot;0&quot;,&quot;iso&quot;:&quot;0&quot;,&quot;shutter_speed&quot;:&quot;0&quot;,&quot;title&quot;:&quot;&quot;,&quot;orientation&quot;:&quot;0&quot;}\" data-image-title=\"IMG-20241028-WA0003\" data-image-description=\"\" data-image-caption=\"\" data-large-file=\"https:\/\/cloud.alqueria.es\/wp-content\/uploads\/sites\/6\/2024\/10\/IMG-20241028-WA0003-1024x576.jpg\" class=\"alignnone size-large wp-image-38670\" src=\"https:\/\/cloud.alqueria.es\/wp-content\/uploads\/sites\/6\/2024\/10\/IMG-20241028-WA0003-1024x576.jpg\" alt=\"\" width=\"474\" height=\"267\" srcset=\"https:\/\/cloud.alqueria.es\/wp-content\/uploads\/sites\/6\/2024\/10\/IMG-20241028-WA0003-1024x576.jpg 1024w, https:\/\/cloud.alqueria.es\/wp-content\/uploads\/sites\/6\/2024\/10\/IMG-20241028-WA0003-300x169.jpg 300w, https:\/\/cloud.alqueria.es\/wp-content\/uploads\/sites\/6\/2024\/10\/IMG-20241028-WA0003-768x432.jpg 768w, https:\/\/cloud.alqueria.es\/wp-content\/uploads\/sites\/6\/2024\/10\/IMG-20241028-WA0003-1536x864.jpg 1536w, https:\/\/cloud.alqueria.es\/wp-content\/uploads\/sites\/6\/2024\/10\/IMG-20241028-WA0003.jpg 2000w\" sizes=\"(max-width: 474px) 100vw, 474px\" \/><img decoding=\"async\" data-attachment-id=\"38669\" data-permalink=\"https:\/\/www.alqueria.es\/blogs\/alqueriaprimerciclo\/2024\/11\/02\/conferencias-en-primero-2\/img-20241028-wa0004\/\" data-orig-file=\"https:\/\/cloud.alqueria.es\/wp-content\/uploads\/sites\/6\/2024\/10\/IMG-20241028-WA0004.jpg\" data-orig-size=\"2000,1125\" data-comments-opened=\"1\" data-image-meta=\"{&quot;aperture&quot;:&quot;0&quot;,&quot;credit&quot;:&quot;&quot;,&quot;camera&quot;:&quot;&quot;,&quot;caption&quot;:&quot;&quot;,&quot;created_timestamp&quot;:&quot;0&quot;,&quot;copyright&quot;:&quot;&quot;,&quot;focal_length&quot;:&quot;0&quot;,&quot;iso&quot;:&quot;0&quot;,&quot;shutter_speed&quot;:&quot;0&quot;,&quot;title&quot;:&quot;&quot;,&quot;orientation&quot;:&quot;0&quot;}\" data-image-title=\"IMG-20241028-WA0004\" data-image-description=\"\" data-image-caption=\"\" data-large-file=\"https:\/\/cloud.alqueria.es\/wp-content\/uploads\/sites\/6\/2024\/10\/IMG-20241028-WA0004-1024x576.jpg\" class=\"alignnone size-large wp-image-38669\" src=\"https:\/\/cloud.alqueria.es\/wp-content\/uploads\/sites\/6\/2024\/10\/IMG-20241028-WA0004-1024x576.jpg\" alt=\"\" width=\"474\" height=\"267\" srcset=\"https:\/\/cloud.alqueria.es\/wp-content\/uploads\/sites\/6\/2024\/10\/IMG-20241028-WA0004-1024x576.jpg 1024w, https:\/\/cloud.alqueria.es\/wp-content\/uploads\/sites\/6\/2024\/10\/IMG-20241028-WA0004-300x169.jpg 300w, https:\/\/cloud.alqueria.es\/wp-content\/uploads\/sites\/6\/2024\/10\/IMG-20241028-WA0004-768x432.jpg 768w, https:\/\/cloud.alqueria.es\/wp-content\/uploads\/sites\/6\/2024\/10\/IMG-20241028-WA0004-1536x864.jpg 1536w, https:\/\/cloud.alqueria.es\/wp-content\/uploads\/sites\/6\/2024\/10\/IMG-20241028-WA0004.jpg 2000w\" sizes=\"(max-width: 474px) 100vw, 474px\" \/><img decoding=\"async\" data-attachment-id=\"38664\" data-permalink=\"https:\/\/www.alqueria.es\/blogs\/alqueriaprimerciclo\/2024\/11\/02\/conferencias-en-primero-2\/img-20241028-wa0002\/\" data-orig-file=\"https:\/\/cloud.alqueria.es\/wp-content\/uploads\/sites\/6\/2024\/10\/IMG-20241028-WA0002.jpg\" data-orig-size=\"2000,1125\" data-comments-opened=\"1\" data-image-meta=\"{&quot;aperture&quot;:&quot;0&quot;,&quot;credit&quot;:&quot;&quot;,&quot;camera&quot;:&quot;&quot;,&quot;caption&quot;:&quot;&quot;,&quot;created_timestamp&quot;:&quot;0&quot;,&quot;copyright&quot;:&quot;&quot;,&quot;focal_length&quot;:&quot;0&quot;,&quot;iso&quot;:&quot;0&quot;,&quot;shutter_speed&quot;:&quot;0&quot;,&quot;title&quot;:&quot;&quot;,&quot;orientation&quot;:&quot;0&quot;}\" data-image-title=\"IMG-20241028-WA0002\" data-image-description=\"\" data-image-caption=\"\" data-large-file=\"https:\/\/cloud.alqueria.es\/wp-content\/uploads\/sites\/6\/2024\/10\/IMG-20241028-WA0002-1024x576.jpg\" class=\"alignnone size-large wp-image-38664\" src=\"https:\/\/cloud.alqueria.es\/wp-content\/uploads\/sites\/6\/2024\/10\/IMG-20241028-WA0002-1024x576.jpg\" alt=\"\" width=\"474\" height=\"267\" srcset=\"https:\/\/cloud.alqueria.es\/wp-content\/uploads\/sites\/6\/2024\/10\/IMG-20241028-WA0002-1024x576.jpg 1024w, https:\/\/cloud.alqueria.es\/wp-content\/uploads\/sites\/6\/2024\/10\/IMG-20241028-WA0002-300x169.jpg 300w, https:\/\/cloud.alqueria.es\/wp-content\/uploads\/sites\/6\/2024\/10\/IMG-20241028-WA0002-768x432.jpg 768w, https:\/\/cloud.alqueria.es\/wp-content\/uploads\/sites\/6\/2024\/10\/IMG-20241028-WA0002-1536x864.jpg 1536w, https:\/\/cloud.alqueria.es\/wp-content\/uploads\/sites\/6\/2024\/10\/IMG-20241028-WA0002.jpg 2000w\" sizes=\"(max-width: 474px) 100vw, 474px\" \/><\/p>\n<p>\u00a1Nos encantan las clases de <span style=\"color: #008000\"><strong>educaci\u00f3n f\u00edsica!<\/strong><\/span> Distintos juegos\u00a0 y materiales nos ayudan a practicar con las posibilidades de nuestro cuerpo, con atenci\u00f3n y concentraci\u00f3n conducimos pelotas botando por un circuito, coordinaci\u00f3n y equilibrio con los zancos, lanzamiento de pelota a trav\u00e9s de la red en parejas&#8230;.varias funciones ejecutivas se est\u00e1n entrenando a trav\u00e9s de cada actividad.<\/p>\n<p><img decoding=\"async\" data-attachment-id=\"38686\" data-permalink=\"https:\/\/www.alqueria.es\/blogs\/alqueriaprimerciclo\/2024\/11\/02\/literatura-para-compartir\/img_20241030_105439\/\" data-orig-file=\"https:\/\/cloud.alqueria.es\/wp-content\/uploads\/sites\/6\/2024\/11\/IMG_20241030_105439.jpg\" data-orig-size=\"2500,1619\" data-comments-opened=\"1\" data-image-meta=\"{&quot;aperture&quot;:&quot;1.8&quot;,&quot;credit&quot;:&quot;&quot;,&quot;camera&quot;:&quot;Redmi Note 7&quot;,&quot;caption&quot;:&quot;&quot;,&quot;created_timestamp&quot;:&quot;1730285679&quot;,&quot;copyright&quot;:&quot;&quot;,&quot;focal_length&quot;:&quot;4.74&quot;,&quot;iso&quot;:&quot;160&quot;,&quot;shutter_speed&quot;:&quot;0.00049043648847474&quot;,&quot;title&quot;:&quot;&quot;,&quot;orientation&quot;:&quot;1&quot;}\" data-image-title=\"IMG_20241030_105439\" data-image-description=\"\" data-image-caption=\"\" data-large-file=\"https:\/\/cloud.alqueria.es\/wp-content\/uploads\/sites\/6\/2024\/11\/IMG_20241030_105439-1024x663.jpg\" class=\"alignnone size-large wp-image-38686\" src=\"https:\/\/cloud.alqueria.es\/wp-content\/uploads\/sites\/6\/2024\/11\/IMG_20241030_105439-1024x663.jpg\" alt=\"\" width=\"474\" height=\"307\" srcset=\"https:\/\/cloud.alqueria.es\/wp-content\/uploads\/sites\/6\/2024\/11\/IMG_20241030_105439-1024x663.jpg 1024w, https:\/\/cloud.alqueria.es\/wp-content\/uploads\/sites\/6\/2024\/11\/IMG_20241030_105439-300x194.jpg 300w, https:\/\/cloud.alqueria.es\/wp-content\/uploads\/sites\/6\/2024\/11\/IMG_20241030_105439-768x497.jpg 768w, https:\/\/cloud.alqueria.es\/wp-content\/uploads\/sites\/6\/2024\/11\/IMG_20241030_105439-1536x995.jpg 1536w, https:\/\/cloud.alqueria.es\/wp-content\/uploads\/sites\/6\/2024\/11\/IMG_20241030_105439-2048x1326.jpg 2048w\" sizes=\"(max-width: 474px) 100vw, 474px\" \/><\/p>\n<p><img decoding=\"async\" data-attachment-id=\"38687\" data-permalink=\"https:\/\/www.alqueria.es\/blogs\/alqueriaprimerciclo\/2024\/11\/02\/literatura-para-compartir\/img-20241102-wa0038\/\" data-orig-file=\"https:\/\/cloud.alqueria.es\/wp-content\/uploads\/sites\/6\/2024\/11\/IMG-20241102-WA0038.jpg\" data-orig-size=\"2000,1125\" data-comments-opened=\"1\" data-image-meta=\"{&quot;aperture&quot;:&quot;0&quot;,&quot;credit&quot;:&quot;&quot;,&quot;camera&quot;:&quot;&quot;,&quot;caption&quot;:&quot;&quot;,&quot;created_timestamp&quot;:&quot;0&quot;,&quot;copyright&quot;:&quot;&quot;,&quot;focal_length&quot;:&quot;0&quot;,&quot;iso&quot;:&quot;0&quot;,&quot;shutter_speed&quot;:&quot;0&quot;,&quot;title&quot;:&quot;&quot;,&quot;orientation&quot;:&quot;0&quot;}\" data-image-title=\"IMG-20241102-WA0038\" data-image-description=\"\" data-image-caption=\"\" data-large-file=\"https:\/\/cloud.alqueria.es\/wp-content\/uploads\/sites\/6\/2024\/11\/IMG-20241102-WA0038-1024x576.jpg\" class=\"alignnone size-large wp-image-38687\" src=\"https:\/\/cloud.alqueria.es\/wp-content\/uploads\/sites\/6\/2024\/11\/IMG-20241102-WA0038-1024x576.jpg\" alt=\"\" width=\"474\" height=\"267\" srcset=\"https:\/\/cloud.alqueria.es\/wp-content\/uploads\/sites\/6\/2024\/11\/IMG-20241102-WA0038-1024x576.jpg 1024w, https:\/\/cloud.alqueria.es\/wp-content\/uploads\/sites\/6\/2024\/11\/IMG-20241102-WA0038-300x169.jpg 300w, https:\/\/cloud.alqueria.es\/wp-content\/uploads\/sites\/6\/2024\/11\/IMG-20241102-WA0038-768x432.jpg 768w, https:\/\/cloud.alqueria.es\/wp-content\/uploads\/sites\/6\/2024\/11\/IMG-20241102-WA0038-1536x864.jpg 1536w, https:\/\/cloud.alqueria.es\/wp-content\/uploads\/sites\/6\/2024\/11\/IMG-20241102-WA0038.jpg 2000w\" sizes=\"(max-width: 474px) 100vw, 474px\" \/> <img decoding=\"async\" data-attachment-id=\"38688\" data-permalink=\"https:\/\/www.alqueria.es\/blogs\/alqueriaprimerciclo\/2024\/11\/02\/literatura-para-compartir\/img-20241102-wa0039\/\" data-orig-file=\"https:\/\/cloud.alqueria.es\/wp-content\/uploads\/sites\/6\/2024\/11\/IMG-20241102-WA0039.jpg\" data-orig-size=\"2000,1125\" data-comments-opened=\"1\" data-image-meta=\"{&quot;aperture&quot;:&quot;0&quot;,&quot;credit&quot;:&quot;&quot;,&quot;camera&quot;:&quot;&quot;,&quot;caption&quot;:&quot;&quot;,&quot;created_timestamp&quot;:&quot;0&quot;,&quot;copyright&quot;:&quot;&quot;,&quot;focal_length&quot;:&quot;0&quot;,&quot;iso&quot;:&quot;0&quot;,&quot;shutter_speed&quot;:&quot;0&quot;,&quot;title&quot;:&quot;&quot;,&quot;orientation&quot;:&quot;0&quot;}\" data-image-title=\"IMG-20241102-WA0039\" data-image-description=\"\" data-image-caption=\"\" data-large-file=\"https:\/\/cloud.alqueria.es\/wp-content\/uploads\/sites\/6\/2024\/11\/IMG-20241102-WA0039-1024x576.jpg\" class=\"alignnone size-large wp-image-38688\" src=\"https:\/\/cloud.alqueria.es\/wp-content\/uploads\/sites\/6\/2024\/11\/IMG-20241102-WA0039-1024x576.jpg\" alt=\"\" width=\"474\" height=\"267\" srcset=\"https:\/\/cloud.alqueria.es\/wp-content\/uploads\/sites\/6\/2024\/11\/IMG-20241102-WA0039-1024x576.jpg 1024w, https:\/\/cloud.alqueria.es\/wp-content\/uploads\/sites\/6\/2024\/11\/IMG-20241102-WA0039-300x169.jpg 300w, https:\/\/cloud.alqueria.es\/wp-content\/uploads\/sites\/6\/2024\/11\/IMG-20241102-WA0039-768x432.jpg 768w, https:\/\/cloud.alqueria.es\/wp-content\/uploads\/sites\/6\/2024\/11\/IMG-20241102-WA0039-1536x864.jpg 1536w, https:\/\/cloud.alqueria.es\/wp-content\/uploads\/sites\/6\/2024\/11\/IMG-20241102-WA0039.jpg 2000w\" sizes=\"(max-width: 474px) 100vw, 474px\" \/><img decoding=\"async\" data-attachment-id=\"38689\" data-permalink=\"https:\/\/www.alqueria.es\/blogs\/alqueriaprimerciclo\/2024\/11\/02\/literatura-para-compartir\/img-20241102-wa0037\/\" data-orig-file=\"https:\/\/cloud.alqueria.es\/wp-content\/uploads\/sites\/6\/2024\/11\/IMG-20241102-WA0037.jpg\" data-orig-size=\"2000,1125\" data-comments-opened=\"1\" data-image-meta=\"{&quot;aperture&quot;:&quot;0&quot;,&quot;credit&quot;:&quot;&quot;,&quot;camera&quot;:&quot;&quot;,&quot;caption&quot;:&quot;&quot;,&quot;created_timestamp&quot;:&quot;0&quot;,&quot;copyright&quot;:&quot;&quot;,&quot;focal_length&quot;:&quot;0&quot;,&quot;iso&quot;:&quot;0&quot;,&quot;shutter_speed&quot;:&quot;0&quot;,&quot;title&quot;:&quot;&quot;,&quot;orientation&quot;:&quot;0&quot;}\" data-image-title=\"IMG-20241102-WA0037\" data-image-description=\"\" data-image-caption=\"\" data-large-file=\"https:\/\/cloud.alqueria.es\/wp-content\/uploads\/sites\/6\/2024\/11\/IMG-20241102-WA0037-1024x576.jpg\" class=\"alignnone size-large wp-image-38689\" src=\"https:\/\/cloud.alqueria.es\/wp-content\/uploads\/sites\/6\/2024\/11\/IMG-20241102-WA0037-1024x576.jpg\" alt=\"\" width=\"474\" height=\"267\" srcset=\"https:\/\/cloud.alqueria.es\/wp-content\/uploads\/sites\/6\/2024\/11\/IMG-20241102-WA0037-1024x576.jpg 1024w, https:\/\/cloud.alqueria.es\/wp-content\/uploads\/sites\/6\/2024\/11\/IMG-20241102-WA0037-300x169.jpg 300w, https:\/\/cloud.alqueria.es\/wp-content\/uploads\/sites\/6\/2024\/11\/IMG-20241102-WA0037-768x432.jpg 768w, https:\/\/cloud.alqueria.es\/wp-content\/uploads\/sites\/6\/2024\/11\/IMG-20241102-WA0037-1536x864.jpg 1536w, https:\/\/cloud.alqueria.es\/wp-content\/uploads\/sites\/6\/2024\/11\/IMG-20241102-WA0037.jpg 2000w\" sizes=\"(max-width: 474px) 100vw, 474px\" \/><\/p>\n<p>Art\u00edstica<\/p>\n<p>Visita el blog de art\u00edstica donde Ana nos cuenta el desarrollo de algunas actividades que realizamos <img decoding=\"async\" data-attachment-id=\"38555\" data-permalink=\"https:\/\/www.alqueria.es\/blogs\/alqueriaprimerciclo\/2024\/10\/19\/emociones-y-creatividad-en-primero\/img-20241019-wa0021\/\" data-orig-file=\"https:\/\/cloud.alqueria.es\/wp-content\/uploads\/sites\/6\/2024\/10\/IMG-20241019-WA0021.jpg\" data-orig-size=\"1125,2000\" data-comments-opened=\"1\" data-image-meta=\"{&quot;aperture&quot;:&quot;0&quot;,&quot;credit&quot;:&quot;&quot;,&quot;camera&quot;:&quot;&quot;,&quot;caption&quot;:&quot;&quot;,&quot;created_timestamp&quot;:&quot;0&quot;,&quot;copyright&quot;:&quot;&quot;,&quot;focal_length&quot;:&quot;0&quot;,&quot;iso&quot;:&quot;0&quot;,&quot;shutter_speed&quot;:&quot;0&quot;,&quot;title&quot;:&quot;&quot;,&quot;orientation&quot;:&quot;0&quot;}\" data-image-title=\"IMG-20241019-WA0021\" data-image-description=\"\" data-image-caption=\"\" data-large-file=\"https:\/\/cloud.alqueria.es\/wp-content\/uploads\/sites\/6\/2024\/10\/IMG-20241019-WA0021-576x1024.jpg\" class=\"alignnone size-large wp-image-38555\" src=\"https:\/\/cloud.alqueria.es\/wp-content\/uploads\/sites\/6\/2024\/10\/IMG-20241019-WA0021-576x1024.jpg\" alt=\"\" width=\"474\" height=\"843\" srcset=\"https:\/\/cloud.alqueria.es\/wp-content\/uploads\/sites\/6\/2024\/10\/IMG-20241019-WA0021-576x1024.jpg 576w, https:\/\/cloud.alqueria.es\/wp-content\/uploads\/sites\/6\/2024\/10\/IMG-20241019-WA0021-169x300.jpg 169w, https:\/\/cloud.alqueria.es\/wp-content\/uploads\/sites\/6\/2024\/10\/IMG-20241019-WA0021-768x1365.jpg 768w, https:\/\/cloud.alqueria.es\/wp-content\/uploads\/sites\/6\/2024\/10\/IMG-20241019-WA0021-864x1536.jpg 864w, https:\/\/cloud.alqueria.es\/wp-content\/uploads\/sites\/6\/2024\/10\/IMG-20241019-WA0021.jpg 1125w\" sizes=\"(max-width: 474px) 100vw, 474px\" \/><\/p>\n<p>https:\/\/www.alqueria.es\/blogs\/alqueriaartistica\/2024\/10\/22\/esculturas-naturales\/<\/p>\n<p>La <strong>pr\u00f3xima semana:<\/strong><\/p>\n<ul>\n<li>Cocinamos el mi\u00e9rcoles, pod\u00e9is traer un <strong><span style=\"color: #ff0000\">delantal<\/span><\/strong> para la ocasi\u00f3n.<\/li>\n<li>El viernes para la fiesta necesitamos tener el recetario de las aportaciones para la merienda, traer las <span style=\"color: #ff0000\"><strong>recetas<\/strong><\/span> escritas en la plantilla que les he aportado\u00a0 para ello, el jueves m\u00e1ximo.<\/li>\n<li>El viernes para la <span style=\"color: #339966\"><strong>fiesta<\/strong><\/span> nos vestimos con <strong><span style=\"color: #993300\">colores<\/span> <span style=\"color: #ff6600\">oto\u00f1ales<\/span><\/strong> para celebrar nuestro encuentro literario.<\/li>\n<\/ul>\n<p><img decoding=\"async\" class=\"alignnone\" src=\"https:\/\/cloud.alqueria.es\/wp-content\/uploads\/sites\/6\/2017\/10\/el-oto%C3%B1o-es....jpg\" alt=\"\" width=\"327\" height=\"241\" \/><\/p>\n<p>El paisaje va cambiando a lo largo de este viaje , miramos por la ventana y vemos como s\u00e9 transforma , nosotros con \u00e9l.<\/p>\n<p>Seguimos el trayecto, un saludo<\/p>\n<p>Un saludo<\/p>\n<p>Dar\u00eda F.<\/p>\n","protected":false},"excerpt":{"rendered":"<p>Estamos\u00a0 preparando con mucho entusiasmo nuestra intervenci\u00f3n literaria\u00a0 para el encuentro con primaria que celebraremos el d\u00eda de la fiesta de oto\u00f1o. Elegimos las adivinanzas por ser textos cortos, divertidos , en los que damos pistas sobre un animal o fruto de oto\u00f1o, estableciendo relaciones entre las palabras . Debemos recitarlas con ritmo para ser &hellip; <a href=\"https:\/\/www.alqueria.es\/blogs\/alqueriaprimerciclo\/2024\/11\/02\/literatura-para-compartir\/\" class=\"more-link\">Seguir leyendo <span class=\"screen-reader-text\">Literatura para compartir<\/span> <span class=\"meta-nav\">&rarr;<\/span><\/a><\/p>\n","protected":false},"author":12,"featured_media":0,"comment_status":"open","ping_status":"open","sticky":false,"template":"","format":"standard","meta":{"jetpack_post_was_ever_published":false,"_jetpack_newsletter_access":"","_jetpack_dont_email_post_to_subs":false,"_jetpack_newsletter_tier_id":0,"_jetpack_memberships_contains_paywalled_content":false,"_jetpack_memberships_contains_paid_content":false,"footnotes":"","jetpack_publicize_message":"","jetpack_publicize_feature_enabled":true,"jetpack_social_post_already_shared":true,"jetpack_social_options":{"image_generator_settings":{"template":"highway","default_image_id":0,"font":"","enabled":false},"version":2}},"categories":[2,6,8,167,23,222,12,110,182],"tags":[32,147,73,60,92],"class_list":["post-38613","post","type-post","status-publish","format-standard","hentry","category-1o-epo","category-conocimiento-del-medio-1o","category-diario-de-clase-1o","category-educacion-emocional","category-educacion-fisica-1o","category-funciones-ejecutivas","category-lecto-escritura-1o","category-medio-ambiente","category-yoga","tag-alqueria","tag-aprendemos-de-otra-manera","tag-conocimiento-del-entorno-natural","tag-primaria","tag-semanario"],"jetpack_publicize_connections":[],"jetpack_featured_media_url":"","jetpack_sharing_enabled":true,"jetpack_shortlink":"https:\/\/wp.me\/p4lvS0-a2N","_links":{"self":[{"href":"https:\/\/www.alqueria.es\/blogs\/alqueriaprimerciclo\/wp-json\/wp\/v2\/posts\/38613","targetHints":{"allow":["GET"]}}],"collection":[{"href":"https:\/\/www.alqueria.es\/blogs\/alqueriaprimerciclo\/wp-json\/wp\/v2\/posts"}],"about":[{"href":"https:\/\/www.alqueria.es\/blogs\/alqueriaprimerciclo\/wp-json\/wp\/v2\/types\/post"}],"author":[{"embeddable":true,"href":"https:\/\/www.alqueria.es\/blogs\/alqueriaprimerciclo\/wp-json\/wp\/v2\/users\/12"}],"replies":[{"embeddable":true,"href":"https:\/\/www.alqueria.es\/blogs\/alqueriaprimerciclo\/wp-json\/wp\/v2\/comments?post=38613"}],"version-history":[{"count":5,"href":"https:\/\/www.alqueria.es\/blogs\/alqueriaprimerciclo\/wp-json\/wp\/v2\/posts\/38613\/revisions"}],"predecessor-version":[{"id":38696,"href":"https:\/\/www.alqueria.es\/blogs\/alqueriaprimerciclo\/wp-json\/wp\/v2\/posts\/38613\/revisions\/38696"}],"wp:attachment":[{"href":"https:\/\/www.alqueria.es\/blogs\/alqueriaprimerciclo\/wp-json\/wp\/v2\/media?parent=38613"}],"wp:term":[{"taxonomy":"category","embeddable":true,"href":"https:\/\/www.alqueria.es\/blogs\/alqueriaprimerciclo\/wp-json\/wp\/v2\/categories?post=38613"},{"taxonomy":"post_tag","embeddable":true,"href":"https:\/\/www.alqueria.es\/blogs\/alqueriaprimerciclo\/wp-json\/wp\/v2\/tags?post=38613"}],"curies":[{"name":"wp","href":"https:\/\/api.w.org\/{rel}","templated":true}]}}