{"id":38921,"date":"2024-11-16T20:31:17","date_gmt":"2024-11-16T19:31:17","guid":{"rendered":"https:\/\/www.alqueria.es\/blogs\/alqueriaprimerciclo\/?p=38921"},"modified":"2024-11-18T23:16:01","modified_gmt":"2024-11-18T22:16:01","slug":"dia-del-flamenco","status":"publish","type":"post","link":"https:\/\/www.alqueria.es\/blogs\/alqueriaprimerciclo\/2024\/11\/16\/dia-del-flamenco\/","title":{"rendered":"D\u00eda del Flamenco"},"content":{"rendered":"<h6><span style=\"color: #ff0000\"><strong>D\u00eda del flamenco\u00a0<\/strong><\/span><\/h6>\n<p>El D\u00eda Internacional del Flamenco se celebra el 16 de noviembre, recuerda el d\u00eda que la UNESCO reconoci\u00f3 esta manifestaci\u00f3n cultural andaluza como patrimonio de la humanidad.<\/p>\n<p>Nuestro centro desarrolla alguna actividad siguiendo las instrucciones dadas por la\u00a0 Consejer\u00eda de Educaci\u00f3n, Cultura y Deporte en la que se establece una serie de medidas para la inclusi\u00f3n del flamenco en el sistema educativo andaluz.<\/p>\n<p>La etapa de primaria hemos podido disfrutar de una magn\u00edfica tarde flamenca en el jard\u00edn.<\/p>\n<p>En esta ocasi\u00f3n contamos de nuevo con\u00a0 la colaboraci\u00f3n de Irene, madre de Alba de 2\u00b0, c\u00f3mo experta en baile flamenco. Le acompa\u00f1a Mati al cante y palmas.<img decoding=\"async\" data-attachment-id=\"38927\" data-permalink=\"https:\/\/www.alqueria.es\/blogs\/alqueriaprimerciclo\/2024\/11\/16\/dia-del-flamenco\/img-20241116-wa0001\/\" data-orig-file=\"https:\/\/cloud.alqueria.es\/wp-content\/uploads\/sites\/6\/2024\/11\/IMG-20241116-WA0001.jpg\" data-orig-size=\"1125,2000\" data-comments-opened=\"1\" data-image-meta=\"{&quot;aperture&quot;:&quot;0&quot;,&quot;credit&quot;:&quot;&quot;,&quot;camera&quot;:&quot;&quot;,&quot;caption&quot;:&quot;&quot;,&quot;created_timestamp&quot;:&quot;0&quot;,&quot;copyright&quot;:&quot;&quot;,&quot;focal_length&quot;:&quot;0&quot;,&quot;iso&quot;:&quot;0&quot;,&quot;shutter_speed&quot;:&quot;0&quot;,&quot;title&quot;:&quot;&quot;,&quot;orientation&quot;:&quot;0&quot;}\" data-image-title=\"IMG-20241116-WA0001\" data-image-description=\"\" data-image-caption=\"\" data-large-file=\"https:\/\/cloud.alqueria.es\/wp-content\/uploads\/sites\/6\/2024\/11\/IMG-20241116-WA0001-576x1024.jpg\" class=\"alignnone size-large wp-image-38927\" src=\"https:\/\/cloud.alqueria.es\/wp-content\/uploads\/sites\/6\/2024\/11\/IMG-20241116-WA0001-576x1024.jpg\" alt=\"\" width=\"474\" height=\"843\" srcset=\"https:\/\/cloud.alqueria.es\/wp-content\/uploads\/sites\/6\/2024\/11\/IMG-20241116-WA0001-576x1024.jpg 576w, https:\/\/cloud.alqueria.es\/wp-content\/uploads\/sites\/6\/2024\/11\/IMG-20241116-WA0001-169x300.jpg 169w, https:\/\/cloud.alqueria.es\/wp-content\/uploads\/sites\/6\/2024\/11\/IMG-20241116-WA0001-768x1365.jpg 768w, https:\/\/cloud.alqueria.es\/wp-content\/uploads\/sites\/6\/2024\/11\/IMG-20241116-WA0001-864x1536.jpg 864w, https:\/\/cloud.alqueria.es\/wp-content\/uploads\/sites\/6\/2024\/11\/IMG-20241116-WA0001.jpg 1125w\" sizes=\"(max-width: 474px) 100vw, 474px\" \/><\/p>\n<p>Nos explican las palmas sordas y como acompa\u00f1an al cante sin \u00bb taparlo\u00bb.<\/p>\n<p>Al ritmo del\u00a0 tango,\u00a0 con mucha concentraci\u00f3n mantenemos el comp\u00e1s, pero si hablamos\u00a0 a la vez no es nada f\u00e1cil.<\/p>\n<p><img decoding=\"async\" data-attachment-id=\"38928\" data-permalink=\"https:\/\/www.alqueria.es\/blogs\/alqueriaprimerciclo\/2024\/11\/16\/dia-del-flamenco\/img-20241116-wa0003\/\" data-orig-file=\"https:\/\/cloud.alqueria.es\/wp-content\/uploads\/sites\/6\/2024\/11\/IMG-20241116-WA0003.jpg\" data-orig-size=\"2000,1125\" data-comments-opened=\"1\" data-image-meta=\"{&quot;aperture&quot;:&quot;0&quot;,&quot;credit&quot;:&quot;&quot;,&quot;camera&quot;:&quot;&quot;,&quot;caption&quot;:&quot;&quot;,&quot;created_timestamp&quot;:&quot;0&quot;,&quot;copyright&quot;:&quot;&quot;,&quot;focal_length&quot;:&quot;0&quot;,&quot;iso&quot;:&quot;0&quot;,&quot;shutter_speed&quot;:&quot;0&quot;,&quot;title&quot;:&quot;&quot;,&quot;orientation&quot;:&quot;0&quot;}\" data-image-title=\"IMG-20241116-WA0003\" data-image-description=\"\" data-image-caption=\"\" data-large-file=\"https:\/\/cloud.alqueria.es\/wp-content\/uploads\/sites\/6\/2024\/11\/IMG-20241116-WA0003-1024x576.jpg\" class=\"alignnone size-large wp-image-38928\" src=\"https:\/\/cloud.alqueria.es\/wp-content\/uploads\/sites\/6\/2024\/11\/IMG-20241116-WA0003-1024x576.jpg\" alt=\"\" width=\"474\" height=\"267\" srcset=\"https:\/\/cloud.alqueria.es\/wp-content\/uploads\/sites\/6\/2024\/11\/IMG-20241116-WA0003-1024x576.jpg 1024w, https:\/\/cloud.alqueria.es\/wp-content\/uploads\/sites\/6\/2024\/11\/IMG-20241116-WA0003-300x169.jpg 300w, https:\/\/cloud.alqueria.es\/wp-content\/uploads\/sites\/6\/2024\/11\/IMG-20241116-WA0003-768x432.jpg 768w, https:\/\/cloud.alqueria.es\/wp-content\/uploads\/sites\/6\/2024\/11\/IMG-20241116-WA0003-1536x864.jpg 1536w, https:\/\/cloud.alqueria.es\/wp-content\/uploads\/sites\/6\/2024\/11\/IMG-20241116-WA0003.jpg 2000w\" sizes=\"(max-width: 474px) 100vw, 474px\" \/><\/p>\n<p><img decoding=\"async\" data-attachment-id=\"38925\" data-permalink=\"https:\/\/www.alqueria.es\/blogs\/alqueriaprimerciclo\/2024\/11\/16\/dia-del-flamenco\/img-20241116-wa0004\/\" data-orig-file=\"https:\/\/cloud.alqueria.es\/wp-content\/uploads\/sites\/6\/2024\/11\/IMG-20241116-WA0004.jpg\" data-orig-size=\"2048,1624\" data-comments-opened=\"1\" data-image-meta=\"{&quot;aperture&quot;:&quot;0&quot;,&quot;credit&quot;:&quot;&quot;,&quot;camera&quot;:&quot;&quot;,&quot;caption&quot;:&quot;&quot;,&quot;created_timestamp&quot;:&quot;0&quot;,&quot;copyright&quot;:&quot;&quot;,&quot;focal_length&quot;:&quot;0&quot;,&quot;iso&quot;:&quot;0&quot;,&quot;shutter_speed&quot;:&quot;0&quot;,&quot;title&quot;:&quot;&quot;,&quot;orientation&quot;:&quot;0&quot;}\" data-image-title=\"IMG-20241116-WA0004\" data-image-description=\"\" data-image-caption=\"\" data-large-file=\"https:\/\/cloud.alqueria.es\/wp-content\/uploads\/sites\/6\/2024\/11\/IMG-20241116-WA0004-1024x812.jpg\" class=\"alignnone size-large wp-image-38925\" src=\"https:\/\/cloud.alqueria.es\/wp-content\/uploads\/sites\/6\/2024\/11\/IMG-20241116-WA0004-1024x812.jpg\" alt=\"\" width=\"474\" height=\"376\" srcset=\"https:\/\/cloud.alqueria.es\/wp-content\/uploads\/sites\/6\/2024\/11\/IMG-20241116-WA0004-1024x812.jpg 1024w, https:\/\/cloud.alqueria.es\/wp-content\/uploads\/sites\/6\/2024\/11\/IMG-20241116-WA0004-300x238.jpg 300w, https:\/\/cloud.alqueria.es\/wp-content\/uploads\/sites\/6\/2024\/11\/IMG-20241116-WA0004-768x609.jpg 768w, https:\/\/cloud.alqueria.es\/wp-content\/uploads\/sites\/6\/2024\/11\/IMG-20241116-WA0004-1536x1218.jpg 1536w, https:\/\/cloud.alqueria.es\/wp-content\/uploads\/sites\/6\/2024\/11\/IMG-20241116-WA0004.jpg 2048w\" sizes=\"(max-width: 474px) 100vw, 474px\" \/><\/p>\n<p><img decoding=\"async\" data-attachment-id=\"38926\" data-permalink=\"https:\/\/www.alqueria.es\/blogs\/alqueriaprimerciclo\/2024\/11\/16\/dia-del-flamenco\/img-20241116-wa0000\/\" data-orig-file=\"https:\/\/cloud.alqueria.es\/wp-content\/uploads\/sites\/6\/2024\/11\/IMG-20241116-WA0000.jpg\" data-orig-size=\"1125,1885\" data-comments-opened=\"1\" data-image-meta=\"{&quot;aperture&quot;:&quot;0&quot;,&quot;credit&quot;:&quot;&quot;,&quot;camera&quot;:&quot;&quot;,&quot;caption&quot;:&quot;&quot;,&quot;created_timestamp&quot;:&quot;0&quot;,&quot;copyright&quot;:&quot;&quot;,&quot;focal_length&quot;:&quot;0&quot;,&quot;iso&quot;:&quot;0&quot;,&quot;shutter_speed&quot;:&quot;0&quot;,&quot;title&quot;:&quot;&quot;,&quot;orientation&quot;:&quot;0&quot;}\" data-image-title=\"IMG-20241116-WA0000\" data-image-description=\"\" data-image-caption=\"\" data-large-file=\"https:\/\/cloud.alqueria.es\/wp-content\/uploads\/sites\/6\/2024\/11\/IMG-20241116-WA0000-611x1024.jpg\" class=\"alignnone size-large wp-image-38926\" src=\"https:\/\/cloud.alqueria.es\/wp-content\/uploads\/sites\/6\/2024\/11\/IMG-20241116-WA0000-611x1024.jpg\" alt=\"\" width=\"474\" height=\"794\" srcset=\"https:\/\/cloud.alqueria.es\/wp-content\/uploads\/sites\/6\/2024\/11\/IMG-20241116-WA0000-611x1024.jpg 611w, https:\/\/cloud.alqueria.es\/wp-content\/uploads\/sites\/6\/2024\/11\/IMG-20241116-WA0000-179x300.jpg 179w, https:\/\/cloud.alqueria.es\/wp-content\/uploads\/sites\/6\/2024\/11\/IMG-20241116-WA0000-768x1287.jpg 768w, https:\/\/cloud.alqueria.es\/wp-content\/uploads\/sites\/6\/2024\/11\/IMG-20241116-WA0000-917x1536.jpg 917w, https:\/\/cloud.alqueria.es\/wp-content\/uploads\/sites\/6\/2024\/11\/IMG-20241116-WA0000.jpg 1125w\" sizes=\"(max-width: 474px) 100vw, 474px\" \/><\/p>\n<p><img decoding=\"async\" data-attachment-id=\"38870\" data-permalink=\"https:\/\/www.alqueria.es\/blogs\/alqueriaprimerciclo\/2024\/11\/17\/38864\/whatsapp-image-2024-11-16-at-13-00-15-1\/\" data-orig-file=\"https:\/\/cloud.alqueria.es\/wp-content\/uploads\/sites\/6\/2024\/11\/WhatsApp-Image-2024-11-16-at-13.00.15-1.jpeg\" data-orig-size=\"1200,1600\" data-comments-opened=\"1\" data-image-meta=\"{&quot;aperture&quot;:&quot;0&quot;,&quot;credit&quot;:&quot;&quot;,&quot;camera&quot;:&quot;&quot;,&quot;caption&quot;:&quot;&quot;,&quot;created_timestamp&quot;:&quot;0&quot;,&quot;copyright&quot;:&quot;&quot;,&quot;focal_length&quot;:&quot;0&quot;,&quot;iso&quot;:&quot;0&quot;,&quot;shutter_speed&quot;:&quot;0&quot;,&quot;title&quot;:&quot;&quot;,&quot;orientation&quot;:&quot;0&quot;}\" data-image-title=\"WhatsApp Image 2024-11-16 at 13.00.15 (1)\" data-image-description=\"\" data-image-caption=\"\" data-large-file=\"https:\/\/cloud.alqueria.es\/wp-content\/uploads\/sites\/6\/2024\/11\/WhatsApp-Image-2024-11-16-at-13.00.15-1-768x1024.jpeg\" class=\"alignnone size-large wp-image-38870\" src=\"https:\/\/cloud.alqueria.es\/wp-content\/uploads\/sites\/6\/2024\/11\/WhatsApp-Image-2024-11-16-at-13.00.15-1-768x1024.jpeg\" alt=\"\" width=\"474\" height=\"632\" srcset=\"https:\/\/cloud.alqueria.es\/wp-content\/uploads\/sites\/6\/2024\/11\/WhatsApp-Image-2024-11-16-at-13.00.15-1-768x1024.jpeg 768w, https:\/\/cloud.alqueria.es\/wp-content\/uploads\/sites\/6\/2024\/11\/WhatsApp-Image-2024-11-16-at-13.00.15-1-225x300.jpeg 225w, https:\/\/cloud.alqueria.es\/wp-content\/uploads\/sites\/6\/2024\/11\/WhatsApp-Image-2024-11-16-at-13.00.15-1-1152x1536.jpeg 1152w, https:\/\/cloud.alqueria.es\/wp-content\/uploads\/sites\/6\/2024\/11\/WhatsApp-Image-2024-11-16-at-13.00.15-1.jpeg 1200w\" sizes=\"(max-width: 474px) 100vw, 474px\" \/><\/p>\n<p><img decoding=\"async\" data-attachment-id=\"38869\" data-permalink=\"https:\/\/www.alqueria.es\/blogs\/alqueriaprimerciclo\/2024\/11\/17\/38864\/whatsapp-image-2024-11-16-at-13-00-15-2\/\" data-orig-file=\"https:\/\/cloud.alqueria.es\/wp-content\/uploads\/sites\/6\/2024\/11\/WhatsApp-Image-2024-11-16-at-13.00.15-2.jpeg\" data-orig-size=\"1200,1600\" data-comments-opened=\"1\" data-image-meta=\"{&quot;aperture&quot;:&quot;0&quot;,&quot;credit&quot;:&quot;&quot;,&quot;camera&quot;:&quot;&quot;,&quot;caption&quot;:&quot;&quot;,&quot;created_timestamp&quot;:&quot;0&quot;,&quot;copyright&quot;:&quot;&quot;,&quot;focal_length&quot;:&quot;0&quot;,&quot;iso&quot;:&quot;0&quot;,&quot;shutter_speed&quot;:&quot;0&quot;,&quot;title&quot;:&quot;&quot;,&quot;orientation&quot;:&quot;0&quot;}\" data-image-title=\"WhatsApp Image 2024-11-16 at 13.00.15 (2)\" data-image-description=\"\" data-image-caption=\"\" data-large-file=\"https:\/\/cloud.alqueria.es\/wp-content\/uploads\/sites\/6\/2024\/11\/WhatsApp-Image-2024-11-16-at-13.00.15-2-768x1024.jpeg\" class=\"alignnone size-large wp-image-38869\" src=\"https:\/\/cloud.alqueria.es\/wp-content\/uploads\/sites\/6\/2024\/11\/WhatsApp-Image-2024-11-16-at-13.00.15-2-768x1024.jpeg\" alt=\"\" width=\"474\" height=\"632\" srcset=\"https:\/\/cloud.alqueria.es\/wp-content\/uploads\/sites\/6\/2024\/11\/WhatsApp-Image-2024-11-16-at-13.00.15-2-768x1024.jpeg 768w, https:\/\/cloud.alqueria.es\/wp-content\/uploads\/sites\/6\/2024\/11\/WhatsApp-Image-2024-11-16-at-13.00.15-2-225x300.jpeg 225w, https:\/\/cloud.alqueria.es\/wp-content\/uploads\/sites\/6\/2024\/11\/WhatsApp-Image-2024-11-16-at-13.00.15-2-1152x1536.jpeg 1152w, https:\/\/cloud.alqueria.es\/wp-content\/uploads\/sites\/6\/2024\/11\/WhatsApp-Image-2024-11-16-at-13.00.15-2.jpeg 1200w\" sizes=\"(max-width: 474px) 100vw, 474px\" \/><\/p>\n<p>El baile por fandangos de movimientos vivos y apasionados es un palo folkl\u00f3rico arcaico, m\u00e1s antiguo incluso que el flamenco. Se la considera como una de las danzas espa\u00f1olas m\u00e1s antiguas, m\u00e1s conocidas y practicadas.<\/p>\n<p>A ritmos de tangos hemos aprendido algunos movimientos y ritmos guiados bailando y cantando al comp\u00e1s.<\/p>\n<p>Agradecemos enormemente la colaboraci\u00f3n de Irene, Alba y Mati que nos han hecho disfrutar del arte flamenco.<\/p>\n<p>Un saludo<\/p>\n<p>Dar\u00eda F. La libertad<\/p>\n","protected":false},"excerpt":{"rendered":"<p>D\u00eda del flamenco\u00a0 El D\u00eda Internacional del Flamenco se celebra el 16 de noviembre, recuerda el d\u00eda que la UNESCO reconoci\u00f3 esta manifestaci\u00f3n cultural andaluza como patrimonio de la humanidad. Nuestro centro desarrolla alguna actividad siguiendo las instrucciones dadas por la\u00a0 Consejer\u00eda de Educaci\u00f3n, Cultura y Deporte en la que se establece una serie de &hellip; <a href=\"https:\/\/www.alqueria.es\/blogs\/alqueriaprimerciclo\/2024\/11\/16\/dia-del-flamenco\/\" class=\"more-link\">Seguir leyendo <span class=\"screen-reader-text\">D\u00eda del Flamenco<\/span> <span class=\"meta-nav\">&rarr;<\/span><\/a><\/p>\n","protected":false},"author":12,"featured_media":0,"comment_status":"open","ping_status":"open","sticky":false,"template":"","format":"standard","meta":{"jetpack_post_was_ever_published":false,"_jetpack_newsletter_access":"","_jetpack_dont_email_post_to_subs":false,"_jetpack_newsletter_tier_id":0,"_jetpack_memberships_contains_paywalled_content":false,"_jetpack_memberships_contains_paid_content":false,"footnotes":"","jetpack_publicize_message":"","jetpack_publicize_feature_enabled":true,"jetpack_social_post_already_shared":true,"jetpack_social_options":{"image_generator_settings":{"template":"highway","default_image_id":0,"font":"","enabled":false},"version":2}},"categories":[2,224,8],"tags":[32,60,92],"class_list":["post-38921","post","type-post","status-publish","format-standard","hentry","category-1o-epo","category-dia-del-flamenco","category-diario-de-clase-1o","tag-alqueria","tag-primaria","tag-semanario"],"jetpack_publicize_connections":[],"jetpack_featured_media_url":"","jetpack_sharing_enabled":true,"jetpack_shortlink":"https:\/\/wp.me\/p4lvS0-a7L","_links":{"self":[{"href":"https:\/\/www.alqueria.es\/blogs\/alqueriaprimerciclo\/wp-json\/wp\/v2\/posts\/38921","targetHints":{"allow":["GET"]}}],"collection":[{"href":"https:\/\/www.alqueria.es\/blogs\/alqueriaprimerciclo\/wp-json\/wp\/v2\/posts"}],"about":[{"href":"https:\/\/www.alqueria.es\/blogs\/alqueriaprimerciclo\/wp-json\/wp\/v2\/types\/post"}],"author":[{"embeddable":true,"href":"https:\/\/www.alqueria.es\/blogs\/alqueriaprimerciclo\/wp-json\/wp\/v2\/users\/12"}],"replies":[{"embeddable":true,"href":"https:\/\/www.alqueria.es\/blogs\/alqueriaprimerciclo\/wp-json\/wp\/v2\/comments?post=38921"}],"version-history":[{"count":5,"href":"https:\/\/www.alqueria.es\/blogs\/alqueriaprimerciclo\/wp-json\/wp\/v2\/posts\/38921\/revisions"}],"predecessor-version":[{"id":38943,"href":"https:\/\/www.alqueria.es\/blogs\/alqueriaprimerciclo\/wp-json\/wp\/v2\/posts\/38921\/revisions\/38943"}],"wp:attachment":[{"href":"https:\/\/www.alqueria.es\/blogs\/alqueriaprimerciclo\/wp-json\/wp\/v2\/media?parent=38921"}],"wp:term":[{"taxonomy":"category","embeddable":true,"href":"https:\/\/www.alqueria.es\/blogs\/alqueriaprimerciclo\/wp-json\/wp\/v2\/categories?post=38921"},{"taxonomy":"post_tag","embeddable":true,"href":"https:\/\/www.alqueria.es\/blogs\/alqueriaprimerciclo\/wp-json\/wp\/v2\/tags?post=38921"}],"curies":[{"name":"wp","href":"https:\/\/api.w.org\/{rel}","templated":true}]}}