{"id":38947,"date":"2024-12-01T12:20:01","date_gmt":"2024-12-01T11:20:01","guid":{"rendered":"https:\/\/www.alqueria.es\/blogs\/alqueriaprimerciclo\/?p=38947"},"modified":"2024-12-01T12:20:01","modified_gmt":"2024-12-01T11:20:01","slug":"progresos-en-1o","status":"publish","type":"post","link":"https:\/\/www.alqueria.es\/blogs\/alqueriaprimerciclo\/2024\/12\/01\/progresos-en-1o\/","title":{"rendered":"Progresos en 1\u00ba"},"content":{"rendered":"<p>Los progresos en primero son m\u00e1s que patentes, avanzamos a granes saltos en el dominio de las herramientas que nos posibilitan\u00a0 el aprendizaje.<\/p>\n<p><span style=\"font-weight: bold\">Avanzamos en matem\u00e1ticas<\/span><\/p>\n<p>Las sesiones de matem\u00e1ticas son esperadas con entusiasmo, nos gusta\u00a0 el reto, ponernos a prueba y los n\u00fameros lo hacen. Conocerlos a fondo es nuestro objetivo de estos meses y son variadas las actividades que realizamos para ello. Los distintos materiales nos hacen ver como se transforman, buscamos estrategias que poner en acci\u00f3n para resolver los distintos retos.<\/p>\n<h6>Las decenas y unidades<\/h6>\n<p>La descomposici\u00f3n de los n\u00fameros a partir del 9 en decenas y unidades viene siendo una forma de conocer los n\u00fameros que nos va mostrando distintas estrategias b\u00e1sicas para el c\u00e1lculo.<\/p>\n<h6>La recta num\u00e9rica<\/h6>\n<p>Conocer la recta num\u00e9rica y dominarla es otro de nuestros retos. El dominio de la espacialidad se hace necesario para llevarlo a cabo. Conceptos\u00a0 hacia delante- detr\u00e1s , izquierda &#8211; derecha, arriba -abajo, mayor- menor, mas-menos,..se requiere su dominio para que las estrategias sean efectivas y poder ponerlas al servicio de los contenidos trabajados.<\/p>\n<p>Practicamos con una recta num\u00e9rica grande. Salta de un n\u00famero\u00a0 a otro, contando los saltos es el truco para no fallar. La rana Sof\u00eda nos ayuda que es una experta en saltos y en estar atenta para hacerlo con acierto.<\/p>\n<div>\n<h6><img decoding=\"async\" data-attachment-id=\"39083\" data-permalink=\"https:\/\/www.alqueria.es\/blogs\/alqueriaprimerciclo\/2024\/12\/01\/progresos-en-1o\/img-20241130-wa0008\/\" data-orig-file=\"https:\/\/cloud.alqueria.es\/wp-content\/uploads\/sites\/6\/2024\/11\/IMG-20241130-WA0008.jpg\" data-orig-size=\"2000,1125\" data-comments-opened=\"1\" data-image-meta=\"{&quot;aperture&quot;:&quot;0&quot;,&quot;credit&quot;:&quot;&quot;,&quot;camera&quot;:&quot;&quot;,&quot;caption&quot;:&quot;&quot;,&quot;created_timestamp&quot;:&quot;0&quot;,&quot;copyright&quot;:&quot;&quot;,&quot;focal_length&quot;:&quot;0&quot;,&quot;iso&quot;:&quot;0&quot;,&quot;shutter_speed&quot;:&quot;0&quot;,&quot;title&quot;:&quot;&quot;,&quot;orientation&quot;:&quot;0&quot;}\" data-image-title=\"IMG-20241130-WA0008\" data-image-description=\"\" data-image-caption=\"\" data-large-file=\"https:\/\/cloud.alqueria.es\/wp-content\/uploads\/sites\/6\/2024\/11\/IMG-20241130-WA0008-1024x576.jpg\" class=\"alignnone size-large wp-image-39083\" src=\"https:\/\/cloud.alqueria.es\/wp-content\/uploads\/sites\/6\/2024\/11\/IMG-20241130-WA0008-1024x576.jpg\" alt=\"\" width=\"474\" height=\"267\" srcset=\"https:\/\/cloud.alqueria.es\/wp-content\/uploads\/sites\/6\/2024\/11\/IMG-20241130-WA0008-1024x576.jpg 1024w, https:\/\/cloud.alqueria.es\/wp-content\/uploads\/sites\/6\/2024\/11\/IMG-20241130-WA0008-300x169.jpg 300w, https:\/\/cloud.alqueria.es\/wp-content\/uploads\/sites\/6\/2024\/11\/IMG-20241130-WA0008-768x432.jpg 768w, https:\/\/cloud.alqueria.es\/wp-content\/uploads\/sites\/6\/2024\/11\/IMG-20241130-WA0008-1536x864.jpg 1536w, https:\/\/cloud.alqueria.es\/wp-content\/uploads\/sites\/6\/2024\/11\/IMG-20241130-WA0008.jpg 2000w\" sizes=\"(max-width: 474px) 100vw, 474px\" \/><img decoding=\"async\" data-attachment-id=\"39084\" data-permalink=\"https:\/\/www.alqueria.es\/blogs\/alqueriaprimerciclo\/2024\/12\/01\/progresos-en-1o\/img-20241130-wa0010\/\" data-orig-file=\"https:\/\/cloud.alqueria.es\/wp-content\/uploads\/sites\/6\/2024\/11\/IMG-20241130-WA0010.jpg\" data-orig-size=\"1125,2000\" data-comments-opened=\"1\" data-image-meta=\"{&quot;aperture&quot;:&quot;0&quot;,&quot;credit&quot;:&quot;&quot;,&quot;camera&quot;:&quot;&quot;,&quot;caption&quot;:&quot;&quot;,&quot;created_timestamp&quot;:&quot;0&quot;,&quot;copyright&quot;:&quot;&quot;,&quot;focal_length&quot;:&quot;0&quot;,&quot;iso&quot;:&quot;0&quot;,&quot;shutter_speed&quot;:&quot;0&quot;,&quot;title&quot;:&quot;&quot;,&quot;orientation&quot;:&quot;0&quot;}\" data-image-title=\"IMG-20241130-WA0010\" data-image-description=\"\" data-image-caption=\"\" data-large-file=\"https:\/\/cloud.alqueria.es\/wp-content\/uploads\/sites\/6\/2024\/11\/IMG-20241130-WA0010-576x1024.jpg\" class=\"alignnone size-large wp-image-39084\" src=\"https:\/\/cloud.alqueria.es\/wp-content\/uploads\/sites\/6\/2024\/11\/IMG-20241130-WA0010-576x1024.jpg\" alt=\"\" width=\"474\" height=\"843\" srcset=\"https:\/\/cloud.alqueria.es\/wp-content\/uploads\/sites\/6\/2024\/11\/IMG-20241130-WA0010-576x1024.jpg 576w, https:\/\/cloud.alqueria.es\/wp-content\/uploads\/sites\/6\/2024\/11\/IMG-20241130-WA0010-169x300.jpg 169w, https:\/\/cloud.alqueria.es\/wp-content\/uploads\/sites\/6\/2024\/11\/IMG-20241130-WA0010-768x1365.jpg 768w, https:\/\/cloud.alqueria.es\/wp-content\/uploads\/sites\/6\/2024\/11\/IMG-20241130-WA0010-864x1536.jpg 864w, https:\/\/cloud.alqueria.es\/wp-content\/uploads\/sites\/6\/2024\/11\/IMG-20241130-WA0010.jpg 1125w\" sizes=\"(max-width: 474px) 100vw, 474px\" \/><\/h6>\n<h6>Taller sobre el reconocimiento\u00a0 de las emociones con Laura<\/h6>\n<\/div>\n<p>Dentro del programa de inteligencia emocional que estamos llevando\u00a0 acabo con la gu\u00eda de Laura, nos ayuda a tener conciencia de que emoci\u00f3n estamos experimentando y cu\u00e1les son las consecuencias que conllevan cada una de ellas. Aprender a\u00a0 regularlas , para lo que debemos estar abiertos a lo que sentimos.<\/p>\n<p>Est\u00e1 semana trabajamos con el\u00a0 <strong><span style=\"color: #ff0000\">botiqu\u00edn\u00a0<\/span> <\/strong>de las emociones . Nos ha ayudado a reflexionar que cosas hacemos cuando nos sentimos mal, enfadados, nerviosos, tristes. Qu\u00e9 hacemos en esas situaciones o qu\u00e9 podemos hacer para salir de ellas y encontrar la calma. Dialogamos sobre el tema y Dibujamos nuestro propio botiqu\u00edn con los remedios que nos ayudan para utilizarlo cuando lo necesitemos.<\/p>\n<div>\n<h6><img decoding=\"async\" data-attachment-id=\"39082\" data-permalink=\"https:\/\/www.alqueria.es\/blogs\/alqueriaprimerciclo\/2024\/12\/01\/progresos-en-1o\/img-20241130-wa0009\/\" data-orig-file=\"https:\/\/cloud.alqueria.es\/wp-content\/uploads\/sites\/6\/2024\/11\/IMG-20241130-WA0009.jpg\" data-orig-size=\"2048,1197\" data-comments-opened=\"1\" data-image-meta=\"{&quot;aperture&quot;:&quot;0&quot;,&quot;credit&quot;:&quot;&quot;,&quot;camera&quot;:&quot;&quot;,&quot;caption&quot;:&quot;&quot;,&quot;created_timestamp&quot;:&quot;0&quot;,&quot;copyright&quot;:&quot;&quot;,&quot;focal_length&quot;:&quot;0&quot;,&quot;iso&quot;:&quot;0&quot;,&quot;shutter_speed&quot;:&quot;0&quot;,&quot;title&quot;:&quot;&quot;,&quot;orientation&quot;:&quot;0&quot;}\" data-image-title=\"IMG-20241130-WA0009\" data-image-description=\"\" data-image-caption=\"\" data-large-file=\"https:\/\/cloud.alqueria.es\/wp-content\/uploads\/sites\/6\/2024\/11\/IMG-20241130-WA0009-1024x599.jpg\" class=\"alignnone size-large wp-image-39082\" src=\"https:\/\/cloud.alqueria.es\/wp-content\/uploads\/sites\/6\/2024\/11\/IMG-20241130-WA0009-1024x599.jpg\" alt=\"\" width=\"474\" height=\"277\" srcset=\"https:\/\/cloud.alqueria.es\/wp-content\/uploads\/sites\/6\/2024\/11\/IMG-20241130-WA0009-1024x599.jpg 1024w, https:\/\/cloud.alqueria.es\/wp-content\/uploads\/sites\/6\/2024\/11\/IMG-20241130-WA0009-300x175.jpg 300w, https:\/\/cloud.alqueria.es\/wp-content\/uploads\/sites\/6\/2024\/11\/IMG-20241130-WA0009-768x449.jpg 768w, https:\/\/cloud.alqueria.es\/wp-content\/uploads\/sites\/6\/2024\/11\/IMG-20241130-WA0009-1536x898.jpg 1536w, https:\/\/cloud.alqueria.es\/wp-content\/uploads\/sites\/6\/2024\/11\/IMG-20241130-WA0009.jpg 2048w\" sizes=\"(max-width: 474px) 100vw, 474px\" \/><\/h6>\n<h6><span style=\"color: #0000ff\"><strong>CONFERENCIA DE MAX SOBRE CABALLITOS DE MAR<\/strong><\/span><\/h6>\n<p>Max nos ha explicado muy bien su investigaci\u00f3n sobre estos animales tan especiales.<\/p>\n<p><img decoding=\"async\" data-attachment-id=\"39089\" data-permalink=\"https:\/\/www.alqueria.es\/blogs\/alqueriaprimerciclo\/2024\/12\/01\/progresos-en-1o\/img-20241130-wa0000\/\" data-orig-file=\"https:\/\/cloud.alqueria.es\/wp-content\/uploads\/sites\/6\/2024\/11\/IMG-20241130-WA0000.jpg\" data-orig-size=\"2048,1804\" data-comments-opened=\"1\" data-image-meta=\"{&quot;aperture&quot;:&quot;0&quot;,&quot;credit&quot;:&quot;&quot;,&quot;camera&quot;:&quot;&quot;,&quot;caption&quot;:&quot;&quot;,&quot;created_timestamp&quot;:&quot;0&quot;,&quot;copyright&quot;:&quot;&quot;,&quot;focal_length&quot;:&quot;0&quot;,&quot;iso&quot;:&quot;0&quot;,&quot;shutter_speed&quot;:&quot;0&quot;,&quot;title&quot;:&quot;&quot;,&quot;orientation&quot;:&quot;0&quot;}\" data-image-title=\"IMG-20241130-WA0000\" data-image-description=\"\" data-image-caption=\"\" data-large-file=\"https:\/\/cloud.alqueria.es\/wp-content\/uploads\/sites\/6\/2024\/11\/IMG-20241130-WA0000-1024x902.jpg\" class=\"alignnone size-large wp-image-39089\" src=\"https:\/\/cloud.alqueria.es\/wp-content\/uploads\/sites\/6\/2024\/11\/IMG-20241130-WA0000-1024x902.jpg\" alt=\"\" width=\"474\" height=\"418\" srcset=\"https:\/\/cloud.alqueria.es\/wp-content\/uploads\/sites\/6\/2024\/11\/IMG-20241130-WA0000-1024x902.jpg 1024w, https:\/\/cloud.alqueria.es\/wp-content\/uploads\/sites\/6\/2024\/11\/IMG-20241130-WA0000-300x264.jpg 300w, https:\/\/cloud.alqueria.es\/wp-content\/uploads\/sites\/6\/2024\/11\/IMG-20241130-WA0000-768x677.jpg 768w, https:\/\/cloud.alqueria.es\/wp-content\/uploads\/sites\/6\/2024\/11\/IMG-20241130-WA0000-1536x1353.jpg 1536w, https:\/\/cloud.alqueria.es\/wp-content\/uploads\/sites\/6\/2024\/11\/IMG-20241130-WA0000.jpg 2048w\" sizes=\"(max-width: 474px) 100vw, 474px\" \/><\/p>\n<\/div>\n<div>\n<p>Son peces, aunque muy diferentes a los peces que conocemos. Los caballitos de mar, tambi\u00e9n llamados hipocampos, se llaman as\u00ed porque su cabeza recuerda a la de un caballo.<\/p>\n<\/div>\n<div>\n<p>Hay unas 40 especies, la m\u00e1s peque\u00f1a tiene el tama\u00f1o de una u\u00f1a y la m\u00e1s grande el tama\u00f1o de un folio. Nadan muy diferente a los otros peces, los caballitos de mar nadan en posici\u00f3n vertical, de pie.<img decoding=\"async\" data-attachment-id=\"39091\" data-permalink=\"https:\/\/www.alqueria.es\/blogs\/alqueriaprimerciclo\/2024\/12\/01\/progresos-en-1o\/img-20241130-wa0005\/\" data-orig-file=\"https:\/\/cloud.alqueria.es\/wp-content\/uploads\/sites\/6\/2024\/11\/IMG-20241130-WA0005.jpg\" data-orig-size=\"2048,1536\" data-comments-opened=\"1\" data-image-meta=\"{&quot;aperture&quot;:&quot;0&quot;,&quot;credit&quot;:&quot;&quot;,&quot;camera&quot;:&quot;&quot;,&quot;caption&quot;:&quot;&quot;,&quot;created_timestamp&quot;:&quot;0&quot;,&quot;copyright&quot;:&quot;&quot;,&quot;focal_length&quot;:&quot;0&quot;,&quot;iso&quot;:&quot;0&quot;,&quot;shutter_speed&quot;:&quot;0&quot;,&quot;title&quot;:&quot;&quot;,&quot;orientation&quot;:&quot;0&quot;}\" data-image-title=\"IMG-20241130-WA0005\" data-image-description=\"\" data-image-caption=\"\" data-large-file=\"https:\/\/cloud.alqueria.es\/wp-content\/uploads\/sites\/6\/2024\/11\/IMG-20241130-WA0005-1024x768.jpg\" class=\"alignnone size-large wp-image-39091\" src=\"https:\/\/cloud.alqueria.es\/wp-content\/uploads\/sites\/6\/2024\/11\/IMG-20241130-WA0005-1024x768.jpg\" alt=\"\" width=\"474\" height=\"356\" srcset=\"https:\/\/cloud.alqueria.es\/wp-content\/uploads\/sites\/6\/2024\/11\/IMG-20241130-WA0005-1024x768.jpg 1024w, https:\/\/cloud.alqueria.es\/wp-content\/uploads\/sites\/6\/2024\/11\/IMG-20241130-WA0005-300x225.jpg 300w, https:\/\/cloud.alqueria.es\/wp-content\/uploads\/sites\/6\/2024\/11\/IMG-20241130-WA0005-768x576.jpg 768w, https:\/\/cloud.alqueria.es\/wp-content\/uploads\/sites\/6\/2024\/11\/IMG-20241130-WA0005-1536x1152.jpg 1536w, https:\/\/cloud.alqueria.es\/wp-content\/uploads\/sites\/6\/2024\/11\/IMG-20241130-WA0005.jpg 2048w\" sizes=\"(max-width: 474px) 100vw, 474px\" \/><\/p>\n<\/div>\n<div>\n<p>\u00bfC\u00f3mo es su cuerpo?<\/p>\n<\/div>\n<div>\n<p>Los caballitos de mar no tienen escamas como otros peces. Su cuerpo est\u00e1 protegido por una armadura recubierta de piel muy dura. por lo que son muy poco apetecibles para sus depredadores.<\/p>\n<\/div>\n<ul>\n<li>Camuflaje:\u00a0pueden cambiar de color y camuflarse en el entorno para no ser comidos o para sorprender a su presa.<\/li>\n<li>Hocico:\u00a0 no tienen dientes por eso tienen que aspirar sus presas enteras. Comen cualquier cosa que quepa en su peque\u00f1o hocico, como plankton, camarones, peces muy peque\u00f1os, huevos, caracoles, y otras presas vivas.<\/li>\n<li>Ojos m\u00f3viles: igual que un camale\u00f3n los caballitos de mar pueden mover cada ojo a lados diferentes, por lo que tienen muy buena vista y les ayuda a reconocer sus presas.<\/li>\n<li>Aleta pectoral: esta aleta le sirve para moverse en vertical, arriba y abajo.<\/li>\n<li>Aleta dorsal: esta aleta le ayuda a nadar en horizontal, hacia los lados.<\/li>\n<li>Sus aletas son muy peque\u00f1as por eso los caballitos de mar son muy lentos nadadores.<\/li>\n<li>Cola prensil:\u00a0es muy flexible; esta cola permite a los caballitos agarrarse a corales y plantas para no ser arrastrado por las corrientes.<\/li>\n<li>Marsupio: es una bolsa que s\u00f3lo la tienen los machos. En esta bolsa guardan a las cr\u00edas.<\/li>\n<\/ul>\n<p><img decoding=\"async\" data-attachment-id=\"39081\" data-permalink=\"https:\/\/www.alqueria.es\/blogs\/alqueriaprimerciclo\/2024\/12\/01\/progresos-en-1o\/img-20241130-wa0002\/\" data-orig-file=\"https:\/\/cloud.alqueria.es\/wp-content\/uploads\/sites\/6\/2024\/11\/IMG-20241130-WA0002.jpg\" data-orig-size=\"2048,1566\" data-comments-opened=\"1\" data-image-meta=\"{&quot;aperture&quot;:&quot;0&quot;,&quot;credit&quot;:&quot;&quot;,&quot;camera&quot;:&quot;&quot;,&quot;caption&quot;:&quot;&quot;,&quot;created_timestamp&quot;:&quot;0&quot;,&quot;copyright&quot;:&quot;&quot;,&quot;focal_length&quot;:&quot;0&quot;,&quot;iso&quot;:&quot;0&quot;,&quot;shutter_speed&quot;:&quot;0&quot;,&quot;title&quot;:&quot;&quot;,&quot;orientation&quot;:&quot;0&quot;}\" data-image-title=\"IMG-20241130-WA0002\" data-image-description=\"\" data-image-caption=\"\" data-large-file=\"https:\/\/cloud.alqueria.es\/wp-content\/uploads\/sites\/6\/2024\/11\/IMG-20241130-WA0002-1024x783.jpg\" class=\"alignnone size-large wp-image-39081\" src=\"https:\/\/cloud.alqueria.es\/wp-content\/uploads\/sites\/6\/2024\/11\/IMG-20241130-WA0002-1024x783.jpg\" alt=\"\" width=\"474\" height=\"362\" srcset=\"https:\/\/cloud.alqueria.es\/wp-content\/uploads\/sites\/6\/2024\/11\/IMG-20241130-WA0002-1024x783.jpg 1024w, https:\/\/cloud.alqueria.es\/wp-content\/uploads\/sites\/6\/2024\/11\/IMG-20241130-WA0002-300x229.jpg 300w, https:\/\/cloud.alqueria.es\/wp-content\/uploads\/sites\/6\/2024\/11\/IMG-20241130-WA0002-768x587.jpg 768w, https:\/\/cloud.alqueria.es\/wp-content\/uploads\/sites\/6\/2024\/11\/IMG-20241130-WA0002-1536x1175.jpg 1536w, https:\/\/cloud.alqueria.es\/wp-content\/uploads\/sites\/6\/2024\/11\/IMG-20241130-WA0002.jpg 2048w\" sizes=\"(max-width: 474px) 100vw, 474px\" \/><\/p>\n<div>\n<p>\u00bfC\u00f3mo es su embarazo?<\/p>\n<\/div>\n<div>\n<p>El embarazo de los caballitos de mar es muy especial porque es el macho quien lleva a las cr\u00edas en su barriga.<\/p>\n<\/div>\n<ul>\n<li>Primero deben encontrar pareja; los caballitos tienen la misma pareja toda su vida.<\/li>\n<li>Cuando encuentran su pareja hacen un bonito baile, nadan al rededor uno del otro, chocan sus colas, incluso pueden cambiar de color.<\/li>\n<li>La hembra pasa sus huevos al macho.<\/li>\n<li>El macho guarda los huevos en el marsupio (la bolsa que tienen los machos en su barriga).<\/li>\n<li>El macho cuida y protege los huevos.<\/li>\n<li>A los 45 d\u00edas se han convertido en peque\u00f1os caballitos de mar, ya pueden salir de la bolsa del macho.<\/li>\n<li>Una vez que salen, ya pueden nadar libres y se separan del pap\u00e1 para buscar su propio sitio en el mar.<\/li>\n<\/ul>\n<p><img decoding=\"async\" data-attachment-id=\"39088\" data-permalink=\"https:\/\/www.alqueria.es\/blogs\/alqueriaprimerciclo\/2024\/12\/01\/progresos-en-1o\/img-20241130-wa0003\/\" data-orig-file=\"https:\/\/cloud.alqueria.es\/wp-content\/uploads\/sites\/6\/2024\/11\/IMG-20241130-WA0003.jpg\" data-orig-size=\"2048,1503\" data-comments-opened=\"1\" data-image-meta=\"{&quot;aperture&quot;:&quot;0&quot;,&quot;credit&quot;:&quot;&quot;,&quot;camera&quot;:&quot;&quot;,&quot;caption&quot;:&quot;&quot;,&quot;created_timestamp&quot;:&quot;0&quot;,&quot;copyright&quot;:&quot;&quot;,&quot;focal_length&quot;:&quot;0&quot;,&quot;iso&quot;:&quot;0&quot;,&quot;shutter_speed&quot;:&quot;0&quot;,&quot;title&quot;:&quot;&quot;,&quot;orientation&quot;:&quot;0&quot;}\" data-image-title=\"IMG-20241130-WA0003\" data-image-description=\"\" data-image-caption=\"\" data-large-file=\"https:\/\/cloud.alqueria.es\/wp-content\/uploads\/sites\/6\/2024\/11\/IMG-20241130-WA0003-1024x752.jpg\" class=\"alignnone size-large wp-image-39088\" src=\"https:\/\/cloud.alqueria.es\/wp-content\/uploads\/sites\/6\/2024\/11\/IMG-20241130-WA0003-1024x752.jpg\" alt=\"\" width=\"474\" height=\"348\" srcset=\"https:\/\/cloud.alqueria.es\/wp-content\/uploads\/sites\/6\/2024\/11\/IMG-20241130-WA0003-1024x752.jpg 1024w, https:\/\/cloud.alqueria.es\/wp-content\/uploads\/sites\/6\/2024\/11\/IMG-20241130-WA0003-300x220.jpg 300w, https:\/\/cloud.alqueria.es\/wp-content\/uploads\/sites\/6\/2024\/11\/IMG-20241130-WA0003-768x564.jpg 768w, https:\/\/cloud.alqueria.es\/wp-content\/uploads\/sites\/6\/2024\/11\/IMG-20241130-WA0003-1536x1127.jpg 1536w, https:\/\/cloud.alqueria.es\/wp-content\/uploads\/sites\/6\/2024\/11\/IMG-20241130-WA0003.jpg 2048w\" sizes=\"(max-width: 474px) 100vw, 474px\" \/><\/p>\n<div>\n<p>\u00bfD\u00f3nde viven?<\/p>\n<\/div>\n<div>\n<p>Los caballitos de mar viven en aguas tropicales, de temperaturas calientes,\u00a0 entre corales y praderas de algas. cerca de la orilla. Estos lugares son seguros y tranquilos para ellos; tambi\u00e9n est\u00e1n llenos de comida.<\/p>\n<\/div>\n<div>\n<p>\u00bfQui\u00e9nes son sus enemigos ?<\/p>\n<\/div>\n<div>\n<p>El cangrejo es su habitual depredador, aunque tambi\u00e9n mantarrayas, at\u00fan, pez tigre, tiburones. Aunque su principal depredador es el ser humano, es el responsable de destruir el coral, donde vive el caballito de mar, causan la contaminaci\u00f3n de su medio ambiente, incluso cazan a los caballitos de mar para el uso medicinal o de artesan\u00eda, o los sacan de sus hogar para que la gente los compre como recuerdo.<img decoding=\"async\" data-attachment-id=\"39087\" data-permalink=\"https:\/\/www.alqueria.es\/blogs\/alqueriaprimerciclo\/2024\/12\/01\/progresos-en-1o\/img-20241130-wa00041\/\" data-orig-file=\"https:\/\/cloud.alqueria.es\/wp-content\/uploads\/sites\/6\/2024\/11\/IMG-20241130-WA00041.jpg\" data-orig-size=\"2048,1569\" data-comments-opened=\"1\" data-image-meta=\"{&quot;aperture&quot;:&quot;0&quot;,&quot;credit&quot;:&quot;&quot;,&quot;camera&quot;:&quot;&quot;,&quot;caption&quot;:&quot;&quot;,&quot;created_timestamp&quot;:&quot;0&quot;,&quot;copyright&quot;:&quot;&quot;,&quot;focal_length&quot;:&quot;0&quot;,&quot;iso&quot;:&quot;0&quot;,&quot;shutter_speed&quot;:&quot;0&quot;,&quot;title&quot;:&quot;&quot;,&quot;orientation&quot;:&quot;0&quot;}\" data-image-title=\"IMG-20241130-WA0004(1)\" data-image-description=\"\" data-image-caption=\"\" data-large-file=\"https:\/\/cloud.alqueria.es\/wp-content\/uploads\/sites\/6\/2024\/11\/IMG-20241130-WA00041-1024x785.jpg\" class=\"alignnone size-large wp-image-39087\" src=\"https:\/\/cloud.alqueria.es\/wp-content\/uploads\/sites\/6\/2024\/11\/IMG-20241130-WA00041-1024x785.jpg\" alt=\"\" width=\"474\" height=\"363\" srcset=\"https:\/\/cloud.alqueria.es\/wp-content\/uploads\/sites\/6\/2024\/11\/IMG-20241130-WA00041-1024x785.jpg 1024w, https:\/\/cloud.alqueria.es\/wp-content\/uploads\/sites\/6\/2024\/11\/IMG-20241130-WA00041-300x230.jpg 300w, https:\/\/cloud.alqueria.es\/wp-content\/uploads\/sites\/6\/2024\/11\/IMG-20241130-WA00041-768x588.jpg 768w, https:\/\/cloud.alqueria.es\/wp-content\/uploads\/sites\/6\/2024\/11\/IMG-20241130-WA00041-1536x1177.jpg 1536w, https:\/\/cloud.alqueria.es\/wp-content\/uploads\/sites\/6\/2024\/11\/IMG-20241130-WA00041.jpg 2048w\" sizes=\"(max-width: 474px) 100vw, 474px\" \/><\/p>\n<\/div>\n<div>\n<p>\u00bfC\u00f3mo podemos ayudar a los caballitos de mar?<\/p>\n<\/div>\n<div>\n<p>Podemos ayudar a los caballitos de mar cuidando el mar y protegiendo su hogar.<\/p>\n<\/div>\n<ul>\n<li>Siempre debemos respetar a los animales y plantas marinas.<\/li>\n<li>No debemos tirar basura al agua.<\/li>\n<li>Usar menos pl\u00e1stico.<\/li>\n<li>No comprar caballitos de mar.<\/li>\n<\/ul>\n<div>\n<p>Si no cambiamos nuestro modo de actuar, el mundo de los caballitos de mar y de otros peces dejar\u00e1 de existir.<img decoding=\"async\" data-attachment-id=\"39086\" data-permalink=\"https:\/\/www.alqueria.es\/blogs\/alqueriaprimerciclo\/2024\/12\/01\/progresos-en-1o\/img-20241130-wa0001\/\" data-orig-file=\"https:\/\/cloud.alqueria.es\/wp-content\/uploads\/sites\/6\/2024\/11\/IMG-20241130-WA0001.jpg\" data-orig-size=\"1125,2000\" data-comments-opened=\"1\" data-image-meta=\"{&quot;aperture&quot;:&quot;0&quot;,&quot;credit&quot;:&quot;&quot;,&quot;camera&quot;:&quot;&quot;,&quot;caption&quot;:&quot;&quot;,&quot;created_timestamp&quot;:&quot;0&quot;,&quot;copyright&quot;:&quot;&quot;,&quot;focal_length&quot;:&quot;0&quot;,&quot;iso&quot;:&quot;0&quot;,&quot;shutter_speed&quot;:&quot;0&quot;,&quot;title&quot;:&quot;&quot;,&quot;orientation&quot;:&quot;0&quot;}\" data-image-title=\"IMG-20241130-WA0001\" data-image-description=\"\" data-image-caption=\"\" data-large-file=\"https:\/\/cloud.alqueria.es\/wp-content\/uploads\/sites\/6\/2024\/11\/IMG-20241130-WA0001-576x1024.jpg\" class=\"alignnone size-large wp-image-39086\" src=\"https:\/\/cloud.alqueria.es\/wp-content\/uploads\/sites\/6\/2024\/11\/IMG-20241130-WA0001-576x1024.jpg\" alt=\"\" width=\"474\" height=\"843\" srcset=\"https:\/\/cloud.alqueria.es\/wp-content\/uploads\/sites\/6\/2024\/11\/IMG-20241130-WA0001-576x1024.jpg 576w, https:\/\/cloud.alqueria.es\/wp-content\/uploads\/sites\/6\/2024\/11\/IMG-20241130-WA0001-169x300.jpg 169w, https:\/\/cloud.alqueria.es\/wp-content\/uploads\/sites\/6\/2024\/11\/IMG-20241130-WA0001-768x1365.jpg 768w, https:\/\/cloud.alqueria.es\/wp-content\/uploads\/sites\/6\/2024\/11\/IMG-20241130-WA0001-864x1536.jpg 864w, https:\/\/cloud.alqueria.es\/wp-content\/uploads\/sites\/6\/2024\/11\/IMG-20241130-WA0001.jpg 1125w\" sizes=\"(max-width: 474px) 100vw, 474px\" \/><\/p>\n<p>Muchas gracias Max por compartir con nosotros tanta\u00a0 informaci\u00f3n interesante. Nos ha encantado conocer a los caballitos de mar.<\/p>\n<\/div>\n<p><span style=\"color: #008000\"><strong>EDUCACI\u00d3N F\u00cdSICA<\/strong>\u00a0<\/span><\/p>\n<p>Alberto nos transmite como est\u00e1 siendo el trabajo en el \u00e1rea de educaci\u00f3n f\u00edsica:<\/p>\n<p>Este curso est\u00e1 siendo un emocionante viaje para el grupo de primero. Desde el inicio, nos hemos centrado en crear un ambiente c\u00e1lido y acogedor que facilite la integraci\u00f3n del grupo, a las din\u00e1micas de las clases de educaci\u00f3n f\u00edsica mostrando \u00a0una excelente capacidad de adaptaci\u00f3n a esta nueva etapa.<\/p>\n<p>Desde las primeras sesiones de Educaci\u00f3n F\u00edsica, hemos podido observar c\u00f3mo el grupo ha asumido los nuevos retos con entusiasmo, curiosidad y sobre todo muchas ganas de aprender jugando y divirti\u00e9ndose con sus compa\u00f1eros y compa\u00f1eras en las sesiones de educaci\u00f3n f\u00edsica.<\/p>\n<p>Algunos cambios significativos que se producen al pasar de Infantil a Primaria es el incremento de la autonom\u00eda y la responsabilidad.<\/p>\n<p>Les pedimos seguir instrucciones m\u00e1s detalladas. Las actividades son m\u00e1s estructuradas y requieren que presten atenci\u00f3n a varios pasos o reglas al mismo tiempo.<\/p>\n<p>Participar en din\u00e1micas grupales: En esta etapa, promovemos m\u00e1s juegos en equipo, donde aprenden a colaborar, respetar turnos y valorar el esfuerzo colectivo.<\/p>\n<p>M\u00e1s all\u00e1 de los aprendizajes motrices, queremos destacar la excelente actitud del grupo en esta etapa de transici\u00f3n, han creado un ambiente de compa\u00f1erismo y cooperaci\u00f3n , han aprendido a enfrentarse a los retos con valent\u00eda, a celebrar sus logros y a apoyarse mutuamente cuando algo no sale como esperaban.<\/p>\n<p>Se han adaptado a esta nueva etapa abrazando los cambios con ilusi\u00f3n y disfrutando de cada sesi\u00f3n.<\/p>\n<p>Seguiremos trabajando para que esta experiencia sea enriquecedora y para que todos y todas contin\u00faen desarroll\u00e1ndose en todos los aspectos. \u00a1El primer a\u00f1o en Primaria es s\u00f3lo el comienzo de muchas aventuras por delante!<\/p>\n<p>Pod\u00e9is ver\u00a0 algunas im\u00e1genes de vuestros hijos e hijas en acci\u00f3n. Estas fotos reflejan no s\u00f3lo su progreso en habilidades motrices, sino tambi\u00e9n su alegr\u00eda y compa\u00f1erismo durante las actividades.<\/p>\n<p>Maestro Especialista de Educaci\u00f3n F\u00edsica: Alberto Castro Gracia.<\/p>\n<p class=\"jetpack-slideshow-noscript robots-nocontent\">El pase de diapositivas requiere JavaScript.<\/p><div id=\"gallery-38947-1-slideshow\" class=\"jetpack-slideshow-window jetpack-slideshow jetpack-slideshow-black\" data-trans=\"fade\" data-autostart=\"1\" data-gallery=\"[{&quot;src&quot;:&quot;https:\\\/\\\/cloud.alqueria.es\\\/wp-content\\\/uploads\\\/sites\\\/6\\\/2024\\\/11\\\/IMG-20241122-WA0011-300x165.jpg&quot;,&quot;id&quot;:&quot;38982&quot;,&quot;title&quot;:&quot;IMG-20241122-WA0011&quot;,&quot;alt&quot;:&quot;&quot;,&quot;caption&quot;:&quot;&quot;,&quot;itemprop&quot;:&quot;image&quot;},{&quot;src&quot;:&quot;https:\\\/\\\/cloud.alqueria.es\\\/wp-content\\\/uploads\\\/sites\\\/6\\\/2024\\\/11\\\/IMG-20241122-WA0013-300x226.jpg&quot;,&quot;id&quot;:&quot;38981&quot;,&quot;title&quot;:&quot;IMG-20241122-WA0013&quot;,&quot;alt&quot;:&quot;&quot;,&quot;caption&quot;:&quot;&quot;,&quot;itemprop&quot;:&quot;image&quot;},{&quot;src&quot;:&quot;https:\\\/\\\/cloud.alqueria.es\\\/wp-content\\\/uploads\\\/sites\\\/6\\\/2024\\\/11\\\/IMG-20241122-WA0014-300x226.jpg&quot;,&quot;id&quot;:&quot;38980&quot;,&quot;title&quot;:&quot;IMG-20241122-WA0014&quot;,&quot;alt&quot;:&quot;&quot;,&quot;caption&quot;:&quot;&quot;,&quot;itemprop&quot;:&quot;image&quot;},{&quot;src&quot;:&quot;https:\\\/\\\/cloud.alqueria.es\\\/wp-content\\\/uploads\\\/sites\\\/6\\\/2024\\\/11\\\/IMG-20241122-WA00082-300x239.jpg&quot;,&quot;id&quot;:&quot;38979&quot;,&quot;title&quot;:&quot;IMG-20241122-WA0008~2&quot;,&quot;alt&quot;:&quot;&quot;,&quot;caption&quot;:&quot;&quot;,&quot;itemprop&quot;:&quot;image&quot;},{&quot;src&quot;:&quot;https:\\\/\\\/cloud.alqueria.es\\\/wp-content\\\/uploads\\\/sites\\\/6\\\/2024\\\/11\\\/IMG-20241122-WA0007-300x187.jpg&quot;,&quot;id&quot;:&quot;38978&quot;,&quot;title&quot;:&quot;IMG-20241122-WA0007&quot;,&quot;alt&quot;:&quot;&quot;,&quot;caption&quot;:&quot;&quot;,&quot;itemprop&quot;:&quot;image&quot;},{&quot;src&quot;:&quot;https:\\\/\\\/cloud.alqueria.es\\\/wp-content\\\/uploads\\\/sites\\\/6\\\/2024\\\/11\\\/IMG-20241122-WA00122-300x292.jpg&quot;,&quot;id&quot;:&quot;38969&quot;,&quot;title&quot;:&quot;IMG-20241122-WA0012~2&quot;,&quot;alt&quot;:&quot;&quot;,&quot;caption&quot;:&quot;&quot;,&quot;itemprop&quot;:&quot;image&quot;},{&quot;src&quot;:&quot;https:\\\/\\\/cloud.alqueria.es\\\/wp-content\\\/uploads\\\/sites\\\/6\\\/2024\\\/11\\\/IMG-20241122-WA00092-300x266.jpg&quot;,&quot;id&quot;:&quot;38970&quot;,&quot;title&quot;:&quot;IMG-20241122-WA0009~2&quot;,&quot;alt&quot;:&quot;&quot;,&quot;caption&quot;:&quot;&quot;,&quot;itemprop&quot;:&quot;image&quot;},{&quot;src&quot;:&quot;https:\\\/\\\/cloud.alqueria.es\\\/wp-content\\\/uploads\\\/sites\\\/6\\\/2024\\\/11\\\/IMG-20241122-WA0002-300x226.jpg&quot;,&quot;id&quot;:&quot;38971&quot;,&quot;title&quot;:&quot;IMG-20241122-WA0002&quot;,&quot;alt&quot;:&quot;&quot;,&quot;caption&quot;:&quot;&quot;,&quot;itemprop&quot;:&quot;image&quot;},{&quot;src&quot;:&quot;https:\\\/\\\/cloud.alqueria.es\\\/wp-content\\\/uploads\\\/sites\\\/6\\\/2024\\\/11\\\/IMG-20241122-WA0001-300x226.jpg&quot;,&quot;id&quot;:&quot;38972&quot;,&quot;title&quot;:&quot;IMG-20241122-WA0001&quot;,&quot;alt&quot;:&quot;&quot;,&quot;caption&quot;:&quot;&quot;,&quot;itemprop&quot;:&quot;image&quot;},{&quot;src&quot;:&quot;https:\\\/\\\/cloud.alqueria.es\\\/wp-content\\\/uploads\\\/sites\\\/6\\\/2024\\\/11\\\/IMG-20241122-WA0000-300x156.jpg&quot;,&quot;id&quot;:&quot;38973&quot;,&quot;title&quot;:&quot;IMG-20241122-WA0000&quot;,&quot;alt&quot;:&quot;&quot;,&quot;caption&quot;:&quot;&quot;,&quot;itemprop&quot;:&quot;image&quot;},{&quot;src&quot;:&quot;https:\\\/\\\/cloud.alqueria.es\\\/wp-content\\\/uploads\\\/sites\\\/6\\\/2024\\\/11\\\/IMG-20241122-WA0006-300x233.jpg&quot;,&quot;id&quot;:&quot;38974&quot;,&quot;title&quot;:&quot;IMG-20241122-WA0006&quot;,&quot;alt&quot;:&quot;&quot;,&quot;caption&quot;:&quot;&quot;,&quot;itemprop&quot;:&quot;image&quot;},{&quot;src&quot;:&quot;https:\\\/\\\/cloud.alqueria.es\\\/wp-content\\\/uploads\\\/sites\\\/6\\\/2024\\\/11\\\/IMG-20241122-WA0005-300x231.jpg&quot;,&quot;id&quot;:&quot;38975&quot;,&quot;title&quot;:&quot;IMG-20241122-WA0005&quot;,&quot;alt&quot;:&quot;&quot;,&quot;caption&quot;:&quot;&quot;,&quot;itemprop&quot;:&quot;image&quot;},{&quot;src&quot;:&quot;https:\\\/\\\/cloud.alqueria.es\\\/wp-content\\\/uploads\\\/sites\\\/6\\\/2024\\\/11\\\/IMG-20241122-WA0003-300x226.jpg&quot;,&quot;id&quot;:&quot;38976&quot;,&quot;title&quot;:&quot;IMG-20241122-WA0003&quot;,&quot;alt&quot;:&quot;&quot;,&quot;caption&quot;:&quot;&quot;,&quot;itemprop&quot;:&quot;image&quot;},{&quot;src&quot;:&quot;https:\\\/\\\/cloud.alqueria.es\\\/wp-content\\\/uploads\\\/sites\\\/6\\\/2024\\\/11\\\/IMG-20241122-WA0010-300x199.jpg&quot;,&quot;id&quot;:&quot;38977&quot;,&quot;title&quot;:&quot;IMG-20241122-WA0010&quot;,&quot;alt&quot;:&quot;&quot;,&quot;caption&quot;:&quot;&quot;,&quot;itemprop&quot;:&quot;image&quot;}]\" itemscope itemtype=\"https:\/\/schema.org\/ImageGallery\"><\/div>\n<p style=\"padding-left: 40px\"><strong>Simulacro<\/strong><\/p>\n<p>Tras la formaci\u00f3n recibida en semanas anteriores sobre como actuar\u00a0 en caso de emergencia, en esta ocasi\u00f3n hemos realizado un simulacro que nos ha demostrado que hemos aprendido muy bien c\u00f3mo llevarlo a cabo.<\/p>\n<p><img decoding=\"async\" data-attachment-id=\"39090\" data-permalink=\"https:\/\/www.alqueria.es\/blogs\/alqueriaprimerciclo\/2024\/12\/01\/progresos-en-1o\/img-20241130-wa0007\/\" data-orig-file=\"https:\/\/cloud.alqueria.es\/wp-content\/uploads\/sites\/6\/2024\/11\/IMG-20241130-WA0007.jpg\" data-orig-size=\"1125,2000\" data-comments-opened=\"1\" data-image-meta=\"{&quot;aperture&quot;:&quot;0&quot;,&quot;credit&quot;:&quot;&quot;,&quot;camera&quot;:&quot;&quot;,&quot;caption&quot;:&quot;&quot;,&quot;created_timestamp&quot;:&quot;0&quot;,&quot;copyright&quot;:&quot;&quot;,&quot;focal_length&quot;:&quot;0&quot;,&quot;iso&quot;:&quot;0&quot;,&quot;shutter_speed&quot;:&quot;0&quot;,&quot;title&quot;:&quot;&quot;,&quot;orientation&quot;:&quot;0&quot;}\" data-image-title=\"IMG-20241130-WA0007\" data-image-description=\"\" data-image-caption=\"\" data-large-file=\"https:\/\/cloud.alqueria.es\/wp-content\/uploads\/sites\/6\/2024\/11\/IMG-20241130-WA0007-576x1024.jpg\" class=\"alignnone size-large wp-image-39090\" src=\"https:\/\/cloud.alqueria.es\/wp-content\/uploads\/sites\/6\/2024\/11\/IMG-20241130-WA0007-576x1024.jpg\" alt=\"\" width=\"474\" height=\"843\" srcset=\"https:\/\/cloud.alqueria.es\/wp-content\/uploads\/sites\/6\/2024\/11\/IMG-20241130-WA0007-576x1024.jpg 576w, https:\/\/cloud.alqueria.es\/wp-content\/uploads\/sites\/6\/2024\/11\/IMG-20241130-WA0007-169x300.jpg 169w, https:\/\/cloud.alqueria.es\/wp-content\/uploads\/sites\/6\/2024\/11\/IMG-20241130-WA0007-768x1365.jpg 768w, https:\/\/cloud.alqueria.es\/wp-content\/uploads\/sites\/6\/2024\/11\/IMG-20241130-WA0007-864x1536.jpg 864w, https:\/\/cloud.alqueria.es\/wp-content\/uploads\/sites\/6\/2024\/11\/IMG-20241130-WA0007.jpg 1125w\" sizes=\"(max-width: 474px) 100vw, 474px\" \/><\/p>\n<p><strong>\u00a0 \u00a0\ufe0fCINE<\/strong> \ufe0f<\/p>\n<p>Damos cierre a nuestra participaci\u00f3n en el festival de cine a trav\u00e9s de la ventana cin\u00e9fila. Nos ha ofrecido\u00a0 la oportunidad de ver\u00a0 seis cortos de animaci\u00f3n especialmente seleccionados.<\/p>\n<blockquote><p>Las t\u00e9cnicas art\u00edsticas utilizadas en los dibujos y el trabajo sonoro de cada corto nos permiten conocer varias maneras de trabajar. Con esta diversidad tanto en la forma como en el contenido, podemos reflexionar sobre las infinitas posibilidades de narrar las historias.<\/p>\n<p>Lejos del ritmo r\u00e1pido y la cantidad de est\u00edmulos visuales que ofrecen algunas grandes producciones de cine infantil (como, por ejemplo, las pel\u00edculas de acci\u00f3n o de superh\u00e9roes), estos cortometrajes ponen en valor un ritmo tranquilo, que da espacio a la contemplaci\u00f3n del trabajo art\u00edstico de las<br \/>\nanimaciones, a la conexi\u00f3n con la historia a trav\u00e9s de un sonido envolvente y a la construcci\u00f3n de personajes con los que las criaturas se pueden identificar.<\/p><\/blockquote>\n<p><img decoding=\"async\" data-attachment-id=\"38588\" data-permalink=\"https:\/\/www.alqueria.es\/blogs\/alqueriaprimerciclo\/2024\/10\/19\/emociones-y-creatividad-en-primero\/screenshot_2024-10-08-20-26-53-790_com-android-chrome\/\" data-orig-file=\"https:\/\/cloud.alqueria.es\/wp-content\/uploads\/sites\/6\/2024\/10\/Screenshot_2024-10-08-20-26-53-790_com.android.chrome.jpg\" data-orig-size=\"1080,1453\" data-comments-opened=\"1\" data-image-meta=\"{&quot;aperture&quot;:&quot;0&quot;,&quot;credit&quot;:&quot;&quot;,&quot;camera&quot;:&quot;&quot;,&quot;caption&quot;:&quot;&quot;,&quot;created_timestamp&quot;:&quot;0&quot;,&quot;copyright&quot;:&quot;&quot;,&quot;focal_length&quot;:&quot;0&quot;,&quot;iso&quot;:&quot;0&quot;,&quot;shutter_speed&quot;:&quot;0&quot;,&quot;title&quot;:&quot;&quot;,&quot;orientation&quot;:&quot;1&quot;}\" data-image-title=\"Screenshot_2024-10-08-20-26-53-790_com.android.chrome\" data-image-description=\"\" data-image-caption=\"\" data-large-file=\"https:\/\/cloud.alqueria.es\/wp-content\/uploads\/sites\/6\/2024\/10\/Screenshot_2024-10-08-20-26-53-790_com.android.chrome-761x1024.jpg\" class=\"alignnone size-large wp-image-38588\" src=\"https:\/\/cloud.alqueria.es\/wp-content\/uploads\/sites\/6\/2024\/10\/Screenshot_2024-10-08-20-26-53-790_com.android.chrome-761x1024.jpg\" alt=\"\" width=\"474\" height=\"638\" srcset=\"https:\/\/cloud.alqueria.es\/wp-content\/uploads\/sites\/6\/2024\/10\/Screenshot_2024-10-08-20-26-53-790_com.android.chrome-761x1024.jpg 761w, https:\/\/cloud.alqueria.es\/wp-content\/uploads\/sites\/6\/2024\/10\/Screenshot_2024-10-08-20-26-53-790_com.android.chrome-223x300.jpg 223w, https:\/\/cloud.alqueria.es\/wp-content\/uploads\/sites\/6\/2024\/10\/Screenshot_2024-10-08-20-26-53-790_com.android.chrome-768x1033.jpg 768w, https:\/\/cloud.alqueria.es\/wp-content\/uploads\/sites\/6\/2024\/10\/Screenshot_2024-10-08-20-26-53-790_com.android.chrome.jpg 1080w\" sizes=\"(max-width: 474px) 100vw, 474px\" \/><\/p>\n<p><em><strong>Dos ni\u00f1as valientes, curiosas y sensibles son las protagonistas de los cortos:<\/strong><\/em><\/p>\n<p><em><strong>\u00abSusi en el jard\u00edn\u00bb,<\/strong><\/em> la protagonista descubre un jard\u00edn misterioso en el que vive alguien que le despierta miedo y curiosidad a la vez.<\/p>\n<p>La m\u00fasica ha sido el hilo conductor de las emociones que se han ido sintiendo durante la narrativa de la historia. Pasar del miedo o la\u00a0 curiosidad al alivio o descubrimiento de los acontecimientos a trav\u00e9s del lenguaje musical. Reflexionamos sobre como nos sentimos bajo est\u00e1s situaciones y como resolvemos lo que nos despiertan esas emociones.<\/p>\n<p><strong><em>\u00abLa isla de las aves\u00bb<\/em><\/strong>\u00a0,donde los p\u00e1jaros son la pasi\u00f3n de la protagonista Eli,\u00a0 otra historia que nos ayuda a buscar cu\u00e1l es nuestra actividad favorita.<\/p>\n<p>Un elemento a\u00a0 destacar es la sensibilidad art\u00edstica que\u00a0 se muestra\u00a0 en las diferentes t\u00e9cnicas, desde pinturas al \u00f3leo hasta la animaci\u00f3n digital en 2D.<\/p>\n<p>Nos han encantado las distintas sesiones de cine ,\u00a0 d\u00e1ndonos la oportunidad\u00a0 de conocimiento de este arte como expresi\u00f3n\u00a0 y comunicaci\u00f3n. Aprovecharemos esta experiencia durante la celebraci\u00f3n de la semana cultural que tendremos en febrero con la tem\u00e1tica del \ufe0f CINE \ufe0f .<\/p>\n<p><span style=\"color: #800080\">ART\u00cdSTICA<\/span><\/p>\n<p>Los <strong><span style=\"color: #008000\">animales<\/span><\/strong> han sido los protagonistas de nuestra sesi\u00f3n de art\u00edstica de esta semana. Estamos recogiendo mucha informaci\u00f3n del reino animal a trav\u00e9s de las conferencias y nuestra investigaci\u00f3n. Aprovechando todos estos conocimientos nos atrevemos a dibujar animales como si de aut\u00e9nticos cient\u00edficos se tratar\u00e1, intentando reflejar lo m\u00e1ximo posible sus caracter\u00edsticas.<\/p>\n<p>Posteriormente otra actividad muy creativa nos divierte imaginando y creando animales que juntan sus caracter\u00edsticas e incluso sus cuerpos.\ufe0f<\/p>\n<p>Nuestro <strong><span style=\"color: #339966\">huerto<\/span><\/strong> est\u00e1 espectacular, est\u00e1 semana hemos sembrado las semillas\u00a0 de habas . Ahora toca cuidarlo para que todas las plantas crezcan fuertes y sanas.<img decoding=\"async\" data-attachment-id=\"39092\" data-permalink=\"https:\/\/www.alqueria.es\/blogs\/alqueriaprimerciclo\/2024\/12\/01\/progresos-en-1o\/whatsapp-image-2024-11-27-at-19-11-43-3\/\" data-orig-file=\"https:\/\/cloud.alqueria.es\/wp-content\/uploads\/sites\/6\/2024\/12\/WhatsApp-Image-2024-11-27-at-19.11.43-3.jpeg\" data-orig-size=\"2048,923\" data-comments-opened=\"1\" data-image-meta=\"{&quot;aperture&quot;:&quot;0&quot;,&quot;credit&quot;:&quot;&quot;,&quot;camera&quot;:&quot;&quot;,&quot;caption&quot;:&quot;&quot;,&quot;created_timestamp&quot;:&quot;0&quot;,&quot;copyright&quot;:&quot;&quot;,&quot;focal_length&quot;:&quot;0&quot;,&quot;iso&quot;:&quot;0&quot;,&quot;shutter_speed&quot;:&quot;0&quot;,&quot;title&quot;:&quot;&quot;,&quot;orientation&quot;:&quot;0&quot;}\" data-image-title=\"WhatsApp-Image-2024-11-27-at-19.11.43-3\" data-image-description=\"\" data-image-caption=\"\" data-large-file=\"https:\/\/cloud.alqueria.es\/wp-content\/uploads\/sites\/6\/2024\/12\/WhatsApp-Image-2024-11-27-at-19.11.43-3-1024x462.jpeg\" class=\"alignnone size-large wp-image-39092\" src=\"https:\/\/cloud.alqueria.es\/wp-content\/uploads\/sites\/6\/2024\/12\/WhatsApp-Image-2024-11-27-at-19.11.43-3-1024x462.jpeg\" alt=\"\" width=\"474\" height=\"214\" srcset=\"https:\/\/cloud.alqueria.es\/wp-content\/uploads\/sites\/6\/2024\/12\/WhatsApp-Image-2024-11-27-at-19.11.43-3-1024x462.jpeg 1024w, https:\/\/cloud.alqueria.es\/wp-content\/uploads\/sites\/6\/2024\/12\/WhatsApp-Image-2024-11-27-at-19.11.43-3-300x135.jpeg 300w, https:\/\/cloud.alqueria.es\/wp-content\/uploads\/sites\/6\/2024\/12\/WhatsApp-Image-2024-11-27-at-19.11.43-3-768x346.jpeg 768w, https:\/\/cloud.alqueria.es\/wp-content\/uploads\/sites\/6\/2024\/12\/WhatsApp-Image-2024-11-27-at-19.11.43-3-1536x692.jpeg 1536w, https:\/\/cloud.alqueria.es\/wp-content\/uploads\/sites\/6\/2024\/12\/WhatsApp-Image-2024-11-27-at-19.11.43-3.jpeg 2048w\" sizes=\"(max-width: 474px) 100vw, 474px\" \/><\/p>\n<p>Disfrutad\u00a0 la nueva semana.<\/p>\n<p>Dar\u00eda F.<\/p>\n<p>&nbsp;<\/p>\n","protected":false},"excerpt":{"rendered":"<p>Los progresos en primero son m\u00e1s que patentes, avanzamos a granes saltos en el dominio de las herramientas que nos posibilitan\u00a0 el aprendizaje. Avanzamos en matem\u00e1ticas Las sesiones de matem\u00e1ticas son esperadas con entusiasmo, nos gusta\u00a0 el reto, ponernos a prueba y los n\u00fameros lo hacen. Conocerlos a fondo es nuestro objetivo de estos meses &hellip; <a href=\"https:\/\/www.alqueria.es\/blogs\/alqueriaprimerciclo\/2024\/12\/01\/progresos-en-1o\/\" class=\"more-link\">Seguir leyendo <span class=\"screen-reader-text\">Progresos en 1\u00ba<\/span> <span class=\"meta-nav\">&rarr;<\/span><\/a><\/p>\n","protected":false},"author":12,"featured_media":0,"comment_status":"open","ping_status":"open","sticky":false,"template":"","format":"standard","meta":{"jetpack_post_was_ever_published":false,"_jetpack_newsletter_access":"","_jetpack_dont_email_post_to_subs":false,"_jetpack_newsletter_tier_id":0,"_jetpack_memberships_contains_paywalled_content":false,"_jetpack_memberships_contains_paid_content":false,"footnotes":"","jetpack_publicize_message":"","jetpack_publicize_feature_enabled":true,"jetpack_social_post_already_shared":true,"jetpack_social_options":{"image_generator_settings":{"template":"highway","default_image_id":0,"font":"","enabled":false},"version":2}},"categories":[2,174,6,8,25,167,23,10,117,11,219,14,110],"tags":[],"class_list":["post-38947","post","type-post","status-publish","format-standard","hentry","category-1o-epo","category-conferencias","category-conocimiento-del-medio-1o","category-diario-de-clase-1o","category-educacion-artistica-1o","category-educacion-emocional","category-educacion-fisica-1o","category-especialistas","category-etica","category-juega-y-aprende","category-matematicas","category-matematicas-1o","category-medio-ambiente"],"jetpack_publicize_connections":[],"jetpack_featured_media_url":"","jetpack_sharing_enabled":true,"jetpack_shortlink":"https:\/\/wp.me\/p4lvS0-a8b","_links":{"self":[{"href":"https:\/\/www.alqueria.es\/blogs\/alqueriaprimerciclo\/wp-json\/wp\/v2\/posts\/38947","targetHints":{"allow":["GET"]}}],"collection":[{"href":"https:\/\/www.alqueria.es\/blogs\/alqueriaprimerciclo\/wp-json\/wp\/v2\/posts"}],"about":[{"href":"https:\/\/www.alqueria.es\/blogs\/alqueriaprimerciclo\/wp-json\/wp\/v2\/types\/post"}],"author":[{"embeddable":true,"href":"https:\/\/www.alqueria.es\/blogs\/alqueriaprimerciclo\/wp-json\/wp\/v2\/users\/12"}],"replies":[{"embeddable":true,"href":"https:\/\/www.alqueria.es\/blogs\/alqueriaprimerciclo\/wp-json\/wp\/v2\/comments?post=38947"}],"version-history":[{"count":4,"href":"https:\/\/www.alqueria.es\/blogs\/alqueriaprimerciclo\/wp-json\/wp\/v2\/posts\/38947\/revisions"}],"predecessor-version":[{"id":39093,"href":"https:\/\/www.alqueria.es\/blogs\/alqueriaprimerciclo\/wp-json\/wp\/v2\/posts\/38947\/revisions\/39093"}],"wp:attachment":[{"href":"https:\/\/www.alqueria.es\/blogs\/alqueriaprimerciclo\/wp-json\/wp\/v2\/media?parent=38947"}],"wp:term":[{"taxonomy":"category","embeddable":true,"href":"https:\/\/www.alqueria.es\/blogs\/alqueriaprimerciclo\/wp-json\/wp\/v2\/categories?post=38947"},{"taxonomy":"post_tag","embeddable":true,"href":"https:\/\/www.alqueria.es\/blogs\/alqueriaprimerciclo\/wp-json\/wp\/v2\/tags?post=38947"}],"curies":[{"name":"wp","href":"https:\/\/api.w.org\/{rel}","templated":true}]}}