{"id":40308,"date":"2025-03-08T14:48:19","date_gmt":"2025-03-08T13:48:19","guid":{"rendered":"https:\/\/www.alqueria.es\/blogs\/alqueriaprimerciclo\/?p=40308"},"modified":"2025-03-08T14:49:05","modified_gmt":"2025-03-08T13:49:05","slug":"la-historia-de-1continua","status":"publish","type":"post","link":"https:\/\/www.alqueria.es\/blogs\/alqueriaprimerciclo\/2025\/03\/08\/la-historia-de-1continua\/","title":{"rendered":"La historia de 1\u00b0continua"},"content":{"rendered":"<p style=\"padding-left: 40px\">Despu\u00e9s de celebrar una magn\u00edfica Semana Cultural y un divertido Carnaval, en las que se rompen las rutinas\u00a0 escolares para dar paso a celebraciones especiales\u00a0 que nos aportan\u00a0 experiencias magn\u00edficas en nuestro proceso de aprendizaje, nos organizamos\u00a0 de nuevo con las actividades que nos gu\u00edan el aprendizaje .<\/p>\n<p>La lectura va cogiendo forma y el proceso que requiere va dejando ver los resultados.<\/p>\n<p>Escribir se va convirtiendo en una posibilidad aut\u00f3noma de contar lo que queremos con las palabras.<\/p>\n<p>Las estrategias matem\u00e1ticas nos van aportando opciones de ensayo\u00a0 error necesarias para el aprendizaje, los n\u00fameros poco a poco van ense\u00f1\u00e1ndonos distintas posibilidades de representaci\u00f3n.<\/p>\n<p>Conocer acerca de la vida, de las personas nos despierta la curiosidad necesaria en el proceso de aprendizaje.<\/p>\n<p><span style=\"color: #339966\"><strong>Para celebrar el D\u00eda de <span style=\"color: #00ff00\">Andaluc\u00eda<\/span><\/strong><\/span><\/p>\n<p>Viajamos hasta Andaluc\u00eda con Google earth, estos viajes siempre nos emocionan por su realidad.\u00a0 Reconocemos sus ocho provincias y las localizamos en un mapa, reconocemos la simbolog\u00eda que la representa con la bandera y el himno.<\/p>\n<p><strong><span style=\"color: #0000ff\">Proyecto de Emprendimiento<\/span><\/strong><\/p>\n<p>De la experiencia cinematogr\u00e1fica aprovechamos nuestro conocimiento para llevar a cabo, en nuestro proyecto de emprendimiento, una representaci\u00f3n para el alumnado del ciclo 0\/3 a\u00f1os.<\/p>\n<p>Estamos inmersos en emprender la puesta en escena de una historia inventada por nosotros , producida, realizada, dirigida&#8230;para deleitar a un grupo de ni\u00f1os y ni\u00f1as m\u00e1s peque\u00f1os. Nos ponemos en situaci\u00f3n de pensar que tipo de historias le gustan , tenemos en cuenta los intereses pensando en nuestra\u00a0 infancia, y en algunos hermanos peque\u00f1os, sus gustos, intereses&#8230;<\/p>\n<p>Seg\u00fan nuestros intereses nos distribuimos en grupos de trabajo para realizar cada uno la parte correspondiente. Crear la historia, inventar los personajes, la escena, el atrezzo, efectos especiales&#8230;<\/p>\n<p dir=\"ltr\">Urdir la trama hace alusi\u00f3n a todas aquellas tareas que hay que planificar y ejecutar para llevar a cabo los objetivos del gui\u00f3n o la narraci\u00f3n,\u00a0 para llevarla a cabo\u00a0 hay que \u00aburdir la trama\u00bb. Estamos inmersos en todo ello tomando decisiones que nos posibiliten llevarla a t\u00e9rmino. Seguiremos contando.<\/p>\n<p><span style=\"color: #0000ff\"><strong>Habilidades sociales<\/strong><\/span><\/p>\n<p>Realizamos el taller con Laura sobre la tem\u00e1tica especial de resoluci\u00f3n de conflictos<\/p>\n<p>Ponemos a prueba nuestras habilidades sociales entren\u00e1ndonos en los tiempos de juego, tan importantes para nuestro desarrollo personal.<\/p>\n<p>Reflexionamos en asamblea sobre las vivencias, desacuerdos , posibilidades de resoluci\u00f3n&#8230;<\/p>\n<p>Los distintos\u00a0 espacios del colegio nos permiten experiencias de juegos diferentes, el patio, el jard\u00edn, la pista, el parque, nos posibilitan desarrollar distintos tipos de juegos .<\/p>\n<p>Les permite comunicar c\u00f3mo se sienten, lo que piensan y les ayuda a autorregularse emocionalmente. Practicando sus habilidades\u00a0 sociales.<\/p>\n<p>Juegos en el parque <img decoding=\"async\" data-attachment-id=\"40417\" data-permalink=\"https:\/\/www.alqueria.es\/blogs\/alqueriaprimerciclo\/2025\/03\/08\/la-historia-de-1continua\/img-20250305-wa0000\/\" data-orig-file=\"https:\/\/cloud.alqueria.es\/wp-content\/uploads\/sites\/6\/2025\/03\/IMG-20250305-WA0000.jpg\" data-orig-size=\"1659,1500\" data-comments-opened=\"1\" data-image-meta=\"{&quot;aperture&quot;:&quot;0&quot;,&quot;credit&quot;:&quot;&quot;,&quot;camera&quot;:&quot;&quot;,&quot;caption&quot;:&quot;&quot;,&quot;created_timestamp&quot;:&quot;0&quot;,&quot;copyright&quot;:&quot;&quot;,&quot;focal_length&quot;:&quot;0&quot;,&quot;iso&quot;:&quot;0&quot;,&quot;shutter_speed&quot;:&quot;0&quot;,&quot;title&quot;:&quot;&quot;,&quot;orientation&quot;:&quot;0&quot;}\" data-image-title=\"IMG-20250305-WA0000\" data-image-description=\"\" data-image-caption=\"\" data-large-file=\"https:\/\/cloud.alqueria.es\/wp-content\/uploads\/sites\/6\/2025\/03\/IMG-20250305-WA0000-1024x926.jpg\" class=\"aligncenter size-large wp-image-40417\" src=\"https:\/\/cloud.alqueria.es\/wp-content\/uploads\/sites\/6\/2025\/03\/IMG-20250305-WA0000-1024x926.jpg\" alt=\"\" width=\"474\" height=\"429\" srcset=\"https:\/\/cloud.alqueria.es\/wp-content\/uploads\/sites\/6\/2025\/03\/IMG-20250305-WA0000-1024x926.jpg 1024w, https:\/\/cloud.alqueria.es\/wp-content\/uploads\/sites\/6\/2025\/03\/IMG-20250305-WA0000-300x271.jpg 300w, https:\/\/cloud.alqueria.es\/wp-content\/uploads\/sites\/6\/2025\/03\/IMG-20250305-WA0000-768x694.jpg 768w, https:\/\/cloud.alqueria.es\/wp-content\/uploads\/sites\/6\/2025\/03\/IMG-20250305-WA0000-1536x1389.jpg 1536w, https:\/\/cloud.alqueria.es\/wp-content\/uploads\/sites\/6\/2025\/03\/IMG-20250305-WA0000.jpg 1659w\" sizes=\"(max-width: 474px) 100vw, 474px\" \/><\/p>\n<p><strong><span style=\"color: #00ff00\"><img decoding=\"async\" data-attachment-id=\"40416\" data-permalink=\"https:\/\/www.alqueria.es\/blogs\/alqueriaprimerciclo\/2025\/03\/08\/la-historia-de-1continua\/img-20250305-wa0003\/\" data-orig-file=\"https:\/\/cloud.alqueria.es\/wp-content\/uploads\/sites\/6\/2025\/03\/IMG-20250305-WA0003.jpg\" data-orig-size=\"1623,2048\" data-comments-opened=\"1\" data-image-meta=\"{&quot;aperture&quot;:&quot;0&quot;,&quot;credit&quot;:&quot;&quot;,&quot;camera&quot;:&quot;&quot;,&quot;caption&quot;:&quot;&quot;,&quot;created_timestamp&quot;:&quot;0&quot;,&quot;copyright&quot;:&quot;&quot;,&quot;focal_length&quot;:&quot;0&quot;,&quot;iso&quot;:&quot;0&quot;,&quot;shutter_speed&quot;:&quot;0&quot;,&quot;title&quot;:&quot;&quot;,&quot;orientation&quot;:&quot;0&quot;}\" data-image-title=\"IMG-20250305-WA0003\" data-image-description=\"\" data-image-caption=\"\" data-large-file=\"https:\/\/cloud.alqueria.es\/wp-content\/uploads\/sites\/6\/2025\/03\/IMG-20250305-WA0003-812x1024.jpg\" class=\"aligncenter size-large wp-image-40416\" src=\"https:\/\/cloud.alqueria.es\/wp-content\/uploads\/sites\/6\/2025\/03\/IMG-20250305-WA0003-812x1024.jpg\" alt=\"\" width=\"474\" height=\"598\" srcset=\"https:\/\/cloud.alqueria.es\/wp-content\/uploads\/sites\/6\/2025\/03\/IMG-20250305-WA0003-812x1024.jpg 812w, https:\/\/cloud.alqueria.es\/wp-content\/uploads\/sites\/6\/2025\/03\/IMG-20250305-WA0003-238x300.jpg 238w, https:\/\/cloud.alqueria.es\/wp-content\/uploads\/sites\/6\/2025\/03\/IMG-20250305-WA0003-768x969.jpg 768w, https:\/\/cloud.alqueria.es\/wp-content\/uploads\/sites\/6\/2025\/03\/IMG-20250305-WA0003-1217x1536.jpg 1217w, https:\/\/cloud.alqueria.es\/wp-content\/uploads\/sites\/6\/2025\/03\/IMG-20250305-WA0003.jpg 1623w\" sizes=\"(max-width: 474px) 100vw, 474px\" \/><\/span><\/strong><\/p>\n<p><strong><span style=\"color: #00ff00\"><img decoding=\"async\" data-attachment-id=\"40405\" data-permalink=\"https:\/\/www.alqueria.es\/blogs\/alqueriaprimerciclo\/2025\/03\/08\/la-historia-de-1continua\/img_20250220_111338\/\" data-orig-file=\"https:\/\/cloud.alqueria.es\/wp-content\/uploads\/sites\/6\/2025\/02\/IMG_20250220_111338.jpg\" data-orig-size=\"2500,1487\" data-comments-opened=\"1\" data-image-meta=\"{&quot;aperture&quot;:&quot;1.8&quot;,&quot;credit&quot;:&quot;&quot;,&quot;camera&quot;:&quot;Redmi Note 7&quot;,&quot;caption&quot;:&quot;&quot;,&quot;created_timestamp&quot;:&quot;1740050018&quot;,&quot;copyright&quot;:&quot;&quot;,&quot;focal_length&quot;:&quot;4.74&quot;,&quot;iso&quot;:&quot;250&quot;,&quot;shutter_speed&quot;:&quot;0.00045682960255825&quot;,&quot;title&quot;:&quot;&quot;,&quot;orientation&quot;:&quot;1&quot;}\" data-image-title=\"IMG_20250220_111338\" data-image-description=\"\" data-image-caption=\"\" data-large-file=\"https:\/\/cloud.alqueria.es\/wp-content\/uploads\/sites\/6\/2025\/02\/IMG_20250220_111338-1024x609.jpg\" class=\"aligncenter size-large wp-image-40405\" src=\"https:\/\/cloud.alqueria.es\/wp-content\/uploads\/sites\/6\/2025\/02\/IMG_20250220_111338-1024x609.jpg\" alt=\"\" width=\"474\" height=\"282\" srcset=\"https:\/\/cloud.alqueria.es\/wp-content\/uploads\/sites\/6\/2025\/02\/IMG_20250220_111338-1024x609.jpg 1024w, https:\/\/cloud.alqueria.es\/wp-content\/uploads\/sites\/6\/2025\/02\/IMG_20250220_111338-300x178.jpg 300w, https:\/\/cloud.alqueria.es\/wp-content\/uploads\/sites\/6\/2025\/02\/IMG_20250220_111338-768x457.jpg 768w, https:\/\/cloud.alqueria.es\/wp-content\/uploads\/sites\/6\/2025\/02\/IMG_20250220_111338-1536x914.jpg 1536w, https:\/\/cloud.alqueria.es\/wp-content\/uploads\/sites\/6\/2025\/02\/IMG_20250220_111338-2048x1218.jpg 2048w\" sizes=\"(max-width: 474px) 100vw, 474px\" \/><\/span><\/strong><\/p>\n<p><strong><span style=\"color: #00ff00\"><img decoding=\"async\" data-attachment-id=\"40419\" data-permalink=\"https:\/\/www.alqueria.es\/blogs\/alqueriaprimerciclo\/2025\/03\/08\/la-historia-de-1continua\/img-20250305-wa0009\/\" data-orig-file=\"https:\/\/cloud.alqueria.es\/wp-content\/uploads\/sites\/6\/2025\/03\/IMG-20250305-WA0009.jpg\" data-orig-size=\"1711,1388\" data-comments-opened=\"1\" data-image-meta=\"{&quot;aperture&quot;:&quot;0&quot;,&quot;credit&quot;:&quot;&quot;,&quot;camera&quot;:&quot;&quot;,&quot;caption&quot;:&quot;&quot;,&quot;created_timestamp&quot;:&quot;0&quot;,&quot;copyright&quot;:&quot;&quot;,&quot;focal_length&quot;:&quot;0&quot;,&quot;iso&quot;:&quot;0&quot;,&quot;shutter_speed&quot;:&quot;0&quot;,&quot;title&quot;:&quot;&quot;,&quot;orientation&quot;:&quot;0&quot;}\" data-image-title=\"IMG-20250305-WA0009\" data-image-description=\"\" data-image-caption=\"\" data-large-file=\"https:\/\/cloud.alqueria.es\/wp-content\/uploads\/sites\/6\/2025\/03\/IMG-20250305-WA0009-1024x831.jpg\" class=\"aligncenter size-large wp-image-40419\" src=\"https:\/\/cloud.alqueria.es\/wp-content\/uploads\/sites\/6\/2025\/03\/IMG-20250305-WA0009-1024x831.jpg\" alt=\"\" width=\"474\" height=\"385\" srcset=\"https:\/\/cloud.alqueria.es\/wp-content\/uploads\/sites\/6\/2025\/03\/IMG-20250305-WA0009-1024x831.jpg 1024w, https:\/\/cloud.alqueria.es\/wp-content\/uploads\/sites\/6\/2025\/03\/IMG-20250305-WA0009-300x243.jpg 300w, https:\/\/cloud.alqueria.es\/wp-content\/uploads\/sites\/6\/2025\/03\/IMG-20250305-WA0009-768x623.jpg 768w, https:\/\/cloud.alqueria.es\/wp-content\/uploads\/sites\/6\/2025\/03\/IMG-20250305-WA0009-1536x1246.jpg 1536w, https:\/\/cloud.alqueria.es\/wp-content\/uploads\/sites\/6\/2025\/03\/IMG-20250305-WA0009.jpg 1711w\" sizes=\"(max-width: 474px) 100vw, 474px\" \/><\/span><\/strong><\/p>\n<p><strong><span style=\"color: #00ff00\"><img decoding=\"async\" data-attachment-id=\"40420\" data-permalink=\"https:\/\/www.alqueria.es\/blogs\/alqueriaprimerciclo\/2025\/03\/08\/la-historia-de-1continua\/img-20250305-wa0007\/\" data-orig-file=\"https:\/\/cloud.alqueria.es\/wp-content\/uploads\/sites\/6\/2025\/03\/IMG-20250305-WA0007.jpg\" data-orig-size=\"2048,1828\" data-comments-opened=\"1\" data-image-meta=\"{&quot;aperture&quot;:&quot;0&quot;,&quot;credit&quot;:&quot;&quot;,&quot;camera&quot;:&quot;&quot;,&quot;caption&quot;:&quot;&quot;,&quot;created_timestamp&quot;:&quot;0&quot;,&quot;copyright&quot;:&quot;&quot;,&quot;focal_length&quot;:&quot;0&quot;,&quot;iso&quot;:&quot;0&quot;,&quot;shutter_speed&quot;:&quot;0&quot;,&quot;title&quot;:&quot;&quot;,&quot;orientation&quot;:&quot;0&quot;}\" data-image-title=\"IMG-20250305-WA0007\" data-image-description=\"\" data-image-caption=\"\" data-large-file=\"https:\/\/cloud.alqueria.es\/wp-content\/uploads\/sites\/6\/2025\/03\/IMG-20250305-WA0007-1024x914.jpg\" class=\"aligncenter size-large wp-image-40420\" src=\"https:\/\/cloud.alqueria.es\/wp-content\/uploads\/sites\/6\/2025\/03\/IMG-20250305-WA0007-1024x914.jpg\" alt=\"\" width=\"474\" height=\"423\" srcset=\"https:\/\/cloud.alqueria.es\/wp-content\/uploads\/sites\/6\/2025\/03\/IMG-20250305-WA0007-1024x914.jpg 1024w, https:\/\/cloud.alqueria.es\/wp-content\/uploads\/sites\/6\/2025\/03\/IMG-20250305-WA0007-300x268.jpg 300w, https:\/\/cloud.alqueria.es\/wp-content\/uploads\/sites\/6\/2025\/03\/IMG-20250305-WA0007-768x686.jpg 768w, https:\/\/cloud.alqueria.es\/wp-content\/uploads\/sites\/6\/2025\/03\/IMG-20250305-WA0007-1536x1371.jpg 1536w, https:\/\/cloud.alqueria.es\/wp-content\/uploads\/sites\/6\/2025\/03\/IMG-20250305-WA0007.jpg 2048w\" sizes=\"(max-width: 474px) 100vw, 474px\" \/><\/span><\/strong><\/p>\n<p><strong><span style=\"color: #00ff00\">Nuestros\u00a0 compromisos y responsabilidades<\/span><\/strong><\/p>\n<p>Colaboramos semanalmente con el cuidado y mantenimiento de nuestro colegio organizados con los dem\u00e1s compa\u00f1eros de primaria , los lunes somos los responsables de huerto y granja y los viernes firmamos parte de la patrulla medioambiental.<\/p>\n<p>Vega ha tra\u00eddo dos nuevos inquilinos para nuestra granja, <span style=\"color: #0000ff\"><strong>Pelusa y Nube<\/strong> <\/span>dos conejos curiosos y atrevidos que nos dejan darle de comer sin esconderse.\u00a0 Les gusta la lechuga y el pan duro. Cada lunes somos los responsables de alimentarlos junto a las gallinas , recogemos los huevos y los compartimos para disfrutarlos en casa.<img decoding=\"async\" data-attachment-id=\"40500\" data-permalink=\"https:\/\/www.alqueria.es\/blogs\/alqueriaprimerciclo\/2025\/03\/08\/la-historia-de-1continua\/img-20250308-wa0003\/\" data-orig-file=\"https:\/\/cloud.alqueria.es\/wp-content\/uploads\/sites\/6\/2025\/03\/IMG-20250308-WA0003.jpg\" data-orig-size=\"1500,2000\" data-comments-opened=\"1\" data-image-meta=\"{&quot;aperture&quot;:&quot;0&quot;,&quot;credit&quot;:&quot;&quot;,&quot;camera&quot;:&quot;&quot;,&quot;caption&quot;:&quot;&quot;,&quot;created_timestamp&quot;:&quot;0&quot;,&quot;copyright&quot;:&quot;&quot;,&quot;focal_length&quot;:&quot;0&quot;,&quot;iso&quot;:&quot;0&quot;,&quot;shutter_speed&quot;:&quot;0&quot;,&quot;title&quot;:&quot;&quot;,&quot;orientation&quot;:&quot;0&quot;}\" data-image-title=\"IMG-20250308-WA0003\" data-image-description=\"\" data-image-caption=\"\" data-large-file=\"https:\/\/cloud.alqueria.es\/wp-content\/uploads\/sites\/6\/2025\/03\/IMG-20250308-WA0003-768x1024.jpg\" class=\"aligncenter size-large wp-image-40500\" src=\"https:\/\/cloud.alqueria.es\/wp-content\/uploads\/sites\/6\/2025\/03\/IMG-20250308-WA0003-768x1024.jpg\" alt=\"\" width=\"474\" height=\"632\" srcset=\"https:\/\/cloud.alqueria.es\/wp-content\/uploads\/sites\/6\/2025\/03\/IMG-20250308-WA0003-768x1024.jpg 768w, https:\/\/cloud.alqueria.es\/wp-content\/uploads\/sites\/6\/2025\/03\/IMG-20250308-WA0003-225x300.jpg 225w, https:\/\/cloud.alqueria.es\/wp-content\/uploads\/sites\/6\/2025\/03\/IMG-20250308-WA0003-1152x1536.jpg 1152w, https:\/\/cloud.alqueria.es\/wp-content\/uploads\/sites\/6\/2025\/03\/IMG-20250308-WA0003.jpg 1500w\" sizes=\"(max-width: 474px) 100vw, 474px\" \/><\/p>\n<p>&nbsp;<\/p>\n<p><img decoding=\"async\" data-attachment-id=\"40424\" data-permalink=\"https:\/\/www.alqueria.es\/blogs\/alqueriaprimerciclo\/2025\/03\/08\/la-historia-de-1continua\/img-20250305-wa0005\/\" data-orig-file=\"https:\/\/cloud.alqueria.es\/wp-content\/uploads\/sites\/6\/2025\/03\/IMG-20250305-WA0005.jpg\" data-orig-size=\"1837,2048\" data-comments-opened=\"1\" data-image-meta=\"{&quot;aperture&quot;:&quot;0&quot;,&quot;credit&quot;:&quot;&quot;,&quot;camera&quot;:&quot;&quot;,&quot;caption&quot;:&quot;&quot;,&quot;created_timestamp&quot;:&quot;0&quot;,&quot;copyright&quot;:&quot;&quot;,&quot;focal_length&quot;:&quot;0&quot;,&quot;iso&quot;:&quot;0&quot;,&quot;shutter_speed&quot;:&quot;0&quot;,&quot;title&quot;:&quot;&quot;,&quot;orientation&quot;:&quot;0&quot;}\" data-image-title=\"IMG-20250305-WA0005\" data-image-description=\"\" data-image-caption=\"\" data-large-file=\"https:\/\/cloud.alqueria.es\/wp-content\/uploads\/sites\/6\/2025\/03\/IMG-20250305-WA0005-919x1024.jpg\" class=\"aligncenter size-large wp-image-40424\" src=\"https:\/\/cloud.alqueria.es\/wp-content\/uploads\/sites\/6\/2025\/03\/IMG-20250305-WA0005-919x1024.jpg\" alt=\"\" width=\"474\" height=\"528\" srcset=\"https:\/\/cloud.alqueria.es\/wp-content\/uploads\/sites\/6\/2025\/03\/IMG-20250305-WA0005-919x1024.jpg 919w, https:\/\/cloud.alqueria.es\/wp-content\/uploads\/sites\/6\/2025\/03\/IMG-20250305-WA0005-269x300.jpg 269w, https:\/\/cloud.alqueria.es\/wp-content\/uploads\/sites\/6\/2025\/03\/IMG-20250305-WA0005-768x856.jpg 768w, https:\/\/cloud.alqueria.es\/wp-content\/uploads\/sites\/6\/2025\/03\/IMG-20250305-WA0005-1378x1536.jpg 1378w, https:\/\/cloud.alqueria.es\/wp-content\/uploads\/sites\/6\/2025\/03\/IMG-20250305-WA0005.jpg 1837w\" sizes=\"(max-width: 474px) 100vw, 474px\" \/><\/p>\n<p><img decoding=\"async\" data-attachment-id=\"40421\" data-permalink=\"https:\/\/www.alqueria.es\/blogs\/alqueriaprimerciclo\/2025\/03\/08\/la-historia-de-1continua\/img-20250305-wa0001\/\" data-orig-file=\"https:\/\/cloud.alqueria.es\/wp-content\/uploads\/sites\/6\/2025\/03\/IMG-20250305-WA0001.jpg\" data-orig-size=\"1462,1869\" data-comments-opened=\"1\" data-image-meta=\"{&quot;aperture&quot;:&quot;0&quot;,&quot;credit&quot;:&quot;&quot;,&quot;camera&quot;:&quot;&quot;,&quot;caption&quot;:&quot;&quot;,&quot;created_timestamp&quot;:&quot;0&quot;,&quot;copyright&quot;:&quot;&quot;,&quot;focal_length&quot;:&quot;0&quot;,&quot;iso&quot;:&quot;0&quot;,&quot;shutter_speed&quot;:&quot;0&quot;,&quot;title&quot;:&quot;&quot;,&quot;orientation&quot;:&quot;0&quot;}\" data-image-title=\"IMG-20250305-WA0001\" data-image-description=\"\" data-image-caption=\"\" data-large-file=\"https:\/\/cloud.alqueria.es\/wp-content\/uploads\/sites\/6\/2025\/03\/IMG-20250305-WA0001-801x1024.jpg\" class=\"aligncenter size-large wp-image-40421\" src=\"https:\/\/cloud.alqueria.es\/wp-content\/uploads\/sites\/6\/2025\/03\/IMG-20250305-WA0001-801x1024.jpg\" alt=\"\" width=\"474\" height=\"606\" srcset=\"https:\/\/cloud.alqueria.es\/wp-content\/uploads\/sites\/6\/2025\/03\/IMG-20250305-WA0001-801x1024.jpg 801w, https:\/\/cloud.alqueria.es\/wp-content\/uploads\/sites\/6\/2025\/03\/IMG-20250305-WA0001-235x300.jpg 235w, https:\/\/cloud.alqueria.es\/wp-content\/uploads\/sites\/6\/2025\/03\/IMG-20250305-WA0001-768x982.jpg 768w, https:\/\/cloud.alqueria.es\/wp-content\/uploads\/sites\/6\/2025\/03\/IMG-20250305-WA0001-1202x1536.jpg 1202w, https:\/\/cloud.alqueria.es\/wp-content\/uploads\/sites\/6\/2025\/03\/IMG-20250305-WA0001.jpg 1462w\" sizes=\"(max-width: 474px) 100vw, 474px\" \/><\/p>\n<p><img decoding=\"async\" data-attachment-id=\"40422\" data-permalink=\"https:\/\/www.alqueria.es\/blogs\/alqueriaprimerciclo\/2025\/03\/08\/la-historia-de-1continua\/img-20250305-wa0002\/\" data-orig-file=\"https:\/\/cloud.alqueria.es\/wp-content\/uploads\/sites\/6\/2025\/03\/IMG-20250305-WA0002.jpg\" data-orig-size=\"1500,1840\" data-comments-opened=\"1\" data-image-meta=\"{&quot;aperture&quot;:&quot;0&quot;,&quot;credit&quot;:&quot;&quot;,&quot;camera&quot;:&quot;&quot;,&quot;caption&quot;:&quot;&quot;,&quot;created_timestamp&quot;:&quot;0&quot;,&quot;copyright&quot;:&quot;&quot;,&quot;focal_length&quot;:&quot;0&quot;,&quot;iso&quot;:&quot;0&quot;,&quot;shutter_speed&quot;:&quot;0&quot;,&quot;title&quot;:&quot;&quot;,&quot;orientation&quot;:&quot;0&quot;}\" data-image-title=\"IMG-20250305-WA0002\" data-image-description=\"\" data-image-caption=\"\" data-large-file=\"https:\/\/cloud.alqueria.es\/wp-content\/uploads\/sites\/6\/2025\/03\/IMG-20250305-WA0002-835x1024.jpg\" class=\"aligncenter size-large wp-image-40422\" src=\"https:\/\/cloud.alqueria.es\/wp-content\/uploads\/sites\/6\/2025\/03\/IMG-20250305-WA0002-835x1024.jpg\" alt=\"\" width=\"474\" height=\"581\" srcset=\"https:\/\/cloud.alqueria.es\/wp-content\/uploads\/sites\/6\/2025\/03\/IMG-20250305-WA0002-835x1024.jpg 835w, https:\/\/cloud.alqueria.es\/wp-content\/uploads\/sites\/6\/2025\/03\/IMG-20250305-WA0002-245x300.jpg 245w, https:\/\/cloud.alqueria.es\/wp-content\/uploads\/sites\/6\/2025\/03\/IMG-20250305-WA0002-768x942.jpg 768w, https:\/\/cloud.alqueria.es\/wp-content\/uploads\/sites\/6\/2025\/03\/IMG-20250305-WA0002-1252x1536.jpg 1252w, https:\/\/cloud.alqueria.es\/wp-content\/uploads\/sites\/6\/2025\/03\/IMG-20250305-WA0002.jpg 1500w\" sizes=\"(max-width: 474px) 100vw, 474px\" \/><\/p>\n<p><span style=\"color: #0000ff\"><span style=\"color: #800000\">El mantenimiento del huerto ahora nos requiere menos trabajo , vamos observando los cambios que se producen , las habas han florecido , las espinacas est\u00e1n creciendo tambi\u00e9n<\/span><strong>.<\/strong><\/span><\/p>\n<p><span style=\"color: #0000ff\"><strong>Patrulla medioambiental<\/strong><\/span><\/p>\n<p>Cada viernes mantenemos el cuidado de nuestro centro, participamos con la patrulla en el reciclado de papel.<\/p>\n<p><img decoding=\"async\" data-attachment-id=\"40418\" data-permalink=\"https:\/\/www.alqueria.es\/blogs\/alqueriaprimerciclo\/2025\/03\/08\/la-historia-de-1continua\/img-20250305-wa0006\/\" data-orig-file=\"https:\/\/cloud.alqueria.es\/wp-content\/uploads\/sites\/6\/2025\/03\/IMG-20250305-WA0006.jpg\" data-orig-size=\"1424,1739\" data-comments-opened=\"1\" data-image-meta=\"{&quot;aperture&quot;:&quot;0&quot;,&quot;credit&quot;:&quot;&quot;,&quot;camera&quot;:&quot;&quot;,&quot;caption&quot;:&quot;&quot;,&quot;created_timestamp&quot;:&quot;0&quot;,&quot;copyright&quot;:&quot;&quot;,&quot;focal_length&quot;:&quot;0&quot;,&quot;iso&quot;:&quot;0&quot;,&quot;shutter_speed&quot;:&quot;0&quot;,&quot;title&quot;:&quot;&quot;,&quot;orientation&quot;:&quot;0&quot;}\" data-image-title=\"IMG-20250305-WA0006\" data-image-description=\"\" data-image-caption=\"\" data-large-file=\"https:\/\/cloud.alqueria.es\/wp-content\/uploads\/sites\/6\/2025\/03\/IMG-20250305-WA0006-839x1024.jpg\" class=\"aligncenter size-large wp-image-40418\" src=\"https:\/\/cloud.alqueria.es\/wp-content\/uploads\/sites\/6\/2025\/03\/IMG-20250305-WA0006-839x1024.jpg\" alt=\"\" width=\"474\" height=\"579\" srcset=\"https:\/\/cloud.alqueria.es\/wp-content\/uploads\/sites\/6\/2025\/03\/IMG-20250305-WA0006-839x1024.jpg 839w, https:\/\/cloud.alqueria.es\/wp-content\/uploads\/sites\/6\/2025\/03\/IMG-20250305-WA0006-246x300.jpg 246w, https:\/\/cloud.alqueria.es\/wp-content\/uploads\/sites\/6\/2025\/03\/IMG-20250305-WA0006-768x938.jpg 768w, https:\/\/cloud.alqueria.es\/wp-content\/uploads\/sites\/6\/2025\/03\/IMG-20250305-WA0006-1258x1536.jpg 1258w, https:\/\/cloud.alqueria.es\/wp-content\/uploads\/sites\/6\/2025\/03\/IMG-20250305-WA0006.jpg 1424w\" sizes=\"(max-width: 474px) 100vw, 474px\" \/><\/p>\n<p><img decoding=\"async\" data-attachment-id=\"40403\" data-permalink=\"https:\/\/www.alqueria.es\/blogs\/alqueriaprimerciclo\/2025\/03\/08\/la-historia-de-1continua\/img_20250220_113820\/\" data-orig-file=\"https:\/\/cloud.alqueria.es\/wp-content\/uploads\/sites\/6\/2025\/02\/IMG_20250220_113820.jpg\" data-orig-size=\"1419,822\" data-comments-opened=\"1\" data-image-meta=\"{&quot;aperture&quot;:&quot;1.8&quot;,&quot;credit&quot;:&quot;&quot;,&quot;camera&quot;:&quot;Redmi Note 7&quot;,&quot;caption&quot;:&quot;&quot;,&quot;created_timestamp&quot;:&quot;1740051500&quot;,&quot;copyright&quot;:&quot;&quot;,&quot;focal_length&quot;:&quot;4.74&quot;,&quot;iso&quot;:&quot;125&quot;,&quot;shutter_speed&quot;:&quot;0.00010384215991693&quot;,&quot;title&quot;:&quot;&quot;,&quot;orientation&quot;:&quot;1&quot;}\" data-image-title=\"IMG_20250220_113820\" data-image-description=\"\" data-image-caption=\"\" data-large-file=\"https:\/\/cloud.alqueria.es\/wp-content\/uploads\/sites\/6\/2025\/02\/IMG_20250220_113820-1024x593.jpg\" class=\"aligncenter size-large wp-image-40403\" src=\"https:\/\/cloud.alqueria.es\/wp-content\/uploads\/sites\/6\/2025\/02\/IMG_20250220_113820-1024x593.jpg\" alt=\"\" width=\"474\" height=\"274\" srcset=\"https:\/\/cloud.alqueria.es\/wp-content\/uploads\/sites\/6\/2025\/02\/IMG_20250220_113820-1024x593.jpg 1024w, https:\/\/cloud.alqueria.es\/wp-content\/uploads\/sites\/6\/2025\/02\/IMG_20250220_113820-300x174.jpg 300w, https:\/\/cloud.alqueria.es\/wp-content\/uploads\/sites\/6\/2025\/02\/IMG_20250220_113820-768x445.jpg 768w, https:\/\/cloud.alqueria.es\/wp-content\/uploads\/sites\/6\/2025\/02\/IMG_20250220_113820.jpg 1419w\" sizes=\"(max-width: 474px) 100vw, 474px\" \/><\/p>\n<p>Nos metemos de lleno en un nuevo <span style=\"color: #800000\"><strong>proyecto de investigaci\u00f3n<\/strong><\/span> que nos lleva a conocer distintas <strong>culturas<\/strong> que han pasado a lo largo de la <span style=\"color: #800000\"><strong>historia<\/strong><\/span> dejando su legado.<\/p>\n<p>Viajaremos a Jap\u00f3n de la mano de Paula y recorreremos\u00a0 parte del mundo con los piratas que nos presentar\u00e1 An\u00edbal.<\/p>\n<p><img decoding=\"async\" data-attachment-id=\"19608\" data-permalink=\"https:\/\/www.alqueria.es\/blogs\/alqueriaprimerciclo\/2019\/03\/24\/navegamos-en-la-historia\/materiais-estudo-online-historia-noticias\/\" data-orig-file=\"https:\/\/cloud.alqueria.es\/wp-content\/uploads\/sites\/6\/2019\/03\/materiais-estudo-online-historia-noticias.jpg\" data-orig-size=\"712,350\" data-comments-opened=\"1\" data-image-meta=\"{&quot;aperture&quot;:&quot;0&quot;,&quot;credit&quot;:&quot;&quot;,&quot;camera&quot;:&quot;&quot;,&quot;caption&quot;:&quot;&quot;,&quot;created_timestamp&quot;:&quot;0&quot;,&quot;copyright&quot;:&quot;&quot;,&quot;focal_length&quot;:&quot;0&quot;,&quot;iso&quot;:&quot;0&quot;,&quot;shutter_speed&quot;:&quot;0&quot;,&quot;title&quot;:&quot;&quot;,&quot;orientation&quot;:&quot;0&quot;}\" data-image-title=\"materiais-estudo-online-historia-noticias\" data-image-description=\"\" data-image-caption=\"\" data-large-file=\"https:\/\/cloud.alqueria.es\/wp-content\/uploads\/sites\/6\/2019\/03\/materiais-estudo-online-historia-noticias.jpg\" class=\"aligncenter size-full wp-image-19608\" src=\"https:\/\/cloud.alqueria.es\/wp-content\/uploads\/sites\/6\/2019\/03\/materiais-estudo-online-historia-noticias.jpg\" alt=\"\" width=\"712\" height=\"350\" srcset=\"https:\/\/cloud.alqueria.es\/wp-content\/uploads\/sites\/6\/2019\/03\/materiais-estudo-online-historia-noticias.jpg 712w, https:\/\/cloud.alqueria.es\/wp-content\/uploads\/sites\/6\/2019\/03\/materiais-estudo-online-historia-noticias.jpg 300w\" sizes=\"(max-width: 712px) 100vw, 712px\" \/>Nos centraremos especialmente en\u00a0 la \u00e9poca que la <span style=\"color: #ff0000\"><strong>Alhambra<\/strong><\/span> era una ciudad con mucha vida. <strong>Ezra<\/strong> nos la\u00a0 presentar\u00e1 en su conferencia.<\/p>\n<p>Con los compa\u00f1eros de <strong>sexto<\/strong> compartiremos diferentes sesiones de investigaci\u00f3n sobre el proyecto. Comenzamos con una de ideas previas.<\/p>\n<p>Para ampliar y vivenciar conocimientos<strong> visitaremos la ciudad de Alhambra este mes de marzo, el viernes 28.<\/strong><\/p>\n<p>En art\u00edstica dise\u00f1amos en volumen distintas edificaciones que bien podr\u00edan ser parte de la ciudad fortificada de la Alhambra.<\/p>\n<div data-carousel-extra='{&quot;blog_id&quot;:6,&quot;permalink&quot;:&quot;https:\/\/www.alqueria.es\/blogs\/alqueriaprimerciclo\/2025\/03\/08\/la-historia-de-1continua\/&quot;}' id='gallery-1' class='gallery galleryid-40308 gallery-columns-3 gallery-size-thumbnail'><figure class='gallery-item'>\n\t\t\t<div class='gallery-icon landscape'>\n\t\t\t\t<a href='https:\/\/www.alqueria.es\/blogs\/alqueriaprimerciclo\/2025\/03\/08\/la-historia-de-1continua\/img_20250307_101616\/'><img decoding=\"async\" width=\"150\" height=\"150\" src=\"https:\/\/cloud.alqueria.es\/wp-content\/uploads\/sites\/6\/2025\/03\/IMG_20250307_101616-150x150.jpg\" class=\"attachment-thumbnail size-thumbnail\" alt=\"\" data-attachment-id=\"40493\" data-permalink=\"https:\/\/www.alqueria.es\/blogs\/alqueriaprimerciclo\/2025\/03\/08\/la-historia-de-1continua\/img_20250307_101616\/\" data-orig-file=\"https:\/\/cloud.alqueria.es\/wp-content\/uploads\/sites\/6\/2025\/03\/IMG_20250307_101616.jpg\" data-orig-size=\"2500,2456\" data-comments-opened=\"1\" data-image-meta=\"{&quot;aperture&quot;:&quot;1.8&quot;,&quot;credit&quot;:&quot;&quot;,&quot;camera&quot;:&quot;Redmi Note 7&quot;,&quot;caption&quot;:&quot;&quot;,&quot;created_timestamp&quot;:&quot;1741342576&quot;,&quot;copyright&quot;:&quot;&quot;,&quot;focal_length&quot;:&quot;4.74&quot;,&quot;iso&quot;:&quot;160&quot;,&quot;shutter_speed&quot;:&quot;0.03030303030303&quot;,&quot;title&quot;:&quot;&quot;,&quot;orientation&quot;:&quot;1&quot;}\" data-image-title=\"IMG_20250307_101616\" data-image-description=\"\" data-image-caption=\"\" data-large-file=\"https:\/\/cloud.alqueria.es\/wp-content\/uploads\/sites\/6\/2025\/03\/IMG_20250307_101616-1024x1006.jpg\" \/><\/a>\n\t\t\t<\/div><\/figure><figure class='gallery-item'>\n\t\t\t<div class='gallery-icon landscape'>\n\t\t\t\t<a href='https:\/\/www.alqueria.es\/blogs\/alqueriaprimerciclo\/2025\/03\/08\/la-historia-de-1continua\/img_20250307_1016562\/'><img decoding=\"async\" width=\"150\" height=\"150\" src=\"https:\/\/cloud.alqueria.es\/wp-content\/uploads\/sites\/6\/2025\/03\/IMG_20250307_1016562-150x150.jpg\" class=\"attachment-thumbnail size-thumbnail\" alt=\"\" data-attachment-id=\"40495\" data-permalink=\"https:\/\/www.alqueria.es\/blogs\/alqueriaprimerciclo\/2025\/03\/08\/la-historia-de-1continua\/img_20250307_1016562\/\" data-orig-file=\"https:\/\/cloud.alqueria.es\/wp-content\/uploads\/sites\/6\/2025\/03\/IMG_20250307_1016562.jpg\" data-orig-size=\"2500,1467\" data-comments-opened=\"1\" data-image-meta=\"{&quot;aperture&quot;:&quot;1.8&quot;,&quot;credit&quot;:&quot;&quot;,&quot;camera&quot;:&quot;Redmi Note 7&quot;,&quot;caption&quot;:&quot;&quot;,&quot;created_timestamp&quot;:&quot;1741342616&quot;,&quot;copyright&quot;:&quot;&quot;,&quot;focal_length&quot;:&quot;4.74&quot;,&quot;iso&quot;:&quot;160&quot;,&quot;shutter_speed&quot;:&quot;0.02&quot;,&quot;title&quot;:&quot;&quot;,&quot;orientation&quot;:&quot;1&quot;}\" data-image-title=\"IMG_20250307_101656~2\" data-image-description=\"\" data-image-caption=\"\" data-large-file=\"https:\/\/cloud.alqueria.es\/wp-content\/uploads\/sites\/6\/2025\/03\/IMG_20250307_1016562-1024x601.jpg\" \/><\/a>\n\t\t\t<\/div><\/figure><figure class='gallery-item'>\n\t\t\t<div class='gallery-icon landscape'>\n\t\t\t\t<a href='https:\/\/www.alqueria.es\/blogs\/alqueriaprimerciclo\/2025\/03\/08\/la-historia-de-1continua\/img_20250307_110640\/'><img decoding=\"async\" width=\"150\" height=\"150\" src=\"https:\/\/cloud.alqueria.es\/wp-content\/uploads\/sites\/6\/2025\/03\/IMG_20250307_110640-150x150.jpg\" class=\"attachment-thumbnail size-thumbnail\" alt=\"\" data-attachment-id=\"40497\" data-permalink=\"https:\/\/www.alqueria.es\/blogs\/alqueriaprimerciclo\/2025\/03\/08\/la-historia-de-1continua\/img_20250307_110640\/\" data-orig-file=\"https:\/\/cloud.alqueria.es\/wp-content\/uploads\/sites\/6\/2025\/03\/IMG_20250307_110640.jpg\" data-orig-size=\"2500,2205\" data-comments-opened=\"1\" data-image-meta=\"{&quot;aperture&quot;:&quot;1.8&quot;,&quot;credit&quot;:&quot;&quot;,&quot;camera&quot;:&quot;Redmi Note 7&quot;,&quot;caption&quot;:&quot;&quot;,&quot;created_timestamp&quot;:&quot;1741345599&quot;,&quot;copyright&quot;:&quot;&quot;,&quot;focal_length&quot;:&quot;4.74&quot;,&quot;iso&quot;:&quot;320&quot;,&quot;shutter_speed&quot;:&quot;0.03030303030303&quot;,&quot;title&quot;:&quot;&quot;,&quot;orientation&quot;:&quot;1&quot;}\" data-image-title=\"IMG_20250307_110640\" data-image-description=\"\" data-image-caption=\"\" data-large-file=\"https:\/\/cloud.alqueria.es\/wp-content\/uploads\/sites\/6\/2025\/03\/IMG_20250307_110640-1024x903.jpg\" \/><\/a>\n\t\t\t<\/div><\/figure><figure class='gallery-item'>\n\t\t\t<div class='gallery-icon portrait'>\n\t\t\t\t<a href='https:\/\/www.alqueria.es\/blogs\/alqueriaprimerciclo\/2025\/03\/08\/la-historia-de-1continua\/img_20250307_110621\/'><img decoding=\"async\" width=\"150\" height=\"150\" src=\"https:\/\/cloud.alqueria.es\/wp-content\/uploads\/sites\/6\/2025\/03\/IMG_20250307_110621-150x150.jpg\" class=\"attachment-thumbnail size-thumbnail\" alt=\"\" data-attachment-id=\"40496\" data-permalink=\"https:\/\/www.alqueria.es\/blogs\/alqueriaprimerciclo\/2025\/03\/08\/la-historia-de-1continua\/img_20250307_110621\/\" data-orig-file=\"https:\/\/cloud.alqueria.es\/wp-content\/uploads\/sites\/6\/2025\/03\/IMG_20250307_110621.jpg\" data-orig-size=\"1785,2500\" data-comments-opened=\"1\" data-image-meta=\"{&quot;aperture&quot;:&quot;1.8&quot;,&quot;credit&quot;:&quot;&quot;,&quot;camera&quot;:&quot;Redmi Note 7&quot;,&quot;caption&quot;:&quot;&quot;,&quot;created_timestamp&quot;:&quot;1741345581&quot;,&quot;copyright&quot;:&quot;&quot;,&quot;focal_length&quot;:&quot;4.74&quot;,&quot;iso&quot;:&quot;320&quot;,&quot;shutter_speed&quot;:&quot;0.03030303030303&quot;,&quot;title&quot;:&quot;&quot;,&quot;orientation&quot;:&quot;1&quot;}\" data-image-title=\"IMG_20250307_110621\" data-image-description=\"\" data-image-caption=\"\" data-large-file=\"https:\/\/cloud.alqueria.es\/wp-content\/uploads\/sites\/6\/2025\/03\/IMG_20250307_110621-731x1024.jpg\" \/><\/a>\n\t\t\t<\/div><\/figure><figure class='gallery-item'>\n\t\t\t<div class='gallery-icon landscape'>\n\t\t\t\t<a href='https:\/\/www.alqueria.es\/blogs\/alqueriaprimerciclo\/2025\/03\/08\/la-historia-de-1continua\/img_20250307_101633\/'><img decoding=\"async\" width=\"150\" height=\"150\" src=\"https:\/\/cloud.alqueria.es\/wp-content\/uploads\/sites\/6\/2025\/03\/IMG_20250307_101633-150x150.jpg\" class=\"attachment-thumbnail size-thumbnail\" alt=\"\" data-attachment-id=\"40494\" data-permalink=\"https:\/\/www.alqueria.es\/blogs\/alqueriaprimerciclo\/2025\/03\/08\/la-historia-de-1continua\/img_20250307_101633\/\" data-orig-file=\"https:\/\/cloud.alqueria.es\/wp-content\/uploads\/sites\/6\/2025\/03\/IMG_20250307_101633.jpg\" data-orig-size=\"2500,1326\" data-comments-opened=\"1\" data-image-meta=\"{&quot;aperture&quot;:&quot;1.8&quot;,&quot;credit&quot;:&quot;&quot;,&quot;camera&quot;:&quot;Redmi Note 7&quot;,&quot;caption&quot;:&quot;&quot;,&quot;created_timestamp&quot;:&quot;1741342593&quot;,&quot;copyright&quot;:&quot;&quot;,&quot;focal_length&quot;:&quot;4.74&quot;,&quot;iso&quot;:&quot;250&quot;,&quot;shutter_speed&quot;:&quot;0.03030303030303&quot;,&quot;title&quot;:&quot;&quot;,&quot;orientation&quot;:&quot;1&quot;}\" data-image-title=\"IMG_20250307_101633\" data-image-description=\"\" data-image-caption=\"\" data-large-file=\"https:\/\/cloud.alqueria.es\/wp-content\/uploads\/sites\/6\/2025\/03\/IMG_20250307_101633-1024x543.jpg\" \/><\/a>\n\t\t\t<\/div><\/figure><figure class='gallery-item'>\n\t\t\t<div class='gallery-icon landscape'>\n\t\t\t\t<a href='https:\/\/www.alqueria.es\/blogs\/alqueriaprimerciclo\/2025\/03\/08\/la-historia-de-1continua\/img-20250307-wa0001\/'><img decoding=\"async\" width=\"150\" height=\"150\" src=\"https:\/\/cloud.alqueria.es\/wp-content\/uploads\/sites\/6\/2025\/03\/IMG-20250307-WA0001-150x150.jpg\" class=\"attachment-thumbnail size-thumbnail\" alt=\"\" data-attachment-id=\"40498\" data-permalink=\"https:\/\/www.alqueria.es\/blogs\/alqueriaprimerciclo\/2025\/03\/08\/la-historia-de-1continua\/img-20250307-wa0001\/\" data-orig-file=\"https:\/\/cloud.alqueria.es\/wp-content\/uploads\/sites\/6\/2025\/03\/IMG-20250307-WA0001.jpg\" data-orig-size=\"2000,1500\" data-comments-opened=\"1\" data-image-meta=\"{&quot;aperture&quot;:&quot;0&quot;,&quot;credit&quot;:&quot;&quot;,&quot;camera&quot;:&quot;&quot;,&quot;caption&quot;:&quot;&quot;,&quot;created_timestamp&quot;:&quot;0&quot;,&quot;copyright&quot;:&quot;&quot;,&quot;focal_length&quot;:&quot;0&quot;,&quot;iso&quot;:&quot;0&quot;,&quot;shutter_speed&quot;:&quot;0&quot;,&quot;title&quot;:&quot;&quot;,&quot;orientation&quot;:&quot;0&quot;}\" data-image-title=\"IMG-20250307-WA0001\" data-image-description=\"\" data-image-caption=\"\" data-large-file=\"https:\/\/cloud.alqueria.es\/wp-content\/uploads\/sites\/6\/2025\/03\/IMG-20250307-WA0001-1024x768.jpg\" \/><\/a>\n\t\t\t<\/div><\/figure><figure class='gallery-item'>\n\t\t\t<div class='gallery-icon landscape'>\n\t\t\t\t<a href='https:\/\/www.alqueria.es\/blogs\/alqueriaprimerciclo\/2025\/03\/08\/la-historia-de-1continua\/img-20250307-wa0002\/'><img decoding=\"async\" width=\"150\" height=\"150\" src=\"https:\/\/cloud.alqueria.es\/wp-content\/uploads\/sites\/6\/2025\/03\/IMG-20250307-WA0002-150x150.jpg\" class=\"attachment-thumbnail size-thumbnail\" alt=\"\" data-attachment-id=\"40499\" data-permalink=\"https:\/\/www.alqueria.es\/blogs\/alqueriaprimerciclo\/2025\/03\/08\/la-historia-de-1continua\/img-20250307-wa0002\/\" data-orig-file=\"https:\/\/cloud.alqueria.es\/wp-content\/uploads\/sites\/6\/2025\/03\/IMG-20250307-WA0002.jpg\" data-orig-size=\"2000,1500\" data-comments-opened=\"1\" data-image-meta=\"{&quot;aperture&quot;:&quot;0&quot;,&quot;credit&quot;:&quot;&quot;,&quot;camera&quot;:&quot;&quot;,&quot;caption&quot;:&quot;&quot;,&quot;created_timestamp&quot;:&quot;0&quot;,&quot;copyright&quot;:&quot;&quot;,&quot;focal_length&quot;:&quot;0&quot;,&quot;iso&quot;:&quot;0&quot;,&quot;shutter_speed&quot;:&quot;0&quot;,&quot;title&quot;:&quot;&quot;,&quot;orientation&quot;:&quot;0&quot;}\" data-image-title=\"IMG-20250307-WA0002\" data-image-description=\"\" data-image-caption=\"\" data-large-file=\"https:\/\/cloud.alqueria.es\/wp-content\/uploads\/sites\/6\/2025\/03\/IMG-20250307-WA0002-1024x768.jpg\" \/><\/a>\n\t\t\t<\/div><\/figure>\n\t\t<\/div>\n\n<p><span style=\"color: #800080\">Durante el estudio del tema de la historia varias conferencias nos aportar\u00e1n informaci\u00f3n sobre otras culturas, pa\u00edses, formas de vida&#8230; intereses particulares como Jap\u00f3n, los piratas o nuestra ciudad con la\u00a0 Alhambra .<\/span><\/p>\n<p><span style=\"color: #800080\"><strong>Conferencia de Paula <\/strong>sobre<strong> JAP\u00d3N<\/strong><\/span><\/p>\n<p>Paula nos lleva de viaje a un pa\u00eds muy lejano , en el continente asi\u00e1tico , con\u00a0 cultura muy diferente a la nuestra.<\/p>\n<p><img decoding=\"async\" data-attachment-id=\"40431\" data-permalink=\"https:\/\/www.alqueria.es\/blogs\/alqueriaprimerciclo\/2025\/03\/08\/la-historia-de-1continua\/img-20250306-wa0004\/\" data-orig-file=\"https:\/\/cloud.alqueria.es\/wp-content\/uploads\/sites\/6\/2025\/03\/IMG-20250306-WA0004.jpg\" data-orig-size=\"1500,2000\" data-comments-opened=\"1\" data-image-meta=\"{&quot;aperture&quot;:&quot;0&quot;,&quot;credit&quot;:&quot;&quot;,&quot;camera&quot;:&quot;&quot;,&quot;caption&quot;:&quot;&quot;,&quot;created_timestamp&quot;:&quot;0&quot;,&quot;copyright&quot;:&quot;&quot;,&quot;focal_length&quot;:&quot;0&quot;,&quot;iso&quot;:&quot;0&quot;,&quot;shutter_speed&quot;:&quot;0&quot;,&quot;title&quot;:&quot;&quot;,&quot;orientation&quot;:&quot;0&quot;}\" data-image-title=\"IMG-20250306-WA0004\" data-image-description=\"\" data-image-caption=\"\" data-large-file=\"https:\/\/cloud.alqueria.es\/wp-content\/uploads\/sites\/6\/2025\/03\/IMG-20250306-WA0004-768x1024.jpg\" class=\"aligncenter size-large wp-image-40431\" src=\"https:\/\/cloud.alqueria.es\/wp-content\/uploads\/sites\/6\/2025\/03\/IMG-20250306-WA0004-768x1024.jpg\" alt=\"\" width=\"474\" height=\"632\" srcset=\"https:\/\/cloud.alqueria.es\/wp-content\/uploads\/sites\/6\/2025\/03\/IMG-20250306-WA0004-768x1024.jpg 768w, https:\/\/cloud.alqueria.es\/wp-content\/uploads\/sites\/6\/2025\/03\/IMG-20250306-WA0004-225x300.jpg 225w, https:\/\/cloud.alqueria.es\/wp-content\/uploads\/sites\/6\/2025\/03\/IMG-20250306-WA0004-1152x1536.jpg 1152w, https:\/\/cloud.alqueria.es\/wp-content\/uploads\/sites\/6\/2025\/03\/IMG-20250306-WA0004.jpg 1500w\" sizes=\"(max-width: 474px) 100vw, 474px\" \/><\/p>\n<p>Nos explica qu\u00e9 es Jap\u00f3n. Es un pa\u00eds de Asia. En japon\u00e9s se pronuncia Nihon y nos muestra c\u00f3mo se escribe.<\/p>\n<p>\u00bfD\u00f3nde est\u00e1 Jap\u00f3n?. Jap\u00f3n es un pa\u00eds insular, que significa que es una gran isla. Se sit\u00faa en el Oc\u00e9ano Pacifico. Sus pa\u00edses vecinos son China, Rusia y Corea.<\/p>\n<p>Jap\u00f3n se encuentra en una regi\u00f3n del mundo que se conoce como el anillo de fuego. El anillo de fuego es una regi\u00f3n que se caracteriza porque hay muchos terremotos y erupciones volc\u00e1nicas.<\/p>\n<p>La bandera de Jap\u00f3n simboliza al sol y los japoneses la llaman Hinomaru.<\/p>\n<p>La capital de Jap\u00f3n es la ciudad de Tokio, que en japones se pronuncia Tokioooo y nos muestra c\u00f3mo se escribe.<\/p>\n<p><img decoding=\"async\" data-attachment-id=\"40430\" data-permalink=\"https:\/\/www.alqueria.es\/blogs\/alqueriaprimerciclo\/2025\/03\/08\/la-historia-de-1continua\/img-20250306-wa0003\/\" data-orig-file=\"https:\/\/cloud.alqueria.es\/wp-content\/uploads\/sites\/6\/2025\/03\/IMG-20250306-WA0003.jpg\" data-orig-size=\"1696,1205\" data-comments-opened=\"1\" data-image-meta=\"{&quot;aperture&quot;:&quot;0&quot;,&quot;credit&quot;:&quot;&quot;,&quot;camera&quot;:&quot;&quot;,&quot;caption&quot;:&quot;&quot;,&quot;created_timestamp&quot;:&quot;0&quot;,&quot;copyright&quot;:&quot;&quot;,&quot;focal_length&quot;:&quot;0&quot;,&quot;iso&quot;:&quot;0&quot;,&quot;shutter_speed&quot;:&quot;0&quot;,&quot;title&quot;:&quot;&quot;,&quot;orientation&quot;:&quot;0&quot;}\" data-image-title=\"IMG-20250306-WA0003\" data-image-description=\"\" data-image-caption=\"\" data-large-file=\"https:\/\/cloud.alqueria.es\/wp-content\/uploads\/sites\/6\/2025\/03\/IMG-20250306-WA0003-1024x728.jpg\" class=\"aligncenter size-large wp-image-40430\" src=\"https:\/\/cloud.alqueria.es\/wp-content\/uploads\/sites\/6\/2025\/03\/IMG-20250306-WA0003-1024x728.jpg\" alt=\"\" width=\"474\" height=\"337\" srcset=\"https:\/\/cloud.alqueria.es\/wp-content\/uploads\/sites\/6\/2025\/03\/IMG-20250306-WA0003-1024x728.jpg 1024w, https:\/\/cloud.alqueria.es\/wp-content\/uploads\/sites\/6\/2025\/03\/IMG-20250306-WA0003-300x213.jpg 300w, https:\/\/cloud.alqueria.es\/wp-content\/uploads\/sites\/6\/2025\/03\/IMG-20250306-WA0003-768x546.jpg 768w, https:\/\/cloud.alqueria.es\/wp-content\/uploads\/sites\/6\/2025\/03\/IMG-20250306-WA0003-1536x1091.jpg 1536w, https:\/\/cloud.alqueria.es\/wp-content\/uploads\/sites\/6\/2025\/03\/IMG-20250306-WA0003.jpg 1696w\" sizes=\"(max-width: 474px) 100vw, 474px\" \/><\/p>\n<p>\u00bfCu\u00e1nta gente vive en Jap\u00f3n? Jap\u00f3n est\u00e1 muy poblado, es decir, all\u00ed vive mucha gente. Se sabe que viven en Jap\u00f3n 126 millones de personas. Los japoneses son los que tienen la mayor esperanza de vida del mundo, es decir, son los que m\u00e1s a\u00f1os viven.<\/p>\n<p>Jap\u00f3n ha estado poblado desde la prehistoria.<\/p>\n<p>Primero, los japoneses viv\u00edan en reinos y luego, despu\u00e9s de la guerra de Sekigahara, se unieron todos en un solo imperio donde gobernaba el emperador. El primer emperador de Jap\u00f3n se llam\u00f3 Jinmu Tenno.<\/p>\n<p><img decoding=\"async\" data-attachment-id=\"40429\" data-permalink=\"https:\/\/www.alqueria.es\/blogs\/alqueriaprimerciclo\/2025\/03\/08\/la-historia-de-1continua\/img-20250306-wa0002\/\" data-orig-file=\"https:\/\/cloud.alqueria.es\/wp-content\/uploads\/sites\/6\/2025\/03\/IMG-20250306-WA0002.jpg\" data-orig-size=\"1827,1323\" data-comments-opened=\"1\" data-image-meta=\"{&quot;aperture&quot;:&quot;0&quot;,&quot;credit&quot;:&quot;&quot;,&quot;camera&quot;:&quot;&quot;,&quot;caption&quot;:&quot;&quot;,&quot;created_timestamp&quot;:&quot;0&quot;,&quot;copyright&quot;:&quot;&quot;,&quot;focal_length&quot;:&quot;0&quot;,&quot;iso&quot;:&quot;0&quot;,&quot;shutter_speed&quot;:&quot;0&quot;,&quot;title&quot;:&quot;&quot;,&quot;orientation&quot;:&quot;0&quot;}\" data-image-title=\"IMG-20250306-WA0002\" data-image-description=\"\" data-image-caption=\"\" data-large-file=\"https:\/\/cloud.alqueria.es\/wp-content\/uploads\/sites\/6\/2025\/03\/IMG-20250306-WA0002-1024x742.jpg\" class=\"aligncenter size-large wp-image-40429\" src=\"https:\/\/cloud.alqueria.es\/wp-content\/uploads\/sites\/6\/2025\/03\/IMG-20250306-WA0002-1024x742.jpg\" alt=\"\" width=\"474\" height=\"343\" srcset=\"https:\/\/cloud.alqueria.es\/wp-content\/uploads\/sites\/6\/2025\/03\/IMG-20250306-WA0002-1024x742.jpg 1024w, https:\/\/cloud.alqueria.es\/wp-content\/uploads\/sites\/6\/2025\/03\/IMG-20250306-WA0002-300x217.jpg 300w, https:\/\/cloud.alqueria.es\/wp-content\/uploads\/sites\/6\/2025\/03\/IMG-20250306-WA0002-768x556.jpg 768w, https:\/\/cloud.alqueria.es\/wp-content\/uploads\/sites\/6\/2025\/03\/IMG-20250306-WA0002-1536x1112.jpg 1536w, https:\/\/cloud.alqueria.es\/wp-content\/uploads\/sites\/6\/2025\/03\/IMG-20250306-WA0002.jpg 1827w\" sizes=\"(max-width: 474px) 100vw, 474px\" \/><\/p>\n<p>Actualmente, Jap\u00f3n es una monarqu\u00eda parlamentaria. En las monarqu\u00edas parlamentarias existe un rey o una reina, que representa al pa\u00eds, pero no gobierna. Gobierna un gobierno elegido por los ciudadanos.<\/p>\n<p>En la fauna de Jap\u00f3n destacan los monos de nieve o macacos de Jap\u00f3n, que son monos que viven en el norte de Jap\u00f3n, en zonas muy fr\u00edas, y aprovechan las piscinas de aguas termales que est\u00e1n muy calentitas, para relajarse y escapar del frio.<\/p>\n<p>Hay otra curiosidad en cuanto a la fauna de Jap\u00f3n. Hay un pajarito, el rabilargo, que se llama as\u00ed porque tiene una cola muy larga, de la que hay dos especies distintas: una est\u00e1 en Jap\u00f3n y la otra en Espa\u00f1a y Portugal, solamente.<\/p>\n<p>La cocina japonesa. Los ingredientes principales de la cocina japones es el arroz, el trigo y la soja.<\/p>\n<p>Los japoneses no comen con tenedor, comen con palillos, que en japones se llaman ohashi<\/p>\n<p>Un desayuno tradicional japon\u00e9s tiene: una sopa de miso, arroz y verdura encurtida (est\u00e1 ali\u00f1ada como las aceitunas)<\/p>\n<p>Un almuerzo japon\u00e9s tradicional se conoce como Ichiju Sansai y tiene: una sopa y 3 platillos que son sashimi (pescado crudo sin arroz), un plato a la parrilla y un plato cocido.<\/p>\n<p>La ceremonia del t\u00e9, en japon\u00e9s, chanoyu , es muy tradicional. Generalmente lo sirven se\u00f1oras japonesas, vestidas con el traje tradicional de Jap\u00f3n, que es el kimono, y es un proceso muy largo. Tambi\u00e9n con el t\u00e9 toman dulces de pasta de arroz.<img decoding=\"async\" data-attachment-id=\"40428\" data-permalink=\"https:\/\/www.alqueria.es\/blogs\/alqueriaprimerciclo\/2025\/03\/08\/la-historia-de-1continua\/img-20250306-wa0001\/\" data-orig-file=\"https:\/\/cloud.alqueria.es\/wp-content\/uploads\/sites\/6\/2025\/03\/IMG-20250306-WA0001.jpg\" data-orig-size=\"2048,1463\" data-comments-opened=\"1\" data-image-meta=\"{&quot;aperture&quot;:&quot;0&quot;,&quot;credit&quot;:&quot;&quot;,&quot;camera&quot;:&quot;&quot;,&quot;caption&quot;:&quot;&quot;,&quot;created_timestamp&quot;:&quot;0&quot;,&quot;copyright&quot;:&quot;&quot;,&quot;focal_length&quot;:&quot;0&quot;,&quot;iso&quot;:&quot;0&quot;,&quot;shutter_speed&quot;:&quot;0&quot;,&quot;title&quot;:&quot;&quot;,&quot;orientation&quot;:&quot;0&quot;}\" data-image-title=\"IMG-20250306-WA0001\" data-image-description=\"\" data-image-caption=\"\" data-large-file=\"https:\/\/cloud.alqueria.es\/wp-content\/uploads\/sites\/6\/2025\/03\/IMG-20250306-WA0001-1024x732.jpg\" class=\"aligncenter size-large wp-image-40428\" src=\"https:\/\/cloud.alqueria.es\/wp-content\/uploads\/sites\/6\/2025\/03\/IMG-20250306-WA0001-1024x732.jpg\" alt=\"\" width=\"474\" height=\"339\" srcset=\"https:\/\/cloud.alqueria.es\/wp-content\/uploads\/sites\/6\/2025\/03\/IMG-20250306-WA0001-1024x732.jpg 1024w, https:\/\/cloud.alqueria.es\/wp-content\/uploads\/sites\/6\/2025\/03\/IMG-20250306-WA0001-300x214.jpg 300w, https:\/\/cloud.alqueria.es\/wp-content\/uploads\/sites\/6\/2025\/03\/IMG-20250306-WA0001-768x549.jpg 768w, https:\/\/cloud.alqueria.es\/wp-content\/uploads\/sites\/6\/2025\/03\/IMG-20250306-WA0001-1536x1097.jpg 1536w, https:\/\/cloud.alqueria.es\/wp-content\/uploads\/sites\/6\/2025\/03\/IMG-20250306-WA0001.jpg 2048w\" sizes=\"(max-width: 474px) 100vw, 474px\" \/><\/p>\n<p>Por \u00faltimo, nos\u00a0 habla\u00a0 un poco de la cultura japonesa que es muy rica y variada: destaca en la m\u00fasica, la arquitectura, la cer\u00e1mica, las artes marciales\u2026etc. Todas estas expresiones de la cultura son muy antiguas y a\u00fan hoy se conservan y practican. Tambi\u00e9n los japoneses destacan en actividades culturales modernas. Una de sus favoritas es el manga. Manga en japones significa: historieta, y son justamente eso, historias cortas con muchos dibujos e ilustraciones y en formato c\u00f3mic. Hay muchos tipos de mangas. El manga ha dado lugar a personajes muy famosos, como uno de mis favoritos: Nefuko. Pero no todo el manga es apto para ni\u00f1os, por ejemplo, Nefuko no es una serie manga para ni\u00f1os y\u00a0 no la ha visto, pero le gusta el personaje.<\/p>\n<p>Hay series manga para ni\u00f1os, algunas de ellas se hicieron famosas cuando nosotros , los papas\u00a0 y mam\u00e1s eramos\u00a0 ni\u00f1os, como Heidi. Otras m\u00e1s recientes son Doraemon y una serie que ha descubierto hace muy poco: Hamtaro.<img decoding=\"async\" data-attachment-id=\"40427\" data-permalink=\"https:\/\/www.alqueria.es\/blogs\/alqueriaprimerciclo\/2025\/03\/08\/la-historia-de-1continua\/img-20250306-wa0000\/\" data-orig-file=\"https:\/\/cloud.alqueria.es\/wp-content\/uploads\/sites\/6\/2025\/03\/IMG-20250306-WA0000.jpg\" data-orig-size=\"2000,1500\" data-comments-opened=\"1\" data-image-meta=\"{&quot;aperture&quot;:&quot;0&quot;,&quot;credit&quot;:&quot;&quot;,&quot;camera&quot;:&quot;&quot;,&quot;caption&quot;:&quot;&quot;,&quot;created_timestamp&quot;:&quot;0&quot;,&quot;copyright&quot;:&quot;&quot;,&quot;focal_length&quot;:&quot;0&quot;,&quot;iso&quot;:&quot;0&quot;,&quot;shutter_speed&quot;:&quot;0&quot;,&quot;title&quot;:&quot;&quot;,&quot;orientation&quot;:&quot;0&quot;}\" data-image-title=\"IMG-20250306-WA0000\" data-image-description=\"\" data-image-caption=\"\" data-large-file=\"https:\/\/cloud.alqueria.es\/wp-content\/uploads\/sites\/6\/2025\/03\/IMG-20250306-WA0000-1024x768.jpg\" class=\"aligncenter size-large wp-image-40427\" src=\"https:\/\/cloud.alqueria.es\/wp-content\/uploads\/sites\/6\/2025\/03\/IMG-20250306-WA0000-1024x768.jpg\" alt=\"\" width=\"474\" height=\"356\" srcset=\"https:\/\/cloud.alqueria.es\/wp-content\/uploads\/sites\/6\/2025\/03\/IMG-20250306-WA0000-1024x768.jpg 1024w, https:\/\/cloud.alqueria.es\/wp-content\/uploads\/sites\/6\/2025\/03\/IMG-20250306-WA0000-300x225.jpg 300w, https:\/\/cloud.alqueria.es\/wp-content\/uploads\/sites\/6\/2025\/03\/IMG-20250306-WA0000-768x576.jpg 768w, https:\/\/cloud.alqueria.es\/wp-content\/uploads\/sites\/6\/2025\/03\/IMG-20250306-WA0000-1536x1152.jpg 1536w, https:\/\/cloud.alqueria.es\/wp-content\/uploads\/sites\/6\/2025\/03\/IMG-20250306-WA0000.jpg 2000w\" sizes=\"(max-width: 474px) 100vw, 474px\" \/><\/p>\n<p>Vemos y escuchamos un v\u00eddeo de Hamtaro en el que canta la canci\u00f3n de su serie manga para que lo conozcamos:<\/p>\n<p><span class=\"embed-youtube\" style=\"text-align:center; display: block;\"><div class=\"a25-CTUOC-hidding-box\" data-original-content=\"&lt;iframe loading=&quot;lazy&quot; class=&quot;youtube-player&quot; width=&quot;474&quot; height=&quot;267&quot; src=&quot;https:\/\/www.youtube.com\/embed\/PhLfrEnfYKY?version=3&amp;#038;rel=1&amp;#038;showsearch=0&amp;#038;showinfo=1&amp;#038;iv_load_policy=1&amp;#038;fs=1&amp;#038;hl=es-ES&amp;#038;autohide=2&amp;#038;wmode=transparent&quot; allowfullscreen=&quot;true&quot; style=&quot;border:0;&quot; sandbox=&quot;allow-scripts allow-same-origin allow-popups allow-presentation allow-popups-to-escape-sandbox&quot;&gt;&lt;\/iframe&gt;\">Esta p\u00e1gina incluye contenido multimedia que requiere aceptar todas las cookies. Pulse aqu\u00ed para abrir la configuraci\u00f3n de cookies.<\/div><\/span><\/p>\n<p>Muchas gracias Paula por este magn\u00edfico viaje a Jap\u00f3n con el que\u00a0 hemos podido\u00a0 conocer\u00a0 una cultura muy\u00a0 diferente a la nuestra.<\/p>\n<p>La historia contin\u00faa.<\/p>\n<p>Buen fin de semana .<\/p>\n<p>Dar\u00eda, tutora 1\u00b0<\/p>\n<p>&nbsp;<\/p>\n","protected":false},"excerpt":{"rendered":"<p>Despu\u00e9s de celebrar una magn\u00edfica Semana Cultural y un divertido Carnaval, en las que se rompen las rutinas\u00a0 escolares para dar paso a celebraciones especiales\u00a0 que nos aportan\u00a0 experiencias magn\u00edficas en nuestro proceso de aprendizaje, nos organizamos\u00a0 de nuevo con las actividades que nos gu\u00edan el aprendizaje . La lectura va cogiendo forma y el &hellip; <a href=\"https:\/\/www.alqueria.es\/blogs\/alqueriaprimerciclo\/2025\/03\/08\/la-historia-de-1continua\/\" class=\"more-link\">Seguir leyendo <span class=\"screen-reader-text\">La historia de 1\u00b0continua<\/span> <span class=\"meta-nav\">&rarr;<\/span><\/a><\/p>\n","protected":false},"author":12,"featured_media":0,"comment_status":"open","ping_status":"open","sticky":false,"template":"","format":"standard","meta":{"jetpack_post_was_ever_published":false,"_jetpack_newsletter_access":"","_jetpack_dont_email_post_to_subs":false,"_jetpack_newsletter_tier_id":0,"_jetpack_memberships_contains_paywalled_content":false,"_jetpack_memberships_contains_paid_content":false,"footnotes":"","jetpack_publicize_message":"","jetpack_publicize_feature_enabled":true,"jetpack_social_post_already_shared":true,"jetpack_social_options":{"image_generator_settings":{"template":"highway","default_image_id":0,"font":"","enabled":false},"version":2}},"categories":[2,174,198,8,25,167,236],"tags":[32,37,242,243,102,109,60,92],"class_list":["post-40308","post","type-post","status-publish","format-standard","hentry","category-1o-epo","category-conferencias","category-dia-de-andalucia","category-diario-de-clase-1o","category-educacion-artistica-1o","category-educacion-emocional","category-emprendimiento","tag-alqueria","tag-conferencias","tag-emprendimiento","tag-habilidades-sociales","tag-historia","tag-huerto","tag-primaria","tag-semanario"],"jetpack_publicize_connections":[],"jetpack_featured_media_url":"","jetpack_sharing_enabled":true,"jetpack_shortlink":"https:\/\/wp.me\/p4lvS0-au8","_links":{"self":[{"href":"https:\/\/www.alqueria.es\/blogs\/alqueriaprimerciclo\/wp-json\/wp\/v2\/posts\/40308","targetHints":{"allow":["GET"]}}],"collection":[{"href":"https:\/\/www.alqueria.es\/blogs\/alqueriaprimerciclo\/wp-json\/wp\/v2\/posts"}],"about":[{"href":"https:\/\/www.alqueria.es\/blogs\/alqueriaprimerciclo\/wp-json\/wp\/v2\/types\/post"}],"author":[{"embeddable":true,"href":"https:\/\/www.alqueria.es\/blogs\/alqueriaprimerciclo\/wp-json\/wp\/v2\/users\/12"}],"replies":[{"embeddable":true,"href":"https:\/\/www.alqueria.es\/blogs\/alqueriaprimerciclo\/wp-json\/wp\/v2\/comments?post=40308"}],"version-history":[{"count":1,"href":"https:\/\/www.alqueria.es\/blogs\/alqueriaprimerciclo\/wp-json\/wp\/v2\/posts\/40308\/revisions"}],"predecessor-version":[{"id":40501,"href":"https:\/\/www.alqueria.es\/blogs\/alqueriaprimerciclo\/wp-json\/wp\/v2\/posts\/40308\/revisions\/40501"}],"wp:attachment":[{"href":"https:\/\/www.alqueria.es\/blogs\/alqueriaprimerciclo\/wp-json\/wp\/v2\/media?parent=40308"}],"wp:term":[{"taxonomy":"category","embeddable":true,"href":"https:\/\/www.alqueria.es\/blogs\/alqueriaprimerciclo\/wp-json\/wp\/v2\/categories?post=40308"},{"taxonomy":"post_tag","embeddable":true,"href":"https:\/\/www.alqueria.es\/blogs\/alqueriaprimerciclo\/wp-json\/wp\/v2\/tags?post=40308"}],"curies":[{"name":"wp","href":"https:\/\/api.w.org\/{rel}","templated":true}]}}