{"id":40502,"date":"2025-03-16T11:10:36","date_gmt":"2025-03-16T10:10:36","guid":{"rendered":"https:\/\/www.alqueria.es\/blogs\/alqueriaprimerciclo\/?p=40502"},"modified":"2025-03-16T11:10:36","modified_gmt":"2025-03-16T10:10:36","slug":"conciencia-emocional-social-y-medioambiental","status":"publish","type":"post","link":"https:\/\/www.alqueria.es\/blogs\/alqueriaprimerciclo\/2025\/03\/16\/conciencia-emocional-social-y-medioambiental\/","title":{"rendered":"Conciencia emocional, social y medioambiental"},"content":{"rendered":"<p>Esta semana en el <strong>taller sobre habilidades sociales<\/strong> hemos visto algunas situaciones o conflictos reales y hemos aportado soluciones entre todos los miembros de la clase para solucionarlos. As\u00ed hemos llegado a la ruleta de las soluciones con la adquirir posibilidades con las que enfrentarnos a posibles conflictos. Podemos pedir que paren, hacer otra actividad que me haga sentir mejor, disculparme, pedir perd\u00f3n, calmarme&#8230;Para terminar, cada uno de nosotros y nosotras hemos hecho nuestra propia rueda aportando otras soluciones que particularmente nos van bien para solucionar determinadas situaciones. Algunas han sido: hacer yoga, relajarme, explicarme, escuchar, entender&#8230;<\/p>\n<div data-carousel-extra='{&quot;blog_id&quot;:6,&quot;permalink&quot;:&quot;https:\/\/www.alqueria.es\/blogs\/alqueriaprimerciclo\/2025\/03\/16\/conciencia-emocional-social-y-medioambiental\/&quot;}' id='gallery-1' class='gallery galleryid-40502 gallery-columns-3 gallery-size-full'><figure class='gallery-item'>\n\t\t\t<div class='gallery-icon portrait'>\n\t\t\t\t<a href='https:\/\/www.alqueria.es\/blogs\/alqueriaprimerciclo\/2025\/03\/16\/conciencia-emocional-social-y-medioambiental\/whatsapp-image-2025-03-10-at-11-51-47\/'><img decoding=\"async\" width=\"1200\" height=\"1600\" src=\"https:\/\/cloud.alqueria.es\/wp-content\/uploads\/sites\/6\/2025\/03\/WhatsApp-Image-2025-03-10-at-11.51.47.jpeg\" class=\"attachment-full size-full\" alt=\"\" srcset=\"https:\/\/cloud.alqueria.es\/wp-content\/uploads\/sites\/6\/2025\/03\/WhatsApp-Image-2025-03-10-at-11.51.47.jpeg 1200w, https:\/\/cloud.alqueria.es\/wp-content\/uploads\/sites\/6\/2025\/03\/WhatsApp-Image-2025-03-10-at-11.51.47-225x300.jpeg 225w, https:\/\/cloud.alqueria.es\/wp-content\/uploads\/sites\/6\/2025\/03\/WhatsApp-Image-2025-03-10-at-11.51.47-768x1024.jpeg 768w, https:\/\/cloud.alqueria.es\/wp-content\/uploads\/sites\/6\/2025\/03\/WhatsApp-Image-2025-03-10-at-11.51.47-1152x1536.jpeg 1152w\" sizes=\"(max-width: 1200px) 100vw, 1200px\" data-attachment-id=\"40508\" data-permalink=\"https:\/\/www.alqueria.es\/blogs\/alqueriaprimerciclo\/2025\/03\/16\/conciencia-emocional-social-y-medioambiental\/whatsapp-image-2025-03-10-at-11-51-47\/\" data-orig-file=\"https:\/\/cloud.alqueria.es\/wp-content\/uploads\/sites\/6\/2025\/03\/WhatsApp-Image-2025-03-10-at-11.51.47.jpeg\" data-orig-size=\"1200,1600\" data-comments-opened=\"1\" data-image-meta=\"{&quot;aperture&quot;:&quot;0&quot;,&quot;credit&quot;:&quot;&quot;,&quot;camera&quot;:&quot;&quot;,&quot;caption&quot;:&quot;&quot;,&quot;created_timestamp&quot;:&quot;0&quot;,&quot;copyright&quot;:&quot;&quot;,&quot;focal_length&quot;:&quot;0&quot;,&quot;iso&quot;:&quot;0&quot;,&quot;shutter_speed&quot;:&quot;0&quot;,&quot;title&quot;:&quot;&quot;,&quot;orientation&quot;:&quot;0&quot;}\" data-image-title=\"WhatsApp Image 2025-03-10 at 11.51.47\" data-image-description=\"\" data-image-caption=\"\" data-large-file=\"https:\/\/cloud.alqueria.es\/wp-content\/uploads\/sites\/6\/2025\/03\/WhatsApp-Image-2025-03-10-at-11.51.47-768x1024.jpeg\" \/><\/a>\n\t\t\t<\/div><\/figure><figure class='gallery-item'>\n\t\t\t<div class='gallery-icon portrait'>\n\t\t\t\t<a href='https:\/\/www.alqueria.es\/blogs\/alqueriaprimerciclo\/2025\/03\/16\/conciencia-emocional-social-y-medioambiental\/whatsapp-image-2025-03-10-at-11-51-47-1\/'><img decoding=\"async\" width=\"1200\" height=\"1600\" src=\"https:\/\/cloud.alqueria.es\/wp-content\/uploads\/sites\/6\/2025\/03\/WhatsApp-Image-2025-03-10-at-11.51.47-1.jpeg\" class=\"attachment-full size-full\" alt=\"\" srcset=\"https:\/\/cloud.alqueria.es\/wp-content\/uploads\/sites\/6\/2025\/03\/WhatsApp-Image-2025-03-10-at-11.51.47-1.jpeg 1200w, https:\/\/cloud.alqueria.es\/wp-content\/uploads\/sites\/6\/2025\/03\/WhatsApp-Image-2025-03-10-at-11.51.47-1-225x300.jpeg 225w, https:\/\/cloud.alqueria.es\/wp-content\/uploads\/sites\/6\/2025\/03\/WhatsApp-Image-2025-03-10-at-11.51.47-1-768x1024.jpeg 768w, https:\/\/cloud.alqueria.es\/wp-content\/uploads\/sites\/6\/2025\/03\/WhatsApp-Image-2025-03-10-at-11.51.47-1-1152x1536.jpeg 1152w\" sizes=\"(max-width: 1200px) 100vw, 1200px\" data-attachment-id=\"40507\" data-permalink=\"https:\/\/www.alqueria.es\/blogs\/alqueriaprimerciclo\/2025\/03\/16\/conciencia-emocional-social-y-medioambiental\/whatsapp-image-2025-03-10-at-11-51-47-1\/\" data-orig-file=\"https:\/\/cloud.alqueria.es\/wp-content\/uploads\/sites\/6\/2025\/03\/WhatsApp-Image-2025-03-10-at-11.51.47-1.jpeg\" data-orig-size=\"1200,1600\" data-comments-opened=\"1\" data-image-meta=\"{&quot;aperture&quot;:&quot;0&quot;,&quot;credit&quot;:&quot;&quot;,&quot;camera&quot;:&quot;&quot;,&quot;caption&quot;:&quot;&quot;,&quot;created_timestamp&quot;:&quot;0&quot;,&quot;copyright&quot;:&quot;&quot;,&quot;focal_length&quot;:&quot;0&quot;,&quot;iso&quot;:&quot;0&quot;,&quot;shutter_speed&quot;:&quot;0&quot;,&quot;title&quot;:&quot;&quot;,&quot;orientation&quot;:&quot;0&quot;}\" data-image-title=\"WhatsApp Image 2025-03-10 at 11.51.47 (1)\" data-image-description=\"\" data-image-caption=\"\" data-large-file=\"https:\/\/cloud.alqueria.es\/wp-content\/uploads\/sites\/6\/2025\/03\/WhatsApp-Image-2025-03-10-at-11.51.47-1-768x1024.jpeg\" \/><\/a>\n\t\t\t<\/div><\/figure><figure class='gallery-item'>\n\t\t\t<div class='gallery-icon portrait'>\n\t\t\t\t<a href='https:\/\/www.alqueria.es\/blogs\/alqueriaprimerciclo\/2025\/03\/16\/conciencia-emocional-social-y-medioambiental\/whatsapp-image-2025-03-10-at-11-51-47-2\/'><img decoding=\"async\" width=\"1200\" height=\"1600\" src=\"https:\/\/cloud.alqueria.es\/wp-content\/uploads\/sites\/6\/2025\/03\/WhatsApp-Image-2025-03-10-at-11.51.47-2.jpeg\" class=\"attachment-full size-full\" alt=\"\" srcset=\"https:\/\/cloud.alqueria.es\/wp-content\/uploads\/sites\/6\/2025\/03\/WhatsApp-Image-2025-03-10-at-11.51.47-2.jpeg 1200w, https:\/\/cloud.alqueria.es\/wp-content\/uploads\/sites\/6\/2025\/03\/WhatsApp-Image-2025-03-10-at-11.51.47-2-225x300.jpeg 225w, https:\/\/cloud.alqueria.es\/wp-content\/uploads\/sites\/6\/2025\/03\/WhatsApp-Image-2025-03-10-at-11.51.47-2-768x1024.jpeg 768w, https:\/\/cloud.alqueria.es\/wp-content\/uploads\/sites\/6\/2025\/03\/WhatsApp-Image-2025-03-10-at-11.51.47-2-1152x1536.jpeg 1152w\" sizes=\"(max-width: 1200px) 100vw, 1200px\" data-attachment-id=\"40506\" data-permalink=\"https:\/\/www.alqueria.es\/blogs\/alqueriaprimerciclo\/2025\/03\/16\/conciencia-emocional-social-y-medioambiental\/whatsapp-image-2025-03-10-at-11-51-47-2\/\" data-orig-file=\"https:\/\/cloud.alqueria.es\/wp-content\/uploads\/sites\/6\/2025\/03\/WhatsApp-Image-2025-03-10-at-11.51.47-2.jpeg\" data-orig-size=\"1200,1600\" data-comments-opened=\"1\" data-image-meta=\"{&quot;aperture&quot;:&quot;0&quot;,&quot;credit&quot;:&quot;&quot;,&quot;camera&quot;:&quot;&quot;,&quot;caption&quot;:&quot;&quot;,&quot;created_timestamp&quot;:&quot;0&quot;,&quot;copyright&quot;:&quot;&quot;,&quot;focal_length&quot;:&quot;0&quot;,&quot;iso&quot;:&quot;0&quot;,&quot;shutter_speed&quot;:&quot;0&quot;,&quot;title&quot;:&quot;&quot;,&quot;orientation&quot;:&quot;0&quot;}\" data-image-title=\"WhatsApp Image 2025-03-10 at 11.51.47 (2)\" data-image-description=\"\" data-image-caption=\"\" data-large-file=\"https:\/\/cloud.alqueria.es\/wp-content\/uploads\/sites\/6\/2025\/03\/WhatsApp-Image-2025-03-10-at-11.51.47-2-768x1024.jpeg\" \/><\/a>\n\t\t\t<\/div><\/figure><figure class='gallery-item'>\n\t\t\t<div class='gallery-icon portrait'>\n\t\t\t\t<a href='https:\/\/www.alqueria.es\/blogs\/alqueriaprimerciclo\/2025\/03\/16\/conciencia-emocional-social-y-medioambiental\/whatsapp-image-2025-03-10-at-11-51-47-3\/'><img decoding=\"async\" width=\"1200\" height=\"1600\" src=\"https:\/\/cloud.alqueria.es\/wp-content\/uploads\/sites\/6\/2025\/03\/WhatsApp-Image-2025-03-10-at-11.51.47-3.jpeg\" class=\"attachment-full size-full\" alt=\"\" srcset=\"https:\/\/cloud.alqueria.es\/wp-content\/uploads\/sites\/6\/2025\/03\/WhatsApp-Image-2025-03-10-at-11.51.47-3.jpeg 1200w, https:\/\/cloud.alqueria.es\/wp-content\/uploads\/sites\/6\/2025\/03\/WhatsApp-Image-2025-03-10-at-11.51.47-3-225x300.jpeg 225w, https:\/\/cloud.alqueria.es\/wp-content\/uploads\/sites\/6\/2025\/03\/WhatsApp-Image-2025-03-10-at-11.51.47-3-768x1024.jpeg 768w, https:\/\/cloud.alqueria.es\/wp-content\/uploads\/sites\/6\/2025\/03\/WhatsApp-Image-2025-03-10-at-11.51.47-3-1152x1536.jpeg 1152w\" sizes=\"(max-width: 1200px) 100vw, 1200px\" data-attachment-id=\"40505\" data-permalink=\"https:\/\/www.alqueria.es\/blogs\/alqueriaprimerciclo\/2025\/03\/16\/conciencia-emocional-social-y-medioambiental\/whatsapp-image-2025-03-10-at-11-51-47-3\/\" data-orig-file=\"https:\/\/cloud.alqueria.es\/wp-content\/uploads\/sites\/6\/2025\/03\/WhatsApp-Image-2025-03-10-at-11.51.47-3.jpeg\" data-orig-size=\"1200,1600\" data-comments-opened=\"1\" data-image-meta=\"{&quot;aperture&quot;:&quot;0&quot;,&quot;credit&quot;:&quot;&quot;,&quot;camera&quot;:&quot;&quot;,&quot;caption&quot;:&quot;&quot;,&quot;created_timestamp&quot;:&quot;0&quot;,&quot;copyright&quot;:&quot;&quot;,&quot;focal_length&quot;:&quot;0&quot;,&quot;iso&quot;:&quot;0&quot;,&quot;shutter_speed&quot;:&quot;0&quot;,&quot;title&quot;:&quot;&quot;,&quot;orientation&quot;:&quot;0&quot;}\" data-image-title=\"WhatsApp Image 2025-03-10 at 11.51.47 (3)\" data-image-description=\"\" data-image-caption=\"\" data-large-file=\"https:\/\/cloud.alqueria.es\/wp-content\/uploads\/sites\/6\/2025\/03\/WhatsApp-Image-2025-03-10-at-11.51.47-3-768x1024.jpeg\" \/><\/a>\n\t\t\t<\/div><\/figure><figure class='gallery-item'>\n\t\t\t<div class='gallery-icon portrait'>\n\t\t\t\t<a href='https:\/\/www.alqueria.es\/blogs\/alqueriaprimerciclo\/2025\/03\/16\/conciencia-emocional-social-y-medioambiental\/whatsapp-image-2025-03-10-at-11-51-47-4\/'><img decoding=\"async\" width=\"1200\" height=\"1600\" src=\"https:\/\/cloud.alqueria.es\/wp-content\/uploads\/sites\/6\/2025\/03\/WhatsApp-Image-2025-03-10-at-11.51.47-4.jpeg\" class=\"attachment-full size-full\" alt=\"\" srcset=\"https:\/\/cloud.alqueria.es\/wp-content\/uploads\/sites\/6\/2025\/03\/WhatsApp-Image-2025-03-10-at-11.51.47-4.jpeg 1200w, https:\/\/cloud.alqueria.es\/wp-content\/uploads\/sites\/6\/2025\/03\/WhatsApp-Image-2025-03-10-at-11.51.47-4-225x300.jpeg 225w, https:\/\/cloud.alqueria.es\/wp-content\/uploads\/sites\/6\/2025\/03\/WhatsApp-Image-2025-03-10-at-11.51.47-4-768x1024.jpeg 768w, https:\/\/cloud.alqueria.es\/wp-content\/uploads\/sites\/6\/2025\/03\/WhatsApp-Image-2025-03-10-at-11.51.47-4-1152x1536.jpeg 1152w\" sizes=\"(max-width: 1200px) 100vw, 1200px\" data-attachment-id=\"40504\" data-permalink=\"https:\/\/www.alqueria.es\/blogs\/alqueriaprimerciclo\/2025\/03\/16\/conciencia-emocional-social-y-medioambiental\/whatsapp-image-2025-03-10-at-11-51-47-4\/\" data-orig-file=\"https:\/\/cloud.alqueria.es\/wp-content\/uploads\/sites\/6\/2025\/03\/WhatsApp-Image-2025-03-10-at-11.51.47-4.jpeg\" data-orig-size=\"1200,1600\" data-comments-opened=\"1\" data-image-meta=\"{&quot;aperture&quot;:&quot;0&quot;,&quot;credit&quot;:&quot;&quot;,&quot;camera&quot;:&quot;&quot;,&quot;caption&quot;:&quot;&quot;,&quot;created_timestamp&quot;:&quot;0&quot;,&quot;copyright&quot;:&quot;&quot;,&quot;focal_length&quot;:&quot;0&quot;,&quot;iso&quot;:&quot;0&quot;,&quot;shutter_speed&quot;:&quot;0&quot;,&quot;title&quot;:&quot;&quot;,&quot;orientation&quot;:&quot;0&quot;}\" data-image-title=\"WhatsApp Image 2025-03-10 at 11.51.47 (4)\" data-image-description=\"\" data-image-caption=\"\" data-large-file=\"https:\/\/cloud.alqueria.es\/wp-content\/uploads\/sites\/6\/2025\/03\/WhatsApp-Image-2025-03-10-at-11.51.47-4-768x1024.jpeg\" \/><\/a>\n\t\t\t<\/div><\/figure><figure class='gallery-item'>\n\t\t\t<div class='gallery-icon portrait'>\n\t\t\t\t<a href='https:\/\/www.alqueria.es\/blogs\/alqueriaprimerciclo\/2025\/03\/16\/conciencia-emocional-social-y-medioambiental\/whatsapp-image-2025-03-10-at-11-51-47-5\/'><img decoding=\"async\" width=\"1200\" height=\"1600\" src=\"https:\/\/cloud.alqueria.es\/wp-content\/uploads\/sites\/6\/2025\/03\/WhatsApp-Image-2025-03-10-at-11.51.47-5.jpeg\" class=\"attachment-full size-full\" alt=\"\" srcset=\"https:\/\/cloud.alqueria.es\/wp-content\/uploads\/sites\/6\/2025\/03\/WhatsApp-Image-2025-03-10-at-11.51.47-5.jpeg 1200w, https:\/\/cloud.alqueria.es\/wp-content\/uploads\/sites\/6\/2025\/03\/WhatsApp-Image-2025-03-10-at-11.51.47-5-225x300.jpeg 225w, https:\/\/cloud.alqueria.es\/wp-content\/uploads\/sites\/6\/2025\/03\/WhatsApp-Image-2025-03-10-at-11.51.47-5-768x1024.jpeg 768w, https:\/\/cloud.alqueria.es\/wp-content\/uploads\/sites\/6\/2025\/03\/WhatsApp-Image-2025-03-10-at-11.51.47-5-1152x1536.jpeg 1152w\" sizes=\"(max-width: 1200px) 100vw, 1200px\" data-attachment-id=\"40503\" data-permalink=\"https:\/\/www.alqueria.es\/blogs\/alqueriaprimerciclo\/2025\/03\/16\/conciencia-emocional-social-y-medioambiental\/whatsapp-image-2025-03-10-at-11-51-47-5\/\" data-orig-file=\"https:\/\/cloud.alqueria.es\/wp-content\/uploads\/sites\/6\/2025\/03\/WhatsApp-Image-2025-03-10-at-11.51.47-5.jpeg\" data-orig-size=\"1200,1600\" data-comments-opened=\"1\" data-image-meta=\"{&quot;aperture&quot;:&quot;0&quot;,&quot;credit&quot;:&quot;&quot;,&quot;camera&quot;:&quot;&quot;,&quot;caption&quot;:&quot;&quot;,&quot;created_timestamp&quot;:&quot;0&quot;,&quot;copyright&quot;:&quot;&quot;,&quot;focal_length&quot;:&quot;0&quot;,&quot;iso&quot;:&quot;0&quot;,&quot;shutter_speed&quot;:&quot;0&quot;,&quot;title&quot;:&quot;&quot;,&quot;orientation&quot;:&quot;0&quot;}\" data-image-title=\"WhatsApp Image 2025-03-10 at 11.51.47 (5)\" data-image-description=\"\" data-image-caption=\"\" data-large-file=\"https:\/\/cloud.alqueria.es\/wp-content\/uploads\/sites\/6\/2025\/03\/WhatsApp-Image-2025-03-10-at-11.51.47-5-768x1024.jpeg\" \/><\/a>\n\t\t\t<\/div><\/figure>\n\t\t<\/div>\n\n<p><strong>Taller coeducaci\u00f3n, un 10 en igualdad.<\/strong><\/p>\n<p>Nos ha acompa\u00f1ado Julia (trabajadora del ayuntamiento de Granada), que ha venido a compartir con nosotros un taller de coeducaci\u00f3n llamado: \u00abUn 10 en igualdad\u00bb. En este taller, a trav\u00e9s de diferentes din\u00e1micas hemos entendido que no hay colores, deportes, estudios ni profesiones que pertenezcan a chicos o chicas, sino que hay preferencias y habilidades que hacen que nos gusten unas cosas u otras.\u00a0 Aunque en muchos casos esas preferencias est\u00e1n algo orientadas culturalmente, es importante que sepamos que todos somos diferentes y esas diferencias nos hacen \u00fanicos y especiales.<\/p>\n<div data-carousel-extra='{&quot;blog_id&quot;:6,&quot;permalink&quot;:&quot;https:\/\/www.alqueria.es\/blogs\/alqueriaprimerciclo\/2025\/03\/16\/conciencia-emocional-social-y-medioambiental\/&quot;}' id='gallery-2' class='gallery galleryid-40502 gallery-columns-3 gallery-size-full'><figure class='gallery-item'>\n\t\t\t<div class='gallery-icon portrait'>\n\t\t\t\t<a href='https:\/\/www.alqueria.es\/blogs\/alqueriaprimerciclo\/2025\/03\/16\/conciencia-emocional-social-y-medioambiental\/whatsapp-image-2025-03-12-at-10-20-20\/'><img decoding=\"async\" width=\"1200\" height=\"1600\" src=\"https:\/\/cloud.alqueria.es\/wp-content\/uploads\/sites\/6\/2025\/03\/WhatsApp-Image-2025-03-12-at-10.20.20.jpeg\" class=\"attachment-full size-full\" alt=\"\" srcset=\"https:\/\/cloud.alqueria.es\/wp-content\/uploads\/sites\/6\/2025\/03\/WhatsApp-Image-2025-03-12-at-10.20.20.jpeg 1200w, https:\/\/cloud.alqueria.es\/wp-content\/uploads\/sites\/6\/2025\/03\/WhatsApp-Image-2025-03-12-at-10.20.20-225x300.jpeg 225w, https:\/\/cloud.alqueria.es\/wp-content\/uploads\/sites\/6\/2025\/03\/WhatsApp-Image-2025-03-12-at-10.20.20-768x1024.jpeg 768w, https:\/\/cloud.alqueria.es\/wp-content\/uploads\/sites\/6\/2025\/03\/WhatsApp-Image-2025-03-12-at-10.20.20-1152x1536.jpeg 1152w\" sizes=\"(max-width: 1200px) 100vw, 1200px\" data-attachment-id=\"40526\" data-permalink=\"https:\/\/www.alqueria.es\/blogs\/alqueriaprimerciclo\/2025\/03\/16\/conciencia-emocional-social-y-medioambiental\/whatsapp-image-2025-03-12-at-10-20-20\/\" data-orig-file=\"https:\/\/cloud.alqueria.es\/wp-content\/uploads\/sites\/6\/2025\/03\/WhatsApp-Image-2025-03-12-at-10.20.20.jpeg\" data-orig-size=\"1200,1600\" data-comments-opened=\"1\" data-image-meta=\"{&quot;aperture&quot;:&quot;0&quot;,&quot;credit&quot;:&quot;&quot;,&quot;camera&quot;:&quot;&quot;,&quot;caption&quot;:&quot;&quot;,&quot;created_timestamp&quot;:&quot;0&quot;,&quot;copyright&quot;:&quot;&quot;,&quot;focal_length&quot;:&quot;0&quot;,&quot;iso&quot;:&quot;0&quot;,&quot;shutter_speed&quot;:&quot;0&quot;,&quot;title&quot;:&quot;&quot;,&quot;orientation&quot;:&quot;0&quot;}\" data-image-title=\"WhatsApp Image 2025-03-12 at 10.20.20\" data-image-description=\"\" data-image-caption=\"\" data-large-file=\"https:\/\/cloud.alqueria.es\/wp-content\/uploads\/sites\/6\/2025\/03\/WhatsApp-Image-2025-03-12-at-10.20.20-768x1024.jpeg\" \/><\/a>\n\t\t\t<\/div><\/figure><figure class='gallery-item'>\n\t\t\t<div class='gallery-icon portrait'>\n\t\t\t\t<a href='https:\/\/www.alqueria.es\/blogs\/alqueriaprimerciclo\/2025\/03\/16\/conciencia-emocional-social-y-medioambiental\/whatsapp-image-2025-03-12-at-10-20-20-1\/'><img decoding=\"async\" width=\"1200\" height=\"1600\" src=\"https:\/\/cloud.alqueria.es\/wp-content\/uploads\/sites\/6\/2025\/03\/WhatsApp-Image-2025-03-12-at-10.20.20-1.jpeg\" class=\"attachment-full size-full\" alt=\"\" srcset=\"https:\/\/cloud.alqueria.es\/wp-content\/uploads\/sites\/6\/2025\/03\/WhatsApp-Image-2025-03-12-at-10.20.20-1.jpeg 1200w, https:\/\/cloud.alqueria.es\/wp-content\/uploads\/sites\/6\/2025\/03\/WhatsApp-Image-2025-03-12-at-10.20.20-1-225x300.jpeg 225w, https:\/\/cloud.alqueria.es\/wp-content\/uploads\/sites\/6\/2025\/03\/WhatsApp-Image-2025-03-12-at-10.20.20-1-768x1024.jpeg 768w, https:\/\/cloud.alqueria.es\/wp-content\/uploads\/sites\/6\/2025\/03\/WhatsApp-Image-2025-03-12-at-10.20.20-1-1152x1536.jpeg 1152w\" sizes=\"(max-width: 1200px) 100vw, 1200px\" data-attachment-id=\"40525\" data-permalink=\"https:\/\/www.alqueria.es\/blogs\/alqueriaprimerciclo\/2025\/03\/16\/conciencia-emocional-social-y-medioambiental\/whatsapp-image-2025-03-12-at-10-20-20-1\/\" data-orig-file=\"https:\/\/cloud.alqueria.es\/wp-content\/uploads\/sites\/6\/2025\/03\/WhatsApp-Image-2025-03-12-at-10.20.20-1.jpeg\" data-orig-size=\"1200,1600\" data-comments-opened=\"1\" data-image-meta=\"{&quot;aperture&quot;:&quot;0&quot;,&quot;credit&quot;:&quot;&quot;,&quot;camera&quot;:&quot;&quot;,&quot;caption&quot;:&quot;&quot;,&quot;created_timestamp&quot;:&quot;0&quot;,&quot;copyright&quot;:&quot;&quot;,&quot;focal_length&quot;:&quot;0&quot;,&quot;iso&quot;:&quot;0&quot;,&quot;shutter_speed&quot;:&quot;0&quot;,&quot;title&quot;:&quot;&quot;,&quot;orientation&quot;:&quot;0&quot;}\" data-image-title=\"WhatsApp Image 2025-03-12 at 10.20.20 (1)\" data-image-description=\"\" data-image-caption=\"\" data-large-file=\"https:\/\/cloud.alqueria.es\/wp-content\/uploads\/sites\/6\/2025\/03\/WhatsApp-Image-2025-03-12-at-10.20.20-1-768x1024.jpeg\" \/><\/a>\n\t\t\t<\/div><\/figure><figure class='gallery-item'>\n\t\t\t<div class='gallery-icon portrait'>\n\t\t\t\t<a href='https:\/\/www.alqueria.es\/blogs\/alqueriaprimerciclo\/2025\/03\/16\/conciencia-emocional-social-y-medioambiental\/whatsapp-image-2025-03-12-at-10-20-20-2\/'><img decoding=\"async\" width=\"1200\" height=\"1600\" src=\"https:\/\/cloud.alqueria.es\/wp-content\/uploads\/sites\/6\/2025\/03\/WhatsApp-Image-2025-03-12-at-10.20.20-2.jpeg\" class=\"attachment-full size-full\" alt=\"\" srcset=\"https:\/\/cloud.alqueria.es\/wp-content\/uploads\/sites\/6\/2025\/03\/WhatsApp-Image-2025-03-12-at-10.20.20-2.jpeg 1200w, https:\/\/cloud.alqueria.es\/wp-content\/uploads\/sites\/6\/2025\/03\/WhatsApp-Image-2025-03-12-at-10.20.20-2-225x300.jpeg 225w, https:\/\/cloud.alqueria.es\/wp-content\/uploads\/sites\/6\/2025\/03\/WhatsApp-Image-2025-03-12-at-10.20.20-2-768x1024.jpeg 768w, https:\/\/cloud.alqueria.es\/wp-content\/uploads\/sites\/6\/2025\/03\/WhatsApp-Image-2025-03-12-at-10.20.20-2-1152x1536.jpeg 1152w\" sizes=\"(max-width: 1200px) 100vw, 1200px\" data-attachment-id=\"40524\" data-permalink=\"https:\/\/www.alqueria.es\/blogs\/alqueriaprimerciclo\/2025\/03\/16\/conciencia-emocional-social-y-medioambiental\/whatsapp-image-2025-03-12-at-10-20-20-2\/\" data-orig-file=\"https:\/\/cloud.alqueria.es\/wp-content\/uploads\/sites\/6\/2025\/03\/WhatsApp-Image-2025-03-12-at-10.20.20-2.jpeg\" data-orig-size=\"1200,1600\" data-comments-opened=\"1\" data-image-meta=\"{&quot;aperture&quot;:&quot;0&quot;,&quot;credit&quot;:&quot;&quot;,&quot;camera&quot;:&quot;&quot;,&quot;caption&quot;:&quot;&quot;,&quot;created_timestamp&quot;:&quot;0&quot;,&quot;copyright&quot;:&quot;&quot;,&quot;focal_length&quot;:&quot;0&quot;,&quot;iso&quot;:&quot;0&quot;,&quot;shutter_speed&quot;:&quot;0&quot;,&quot;title&quot;:&quot;&quot;,&quot;orientation&quot;:&quot;0&quot;}\" data-image-title=\"WhatsApp Image 2025-03-12 at 10.20.20 (2)\" data-image-description=\"\" data-image-caption=\"\" data-large-file=\"https:\/\/cloud.alqueria.es\/wp-content\/uploads\/sites\/6\/2025\/03\/WhatsApp-Image-2025-03-12-at-10.20.20-2-768x1024.jpeg\" \/><\/a>\n\t\t\t<\/div><\/figure><figure class='gallery-item'>\n\t\t\t<div class='gallery-icon portrait'>\n\t\t\t\t<a href='https:\/\/www.alqueria.es\/blogs\/alqueriaprimerciclo\/2025\/03\/16\/conciencia-emocional-social-y-medioambiental\/whatsapp-image-2025-03-12-at-10-20-20-3\/'><img decoding=\"async\" width=\"1200\" height=\"1600\" src=\"https:\/\/cloud.alqueria.es\/wp-content\/uploads\/sites\/6\/2025\/03\/WhatsApp-Image-2025-03-12-at-10.20.20-3.jpeg\" class=\"attachment-full size-full\" alt=\"\" srcset=\"https:\/\/cloud.alqueria.es\/wp-content\/uploads\/sites\/6\/2025\/03\/WhatsApp-Image-2025-03-12-at-10.20.20-3.jpeg 1200w, https:\/\/cloud.alqueria.es\/wp-content\/uploads\/sites\/6\/2025\/03\/WhatsApp-Image-2025-03-12-at-10.20.20-3-225x300.jpeg 225w, https:\/\/cloud.alqueria.es\/wp-content\/uploads\/sites\/6\/2025\/03\/WhatsApp-Image-2025-03-12-at-10.20.20-3-768x1024.jpeg 768w, https:\/\/cloud.alqueria.es\/wp-content\/uploads\/sites\/6\/2025\/03\/WhatsApp-Image-2025-03-12-at-10.20.20-3-1152x1536.jpeg 1152w\" sizes=\"(max-width: 1200px) 100vw, 1200px\" data-attachment-id=\"40523\" data-permalink=\"https:\/\/www.alqueria.es\/blogs\/alqueriaprimerciclo\/2025\/03\/16\/conciencia-emocional-social-y-medioambiental\/whatsapp-image-2025-03-12-at-10-20-20-3\/\" data-orig-file=\"https:\/\/cloud.alqueria.es\/wp-content\/uploads\/sites\/6\/2025\/03\/WhatsApp-Image-2025-03-12-at-10.20.20-3.jpeg\" data-orig-size=\"1200,1600\" data-comments-opened=\"1\" data-image-meta=\"{&quot;aperture&quot;:&quot;0&quot;,&quot;credit&quot;:&quot;&quot;,&quot;camera&quot;:&quot;&quot;,&quot;caption&quot;:&quot;&quot;,&quot;created_timestamp&quot;:&quot;0&quot;,&quot;copyright&quot;:&quot;&quot;,&quot;focal_length&quot;:&quot;0&quot;,&quot;iso&quot;:&quot;0&quot;,&quot;shutter_speed&quot;:&quot;0&quot;,&quot;title&quot;:&quot;&quot;,&quot;orientation&quot;:&quot;0&quot;}\" data-image-title=\"WhatsApp Image 2025-03-12 at 10.20.20 (3)\" data-image-description=\"\" data-image-caption=\"\" data-large-file=\"https:\/\/cloud.alqueria.es\/wp-content\/uploads\/sites\/6\/2025\/03\/WhatsApp-Image-2025-03-12-at-10.20.20-3-768x1024.jpeg\" \/><\/a>\n\t\t\t<\/div><\/figure><figure class='gallery-item'>\n\t\t\t<div class='gallery-icon landscape'>\n\t\t\t\t<a href='https:\/\/www.alqueria.es\/blogs\/alqueriaprimerciclo\/2025\/03\/16\/conciencia-emocional-social-y-medioambiental\/whatsapp-image-2025-03-12-at-10-20-20-4\/'><img decoding=\"async\" width=\"1600\" height=\"1200\" src=\"https:\/\/cloud.alqueria.es\/wp-content\/uploads\/sites\/6\/2025\/03\/WhatsApp-Image-2025-03-12-at-10.20.20-4.jpeg\" class=\"attachment-full size-full\" alt=\"\" srcset=\"https:\/\/cloud.alqueria.es\/wp-content\/uploads\/sites\/6\/2025\/03\/WhatsApp-Image-2025-03-12-at-10.20.20-4.jpeg 1600w, https:\/\/cloud.alqueria.es\/wp-content\/uploads\/sites\/6\/2025\/03\/WhatsApp-Image-2025-03-12-at-10.20.20-4-300x225.jpeg 300w, https:\/\/cloud.alqueria.es\/wp-content\/uploads\/sites\/6\/2025\/03\/WhatsApp-Image-2025-03-12-at-10.20.20-4-1024x768.jpeg 1024w, https:\/\/cloud.alqueria.es\/wp-content\/uploads\/sites\/6\/2025\/03\/WhatsApp-Image-2025-03-12-at-10.20.20-4-768x576.jpeg 768w, https:\/\/cloud.alqueria.es\/wp-content\/uploads\/sites\/6\/2025\/03\/WhatsApp-Image-2025-03-12-at-10.20.20-4-1536x1152.jpeg 1536w\" sizes=\"(max-width: 1600px) 100vw, 1600px\" data-attachment-id=\"40522\" data-permalink=\"https:\/\/www.alqueria.es\/blogs\/alqueriaprimerciclo\/2025\/03\/16\/conciencia-emocional-social-y-medioambiental\/whatsapp-image-2025-03-12-at-10-20-20-4\/\" data-orig-file=\"https:\/\/cloud.alqueria.es\/wp-content\/uploads\/sites\/6\/2025\/03\/WhatsApp-Image-2025-03-12-at-10.20.20-4.jpeg\" data-orig-size=\"1600,1200\" data-comments-opened=\"1\" data-image-meta=\"{&quot;aperture&quot;:&quot;0&quot;,&quot;credit&quot;:&quot;&quot;,&quot;camera&quot;:&quot;&quot;,&quot;caption&quot;:&quot;&quot;,&quot;created_timestamp&quot;:&quot;0&quot;,&quot;copyright&quot;:&quot;&quot;,&quot;focal_length&quot;:&quot;0&quot;,&quot;iso&quot;:&quot;0&quot;,&quot;shutter_speed&quot;:&quot;0&quot;,&quot;title&quot;:&quot;&quot;,&quot;orientation&quot;:&quot;0&quot;}\" data-image-title=\"WhatsApp Image 2025-03-12 at 10.20.20 (4)\" data-image-description=\"\" data-image-caption=\"\" data-large-file=\"https:\/\/cloud.alqueria.es\/wp-content\/uploads\/sites\/6\/2025\/03\/WhatsApp-Image-2025-03-12-at-10.20.20-4-1024x768.jpeg\" \/><\/a>\n\t\t\t<\/div><\/figure><figure class='gallery-item'>\n\t\t\t<div class='gallery-icon portrait'>\n\t\t\t\t<a href='https:\/\/www.alqueria.es\/blogs\/alqueriaprimerciclo\/2025\/03\/16\/conciencia-emocional-social-y-medioambiental\/whatsapp-image-2025-03-12-at-10-20-20-5\/'><img decoding=\"async\" width=\"1200\" height=\"1600\" src=\"https:\/\/cloud.alqueria.es\/wp-content\/uploads\/sites\/6\/2025\/03\/WhatsApp-Image-2025-03-12-at-10.20.20-5.jpeg\" class=\"attachment-full size-full\" alt=\"\" srcset=\"https:\/\/cloud.alqueria.es\/wp-content\/uploads\/sites\/6\/2025\/03\/WhatsApp-Image-2025-03-12-at-10.20.20-5.jpeg 1200w, https:\/\/cloud.alqueria.es\/wp-content\/uploads\/sites\/6\/2025\/03\/WhatsApp-Image-2025-03-12-at-10.20.20-5-225x300.jpeg 225w, https:\/\/cloud.alqueria.es\/wp-content\/uploads\/sites\/6\/2025\/03\/WhatsApp-Image-2025-03-12-at-10.20.20-5-768x1024.jpeg 768w, https:\/\/cloud.alqueria.es\/wp-content\/uploads\/sites\/6\/2025\/03\/WhatsApp-Image-2025-03-12-at-10.20.20-5-1152x1536.jpeg 1152w\" sizes=\"(max-width: 1200px) 100vw, 1200px\" data-attachment-id=\"40521\" data-permalink=\"https:\/\/www.alqueria.es\/blogs\/alqueriaprimerciclo\/2025\/03\/16\/conciencia-emocional-social-y-medioambiental\/whatsapp-image-2025-03-12-at-10-20-20-5\/\" data-orig-file=\"https:\/\/cloud.alqueria.es\/wp-content\/uploads\/sites\/6\/2025\/03\/WhatsApp-Image-2025-03-12-at-10.20.20-5.jpeg\" data-orig-size=\"1200,1600\" data-comments-opened=\"1\" data-image-meta=\"{&quot;aperture&quot;:&quot;0&quot;,&quot;credit&quot;:&quot;&quot;,&quot;camera&quot;:&quot;&quot;,&quot;caption&quot;:&quot;&quot;,&quot;created_timestamp&quot;:&quot;0&quot;,&quot;copyright&quot;:&quot;&quot;,&quot;focal_length&quot;:&quot;0&quot;,&quot;iso&quot;:&quot;0&quot;,&quot;shutter_speed&quot;:&quot;0&quot;,&quot;title&quot;:&quot;&quot;,&quot;orientation&quot;:&quot;0&quot;}\" data-image-title=\"WhatsApp Image 2025-03-12 at 10.20.20 (5)\" data-image-description=\"\" data-image-caption=\"\" data-large-file=\"https:\/\/cloud.alqueria.es\/wp-content\/uploads\/sites\/6\/2025\/03\/WhatsApp-Image-2025-03-12-at-10.20.20-5-768x1024.jpeg\" \/><\/a>\n\t\t\t<\/div><\/figure><figure class='gallery-item'>\n\t\t\t<div class='gallery-icon portrait'>\n\t\t\t\t<a href='https:\/\/www.alqueria.es\/blogs\/alqueriaprimerciclo\/2025\/03\/16\/conciencia-emocional-social-y-medioambiental\/whatsapp-image-2025-03-12-at-10-20-20-6\/'><img decoding=\"async\" width=\"1200\" height=\"1600\" src=\"https:\/\/cloud.alqueria.es\/wp-content\/uploads\/sites\/6\/2025\/03\/WhatsApp-Image-2025-03-12-at-10.20.20-6.jpeg\" class=\"attachment-full size-full\" alt=\"\" srcset=\"https:\/\/cloud.alqueria.es\/wp-content\/uploads\/sites\/6\/2025\/03\/WhatsApp-Image-2025-03-12-at-10.20.20-6.jpeg 1200w, https:\/\/cloud.alqueria.es\/wp-content\/uploads\/sites\/6\/2025\/03\/WhatsApp-Image-2025-03-12-at-10.20.20-6-225x300.jpeg 225w, https:\/\/cloud.alqueria.es\/wp-content\/uploads\/sites\/6\/2025\/03\/WhatsApp-Image-2025-03-12-at-10.20.20-6-768x1024.jpeg 768w, https:\/\/cloud.alqueria.es\/wp-content\/uploads\/sites\/6\/2025\/03\/WhatsApp-Image-2025-03-12-at-10.20.20-6-1152x1536.jpeg 1152w\" sizes=\"(max-width: 1200px) 100vw, 1200px\" data-attachment-id=\"40520\" data-permalink=\"https:\/\/www.alqueria.es\/blogs\/alqueriaprimerciclo\/2025\/03\/16\/conciencia-emocional-social-y-medioambiental\/whatsapp-image-2025-03-12-at-10-20-20-6\/\" data-orig-file=\"https:\/\/cloud.alqueria.es\/wp-content\/uploads\/sites\/6\/2025\/03\/WhatsApp-Image-2025-03-12-at-10.20.20-6.jpeg\" data-orig-size=\"1200,1600\" data-comments-opened=\"1\" data-image-meta=\"{&quot;aperture&quot;:&quot;0&quot;,&quot;credit&quot;:&quot;&quot;,&quot;camera&quot;:&quot;&quot;,&quot;caption&quot;:&quot;&quot;,&quot;created_timestamp&quot;:&quot;0&quot;,&quot;copyright&quot;:&quot;&quot;,&quot;focal_length&quot;:&quot;0&quot;,&quot;iso&quot;:&quot;0&quot;,&quot;shutter_speed&quot;:&quot;0&quot;,&quot;title&quot;:&quot;&quot;,&quot;orientation&quot;:&quot;0&quot;}\" data-image-title=\"WhatsApp Image 2025-03-12 at 10.20.20 (6)\" data-image-description=\"\" data-image-caption=\"\" data-large-file=\"https:\/\/cloud.alqueria.es\/wp-content\/uploads\/sites\/6\/2025\/03\/WhatsApp-Image-2025-03-12-at-10.20.20-6-768x1024.jpeg\" \/><\/a>\n\t\t\t<\/div><\/figure><figure class='gallery-item'>\n\t\t\t<div class='gallery-icon portrait'>\n\t\t\t\t<a href='https:\/\/www.alqueria.es\/blogs\/alqueriaprimerciclo\/2025\/03\/16\/conciencia-emocional-social-y-medioambiental\/whatsapp-image-2025-03-12-at-10-20-20-7\/'><img decoding=\"async\" width=\"1200\" height=\"1600\" src=\"https:\/\/cloud.alqueria.es\/wp-content\/uploads\/sites\/6\/2025\/03\/WhatsApp-Image-2025-03-12-at-10.20.20-7.jpeg\" class=\"attachment-full size-full\" alt=\"\" srcset=\"https:\/\/cloud.alqueria.es\/wp-content\/uploads\/sites\/6\/2025\/03\/WhatsApp-Image-2025-03-12-at-10.20.20-7.jpeg 1200w, https:\/\/cloud.alqueria.es\/wp-content\/uploads\/sites\/6\/2025\/03\/WhatsApp-Image-2025-03-12-at-10.20.20-7-225x300.jpeg 225w, https:\/\/cloud.alqueria.es\/wp-content\/uploads\/sites\/6\/2025\/03\/WhatsApp-Image-2025-03-12-at-10.20.20-7-768x1024.jpeg 768w, https:\/\/cloud.alqueria.es\/wp-content\/uploads\/sites\/6\/2025\/03\/WhatsApp-Image-2025-03-12-at-10.20.20-7-1152x1536.jpeg 1152w\" sizes=\"(max-width: 1200px) 100vw, 1200px\" data-attachment-id=\"40519\" data-permalink=\"https:\/\/www.alqueria.es\/blogs\/alqueriaprimerciclo\/2025\/03\/16\/conciencia-emocional-social-y-medioambiental\/whatsapp-image-2025-03-12-at-10-20-20-7\/\" data-orig-file=\"https:\/\/cloud.alqueria.es\/wp-content\/uploads\/sites\/6\/2025\/03\/WhatsApp-Image-2025-03-12-at-10.20.20-7.jpeg\" data-orig-size=\"1200,1600\" data-comments-opened=\"1\" data-image-meta=\"{&quot;aperture&quot;:&quot;0&quot;,&quot;credit&quot;:&quot;&quot;,&quot;camera&quot;:&quot;&quot;,&quot;caption&quot;:&quot;&quot;,&quot;created_timestamp&quot;:&quot;0&quot;,&quot;copyright&quot;:&quot;&quot;,&quot;focal_length&quot;:&quot;0&quot;,&quot;iso&quot;:&quot;0&quot;,&quot;shutter_speed&quot;:&quot;0&quot;,&quot;title&quot;:&quot;&quot;,&quot;orientation&quot;:&quot;0&quot;}\" data-image-title=\"WhatsApp Image 2025-03-12 at 10.20.20 (7)\" data-image-description=\"\" data-image-caption=\"\" data-large-file=\"https:\/\/cloud.alqueria.es\/wp-content\/uploads\/sites\/6\/2025\/03\/WhatsApp-Image-2025-03-12-at-10.20.20-7-768x1024.jpeg\" \/><\/a>\n\t\t\t<\/div><\/figure><figure class='gallery-item'>\n\t\t\t<div class='gallery-icon portrait'>\n\t\t\t\t<a href='https:\/\/www.alqueria.es\/blogs\/alqueriaprimerciclo\/2025\/03\/16\/conciencia-emocional-social-y-medioambiental\/whatsapp-image-2025-03-12-at-10-20-20-8\/'><img decoding=\"async\" width=\"1200\" height=\"1600\" src=\"https:\/\/cloud.alqueria.es\/wp-content\/uploads\/sites\/6\/2025\/03\/WhatsApp-Image-2025-03-12-at-10.20.20-8.jpeg\" class=\"attachment-full size-full\" alt=\"\" srcset=\"https:\/\/cloud.alqueria.es\/wp-content\/uploads\/sites\/6\/2025\/03\/WhatsApp-Image-2025-03-12-at-10.20.20-8.jpeg 1200w, https:\/\/cloud.alqueria.es\/wp-content\/uploads\/sites\/6\/2025\/03\/WhatsApp-Image-2025-03-12-at-10.20.20-8-225x300.jpeg 225w, https:\/\/cloud.alqueria.es\/wp-content\/uploads\/sites\/6\/2025\/03\/WhatsApp-Image-2025-03-12-at-10.20.20-8-768x1024.jpeg 768w, https:\/\/cloud.alqueria.es\/wp-content\/uploads\/sites\/6\/2025\/03\/WhatsApp-Image-2025-03-12-at-10.20.20-8-1152x1536.jpeg 1152w\" sizes=\"(max-width: 1200px) 100vw, 1200px\" data-attachment-id=\"40518\" data-permalink=\"https:\/\/www.alqueria.es\/blogs\/alqueriaprimerciclo\/2025\/03\/16\/conciencia-emocional-social-y-medioambiental\/whatsapp-image-2025-03-12-at-10-20-20-8\/\" data-orig-file=\"https:\/\/cloud.alqueria.es\/wp-content\/uploads\/sites\/6\/2025\/03\/WhatsApp-Image-2025-03-12-at-10.20.20-8.jpeg\" data-orig-size=\"1200,1600\" data-comments-opened=\"1\" data-image-meta=\"{&quot;aperture&quot;:&quot;0&quot;,&quot;credit&quot;:&quot;&quot;,&quot;camera&quot;:&quot;&quot;,&quot;caption&quot;:&quot;&quot;,&quot;created_timestamp&quot;:&quot;0&quot;,&quot;copyright&quot;:&quot;&quot;,&quot;focal_length&quot;:&quot;0&quot;,&quot;iso&quot;:&quot;0&quot;,&quot;shutter_speed&quot;:&quot;0&quot;,&quot;title&quot;:&quot;&quot;,&quot;orientation&quot;:&quot;0&quot;}\" data-image-title=\"WhatsApp Image 2025-03-12 at 10.20.20 (8)\" data-image-description=\"\" data-image-caption=\"\" data-large-file=\"https:\/\/cloud.alqueria.es\/wp-content\/uploads\/sites\/6\/2025\/03\/WhatsApp-Image-2025-03-12-at-10.20.20-8-768x1024.jpeg\" \/><\/a>\n\t\t\t<\/div><\/figure>\n\t\t<\/div>\n\n<p><strong>Ecoparque<\/strong><\/p>\n<p>Hemos recibido la visita del ecoparque, el ecoparque es un veh\u00edculo que se instala en diferentes puntos de Granada peri\u00f3dicamente y en el que pueden depositarse diferentes residuos no voluminosos que no tienen cabida en los contenedores tradicionales. Este veh\u00edculo transporta estos materiales al ecoparque del municipio, para poder reciclarlos posteriormente.<\/p>\n<p>Algunos de los residuos que tienen cabida en \u00e9l son: Pilas, aceite dom\u00e9stico, libros, peque\u00f1os electrodom\u00e9sticos, bombillas, tapones, t\u00f3ner, radiograf\u00edas, juguetes, CD-DVD, pintura, m\u00f3viles&#8230;<\/p>\n<p>Con la visita de este ecoparque adem\u00e1s de conocerlo, aprendemos a hacer un mejor y mayor reciclaje y conocer en profundidad lo perjudiciales que pueden ser algunos de estos residuos si no nos desprendemos de ellos de la manera adecuada.<\/p>\n<div data-carousel-extra='{&quot;blog_id&quot;:6,&quot;permalink&quot;:&quot;https:\/\/www.alqueria.es\/blogs\/alqueriaprimerciclo\/2025\/03\/16\/conciencia-emocional-social-y-medioambiental\/&quot;}' id='gallery-3' class='gallery galleryid-40502 gallery-columns-3 gallery-size-full'><figure class='gallery-item'>\n\t\t\t<div class='gallery-icon landscape'>\n\t\t\t\t<a href='https:\/\/www.alqueria.es\/blogs\/alqueriaprimerciclo\/2025\/03\/16\/conciencia-emocional-social-y-medioambiental\/whatsapp-image-2025-03-12-at-10-36-48-1\/'><img decoding=\"async\" width=\"1600\" height=\"1200\" src=\"https:\/\/cloud.alqueria.es\/wp-content\/uploads\/sites\/6\/2025\/03\/WhatsApp-Image-2025-03-12-at-10.36.48-1.jpeg\" class=\"attachment-full size-full\" alt=\"\" srcset=\"https:\/\/cloud.alqueria.es\/wp-content\/uploads\/sites\/6\/2025\/03\/WhatsApp-Image-2025-03-12-at-10.36.48-1.jpeg 1600w, https:\/\/cloud.alqueria.es\/wp-content\/uploads\/sites\/6\/2025\/03\/WhatsApp-Image-2025-03-12-at-10.36.48-1-300x225.jpeg 300w, https:\/\/cloud.alqueria.es\/wp-content\/uploads\/sites\/6\/2025\/03\/WhatsApp-Image-2025-03-12-at-10.36.48-1-1024x768.jpeg 1024w, https:\/\/cloud.alqueria.es\/wp-content\/uploads\/sites\/6\/2025\/03\/WhatsApp-Image-2025-03-12-at-10.36.48-1-768x576.jpeg 768w, https:\/\/cloud.alqueria.es\/wp-content\/uploads\/sites\/6\/2025\/03\/WhatsApp-Image-2025-03-12-at-10.36.48-1-1536x1152.jpeg 1536w\" sizes=\"(max-width: 1600px) 100vw, 1600px\" data-attachment-id=\"40532\" data-permalink=\"https:\/\/www.alqueria.es\/blogs\/alqueriaprimerciclo\/2025\/03\/16\/conciencia-emocional-social-y-medioambiental\/whatsapp-image-2025-03-12-at-10-36-48-1\/\" data-orig-file=\"https:\/\/cloud.alqueria.es\/wp-content\/uploads\/sites\/6\/2025\/03\/WhatsApp-Image-2025-03-12-at-10.36.48-1.jpeg\" data-orig-size=\"1600,1200\" data-comments-opened=\"1\" data-image-meta=\"{&quot;aperture&quot;:&quot;0&quot;,&quot;credit&quot;:&quot;&quot;,&quot;camera&quot;:&quot;&quot;,&quot;caption&quot;:&quot;&quot;,&quot;created_timestamp&quot;:&quot;0&quot;,&quot;copyright&quot;:&quot;&quot;,&quot;focal_length&quot;:&quot;0&quot;,&quot;iso&quot;:&quot;0&quot;,&quot;shutter_speed&quot;:&quot;0&quot;,&quot;title&quot;:&quot;&quot;,&quot;orientation&quot;:&quot;0&quot;}\" data-image-title=\"WhatsApp Image 2025-03-12 at 10.36.48 (1)\" data-image-description=\"\" data-image-caption=\"\" data-large-file=\"https:\/\/cloud.alqueria.es\/wp-content\/uploads\/sites\/6\/2025\/03\/WhatsApp-Image-2025-03-12-at-10.36.48-1-1024x768.jpeg\" \/><\/a>\n\t\t\t<\/div><\/figure><figure class='gallery-item'>\n\t\t\t<div class='gallery-icon landscape'>\n\t\t\t\t<a href='https:\/\/www.alqueria.es\/blogs\/alqueriaprimerciclo\/2025\/03\/16\/conciencia-emocional-social-y-medioambiental\/whatsapp-image-2025-03-12-at-10-36-48\/'><img decoding=\"async\" width=\"1600\" height=\"1200\" src=\"https:\/\/cloud.alqueria.es\/wp-content\/uploads\/sites\/6\/2025\/03\/WhatsApp-Image-2025-03-12-at-10.36.48.jpeg\" class=\"attachment-full size-full\" alt=\"\" srcset=\"https:\/\/cloud.alqueria.es\/wp-content\/uploads\/sites\/6\/2025\/03\/WhatsApp-Image-2025-03-12-at-10.36.48.jpeg 1600w, https:\/\/cloud.alqueria.es\/wp-content\/uploads\/sites\/6\/2025\/03\/WhatsApp-Image-2025-03-12-at-10.36.48-300x225.jpeg 300w, https:\/\/cloud.alqueria.es\/wp-content\/uploads\/sites\/6\/2025\/03\/WhatsApp-Image-2025-03-12-at-10.36.48-1024x768.jpeg 1024w, https:\/\/cloud.alqueria.es\/wp-content\/uploads\/sites\/6\/2025\/03\/WhatsApp-Image-2025-03-12-at-10.36.48-768x576.jpeg 768w, https:\/\/cloud.alqueria.es\/wp-content\/uploads\/sites\/6\/2025\/03\/WhatsApp-Image-2025-03-12-at-10.36.48-1536x1152.jpeg 1536w\" sizes=\"(max-width: 1600px) 100vw, 1600px\" data-attachment-id=\"40533\" data-permalink=\"https:\/\/www.alqueria.es\/blogs\/alqueriaprimerciclo\/2025\/03\/16\/conciencia-emocional-social-y-medioambiental\/whatsapp-image-2025-03-12-at-10-36-48\/\" data-orig-file=\"https:\/\/cloud.alqueria.es\/wp-content\/uploads\/sites\/6\/2025\/03\/WhatsApp-Image-2025-03-12-at-10.36.48.jpeg\" data-orig-size=\"1600,1200\" data-comments-opened=\"1\" data-image-meta=\"{&quot;aperture&quot;:&quot;0&quot;,&quot;credit&quot;:&quot;&quot;,&quot;camera&quot;:&quot;&quot;,&quot;caption&quot;:&quot;&quot;,&quot;created_timestamp&quot;:&quot;0&quot;,&quot;copyright&quot;:&quot;&quot;,&quot;focal_length&quot;:&quot;0&quot;,&quot;iso&quot;:&quot;0&quot;,&quot;shutter_speed&quot;:&quot;0&quot;,&quot;title&quot;:&quot;&quot;,&quot;orientation&quot;:&quot;0&quot;}\" data-image-title=\"WhatsApp Image 2025-03-12 at 10.36.48\" data-image-description=\"\" data-image-caption=\"\" data-large-file=\"https:\/\/cloud.alqueria.es\/wp-content\/uploads\/sites\/6\/2025\/03\/WhatsApp-Image-2025-03-12-at-10.36.48-1024x768.jpeg\" \/><\/a>\n\t\t\t<\/div><\/figure><figure class='gallery-item'>\n\t\t\t<div class='gallery-icon landscape'>\n\t\t\t\t<a href='https:\/\/www.alqueria.es\/blogs\/alqueriaprimerciclo\/2025\/03\/16\/conciencia-emocional-social-y-medioambiental\/whatsapp-image-2025-03-12-at-10-36-48-2\/'><img decoding=\"async\" width=\"1600\" height=\"1499\" src=\"https:\/\/cloud.alqueria.es\/wp-content\/uploads\/sites\/6\/2025\/03\/WhatsApp-Image-2025-03-12-at-10.36.48-2.jpeg\" class=\"attachment-full size-full\" alt=\"\" srcset=\"https:\/\/cloud.alqueria.es\/wp-content\/uploads\/sites\/6\/2025\/03\/WhatsApp-Image-2025-03-12-at-10.36.48-2.jpeg 1600w, https:\/\/cloud.alqueria.es\/wp-content\/uploads\/sites\/6\/2025\/03\/WhatsApp-Image-2025-03-12-at-10.36.48-2-300x281.jpeg 300w, https:\/\/cloud.alqueria.es\/wp-content\/uploads\/sites\/6\/2025\/03\/WhatsApp-Image-2025-03-12-at-10.36.48-2-1024x959.jpeg 1024w, https:\/\/cloud.alqueria.es\/wp-content\/uploads\/sites\/6\/2025\/03\/WhatsApp-Image-2025-03-12-at-10.36.48-2-768x720.jpeg 768w, https:\/\/cloud.alqueria.es\/wp-content\/uploads\/sites\/6\/2025\/03\/WhatsApp-Image-2025-03-12-at-10.36.48-2-1536x1439.jpeg 1536w\" sizes=\"(max-width: 1600px) 100vw, 1600px\" data-attachment-id=\"40531\" data-permalink=\"https:\/\/www.alqueria.es\/blogs\/alqueriaprimerciclo\/2025\/03\/16\/conciencia-emocional-social-y-medioambiental\/whatsapp-image-2025-03-12-at-10-36-48-2\/\" data-orig-file=\"https:\/\/cloud.alqueria.es\/wp-content\/uploads\/sites\/6\/2025\/03\/WhatsApp-Image-2025-03-12-at-10.36.48-2.jpeg\" data-orig-size=\"1600,1499\" data-comments-opened=\"1\" data-image-meta=\"{&quot;aperture&quot;:&quot;0&quot;,&quot;credit&quot;:&quot;&quot;,&quot;camera&quot;:&quot;&quot;,&quot;caption&quot;:&quot;&quot;,&quot;created_timestamp&quot;:&quot;0&quot;,&quot;copyright&quot;:&quot;&quot;,&quot;focal_length&quot;:&quot;0&quot;,&quot;iso&quot;:&quot;0&quot;,&quot;shutter_speed&quot;:&quot;0&quot;,&quot;title&quot;:&quot;&quot;,&quot;orientation&quot;:&quot;0&quot;}\" data-image-title=\"WhatsApp Image 2025-03-12 at 10.36.48 (2)\" data-image-description=\"\" data-image-caption=\"\" data-large-file=\"https:\/\/cloud.alqueria.es\/wp-content\/uploads\/sites\/6\/2025\/03\/WhatsApp-Image-2025-03-12-at-10.36.48-2-1024x959.jpeg\" \/><\/a>\n\t\t\t<\/div><\/figure>\n\t\t<\/div>\n\n<p><strong>Escritura<\/strong><\/p>\n<p>Seguimos viendo diferentes aspectos relacionados con la escritura, esa habilidad que estamos afianzando y seguiremos\u00a0 haci\u00e9ndolo durante los pr\u00f3ximos a\u00f1os. A lo largo del proceso vamos adquiriendo y sumando diferentes pautas con las que conseguir una escritura m\u00e1s avanzada. Antes de comenzar a escribir debemos pararnos a pensar para ordenar las ideas y que el texto sea ordenado, coherente, sin repetici\u00f3n excesiva de ideas y una extensi\u00f3n adecuada. Las frases deben ser completas, con uso de conectores con las que enlazarlas y usar comas o puntos cuando sea necesario. Para asegurarnos de que estas pautas se est\u00e1n llevando a cabo conviene hacer una revisi\u00f3n del texto por parte del propio alumno o alumna, de manera que tomemos consciencia de manera aut\u00f3noma de aspectos de mejora antes de volver a revisar el texto con alg\u00fan o alguna profe.<\/p>\n<div data-carousel-extra='{&quot;blog_id&quot;:6,&quot;permalink&quot;:&quot;https:\/\/www.alqueria.es\/blogs\/alqueriaprimerciclo\/2025\/03\/16\/conciencia-emocional-social-y-medioambiental\/&quot;}' id='gallery-4' class='gallery galleryid-40502 gallery-columns-3 gallery-size-full'><figure class='gallery-item'>\n\t\t\t<div class='gallery-icon portrait'>\n\t\t\t\t<a href='https:\/\/www.alqueria.es\/blogs\/alqueriaprimerciclo\/2025\/03\/16\/conciencia-emocional-social-y-medioambiental\/whatsapp-image-2025-03-10-at-15-46-29\/'><img decoding=\"async\" width=\"1200\" height=\"1600\" src=\"https:\/\/cloud.alqueria.es\/wp-content\/uploads\/sites\/6\/2025\/03\/WhatsApp-Image-2025-03-10-at-15.46.29.jpeg\" class=\"attachment-full size-full\" alt=\"\" srcset=\"https:\/\/cloud.alqueria.es\/wp-content\/uploads\/sites\/6\/2025\/03\/WhatsApp-Image-2025-03-10-at-15.46.29.jpeg 1200w, https:\/\/cloud.alqueria.es\/wp-content\/uploads\/sites\/6\/2025\/03\/WhatsApp-Image-2025-03-10-at-15.46.29-225x300.jpeg 225w, https:\/\/cloud.alqueria.es\/wp-content\/uploads\/sites\/6\/2025\/03\/WhatsApp-Image-2025-03-10-at-15.46.29-768x1024.jpeg 768w, https:\/\/cloud.alqueria.es\/wp-content\/uploads\/sites\/6\/2025\/03\/WhatsApp-Image-2025-03-10-at-15.46.29-1152x1536.jpeg 1152w\" sizes=\"(max-width: 1200px) 100vw, 1200px\" data-attachment-id=\"40529\" data-permalink=\"https:\/\/www.alqueria.es\/blogs\/alqueriaprimerciclo\/2025\/03\/16\/conciencia-emocional-social-y-medioambiental\/whatsapp-image-2025-03-10-at-15-46-29\/\" data-orig-file=\"https:\/\/cloud.alqueria.es\/wp-content\/uploads\/sites\/6\/2025\/03\/WhatsApp-Image-2025-03-10-at-15.46.29.jpeg\" data-orig-size=\"1200,1600\" data-comments-opened=\"1\" data-image-meta=\"{&quot;aperture&quot;:&quot;0&quot;,&quot;credit&quot;:&quot;&quot;,&quot;camera&quot;:&quot;&quot;,&quot;caption&quot;:&quot;&quot;,&quot;created_timestamp&quot;:&quot;0&quot;,&quot;copyright&quot;:&quot;&quot;,&quot;focal_length&quot;:&quot;0&quot;,&quot;iso&quot;:&quot;0&quot;,&quot;shutter_speed&quot;:&quot;0&quot;,&quot;title&quot;:&quot;&quot;,&quot;orientation&quot;:&quot;0&quot;}\" data-image-title=\"WhatsApp Image 2025-03-10 at 15.46.29\" data-image-description=\"\" data-image-caption=\"\" data-large-file=\"https:\/\/cloud.alqueria.es\/wp-content\/uploads\/sites\/6\/2025\/03\/WhatsApp-Image-2025-03-10-at-15.46.29-768x1024.jpeg\" \/><\/a>\n\t\t\t<\/div><\/figure><figure class='gallery-item'>\n\t\t\t<div class='gallery-icon portrait'>\n\t\t\t\t<a href='https:\/\/www.alqueria.es\/blogs\/alqueriaprimerciclo\/2025\/03\/16\/conciencia-emocional-social-y-medioambiental\/whatsapp-image-2025-03-10-at-15-46-29-2\/'><img decoding=\"async\" width=\"1200\" height=\"1600\" src=\"https:\/\/cloud.alqueria.es\/wp-content\/uploads\/sites\/6\/2025\/03\/WhatsApp-Image-2025-03-10-at-15.46.29-2.jpeg\" class=\"attachment-full size-full\" alt=\"\" srcset=\"https:\/\/cloud.alqueria.es\/wp-content\/uploads\/sites\/6\/2025\/03\/WhatsApp-Image-2025-03-10-at-15.46.29-2.jpeg 1200w, https:\/\/cloud.alqueria.es\/wp-content\/uploads\/sites\/6\/2025\/03\/WhatsApp-Image-2025-03-10-at-15.46.29-2-225x300.jpeg 225w, https:\/\/cloud.alqueria.es\/wp-content\/uploads\/sites\/6\/2025\/03\/WhatsApp-Image-2025-03-10-at-15.46.29-2-768x1024.jpeg 768w, https:\/\/cloud.alqueria.es\/wp-content\/uploads\/sites\/6\/2025\/03\/WhatsApp-Image-2025-03-10-at-15.46.29-2-1152x1536.jpeg 1152w\" sizes=\"(max-width: 1200px) 100vw, 1200px\" data-attachment-id=\"40527\" data-permalink=\"https:\/\/www.alqueria.es\/blogs\/alqueriaprimerciclo\/2025\/03\/16\/conciencia-emocional-social-y-medioambiental\/whatsapp-image-2025-03-10-at-15-46-29-2\/\" data-orig-file=\"https:\/\/cloud.alqueria.es\/wp-content\/uploads\/sites\/6\/2025\/03\/WhatsApp-Image-2025-03-10-at-15.46.29-2.jpeg\" data-orig-size=\"1200,1600\" data-comments-opened=\"1\" data-image-meta=\"{&quot;aperture&quot;:&quot;0&quot;,&quot;credit&quot;:&quot;&quot;,&quot;camera&quot;:&quot;&quot;,&quot;caption&quot;:&quot;&quot;,&quot;created_timestamp&quot;:&quot;0&quot;,&quot;copyright&quot;:&quot;&quot;,&quot;focal_length&quot;:&quot;0&quot;,&quot;iso&quot;:&quot;0&quot;,&quot;shutter_speed&quot;:&quot;0&quot;,&quot;title&quot;:&quot;&quot;,&quot;orientation&quot;:&quot;0&quot;}\" data-image-title=\"WhatsApp Image 2025-03-10 at 15.46.29 (2)\" data-image-description=\"\" data-image-caption=\"\" data-large-file=\"https:\/\/cloud.alqueria.es\/wp-content\/uploads\/sites\/6\/2025\/03\/WhatsApp-Image-2025-03-10-at-15.46.29-2-768x1024.jpeg\" \/><\/a>\n\t\t\t<\/div><\/figure><figure class='gallery-item'>\n\t\t\t<div class='gallery-icon portrait'>\n\t\t\t\t<a href='https:\/\/www.alqueria.es\/blogs\/alqueriaprimerciclo\/2025\/03\/16\/conciencia-emocional-social-y-medioambiental\/whatsapp-image-2025-03-10-at-15-46-29-1\/'><img decoding=\"async\" width=\"1200\" height=\"1600\" src=\"https:\/\/cloud.alqueria.es\/wp-content\/uploads\/sites\/6\/2025\/03\/WhatsApp-Image-2025-03-10-at-15.46.29-1.jpeg\" class=\"attachment-full size-full\" alt=\"\" srcset=\"https:\/\/cloud.alqueria.es\/wp-content\/uploads\/sites\/6\/2025\/03\/WhatsApp-Image-2025-03-10-at-15.46.29-1.jpeg 1200w, https:\/\/cloud.alqueria.es\/wp-content\/uploads\/sites\/6\/2025\/03\/WhatsApp-Image-2025-03-10-at-15.46.29-1-225x300.jpeg 225w, https:\/\/cloud.alqueria.es\/wp-content\/uploads\/sites\/6\/2025\/03\/WhatsApp-Image-2025-03-10-at-15.46.29-1-768x1024.jpeg 768w, https:\/\/cloud.alqueria.es\/wp-content\/uploads\/sites\/6\/2025\/03\/WhatsApp-Image-2025-03-10-at-15.46.29-1-1152x1536.jpeg 1152w\" sizes=\"(max-width: 1200px) 100vw, 1200px\" data-attachment-id=\"40528\" data-permalink=\"https:\/\/www.alqueria.es\/blogs\/alqueriaprimerciclo\/2025\/03\/16\/conciencia-emocional-social-y-medioambiental\/whatsapp-image-2025-03-10-at-15-46-29-1\/\" data-orig-file=\"https:\/\/cloud.alqueria.es\/wp-content\/uploads\/sites\/6\/2025\/03\/WhatsApp-Image-2025-03-10-at-15.46.29-1.jpeg\" data-orig-size=\"1200,1600\" data-comments-opened=\"1\" data-image-meta=\"{&quot;aperture&quot;:&quot;0&quot;,&quot;credit&quot;:&quot;&quot;,&quot;camera&quot;:&quot;&quot;,&quot;caption&quot;:&quot;&quot;,&quot;created_timestamp&quot;:&quot;0&quot;,&quot;copyright&quot;:&quot;&quot;,&quot;focal_length&quot;:&quot;0&quot;,&quot;iso&quot;:&quot;0&quot;,&quot;shutter_speed&quot;:&quot;0&quot;,&quot;title&quot;:&quot;&quot;,&quot;orientation&quot;:&quot;0&quot;}\" data-image-title=\"WhatsApp Image 2025-03-10 at 15.46.29 (1)\" data-image-description=\"\" data-image-caption=\"\" data-large-file=\"https:\/\/cloud.alqueria.es\/wp-content\/uploads\/sites\/6\/2025\/03\/WhatsApp-Image-2025-03-10-at-15.46.29-1-768x1024.jpeg\" \/><\/a>\n\t\t\t<\/div><\/figure>\n\t\t<\/div>\n\n<p>&nbsp;<\/p>\n<p><strong>Conferencia Adam<\/strong><\/p>\n<p>Adam ha investigado que los avispones son como aviones que pican. Su anatom\u00eda est\u00e1 compuesta por: cabeza, torax y abdomen. Su similitud con las avispas es que pueden picar m\u00e1s de una vez. Sus diferencias es que los avispones pueden ser de diferentes colores, tama\u00f1os y formas y sobre todo, que son m\u00e1s agresivos.<\/p>\n<p>Hay 22 tipos de avispones, los principales tipos son: el avisp\u00f3n europeo, el avisp\u00f3n oriental y el avisp\u00f3n gigante asi\u00e1tico.<\/p>\n<p>En Espa\u00f1a los tipos de avispones que podemos encontrar son: avisp\u00f3n europeo, avisp\u00f3n calvo, avisp\u00f3n patiamarillo y avisp\u00f3n de escudo negro (reci\u00e9n llegados).<\/p>\n<p>Para formar la colonia, la reina busca un \u00e1rbol hueco y construye un nido. Pone huevos dentro del mismo\u00a0 que cuando nazcan ser\u00e1n los futuros trabajadores de la colonia.<\/p>\n<p>Se comunican a trav\u00e9s de feromonas, desprendiendo un olor que los otros insectos pueden oler e identificar.<\/p>\n<p>Comen otros insectos como abejas de miel, escarabajos y saltamontes.<\/p>\n<p>Una curiosidad es que en Jap\u00f3n mueren hasta 50 personas al a\u00f1o por picadura de los avispones gigantes asi\u00e1ticos.<\/p>\n<p><img decoding=\"async\" data-attachment-id=\"40537\" data-permalink=\"https:\/\/www.alqueria.es\/blogs\/alqueriaprimerciclo\/2025\/03\/16\/conciencia-emocional-social-y-medioambiental\/captura-de-pantalla-2025-03-12-164242\/\" data-orig-file=\"https:\/\/cloud.alqueria.es\/wp-content\/uploads\/sites\/6\/2025\/03\/Captura-de-pantalla-2025-03-12-164242.png\" data-orig-size=\"471,543\" data-comments-opened=\"1\" data-image-meta=\"{&quot;aperture&quot;:&quot;0&quot;,&quot;credit&quot;:&quot;&quot;,&quot;camera&quot;:&quot;&quot;,&quot;caption&quot;:&quot;&quot;,&quot;created_timestamp&quot;:&quot;0&quot;,&quot;copyright&quot;:&quot;&quot;,&quot;focal_length&quot;:&quot;0&quot;,&quot;iso&quot;:&quot;0&quot;,&quot;shutter_speed&quot;:&quot;0&quot;,&quot;title&quot;:&quot;&quot;,&quot;orientation&quot;:&quot;0&quot;}\" data-image-title=\"Captura de pantalla 2025-03-12 164242\" data-image-description=\"\" data-image-caption=\"\" data-large-file=\"https:\/\/cloud.alqueria.es\/wp-content\/uploads\/sites\/6\/2025\/03\/Captura-de-pantalla-2025-03-12-164242.png\" class=\"aligncenter wp-image-40537\" src=\"https:\/\/cloud.alqueria.es\/wp-content\/uploads\/sites\/6\/2025\/03\/Captura-de-pantalla-2025-03-12-164242.png\" alt=\"\" width=\"246\" height=\"283\" srcset=\"https:\/\/cloud.alqueria.es\/wp-content\/uploads\/sites\/6\/2025\/03\/Captura-de-pantalla-2025-03-12-164242.png 471w, https:\/\/cloud.alqueria.es\/wp-content\/uploads\/sites\/6\/2025\/03\/Captura-de-pantalla-2025-03-12-164242-260x300.png 260w\" sizes=\"(max-width: 246px) 100vw, 246px\" \/><\/p>\n<p>Os deseo un feliz fin de semana.<\/p>\n<p>Tatiana Molina -Tutora 2\u00baEPO-<\/p>\n","protected":false},"excerpt":{"rendered":"<p>Esta semana en el taller sobre habilidades sociales hemos visto algunas situaciones o conflictos reales y hemos aportado soluciones entre todos los miembros de la clase para solucionarlos. As\u00ed hemos llegado a la ruleta de las soluciones con la adquirir posibilidades con las que enfrentarnos a posibles conflictos. Podemos pedir que paren, hacer otra actividad &hellip; <a href=\"https:\/\/www.alqueria.es\/blogs\/alqueriaprimerciclo\/2025\/03\/16\/conciencia-emocional-social-y-medioambiental\/\" class=\"more-link\">Seguir leyendo <span class=\"screen-reader-text\">Conciencia emocional, social y medioambiental<\/span> <span class=\"meta-nav\">&rarr;<\/span><\/a><\/p>\n","protected":false},"author":12,"featured_media":0,"comment_status":"open","ping_status":"open","sticky":false,"template":"","format":"standard","meta":{"jetpack_post_was_ever_published":false,"_jetpack_newsletter_access":"","_jetpack_dont_email_post_to_subs":false,"_jetpack_newsletter_tier_id":0,"_jetpack_memberships_contains_paywalled_content":false,"_jetpack_memberships_contains_paid_content":false,"footnotes":"","jetpack_publicize_message":"","jetpack_publicize_feature_enabled":true,"jetpack_social_post_already_shared":true,"jetpack_social_options":{"image_generator_settings":{"template":"highway","default_image_id":0,"font":"","enabled":false},"version":2}},"categories":[3,190,174,167,143,117,11,13,1],"tags":[32,147,37,104],"class_list":["post-40502","post","type-post","status-publish","format-standard","hentry","category-2o-epo","category-aventura-en-alqueria","category-conferencias","category-educacion-emocional","category-educacion-para-la-igualdad","category-etica","category-juega-y-aprende","category-lecto-escritura-2o","category-sin-categoria","tag-alqueria","tag-aprendemos-de-otra-manera","tag-conferencias","tag-escritura-en-el-primer-ciclo-de-primaria"],"jetpack_publicize_connections":[],"jetpack_featured_media_url":"","jetpack_sharing_enabled":true,"jetpack_shortlink":"https:\/\/wp.me\/p4lvS0-axg","_links":{"self":[{"href":"https:\/\/www.alqueria.es\/blogs\/alqueriaprimerciclo\/wp-json\/wp\/v2\/posts\/40502","targetHints":{"allow":["GET"]}}],"collection":[{"href":"https:\/\/www.alqueria.es\/blogs\/alqueriaprimerciclo\/wp-json\/wp\/v2\/posts"}],"about":[{"href":"https:\/\/www.alqueria.es\/blogs\/alqueriaprimerciclo\/wp-json\/wp\/v2\/types\/post"}],"author":[{"embeddable":true,"href":"https:\/\/www.alqueria.es\/blogs\/alqueriaprimerciclo\/wp-json\/wp\/v2\/users\/12"}],"replies":[{"embeddable":true,"href":"https:\/\/www.alqueria.es\/blogs\/alqueriaprimerciclo\/wp-json\/wp\/v2\/comments?post=40502"}],"version-history":[{"count":13,"href":"https:\/\/www.alqueria.es\/blogs\/alqueriaprimerciclo\/wp-json\/wp\/v2\/posts\/40502\/revisions"}],"predecessor-version":[{"id":40571,"href":"https:\/\/www.alqueria.es\/blogs\/alqueriaprimerciclo\/wp-json\/wp\/v2\/posts\/40502\/revisions\/40571"}],"wp:attachment":[{"href":"https:\/\/www.alqueria.es\/blogs\/alqueriaprimerciclo\/wp-json\/wp\/v2\/media?parent=40502"}],"wp:term":[{"taxonomy":"category","embeddable":true,"href":"https:\/\/www.alqueria.es\/blogs\/alqueriaprimerciclo\/wp-json\/wp\/v2\/categories?post=40502"},{"taxonomy":"post_tag","embeddable":true,"href":"https:\/\/www.alqueria.es\/blogs\/alqueriaprimerciclo\/wp-json\/wp\/v2\/tags?post=40502"}],"curies":[{"name":"wp","href":"https:\/\/api.w.org\/{rel}","templated":true}]}}