{"id":40754,"date":"2025-04-05T13:56:53","date_gmt":"2025-04-05T11:56:53","guid":{"rendered":"https:\/\/www.alqueria.es\/blogs\/alqueriaprimerciclo\/?p=40754"},"modified":"2025-04-05T13:56:53","modified_gmt":"2025-04-05T11:56:53","slug":"nos-acercamos-a-la-recta-final","status":"publish","type":"post","link":"https:\/\/www.alqueria.es\/blogs\/alqueriaprimerciclo\/2025\/04\/05\/nos-acercamos-a-la-recta-final\/","title":{"rendered":"Nos acercamos a la recta final"},"content":{"rendered":"<p>Comprobando nuestros trabajos trimestrales tomamos consciencia de todas las actividades y vivencias que hemos experimentado durante todo este trimestre.<\/p>\n<p>Hemos comenzado a revisarlos y ordenarlos para ir completando nuestra carpeta trimestral con la que adem\u00e1s de ver el grueso de lo trabajado, reflexionamos sobre nuestra evoluci\u00f3n en las diferentes \u00e1reas y aspectos integrales del d\u00eda a d\u00eda que nos hacen ir form\u00e1ndonos y consiguiendo nuevos retos tanto acad\u00e9micos como personales.<\/p>\n<div data-carousel-extra='{&quot;blog_id&quot;:6,&quot;permalink&quot;:&quot;https:\/\/www.alqueria.es\/blogs\/alqueriaprimerciclo\/2025\/04\/05\/nos-acercamos-a-la-recta-final\/&quot;}' id='gallery-1' class='gallery galleryid-40754 gallery-columns-3 gallery-size-full'><figure class='gallery-item'>\n\t\t\t<div class='gallery-icon portrait'>\n\t\t\t\t<a href='https:\/\/www.alqueria.es\/blogs\/alqueriaprimerciclo\/2025\/04\/05\/nos-acercamos-a-la-recta-final\/whatsapp-image-2025-04-04-at-13-28-52-2\/'><img decoding=\"async\" width=\"1200\" height=\"1600\" src=\"https:\/\/cloud.alqueria.es\/wp-content\/uploads\/sites\/6\/2025\/04\/WhatsApp-Image-2025-04-04-at-13.28.52-2.jpeg\" class=\"attachment-full size-full\" alt=\"\" srcset=\"https:\/\/cloud.alqueria.es\/wp-content\/uploads\/sites\/6\/2025\/04\/WhatsApp-Image-2025-04-04-at-13.28.52-2.jpeg 1200w, https:\/\/cloud.alqueria.es\/wp-content\/uploads\/sites\/6\/2025\/04\/WhatsApp-Image-2025-04-04-at-13.28.52-2-225x300.jpeg 225w, https:\/\/cloud.alqueria.es\/wp-content\/uploads\/sites\/6\/2025\/04\/WhatsApp-Image-2025-04-04-at-13.28.52-2-768x1024.jpeg 768w, https:\/\/cloud.alqueria.es\/wp-content\/uploads\/sites\/6\/2025\/04\/WhatsApp-Image-2025-04-04-at-13.28.52-2-1152x1536.jpeg 1152w\" sizes=\"(max-width: 1200px) 100vw, 1200px\" data-attachment-id=\"40786\" data-permalink=\"https:\/\/www.alqueria.es\/blogs\/alqueriaprimerciclo\/2025\/04\/05\/nos-acercamos-a-la-recta-final\/whatsapp-image-2025-04-04-at-13-28-52-2\/\" data-orig-file=\"https:\/\/cloud.alqueria.es\/wp-content\/uploads\/sites\/6\/2025\/04\/WhatsApp-Image-2025-04-04-at-13.28.52-2.jpeg\" data-orig-size=\"1200,1600\" data-comments-opened=\"1\" data-image-meta=\"{&quot;aperture&quot;:&quot;0&quot;,&quot;credit&quot;:&quot;&quot;,&quot;camera&quot;:&quot;&quot;,&quot;caption&quot;:&quot;&quot;,&quot;created_timestamp&quot;:&quot;0&quot;,&quot;copyright&quot;:&quot;&quot;,&quot;focal_length&quot;:&quot;0&quot;,&quot;iso&quot;:&quot;0&quot;,&quot;shutter_speed&quot;:&quot;0&quot;,&quot;title&quot;:&quot;&quot;,&quot;orientation&quot;:&quot;0&quot;}\" data-image-title=\"WhatsApp Image 2025-04-04 at 13.28.52 (2)\" data-image-description=\"\" data-image-caption=\"\" data-large-file=\"https:\/\/cloud.alqueria.es\/wp-content\/uploads\/sites\/6\/2025\/04\/WhatsApp-Image-2025-04-04-at-13.28.52-2-768x1024.jpeg\" \/><\/a>\n\t\t\t<\/div><\/figure><figure class='gallery-item'>\n\t\t\t<div class='gallery-icon portrait'>\n\t\t\t\t<a href='https:\/\/www.alqueria.es\/blogs\/alqueriaprimerciclo\/2025\/04\/05\/nos-acercamos-a-la-recta-final\/whatsapp-image-2025-04-04-at-13-28-52-3\/'><img decoding=\"async\" width=\"1200\" height=\"1600\" src=\"https:\/\/cloud.alqueria.es\/wp-content\/uploads\/sites\/6\/2025\/04\/WhatsApp-Image-2025-04-04-at-13.28.52-3.jpeg\" class=\"attachment-full size-full\" alt=\"\" srcset=\"https:\/\/cloud.alqueria.es\/wp-content\/uploads\/sites\/6\/2025\/04\/WhatsApp-Image-2025-04-04-at-13.28.52-3.jpeg 1200w, https:\/\/cloud.alqueria.es\/wp-content\/uploads\/sites\/6\/2025\/04\/WhatsApp-Image-2025-04-04-at-13.28.52-3-225x300.jpeg 225w, https:\/\/cloud.alqueria.es\/wp-content\/uploads\/sites\/6\/2025\/04\/WhatsApp-Image-2025-04-04-at-13.28.52-3-768x1024.jpeg 768w, https:\/\/cloud.alqueria.es\/wp-content\/uploads\/sites\/6\/2025\/04\/WhatsApp-Image-2025-04-04-at-13.28.52-3-1152x1536.jpeg 1152w\" sizes=\"(max-width: 1200px) 100vw, 1200px\" data-attachment-id=\"40785\" data-permalink=\"https:\/\/www.alqueria.es\/blogs\/alqueriaprimerciclo\/2025\/04\/05\/nos-acercamos-a-la-recta-final\/whatsapp-image-2025-04-04-at-13-28-52-3\/\" data-orig-file=\"https:\/\/cloud.alqueria.es\/wp-content\/uploads\/sites\/6\/2025\/04\/WhatsApp-Image-2025-04-04-at-13.28.52-3.jpeg\" data-orig-size=\"1200,1600\" data-comments-opened=\"1\" data-image-meta=\"{&quot;aperture&quot;:&quot;0&quot;,&quot;credit&quot;:&quot;&quot;,&quot;camera&quot;:&quot;&quot;,&quot;caption&quot;:&quot;&quot;,&quot;created_timestamp&quot;:&quot;0&quot;,&quot;copyright&quot;:&quot;&quot;,&quot;focal_length&quot;:&quot;0&quot;,&quot;iso&quot;:&quot;0&quot;,&quot;shutter_speed&quot;:&quot;0&quot;,&quot;title&quot;:&quot;&quot;,&quot;orientation&quot;:&quot;0&quot;}\" data-image-title=\"WhatsApp Image 2025-04-04 at 13.28.52 (3)\" data-image-description=\"\" data-image-caption=\"\" data-large-file=\"https:\/\/cloud.alqueria.es\/wp-content\/uploads\/sites\/6\/2025\/04\/WhatsApp-Image-2025-04-04-at-13.28.52-3-768x1024.jpeg\" \/><\/a>\n\t\t\t<\/div><\/figure>\n\t\t<\/div>\n\n<div data-carousel-extra='{&quot;blog_id&quot;:6,&quot;permalink&quot;:&quot;https:\/\/www.alqueria.es\/blogs\/alqueriaprimerciclo\/2025\/04\/05\/nos-acercamos-a-la-recta-final\/&quot;}' id='gallery-2' class='gallery galleryid-40754 gallery-columns-3 gallery-size-full'><figure class='gallery-item'>\n\t\t\t<div class='gallery-icon portrait'>\n\t\t\t\t<a href='https:\/\/www.alqueria.es\/blogs\/alqueriaprimerciclo\/2025\/04\/05\/nos-acercamos-a-la-recta-final\/whatsapp-image-2025-04-04-at-13-28-57\/'><img decoding=\"async\" width=\"1200\" height=\"1600\" src=\"https:\/\/cloud.alqueria.es\/wp-content\/uploads\/sites\/6\/2025\/04\/WhatsApp-Image-2025-04-04-at-13.28.57.jpeg\" class=\"attachment-full size-full\" alt=\"\" srcset=\"https:\/\/cloud.alqueria.es\/wp-content\/uploads\/sites\/6\/2025\/04\/WhatsApp-Image-2025-04-04-at-13.28.57.jpeg 1200w, https:\/\/cloud.alqueria.es\/wp-content\/uploads\/sites\/6\/2025\/04\/WhatsApp-Image-2025-04-04-at-13.28.57-225x300.jpeg 225w, https:\/\/cloud.alqueria.es\/wp-content\/uploads\/sites\/6\/2025\/04\/WhatsApp-Image-2025-04-04-at-13.28.57-768x1024.jpeg 768w, https:\/\/cloud.alqueria.es\/wp-content\/uploads\/sites\/6\/2025\/04\/WhatsApp-Image-2025-04-04-at-13.28.57-1152x1536.jpeg 1152w\" sizes=\"(max-width: 1200px) 100vw, 1200px\" data-attachment-id=\"40804\" data-permalink=\"https:\/\/www.alqueria.es\/blogs\/alqueriaprimerciclo\/2025\/04\/05\/nos-acercamos-a-la-recta-final\/whatsapp-image-2025-04-04-at-13-28-57\/\" data-orig-file=\"https:\/\/cloud.alqueria.es\/wp-content\/uploads\/sites\/6\/2025\/04\/WhatsApp-Image-2025-04-04-at-13.28.57.jpeg\" data-orig-size=\"1200,1600\" data-comments-opened=\"1\" data-image-meta=\"{&quot;aperture&quot;:&quot;0&quot;,&quot;credit&quot;:&quot;&quot;,&quot;camera&quot;:&quot;&quot;,&quot;caption&quot;:&quot;&quot;,&quot;created_timestamp&quot;:&quot;0&quot;,&quot;copyright&quot;:&quot;&quot;,&quot;focal_length&quot;:&quot;0&quot;,&quot;iso&quot;:&quot;0&quot;,&quot;shutter_speed&quot;:&quot;0&quot;,&quot;title&quot;:&quot;&quot;,&quot;orientation&quot;:&quot;0&quot;}\" data-image-title=\"WhatsApp Image 2025-04-04 at 13.28.57\" data-image-description=\"\" data-image-caption=\"\" data-large-file=\"https:\/\/cloud.alqueria.es\/wp-content\/uploads\/sites\/6\/2025\/04\/WhatsApp-Image-2025-04-04-at-13.28.57-768x1024.jpeg\" \/><\/a>\n\t\t\t<\/div><\/figure><figure class='gallery-item'>\n\t\t\t<div class='gallery-icon portrait'>\n\t\t\t\t<a href='https:\/\/www.alqueria.es\/blogs\/alqueriaprimerciclo\/2025\/04\/05\/nos-acercamos-a-la-recta-final\/whatsapp-image-2025-04-04-at-13-28-57-1\/'><img decoding=\"async\" width=\"1200\" height=\"1600\" src=\"https:\/\/cloud.alqueria.es\/wp-content\/uploads\/sites\/6\/2025\/04\/WhatsApp-Image-2025-04-04-at-13.28.57-1.jpeg\" class=\"attachment-full size-full\" alt=\"\" srcset=\"https:\/\/cloud.alqueria.es\/wp-content\/uploads\/sites\/6\/2025\/04\/WhatsApp-Image-2025-04-04-at-13.28.57-1.jpeg 1200w, https:\/\/cloud.alqueria.es\/wp-content\/uploads\/sites\/6\/2025\/04\/WhatsApp-Image-2025-04-04-at-13.28.57-1-225x300.jpeg 225w, https:\/\/cloud.alqueria.es\/wp-content\/uploads\/sites\/6\/2025\/04\/WhatsApp-Image-2025-04-04-at-13.28.57-1-768x1024.jpeg 768w, https:\/\/cloud.alqueria.es\/wp-content\/uploads\/sites\/6\/2025\/04\/WhatsApp-Image-2025-04-04-at-13.28.57-1-1152x1536.jpeg 1152w\" sizes=\"(max-width: 1200px) 100vw, 1200px\" data-attachment-id=\"40803\" data-permalink=\"https:\/\/www.alqueria.es\/blogs\/alqueriaprimerciclo\/2025\/04\/05\/nos-acercamos-a-la-recta-final\/whatsapp-image-2025-04-04-at-13-28-57-1\/\" data-orig-file=\"https:\/\/cloud.alqueria.es\/wp-content\/uploads\/sites\/6\/2025\/04\/WhatsApp-Image-2025-04-04-at-13.28.57-1.jpeg\" data-orig-size=\"1200,1600\" data-comments-opened=\"1\" data-image-meta=\"{&quot;aperture&quot;:&quot;0&quot;,&quot;credit&quot;:&quot;&quot;,&quot;camera&quot;:&quot;&quot;,&quot;caption&quot;:&quot;&quot;,&quot;created_timestamp&quot;:&quot;0&quot;,&quot;copyright&quot;:&quot;&quot;,&quot;focal_length&quot;:&quot;0&quot;,&quot;iso&quot;:&quot;0&quot;,&quot;shutter_speed&quot;:&quot;0&quot;,&quot;title&quot;:&quot;&quot;,&quot;orientation&quot;:&quot;0&quot;}\" data-image-title=\"WhatsApp Image 2025-04-04 at 13.28.57 (1)\" data-image-description=\"\" data-image-caption=\"\" data-large-file=\"https:\/\/cloud.alqueria.es\/wp-content\/uploads\/sites\/6\/2025\/04\/WhatsApp-Image-2025-04-04-at-13.28.57-1-768x1024.jpeg\" \/><\/a>\n\t\t\t<\/div><\/figure>\n\t\t<\/div>\n\n<p><strong>Sof\u00eda<\/strong> ha llevado a cabo su conferencia. En ella nos ha explicado el origen de los <strong>gatos dom\u00e9sticos <\/strong>que es Africa.<\/p>\n<p>En Espa\u00f1a hay 7 millones de gatos, en el mundo hay 1000 millones y fueron domesticados porque el ser humano necesitaba algo que atrapara los ratones, hace ya 9000 a\u00f1os.<br \/>\nAhora independientemente de atrapar ratones, dan compa\u00f1\u00eda en muchos hogares.<\/p>\n<p>Usan las garras para cazar, usan los dientes para cazar y comer. Su vista les permite ver hasta a 30 m de distancia, al igual que su o\u00eddo y con sus bigotes rastrean espacios.<\/p>\n<p>\u00bfSab\u00e9is que pueden saltar 6 veces su propia altura?Aunque vive entre 16 y 20 a\u00f1os, el r\u00e9cord es 38. Duermen muchas horas al d\u00eda, unas 16-20h. El resto de tiempo juegan, cazan, comen y beben.<\/p>\n<p>En Egipto se consideran como dioses.<br \/>\nEn Jap\u00f3n son un s\u00edmbolo de buena suerte.<br \/>\nEn la Edad Media en Dinamarca se met\u00eda un gato en un barril que golpeaban hasta que se romp\u00eda y el gato sal\u00eda corriendo. Actualmente se hace pero \u00a0con chuches.<\/p>\n<div data-carousel-extra='{&quot;blog_id&quot;:6,&quot;permalink&quot;:&quot;https:\/\/www.alqueria.es\/blogs\/alqueriaprimerciclo\/2025\/04\/05\/nos-acercamos-a-la-recta-final\/&quot;}' id='gallery-3' class='gallery galleryid-40754 gallery-columns-3 gallery-size-full'><figure class='gallery-item'>\n\t\t\t<div class='gallery-icon portrait'>\n\t\t\t\t<a href='https:\/\/www.alqueria.es\/blogs\/alqueriaprimerciclo\/2025\/04\/05\/nos-acercamos-a-la-recta-final\/whatsapp-image-2025-04-02-at-08-38-18-8\/'><img decoding=\"async\" width=\"1200\" height=\"1600\" src=\"https:\/\/cloud.alqueria.es\/wp-content\/uploads\/sites\/6\/2025\/04\/WhatsApp-Image-2025-04-02-at-08.38.18-8.jpeg\" class=\"attachment-full size-full\" alt=\"\" srcset=\"https:\/\/cloud.alqueria.es\/wp-content\/uploads\/sites\/6\/2025\/04\/WhatsApp-Image-2025-04-02-at-08.38.18-8.jpeg 1200w, https:\/\/cloud.alqueria.es\/wp-content\/uploads\/sites\/6\/2025\/04\/WhatsApp-Image-2025-04-02-at-08.38.18-8-225x300.jpeg 225w, https:\/\/cloud.alqueria.es\/wp-content\/uploads\/sites\/6\/2025\/04\/WhatsApp-Image-2025-04-02-at-08.38.18-8-768x1024.jpeg 768w, https:\/\/cloud.alqueria.es\/wp-content\/uploads\/sites\/6\/2025\/04\/WhatsApp-Image-2025-04-02-at-08.38.18-8-1152x1536.jpeg 1152w\" sizes=\"(max-width: 1200px) 100vw, 1200px\" data-attachment-id=\"40755\" data-permalink=\"https:\/\/www.alqueria.es\/blogs\/alqueriaprimerciclo\/2025\/04\/05\/nos-acercamos-a-la-recta-final\/whatsapp-image-2025-04-02-at-08-38-18-8\/\" data-orig-file=\"https:\/\/cloud.alqueria.es\/wp-content\/uploads\/sites\/6\/2025\/04\/WhatsApp-Image-2025-04-02-at-08.38.18-8.jpeg\" data-orig-size=\"1200,1600\" data-comments-opened=\"1\" data-image-meta=\"{&quot;aperture&quot;:&quot;0&quot;,&quot;credit&quot;:&quot;&quot;,&quot;camera&quot;:&quot;&quot;,&quot;caption&quot;:&quot;&quot;,&quot;created_timestamp&quot;:&quot;0&quot;,&quot;copyright&quot;:&quot;&quot;,&quot;focal_length&quot;:&quot;0&quot;,&quot;iso&quot;:&quot;0&quot;,&quot;shutter_speed&quot;:&quot;0&quot;,&quot;title&quot;:&quot;&quot;,&quot;orientation&quot;:&quot;0&quot;}\" data-image-title=\"WhatsApp Image 2025-04-02 at 08.38.18 (8)\" data-image-description=\"\" data-image-caption=\"\" data-large-file=\"https:\/\/cloud.alqueria.es\/wp-content\/uploads\/sites\/6\/2025\/04\/WhatsApp-Image-2025-04-02-at-08.38.18-8-768x1024.jpeg\" \/><\/a>\n\t\t\t<\/div><\/figure><figure class='gallery-item'>\n\t\t\t<div class='gallery-icon portrait'>\n\t\t\t\t<a href='https:\/\/www.alqueria.es\/blogs\/alqueriaprimerciclo\/2025\/04\/05\/nos-acercamos-a-la-recta-final\/whatsapp-image-2025-04-02-at-08-38-18-7\/'><img decoding=\"async\" width=\"1200\" height=\"1600\" src=\"https:\/\/cloud.alqueria.es\/wp-content\/uploads\/sites\/6\/2025\/04\/WhatsApp-Image-2025-04-02-at-08.38.18-7.jpeg\" class=\"attachment-full size-full\" alt=\"\" srcset=\"https:\/\/cloud.alqueria.es\/wp-content\/uploads\/sites\/6\/2025\/04\/WhatsApp-Image-2025-04-02-at-08.38.18-7.jpeg 1200w, https:\/\/cloud.alqueria.es\/wp-content\/uploads\/sites\/6\/2025\/04\/WhatsApp-Image-2025-04-02-at-08.38.18-7-225x300.jpeg 225w, https:\/\/cloud.alqueria.es\/wp-content\/uploads\/sites\/6\/2025\/04\/WhatsApp-Image-2025-04-02-at-08.38.18-7-768x1024.jpeg 768w, https:\/\/cloud.alqueria.es\/wp-content\/uploads\/sites\/6\/2025\/04\/WhatsApp-Image-2025-04-02-at-08.38.18-7-1152x1536.jpeg 1152w\" sizes=\"(max-width: 1200px) 100vw, 1200px\" data-attachment-id=\"40756\" data-permalink=\"https:\/\/www.alqueria.es\/blogs\/alqueriaprimerciclo\/2025\/04\/05\/nos-acercamos-a-la-recta-final\/whatsapp-image-2025-04-02-at-08-38-18-7\/\" data-orig-file=\"https:\/\/cloud.alqueria.es\/wp-content\/uploads\/sites\/6\/2025\/04\/WhatsApp-Image-2025-04-02-at-08.38.18-7.jpeg\" data-orig-size=\"1200,1600\" data-comments-opened=\"1\" data-image-meta=\"{&quot;aperture&quot;:&quot;0&quot;,&quot;credit&quot;:&quot;&quot;,&quot;camera&quot;:&quot;&quot;,&quot;caption&quot;:&quot;&quot;,&quot;created_timestamp&quot;:&quot;0&quot;,&quot;copyright&quot;:&quot;&quot;,&quot;focal_length&quot;:&quot;0&quot;,&quot;iso&quot;:&quot;0&quot;,&quot;shutter_speed&quot;:&quot;0&quot;,&quot;title&quot;:&quot;&quot;,&quot;orientation&quot;:&quot;0&quot;}\" data-image-title=\"WhatsApp Image 2025-04-02 at 08.38.18 (7)\" data-image-description=\"\" data-image-caption=\"\" data-large-file=\"https:\/\/cloud.alqueria.es\/wp-content\/uploads\/sites\/6\/2025\/04\/WhatsApp-Image-2025-04-02-at-08.38.18-7-768x1024.jpeg\" \/><\/a>\n\t\t\t<\/div><\/figure><figure class='gallery-item'>\n\t\t\t<div class='gallery-icon portrait'>\n\t\t\t\t<a href='https:\/\/www.alqueria.es\/blogs\/alqueriaprimerciclo\/2025\/04\/05\/nos-acercamos-a-la-recta-final\/whatsapp-image-2025-04-02-at-08-38-18-6\/'><img decoding=\"async\" width=\"1200\" height=\"1600\" src=\"https:\/\/cloud.alqueria.es\/wp-content\/uploads\/sites\/6\/2025\/04\/WhatsApp-Image-2025-04-02-at-08.38.18-6.jpeg\" class=\"attachment-full size-full\" alt=\"\" srcset=\"https:\/\/cloud.alqueria.es\/wp-content\/uploads\/sites\/6\/2025\/04\/WhatsApp-Image-2025-04-02-at-08.38.18-6.jpeg 1200w, https:\/\/cloud.alqueria.es\/wp-content\/uploads\/sites\/6\/2025\/04\/WhatsApp-Image-2025-04-02-at-08.38.18-6-225x300.jpeg 225w, https:\/\/cloud.alqueria.es\/wp-content\/uploads\/sites\/6\/2025\/04\/WhatsApp-Image-2025-04-02-at-08.38.18-6-768x1024.jpeg 768w, https:\/\/cloud.alqueria.es\/wp-content\/uploads\/sites\/6\/2025\/04\/WhatsApp-Image-2025-04-02-at-08.38.18-6-1152x1536.jpeg 1152w\" sizes=\"(max-width: 1200px) 100vw, 1200px\" data-attachment-id=\"40757\" data-permalink=\"https:\/\/www.alqueria.es\/blogs\/alqueriaprimerciclo\/2025\/04\/05\/nos-acercamos-a-la-recta-final\/whatsapp-image-2025-04-02-at-08-38-18-6\/\" data-orig-file=\"https:\/\/cloud.alqueria.es\/wp-content\/uploads\/sites\/6\/2025\/04\/WhatsApp-Image-2025-04-02-at-08.38.18-6.jpeg\" data-orig-size=\"1200,1600\" data-comments-opened=\"1\" data-image-meta=\"{&quot;aperture&quot;:&quot;0&quot;,&quot;credit&quot;:&quot;&quot;,&quot;camera&quot;:&quot;&quot;,&quot;caption&quot;:&quot;&quot;,&quot;created_timestamp&quot;:&quot;0&quot;,&quot;copyright&quot;:&quot;&quot;,&quot;focal_length&quot;:&quot;0&quot;,&quot;iso&quot;:&quot;0&quot;,&quot;shutter_speed&quot;:&quot;0&quot;,&quot;title&quot;:&quot;&quot;,&quot;orientation&quot;:&quot;0&quot;}\" data-image-title=\"WhatsApp Image 2025-04-02 at 08.38.18 (6)\" data-image-description=\"\" data-image-caption=\"\" data-large-file=\"https:\/\/cloud.alqueria.es\/wp-content\/uploads\/sites\/6\/2025\/04\/WhatsApp-Image-2025-04-02-at-08.38.18-6-768x1024.jpeg\" \/><\/a>\n\t\t\t<\/div><\/figure><figure class='gallery-item'>\n\t\t\t<div class='gallery-icon portrait'>\n\t\t\t\t<a href='https:\/\/www.alqueria.es\/blogs\/alqueriaprimerciclo\/2025\/04\/05\/nos-acercamos-a-la-recta-final\/whatsapp-image-2025-04-02-at-08-38-18\/'><img decoding=\"async\" width=\"1200\" height=\"1600\" src=\"https:\/\/cloud.alqueria.es\/wp-content\/uploads\/sites\/6\/2025\/04\/WhatsApp-Image-2025-04-02-at-08.38.18.jpeg\" class=\"attachment-full size-full\" alt=\"\" srcset=\"https:\/\/cloud.alqueria.es\/wp-content\/uploads\/sites\/6\/2025\/04\/WhatsApp-Image-2025-04-02-at-08.38.18.jpeg 1200w, https:\/\/cloud.alqueria.es\/wp-content\/uploads\/sites\/6\/2025\/04\/WhatsApp-Image-2025-04-02-at-08.38.18-225x300.jpeg 225w, https:\/\/cloud.alqueria.es\/wp-content\/uploads\/sites\/6\/2025\/04\/WhatsApp-Image-2025-04-02-at-08.38.18-768x1024.jpeg 768w, https:\/\/cloud.alqueria.es\/wp-content\/uploads\/sites\/6\/2025\/04\/WhatsApp-Image-2025-04-02-at-08.38.18-1152x1536.jpeg 1152w\" sizes=\"(max-width: 1200px) 100vw, 1200px\" data-attachment-id=\"40763\" data-permalink=\"https:\/\/www.alqueria.es\/blogs\/alqueriaprimerciclo\/2025\/04\/05\/nos-acercamos-a-la-recta-final\/whatsapp-image-2025-04-02-at-08-38-18\/\" data-orig-file=\"https:\/\/cloud.alqueria.es\/wp-content\/uploads\/sites\/6\/2025\/04\/WhatsApp-Image-2025-04-02-at-08.38.18.jpeg\" data-orig-size=\"1200,1600\" data-comments-opened=\"1\" data-image-meta=\"{&quot;aperture&quot;:&quot;0&quot;,&quot;credit&quot;:&quot;&quot;,&quot;camera&quot;:&quot;&quot;,&quot;caption&quot;:&quot;&quot;,&quot;created_timestamp&quot;:&quot;0&quot;,&quot;copyright&quot;:&quot;&quot;,&quot;focal_length&quot;:&quot;0&quot;,&quot;iso&quot;:&quot;0&quot;,&quot;shutter_speed&quot;:&quot;0&quot;,&quot;title&quot;:&quot;&quot;,&quot;orientation&quot;:&quot;0&quot;}\" data-image-title=\"WhatsApp Image 2025-04-02 at 08.38.18\" data-image-description=\"\" data-image-caption=\"\" data-large-file=\"https:\/\/cloud.alqueria.es\/wp-content\/uploads\/sites\/6\/2025\/04\/WhatsApp-Image-2025-04-02-at-08.38.18-768x1024.jpeg\" \/><\/a>\n\t\t\t<\/div><\/figure><figure class='gallery-item'>\n\t\t\t<div class='gallery-icon portrait'>\n\t\t\t\t<a href='https:\/\/www.alqueria.es\/blogs\/alqueriaprimerciclo\/2025\/04\/05\/nos-acercamos-a-la-recta-final\/whatsapp-image-2025-04-02-at-08-38-18-1\/'><img decoding=\"async\" width=\"1200\" height=\"1600\" src=\"https:\/\/cloud.alqueria.es\/wp-content\/uploads\/sites\/6\/2025\/04\/WhatsApp-Image-2025-04-02-at-08.38.18-1.jpeg\" class=\"attachment-full size-full\" alt=\"\" srcset=\"https:\/\/cloud.alqueria.es\/wp-content\/uploads\/sites\/6\/2025\/04\/WhatsApp-Image-2025-04-02-at-08.38.18-1.jpeg 1200w, https:\/\/cloud.alqueria.es\/wp-content\/uploads\/sites\/6\/2025\/04\/WhatsApp-Image-2025-04-02-at-08.38.18-1-225x300.jpeg 225w, https:\/\/cloud.alqueria.es\/wp-content\/uploads\/sites\/6\/2025\/04\/WhatsApp-Image-2025-04-02-at-08.38.18-1-768x1024.jpeg 768w, https:\/\/cloud.alqueria.es\/wp-content\/uploads\/sites\/6\/2025\/04\/WhatsApp-Image-2025-04-02-at-08.38.18-1-1152x1536.jpeg 1152w\" sizes=\"(max-width: 1200px) 100vw, 1200px\" data-attachment-id=\"40762\" data-permalink=\"https:\/\/www.alqueria.es\/blogs\/alqueriaprimerciclo\/2025\/04\/05\/nos-acercamos-a-la-recta-final\/whatsapp-image-2025-04-02-at-08-38-18-1\/\" data-orig-file=\"https:\/\/cloud.alqueria.es\/wp-content\/uploads\/sites\/6\/2025\/04\/WhatsApp-Image-2025-04-02-at-08.38.18-1.jpeg\" data-orig-size=\"1200,1600\" data-comments-opened=\"1\" data-image-meta=\"{&quot;aperture&quot;:&quot;0&quot;,&quot;credit&quot;:&quot;&quot;,&quot;camera&quot;:&quot;&quot;,&quot;caption&quot;:&quot;&quot;,&quot;created_timestamp&quot;:&quot;0&quot;,&quot;copyright&quot;:&quot;&quot;,&quot;focal_length&quot;:&quot;0&quot;,&quot;iso&quot;:&quot;0&quot;,&quot;shutter_speed&quot;:&quot;0&quot;,&quot;title&quot;:&quot;&quot;,&quot;orientation&quot;:&quot;0&quot;}\" data-image-title=\"WhatsApp Image 2025-04-02 at 08.38.18 (1)\" data-image-description=\"\" data-image-caption=\"\" data-large-file=\"https:\/\/cloud.alqueria.es\/wp-content\/uploads\/sites\/6\/2025\/04\/WhatsApp-Image-2025-04-02-at-08.38.18-1-768x1024.jpeg\" \/><\/a>\n\t\t\t<\/div><\/figure><figure class='gallery-item'>\n\t\t\t<div class='gallery-icon portrait'>\n\t\t\t\t<a href='https:\/\/www.alqueria.es\/blogs\/alqueriaprimerciclo\/2025\/04\/05\/nos-acercamos-a-la-recta-final\/whatsapp-image-2025-04-02-at-08-38-18-2\/'><img decoding=\"async\" width=\"1200\" height=\"1600\" src=\"https:\/\/cloud.alqueria.es\/wp-content\/uploads\/sites\/6\/2025\/04\/WhatsApp-Image-2025-04-02-at-08.38.18-2.jpeg\" class=\"attachment-full size-full\" alt=\"\" srcset=\"https:\/\/cloud.alqueria.es\/wp-content\/uploads\/sites\/6\/2025\/04\/WhatsApp-Image-2025-04-02-at-08.38.18-2.jpeg 1200w, https:\/\/cloud.alqueria.es\/wp-content\/uploads\/sites\/6\/2025\/04\/WhatsApp-Image-2025-04-02-at-08.38.18-2-225x300.jpeg 225w, https:\/\/cloud.alqueria.es\/wp-content\/uploads\/sites\/6\/2025\/04\/WhatsApp-Image-2025-04-02-at-08.38.18-2-768x1024.jpeg 768w, https:\/\/cloud.alqueria.es\/wp-content\/uploads\/sites\/6\/2025\/04\/WhatsApp-Image-2025-04-02-at-08.38.18-2-1152x1536.jpeg 1152w\" sizes=\"(max-width: 1200px) 100vw, 1200px\" data-attachment-id=\"40761\" data-permalink=\"https:\/\/www.alqueria.es\/blogs\/alqueriaprimerciclo\/2025\/04\/05\/nos-acercamos-a-la-recta-final\/whatsapp-image-2025-04-02-at-08-38-18-2\/\" data-orig-file=\"https:\/\/cloud.alqueria.es\/wp-content\/uploads\/sites\/6\/2025\/04\/WhatsApp-Image-2025-04-02-at-08.38.18-2.jpeg\" data-orig-size=\"1200,1600\" data-comments-opened=\"1\" data-image-meta=\"{&quot;aperture&quot;:&quot;0&quot;,&quot;credit&quot;:&quot;&quot;,&quot;camera&quot;:&quot;&quot;,&quot;caption&quot;:&quot;&quot;,&quot;created_timestamp&quot;:&quot;0&quot;,&quot;copyright&quot;:&quot;&quot;,&quot;focal_length&quot;:&quot;0&quot;,&quot;iso&quot;:&quot;0&quot;,&quot;shutter_speed&quot;:&quot;0&quot;,&quot;title&quot;:&quot;&quot;,&quot;orientation&quot;:&quot;0&quot;}\" data-image-title=\"WhatsApp Image 2025-04-02 at 08.38.18 (2)\" data-image-description=\"\" data-image-caption=\"\" data-large-file=\"https:\/\/cloud.alqueria.es\/wp-content\/uploads\/sites\/6\/2025\/04\/WhatsApp-Image-2025-04-02-at-08.38.18-2-768x1024.jpeg\" \/><\/a>\n\t\t\t<\/div><\/figure><figure class='gallery-item'>\n\t\t\t<div class='gallery-icon portrait'>\n\t\t\t\t<a href='https:\/\/www.alqueria.es\/blogs\/alqueriaprimerciclo\/2025\/04\/05\/nos-acercamos-a-la-recta-final\/whatsapp-image-2025-04-02-at-08-38-18-3\/'><img decoding=\"async\" width=\"1200\" height=\"1600\" src=\"https:\/\/cloud.alqueria.es\/wp-content\/uploads\/sites\/6\/2025\/04\/WhatsApp-Image-2025-04-02-at-08.38.18-3.jpeg\" class=\"attachment-full size-full\" alt=\"\" srcset=\"https:\/\/cloud.alqueria.es\/wp-content\/uploads\/sites\/6\/2025\/04\/WhatsApp-Image-2025-04-02-at-08.38.18-3.jpeg 1200w, https:\/\/cloud.alqueria.es\/wp-content\/uploads\/sites\/6\/2025\/04\/WhatsApp-Image-2025-04-02-at-08.38.18-3-225x300.jpeg 225w, https:\/\/cloud.alqueria.es\/wp-content\/uploads\/sites\/6\/2025\/04\/WhatsApp-Image-2025-04-02-at-08.38.18-3-768x1024.jpeg 768w, https:\/\/cloud.alqueria.es\/wp-content\/uploads\/sites\/6\/2025\/04\/WhatsApp-Image-2025-04-02-at-08.38.18-3-1152x1536.jpeg 1152w\" sizes=\"(max-width: 1200px) 100vw, 1200px\" data-attachment-id=\"40760\" data-permalink=\"https:\/\/www.alqueria.es\/blogs\/alqueriaprimerciclo\/2025\/04\/05\/nos-acercamos-a-la-recta-final\/whatsapp-image-2025-04-02-at-08-38-18-3\/\" data-orig-file=\"https:\/\/cloud.alqueria.es\/wp-content\/uploads\/sites\/6\/2025\/04\/WhatsApp-Image-2025-04-02-at-08.38.18-3.jpeg\" data-orig-size=\"1200,1600\" data-comments-opened=\"1\" data-image-meta=\"{&quot;aperture&quot;:&quot;0&quot;,&quot;credit&quot;:&quot;&quot;,&quot;camera&quot;:&quot;&quot;,&quot;caption&quot;:&quot;&quot;,&quot;created_timestamp&quot;:&quot;0&quot;,&quot;copyright&quot;:&quot;&quot;,&quot;focal_length&quot;:&quot;0&quot;,&quot;iso&quot;:&quot;0&quot;,&quot;shutter_speed&quot;:&quot;0&quot;,&quot;title&quot;:&quot;&quot;,&quot;orientation&quot;:&quot;0&quot;}\" data-image-title=\"WhatsApp Image 2025-04-02 at 08.38.18 (3)\" data-image-description=\"\" data-image-caption=\"\" data-large-file=\"https:\/\/cloud.alqueria.es\/wp-content\/uploads\/sites\/6\/2025\/04\/WhatsApp-Image-2025-04-02-at-08.38.18-3-768x1024.jpeg\" \/><\/a>\n\t\t\t<\/div><\/figure><figure class='gallery-item'>\n\t\t\t<div class='gallery-icon portrait'>\n\t\t\t\t<a href='https:\/\/www.alqueria.es\/blogs\/alqueriaprimerciclo\/2025\/04\/05\/nos-acercamos-a-la-recta-final\/whatsapp-image-2025-04-02-at-08-38-18-4\/'><img decoding=\"async\" width=\"1200\" height=\"1600\" src=\"https:\/\/cloud.alqueria.es\/wp-content\/uploads\/sites\/6\/2025\/04\/WhatsApp-Image-2025-04-02-at-08.38.18-4.jpeg\" class=\"attachment-full size-full\" alt=\"\" srcset=\"https:\/\/cloud.alqueria.es\/wp-content\/uploads\/sites\/6\/2025\/04\/WhatsApp-Image-2025-04-02-at-08.38.18-4.jpeg 1200w, https:\/\/cloud.alqueria.es\/wp-content\/uploads\/sites\/6\/2025\/04\/WhatsApp-Image-2025-04-02-at-08.38.18-4-225x300.jpeg 225w, https:\/\/cloud.alqueria.es\/wp-content\/uploads\/sites\/6\/2025\/04\/WhatsApp-Image-2025-04-02-at-08.38.18-4-768x1024.jpeg 768w, https:\/\/cloud.alqueria.es\/wp-content\/uploads\/sites\/6\/2025\/04\/WhatsApp-Image-2025-04-02-at-08.38.18-4-1152x1536.jpeg 1152w\" sizes=\"(max-width: 1200px) 100vw, 1200px\" data-attachment-id=\"40759\" data-permalink=\"https:\/\/www.alqueria.es\/blogs\/alqueriaprimerciclo\/2025\/04\/05\/nos-acercamos-a-la-recta-final\/whatsapp-image-2025-04-02-at-08-38-18-4\/\" data-orig-file=\"https:\/\/cloud.alqueria.es\/wp-content\/uploads\/sites\/6\/2025\/04\/WhatsApp-Image-2025-04-02-at-08.38.18-4.jpeg\" data-orig-size=\"1200,1600\" data-comments-opened=\"1\" data-image-meta=\"{&quot;aperture&quot;:&quot;0&quot;,&quot;credit&quot;:&quot;&quot;,&quot;camera&quot;:&quot;&quot;,&quot;caption&quot;:&quot;&quot;,&quot;created_timestamp&quot;:&quot;0&quot;,&quot;copyright&quot;:&quot;&quot;,&quot;focal_length&quot;:&quot;0&quot;,&quot;iso&quot;:&quot;0&quot;,&quot;shutter_speed&quot;:&quot;0&quot;,&quot;title&quot;:&quot;&quot;,&quot;orientation&quot;:&quot;0&quot;}\" data-image-title=\"WhatsApp Image 2025-04-02 at 08.38.18 (4)\" data-image-description=\"\" data-image-caption=\"\" data-large-file=\"https:\/\/cloud.alqueria.es\/wp-content\/uploads\/sites\/6\/2025\/04\/WhatsApp-Image-2025-04-02-at-08.38.18-4-768x1024.jpeg\" \/><\/a>\n\t\t\t<\/div><\/figure><figure class='gallery-item'>\n\t\t\t<div class='gallery-icon portrait'>\n\t\t\t\t<a href='https:\/\/www.alqueria.es\/blogs\/alqueriaprimerciclo\/2025\/04\/05\/nos-acercamos-a-la-recta-final\/whatsapp-image-2025-04-02-at-08-38-18-5\/'><img decoding=\"async\" width=\"1200\" height=\"1600\" src=\"https:\/\/cloud.alqueria.es\/wp-content\/uploads\/sites\/6\/2025\/04\/WhatsApp-Image-2025-04-02-at-08.38.18-5.jpeg\" class=\"attachment-full size-full\" alt=\"\" srcset=\"https:\/\/cloud.alqueria.es\/wp-content\/uploads\/sites\/6\/2025\/04\/WhatsApp-Image-2025-04-02-at-08.38.18-5.jpeg 1200w, https:\/\/cloud.alqueria.es\/wp-content\/uploads\/sites\/6\/2025\/04\/WhatsApp-Image-2025-04-02-at-08.38.18-5-225x300.jpeg 225w, https:\/\/cloud.alqueria.es\/wp-content\/uploads\/sites\/6\/2025\/04\/WhatsApp-Image-2025-04-02-at-08.38.18-5-768x1024.jpeg 768w, https:\/\/cloud.alqueria.es\/wp-content\/uploads\/sites\/6\/2025\/04\/WhatsApp-Image-2025-04-02-at-08.38.18-5-1152x1536.jpeg 1152w\" sizes=\"(max-width: 1200px) 100vw, 1200px\" data-attachment-id=\"40758\" data-permalink=\"https:\/\/www.alqueria.es\/blogs\/alqueriaprimerciclo\/2025\/04\/05\/nos-acercamos-a-la-recta-final\/whatsapp-image-2025-04-02-at-08-38-18-5\/\" data-orig-file=\"https:\/\/cloud.alqueria.es\/wp-content\/uploads\/sites\/6\/2025\/04\/WhatsApp-Image-2025-04-02-at-08.38.18-5.jpeg\" data-orig-size=\"1200,1600\" data-comments-opened=\"1\" data-image-meta=\"{&quot;aperture&quot;:&quot;0&quot;,&quot;credit&quot;:&quot;&quot;,&quot;camera&quot;:&quot;&quot;,&quot;caption&quot;:&quot;&quot;,&quot;created_timestamp&quot;:&quot;0&quot;,&quot;copyright&quot;:&quot;&quot;,&quot;focal_length&quot;:&quot;0&quot;,&quot;iso&quot;:&quot;0&quot;,&quot;shutter_speed&quot;:&quot;0&quot;,&quot;title&quot;:&quot;&quot;,&quot;orientation&quot;:&quot;0&quot;}\" data-image-title=\"WhatsApp Image 2025-04-02 at 08.38.18 (5)\" data-image-description=\"\" data-image-caption=\"\" data-large-file=\"https:\/\/cloud.alqueria.es\/wp-content\/uploads\/sites\/6\/2025\/04\/WhatsApp-Image-2025-04-02-at-08.38.18-5-768x1024.jpeg\" \/><\/a>\n\t\t\t<\/div><\/figure>\n\t\t<\/div>\n\n<p>Tambi\u00e9n esta semana <strong>Julio <\/strong>ha llevado a cabo su<strong> conferencia <\/strong>sobre el Breaking, un estilo de baile callejero que forma parte del hip-hop. El hip-hop se expresa de cuatro formas: Breaking: baile, graffiti: dibujos, MCs: cantantes y DJs: personas que mezclan canciones.<\/p>\n<p>El hip-hop nace hace 55 a\u00f1os, con pandillas de j\u00f3venes afroamericanos y latinoamericanos de un barrio de Nueva York llamado El Bronx. Un barrio que es el doble de grande que la ciudad de Granada y donde viven un mill\u00f3n y medio de personas.<\/p>\n<p>En aquella \u00e9poca, El Bronx era un barrio donde viv\u00eda gente pobre. Los j\u00f3venes no ten\u00edan oportunidades para estudiar ni trabajar y se organizaban en pandillas que se peleaban entre ellas, hasta que a trav\u00e9s de la m\u00fasica y el baile se consigui\u00f3 la paz. Los DJ\u2019s pon\u00edan canciones en la calle y los j\u00f3venes se pon\u00edan a bailar en las partes de la m\u00fasica en la que no se cantaba. Esta parte de la canci\u00f3n, se llama break en ingl\u00e9s. Por este motivo, al baile se llama breaking y a los chicos y chicas que bailan se le llama b-boys y b-girls (b de breaking).<\/p>\n<p>Despu\u00e9s, el breaking se extendi\u00f3 por otras ciudades de EE.UU. Empez\u00f3 a salir en la televisi\u00f3n y en pel\u00edculas y, m\u00e1s tarde, lleg\u00f3 a todo el mundo. Hasta que, desde las olimpiadas de Par\u00eds 2024, es una competici\u00f3n deportiva ol\u00edmpica.<\/p>\n<p>Los movimientos b\u00e1sicos son: Top rock (movimientos que se hacen de pie), Go down (movimiento que se hace desde el top rock al suelo), Foot work (todos los movimientos de baile que se hacen en el suelo, Freezes (consiste en quedarse quieto durante unos segundos, Power move (cuando se baila dando giros sobre las manos, codos, cabeza, espalda u hombros) y Flips (saltos acrob\u00e1ticos).<\/p>\n<p>A las Competici\u00f3n competiciones se les llama batallas. Pueden ser individuales, por parejas o en equipos. Los b-boys y b-girls se baten en duelo en un cypher (escenario).<\/p>\n<div data-carousel-extra='{&quot;blog_id&quot;:6,&quot;permalink&quot;:&quot;https:\/\/www.alqueria.es\/blogs\/alqueriaprimerciclo\/2025\/04\/05\/nos-acercamos-a-la-recta-final\/&quot;}' id='gallery-4' class='gallery galleryid-40754 gallery-columns-3 gallery-size-full'><figure class='gallery-item'>\n\t\t\t<div class='gallery-icon portrait'>\n\t\t\t\t<a href='https:\/\/www.alqueria.es\/blogs\/alqueriaprimerciclo\/2025\/04\/05\/nos-acercamos-a-la-recta-final\/whatsapp-image-2025-04-04-at-13-28-49-1\/'><img decoding=\"async\" width=\"1200\" height=\"1600\" src=\"https:\/\/cloud.alqueria.es\/wp-content\/uploads\/sites\/6\/2025\/04\/WhatsApp-Image-2025-04-04-at-13.28.49-1.jpeg\" class=\"attachment-full size-full\" alt=\"\" srcset=\"https:\/\/cloud.alqueria.es\/wp-content\/uploads\/sites\/6\/2025\/04\/WhatsApp-Image-2025-04-04-at-13.28.49-1.jpeg 1200w, https:\/\/cloud.alqueria.es\/wp-content\/uploads\/sites\/6\/2025\/04\/WhatsApp-Image-2025-04-04-at-13.28.49-1-225x300.jpeg 225w, https:\/\/cloud.alqueria.es\/wp-content\/uploads\/sites\/6\/2025\/04\/WhatsApp-Image-2025-04-04-at-13.28.49-1-768x1024.jpeg 768w, https:\/\/cloud.alqueria.es\/wp-content\/uploads\/sites\/6\/2025\/04\/WhatsApp-Image-2025-04-04-at-13.28.49-1-1152x1536.jpeg 1152w\" sizes=\"(max-width: 1200px) 100vw, 1200px\" data-attachment-id=\"40776\" data-permalink=\"https:\/\/www.alqueria.es\/blogs\/alqueriaprimerciclo\/2025\/04\/05\/nos-acercamos-a-la-recta-final\/whatsapp-image-2025-04-04-at-13-28-49-1\/\" data-orig-file=\"https:\/\/cloud.alqueria.es\/wp-content\/uploads\/sites\/6\/2025\/04\/WhatsApp-Image-2025-04-04-at-13.28.49-1.jpeg\" data-orig-size=\"1200,1600\" data-comments-opened=\"1\" data-image-meta=\"{&quot;aperture&quot;:&quot;0&quot;,&quot;credit&quot;:&quot;&quot;,&quot;camera&quot;:&quot;&quot;,&quot;caption&quot;:&quot;&quot;,&quot;created_timestamp&quot;:&quot;0&quot;,&quot;copyright&quot;:&quot;&quot;,&quot;focal_length&quot;:&quot;0&quot;,&quot;iso&quot;:&quot;0&quot;,&quot;shutter_speed&quot;:&quot;0&quot;,&quot;title&quot;:&quot;&quot;,&quot;orientation&quot;:&quot;0&quot;}\" data-image-title=\"WhatsApp Image 2025-04-04 at 13.28.49 (1)\" data-image-description=\"\" data-image-caption=\"\" data-large-file=\"https:\/\/cloud.alqueria.es\/wp-content\/uploads\/sites\/6\/2025\/04\/WhatsApp-Image-2025-04-04-at-13.28.49-1-768x1024.jpeg\" \/><\/a>\n\t\t\t<\/div><\/figure><figure class='gallery-item'>\n\t\t\t<div class='gallery-icon portrait'>\n\t\t\t\t<a href='https:\/\/www.alqueria.es\/blogs\/alqueriaprimerciclo\/2025\/04\/05\/nos-acercamos-a-la-recta-final\/whatsapp-image-2025-04-04-at-13-28-49\/'><img decoding=\"async\" width=\"1200\" height=\"1600\" src=\"https:\/\/cloud.alqueria.es\/wp-content\/uploads\/sites\/6\/2025\/04\/WhatsApp-Image-2025-04-04-at-13.28.49.jpeg\" class=\"attachment-full size-full\" alt=\"\" srcset=\"https:\/\/cloud.alqueria.es\/wp-content\/uploads\/sites\/6\/2025\/04\/WhatsApp-Image-2025-04-04-at-13.28.49.jpeg 1200w, https:\/\/cloud.alqueria.es\/wp-content\/uploads\/sites\/6\/2025\/04\/WhatsApp-Image-2025-04-04-at-13.28.49-225x300.jpeg 225w, https:\/\/cloud.alqueria.es\/wp-content\/uploads\/sites\/6\/2025\/04\/WhatsApp-Image-2025-04-04-at-13.28.49-768x1024.jpeg 768w, https:\/\/cloud.alqueria.es\/wp-content\/uploads\/sites\/6\/2025\/04\/WhatsApp-Image-2025-04-04-at-13.28.49-1152x1536.jpeg 1152w\" sizes=\"(max-width: 1200px) 100vw, 1200px\" data-attachment-id=\"40777\" data-permalink=\"https:\/\/www.alqueria.es\/blogs\/alqueriaprimerciclo\/2025\/04\/05\/nos-acercamos-a-la-recta-final\/whatsapp-image-2025-04-04-at-13-28-49\/\" data-orig-file=\"https:\/\/cloud.alqueria.es\/wp-content\/uploads\/sites\/6\/2025\/04\/WhatsApp-Image-2025-04-04-at-13.28.49.jpeg\" data-orig-size=\"1200,1600\" data-comments-opened=\"1\" data-image-meta=\"{&quot;aperture&quot;:&quot;0&quot;,&quot;credit&quot;:&quot;&quot;,&quot;camera&quot;:&quot;&quot;,&quot;caption&quot;:&quot;&quot;,&quot;created_timestamp&quot;:&quot;0&quot;,&quot;copyright&quot;:&quot;&quot;,&quot;focal_length&quot;:&quot;0&quot;,&quot;iso&quot;:&quot;0&quot;,&quot;shutter_speed&quot;:&quot;0&quot;,&quot;title&quot;:&quot;&quot;,&quot;orientation&quot;:&quot;0&quot;}\" data-image-title=\"WhatsApp Image 2025-04-04 at 13.28.49\" data-image-description=\"\" data-image-caption=\"\" data-large-file=\"https:\/\/cloud.alqueria.es\/wp-content\/uploads\/sites\/6\/2025\/04\/WhatsApp-Image-2025-04-04-at-13.28.49-768x1024.jpeg\" \/><\/a>\n\t\t\t<\/div><\/figure><figure class='gallery-item'>\n\t\t\t<div class='gallery-icon portrait'>\n\t\t\t\t<a href='https:\/\/www.alqueria.es\/blogs\/alqueriaprimerciclo\/2025\/04\/05\/nos-acercamos-a-la-recta-final\/whatsapp-image-2025-04-04-at-13-28-50-2\/'><img decoding=\"async\" width=\"1200\" height=\"1600\" src=\"https:\/\/cloud.alqueria.es\/wp-content\/uploads\/sites\/6\/2025\/04\/WhatsApp-Image-2025-04-04-at-13.28.50-2.jpeg\" class=\"attachment-full size-full\" alt=\"\" srcset=\"https:\/\/cloud.alqueria.es\/wp-content\/uploads\/sites\/6\/2025\/04\/WhatsApp-Image-2025-04-04-at-13.28.50-2.jpeg 1200w, https:\/\/cloud.alqueria.es\/wp-content\/uploads\/sites\/6\/2025\/04\/WhatsApp-Image-2025-04-04-at-13.28.50-2-225x300.jpeg 225w, https:\/\/cloud.alqueria.es\/wp-content\/uploads\/sites\/6\/2025\/04\/WhatsApp-Image-2025-04-04-at-13.28.50-2-768x1024.jpeg 768w, https:\/\/cloud.alqueria.es\/wp-content\/uploads\/sites\/6\/2025\/04\/WhatsApp-Image-2025-04-04-at-13.28.50-2-1152x1536.jpeg 1152w\" sizes=\"(max-width: 1200px) 100vw, 1200px\" data-attachment-id=\"40778\" data-permalink=\"https:\/\/www.alqueria.es\/blogs\/alqueriaprimerciclo\/2025\/04\/05\/nos-acercamos-a-la-recta-final\/whatsapp-image-2025-04-04-at-13-28-50-2\/\" data-orig-file=\"https:\/\/cloud.alqueria.es\/wp-content\/uploads\/sites\/6\/2025\/04\/WhatsApp-Image-2025-04-04-at-13.28.50-2.jpeg\" data-orig-size=\"1200,1600\" data-comments-opened=\"1\" data-image-meta=\"{&quot;aperture&quot;:&quot;0&quot;,&quot;credit&quot;:&quot;&quot;,&quot;camera&quot;:&quot;&quot;,&quot;caption&quot;:&quot;&quot;,&quot;created_timestamp&quot;:&quot;0&quot;,&quot;copyright&quot;:&quot;&quot;,&quot;focal_length&quot;:&quot;0&quot;,&quot;iso&quot;:&quot;0&quot;,&quot;shutter_speed&quot;:&quot;0&quot;,&quot;title&quot;:&quot;&quot;,&quot;orientation&quot;:&quot;0&quot;}\" data-image-title=\"WhatsApp Image 2025-04-04 at 13.28.50 (2)\" data-image-description=\"\" data-image-caption=\"\" data-large-file=\"https:\/\/cloud.alqueria.es\/wp-content\/uploads\/sites\/6\/2025\/04\/WhatsApp-Image-2025-04-04-at-13.28.50-2-768x1024.jpeg\" \/><\/a>\n\t\t\t<\/div><\/figure><figure class='gallery-item'>\n\t\t\t<div class='gallery-icon portrait'>\n\t\t\t\t<a href='https:\/\/www.alqueria.es\/blogs\/alqueriaprimerciclo\/2025\/04\/05\/nos-acercamos-a-la-recta-final\/whatsapp-image-2025-04-04-at-13-28-50-1\/'><img decoding=\"async\" width=\"1200\" height=\"1600\" src=\"https:\/\/cloud.alqueria.es\/wp-content\/uploads\/sites\/6\/2025\/04\/WhatsApp-Image-2025-04-04-at-13.28.50-1.jpeg\" class=\"attachment-full size-full\" alt=\"\" srcset=\"https:\/\/cloud.alqueria.es\/wp-content\/uploads\/sites\/6\/2025\/04\/WhatsApp-Image-2025-04-04-at-13.28.50-1.jpeg 1200w, https:\/\/cloud.alqueria.es\/wp-content\/uploads\/sites\/6\/2025\/04\/WhatsApp-Image-2025-04-04-at-13.28.50-1-225x300.jpeg 225w, https:\/\/cloud.alqueria.es\/wp-content\/uploads\/sites\/6\/2025\/04\/WhatsApp-Image-2025-04-04-at-13.28.50-1-768x1024.jpeg 768w, https:\/\/cloud.alqueria.es\/wp-content\/uploads\/sites\/6\/2025\/04\/WhatsApp-Image-2025-04-04-at-13.28.50-1-1152x1536.jpeg 1152w\" sizes=\"(max-width: 1200px) 100vw, 1200px\" data-attachment-id=\"40779\" data-permalink=\"https:\/\/www.alqueria.es\/blogs\/alqueriaprimerciclo\/2025\/04\/05\/nos-acercamos-a-la-recta-final\/whatsapp-image-2025-04-04-at-13-28-50-1\/\" data-orig-file=\"https:\/\/cloud.alqueria.es\/wp-content\/uploads\/sites\/6\/2025\/04\/WhatsApp-Image-2025-04-04-at-13.28.50-1.jpeg\" data-orig-size=\"1200,1600\" data-comments-opened=\"1\" data-image-meta=\"{&quot;aperture&quot;:&quot;0&quot;,&quot;credit&quot;:&quot;&quot;,&quot;camera&quot;:&quot;&quot;,&quot;caption&quot;:&quot;&quot;,&quot;created_timestamp&quot;:&quot;0&quot;,&quot;copyright&quot;:&quot;&quot;,&quot;focal_length&quot;:&quot;0&quot;,&quot;iso&quot;:&quot;0&quot;,&quot;shutter_speed&quot;:&quot;0&quot;,&quot;title&quot;:&quot;&quot;,&quot;orientation&quot;:&quot;0&quot;}\" data-image-title=\"WhatsApp Image 2025-04-04 at 13.28.50 (1)\" data-image-description=\"\" data-image-caption=\"\" data-large-file=\"https:\/\/cloud.alqueria.es\/wp-content\/uploads\/sites\/6\/2025\/04\/WhatsApp-Image-2025-04-04-at-13.28.50-1-768x1024.jpeg\" \/><\/a>\n\t\t\t<\/div><\/figure><figure class='gallery-item'>\n\t\t\t<div class='gallery-icon portrait'>\n\t\t\t\t<a href='https:\/\/www.alqueria.es\/blogs\/alqueriaprimerciclo\/2025\/04\/05\/nos-acercamos-a-la-recta-final\/whatsapp-image-2025-04-04-at-13-28-50\/'><img decoding=\"async\" width=\"1200\" height=\"1600\" src=\"https:\/\/cloud.alqueria.es\/wp-content\/uploads\/sites\/6\/2025\/04\/WhatsApp-Image-2025-04-04-at-13.28.50.jpeg\" class=\"attachment-full size-full\" alt=\"\" srcset=\"https:\/\/cloud.alqueria.es\/wp-content\/uploads\/sites\/6\/2025\/04\/WhatsApp-Image-2025-04-04-at-13.28.50.jpeg 1200w, https:\/\/cloud.alqueria.es\/wp-content\/uploads\/sites\/6\/2025\/04\/WhatsApp-Image-2025-04-04-at-13.28.50-225x300.jpeg 225w, https:\/\/cloud.alqueria.es\/wp-content\/uploads\/sites\/6\/2025\/04\/WhatsApp-Image-2025-04-04-at-13.28.50-768x1024.jpeg 768w, https:\/\/cloud.alqueria.es\/wp-content\/uploads\/sites\/6\/2025\/04\/WhatsApp-Image-2025-04-04-at-13.28.50-1152x1536.jpeg 1152w\" sizes=\"(max-width: 1200px) 100vw, 1200px\" data-attachment-id=\"40780\" data-permalink=\"https:\/\/www.alqueria.es\/blogs\/alqueriaprimerciclo\/2025\/04\/05\/nos-acercamos-a-la-recta-final\/whatsapp-image-2025-04-04-at-13-28-50\/\" data-orig-file=\"https:\/\/cloud.alqueria.es\/wp-content\/uploads\/sites\/6\/2025\/04\/WhatsApp-Image-2025-04-04-at-13.28.50.jpeg\" data-orig-size=\"1200,1600\" data-comments-opened=\"1\" data-image-meta=\"{&quot;aperture&quot;:&quot;0&quot;,&quot;credit&quot;:&quot;&quot;,&quot;camera&quot;:&quot;&quot;,&quot;caption&quot;:&quot;&quot;,&quot;created_timestamp&quot;:&quot;0&quot;,&quot;copyright&quot;:&quot;&quot;,&quot;focal_length&quot;:&quot;0&quot;,&quot;iso&quot;:&quot;0&quot;,&quot;shutter_speed&quot;:&quot;0&quot;,&quot;title&quot;:&quot;&quot;,&quot;orientation&quot;:&quot;0&quot;}\" data-image-title=\"WhatsApp Image 2025-04-04 at 13.28.50\" data-image-description=\"\" data-image-caption=\"\" data-large-file=\"https:\/\/cloud.alqueria.es\/wp-content\/uploads\/sites\/6\/2025\/04\/WhatsApp-Image-2025-04-04-at-13.28.50-768x1024.jpeg\" \/><\/a>\n\t\t\t<\/div><\/figure><figure class='gallery-item'>\n\t\t\t<div class='gallery-icon portrait'>\n\t\t\t\t<a href='https:\/\/www.alqueria.es\/blogs\/alqueriaprimerciclo\/2025\/04\/05\/nos-acercamos-a-la-recta-final\/whatsapp-image-2025-04-04-at-13-28-51\/'><img decoding=\"async\" width=\"1200\" height=\"1600\" src=\"https:\/\/cloud.alqueria.es\/wp-content\/uploads\/sites\/6\/2025\/04\/WhatsApp-Image-2025-04-04-at-13.28.51.jpeg\" class=\"attachment-full size-full\" alt=\"\" srcset=\"https:\/\/cloud.alqueria.es\/wp-content\/uploads\/sites\/6\/2025\/04\/WhatsApp-Image-2025-04-04-at-13.28.51.jpeg 1200w, https:\/\/cloud.alqueria.es\/wp-content\/uploads\/sites\/6\/2025\/04\/WhatsApp-Image-2025-04-04-at-13.28.51-225x300.jpeg 225w, https:\/\/cloud.alqueria.es\/wp-content\/uploads\/sites\/6\/2025\/04\/WhatsApp-Image-2025-04-04-at-13.28.51-768x1024.jpeg 768w, https:\/\/cloud.alqueria.es\/wp-content\/uploads\/sites\/6\/2025\/04\/WhatsApp-Image-2025-04-04-at-13.28.51-1152x1536.jpeg 1152w\" sizes=\"(max-width: 1200px) 100vw, 1200px\" data-attachment-id=\"40784\" data-permalink=\"https:\/\/www.alqueria.es\/blogs\/alqueriaprimerciclo\/2025\/04\/05\/nos-acercamos-a-la-recta-final\/whatsapp-image-2025-04-04-at-13-28-51\/\" data-orig-file=\"https:\/\/cloud.alqueria.es\/wp-content\/uploads\/sites\/6\/2025\/04\/WhatsApp-Image-2025-04-04-at-13.28.51.jpeg\" data-orig-size=\"1200,1600\" data-comments-opened=\"1\" data-image-meta=\"{&quot;aperture&quot;:&quot;0&quot;,&quot;credit&quot;:&quot;&quot;,&quot;camera&quot;:&quot;&quot;,&quot;caption&quot;:&quot;&quot;,&quot;created_timestamp&quot;:&quot;0&quot;,&quot;copyright&quot;:&quot;&quot;,&quot;focal_length&quot;:&quot;0&quot;,&quot;iso&quot;:&quot;0&quot;,&quot;shutter_speed&quot;:&quot;0&quot;,&quot;title&quot;:&quot;&quot;,&quot;orientation&quot;:&quot;0&quot;}\" data-image-title=\"WhatsApp Image 2025-04-04 at 13.28.51\" data-image-description=\"\" data-image-caption=\"\" data-large-file=\"https:\/\/cloud.alqueria.es\/wp-content\/uploads\/sites\/6\/2025\/04\/WhatsApp-Image-2025-04-04-at-13.28.51-768x1024.jpeg\" \/><\/a>\n\t\t\t<\/div><\/figure><figure class='gallery-item'>\n\t\t\t<div class='gallery-icon portrait'>\n\t\t\t\t<a href='https:\/\/www.alqueria.es\/blogs\/alqueriaprimerciclo\/2025\/04\/05\/nos-acercamos-a-la-recta-final\/whatsapp-image-2025-04-04-at-13-28-51-1\/'><img decoding=\"async\" width=\"1200\" height=\"1600\" src=\"https:\/\/cloud.alqueria.es\/wp-content\/uploads\/sites\/6\/2025\/04\/WhatsApp-Image-2025-04-04-at-13.28.51-1.jpeg\" class=\"attachment-full size-full\" alt=\"\" srcset=\"https:\/\/cloud.alqueria.es\/wp-content\/uploads\/sites\/6\/2025\/04\/WhatsApp-Image-2025-04-04-at-13.28.51-1.jpeg 1200w, https:\/\/cloud.alqueria.es\/wp-content\/uploads\/sites\/6\/2025\/04\/WhatsApp-Image-2025-04-04-at-13.28.51-1-225x300.jpeg 225w, https:\/\/cloud.alqueria.es\/wp-content\/uploads\/sites\/6\/2025\/04\/WhatsApp-Image-2025-04-04-at-13.28.51-1-768x1024.jpeg 768w, https:\/\/cloud.alqueria.es\/wp-content\/uploads\/sites\/6\/2025\/04\/WhatsApp-Image-2025-04-04-at-13.28.51-1-1152x1536.jpeg 1152w\" sizes=\"(max-width: 1200px) 100vw, 1200px\" data-attachment-id=\"40783\" data-permalink=\"https:\/\/www.alqueria.es\/blogs\/alqueriaprimerciclo\/2025\/04\/05\/nos-acercamos-a-la-recta-final\/whatsapp-image-2025-04-04-at-13-28-51-1\/\" data-orig-file=\"https:\/\/cloud.alqueria.es\/wp-content\/uploads\/sites\/6\/2025\/04\/WhatsApp-Image-2025-04-04-at-13.28.51-1.jpeg\" data-orig-size=\"1200,1600\" data-comments-opened=\"1\" data-image-meta=\"{&quot;aperture&quot;:&quot;0&quot;,&quot;credit&quot;:&quot;&quot;,&quot;camera&quot;:&quot;&quot;,&quot;caption&quot;:&quot;&quot;,&quot;created_timestamp&quot;:&quot;0&quot;,&quot;copyright&quot;:&quot;&quot;,&quot;focal_length&quot;:&quot;0&quot;,&quot;iso&quot;:&quot;0&quot;,&quot;shutter_speed&quot;:&quot;0&quot;,&quot;title&quot;:&quot;&quot;,&quot;orientation&quot;:&quot;0&quot;}\" data-image-title=\"WhatsApp Image 2025-04-04 at 13.28.51 (1)\" data-image-description=\"\" data-image-caption=\"\" data-large-file=\"https:\/\/cloud.alqueria.es\/wp-content\/uploads\/sites\/6\/2025\/04\/WhatsApp-Image-2025-04-04-at-13.28.51-1-768x1024.jpeg\" \/><\/a>\n\t\t\t<\/div><\/figure><figure class='gallery-item'>\n\t\t\t<div class='gallery-icon portrait'>\n\t\t\t\t<a href='https:\/\/www.alqueria.es\/blogs\/alqueriaprimerciclo\/2025\/04\/05\/nos-acercamos-a-la-recta-final\/whatsapp-image-2025-04-04-at-13-28-51-2\/'><img decoding=\"async\" width=\"1200\" height=\"1600\" src=\"https:\/\/cloud.alqueria.es\/wp-content\/uploads\/sites\/6\/2025\/04\/WhatsApp-Image-2025-04-04-at-13.28.51-2.jpeg\" class=\"attachment-full size-full\" alt=\"\" srcset=\"https:\/\/cloud.alqueria.es\/wp-content\/uploads\/sites\/6\/2025\/04\/WhatsApp-Image-2025-04-04-at-13.28.51-2.jpeg 1200w, https:\/\/cloud.alqueria.es\/wp-content\/uploads\/sites\/6\/2025\/04\/WhatsApp-Image-2025-04-04-at-13.28.51-2-225x300.jpeg 225w, https:\/\/cloud.alqueria.es\/wp-content\/uploads\/sites\/6\/2025\/04\/WhatsApp-Image-2025-04-04-at-13.28.51-2-768x1024.jpeg 768w, https:\/\/cloud.alqueria.es\/wp-content\/uploads\/sites\/6\/2025\/04\/WhatsApp-Image-2025-04-04-at-13.28.51-2-1152x1536.jpeg 1152w\" sizes=\"(max-width: 1200px) 100vw, 1200px\" data-attachment-id=\"40782\" data-permalink=\"https:\/\/www.alqueria.es\/blogs\/alqueriaprimerciclo\/2025\/04\/05\/nos-acercamos-a-la-recta-final\/whatsapp-image-2025-04-04-at-13-28-51-2\/\" data-orig-file=\"https:\/\/cloud.alqueria.es\/wp-content\/uploads\/sites\/6\/2025\/04\/WhatsApp-Image-2025-04-04-at-13.28.51-2.jpeg\" data-orig-size=\"1200,1600\" data-comments-opened=\"1\" data-image-meta=\"{&quot;aperture&quot;:&quot;0&quot;,&quot;credit&quot;:&quot;&quot;,&quot;camera&quot;:&quot;&quot;,&quot;caption&quot;:&quot;&quot;,&quot;created_timestamp&quot;:&quot;0&quot;,&quot;copyright&quot;:&quot;&quot;,&quot;focal_length&quot;:&quot;0&quot;,&quot;iso&quot;:&quot;0&quot;,&quot;shutter_speed&quot;:&quot;0&quot;,&quot;title&quot;:&quot;&quot;,&quot;orientation&quot;:&quot;0&quot;}\" data-image-title=\"WhatsApp Image 2025-04-04 at 13.28.51 (2)\" data-image-description=\"\" data-image-caption=\"\" data-large-file=\"https:\/\/cloud.alqueria.es\/wp-content\/uploads\/sites\/6\/2025\/04\/WhatsApp-Image-2025-04-04-at-13.28.51-2-768x1024.jpeg\" \/><\/a>\n\t\t\t<\/div><\/figure><figure class='gallery-item'>\n\t\t\t<div class='gallery-icon portrait'>\n\t\t\t\t<a href='https:\/\/www.alqueria.es\/blogs\/alqueriaprimerciclo\/2025\/04\/05\/nos-acercamos-a-la-recta-final\/whatsapp-image-2025-04-04-at-13-28-51-3\/'><img decoding=\"async\" width=\"1200\" height=\"1600\" src=\"https:\/\/cloud.alqueria.es\/wp-content\/uploads\/sites\/6\/2025\/04\/WhatsApp-Image-2025-04-04-at-13.28.51-3.jpeg\" class=\"attachment-full size-full\" alt=\"\" srcset=\"https:\/\/cloud.alqueria.es\/wp-content\/uploads\/sites\/6\/2025\/04\/WhatsApp-Image-2025-04-04-at-13.28.51-3.jpeg 1200w, https:\/\/cloud.alqueria.es\/wp-content\/uploads\/sites\/6\/2025\/04\/WhatsApp-Image-2025-04-04-at-13.28.51-3-225x300.jpeg 225w, https:\/\/cloud.alqueria.es\/wp-content\/uploads\/sites\/6\/2025\/04\/WhatsApp-Image-2025-04-04-at-13.28.51-3-768x1024.jpeg 768w, https:\/\/cloud.alqueria.es\/wp-content\/uploads\/sites\/6\/2025\/04\/WhatsApp-Image-2025-04-04-at-13.28.51-3-1152x1536.jpeg 1152w\" sizes=\"(max-width: 1200px) 100vw, 1200px\" data-attachment-id=\"40781\" data-permalink=\"https:\/\/www.alqueria.es\/blogs\/alqueriaprimerciclo\/2025\/04\/05\/nos-acercamos-a-la-recta-final\/whatsapp-image-2025-04-04-at-13-28-51-3\/\" data-orig-file=\"https:\/\/cloud.alqueria.es\/wp-content\/uploads\/sites\/6\/2025\/04\/WhatsApp-Image-2025-04-04-at-13.28.51-3.jpeg\" data-orig-size=\"1200,1600\" data-comments-opened=\"1\" data-image-meta=\"{&quot;aperture&quot;:&quot;0&quot;,&quot;credit&quot;:&quot;&quot;,&quot;camera&quot;:&quot;&quot;,&quot;caption&quot;:&quot;&quot;,&quot;created_timestamp&quot;:&quot;0&quot;,&quot;copyright&quot;:&quot;&quot;,&quot;focal_length&quot;:&quot;0&quot;,&quot;iso&quot;:&quot;0&quot;,&quot;shutter_speed&quot;:&quot;0&quot;,&quot;title&quot;:&quot;&quot;,&quot;orientation&quot;:&quot;0&quot;}\" data-image-title=\"WhatsApp Image 2025-04-04 at 13.28.51 (3)\" data-image-description=\"\" data-image-caption=\"\" data-large-file=\"https:\/\/cloud.alqueria.es\/wp-content\/uploads\/sites\/6\/2025\/04\/WhatsApp-Image-2025-04-04-at-13.28.51-3-768x1024.jpeg\" \/><\/a>\n\t\t\t<\/div><\/figure>\n\t\t<\/div>\n\n<p>Hemos vivido una experiencia muy especial junto a los compa\u00f1eros y compa\u00f1eras de infantil: <strong>El vivero<\/strong>.<\/p>\n<p>Hace unos meses, los ni\u00f1os y ni\u00f1as de infantil comenzaron a cuidar con mucho mimo unas peque\u00f1as macetas plantadas por ellos mismo. D\u00eda tras d\u00eda, han regado, observado y acompa\u00f1ado el crecimiento de sus plantas, aprendiendo de forma pr\u00e1ctica sobre este aspecto, la paciencia y la responsabilidad.<\/p>\n<p>Ahora, con las plantas ya crecidas, el alumnado de Primaria ha sido invitado a visitar su \u201cpuesto de venta\u201d donde poder adquirir las macetas por un precio simb\u00f3lico de 1 o 2 euros.<\/p>\n<p>El dinero recaudado ser\u00e1 destinado a la compra de nuevos libros de lectura para el colegio, fomentando as\u00ed el amor por la naturaleza y por los libros tambi\u00e9n.<\/p>\n<div data-carousel-extra='{&quot;blog_id&quot;:6,&quot;permalink&quot;:&quot;https:\/\/www.alqueria.es\/blogs\/alqueriaprimerciclo\/2025\/04\/05\/nos-acercamos-a-la-recta-final\/&quot;}' id='gallery-5' class='gallery galleryid-40754 gallery-columns-3 gallery-size-full'><figure class='gallery-item'>\n\t\t\t<div class='gallery-icon portrait'>\n\t\t\t\t<a href='https:\/\/www.alqueria.es\/blogs\/alqueriaprimerciclo\/2025\/04\/05\/nos-acercamos-a-la-recta-final\/whatsapp-image-2025-04-04-at-13-28-54-3\/'><img decoding=\"async\" width=\"1200\" height=\"1600\" src=\"https:\/\/cloud.alqueria.es\/wp-content\/uploads\/sites\/6\/2025\/04\/WhatsApp-Image-2025-04-04-at-13.28.54-3.jpeg\" class=\"attachment-full size-full\" alt=\"\" srcset=\"https:\/\/cloud.alqueria.es\/wp-content\/uploads\/sites\/6\/2025\/04\/WhatsApp-Image-2025-04-04-at-13.28.54-3.jpeg 1200w, https:\/\/cloud.alqueria.es\/wp-content\/uploads\/sites\/6\/2025\/04\/WhatsApp-Image-2025-04-04-at-13.28.54-3-225x300.jpeg 225w, https:\/\/cloud.alqueria.es\/wp-content\/uploads\/sites\/6\/2025\/04\/WhatsApp-Image-2025-04-04-at-13.28.54-3-768x1024.jpeg 768w, https:\/\/cloud.alqueria.es\/wp-content\/uploads\/sites\/6\/2025\/04\/WhatsApp-Image-2025-04-04-at-13.28.54-3-1152x1536.jpeg 1152w\" sizes=\"(max-width: 1200px) 100vw, 1200px\" data-attachment-id=\"40792\" data-permalink=\"https:\/\/www.alqueria.es\/blogs\/alqueriaprimerciclo\/2025\/04\/05\/nos-acercamos-a-la-recta-final\/whatsapp-image-2025-04-04-at-13-28-54-3\/\" data-orig-file=\"https:\/\/cloud.alqueria.es\/wp-content\/uploads\/sites\/6\/2025\/04\/WhatsApp-Image-2025-04-04-at-13.28.54-3.jpeg\" data-orig-size=\"1200,1600\" data-comments-opened=\"1\" data-image-meta=\"{&quot;aperture&quot;:&quot;0&quot;,&quot;credit&quot;:&quot;&quot;,&quot;camera&quot;:&quot;&quot;,&quot;caption&quot;:&quot;&quot;,&quot;created_timestamp&quot;:&quot;0&quot;,&quot;copyright&quot;:&quot;&quot;,&quot;focal_length&quot;:&quot;0&quot;,&quot;iso&quot;:&quot;0&quot;,&quot;shutter_speed&quot;:&quot;0&quot;,&quot;title&quot;:&quot;&quot;,&quot;orientation&quot;:&quot;0&quot;}\" data-image-title=\"WhatsApp Image 2025-04-04 at 13.28.54 (3)\" data-image-description=\"\" data-image-caption=\"\" data-large-file=\"https:\/\/cloud.alqueria.es\/wp-content\/uploads\/sites\/6\/2025\/04\/WhatsApp-Image-2025-04-04-at-13.28.54-3-768x1024.jpeg\" \/><\/a>\n\t\t\t<\/div><\/figure><figure class='gallery-item'>\n\t\t\t<div class='gallery-icon landscape'>\n\t\t\t\t<a href='https:\/\/www.alqueria.es\/blogs\/alqueriaprimerciclo\/2025\/04\/05\/nos-acercamos-a-la-recta-final\/whatsapp-image-2025-04-04-at-13-28-53\/'><img decoding=\"async\" width=\"1600\" height=\"1200\" src=\"https:\/\/cloud.alqueria.es\/wp-content\/uploads\/sites\/6\/2025\/04\/WhatsApp-Image-2025-04-04-at-13.28.53.jpeg\" class=\"attachment-full size-full\" alt=\"\" srcset=\"https:\/\/cloud.alqueria.es\/wp-content\/uploads\/sites\/6\/2025\/04\/WhatsApp-Image-2025-04-04-at-13.28.53.jpeg 1600w, https:\/\/cloud.alqueria.es\/wp-content\/uploads\/sites\/6\/2025\/04\/WhatsApp-Image-2025-04-04-at-13.28.53-300x225.jpeg 300w, https:\/\/cloud.alqueria.es\/wp-content\/uploads\/sites\/6\/2025\/04\/WhatsApp-Image-2025-04-04-at-13.28.53-1024x768.jpeg 1024w, https:\/\/cloud.alqueria.es\/wp-content\/uploads\/sites\/6\/2025\/04\/WhatsApp-Image-2025-04-04-at-13.28.53-768x576.jpeg 768w, https:\/\/cloud.alqueria.es\/wp-content\/uploads\/sites\/6\/2025\/04\/WhatsApp-Image-2025-04-04-at-13.28.53-1536x1152.jpeg 1536w\" sizes=\"(max-width: 1600px) 100vw, 1600px\" data-attachment-id=\"40791\" data-permalink=\"https:\/\/www.alqueria.es\/blogs\/alqueriaprimerciclo\/2025\/04\/05\/nos-acercamos-a-la-recta-final\/whatsapp-image-2025-04-04-at-13-28-53\/\" data-orig-file=\"https:\/\/cloud.alqueria.es\/wp-content\/uploads\/sites\/6\/2025\/04\/WhatsApp-Image-2025-04-04-at-13.28.53.jpeg\" data-orig-size=\"1600,1200\" data-comments-opened=\"1\" data-image-meta=\"{&quot;aperture&quot;:&quot;0&quot;,&quot;credit&quot;:&quot;&quot;,&quot;camera&quot;:&quot;&quot;,&quot;caption&quot;:&quot;&quot;,&quot;created_timestamp&quot;:&quot;0&quot;,&quot;copyright&quot;:&quot;&quot;,&quot;focal_length&quot;:&quot;0&quot;,&quot;iso&quot;:&quot;0&quot;,&quot;shutter_speed&quot;:&quot;0&quot;,&quot;title&quot;:&quot;&quot;,&quot;orientation&quot;:&quot;0&quot;}\" data-image-title=\"WhatsApp Image 2025-04-04 at 13.28.53\" data-image-description=\"\" data-image-caption=\"\" data-large-file=\"https:\/\/cloud.alqueria.es\/wp-content\/uploads\/sites\/6\/2025\/04\/WhatsApp-Image-2025-04-04-at-13.28.53-1024x768.jpeg\" \/><\/a>\n\t\t\t<\/div><\/figure><figure class='gallery-item'>\n\t\t\t<div class='gallery-icon portrait'>\n\t\t\t\t<a href='https:\/\/www.alqueria.es\/blogs\/alqueriaprimerciclo\/2025\/04\/05\/nos-acercamos-a-la-recta-final\/whatsapp-image-2025-04-04-at-13-28-53-1\/'><img decoding=\"async\" width=\"1200\" height=\"1600\" src=\"https:\/\/cloud.alqueria.es\/wp-content\/uploads\/sites\/6\/2025\/04\/WhatsApp-Image-2025-04-04-at-13.28.53-1.jpeg\" class=\"attachment-full size-full\" alt=\"\" srcset=\"https:\/\/cloud.alqueria.es\/wp-content\/uploads\/sites\/6\/2025\/04\/WhatsApp-Image-2025-04-04-at-13.28.53-1.jpeg 1200w, https:\/\/cloud.alqueria.es\/wp-content\/uploads\/sites\/6\/2025\/04\/WhatsApp-Image-2025-04-04-at-13.28.53-1-225x300.jpeg 225w, https:\/\/cloud.alqueria.es\/wp-content\/uploads\/sites\/6\/2025\/04\/WhatsApp-Image-2025-04-04-at-13.28.53-1-768x1024.jpeg 768w, https:\/\/cloud.alqueria.es\/wp-content\/uploads\/sites\/6\/2025\/04\/WhatsApp-Image-2025-04-04-at-13.28.53-1-1152x1536.jpeg 1152w\" sizes=\"(max-width: 1200px) 100vw, 1200px\" data-attachment-id=\"40790\" data-permalink=\"https:\/\/www.alqueria.es\/blogs\/alqueriaprimerciclo\/2025\/04\/05\/nos-acercamos-a-la-recta-final\/whatsapp-image-2025-04-04-at-13-28-53-1\/\" data-orig-file=\"https:\/\/cloud.alqueria.es\/wp-content\/uploads\/sites\/6\/2025\/04\/WhatsApp-Image-2025-04-04-at-13.28.53-1.jpeg\" data-orig-size=\"1200,1600\" data-comments-opened=\"1\" data-image-meta=\"{&quot;aperture&quot;:&quot;0&quot;,&quot;credit&quot;:&quot;&quot;,&quot;camera&quot;:&quot;&quot;,&quot;caption&quot;:&quot;&quot;,&quot;created_timestamp&quot;:&quot;0&quot;,&quot;copyright&quot;:&quot;&quot;,&quot;focal_length&quot;:&quot;0&quot;,&quot;iso&quot;:&quot;0&quot;,&quot;shutter_speed&quot;:&quot;0&quot;,&quot;title&quot;:&quot;&quot;,&quot;orientation&quot;:&quot;0&quot;}\" data-image-title=\"WhatsApp Image 2025-04-04 at 13.28.53 (1)\" data-image-description=\"\" data-image-caption=\"\" data-large-file=\"https:\/\/cloud.alqueria.es\/wp-content\/uploads\/sites\/6\/2025\/04\/WhatsApp-Image-2025-04-04-at-13.28.53-1-768x1024.jpeg\" \/><\/a>\n\t\t\t<\/div><\/figure><figure class='gallery-item'>\n\t\t\t<div class='gallery-icon portrait'>\n\t\t\t\t<a href='https:\/\/www.alqueria.es\/blogs\/alqueriaprimerciclo\/2025\/04\/05\/nos-acercamos-a-la-recta-final\/whatsapp-image-2025-04-04-at-13-28-53-2\/'><img decoding=\"async\" width=\"1200\" height=\"1600\" src=\"https:\/\/cloud.alqueria.es\/wp-content\/uploads\/sites\/6\/2025\/04\/WhatsApp-Image-2025-04-04-at-13.28.53-2.jpeg\" class=\"attachment-full size-full\" alt=\"\" srcset=\"https:\/\/cloud.alqueria.es\/wp-content\/uploads\/sites\/6\/2025\/04\/WhatsApp-Image-2025-04-04-at-13.28.53-2.jpeg 1200w, https:\/\/cloud.alqueria.es\/wp-content\/uploads\/sites\/6\/2025\/04\/WhatsApp-Image-2025-04-04-at-13.28.53-2-225x300.jpeg 225w, https:\/\/cloud.alqueria.es\/wp-content\/uploads\/sites\/6\/2025\/04\/WhatsApp-Image-2025-04-04-at-13.28.53-2-768x1024.jpeg 768w, https:\/\/cloud.alqueria.es\/wp-content\/uploads\/sites\/6\/2025\/04\/WhatsApp-Image-2025-04-04-at-13.28.53-2-1152x1536.jpeg 1152w\" sizes=\"(max-width: 1200px) 100vw, 1200px\" data-attachment-id=\"40789\" data-permalink=\"https:\/\/www.alqueria.es\/blogs\/alqueriaprimerciclo\/2025\/04\/05\/nos-acercamos-a-la-recta-final\/whatsapp-image-2025-04-04-at-13-28-53-2\/\" data-orig-file=\"https:\/\/cloud.alqueria.es\/wp-content\/uploads\/sites\/6\/2025\/04\/WhatsApp-Image-2025-04-04-at-13.28.53-2.jpeg\" data-orig-size=\"1200,1600\" data-comments-opened=\"1\" data-image-meta=\"{&quot;aperture&quot;:&quot;0&quot;,&quot;credit&quot;:&quot;&quot;,&quot;camera&quot;:&quot;&quot;,&quot;caption&quot;:&quot;&quot;,&quot;created_timestamp&quot;:&quot;0&quot;,&quot;copyright&quot;:&quot;&quot;,&quot;focal_length&quot;:&quot;0&quot;,&quot;iso&quot;:&quot;0&quot;,&quot;shutter_speed&quot;:&quot;0&quot;,&quot;title&quot;:&quot;&quot;,&quot;orientation&quot;:&quot;0&quot;}\" data-image-title=\"WhatsApp Image 2025-04-04 at 13.28.53 (2)\" data-image-description=\"\" data-image-caption=\"\" data-large-file=\"https:\/\/cloud.alqueria.es\/wp-content\/uploads\/sites\/6\/2025\/04\/WhatsApp-Image-2025-04-04-at-13.28.53-2-768x1024.jpeg\" \/><\/a>\n\t\t\t<\/div><\/figure><figure class='gallery-item'>\n\t\t\t<div class='gallery-icon portrait'>\n\t\t\t\t<a href='https:\/\/www.alqueria.es\/blogs\/alqueriaprimerciclo\/2025\/04\/05\/nos-acercamos-a-la-recta-final\/whatsapp-image-2025-04-04-at-13-28-52\/'><img decoding=\"async\" width=\"1200\" height=\"1600\" src=\"https:\/\/cloud.alqueria.es\/wp-content\/uploads\/sites\/6\/2025\/04\/WhatsApp-Image-2025-04-04-at-13.28.52.jpeg\" class=\"attachment-full size-full\" alt=\"\" srcset=\"https:\/\/cloud.alqueria.es\/wp-content\/uploads\/sites\/6\/2025\/04\/WhatsApp-Image-2025-04-04-at-13.28.52.jpeg 1200w, https:\/\/cloud.alqueria.es\/wp-content\/uploads\/sites\/6\/2025\/04\/WhatsApp-Image-2025-04-04-at-13.28.52-225x300.jpeg 225w, https:\/\/cloud.alqueria.es\/wp-content\/uploads\/sites\/6\/2025\/04\/WhatsApp-Image-2025-04-04-at-13.28.52-768x1024.jpeg 768w, https:\/\/cloud.alqueria.es\/wp-content\/uploads\/sites\/6\/2025\/04\/WhatsApp-Image-2025-04-04-at-13.28.52-1152x1536.jpeg 1152w\" sizes=\"(max-width: 1200px) 100vw, 1200px\" data-attachment-id=\"40788\" data-permalink=\"https:\/\/www.alqueria.es\/blogs\/alqueriaprimerciclo\/2025\/04\/05\/nos-acercamos-a-la-recta-final\/whatsapp-image-2025-04-04-at-13-28-52\/\" data-orig-file=\"https:\/\/cloud.alqueria.es\/wp-content\/uploads\/sites\/6\/2025\/04\/WhatsApp-Image-2025-04-04-at-13.28.52.jpeg\" data-orig-size=\"1200,1600\" data-comments-opened=\"1\" data-image-meta=\"{&quot;aperture&quot;:&quot;0&quot;,&quot;credit&quot;:&quot;&quot;,&quot;camera&quot;:&quot;&quot;,&quot;caption&quot;:&quot;&quot;,&quot;created_timestamp&quot;:&quot;0&quot;,&quot;copyright&quot;:&quot;&quot;,&quot;focal_length&quot;:&quot;0&quot;,&quot;iso&quot;:&quot;0&quot;,&quot;shutter_speed&quot;:&quot;0&quot;,&quot;title&quot;:&quot;&quot;,&quot;orientation&quot;:&quot;0&quot;}\" data-image-title=\"WhatsApp Image 2025-04-04 at 13.28.52\" data-image-description=\"\" data-image-caption=\"\" data-large-file=\"https:\/\/cloud.alqueria.es\/wp-content\/uploads\/sites\/6\/2025\/04\/WhatsApp-Image-2025-04-04-at-13.28.52-768x1024.jpeg\" \/><\/a>\n\t\t\t<\/div><\/figure><figure class='gallery-item'>\n\t\t\t<div class='gallery-icon portrait'>\n\t\t\t\t<a href='https:\/\/www.alqueria.es\/blogs\/alqueriaprimerciclo\/2025\/04\/05\/nos-acercamos-a-la-recta-final\/whatsapp-image-2025-04-04-at-13-28-52-1\/'><img decoding=\"async\" width=\"1200\" height=\"1600\" src=\"https:\/\/cloud.alqueria.es\/wp-content\/uploads\/sites\/6\/2025\/04\/WhatsApp-Image-2025-04-04-at-13.28.52-1.jpeg\" class=\"attachment-full size-full\" alt=\"\" srcset=\"https:\/\/cloud.alqueria.es\/wp-content\/uploads\/sites\/6\/2025\/04\/WhatsApp-Image-2025-04-04-at-13.28.52-1.jpeg 1200w, https:\/\/cloud.alqueria.es\/wp-content\/uploads\/sites\/6\/2025\/04\/WhatsApp-Image-2025-04-04-at-13.28.52-1-225x300.jpeg 225w, https:\/\/cloud.alqueria.es\/wp-content\/uploads\/sites\/6\/2025\/04\/WhatsApp-Image-2025-04-04-at-13.28.52-1-768x1024.jpeg 768w, https:\/\/cloud.alqueria.es\/wp-content\/uploads\/sites\/6\/2025\/04\/WhatsApp-Image-2025-04-04-at-13.28.52-1-1152x1536.jpeg 1152w\" sizes=\"(max-width: 1200px) 100vw, 1200px\" data-attachment-id=\"40787\" data-permalink=\"https:\/\/www.alqueria.es\/blogs\/alqueriaprimerciclo\/2025\/04\/05\/nos-acercamos-a-la-recta-final\/whatsapp-image-2025-04-04-at-13-28-52-1\/\" data-orig-file=\"https:\/\/cloud.alqueria.es\/wp-content\/uploads\/sites\/6\/2025\/04\/WhatsApp-Image-2025-04-04-at-13.28.52-1.jpeg\" data-orig-size=\"1200,1600\" data-comments-opened=\"1\" data-image-meta=\"{&quot;aperture&quot;:&quot;0&quot;,&quot;credit&quot;:&quot;&quot;,&quot;camera&quot;:&quot;&quot;,&quot;caption&quot;:&quot;&quot;,&quot;created_timestamp&quot;:&quot;0&quot;,&quot;copyright&quot;:&quot;&quot;,&quot;focal_length&quot;:&quot;0&quot;,&quot;iso&quot;:&quot;0&quot;,&quot;shutter_speed&quot;:&quot;0&quot;,&quot;title&quot;:&quot;&quot;,&quot;orientation&quot;:&quot;0&quot;}\" data-image-title=\"WhatsApp Image 2025-04-04 at 13.28.52 (1)\" data-image-description=\"\" data-image-caption=\"\" data-large-file=\"https:\/\/cloud.alqueria.es\/wp-content\/uploads\/sites\/6\/2025\/04\/WhatsApp-Image-2025-04-04-at-13.28.52-1-768x1024.jpeg\" \/><\/a>\n\t\t\t<\/div><\/figure>\n\t\t<\/div>\n\n<p>Durante los \u00faltimos d\u00edas, el alumnado ha estado recopilando envases vac\u00edos de distintos l\u00edquidos: botellas de pl\u00e1sticos, cartones de zumo, botes\u2026 Todo ten\u00eda un prop\u00f3sito matem\u00e1tico muy divertido.<\/p>\n<p>En una actividad pr\u00e1ctica y llena de juegos, hemos seguido trabajando magnitudes, concretamente \u00a0el concepto de capacidad y c\u00f3mo se mide esta. A trav\u00e9s de din\u00e1micas entretenidas, hemos jugado \u00a0a:<\/p>\n<p>\u2022Ordenar los envases de menor a mayor seg\u00fan su capacidad, no por su tama\u00f1o.<\/p>\n<p>\u2022Sumar todas las cantidades que hab\u00edan reunido.<\/p>\n<p>\u2022Intentar formar un litro exacto combinando al menos dos envases diferentes.<\/p>\n<p>Ha sido una forma diferente de aprender matem\u00e1ticas: tocando, experimentando, resolviendo retos y, sobre todo, \u00a1pas\u00e1ndolo bien!<\/p>\n<div data-carousel-extra='{&quot;blog_id&quot;:6,&quot;permalink&quot;:&quot;https:\/\/www.alqueria.es\/blogs\/alqueriaprimerciclo\/2025\/04\/05\/nos-acercamos-a-la-recta-final\/&quot;}' id='gallery-6' class='gallery galleryid-40754 gallery-columns-3 gallery-size-full'><figure class='gallery-item'>\n\t\t\t<div class='gallery-icon portrait'>\n\t\t\t\t<a href='https:\/\/www.alqueria.es\/blogs\/alqueriaprimerciclo\/2025\/04\/05\/nos-acercamos-a-la-recta-final\/whatsapp-image-2025-04-04-at-13-28-54-2\/'><img decoding=\"async\" width=\"1200\" height=\"1600\" src=\"https:\/\/cloud.alqueria.es\/wp-content\/uploads\/sites\/6\/2025\/04\/WhatsApp-Image-2025-04-04-at-13.28.54-2.jpeg\" class=\"attachment-full size-full\" alt=\"\" srcset=\"https:\/\/cloud.alqueria.es\/wp-content\/uploads\/sites\/6\/2025\/04\/WhatsApp-Image-2025-04-04-at-13.28.54-2.jpeg 1200w, https:\/\/cloud.alqueria.es\/wp-content\/uploads\/sites\/6\/2025\/04\/WhatsApp-Image-2025-04-04-at-13.28.54-2-225x300.jpeg 225w, https:\/\/cloud.alqueria.es\/wp-content\/uploads\/sites\/6\/2025\/04\/WhatsApp-Image-2025-04-04-at-13.28.54-2-768x1024.jpeg 768w, https:\/\/cloud.alqueria.es\/wp-content\/uploads\/sites\/6\/2025\/04\/WhatsApp-Image-2025-04-04-at-13.28.54-2-1152x1536.jpeg 1152w\" sizes=\"(max-width: 1200px) 100vw, 1200px\" data-attachment-id=\"40793\" data-permalink=\"https:\/\/www.alqueria.es\/blogs\/alqueriaprimerciclo\/2025\/04\/05\/nos-acercamos-a-la-recta-final\/whatsapp-image-2025-04-04-at-13-28-54-2\/\" data-orig-file=\"https:\/\/cloud.alqueria.es\/wp-content\/uploads\/sites\/6\/2025\/04\/WhatsApp-Image-2025-04-04-at-13.28.54-2.jpeg\" data-orig-size=\"1200,1600\" data-comments-opened=\"1\" data-image-meta=\"{&quot;aperture&quot;:&quot;0&quot;,&quot;credit&quot;:&quot;&quot;,&quot;camera&quot;:&quot;&quot;,&quot;caption&quot;:&quot;&quot;,&quot;created_timestamp&quot;:&quot;0&quot;,&quot;copyright&quot;:&quot;&quot;,&quot;focal_length&quot;:&quot;0&quot;,&quot;iso&quot;:&quot;0&quot;,&quot;shutter_speed&quot;:&quot;0&quot;,&quot;title&quot;:&quot;&quot;,&quot;orientation&quot;:&quot;0&quot;}\" data-image-title=\"WhatsApp Image 2025-04-04 at 13.28.54 (2)\" data-image-description=\"\" data-image-caption=\"\" data-large-file=\"https:\/\/cloud.alqueria.es\/wp-content\/uploads\/sites\/6\/2025\/04\/WhatsApp-Image-2025-04-04-at-13.28.54-2-768x1024.jpeg\" \/><\/a>\n\t\t\t<\/div><\/figure><figure class='gallery-item'>\n\t\t\t<div class='gallery-icon portrait'>\n\t\t\t\t<a href='https:\/\/www.alqueria.es\/blogs\/alqueriaprimerciclo\/2025\/04\/05\/nos-acercamos-a-la-recta-final\/whatsapp-image-2025-04-04-at-13-28-54-1\/'><img decoding=\"async\" width=\"1200\" height=\"1600\" src=\"https:\/\/cloud.alqueria.es\/wp-content\/uploads\/sites\/6\/2025\/04\/WhatsApp-Image-2025-04-04-at-13.28.54-1.jpeg\" class=\"attachment-full size-full\" alt=\"\" srcset=\"https:\/\/cloud.alqueria.es\/wp-content\/uploads\/sites\/6\/2025\/04\/WhatsApp-Image-2025-04-04-at-13.28.54-1.jpeg 1200w, https:\/\/cloud.alqueria.es\/wp-content\/uploads\/sites\/6\/2025\/04\/WhatsApp-Image-2025-04-04-at-13.28.54-1-225x300.jpeg 225w, https:\/\/cloud.alqueria.es\/wp-content\/uploads\/sites\/6\/2025\/04\/WhatsApp-Image-2025-04-04-at-13.28.54-1-768x1024.jpeg 768w, https:\/\/cloud.alqueria.es\/wp-content\/uploads\/sites\/6\/2025\/04\/WhatsApp-Image-2025-04-04-at-13.28.54-1-1152x1536.jpeg 1152w\" sizes=\"(max-width: 1200px) 100vw, 1200px\" data-attachment-id=\"40794\" data-permalink=\"https:\/\/www.alqueria.es\/blogs\/alqueriaprimerciclo\/2025\/04\/05\/nos-acercamos-a-la-recta-final\/whatsapp-image-2025-04-04-at-13-28-54-1\/\" data-orig-file=\"https:\/\/cloud.alqueria.es\/wp-content\/uploads\/sites\/6\/2025\/04\/WhatsApp-Image-2025-04-04-at-13.28.54-1.jpeg\" data-orig-size=\"1200,1600\" data-comments-opened=\"1\" data-image-meta=\"{&quot;aperture&quot;:&quot;0&quot;,&quot;credit&quot;:&quot;&quot;,&quot;camera&quot;:&quot;&quot;,&quot;caption&quot;:&quot;&quot;,&quot;created_timestamp&quot;:&quot;0&quot;,&quot;copyright&quot;:&quot;&quot;,&quot;focal_length&quot;:&quot;0&quot;,&quot;iso&quot;:&quot;0&quot;,&quot;shutter_speed&quot;:&quot;0&quot;,&quot;title&quot;:&quot;&quot;,&quot;orientation&quot;:&quot;0&quot;}\" data-image-title=\"WhatsApp Image 2025-04-04 at 13.28.54 (1)\" data-image-description=\"\" data-image-caption=\"\" data-large-file=\"https:\/\/cloud.alqueria.es\/wp-content\/uploads\/sites\/6\/2025\/04\/WhatsApp-Image-2025-04-04-at-13.28.54-1-768x1024.jpeg\" \/><\/a>\n\t\t\t<\/div><\/figure><figure class='gallery-item'>\n\t\t\t<div class='gallery-icon portrait'>\n\t\t\t\t<a href='https:\/\/www.alqueria.es\/blogs\/alqueriaprimerciclo\/2025\/04\/05\/nos-acercamos-a-la-recta-final\/whatsapp-image-2025-04-04-at-13-28-54\/'><img decoding=\"async\" width=\"1200\" height=\"1600\" src=\"https:\/\/cloud.alqueria.es\/wp-content\/uploads\/sites\/6\/2025\/04\/WhatsApp-Image-2025-04-04-at-13.28.54.jpeg\" class=\"attachment-full size-full\" alt=\"\" srcset=\"https:\/\/cloud.alqueria.es\/wp-content\/uploads\/sites\/6\/2025\/04\/WhatsApp-Image-2025-04-04-at-13.28.54.jpeg 1200w, https:\/\/cloud.alqueria.es\/wp-content\/uploads\/sites\/6\/2025\/04\/WhatsApp-Image-2025-04-04-at-13.28.54-225x300.jpeg 225w, https:\/\/cloud.alqueria.es\/wp-content\/uploads\/sites\/6\/2025\/04\/WhatsApp-Image-2025-04-04-at-13.28.54-768x1024.jpeg 768w, https:\/\/cloud.alqueria.es\/wp-content\/uploads\/sites\/6\/2025\/04\/WhatsApp-Image-2025-04-04-at-13.28.54-1152x1536.jpeg 1152w\" sizes=\"(max-width: 1200px) 100vw, 1200px\" data-attachment-id=\"40795\" data-permalink=\"https:\/\/www.alqueria.es\/blogs\/alqueriaprimerciclo\/2025\/04\/05\/nos-acercamos-a-la-recta-final\/whatsapp-image-2025-04-04-at-13-28-54\/\" data-orig-file=\"https:\/\/cloud.alqueria.es\/wp-content\/uploads\/sites\/6\/2025\/04\/WhatsApp-Image-2025-04-04-at-13.28.54.jpeg\" data-orig-size=\"1200,1600\" data-comments-opened=\"1\" data-image-meta=\"{&quot;aperture&quot;:&quot;0&quot;,&quot;credit&quot;:&quot;&quot;,&quot;camera&quot;:&quot;&quot;,&quot;caption&quot;:&quot;&quot;,&quot;created_timestamp&quot;:&quot;0&quot;,&quot;copyright&quot;:&quot;&quot;,&quot;focal_length&quot;:&quot;0&quot;,&quot;iso&quot;:&quot;0&quot;,&quot;shutter_speed&quot;:&quot;0&quot;,&quot;title&quot;:&quot;&quot;,&quot;orientation&quot;:&quot;0&quot;}\" data-image-title=\"WhatsApp Image 2025-04-04 at 13.28.54\" data-image-description=\"\" data-image-caption=\"\" data-large-file=\"https:\/\/cloud.alqueria.es\/wp-content\/uploads\/sites\/6\/2025\/04\/WhatsApp-Image-2025-04-04-at-13.28.54-768x1024.jpeg\" \/><\/a>\n\t\t\t<\/div><\/figure><figure class='gallery-item'>\n\t\t\t<div class='gallery-icon portrait'>\n\t\t\t\t<a href='https:\/\/www.alqueria.es\/blogs\/alqueriaprimerciclo\/2025\/04\/05\/nos-acercamos-a-la-recta-final\/whatsapp-image-2025-04-04-at-13-28-55-2\/'><img decoding=\"async\" width=\"1200\" height=\"1600\" src=\"https:\/\/cloud.alqueria.es\/wp-content\/uploads\/sites\/6\/2025\/04\/WhatsApp-Image-2025-04-04-at-13.28.55-2.jpeg\" class=\"attachment-full size-full\" alt=\"\" srcset=\"https:\/\/cloud.alqueria.es\/wp-content\/uploads\/sites\/6\/2025\/04\/WhatsApp-Image-2025-04-04-at-13.28.55-2.jpeg 1200w, https:\/\/cloud.alqueria.es\/wp-content\/uploads\/sites\/6\/2025\/04\/WhatsApp-Image-2025-04-04-at-13.28.55-2-225x300.jpeg 225w, https:\/\/cloud.alqueria.es\/wp-content\/uploads\/sites\/6\/2025\/04\/WhatsApp-Image-2025-04-04-at-13.28.55-2-768x1024.jpeg 768w, https:\/\/cloud.alqueria.es\/wp-content\/uploads\/sites\/6\/2025\/04\/WhatsApp-Image-2025-04-04-at-13.28.55-2-1152x1536.jpeg 1152w\" sizes=\"(max-width: 1200px) 100vw, 1200px\" data-attachment-id=\"40796\" data-permalink=\"https:\/\/www.alqueria.es\/blogs\/alqueriaprimerciclo\/2025\/04\/05\/nos-acercamos-a-la-recta-final\/whatsapp-image-2025-04-04-at-13-28-55-2\/\" data-orig-file=\"https:\/\/cloud.alqueria.es\/wp-content\/uploads\/sites\/6\/2025\/04\/WhatsApp-Image-2025-04-04-at-13.28.55-2.jpeg\" data-orig-size=\"1200,1600\" data-comments-opened=\"1\" data-image-meta=\"{&quot;aperture&quot;:&quot;0&quot;,&quot;credit&quot;:&quot;&quot;,&quot;camera&quot;:&quot;&quot;,&quot;caption&quot;:&quot;&quot;,&quot;created_timestamp&quot;:&quot;0&quot;,&quot;copyright&quot;:&quot;&quot;,&quot;focal_length&quot;:&quot;0&quot;,&quot;iso&quot;:&quot;0&quot;,&quot;shutter_speed&quot;:&quot;0&quot;,&quot;title&quot;:&quot;&quot;,&quot;orientation&quot;:&quot;0&quot;}\" data-image-title=\"WhatsApp Image 2025-04-04 at 13.28.55 (2)\" data-image-description=\"\" data-image-caption=\"\" data-large-file=\"https:\/\/cloud.alqueria.es\/wp-content\/uploads\/sites\/6\/2025\/04\/WhatsApp-Image-2025-04-04-at-13.28.55-2-768x1024.jpeg\" \/><\/a>\n\t\t\t<\/div><\/figure><figure class='gallery-item'>\n\t\t\t<div class='gallery-icon portrait'>\n\t\t\t\t<a href='https:\/\/www.alqueria.es\/blogs\/alqueriaprimerciclo\/2025\/04\/05\/nos-acercamos-a-la-recta-final\/whatsapp-image-2025-04-04-at-13-28-55-1\/'><img decoding=\"async\" width=\"1200\" height=\"1600\" src=\"https:\/\/cloud.alqueria.es\/wp-content\/uploads\/sites\/6\/2025\/04\/WhatsApp-Image-2025-04-04-at-13.28.55-1.jpeg\" class=\"attachment-full size-full\" alt=\"\" srcset=\"https:\/\/cloud.alqueria.es\/wp-content\/uploads\/sites\/6\/2025\/04\/WhatsApp-Image-2025-04-04-at-13.28.55-1.jpeg 1200w, https:\/\/cloud.alqueria.es\/wp-content\/uploads\/sites\/6\/2025\/04\/WhatsApp-Image-2025-04-04-at-13.28.55-1-225x300.jpeg 225w, https:\/\/cloud.alqueria.es\/wp-content\/uploads\/sites\/6\/2025\/04\/WhatsApp-Image-2025-04-04-at-13.28.55-1-768x1024.jpeg 768w, https:\/\/cloud.alqueria.es\/wp-content\/uploads\/sites\/6\/2025\/04\/WhatsApp-Image-2025-04-04-at-13.28.55-1-1152x1536.jpeg 1152w\" sizes=\"(max-width: 1200px) 100vw, 1200px\" data-attachment-id=\"40797\" data-permalink=\"https:\/\/www.alqueria.es\/blogs\/alqueriaprimerciclo\/2025\/04\/05\/nos-acercamos-a-la-recta-final\/whatsapp-image-2025-04-04-at-13-28-55-1\/\" data-orig-file=\"https:\/\/cloud.alqueria.es\/wp-content\/uploads\/sites\/6\/2025\/04\/WhatsApp-Image-2025-04-04-at-13.28.55-1.jpeg\" data-orig-size=\"1200,1600\" data-comments-opened=\"1\" data-image-meta=\"{&quot;aperture&quot;:&quot;0&quot;,&quot;credit&quot;:&quot;&quot;,&quot;camera&quot;:&quot;&quot;,&quot;caption&quot;:&quot;&quot;,&quot;created_timestamp&quot;:&quot;0&quot;,&quot;copyright&quot;:&quot;&quot;,&quot;focal_length&quot;:&quot;0&quot;,&quot;iso&quot;:&quot;0&quot;,&quot;shutter_speed&quot;:&quot;0&quot;,&quot;title&quot;:&quot;&quot;,&quot;orientation&quot;:&quot;0&quot;}\" data-image-title=\"WhatsApp Image 2025-04-04 at 13.28.55 (1)\" data-image-description=\"\" data-image-caption=\"\" data-large-file=\"https:\/\/cloud.alqueria.es\/wp-content\/uploads\/sites\/6\/2025\/04\/WhatsApp-Image-2025-04-04-at-13.28.55-1-768x1024.jpeg\" \/><\/a>\n\t\t\t<\/div><\/figure><figure class='gallery-item'>\n\t\t\t<div class='gallery-icon portrait'>\n\t\t\t\t<a href='https:\/\/www.alqueria.es\/blogs\/alqueriaprimerciclo\/2025\/04\/05\/nos-acercamos-a-la-recta-final\/whatsapp-image-2025-04-04-at-13-28-55\/'><img decoding=\"async\" width=\"1200\" height=\"1600\" src=\"https:\/\/cloud.alqueria.es\/wp-content\/uploads\/sites\/6\/2025\/04\/WhatsApp-Image-2025-04-04-at-13.28.55.jpeg\" class=\"attachment-full size-full\" alt=\"\" srcset=\"https:\/\/cloud.alqueria.es\/wp-content\/uploads\/sites\/6\/2025\/04\/WhatsApp-Image-2025-04-04-at-13.28.55.jpeg 1200w, https:\/\/cloud.alqueria.es\/wp-content\/uploads\/sites\/6\/2025\/04\/WhatsApp-Image-2025-04-04-at-13.28.55-225x300.jpeg 225w, https:\/\/cloud.alqueria.es\/wp-content\/uploads\/sites\/6\/2025\/04\/WhatsApp-Image-2025-04-04-at-13.28.55-768x1024.jpeg 768w, https:\/\/cloud.alqueria.es\/wp-content\/uploads\/sites\/6\/2025\/04\/WhatsApp-Image-2025-04-04-at-13.28.55-1152x1536.jpeg 1152w\" sizes=\"(max-width: 1200px) 100vw, 1200px\" data-attachment-id=\"40798\" data-permalink=\"https:\/\/www.alqueria.es\/blogs\/alqueriaprimerciclo\/2025\/04\/05\/nos-acercamos-a-la-recta-final\/whatsapp-image-2025-04-04-at-13-28-55\/\" data-orig-file=\"https:\/\/cloud.alqueria.es\/wp-content\/uploads\/sites\/6\/2025\/04\/WhatsApp-Image-2025-04-04-at-13.28.55.jpeg\" data-orig-size=\"1200,1600\" data-comments-opened=\"1\" data-image-meta=\"{&quot;aperture&quot;:&quot;0&quot;,&quot;credit&quot;:&quot;&quot;,&quot;camera&quot;:&quot;&quot;,&quot;caption&quot;:&quot;&quot;,&quot;created_timestamp&quot;:&quot;0&quot;,&quot;copyright&quot;:&quot;&quot;,&quot;focal_length&quot;:&quot;0&quot;,&quot;iso&quot;:&quot;0&quot;,&quot;shutter_speed&quot;:&quot;0&quot;,&quot;title&quot;:&quot;&quot;,&quot;orientation&quot;:&quot;0&quot;}\" data-image-title=\"WhatsApp Image 2025-04-04 at 13.28.55\" data-image-description=\"\" data-image-caption=\"\" data-large-file=\"https:\/\/cloud.alqueria.es\/wp-content\/uploads\/sites\/6\/2025\/04\/WhatsApp-Image-2025-04-04-at-13.28.55-768x1024.jpeg\" \/><\/a>\n\t\t\t<\/div><\/figure><figure class='gallery-item'>\n\t\t\t<div class='gallery-icon portrait'>\n\t\t\t\t<a href='https:\/\/www.alqueria.es\/blogs\/alqueriaprimerciclo\/2025\/04\/05\/nos-acercamos-a-la-recta-final\/whatsapp-image-2025-04-04-at-13-28-56-2\/'><img decoding=\"async\" width=\"1200\" height=\"1600\" src=\"https:\/\/cloud.alqueria.es\/wp-content\/uploads\/sites\/6\/2025\/04\/WhatsApp-Image-2025-04-04-at-13.28.56-2.jpeg\" class=\"attachment-full size-full\" alt=\"\" srcset=\"https:\/\/cloud.alqueria.es\/wp-content\/uploads\/sites\/6\/2025\/04\/WhatsApp-Image-2025-04-04-at-13.28.56-2.jpeg 1200w, https:\/\/cloud.alqueria.es\/wp-content\/uploads\/sites\/6\/2025\/04\/WhatsApp-Image-2025-04-04-at-13.28.56-2-225x300.jpeg 225w, https:\/\/cloud.alqueria.es\/wp-content\/uploads\/sites\/6\/2025\/04\/WhatsApp-Image-2025-04-04-at-13.28.56-2-768x1024.jpeg 768w, https:\/\/cloud.alqueria.es\/wp-content\/uploads\/sites\/6\/2025\/04\/WhatsApp-Image-2025-04-04-at-13.28.56-2-1152x1536.jpeg 1152w\" sizes=\"(max-width: 1200px) 100vw, 1200px\" data-attachment-id=\"40799\" data-permalink=\"https:\/\/www.alqueria.es\/blogs\/alqueriaprimerciclo\/2025\/04\/05\/nos-acercamos-a-la-recta-final\/whatsapp-image-2025-04-04-at-13-28-56-2\/\" data-orig-file=\"https:\/\/cloud.alqueria.es\/wp-content\/uploads\/sites\/6\/2025\/04\/WhatsApp-Image-2025-04-04-at-13.28.56-2.jpeg\" data-orig-size=\"1200,1600\" data-comments-opened=\"1\" data-image-meta=\"{&quot;aperture&quot;:&quot;0&quot;,&quot;credit&quot;:&quot;&quot;,&quot;camera&quot;:&quot;&quot;,&quot;caption&quot;:&quot;&quot;,&quot;created_timestamp&quot;:&quot;0&quot;,&quot;copyright&quot;:&quot;&quot;,&quot;focal_length&quot;:&quot;0&quot;,&quot;iso&quot;:&quot;0&quot;,&quot;shutter_speed&quot;:&quot;0&quot;,&quot;title&quot;:&quot;&quot;,&quot;orientation&quot;:&quot;0&quot;}\" data-image-title=\"WhatsApp Image 2025-04-04 at 13.28.56 (2)\" data-image-description=\"\" data-image-caption=\"\" data-large-file=\"https:\/\/cloud.alqueria.es\/wp-content\/uploads\/sites\/6\/2025\/04\/WhatsApp-Image-2025-04-04-at-13.28.56-2-768x1024.jpeg\" \/><\/a>\n\t\t\t<\/div><\/figure><figure class='gallery-item'>\n\t\t\t<div class='gallery-icon portrait'>\n\t\t\t\t<a href='https:\/\/www.alqueria.es\/blogs\/alqueriaprimerciclo\/2025\/04\/05\/nos-acercamos-a-la-recta-final\/whatsapp-image-2025-04-04-at-13-28-56-1\/'><img decoding=\"async\" width=\"1200\" height=\"1600\" src=\"https:\/\/cloud.alqueria.es\/wp-content\/uploads\/sites\/6\/2025\/04\/WhatsApp-Image-2025-04-04-at-13.28.56-1.jpeg\" class=\"attachment-full size-full\" alt=\"\" srcset=\"https:\/\/cloud.alqueria.es\/wp-content\/uploads\/sites\/6\/2025\/04\/WhatsApp-Image-2025-04-04-at-13.28.56-1.jpeg 1200w, https:\/\/cloud.alqueria.es\/wp-content\/uploads\/sites\/6\/2025\/04\/WhatsApp-Image-2025-04-04-at-13.28.56-1-225x300.jpeg 225w, https:\/\/cloud.alqueria.es\/wp-content\/uploads\/sites\/6\/2025\/04\/WhatsApp-Image-2025-04-04-at-13.28.56-1-768x1024.jpeg 768w, https:\/\/cloud.alqueria.es\/wp-content\/uploads\/sites\/6\/2025\/04\/WhatsApp-Image-2025-04-04-at-13.28.56-1-1152x1536.jpeg 1152w\" sizes=\"(max-width: 1200px) 100vw, 1200px\" data-attachment-id=\"40800\" data-permalink=\"https:\/\/www.alqueria.es\/blogs\/alqueriaprimerciclo\/2025\/04\/05\/nos-acercamos-a-la-recta-final\/whatsapp-image-2025-04-04-at-13-28-56-1\/\" data-orig-file=\"https:\/\/cloud.alqueria.es\/wp-content\/uploads\/sites\/6\/2025\/04\/WhatsApp-Image-2025-04-04-at-13.28.56-1.jpeg\" data-orig-size=\"1200,1600\" data-comments-opened=\"1\" data-image-meta=\"{&quot;aperture&quot;:&quot;0&quot;,&quot;credit&quot;:&quot;&quot;,&quot;camera&quot;:&quot;&quot;,&quot;caption&quot;:&quot;&quot;,&quot;created_timestamp&quot;:&quot;0&quot;,&quot;copyright&quot;:&quot;&quot;,&quot;focal_length&quot;:&quot;0&quot;,&quot;iso&quot;:&quot;0&quot;,&quot;shutter_speed&quot;:&quot;0&quot;,&quot;title&quot;:&quot;&quot;,&quot;orientation&quot;:&quot;0&quot;}\" data-image-title=\"WhatsApp Image 2025-04-04 at 13.28.56 (1)\" data-image-description=\"\" data-image-caption=\"\" data-large-file=\"https:\/\/cloud.alqueria.es\/wp-content\/uploads\/sites\/6\/2025\/04\/WhatsApp-Image-2025-04-04-at-13.28.56-1-768x1024.jpeg\" \/><\/a>\n\t\t\t<\/div><\/figure><figure class='gallery-item'>\n\t\t\t<div class='gallery-icon portrait'>\n\t\t\t\t<a href='https:\/\/www.alqueria.es\/blogs\/alqueriaprimerciclo\/2025\/04\/05\/nos-acercamos-a-la-recta-final\/whatsapp-image-2025-04-04-at-13-28-56\/'><img decoding=\"async\" width=\"1200\" height=\"1600\" src=\"https:\/\/cloud.alqueria.es\/wp-content\/uploads\/sites\/6\/2025\/04\/WhatsApp-Image-2025-04-04-at-13.28.56.jpeg\" class=\"attachment-full size-full\" alt=\"\" srcset=\"https:\/\/cloud.alqueria.es\/wp-content\/uploads\/sites\/6\/2025\/04\/WhatsApp-Image-2025-04-04-at-13.28.56.jpeg 1200w, https:\/\/cloud.alqueria.es\/wp-content\/uploads\/sites\/6\/2025\/04\/WhatsApp-Image-2025-04-04-at-13.28.56-225x300.jpeg 225w, https:\/\/cloud.alqueria.es\/wp-content\/uploads\/sites\/6\/2025\/04\/WhatsApp-Image-2025-04-04-at-13.28.56-768x1024.jpeg 768w, https:\/\/cloud.alqueria.es\/wp-content\/uploads\/sites\/6\/2025\/04\/WhatsApp-Image-2025-04-04-at-13.28.56-1152x1536.jpeg 1152w\" sizes=\"(max-width: 1200px) 100vw, 1200px\" data-attachment-id=\"40801\" data-permalink=\"https:\/\/www.alqueria.es\/blogs\/alqueriaprimerciclo\/2025\/04\/05\/nos-acercamos-a-la-recta-final\/whatsapp-image-2025-04-04-at-13-28-56\/\" data-orig-file=\"https:\/\/cloud.alqueria.es\/wp-content\/uploads\/sites\/6\/2025\/04\/WhatsApp-Image-2025-04-04-at-13.28.56.jpeg\" data-orig-size=\"1200,1600\" data-comments-opened=\"1\" data-image-meta=\"{&quot;aperture&quot;:&quot;0&quot;,&quot;credit&quot;:&quot;&quot;,&quot;camera&quot;:&quot;&quot;,&quot;caption&quot;:&quot;&quot;,&quot;created_timestamp&quot;:&quot;0&quot;,&quot;copyright&quot;:&quot;&quot;,&quot;focal_length&quot;:&quot;0&quot;,&quot;iso&quot;:&quot;0&quot;,&quot;shutter_speed&quot;:&quot;0&quot;,&quot;title&quot;:&quot;&quot;,&quot;orientation&quot;:&quot;0&quot;}\" data-image-title=\"WhatsApp Image 2025-04-04 at 13.28.56\" data-image-description=\"\" data-image-caption=\"\" data-large-file=\"https:\/\/cloud.alqueria.es\/wp-content\/uploads\/sites\/6\/2025\/04\/WhatsApp-Image-2025-04-04-at-13.28.56-768x1024.jpeg\" \/><\/a>\n\t\t\t<\/div><\/figure><figure class='gallery-item'>\n\t\t\t<div class='gallery-icon portrait'>\n\t\t\t\t<a href='https:\/\/www.alqueria.es\/blogs\/alqueriaprimerciclo\/2025\/04\/05\/nos-acercamos-a-la-recta-final\/whatsapp-image-2025-04-04-at-13-28-57-2\/'><img decoding=\"async\" width=\"1200\" height=\"1600\" src=\"https:\/\/cloud.alqueria.es\/wp-content\/uploads\/sites\/6\/2025\/04\/WhatsApp-Image-2025-04-04-at-13.28.57-2.jpeg\" class=\"attachment-full size-full\" alt=\"\" srcset=\"https:\/\/cloud.alqueria.es\/wp-content\/uploads\/sites\/6\/2025\/04\/WhatsApp-Image-2025-04-04-at-13.28.57-2.jpeg 1200w, https:\/\/cloud.alqueria.es\/wp-content\/uploads\/sites\/6\/2025\/04\/WhatsApp-Image-2025-04-04-at-13.28.57-2-225x300.jpeg 225w, https:\/\/cloud.alqueria.es\/wp-content\/uploads\/sites\/6\/2025\/04\/WhatsApp-Image-2025-04-04-at-13.28.57-2-768x1024.jpeg 768w, https:\/\/cloud.alqueria.es\/wp-content\/uploads\/sites\/6\/2025\/04\/WhatsApp-Image-2025-04-04-at-13.28.57-2-1152x1536.jpeg 1152w\" sizes=\"(max-width: 1200px) 100vw, 1200px\" data-attachment-id=\"40802\" data-permalink=\"https:\/\/www.alqueria.es\/blogs\/alqueriaprimerciclo\/2025\/04\/05\/nos-acercamos-a-la-recta-final\/whatsapp-image-2025-04-04-at-13-28-57-2\/\" data-orig-file=\"https:\/\/cloud.alqueria.es\/wp-content\/uploads\/sites\/6\/2025\/04\/WhatsApp-Image-2025-04-04-at-13.28.57-2.jpeg\" data-orig-size=\"1200,1600\" data-comments-opened=\"1\" data-image-meta=\"{&quot;aperture&quot;:&quot;0&quot;,&quot;credit&quot;:&quot;&quot;,&quot;camera&quot;:&quot;&quot;,&quot;caption&quot;:&quot;&quot;,&quot;created_timestamp&quot;:&quot;0&quot;,&quot;copyright&quot;:&quot;&quot;,&quot;focal_length&quot;:&quot;0&quot;,&quot;iso&quot;:&quot;0&quot;,&quot;shutter_speed&quot;:&quot;0&quot;,&quot;title&quot;:&quot;&quot;,&quot;orientation&quot;:&quot;0&quot;}\" data-image-title=\"WhatsApp Image 2025-04-04 at 13.28.57 (2)\" data-image-description=\"\" data-image-caption=\"\" data-large-file=\"https:\/\/cloud.alqueria.es\/wp-content\/uploads\/sites\/6\/2025\/04\/WhatsApp-Image-2025-04-04-at-13.28.57-2-768x1024.jpeg\" \/><\/a>\n\t\t\t<\/div><\/figure>\n\t\t<\/div>\n\n<p>Feliz fin de semana.<\/p>\n<p>Tatiana Molina -Tutora 2\u00ba EPO-<\/p>\n","protected":false},"excerpt":{"rendered":"<p>Comprobando nuestros trabajos trimestrales tomamos consciencia de todas las actividades y vivencias que hemos experimentado durante todo este trimestre. Hemos comenzado a revisarlos y ordenarlos para ir completando nuestra carpeta trimestral con la que adem\u00e1s de ver el grueso de lo trabajado, reflexionamos sobre nuestra evoluci\u00f3n en las diferentes \u00e1reas y aspectos integrales del d\u00eda &hellip; <a href=\"https:\/\/www.alqueria.es\/blogs\/alqueriaprimerciclo\/2025\/04\/05\/nos-acercamos-a-la-recta-final\/\" class=\"more-link\">Seguir leyendo <span class=\"screen-reader-text\">Nos acercamos a la recta final<\/span> <span class=\"meta-nav\">&rarr;<\/span><\/a><\/p>\n","protected":false},"author":12,"featured_media":0,"comment_status":"open","ping_status":"open","sticky":false,"template":"","format":"standard","meta":{"jetpack_post_was_ever_published":false,"_jetpack_newsletter_access":"","_jetpack_dont_email_post_to_subs":false,"_jetpack_newsletter_tier_id":0,"_jetpack_memberships_contains_paywalled_content":false,"_jetpack_memberships_contains_paid_content":false,"footnotes":"","jetpack_publicize_message":"","jetpack_publicize_feature_enabled":true,"jetpack_social_post_already_shared":true,"jetpack_social_options":{"image_generator_settings":{"template":"highway","default_image_id":0,"font":"","enabled":false},"version":2}},"categories":[3,190,174,236,11,219,15,1],"tags":[147,37,53,112],"class_list":["post-40754","post","type-post","status-publish","format-standard","hentry","category-2o-epo","category-aventura-en-alqueria","category-conferencias","category-emprendimiento","category-juega-y-aprende","category-matematicas","category-matematicas-2o","category-sin-categoria","tag-aprendemos-de-otra-manera","tag-conferencias","tag-las-plantas","tag-matematicas"],"jetpack_publicize_connections":[],"jetpack_featured_media_url":"","jetpack_sharing_enabled":true,"jetpack_shortlink":"https:\/\/wp.me\/p4lvS0-aBk","_links":{"self":[{"href":"https:\/\/www.alqueria.es\/blogs\/alqueriaprimerciclo\/wp-json\/wp\/v2\/posts\/40754","targetHints":{"allow":["GET"]}}],"collection":[{"href":"https:\/\/www.alqueria.es\/blogs\/alqueriaprimerciclo\/wp-json\/wp\/v2\/posts"}],"about":[{"href":"https:\/\/www.alqueria.es\/blogs\/alqueriaprimerciclo\/wp-json\/wp\/v2\/types\/post"}],"author":[{"embeddable":true,"href":"https:\/\/www.alqueria.es\/blogs\/alqueriaprimerciclo\/wp-json\/wp\/v2\/users\/12"}],"replies":[{"embeddable":true,"href":"https:\/\/www.alqueria.es\/blogs\/alqueriaprimerciclo\/wp-json\/wp\/v2\/comments?post=40754"}],"version-history":[{"count":7,"href":"https:\/\/www.alqueria.es\/blogs\/alqueriaprimerciclo\/wp-json\/wp\/v2\/posts\/40754\/revisions"}],"predecessor-version":[{"id":40810,"href":"https:\/\/www.alqueria.es\/blogs\/alqueriaprimerciclo\/wp-json\/wp\/v2\/posts\/40754\/revisions\/40810"}],"wp:attachment":[{"href":"https:\/\/www.alqueria.es\/blogs\/alqueriaprimerciclo\/wp-json\/wp\/v2\/media?parent=40754"}],"wp:term":[{"taxonomy":"category","embeddable":true,"href":"https:\/\/www.alqueria.es\/blogs\/alqueriaprimerciclo\/wp-json\/wp\/v2\/categories?post=40754"},{"taxonomy":"post_tag","embeddable":true,"href":"https:\/\/www.alqueria.es\/blogs\/alqueriaprimerciclo\/wp-json\/wp\/v2\/tags?post=40754"}],"curies":[{"name":"wp","href":"https:\/\/api.w.org\/{rel}","templated":true}]}}