{"id":417,"date":"2012-05-18T10:04:30","date_gmt":"2012-05-18T10:04:30","guid":{"rendered":"http:\/\/alqueriaprimerciclo.wordpress.com\/?p=417"},"modified":"2012-05-18T10:04:30","modified_gmt":"2012-05-18T10:04:30","slug":"conferencia-los-fosiles","status":"publish","type":"post","link":"https:\/\/www.alqueria.es\/blogs\/alqueriaprimerciclo\/2012\/05\/18\/conferencia-los-fosiles\/","title":{"rendered":"CONFERENCIA: LOS F\u00d3SILES"},"content":{"rendered":"<p>Luis, con su conferencia sobre\u00a0 los f\u00f3siles, nos ha informado c\u00f3mo se forman y recuperan, el trabajo de los paleont\u00f3logos&#8230;<\/p>\n<p>Por unos momentos hemos realizado una excavaci\u00f3n arqueol\u00f3gica, el hallazgo de dientes afilados nos ha trasladado a la prehistoria.<\/p>\n<p>De recuerdo se llevan los dientes encontrados.<\/p>\n<p>En este enlace pod\u00e9is ver la presentaci\u00f3n de la conferencia.<\/p>\n<p>\u00a1\u00a1\u00a1Muy interesante!!!<\/p>\n<div class=\"a25-CTUOC-hidding-box\" data-original-content=\"&lt;iframe title=&quot;Los f\u00f3siles 2012&quot; src=&quot;https:\/\/www.slideshare.net\/slideshow\/embed_code\/key\/kT7IAuYKCj071V&quot; width=&quot;427&quot; height=&quot;356&quot; frameborder=&quot;0&quot; marginwidth=&quot;0&quot; marginheight=&quot;0&quot; scrolling=&quot;no&quot; style=&quot;border:1px solid #CCC; border-width:1px; margin-bottom:5px; max-width: 100%;&quot; allowfullscreen&gt; &lt;\/iframe&gt;\">Esta p\u00e1gina incluye contenido multimedia que requiere aceptar todas las cookies. Pulse aqu\u00ed para abrir la configuraci\u00f3n de cookies.<\/div>\n<div style=\"margin-bottom:5px\"> <strong> <a href=\"https:\/\/es.slideshare.net\/Isabelrolo\/los-fsiles-2012-12981906\" title=\"Los f\u00f3siles 2012\" target=\"_blank\">Los f\u00f3siles 2012<\/a> <\/strong> from <strong><a href=\"https:\/\/www.slideshare.net\/Isabelrolo\" target=\"_blank\">Isabelrolo<\/a><\/strong> <\/div>\n","protected":false},"excerpt":{"rendered":"<p>Luis, con su conferencia sobre\u00a0 los f\u00f3siles, nos ha informado c\u00f3mo se forman y recuperan, el trabajo de los paleont\u00f3logos&#8230; Por unos momentos hemos realizado una excavaci\u00f3n arqueol\u00f3gica, el hallazgo de dientes afilados nos ha trasladado a la prehistoria. De recuerdo se llevan los dientes encontrados. En este enlace pod\u00e9is ver la presentaci\u00f3n de la &hellip; <a href=\"https:\/\/www.alqueria.es\/blogs\/alqueriaprimerciclo\/2012\/05\/18\/conferencia-los-fosiles\/\" class=\"more-link\">Seguir leyendo <span class=\"screen-reader-text\">CONFERENCIA: LOS F\u00d3SILES<\/span> <span class=\"meta-nav\">&rarr;<\/span><\/a><\/p>\n","protected":false},"author":10,"featured_media":0,"comment_status":"open","ping_status":"open","sticky":false,"template":"","format":"standard","meta":{"jetpack_post_was_ever_published":false,"_jetpack_newsletter_access":"","_jetpack_dont_email_post_to_subs":false,"_jetpack_newsletter_tier_id":0,"_jetpack_memberships_contains_paywalled_content":false,"_jetpack_memberships_contains_paid_content":false,"footnotes":"","jetpack_publicize_message":"","jetpack_publicize_feature_enabled":true,"jetpack_social_post_already_shared":false,"jetpack_social_options":{"image_generator_settings":{"template":"highway","default_image_id":0,"font":"","enabled":false},"version":2}},"categories":[3,9],"tags":[],"class_list":["post-417","post","type-post","status-publish","format-standard","hentry","category-2o-epo","category-diario-de-clase-2o"],"jetpack_publicize_connections":[],"jetpack_featured_media_url":"","jetpack_sharing_enabled":true,"jetpack_shortlink":"https:\/\/wp.me\/p4lvS0-6J","_links":{"self":[{"href":"https:\/\/www.alqueria.es\/blogs\/alqueriaprimerciclo\/wp-json\/wp\/v2\/posts\/417","targetHints":{"allow":["GET"]}}],"collection":[{"href":"https:\/\/www.alqueria.es\/blogs\/alqueriaprimerciclo\/wp-json\/wp\/v2\/posts"}],"about":[{"href":"https:\/\/www.alqueria.es\/blogs\/alqueriaprimerciclo\/wp-json\/wp\/v2\/types\/post"}],"author":[{"embeddable":true,"href":"https:\/\/www.alqueria.es\/blogs\/alqueriaprimerciclo\/wp-json\/wp\/v2\/users\/10"}],"replies":[{"embeddable":true,"href":"https:\/\/www.alqueria.es\/blogs\/alqueriaprimerciclo\/wp-json\/wp\/v2\/comments?post=417"}],"version-history":[{"count":0,"href":"https:\/\/www.alqueria.es\/blogs\/alqueriaprimerciclo\/wp-json\/wp\/v2\/posts\/417\/revisions"}],"wp:attachment":[{"href":"https:\/\/www.alqueria.es\/blogs\/alqueriaprimerciclo\/wp-json\/wp\/v2\/media?parent=417"}],"wp:term":[{"taxonomy":"category","embeddable":true,"href":"https:\/\/www.alqueria.es\/blogs\/alqueriaprimerciclo\/wp-json\/wp\/v2\/categories?post=417"},{"taxonomy":"post_tag","embeddable":true,"href":"https:\/\/www.alqueria.es\/blogs\/alqueriaprimerciclo\/wp-json\/wp\/v2\/tags?post=417"}],"curies":[{"name":"wp","href":"https:\/\/api.w.org\/{rel}","templated":true}]}}