{"id":4279,"date":"2014-01-20T15:56:36","date_gmt":"2014-01-20T15:56:36","guid":{"rendered":"http:\/\/alqueriaprimerciclo.wordpress.com\/?p=4279"},"modified":"2014-01-20T15:56:36","modified_gmt":"2014-01-20T15:56:36","slug":"las-estrellas","status":"publish","type":"post","link":"https:\/\/www.alqueria.es\/blogs\/alqueriaprimerciclo\/2014\/01\/20\/las-estrellas\/","title":{"rendered":"Las estrellas"},"content":{"rendered":"<p><span style=\"color:#993300\">CONFERENCIA<\/span><\/p>\n<p>Ana nos ha transmitido informaci\u00f3n \u00a0sorprendentes sobre las estrellas .<\/p>\n<p>Ha quedado \u00a0muy claro que el sol es una estrella y que no es las mas grandes, pero s\u00ed de las que est\u00e1n m\u00e1s cerca.<\/p>\n<p>Nos ha gustado mucho hacer nuestra propia constelaci\u00f3n y ponerle nombre .<\/p>\n<p>Hemos realizado una bonita c\u00fapula celestial con la composici\u00f3n de \u00a0estrellas.<\/p>\n<p>Las galletas estrella estaban riqu\u00edsimassss.<\/p>\n<p style=\"text-align:center\"><img decoding=\"async\" data-attachment-id=\"4286\" data-permalink=\"https:\/\/www.alqueria.es\/blogs\/alqueriaprimerciclo\/2014\/01\/20\/las-estrellas\/dsc08522\/\" data-orig-file=\"https:\/\/www.alqueria.es\/blogs\/alqueriaprimerciclo\/wp-content\/uploads\/sites\/6\/2014\/01\/dsc08522.jpg\" data-orig-size=\"1024,768\" data-comments-opened=\"1\" data-image-meta=\"{&quot;aperture&quot;:&quot;0&quot;,&quot;credit&quot;:&quot;&quot;,&quot;camera&quot;:&quot;&quot;,&quot;caption&quot;:&quot;&quot;,&quot;created_timestamp&quot;:&quot;0&quot;,&quot;copyright&quot;:&quot;&quot;,&quot;focal_length&quot;:&quot;0&quot;,&quot;iso&quot;:&quot;0&quot;,&quot;shutter_speed&quot;:&quot;0&quot;,&quot;title&quot;:&quot;&quot;}\" data-image-title=\"DSC08522\" data-image-description=\"\" data-image-caption=\"\" data-large-file=\"https:\/\/www.alqueria.es\/blogs\/alqueriaprimerciclo\/wp-content\/uploads\/sites\/6\/2014\/01\/dsc08522-1024x768.jpg\" class=\"wp-image-4286 alignleft\" alt=\"DSC08522\" src=\"https:\/\/cloud.alqueria.es\/wp-content\/uploads\/sites\/6\/2014\/01\/dsc08522.jpg?w=300\" width=\"202\" height=\"171\" \/><a href=\"https:\/\/cloud.alqueria.es\/wp-content\/uploads\/sites\/6\/2014\/01\/dsc08521-e1389978222611.jpg\"><img decoding=\"async\" data-attachment-id=\"4287\" data-permalink=\"https:\/\/www.alqueria.es\/blogs\/alqueriaprimerciclo\/2014\/01\/20\/las-estrellas\/dsc08521\/\" data-orig-file=\"https:\/\/www.alqueria.es\/blogs\/alqueriaprimerciclo\/wp-content\/uploads\/sites\/6\/2014\/01\/dsc08521-e1389978222611.jpg\" data-orig-size=\"1024,768\" data-comments-opened=\"1\" data-image-meta=\"{&quot;aperture&quot;:&quot;0&quot;,&quot;credit&quot;:&quot;&quot;,&quot;camera&quot;:&quot;&quot;,&quot;caption&quot;:&quot;&quot;,&quot;created_timestamp&quot;:&quot;0&quot;,&quot;copyright&quot;:&quot;&quot;,&quot;focal_length&quot;:&quot;0&quot;,&quot;iso&quot;:&quot;0&quot;,&quot;shutter_speed&quot;:&quot;0&quot;,&quot;title&quot;:&quot;&quot;}\" data-image-title=\"DSC08521\" data-image-description=\"\" data-image-caption=\"\" data-large-file=\"https:\/\/www.alqueria.es\/blogs\/alqueriaprimerciclo\/wp-content\/uploads\/sites\/6\/2014\/01\/dsc08521-e1389978222611-1024x768.jpg\" class=\"wp-image-4287 alignright\" alt=\"DSC08521\" src=\"https:\/\/cloud.alqueria.es\/wp-content\/uploads\/sites\/6\/2014\/01\/dsc08521-e1389978222611.jpg?w=300\" width=\"237\" height=\"181\" \/><\/a><img decoding=\"async\" class=\"aligncenter\" style=\"width:201px;height:181px\" alt=\"DSC08520\" src=\"https:\/\/cloud.alqueria.es\/wp-content\/uploads\/sites\/6\/2014\/01\/dsc08520.jpg?w=225\" width=\"238\" height=\"196\" \/><\/p>\n<h3><span style=\"color:#ff0000\">Matem\u00e1ticas<\/span><\/h3>\n<p>Aprovechamos los \u00a0caramelos de los reyes magos para contar por decenas. Cada grupo ha contado mas de 100 caramelos para lo que han tenido que organizarse y utilizar el recurso de agrupaci\u00f3n.<\/p>\n<p>Como recompensa por el trabajo bien hecho hemos podido comer algunos.<\/p>\n<p><span style=\"color:#800080\">Lengua<\/span><\/p>\n<p>Os recomiendo la p\u00e1gina de lectura de los recursos tic para practicar la rapidez y comprensi\u00f3n lectora.<\/p>\n","protected":false},"excerpt":{"rendered":"<p>CONFERENCIA Ana nos ha transmitido informaci\u00f3n \u00a0sorprendentes sobre las estrellas . Ha quedado \u00a0muy claro que el sol es una estrella y que no es las mas grandes, pero s\u00ed de las que est\u00e1n m\u00e1s cerca. Nos ha gustado mucho hacer nuestra propia constelaci\u00f3n y ponerle nombre . Hemos realizado una bonita c\u00fapula celestial con &hellip; <a href=\"https:\/\/www.alqueria.es\/blogs\/alqueriaprimerciclo\/2014\/01\/20\/las-estrellas\/\" class=\"more-link\">Seguir leyendo <span class=\"screen-reader-text\">Las estrellas<\/span> <span class=\"meta-nav\">&rarr;<\/span><\/a><\/p>\n","protected":false},"author":12,"featured_media":0,"comment_status":"open","ping_status":"open","sticky":false,"template":"","format":"standard","meta":{"jetpack_post_was_ever_published":false,"_jetpack_newsletter_access":"","_jetpack_dont_email_post_to_subs":false,"_jetpack_newsletter_tier_id":0,"_jetpack_memberships_contains_paywalled_content":false,"_jetpack_memberships_contains_paid_content":false,"footnotes":"","jetpack_publicize_message":"","jetpack_publicize_feature_enabled":true,"jetpack_social_post_already_shared":false,"jetpack_social_options":{"image_generator_settings":{"template":"highway","default_image_id":0,"font":"","enabled":false},"version":2}},"categories":[17],"tags":[],"class_list":["post-4279","post","type-post","status-publish","format-standard","hentry","category-noticias"],"jetpack_publicize_connections":[],"jetpack_featured_media_url":"","jetpack_sharing_enabled":true,"jetpack_shortlink":"https:\/\/wp.me\/p4lvS0-171","_links":{"self":[{"href":"https:\/\/www.alqueria.es\/blogs\/alqueriaprimerciclo\/wp-json\/wp\/v2\/posts\/4279","targetHints":{"allow":["GET"]}}],"collection":[{"href":"https:\/\/www.alqueria.es\/blogs\/alqueriaprimerciclo\/wp-json\/wp\/v2\/posts"}],"about":[{"href":"https:\/\/www.alqueria.es\/blogs\/alqueriaprimerciclo\/wp-json\/wp\/v2\/types\/post"}],"author":[{"embeddable":true,"href":"https:\/\/www.alqueria.es\/blogs\/alqueriaprimerciclo\/wp-json\/wp\/v2\/users\/12"}],"replies":[{"embeddable":true,"href":"https:\/\/www.alqueria.es\/blogs\/alqueriaprimerciclo\/wp-json\/wp\/v2\/comments?post=4279"}],"version-history":[{"count":0,"href":"https:\/\/www.alqueria.es\/blogs\/alqueriaprimerciclo\/wp-json\/wp\/v2\/posts\/4279\/revisions"}],"wp:attachment":[{"href":"https:\/\/www.alqueria.es\/blogs\/alqueriaprimerciclo\/wp-json\/wp\/v2\/media?parent=4279"}],"wp:term":[{"taxonomy":"category","embeddable":true,"href":"https:\/\/www.alqueria.es\/blogs\/alqueriaprimerciclo\/wp-json\/wp\/v2\/categories?post=4279"},{"taxonomy":"post_tag","embeddable":true,"href":"https:\/\/www.alqueria.es\/blogs\/alqueriaprimerciclo\/wp-json\/wp\/v2\/tags?post=4279"}],"curies":[{"name":"wp","href":"https:\/\/api.w.org\/{rel}","templated":true}]}}