{"id":43009,"date":"2026-01-25T16:54:42","date_gmt":"2026-01-25T15:54:42","guid":{"rendered":"https:\/\/www.alqueria.es\/blogs\/alqueriaprimerciclo\/?p=43009"},"modified":"2026-01-25T16:54:42","modified_gmt":"2026-01-25T15:54:42","slug":"viaje-al-centro-de-la-vida","status":"publish","type":"post","link":"https:\/\/www.alqueria.es\/blogs\/alqueriaprimerciclo\/2026\/01\/25\/viaje-al-centro-de-la-vida\/","title":{"rendered":"\u00a1Viaje al centro de la vida!\u00a0"},"content":{"rendered":"<div dir=\"auto\" style=\"text-align: left\">Est\u00e1 semana continuamos con el proyecto de investigaci\u00f3n sobre el cuerpo humano.<\/div>\n<div dir=\"auto\"><\/div>\n<div dir=\"auto\"><span style=\"color: #0000ff\"><strong>CONFERENCIA DE MARCO SOBRE <\/strong><\/span><\/div>\n<div dir=\"auto\"><span style=\"color: #0000ff\"><strong>LAS C\u00c9LULAS<\/strong><\/span><\/div>\n<div dir=\"auto\"><\/div>\n<div dir=\"auto\">Explicar la biolog\u00eda celular a ni\u00f1os de 6-7 a\u00f1os es un reto, pero Marcos lo ten\u00eda\u00a0 clar\u00edsimo, quer\u00eda compartir su inter\u00e9s con todos sus compa\u00f1eros y para eso lo ha adaptado usando\u00a0 una met\u00e1fora del\u00a0 funcionamiento de una f\u00e1brica y\u00a0 con una maqueta f\u00edsica que\u00a0 ha ayudado bastante al grupo a entenderlo.<\/div>\n<div dir=\"auto\">\n<p dir=\"ltr\">Despu\u00e9s hemos podido ver a trav\u00e9s del microscopio algunas muestras, asar de la maqueta (lo que imaginamos) al microscopio (lo que vemos de verdad)\u00a0 lo ha convertido en una gran <b>experiencia<\/b>.&#x1f52c;. Nuestra clase se ha transformado en un laboratorio cient\u00edfico.<img decoding=\"async\" data-attachment-id=\"43066\" data-permalink=\"https:\/\/www.alqueria.es\/blogs\/alqueriaprimerciclo\/2026\/01\/25\/viaje-al-centro-de-la-vida\/img_20260121_091340\/\" data-orig-file=\"https:\/\/cloud.alqueria.es\/wp-content\/uploads\/sites\/6\/2026\/01\/IMG_20260121_091340.jpg\" data-orig-size=\"2500,2117\" data-comments-opened=\"1\" data-image-meta=\"{&quot;aperture&quot;:&quot;1.5&quot;,&quot;credit&quot;:&quot;&quot;,&quot;camera&quot;:&quot;POCO X7 Pro&quot;,&quot;caption&quot;:&quot;&quot;,&quot;created_timestamp&quot;:&quot;1768986821&quot;,&quot;copyright&quot;:&quot;&quot;,&quot;focal_length&quot;:&quot;4.941&quot;,&quot;iso&quot;:&quot;400&quot;,&quot;shutter_speed&quot;:&quot;0.010008515&quot;,&quot;title&quot;:&quot;&quot;,&quot;orientation&quot;:&quot;1&quot;}\" data-image-title=\"IMG_20260121_091340\" data-image-description=\"\" data-image-caption=\"\" data-large-file=\"https:\/\/cloud.alqueria.es\/wp-content\/uploads\/sites\/6\/2026\/01\/IMG_20260121_091340-1024x867.jpg\" class=\"aligncenter size-medium wp-image-43066\" src=\"https:\/\/cloud.alqueria.es\/wp-content\/uploads\/sites\/6\/2026\/01\/IMG_20260121_091340-300x254.jpg\" alt=\"\" width=\"300\" height=\"254\" srcset=\"https:\/\/cloud.alqueria.es\/wp-content\/uploads\/sites\/6\/2026\/01\/IMG_20260121_091340-300x254.jpg 300w, https:\/\/cloud.alqueria.es\/wp-content\/uploads\/sites\/6\/2026\/01\/IMG_20260121_091340-1024x867.jpg 1024w, https:\/\/cloud.alqueria.es\/wp-content\/uploads\/sites\/6\/2026\/01\/IMG_20260121_091340-768x650.jpg 768w, https:\/\/cloud.alqueria.es\/wp-content\/uploads\/sites\/6\/2026\/01\/IMG_20260121_091340-1536x1301.jpg 1536w, https:\/\/cloud.alqueria.es\/wp-content\/uploads\/sites\/6\/2026\/01\/IMG_20260121_091340-2048x1734.jpg 2048w\" sizes=\"(max-width: 300px) 100vw, 300px\" \/><\/p>\n<p dir=\"ltr\">Marco nos ha abierto las puertas de un mundo invisible pero fascinante: la c\u00e9lula. Con mucha ilusi\u00f3n y un gran trabajo detr\u00e1s, nos ha explicado de qu\u00e9 estamos hechos todos los seres vivos.<\/p>\n<p dir=\"ltr\">\u00a0Nos define de forma breve qu\u00e9 es la c\u00e9lula ,funciones ,organismos donde est\u00e1n presente y alguna peculiaridad m\u00e1s.<\/p>\n<p>\u00bfQue tenemos en com\u00fan todos los seres vivos ?<\/p>\n<p dir=\"ltr\">Marco nos ha ense\u00f1ado que la c\u00e9lula es la parte m\u00e1s peque\u00f1a que construye la vida. Todos los seres vivos , las bacterias, las algas, los hongos, animales, plantas y nosotros mismos, estamos formados por ellas. Son tan peque\u00f1as que no se ven a simple vista, \u00a1pero est\u00e1n vivas y trabajan sin parar! S\u00f3lo son visibles a trav\u00e9s del microscopio.<\/p>\n<p dir=\"ltr\">Las estudian los pat\u00f3logos en los laboratorios.<img decoding=\"async\" data-attachment-id=\"43064\" data-permalink=\"https:\/\/www.alqueria.es\/blogs\/alqueriaprimerciclo\/2026\/01\/25\/viaje-al-centro-de-la-vida\/img_20260121_091402\/\" data-orig-file=\"https:\/\/cloud.alqueria.es\/wp-content\/uploads\/sites\/6\/2026\/01\/IMG_20260121_091402.jpg\" data-orig-size=\"2500,1864\" data-comments-opened=\"1\" data-image-meta=\"{&quot;aperture&quot;:&quot;1.5&quot;,&quot;credit&quot;:&quot;&quot;,&quot;camera&quot;:&quot;POCO X7 Pro&quot;,&quot;caption&quot;:&quot;&quot;,&quot;created_timestamp&quot;:&quot;1768986842&quot;,&quot;copyright&quot;:&quot;&quot;,&quot;focal_length&quot;:&quot;4.941&quot;,&quot;iso&quot;:&quot;125&quot;,&quot;shutter_speed&quot;:&quot;0.02001703&quot;,&quot;title&quot;:&quot;&quot;,&quot;orientation&quot;:&quot;1&quot;}\" data-image-title=\"IMG_20260121_091402\" data-image-description=\"\" data-image-caption=\"\" data-large-file=\"https:\/\/cloud.alqueria.es\/wp-content\/uploads\/sites\/6\/2026\/01\/IMG_20260121_091402-1024x763.jpg\" class=\"aligncenter size-medium wp-image-43064\" src=\"https:\/\/cloud.alqueria.es\/wp-content\/uploads\/sites\/6\/2026\/01\/IMG_20260121_091402-300x224.jpg\" alt=\"\" width=\"300\" height=\"224\" srcset=\"https:\/\/cloud.alqueria.es\/wp-content\/uploads\/sites\/6\/2026\/01\/IMG_20260121_091402-300x224.jpg 300w, https:\/\/cloud.alqueria.es\/wp-content\/uploads\/sites\/6\/2026\/01\/IMG_20260121_091402-1024x763.jpg 1024w, https:\/\/cloud.alqueria.es\/wp-content\/uploads\/sites\/6\/2026\/01\/IMG_20260121_091402-768x573.jpg 768w, https:\/\/cloud.alqueria.es\/wp-content\/uploads\/sites\/6\/2026\/01\/IMG_20260121_091402-1536x1145.jpg 1536w, https:\/\/cloud.alqueria.es\/wp-content\/uploads\/sites\/6\/2026\/01\/IMG_20260121_091402-2048x1527.jpg 2048w\" sizes=\"(max-width: 300px) 100vw, 300px\" \/><\/p>\n<p dir=\"ltr\">Tienen 3 funciones: relacionarse, reproducirse y alimentarse . Hay unicelulares y pluricelulares.<\/p>\n<p>Robert Hooke fue el primero en observar el universo diminuto en microscopio , el descubridor de las c\u00e9lulas.<\/p>\n<\/div>\n<div dir=\"auto\">\n<p dir=\"ltr\">Tipos de c\u00e9lulas:<\/p>\n<p dir=\"ltr\">Nos ha mostrado que no todas las c\u00e9lulas son iguales. Principalmente existen dos tipos:<\/p>\n<p dir=\"ltr\">C\u00e9lulas Procariotas: Las m\u00e1s sencillas y antiguas (como las de las bacterias).<\/p>\n<p dir=\"ltr\">C\u00e9lulas Eucariotas: M\u00e1s complejas y organizadas (las nuestras y las de las plantas).<\/p>\n<p dir=\"ltr\">\u00bfEn qu\u00e9 se parecen? Marco nos record\u00f3 que todas tienen una \u00abpiel\u00bb (membrana), un \u00abrelleno\u00bb (citoplasma) y llevan las instrucciones de la vida dentro.<img decoding=\"async\" data-attachment-id=\"43063\" data-permalink=\"https:\/\/www.alqueria.es\/blogs\/alqueriaprimerciclo\/2026\/01\/25\/viaje-al-centro-de-la-vida\/img_20260121_091409\/\" data-orig-file=\"https:\/\/cloud.alqueria.es\/wp-content\/uploads\/sites\/6\/2026\/01\/IMG_20260121_091409.jpg\" data-orig-size=\"2500,1767\" data-comments-opened=\"1\" data-image-meta=\"{&quot;aperture&quot;:&quot;1.5&quot;,&quot;credit&quot;:&quot;&quot;,&quot;camera&quot;:&quot;POCO X7 Pro&quot;,&quot;caption&quot;:&quot;&quot;,&quot;created_timestamp&quot;:&quot;1768986849&quot;,&quot;copyright&quot;:&quot;&quot;,&quot;focal_length&quot;:&quot;4.941&quot;,&quot;iso&quot;:&quot;100&quot;,&quot;shutter_speed&quot;:&quot;0.02001703&quot;,&quot;title&quot;:&quot;&quot;,&quot;orientation&quot;:&quot;1&quot;}\" data-image-title=\"IMG_20260121_091409\" data-image-description=\"\" data-image-caption=\"\" data-large-file=\"https:\/\/cloud.alqueria.es\/wp-content\/uploads\/sites\/6\/2026\/01\/IMG_20260121_091409-1024x724.jpg\" class=\"aligncenter size-medium wp-image-43063\" src=\"https:\/\/cloud.alqueria.es\/wp-content\/uploads\/sites\/6\/2026\/01\/IMG_20260121_091409-300x212.jpg\" alt=\"\" width=\"300\" height=\"212\" srcset=\"https:\/\/cloud.alqueria.es\/wp-content\/uploads\/sites\/6\/2026\/01\/IMG_20260121_091409-300x212.jpg 300w, https:\/\/cloud.alqueria.es\/wp-content\/uploads\/sites\/6\/2026\/01\/IMG_20260121_091409-1024x724.jpg 1024w, https:\/\/cloud.alqueria.es\/wp-content\/uploads\/sites\/6\/2026\/01\/IMG_20260121_091409-768x543.jpg 768w, https:\/\/cloud.alqueria.es\/wp-content\/uploads\/sites\/6\/2026\/01\/IMG_20260121_091409-1536x1086.jpg 1536w, https:\/\/cloud.alqueria.es\/wp-content\/uploads\/sites\/6\/2026\/01\/IMG_20260121_091409-2048x1448.jpg 2048w\" sizes=\"(max-width: 300px) 100vw, 300px\" \/><\/p>\n<p dir=\"ltr\">\u00a0\u00a1La c\u00e9lula es una f\u00e1brica!<\/p>\n<p dir=\"ltr\">Con ayuda de una maqueta incre\u00edble, Marco nos ha explicado que una c\u00e9lula funciona como una peque\u00f1a f\u00e1brica:<\/p>\n<p dir=\"ltr\">El N\u00facleo: Es el \u00abDirector General\u00bb que da todas las \u00f3rdenes.<\/p>\n<p dir=\"ltr\">Las Mitocondrias: Son las \u00abcentrales el\u00e9ctricas\u00bb que dan energ\u00eda.<\/p>\n<p dir=\"ltr\">Los Ribosomas: Los \u00aboperarios\u00bb que fabrican las prote\u00ednas.<\/p>\n<p dir=\"ltr\">La Membrana: El \u00abequipo de seguridad\u00bb que decide qui\u00e9n entra y sale.<img decoding=\"async\" data-attachment-id=\"43061\" data-permalink=\"https:\/\/www.alqueria.es\/blogs\/alqueriaprimerciclo\/2026\/01\/25\/viaje-al-centro-de-la-vida\/img_20260121_091432\/\" data-orig-file=\"https:\/\/cloud.alqueria.es\/wp-content\/uploads\/sites\/6\/2026\/01\/IMG_20260121_091432.jpg\" data-orig-size=\"2500,1875\" data-comments-opened=\"1\" data-image-meta=\"{&quot;aperture&quot;:&quot;1.5&quot;,&quot;credit&quot;:&quot;&quot;,&quot;camera&quot;:&quot;POCO X7 Pro&quot;,&quot;caption&quot;:&quot;&quot;,&quot;created_timestamp&quot;:&quot;1768986872&quot;,&quot;copyright&quot;:&quot;&quot;,&quot;focal_length&quot;:&quot;4.941&quot;,&quot;iso&quot;:&quot;125&quot;,&quot;shutter_speed&quot;:&quot;0.02001703&quot;,&quot;title&quot;:&quot;&quot;,&quot;orientation&quot;:&quot;1&quot;}\" data-image-title=\"IMG_20260121_091432\" data-image-description=\"\" data-image-caption=\"\" data-large-file=\"https:\/\/cloud.alqueria.es\/wp-content\/uploads\/sites\/6\/2026\/01\/IMG_20260121_091432-1024x768.jpg\" class=\"aligncenter size-medium wp-image-43061\" src=\"https:\/\/cloud.alqueria.es\/wp-content\/uploads\/sites\/6\/2026\/01\/IMG_20260121_091432-300x225.jpg\" alt=\"\" width=\"300\" height=\"225\" srcset=\"https:\/\/cloud.alqueria.es\/wp-content\/uploads\/sites\/6\/2026\/01\/IMG_20260121_091432-300x225.jpg 300w, https:\/\/cloud.alqueria.es\/wp-content\/uploads\/sites\/6\/2026\/01\/IMG_20260121_091432-1024x768.jpg 1024w, https:\/\/cloud.alqueria.es\/wp-content\/uploads\/sites\/6\/2026\/01\/IMG_20260121_091432-768x576.jpg 768w, https:\/\/cloud.alqueria.es\/wp-content\/uploads\/sites\/6\/2026\/01\/IMG_20260121_091432-1536x1152.jpg 1536w, https:\/\/cloud.alqueria.es\/wp-content\/uploads\/sites\/6\/2026\/01\/IMG_20260121_091432-2048x1536.jpg 2048w\" sizes=\"(max-width: 300px) 100vw, 300px\" \/><\/p>\n<p dir=\"ltr\">Con la maqueta que ha tra\u00eddo Marco nos permite casi \u00abtocar\u00bb la ciencia. Una f\u00e1brica en miniatura: La C\u00e9lula<img decoding=\"async\" data-attachment-id=\"43065\" data-permalink=\"https:\/\/www.alqueria.es\/blogs\/alqueriaprimerciclo\/2026\/01\/25\/viaje-al-centro-de-la-vida\/img_20260121_0915092\/\" data-orig-file=\"https:\/\/cloud.alqueria.es\/wp-content\/uploads\/sites\/6\/2026\/01\/IMG_20260121_0915092.jpg\" data-orig-size=\"1846,2500\" data-comments-opened=\"1\" data-image-meta=\"{&quot;aperture&quot;:&quot;1.5&quot;,&quot;credit&quot;:&quot;&quot;,&quot;camera&quot;:&quot;POCO X7 Pro&quot;,&quot;caption&quot;:&quot;&quot;,&quot;created_timestamp&quot;:&quot;1768986909&quot;,&quot;copyright&quot;:&quot;&quot;,&quot;focal_length&quot;:&quot;4.941&quot;,&quot;iso&quot;:&quot;500&quot;,&quot;shutter_speed&quot;:&quot;0.02001703&quot;,&quot;title&quot;:&quot;&quot;,&quot;orientation&quot;:&quot;1&quot;}\" data-image-title=\"IMG_20260121_091509~2\" data-image-description=\"\" data-image-caption=\"\" data-large-file=\"https:\/\/cloud.alqueria.es\/wp-content\/uploads\/sites\/6\/2026\/01\/IMG_20260121_0915092-756x1024.jpg\" class=\"aligncenter size-medium wp-image-43065\" src=\"https:\/\/cloud.alqueria.es\/wp-content\/uploads\/sites\/6\/2026\/01\/IMG_20260121_0915092-222x300.jpg\" alt=\"\" width=\"222\" height=\"300\" srcset=\"https:\/\/cloud.alqueria.es\/wp-content\/uploads\/sites\/6\/2026\/01\/IMG_20260121_0915092-222x300.jpg 222w, https:\/\/cloud.alqueria.es\/wp-content\/uploads\/sites\/6\/2026\/01\/IMG_20260121_0915092-756x1024.jpg 756w, https:\/\/cloud.alqueria.es\/wp-content\/uploads\/sites\/6\/2026\/01\/IMG_20260121_0915092-768x1040.jpg 768w, https:\/\/cloud.alqueria.es\/wp-content\/uploads\/sites\/6\/2026\/01\/IMG_20260121_0915092-1134x1536.jpg 1134w, https:\/\/cloud.alqueria.es\/wp-content\/uploads\/sites\/6\/2026\/01\/IMG_20260121_0915092-1512x2048.jpg 1512w, https:\/\/cloud.alqueria.es\/wp-content\/uploads\/sites\/6\/2026\/01\/IMG_20260121_0915092.jpg 1846w\" sizes=\"(max-width: 222px) 100vw, 222px\" \/><\/p>\n<p dir=\"ltr\">Para que todos entendi\u00e9ramos c\u00f3mo funciona nuestro cuerpo por dentro, ha dise\u00f1ado una maqueta 3D espectacular. Nos explic\u00f3 que cada parte de la c\u00e9lula tiene un trabajo, igual que en una f\u00e1brica:<\/p>\n<p dir=\"ltr\">El N\u00facleo (El Director): Es esa esfera central donde se guardan las \u00abinstrucciones\u00bb (ADN) para que todo funcione bien.<\/p>\n<p dir=\"ltr\">La Membrana (La Puerta): Es la capa que envuelve la c\u00e9lula y decide qui\u00e9n entra y qui\u00e9n sale.<\/p>\n<p dir=\"ltr\">Las Mitocondrias (Las Pilas): se encargan de fabricar la energ\u00eda para que la c\u00e9lula pueda moverse y trabajar.<\/p>\n<p dir=\"ltr\">El Citoplasma (El Suelo): Un l\u00edquido gelatinoso donde flotan todas las piezas para que no se choquen.<\/p>\n<p dir=\"ltr\">Vacuolas y Ribosomas (Almac\u00e9n y Obreros): Peque\u00f1os ayudantes que guardan agua o fabrican piezas importantes para la c\u00e9lula.<\/p>\n<p dir=\"ltr\">\u00a1Tenemos billones de estas \u00abf\u00e1bricas\u00bb funcionando dentro de nosotros! Son microsc\u00f3picas y aunque nuestros ojos no pueden verlas buscamos la forma de poder hacerlo.<\/p>\n<p dir=\"ltr\">\u00bfC\u00f3mo crecemos?\u00a0 Nos ha explicado c\u00f3mo nuestro cuerpo se hace m\u00e1s grande o cura una herida. Lo hace a trav\u00e9s de la mitosis: el momento m\u00e1gico en el que una c\u00e9lula se divide en dos c\u00e9lulas gemelas. \u00a1As\u00ed es como crecemos nosotros!<\/p>\n<p dir=\"ltr\"><img decoding=\"async\" data-attachment-id=\"43062\" data-permalink=\"https:\/\/www.alqueria.es\/blogs\/alqueriaprimerciclo\/2026\/01\/25\/viaje-al-centro-de-la-vida\/img_20260121_091412\/\" data-orig-file=\"https:\/\/cloud.alqueria.es\/wp-content\/uploads\/sites\/6\/2026\/01\/IMG_20260121_091412.jpg\" data-orig-size=\"2500,1786\" data-comments-opened=\"1\" data-image-meta=\"{&quot;aperture&quot;:&quot;1.5&quot;,&quot;credit&quot;:&quot;&quot;,&quot;camera&quot;:&quot;POCO X7 Pro&quot;,&quot;caption&quot;:&quot;&quot;,&quot;created_timestamp&quot;:&quot;1768986852&quot;,&quot;copyright&quot;:&quot;&quot;,&quot;focal_length&quot;:&quot;4.941&quot;,&quot;iso&quot;:&quot;125&quot;,&quot;shutter_speed&quot;:&quot;0.02001703&quot;,&quot;title&quot;:&quot;&quot;,&quot;orientation&quot;:&quot;1&quot;}\" data-image-title=\"IMG_20260121_091412\" data-image-description=\"\" data-image-caption=\"\" data-large-file=\"https:\/\/cloud.alqueria.es\/wp-content\/uploads\/sites\/6\/2026\/01\/IMG_20260121_091412-1024x732.jpg\" class=\"aligncenter size-medium wp-image-43062\" src=\"https:\/\/cloud.alqueria.es\/wp-content\/uploads\/sites\/6\/2026\/01\/IMG_20260121_091412-300x214.jpg\" alt=\"\" width=\"300\" height=\"214\" srcset=\"https:\/\/cloud.alqueria.es\/wp-content\/uploads\/sites\/6\/2026\/01\/IMG_20260121_091412-300x214.jpg 300w, https:\/\/cloud.alqueria.es\/wp-content\/uploads\/sites\/6\/2026\/01\/IMG_20260121_091412-1024x732.jpg 1024w, https:\/\/cloud.alqueria.es\/wp-content\/uploads\/sites\/6\/2026\/01\/IMG_20260121_091412-768x549.jpg 768w, https:\/\/cloud.alqueria.es\/wp-content\/uploads\/sites\/6\/2026\/01\/IMG_20260121_091412-1536x1097.jpg 1536w, https:\/\/cloud.alqueria.es\/wp-content\/uploads\/sites\/6\/2026\/01\/IMG_20260121_091412-2048x1463.jpg 2048w\" sizes=\"(max-width: 300px) 100vw, 300px\" \/><\/p>\n<p dir=\"ltr\">Ha sido una conferencia llena de palabras nuevas , donde Marco ha demostrado ser un gran cient\u00edfico y comunicador. \u00a1Estamos muy contentos de c\u00f3mo ha contagiado su entusiasmo por la ciencia a toda la clase!<img decoding=\"async\" data-attachment-id=\"43067\" data-permalink=\"https:\/\/www.alqueria.es\/blogs\/alqueriaprimerciclo\/2026\/01\/25\/viaje-al-centro-de-la-vida\/img_20260121_093656\/\" data-orig-file=\"https:\/\/cloud.alqueria.es\/wp-content\/uploads\/sites\/6\/2026\/01\/IMG_20260121_093656.jpg\" data-orig-size=\"2483,2008\" data-comments-opened=\"1\" data-image-meta=\"{&quot;aperture&quot;:&quot;1.5&quot;,&quot;credit&quot;:&quot;&quot;,&quot;camera&quot;:&quot;POCO X7 Pro&quot;,&quot;caption&quot;:&quot;&quot;,&quot;created_timestamp&quot;:&quot;1768988216&quot;,&quot;copyright&quot;:&quot;&quot;,&quot;focal_length&quot;:&quot;4.941&quot;,&quot;iso&quot;:&quot;200&quot;,&quot;shutter_speed&quot;:&quot;0.010008515&quot;,&quot;title&quot;:&quot;&quot;,&quot;orientation&quot;:&quot;1&quot;}\" data-image-title=\"IMG_20260121_093656\" data-image-description=\"\" data-image-caption=\"\" data-large-file=\"https:\/\/cloud.alqueria.es\/wp-content\/uploads\/sites\/6\/2026\/01\/IMG_20260121_093656-1024x828.jpg\" class=\"aligncenter size-medium wp-image-43067\" src=\"https:\/\/cloud.alqueria.es\/wp-content\/uploads\/sites\/6\/2026\/01\/IMG_20260121_093656-300x243.jpg\" alt=\"\" width=\"300\" height=\"243\" srcset=\"https:\/\/cloud.alqueria.es\/wp-content\/uploads\/sites\/6\/2026\/01\/IMG_20260121_093656-300x243.jpg 300w, https:\/\/cloud.alqueria.es\/wp-content\/uploads\/sites\/6\/2026\/01\/IMG_20260121_093656-1024x828.jpg 1024w, https:\/\/cloud.alqueria.es\/wp-content\/uploads\/sites\/6\/2026\/01\/IMG_20260121_093656-768x621.jpg 768w, https:\/\/cloud.alqueria.es\/wp-content\/uploads\/sites\/6\/2026\/01\/IMG_20260121_093656-1536x1242.jpg 1536w, https:\/\/cloud.alqueria.es\/wp-content\/uploads\/sites\/6\/2026\/01\/IMG_20260121_093656-2048x1656.jpg 2048w\" sizes=\"(max-width: 300px) 100vw, 300px\" \/><\/p>\n<p dir=\"ltr\">Algunas preguntas tras la exposici\u00f3n nos abren nuevos intereses de investigaci\u00f3n, \u00bf C\u00f3mo se form\u00f3 la primera C\u00e9lula? , nada m\u00e1s y nada menos que \u00a1 El origen de la vida!<\/p>\n<p dir=\"ltr\">Nos ha interesado a todos dibujar las c\u00e9lulas.<\/p>\n<p dir=\"ltr\">Un momento emocionante: \u00a1Al Microscopio! &#x1f50d;<\/p>\n<p dir=\"ltr\">Despu\u00e9s de la teor\u00eda, \u00a1pasamos a la acci\u00f3n! Pudimos observar varias muestras reales a trav\u00e9s del microscopio, fue un momento m\u00e1gico: ver con sus propios ojos aquello que es invisible.<img decoding=\"async\" data-attachment-id=\"43057\" data-permalink=\"https:\/\/www.alqueria.es\/blogs\/alqueriaprimerciclo\/2026\/01\/25\/viaje-al-centro-de-la-vida\/img_20260121_162201\/\" data-orig-file=\"https:\/\/cloud.alqueria.es\/wp-content\/uploads\/sites\/6\/2026\/01\/IMG_20260121_162201.jpg\" data-orig-size=\"2384,2500\" data-comments-opened=\"1\" data-image-meta=\"{&quot;aperture&quot;:&quot;1.5&quot;,&quot;credit&quot;:&quot;&quot;,&quot;camera&quot;:&quot;POCO X7 Pro&quot;,&quot;caption&quot;:&quot;&quot;,&quot;created_timestamp&quot;:&quot;1769012521&quot;,&quot;copyright&quot;:&quot;&quot;,&quot;focal_length&quot;:&quot;4.941&quot;,&quot;iso&quot;:&quot;1600&quot;,&quot;shutter_speed&quot;:&quot;0.010005651&quot;,&quot;title&quot;:&quot;&quot;,&quot;orientation&quot;:&quot;1&quot;}\" data-image-title=\"IMG_20260121_162201\" data-image-description=\"\" data-image-caption=\"\" data-large-file=\"https:\/\/cloud.alqueria.es\/wp-content\/uploads\/sites\/6\/2026\/01\/IMG_20260121_162201-976x1024.jpg\" class=\"aligncenter size-medium wp-image-43057\" src=\"https:\/\/cloud.alqueria.es\/wp-content\/uploads\/sites\/6\/2026\/01\/IMG_20260121_162201-286x300.jpg\" alt=\"\" width=\"286\" height=\"300\" srcset=\"https:\/\/cloud.alqueria.es\/wp-content\/uploads\/sites\/6\/2026\/01\/IMG_20260121_162201-286x300.jpg 286w, https:\/\/cloud.alqueria.es\/wp-content\/uploads\/sites\/6\/2026\/01\/IMG_20260121_162201-976x1024.jpg 976w, https:\/\/cloud.alqueria.es\/wp-content\/uploads\/sites\/6\/2026\/01\/IMG_20260121_162201-768x805.jpg 768w, https:\/\/cloud.alqueria.es\/wp-content\/uploads\/sites\/6\/2026\/01\/IMG_20260121_162201-1465x1536.jpg 1465w, https:\/\/cloud.alqueria.es\/wp-content\/uploads\/sites\/6\/2026\/01\/IMG_20260121_162201-1953x2048.jpg 1953w\" sizes=\"(max-width: 286px) 100vw, 286px\" \/> <img decoding=\"async\" data-attachment-id=\"43058\" data-permalink=\"https:\/\/www.alqueria.es\/blogs\/alqueriaprimerciclo\/2026\/01\/25\/viaje-al-centro-de-la-vida\/img_20260121_161153\/\" data-orig-file=\"https:\/\/cloud.alqueria.es\/wp-content\/uploads\/sites\/6\/2026\/01\/IMG_20260121_161153.jpg\" data-orig-size=\"2500,1836\" data-comments-opened=\"1\" data-image-meta=\"{&quot;aperture&quot;:&quot;1.5&quot;,&quot;credit&quot;:&quot;&quot;,&quot;camera&quot;:&quot;POCO X7 Pro&quot;,&quot;caption&quot;:&quot;&quot;,&quot;created_timestamp&quot;:&quot;1769011913&quot;,&quot;copyright&quot;:&quot;&quot;,&quot;focal_length&quot;:&quot;4.941&quot;,&quot;iso&quot;:&quot;1000&quot;,&quot;shutter_speed&quot;:&quot;0.050016802&quot;,&quot;title&quot;:&quot;&quot;,&quot;orientation&quot;:&quot;1&quot;}\" data-image-title=\"IMG_20260121_161153\" data-image-description=\"\" data-image-caption=\"\" data-large-file=\"https:\/\/cloud.alqueria.es\/wp-content\/uploads\/sites\/6\/2026\/01\/IMG_20260121_161153-1024x752.jpg\" class=\"aligncenter size-medium wp-image-43058\" src=\"https:\/\/cloud.alqueria.es\/wp-content\/uploads\/sites\/6\/2026\/01\/IMG_20260121_161153-300x220.jpg\" alt=\"\" width=\"300\" height=\"220\" srcset=\"https:\/\/cloud.alqueria.es\/wp-content\/uploads\/sites\/6\/2026\/01\/IMG_20260121_161153-300x220.jpg 300w, https:\/\/cloud.alqueria.es\/wp-content\/uploads\/sites\/6\/2026\/01\/IMG_20260121_161153-1024x752.jpg 1024w, https:\/\/cloud.alqueria.es\/wp-content\/uploads\/sites\/6\/2026\/01\/IMG_20260121_161153-768x564.jpg 768w, https:\/\/cloud.alqueria.es\/wp-content\/uploads\/sites\/6\/2026\/01\/IMG_20260121_161153-1536x1128.jpg 1536w, https:\/\/cloud.alqueria.es\/wp-content\/uploads\/sites\/6\/2026\/01\/IMG_20260121_161153-2048x1504.jpg 2048w\" sizes=\"(max-width: 300px) 100vw, 300px\" \/> <img decoding=\"async\" data-attachment-id=\"43059\" data-permalink=\"https:\/\/www.alqueria.es\/blogs\/alqueriaprimerciclo\/2026\/01\/25\/viaje-al-centro-de-la-vida\/img_20260121_161144\/\" data-orig-file=\"https:\/\/cloud.alqueria.es\/wp-content\/uploads\/sites\/6\/2026\/01\/IMG_20260121_161144.jpg\" data-orig-size=\"2500,1571\" data-comments-opened=\"1\" data-image-meta=\"{&quot;aperture&quot;:&quot;1.5&quot;,&quot;credit&quot;:&quot;&quot;,&quot;camera&quot;:&quot;POCO X7 Pro&quot;,&quot;caption&quot;:&quot;&quot;,&quot;created_timestamp&quot;:&quot;1769011904&quot;,&quot;copyright&quot;:&quot;&quot;,&quot;focal_length&quot;:&quot;4.941&quot;,&quot;iso&quot;:&quot;640&quot;,&quot;shutter_speed&quot;:&quot;0.040016878&quot;,&quot;title&quot;:&quot;&quot;,&quot;orientation&quot;:&quot;1&quot;}\" data-image-title=\"IMG_20260121_161144\" data-image-description=\"\" data-image-caption=\"\" data-large-file=\"https:\/\/cloud.alqueria.es\/wp-content\/uploads\/sites\/6\/2026\/01\/IMG_20260121_161144-1024x643.jpg\" class=\"aligncenter size-medium wp-image-43059\" src=\"https:\/\/cloud.alqueria.es\/wp-content\/uploads\/sites\/6\/2026\/01\/IMG_20260121_161144-300x189.jpg\" alt=\"\" width=\"300\" height=\"189\" srcset=\"https:\/\/cloud.alqueria.es\/wp-content\/uploads\/sites\/6\/2026\/01\/IMG_20260121_161144-300x189.jpg 300w, https:\/\/cloud.alqueria.es\/wp-content\/uploads\/sites\/6\/2026\/01\/IMG_20260121_161144-1024x643.jpg 1024w, https:\/\/cloud.alqueria.es\/wp-content\/uploads\/sites\/6\/2026\/01\/IMG_20260121_161144-768x483.jpg 768w, https:\/\/cloud.alqueria.es\/wp-content\/uploads\/sites\/6\/2026\/01\/IMG_20260121_161144-1536x965.jpg 1536w, https:\/\/cloud.alqueria.es\/wp-content\/uploads\/sites\/6\/2026\/01\/IMG_20260121_161144-2048x1287.jpg 2048w\" sizes=\"(max-width: 300px) 100vw, 300px\" \/><\/p>\n<p dir=\"ltr\">Fue emocionante descubrir que esas estructuras que Marco dibuj\u00f3 en sus cartulinas est\u00e1n ah\u00ed de verdad.<\/p>\n<\/div>\n<div dir=\"auto\">\n<p dir=\"ltr\"><b>El tallo de una planta, boca de una mosca, y piel de cebolla, <\/b>pudimos ver las \u00abcelditas\u00bb vegetales, que parecen peque\u00f1as paredes de ladrillos perfectamente ordenadas<b>.<img decoding=\"async\" data-attachment-id=\"43055\" data-permalink=\"https:\/\/www.alqueria.es\/blogs\/alqueriaprimerciclo\/2026\/01\/25\/viaje-al-centro-de-la-vida\/image020-1-1024x765\/\" data-orig-file=\"https:\/\/cloud.alqueria.es\/wp-content\/uploads\/sites\/6\/2026\/01\/image020-1-1024x765-1.jpg\" data-orig-size=\"1024,765\" data-comments-opened=\"1\" data-image-meta=\"{&quot;aperture&quot;:&quot;0&quot;,&quot;credit&quot;:&quot;&quot;,&quot;camera&quot;:&quot;&quot;,&quot;caption&quot;:&quot;&quot;,&quot;created_timestamp&quot;:&quot;0&quot;,&quot;copyright&quot;:&quot;&quot;,&quot;focal_length&quot;:&quot;0&quot;,&quot;iso&quot;:&quot;0&quot;,&quot;shutter_speed&quot;:&quot;0&quot;,&quot;title&quot;:&quot;&quot;,&quot;orientation&quot;:&quot;0&quot;}\" data-image-title=\"image020-1-1024&amp;#215;765\" data-image-description=\"\" data-image-caption=\"\" data-large-file=\"https:\/\/cloud.alqueria.es\/wp-content\/uploads\/sites\/6\/2026\/01\/image020-1-1024x765-1.jpg\" class=\"aligncenter size-medium wp-image-43055\" src=\"https:\/\/cloud.alqueria.es\/wp-content\/uploads\/sites\/6\/2026\/01\/image020-1-1024x765-1-300x224.jpg\" alt=\"\" width=\"300\" height=\"224\" srcset=\"https:\/\/cloud.alqueria.es\/wp-content\/uploads\/sites\/6\/2026\/01\/image020-1-1024x765-1-300x224.jpg 300w, https:\/\/cloud.alqueria.es\/wp-content\/uploads\/sites\/6\/2026\/01\/image020-1-1024x765-1-768x574.jpg 768w, https:\/\/cloud.alqueria.es\/wp-content\/uploads\/sites\/6\/2026\/01\/image020-1-1024x765-1.jpg 1024w\" sizes=\"(max-width: 300px) 100vw, 300px\" \/><\/b><\/p>\n<p dir=\"ltr\"><b>C\u00e9lulas del cerebro:<\/b> \u00a1Lo m\u00e1s impresionante! Vimos c\u00f3mo son por dentro las c\u00e9lulas que nos ayudan a pensar y sentir.<\/p>\n<p><img decoding=\"async\" data-attachment-id=\"43056\" data-permalink=\"https:\/\/www.alqueria.es\/blogs\/alqueriaprimerciclo\/2026\/01\/25\/viaje-al-centro-de-la-vida\/neurons-cells-from-the-brain-under-microscope-view\/\" data-orig-file=\"https:\/\/cloud.alqueria.es\/wp-content\/uploads\/sites\/6\/2026\/01\/74959706-neurons-cells-from-the-brain-under-microscope-view.jpg\" data-orig-size=\"1300,975\" data-comments-opened=\"1\" data-image-meta=\"{&quot;aperture&quot;:&quot;2&quot;,&quot;credit&quot;:&quot;&quot;,&quot;camera&quot;:&quot;F8332&quot;,&quot;caption&quot;:&quot;Neurons cells from the brain under microscope view&quot;,&quot;created_timestamp&quot;:&quot;1482941265&quot;,&quot;copyright&quot;:&quot;&quot;,&quot;focal_length&quot;:&quot;4.23&quot;,&quot;iso&quot;:&quot;200&quot;,&quot;shutter_speed&quot;:&quot;0.0002&quot;,&quot;title&quot;:&quot;Neurons cells from the brain under microscope view&quot;,&quot;orientation&quot;:&quot;1&quot;}\" data-image-title=\"Neurons cells from the brain under microscope view\" data-image-description=\"\" data-image-caption=\"&lt;p&gt;Neurons cells from the brain under microscope view&lt;\/p&gt;\n\" data-large-file=\"https:\/\/cloud.alqueria.es\/wp-content\/uploads\/sites\/6\/2026\/01\/74959706-neurons-cells-from-the-brain-under-microscope-view-1024x768.jpg\" class=\"size-medium wp-image-43056\" src=\"https:\/\/cloud.alqueria.es\/wp-content\/uploads\/sites\/6\/2026\/01\/74959706-neurons-cells-from-the-brain-under-microscope-view-300x225.jpg\" alt=\"\" width=\"300\" height=\"225\" srcset=\"https:\/\/cloud.alqueria.es\/wp-content\/uploads\/sites\/6\/2026\/01\/74959706-neurons-cells-from-the-brain-under-microscope-view-300x225.jpg 300w, https:\/\/cloud.alqueria.es\/wp-content\/uploads\/sites\/6\/2026\/01\/74959706-neurons-cells-from-the-brain-under-microscope-view-1024x768.jpg 1024w, https:\/\/cloud.alqueria.es\/wp-content\/uploads\/sites\/6\/2026\/01\/74959706-neurons-cells-from-the-brain-under-microscope-view-768x576.jpg 768w, https:\/\/cloud.alqueria.es\/wp-content\/uploads\/sites\/6\/2026\/01\/74959706-neurons-cells-from-the-brain-under-microscope-view.jpg 1300w\" sizes=\"(max-width: 300px) 100vw, 300px\" \/><\/p>\n<p dir=\"ltr\">Esta conferencia ha sido un ejemplo de c\u00f3mo conceptos que parecen \u00abdif\u00edciles\u00bb (con palabras raras como mitosis o mitocondria) pueden entenderse cuando se trabajan con pasi\u00f3n, colores y maquetas, observando con el microscopio.<\/p>\n<p dir=\"ltr\">\u00a1Felicidades Marco por tu excelente conferencia y gracias por traernos este pedacito de ciencia a clase!<\/p>\n<ul>\n<li dir=\"ltr\"><span style=\"color: #0000ff\"><strong>Matem\u00e1ticas en nuestro cuerpo\u00a0<\/strong><\/span><\/li>\n<\/ul>\n<p>Integrar las ciencias con las matem\u00e1ticas es una buena forma de aprender, porque nos permite ver\u00a0 los n\u00fameros como una herramienta para entendernos\u00a0 a\u00a0 nosotros mismos.<\/p>\n<p>Tenemos simetr\u00edas que nos permiten contar de 2 en 2, de 5 en 5. La talla\u00a0 de nuestros pies &#x1f463; para usar el calzado adecuado, la ropa &#8230;<\/p>\n<p>Convertimos el cuerpo humano en un \u00ablaboratorio de datos\u00bb mediante el an\u00e1lisis de peso y talla.<\/p>\n<p>Nos pesamos y medimos en clase y anotamos esos datos en una tabla dise\u00f1ada por nosotros en papel con\u00a0 cuadr\u00edculas que nos gu\u00edan.<\/p>\n<p dir=\"ltr\">Dise\u00f1ada la tabla de registro espec\u00edfica\u00a0 anotamos los datos todos a la vez, creamos los gr\u00e1ficos\u00a0 con los datos que hemos recogido.<\/p>\n<p dir=\"ltr\">Interpretamos\u00a0 qu\u00e9 dicen esos n\u00fameros sobre el funcionamiento del cuerpo.<\/p>\n<p dir=\"ltr\">&#x1f50d; Interpretaci\u00f3n de Resultados<br \/>\n<img decoding=\"async\" data-attachment-id=\"43069\" data-permalink=\"https:\/\/www.alqueria.es\/blogs\/alqueriaprimerciclo\/2026\/01\/25\/viaje-al-centro-de-la-vida\/img-20260125-wa0003\/\" data-orig-file=\"https:\/\/cloud.alqueria.es\/wp-content\/uploads\/sites\/6\/2026\/01\/IMG-20260125-WA0003.jpg\" data-orig-size=\"1536,2048\" data-comments-opened=\"1\" data-image-meta=\"{&quot;aperture&quot;:&quot;0&quot;,&quot;credit&quot;:&quot;&quot;,&quot;camera&quot;:&quot;&quot;,&quot;caption&quot;:&quot;&quot;,&quot;created_timestamp&quot;:&quot;0&quot;,&quot;copyright&quot;:&quot;&quot;,&quot;focal_length&quot;:&quot;0&quot;,&quot;iso&quot;:&quot;0&quot;,&quot;shutter_speed&quot;:&quot;0&quot;,&quot;title&quot;:&quot;&quot;,&quot;orientation&quot;:&quot;0&quot;}\" data-image-title=\"IMG-20260125-WA0003\" data-image-description=\"\" data-image-caption=\"\" data-large-file=\"https:\/\/cloud.alqueria.es\/wp-content\/uploads\/sites\/6\/2026\/01\/IMG-20260125-WA0003-768x1024.jpg\" class=\"aligncenter size-medium wp-image-43069\" src=\"https:\/\/cloud.alqueria.es\/wp-content\/uploads\/sites\/6\/2026\/01\/IMG-20260125-WA0003-225x300.jpg\" alt=\"\" width=\"225\" height=\"300\" srcset=\"https:\/\/cloud.alqueria.es\/wp-content\/uploads\/sites\/6\/2026\/01\/IMG-20260125-WA0003-225x300.jpg 225w, https:\/\/cloud.alqueria.es\/wp-content\/uploads\/sites\/6\/2026\/01\/IMG-20260125-WA0003-768x1024.jpg 768w, https:\/\/cloud.alqueria.es\/wp-content\/uploads\/sites\/6\/2026\/01\/IMG-20260125-WA0003-1152x1536.jpg 1152w, https:\/\/cloud.alqueria.es\/wp-content\/uploads\/sites\/6\/2026\/01\/IMG-20260125-WA0003.jpg 1536w\" sizes=\"(max-width: 225px) 100vw, 225px\" \/> <img decoding=\"async\" data-attachment-id=\"43070\" data-permalink=\"https:\/\/www.alqueria.es\/blogs\/alqueriaprimerciclo\/2026\/01\/25\/viaje-al-centro-de-la-vida\/img-20260125-wa0002\/\" data-orig-file=\"https:\/\/cloud.alqueria.es\/wp-content\/uploads\/sites\/6\/2026\/01\/IMG-20260125-WA0002.jpg\" data-orig-size=\"1536,2048\" data-comments-opened=\"1\" data-image-meta=\"{&quot;aperture&quot;:&quot;0&quot;,&quot;credit&quot;:&quot;&quot;,&quot;camera&quot;:&quot;&quot;,&quot;caption&quot;:&quot;&quot;,&quot;created_timestamp&quot;:&quot;0&quot;,&quot;copyright&quot;:&quot;&quot;,&quot;focal_length&quot;:&quot;0&quot;,&quot;iso&quot;:&quot;0&quot;,&quot;shutter_speed&quot;:&quot;0&quot;,&quot;title&quot;:&quot;&quot;,&quot;orientation&quot;:&quot;0&quot;}\" data-image-title=\"IMG-20260125-WA0002\" data-image-description=\"\" data-image-caption=\"\" data-large-file=\"https:\/\/cloud.alqueria.es\/wp-content\/uploads\/sites\/6\/2026\/01\/IMG-20260125-WA0002-768x1024.jpg\" class=\"aligncenter size-medium wp-image-43070\" src=\"https:\/\/cloud.alqueria.es\/wp-content\/uploads\/sites\/6\/2026\/01\/IMG-20260125-WA0002-225x300.jpg\" alt=\"\" width=\"225\" height=\"300\" srcset=\"https:\/\/cloud.alqueria.es\/wp-content\/uploads\/sites\/6\/2026\/01\/IMG-20260125-WA0002-225x300.jpg 225w, https:\/\/cloud.alqueria.es\/wp-content\/uploads\/sites\/6\/2026\/01\/IMG-20260125-WA0002-768x1024.jpg 768w, https:\/\/cloud.alqueria.es\/wp-content\/uploads\/sites\/6\/2026\/01\/IMG-20260125-WA0002-1152x1536.jpg 1152w, https:\/\/cloud.alqueria.es\/wp-content\/uploads\/sites\/6\/2026\/01\/IMG-20260125-WA0002.jpg 1536w\" sizes=\"(max-width: 225px) 100vw, 225px\" \/> <img decoding=\"async\" data-attachment-id=\"43071\" data-permalink=\"https:\/\/www.alqueria.es\/blogs\/alqueriaprimerciclo\/2026\/01\/25\/viaje-al-centro-de-la-vida\/img-20260125-wa0001\/\" data-orig-file=\"https:\/\/cloud.alqueria.es\/wp-content\/uploads\/sites\/6\/2026\/01\/IMG-20260125-WA0001.jpg\" data-orig-size=\"1536,2048\" data-comments-opened=\"1\" data-image-meta=\"{&quot;aperture&quot;:&quot;0&quot;,&quot;credit&quot;:&quot;&quot;,&quot;camera&quot;:&quot;&quot;,&quot;caption&quot;:&quot;&quot;,&quot;created_timestamp&quot;:&quot;0&quot;,&quot;copyright&quot;:&quot;&quot;,&quot;focal_length&quot;:&quot;0&quot;,&quot;iso&quot;:&quot;0&quot;,&quot;shutter_speed&quot;:&quot;0&quot;,&quot;title&quot;:&quot;&quot;,&quot;orientation&quot;:&quot;0&quot;}\" data-image-title=\"IMG-20260125-WA0001\" data-image-description=\"\" data-image-caption=\"\" data-large-file=\"https:\/\/cloud.alqueria.es\/wp-content\/uploads\/sites\/6\/2026\/01\/IMG-20260125-WA0001-768x1024.jpg\" class=\"aligncenter size-medium wp-image-43071\" src=\"https:\/\/cloud.alqueria.es\/wp-content\/uploads\/sites\/6\/2026\/01\/IMG-20260125-WA0001-225x300.jpg\" alt=\"\" width=\"225\" height=\"300\" srcset=\"https:\/\/cloud.alqueria.es\/wp-content\/uploads\/sites\/6\/2026\/01\/IMG-20260125-WA0001-225x300.jpg 225w, https:\/\/cloud.alqueria.es\/wp-content\/uploads\/sites\/6\/2026\/01\/IMG-20260125-WA0001-768x1024.jpg 768w, https:\/\/cloud.alqueria.es\/wp-content\/uploads\/sites\/6\/2026\/01\/IMG-20260125-WA0001-1152x1536.jpg 1152w, https:\/\/cloud.alqueria.es\/wp-content\/uploads\/sites\/6\/2026\/01\/IMG-20260125-WA0001.jpg 1536w\" sizes=\"(max-width: 225px) 100vw, 225px\" \/><\/p>\n<ul>\n<li dir=\"ltr\">Dentro del mismo tema pr\u00e9stamos especial atenci\u00f3n a la parte de las <strong><span style=\"color: #0000ff\">emociones y la \u00e9tica<\/span>.<\/strong><\/li>\n<\/ul>\n<p dir=\"ltr\">Es totalmente normal que a los 6 a\u00f1os el descubrimiento de la propia intimidad y la de los dem\u00e1s genera una mezcla de curiosidad, transgresi\u00f3n y nerviosismo.<\/p>\n<p dir=\"ltr\">Las risas o el hecho de que lo vean como un \u00absecreto divertido\u00bb suelen ser mecanismos de defensa ante algo que saben que es privado pero que no terminan de entender c\u00f3mo gestionar socialmente.<\/p>\n<p dir=\"ltr\">En varias ocasiones hablamos sobre este tema para reconducir estas situaciones de forma educativa y natural.<\/p>\n<p dir=\"ltr\">Cuando las risas aparecen al ver un libro del cuerpo humano, la mejor respuesta es la neutralidad cl\u00ednica. Si nosotros no nos escandalizamos ni nos re\u00edmos, ellos pierden el incentivo de la \u00abtravesura\u00bb.<\/p>\n<p dir=\"ltr\">Usar los t\u00e9rminos correctos, sustituir los nombres infantiles por t\u00e9rminos anat\u00f3micos (pene, vulva, test\u00edculos, ano). Al usar lenguaje cient\u00edfico, la palabra pierde su carga de \u00abprohibido\u00bb o \u00absucio\u00bb y se convierte en una parte m\u00e1s del cuerpo, como el codo o la rodilla.<\/p>\n<p dir=\"ltr\">\u00a0Explicar que cada parte tiene una funci\u00f3n (respirar, digerir, eliminar desechos). Esto ayuda a que vean los \u00f3rganos como herramientas del cuerpo y no como motivos de gracia.<\/p>\n<p dir=\"ltr\">Diferencia entre el concepto de \u00abPrivacidad\u00bb o \u00abSecreto\u00bb, ya que suelen confundirlas:<\/p>\n<p dir=\"ltr\">Privacidad: \u00abEs algo que hago yo solo o que guardo para m\u00ed porque es especial y personal, pero que mi familia pueden conocer si necesito ayuda\u00bb.<\/p>\n<p dir=\"ltr\">Secreto: \u00abEs algo que alguien me pide que no cuente y que me hace sentir un l\u00edo en la cabeza o una bola en la barriga\u00bb.<\/p>\n<p dir=\"ltr\">La regla de oro: \u00abLas partes \u00edntimas son privadas, pero nunca son un secreto si algo nos preocupa\u00bb<\/p>\n<p dir=\"ltr\">En esta ocasi\u00f3n aprovechamos que\u00a0Catalina nos aporta el libro <img decoding=\"async\" data-attachment-id=\"43068\" data-permalink=\"https:\/\/www.alqueria.es\/blogs\/alqueriaprimerciclo\/2026\/01\/25\/viaje-al-centro-de-la-vida\/img-20260125-wa0000\/\" data-orig-file=\"https:\/\/cloud.alqueria.es\/wp-content\/uploads\/sites\/6\/2026\/01\/IMG-20260125-WA0000.jpg\" data-orig-size=\"1348,1698\" data-comments-opened=\"1\" data-image-meta=\"{&quot;aperture&quot;:&quot;0&quot;,&quot;credit&quot;:&quot;&quot;,&quot;camera&quot;:&quot;&quot;,&quot;caption&quot;:&quot;&quot;,&quot;created_timestamp&quot;:&quot;0&quot;,&quot;copyright&quot;:&quot;&quot;,&quot;focal_length&quot;:&quot;0&quot;,&quot;iso&quot;:&quot;0&quot;,&quot;shutter_speed&quot;:&quot;0&quot;,&quot;title&quot;:&quot;&quot;,&quot;orientation&quot;:&quot;0&quot;}\" data-image-title=\"IMG-20260125-WA0000\" data-image-description=\"\" data-image-caption=\"\" data-large-file=\"https:\/\/cloud.alqueria.es\/wp-content\/uploads\/sites\/6\/2026\/01\/IMG-20260125-WA0000-813x1024.jpg\" class=\"aligncenter size-medium wp-image-43068\" src=\"https:\/\/cloud.alqueria.es\/wp-content\/uploads\/sites\/6\/2026\/01\/IMG-20260125-WA0000-238x300.jpg\" alt=\"\" width=\"238\" height=\"300\" srcset=\"https:\/\/cloud.alqueria.es\/wp-content\/uploads\/sites\/6\/2026\/01\/IMG-20260125-WA0000-238x300.jpg 238w, https:\/\/cloud.alqueria.es\/wp-content\/uploads\/sites\/6\/2026\/01\/IMG-20260125-WA0000-813x1024.jpg 813w, https:\/\/cloud.alqueria.es\/wp-content\/uploads\/sites\/6\/2026\/01\/IMG-20260125-WA0000-768x967.jpg 768w, https:\/\/cloud.alqueria.es\/wp-content\/uploads\/sites\/6\/2026\/01\/IMG-20260125-WA0000-1219x1536.jpg 1219w, https:\/\/cloud.alqueria.es\/wp-content\/uploads\/sites\/6\/2026\/01\/IMG-20260125-WA0000.jpg 1348w\" sizes=\"(max-width: 238px) 100vw, 238px\" \/><\/p>\n<p dir=\"ltr\">\u00abTu cuerpo es tuyo\u00bb, de Luc\u00eda Serrano.<\/p>\n<p dir=\"ltr\">Este nos ha servido para tratar de forma sencilla y natural , adaptando a su edad la importancia del autocuidado y los l\u00edmites personales.<\/p>\n<p dir=\"ltr\">Hemos hablado sobre\u00a0 la diferencia entre el concepto de \u00abPrivacidad\u00bb o \u00abSecreto\u00bb, ya que suelen confundirlas:<\/p>\n<p dir=\"ltr\">Privacidad: \u00abEs algo que hago yo solo o que guardo para m\u00ed porque es especial y personal, pero que mi familia pueden conocer si necesito ayuda\u00bb.<\/p>\n<p dir=\"ltr\">Secreto: \u00abEs algo que alguien me pide que no cuente y que me hace sentir un l\u00edo en la cabeza o una bola en la barriga\u00bb.<\/p>\n<p dir=\"ltr\">La regla de oro: \u00abLas partes \u00edntimas son privadas, pero nunca son un secreto si algo nos preocupa\u00bb.<\/p>\n<p dir=\"ltr\">Autonom\u00eda: Que cada uno es \u00abdue\u00f1o\u00bb de su propio cuerpo.<\/p>\n<p dir=\"ltr\">L\u00edmites: Que tienen derecho a decir \u00abno\u00bb si un contacto f\u00edsico (un beso, un abrazo apretado) no les apetece o les incomoda.<\/p>\n<p dir=\"ltr\">Comunicaci\u00f3n: La importancia de contar siempre a un adulto de confianza cualquier cosa que les haga sentir \u00abraros\u00bb o inc\u00f3modos, rompiendo el silencio de los secretos que hacen sentir mal.<\/p>\n<p dir=\"ltr\">La educaci\u00f3n afectivo-sexual empieza por la confianza, por eso\u00a0 es importante respetar sus \u00abnos\u00bb: Si no quieren dar un beso a un familiar, no\u00a0 obligarles, pueden saludar\u00a0 de otra forma, con la mano o un \u00abchoque de cinco dedos\u00bb. Esto les ense\u00f1a que su decisi\u00f3n sobre su cuerpo cuenta.<\/p>\n<p dir=\"ltr\">Llamar a las cosas por su nombre: Usar los nombres anat\u00f3micos correctos para las partes del cuerpo ayuda a normalizar la salud corporal.<\/p>\n<p dir=\"ltr\">Escucha activa: Si nos cuentan algo relacionado con su intimidad, mantengamos\u00a0 la calma y agradezcamos su confianza.<\/p>\n<p dir=\"ltr\">Hablar de estos temas de forma natural es la mejor herramienta de prevenci\u00f3n y seguridad que podemos darles.<\/p>\n<ul>\n<li dir=\"ltr\">Ya hemos decidido todos que lugar de Granada vamos a conocer en profundidad para compartir con nuestros compa\u00f1eros,\u00a0 como aut\u00e9nticos\u00a0 gu\u00edas tur\u00edsticos durante la <span style=\"color: #ff00ff\"><strong>semana cultural<\/strong><\/span> sobre <span style=\"color: #008000\"><strong>Granada<\/strong><\/span>.<\/li>\n<\/ul>\n<p>Necesitamos fotos , unas 4, alguna d\u00f3nde este el protagonista en cuesti\u00f3n y varias donde se pueda ver el lugar espec\u00edfico, alg\u00fan detalle, depender\u00e1\u00a0 del lugar elegido. Pueden estar impresas en papel folio,tama\u00f1o est\u00e1ndar, para recortar.( Si no es posible visitar el lugar elegido por cuestiones adversas pod\u00e9is hacer montaje fotogr\u00e1fico).<\/p>\n<p>Escribir el nombre del sitio elegido, el origen si se sabe,\u00a0 particularidades que\u00a0 describan\u00a0 el lugar, que se suele hacer en \u00e9l&#8230; Est\u00e1 informaci\u00f3n escribirla vosotros en may\u00fascula , si quieren ellos\u00a0 la pueden copiar en casa\u00a0 sino lo haremos\u00a0 en el cole .<\/p>\n<p>Pod\u00e9is traer todo durante la pr\u00f3xima semana, m\u00e1ximo el lunes 2 de febrero,\u00a0 comenzaremos a preparar cada uno su exposici\u00f3n\u00a0 con todo el material para contar a los compa\u00f1eros durante la semana cultural que comienza el 9 de febrero.<\/p>\n<p>Un saludo<\/p>\n<p>Dar\u00eda<\/p>\n<p>&nbsp;<\/p>\n<p dir=\"ltr\">\n<\/div>\n","protected":false},"excerpt":{"rendered":"<p>Est\u00e1 semana continuamos con el proyecto de investigaci\u00f3n sobre el cuerpo humano. CONFERENCIA DE MARCO SOBRE LAS C\u00c9LULAS Explicar la biolog\u00eda celular a ni\u00f1os de 6-7 a\u00f1os es un reto, pero Marcos lo ten\u00eda\u00a0 clar\u00edsimo, quer\u00eda compartir su inter\u00e9s con todos sus compa\u00f1eros y para eso lo ha adaptado usando\u00a0 una met\u00e1fora del\u00a0 funcionamiento de &hellip; <a href=\"https:\/\/www.alqueria.es\/blogs\/alqueriaprimerciclo\/2026\/01\/25\/viaje-al-centro-de-la-vida\/\" class=\"more-link\">Seguir leyendo <span class=\"screen-reader-text\">\u00a1Viaje al centro de la vida!\u00a0<\/span> <span class=\"meta-nav\">&rarr;<\/span><\/a><\/p>\n","protected":false},"author":12,"featured_media":0,"comment_status":"open","ping_status":"open","sticky":false,"template":"","format":"standard","meta":{"jetpack_post_was_ever_published":false,"_jetpack_newsletter_access":"","_jetpack_dont_email_post_to_subs":false,"_jetpack_newsletter_tier_id":0,"_jetpack_memberships_contains_paywalled_content":false,"_jetpack_memberships_contains_paid_content":false,"footnotes":"","jetpack_publicize_message":"","jetpack_publicize_feature_enabled":true,"jetpack_social_post_already_shared":true,"jetpack_social_options":{"image_generator_settings":{"template":"highway","default_image_id":0,"font":"","enabled":false},"version":2}},"categories":[2,187,174,6,8,167,219,14],"tags":[32,147,160,37,82,60,92],"class_list":["post-43009","post","type-post","status-publish","format-standard","hentry","category-1o-epo","category-ciencia","category-conferencias","category-conocimiento-del-medio-1o","category-diario-de-clase-1o","category-educacion-emocional","category-matematicas","category-matematicas-1o","tag-alqueria","tag-aprendemos-de-otra-manera","tag-ciencia-y-tecnologia","tag-conferencias","tag-matematicas-1o","tag-primaria","tag-semanario"],"jetpack_publicize_connections":[],"jetpack_featured_media_url":"","jetpack_sharing_enabled":true,"jetpack_shortlink":"https:\/\/wp.me\/p4lvS0-bbH","_links":{"self":[{"href":"https:\/\/www.alqueria.es\/blogs\/alqueriaprimerciclo\/wp-json\/wp\/v2\/posts\/43009","targetHints":{"allow":["GET"]}}],"collection":[{"href":"https:\/\/www.alqueria.es\/blogs\/alqueriaprimerciclo\/wp-json\/wp\/v2\/posts"}],"about":[{"href":"https:\/\/www.alqueria.es\/blogs\/alqueriaprimerciclo\/wp-json\/wp\/v2\/types\/post"}],"author":[{"embeddable":true,"href":"https:\/\/www.alqueria.es\/blogs\/alqueriaprimerciclo\/wp-json\/wp\/v2\/users\/12"}],"replies":[{"embeddable":true,"href":"https:\/\/www.alqueria.es\/blogs\/alqueriaprimerciclo\/wp-json\/wp\/v2\/comments?post=43009"}],"version-history":[{"count":2,"href":"https:\/\/www.alqueria.es\/blogs\/alqueriaprimerciclo\/wp-json\/wp\/v2\/posts\/43009\/revisions"}],"predecessor-version":[{"id":43072,"href":"https:\/\/www.alqueria.es\/blogs\/alqueriaprimerciclo\/wp-json\/wp\/v2\/posts\/43009\/revisions\/43072"}],"wp:attachment":[{"href":"https:\/\/www.alqueria.es\/blogs\/alqueriaprimerciclo\/wp-json\/wp\/v2\/media?parent=43009"}],"wp:term":[{"taxonomy":"category","embeddable":true,"href":"https:\/\/www.alqueria.es\/blogs\/alqueriaprimerciclo\/wp-json\/wp\/v2\/categories?post=43009"},{"taxonomy":"post_tag","embeddable":true,"href":"https:\/\/www.alqueria.es\/blogs\/alqueriaprimerciclo\/wp-json\/wp\/v2\/tags?post=43009"}],"curies":[{"name":"wp","href":"https:\/\/api.w.org\/{rel}","templated":true}]}}