{"id":4361,"date":"2014-02-01T18:08:35","date_gmt":"2014-02-01T18:08:35","guid":{"rendered":"http:\/\/alqueriaprimerciclo.wordpress.com\/?p=4361"},"modified":"2014-02-24T09:51:17","modified_gmt":"2014-02-24T09:51:17","slug":"dia-de-la-paz","status":"publish","type":"post","link":"https:\/\/www.alqueria.es\/blogs\/alqueriaprimerciclo\/2014\/02\/01\/dia-de-la-paz\/","title":{"rendered":"D\u00eda de la Paz"},"content":{"rendered":"<p style=\"text-align:center\"><a href=\"http:\/\/&lt;div class=&quot;embed-vimeo&quot; style=&quot;text-align: center;&quot;&gt;&lt;iframe src=&quot;https:\/\/player.vimeo.com\/video\/82308532&quot; width=&quot;500&quot; height=&quot;375&quot; frameborder=&quot;0&quot; webkitallowfullscreen mozallowfullscreen allowfullscreen&gt;&lt;\/iframe&gt;&lt;\/div&gt;\">\u00a0<\/a><\/p>\n<h5>Hemos \u00a0celebrado en el colegio el d\u00eda internacional de\u00a0la Paz.<\/h5>\n<h5>Se realiz\u00f3 una actividad en la que se mezclaron los grupos de infantil y primaria. La actividad fue la siguiente:<\/h5>\n<ul>\n<li>Siluetas de los pies en un folio.<\/li>\n<li>En la silueta derecha (pie derecho),pusieron las cosas positivas, lo que cada uno y una cree que\u00a0<a id=\"_GPLITA_0\" title=\"Click to Continue &gt; by Sense\" href=\"http:\/\/alqueriasegundociclo.wordpress.com\/#\">tiene<img decoding=\"async\" alt=\"\" src=\"https:\/\/cloud.alqueria.es\/wp-content\/uploads\/sites\/6\/2014\/02\/arrow-10x105.png\" \/><\/a>\u00a0de positivo que contribuye a crear y mantener un ambiente de Paz.<\/li>\n<li>En la huella izquierda, se plasmaron aspectos individuales que se tienen que mejorar.<\/li>\n<li>Al terminar se decor\u00f3 a su gusto.<\/li>\n<\/ul>\n<h5>El alumnado de 6\u00ba, como grupo responsable y mayor del colegio, recogi\u00f3 al alumnado correspondiente de los dem\u00e1s grupos y se dirigieron al aula correspondiente.<\/h5>\n<h5>Una vez en clase, por grupos, se habl\u00f3, en asamblea, sobre lo que se puso en las siluetas de los pies, se ha debati\u00f3 sobre lo escrito, resaltando las cualidades individuales y comentando c\u00f3mo se puede modificar aquellos aspectos a mejorar.<\/h5>\n<h5>Al terminar, los responsables de sexto, en cada equipo, recogieron las conclusiones.<\/h5>\n<h5>Despu\u00e9s, se particip\u00f3 en la visualizaci\u00f3n de un cortometraje que se llamaba\u201cEl Gigante\u201d\u00a0. Hubo un peque\u00f1o debate sobre el corto. Trataba de lo siguiente:<br \/>\n\u201cDe un gigante, que en el interior de su coraz\u00f3n viv\u00eda su hija. Ella representaba sus sentimientos positivos. Un d\u00eda el gigante cogi\u00f3 a su hija y le dijo que ya se ten\u00eda que ir. El gigante muri\u00f3 y se convirti\u00f3 en monta\u00f1a. Cuando la ni\u00f1a se fue del coraz\u00f3n del gigante, creci\u00f3 y se convirti\u00f3 en gigante. En el interior de su coraz\u00f3n crecieron esos valores que le ense\u00f1\u00f3 su padre. En el interior de su coraz\u00f3n creci\u00f3 su hijo.\u00a0\u00a0Ayud\u00f3 a pensar en el hecho de compartir esos buenos sentimientos, que transmiten \u00a0las familias\u201d.<\/h5>\n<h5><a href=\"http:\/\/&lt;div class=&quot;embed-vimeo&quot; style=&quot;text-align: center;&quot;&gt;&lt;iframe src=&quot;https:\/\/player.vimeo.com\/video\/82308532&quot; width=&quot;500&quot; height=&quot;375&quot; frameborder=&quot;0&quot; webkitallowfullscreen mozallowfullscreen allowfullscreen&gt;&lt;\/iframe&gt;&lt;\/div&gt;\"><div class=\"embed-vimeo\" style=\"text-align: center;\"><div class=\"a25-CTUOC-hidding-box\" data-original-content=\"&lt;iframe loading=&quot;lazy&quot; src=&quot;https:\/\/player.vimeo.com\/video\/82308532&quot; width=&quot;500&quot; height=&quot;375&quot; frameborder=&quot;0&quot; webkitallowfullscreen mozallowfullscreen allowfullscreen&gt;&lt;\/iframe&gt;\">Esta p\u00e1gina incluye contenido multimedia que requiere aceptar todas las cookies. Pulse aqu\u00ed para abrir la configuraci\u00f3n de cookies.<\/div><\/div><\/a><\/h5>\n<div id=\"gallery-6855-1-slideshow\">\n<p class=\"jetpack-slideshow-noscript robots-nocontent\">El pase de diapositivas requiere JavaScript.<\/p><div id=\"gallery-4361-1-slideshow\" class=\"jetpack-slideshow-window jetpack-slideshow jetpack-slideshow-black\" data-trans=\"fade\" data-autostart=\"1\" data-gallery=\"[{&quot;src&quot;:&quot;https:\\\/\\\/www.alqueria.es\\\/blogs\\\/alqueriaprimerciclo\\\/wp-content\\\/uploads\\\/sites\\\/6\\\/2014\\\/01\\\/img_0046.jpg&quot;,&quot;id&quot;:&quot;4381&quot;,&quot;title&quot;:&quot;IMG_0046&quot;,&quot;alt&quot;:&quot;&quot;,&quot;caption&quot;:&quot;&quot;,&quot;itemprop&quot;:&quot;image&quot;},{&quot;src&quot;:&quot;https:\\\/\\\/www.alqueria.es\\\/blogs\\\/alqueriaprimerciclo\\\/wp-content\\\/uploads\\\/sites\\\/6\\\/2014\\\/01\\\/img_0050.jpg&quot;,&quot;id&quot;:&quot;4383&quot;,&quot;title&quot;:&quot;IMG_0050&quot;,&quot;alt&quot;:&quot;&quot;,&quot;caption&quot;:&quot;&quot;,&quot;itemprop&quot;:&quot;image&quot;},{&quot;src&quot;:&quot;https:\\\/\\\/www.alqueria.es\\\/blogs\\\/alqueriaprimerciclo\\\/wp-content\\\/uploads\\\/sites\\\/6\\\/2014\\\/01\\\/p1300028.jpg&quot;,&quot;id&quot;:&quot;4382&quot;,&quot;title&quot;:&quot;OLYMPUS DIGITAL CAMERA&quot;,&quot;alt&quot;:&quot;&quot;,&quot;caption&quot;:&quot;&quot;,&quot;itemprop&quot;:&quot;image&quot;},{&quot;src&quot;:&quot;https:\\\/\\\/www.alqueria.es\\\/blogs\\\/alqueriaprimerciclo\\\/wp-content\\\/uploads\\\/sites\\\/6\\\/2014\\\/01\\\/img_0026.jpg&quot;,&quot;id&quot;:&quot;4378&quot;,&quot;title&quot;:&quot;IMG_0026&quot;,&quot;alt&quot;:&quot;&quot;,&quot;caption&quot;:&quot;&quot;,&quot;itemprop&quot;:&quot;image&quot;},{&quot;src&quot;:&quot;https:\\\/\\\/www.alqueria.es\\\/blogs\\\/alqueriaprimerciclo\\\/wp-content\\\/uploads\\\/sites\\\/6\\\/2014\\\/01\\\/img_0028.jpg&quot;,&quot;id&quot;:&quot;4379&quot;,&quot;title&quot;:&quot;IMG_0028&quot;,&quot;alt&quot;:&quot;&quot;,&quot;caption&quot;:&quot;&quot;,&quot;itemprop&quot;:&quot;image&quot;},{&quot;src&quot;:&quot;https:\\\/\\\/www.alqueria.es\\\/blogs\\\/alqueriaprimerciclo\\\/wp-content\\\/uploads\\\/sites\\\/6\\\/2014\\\/01\\\/img_00241.jpg&quot;,&quot;id&quot;:&quot;4380&quot;,&quot;title&quot;:&quot;IMG_0024&quot;,&quot;alt&quot;:&quot;&quot;,&quot;caption&quot;:&quot;&quot;,&quot;itemprop&quot;:&quot;image&quot;},{&quot;src&quot;:&quot;https:\\\/\\\/www.alqueria.es\\\/blogs\\\/alqueriaprimerciclo\\\/wp-content\\\/uploads\\\/sites\\\/6\\\/2014\\\/01\\\/foto3746.jpg&quot;,&quot;id&quot;:&quot;4377&quot;,&quot;title&quot;:&quot;Foto3746&quot;,&quot;alt&quot;:&quot;&quot;,&quot;caption&quot;:&quot;&quot;,&quot;itemprop&quot;:&quot;image&quot;},{&quot;src&quot;:&quot;https:\\\/\\\/www.alqueria.es\\\/blogs\\\/alqueriaprimerciclo\\\/wp-content\\\/uploads\\\/sites\\\/6\\\/2014\\\/01\\\/foto3745.jpg&quot;,&quot;id&quot;:&quot;4376&quot;,&quot;title&quot;:&quot;Foto3745&quot;,&quot;alt&quot;:&quot;&quot;,&quot;caption&quot;:&quot;&quot;,&quot;itemprop&quot;:&quot;image&quot;},{&quot;src&quot;:&quot;https:\\\/\\\/www.alqueria.es\\\/blogs\\\/alqueriaprimerciclo\\\/wp-content\\\/uploads\\\/sites\\\/6\\\/2014\\\/01\\\/img_0024.jpg&quot;,&quot;id&quot;:&quot;4375&quot;,&quot;title&quot;:&quot;IMG_0024&quot;,&quot;alt&quot;:&quot;&quot;,&quot;caption&quot;:&quot;&quot;,&quot;itemprop&quot;:&quot;image&quot;},{&quot;src&quot;:&quot;https:\\\/\\\/www.alqueria.es\\\/blogs\\\/alqueriaprimerciclo\\\/wp-content\\\/uploads\\\/sites\\\/6\\\/2014\\\/01\\\/foto3729.jpg&quot;,&quot;id&quot;:&quot;4372&quot;,&quot;title&quot;:&quot;Foto3729&quot;,&quot;alt&quot;:&quot;&quot;,&quot;caption&quot;:&quot;&quot;,&quot;itemprop&quot;:&quot;image&quot;},{&quot;src&quot;:&quot;https:\\\/\\\/www.alqueria.es\\\/blogs\\\/alqueriaprimerciclo\\\/wp-content\\\/uploads\\\/sites\\\/6\\\/2014\\\/01\\\/foto3735.jpg&quot;,&quot;id&quot;:&quot;4373&quot;,&quot;title&quot;:&quot;Foto3735&quot;,&quot;alt&quot;:&quot;&quot;,&quot;caption&quot;:&quot;&quot;,&quot;itemprop&quot;:&quot;image&quot;},{&quot;src&quot;:&quot;https:\\\/\\\/www.alqueria.es\\\/blogs\\\/alqueriaprimerciclo\\\/wp-content\\\/uploads\\\/sites\\\/6\\\/2014\\\/01\\\/foto3738.jpg&quot;,&quot;id&quot;:&quot;4374&quot;,&quot;title&quot;:&quot;Foto3738&quot;,&quot;alt&quot;:&quot;&quot;,&quot;caption&quot;:&quot;&quot;,&quot;itemprop&quot;:&quot;image&quot;},{&quot;src&quot;:&quot;https:\\\/\\\/www.alqueria.es\\\/blogs\\\/alqueriaprimerciclo\\\/wp-content\\\/uploads\\\/sites\\\/6\\\/2014\\\/01\\\/048.jpg&quot;,&quot;id&quot;:&quot;4371&quot;,&quot;title&quot;:&quot;048&quot;,&quot;alt&quot;:&quot;&quot;,&quot;caption&quot;:&quot;&quot;,&quot;itemprop&quot;:&quot;image&quot;},{&quot;src&quot;:&quot;https:\\\/\\\/www.alqueria.es\\\/blogs\\\/alqueriaprimerciclo\\\/wp-content\\\/uploads\\\/sites\\\/6\\\/2014\\\/01\\\/055.jpg&quot;,&quot;id&quot;:&quot;4370&quot;,&quot;title&quot;:&quot;055&quot;,&quot;alt&quot;:&quot;&quot;,&quot;caption&quot;:&quot;&quot;,&quot;itemprop&quot;:&quot;image&quot;},{&quot;src&quot;:&quot;https:\\\/\\\/www.alqueria.es\\\/blogs\\\/alqueriaprimerciclo\\\/wp-content\\\/uploads\\\/sites\\\/6\\\/2014\\\/01\\\/051.jpg&quot;,&quot;id&quot;:&quot;4369&quot;,&quot;title&quot;:&quot;051&quot;,&quot;alt&quot;:&quot;&quot;,&quot;caption&quot;:&quot;&quot;,&quot;itemprop&quot;:&quot;image&quot;},{&quot;src&quot;:&quot;https:\\\/\\\/www.alqueria.es\\\/blogs\\\/alqueriaprimerciclo\\\/wp-content\\\/uploads\\\/sites\\\/6\\\/2014\\\/01\\\/028.jpg&quot;,&quot;id&quot;:&quot;4365&quot;,&quot;title&quot;:&quot;028&quot;,&quot;alt&quot;:&quot;&quot;,&quot;caption&quot;:&quot;&quot;,&quot;itemprop&quot;:&quot;image&quot;},{&quot;src&quot;:&quot;https:\\\/\\\/www.alqueria.es\\\/blogs\\\/alqueriaprimerciclo\\\/wp-content\\\/uploads\\\/sites\\\/6\\\/2014\\\/01\\\/050.jpg&quot;,&quot;id&quot;:&quot;4368&quot;,&quot;title&quot;:&quot;050&quot;,&quot;alt&quot;:&quot;&quot;,&quot;caption&quot;:&quot;&quot;,&quot;itemprop&quot;:&quot;image&quot;}]\" itemscope itemtype=\"https:\/\/schema.org\/ImageGallery\"><\/div>\n<div><\/div>\n<\/div>\n<h5 align=\"center\">CONCLUSIONES DE LA PAZ.<\/h5>\n<p>El grupo de 6\u00ba ha recogido todas las ideas de los compa\u00f1eros y compa\u00f1eras de todos los grupos:<\/p>\n<h5>1. La paz comienza en uno mismo.<\/h5>\n<ul>\n<li>\n<h5>No hacer da\u00f1o, ni a personas ni a animales.<\/h5>\n<\/li>\n<li>\n<h5>Antes de intentar decir a los dem\u00e1s lo que tienen que hacer, comienza por hacerlo bien t\u00fa mismo.<\/h5>\n<\/li>\n<li>\n<h5>No hagas a los dem\u00e1s lo que no te gustar\u00eda que te hagan.<\/h5>\n<\/li>\n<\/ul>\n<h5>2. Sin violencia se est\u00e1 mejor.<\/h5>\n<ul>\n<li>\n<h5>No insultar, y mucho menos a las espaldas.<\/h5>\n<\/li>\n<li>\n<h5>La violencia genera m\u00e1s violencia.<\/h5>\n<\/li>\n<li>\n<h5>La violencia no conduce a ning\u00fan camino.<\/h5>\n<\/li>\n<\/ul>\n<h5>3. Consecuencias negativas de la violencia.<\/h5>\n<ul>\n<li>\n<h5>El conflicto es la principal consecuencia de la violencia.<\/h5>\n<\/li>\n<li>\n<h5>El sufrimiento de las personas es otra causa de la violencia.<\/h5>\n<\/li>\n<li>\n<h5>La tristeza, la enemistad y tratos negativos son consecuencias de la violencia.<\/h5>\n<\/li>\n<\/ul>\n<h5>4. Causas de la violencia.<\/h5>\n<ul>\n<li>\n<h5>El racismo, las diferentes ideas religiosas, las luchas por el poder y el territorio son causas de la violencia en el mundo.<\/h5>\n<\/li>\n<li>\n<h5><strong>En nuestro colegio rechazar a los compa\u00f1eros, enga\u00f1ar, no compartir los espacios, chinchar, insultar\u2026 todo esto genera violencia.<\/strong><\/h5>\n<\/li>\n<\/ul>\n<h5>5. \u00bfQu\u00e9 es la paz?<\/h5>\n<ul>\n<li>\n<h5>La paz es la convivencia positiva, con respeto entre todos.<\/h5>\n<\/li>\n<li>\n<h5>La paz es la no violencia y la no guerra.<\/h5>\n<\/li>\n<\/ul>\n<h5>6. \u00bfPor qu\u00e9 es necesaria la paz?<\/h5>\n<ul>\n<li>\n<h5>La paz es necesaria para convivir de manera positiva con los dem\u00e1s y para que no haya conflictos negativos. Es necesaria para crecer con buenos valores, educaci\u00f3n, en un ambiente saludable.<\/h5>\n<\/li>\n<\/ul>\n<h5>7. C\u00f3mo conseguimos de la paz.<\/h5>\n<ul>\n<li>\n<h5>La paz se consigue con tranquilidad, compa\u00f1er\u00edsmo, respeto, saber perdonar y pedir disculpas, confianza, el juego limpio, ayudarse.<\/h5>\n<\/li>\n<\/ul>\n<h5>8. Conclusiones.<\/h5>\n<ul>\n<li>\n<h5>La paz hace sentirse bien, ser libre, poder pensar lo que quieras, pero sin faltar el respeto y ser buen compa\u00f1ero.<\/h5>\n<\/li>\n<li>\n<h5>La paz comienza en t\u00ed mismo tienes que compartirla con los que te rodean.<\/h5>\n<\/li>\n<\/ul>\n<p>Fue una actividad muy interesante en la que hubo reflexiones realmente cr\u00edticas y constructivas. Ahora seguiremos trabajando<a id=\"_GPLITA_2\" title=\"Click to Continue &gt; by Sense\" href=\"http:\/\/alqueriasegundociclo.wordpress.com\/#\">para<img decoding=\"async\" alt=\"\" src=\"https:\/\/cloud.alqueria.es\/wp-content\/uploads\/sites\/6\/2014\/02\/arrow-10x105.png\" \/><\/a>\u00a0que se lleven a cabo en la vida diaria.<\/p>\n<p>Centr\u00e1ndonos en la buena convivencia, indispensable para un ambiente de paz, vimos la necesidad de hacer un recordatorio de la normativa del cole. La comunidad educativa al completo (alumnado, familias y\u00a0<a id=\"_GPLITA_1\" title=\"Click to Continue &gt; by Sense\" href=\"http:\/\/alqueriasegundociclo.wordpress.com\/#\">personal<img decoding=\"async\" alt=\"\" src=\"https:\/\/cloud.alqueria.es\/wp-content\/uploads\/sites\/6\/2014\/02\/arrow-10x105.png\" \/><\/a>\u00a0del centro) somos responsables del buen comportamiento y el cumplimiento de las normas \u00a1colaboremos para que se cumplan! As\u00ed, os agradecemos la puntualidad a la entrada y salida del centro, el uso adecuado de materiales y espacios en la recogida, el respeto al horario de atenci\u00f3n a familias (sois muchas familias y nos gusta tener comunicaci\u00f3n peri\u00f3dica con todas), la despedida al tutor y la tutora en la recogida de las cinco, as\u00ed como todas aquellas que forman parte de la normativa del centro, muy especialmente aquellas que ponen en peligro la seguridad de cualquier miembro de la comunidad.<\/p>\n<p>Os deseamos un buen fin de semana.<\/p>\n<p style=\"text-align:center\">Rosi y Dar\u00eda<\/p>\n<p style=\"text-align:center\">\n","protected":false},"excerpt":{"rendered":"<p>\u00a0 Hemos \u00a0celebrado en el colegio el d\u00eda internacional de\u00a0la Paz. Se realiz\u00f3 una actividad en la que se mezclaron los grupos de infantil y primaria. La actividad fue la siguiente: Siluetas de los pies en un folio. En la silueta derecha (pie derecho),pusieron las cosas positivas, lo que cada uno y una cree que\u00a0tiene\u00a0de &hellip; <a href=\"https:\/\/www.alqueria.es\/blogs\/alqueriaprimerciclo\/2014\/02\/01\/dia-de-la-paz\/\" class=\"more-link\">Seguir leyendo <span class=\"screen-reader-text\">D\u00eda de la Paz<\/span> <span class=\"meta-nav\">&rarr;<\/span><\/a><\/p>\n","protected":false},"author":3,"featured_media":0,"comment_status":"open","ping_status":"open","sticky":false,"template":"","format":"standard","meta":{"jetpack_post_was_ever_published":false,"_jetpack_newsletter_access":"","_jetpack_dont_email_post_to_subs":false,"_jetpack_newsletter_tier_id":0,"_jetpack_memberships_contains_paywalled_content":false,"_jetpack_memberships_contains_paid_content":false,"footnotes":"","jetpack_publicize_message":"","jetpack_publicize_feature_enabled":true,"jetpack_social_post_already_shared":false,"jetpack_social_options":{"image_generator_settings":{"template":"highway","default_image_id":0,"font":"","enabled":false},"version":2}},"categories":[2,3],"tags":[38],"class_list":["post-4361","post","type-post","status-publish","format-standard","hentry","category-1o-epo","category-2o-epo","tag-dia-de-la-paz"],"jetpack_publicize_connections":[],"jetpack_featured_media_url":"","jetpack_sharing_enabled":true,"jetpack_shortlink":"https:\/\/wp.me\/p4lvS0-18l","_links":{"self":[{"href":"https:\/\/www.alqueria.es\/blogs\/alqueriaprimerciclo\/wp-json\/wp\/v2\/posts\/4361","targetHints":{"allow":["GET"]}}],"collection":[{"href":"https:\/\/www.alqueria.es\/blogs\/alqueriaprimerciclo\/wp-json\/wp\/v2\/posts"}],"about":[{"href":"https:\/\/www.alqueria.es\/blogs\/alqueriaprimerciclo\/wp-json\/wp\/v2\/types\/post"}],"author":[{"embeddable":true,"href":"https:\/\/www.alqueria.es\/blogs\/alqueriaprimerciclo\/wp-json\/wp\/v2\/users\/3"}],"replies":[{"embeddable":true,"href":"https:\/\/www.alqueria.es\/blogs\/alqueriaprimerciclo\/wp-json\/wp\/v2\/comments?post=4361"}],"version-history":[{"count":0,"href":"https:\/\/www.alqueria.es\/blogs\/alqueriaprimerciclo\/wp-json\/wp\/v2\/posts\/4361\/revisions"}],"wp:attachment":[{"href":"https:\/\/www.alqueria.es\/blogs\/alqueriaprimerciclo\/wp-json\/wp\/v2\/media?parent=4361"}],"wp:term":[{"taxonomy":"category","embeddable":true,"href":"https:\/\/www.alqueria.es\/blogs\/alqueriaprimerciclo\/wp-json\/wp\/v2\/categories?post=4361"},{"taxonomy":"post_tag","embeddable":true,"href":"https:\/\/www.alqueria.es\/blogs\/alqueriaprimerciclo\/wp-json\/wp\/v2\/tags?post=4361"}],"curies":[{"name":"wp","href":"https:\/\/api.w.org\/{rel}","templated":true}]}}