{"id":44257,"date":"2026-04-26T15:03:52","date_gmt":"2026-04-26T13:03:52","guid":{"rendered":"https:\/\/www.alqueria.es\/blogs\/alqueriaprimerciclo\/?p=44257"},"modified":"2026-04-26T15:05:55","modified_gmt":"2026-04-26T13:05:55","slug":"dia-del-libro-en-primero","status":"publish","type":"post","link":"https:\/\/www.alqueria.es\/blogs\/alqueriaprimerciclo\/2026\/04\/26\/dia-del-libro-en-primero\/","title":{"rendered":"D\u00eda del libro en primero"},"content":{"rendered":"<p>Esta semana celebramos\u00a0 dos fechas muy significativas<strong><span style=\"color: #000000\">, <\/span><span style=\"color: #0000ff\"><strong><span style=\"color: #000000\">el d\u00eda<\/span><\/strong> 22 de abril se celebra\u00a0 el D\u00eda mundial de la Tierra<\/span><\/strong> , y <strong><span style=\"color: #000000\">el d\u00eda<\/span><\/strong> <strong><span style=\"color: #ff00ff\">23 de abril\u00a0 d\u00eda del libro .<\/span><\/strong><\/p>\n<p>C\u00f3mo homenaje hemos iniciado la lectura del libro: <span style=\"color: #0000ff\">\u00abSi vienes a la tierra \u00ab<\/span>.<img decoding=\"async\" data-attachment-id=\"34231\" data-permalink=\"https:\/\/www.alqueria.es\/blogs\/alqueriaprimerciclo\/2023\/04\/29\/celebrando-el-dia-del-libro-en-primero\/img_20230429_130833\/\" data-orig-file=\"https:\/\/cloud.alqueria.es\/wp-content\/uploads\/sites\/6\/2023\/04\/IMG_20230429_130833.jpg\" data-orig-size=\"1080,1346\" data-comments-opened=\"1\" data-image-meta=\"{&quot;aperture&quot;:&quot;0&quot;,&quot;credit&quot;:&quot;&quot;,&quot;camera&quot;:&quot;&quot;,&quot;caption&quot;:&quot;&quot;,&quot;created_timestamp&quot;:&quot;0&quot;,&quot;copyright&quot;:&quot;&quot;,&quot;focal_length&quot;:&quot;0&quot;,&quot;iso&quot;:&quot;0&quot;,&quot;shutter_speed&quot;:&quot;0&quot;,&quot;title&quot;:&quot;&quot;,&quot;orientation&quot;:&quot;0&quot;}\" data-image-title=\"IMG_20230429_130833\" data-image-description=\"\" data-image-caption=\"\" data-large-file=\"https:\/\/cloud.alqueria.es\/wp-content\/uploads\/sites\/6\/2023\/04\/IMG_20230429_130833-822x1024.jpg\" class=\"alignnone wp-image-34231 lazyautosizes lazyloaded\" src=\"https:\/\/cloud.alqueria.es\/wp-content\/uploads\/sites\/6\/2023\/04\/IMG_20230429_130833-822x1024.jpg\" alt=\"\" width=\"337\" height=\"420\" data-attachment-id=\"34231\" data-permalink=\"https:\/\/www.alqueria.es\/blogs\/alqueriaprimerciclo\/2023\/04\/29\/celebrando-el-dia-del-libro-en-primero\/img_20230429_130833\/\" data-orig-file=\"https:\/\/cloud.alqueria.es\/wp-content\/uploads\/sites\/6\/2023\/04\/IMG_20230429_130833.jpg\" data-orig-size=\"1080,1346\" data-comments-opened=\"1\" data-image-meta=\"{&quot;aperture&quot;:&quot;0&quot;,&quot;credit&quot;:&quot;&quot;,&quot;camera&quot;:&quot;&quot;,&quot;caption&quot;:&quot;&quot;,&quot;created_timestamp&quot;:&quot;0&quot;,&quot;copyright&quot;:&quot;&quot;,&quot;focal_length&quot;:&quot;0&quot;,&quot;iso&quot;:&quot;0&quot;,&quot;shutter_speed&quot;:&quot;0&quot;,&quot;title&quot;:&quot;&quot;,&quot;orientation&quot;:&quot;0&quot;}\" data-image-title=\"IMG_20230429_130833\" data-image-description=\"\" data-image-caption=\"\" data-large-file=\"https:\/\/cloud.alqueria.es\/wp-content\/uploads\/sites\/6\/2023\/04\/IMG_20230429_130833-822x1024.jpg\" data-src=\"https:\/\/cloud.alqueria.es\/wp-content\/uploads\/sites\/6\/2023\/04\/IMG_20230429_130833-822x1024.jpg\" data-srcset=\"https:\/\/cloud.alqueria.es\/wp-content\/uploads\/sites\/6\/2023\/04\/IMG_20230429_130833-822x1024.jpg 822w, https:\/\/cloud.alqueria.es\/wp-content\/uploads\/sites\/6\/2023\/04\/IMG_20230429_130833-241x300.jpg 241w, https:\/\/cloud.alqueria.es\/wp-content\/uploads\/sites\/6\/2023\/04\/IMG_20230429_130833-768x957.jpg 768w, https:\/\/cloud.alqueria.es\/wp-content\/uploads\/sites\/6\/2023\/04\/IMG_20230429_130833.jpg 1080w\" data-sizes=\"auto\" data-eio-rwidth=\"822\" data-eio-rheight=\"1024\" srcset=\"https:\/\/cloud.alqueria.es\/wp-content\/uploads\/sites\/6\/2023\/04\/IMG_20230429_130833-822x1024.jpg 822w, https:\/\/cloud.alqueria.es\/wp-content\/uploads\/sites\/6\/2023\/04\/IMG_20230429_130833-241x300.jpg 241w, https:\/\/cloud.alqueria.es\/wp-content\/uploads\/sites\/6\/2023\/04\/IMG_20230429_130833-768x957.jpg 768w, https:\/\/cloud.alqueria.es\/wp-content\/uploads\/sites\/6\/2023\/04\/IMG_20230429_130833.jpg 1080w\" sizes=\"(max-width: 337px) 100vw, 337px\" \/><\/p>\n<p>Es una bonita historia de las maravillas que podemos disfrutar en nuestro planeta:<\/p>\n<blockquote><p>Si vienes a la Tierra, hay algunas cosas que tienes que saber. Vivimos en todo tipo de sitios. En todo tipo de casas. En todo tipo de familias. Cada uno de nosotros es distinto. Pero todos somos asombrosos. Y, juntos, compartimos un hermoso planeta.<\/p>\n<p>Sophie\u00a0 Blackall , inspirada por los miles de ni\u00f1os que ha conocido en sus viajes por el mundo en apoyo de UNICEF y Save the Children, ha creado una preciosa gu\u00eda a nuestro planeta. Mucho m\u00e1s que un simple compendio, es una invitaci\u00f3n a todos a cuidar tanto de la Tierra como de los dem\u00e1s.<\/p><\/blockquote>\n<p>Mantenemos vivo el trabajo en nuestro centro, acerca\u00a0 del cuidado del medioambiente,\u00a0 desde la literatura tambi\u00e9n.<\/p>\n<p>Celebramos <strong><span style=\"color: #ff00ff\">El\u00a0d\u00eda del libro<\/span><\/strong><\/p>\n<p><strong>El <span style=\"color: #ff00ff\">23 de abril<\/span><\/strong> celebramos\u00a0 el <strong><span class=\"hover:entity-accent entity-underline inline cursor-pointer align-baseline\"><span class=\"whitespace-normal\">D\u00eda del Libro<\/span><\/span><\/strong>, una fecha especial\u00a0 que se eligi\u00f3\u00a0 por\u00a0 coincidir con el fallecimiento de\u00a0 Miguel de Cervantes y William Shakespeare.<\/p>\n<p>Para celebrarlo en la clase de primero disfrutamos de varias actividades<\/p>\n<p>Presentamos a nuestros compa\u00f1eros <strong><span style=\"color: #ff00ff\">nuestro libro favorito<\/span><\/strong>, explicamos porqu\u00e9 es ese en concreto el que m\u00e1s nos gusta, leemos un poquito para saber de qu\u00e9 trata, ense\u00f1amos las im\u00e1genes de la parte favorita, los compartimos para verlos\u2026<\/p>\n<div data-carousel-extra='{&quot;blog_id&quot;:6,&quot;permalink&quot;:&quot;https:\/\/www.alqueria.es\/blogs\/alqueriaprimerciclo\/2026\/04\/26\/dia-del-libro-en-primero\/&quot;}' id='gallery-1' class='gallery galleryid-44257 gallery-columns-3 gallery-size-thumbnail'><figure class='gallery-item'>\n\t\t\t<div class='gallery-icon portrait'>\n\t\t\t\t<a href='https:\/\/www.alqueria.es\/blogs\/alqueriaprimerciclo\/2026\/04\/26\/dia-del-libro-en-primero\/mvimg_20260423_162909\/'><img decoding=\"async\" width=\"150\" height=\"150\" src=\"https:\/\/cloud.alqueria.es\/wp-content\/uploads\/sites\/6\/2026\/04\/MVIMG_20260423_162909-150x150.jpg\" class=\"attachment-thumbnail size-thumbnail\" alt=\"\" data-attachment-id=\"44276\" data-permalink=\"https:\/\/www.alqueria.es\/blogs\/alqueriaprimerciclo\/2026\/04\/26\/dia-del-libro-en-primero\/mvimg_20260423_162909\/\" data-orig-file=\"https:\/\/cloud.alqueria.es\/wp-content\/uploads\/sites\/6\/2026\/04\/MVIMG_20260423_162909.jpg\" data-orig-size=\"1654,2500\" data-comments-opened=\"1\" data-image-meta=\"{&quot;aperture&quot;:&quot;1.5&quot;,&quot;credit&quot;:&quot;&quot;,&quot;camera&quot;:&quot;POCO X7 Pro&quot;,&quot;caption&quot;:&quot;&quot;,&quot;created_timestamp&quot;:&quot;1776961749&quot;,&quot;copyright&quot;:&quot;&quot;,&quot;focal_length&quot;:&quot;4.941&quot;,&quot;iso&quot;:&quot;640&quot;,&quot;shutter_speed&quot;:&quot;0.030016954&quot;,&quot;title&quot;:&quot;&quot;,&quot;orientation&quot;:&quot;1&quot;}\" data-image-title=\"MVIMG_20260423_162909\" data-image-description=\"\" data-image-caption=\"\" data-large-file=\"https:\/\/cloud.alqueria.es\/wp-content\/uploads\/sites\/6\/2026\/04\/MVIMG_20260423_162909-677x1024.jpg\" \/><\/a>\n\t\t\t<\/div><\/figure><figure class='gallery-item'>\n\t\t\t<div class='gallery-icon portrait'>\n\t\t\t\t<a href='https:\/\/www.alqueria.es\/blogs\/alqueriaprimerciclo\/2026\/04\/26\/dia-del-libro-en-primero\/mvimg_20260420_160836\/'><img decoding=\"async\" width=\"150\" height=\"150\" src=\"https:\/\/cloud.alqueria.es\/wp-content\/uploads\/sites\/6\/2026\/04\/MVIMG_20260420_160836-150x150.jpg\" class=\"attachment-thumbnail size-thumbnail\" alt=\"\" data-attachment-id=\"44277\" data-permalink=\"https:\/\/www.alqueria.es\/blogs\/alqueriaprimerciclo\/2026\/04\/26\/dia-del-libro-en-primero\/mvimg_20260420_160836\/\" data-orig-file=\"https:\/\/cloud.alqueria.es\/wp-content\/uploads\/sites\/6\/2026\/04\/MVIMG_20260420_160836.jpg\" data-orig-size=\"1833,2500\" data-comments-opened=\"1\" data-image-meta=\"{&quot;aperture&quot;:&quot;1.5&quot;,&quot;credit&quot;:&quot;&quot;,&quot;camera&quot;:&quot;POCO X7 Pro&quot;,&quot;caption&quot;:&quot;&quot;,&quot;created_timestamp&quot;:&quot;1776701316&quot;,&quot;copyright&quot;:&quot;&quot;,&quot;focal_length&quot;:&quot;4.941&quot;,&quot;iso&quot;:&quot;800&quot;,&quot;shutter_speed&quot;:&quot;0.02001703&quot;,&quot;title&quot;:&quot;&quot;,&quot;orientation&quot;:&quot;1&quot;}\" data-image-title=\"MVIMG_20260420_160836\" data-image-description=\"\" data-image-caption=\"\" data-large-file=\"https:\/\/cloud.alqueria.es\/wp-content\/uploads\/sites\/6\/2026\/04\/MVIMG_20260420_160836-751x1024.jpg\" \/><\/a>\n\t\t\t<\/div><\/figure><figure class='gallery-item'>\n\t\t\t<div class='gallery-icon portrait'>\n\t\t\t\t<a href='https:\/\/www.alqueria.es\/blogs\/alqueriaprimerciclo\/2026\/04\/26\/dia-del-libro-en-primero\/mvimg_20260423_162423\/'><img decoding=\"async\" width=\"150\" height=\"150\" src=\"https:\/\/cloud.alqueria.es\/wp-content\/uploads\/sites\/6\/2026\/04\/MVIMG_20260423_162423-150x150.jpg\" class=\"attachment-thumbnail size-thumbnail\" alt=\"\" data-attachment-id=\"44278\" data-permalink=\"https:\/\/www.alqueria.es\/blogs\/alqueriaprimerciclo\/2026\/04\/26\/dia-del-libro-en-primero\/mvimg_20260423_162423\/\" data-orig-file=\"https:\/\/cloud.alqueria.es\/wp-content\/uploads\/sites\/6\/2026\/04\/MVIMG_20260423_162423.jpg\" data-orig-size=\"2035,2500\" data-comments-opened=\"1\" data-image-meta=\"{&quot;aperture&quot;:&quot;1.5&quot;,&quot;credit&quot;:&quot;&quot;,&quot;camera&quot;:&quot;POCO X7 Pro&quot;,&quot;caption&quot;:&quot;&quot;,&quot;created_timestamp&quot;:&quot;1776961463&quot;,&quot;copyright&quot;:&quot;&quot;,&quot;focal_length&quot;:&quot;4.941&quot;,&quot;iso&quot;:&quot;800&quot;,&quot;shutter_speed&quot;:&quot;0.02001703&quot;,&quot;title&quot;:&quot;&quot;,&quot;orientation&quot;:&quot;1&quot;}\" data-image-title=\"MVIMG_20260423_162423\" data-image-description=\"\" data-image-caption=\"\" data-large-file=\"https:\/\/cloud.alqueria.es\/wp-content\/uploads\/sites\/6\/2026\/04\/MVIMG_20260423_162423-834x1024.jpg\" \/><\/a>\n\t\t\t<\/div><\/figure><figure class='gallery-item'>\n\t\t\t<div class='gallery-icon portrait'>\n\t\t\t\t<a href='https:\/\/www.alqueria.es\/blogs\/alqueriaprimerciclo\/2026\/04\/26\/dia-del-libro-en-primero\/mvimg_20260423_162027_1\/'><img decoding=\"async\" width=\"150\" height=\"150\" src=\"https:\/\/cloud.alqueria.es\/wp-content\/uploads\/sites\/6\/2026\/04\/MVIMG_20260423_162027_1-150x150.jpg\" class=\"attachment-thumbnail size-thumbnail\" alt=\"\" data-attachment-id=\"44279\" data-permalink=\"https:\/\/www.alqueria.es\/blogs\/alqueriaprimerciclo\/2026\/04\/26\/dia-del-libro-en-primero\/mvimg_20260423_162027_1\/\" data-orig-file=\"https:\/\/cloud.alqueria.es\/wp-content\/uploads\/sites\/6\/2026\/04\/MVIMG_20260423_162027_1.jpg\" data-orig-size=\"2049,2500\" data-comments-opened=\"1\" data-image-meta=\"{&quot;aperture&quot;:&quot;1.5&quot;,&quot;credit&quot;:&quot;&quot;,&quot;camera&quot;:&quot;POCO X7 Pro&quot;,&quot;caption&quot;:&quot;&quot;,&quot;created_timestamp&quot;:&quot;1776961227&quot;,&quot;copyright&quot;:&quot;&quot;,&quot;focal_length&quot;:&quot;4.941&quot;,&quot;iso&quot;:&quot;800&quot;,&quot;shutter_speed&quot;:&quot;0.030016954&quot;,&quot;title&quot;:&quot;&quot;,&quot;orientation&quot;:&quot;1&quot;}\" data-image-title=\"MVIMG_20260423_162027_1\" data-image-description=\"\" data-image-caption=\"\" data-large-file=\"https:\/\/cloud.alqueria.es\/wp-content\/uploads\/sites\/6\/2026\/04\/MVIMG_20260423_162027_1-839x1024.jpg\" \/><\/a>\n\t\t\t<\/div><\/figure><figure class='gallery-item'>\n\t\t\t<div class='gallery-icon portrait'>\n\t\t\t\t<a href='https:\/\/www.alqueria.es\/blogs\/alqueriaprimerciclo\/2026\/04\/26\/dia-del-libro-en-primero\/mvimg_20260423_163347_1\/'><img decoding=\"async\" width=\"150\" height=\"150\" src=\"https:\/\/cloud.alqueria.es\/wp-content\/uploads\/sites\/6\/2026\/04\/MVIMG_20260423_163347_1-150x150.jpg\" class=\"attachment-thumbnail size-thumbnail\" alt=\"\" data-attachment-id=\"44280\" data-permalink=\"https:\/\/www.alqueria.es\/blogs\/alqueriaprimerciclo\/2026\/04\/26\/dia-del-libro-en-primero\/mvimg_20260423_163347_1\/\" data-orig-file=\"https:\/\/cloud.alqueria.es\/wp-content\/uploads\/sites\/6\/2026\/04\/MVIMG_20260423_163347_1.jpg\" data-orig-size=\"1225,2500\" data-comments-opened=\"1\" data-image-meta=\"{&quot;aperture&quot;:&quot;1.5&quot;,&quot;credit&quot;:&quot;&quot;,&quot;camera&quot;:&quot;POCO X7 Pro&quot;,&quot;caption&quot;:&quot;&quot;,&quot;created_timestamp&quot;:&quot;1776962028&quot;,&quot;copyright&quot;:&quot;&quot;,&quot;focal_length&quot;:&quot;4.941&quot;,&quot;iso&quot;:&quot;1000&quot;,&quot;shutter_speed&quot;:&quot;0.010008515&quot;,&quot;title&quot;:&quot;&quot;,&quot;orientation&quot;:&quot;1&quot;}\" data-image-title=\"MVIMG_20260423_163347_1\" data-image-description=\"\" data-image-caption=\"\" data-large-file=\"https:\/\/cloud.alqueria.es\/wp-content\/uploads\/sites\/6\/2026\/04\/MVIMG_20260423_163347_1-502x1024.jpg\" \/><\/a>\n\t\t\t<\/div><\/figure><figure class='gallery-item'>\n\t\t\t<div class='gallery-icon portrait'>\n\t\t\t\t<a href='https:\/\/www.alqueria.es\/blogs\/alqueriaprimerciclo\/2026\/04\/26\/dia-del-libro-en-primero\/mvimg_20260423_163502\/'><img decoding=\"async\" width=\"150\" height=\"150\" src=\"https:\/\/cloud.alqueria.es\/wp-content\/uploads\/sites\/6\/2026\/04\/MVIMG_20260423_163502-150x150.jpg\" class=\"attachment-thumbnail size-thumbnail\" alt=\"\" data-attachment-id=\"44281\" data-permalink=\"https:\/\/www.alqueria.es\/blogs\/alqueriaprimerciclo\/2026\/04\/26\/dia-del-libro-en-primero\/mvimg_20260423_163502\/\" data-orig-file=\"https:\/\/cloud.alqueria.es\/wp-content\/uploads\/sites\/6\/2026\/04\/MVIMG_20260423_163502.jpg\" data-orig-size=\"1239,2500\" data-comments-opened=\"1\" data-image-meta=\"{&quot;aperture&quot;:&quot;1.5&quot;,&quot;credit&quot;:&quot;&quot;,&quot;camera&quot;:&quot;POCO X7 Pro&quot;,&quot;caption&quot;:&quot;&quot;,&quot;created_timestamp&quot;:&quot;1776962102&quot;,&quot;copyright&quot;:&quot;&quot;,&quot;focal_length&quot;:&quot;4.941&quot;,&quot;iso&quot;:&quot;640&quot;,&quot;shutter_speed&quot;:&quot;0.02001703&quot;,&quot;title&quot;:&quot;&quot;,&quot;orientation&quot;:&quot;1&quot;}\" data-image-title=\"MVIMG_20260423_163502\" data-image-description=\"\" data-image-caption=\"\" data-large-file=\"https:\/\/cloud.alqueria.es\/wp-content\/uploads\/sites\/6\/2026\/04\/MVIMG_20260423_163502-507x1024.jpg\" \/><\/a>\n\t\t\t<\/div><\/figure><figure class='gallery-item'>\n\t\t\t<div class='gallery-icon portrait'>\n\t\t\t\t<a href='https:\/\/www.alqueria.es\/blogs\/alqueriaprimerciclo\/2026\/04\/26\/dia-del-libro-en-primero\/mvimg_20260423_161625\/'><img decoding=\"async\" width=\"150\" height=\"150\" src=\"https:\/\/cloud.alqueria.es\/wp-content\/uploads\/sites\/6\/2026\/04\/MVIMG_20260423_161625-150x150.jpg\" class=\"attachment-thumbnail size-thumbnail\" alt=\"\" data-attachment-id=\"44282\" data-permalink=\"https:\/\/www.alqueria.es\/blogs\/alqueriaprimerciclo\/2026\/04\/26\/dia-del-libro-en-primero\/mvimg_20260423_161625\/\" data-orig-file=\"https:\/\/cloud.alqueria.es\/wp-content\/uploads\/sites\/6\/2026\/04\/MVIMG_20260423_161625.jpg\" data-orig-size=\"1619,2500\" data-comments-opened=\"1\" data-image-meta=\"{&quot;aperture&quot;:&quot;1.5&quot;,&quot;credit&quot;:&quot;&quot;,&quot;camera&quot;:&quot;POCO X7 Pro&quot;,&quot;caption&quot;:&quot;&quot;,&quot;created_timestamp&quot;:&quot;1776960985&quot;,&quot;copyright&quot;:&quot;&quot;,&quot;focal_length&quot;:&quot;4.941&quot;,&quot;iso&quot;:&quot;500&quot;,&quot;shutter_speed&quot;:&quot;0.030016954&quot;,&quot;title&quot;:&quot;&quot;,&quot;orientation&quot;:&quot;1&quot;}\" data-image-title=\"MVIMG_20260423_161625\" data-image-description=\"\" data-image-caption=\"\" data-large-file=\"https:\/\/cloud.alqueria.es\/wp-content\/uploads\/sites\/6\/2026\/04\/MVIMG_20260423_161625-663x1024.jpg\" \/><\/a>\n\t\t\t<\/div><\/figure>\n\t\t<\/div>\n\n<p><span style=\"color: #ff00ff\"><strong>Escritura creativa: Cuento cooperativo sobre la torre del jard\u00edn .<\/strong><\/span><\/p>\n<p>Escribimos un cuento entre todos.\u00abEl monstruo de la torre\u00bb. Imaginamos y creamos una historia sobre esa torre que misteriosamente tiene una puerta , de estilo arquitect\u00f3nico \u00e1rabe, tapiada y con\u00a0 ventanas decoradas, almenas, una escalera y un saliente. Detalles que nos hacen imaginar entre todos , aportando cada uno un personaje, acci\u00f3n , trama con misterio, y soluci\u00f3n de la trama planteada.<\/p>\n<p>En breve podr\u00e9is tenerlo en vuestras manos pues est\u00e1 en proceso de impresi\u00f3n.<\/p>\n<p><img decoding=\"async\" data-attachment-id=\"44283\" data-permalink=\"https:\/\/www.alqueria.es\/blogs\/alqueriaprimerciclo\/2026\/04\/26\/dia-del-libro-en-primero\/mvimg_20260420_154305\/\" data-orig-file=\"https:\/\/cloud.alqueria.es\/wp-content\/uploads\/sites\/6\/2026\/04\/MVIMG_20260420_154305.jpg\" data-orig-size=\"2179,2500\" data-comments-opened=\"1\" data-image-meta=\"{&quot;aperture&quot;:&quot;1.5&quot;,&quot;credit&quot;:&quot;&quot;,&quot;camera&quot;:&quot;POCO X7 Pro&quot;,&quot;caption&quot;:&quot;&quot;,&quot;created_timestamp&quot;:&quot;1776699786&quot;,&quot;copyright&quot;:&quot;&quot;,&quot;focal_length&quot;:&quot;4.941&quot;,&quot;iso&quot;:&quot;500&quot;,&quot;shutter_speed&quot;:&quot;0.030016954&quot;,&quot;title&quot;:&quot;&quot;,&quot;orientation&quot;:&quot;1&quot;}\" data-image-title=\"MVIMG_20260420_154305\" data-image-description=\"\" data-image-caption=\"\" data-large-file=\"https:\/\/cloud.alqueria.es\/wp-content\/uploads\/sites\/6\/2026\/04\/MVIMG_20260420_154305-893x1024.jpg\" class=\"alignnone size-medium wp-image-44283\" src=\"https:\/\/cloud.alqueria.es\/wp-content\/uploads\/sites\/6\/2026\/04\/MVIMG_20260420_154305-261x300.jpg\" alt=\"\" width=\"261\" height=\"300\" srcset=\"https:\/\/cloud.alqueria.es\/wp-content\/uploads\/sites\/6\/2026\/04\/MVIMG_20260420_154305-261x300.jpg 261w, https:\/\/cloud.alqueria.es\/wp-content\/uploads\/sites\/6\/2026\/04\/MVIMG_20260420_154305-893x1024.jpg 893w, https:\/\/cloud.alqueria.es\/wp-content\/uploads\/sites\/6\/2026\/04\/MVIMG_20260420_154305-768x881.jpg 768w, https:\/\/cloud.alqueria.es\/wp-content\/uploads\/sites\/6\/2026\/04\/MVIMG_20260420_154305-1339x1536.jpg 1339w, https:\/\/cloud.alqueria.es\/wp-content\/uploads\/sites\/6\/2026\/04\/MVIMG_20260420_154305-1785x2048.jpg 1785w\" sizes=\"(max-width: 261px) 100vw, 261px\" \/><img decoding=\"async\" data-attachment-id=\"44284\" data-permalink=\"https:\/\/www.alqueria.es\/blogs\/alqueriaprimerciclo\/2026\/04\/26\/dia-del-libro-en-primero\/mvimg_20260423_180030\/\" data-orig-file=\"https:\/\/cloud.alqueria.es\/wp-content\/uploads\/sites\/6\/2026\/04\/MVIMG_20260423_180030.jpg\" data-orig-size=\"1809,2500\" data-comments-opened=\"1\" data-image-meta=\"{&quot;aperture&quot;:&quot;1.5&quot;,&quot;credit&quot;:&quot;&quot;,&quot;camera&quot;:&quot;POCO X7 Pro&quot;,&quot;caption&quot;:&quot;&quot;,&quot;created_timestamp&quot;:&quot;1776967231&quot;,&quot;copyright&quot;:&quot;&quot;,&quot;focal_length&quot;:&quot;4.941&quot;,&quot;iso&quot;:&quot;500&quot;,&quot;shutter_speed&quot;:&quot;0.02001703&quot;,&quot;title&quot;:&quot;&quot;,&quot;orientation&quot;:&quot;1&quot;}\" data-image-title=\"MVIMG_20260423_180030\" data-image-description=\"\" data-image-caption=\"\" data-large-file=\"https:\/\/cloud.alqueria.es\/wp-content\/uploads\/sites\/6\/2026\/04\/MVIMG_20260423_180030-741x1024.jpg\" class=\"alignnone size-medium wp-image-44284\" src=\"https:\/\/cloud.alqueria.es\/wp-content\/uploads\/sites\/6\/2026\/04\/MVIMG_20260423_180030-217x300.jpg\" alt=\"\" width=\"217\" height=\"300\" srcset=\"https:\/\/cloud.alqueria.es\/wp-content\/uploads\/sites\/6\/2026\/04\/MVIMG_20260423_180030-217x300.jpg 217w, https:\/\/cloud.alqueria.es\/wp-content\/uploads\/sites\/6\/2026\/04\/MVIMG_20260423_180030-741x1024.jpg 741w, https:\/\/cloud.alqueria.es\/wp-content\/uploads\/sites\/6\/2026\/04\/MVIMG_20260423_180030-768x1061.jpg 768w, https:\/\/cloud.alqueria.es\/wp-content\/uploads\/sites\/6\/2026\/04\/MVIMG_20260423_180030-1111x1536.jpg 1111w, https:\/\/cloud.alqueria.es\/wp-content\/uploads\/sites\/6\/2026\/04\/MVIMG_20260423_180030-1482x2048.jpg 1482w, https:\/\/cloud.alqueria.es\/wp-content\/uploads\/sites\/6\/2026\/04\/MVIMG_20260423_180030.jpg 1809w\" sizes=\"(max-width: 217px) 100vw, 217px\" \/><\/p>\n<p>Lo hemos escrito e ilustrado entre todos .<\/p>\n<p><img decoding=\"async\" data-attachment-id=\"44261\" data-permalink=\"https:\/\/www.alqueria.es\/blogs\/alqueriaprimerciclo\/2026\/04\/26\/dia-del-libro-en-primero\/img-20260421-wa0001\/\" data-orig-file=\"https:\/\/cloud.alqueria.es\/wp-content\/uploads\/sites\/6\/2026\/04\/IMG-20260421-WA0001.jpg\" data-orig-size=\"1536,2048\" data-comments-opened=\"1\" data-image-meta=\"{&quot;aperture&quot;:&quot;0&quot;,&quot;credit&quot;:&quot;&quot;,&quot;camera&quot;:&quot;&quot;,&quot;caption&quot;:&quot;&quot;,&quot;created_timestamp&quot;:&quot;0&quot;,&quot;copyright&quot;:&quot;&quot;,&quot;focal_length&quot;:&quot;0&quot;,&quot;iso&quot;:&quot;0&quot;,&quot;shutter_speed&quot;:&quot;0&quot;,&quot;title&quot;:&quot;&quot;,&quot;orientation&quot;:&quot;0&quot;}\" data-image-title=\"IMG-20260421-WA0001\" data-image-description=\"\" data-image-caption=\"\" data-large-file=\"https:\/\/cloud.alqueria.es\/wp-content\/uploads\/sites\/6\/2026\/04\/IMG-20260421-WA0001-768x1024.jpg\" class=\"alignnone wp-image-44261 size-large\" src=\"https:\/\/cloud.alqueria.es\/wp-content\/uploads\/sites\/6\/2026\/04\/IMG-20260421-WA0001-768x1024.jpg\" alt=\"\" width=\"474\" height=\"632\" srcset=\"https:\/\/cloud.alqueria.es\/wp-content\/uploads\/sites\/6\/2026\/04\/IMG-20260421-WA0001-768x1024.jpg 768w, https:\/\/cloud.alqueria.es\/wp-content\/uploads\/sites\/6\/2026\/04\/IMG-20260421-WA0001-225x300.jpg 225w, https:\/\/cloud.alqueria.es\/wp-content\/uploads\/sites\/6\/2026\/04\/IMG-20260421-WA0001-1152x1536.jpg 1152w, https:\/\/cloud.alqueria.es\/wp-content\/uploads\/sites\/6\/2026\/04\/IMG-20260421-WA0001.jpg 1536w\" sizes=\"(max-width: 474px) 100vw, 474px\" \/><\/p>\n<p>En<strong><span style=\"color: #008000\"> yoga para celebrar<\/span><\/strong> la semana de la lectura\u00a0 construimos un cuento colaborativo de yoga. A trav\u00e9s de tarjetas con nombres de posturas, cada uno ten\u00eda que inventarse una parte del cuento y despu\u00e9s lo hemos representado todos juntos d\u00e1ndole un toque c\u00f3mico, de terror o feliz, seg\u00fan apareciese en las tarjetas.<img decoding=\"async\" data-attachment-id=\"44260\" data-permalink=\"https:\/\/www.alqueria.es\/blogs\/alqueriaprimerciclo\/2026\/04\/26\/dia-del-libro-en-primero\/img-20260421-wa0000\/\" data-orig-file=\"https:\/\/cloud.alqueria.es\/wp-content\/uploads\/sites\/6\/2026\/04\/IMG-20260421-WA0000.jpg\" data-orig-size=\"2046,1459\" data-comments-opened=\"1\" data-image-meta=\"{&quot;aperture&quot;:&quot;0&quot;,&quot;credit&quot;:&quot;&quot;,&quot;camera&quot;:&quot;&quot;,&quot;caption&quot;:&quot;&quot;,&quot;created_timestamp&quot;:&quot;0&quot;,&quot;copyright&quot;:&quot;&quot;,&quot;focal_length&quot;:&quot;0&quot;,&quot;iso&quot;:&quot;0&quot;,&quot;shutter_speed&quot;:&quot;0&quot;,&quot;title&quot;:&quot;&quot;,&quot;orientation&quot;:&quot;0&quot;}\" data-image-title=\"IMG-20260421-WA0000\" data-image-description=\"\" data-image-caption=\"\" data-large-file=\"https:\/\/cloud.alqueria.es\/wp-content\/uploads\/sites\/6\/2026\/04\/IMG-20260421-WA0000-1024x730.jpg\" class=\"alignnone wp-image-44260 size-large\" src=\"https:\/\/cloud.alqueria.es\/wp-content\/uploads\/sites\/6\/2026\/04\/IMG-20260421-WA0000-1024x730.jpg\" alt=\"\" width=\"474\" height=\"338\" srcset=\"https:\/\/cloud.alqueria.es\/wp-content\/uploads\/sites\/6\/2026\/04\/IMG-20260421-WA0000-1024x730.jpg 1024w, https:\/\/cloud.alqueria.es\/wp-content\/uploads\/sites\/6\/2026\/04\/IMG-20260421-WA0000-300x214.jpg 300w, https:\/\/cloud.alqueria.es\/wp-content\/uploads\/sites\/6\/2026\/04\/IMG-20260421-WA0000-768x548.jpg 768w, https:\/\/cloud.alqueria.es\/wp-content\/uploads\/sites\/6\/2026\/04\/IMG-20260421-WA0000-1536x1095.jpg 1536w, https:\/\/cloud.alqueria.es\/wp-content\/uploads\/sites\/6\/2026\/04\/IMG-20260421-WA0000.jpg 2046w\" sizes=\"(max-width: 474px) 100vw, 474px\" \/><\/p>\n<p><span style=\"color: #ff00ff\"><strong>Taller de ilustraci\u00f3n por Alba Alcaide\u00a0<\/strong><\/span><\/p>\n<p>Alba es experta en bellas artes y la hemos invitado\u00a0 a colaborar en el colegio con motivo de la celebraci\u00f3n\u00a0 del d\u00eda del libro. Nos\u00a0 presenta como se hacen las ilustraciones que podemos ver en sus \u00faltimos libros ilustrados <span style=\"color: #008000\"><strong>\u00bb Las hermanas Kawai\u00bb<\/strong><\/span><\/p>\n<p><span style=\"color: #008000\"><strong><img decoding=\"async\" data-attachment-id=\"44263\" data-permalink=\"https:\/\/www.alqueria.es\/blogs\/alqueriaprimerciclo\/2026\/04\/26\/dia-del-libro-en-primero\/71be17ifnl\/\" data-orig-file=\"https:\/\/cloud.alqueria.es\/wp-content\/uploads\/sites\/6\/2026\/04\/71Be17ifNL.jpg\" data-orig-size=\"790,1000\" data-comments-opened=\"1\" data-image-meta=\"{&quot;aperture&quot;:&quot;0&quot;,&quot;credit&quot;:&quot;&quot;,&quot;camera&quot;:&quot;&quot;,&quot;caption&quot;:&quot;&quot;,&quot;created_timestamp&quot;:&quot;0&quot;,&quot;copyright&quot;:&quot;&quot;,&quot;focal_length&quot;:&quot;0&quot;,&quot;iso&quot;:&quot;0&quot;,&quot;shutter_speed&quot;:&quot;0&quot;,&quot;title&quot;:&quot;&quot;,&quot;orientation&quot;:&quot;0&quot;}\" data-image-title=\"71Be17i+fNL\" data-image-description=\"\" data-image-caption=\"\" data-large-file=\"https:\/\/cloud.alqueria.es\/wp-content\/uploads\/sites\/6\/2026\/04\/71Be17ifNL.jpg\" class=\"alignnone size-medium wp-image-44263\" src=\"https:\/\/cloud.alqueria.es\/wp-content\/uploads\/sites\/6\/2026\/04\/71Be17ifNL-237x300.jpg\" alt=\"\" width=\"237\" height=\"300\" srcset=\"https:\/\/cloud.alqueria.es\/wp-content\/uploads\/sites\/6\/2026\/04\/71Be17ifNL-237x300.jpg 237w, https:\/\/cloud.alqueria.es\/wp-content\/uploads\/sites\/6\/2026\/04\/71Be17ifNL-768x972.jpg 768w, https:\/\/cloud.alqueria.es\/wp-content\/uploads\/sites\/6\/2026\/04\/71Be17ifNL.jpg 790w\" sizes=\"(max-width: 237px) 100vw, 237px\" \/><\/strong><\/span><\/p>\n<p>Alba explic\u00f3 c\u00f3mo trabaja una ilustradora profesional de libros infantiles y nos\u00a0 anim\u00f3 a perder el miedo a equivocarse al dibujar. Ella\u00a0 no borra sus dibujos: si algo no le gusta, lo vuelve a intentar al lado. As\u00ed aprende de los errores, eso no es ensuciar el papel , sino la opci\u00f3n\u00a0 de mejorar poco a poco con la pr\u00e1ctica.<\/p>\n<p>Nos cont\u00f3 que dibuja desde muy peque\u00f1a y que cualquiera puede mejorar si tiene inter\u00e9s y practica.<img decoding=\"async\" data-attachment-id=\"44287\" data-permalink=\"https:\/\/www.alqueria.es\/blogs\/alqueriaprimerciclo\/2026\/04\/26\/dia-del-libro-en-primero\/mvimg_20260422_121630\/\" data-orig-file=\"https:\/\/cloud.alqueria.es\/wp-content\/uploads\/sites\/6\/2026\/04\/MVIMG_20260422_121630.jpg\" data-orig-size=\"2500,1565\" data-comments-opened=\"1\" data-image-meta=\"{&quot;aperture&quot;:&quot;1.5&quot;,&quot;credit&quot;:&quot;&quot;,&quot;camera&quot;:&quot;POCO X7 Pro&quot;,&quot;caption&quot;:&quot;&quot;,&quot;created_timestamp&quot;:&quot;1776860190&quot;,&quot;copyright&quot;:&quot;&quot;,&quot;focal_length&quot;:&quot;4.941&quot;,&quot;iso&quot;:&quot;1600&quot;,&quot;shutter_speed&quot;:&quot;0.060016726&quot;,&quot;title&quot;:&quot;&quot;,&quot;orientation&quot;:&quot;1&quot;}\" data-image-title=\"MVIMG_20260422_121630\" data-image-description=\"\" data-image-caption=\"\" data-large-file=\"https:\/\/cloud.alqueria.es\/wp-content\/uploads\/sites\/6\/2026\/04\/MVIMG_20260422_121630-1024x641.jpg\" class=\"alignnone size-large wp-image-44287\" src=\"https:\/\/cloud.alqueria.es\/wp-content\/uploads\/sites\/6\/2026\/04\/MVIMG_20260422_121630-1024x641.jpg\" alt=\"\" width=\"474\" height=\"297\" srcset=\"https:\/\/cloud.alqueria.es\/wp-content\/uploads\/sites\/6\/2026\/04\/MVIMG_20260422_121630-1024x641.jpg 1024w, https:\/\/cloud.alqueria.es\/wp-content\/uploads\/sites\/6\/2026\/04\/MVIMG_20260422_121630-300x188.jpg 300w, https:\/\/cloud.alqueria.es\/wp-content\/uploads\/sites\/6\/2026\/04\/MVIMG_20260422_121630-768x481.jpg 768w, https:\/\/cloud.alqueria.es\/wp-content\/uploads\/sites\/6\/2026\/04\/MVIMG_20260422_121630-1536x962.jpg 1536w, https:\/\/cloud.alqueria.es\/wp-content\/uploads\/sites\/6\/2026\/04\/MVIMG_20260422_121630-2048x1282.jpg 2048w\" sizes=\"(max-width: 474px) 100vw, 474px\" \/><\/p>\n<p>Despu\u00e9s present\u00f3 a las protagonistas de sus historias: tres hermanas (Nube, Dalia y Lila) que, cuando entran en libros m\u00e1gicos, se transforman en personajes diferentes. Tambi\u00e9n habl\u00f3 de los personajes secundarios, como mascotas, nubes, flores o abejas con cara, para hacer el mundo m\u00e1s divertido y creativo.<\/p>\n<p>Luego explic\u00f3 el proceso profesional de ilustraci\u00f3n:<\/p>\n<p>Boceto inicial (\u201cboceto churro\u201d): empezar sin miedo, aunque salga imperfecto.<\/p>\n<p>Storyboard: planificar todas las p\u00e1ginas del libro viendo la historia completa como en un tabl\u00f3n.<\/p>\n<p>L\u00ednea final: dibujar la versi\u00f3n definitiva.<\/p>\n<p>Color: la parte m\u00e1s divertida.<\/p>\n<p>Alba insisti\u00f3 en que los ilustradores no solo dibujan lo que dice el texto, sino que pueden inventar detalles extra para hacer la historia m\u00e1s rica y divertida (por ejemplo, crear tiendas con formas originales o a\u00f1adir escenas de amistad que no aparecen escritas).<\/p>\n<p>Termin\u00f3 dando un consejo importante: en cualquier trabajo hay que divertirse y poner el coraz\u00f3n en lo que se hace, porque eso se nota en el resultado final.<\/p>\n<div data-carousel-extra='{&quot;blog_id&quot;:6,&quot;permalink&quot;:&quot;https:\/\/www.alqueria.es\/blogs\/alqueriaprimerciclo\/2026\/04\/26\/dia-del-libro-en-primero\/&quot;}' id='gallery-2' class='gallery galleryid-44257 gallery-columns-3 gallery-size-thumbnail'><figure class='gallery-item'>\n\t\t\t<div class='gallery-icon landscape'>\n\t\t\t\t<a href='https:\/\/www.alqueria.es\/blogs\/alqueriaprimerciclo\/2026\/04\/26\/dia-del-libro-en-primero\/mvimg_20260422_121248\/'><img decoding=\"async\" width=\"150\" height=\"150\" src=\"https:\/\/cloud.alqueria.es\/wp-content\/uploads\/sites\/6\/2026\/04\/MVIMG_20260422_121248-150x150.jpg\" class=\"attachment-thumbnail size-thumbnail\" alt=\"\" data-attachment-id=\"44286\" data-permalink=\"https:\/\/www.alqueria.es\/blogs\/alqueriaprimerciclo\/2026\/04\/26\/dia-del-libro-en-primero\/mvimg_20260422_121248\/\" data-orig-file=\"https:\/\/cloud.alqueria.es\/wp-content\/uploads\/sites\/6\/2026\/04\/MVIMG_20260422_121248.jpg\" data-orig-size=\"2500,1517\" data-comments-opened=\"1\" data-image-meta=\"{&quot;aperture&quot;:&quot;1.5&quot;,&quot;credit&quot;:&quot;&quot;,&quot;camera&quot;:&quot;POCO X7 Pro&quot;,&quot;caption&quot;:&quot;&quot;,&quot;created_timestamp&quot;:&quot;1776859968&quot;,&quot;copyright&quot;:&quot;&quot;,&quot;focal_length&quot;:&quot;4.941&quot;,&quot;iso&quot;:&quot;640&quot;,&quot;shutter_speed&quot;:&quot;0.030016954&quot;,&quot;title&quot;:&quot;&quot;,&quot;orientation&quot;:&quot;1&quot;}\" data-image-title=\"MVIMG_20260422_121248\" data-image-description=\"\" data-image-caption=\"\" data-large-file=\"https:\/\/cloud.alqueria.es\/wp-content\/uploads\/sites\/6\/2026\/04\/MVIMG_20260422_121248-1024x621.jpg\" \/><\/a>\n\t\t\t<\/div><\/figure><figure class='gallery-item'>\n\t\t\t<div class='gallery-icon landscape'>\n\t\t\t\t<a href='https:\/\/www.alqueria.es\/blogs\/alqueriaprimerciclo\/2026\/04\/26\/dia-del-libro-en-primero\/mvimg_20260422_121630\/'><img decoding=\"async\" width=\"150\" height=\"150\" src=\"https:\/\/cloud.alqueria.es\/wp-content\/uploads\/sites\/6\/2026\/04\/MVIMG_20260422_121630-150x150.jpg\" class=\"attachment-thumbnail size-thumbnail\" alt=\"\" data-attachment-id=\"44287\" data-permalink=\"https:\/\/www.alqueria.es\/blogs\/alqueriaprimerciclo\/2026\/04\/26\/dia-del-libro-en-primero\/mvimg_20260422_121630\/\" data-orig-file=\"https:\/\/cloud.alqueria.es\/wp-content\/uploads\/sites\/6\/2026\/04\/MVIMG_20260422_121630.jpg\" data-orig-size=\"2500,1565\" data-comments-opened=\"1\" data-image-meta=\"{&quot;aperture&quot;:&quot;1.5&quot;,&quot;credit&quot;:&quot;&quot;,&quot;camera&quot;:&quot;POCO X7 Pro&quot;,&quot;caption&quot;:&quot;&quot;,&quot;created_timestamp&quot;:&quot;1776860190&quot;,&quot;copyright&quot;:&quot;&quot;,&quot;focal_length&quot;:&quot;4.941&quot;,&quot;iso&quot;:&quot;1600&quot;,&quot;shutter_speed&quot;:&quot;0.060016726&quot;,&quot;title&quot;:&quot;&quot;,&quot;orientation&quot;:&quot;1&quot;}\" data-image-title=\"MVIMG_20260422_121630\" data-image-description=\"\" data-image-caption=\"\" data-large-file=\"https:\/\/cloud.alqueria.es\/wp-content\/uploads\/sites\/6\/2026\/04\/MVIMG_20260422_121630-1024x641.jpg\" \/><\/a>\n\t\t\t<\/div><\/figure><figure class='gallery-item'>\n\t\t\t<div class='gallery-icon portrait'>\n\t\t\t\t<a href='https:\/\/www.alqueria.es\/blogs\/alqueriaprimerciclo\/2026\/04\/26\/dia-del-libro-en-primero\/mvimg_20260422_130421\/'><img decoding=\"async\" width=\"150\" height=\"150\" src=\"https:\/\/cloud.alqueria.es\/wp-content\/uploads\/sites\/6\/2026\/04\/MVIMG_20260422_130421-150x150.jpg\" class=\"attachment-thumbnail size-thumbnail\" alt=\"\" data-attachment-id=\"44288\" data-permalink=\"https:\/\/www.alqueria.es\/blogs\/alqueriaprimerciclo\/2026\/04\/26\/dia-del-libro-en-primero\/mvimg_20260422_130421\/\" data-orig-file=\"https:\/\/cloud.alqueria.es\/wp-content\/uploads\/sites\/6\/2026\/04\/MVIMG_20260422_130421.jpg\" data-orig-size=\"1997,2500\" data-comments-opened=\"1\" data-image-meta=\"{&quot;aperture&quot;:&quot;1.5&quot;,&quot;credit&quot;:&quot;&quot;,&quot;camera&quot;:&quot;POCO X7 Pro&quot;,&quot;caption&quot;:&quot;&quot;,&quot;created_timestamp&quot;:&quot;1776863061&quot;,&quot;copyright&quot;:&quot;&quot;,&quot;focal_length&quot;:&quot;4.941&quot;,&quot;iso&quot;:&quot;800&quot;,&quot;shutter_speed&quot;:&quot;0.008340429&quot;,&quot;title&quot;:&quot;&quot;,&quot;orientation&quot;:&quot;1&quot;}\" data-image-title=\"MVIMG_20260422_130421\" data-image-description=\"\" data-image-caption=\"\" data-large-file=\"https:\/\/cloud.alqueria.es\/wp-content\/uploads\/sites\/6\/2026\/04\/MVIMG_20260422_130421-818x1024.jpg\" \/><\/a>\n\t\t\t<\/div><\/figure><figure class='gallery-item'>\n\t\t\t<div class='gallery-icon portrait'>\n\t\t\t\t<a href='https:\/\/www.alqueria.es\/blogs\/alqueriaprimerciclo\/2026\/04\/26\/dia-del-libro-en-primero\/mvimg_20260422_130318\/'><img decoding=\"async\" width=\"150\" height=\"150\" src=\"https:\/\/cloud.alqueria.es\/wp-content\/uploads\/sites\/6\/2026\/04\/MVIMG_20260422_130318-150x150.jpg\" class=\"attachment-thumbnail size-thumbnail\" alt=\"\" data-attachment-id=\"44289\" data-permalink=\"https:\/\/www.alqueria.es\/blogs\/alqueriaprimerciclo\/2026\/04\/26\/dia-del-libro-en-primero\/mvimg_20260422_130318\/\" data-orig-file=\"https:\/\/cloud.alqueria.es\/wp-content\/uploads\/sites\/6\/2026\/04\/MVIMG_20260422_130318.jpg\" data-orig-size=\"1859,2500\" data-comments-opened=\"1\" data-image-meta=\"{&quot;aperture&quot;:&quot;0&quot;,&quot;credit&quot;:&quot;&quot;,&quot;camera&quot;:&quot;&quot;,&quot;caption&quot;:&quot;&quot;,&quot;created_timestamp&quot;:&quot;0&quot;,&quot;copyright&quot;:&quot;&quot;,&quot;focal_length&quot;:&quot;0&quot;,&quot;iso&quot;:&quot;0&quot;,&quot;shutter_speed&quot;:&quot;0&quot;,&quot;title&quot;:&quot;&quot;,&quot;orientation&quot;:&quot;0&quot;}\" data-image-title=\"MVIMG_20260422_130318\" data-image-description=\"\" data-image-caption=\"\" data-large-file=\"https:\/\/cloud.alqueria.es\/wp-content\/uploads\/sites\/6\/2026\/04\/MVIMG_20260422_130318-761x1024.jpg\" \/><\/a>\n\t\t\t<\/div><\/figure>\n\t\t<\/div>\n\n<p>Nos invita a crear nuestros propios personajes con tres caracter\u00edsticas elegidas al azar .<\/p>\n<p><img decoding=\"async\" data-attachment-id=\"44285\" data-permalink=\"https:\/\/www.alqueria.es\/blogs\/alqueriaprimerciclo\/2026\/04\/26\/dia-del-libro-en-primero\/mvimg_20260422_133249\/\" data-orig-file=\"https:\/\/cloud.alqueria.es\/wp-content\/uploads\/sites\/6\/2026\/04\/MVIMG_20260422_133249.jpg\" data-orig-size=\"2500,1813\" data-comments-opened=\"1\" data-image-meta=\"{&quot;aperture&quot;:&quot;1.5&quot;,&quot;credit&quot;:&quot;&quot;,&quot;camera&quot;:&quot;POCO X7 Pro&quot;,&quot;caption&quot;:&quot;&quot;,&quot;created_timestamp&quot;:&quot;1776864769&quot;,&quot;copyright&quot;:&quot;&quot;,&quot;focal_length&quot;:&quot;4.941&quot;,&quot;iso&quot;:&quot;400&quot;,&quot;shutter_speed&quot;:&quot;0.02001703&quot;,&quot;title&quot;:&quot;&quot;,&quot;orientation&quot;:&quot;1&quot;}\" data-image-title=\"MVIMG_20260422_133249\" data-image-description=\"\" data-image-caption=\"\" data-large-file=\"https:\/\/cloud.alqueria.es\/wp-content\/uploads\/sites\/6\/2026\/04\/MVIMG_20260422_133249-1024x743.jpg\" class=\"alignnone size-medium wp-image-44285\" src=\"https:\/\/cloud.alqueria.es\/wp-content\/uploads\/sites\/6\/2026\/04\/MVIMG_20260422_133249-300x218.jpg\" alt=\"\" width=\"300\" height=\"218\" srcset=\"https:\/\/cloud.alqueria.es\/wp-content\/uploads\/sites\/6\/2026\/04\/MVIMG_20260422_133249-300x218.jpg 300w, https:\/\/cloud.alqueria.es\/wp-content\/uploads\/sites\/6\/2026\/04\/MVIMG_20260422_133249-1024x743.jpg 1024w, https:\/\/cloud.alqueria.es\/wp-content\/uploads\/sites\/6\/2026\/04\/MVIMG_20260422_133249-768x557.jpg 768w, https:\/\/cloud.alqueria.es\/wp-content\/uploads\/sites\/6\/2026\/04\/MVIMG_20260422_133249-1536x1114.jpg 1536w, https:\/\/cloud.alqueria.es\/wp-content\/uploads\/sites\/6\/2026\/04\/MVIMG_20260422_133249-2048x1485.jpg 2048w\" sizes=\"(max-width: 300px) 100vw, 300px\" \/><\/p>\n<p>Nos ha encantado Alba, muchas gracias por tu cari\u00f1o y sensibilidad art\u00edstica transmitida a nuestros ni\u00f1os y ni\u00f1as. Se nota que pones el coraz\u00f3n.<\/p>\n<p><strong><span style=\"color: #ff00ff\">Taller de Manuela sobre Los libros<\/span><\/strong><\/p>\n<p>La mam\u00e1 de EMMA, Manuela, nos presenta\u00a0 L<span style=\"color: #0000ff\"><strong>a historia del libro, <\/strong><\/span>desde los primeros, la invenci\u00f3n de la imprenta, hasta la fabricaci\u00f3n actual de ellos.<img decoding=\"async\" data-attachment-id=\"44258\" data-permalink=\"https:\/\/www.alqueria.es\/blogs\/alqueriaprimerciclo\/2026\/04\/26\/dia-del-libro-en-primero\/captura-de-pantalla-2026-04-21-155512\/\" data-orig-file=\"https:\/\/cloud.alqueria.es\/wp-content\/uploads\/sites\/6\/2026\/04\/Captura-de-pantalla-2026-04-21-155512.png\" data-orig-size=\"817,468\" data-comments-opened=\"1\" data-image-meta=\"{&quot;aperture&quot;:&quot;0&quot;,&quot;credit&quot;:&quot;&quot;,&quot;camera&quot;:&quot;&quot;,&quot;caption&quot;:&quot;&quot;,&quot;created_timestamp&quot;:&quot;0&quot;,&quot;copyright&quot;:&quot;&quot;,&quot;focal_length&quot;:&quot;0&quot;,&quot;iso&quot;:&quot;0&quot;,&quot;shutter_speed&quot;:&quot;0&quot;,&quot;title&quot;:&quot;&quot;,&quot;orientation&quot;:&quot;0&quot;}\" data-image-title=\"Captura de pantalla 2026-04-21 155512\" data-image-description=\"\" data-image-caption=\"\" data-large-file=\"https:\/\/cloud.alqueria.es\/wp-content\/uploads\/sites\/6\/2026\/04\/Captura-de-pantalla-2026-04-21-155512.png\" class=\"alignnone size-medium wp-image-44258\" src=\"https:\/\/cloud.alqueria.es\/wp-content\/uploads\/sites\/6\/2026\/04\/Captura-de-pantalla-2026-04-21-155512-300x172.png\" alt=\"\" width=\"300\" height=\"172\" srcset=\"https:\/\/cloud.alqueria.es\/wp-content\/uploads\/sites\/6\/2026\/04\/Captura-de-pantalla-2026-04-21-155512-300x172.png 300w, https:\/\/cloud.alqueria.es\/wp-content\/uploads\/sites\/6\/2026\/04\/Captura-de-pantalla-2026-04-21-155512-768x440.png 768w, https:\/\/cloud.alqueria.es\/wp-content\/uploads\/sites\/6\/2026\/04\/Captura-de-pantalla-2026-04-21-155512.png 817w\" sizes=\"(max-width: 300px) 100vw, 300px\" \/><\/p>\n<p>Los distribuidores, las librer\u00eda\u00a0 Los autores como Olga de Dios que convierte sus ideas en libros infantiles, cuadros y murales.<\/p>\n<p>Despu\u00e9s llegan los\u00a0 distribuidores y\u00a0 las librer\u00edas donde podemos comprarlos para disfrutar de la lectura.<img decoding=\"async\" data-attachment-id=\"44292\" data-permalink=\"https:\/\/www.alqueria.es\/blogs\/alqueriaprimerciclo\/2026\/04\/26\/dia-del-libro-en-primero\/mvimg_20260422_151711\/\" data-orig-file=\"https:\/\/cloud.alqueria.es\/wp-content\/uploads\/sites\/6\/2026\/04\/MVIMG_20260422_151711.jpg\" data-orig-size=\"2500,1214\" data-comments-opened=\"1\" data-image-meta=\"{&quot;aperture&quot;:&quot;1.5&quot;,&quot;credit&quot;:&quot;&quot;,&quot;camera&quot;:&quot;POCO X7 Pro&quot;,&quot;caption&quot;:&quot;&quot;,&quot;created_timestamp&quot;:&quot;1776871031&quot;,&quot;copyright&quot;:&quot;&quot;,&quot;focal_length&quot;:&quot;4.941&quot;,&quot;iso&quot;:&quot;500&quot;,&quot;shutter_speed&quot;:&quot;0.030016954&quot;,&quot;title&quot;:&quot;&quot;,&quot;orientation&quot;:&quot;1&quot;}\" data-image-title=\"MVIMG_20260422_151711\" data-image-description=\"\" data-image-caption=\"\" data-large-file=\"https:\/\/cloud.alqueria.es\/wp-content\/uploads\/sites\/6\/2026\/04\/MVIMG_20260422_151711-1024x497.jpg\" class=\"alignnone wp-image-44292 size-large\" src=\"https:\/\/cloud.alqueria.es\/wp-content\/uploads\/sites\/6\/2026\/04\/MVIMG_20260422_151711-1024x497.jpg\" alt=\"\" width=\"474\" height=\"230\" srcset=\"https:\/\/cloud.alqueria.es\/wp-content\/uploads\/sites\/6\/2026\/04\/MVIMG_20260422_151711-1024x497.jpg 1024w, https:\/\/cloud.alqueria.es\/wp-content\/uploads\/sites\/6\/2026\/04\/MVIMG_20260422_151711-300x146.jpg 300w, https:\/\/cloud.alqueria.es\/wp-content\/uploads\/sites\/6\/2026\/04\/MVIMG_20260422_151711-768x373.jpg 768w, https:\/\/cloud.alqueria.es\/wp-content\/uploads\/sites\/6\/2026\/04\/MVIMG_20260422_151711-1536x746.jpg 1536w, https:\/\/cloud.alqueria.es\/wp-content\/uploads\/sites\/6\/2026\/04\/MVIMG_20260422_151711-2048x995.jpg 2048w\" sizes=\"(max-width: 474px) 100vw, 474px\" \/><\/p>\n<p>\u00a1Manuela nos lleva a viajar en el tiempo para ver c\u00f3mo nacieron los libros!<\/p>\n<p>&nbsp;<\/p>\n<p><img decoding=\"async\" class=\"\" src=\"https:\/\/www.mammaproof.org\/barcelona\/wp-content\/uploads\/sites\/11\/2016\/12\/01_MG_0007-1.jpg\" alt=\"Olga de Dios, otras formas de ver y entender el mundo\" width=\"263\" height=\"175\" \/><\/p>\n<p>Antes de escribir las historias\u00a0 se contaban\u00a0 porque hace miles de a\u00f1os no exist\u00edan libros.<\/p>\n<p>Las personas contaban historias hablando y memoriz\u00e1ndolas. Pero hab\u00eda un problema: si alguien olvidaba la historia\u2026 \u00a1se perd\u00eda!<\/p>\n<p>Los primeros signos y dibujos. Las primeras escrituras aparecieron en lugares antiguos como Mesopotamia y Egipto. En Mesopotamia escrib\u00edan con palitos sobre barro h\u00famedo. En Egipto dibujaban s\u00edmbolos llamados jerogl\u00edficos en piedra y papiro. Los \u201clibros\u201d eran tablillas o rollos largos.<\/p>\n<p>Mucho tiempo despu\u00e9s, en China, inventaron el papel. \u00a1Fue una revoluci\u00f3n! Ahora escribir era m\u00e1s f\u00e1cil y ligero. Pero copiar un libro segu\u00eda siendo muy lento: hab\u00eda que hacerlo a mano palabra por palabra.<\/p>\n<p>La gran m\u00e1quina que multiplic\u00f3 los libros. Hace unos 600 a\u00f1os, un se\u00f1or llamado Johannes Gutenberg invent\u00f3 la imprenta. Esta m\u00e1quina pod\u00eda imprimir muchas p\u00e1ginas r\u00e1pidamente. Uno de los primeros libros impresos fue la Biblia de Gutenberg. \u00a0Desde ese momento los libros dejaron de ser raros y empezaron a llegar a mucha gente.<img decoding=\"async\" data-attachment-id=\"44295\" data-permalink=\"https:\/\/www.alqueria.es\/blogs\/alqueriaprimerciclo\/2026\/04\/26\/dia-del-libro-en-primero\/mvimg_20260422_154752\/\" data-orig-file=\"https:\/\/cloud.alqueria.es\/wp-content\/uploads\/sites\/6\/2026\/04\/MVIMG_20260422_154752.jpg\" data-orig-size=\"1929,1910\" data-comments-opened=\"1\" data-image-meta=\"{&quot;aperture&quot;:&quot;1.5&quot;,&quot;credit&quot;:&quot;&quot;,&quot;camera&quot;:&quot;POCO X7 Pro&quot;,&quot;caption&quot;:&quot;&quot;,&quot;created_timestamp&quot;:&quot;1776872873&quot;,&quot;copyright&quot;:&quot;&quot;,&quot;focal_length&quot;:&quot;4.941&quot;,&quot;iso&quot;:&quot;800&quot;,&quot;shutter_speed&quot;:&quot;0.016683722&quot;,&quot;title&quot;:&quot;&quot;,&quot;orientation&quot;:&quot;1&quot;}\" data-image-title=\"MVIMG_20260422_154752\" data-image-description=\"\" data-image-caption=\"\" data-large-file=\"https:\/\/cloud.alqueria.es\/wp-content\/uploads\/sites\/6\/2026\/04\/MVIMG_20260422_154752-1024x1014.jpg\" class=\"alignnone wp-image-44295 size-large\" src=\"https:\/\/cloud.alqueria.es\/wp-content\/uploads\/sites\/6\/2026\/04\/MVIMG_20260422_154752-1024x1014.jpg\" alt=\"\" width=\"474\" height=\"469\" srcset=\"https:\/\/cloud.alqueria.es\/wp-content\/uploads\/sites\/6\/2026\/04\/MVIMG_20260422_154752-1024x1014.jpg 1024w, https:\/\/cloud.alqueria.es\/wp-content\/uploads\/sites\/6\/2026\/04\/MVIMG_20260422_154752-300x297.jpg 300w, https:\/\/cloud.alqueria.es\/wp-content\/uploads\/sites\/6\/2026\/04\/MVIMG_20260422_154752-768x760.jpg 768w, https:\/\/cloud.alqueria.es\/wp-content\/uploads\/sites\/6\/2026\/04\/MVIMG_20260422_154752-1536x1521.jpg 1536w, https:\/\/cloud.alqueria.es\/wp-content\/uploads\/sites\/6\/2026\/04\/MVIMG_20260422_154752.jpg 1929w\" sizes=\"(max-width: 474px) 100vw, 474px\" \/><\/p>\n<p>Con el tiempo aparecieron las editoriales.<\/p>\n<p>Son empresas que buscan historias bonitas. Corrigen los textos . Dise\u00f1an dibujos y portadas .Mandan imprimir miles de libros .<\/p>\n<p>Ejemplos Grupo Editorial y Grupo Planeta, Anaya.<\/p>\n<p>Las comercializadoras y distribuidores<\/p>\n<p>Despu\u00e9s de imprimir, los libros deben viajar.<\/p>\n<p>Aqu\u00ed entran las distribuidoras:<\/p>\n<p>Se guardan los libros en grandes almacenes.<\/p>\n<p>Los env\u00edan a librer\u00edas y colegios. Tambi\u00e9n los mandan a tiendas online como Amazon. Es como si los libros hicieran un viaje desde la imprenta hasta tus manos. Y por fin\u2026 llegan a la librer\u00eda.<\/p>\n<p>En la librer\u00eda los colocan en estanter\u00edas para que\u00a0 podamos elegir nuestro\u00a0 libro.<\/p>\n<p>\u00a1Y a leer !<img decoding=\"async\" data-attachment-id=\"44291\" data-permalink=\"https:\/\/www.alqueria.es\/blogs\/alqueriaprimerciclo\/2026\/04\/26\/dia-del-libro-en-primero\/mvimg_20260422_151725\/\" data-orig-file=\"https:\/\/cloud.alqueria.es\/wp-content\/uploads\/sites\/6\/2026\/04\/MVIMG_20260422_151725.jpg\" data-orig-size=\"2500,1412\" data-comments-opened=\"1\" data-image-meta=\"{&quot;aperture&quot;:&quot;1.5&quot;,&quot;credit&quot;:&quot;&quot;,&quot;camera&quot;:&quot;POCO X7 Pro&quot;,&quot;caption&quot;:&quot;&quot;,&quot;created_timestamp&quot;:&quot;1776871045&quot;,&quot;copyright&quot;:&quot;&quot;,&quot;focal_length&quot;:&quot;4.941&quot;,&quot;iso&quot;:&quot;500&quot;,&quot;shutter_speed&quot;:&quot;0.016683722&quot;,&quot;title&quot;:&quot;&quot;,&quot;orientation&quot;:&quot;1&quot;}\" data-image-title=\"MVIMG_20260422_151725\" data-image-description=\"\" data-image-caption=\"\" data-large-file=\"https:\/\/cloud.alqueria.es\/wp-content\/uploads\/sites\/6\/2026\/04\/MVIMG_20260422_151725-1024x578.jpg\" class=\"alignnone size-large wp-image-44291\" src=\"https:\/\/cloud.alqueria.es\/wp-content\/uploads\/sites\/6\/2026\/04\/MVIMG_20260422_151725-1024x578.jpg\" alt=\"\" width=\"474\" height=\"268\" srcset=\"https:\/\/cloud.alqueria.es\/wp-content\/uploads\/sites\/6\/2026\/04\/MVIMG_20260422_151725-1024x578.jpg 1024w, https:\/\/cloud.alqueria.es\/wp-content\/uploads\/sites\/6\/2026\/04\/MVIMG_20260422_151725-300x169.jpg 300w, https:\/\/cloud.alqueria.es\/wp-content\/uploads\/sites\/6\/2026\/04\/MVIMG_20260422_151725-768x434.jpg 768w, https:\/\/cloud.alqueria.es\/wp-content\/uploads\/sites\/6\/2026\/04\/MVIMG_20260422_151725-1536x868.jpg 1536w, https:\/\/cloud.alqueria.es\/wp-content\/uploads\/sites\/6\/2026\/04\/MVIMG_20260422_151725-2048x1157.jpg 2048w\" sizes=\"(max-width: 474px) 100vw, 474px\" \/><\/p>\n<p>Manuela nos ha regalado un marcap\u00e1ginas que hemos personalizado.<\/p>\n<p>Muchas gracias por tu colaboraci\u00f3n y este viaje a trav\u00e9s del mundo de los libros, es un placer hacerlo de la mano de vuestras aportaciones.<\/p>\n<p style=\"padding-left: 40px\"><img decoding=\"async\" data-attachment-id=\"44294\" data-permalink=\"https:\/\/www.alqueria.es\/blogs\/alqueriaprimerciclo\/2026\/04\/26\/dia-del-libro-en-primero\/img_20260422_163002\/\" data-orig-file=\"https:\/\/cloud.alqueria.es\/wp-content\/uploads\/sites\/6\/2026\/04\/IMG_20260422_163002.jpg\" data-orig-size=\"2500,1891\" data-comments-opened=\"1\" data-image-meta=\"{&quot;aperture&quot;:&quot;1.5&quot;,&quot;credit&quot;:&quot;&quot;,&quot;camera&quot;:&quot;POCO X7 Pro&quot;,&quot;caption&quot;:&quot;&quot;,&quot;created_timestamp&quot;:&quot;1776875402&quot;,&quot;copyright&quot;:&quot;&quot;,&quot;focal_length&quot;:&quot;4.941&quot;,&quot;iso&quot;:&quot;400&quot;,&quot;shutter_speed&quot;:&quot;0.02001703&quot;,&quot;title&quot;:&quot;&quot;,&quot;orientation&quot;:&quot;1&quot;}\" data-image-title=\"IMG_20260422_163002\" data-image-description=\"\" data-image-caption=\"\" data-large-file=\"https:\/\/cloud.alqueria.es\/wp-content\/uploads\/sites\/6\/2026\/04\/IMG_20260422_163002-1024x775.jpg\" class=\"alignnone size-large wp-image-44294\" src=\"https:\/\/cloud.alqueria.es\/wp-content\/uploads\/sites\/6\/2026\/04\/IMG_20260422_163002-1024x775.jpg\" alt=\"\" width=\"474\" height=\"359\" srcset=\"https:\/\/cloud.alqueria.es\/wp-content\/uploads\/sites\/6\/2026\/04\/IMG_20260422_163002-1024x775.jpg 1024w, https:\/\/cloud.alqueria.es\/wp-content\/uploads\/sites\/6\/2026\/04\/IMG_20260422_163002-300x227.jpg 300w, https:\/\/cloud.alqueria.es\/wp-content\/uploads\/sites\/6\/2026\/04\/IMG_20260422_163002-768x581.jpg 768w, https:\/\/cloud.alqueria.es\/wp-content\/uploads\/sites\/6\/2026\/04\/IMG_20260422_163002-1536x1162.jpg 1536w, https:\/\/cloud.alqueria.es\/wp-content\/uploads\/sites\/6\/2026\/04\/IMG_20260422_163002-2048x1549.jpg 2048w\" sizes=\"(max-width: 474px) 100vw, 474px\" \/><\/p>\n<p><strong><span style=\"color: #ff00ff\">Taller de Cuentos de autor<\/span><\/strong><\/p>\n<p data-start=\"685\" data-end=\"996\"><strong>Historias que nacen de experiencias reales<\/strong><\/p>\n<p>Contamos con\u00a0 la colaboraci\u00f3n especial de dos autores de literatura infantil que nos visitan para presentarnos sus obras. Son personas que, sin dedicarse profesionalmente a la literatura, han sentido la necesidad de contar una historia.<\/p>\n<p>Manuel Gavil\u00e1n con la presentaci\u00f3n del cuento <strong><span style=\"color: #008000\">\u201cAslam, un \u00e1ngel de cuatro patas\u201d<\/span><\/strong><\/p>\n<p><strong data-start=\"1772\" data-end=\"1809\">\u00abAslan, un \u00e1ngel de cuatro patas\u00bb<\/strong>, un relato con un importante componente de concienciaci\u00f3n social. Esta historia, nos acercar a\u00a0 descubrir la gran labor que realizan los perros de asistencia, fomentando valores como la empat\u00eda, el respeto y la solidaridad.<\/p>\n<p>&nbsp;<\/p>\n<p><a href=\"https:\/\/www.instagram.com\/aslan_diabetesalert\/\"><img decoding=\"async\" class=\"alignleft size-medium wp-image-58064 lazyloaded\" src=\"https:\/\/cloud.alqueria.es\/wp-content\/uploads\/sites\/8\/2026\/04\/IMG-20260423-WA0072-195x300.jpg?resize=195%2C300&amp;ssl=1\" alt=\"\" width=\"195\" height=\"300\" data-recalc-dims=\"1\" data-attachment-id=\"58064\" data-permalink=\"https:\/\/www.alqueria.es\/blogs\/alqueriarojaverde\/2026\/04\/23\/semana-de-la-lectura-2026-cuarta-jornada-dia-del-libro\/img-20260423-wa0072\/\" data-orig-file=\"https:\/\/cloud.alqueria.es\/wp-content\/uploads\/sites\/8\/2026\/04\/IMG-20260423-WA0072.jpg?fit=1330%2C2048&amp;ssl=1\" data-orig-size=\"1330,2048\" data-comments-opened=\"1\" data-image-meta=\"{&quot;aperture&quot;:&quot;0&quot;,&quot;credit&quot;:&quot;&quot;,&quot;camera&quot;:&quot;&quot;,&quot;caption&quot;:&quot;&quot;,&quot;created_timestamp&quot;:&quot;0&quot;,&quot;copyright&quot;:&quot;&quot;,&quot;focal_length&quot;:&quot;0&quot;,&quot;iso&quot;:&quot;0&quot;,&quot;shutter_speed&quot;:&quot;0&quot;,&quot;title&quot;:&quot;&quot;,&quot;orientation&quot;:&quot;0&quot;}\" data-image-title=\"IMG-20260423-WA0072\" data-image-description=\"\" data-image-caption=\"\" data-large-file=\"https:\/\/cloud.alqueria.es\/wp-content\/uploads\/sites\/8\/2026\/04\/IMG-20260423-WA0072.jpg?fit=474%2C730&amp;ssl=1\" data-src=\"https:\/\/cloud.alqueria.es\/wp-content\/uploads\/sites\/8\/2026\/04\/IMG-20260423-WA0072-195x300.jpg?resize=195%2C300&amp;ssl=1\" data-srcset=\"https:\/\/cloud.alqueria.es\/wp-content\/uploads\/sites\/8\/2026\/04\/IMG-20260423-WA0072.jpg 195w, https:\/\/cloud.alqueria.es\/wp-content\/uploads\/sites\/8\/2026\/04\/IMG-20260423-WA0072.jpg 665w, https:\/\/cloud.alqueria.es\/wp-content\/uploads\/sites\/8\/2026\/04\/IMG-20260423-WA0072.jpg 768w, https:\/\/cloud.alqueria.es\/wp-content\/uploads\/sites\/8\/2026\/04\/IMG-20260423-WA0072.jpg 998w, https:\/\/cloud.alqueria.es\/wp-content\/uploads\/sites\/8\/2026\/04\/IMG-20260423-WA0072.jpg 1330w, https:\/\/cloud.alqueria.es\/wp-content\/uploads\/sites\/8\/2026\/04\/IMG-20260423-WA0072.jpg 948w\" data-sizes=\"(max-width: 195px) 100vw, 195px\" \/><\/a>La historia de Manuel es algo singular, a ra\u00edz de una enfermedad se hizo diab\u00e9tico. Sin embargo su cuerpo no le proporciona se\u00f1ales de cu\u00e1ndo va a sufrir una hipoglucemia y ah\u00ed es d\u00f3nde aparece en escena Aslam, su \u00e1ngel de cuatro patas. Es capaz de detectar (mediante su olfato) y con cierta antelaci\u00f3n, cu\u00e1ndo Manuel va a tener una bajada brusca de az\u00facar, le avisa ladrando fuerte y d\u00e1ndole con sus dos patas a la vez, lo que permite a Manuel actuar a tiempo.<\/p>\n<p>A trav\u00e9s de esta experiencia hemos podido conocer una preciosa historia, pero tambi\u00e9n c\u00f3mo actuar cuando veamos un perro de asistencia, qu\u00e9 cosas hacer y cu\u00e1les no son recomendables.<\/p>\n<p>Este libro se puede adquirir por encargo .<\/p>\n<p><img decoding=\"async\" data-attachment-id=\"44299\" data-permalink=\"https:\/\/www.alqueria.es\/blogs\/alqueriaprimerciclo\/2026\/04\/26\/dia-del-libro-en-primero\/img-20260426-wa0004\/\" data-orig-file=\"https:\/\/cloud.alqueria.es\/wp-content\/uploads\/sites\/6\/2026\/04\/IMG-20260426-WA0004.jpg\" data-orig-size=\"1838,1422\" data-comments-opened=\"1\" data-image-meta=\"{&quot;aperture&quot;:&quot;0&quot;,&quot;credit&quot;:&quot;&quot;,&quot;camera&quot;:&quot;&quot;,&quot;caption&quot;:&quot;&quot;,&quot;created_timestamp&quot;:&quot;0&quot;,&quot;copyright&quot;:&quot;&quot;,&quot;focal_length&quot;:&quot;0&quot;,&quot;iso&quot;:&quot;0&quot;,&quot;shutter_speed&quot;:&quot;0&quot;,&quot;title&quot;:&quot;&quot;,&quot;orientation&quot;:&quot;0&quot;}\" data-image-title=\"IMG-20260426-WA0004\" data-image-description=\"\" data-image-caption=\"\" data-large-file=\"https:\/\/cloud.alqueria.es\/wp-content\/uploads\/sites\/6\/2026\/04\/IMG-20260426-WA0004-1024x792.jpg\" class=\"alignnone size-large wp-image-44299\" src=\"https:\/\/cloud.alqueria.es\/wp-content\/uploads\/sites\/6\/2026\/04\/IMG-20260426-WA0004-1024x792.jpg\" alt=\"\" width=\"474\" height=\"367\" srcset=\"https:\/\/cloud.alqueria.es\/wp-content\/uploads\/sites\/6\/2026\/04\/IMG-20260426-WA0004-1024x792.jpg 1024w, https:\/\/cloud.alqueria.es\/wp-content\/uploads\/sites\/6\/2026\/04\/IMG-20260426-WA0004-300x232.jpg 300w, https:\/\/cloud.alqueria.es\/wp-content\/uploads\/sites\/6\/2026\/04\/IMG-20260426-WA0004-768x594.jpg 768w, https:\/\/cloud.alqueria.es\/wp-content\/uploads\/sites\/6\/2026\/04\/IMG-20260426-WA0004-1536x1188.jpg 1536w, https:\/\/cloud.alqueria.es\/wp-content\/uploads\/sites\/6\/2026\/04\/IMG-20260426-WA0004.jpg 1838w\" sizes=\"(max-width: 474px) 100vw, 474px\" \/><\/p>\n<p><img decoding=\"async\" data-attachment-id=\"44265\" data-permalink=\"https:\/\/www.alqueria.es\/blogs\/alqueriaprimerciclo\/2026\/04\/26\/dia-del-libro-en-primero\/61-oharltql-_ac_uf10001000_ql80_\/\" data-orig-file=\"https:\/\/cloud.alqueria.es\/wp-content\/uploads\/sites\/6\/2026\/04\/61-OHaRLtqL._AC_UF10001000_QL80_.jpg\" data-orig-size=\"1000,1000\" data-comments-opened=\"1\" data-image-meta=\"{&quot;aperture&quot;:&quot;0&quot;,&quot;credit&quot;:&quot;&quot;,&quot;camera&quot;:&quot;&quot;,&quot;caption&quot;:&quot;&quot;,&quot;created_timestamp&quot;:&quot;0&quot;,&quot;copyright&quot;:&quot;&quot;,&quot;focal_length&quot;:&quot;0&quot;,&quot;iso&quot;:&quot;0&quot;,&quot;shutter_speed&quot;:&quot;0&quot;,&quot;title&quot;:&quot;&quot;,&quot;orientation&quot;:&quot;0&quot;}\" data-image-title=\"61-OHaRLtqL._AC_UF1000,1000_QL80_\" data-image-description=\"\" data-image-caption=\"\" data-large-file=\"https:\/\/cloud.alqueria.es\/wp-content\/uploads\/sites\/6\/2026\/04\/61-OHaRLtqL._AC_UF10001000_QL80_.jpg\" class=\"alignnone size-full wp-image-44265\" src=\"https:\/\/cloud.alqueria.es\/wp-content\/uploads\/sites\/6\/2026\/04\/61-OHaRLtqL._AC_UF10001000_QL80_.jpg\" alt=\"\" width=\"1000\" height=\"1000\" srcset=\"https:\/\/cloud.alqueria.es\/wp-content\/uploads\/sites\/6\/2026\/04\/61-OHaRLtqL._AC_UF10001000_QL80_.jpg 1000w, https:\/\/cloud.alqueria.es\/wp-content\/uploads\/sites\/6\/2026\/04\/61-OHaRLtqL._AC_UF10001000_QL80_-300x300.jpg 300w, https:\/\/cloud.alqueria.es\/wp-content\/uploads\/sites\/6\/2026\/04\/61-OHaRLtqL._AC_UF10001000_QL80_-150x150.jpg 150w, https:\/\/cloud.alqueria.es\/wp-content\/uploads\/sites\/6\/2026\/04\/61-OHaRLtqL._AC_UF10001000_QL80_-768x768.jpg 768w\" sizes=\"(max-width: 1000px) 100vw, 1000px\" \/><\/p>\n<p>Presentaci\u00f3n del cuento\u00a0<strong><span style=\"color: #008000\">\u201cBurak, el burro que so\u00f1aba con la Alhambra\u201d <\/span><\/strong>A cargo de su autor Jos\u00e9 Antonio Heredia.<\/p>\n<p><strong data-start=\"2100\" data-end=\"2148\"><a href=\"https:\/\/www.instagram.com\/burak.joan\/\"><img decoding=\"async\" class=\"alignright size-medium wp-image-58012 lazyloaded\" src=\"https:\/\/cloud.alqueria.es\/wp-content\/uploads\/sites\/8\/2026\/04\/BURAK-1-300x262.jpeg?resize=300%2C262&amp;ssl=1\" alt=\"\" width=\"300\" height=\"262\" data-recalc-dims=\"1\" data-attachment-id=\"58012\" data-permalink=\"https:\/\/www.alqueria.es\/blogs\/alqueriarojaverde\/2026\/04\/23\/semana-de-la-lectura-2026-cuarta-jornada-dia-del-libro\/burak-1\/\" data-orig-file=\"https:\/\/cloud.alqueria.es\/wp-content\/uploads\/sites\/8\/2026\/04\/BURAK-1.jpeg?fit=1195%2C1042&amp;ssl=1\" data-orig-size=\"1195,1042\" data-comments-opened=\"1\" data-image-meta=\"{&quot;aperture&quot;:&quot;0&quot;,&quot;credit&quot;:&quot;&quot;,&quot;camera&quot;:&quot;&quot;,&quot;caption&quot;:&quot;&quot;,&quot;created_timestamp&quot;:&quot;0&quot;,&quot;copyright&quot;:&quot;&quot;,&quot;focal_length&quot;:&quot;0&quot;,&quot;iso&quot;:&quot;0&quot;,&quot;shutter_speed&quot;:&quot;0&quot;,&quot;title&quot;:&quot;&quot;,&quot;orientation&quot;:&quot;0&quot;}\" data-image-title=\"BURAK (1)\" data-image-description=\"\" data-image-caption=\"\" data-large-file=\"https:\/\/cloud.alqueria.es\/wp-content\/uploads\/sites\/8\/2026\/04\/BURAK-1.jpeg?fit=474%2C413&amp;ssl=1\" data-src=\"https:\/\/cloud.alqueria.es\/wp-content\/uploads\/sites\/8\/2026\/04\/BURAK-1-300x262.jpeg?resize=300%2C262&amp;ssl=1\" data-srcset=\"https:\/\/cloud.alqueria.es\/wp-content\/uploads\/sites\/8\/2026\/04\/BURAK-1.jpeg 300w, https:\/\/cloud.alqueria.es\/wp-content\/uploads\/sites\/8\/2026\/04\/BURAK-1.jpeg 1024w, https:\/\/cloud.alqueria.es\/wp-content\/uploads\/sites\/8\/2026\/04\/BURAK-1.jpeg 768w, https:\/\/cloud.alqueria.es\/wp-content\/uploads\/sites\/8\/2026\/04\/BURAK-1.jpeg 1195w, https:\/\/cloud.alqueria.es\/wp-content\/uploads\/sites\/8\/2026\/04\/BURAK-1.jpeg 948w\" data-sizes=\"(max-width: 300px) 100vw, 300px\" \/><\/a><\/strong><\/p>\n<p><strong data-start=\"2100\" data-end=\"2148\">Burak, el burro que so\u00f1aba con la Alhambra\u201d. <\/strong>Su autor la escribi\u00f3 durante un periodo de enfermedad, en el que echaba especialmente de menos su trabajo en los jardines de la Alhambra. Este cuento nos muestra c\u00f3mo los sentimientos, incluso los m\u00e1s dif\u00edciles, pueden transformarse en algo bello cuando se expresan a trav\u00e9s de la escritura.<img decoding=\"async\" data-attachment-id=\"44300\" data-permalink=\"https:\/\/www.alqueria.es\/blogs\/alqueriaprimerciclo\/2026\/04\/26\/dia-del-libro-en-primero\/img-20260426-wa0003\/\" data-orig-file=\"https:\/\/cloud.alqueria.es\/wp-content\/uploads\/sites\/6\/2026\/04\/IMG-20260426-WA0003.jpg\" data-orig-size=\"1824,1335\" data-comments-opened=\"1\" data-image-meta=\"{&quot;aperture&quot;:&quot;0&quot;,&quot;credit&quot;:&quot;&quot;,&quot;camera&quot;:&quot;&quot;,&quot;caption&quot;:&quot;&quot;,&quot;created_timestamp&quot;:&quot;0&quot;,&quot;copyright&quot;:&quot;&quot;,&quot;focal_length&quot;:&quot;0&quot;,&quot;iso&quot;:&quot;0&quot;,&quot;shutter_speed&quot;:&quot;0&quot;,&quot;title&quot;:&quot;&quot;,&quot;orientation&quot;:&quot;0&quot;}\" data-image-title=\"IMG-20260426-WA0003\" data-image-description=\"\" data-image-caption=\"\" data-large-file=\"https:\/\/cloud.alqueria.es\/wp-content\/uploads\/sites\/6\/2026\/04\/IMG-20260426-WA0003-1024x749.jpg\" class=\"alignnone size-large wp-image-44300\" src=\"https:\/\/cloud.alqueria.es\/wp-content\/uploads\/sites\/6\/2026\/04\/IMG-20260426-WA0003-1024x749.jpg\" alt=\"\" width=\"474\" height=\"347\" srcset=\"https:\/\/cloud.alqueria.es\/wp-content\/uploads\/sites\/6\/2026\/04\/IMG-20260426-WA0003-1024x749.jpg 1024w, https:\/\/cloud.alqueria.es\/wp-content\/uploads\/sites\/6\/2026\/04\/IMG-20260426-WA0003-300x220.jpg 300w, https:\/\/cloud.alqueria.es\/wp-content\/uploads\/sites\/6\/2026\/04\/IMG-20260426-WA0003-768x562.jpg 768w, https:\/\/cloud.alqueria.es\/wp-content\/uploads\/sites\/6\/2026\/04\/IMG-20260426-WA0003-1536x1124.jpg 1536w, https:\/\/cloud.alqueria.es\/wp-content\/uploads\/sites\/6\/2026\/04\/IMG-20260426-WA0003.jpg 1824w\" sizes=\"(max-width: 474px) 100vw, 474px\" \/><\/p>\n<p>&nbsp;<\/p>\n<p><img decoding=\"async\" class=\"alignleft size-medium wp-image-58063 lazyloaded\" src=\"https:\/\/cloud.alqueria.es\/wp-content\/uploads\/sites\/8\/2026\/04\/IMG-20260423-WA0071-222x300.jpg?resize=222%2C300&amp;ssl=1\" alt=\"\" width=\"222\" height=\"300\" data-recalc-dims=\"1\" data-attachment-id=\"58063\" data-permalink=\"https:\/\/www.alqueria.es\/blogs\/alqueriarojaverde\/2026\/04\/23\/semana-de-la-lectura-2026-cuarta-jornada-dia-del-libro\/img-20260423-wa0071\/\" data-orig-file=\"https:\/\/cloud.alqueria.es\/wp-content\/uploads\/sites\/8\/2026\/04\/IMG-20260423-WA0071.jpg?fit=1516%2C2048&amp;ssl=1\" data-orig-size=\"1516,2048\" data-comments-opened=\"1\" data-image-meta=\"{&quot;aperture&quot;:&quot;0&quot;,&quot;credit&quot;:&quot;&quot;,&quot;camera&quot;:&quot;&quot;,&quot;caption&quot;:&quot;&quot;,&quot;created_timestamp&quot;:&quot;0&quot;,&quot;copyright&quot;:&quot;&quot;,&quot;focal_length&quot;:&quot;0&quot;,&quot;iso&quot;:&quot;0&quot;,&quot;shutter_speed&quot;:&quot;0&quot;,&quot;title&quot;:&quot;&quot;,&quot;orientation&quot;:&quot;0&quot;}\" data-image-title=\"IMG-20260423-WA0071\" data-image-description=\"\" data-image-caption=\"\" data-large-file=\"https:\/\/cloud.alqueria.es\/wp-content\/uploads\/sites\/8\/2026\/04\/IMG-20260423-WA0071.jpg?fit=474%2C640&amp;ssl=1\" data-src=\"https:\/\/cloud.alqueria.es\/wp-content\/uploads\/sites\/8\/2026\/04\/IMG-20260423-WA0071-222x300.jpg?resize=222%2C300&amp;ssl=1\" data-srcset=\"https:\/\/cloud.alqueria.es\/wp-content\/uploads\/sites\/8\/2026\/04\/IMG-20260423-WA0071.jpg 222w, https:\/\/cloud.alqueria.es\/wp-content\/uploads\/sites\/8\/2026\/04\/IMG-20260423-WA0071.jpg 758w, https:\/\/cloud.alqueria.es\/wp-content\/uploads\/sites\/8\/2026\/04\/IMG-20260423-WA0071.jpg 768w, https:\/\/cloud.alqueria.es\/wp-content\/uploads\/sites\/8\/2026\/04\/IMG-20260423-WA0071.jpg 1137w, https:\/\/cloud.alqueria.es\/wp-content\/uploads\/sites\/8\/2026\/04\/IMG-20260423-WA0071.jpg 1516w, https:\/\/cloud.alqueria.es\/wp-content\/uploads\/sites\/8\/2026\/04\/IMG-20260423-WA0071.jpg 948w, https:\/\/cloud.alqueria.es\/wp-content\/uploads\/sites\/8\/2026\/04\/IMG-20260423-WA0071.jpg 1422w\" data-sizes=\"(max-width: 222px) 100vw, 222px\" \/><\/p>\n<p>Una puesta en escena que ha cautivado a todos los presentes y que nos ha ofrecido tambi\u00e9n la posibilidad de conocer<\/p>\n<p>&nbsp;<\/p>\n<p>algunas curiosidades sobre los animales que habitan los jardines de la Alhambra.<\/p>\n<p>Qui\u00e9n mejor que la persona encargada de cuidar el Generalife \u00bfno cre\u00e9is? Jose nos ha ido presentando a\u00a0 Cabra negra, Rayo, P\u00faas, Gru\u00f1\u00f3n y Burak, a la vez que cont\u00e1ndonos la labor que realizan all\u00ed.<\/p>\n<p>Han sido variadas y diversas las actividades de las que hemos disfrutado para dar una relevancia como se merece al libro&#8230;ese objeto que permite que la magia funcione.&#x1f4da;<\/p>\n<p>La pr\u00f3xima semana, m\u00e1s cortita de cole, continuaremos\u00a0 con nuestros trabajos que nos ayudan a enfrentar de forma positiva, dando funcionalidad al esfuerzo que requiere el proceso de aprendizaje .<\/p>\n<p>Pasadlo muy bien con un buen libro y\u00a0 la compa\u00f1\u00eda deseada.<\/p>\n<p>Un abrazo<\/p>\n<p>Dar\u00eda<\/p>\n","protected":false},"excerpt":{"rendered":"<p>Esta semana celebramos\u00a0 dos fechas muy significativas, el d\u00eda 22 de abril se celebra\u00a0 el D\u00eda mundial de la Tierra , y el d\u00eda 23 de abril\u00a0 d\u00eda del libro . C\u00f3mo homenaje hemos iniciado la lectura del libro: \u00abSi vienes a la tierra \u00ab. Es una bonita historia de las maravillas que podemos disfrutar &hellip; <a href=\"https:\/\/www.alqueria.es\/blogs\/alqueriaprimerciclo\/2026\/04\/26\/dia-del-libro-en-primero\/\" class=\"more-link\">Seguir leyendo <span class=\"screen-reader-text\">D\u00eda del libro en primero<\/span> <span class=\"meta-nav\">&rarr;<\/span><\/a><\/p>\n","protected":false},"author":12,"featured_media":0,"comment_status":"open","ping_status":"open","sticky":false,"template":"","format":"standard","meta":{"jetpack_post_was_ever_published":false,"_jetpack_newsletter_access":"","_jetpack_dont_email_post_to_subs":false,"_jetpack_newsletter_tier_id":0,"_jetpack_memberships_contains_paywalled_content":false,"_jetpack_memberships_contains_paid_content":false,"footnotes":"","jetpack_publicize_message":"","jetpack_publicize_feature_enabled":true,"jetpack_social_post_already_shared":true,"jetpack_social_options":{"image_generator_settings":{"template":"highway","default_image_id":0,"font":"","enabled":false},"version":2}},"categories":[2,244,8],"tags":[107,104,113,60,92],"class_list":["post-44257","post","type-post","status-publish","format-standard","hentry","category-1o-epo","category-dia-del-libro","category-diario-de-clase-1o","tag-dia-del-libro","tag-escritura-en-el-primer-ciclo-de-primaria","tag-lectura","tag-primaria","tag-semanario"],"jetpack_publicize_connections":[],"jetpack_featured_media_url":"","jetpack_sharing_enabled":true,"jetpack_shortlink":"https:\/\/wp.me\/p4lvS0-bvP","_links":{"self":[{"href":"https:\/\/www.alqueria.es\/blogs\/alqueriaprimerciclo\/wp-json\/wp\/v2\/posts\/44257","targetHints":{"allow":["GET"]}}],"collection":[{"href":"https:\/\/www.alqueria.es\/blogs\/alqueriaprimerciclo\/wp-json\/wp\/v2\/posts"}],"about":[{"href":"https:\/\/www.alqueria.es\/blogs\/alqueriaprimerciclo\/wp-json\/wp\/v2\/types\/post"}],"author":[{"embeddable":true,"href":"https:\/\/www.alqueria.es\/blogs\/alqueriaprimerciclo\/wp-json\/wp\/v2\/users\/12"}],"replies":[{"embeddable":true,"href":"https:\/\/www.alqueria.es\/blogs\/alqueriaprimerciclo\/wp-json\/wp\/v2\/comments?post=44257"}],"version-history":[{"count":5,"href":"https:\/\/www.alqueria.es\/blogs\/alqueriaprimerciclo\/wp-json\/wp\/v2\/posts\/44257\/revisions"}],"predecessor-version":[{"id":44303,"href":"https:\/\/www.alqueria.es\/blogs\/alqueriaprimerciclo\/wp-json\/wp\/v2\/posts\/44257\/revisions\/44303"}],"wp:attachment":[{"href":"https:\/\/www.alqueria.es\/blogs\/alqueriaprimerciclo\/wp-json\/wp\/v2\/media?parent=44257"}],"wp:term":[{"taxonomy":"category","embeddable":true,"href":"https:\/\/www.alqueria.es\/blogs\/alqueriaprimerciclo\/wp-json\/wp\/v2\/categories?post=44257"},{"taxonomy":"post_tag","embeddable":true,"href":"https:\/\/www.alqueria.es\/blogs\/alqueriaprimerciclo\/wp-json\/wp\/v2\/tags?post=44257"}],"curies":[{"name":"wp","href":"https:\/\/api.w.org\/{rel}","templated":true}]}}