{"id":549,"date":"2012-06-11T12:32:42","date_gmt":"2012-06-11T12:32:42","guid":{"rendered":"http:\/\/alqueriaprimerciclo.wordpress.com\/?p=549"},"modified":"2012-06-11T12:32:42","modified_gmt":"2012-06-11T12:32:42","slug":"devolucion-de-libros-de-la-biblioteca","status":"publish","type":"post","link":"https:\/\/www.alqueria.es\/blogs\/alqueriaprimerciclo\/2012\/06\/11\/devolucion-de-libros-de-la-biblioteca\/","title":{"rendered":"DEVOLUCI\u00d3N DE LIBROS DE LA BIBLIOTECA."},"content":{"rendered":"<p>Est\u00e1 llegando el final de curso y la biblioteca del cole va a cerrar sus puertas para ordenar sus estanter\u00edas y dejar todo el material preparado para el pr\u00f3ximo curso.<\/p>\n<p><a href=\"http:\/\/alqueriaprimerciclo.files.wordpress.com\/2012\/06\/montac3b1a-de-libros.png\"><img decoding=\"async\" class=\"aligncenter size-full wp-image-550\" title=\"Monta\u00f1a de libros\" src=\"http:\/\/alqueriaprimerciclo.files.wordpress.com\/2012\/06\/montac3b1a-de-libros.png\" alt=\"\" width=\"289\" height=\"174\" \/><\/a>Por lo tanto a lo largo de esta semana vamos a traer aquellos libros que tengamos\u00a0prestados\u00a0en casa para subirlos a la biblioteca. Si hay alg\u00fan despistadillo, podemos pedir a Almudena que nos apunte aquellos libros que el ordenador echa de menos.<\/p>\n<p>Mientras tanto, les he sugerido que tra\u00edgan alg\u00fan libro de casa, en sus carpetas,\u00a0para los momentos de lectura silenciosa de la clase.<\/p>\n<p>Un saludo.<\/p>\n<p>Jose<\/p>\n","protected":false},"excerpt":{"rendered":"<p>Est\u00e1 llegando el final de curso y la biblioteca del cole va a cerrar sus puertas para ordenar sus estanter\u00edas y dejar todo el material preparado para el pr\u00f3ximo curso. Por lo tanto a lo largo de esta semana vamos a traer aquellos libros que tengamos\u00a0prestados\u00a0en casa para subirlos a la biblioteca. Si hay alg\u00fan &hellip; <a href=\"https:\/\/www.alqueria.es\/blogs\/alqueriaprimerciclo\/2012\/06\/11\/devolucion-de-libros-de-la-biblioteca\/\" class=\"more-link\">Seguir leyendo <span class=\"screen-reader-text\">DEVOLUCI\u00d3N DE LIBROS DE LA BIBLIOTECA.<\/span> <span class=\"meta-nav\">&rarr;<\/span><\/a><\/p>\n","protected":false},"author":8,"featured_media":0,"comment_status":"open","ping_status":"open","sticky":false,"template":"","format":"standard","meta":{"jetpack_post_was_ever_published":false,"_jetpack_newsletter_access":"","_jetpack_dont_email_post_to_subs":false,"_jetpack_newsletter_tier_id":0,"_jetpack_memberships_contains_paywalled_content":false,"_jetpack_memberships_contains_paid_content":false,"footnotes":"","jetpack_publicize_message":"","jetpack_publicize_feature_enabled":true,"jetpack_social_post_already_shared":false,"jetpack_social_options":{"image_generator_settings":{"template":"highway","default_image_id":0,"font":"","enabled":false},"version":2}},"categories":[2,8],"tags":[],"class_list":["post-549","post","type-post","status-publish","format-standard","hentry","category-1o-epo","category-diario-de-clase-1o"],"jetpack_publicize_connections":[],"jetpack_featured_media_url":"","jetpack_sharing_enabled":true,"jetpack_shortlink":"https:\/\/wp.me\/p4lvS0-8R","_links":{"self":[{"href":"https:\/\/www.alqueria.es\/blogs\/alqueriaprimerciclo\/wp-json\/wp\/v2\/posts\/549","targetHints":{"allow":["GET"]}}],"collection":[{"href":"https:\/\/www.alqueria.es\/blogs\/alqueriaprimerciclo\/wp-json\/wp\/v2\/posts"}],"about":[{"href":"https:\/\/www.alqueria.es\/blogs\/alqueriaprimerciclo\/wp-json\/wp\/v2\/types\/post"}],"author":[{"embeddable":true,"href":"https:\/\/www.alqueria.es\/blogs\/alqueriaprimerciclo\/wp-json\/wp\/v2\/users\/8"}],"replies":[{"embeddable":true,"href":"https:\/\/www.alqueria.es\/blogs\/alqueriaprimerciclo\/wp-json\/wp\/v2\/comments?post=549"}],"version-history":[{"count":0,"href":"https:\/\/www.alqueria.es\/blogs\/alqueriaprimerciclo\/wp-json\/wp\/v2\/posts\/549\/revisions"}],"wp:attachment":[{"href":"https:\/\/www.alqueria.es\/blogs\/alqueriaprimerciclo\/wp-json\/wp\/v2\/media?parent=549"}],"wp:term":[{"taxonomy":"category","embeddable":true,"href":"https:\/\/www.alqueria.es\/blogs\/alqueriaprimerciclo\/wp-json\/wp\/v2\/categories?post=549"},{"taxonomy":"post_tag","embeddable":true,"href":"https:\/\/www.alqueria.es\/blogs\/alqueriaprimerciclo\/wp-json\/wp\/v2\/tags?post=549"}],"curies":[{"name":"wp","href":"https:\/\/api.w.org\/{rel}","templated":true}]}}