{"id":5547,"date":"2014-05-09T15:20:31","date_gmt":"2014-05-09T13:20:31","guid":{"rendered":"https:\/\/www.alqueria.es\/blogs\/alqueriaprimerciclo\/?p=5547"},"modified":"2014-05-09T15:20:31","modified_gmt":"2014-05-09T13:20:31","slug":"la-ortografia-2","status":"publish","type":"post","link":"https:\/\/www.alqueria.es\/blogs\/alqueriaprimerciclo\/2014\/05\/09\/la-ortografia-2\/","title":{"rendered":"La ortograf\u00eda"},"content":{"rendered":"<p>Vamos a dedicar un tiempo a la revisi\u00f3n de nuestra ortograf\u00eda.<\/p>\n<h3 style=\"text-align: center\"><span style=\"color: #ff9900\">\u00bfQu\u00e9 tal escribimos las palabras?<\/span><\/h3>\n<p style=\"text-align: center\">Podemos practicar con el juego de Menuppal.<\/p>\n<p style=\"text-align: center\">Busca esta palabra y pulsa el rat\u00f3n sobre ella.<\/p>\n<h3 style=\"text-align: center\"><span style=\"color: #ff9900\">L\u00c9XICO<\/span><\/h3>\n<p><a href=\"http:\/\/ntic.educacion.es\/w3\/eos\/MaterialesEducativos\/mem2007\/lectoescritura_adaptada\/lea\/menuppal.html\"><img decoding=\"async\" data-attachment-id=\"5552\" data-permalink=\"https:\/\/www.alqueria.es\/blogs\/alqueriaprimerciclo\/2014\/05\/09\/la-ortografia-2\/captura-26\/\" data-orig-file=\"https:\/\/www.alqueria.es\/blogs\/alqueriaprimerciclo\/wp-content\/uploads\/sites\/6\/2014\/05\/Captura.png\" data-orig-size=\"1017,670\" data-comments-opened=\"1\" data-image-meta=\"{&quot;aperture&quot;:&quot;0&quot;,&quot;credit&quot;:&quot;&quot;,&quot;camera&quot;:&quot;&quot;,&quot;caption&quot;:&quot;&quot;,&quot;created_timestamp&quot;:&quot;0&quot;,&quot;copyright&quot;:&quot;&quot;,&quot;focal_length&quot;:&quot;0&quot;,&quot;iso&quot;:&quot;0&quot;,&quot;shutter_speed&quot;:&quot;0&quot;,&quot;title&quot;:&quot;&quot;}\" data-image-title=\"Captura\" data-image-description=\"\" data-image-caption=\"\" data-large-file=\"https:\/\/www.alqueria.es\/blogs\/alqueriaprimerciclo\/wp-content\/uploads\/sites\/6\/2014\/05\/Captura.png\" class=\"aligncenter size-medium wp-image-5552\" src=\"https:\/\/cloud.alqueria.es\/wp-content\/uploads\/sites\/6\/2014\/05\/Captura-300x197.png\" alt=\"Captura\" width=\"300\" height=\"197\" srcset=\"https:\/\/www.alqueria.es\/blogs\/alqueriaprimerciclo\/wp-content\/uploads\/sites\/6\/2014\/05\/Captura-300x197.png 300w, https:\/\/www.alqueria.es\/blogs\/alqueriaprimerciclo\/wp-content\/uploads\/sites\/6\/2014\/05\/Captura.png 1017w\" sizes=\"(max-width: 300px) 100vw, 300px\" \/><\/a>Hemos tenido esta semana una conferencia sobre los alimentos. Carla A. nos ha explicado como llevar una alimentaci\u00f3n sana y equilibrada.<\/p>\n<p style=\"text-align: center\">\n<div class=\"a25-CTUOC-hidding-box\" data-original-content=\"&lt;iframe title=&quot;Los alimentos&quot; src=&quot;https:\/\/www.slideshare.net\/slideshow\/embed_code\/key\/JOSjfLRrVduYEc&quot; width=&quot;427&quot; height=&quot;356&quot; frameborder=&quot;0&quot; marginwidth=&quot;0&quot; marginheight=&quot;0&quot; scrolling=&quot;no&quot; style=&quot;border:1px solid #CCC; border-width:1px; margin-bottom:5px; max-width: 100%;&quot; allowfullscreen&gt; &lt;\/iframe&gt;\">Esta p\u00e1gina incluye contenido multimedia que requiere aceptar todas las cookies. Pulse aqu\u00ed para abrir la configuraci\u00f3n de cookies.<\/div>\n<div style=\"margin-bottom:5px\"> <strong> <a href=\"https:\/\/es.slideshare.net\/slideshow\/los-alimentos-34335681\/34335681\" title=\"Los alimentos\" target=\"_blank\">Los alimentos<\/a> <\/strong> from <strong><a href=\"https:\/\/www.slideshare.net\/primercicloalqueria\" target=\"_blank\">primercicloalqueria<\/a><\/strong> <\/div>\n<\/p>\n<p style=\"text-align: left\">Este tema nos ha llevado a interesarnos por c\u00f3mo es la digesti\u00f3n de los alimentos y hemos visto un peque\u00f1o v\u00eddeo sobre ella.<\/p>\n<span class=\"embed-youtube\" style=\"text-align:center; display: block;\"><div class=\"a25-CTUOC-hidding-box\" data-original-content=\"&lt;iframe loading=&quot;lazy&quot; class=&quot;youtube-player&quot; width=&quot;474&quot; height=&quot;267&quot; src=&quot;https:\/\/www.youtube.com\/embed\/L0zc8cSXi0k?version=3&amp;#038;rel=0&amp;#038;showsearch=0&amp;#038;showinfo=1&amp;#038;iv_load_policy=1&amp;#038;fs=1&amp;#038;hl=es-ES&amp;#038;autohide=2&amp;#038;wmode=transparent&quot; allowfullscreen=&quot;true&quot; style=&quot;border:0;&quot; sandbox=&quot;allow-scripts allow-same-origin allow-popups allow-presentation allow-popups-to-escape-sandbox&quot;&gt;&lt;\/iframe&gt;\">Esta p\u00e1gina incluye contenido multimedia que requiere aceptar todas las cookies. Pulse aqu\u00ed para abrir la configuraci\u00f3n de cookies.<\/div><\/span>\n<p>En matem\u00e1ticas trabajamos la resta de nuevo. El proceso de hacer restas con llevada es algo complejo. \u00a0Al principio es normal que lo olviden si no se practica diariamente. Consiste en no desanimarse. Sigue practicando:<\/p>\n<p style=\"text-align: center\"><a href=\"http:\/\/www.educalandia.net\/multiplicar\/restas_llevandose_2_cifras.php\"><img decoding=\"async\" data-attachment-id=\"5559\" data-permalink=\"https:\/\/www.alqueria.es\/blogs\/alqueriaprimerciclo\/2014\/05\/09\/la-ortografia-2\/llevada\/\" data-orig-file=\"https:\/\/www.alqueria.es\/blogs\/alqueriaprimerciclo\/wp-content\/uploads\/sites\/6\/2014\/05\/Llevada.png\" data-orig-size=\"1018,707\" data-comments-opened=\"1\" data-image-meta=\"{&quot;aperture&quot;:&quot;0&quot;,&quot;credit&quot;:&quot;&quot;,&quot;camera&quot;:&quot;&quot;,&quot;caption&quot;:&quot;&quot;,&quot;created_timestamp&quot;:&quot;0&quot;,&quot;copyright&quot;:&quot;&quot;,&quot;focal_length&quot;:&quot;0&quot;,&quot;iso&quot;:&quot;0&quot;,&quot;shutter_speed&quot;:&quot;0&quot;,&quot;title&quot;:&quot;&quot;}\" data-image-title=\"Llevada\" data-image-description=\"\" data-image-caption=\"\" data-large-file=\"https:\/\/www.alqueria.es\/blogs\/alqueriaprimerciclo\/wp-content\/uploads\/sites\/6\/2014\/05\/Llevada.png\" class=\"aligncenter size-medium wp-image-5559\" src=\"https:\/\/cloud.alqueria.es\/wp-content\/uploads\/sites\/6\/2014\/05\/Llevada-300x208.png\" alt=\"Llevada\" width=\"300\" height=\"208\" srcset=\"https:\/\/www.alqueria.es\/blogs\/alqueriaprimerciclo\/wp-content\/uploads\/sites\/6\/2014\/05\/Llevada-300x208.png 300w, https:\/\/www.alqueria.es\/blogs\/alqueriaprimerciclo\/wp-content\/uploads\/sites\/6\/2014\/05\/Llevada.png 1018w\" sizes=\"(max-width: 300px) 100vw, 300px\" \/><\/a><\/p>\n<p style=\"text-align: left\">Os deseamos un excelente fin de semana.<\/p>\n<p style=\"text-align: left\">Rosi<\/p>\n<p>&nbsp;<\/p>\n<p style=\"text-align: center\">\n","protected":false},"excerpt":{"rendered":"<p>Vamos a dedicar un tiempo a la revisi\u00f3n de nuestra ortograf\u00eda. \u00bfQu\u00e9 tal escribimos las palabras? Podemos practicar con el juego de Menuppal. Busca esta palabra y pulsa el rat\u00f3n sobre ella. L\u00c9XICO Hemos tenido esta semana una conferencia sobre los alimentos. Carla A. nos ha explicado como llevar una alimentaci\u00f3n sana y equilibrada. Esta &hellip; <a href=\"https:\/\/www.alqueria.es\/blogs\/alqueriaprimerciclo\/2014\/05\/09\/la-ortografia-2\/\" class=\"more-link\">Seguir leyendo <span class=\"screen-reader-text\">La ortograf\u00eda<\/span> <span class=\"meta-nav\">&rarr;<\/span><\/a><\/p>\n","protected":false},"author":12,"featured_media":0,"comment_status":"open","ping_status":"open","sticky":false,"template":"","format":"standard","meta":{"jetpack_post_was_ever_published":false,"_jetpack_newsletter_access":"","_jetpack_dont_email_post_to_subs":false,"_jetpack_newsletter_tier_id":0,"_jetpack_memberships_contains_paywalled_content":false,"_jetpack_memberships_contains_paid_content":false,"footnotes":"","jetpack_publicize_message":"","jetpack_publicize_feature_enabled":true,"jetpack_social_post_already_shared":true,"jetpack_social_options":{"image_generator_settings":{"template":"highway","default_image_id":0,"font":"","enabled":false},"version":2}},"categories":[1],"tags":[],"class_list":["post-5547","post","type-post","status-publish","format-standard","hentry","category-sin-categoria"],"jetpack_publicize_connections":[],"jetpack_featured_media_url":"","jetpack_sharing_enabled":true,"jetpack_shortlink":"https:\/\/wp.me\/p4lvS0-1rt","_links":{"self":[{"href":"https:\/\/www.alqueria.es\/blogs\/alqueriaprimerciclo\/wp-json\/wp\/v2\/posts\/5547","targetHints":{"allow":["GET"]}}],"collection":[{"href":"https:\/\/www.alqueria.es\/blogs\/alqueriaprimerciclo\/wp-json\/wp\/v2\/posts"}],"about":[{"href":"https:\/\/www.alqueria.es\/blogs\/alqueriaprimerciclo\/wp-json\/wp\/v2\/types\/post"}],"author":[{"embeddable":true,"href":"https:\/\/www.alqueria.es\/blogs\/alqueriaprimerciclo\/wp-json\/wp\/v2\/users\/12"}],"replies":[{"embeddable":true,"href":"https:\/\/www.alqueria.es\/blogs\/alqueriaprimerciclo\/wp-json\/wp\/v2\/comments?post=5547"}],"version-history":[{"count":0,"href":"https:\/\/www.alqueria.es\/blogs\/alqueriaprimerciclo\/wp-json\/wp\/v2\/posts\/5547\/revisions"}],"wp:attachment":[{"href":"https:\/\/www.alqueria.es\/blogs\/alqueriaprimerciclo\/wp-json\/wp\/v2\/media?parent=5547"}],"wp:term":[{"taxonomy":"category","embeddable":true,"href":"https:\/\/www.alqueria.es\/blogs\/alqueriaprimerciclo\/wp-json\/wp\/v2\/categories?post=5547"},{"taxonomy":"post_tag","embeddable":true,"href":"https:\/\/www.alqueria.es\/blogs\/alqueriaprimerciclo\/wp-json\/wp\/v2\/tags?post=5547"}],"curies":[{"name":"wp","href":"https:\/\/api.w.org\/{rel}","templated":true}]}}