{"id":7426,"date":"2015-03-27T13:27:27","date_gmt":"2015-03-27T12:27:27","guid":{"rendered":"https:\/\/www.alqueria.es\/blogs\/alqueriaprimerciclo\/?p=7426"},"modified":"2015-03-27T13:27:27","modified_gmt":"2015-03-27T12:27:27","slug":"recapitulamos-2-2","status":"publish","type":"post","link":"https:\/\/www.alqueria.es\/blogs\/alqueriaprimerciclo\/2015\/03\/27\/recapitulamos-2-2\/","title":{"rendered":"Recapitulamos 2"},"content":{"rendered":"<h4>Autoevaluaci\u00f3n<\/h4>\n<p>Esta semana ha sido un tiempo de reflexi\u00f3n sobre lo que hemos vivido juntos desde inicios del a\u00f1o hasta finales de marzo. Y sobre todo recordar cu\u00e1ntas cosas hemos hecho, cu\u00e1nto hemos aprendido y cu\u00e1nto podemos mejorar a nivel individual.<\/p>\n<table width=\"503\">\n<tbody>\n<tr>\n<td width=\"165\"><img decoding=\"async\" class=\"\" src=\"http:\/\/4.bp.blogspot.com\/-82UDqqANbV4\/TslRbhvxoSI\/AAAAAAAAAL0\/AEXXmoIvwRA\/s1600\/emoticonos+silencio.jpg\" alt=\"\" width=\"46\" height=\"57\" \/>ESCUCHO PARA ENTENDER EL TRABAJO<\/td>\n<td width=\"188\">\u00a0<img decoding=\"async\" class=\"\" src=\"https:\/\/encrypted-tbn3.gstatic.com\/images?q=tbn:ANd9GcRf3uwjao-ZumfOMyz_ShlkqERjGUQeA8LASJYpCcXvnGx7bJCK\" alt=\"Resultado de imagen de evaluaci\u00f3n imagenes\" width=\"182\" height=\"132\" \/><\/td>\n<td width=\"151\">\u00a0<img decoding=\"async\" src=\"http:\/\/wiki.cenatic.es\/wikiesp\/images\/Instrospeccion_image2.png\" alt=\"\" \/><\/td>\n<\/tr>\n<\/tbody>\n<\/table>\n<p>Revisamos nuestra actitud e implicaci\u00f3n en el trabajo con las r\u00fabricas de actitud y convivencia.\u00a0Despu\u00e9s reflexionamos sobre c\u00f3mo nos ha ido en cada una de las \u00e1reas.<\/p>\n<p>Para mejorar \u00a0contamos el pr\u00f3ximo trimestre con \u00a0nuevas actividades y proyectos que nos van a permitir ponernos a prueba de nuevo.<\/p>\n<p><img decoding=\"async\" src=\"http:\/\/www3.gobiernodecanarias.org\/medusa\/edublogs\/cepicoddelosvinos\/files\/2013\/02\/MAFALDA-FINAL.jpg\" alt=\"\" \/><\/p>\n<p>Nuestras maestras tambi\u00e9n hacen un trabajo muy parecido. Valoran cada una de<em>\u00a0\u00absus ocurrencias\u00bb<\/em>, los medios que han puesto y y la forma c\u00f3mo se han desarrollado. En algunos casos, ven necesario mejorar las estrategias, pero en la mayor\u00eda de las veces saben que, el secreto para que todos vayamos hacia delante, es tomarse su trabajo con ilusi\u00f3n y organizar las clases con actividades que sean \u00fatiles y nos entusiasmen.<\/p>\n<p>Esta es nuestra verdadera evaluaci\u00f3n; pr\u00e1ctica, \u00fatil y favorecedora para sentirnos responsables de nuestra tarea diaria y disfrutar de nuestros logros.<\/p>\n<h4>Gracias, profesoras de matem\u00e1ticas<\/h4>\n<p>En esta semana hemos cerrado varios proyectos, como el de ayudar a las profesoras de la Universidad, Mar\u00eda, Marta, Aurora y Rodolfo,<img decoding=\"async\" data-attachment-id=\"7236\" data-permalink=\"https:\/\/www.alqueria.es\/blogs\/alqueriaprimerciclo\/2015\/03\/06\/el-reloj-de-mi-abuela\/dsc00806\/\" data-orig-file=\"https:\/\/www.alqueria.es\/blogs\/alqueriaprimerciclo\/wp-content\/uploads\/sites\/6\/2015\/03\/DSC00806.jpg\" data-orig-size=\"1024,768\" data-comments-opened=\"1\" data-image-meta=\"{&quot;aperture&quot;:&quot;0&quot;,&quot;credit&quot;:&quot;&quot;,&quot;camera&quot;:&quot;&quot;,&quot;caption&quot;:&quot;&quot;,&quot;created_timestamp&quot;:&quot;0&quot;,&quot;copyright&quot;:&quot;&quot;,&quot;focal_length&quot;:&quot;0&quot;,&quot;iso&quot;:&quot;0&quot;,&quot;shutter_speed&quot;:&quot;0&quot;,&quot;title&quot;:&quot;&quot;,&quot;orientation&quot;:&quot;0&quot;}\" data-image-title=\"DSC00806\" data-image-description=\"\" data-image-caption=\"\" data-large-file=\"https:\/\/www.alqueria.es\/blogs\/alqueriaprimerciclo\/wp-content\/uploads\/sites\/6\/2015\/03\/DSC00806-1024x768.jpg\" class=\"aligncenter size-medium wp-image-7236\" src=\"https:\/\/cloud.alqueria.es\/wp-content\/uploads\/sites\/6\/2015\/03\/DSC00806-300x225.jpg\" alt=\"DSC00806\" width=\"300\" height=\"225\" srcset=\"https:\/\/www.alqueria.es\/blogs\/alqueriaprimerciclo\/wp-content\/uploads\/sites\/6\/2015\/03\/DSC00806-300x225.jpg 300w, https:\/\/www.alqueria.es\/blogs\/alqueriaprimerciclo\/wp-content\/uploads\/sites\/6\/2015\/03\/DSC00806.jpg 1024w\" sizes=\"(max-width: 300px) 100vw, 300px\" \/> del Departamento de Matem\u00e1ticas de la Facultad de Ciencias de la Educaci\u00f3n, a que entiendan c\u00f3mo pensamos cuando nos plantean problemas. Les hemos dado muchas ideas de c\u00f3mo resolverlos y se han dado cuenta que no todos lo hacemos de la misma forma, pero lo que m\u00e1s les ha gustado es saber lo que nos entusiasma trabajar este \u00e1rea. Nos ha dado pena que se vayan y les hemos invitado a volver siempre que quieran.<\/p>\n<h4>\u00a0Terminamos el cuaderno <em>Dale al coco<\/em><\/h4>\n<p><img decoding=\"async\" data-attachment-id=\"6950\" data-permalink=\"https:\/\/www.alqueria.es\/blogs\/alqueriaprimerciclo\/2015\/02\/13\/trabajo-cooperativo\/darle-al-coco\/\" data-orig-file=\"https:\/\/www.alqueria.es\/blogs\/alqueriaprimerciclo\/wp-content\/uploads\/sites\/6\/2015\/02\/Darle-al-coco.jpg\" data-orig-size=\"189,266\" data-comments-opened=\"1\" data-image-meta=\"{&quot;aperture&quot;:&quot;0&quot;,&quot;credit&quot;:&quot;&quot;,&quot;camera&quot;:&quot;&quot;,&quot;caption&quot;:&quot;&quot;,&quot;created_timestamp&quot;:&quot;0&quot;,&quot;copyright&quot;:&quot;&quot;,&quot;focal_length&quot;:&quot;0&quot;,&quot;iso&quot;:&quot;0&quot;,&quot;shutter_speed&quot;:&quot;0&quot;,&quot;title&quot;:&quot;&quot;,&quot;orientation&quot;:&quot;0&quot;}\" data-image-title=\"Darle al coco\" data-image-description=\"\" data-image-caption=\"\" data-large-file=\"https:\/\/www.alqueria.es\/blogs\/alqueriaprimerciclo\/wp-content\/uploads\/sites\/6\/2015\/02\/Darle-al-coco.jpg\" class=\"  wp-image-6950 alignleft\" src=\"https:\/\/cloud.alqueria.es\/wp-content\/uploads\/sites\/6\/2015\/02\/Darle-al-coco.jpg\" alt=\"Darle al coco\" width=\"136\" height=\"191\" \/><\/p>\n<p>Nos encanta la gimnasia mental que necesita este cuaderno.Cuando lo empezamos no entend\u00edamos nada. No tiene palabras que te pregunten o te ayuden a entender qu\u00e9 hay que hacer, solo n\u00fameros y signos que tienes que relacionar, otro idioma, que nos gusta ahora aprender.<\/p>\n<h4>\u00a0Contabilidad<\/h4>\n<p>Nos felicitamos por haber conseguido reunir este trimestre 5277 tapones. Agradecemos a todas las personas que han colaborado a sumar tantas decenas.<\/p>\n<p class=\"jetpack-slideshow-noscript robots-nocontent\">El pase de diapositivas requiere JavaScript.<\/p><div id=\"gallery-7426-1-slideshow\" class=\"jetpack-slideshow-window jetpack-slideshow jetpack-slideshow-black\" data-trans=\"fade\" data-autostart=\"1\" data-gallery=\"[{&quot;src&quot;:&quot;https:\\\/\\\/www.alqueria.es\\\/blogs\\\/alqueriaprimerciclo\\\/wp-content\\\/uploads\\\/sites\\\/6\\\/2015\\\/03\\\/DSC01005.jpg&quot;,&quot;id&quot;:&quot;7444&quot;,&quot;title&quot;:&quot;DSC01005&quot;,&quot;alt&quot;:&quot;&quot;,&quot;caption&quot;:&quot;&quot;,&quot;itemprop&quot;:&quot;image&quot;},{&quot;src&quot;:&quot;https:\\\/\\\/www.alqueria.es\\\/blogs\\\/alqueriaprimerciclo\\\/wp-content\\\/uploads\\\/sites\\\/6\\\/2015\\\/03\\\/DSC01006.jpg&quot;,&quot;id&quot;:&quot;7445&quot;,&quot;title&quot;:&quot;DSC01006&quot;,&quot;alt&quot;:&quot;&quot;,&quot;caption&quot;:&quot;&quot;,&quot;itemprop&quot;:&quot;image&quot;},{&quot;src&quot;:&quot;https:\\\/\\\/www.alqueria.es\\\/blogs\\\/alqueriaprimerciclo\\\/wp-content\\\/uploads\\\/sites\\\/6\\\/2015\\\/03\\\/DSC01007.jpg&quot;,&quot;id&quot;:&quot;7446&quot;,&quot;title&quot;:&quot;DSC01007&quot;,&quot;alt&quot;:&quot;&quot;,&quot;caption&quot;:&quot;&quot;,&quot;itemprop&quot;:&quot;image&quot;}]\" itemscope itemtype=\"https:\/\/schema.org\/ImageGallery\"><\/div>\n<h4>\u00a1Por fin hemos hecho el teatro!<img decoding=\"async\" class=\" alignright\" src=\"https:\/\/encrypted-tbn0.gstatic.com\/images?q=tbn:ANd9GcRiEmN5frlAZUvRy9Msp42mW-fEWGYVkiEl1dthw7jwZL1egd8k\" alt=\"Resultado de imagen de imagenes bailaores\" \/><\/h4>\n<p>Todo lo que vale cuesta,\u00a1 pero qu\u00e9 satisfacci\u00f3n poder conseguirlo!<\/p>\n<p>Representamos \u00abLos doce bailarines\u00bb, adaptaci\u00f3n libre de un cuento de los Hnos. Grimm. para nuestros compa\u00f1eros de la etapa de infantil.<\/p>\n<p>D\u00edas y d\u00edas de ensayos, de repetir y volver a repetir escenas. Pero qu\u00e9 bien lo hemos pasado y cu\u00e1nto hemos aprendido. Lo m\u00e1s importante :<strong> hemos aprendido a trabajar los unos para los otros.<\/strong> En la representaci\u00f3n todos somos uno, el acierto o error de alguien es responsabilidad de todos. Por esa raz\u00f3n, nos hemos esforzado.<\/p>\n<p class=\"jetpack-slideshow-noscript robots-nocontent\">El pase de diapositivas requiere JavaScript.<\/p><div id=\"gallery-7426-2-slideshow\" class=\"jetpack-slideshow-window jetpack-slideshow jetpack-slideshow-black\" data-trans=\"fade\" data-autostart=\"1\" data-gallery=\"[{&quot;src&quot;:&quot;https:\\\/\\\/www.alqueria.es\\\/blogs\\\/alqueriaprimerciclo\\\/wp-content\\\/uploads\\\/sites\\\/6\\\/2015\\\/03\\\/DSC01008.jpg&quot;,&quot;id&quot;:&quot;7449&quot;,&quot;title&quot;:&quot;DSC01008&quot;,&quot;alt&quot;:&quot;&quot;,&quot;caption&quot;:&quot;&quot;,&quot;itemprop&quot;:&quot;image&quot;},{&quot;src&quot;:&quot;https:\\\/\\\/www.alqueria.es\\\/blogs\\\/alqueriaprimerciclo\\\/wp-content\\\/uploads\\\/sites\\\/6\\\/2015\\\/03\\\/DSC01013.jpg&quot;,&quot;id&quot;:&quot;7450&quot;,&quot;title&quot;:&quot;DSC01013&quot;,&quot;alt&quot;:&quot;&quot;,&quot;caption&quot;:&quot;&quot;,&quot;itemprop&quot;:&quot;image&quot;},{&quot;src&quot;:&quot;https:\\\/\\\/www.alqueria.es\\\/blogs\\\/alqueriaprimerciclo\\\/wp-content\\\/uploads\\\/sites\\\/6\\\/2015\\\/03\\\/DSC01014.jpg&quot;,&quot;id&quot;:&quot;7451&quot;,&quot;title&quot;:&quot;DSC01014&quot;,&quot;alt&quot;:&quot;&quot;,&quot;caption&quot;:&quot;&quot;,&quot;itemprop&quot;:&quot;image&quot;},{&quot;src&quot;:&quot;https:\\\/\\\/www.alqueria.es\\\/blogs\\\/alqueriaprimerciclo\\\/wp-content\\\/uploads\\\/sites\\\/6\\\/2015\\\/03\\\/DSC01016.jpg&quot;,&quot;id&quot;:&quot;7452&quot;,&quot;title&quot;:&quot;DSC01016&quot;,&quot;alt&quot;:&quot;&quot;,&quot;caption&quot;:&quot;&quot;,&quot;itemprop&quot;:&quot;image&quot;},{&quot;src&quot;:&quot;https:\\\/\\\/www.alqueria.es\\\/blogs\\\/alqueriaprimerciclo\\\/wp-content\\\/uploads\\\/sites\\\/6\\\/2015\\\/03\\\/DSC01017.jpg&quot;,&quot;id&quot;:&quot;7453&quot;,&quot;title&quot;:&quot;DSC01017&quot;,&quot;alt&quot;:&quot;&quot;,&quot;caption&quot;:&quot;&quot;,&quot;itemprop&quot;:&quot;image&quot;},{&quot;src&quot;:&quot;https:\\\/\\\/www.alqueria.es\\\/blogs\\\/alqueriaprimerciclo\\\/wp-content\\\/uploads\\\/sites\\\/6\\\/2015\\\/03\\\/DSC01018.jpg&quot;,&quot;id&quot;:&quot;7454&quot;,&quot;title&quot;:&quot;DSC01018&quot;,&quot;alt&quot;:&quot;&quot;,&quot;caption&quot;:&quot;&quot;,&quot;itemprop&quot;:&quot;image&quot;},{&quot;src&quot;:&quot;https:\\\/\\\/www.alqueria.es\\\/blogs\\\/alqueriaprimerciclo\\\/wp-content\\\/uploads\\\/sites\\\/6\\\/2015\\\/03\\\/DSC01019.jpg&quot;,&quot;id&quot;:&quot;7455&quot;,&quot;title&quot;:&quot;DSC01019&quot;,&quot;alt&quot;:&quot;&quot;,&quot;caption&quot;:&quot;&quot;,&quot;itemprop&quot;:&quot;image&quot;},{&quot;src&quot;:&quot;https:\\\/\\\/www.alqueria.es\\\/blogs\\\/alqueriaprimerciclo\\\/wp-content\\\/uploads\\\/sites\\\/6\\\/2015\\\/03\\\/DSC01025.jpg&quot;,&quot;id&quot;:&quot;7456&quot;,&quot;title&quot;:&quot;DSC01025&quot;,&quot;alt&quot;:&quot;&quot;,&quot;caption&quot;:&quot;&quot;,&quot;itemprop&quot;:&quot;image&quot;},{&quot;src&quot;:&quot;https:\\\/\\\/www.alqueria.es\\\/blogs\\\/alqueriaprimerciclo\\\/wp-content\\\/uploads\\\/sites\\\/6\\\/2015\\\/03\\\/DSC01026.jpg&quot;,&quot;id&quot;:&quot;7457&quot;,&quot;title&quot;:&quot;DSC01026&quot;,&quot;alt&quot;:&quot;&quot;,&quot;caption&quot;:&quot;&quot;,&quot;itemprop&quot;:&quot;image&quot;},{&quot;src&quot;:&quot;https:\\\/\\\/www.alqueria.es\\\/blogs\\\/alqueriaprimerciclo\\\/wp-content\\\/uploads\\\/sites\\\/6\\\/2015\\\/03\\\/DSC01028.jpg&quot;,&quot;id&quot;:&quot;7458&quot;,&quot;title&quot;:&quot;DSC01028&quot;,&quot;alt&quot;:&quot;&quot;,&quot;caption&quot;:&quot;&quot;,&quot;itemprop&quot;:&quot;image&quot;},{&quot;src&quot;:&quot;https:\\\/\\\/www.alqueria.es\\\/blogs\\\/alqueriaprimerciclo\\\/wp-content\\\/uploads\\\/sites\\\/6\\\/2015\\\/03\\\/DSC01032.jpg&quot;,&quot;id&quot;:&quot;7459&quot;,&quot;title&quot;:&quot;DSC01032&quot;,&quot;alt&quot;:&quot;&quot;,&quot;caption&quot;:&quot;&quot;,&quot;itemprop&quot;:&quot;image&quot;},{&quot;src&quot;:&quot;https:\\\/\\\/www.alqueria.es\\\/blogs\\\/alqueriaprimerciclo\\\/wp-content\\\/uploads\\\/sites\\\/6\\\/2015\\\/03\\\/DSC01034.jpg&quot;,&quot;id&quot;:&quot;7460&quot;,&quot;title&quot;:&quot;DSC01034&quot;,&quot;alt&quot;:&quot;&quot;,&quot;caption&quot;:&quot;&quot;,&quot;itemprop&quot;:&quot;image&quot;},{&quot;src&quot;:&quot;https:\\\/\\\/www.alqueria.es\\\/blogs\\\/alqueriaprimerciclo\\\/wp-content\\\/uploads\\\/sites\\\/6\\\/2015\\\/03\\\/DSC01035.jpg&quot;,&quot;id&quot;:&quot;7461&quot;,&quot;title&quot;:&quot;DSC01035&quot;,&quot;alt&quot;:&quot;&quot;,&quot;caption&quot;:&quot;&quot;,&quot;itemprop&quot;:&quot;image&quot;},{&quot;src&quot;:&quot;https:\\\/\\\/www.alqueria.es\\\/blogs\\\/alqueriaprimerciclo\\\/wp-content\\\/uploads\\\/sites\\\/6\\\/2015\\\/03\\\/DSC01036.jpg&quot;,&quot;id&quot;:&quot;7462&quot;,&quot;title&quot;:&quot;DSC01036&quot;,&quot;alt&quot;:&quot;&quot;,&quot;caption&quot;:&quot;&quot;,&quot;itemprop&quot;:&quot;image&quot;},{&quot;src&quot;:&quot;https:\\\/\\\/www.alqueria.es\\\/blogs\\\/alqueriaprimerciclo\\\/wp-content\\\/uploads\\\/sites\\\/6\\\/2015\\\/03\\\/DSC01037.jpg&quot;,&quot;id&quot;:&quot;7463&quot;,&quot;title&quot;:&quot;DSC01037&quot;,&quot;alt&quot;:&quot;&quot;,&quot;caption&quot;:&quot;&quot;,&quot;itemprop&quot;:&quot;image&quot;},{&quot;src&quot;:&quot;https:\\\/\\\/www.alqueria.es\\\/blogs\\\/alqueriaprimerciclo\\\/wp-content\\\/uploads\\\/sites\\\/6\\\/2015\\\/03\\\/DSC01038.jpg&quot;,&quot;id&quot;:&quot;7464&quot;,&quot;title&quot;:&quot;DSC01038&quot;,&quot;alt&quot;:&quot;&quot;,&quot;caption&quot;:&quot;&quot;,&quot;itemprop&quot;:&quot;image&quot;},{&quot;src&quot;:&quot;https:\\\/\\\/www.alqueria.es\\\/blogs\\\/alqueriaprimerciclo\\\/wp-content\\\/uploads\\\/sites\\\/6\\\/2015\\\/03\\\/DSC01045.jpg&quot;,&quot;id&quot;:&quot;7465&quot;,&quot;title&quot;:&quot;DSC01045&quot;,&quot;alt&quot;:&quot;&quot;,&quot;caption&quot;:&quot;&quot;,&quot;itemprop&quot;:&quot;image&quot;},{&quot;src&quot;:&quot;https:\\\/\\\/www.alqueria.es\\\/blogs\\\/alqueriaprimerciclo\\\/wp-content\\\/uploads\\\/sites\\\/6\\\/2015\\\/03\\\/DSC01047.jpg&quot;,&quot;id&quot;:&quot;7466&quot;,&quot;title&quot;:&quot;DSC01047&quot;,&quot;alt&quot;:&quot;&quot;,&quot;caption&quot;:&quot;&quot;,&quot;itemprop&quot;:&quot;image&quot;},{&quot;src&quot;:&quot;https:\\\/\\\/www.alqueria.es\\\/blogs\\\/alqueriaprimerciclo\\\/wp-content\\\/uploads\\\/sites\\\/6\\\/2015\\\/03\\\/DSC01048.jpg&quot;,&quot;id&quot;:&quot;7467&quot;,&quot;title&quot;:&quot;DSC01048&quot;,&quot;alt&quot;:&quot;&quot;,&quot;caption&quot;:&quot;&quot;,&quot;itemprop&quot;:&quot;image&quot;}]\" itemscope itemtype=\"https:\/\/schema.org\/ImageGallery\"><\/div>\n<p>Todo ha sido posible gracias a las siguientes colaboraciones:<\/p>\n<ul>\n<li>Escenario, ambientaci\u00f3n y \u00a0asesoramiento art\u00edstico: Ana Mart\u00edn. Su alumna\u00a0de M\u00e1ster Artes Visuales y Educaci\u00f3n,\u00a0Nieve Mej\u00edas<\/li>\n<li>Y la colaboraci\u00f3n especial de \u00a0Carmen (5\u00ba) Zaida \u00a0y Paula (6\u00ba), por su carteles y claveles de papel.<\/li>\n<\/ul>\n<ul>\n<li>Selecci\u00f3n musical, sonido y coreograf\u00eda: Elena Iruela<\/li>\n<li>Colaboraci\u00f3n especial de las\u00a0guitarras : Carmen\u00a0 (4\u00ba) y Marco (1\u00ba)<\/li>\n<\/ul>\n<ul>\n<li>Vestuario: madres y padres del grupo de 1\u00ba<\/li>\n<li>Ayudante de attrezzo: Eva Oliva<\/li>\n<li>Grabaci\u00f3n: Carmen Gonz\u00e1lez<\/li>\n<\/ul>\n<p>Agradecimientos:<\/p>\n<ul>\n<li>Al grupo amarillo, que nos ha acogido en su clase facilit\u00e1ndonos la adaptaci\u00f3n de los espacios en todo momento.<\/li>\n<\/ul>\n<p>Este ha sido nuestro primer proyecto cooperativo en la etapa primaria, del que nos sentimos muy satisfechos. Ahora nos sentimos m\u00e1s unidos como grupo, nos sentimos m\u00e1s capaces como \u00a0personas y empezamos a entender que hay que ser constante para alcanzar las metas que nos propongamos.<\/p>\n<p>Esperamos que estos d\u00edas sean agradables para todos.<\/p>\n<p>Hasta pronto.<\/p>\n<p>Rosi<\/p>\n","protected":false},"excerpt":{"rendered":"<p>Autoevaluaci\u00f3n Esta semana ha sido un tiempo de reflexi\u00f3n sobre lo que hemos vivido juntos desde inicios del a\u00f1o hasta finales de marzo. Y sobre todo recordar cu\u00e1ntas cosas hemos hecho, cu\u00e1nto hemos aprendido y cu\u00e1nto podemos mejorar a nivel individual. ESCUCHO PARA ENTENDER EL TRABAJO \u00a0 \u00a0 Revisamos nuestra actitud e implicaci\u00f3n en el &hellip; <a href=\"https:\/\/www.alqueria.es\/blogs\/alqueriaprimerciclo\/2015\/03\/27\/recapitulamos-2-2\/\" class=\"more-link\">Seguir leyendo <span class=\"screen-reader-text\">Recapitulamos 2<\/span> <span class=\"meta-nav\">&rarr;<\/span><\/a><\/p>\n","protected":false},"author":12,"featured_media":0,"comment_status":"open","ping_status":"open","sticky":false,"template":"","format":"standard","meta":{"jetpack_post_was_ever_published":false,"_jetpack_newsletter_access":"","_jetpack_dont_email_post_to_subs":false,"_jetpack_newsletter_tier_id":0,"_jetpack_memberships_contains_paywalled_content":false,"_jetpack_memberships_contains_paid_content":false,"footnotes":"","jetpack_publicize_message":"","jetpack_publicize_feature_enabled":true,"jetpack_social_post_already_shared":true,"jetpack_social_options":{"image_generator_settings":{"template":"highway","default_image_id":0,"font":"","enabled":false},"version":2}},"categories":[2,8],"tags":[],"class_list":["post-7426","post","type-post","status-publish","format-standard","hentry","category-1o-epo","category-diario-de-clase-1o"],"jetpack_publicize_connections":[],"jetpack_featured_media_url":"","jetpack_sharing_enabled":true,"jetpack_shortlink":"https:\/\/wp.me\/p4lvS0-1VM","_links":{"self":[{"href":"https:\/\/www.alqueria.es\/blogs\/alqueriaprimerciclo\/wp-json\/wp\/v2\/posts\/7426","targetHints":{"allow":["GET"]}}],"collection":[{"href":"https:\/\/www.alqueria.es\/blogs\/alqueriaprimerciclo\/wp-json\/wp\/v2\/posts"}],"about":[{"href":"https:\/\/www.alqueria.es\/blogs\/alqueriaprimerciclo\/wp-json\/wp\/v2\/types\/post"}],"author":[{"embeddable":true,"href":"https:\/\/www.alqueria.es\/blogs\/alqueriaprimerciclo\/wp-json\/wp\/v2\/users\/12"}],"replies":[{"embeddable":true,"href":"https:\/\/www.alqueria.es\/blogs\/alqueriaprimerciclo\/wp-json\/wp\/v2\/comments?post=7426"}],"version-history":[{"count":0,"href":"https:\/\/www.alqueria.es\/blogs\/alqueriaprimerciclo\/wp-json\/wp\/v2\/posts\/7426\/revisions"}],"wp:attachment":[{"href":"https:\/\/www.alqueria.es\/blogs\/alqueriaprimerciclo\/wp-json\/wp\/v2\/media?parent=7426"}],"wp:term":[{"taxonomy":"category","embeddable":true,"href":"https:\/\/www.alqueria.es\/blogs\/alqueriaprimerciclo\/wp-json\/wp\/v2\/categories?post=7426"},{"taxonomy":"post_tag","embeddable":true,"href":"https:\/\/www.alqueria.es\/blogs\/alqueriaprimerciclo\/wp-json\/wp\/v2\/tags?post=7426"}],"curies":[{"name":"wp","href":"https:\/\/api.w.org\/{rel}","templated":true}]}}