{"id":7436,"date":"2015-03-26T10:48:41","date_gmt":"2015-03-26T09:48:41","guid":{"rendered":"https:\/\/www.alqueria.es\/blogs\/alqueriaprimerciclo\/?p=7436"},"modified":"2015-03-26T10:48:41","modified_gmt":"2015-03-26T09:48:41","slug":"microbiologia-de-los-alimentos","status":"publish","type":"post","link":"https:\/\/www.alqueria.es\/blogs\/alqueriaprimerciclo\/2015\/03\/26\/microbiologia-de-los-alimentos\/","title":{"rendered":"Microbiolog\u00eda de los alimentos"},"content":{"rendered":"<h4>Microbiolog\u00eda de los alimentos<\/h4>\n<p style=\"text-align: center\"><img decoding=\"async\" data-attachment-id=\"7379\" data-permalink=\"https:\/\/www.alqueria.es\/blogs\/alqueriaprimerciclo\/2015\/03\/20\/nos-gusta-ensayar-la-vida\/dsc00987\/\" data-orig-file=\"https:\/\/www.alqueria.es\/blogs\/alqueriaprimerciclo\/wp-content\/uploads\/sites\/6\/2015\/03\/DSC00987.jpg\" data-orig-size=\"768,1024\" data-comments-opened=\"1\" data-image-meta=\"{&quot;aperture&quot;:&quot;0&quot;,&quot;credit&quot;:&quot;&quot;,&quot;camera&quot;:&quot;&quot;,&quot;caption&quot;:&quot;&quot;,&quot;created_timestamp&quot;:&quot;0&quot;,&quot;copyright&quot;:&quot;&quot;,&quot;focal_length&quot;:&quot;0&quot;,&quot;iso&quot;:&quot;0&quot;,&quot;shutter_speed&quot;:&quot;0&quot;,&quot;title&quot;:&quot;&quot;,&quot;orientation&quot;:&quot;0&quot;}\" data-image-title=\"DSC00987\" data-image-description=\"\" data-image-caption=\"\" data-large-file=\"https:\/\/www.alqueria.es\/blogs\/alqueriaprimerciclo\/wp-content\/uploads\/sites\/6\/2015\/03\/DSC00987-768x1024.jpg\" class=\"aligncenter size-medium wp-image-7379\" src=\"https:\/\/cloud.alqueria.es\/wp-content\/uploads\/sites\/6\/2015\/03\/DSC00987-225x300.jpg\" alt=\"DSC00987\" width=\"225\" height=\"300\" srcset=\"https:\/\/www.alqueria.es\/blogs\/alqueriaprimerciclo\/wp-content\/uploads\/sites\/6\/2015\/03\/DSC00987-225x300.jpg 225w, https:\/\/www.alqueria.es\/blogs\/alqueriaprimerciclo\/wp-content\/uploads\/sites\/6\/2015\/03\/DSC00987.jpg 768w\" sizes=\"(max-width: 225px) 100vw, 225px\" \/><\/p>\n<p>Os facilitamos este enlace para que consult\u00e9is el Proyecto de los alumnos de Ciencia y Tecnolog\u00eda de los alimentos, que nos visitaron el pasado viernes, d\u00eda 20 de marzo.<\/p>\n<p><a href=\"https:\/\/www.facebook.com\/microbiologiadelosalimentos\"><img decoding=\"async\" data-attachment-id=\"7440\" data-permalink=\"https:\/\/www.alqueria.es\/blogs\/alqueriaprimerciclo\/2015\/03\/26\/microbiologia-de-los-alimentos\/micro-alime\/\" data-orig-file=\"https:\/\/www.alqueria.es\/blogs\/alqueriaprimerciclo\/wp-content\/uploads\/sites\/6\/2015\/03\/micro-alime.png\" data-orig-size=\"848,347\" data-comments-opened=\"1\" data-image-meta=\"{&quot;aperture&quot;:&quot;0&quot;,&quot;credit&quot;:&quot;&quot;,&quot;camera&quot;:&quot;&quot;,&quot;caption&quot;:&quot;&quot;,&quot;created_timestamp&quot;:&quot;0&quot;,&quot;copyright&quot;:&quot;&quot;,&quot;focal_length&quot;:&quot;0&quot;,&quot;iso&quot;:&quot;0&quot;,&quot;shutter_speed&quot;:&quot;0&quot;,&quot;title&quot;:&quot;&quot;,&quot;orientation&quot;:&quot;0&quot;}\" data-image-title=\"micro alime\" data-image-description=\"\" data-image-caption=\"\" data-large-file=\"https:\/\/www.alqueria.es\/blogs\/alqueriaprimerciclo\/wp-content\/uploads\/sites\/6\/2015\/03\/micro-alime.png\" class=\"aligncenter  wp-image-7440\" src=\"https:\/\/cloud.alqueria.es\/wp-content\/uploads\/sites\/6\/2015\/03\/micro-alime-300x123.png\" alt=\"micro alime\" width=\"584\" height=\"239\" srcset=\"https:\/\/www.alqueria.es\/blogs\/alqueriaprimerciclo\/wp-content\/uploads\/sites\/6\/2015\/03\/micro-alime-300x123.png 300w, https:\/\/www.alqueria.es\/blogs\/alqueriaprimerciclo\/wp-content\/uploads\/sites\/6\/2015\/03\/micro-alime.png 848w\" sizes=\"(max-width: 584px) 100vw, 584px\" \/><\/a><\/p>\n<p>Aprovechamos para agradecer la oportunidad que dieron a nuestros alumnos de aprender con ellos tantas cosas interesantes.<\/p>\n<p>Un saludo Dar\u00eda y Rosi<\/p>\n","protected":false},"excerpt":{"rendered":"<p>Microbiolog\u00eda de los alimentos Os facilitamos este enlace para que consult\u00e9is el Proyecto de los alumnos de Ciencia y Tecnolog\u00eda de los alimentos, que nos visitaron el pasado viernes, d\u00eda 20 de marzo. Aprovechamos para agradecer la oportunidad que dieron a nuestros alumnos de aprender con ellos tantas cosas interesantes. Un saludo Dar\u00eda y Rosi<\/p>\n","protected":false},"author":12,"featured_media":0,"comment_status":"open","ping_status":"open","sticky":false,"template":"","format":"standard","meta":{"jetpack_post_was_ever_published":false,"_jetpack_newsletter_access":"","_jetpack_dont_email_post_to_subs":false,"_jetpack_newsletter_tier_id":0,"_jetpack_memberships_contains_paywalled_content":false,"_jetpack_memberships_contains_paid_content":false,"footnotes":"","jetpack_publicize_message":"","jetpack_publicize_feature_enabled":true,"jetpack_social_post_already_shared":true,"jetpack_social_options":{"image_generator_settings":{"template":"highway","default_image_id":0,"font":"","enabled":false},"version":2}},"categories":[2,3],"tags":[],"class_list":["post-7436","post","type-post","status-publish","format-standard","hentry","category-1o-epo","category-2o-epo"],"jetpack_publicize_connections":[],"jetpack_featured_media_url":"","jetpack_sharing_enabled":true,"jetpack_shortlink":"https:\/\/wp.me\/p4lvS0-1VW","_links":{"self":[{"href":"https:\/\/www.alqueria.es\/blogs\/alqueriaprimerciclo\/wp-json\/wp\/v2\/posts\/7436","targetHints":{"allow":["GET"]}}],"collection":[{"href":"https:\/\/www.alqueria.es\/blogs\/alqueriaprimerciclo\/wp-json\/wp\/v2\/posts"}],"about":[{"href":"https:\/\/www.alqueria.es\/blogs\/alqueriaprimerciclo\/wp-json\/wp\/v2\/types\/post"}],"author":[{"embeddable":true,"href":"https:\/\/www.alqueria.es\/blogs\/alqueriaprimerciclo\/wp-json\/wp\/v2\/users\/12"}],"replies":[{"embeddable":true,"href":"https:\/\/www.alqueria.es\/blogs\/alqueriaprimerciclo\/wp-json\/wp\/v2\/comments?post=7436"}],"version-history":[{"count":0,"href":"https:\/\/www.alqueria.es\/blogs\/alqueriaprimerciclo\/wp-json\/wp\/v2\/posts\/7436\/revisions"}],"wp:attachment":[{"href":"https:\/\/www.alqueria.es\/blogs\/alqueriaprimerciclo\/wp-json\/wp\/v2\/media?parent=7436"}],"wp:term":[{"taxonomy":"category","embeddable":true,"href":"https:\/\/www.alqueria.es\/blogs\/alqueriaprimerciclo\/wp-json\/wp\/v2\/categories?post=7436"},{"taxonomy":"post_tag","embeddable":true,"href":"https:\/\/www.alqueria.es\/blogs\/alqueriaprimerciclo\/wp-json\/wp\/v2\/tags?post=7436"}],"curies":[{"name":"wp","href":"https:\/\/api.w.org\/{rel}","templated":true}]}}