{"id":7873,"date":"2015-05-20T13:27:24","date_gmt":"2015-05-20T11:27:24","guid":{"rendered":"https:\/\/www.alqueria.es\/blogs\/alqueriaprimerciclo\/?p=7873"},"modified":"2015-06-16T16:51:36","modified_gmt":"2015-06-16T14:51:36","slug":"la-prehistoria-en-2o","status":"publish","type":"post","link":"https:\/\/www.alqueria.es\/blogs\/alqueriaprimerciclo\/2015\/05\/20\/la-prehistoria-en-2o\/","title":{"rendered":"La prehistoria en 2\u00ba"},"content":{"rendered":"<blockquote>\n<h5>Viajamos a la prehistoria<\/h5>\n<\/blockquote>\n<p>\u00bf QUI\u00c9N FUE EL PRIMER&#8230;?<\/p>\n<p>ES LA GRAN PREGUNTA, aparece en bastantes ocasiones , en particular en las conferencias.Pues bien, ha llegado el momento en el que la informaci\u00f3n gira en torno a esta gran cuesti\u00f3n.<\/p>\n<p>Son varias las actividades que giran alrededor de conocer como empez\u00f3 y se desarroll\u00f3 la vida de los \u00a0primeros seres humanos, la evoluci\u00f3n a lo largo de la prehistoria y la importancia de los primeros descubrimientos e inventos.<\/p>\n<p>En parejas investigamos en textos relativos a la tem\u00e1tica que nos ocupa.<\/p>\n<h6><span style=\"color: #800080\">MINICONFERENCIAS<\/span><\/h6>\n<p>En estos d\u00edas han sido varias las aportaciones de distintos compa\u00f1eros que nos ayudan a ampliar informaci\u00f3n .<\/p>\n<h6><span style=\"color: #800000\">La adaptaci\u00f3n de los seres vivos al medio es muy relevante y as\u00ed nos lo muestra Martina .<\/span><\/h6>\n<p>Nos ha explicado como los \u00e1rboles en la monta\u00f1a se adaptan al clima para su supervivencia, acerc\u00e1ndose al suelo para protegerse. R\u00e1pidamente encontramos paralelismos con el uso de las cuevas de los primeros humanos. Es sorprendente la capacidad de relacionar los conocimientos que se van adquiriendo , sobre todo cuando se hacen de forma \u00a0cooperativa.<\/p>\n<div class=\"a25-CTUOC-hidding-box\" data-original-content=\"&lt;iframe title=&quot;A\u0301rboles achaparrados &quot; src=&quot;https:\/\/www.slideshare.net\/slideshow\/embed_code\/key\/6EoZWCUaMHpzx4&quot; width=&quot;427&quot; height=&quot;356&quot; frameborder=&quot;0&quot; marginwidth=&quot;0&quot; marginheight=&quot;0&quot; scrolling=&quot;no&quot; style=&quot;border:1px solid #CCC; border-width:1px; margin-bottom:5px; max-width: 100%;&quot; allowfullscreen&gt; &lt;\/iframe&gt;\">Esta p\u00e1gina incluye contenido multimedia que requiere aceptar todas las cookies. Pulse aqu\u00ed para abrir la configuraci\u00f3n de cookies.<\/div>\n<div style=\"margin-bottom:5px\"> <strong> <a href=\"https:\/\/es.slideshare.net\/primercicloalqueria\/arboles-achaparrados\" title=\"A\u0301rboles achaparrados \" target=\"_blank\">A\u0301rboles achaparrados <\/a> <\/strong> from <strong><a href=\"https:\/\/www.slideshare.net\/primercicloalqueria\" target=\"_blank\">primercicloalqueria<\/a><\/strong> <\/div>\n<p><span style=\"color: #0000ff\">El dinero a lo largo de la historia por Ari<\/span><\/p>\n<p><span style=\"color: #ff0000\">El pueblo de Pi\u00f1ar por Nacho\u00a0<\/span><\/p>\n<p><span style=\"color: #008000\">\u00a0 PREHISTORIA: CONFERENCIA DE OLGA GARRIDO, MAM\u00c1 DE ESTHER<\/span><\/p>\n<p>Continuamos profundizando en el tema, en esta ocasi\u00f3n los adultos nos ofrecen la transmisi\u00f3n de sus conocimientos,parte de \u00a0los que han elegido hacerse expertos para desarrollar su vida laboral, investigando y compartiendo sus aprendizajes, muchas gracias.<\/p>\n<div class=\"tiled-gallery type-square tiled-gallery-unresized\" data-original-width=\"474\" data-carousel-extra='{&quot;blog_id&quot;:6,&quot;permalink&quot;:&quot;https:\\\/\\\/www.alqueria.es\\\/blogs\\\/alqueriaprimerciclo\\\/2015\\\/05\\\/20\\\/la-prehistoria-en-2o\\\/&quot;,&quot;likes_blog_id&quot;:64232744}' itemscope itemtype=\"http:\/\/schema.org\/ImageGallery\" > <div class=\"gallery-row\" style=\"width: 474px; height: 237px;\" data-original-width=\"474\" data-original-height=\"237\" > <div class=\"gallery-group\" style=\"width: 237px; height: 237px;\" data-original-width=\"237\" data-original-height=\"237\" > <div class=\"tiled-gallery-item \" itemprop=\"associatedMedia\" itemscope itemtype=\"http:\/\/schema.org\/ImageObject\"> <a href=\"https:\/\/www.alqueria.es\/blogs\/alqueriaprimerciclo\/2015\/05\/20\/la-prehistoria-en-2o\/dsc01544\/\" border=\"0\" itemprop=\"url\"> <meta itemprop=\"width\" content=\"233\"> <meta itemprop=\"height\" content=\"233\"> <img decoding=\"async\" class=\"\" data-attachment-id=\"7884\" data-orig-file=\"https:\/\/www.alqueria.es\/blogs\/alqueriaprimerciclo\/wp-content\/uploads\/sites\/6\/2015\/05\/DSC01544.jpg\" data-orig-size=\"1024,768\" data-comments-opened=\"1\" data-image-meta=\"{&quot;aperture&quot;:&quot;0&quot;,&quot;credit&quot;:&quot;&quot;,&quot;camera&quot;:&quot;&quot;,&quot;caption&quot;:&quot;&quot;,&quot;created_timestamp&quot;:&quot;0&quot;,&quot;copyright&quot;:&quot;&quot;,&quot;focal_length&quot;:&quot;0&quot;,&quot;iso&quot;:&quot;0&quot;,&quot;shutter_speed&quot;:&quot;0&quot;,&quot;title&quot;:&quot;&quot;,&quot;orientation&quot;:&quot;0&quot;}\" data-image-title=\"DSC01544\" data-image-description=\"\" data-medium-file=\"https:\/\/www.alqueria.es\/blogs\/alqueriaprimerciclo\/wp-content\/uploads\/sites\/6\/2015\/05\/DSC01544-300x225.jpg\" data-large-file=\"https:\/\/www.alqueria.es\/blogs\/alqueriaprimerciclo\/wp-content\/uploads\/sites\/6\/2015\/05\/DSC01544-1024x768.jpg\" src=\"https:\/\/i0.wp.com\/www.alqueria.es\/blogs\/alqueriaprimerciclo\/wp-content\/uploads\/sites\/6\/2015\/05\/DSC01544.jpg?w=233&#038;h=233&#038;crop=1&#038;ssl=1\" width=\"233\" height=\"233\" loading=\"lazy\" data-original-width=\"233\" data-original-height=\"233\" itemprop=\"http:\/\/schema.org\/image\" title=\"DSC01544\" alt=\"DSC01544\" style=\"width: 233px; height: 233px;\" \/> <\/a> <\/div> <\/div> <div class=\"gallery-group\" style=\"width: 237px; height: 237px;\" data-original-width=\"237\" data-original-height=\"237\" > <div class=\"tiled-gallery-item \" itemprop=\"associatedMedia\" itemscope itemtype=\"http:\/\/schema.org\/ImageObject\"> <a href=\"https:\/\/www.alqueria.es\/blogs\/alqueriaprimerciclo\/2015\/05\/20\/la-prehistoria-en-2o\/dsc01545\/\" border=\"0\" itemprop=\"url\"> <meta itemprop=\"width\" content=\"233\"> <meta itemprop=\"height\" content=\"233\"> <img decoding=\"async\" class=\"\" data-attachment-id=\"7883\" data-orig-file=\"https:\/\/www.alqueria.es\/blogs\/alqueriaprimerciclo\/wp-content\/uploads\/sites\/6\/2015\/05\/DSC01545.jpg\" data-orig-size=\"1024,768\" data-comments-opened=\"1\" data-image-meta=\"{&quot;aperture&quot;:&quot;0&quot;,&quot;credit&quot;:&quot;&quot;,&quot;camera&quot;:&quot;&quot;,&quot;caption&quot;:&quot;&quot;,&quot;created_timestamp&quot;:&quot;0&quot;,&quot;copyright&quot;:&quot;&quot;,&quot;focal_length&quot;:&quot;0&quot;,&quot;iso&quot;:&quot;0&quot;,&quot;shutter_speed&quot;:&quot;0&quot;,&quot;title&quot;:&quot;&quot;,&quot;orientation&quot;:&quot;0&quot;}\" data-image-title=\"DSC01545\" data-image-description=\"\" data-medium-file=\"https:\/\/www.alqueria.es\/blogs\/alqueriaprimerciclo\/wp-content\/uploads\/sites\/6\/2015\/05\/DSC01545-300x225.jpg\" data-large-file=\"https:\/\/www.alqueria.es\/blogs\/alqueriaprimerciclo\/wp-content\/uploads\/sites\/6\/2015\/05\/DSC01545-1024x768.jpg\" src=\"https:\/\/i0.wp.com\/www.alqueria.es\/blogs\/alqueriaprimerciclo\/wp-content\/uploads\/sites\/6\/2015\/05\/DSC01545.jpg?w=233&#038;h=233&#038;crop=1&#038;ssl=1\" width=\"233\" height=\"233\" loading=\"lazy\" data-original-width=\"233\" data-original-height=\"233\" itemprop=\"http:\/\/schema.org\/image\" title=\"DSC01545\" alt=\"DSC01545\" style=\"width: 233px; height: 233px;\" \/> <\/a> <\/div> <\/div> <\/div> <div class=\"gallery-row\" style=\"width: 474px; height: 158px;\" data-original-width=\"474\" data-original-height=\"158\" > <div class=\"gallery-group\" style=\"width: 158px; height: 158px;\" data-original-width=\"158\" data-original-height=\"158\" > <div class=\"tiled-gallery-item \" itemprop=\"associatedMedia\" itemscope itemtype=\"http:\/\/schema.org\/ImageObject\"> <a href=\"https:\/\/www.alqueria.es\/blogs\/alqueriaprimerciclo\/2015\/05\/20\/la-prehistoria-en-2o\/dsc01547\/\" border=\"0\" itemprop=\"url\"> <meta itemprop=\"width\" content=\"154\"> <meta itemprop=\"height\" content=\"154\"> <img decoding=\"async\" class=\"\" data-attachment-id=\"7882\" data-orig-file=\"https:\/\/www.alqueria.es\/blogs\/alqueriaprimerciclo\/wp-content\/uploads\/sites\/6\/2015\/05\/DSC01547.jpg\" data-orig-size=\"1024,768\" data-comments-opened=\"1\" data-image-meta=\"{&quot;aperture&quot;:&quot;0&quot;,&quot;credit&quot;:&quot;&quot;,&quot;camera&quot;:&quot;&quot;,&quot;caption&quot;:&quot;&quot;,&quot;created_timestamp&quot;:&quot;0&quot;,&quot;copyright&quot;:&quot;&quot;,&quot;focal_length&quot;:&quot;0&quot;,&quot;iso&quot;:&quot;0&quot;,&quot;shutter_speed&quot;:&quot;0&quot;,&quot;title&quot;:&quot;&quot;,&quot;orientation&quot;:&quot;0&quot;}\" data-image-title=\"DSC01547\" data-image-description=\"\" data-medium-file=\"https:\/\/www.alqueria.es\/blogs\/alqueriaprimerciclo\/wp-content\/uploads\/sites\/6\/2015\/05\/DSC01547-300x225.jpg\" data-large-file=\"https:\/\/www.alqueria.es\/blogs\/alqueriaprimerciclo\/wp-content\/uploads\/sites\/6\/2015\/05\/DSC01547-1024x768.jpg\" src=\"https:\/\/i0.wp.com\/www.alqueria.es\/blogs\/alqueriaprimerciclo\/wp-content\/uploads\/sites\/6\/2015\/05\/DSC01547.jpg?w=154&#038;h=154&#038;crop=1&#038;ssl=1\" width=\"154\" height=\"154\" loading=\"lazy\" data-original-width=\"154\" data-original-height=\"154\" itemprop=\"http:\/\/schema.org\/image\" title=\"DSC01547\" alt=\"DSC01547\" style=\"width: 154px; height: 154px;\" \/> <\/a> <\/div> <\/div> <div class=\"gallery-group\" style=\"width: 158px; height: 158px;\" data-original-width=\"158\" data-original-height=\"158\" > <div class=\"tiled-gallery-item \" itemprop=\"associatedMedia\" itemscope itemtype=\"http:\/\/schema.org\/ImageObject\"> <a href=\"https:\/\/www.alqueria.es\/blogs\/alqueriaprimerciclo\/2015\/05\/20\/la-prehistoria-en-2o\/dsc01550\/\" border=\"0\" itemprop=\"url\"> <meta itemprop=\"width\" content=\"154\"> <meta itemprop=\"height\" content=\"154\"> <img decoding=\"async\" class=\"\" data-attachment-id=\"7881\" data-orig-file=\"https:\/\/www.alqueria.es\/blogs\/alqueriaprimerciclo\/wp-content\/uploads\/sites\/6\/2015\/05\/DSC01550.jpg\" data-orig-size=\"1024,575\" data-comments-opened=\"1\" data-image-meta=\"{&quot;aperture&quot;:&quot;0&quot;,&quot;credit&quot;:&quot;&quot;,&quot;camera&quot;:&quot;&quot;,&quot;caption&quot;:&quot;&quot;,&quot;created_timestamp&quot;:&quot;0&quot;,&quot;copyright&quot;:&quot;&quot;,&quot;focal_length&quot;:&quot;0&quot;,&quot;iso&quot;:&quot;0&quot;,&quot;shutter_speed&quot;:&quot;0&quot;,&quot;title&quot;:&quot;&quot;,&quot;orientation&quot;:&quot;0&quot;}\" data-image-title=\"DSC01550\" data-image-description=\"\" data-medium-file=\"https:\/\/www.alqueria.es\/blogs\/alqueriaprimerciclo\/wp-content\/uploads\/sites\/6\/2015\/05\/DSC01550-300x168.jpg\" data-large-file=\"https:\/\/www.alqueria.es\/blogs\/alqueriaprimerciclo\/wp-content\/uploads\/sites\/6\/2015\/05\/DSC01550-1024x575.jpg\" src=\"https:\/\/i0.wp.com\/www.alqueria.es\/blogs\/alqueriaprimerciclo\/wp-content\/uploads\/sites\/6\/2015\/05\/DSC01550.jpg?w=154&#038;h=154&#038;crop=1&#038;ssl=1\" width=\"154\" height=\"154\" loading=\"lazy\" data-original-width=\"154\" data-original-height=\"154\" itemprop=\"http:\/\/schema.org\/image\" title=\"DSC01550\" alt=\"DSC01550\" style=\"width: 154px; height: 154px;\" \/> <\/a> <\/div> <\/div> <div class=\"gallery-group\" style=\"width: 158px; height: 158px;\" data-original-width=\"158\" data-original-height=\"158\" > <div class=\"tiled-gallery-item \" itemprop=\"associatedMedia\" itemscope itemtype=\"http:\/\/schema.org\/ImageObject\"> <a href=\"https:\/\/www.alqueria.es\/blogs\/alqueriaprimerciclo\/2015\/05\/20\/la-prehistoria-en-2o\/dsc01552\/\" border=\"0\" itemprop=\"url\"> <meta itemprop=\"width\" content=\"154\"> <meta itemprop=\"height\" content=\"154\"> <img decoding=\"async\" class=\"\" data-attachment-id=\"7880\" data-orig-file=\"https:\/\/www.alqueria.es\/blogs\/alqueriaprimerciclo\/wp-content\/uploads\/sites\/6\/2015\/05\/DSC01552.jpg\" data-orig-size=\"1024,575\" data-comments-opened=\"1\" data-image-meta=\"{&quot;aperture&quot;:&quot;0&quot;,&quot;credit&quot;:&quot;&quot;,&quot;camera&quot;:&quot;&quot;,&quot;caption&quot;:&quot;&quot;,&quot;created_timestamp&quot;:&quot;0&quot;,&quot;copyright&quot;:&quot;&quot;,&quot;focal_length&quot;:&quot;0&quot;,&quot;iso&quot;:&quot;0&quot;,&quot;shutter_speed&quot;:&quot;0&quot;,&quot;title&quot;:&quot;&quot;,&quot;orientation&quot;:&quot;0&quot;}\" data-image-title=\"DSC01552\" data-image-description=\"\" data-medium-file=\"https:\/\/www.alqueria.es\/blogs\/alqueriaprimerciclo\/wp-content\/uploads\/sites\/6\/2015\/05\/DSC01552-300x168.jpg\" data-large-file=\"https:\/\/www.alqueria.es\/blogs\/alqueriaprimerciclo\/wp-content\/uploads\/sites\/6\/2015\/05\/DSC01552-1024x575.jpg\" src=\"https:\/\/i0.wp.com\/www.alqueria.es\/blogs\/alqueriaprimerciclo\/wp-content\/uploads\/sites\/6\/2015\/05\/DSC01552.jpg?w=154&#038;h=154&#038;crop=1&#038;ssl=1\" width=\"154\" height=\"154\" loading=\"lazy\" data-original-width=\"154\" data-original-height=\"154\" itemprop=\"http:\/\/schema.org\/image\" title=\"DSC01552\" alt=\"DSC01552\" style=\"width: 154px; height: 154px;\" \/> <\/a> <\/div> <\/div> <\/div> <div class=\"gallery-row\" style=\"width: 474px; height: 158px;\" data-original-width=\"474\" data-original-height=\"158\" > <div class=\"gallery-group\" style=\"width: 158px; height: 158px;\" data-original-width=\"158\" data-original-height=\"158\" > <div class=\"tiled-gallery-item \" itemprop=\"associatedMedia\" itemscope itemtype=\"http:\/\/schema.org\/ImageObject\"> <a href=\"https:\/\/www.alqueria.es\/blogs\/alqueriaprimerciclo\/2015\/05\/20\/la-prehistoria-en-2o\/dsc01554\/\" border=\"0\" itemprop=\"url\"> <meta itemprop=\"width\" content=\"154\"> <meta itemprop=\"height\" content=\"154\"> <img decoding=\"async\" class=\"\" data-attachment-id=\"7879\" data-orig-file=\"https:\/\/www.alqueria.es\/blogs\/alqueriaprimerciclo\/wp-content\/uploads\/sites\/6\/2015\/05\/DSC01554.jpg\" data-orig-size=\"1024,575\" data-comments-opened=\"1\" data-image-meta=\"{&quot;aperture&quot;:&quot;0&quot;,&quot;credit&quot;:&quot;&quot;,&quot;camera&quot;:&quot;&quot;,&quot;caption&quot;:&quot;&quot;,&quot;created_timestamp&quot;:&quot;0&quot;,&quot;copyright&quot;:&quot;&quot;,&quot;focal_length&quot;:&quot;0&quot;,&quot;iso&quot;:&quot;0&quot;,&quot;shutter_speed&quot;:&quot;0&quot;,&quot;title&quot;:&quot;&quot;,&quot;orientation&quot;:&quot;0&quot;}\" data-image-title=\"DSC01554\" data-image-description=\"\" data-medium-file=\"https:\/\/www.alqueria.es\/blogs\/alqueriaprimerciclo\/wp-content\/uploads\/sites\/6\/2015\/05\/DSC01554-300x168.jpg\" data-large-file=\"https:\/\/www.alqueria.es\/blogs\/alqueriaprimerciclo\/wp-content\/uploads\/sites\/6\/2015\/05\/DSC01554-1024x575.jpg\" src=\"https:\/\/i0.wp.com\/www.alqueria.es\/blogs\/alqueriaprimerciclo\/wp-content\/uploads\/sites\/6\/2015\/05\/DSC01554.jpg?w=154&#038;h=154&#038;crop=1&#038;ssl=1\" width=\"154\" height=\"154\" loading=\"lazy\" data-original-width=\"154\" data-original-height=\"154\" itemprop=\"http:\/\/schema.org\/image\" title=\"DSC01554\" alt=\"DSC01554\" style=\"width: 154px; height: 154px;\" \/> <\/a> <\/div> <\/div> <div class=\"gallery-group\" style=\"width: 158px; height: 158px;\" data-original-width=\"158\" data-original-height=\"158\" > <div class=\"tiled-gallery-item \" itemprop=\"associatedMedia\" itemscope itemtype=\"http:\/\/schema.org\/ImageObject\"> <a href=\"https:\/\/www.alqueria.es\/blogs\/alqueriaprimerciclo\/2015\/05\/20\/la-prehistoria-en-2o\/dsc01555\/\" border=\"0\" itemprop=\"url\"> <meta itemprop=\"width\" content=\"154\"> <meta itemprop=\"height\" content=\"154\"> <img decoding=\"async\" class=\"\" data-attachment-id=\"7878\" data-orig-file=\"https:\/\/www.alqueria.es\/blogs\/alqueriaprimerciclo\/wp-content\/uploads\/sites\/6\/2015\/05\/DSC01555.jpg\" data-orig-size=\"1024,575\" data-comments-opened=\"1\" data-image-meta=\"{&quot;aperture&quot;:&quot;0&quot;,&quot;credit&quot;:&quot;&quot;,&quot;camera&quot;:&quot;&quot;,&quot;caption&quot;:&quot;&quot;,&quot;created_timestamp&quot;:&quot;0&quot;,&quot;copyright&quot;:&quot;&quot;,&quot;focal_length&quot;:&quot;0&quot;,&quot;iso&quot;:&quot;0&quot;,&quot;shutter_speed&quot;:&quot;0&quot;,&quot;title&quot;:&quot;&quot;,&quot;orientation&quot;:&quot;0&quot;}\" data-image-title=\"DSC01555\" data-image-description=\"\" data-medium-file=\"https:\/\/www.alqueria.es\/blogs\/alqueriaprimerciclo\/wp-content\/uploads\/sites\/6\/2015\/05\/DSC01555-300x168.jpg\" data-large-file=\"https:\/\/www.alqueria.es\/blogs\/alqueriaprimerciclo\/wp-content\/uploads\/sites\/6\/2015\/05\/DSC01555-1024x575.jpg\" src=\"https:\/\/i0.wp.com\/www.alqueria.es\/blogs\/alqueriaprimerciclo\/wp-content\/uploads\/sites\/6\/2015\/05\/DSC01555.jpg?w=154&#038;h=154&#038;crop=1&#038;ssl=1\" width=\"154\" height=\"154\" loading=\"lazy\" data-original-width=\"154\" data-original-height=\"154\" itemprop=\"http:\/\/schema.org\/image\" title=\"DSC01555\" alt=\"DSC01555\" style=\"width: 154px; height: 154px;\" \/> <\/a> <\/div> <\/div> <div class=\"gallery-group\" style=\"width: 158px; height: 158px;\" data-original-width=\"158\" data-original-height=\"158\" > <div class=\"tiled-gallery-item \" itemprop=\"associatedMedia\" itemscope itemtype=\"http:\/\/schema.org\/ImageObject\"> <a href=\"https:\/\/www.alqueria.es\/blogs\/alqueriaprimerciclo\/2015\/05\/20\/la-prehistoria-en-2o\/dsc01556\/\" border=\"0\" itemprop=\"url\"> <meta itemprop=\"width\" content=\"154\"> <meta itemprop=\"height\" content=\"154\"> <img decoding=\"async\" class=\"\" data-attachment-id=\"7877\" data-orig-file=\"https:\/\/www.alqueria.es\/blogs\/alqueriaprimerciclo\/wp-content\/uploads\/sites\/6\/2015\/05\/DSC01556.jpg\" data-orig-size=\"1024,575\" data-comments-opened=\"1\" data-image-meta=\"{&quot;aperture&quot;:&quot;0&quot;,&quot;credit&quot;:&quot;&quot;,&quot;camera&quot;:&quot;&quot;,&quot;caption&quot;:&quot;&quot;,&quot;created_timestamp&quot;:&quot;0&quot;,&quot;copyright&quot;:&quot;&quot;,&quot;focal_length&quot;:&quot;0&quot;,&quot;iso&quot;:&quot;0&quot;,&quot;shutter_speed&quot;:&quot;0&quot;,&quot;title&quot;:&quot;&quot;,&quot;orientation&quot;:&quot;0&quot;}\" data-image-title=\"DSC01556\" data-image-description=\"\" data-medium-file=\"https:\/\/www.alqueria.es\/blogs\/alqueriaprimerciclo\/wp-content\/uploads\/sites\/6\/2015\/05\/DSC01556-300x168.jpg\" data-large-file=\"https:\/\/www.alqueria.es\/blogs\/alqueriaprimerciclo\/wp-content\/uploads\/sites\/6\/2015\/05\/DSC01556-1024x575.jpg\" src=\"https:\/\/i0.wp.com\/www.alqueria.es\/blogs\/alqueriaprimerciclo\/wp-content\/uploads\/sites\/6\/2015\/05\/DSC01556.jpg?w=154&#038;h=154&#038;crop=1&#038;ssl=1\" width=\"154\" height=\"154\" loading=\"lazy\" data-original-width=\"154\" data-original-height=\"154\" itemprop=\"http:\/\/schema.org\/image\" title=\"DSC01556\" alt=\"DSC01556\" style=\"width: 154px; height: 154px;\" \/> <\/a> <\/div> <\/div> <\/div> <div class=\"gallery-row\" style=\"width: 474px; height: 158px;\" data-original-width=\"474\" data-original-height=\"158\" > <div class=\"gallery-group\" style=\"width: 158px; height: 158px;\" data-original-width=\"158\" data-original-height=\"158\" > <div class=\"tiled-gallery-item \" itemprop=\"associatedMedia\" itemscope itemtype=\"http:\/\/schema.org\/ImageObject\"> <a href=\"https:\/\/www.alqueria.es\/blogs\/alqueriaprimerciclo\/2015\/05\/20\/la-prehistoria-en-2o\/dsc01557\/\" border=\"0\" itemprop=\"url\"> <meta itemprop=\"width\" content=\"154\"> <meta itemprop=\"height\" content=\"154\"> <img decoding=\"async\" class=\"\" data-attachment-id=\"7876\" data-orig-file=\"https:\/\/www.alqueria.es\/blogs\/alqueriaprimerciclo\/wp-content\/uploads\/sites\/6\/2015\/05\/DSC01557.jpg\" data-orig-size=\"1024,575\" data-comments-opened=\"1\" data-image-meta=\"{&quot;aperture&quot;:&quot;0&quot;,&quot;credit&quot;:&quot;&quot;,&quot;camera&quot;:&quot;&quot;,&quot;caption&quot;:&quot;&quot;,&quot;created_timestamp&quot;:&quot;0&quot;,&quot;copyright&quot;:&quot;&quot;,&quot;focal_length&quot;:&quot;0&quot;,&quot;iso&quot;:&quot;0&quot;,&quot;shutter_speed&quot;:&quot;0&quot;,&quot;title&quot;:&quot;&quot;,&quot;orientation&quot;:&quot;0&quot;}\" data-image-title=\"DSC01557\" data-image-description=\"\" data-medium-file=\"https:\/\/www.alqueria.es\/blogs\/alqueriaprimerciclo\/wp-content\/uploads\/sites\/6\/2015\/05\/DSC01557-300x168.jpg\" data-large-file=\"https:\/\/www.alqueria.es\/blogs\/alqueriaprimerciclo\/wp-content\/uploads\/sites\/6\/2015\/05\/DSC01557-1024x575.jpg\" src=\"https:\/\/i0.wp.com\/www.alqueria.es\/blogs\/alqueriaprimerciclo\/wp-content\/uploads\/sites\/6\/2015\/05\/DSC01557.jpg?w=154&#038;h=154&#038;crop=1&#038;ssl=1\" width=\"154\" height=\"154\" loading=\"lazy\" data-original-width=\"154\" data-original-height=\"154\" itemprop=\"http:\/\/schema.org\/image\" title=\"DSC01557\" alt=\"DSC01557\" style=\"width: 154px; height: 154px;\" \/> <\/a> <\/div> <\/div> <div class=\"gallery-group\" style=\"width: 158px; height: 158px;\" data-original-width=\"158\" data-original-height=\"158\" > <div class=\"tiled-gallery-item \" itemprop=\"associatedMedia\" itemscope itemtype=\"http:\/\/schema.org\/ImageObject\"> <a href=\"https:\/\/www.alqueria.es\/blogs\/alqueriaprimerciclo\/2015\/05\/20\/la-prehistoria-en-2o\/dsc01558\/\" border=\"0\" itemprop=\"url\"> <meta itemprop=\"width\" content=\"154\"> <meta itemprop=\"height\" content=\"154\"> <img decoding=\"async\" class=\"\" data-attachment-id=\"7875\" data-orig-file=\"https:\/\/www.alqueria.es\/blogs\/alqueriaprimerciclo\/wp-content\/uploads\/sites\/6\/2015\/05\/DSC01558.jpg\" data-orig-size=\"575,1024\" data-comments-opened=\"1\" data-image-meta=\"{&quot;aperture&quot;:&quot;0&quot;,&quot;credit&quot;:&quot;&quot;,&quot;camera&quot;:&quot;&quot;,&quot;caption&quot;:&quot;&quot;,&quot;created_timestamp&quot;:&quot;0&quot;,&quot;copyright&quot;:&quot;&quot;,&quot;focal_length&quot;:&quot;0&quot;,&quot;iso&quot;:&quot;0&quot;,&quot;shutter_speed&quot;:&quot;0&quot;,&quot;title&quot;:&quot;&quot;,&quot;orientation&quot;:&quot;0&quot;}\" data-image-title=\"DSC01558\" data-image-description=\"\" data-medium-file=\"https:\/\/www.alqueria.es\/blogs\/alqueriaprimerciclo\/wp-content\/uploads\/sites\/6\/2015\/05\/DSC01558-168x300.jpg\" data-large-file=\"https:\/\/www.alqueria.es\/blogs\/alqueriaprimerciclo\/wp-content\/uploads\/sites\/6\/2015\/05\/DSC01558-575x1024.jpg\" src=\"https:\/\/i0.wp.com\/www.alqueria.es\/blogs\/alqueriaprimerciclo\/wp-content\/uploads\/sites\/6\/2015\/05\/DSC01558.jpg?w=154&#038;h=154&#038;crop=1&#038;ssl=1\" srcset=\"https:\/\/www.alqueria.es\/blogs\/alqueriaprimerciclo\/wp-content\/uploads\/sites\/6\/2015\/05\/DSC01558-150x150.jpg 150w, https:\/\/www.alqueria.es\/blogs\/alqueriaprimerciclo\/wp-content\/uploads\/sites\/6\/2015\/05\/DSC01558-575x576.jpg 575w\" width=\"154\" height=\"154\" loading=\"lazy\" data-original-width=\"154\" data-original-height=\"154\" itemprop=\"http:\/\/schema.org\/image\" title=\"DSC01558\" alt=\"DSC01558\" style=\"width: 154px; height: 154px;\" \/> <\/a> <\/div> <\/div> <div class=\"gallery-group\" style=\"width: 158px; height: 158px;\" data-original-width=\"158\" data-original-height=\"158\" > <div class=\"tiled-gallery-item \" itemprop=\"associatedMedia\" itemscope itemtype=\"http:\/\/schema.org\/ImageObject\"> <a href=\"https:\/\/www.alqueria.es\/blogs\/alqueriaprimerciclo\/2015\/05\/20\/la-prehistoria-en-2o\/dsc01559\/\" border=\"0\" itemprop=\"url\"> <meta itemprop=\"width\" content=\"154\"> <meta itemprop=\"height\" content=\"154\"> <img decoding=\"async\" class=\"\" data-attachment-id=\"7874\" data-orig-file=\"https:\/\/www.alqueria.es\/blogs\/alqueriaprimerciclo\/wp-content\/uploads\/sites\/6\/2015\/05\/DSC01559.jpg\" data-orig-size=\"1024,575\" data-comments-opened=\"1\" data-image-meta=\"{&quot;aperture&quot;:&quot;0&quot;,&quot;credit&quot;:&quot;&quot;,&quot;camera&quot;:&quot;&quot;,&quot;caption&quot;:&quot;&quot;,&quot;created_timestamp&quot;:&quot;0&quot;,&quot;copyright&quot;:&quot;&quot;,&quot;focal_length&quot;:&quot;0&quot;,&quot;iso&quot;:&quot;0&quot;,&quot;shutter_speed&quot;:&quot;0&quot;,&quot;title&quot;:&quot;&quot;,&quot;orientation&quot;:&quot;0&quot;}\" data-image-title=\"DSC01559\" data-image-description=\"\" data-medium-file=\"https:\/\/www.alqueria.es\/blogs\/alqueriaprimerciclo\/wp-content\/uploads\/sites\/6\/2015\/05\/DSC01559-300x168.jpg\" data-large-file=\"https:\/\/www.alqueria.es\/blogs\/alqueriaprimerciclo\/wp-content\/uploads\/sites\/6\/2015\/05\/DSC01559-1024x575.jpg\" src=\"https:\/\/i0.wp.com\/www.alqueria.es\/blogs\/alqueriaprimerciclo\/wp-content\/uploads\/sites\/6\/2015\/05\/DSC01559.jpg?w=154&#038;h=154&#038;crop=1&#038;ssl=1\" width=\"154\" height=\"154\" loading=\"lazy\" data-original-width=\"154\" data-original-height=\"154\" itemprop=\"http:\/\/schema.org\/image\" title=\"DSC01559\" alt=\"DSC01559\" style=\"width: 154px; height: 154px;\" \/> <\/a> <\/div> <\/div> <\/div> <\/div>\n<p>CONFERENCIA SOBRE LA PREHISTORIA<\/p>\n<div class=\"a25-CTUOC-hidding-box\" data-original-content=\"&lt;iframe title=&quot;La prehistoria alqueria&quot; src=&quot;https:\/\/www.slideshare.net\/slideshow\/embed_code\/key\/zjIeJBkWdMiWsv&quot; width=&quot;427&quot; height=&quot;356&quot; frameborder=&quot;0&quot; marginwidth=&quot;0&quot; marginheight=&quot;0&quot; scrolling=&quot;no&quot; style=&quot;border:1px solid #CCC; border-width:1px; margin-bottom:5px; max-width: 100%;&quot; allowfullscreen&gt; &lt;\/iframe&gt;\">Esta p\u00e1gina incluye contenido multimedia que requiere aceptar todas las cookies. Pulse aqu\u00ed para abrir la configuraci\u00f3n de cookies.<\/div>\n<div style=\"margin-bottom:5px\"> <strong> <a href=\"https:\/\/es.slideshare.net\/primercicloalqueria\/la-prehistoria-alqueria\" title=\"La prehistoria alqueria\" target=\"_blank\">La prehistoria alqueria<\/a> <\/strong> from <strong><a href=\"https:\/\/www.slideshare.net\/primercicloalqueria\" target=\"_blank\">primercicloalqueria<\/a><\/strong> <\/div>\n<h5>Conferencia de Ania : LAS MONTA\u00d1AS<\/h5>\n<p>ANIA NOS HA OFRECIDO LA \u00daLTIMA CONFERENCIA DE ESTE CURSO<\/p>\n<p>Ha demostrado un gran conocimiento sobre nuestro planeta, \u00a0la formaci\u00f3n de los continentes, \u00a0el movimiento de las placas tect\u00f3nicas, y en concreto de las monta\u00f1as, su formaci\u00f3n, las m\u00e1s importantes. Nos ha aclarado las diferencias entre sistema monta\u00f1oso, cordillera,macizo, monta\u00f1a.<\/p>\n<p>Hemos podido ver como el movimiento de las placas tect\u00f3nicas, no solo produce monta\u00f1as, tambi\u00e9n volcanes, terremotos y tsunami.<\/p>\n<p>SIERRA NEVADA HA COBRADO GRAN RELEVANCIA AL PODER LOCALIZAR LOS PUNTOS MAS IMPORTANTES EN LA MAQUETA Y CON UN TRUCO QUE NOS HA ENSE\u00d1ADO.<\/p>\n<p><a href=\"http:\/\/prezi.com\/jcr37iwmlrq9\/?utm_campaign=share&amp;utm_medium=copy\" target=\"_blank\"><img decoding=\"async\" class=\"alignnone\" src=\"http:\/\/webmail.alqueria.es\/?_task=mail&amp;_action=get&amp;_uid=4505&amp;_mbox=INBOX&amp;_part=2.2&amp;_embed=1\" alt=\"\" width=\"1667\" height=\"1004\" \/><\/a><\/p>\n<p>&nbsp;<\/p>\n<p><a href=\"http:\/\/prezi.com\/jcr37iwmlrq9\/?utm_campaign=share&amp;utm_medium=copy\">http:\/\/prezi.com\/jcr37iwmlrq9\/?utm_campaign=share&amp;utm_medium=copy<\/a><\/p>\n<h4>La salida a Pi\u00f1ar ser\u00e1 el broche de \u00a0estos d\u00edas de investigaci\u00f3n, visitar la cueva de las ventanas, donde vivieron \u00a0animales y \u00a0personas en la prehistoria, ser\u00e1 muy emocionante.<\/h4>\n<p>Todo est\u00e1 preparado para nuestra salida el jueves.<\/p>\n<p>PARA SABER M\u00c1S<\/p>\n<p><a href=\"http:\/\/www.juntadeandalucia.es\/averroes\/html\/adjuntos\/2007\/09\/13\/0030\/prehistoria\/entrada\/entrada.htm\"><img decoding=\"async\" data-attachment-id=\"7894\" data-permalink=\"https:\/\/www.alqueria.es\/blogs\/alqueriaprimerciclo\/2015\/05\/20\/la-prehistoria-en-2o\/captura-52\/\" data-orig-file=\"https:\/\/www.alqueria.es\/blogs\/alqueriaprimerciclo\/wp-content\/uploads\/sites\/6\/2015\/05\/Captura3.png\" data-orig-size=\"883,488\" data-comments-opened=\"1\" data-image-meta=\"{&quot;aperture&quot;:&quot;0&quot;,&quot;credit&quot;:&quot;&quot;,&quot;camera&quot;:&quot;&quot;,&quot;caption&quot;:&quot;&quot;,&quot;created_timestamp&quot;:&quot;0&quot;,&quot;copyright&quot;:&quot;&quot;,&quot;focal_length&quot;:&quot;0&quot;,&quot;iso&quot;:&quot;0&quot;,&quot;shutter_speed&quot;:&quot;0&quot;,&quot;title&quot;:&quot;&quot;,&quot;orientation&quot;:&quot;0&quot;}\" data-image-title=\"Captura\" data-image-description=\"\" data-image-caption=\"\" data-large-file=\"https:\/\/www.alqueria.es\/blogs\/alqueriaprimerciclo\/wp-content\/uploads\/sites\/6\/2015\/05\/Captura3.png\" class=\"aligncenter size-medium wp-image-7894\" src=\"https:\/\/cloud.alqueria.es\/wp-content\/uploads\/sites\/6\/2015\/05\/Captura3-300x166.png\" alt=\"Captura\" width=\"300\" height=\"166\" srcset=\"https:\/\/www.alqueria.es\/blogs\/alqueriaprimerciclo\/wp-content\/uploads\/sites\/6\/2015\/05\/Captura3-300x166.png 300w, https:\/\/www.alqueria.es\/blogs\/alqueriaprimerciclo\/wp-content\/uploads\/sites\/6\/2015\/05\/Captura3-672x372.png 672w, https:\/\/www.alqueria.es\/blogs\/alqueriaprimerciclo\/wp-content\/uploads\/sites\/6\/2015\/05\/Captura3.png 883w\" sizes=\"(max-width: 300px) 100vw, 300px\" \/><\/a><\/p>\n<p>&nbsp;<\/p>\n<p><a href=\"http:\/\/www.juntadeandalucia.es\/averroes\/html\/adjuntos\/2007\/09\/13\/0030\/prehistoria\/entrada\/entrada.htm\">http:\/\/www.juntadeandalucia.es\/averroes\/html\/adjuntos\/2007\/09\/13\/0030\/prehistoria\/entrada\/entrada.htm<\/a><\/p>\n<p>UN SALUDO<\/p>\n<p>DAR\u00cdA<\/p>\n<p>&nbsp;<\/p>\n<p>&nbsp;<\/p>\n","protected":false},"excerpt":{"rendered":"<p>Viajamos a la prehistoria \u00bf QUI\u00c9N FUE EL PRIMER&#8230;? ES LA GRAN PREGUNTA, aparece en bastantes ocasiones , en particular en las conferencias.Pues bien, ha llegado el momento en el que la informaci\u00f3n gira en torno a esta gran cuesti\u00f3n. Son varias las actividades que giran alrededor de conocer como empez\u00f3 y se desarroll\u00f3 la &hellip; <a href=\"https:\/\/www.alqueria.es\/blogs\/alqueriaprimerciclo\/2015\/05\/20\/la-prehistoria-en-2o\/\" class=\"more-link\">Seguir leyendo <span class=\"screen-reader-text\">La prehistoria en 2\u00ba<\/span> <span class=\"meta-nav\">&rarr;<\/span><\/a><\/p>\n","protected":false},"author":12,"featured_media":0,"comment_status":"open","ping_status":"open","sticky":false,"template":"","format":"link","meta":{"jetpack_post_was_ever_published":false,"_jetpack_newsletter_access":"","_jetpack_dont_email_post_to_subs":false,"_jetpack_newsletter_tier_id":0,"_jetpack_memberships_contains_paywalled_content":false,"_jetpack_memberships_contains_paid_content":false,"footnotes":"","jetpack_publicize_message":"","jetpack_publicize_feature_enabled":true,"jetpack_social_post_already_shared":true,"jetpack_social_options":{"image_generator_settings":{"template":"highway","default_image_id":0,"font":"","enabled":false},"version":2}},"categories":[3,9],"tags":[],"class_list":["post-7873","post","type-post","status-publish","format-link","hentry","category-2o-epo","category-diario-de-clase-2o","post_format-post-format-link"],"jetpack_publicize_connections":[],"jetpack_featured_media_url":"","jetpack_sharing_enabled":true,"jetpack_shortlink":"https:\/\/wp.me\/p4lvS0-22Z","_links":{"self":[{"href":"https:\/\/www.alqueria.es\/blogs\/alqueriaprimerciclo\/wp-json\/wp\/v2\/posts\/7873","targetHints":{"allow":["GET"]}}],"collection":[{"href":"https:\/\/www.alqueria.es\/blogs\/alqueriaprimerciclo\/wp-json\/wp\/v2\/posts"}],"about":[{"href":"https:\/\/www.alqueria.es\/blogs\/alqueriaprimerciclo\/wp-json\/wp\/v2\/types\/post"}],"author":[{"embeddable":true,"href":"https:\/\/www.alqueria.es\/blogs\/alqueriaprimerciclo\/wp-json\/wp\/v2\/users\/12"}],"replies":[{"embeddable":true,"href":"https:\/\/www.alqueria.es\/blogs\/alqueriaprimerciclo\/wp-json\/wp\/v2\/comments?post=7873"}],"version-history":[{"count":0,"href":"https:\/\/www.alqueria.es\/blogs\/alqueriaprimerciclo\/wp-json\/wp\/v2\/posts\/7873\/revisions"}],"wp:attachment":[{"href":"https:\/\/www.alqueria.es\/blogs\/alqueriaprimerciclo\/wp-json\/wp\/v2\/media?parent=7873"}],"wp:term":[{"taxonomy":"category","embeddable":true,"href":"https:\/\/www.alqueria.es\/blogs\/alqueriaprimerciclo\/wp-json\/wp\/v2\/categories?post=7873"},{"taxonomy":"post_tag","embeddable":true,"href":"https:\/\/www.alqueria.es\/blogs\/alqueriaprimerciclo\/wp-json\/wp\/v2\/tags?post=7873"}],"curies":[{"name":"wp","href":"https:\/\/api.w.org\/{rel}","templated":true}]}}