{"id":9522,"date":"2016-02-08T18:11:36","date_gmt":"2016-02-08T17:11:36","guid":{"rendered":"https:\/\/www.alqueria.es\/blogs\/alqueriaprimerciclo\/?p=9522"},"modified":"2016-02-16T15:16:57","modified_gmt":"2016-02-16T14:16:57","slug":"1o-inauguracion-semana-cultural-2016-experimentamos-con-la-ciencia","status":"publish","type":"post","link":"https:\/\/www.alqueria.es\/blogs\/alqueriaprimerciclo\/2016\/02\/08\/1o-inauguracion-semana-cultural-2016-experimentamos-con-la-ciencia\/","title":{"rendered":"1\u00ba Inauguraci\u00f3n Semana Cultural 2016: Experimentamos con la Ciencia"},"content":{"rendered":"<h5>1\u00aa Jornada Semana Cultural<\/h5>\n<p>La cultura es fundamental para que las personas comprendamos la sociedad en la que vivimos. Este curso en el colegio nos llega, a trav\u00e9s de la Ciencia. Una Semana Cultural llena de conocimientos que vamos aprender desde la experimentaci\u00f3n y la informaci\u00f3n compartida entre todo el alumnado de primaria..<\/p>\n<h5>9,00H. Presentaci\u00f3n programa<\/h5>\n<p>A primera hora damos lectura del programa<\/p>\n<h5>10,00H. Acto inaugural: \u00bb La ciencia del yoga\u00bb<\/h5>\n<p>Comienza con una sesi\u00f3n de yoga colectiva, en la que participa todo el alumnado de primaria.<\/p>\n<p class=\"jetpack-slideshow-noscript robots-nocontent\">El pase de diapositivas requiere JavaScript.<\/p><div id=\"gallery-9522-1-slideshow\" class=\"jetpack-slideshow-window jetpack-slideshow jetpack-slideshow-black\" data-trans=\"fade\" data-autostart=\"1\" data-gallery=\"[{&quot;src&quot;:&quot;https:\\\/\\\/www.alqueria.es\\\/blogs\\\/alqueriaprimerciclo\\\/wp-content\\\/uploads\\\/sites\\\/6\\\/2016\\\/02\\\/DSC03083.jpg&quot;,&quot;id&quot;:&quot;9582&quot;,&quot;title&quot;:&quot;DSC03083&quot;,&quot;alt&quot;:&quot;&quot;,&quot;caption&quot;:&quot;&quot;,&quot;itemprop&quot;:&quot;image&quot;},{&quot;src&quot;:&quot;https:\\\/\\\/www.alqueria.es\\\/blogs\\\/alqueriaprimerciclo\\\/wp-content\\\/uploads\\\/sites\\\/6\\\/2016\\\/02\\\/DSC03087.jpg&quot;,&quot;id&quot;:&quot;9583&quot;,&quot;title&quot;:&quot;DSC03087&quot;,&quot;alt&quot;:&quot;&quot;,&quot;caption&quot;:&quot;&quot;,&quot;itemprop&quot;:&quot;image&quot;},{&quot;src&quot;:&quot;https:\\\/\\\/www.alqueria.es\\\/blogs\\\/alqueriaprimerciclo\\\/wp-content\\\/uploads\\\/sites\\\/6\\\/2016\\\/02\\\/DSC03088.jpg&quot;,&quot;id&quot;:&quot;9584&quot;,&quot;title&quot;:&quot;DSC03088&quot;,&quot;alt&quot;:&quot;&quot;,&quot;caption&quot;:&quot;&quot;,&quot;itemprop&quot;:&quot;image&quot;},{&quot;src&quot;:&quot;https:\\\/\\\/www.alqueria.es\\\/blogs\\\/alqueriaprimerciclo\\\/wp-content\\\/uploads\\\/sites\\\/6\\\/2016\\\/02\\\/DSC03091.jpg&quot;,&quot;id&quot;:&quot;9585&quot;,&quot;title&quot;:&quot;DSC03091&quot;,&quot;alt&quot;:&quot;&quot;,&quot;caption&quot;:&quot;&quot;,&quot;itemprop&quot;:&quot;image&quot;},{&quot;src&quot;:&quot;https:\\\/\\\/www.alqueria.es\\\/blogs\\\/alqueriaprimerciclo\\\/wp-content\\\/uploads\\\/sites\\\/6\\\/2016\\\/02\\\/DSC03092.jpg&quot;,&quot;id&quot;:&quot;9586&quot;,&quot;title&quot;:&quot;DSC03092&quot;,&quot;alt&quot;:&quot;&quot;,&quot;caption&quot;:&quot;&quot;,&quot;itemprop&quot;:&quot;image&quot;},{&quot;src&quot;:&quot;https:\\\/\\\/www.alqueria.es\\\/blogs\\\/alqueriaprimerciclo\\\/wp-content\\\/uploads\\\/sites\\\/6\\\/2016\\\/02\\\/DSC03097.jpg&quot;,&quot;id&quot;:&quot;9587&quot;,&quot;title&quot;:&quot;DSC03097&quot;,&quot;alt&quot;:&quot;&quot;,&quot;caption&quot;:&quot;&quot;,&quot;itemprop&quot;:&quot;image&quot;}]\" itemscope itemtype=\"https:\/\/schema.org\/ImageGallery\"><\/div>\n<h6>11,30H.-12,30H:<\/h6>\n<h5>1\u00baEPO .- Sesi\u00f3n de experimentos con alimentos<\/h5>\n<p>El alumnado de primero presenta en su clase, uno por uno, el experimento que ha escogido, en el que se utilizan los alimentos.<\/p>\n<p class=\"jetpack-slideshow-noscript robots-nocontent\">El pase de diapositivas requiere JavaScript.<\/p><div id=\"gallery-9522-2-slideshow\" class=\"jetpack-slideshow-window jetpack-slideshow jetpack-slideshow-black\" data-trans=\"fade\" data-autostart=\"1\" data-gallery=\"[{&quot;src&quot;:&quot;https:\\\/\\\/www.alqueria.es\\\/blogs\\\/alqueriaprimerciclo\\\/wp-content\\\/uploads\\\/sites\\\/6\\\/2016\\\/02\\\/DSC03100.jpg&quot;,&quot;id&quot;:&quot;9569&quot;,&quot;title&quot;:&quot;DSC03100&quot;,&quot;alt&quot;:&quot;&quot;,&quot;caption&quot;:&quot;&quot;,&quot;itemprop&quot;:&quot;image&quot;},{&quot;src&quot;:&quot;https:\\\/\\\/www.alqueria.es\\\/blogs\\\/alqueriaprimerciclo\\\/wp-content\\\/uploads\\\/sites\\\/6\\\/2016\\\/02\\\/DSC03101.jpg&quot;,&quot;id&quot;:&quot;9570&quot;,&quot;title&quot;:&quot;DSC03101&quot;,&quot;alt&quot;:&quot;&quot;,&quot;caption&quot;:&quot;&quot;,&quot;itemprop&quot;:&quot;image&quot;},{&quot;src&quot;:&quot;https:\\\/\\\/www.alqueria.es\\\/blogs\\\/alqueriaprimerciclo\\\/wp-content\\\/uploads\\\/sites\\\/6\\\/2016\\\/02\\\/DSC03118.jpg&quot;,&quot;id&quot;:&quot;9571&quot;,&quot;title&quot;:&quot;DSC03118&quot;,&quot;alt&quot;:&quot;&quot;,&quot;caption&quot;:&quot;&quot;,&quot;itemprop&quot;:&quot;image&quot;},{&quot;src&quot;:&quot;https:\\\/\\\/www.alqueria.es\\\/blogs\\\/alqueriaprimerciclo\\\/wp-content\\\/uploads\\\/sites\\\/6\\\/2016\\\/02\\\/DSC03119.jpg&quot;,&quot;id&quot;:&quot;9572&quot;,&quot;title&quot;:&quot;DSC03119&quot;,&quot;alt&quot;:&quot;&quot;,&quot;caption&quot;:&quot;&quot;,&quot;itemprop&quot;:&quot;image&quot;},{&quot;src&quot;:&quot;https:\\\/\\\/www.alqueria.es\\\/blogs\\\/alqueriaprimerciclo\\\/wp-content\\\/uploads\\\/sites\\\/6\\\/2016\\\/02\\\/DSC03120.jpg&quot;,&quot;id&quot;:&quot;9573&quot;,&quot;title&quot;:&quot;DSC03120&quot;,&quot;alt&quot;:&quot;&quot;,&quot;caption&quot;:&quot;&quot;,&quot;itemprop&quot;:&quot;image&quot;},{&quot;src&quot;:&quot;https:\\\/\\\/www.alqueria.es\\\/blogs\\\/alqueriaprimerciclo\\\/wp-content\\\/uploads\\\/sites\\\/6\\\/2016\\\/02\\\/DSC03127.jpg&quot;,&quot;id&quot;:&quot;9574&quot;,&quot;title&quot;:&quot;DSC03127&quot;,&quot;alt&quot;:&quot;&quot;,&quot;caption&quot;:&quot;&quot;,&quot;itemprop&quot;:&quot;image&quot;},{&quot;src&quot;:&quot;https:\\\/\\\/www.alqueria.es\\\/blogs\\\/alqueriaprimerciclo\\\/wp-content\\\/uploads\\\/sites\\\/6\\\/2016\\\/02\\\/DSC03129.jpg&quot;,&quot;id&quot;:&quot;9575&quot;,&quot;title&quot;:&quot;DSC03129&quot;,&quot;alt&quot;:&quot;&quot;,&quot;caption&quot;:&quot;&quot;,&quot;itemprop&quot;:&quot;image&quot;},{&quot;src&quot;:&quot;https:\\\/\\\/www.alqueria.es\\\/blogs\\\/alqueriaprimerciclo\\\/wp-content\\\/uploads\\\/sites\\\/6\\\/2016\\\/02\\\/DSC03131.jpg&quot;,&quot;id&quot;:&quot;9576&quot;,&quot;title&quot;:&quot;DSC03131&quot;,&quot;alt&quot;:&quot;&quot;,&quot;caption&quot;:&quot;&quot;,&quot;itemprop&quot;:&quot;image&quot;},{&quot;src&quot;:&quot;https:\\\/\\\/www.alqueria.es\\\/blogs\\\/alqueriaprimerciclo\\\/wp-content\\\/uploads\\\/sites\\\/6\\\/2016\\\/02\\\/DSC03132.jpg&quot;,&quot;id&quot;:&quot;9577&quot;,&quot;title&quot;:&quot;DSC03132&quot;,&quot;alt&quot;:&quot;&quot;,&quot;caption&quot;:&quot;&quot;,&quot;itemprop&quot;:&quot;image&quot;},{&quot;src&quot;:&quot;https:\\\/\\\/www.alqueria.es\\\/blogs\\\/alqueriaprimerciclo\\\/wp-content\\\/uploads\\\/sites\\\/6\\\/2016\\\/02\\\/DSC03133.jpg&quot;,&quot;id&quot;:&quot;9578&quot;,&quot;title&quot;:&quot;DSC03133&quot;,&quot;alt&quot;:&quot;&quot;,&quot;caption&quot;:&quot;&quot;,&quot;itemprop&quot;:&quot;image&quot;},{&quot;src&quot;:&quot;https:\\\/\\\/www.alqueria.es\\\/blogs\\\/alqueriaprimerciclo\\\/wp-content\\\/uploads\\\/sites\\\/6\\\/2016\\\/02\\\/DSC03134.jpg&quot;,&quot;id&quot;:&quot;9579&quot;,&quot;title&quot;:&quot;DSC03134&quot;,&quot;alt&quot;:&quot;&quot;,&quot;caption&quot;:&quot;&quot;,&quot;itemprop&quot;:&quot;image&quot;},{&quot;src&quot;:&quot;https:\\\/\\\/www.alqueria.es\\\/blogs\\\/alqueriaprimerciclo\\\/wp-content\\\/uploads\\\/sites\\\/6\\\/2016\\\/02\\\/DSC03135.jpg&quot;,&quot;id&quot;:&quot;9580&quot;,&quot;title&quot;:&quot;DSC03135&quot;,&quot;alt&quot;:&quot;&quot;,&quot;caption&quot;:&quot;&quot;,&quot;itemprop&quot;:&quot;image&quot;},{&quot;src&quot;:&quot;https:\\\/\\\/www.alqueria.es\\\/blogs\\\/alqueriaprimerciclo\\\/wp-content\\\/uploads\\\/sites\\\/6\\\/2016\\\/02\\\/DSC03136.jpg&quot;,&quot;id&quot;:&quot;9581&quot;,&quot;title&quot;:&quot;DSC03136&quot;,&quot;alt&quot;:&quot;&quot;,&quot;caption&quot;:&quot;&quot;,&quot;itemprop&quot;:&quot;image&quot;}]\" itemscope itemtype=\"https:\/\/schema.org\/ImageGallery\"><\/div>\n<p>Lo har\u00e1n a lo largo de toda la Semana Cultural.<\/p>\n<h5>\u00a02\u00ba EPO .- Conferencia: Los experimentos, Mame Diarra<\/h5>\n<p>Mame Diarra ha hecho una conferencia estupenda. Ha ilustrado\u00a0sus explicaciones con varios experimentos que hemos compartido con ella, para lo que ha expuesto el m\u00e9todo cient\u00edfico.<\/p>\n<p class=\"jetpack-slideshow-noscript robots-nocontent\">El pase de diapositivas requiere JavaScript.<\/p><div id=\"gallery-9522-3-slideshow\" class=\"jetpack-slideshow-window jetpack-slideshow jetpack-slideshow-black\" data-trans=\"fade\" data-autostart=\"1\" data-gallery=\"[{&quot;src&quot;:&quot;https:\\\/\\\/www.alqueria.es\\\/blogs\\\/alqueriaprimerciclo\\\/wp-content\\\/uploads\\\/sites\\\/6\\\/2016\\\/02\\\/DSC03103.jpg&quot;,&quot;id&quot;:&quot;9554&quot;,&quot;title&quot;:&quot;DSC03103&quot;,&quot;alt&quot;:&quot;&quot;,&quot;caption&quot;:&quot;&quot;,&quot;itemprop&quot;:&quot;image&quot;},{&quot;src&quot;:&quot;https:\\\/\\\/www.alqueria.es\\\/blogs\\\/alqueriaprimerciclo\\\/wp-content\\\/uploads\\\/sites\\\/6\\\/2016\\\/02\\\/DSC03104.jpg&quot;,&quot;id&quot;:&quot;9555&quot;,&quot;title&quot;:&quot;DSC03104&quot;,&quot;alt&quot;:&quot;&quot;,&quot;caption&quot;:&quot;&quot;,&quot;itemprop&quot;:&quot;image&quot;},{&quot;src&quot;:&quot;https:\\\/\\\/www.alqueria.es\\\/blogs\\\/alqueriaprimerciclo\\\/wp-content\\\/uploads\\\/sites\\\/6\\\/2016\\\/02\\\/DSC03105.jpg&quot;,&quot;id&quot;:&quot;9556&quot;,&quot;title&quot;:&quot;DSC03105&quot;,&quot;alt&quot;:&quot;&quot;,&quot;caption&quot;:&quot;&quot;,&quot;itemprop&quot;:&quot;image&quot;},{&quot;src&quot;:&quot;https:\\\/\\\/www.alqueria.es\\\/blogs\\\/alqueriaprimerciclo\\\/wp-content\\\/uploads\\\/sites\\\/6\\\/2016\\\/02\\\/DSC03106.jpg&quot;,&quot;id&quot;:&quot;9557&quot;,&quot;title&quot;:&quot;DSC03106&quot;,&quot;alt&quot;:&quot;&quot;,&quot;caption&quot;:&quot;&quot;,&quot;itemprop&quot;:&quot;image&quot;},{&quot;src&quot;:&quot;https:\\\/\\\/www.alqueria.es\\\/blogs\\\/alqueriaprimerciclo\\\/wp-content\\\/uploads\\\/sites\\\/6\\\/2016\\\/02\\\/DSC03107.jpg&quot;,&quot;id&quot;:&quot;9558&quot;,&quot;title&quot;:&quot;DSC03107&quot;,&quot;alt&quot;:&quot;&quot;,&quot;caption&quot;:&quot;&quot;,&quot;itemprop&quot;:&quot;image&quot;},{&quot;src&quot;:&quot;https:\\\/\\\/www.alqueria.es\\\/blogs\\\/alqueriaprimerciclo\\\/wp-content\\\/uploads\\\/sites\\\/6\\\/2016\\\/02\\\/DSC03108.jpg&quot;,&quot;id&quot;:&quot;9559&quot;,&quot;title&quot;:&quot;DSC03108&quot;,&quot;alt&quot;:&quot;&quot;,&quot;caption&quot;:&quot;&quot;,&quot;itemprop&quot;:&quot;image&quot;},{&quot;src&quot;:&quot;https:\\\/\\\/www.alqueria.es\\\/blogs\\\/alqueriaprimerciclo\\\/wp-content\\\/uploads\\\/sites\\\/6\\\/2016\\\/02\\\/DSC03112.jpg&quot;,&quot;id&quot;:&quot;9560&quot;,&quot;title&quot;:&quot;DSC03112&quot;,&quot;alt&quot;:&quot;&quot;,&quot;caption&quot;:&quot;&quot;,&quot;itemprop&quot;:&quot;image&quot;},{&quot;src&quot;:&quot;https:\\\/\\\/www.alqueria.es\\\/blogs\\\/alqueriaprimerciclo\\\/wp-content\\\/uploads\\\/sites\\\/6\\\/2016\\\/02\\\/DSC03113.jpg&quot;,&quot;id&quot;:&quot;9561&quot;,&quot;title&quot;:&quot;DSC03113&quot;,&quot;alt&quot;:&quot;&quot;,&quot;caption&quot;:&quot;&quot;,&quot;itemprop&quot;:&quot;image&quot;},{&quot;src&quot;:&quot;https:\\\/\\\/www.alqueria.es\\\/blogs\\\/alqueriaprimerciclo\\\/wp-content\\\/uploads\\\/sites\\\/6\\\/2016\\\/02\\\/DSC03114.jpg&quot;,&quot;id&quot;:&quot;9562&quot;,&quot;title&quot;:&quot;DSC03114&quot;,&quot;alt&quot;:&quot;&quot;,&quot;caption&quot;:&quot;&quot;,&quot;itemprop&quot;:&quot;image&quot;},{&quot;src&quot;:&quot;https:\\\/\\\/www.alqueria.es\\\/blogs\\\/alqueriaprimerciclo\\\/wp-content\\\/uploads\\\/sites\\\/6\\\/2016\\\/02\\\/DSC03116.jpg&quot;,&quot;id&quot;:&quot;9563&quot;,&quot;title&quot;:&quot;DSC03116&quot;,&quot;alt&quot;:&quot;&quot;,&quot;caption&quot;:&quot;&quot;,&quot;itemprop&quot;:&quot;image&quot;},{&quot;src&quot;:&quot;https:\\\/\\\/www.alqueria.es\\\/blogs\\\/alqueriaprimerciclo\\\/wp-content\\\/uploads\\\/sites\\\/6\\\/2016\\\/02\\\/DSC03122.jpg&quot;,&quot;id&quot;:&quot;9564&quot;,&quot;title&quot;:&quot;DSC03122&quot;,&quot;alt&quot;:&quot;&quot;,&quot;caption&quot;:&quot;&quot;,&quot;itemprop&quot;:&quot;image&quot;},{&quot;src&quot;:&quot;https:\\\/\\\/www.alqueria.es\\\/blogs\\\/alqueriaprimerciclo\\\/wp-content\\\/uploads\\\/sites\\\/6\\\/2016\\\/02\\\/DSC03123.jpg&quot;,&quot;id&quot;:&quot;9565&quot;,&quot;title&quot;:&quot;DSC03123&quot;,&quot;alt&quot;:&quot;&quot;,&quot;caption&quot;:&quot;&quot;,&quot;itemprop&quot;:&quot;image&quot;},{&quot;src&quot;:&quot;https:\\\/\\\/www.alqueria.es\\\/blogs\\\/alqueriaprimerciclo\\\/wp-content\\\/uploads\\\/sites\\\/6\\\/2016\\\/02\\\/DSC03124.jpg&quot;,&quot;id&quot;:&quot;9566&quot;,&quot;title&quot;:&quot;DSC03124&quot;,&quot;alt&quot;:&quot;&quot;,&quot;caption&quot;:&quot;&quot;,&quot;itemprop&quot;:&quot;image&quot;},{&quot;src&quot;:&quot;https:\\\/\\\/www.alqueria.es\\\/blogs\\\/alqueriaprimerciclo\\\/wp-content\\\/uploads\\\/sites\\\/6\\\/2016\\\/02\\\/DSC03125.jpg&quot;,&quot;id&quot;:&quot;9567&quot;,&quot;title&quot;:&quot;DSC03125&quot;,&quot;alt&quot;:&quot;&quot;,&quot;caption&quot;:&quot;&quot;,&quot;itemprop&quot;:&quot;image&quot;}]\" itemscope itemtype=\"https:\/\/schema.org\/ImageGallery\"><\/div>\n<h6>13,30H. Descanso y almuerzo<\/h6>\n<h5>15,00H. Conferencia descubrir los experimentos ,Chema Fern\u00e1ndez.<\/h5>\n<p><img decoding=\"async\" class=\"alignleft\" src=\"http:\/\/www.innofood.es\/wp-content\/uploads\/2015\/06\/logo_ok_INNOFOOD41.jpg\" alt=\"\" width=\"137\" height=\"89\" \/>Esta tarde nos han acompa\u00f1ado Chema y Paloma , que \u00a0trabajan estudiando los alimentos y la nutrici\u00f3n.<\/p>\n<p>Nos han ofrecido varios experimentos:<\/p>\n<ul>\n<li>Sensoriales, c\u00f3mo discriminar los sabores y distinguir los olores, paladeando y olfateando sustancias.<\/li>\n<li>Comprender algunas formas en la que se pueden tratar ciertos alimentos: deshidrataci\u00f3n del tomate, para convertirlo en una salsa<\/li>\n<li>C\u00f3mo se hace una tarta en el microondas.Y despu\u00e9s com\u00e9rnosla.<\/li>\n<\/ul>\n<p class=\"jetpack-slideshow-noscript robots-nocontent\">El pase de diapositivas requiere JavaScript.<\/p><div id=\"gallery-9522-4-slideshow\" class=\"jetpack-slideshow-window jetpack-slideshow jetpack-slideshow-black\" data-trans=\"fade\" data-autostart=\"1\" data-gallery=\"[{&quot;src&quot;:&quot;https:\\\/\\\/www.alqueria.es\\\/blogs\\\/alqueriaprimerciclo\\\/wp-content\\\/uploads\\\/sites\\\/6\\\/2016\\\/02\\\/DSC03138.jpg&quot;,&quot;id&quot;:&quot;9591&quot;,&quot;title&quot;:&quot;DSC03138&quot;,&quot;alt&quot;:&quot;&quot;,&quot;caption&quot;:&quot;&quot;,&quot;itemprop&quot;:&quot;image&quot;},{&quot;src&quot;:&quot;https:\\\/\\\/www.alqueria.es\\\/blogs\\\/alqueriaprimerciclo\\\/wp-content\\\/uploads\\\/sites\\\/6\\\/2016\\\/02\\\/DSC03142.jpg&quot;,&quot;id&quot;:&quot;9592&quot;,&quot;title&quot;:&quot;DSC03142&quot;,&quot;alt&quot;:&quot;&quot;,&quot;caption&quot;:&quot;&quot;,&quot;itemprop&quot;:&quot;image&quot;},{&quot;src&quot;:&quot;https:\\\/\\\/www.alqueria.es\\\/blogs\\\/alqueriaprimerciclo\\\/wp-content\\\/uploads\\\/sites\\\/6\\\/2016\\\/02\\\/DSC03151.jpg&quot;,&quot;id&quot;:&quot;9593&quot;,&quot;title&quot;:&quot;DSC03151&quot;,&quot;alt&quot;:&quot;&quot;,&quot;caption&quot;:&quot;&quot;,&quot;itemprop&quot;:&quot;image&quot;},{&quot;src&quot;:&quot;https:\\\/\\\/www.alqueria.es\\\/blogs\\\/alqueriaprimerciclo\\\/wp-content\\\/uploads\\\/sites\\\/6\\\/2016\\\/02\\\/DSC03156.jpg&quot;,&quot;id&quot;:&quot;9594&quot;,&quot;title&quot;:&quot;DSC03156&quot;,&quot;alt&quot;:&quot;&quot;,&quot;caption&quot;:&quot;&quot;,&quot;itemprop&quot;:&quot;image&quot;},{&quot;src&quot;:&quot;https:\\\/\\\/www.alqueria.es\\\/blogs\\\/alqueriaprimerciclo\\\/wp-content\\\/uploads\\\/sites\\\/6\\\/2016\\\/02\\\/DSC03159.jpg&quot;,&quot;id&quot;:&quot;9595&quot;,&quot;title&quot;:&quot;DSC03159&quot;,&quot;alt&quot;:&quot;&quot;,&quot;caption&quot;:&quot;&quot;,&quot;itemprop&quot;:&quot;image&quot;},{&quot;src&quot;:&quot;https:\\\/\\\/www.alqueria.es\\\/blogs\\\/alqueriaprimerciclo\\\/wp-content\\\/uploads\\\/sites\\\/6\\\/2016\\\/02\\\/DSC03162.jpg&quot;,&quot;id&quot;:&quot;9596&quot;,&quot;title&quot;:&quot;DSC03162&quot;,&quot;alt&quot;:&quot;&quot;,&quot;caption&quot;:&quot;&quot;,&quot;itemprop&quot;:&quot;image&quot;}]\" itemscope itemtype=\"https:\/\/schema.org\/ImageGallery\"><\/div>\n<p style=\"text-align: center\">Ha sido muy interesante y provechoso.<br \/>\n<img decoding=\"async\" data-attachment-id=\"9602\" data-permalink=\"https:\/\/www.alqueria.es\/blogs\/alqueriaprimerciclo\/2016\/02\/08\/1o-inauguracion-semana-cultural-2016-experimentamos-con-la-ciencia\/dsc03163\/\" data-orig-file=\"https:\/\/www.alqueria.es\/blogs\/alqueriaprimerciclo\/wp-content\/uploads\/sites\/6\/2016\/02\/DSC03163.jpg\" data-orig-size=\"1024,575\" data-comments-opened=\"1\" data-image-meta=\"{&quot;aperture&quot;:&quot;0&quot;,&quot;credit&quot;:&quot;&quot;,&quot;camera&quot;:&quot;&quot;,&quot;caption&quot;:&quot;&quot;,&quot;created_timestamp&quot;:&quot;0&quot;,&quot;copyright&quot;:&quot;&quot;,&quot;focal_length&quot;:&quot;0&quot;,&quot;iso&quot;:&quot;0&quot;,&quot;shutter_speed&quot;:&quot;0&quot;,&quot;title&quot;:&quot;&quot;,&quot;orientation&quot;:&quot;0&quot;}\" data-image-title=\"DSC03163\" data-image-description=\"\" data-image-caption=\"\" data-large-file=\"https:\/\/www.alqueria.es\/blogs\/alqueriaprimerciclo\/wp-content\/uploads\/sites\/6\/2016\/02\/DSC03163-1024x575.jpg\" class=\"aligncenter size-thumbnail wp-image-9602\" src=\"https:\/\/cloud.alqueria.es\/wp-content\/uploads\/sites\/6\/2016\/02\/DSC03163-150x150.jpg\" alt=\"DSC03163\" width=\"150\" height=\"150\" \/><\/p>\n<p>Ma\u00f1ana m\u00e1s.<\/p>\n<p>Buenas tardes a todos.<\/p>\n<p>Dar\u00eda y Rosi<\/p>\n<p>&nbsp;<\/p>\n","protected":false},"excerpt":{"rendered":"<p>1\u00aa Jornada Semana Cultural La cultura es fundamental para que las personas comprendamos la sociedad en la que vivimos. Este curso en el colegio nos llega, a trav\u00e9s de la Ciencia. Una Semana Cultural llena de conocimientos que vamos aprender desde la experimentaci\u00f3n y la informaci\u00f3n compartida entre todo el alumnado de primaria.. 9,00H. Presentaci\u00f3n &hellip; <a href=\"https:\/\/www.alqueria.es\/blogs\/alqueriaprimerciclo\/2016\/02\/08\/1o-inauguracion-semana-cultural-2016-experimentamos-con-la-ciencia\/\" class=\"more-link\">Seguir leyendo <span class=\"screen-reader-text\">1\u00ba Inauguraci\u00f3n Semana Cultural 2016: Experimentamos con la Ciencia<\/span> <span class=\"meta-nav\">&rarr;<\/span><\/a><\/p>\n","protected":false},"author":12,"featured_media":0,"comment_status":"open","ping_status":"open","sticky":false,"template":"","format":"standard","meta":{"jetpack_post_was_ever_published":false,"_jetpack_newsletter_access":"","_jetpack_dont_email_post_to_subs":false,"_jetpack_newsletter_tier_id":0,"_jetpack_memberships_contains_paywalled_content":false,"_jetpack_memberships_contains_paid_content":false,"footnotes":"","jetpack_publicize_message":"","jetpack_publicize_feature_enabled":true,"jetpack_social_post_already_shared":true,"jetpack_social_options":{"image_generator_settings":{"template":"highway","default_image_id":0,"font":"","enabled":false},"version":2}},"categories":[2,3,8,9,77],"tags":[89],"class_list":["post-9522","post","type-post","status-publish","format-standard","hentry","category-1o-epo","category-2o-epo","category-diario-de-clase-1o","category-diario-de-clase-2o","category-semana-cultural","tag-alqueria-semana-cultural-2016"],"jetpack_publicize_connections":[],"jetpack_featured_media_url":"","jetpack_sharing_enabled":true,"jetpack_shortlink":"https:\/\/wp.me\/p4lvS0-2tA","_links":{"self":[{"href":"https:\/\/www.alqueria.es\/blogs\/alqueriaprimerciclo\/wp-json\/wp\/v2\/posts\/9522","targetHints":{"allow":["GET"]}}],"collection":[{"href":"https:\/\/www.alqueria.es\/blogs\/alqueriaprimerciclo\/wp-json\/wp\/v2\/posts"}],"about":[{"href":"https:\/\/www.alqueria.es\/blogs\/alqueriaprimerciclo\/wp-json\/wp\/v2\/types\/post"}],"author":[{"embeddable":true,"href":"https:\/\/www.alqueria.es\/blogs\/alqueriaprimerciclo\/wp-json\/wp\/v2\/users\/12"}],"replies":[{"embeddable":true,"href":"https:\/\/www.alqueria.es\/blogs\/alqueriaprimerciclo\/wp-json\/wp\/v2\/comments?post=9522"}],"version-history":[{"count":0,"href":"https:\/\/www.alqueria.es\/blogs\/alqueriaprimerciclo\/wp-json\/wp\/v2\/posts\/9522\/revisions"}],"wp:attachment":[{"href":"https:\/\/www.alqueria.es\/blogs\/alqueriaprimerciclo\/wp-json\/wp\/v2\/media?parent=9522"}],"wp:term":[{"taxonomy":"category","embeddable":true,"href":"https:\/\/www.alqueria.es\/blogs\/alqueriaprimerciclo\/wp-json\/wp\/v2\/categories?post=9522"},{"taxonomy":"post_tag","embeddable":true,"href":"https:\/\/www.alqueria.es\/blogs\/alqueriaprimerciclo\/wp-json\/wp\/v2\/tags?post=9522"}],"curies":[{"name":"wp","href":"https:\/\/api.w.org\/{rel}","templated":true}]}}