{"id":12164,"date":"2016-12-15T13:49:51","date_gmt":"2016-12-15T12:49:51","guid":{"rendered":"https:\/\/www.alqueria.es\/blogs\/alqueriarojaverde\/?p=12164"},"modified":"2016-12-21T11:26:44","modified_gmt":"2016-12-21T10:26:44","slug":"semanario-clase-roja-semana-del-12-al-16-de-diciembre-de-2016","status":"publish","type":"post","link":"https:\/\/www.alqueria.es\/blogs\/alqueriarojaverde\/2016\/12\/15\/semanario-clase-roja-semana-del-12-al-16-de-diciembre-de-2016\/","title":{"rendered":"SEMANARIO CLASE ROJA. Semana del 12 al 16 de diciembre de 2016"},"content":{"rendered":"<h3><em><strong><span style=\"color: #0000ff\">\u00a1Buenas tardes familias!<\/span><\/strong><\/em><\/h3>\n<p>Antes de nada comentaros\u00a0 que esta semana y la pr\u00f3xima, tendremos una nueva alumna en clase, Elena, que compartir\u00e1 con nosotros experiencias y actividades y que viene desde Brooklyn.<\/p>\n<p>En esta ocasi\u00f3n os escribo un d\u00eda antes, ya que ma\u00f1ana tendr\u00e1 lugar la sesi\u00f3n de evaluaci\u00f3n del ciclo 3-6 a\u00f1os y el tiempo estar\u00e1 m\u00e1s ajustado.<\/p>\n<p>Para intentar que no se me pase nada por alto, os voy a relatar el trabajo llevado a cabo a lo largo de la semana, siguiendo el calendario y organizaci\u00f3n diarios.<\/p>\n<h5><em><strong><span style=\"color: #ff00ff\">LUNES:<\/span><\/strong><\/em><\/h5>\n<p><span style=\"color: #333333\">Comenzamos la ma\u00f1ana con una asamblea algo m\u00e1s extensa de lo habitual, debido a que llevamos varios d\u00edas sin vernos y que la gran mayor\u00eda tra\u00eda aportaciones para la recogida de alimentos y\u00a0 tambi\u00e9n su adorno casero de Navidad. <\/span><\/p>\n<p>Tras este primer encuentro y sin perder un minuto pasamos al juego libre, que a\u00fan realizamos con el material reciclado aportado de casa. Mientras, de forma paralela, algunos\/as compa\u00f1eros\/as realizan la fase de pegado y decoraci\u00f3n de su juguete.<\/p>\n<p>Aprovechamos tambi\u00e9n para decorar el aula con esos imagitivos y preciosos adornos que hab\u00e9is confeccionado. \u00a1Gracias por vuestra colaboraci\u00f3n!<\/p>\n<p>En la tarde cooperativa nos toca disfrutar de la pista deportiva. En ella interactuamos con zancos, aros y pelotas.<\/p>\n<h5><em><strong><span style=\"color: #ff00ff\">MARTES:<\/span><\/strong><\/em><\/h5>\n<p>Turno para una nueva profesi\u00f3n, esta vez de mano del padre de Irene (Manolo), que nos cuenta su labor en la empresa distribuidora de chucher\u00edas. (Entrada espec\u00edfica)<\/p>\n<p>Por la tarde sesi\u00f3n de m\u00fasica con Elena, en la que dan los \u00faltimos retoques a su actuaci\u00f3n navide\u00f1a, que ofrecer\u00e1n a toda la etapa de Infantil la pr\u00f3xima semana.<\/p>\n<h5><em><strong><span style=\"color: #ff00ff\">MI\u00c9RCOLES:<\/span><\/strong><\/em><\/h5>\n<p>Dedicamos la primera hora de la ma\u00f1ana a familiarizarnos con la disciplina del yoga. Os he enlazado la experiencia en una entrada previa.<\/p>\n<p>Volvemos al aula, para disfrutar la \u00faltima sesi\u00f3n de juego con el material reciclado y por ende, \u00faltimo turno para la confecci\u00f3n del juguete. \u00a1Ya est\u00e1n todos listos!. Han quedado tan bonitos que deber\u00edais pensar seriamente en que os ayudasen a la econom\u00eda familiar con este \u00aboficio\u00bb, ja, ja, ja.<\/p>\n<p>Por la tarde, otorgamos cierre a esta propuesta, que nos ha tenido ocupados todo el mes de diciembre, trabajando un poquito las tres R : Reducir, Reutilizar y Reciclar. Hablamos acerca del significado de cada uno de los vocablos y ponemos ejemplos que nos lo aclaran un poquito m\u00e1s.<\/p>\n<p>Realizamos una gran asamblea en la que clasificamos todo el material sobrante, separando primero aquel que no est\u00e1 deteriorado y pensamos nos puede servir para pr\u00f3ximos talleres en clase. Luego etablecemos dos\u00a0 diferenciaciones: papel\/cart\u00f3n y pl\u00e1stico\/envases ligeros. Como resultado obtenemos una bolsita para cada uno\/a que deber\u00e1 llevar a casa para depositar en el contenedor correspondiente.<\/p>\n<p class=\"jetpack-slideshow-noscript robots-nocontent\">El pase de diapositivas requiere JavaScript.<\/p><div id=\"gallery-12164-1-slideshow\" class=\"jetpack-slideshow-window jetpack-slideshow jetpack-slideshow-black\" data-trans=\"fade\" data-autostart=\"1\" data-gallery=\"[{&quot;src&quot;:&quot;https:\\\/\\\/i0.wp.com\\\/www.alqueria.es\\\/blogs\\\/alqueriarojaverde\\\/wp-content\\\/uploads\\\/sites\\\/8\\\/2016\\\/12\\\/IMG_4556.jpg?fit=1024%2C768\\u0026ssl=1&quot;,&quot;id&quot;:&quot;12195&quot;,&quot;title&quot;:&quot;IMG_4556&quot;,&quot;alt&quot;:&quot;&quot;,&quot;caption&quot;:&quot;&quot;,&quot;itemprop&quot;:&quot;image&quot;},{&quot;src&quot;:&quot;https:\\\/\\\/i0.wp.com\\\/www.alqueria.es\\\/blogs\\\/alqueriarojaverde\\\/wp-content\\\/uploads\\\/sites\\\/8\\\/2016\\\/12\\\/IMG_4557.jpg?fit=1024%2C768\\u0026ssl=1&quot;,&quot;id&quot;:&quot;12196&quot;,&quot;title&quot;:&quot;IMG_4557&quot;,&quot;alt&quot;:&quot;&quot;,&quot;caption&quot;:&quot;&quot;,&quot;itemprop&quot;:&quot;image&quot;},{&quot;src&quot;:&quot;https:\\\/\\\/i0.wp.com\\\/www.alqueria.es\\\/blogs\\\/alqueriarojaverde\\\/wp-content\\\/uploads\\\/sites\\\/8\\\/2016\\\/12\\\/IMG_4559.jpg?fit=1024%2C768\\u0026ssl=1&quot;,&quot;id&quot;:&quot;12197&quot;,&quot;title&quot;:&quot;IMG_4559&quot;,&quot;alt&quot;:&quot;&quot;,&quot;caption&quot;:&quot;&quot;,&quot;itemprop&quot;:&quot;image&quot;},{&quot;src&quot;:&quot;https:\\\/\\\/i0.wp.com\\\/www.alqueria.es\\\/blogs\\\/alqueriarojaverde\\\/wp-content\\\/uploads\\\/sites\\\/8\\\/2016\\\/12\\\/IMG_4554.jpg?fit=1024%2C768\\u0026ssl=1&quot;,&quot;id&quot;:&quot;12194&quot;,&quot;title&quot;:&quot;IMG_4554&quot;,&quot;alt&quot;:&quot;&quot;,&quot;caption&quot;:&quot;&quot;,&quot;itemprop&quot;:&quot;image&quot;}]\" itemscope itemtype=\"https:\/\/schema.org\/ImageGallery\"><\/div>\n<p>Como broche aprendemos una caci\u00f3n rockera que les ha encantado.<\/p>\n<p><span class=\"embed-youtube\" style=\"text-align:center; display: block;\"><div class=\"a25-CTUOC-hidding-box\" data-original-content=\"&lt;iframe loading=&quot;lazy&quot; class=&quot;youtube-player&quot; width=&quot;474&quot; height=&quot;267&quot; src=&quot;https:\/\/www.youtube.com\/embed\/gKB_7MUPxT4?version=3&amp;#038;rel=1&amp;#038;showsearch=0&amp;#038;showinfo=1&amp;#038;iv_load_policy=1&amp;#038;fs=1&amp;#038;hl=es-ES&amp;#038;autohide=2&amp;#038;wmode=transparent&quot; allowfullscreen=&quot;true&quot; style=&quot;border:0;&quot; sandbox=&quot;allow-scripts allow-same-origin allow-popups allow-presentation allow-popups-to-escape-sandbox&quot;&gt;&lt;\/iframe&gt;\">Esta p\u00e1gina incluye contenido multimedia que requiere aceptar todas las cookies. Pulse aqu\u00ed para abrir la configuraci\u00f3n de cookies.<\/div><\/span><\/p>\n<p>Durante la merienda visualizamos una adaptaci\u00f3n de la f\u00e1bula de Esopo \u00abPedro y el lobo\u00bb, para no descubrir la sorpresa que nos espera ma\u00f1ana. Una historia bien diferente, que comparte protagonista, Pedro.<\/p>\n<h5><em><strong><span style=\"color: #ff00ff\">JUEVES:<\/span><\/strong><\/em><\/h5>\n<p>Sin quitarnos ni siquiera el abrigo, pasamos por el ba\u00f1o a controlar esf\u00ednteres y &#8230; direct@s al teatro.<\/p>\n<p>Disfrutamos en compa\u00f1\u00eda de las clases Naranja, Verde y 1\u00ba EPO, de una magn\u00edfica puesta en escena de la pieza musical \u00abPedro y el lobo\u00bb de Sergu\u00e9i Prok\u00f3fiev, a cargo de la compa\u00f1ia Etc\u00e9tera.<\/p>\n<p>Comienza con una explicaci\u00f3n de las diferentes partes que componen un teatro y espec\u00edficamente del escenario. Luego nos presentan los diferentes instrumentos de la orquesta, que representar\u00e1n a los personajes: la flauta travesera (p\u00e1jaro), el oboe (pato), el fagot (abuelo), el clarinete (gato), las trompas (el lobo), el viol\u00edn\/violas\/violonchelo (Pedro) y los timbales\/bombo (cazadores).<\/p>\n<p class=\"jetpack-slideshow-noscript robots-nocontent\">El pase de diapositivas requiere JavaScript.<\/p><div id=\"gallery-12164-2-slideshow\" class=\"jetpack-slideshow-window jetpack-slideshow jetpack-slideshow-black\" data-trans=\"fade\" data-autostart=\"1\" data-gallery=\"[{&quot;src&quot;:&quot;https:\\\/\\\/i0.wp.com\\\/www.alqueria.es\\\/blogs\\\/alqueriarojaverde\\\/wp-content\\\/uploads\\\/sites\\\/8\\\/2016\\\/12\\\/IMG_4560.jpg?fit=1024%2C768\\u0026ssl=1&quot;,&quot;id&quot;:&quot;12166&quot;,&quot;title&quot;:&quot;IMG_4560&quot;,&quot;alt&quot;:&quot;&quot;,&quot;caption&quot;:&quot;&quot;,&quot;itemprop&quot;:&quot;image&quot;},{&quot;src&quot;:&quot;https:\\\/\\\/i0.wp.com\\\/www.alqueria.es\\\/blogs\\\/alqueriarojaverde\\\/wp-content\\\/uploads\\\/sites\\\/8\\\/2016\\\/12\\\/IMG_4564.jpg?fit=1024%2C768\\u0026ssl=1&quot;,&quot;id&quot;:&quot;12168&quot;,&quot;title&quot;:&quot;IMG_4564&quot;,&quot;alt&quot;:&quot;&quot;,&quot;caption&quot;:&quot;&quot;,&quot;itemprop&quot;:&quot;image&quot;},{&quot;src&quot;:&quot;https:\\\/\\\/i0.wp.com\\\/www.alqueria.es\\\/blogs\\\/alqueriarojaverde\\\/wp-content\\\/uploads\\\/sites\\\/8\\\/2016\\\/12\\\/IMG_4565.jpg?fit=1024%2C768\\u0026ssl=1&quot;,&quot;id&quot;:&quot;12169&quot;,&quot;title&quot;:&quot;IMG_4565&quot;,&quot;alt&quot;:&quot;&quot;,&quot;caption&quot;:&quot;&quot;,&quot;itemprop&quot;:&quot;image&quot;},{&quot;src&quot;:&quot;https:\\\/\\\/i0.wp.com\\\/www.alqueria.es\\\/blogs\\\/alqueriarojaverde\\\/wp-content\\\/uploads\\\/sites\\\/8\\\/2016\\\/12\\\/IMG_4566.jpg?fit=1024%2C768\\u0026ssl=1&quot;,&quot;id&quot;:&quot;12170&quot;,&quot;title&quot;:&quot;IMG_4566&quot;,&quot;alt&quot;:&quot;&quot;,&quot;caption&quot;:&quot;&quot;,&quot;itemprop&quot;:&quot;image&quot;},{&quot;src&quot;:&quot;https:\\\/\\\/i0.wp.com\\\/www.alqueria.es\\\/blogs\\\/alqueriarojaverde\\\/wp-content\\\/uploads\\\/sites\\\/8\\\/2016\\\/12\\\/IMG_4567.jpg?fit=1024%2C768\\u0026ssl=1&quot;,&quot;id&quot;:&quot;12171&quot;,&quot;title&quot;:&quot;IMG_4567&quot;,&quot;alt&quot;:&quot;&quot;,&quot;caption&quot;:&quot;&quot;,&quot;itemprop&quot;:&quot;image&quot;},{&quot;src&quot;:&quot;https:\\\/\\\/i0.wp.com\\\/www.alqueria.es\\\/blogs\\\/alqueriarojaverde\\\/wp-content\\\/uploads\\\/sites\\\/8\\\/2016\\\/12\\\/IMG_4569.jpg?fit=1024%2C768\\u0026ssl=1&quot;,&quot;id&quot;:&quot;12173&quot;,&quot;title&quot;:&quot;IMG_4569&quot;,&quot;alt&quot;:&quot;&quot;,&quot;caption&quot;:&quot;&quot;,&quot;itemprop&quot;:&quot;image&quot;},{&quot;src&quot;:&quot;https:\\\/\\\/i0.wp.com\\\/www.alqueria.es\\\/blogs\\\/alqueriarojaverde\\\/wp-content\\\/uploads\\\/sites\\\/8\\\/2016\\\/12\\\/IMG_4570.jpg?fit=1024%2C768\\u0026ssl=1&quot;,&quot;id&quot;:&quot;12174&quot;,&quot;title&quot;:&quot;IMG_4570&quot;,&quot;alt&quot;:&quot;&quot;,&quot;caption&quot;:&quot;&quot;,&quot;itemprop&quot;:&quot;image&quot;},{&quot;src&quot;:&quot;https:\\\/\\\/i0.wp.com\\\/www.alqueria.es\\\/blogs\\\/alqueriarojaverde\\\/wp-content\\\/uploads\\\/sites\\\/8\\\/2016\\\/12\\\/IMG_4573.jpg?fit=1024%2C768\\u0026ssl=1&quot;,&quot;id&quot;:&quot;12175&quot;,&quot;title&quot;:&quot;IMG_4573&quot;,&quot;alt&quot;:&quot;&quot;,&quot;caption&quot;:&quot;&quot;,&quot;itemprop&quot;:&quot;image&quot;},{&quot;src&quot;:&quot;https:\\\/\\\/i0.wp.com\\\/www.alqueria.es\\\/blogs\\\/alqueriarojaverde\\\/wp-content\\\/uploads\\\/sites\\\/8\\\/2016\\\/12\\\/IMG_4576.jpg?fit=1024%2C768\\u0026ssl=1&quot;,&quot;id&quot;:&quot;12176&quot;,&quot;title&quot;:&quot;IMG_4576&quot;,&quot;alt&quot;:&quot;&quot;,&quot;caption&quot;:&quot;&quot;,&quot;itemprop&quot;:&quot;image&quot;}]\" itemscope itemtype=\"https:\/\/schema.org\/ImageGallery\"><\/div>\n<div class=\"embed-vimeo\" style=\"text-align: center;\"><div class=\"a25-CTUOC-hidding-box\" data-original-content=\"&lt;iframe loading=&quot;lazy&quot; src=&quot;https:\/\/player.vimeo.com\/video\/195770837&quot; width=&quot;640&quot; height=&quot;360&quot; frameborder=&quot;0&quot; webkitallowfullscreen mozallowfullscreen allowfullscreen&gt;&lt;\/iframe&gt;\">Esta p\u00e1gina incluye contenido multimedia que requiere aceptar todas las cookies. Pulse aqu\u00ed para abrir la configuraci\u00f3n de cookies.<\/div><\/div>\n<p>Por la tarde realizamos un dibujo que represente el teatro y escuchamos esta versi\u00f3n.<\/p>\n<p><span class=\"embed-youtube\" style=\"text-align:center; display: block;\"><div class=\"a25-CTUOC-hidding-box\" data-original-content=\"&lt;iframe loading=&quot;lazy&quot; class=&quot;youtube-player&quot; width=&quot;474&quot; height=&quot;267&quot; src=&quot;https:\/\/www.youtube.com\/embed\/rXIltpC8As0?version=3&amp;#038;rel=1&amp;#038;showsearch=0&amp;#038;showinfo=1&amp;#038;iv_load_policy=1&amp;#038;fs=1&amp;#038;hl=es-ES&amp;#038;autohide=2&amp;#038;wmode=transparent&quot; allowfullscreen=&quot;true&quot; style=&quot;border:0;&quot; sandbox=&quot;allow-scripts allow-same-origin allow-popups allow-presentation allow-popups-to-escape-sandbox&quot;&gt;&lt;\/iframe&gt;\">Esta p\u00e1gina incluye contenido multimedia que requiere aceptar todas las cookies. Pulse aqu\u00ed para abrir la configuraci\u00f3n de cookies.<\/div><\/span><\/p>\n<h5><em><strong><span style=\"color: #ff00ff\">VIERNES:<\/span><\/strong><\/em><\/h5>\n<p>Durante la ma\u00f1ana tenemos las clases con los especialistas de Ingl\u00e9s y M\u00fasica.<\/p>\n<p>Por la tarde iniciamos un taller creativo que culminaremos el lunes y que tiene como objetivo la elaboraci\u00f3n de una felicitaci\u00f3n navide\u00f1a.<\/p>\n<h4><em><span style=\"color: #ff0000\">NOTAS DE CARA A LA SEMANA PR\u00d3XIMA:<\/span><\/em><\/h4>\n<ul>\n<li>Tras llevarse a Hipo a casa Dar\u00edo y Pablo, turno para Elena.<\/li>\n<li>El lunes realizaremos un taller de cocina, para elaborar el dulce navide\u00f1o que tomaremos en nuestra comida especial de Navidad. No es necesario aportar delantal, el centro dispone de suficientes.<\/li>\n<li>El martes recibiremos al padre de Adelina, con motivo de la profesi\u00f3n (el dibujo ser\u00e1 el mi\u00e9rcoles). Despu\u00e9s realizaremos nuestro encuentro navide\u00f1o con la etapa Infantil y tendremos nuestro almuerzo especial de Navidad. Quien quiera puede venir ataviado de forma \u00abelegante\u00bb, ya que nuestro comedor tambi\u00e9n se \u00abvestir\u00e1\u00bb para la ocasi\u00f3n.<\/li>\n<li>El mi\u00e9rcoles entrega de carpetas con los trabajos trimestrales, a la hora de la recogida habitual.<\/li>\n<li>El jueves cierre de trimestre, con la asitencia al encuentro navide\u00f1o de Primaria. El cierre del centro es a las 15.00 horas, con lo cual la recogida se realizar\u00e1 entre las 13.30 y las 15.00.<\/li>\n<\/ul>\n<p>Buen fin de semana,<\/p>\n<p>Esther Justicia.<\/p>\n<p>&nbsp;<\/p>\n","protected":false},"excerpt":{"rendered":"<p>\u00a1Buenas tardes familias! Antes de nada comentaros\u00a0 que esta semana y la pr\u00f3xima, tendremos una nueva alumna en clase, Elena, que compartir\u00e1 con nosotros experiencias y actividades y que viene desde Brooklyn. En esta ocasi\u00f3n os escribo un d\u00eda antes, ya que ma\u00f1ana tendr\u00e1 lugar la sesi\u00f3n de evaluaci\u00f3n del ciclo 3-6 a\u00f1os y el &hellip; <a href=\"https:\/\/www.alqueria.es\/blogs\/alqueriarojaverde\/2016\/12\/15\/semanario-clase-roja-semana-del-12-al-16-de-diciembre-de-2016\/\" class=\"more-link\">Seguir leyendo <span class=\"screen-reader-text\">SEMANARIO CLASE ROJA. Semana del 12 al 16 de diciembre de 2016<\/span> <span class=\"meta-nav\">&rarr;<\/span><\/a><\/p>\n","protected":false},"author":19,"featured_media":0,"comment_status":"open","ping_status":"open","sticky":false,"template":"","format":"standard","meta":{"jetpack_post_was_ever_published":false,"_jetpack_newsletter_access":"","_jetpack_dont_email_post_to_subs":true,"_jetpack_newsletter_tier_id":0,"_jetpack_memberships_contains_paywalled_content":false,"_jetpack_memberships_contains_paid_content":false,"footnotes":"","jetpack_publicize_message":"","jetpack_publicize_feature_enabled":true,"jetpack_social_post_already_shared":true,"jetpack_social_options":{"image_generator_settings":{"template":"highway","default_image_id":0,"font":"","enabled":false},"version":2}},"categories":[6,13,20],"tags":[],"class_list":["post-12164","post","type-post","status-publish","format-standard","hentry","category-clase-roja-4-5-anos","category-inicio","category-semanario-clase-roja"],"jetpack_publicize_connections":[],"jetpack_featured_media_url":"","jetpack_sharing_enabled":true,"jetpack_shortlink":"https:\/\/wp.me\/p4lFbP-3ac","_links":{"self":[{"href":"https:\/\/www.alqueria.es\/blogs\/alqueriarojaverde\/wp-json\/wp\/v2\/posts\/12164","targetHints":{"allow":["GET"]}}],"collection":[{"href":"https:\/\/www.alqueria.es\/blogs\/alqueriarojaverde\/wp-json\/wp\/v2\/posts"}],"about":[{"href":"https:\/\/www.alqueria.es\/blogs\/alqueriarojaverde\/wp-json\/wp\/v2\/types\/post"}],"author":[{"embeddable":true,"href":"https:\/\/www.alqueria.es\/blogs\/alqueriarojaverde\/wp-json\/wp\/v2\/users\/19"}],"replies":[{"embeddable":true,"href":"https:\/\/www.alqueria.es\/blogs\/alqueriarojaverde\/wp-json\/wp\/v2\/comments?post=12164"}],"version-history":[{"count":0,"href":"https:\/\/www.alqueria.es\/blogs\/alqueriarojaverde\/wp-json\/wp\/v2\/posts\/12164\/revisions"}],"wp:attachment":[{"href":"https:\/\/www.alqueria.es\/blogs\/alqueriarojaverde\/wp-json\/wp\/v2\/media?parent=12164"}],"wp:term":[{"taxonomy":"category","embeddable":true,"href":"https:\/\/www.alqueria.es\/blogs\/alqueriarojaverde\/wp-json\/wp\/v2\/categories?post=12164"},{"taxonomy":"post_tag","embeddable":true,"href":"https:\/\/www.alqueria.es\/blogs\/alqueriarojaverde\/wp-json\/wp\/v2\/tags?post=12164"}],"curies":[{"name":"wp","href":"https:\/\/api.w.org\/{rel}","templated":true}]}}