{"id":12584,"date":"2017-01-27T10:23:52","date_gmt":"2017-01-27T09:23:52","guid":{"rendered":"https:\/\/www.alqueria.es\/blogs\/alqueriarojaverde\/?p=12584"},"modified":"2017-01-27T10:23:52","modified_gmt":"2017-01-27T09:23:52","slug":"semanario-clase-verde-85","status":"publish","type":"post","link":"https:\/\/www.alqueria.es\/blogs\/alqueriarojaverde\/2017\/01\/27\/semanario-clase-verde-85\/","title":{"rendered":"SEMANARIO CLASE VERDE"},"content":{"rendered":"<p><strong><span style=\"color: #800080\">SEMANA DEL 23 AL 27 DE ENERO DE 2017<\/span><\/strong><\/p>\n<p><span style=\"color: #008000\">Este lunes en la <strong>TARDE COOPERATIVA<\/strong>\u00a0iniciamos los trabajos del vivero. Los primeros \u00abJardineros\/as\u00bb fueron los chicos\/as de la mesa-grupo 1. Junto con los otros compa\u00f1eros\/as de ciclo, plantamos sobre todo cactus crasas. Se agradece las aportaciones de los tetrabrik, cortados y limpios. Tambi\u00e9n \u00abadoptamos\u00bb esquejes que hay\u00e1is cortado o podado de vuestros jardines o macetas.<\/span><\/p>\n<p><span style=\"color: #ff00ff\">En las <strong>ASAMBLEAS,<\/strong> hemos hablado por su puesto de sus cosas y del fin de semana. En la del lunes, adelantamos las actividades, novedades y tareas de dicha semana y <span style=\"color: #800080\"><strong>LAS PROPUESTAS<\/strong>\u00a0\u00a0que hacen los alumnos seg\u00fan sus intereses.\u00a0<\/span><\/span><\/p>\n<p><span style=\"color: #800080\">Estamos trabajando como ellos dicen: El origen de la tierra, La tierra, los continentes, los mares, los primeros seres vivos. Tienen mucha informaci\u00f3n sobre el tema en cuesti\u00f3n.<\/span><\/p>\n<p><span style=\"color: #800080\">IDEAS PREVIAS:<\/span><\/p>\n<ul>\n<li><span style=\"color: #800080\">La tierra era de fuego y la luna de piedras.<\/span><\/li>\n<li><span style=\"color: #800080\">Se enfri\u00f3 y se form\u00f3 la tierra.<\/span><\/li>\n<li><span style=\"color: #800080\">Antes de los dinosaurios hab\u00eda en el mar unos m\u00e1s peque\u00f1os microsc\u00f3picos.<\/span><\/li>\n<li><span style=\"color: #800080\">Antes de que se formaran los continentes hab\u00eda uno solo.<\/span><\/li>\n<li><span style=\"color: #800080\">Se parti\u00f3 la tierra.<\/span><\/li>\n<\/ul>\n<p><span style=\"color: #800080\">Leemos en los libros que hab\u00e9is aportado, todo lo relacionado con el tema. Para la semana que viene pod\u00e9is seguir aportando material para desarrollar la propuesta; Libros, im\u00e1genes, bola del mundo, dinosaurios, videos, etc. Aquello que cre\u00e1is que puede enriquecer la propuesta y adecuada a estas edades.<\/span><\/p>\n<p><span style=\"color: #800080\">Primero juegan un d\u00eda a animales MICROSCOPICOS\u00a0que viv\u00edan en el mar. \u00a0\u00a0<\/span><\/p>\n<p><strong><span style=\"color: #ff0000\">EN PLASTICA,<\/span><\/strong> <span style=\"color: #ff0000\">estamos haciendo y creando unos seres o\u00a0MICROBIOS. Cada uno\/a le ha dado la personalidad que m\u00e1s le ha gustado: Cuatro ojos, boca, rabo, pelo, etc.<\/span><\/p>\n<p><span style=\"color: #800080\">Otro d\u00eda ya son\u00a0DINOSAURIOS<\/span><\/p>\n<p><span style=\"color: #800080\">Les saco una l\u00e1mina en la que se ve claramente el origen de la vida.<\/span><\/p>\n<p><span style=\"color: #ff6600\">Otra tarea en la que estamos es la <strong>CANCI\u00d3N DE CARNAVAL<\/strong>\u00a0Ya han elegido dos canciones. Ahora estamos cambiando las letras entre todos y con la colaboraci\u00f3n de la especialista de m\u00fasica.<\/span><\/p>\n<p><span style=\"color: #0000ff\">Esta semana hemos celebrado otro<strong> EXPERTO \u00a0<\/strong>esta vez sobre LAS <strong>MAQUINAS<\/strong> por nuestro compa\u00f1ero Iv\u00e1n.<\/span><\/p>\n<p><span style=\"color: #008000\">En\u00a0<\/span><strong><span style=\"color: #008000\">MATEMATICAS,<\/span><\/strong><span style=\"color: #008000\"> seguimos trabajando los n\u00fameros, su descomposici\u00f3n, la suma, el conteo y tambi\u00e9n la graf\u00eda. El s\u00faper realiza diariamente todas las tareas y estamos incluyendo que despu\u00e9s de conformar la fecha la anote en la pizarra.<\/span><\/p>\n<p><span style=\"color: #993366\">El lunes 30 de Enero celebraremos el\u00a0<strong>D\u00cdA DE LA PAZ,<\/strong> con alguna actividad conjunta con todos los alumnos de alquer\u00eda.<\/span><\/p>\n<p class=\"jetpack-slideshow-noscript robots-nocontent\">El pase de diapositivas requiere JavaScript.<\/p><div id=\"gallery-12584-1-slideshow\" class=\"jetpack-slideshow-window jetpack-slideshow jetpack-slideshow-black\" data-trans=\"fade\" data-autostart=\"1\" data-gallery=\"[{&quot;src&quot;:&quot;https:\\\/\\\/i0.wp.com\\\/cloud.alqueria.es\\\/wp-content\\\/uploads\\\/sites\\\/8\\\/2017\\\/01\\\/Mate-16-e1485455991193.jpg?fit=1024%2C576\\u0026ssl=1&quot;,&quot;id&quot;:&quot;12585&quot;,&quot;title&quot;:&quot;Mate-16&quot;,&quot;alt&quot;:&quot;&quot;,&quot;caption&quot;:&quot;&quot;,&quot;itemprop&quot;:&quot;image&quot;},{&quot;src&quot;:&quot;https:\\\/\\\/i0.wp.com\\\/cloud.alqueria.es\\\/wp-content\\\/uploads\\\/sites\\\/8\\\/2017\\\/01\\\/Mate-2-e1485455951947.jpg?fit=1024%2C576\\u0026ssl=1&quot;,&quot;id&quot;:&quot;12586&quot;,&quot;title&quot;:&quot;Mate 2&quot;,&quot;alt&quot;:&quot;&quot;,&quot;caption&quot;:&quot;&quot;,&quot;itemprop&quot;:&quot;image&quot;},{&quot;src&quot;:&quot;https:\\\/\\\/i0.wp.com\\\/cloud.alqueria.es\\\/wp-content\\\/uploads\\\/sites\\\/8\\\/2017\\\/01\\\/propuesta.jpg?fit=1024%2C768\\u0026ssl=1&quot;,&quot;id&quot;:&quot;12592&quot;,&quot;title&quot;:&quot;propuesta&quot;,&quot;alt&quot;:&quot;&quot;,&quot;caption&quot;:&quot;&quot;,&quot;itemprop&quot;:&quot;image&quot;},{&quot;src&quot;:&quot;https:\\\/\\\/i0.wp.com\\\/cloud.alqueria.es\\\/wp-content\\\/uploads\\\/sites\\\/8\\\/2017\\\/01\\\/propuesta-2.jpg?fit=1024%2C768\\u0026ssl=1&quot;,&quot;id&quot;:&quot;12591&quot;,&quot;title&quot;:&quot;propuesta 2&quot;,&quot;alt&quot;:&quot;&quot;,&quot;caption&quot;:&quot;&quot;,&quot;itemprop&quot;:&quot;image&quot;},{&quot;src&quot;:&quot;https:\\\/\\\/i0.wp.com\\\/cloud.alqueria.es\\\/wp-content\\\/uploads\\\/sites\\\/8\\\/2017\\\/01\\\/propuesta-1.jpg?fit=1024%2C768\\u0026ssl=1&quot;,&quot;id&quot;:&quot;12590&quot;,&quot;title&quot;:&quot;propuesta 1&quot;,&quot;alt&quot;:&quot;&quot;,&quot;caption&quot;:&quot;&quot;,&quot;itemprop&quot;:&quot;image&quot;},{&quot;src&quot;:&quot;https:\\\/\\\/i0.wp.com\\\/cloud.alqueria.es\\\/wp-content\\\/uploads\\\/sites\\\/8\\\/2017\\\/01\\\/plastica-3.jpg?fit=768%2C1024\\u0026ssl=1&quot;,&quot;id&quot;:&quot;12589&quot;,&quot;title&quot;:&quot;plastica 3&quot;,&quot;alt&quot;:&quot;&quot;,&quot;caption&quot;:&quot;&quot;,&quot;itemprop&quot;:&quot;image&quot;},{&quot;src&quot;:&quot;https:\\\/\\\/i0.wp.com\\\/cloud.alqueria.es\\\/wp-content\\\/uploads\\\/sites\\\/8\\\/2017\\\/01\\\/plastica-2.jpg?fit=1024%2C768\\u0026ssl=1&quot;,&quot;id&quot;:&quot;12588&quot;,&quot;title&quot;:&quot;plastica 2&quot;,&quot;alt&quot;:&quot;&quot;,&quot;caption&quot;:&quot;&quot;,&quot;itemprop&quot;:&quot;image&quot;},{&quot;src&quot;:&quot;https:\\\/\\\/i0.wp.com\\\/cloud.alqueria.es\\\/wp-content\\\/uploads\\\/sites\\\/8\\\/2017\\\/01\\\/plastica-1.jpg?fit=1024%2C768\\u0026ssl=1&quot;,&quot;id&quot;:&quot;12587&quot;,&quot;title&quot;:&quot;plastica 1&quot;,&quot;alt&quot;:&quot;&quot;,&quot;caption&quot;:&quot;&quot;,&quot;itemprop&quot;:&quot;image&quot;},{&quot;src&quot;:&quot;https:\\\/\\\/i0.wp.com\\\/cloud.alqueria.es\\\/wp-content\\\/uploads\\\/sites\\\/8\\\/2017\\\/01\\\/vivero-1.jpg?fit=1024%2C768\\u0026ssl=1&quot;,&quot;id&quot;:&quot;12593&quot;,&quot;title&quot;:&quot;vivero 1&quot;,&quot;alt&quot;:&quot;&quot;,&quot;caption&quot;:&quot;&quot;,&quot;itemprop&quot;:&quot;image&quot;},{&quot;src&quot;:&quot;https:\\\/\\\/i0.wp.com\\\/cloud.alqueria.es\\\/wp-content\\\/uploads\\\/sites\\\/8\\\/2017\\\/01\\\/vivero-2-e1485456037273.jpg?fit=768%2C1024\\u0026ssl=1&quot;,&quot;id&quot;:&quot;12594&quot;,&quot;title&quot;:&quot;vivero 2&quot;,&quot;alt&quot;:&quot;&quot;,&quot;caption&quot;:&quot;&quot;,&quot;itemprop&quot;:&quot;image&quot;},{&quot;src&quot;:&quot;https:\\\/\\\/i0.wp.com\\\/cloud.alqueria.es\\\/wp-content\\\/uploads\\\/sites\\\/8\\\/2017\\\/01\\\/vivero-3.jpg?fit=1024%2C768\\u0026ssl=1&quot;,&quot;id&quot;:&quot;12595&quot;,&quot;title&quot;:&quot;vivero 3&quot;,&quot;alt&quot;:&quot;&quot;,&quot;caption&quot;:&quot;&quot;,&quot;itemprop&quot;:&quot;image&quot;},{&quot;src&quot;:&quot;https:\\\/\\\/i0.wp.com\\\/cloud.alqueria.es\\\/wp-content\\\/uploads\\\/sites\\\/8\\\/2017\\\/01\\\/vivero-4.jpg?fit=1024%2C768\\u0026ssl=1&quot;,&quot;id&quot;:&quot;12596&quot;,&quot;title&quot;:&quot;vivero 4&quot;,&quot;alt&quot;:&quot;&quot;,&quot;caption&quot;:&quot;&quot;,&quot;itemprop&quot;:&quot;image&quot;},{&quot;src&quot;:&quot;https:\\\/\\\/i0.wp.com\\\/cloud.alqueria.es\\\/wp-content\\\/uploads\\\/sites\\\/8\\\/2017\\\/01\\\/vivero-5.jpg?fit=1024%2C768\\u0026ssl=1&quot;,&quot;id&quot;:&quot;12597&quot;,&quot;title&quot;:&quot;vivero 5&quot;,&quot;alt&quot;:&quot;&quot;,&quot;caption&quot;:&quot;&quot;,&quot;itemprop&quot;:&quot;image&quot;},{&quot;src&quot;:&quot;https:\\\/\\\/i0.wp.com\\\/cloud.alqueria.es\\\/wp-content\\\/uploads\\\/sites\\\/8\\\/2017\\\/01\\\/vivero-6.jpg?fit=1024%2C768\\u0026ssl=1&quot;,&quot;id&quot;:&quot;12598&quot;,&quot;title&quot;:&quot;vivero 6&quot;,&quot;alt&quot;:&quot;&quot;,&quot;caption&quot;:&quot;&quot;,&quot;itemprop&quot;:&quot;image&quot;}]\" itemscope itemtype=\"https:\/\/schema.org\/ImageGallery\"><\/div>\n<p><span style=\"color: #ff0000\">NOTA<\/span>: Faltan algunos libros de la biblioteca por devolver, gracias.<\/p>\n<p><span style=\"color: #ff0000\">!!!QUE PASEIS UN BUEN FIN DE SEMANA!!!<\/span><\/p>\n<p><strong><span style=\"color: #0000ff\">Rosario Garc\u00eda-Valenzuela Morell<\/span><\/strong><\/p>\n","protected":false},"excerpt":{"rendered":"<p>SEMANA DEL 23 AL 27 DE ENERO DE 2017 Este lunes en la TARDE COOPERATIVA\u00a0iniciamos los trabajos del vivero. Los primeros \u00abJardineros\/as\u00bb fueron los chicos\/as de la mesa-grupo 1. Junto con los otros compa\u00f1eros\/as de ciclo, plantamos sobre todo cactus crasas. Se agradece las aportaciones de los tetrabrik, cortados y limpios. Tambi\u00e9n \u00abadoptamos\u00bb esquejes que &hellip; <a href=\"https:\/\/www.alqueria.es\/blogs\/alqueriarojaverde\/2017\/01\/27\/semanario-clase-verde-85\/\" class=\"more-link\">Seguir leyendo <span class=\"screen-reader-text\">SEMANARIO CLASE VERDE<\/span> <span class=\"meta-nav\">&rarr;<\/span><\/a><\/p>\n","protected":false},"author":19,"featured_media":0,"comment_status":"open","ping_status":"open","sticky":false,"template":"","format":"standard","meta":{"jetpack_post_was_ever_published":false,"_jetpack_newsletter_access":"","_jetpack_dont_email_post_to_subs":false,"_jetpack_newsletter_tier_id":0,"_jetpack_memberships_contains_paywalled_content":false,"_jetpack_memberships_contains_paid_content":false,"footnotes":"","jetpack_publicize_message":"","jetpack_publicize_feature_enabled":true,"jetpack_social_post_already_shared":true,"jetpack_social_options":{"image_generator_settings":{"template":"highway","default_image_id":0,"font":"","enabled":false},"version":2}},"categories":[7,13,21],"tags":[],"class_list":["post-12584","post","type-post","status-publish","format-standard","hentry","category-clase-verde-5-6-anos","category-inicio","category-semanario-clase-verde"],"jetpack_publicize_connections":[],"jetpack_featured_media_url":"","jetpack_sharing_enabled":true,"jetpack_shortlink":"https:\/\/wp.me\/p4lFbP-3gY","_links":{"self":[{"href":"https:\/\/www.alqueria.es\/blogs\/alqueriarojaverde\/wp-json\/wp\/v2\/posts\/12584","targetHints":{"allow":["GET"]}}],"collection":[{"href":"https:\/\/www.alqueria.es\/blogs\/alqueriarojaverde\/wp-json\/wp\/v2\/posts"}],"about":[{"href":"https:\/\/www.alqueria.es\/blogs\/alqueriarojaverde\/wp-json\/wp\/v2\/types\/post"}],"author":[{"embeddable":true,"href":"https:\/\/www.alqueria.es\/blogs\/alqueriarojaverde\/wp-json\/wp\/v2\/users\/19"}],"replies":[{"embeddable":true,"href":"https:\/\/www.alqueria.es\/blogs\/alqueriarojaverde\/wp-json\/wp\/v2\/comments?post=12584"}],"version-history":[{"count":0,"href":"https:\/\/www.alqueria.es\/blogs\/alqueriarojaverde\/wp-json\/wp\/v2\/posts\/12584\/revisions"}],"wp:attachment":[{"href":"https:\/\/www.alqueria.es\/blogs\/alqueriarojaverde\/wp-json\/wp\/v2\/media?parent=12584"}],"wp:term":[{"taxonomy":"category","embeddable":true,"href":"https:\/\/www.alqueria.es\/blogs\/alqueriarojaverde\/wp-json\/wp\/v2\/categories?post=12584"},{"taxonomy":"post_tag","embeddable":true,"href":"https:\/\/www.alqueria.es\/blogs\/alqueriarojaverde\/wp-json\/wp\/v2\/tags?post=12584"}],"curies":[{"name":"wp","href":"https:\/\/api.w.org\/{rel}","templated":true}]}}