{"id":12607,"date":"2017-01-30T11:52:43","date_gmt":"2017-01-30T10:52:43","guid":{"rendered":"https:\/\/www.alqueria.es\/blogs\/alqueriarojaverde\/?p=12607"},"modified":"2017-01-30T11:52:43","modified_gmt":"2017-01-30T10:52:43","slug":"dia-mundial-de-la-paz-y-la-no-violencia","status":"publish","type":"post","link":"https:\/\/www.alqueria.es\/blogs\/alqueriarojaverde\/2017\/01\/30\/dia-mundial-de-la-paz-y-la-no-violencia\/","title":{"rendered":"D\u00cdA MUNDIAL DE LA PAZ Y LA NO VIOLENCIA"},"content":{"rendered":"<p><img data-recalc-dims=\"1\" decoding=\"async\" data-attachment-id=\"12610\" data-permalink=\"https:\/\/www.alqueria.es\/blogs\/alqueriarojaverde\/2017\/01\/30\/dia-mundial-de-la-paz-y-la-no-violencia\/paz\/\" data-orig-file=\"https:\/\/i0.wp.com\/cloud.alqueria.es\/wp-content\/uploads\/sites\/8\/2017\/01\/PAZ.jpg?fit=303%2C166&amp;ssl=1\" data-orig-size=\"303,166\" data-comments-opened=\"1\" data-image-meta=\"{&quot;aperture&quot;:&quot;0&quot;,&quot;credit&quot;:&quot;&quot;,&quot;camera&quot;:&quot;&quot;,&quot;caption&quot;:&quot;&quot;,&quot;created_timestamp&quot;:&quot;0&quot;,&quot;copyright&quot;:&quot;&quot;,&quot;focal_length&quot;:&quot;0&quot;,&quot;iso&quot;:&quot;0&quot;,&quot;shutter_speed&quot;:&quot;0&quot;,&quot;title&quot;:&quot;&quot;,&quot;orientation&quot;:&quot;0&quot;}\" data-image-title=\"PAZ\" data-image-description=\"\" data-image-caption=\"\" data-large-file=\"https:\/\/i0.wp.com\/cloud.alqueria.es\/wp-content\/uploads\/sites\/8\/2017\/01\/PAZ.jpg?fit=303%2C166&amp;ssl=1\" class=\"alignleft size-medium wp-image-12610\" src=\"https:\/\/i0.wp.com\/cloud.alqueria.es\/wp-content\/uploads\/sites\/8\/2017\/01\/PAZ-300x164.jpg?resize=300%2C164&#038;ssl=1\" alt=\"\" width=\"300\" height=\"164\" srcset=\"https:\/\/cloud.alqueria.es\/wp-content\/uploads\/sites\/8\/2017\/01\/PAZ.jpg 300w, https:\/\/cloud.alqueria.es\/wp-content\/uploads\/sites\/8\/2017\/01\/PAZ.jpg 303w\" sizes=\"(max-width: 300px) 100vw, 300px\" \/>Hoy celebramos en nuestro centro un d\u00eda muy especial<strong><span style=\"color: #0000ff\"> \u00abEL D\u00cdA MUNDIAL DE LA PAZ Y LA NO VIOLENCIA\u00bb.<\/span> <\/strong><\/p>\n<p>En nuestra asamblea introducimos un poco el tema y\u00a0 hablamos acerca de porqu\u00e9 se celebra este d\u00eda, qu\u00e9 significa para ellos\/as la paz, qu\u00e9 hacemos nosotros para vivir en paz y finalizamos con la ejemplificaci\u00f3n de algunas de nuestras acciones cotidianas, categoriz\u00e1ndolas en actitudes enfocadas a sembrar paz o no. Surge de todo este di\u00e1logo, que es importante su celebraci\u00f3n como recuerdo, pero que no debemos dejar esas actitudes s\u00f3lo para d\u00edas se\u00f1alados, sino hacerlas lo com\u00fan en nuestro d\u00eda a d\u00eda. Tambi\u00e9n surge la propuesta (un poco inducida por mi parte) de elaborar unas normas de aula, consensuadas entre todos\/as, que reflejen las acciones en positivo (ej: tirar los papeles a la papelera en lugar de no tirar papeles al suelo o respetar al compa\u00f1ero\/a en lugar de no pegar).<\/p>\n<p>Decoramos nuestra clase con diversas obras de Pablo Ruiz Picasso, que nos recuerden siempre la importancia y el significado de la PAZ.<\/p>\n<div class=\"tiled-gallery type-square tiled-gallery-unresized\" data-original-width=\"474\" data-carousel-extra='{&quot;blog_id&quot;:8,&quot;permalink&quot;:&quot;https:\\\/\\\/www.alqueria.es\\\/blogs\\\/alqueriarojaverde\\\/2017\\\/01\\\/30\\\/dia-mundial-de-la-paz-y-la-no-violencia\\\/&quot;,&quot;likes_blog_id&quot;:64268569}' itemscope itemtype=\"http:\/\/schema.org\/ImageGallery\" > <div class=\"gallery-row\" style=\"width: 474px; height: 237px;\" data-original-width=\"474\" data-original-height=\"237\" > <div class=\"gallery-group\" style=\"width: 237px; height: 237px;\" data-original-width=\"237\" data-original-height=\"237\" > <div class=\"tiled-gallery-item \" itemprop=\"associatedMedia\" itemscope itemtype=\"http:\/\/schema.org\/ImageObject\"> <a href=\"https:\/\/www.alqueria.es\/blogs\/alqueriarojaverde\/2017\/01\/30\/dia-mundial-de-la-paz-y-la-no-violencia\/nino-con-paloma\/\" border=\"0\" itemprop=\"url\"> <meta itemprop=\"width\" content=\"233\"> <meta itemprop=\"height\" content=\"233\"> <img decoding=\"async\" class=\"\" data-attachment-id=\"12618\" data-orig-file=\"https:\/\/cloud.alqueria.es\/wp-content\/uploads\/sites\/8\/2017\/01\/ni%C3%B1o-con-paloma.jpg\" data-orig-size=\"194,259\" data-comments-opened=\"1\" data-image-meta=\"{&quot;aperture&quot;:&quot;0&quot;,&quot;credit&quot;:&quot;&quot;,&quot;camera&quot;:&quot;&quot;,&quot;caption&quot;:&quot;&quot;,&quot;created_timestamp&quot;:&quot;0&quot;,&quot;copyright&quot;:&quot;&quot;,&quot;focal_length&quot;:&quot;0&quot;,&quot;iso&quot;:&quot;0&quot;,&quot;shutter_speed&quot;:&quot;0&quot;,&quot;title&quot;:&quot;&quot;,&quot;orientation&quot;:&quot;0&quot;}\" data-image-title=\"ni\u00f1o con paloma\" data-image-description=\"\" data-medium-file=\"https:\/\/i0.wp.com\/cloud.alqueria.es\/wp-content\/uploads\/sites\/8\/2017\/01\/ni%C3%B1o-con-paloma.jpg?fit=194%2C259&#038;ssl=1\" data-large-file=\"https:\/\/i0.wp.com\/cloud.alqueria.es\/wp-content\/uploads\/sites\/8\/2017\/01\/ni%C3%B1o-con-paloma.jpg?fit=194%2C259&#038;ssl=1\" src=\"https:\/\/i0.wp.com\/cloud.alqueria.es\/wp-content\/uploads\/sites\/8\/2017\/01\/ni%C3%B1o-con-paloma.jpg?w=233&#038;h=233&#038;crop=1&#038;ssl=1\" width=\"233\" height=\"233\" loading=\"lazy\" data-original-width=\"233\" data-original-height=\"233\" itemprop=\"http:\/\/schema.org\/image\" title=\"ni\u00f1o con paloma\" alt=\"ni\u00f1o con paloma\" style=\"width: 233px; height: 233px;\" \/> <\/a> <\/div> <\/div> <div class=\"gallery-group\" style=\"width: 237px; height: 237px;\" data-original-width=\"237\" data-original-height=\"237\" > <div class=\"tiled-gallery-item \" itemprop=\"associatedMedia\" itemscope itemtype=\"http:\/\/schema.org\/ImageObject\"> <a href=\"https:\/\/www.alqueria.es\/blogs\/alqueriarojaverde\/2017\/01\/30\/dia-mundial-de-la-paz-y-la-no-violencia\/paloma-de-la-paz-picasso\/\" border=\"0\" itemprop=\"url\"> <meta itemprop=\"width\" content=\"233\"> <meta itemprop=\"height\" content=\"233\"> <img decoding=\"async\" class=\"\" data-attachment-id=\"12619\" data-orig-file=\"https:\/\/cloud.alqueria.es\/wp-content\/uploads\/sites\/8\/2017\/01\/Paloma-de-la-paz-Picasso.jpg\" data-orig-size=\"300,217\" data-comments-opened=\"1\" data-image-meta=\"{&quot;aperture&quot;:&quot;0&quot;,&quot;credit&quot;:&quot;&quot;,&quot;camera&quot;:&quot;&quot;,&quot;caption&quot;:&quot;&quot;,&quot;created_timestamp&quot;:&quot;0&quot;,&quot;copyright&quot;:&quot;&quot;,&quot;focal_length&quot;:&quot;0&quot;,&quot;iso&quot;:&quot;0&quot;,&quot;shutter_speed&quot;:&quot;0&quot;,&quot;title&quot;:&quot;&quot;,&quot;orientation&quot;:&quot;0&quot;}\" data-image-title=\"Paloma-de-la-paz-Picasso\" data-image-description=\"\" data-medium-file=\"https:\/\/i0.wp.com\/cloud.alqueria.es\/wp-content\/uploads\/sites\/8\/2017\/01\/Paloma-de-la-paz-Picasso.jpg?fit=300%2C217&#038;ssl=1\" data-large-file=\"https:\/\/i0.wp.com\/cloud.alqueria.es\/wp-content\/uploads\/sites\/8\/2017\/01\/Paloma-de-la-paz-Picasso.jpg?fit=300%2C217&#038;ssl=1\" src=\"https:\/\/i0.wp.com\/cloud.alqueria.es\/wp-content\/uploads\/sites\/8\/2017\/01\/Paloma-de-la-paz-Picasso.jpg?w=233&#038;h=233&#038;crop=1&#038;ssl=1\" width=\"233\" height=\"233\" loading=\"lazy\" data-original-width=\"233\" data-original-height=\"233\" itemprop=\"http:\/\/schema.org\/image\" title=\"Paloma-de-la-paz-Picasso\" alt=\"Paloma-de-la-paz-Picasso\" style=\"width: 233px; height: 233px;\" \/> <\/a> <\/div> <\/div> <\/div> <\/div>\n<p>Despu\u00e9s realizamos una actividad, en la que participa todo el alumnado del ciclo 3-6 a\u00f1os de Infantil y de la etapa de Primaria. Para ello nos dividimos en ocho equipos de trabajo (designados con un gomet de una forma geom\u00e9trica y color determinado) que se reunen en un espacio asignado. De tal modo que los rojitos, hemos estado repartidos en las diferentes aulas de Primaria, m\u00fasica e ingl\u00e9s, con otros compa\u00f1eros\/as del cole.<\/p>\n<p>Comenzamos con una presentaci\u00f3n de la actividad y el visionado de este espectacular proyecto, que estoy segura que si no conoc\u00e9is os dejar\u00e1 con la boca abierta.<\/p>\n<p style=\"text-align: center\"><span style=\"color: #0000ff\"><strong>ORQUESTA DE RECICLADOS DE CATEURA<\/strong><\/span><\/p>\n<p><span class=\"embed-youtube\" style=\"text-align:center; display: block;\"><div class=\"a25-CTUOC-hidding-box\" data-original-content=\"&lt;iframe loading=&quot;lazy&quot; class=&quot;youtube-player&quot; width=&quot;474&quot; height=&quot;267&quot; src=&quot;https:\/\/www.youtube.com\/embed\/fXynrsrTKbI?version=3&amp;#038;rel=1&amp;#038;showsearch=0&amp;#038;showinfo=1&amp;#038;iv_load_policy=1&amp;#038;fs=1&amp;#038;hl=es-ES&amp;#038;autohide=2&amp;#038;wmode=transparent&quot; allowfullscreen=&quot;true&quot; style=&quot;border:0;&quot; sandbox=&quot;allow-scripts allow-same-origin allow-popups allow-presentation allow-popups-to-escape-sandbox&quot;&gt;&lt;\/iframe&gt;\">Esta p\u00e1gina incluye contenido multimedia que requiere aceptar todas las cookies. Pulse aqu\u00ed para abrir la configuraci\u00f3n de cookies.<\/div><\/span><\/p>\n<p>En el siguiente enlace ten\u00e9is informaci\u00f3n adicional, merece la pena:<\/p>\n<p style=\"text-align: center\">http:\/\/www.recycledorchestracateura.com\/gallery<\/p>\n<p style=\"text-align: left\">En el grupo que me ha tocado moderar (cuadrado amarillo),tras observar y escuchar con detenimiento lo que nos muestra el v\u00eddeo, reflexionamos acerca de su contenido. Al ser un grupo heterog\u00e9neo se plantean cuestiones de distinta profundidad, que han ido desde la buena idea que han tenido reciclando material de desecho para contruir instrumentos musicales, lo bien que tocan, la pena que da ver a gente que viva en esas condiciones, etc. hasta el esp\u00edritu de colaboraci\u00f3n y superaci\u00f3n que muestran porque \u00abtodo se puede conseguir\u00bb.<\/p>\n<p class=\"jetpack-slideshow-noscript robots-nocontent\">El pase de diapositivas requiere JavaScript.<\/p><div id=\"gallery-12607-1-slideshow\" class=\"jetpack-slideshow-window jetpack-slideshow jetpack-slideshow-black\" data-trans=\"fade\" data-autostart=\"1\" data-gallery=\"[{&quot;src&quot;:&quot;https:\\\/\\\/i0.wp.com\\\/cloud.alqueria.es\\\/wp-content\\\/uploads\\\/sites\\\/8\\\/2017\\\/01\\\/IMG_4895.jpg?fit=1024%2C768\\u0026ssl=1&quot;,&quot;id&quot;:&quot;12612&quot;,&quot;title&quot;:&quot;IMG_4895&quot;,&quot;alt&quot;:&quot;&quot;,&quot;caption&quot;:&quot;&quot;,&quot;itemprop&quot;:&quot;image&quot;},{&quot;src&quot;:&quot;https:\\\/\\\/i0.wp.com\\\/cloud.alqueria.es\\\/wp-content\\\/uploads\\\/sites\\\/8\\\/2017\\\/01\\\/IMG_4894-e1485773214833.jpg?fit=768%2C1024\\u0026ssl=1&quot;,&quot;id&quot;:&quot;12611&quot;,&quot;title&quot;:&quot;IMG_4894&quot;,&quot;alt&quot;:&quot;&quot;,&quot;caption&quot;:&quot;&quot;,&quot;itemprop&quot;:&quot;image&quot;},{&quot;src&quot;:&quot;https:\\\/\\\/i0.wp.com\\\/cloud.alqueria.es\\\/wp-content\\\/uploads\\\/sites\\\/8\\\/2017\\\/01\\\/IMG_4914.jpg?fit=1024%2C768\\u0026ssl=1&quot;,&quot;id&quot;:&quot;12617&quot;,&quot;title&quot;:&quot;IMG_4914&quot;,&quot;alt&quot;:&quot;&quot;,&quot;caption&quot;:&quot;&quot;,&quot;itemprop&quot;:&quot;image&quot;},{&quot;src&quot;:&quot;https:\\\/\\\/i0.wp.com\\\/cloud.alqueria.es\\\/wp-content\\\/uploads\\\/sites\\\/8\\\/2017\\\/01\\\/IMG_4913-e1485772980821.jpg?fit=768%2C1024\\u0026ssl=1&quot;,&quot;id&quot;:&quot;12616&quot;,&quot;title&quot;:&quot;IMG_4913&quot;,&quot;alt&quot;:&quot;&quot;,&quot;caption&quot;:&quot;&quot;,&quot;itemprop&quot;:&quot;image&quot;},{&quot;src&quot;:&quot;https:\\\/\\\/i0.wp.com\\\/cloud.alqueria.es\\\/wp-content\\\/uploads\\\/sites\\\/8\\\/2017\\\/01\\\/IMG_4912-e1485773176196.jpg?fit=768%2C1024\\u0026ssl=1&quot;,&quot;id&quot;:&quot;12615&quot;,&quot;title&quot;:&quot;IMG_4912&quot;,&quot;alt&quot;:&quot;&quot;,&quot;caption&quot;:&quot;&quot;,&quot;itemprop&quot;:&quot;image&quot;},{&quot;src&quot;:&quot;https:\\\/\\\/i0.wp.com\\\/cloud.alqueria.es\\\/wp-content\\\/uploads\\\/sites\\\/8\\\/2017\\\/01\\\/IMG_4910.jpg?fit=1024%2C768\\u0026ssl=1&quot;,&quot;id&quot;:&quot;12614&quot;,&quot;title&quot;:&quot;IMG_4910&quot;,&quot;alt&quot;:&quot;&quot;,&quot;caption&quot;:&quot;&quot;,&quot;itemprop&quot;:&quot;image&quot;},{&quot;src&quot;:&quot;https:\\\/\\\/i0.wp.com\\\/cloud.alqueria.es\\\/wp-content\\\/uploads\\\/sites\\\/8\\\/2017\\\/01\\\/IMG_4901.jpg?fit=1024%2C768\\u0026ssl=1&quot;,&quot;id&quot;:&quot;12613&quot;,&quot;title&quot;:&quot;IMG_4901&quot;,&quot;alt&quot;:&quot;&quot;,&quot;caption&quot;:&quot;&quot;,&quot;itemprop&quot;:&quot;image&quot;}]\" itemscope itemtype=\"https:\/\/schema.org\/ImageGallery\"><\/div>\n<p style=\"text-align: left\">Sin duda ha sido una experiencia de un valor incalculable y m\u00e1s a\u00fan su forma de realizaci\u00f3n. La aportaci\u00f3n de todos los componentes, el respecto a las diferencias, la valoraci\u00f3n de las intervenciones, la ayuda, la colaboraci\u00f3n, etc. han sido valores presentes en su celebraci\u00f3n.<\/p>\n<p style=\"text-align: left\"><img data-recalc-dims=\"1\" decoding=\"async\" data-attachment-id=\"12608\" data-permalink=\"https:\/\/www.alqueria.es\/blogs\/alqueriarojaverde\/2017\/01\/30\/dia-mundial-de-la-paz-y-la-no-violencia\/mano-ayudando\/\" data-orig-file=\"https:\/\/i0.wp.com\/cloud.alqueria.es\/wp-content\/uploads\/sites\/8\/2017\/01\/MANO-AYUDANDO.jpg?fit=261%2C193&amp;ssl=1\" data-orig-size=\"261,193\" data-comments-opened=\"1\" data-image-meta=\"{&quot;aperture&quot;:&quot;0&quot;,&quot;credit&quot;:&quot;&quot;,&quot;camera&quot;:&quot;&quot;,&quot;caption&quot;:&quot;&quot;,&quot;created_timestamp&quot;:&quot;0&quot;,&quot;copyright&quot;:&quot;&quot;,&quot;focal_length&quot;:&quot;0&quot;,&quot;iso&quot;:&quot;0&quot;,&quot;shutter_speed&quot;:&quot;0&quot;,&quot;title&quot;:&quot;&quot;,&quot;orientation&quot;:&quot;0&quot;}\" data-image-title=\"MANO AYUDANDO\" data-image-description=\"\" data-image-caption=\"\" data-large-file=\"https:\/\/i0.wp.com\/cloud.alqueria.es\/wp-content\/uploads\/sites\/8\/2017\/01\/MANO-AYUDANDO.jpg?fit=261%2C193&amp;ssl=1\" class=\"aligncenter size-thumbnail wp-image-12608\" src=\"https:\/\/i0.wp.com\/cloud.alqueria.es\/wp-content\/uploads\/sites\/8\/2017\/01\/MANO-AYUDANDO-150x150.jpg?resize=150%2C150&#038;ssl=1\" alt=\"\" width=\"150\" height=\"150\" \/><\/p>\n<p style=\"text-align: left\">Hemos tenido oportunidad de ver tambi\u00e9n estos videos, como muestra de lo que esta orquesta, compuesta por peque\u00f1os de 11 a\u00f1os, ha sido capaz de conseguir.<\/p>\n<p><span class=\"embed-youtube\" style=\"text-align:center; display: block;\"><div class=\"a25-CTUOC-hidding-box\" data-original-content=\"&lt;iframe loading=&quot;lazy&quot; class=&quot;youtube-player&quot; width=&quot;474&quot; height=&quot;267&quot; src=&quot;https:\/\/www.youtube.com\/embed\/L1KPLj6adj8?version=3&amp;#038;rel=1&amp;#038;showsearch=0&amp;#038;showinfo=1&amp;#038;iv_load_policy=1&amp;#038;fs=1&amp;#038;hl=es-ES&amp;#038;autohide=2&amp;#038;wmode=transparent&quot; allowfullscreen=&quot;true&quot; style=&quot;border:0;&quot; sandbox=&quot;allow-scripts allow-same-origin allow-popups allow-presentation allow-popups-to-escape-sandbox&quot;&gt;&lt;\/iframe&gt;\">Esta p\u00e1gina incluye contenido multimedia que requiere aceptar todas las cookies. Pulse aqu\u00ed para abrir la configuraci\u00f3n de cookies.<\/div><\/span><\/p>\n<p><span class=\"embed-youtube\" style=\"text-align:center; display: block;\"><div class=\"a25-CTUOC-hidding-box\" data-original-content=\"&lt;iframe loading=&quot;lazy&quot; class=&quot;youtube-player&quot; width=&quot;474&quot; height=&quot;267&quot; src=&quot;https:\/\/www.youtube.com\/embed\/flvWJEk7pvs?version=3&amp;#038;rel=1&amp;#038;showsearch=0&amp;#038;showinfo=1&amp;#038;iv_load_policy=1&amp;#038;fs=1&amp;#038;hl=es-ES&amp;#038;autohide=2&amp;#038;wmode=transparent&quot; allowfullscreen=&quot;true&quot; style=&quot;border:0;&quot; sandbox=&quot;allow-scripts allow-same-origin allow-popups allow-presentation allow-popups-to-escape-sandbox&quot;&gt;&lt;\/iframe&gt;\">Esta p\u00e1gina incluye contenido multimedia que requiere aceptar todas las cookies. Pulse aqu\u00ed para abrir la configuraci\u00f3n de cookies.<\/div><\/span><\/p>\n<p>Para finalizar hemos escrito las conclusiones o reflexiones en unos papeles de colores, que han sido expuestos junto a los del resto de grupos. Os invito a visitar la exposici\u00f3n esta tarde junto a vuestros peques.<\/p>\n<p><img data-recalc-dims=\"1\" decoding=\"async\" data-attachment-id=\"12609\" data-permalink=\"https:\/\/www.alqueria.es\/blogs\/alqueriarojaverde\/2017\/01\/30\/dia-mundial-de-la-paz-y-la-no-violencia\/paloma-paz-con-nota-musical\/\" data-orig-file=\"https:\/\/i0.wp.com\/cloud.alqueria.es\/wp-content\/uploads\/sites\/8\/2017\/01\/PALOMA-PAZ-CON-NOTA-MUSICAL.png?fit=240%2C172&amp;ssl=1\" data-orig-size=\"240,172\" data-comments-opened=\"1\" data-image-meta=\"{&quot;aperture&quot;:&quot;0&quot;,&quot;credit&quot;:&quot;&quot;,&quot;camera&quot;:&quot;&quot;,&quot;caption&quot;:&quot;&quot;,&quot;created_timestamp&quot;:&quot;0&quot;,&quot;copyright&quot;:&quot;&quot;,&quot;focal_length&quot;:&quot;0&quot;,&quot;iso&quot;:&quot;0&quot;,&quot;shutter_speed&quot;:&quot;0&quot;,&quot;title&quot;:&quot;&quot;,&quot;orientation&quot;:&quot;0&quot;}\" data-image-title=\"PALOMA PAZ CON NOTA MUSICAL\" data-image-description=\"\" data-image-caption=\"\" data-large-file=\"https:\/\/i0.wp.com\/cloud.alqueria.es\/wp-content\/uploads\/sites\/8\/2017\/01\/PALOMA-PAZ-CON-NOTA-MUSICAL.png?fit=240%2C172&amp;ssl=1\" class=\"aligncenter size-full wp-image-12609\" src=\"https:\/\/i0.wp.com\/cloud.alqueria.es\/wp-content\/uploads\/sites\/8\/2017\/01\/PALOMA-PAZ-CON-NOTA-MUSICAL.png?resize=240%2C172&#038;ssl=1\" alt=\"\" width=\"240\" height=\"172\" \/><\/p>\n<p style=\"text-align: left\">\u00a1Ojal\u00e1 hubiese m\u00e1s proyectos como \u00e9ste! y m\u00e1s personas como ellas.<\/p>\n<p style=\"text-align: left\">Esther Justicia Justicia.<\/p>\n<p>&nbsp;<\/p>\n<p>&nbsp;<\/p>\n","protected":false},"excerpt":{"rendered":"<p>Hoy celebramos en nuestro centro un d\u00eda muy especial \u00abEL D\u00cdA MUNDIAL DE LA PAZ Y LA NO VIOLENCIA\u00bb. En nuestra asamblea introducimos un poco el tema y\u00a0 hablamos acerca de porqu\u00e9 se celebra este d\u00eda, qu\u00e9 significa para ellos\/as la paz, qu\u00e9 hacemos nosotros para vivir en paz y finalizamos con la ejemplificaci\u00f3n de &hellip; <a href=\"https:\/\/www.alqueria.es\/blogs\/alqueriarojaverde\/2017\/01\/30\/dia-mundial-de-la-paz-y-la-no-violencia\/\" class=\"more-link\">Seguir leyendo <span class=\"screen-reader-text\">D\u00cdA MUNDIAL DE LA PAZ Y LA NO VIOLENCIA<\/span> <span class=\"meta-nav\">&rarr;<\/span><\/a><\/p>\n","protected":false},"author":19,"featured_media":0,"comment_status":"open","ping_status":"open","sticky":false,"template":"","format":"standard","meta":{"jetpack_post_was_ever_published":false,"_jetpack_newsletter_access":"","_jetpack_dont_email_post_to_subs":false,"_jetpack_newsletter_tier_id":0,"_jetpack_memberships_contains_paywalled_content":false,"_jetpack_memberships_contains_paid_content":false,"footnotes":"","jetpack_publicize_message":"","jetpack_publicize_feature_enabled":true,"jetpack_social_post_already_shared":true,"jetpack_social_options":{"image_generator_settings":{"template":"highway","default_image_id":0,"font":"","enabled":false},"version":2}},"categories":[22,6,13],"tags":[193],"class_list":["post-12607","post","type-post","status-publish","format-standard","hentry","category-actividades-especiales-y-salidas-clase-roja","category-clase-roja-4-5-anos","category-inicio","tag-dia-de-la-paz-y-la-no-violencia"],"jetpack_publicize_connections":[],"jetpack_featured_media_url":"","jetpack_sharing_enabled":true,"jetpack_shortlink":"https:\/\/wp.me\/p4lFbP-3hl","_links":{"self":[{"href":"https:\/\/www.alqueria.es\/blogs\/alqueriarojaverde\/wp-json\/wp\/v2\/posts\/12607","targetHints":{"allow":["GET"]}}],"collection":[{"href":"https:\/\/www.alqueria.es\/blogs\/alqueriarojaverde\/wp-json\/wp\/v2\/posts"}],"about":[{"href":"https:\/\/www.alqueria.es\/blogs\/alqueriarojaverde\/wp-json\/wp\/v2\/types\/post"}],"author":[{"embeddable":true,"href":"https:\/\/www.alqueria.es\/blogs\/alqueriarojaverde\/wp-json\/wp\/v2\/users\/19"}],"replies":[{"embeddable":true,"href":"https:\/\/www.alqueria.es\/blogs\/alqueriarojaverde\/wp-json\/wp\/v2\/comments?post=12607"}],"version-history":[{"count":0,"href":"https:\/\/www.alqueria.es\/blogs\/alqueriarojaverde\/wp-json\/wp\/v2\/posts\/12607\/revisions"}],"wp:attachment":[{"href":"https:\/\/www.alqueria.es\/blogs\/alqueriarojaverde\/wp-json\/wp\/v2\/media?parent=12607"}],"wp:term":[{"taxonomy":"category","embeddable":true,"href":"https:\/\/www.alqueria.es\/blogs\/alqueriarojaverde\/wp-json\/wp\/v2\/categories?post=12607"},{"taxonomy":"post_tag","embeddable":true,"href":"https:\/\/www.alqueria.es\/blogs\/alqueriarojaverde\/wp-json\/wp\/v2\/tags?post=12607"}],"curies":[{"name":"wp","href":"https:\/\/api.w.org\/{rel}","templated":true}]}}