{"id":13131,"date":"2017-03-10T16:47:48","date_gmt":"2017-03-10T15:47:48","guid":{"rendered":"https:\/\/www.alqueria.es\/blogs\/alqueriarojaverde\/?p=13131"},"modified":"2017-03-10T16:47:48","modified_gmt":"2017-03-10T15:47:48","slug":"semanario-clase-roja-semana-del-6-al-10-de-marzo-de-2017","status":"publish","type":"post","link":"https:\/\/www.alqueria.es\/blogs\/alqueriarojaverde\/2017\/03\/10\/semanario-clase-roja-semana-del-6-al-10-de-marzo-de-2017\/","title":{"rendered":"SEMANARIO CLASE ROJA. Semana del 6 al 10 de marzo de 2017"},"content":{"rendered":"<p><img data-recalc-dims=\"1\" decoding=\"async\" data-attachment-id=\"13132\" data-permalink=\"https:\/\/www.alqueria.es\/blogs\/alqueriarojaverde\/2017\/03\/10\/semanario-clase-roja-semana-del-6-al-10-de-marzo-de-2017\/ninos-felices\/\" data-orig-file=\"https:\/\/i0.wp.com\/cloud.alqueria.es\/wp-content\/uploads\/sites\/8\/2017\/03\/ni%C3%B1os-felices.jpg?fit=600%2C367&amp;ssl=1\" data-orig-size=\"600,367\" data-comments-opened=\"1\" data-image-meta=\"{&quot;aperture&quot;:&quot;0&quot;,&quot;credit&quot;:&quot;&quot;,&quot;camera&quot;:&quot;&quot;,&quot;caption&quot;:&quot;&quot;,&quot;created_timestamp&quot;:&quot;0&quot;,&quot;copyright&quot;:&quot;&quot;,&quot;focal_length&quot;:&quot;0&quot;,&quot;iso&quot;:&quot;0&quot;,&quot;shutter_speed&quot;:&quot;0&quot;,&quot;title&quot;:&quot;&quot;,&quot;orientation&quot;:&quot;0&quot;}\" data-image-title=\"ni\u00f1os felices\" data-image-description=\"\" data-image-caption=\"\" data-large-file=\"https:\/\/i0.wp.com\/cloud.alqueria.es\/wp-content\/uploads\/sites\/8\/2017\/03\/ni%C3%B1os-felices.jpg?fit=474%2C290&amp;ssl=1\" class=\"alignleft size-medium wp-image-13132\" src=\"https:\/\/i0.wp.com\/cloud.alqueria.es\/wp-content\/uploads\/sites\/8\/2017\/03\/ni%C3%B1os-felices.jpg?resize=300%2C184&#038;ssl=1\" alt=\"\" width=\"300\" height=\"184\" srcset=\"https:\/\/cloud.alqueria.es\/wp-content\/uploads\/sites\/8\/2017\/03\/ni%C3%B1os-felices.jpg 600w, https:\/\/cloud.alqueria.es\/wp-content\/uploads\/sites\/8\/2017\/03\/ni%C3%B1os-felices.jpg 300w\" sizes=\"(max-width: 300px) 100vw, 300px\" \/>Como ya os adelant\u00e9 la pasada semana, \u00e9sta era la destinada al registro sistem\u00e1tico de nuestro <em><strong><span style=\"color: #ff00ff\">M\u00e9todo de propuestas<\/span><\/strong><\/em>. <strong>Metodolog\u00eda propia<\/strong>, en la que se basa nuestro aprendizaje en Infantil y que en momentos puntuales y peri\u00f3dicos registramos de forma individual, como herramienta complementaria de evaluaci\u00f3n del alumnado, en torno a criterios de agrupaci\u00f3n social, nivel de juego, identificaci\u00f3n de emociones, relaciones sociales, imagen de s\u00ed mismo\/a, resoluci\u00f3n de conflictos &#8230; entre otros aspectos.<\/p>\n<p>De forma que el lunes destinamos (como siempre) la ma\u00f1ana al desarrollo de nuestro m\u00e9todo, con todas sus fases: <strong>Asamblea de inicio<\/strong> (en la que cada uno\/a presenta objetos tra\u00eddos de casa, cuenta experiencias o propone juego) de la que parte la o las propuestas a desarrollar, <strong>desarrollo del juego en el aula<\/strong> (en el que la maestra tienen un papel de observaci\u00f3n y facilitadora de material o espacios que enriquezcan el juego, si lo necesitan), <strong>asamblea asociativa o de comunicaci\u00f3n<\/strong> (en la que cada uno\/a expresa verbalmente lo sucedido durante el juego en torno a trama del mismo, compa\u00f1eros\/as que lo han acompa\u00f1ado, qui\u00e9n ha propuesto dicho juego, qui\u00e9n lo ha administrado, conflictos acaecidos y su soluci\u00f3n, propuesta de continuaci\u00f3n o no la siguiente jornada &#8230;) y <strong>expresi\u00f3n gr\u00e1fica<\/strong> (para la que previamente se realiza un ejercicio de s\u00edntesis de todo lo sucedido, a nivel particular o individual, y se intenta reflejar en el papel con el mayor n\u00famero de detalles posibles).<\/p>\n<p>A continuaci\u00f3n os dejo unas im\u00e1genes del juego a lo largo de la semana.<\/p>\n<p class=\"jetpack-slideshow-noscript robots-nocontent\">El pase de diapositivas requiere JavaScript.<\/p><div id=\"gallery-13131-1-slideshow\" class=\"jetpack-slideshow-window jetpack-slideshow jetpack-slideshow-black\" data-trans=\"fade\" data-autostart=\"1\" data-gallery=\"[{&quot;src&quot;:&quot;https:\\\/\\\/i0.wp.com\\\/cloud.alqueria.es\\\/wp-content\\\/uploads\\\/sites\\\/8\\\/2017\\\/03\\\/IMG_5207.jpg?fit=1024%2C768\\u0026ssl=1&quot;,&quot;id&quot;:&quot;13182&quot;,&quot;title&quot;:&quot;IMG_5207&quot;,&quot;alt&quot;:&quot;&quot;,&quot;caption&quot;:&quot;&quot;,&quot;itemprop&quot;:&quot;image&quot;},{&quot;src&quot;:&quot;https:\\\/\\\/i0.wp.com\\\/cloud.alqueria.es\\\/wp-content\\\/uploads\\\/sites\\\/8\\\/2017\\\/03\\\/IMG_5240.jpg?fit=1024%2C768\\u0026ssl=1&quot;,&quot;id&quot;:&quot;13190&quot;,&quot;title&quot;:&quot;IMG_5240&quot;,&quot;alt&quot;:&quot;&quot;,&quot;caption&quot;:&quot;&quot;,&quot;itemprop&quot;:&quot;image&quot;},{&quot;src&quot;:&quot;https:\\\/\\\/i0.wp.com\\\/cloud.alqueria.es\\\/wp-content\\\/uploads\\\/sites\\\/8\\\/2017\\\/03\\\/IMG_5230.jpg?fit=1024%2C768\\u0026ssl=1&quot;,&quot;id&quot;:&quot;13189&quot;,&quot;title&quot;:&quot;IMG_5230&quot;,&quot;alt&quot;:&quot;&quot;,&quot;caption&quot;:&quot;&quot;,&quot;itemprop&quot;:&quot;image&quot;},{&quot;src&quot;:&quot;https:\\\/\\\/i0.wp.com\\\/cloud.alqueria.es\\\/wp-content\\\/uploads\\\/sites\\\/8\\\/2017\\\/03\\\/IMG_5229.jpg?fit=1024%2C768\\u0026ssl=1&quot;,&quot;id&quot;:&quot;13188&quot;,&quot;title&quot;:&quot;IMG_5229&quot;,&quot;alt&quot;:&quot;&quot;,&quot;caption&quot;:&quot;&quot;,&quot;itemprop&quot;:&quot;image&quot;},{&quot;src&quot;:&quot;https:\\\/\\\/i0.wp.com\\\/cloud.alqueria.es\\\/wp-content\\\/uploads\\\/sites\\\/8\\\/2017\\\/03\\\/IMG_5227.jpg?fit=1024%2C768\\u0026ssl=1&quot;,&quot;id&quot;:&quot;13187&quot;,&quot;title&quot;:&quot;IMG_5227&quot;,&quot;alt&quot;:&quot;&quot;,&quot;caption&quot;:&quot;&quot;,&quot;itemprop&quot;:&quot;image&quot;},{&quot;src&quot;:&quot;https:\\\/\\\/i0.wp.com\\\/cloud.alqueria.es\\\/wp-content\\\/uploads\\\/sites\\\/8\\\/2017\\\/03\\\/IMG_5226.jpg?fit=1024%2C768\\u0026ssl=1&quot;,&quot;id&quot;:&quot;13186&quot;,&quot;title&quot;:&quot;IMG_5226&quot;,&quot;alt&quot;:&quot;&quot;,&quot;caption&quot;:&quot;&quot;,&quot;itemprop&quot;:&quot;image&quot;},{&quot;src&quot;:&quot;https:\\\/\\\/i0.wp.com\\\/cloud.alqueria.es\\\/wp-content\\\/uploads\\\/sites\\\/8\\\/2017\\\/03\\\/IMG_5225.jpg?fit=1024%2C768\\u0026ssl=1&quot;,&quot;id&quot;:&quot;13185&quot;,&quot;title&quot;:&quot;IMG_5225&quot;,&quot;alt&quot;:&quot;&quot;,&quot;caption&quot;:&quot;&quot;,&quot;itemprop&quot;:&quot;image&quot;},{&quot;src&quot;:&quot;https:\\\/\\\/i0.wp.com\\\/cloud.alqueria.es\\\/wp-content\\\/uploads\\\/sites\\\/8\\\/2017\\\/03\\\/IMG_5223.jpg?fit=1024%2C768\\u0026ssl=1&quot;,&quot;id&quot;:&quot;13184&quot;,&quot;title&quot;:&quot;IMG_5223&quot;,&quot;alt&quot;:&quot;&quot;,&quot;caption&quot;:&quot;&quot;,&quot;itemprop&quot;:&quot;image&quot;},{&quot;src&quot;:&quot;https:\\\/\\\/i0.wp.com\\\/cloud.alqueria.es\\\/wp-content\\\/uploads\\\/sites\\\/8\\\/2017\\\/03\\\/IMG_5222.jpg?fit=1024%2C768\\u0026ssl=1&quot;,&quot;id&quot;:&quot;13183&quot;,&quot;title&quot;:&quot;IMG_5222&quot;,&quot;alt&quot;:&quot;&quot;,&quot;caption&quot;:&quot;&quot;,&quot;itemprop&quot;:&quot;image&quot;},{&quot;src&quot;:&quot;https:\\\/\\\/i0.wp.com\\\/cloud.alqueria.es\\\/wp-content\\\/uploads\\\/sites\\\/8\\\/2017\\\/03\\\/IMG_5204.jpg?fit=1024%2C768\\u0026ssl=1&quot;,&quot;id&quot;:&quot;13181&quot;,&quot;title&quot;:&quot;IMG_5204&quot;,&quot;alt&quot;:&quot;&quot;,&quot;caption&quot;:&quot;&quot;,&quot;itemprop&quot;:&quot;image&quot;}]\" itemscope itemtype=\"https:\/\/schema.org\/ImageGallery\"><\/div>\n<p>En la<em><strong><span style=\"color: #339966\"> tarde cooperativa<\/span><\/strong><\/em>, el equipo n\u00famero 1 de cada clase me acompa\u00f1a hasta el huerto para clasificar, repartir y contabilizar cu\u00e1ntos ejemplares de plantas tenemos ya preparados para la venta en el vivero. Anotamos el nombre de las plantas para poder hacer unos cartelitos que las identifiquen. El resto de equipos, en compa\u00f1\u00eda de Loli y Charito, adecentan el arriate donde est\u00e1 el olivo y lo compaginan con una sesi\u00f3n de juegos populares.<\/p>\n<div class=\"tiled-gallery type-square tiled-gallery-unresized\" data-original-width=\"474\" data-carousel-extra='{&quot;blog_id&quot;:8,&quot;permalink&quot;:&quot;https:\\\/\\\/www.alqueria.es\\\/blogs\\\/alqueriarojaverde\\\/2017\\\/03\\\/10\\\/semanario-clase-roja-semana-del-6-al-10-de-marzo-de-2017\\\/&quot;,&quot;likes_blog_id&quot;:64268569}' itemscope itemtype=\"http:\/\/schema.org\/ImageGallery\" > <div class=\"gallery-row\" style=\"width: 474px; height: 237px;\" data-original-width=\"474\" data-original-height=\"237\" > <div class=\"gallery-group\" style=\"width: 237px; height: 237px;\" data-original-width=\"237\" data-original-height=\"237\" > <div class=\"tiled-gallery-item \" itemprop=\"associatedMedia\" itemscope itemtype=\"http:\/\/schema.org\/ImageObject\"> <a href=\"https:\/\/www.alqueria.es\/blogs\/alqueriarojaverde\/2017\/03\/10\/semanario-clase-roja-semana-del-6-al-10-de-marzo-de-2017\/img_5246\/\" border=\"0\" itemprop=\"url\"> <meta itemprop=\"width\" content=\"233\"> <meta itemprop=\"height\" content=\"233\"> <img decoding=\"async\" class=\"\" data-attachment-id=\"13192\" data-orig-file=\"https:\/\/cloud.alqueria.es\/wp-content\/uploads\/sites\/8\/2017\/03\/IMG_5246.jpg\" data-orig-size=\"1024,768\" data-comments-opened=\"1\" data-image-meta=\"{&quot;aperture&quot;:&quot;0&quot;,&quot;credit&quot;:&quot;&quot;,&quot;camera&quot;:&quot;&quot;,&quot;caption&quot;:&quot;&quot;,&quot;created_timestamp&quot;:&quot;0&quot;,&quot;copyright&quot;:&quot;&quot;,&quot;focal_length&quot;:&quot;0&quot;,&quot;iso&quot;:&quot;0&quot;,&quot;shutter_speed&quot;:&quot;0&quot;,&quot;title&quot;:&quot;&quot;,&quot;orientation&quot;:&quot;0&quot;}\" data-image-title=\"IMG_5246\" data-image-description=\"\" data-medium-file=\"https:\/\/i0.wp.com\/cloud.alqueria.es\/wp-content\/uploads\/sites\/8\/2017\/03\/IMG_5246.jpg?fit=300%2C225&#038;ssl=1\" data-large-file=\"https:\/\/i0.wp.com\/cloud.alqueria.es\/wp-content\/uploads\/sites\/8\/2017\/03\/IMG_5246.jpg?fit=474%2C356&#038;ssl=1\" src=\"https:\/\/i0.wp.com\/cloud.alqueria.es\/wp-content\/uploads\/sites\/8\/2017\/03\/IMG_5246.jpg?w=233&#038;h=233&#038;crop=1&#038;ssl=1\" srcset=\"https:\/\/cloud.alqueria.es\/wp-content\/uploads\/sites\/8\/2017\/03\/IMG_5246.jpg 150w, https:\/\/cloud.alqueria.es\/wp-content\/uploads\/sites\/8\/2017\/03\/IMG_5246.jpg 466w, https:\/\/cloud.alqueria.es\/wp-content\/uploads\/sites\/8\/2017\/03\/IMG_5246.jpg 699w\" width=\"233\" height=\"233\" loading=\"lazy\" data-original-width=\"233\" data-original-height=\"233\" itemprop=\"http:\/\/schema.org\/image\" title=\"IMG_5246\" alt=\"IMG_5246\" style=\"width: 233px; height: 233px;\" \/> <\/a> <\/div> <\/div> <div class=\"gallery-group\" style=\"width: 237px; height: 237px;\" data-original-width=\"237\" data-original-height=\"237\" > <div class=\"tiled-gallery-item \" itemprop=\"associatedMedia\" itemscope itemtype=\"http:\/\/schema.org\/ImageObject\"> <a href=\"https:\/\/www.alqueria.es\/blogs\/alqueriarojaverde\/2017\/03\/10\/semanario-clase-roja-semana-del-6-al-10-de-marzo-de-2017\/img_5244\/\" border=\"0\" itemprop=\"url\"> <meta itemprop=\"width\" content=\"233\"> <meta itemprop=\"height\" content=\"233\"> <img decoding=\"async\" class=\"\" data-attachment-id=\"13191\" data-orig-file=\"https:\/\/cloud.alqueria.es\/wp-content\/uploads\/sites\/8\/2017\/03\/IMG_5244.jpg\" data-orig-size=\"1024,768\" data-comments-opened=\"1\" data-image-meta=\"{&quot;aperture&quot;:&quot;0&quot;,&quot;credit&quot;:&quot;&quot;,&quot;camera&quot;:&quot;&quot;,&quot;caption&quot;:&quot;&quot;,&quot;created_timestamp&quot;:&quot;0&quot;,&quot;copyright&quot;:&quot;&quot;,&quot;focal_length&quot;:&quot;0&quot;,&quot;iso&quot;:&quot;0&quot;,&quot;shutter_speed&quot;:&quot;0&quot;,&quot;title&quot;:&quot;&quot;,&quot;orientation&quot;:&quot;0&quot;}\" data-image-title=\"IMG_5244\" data-image-description=\"\" data-medium-file=\"https:\/\/i0.wp.com\/cloud.alqueria.es\/wp-content\/uploads\/sites\/8\/2017\/03\/IMG_5244.jpg?fit=300%2C225&#038;ssl=1\" data-large-file=\"https:\/\/i0.wp.com\/cloud.alqueria.es\/wp-content\/uploads\/sites\/8\/2017\/03\/IMG_5244.jpg?fit=474%2C356&#038;ssl=1\" src=\"https:\/\/i0.wp.com\/cloud.alqueria.es\/wp-content\/uploads\/sites\/8\/2017\/03\/IMG_5244.jpg?w=233&#038;h=233&#038;crop=1&#038;ssl=1\" srcset=\"https:\/\/cloud.alqueria.es\/wp-content\/uploads\/sites\/8\/2017\/03\/IMG_5244.jpg 150w, https:\/\/cloud.alqueria.es\/wp-content\/uploads\/sites\/8\/2017\/03\/IMG_5244.jpg 466w, https:\/\/cloud.alqueria.es\/wp-content\/uploads\/sites\/8\/2017\/03\/IMG_5244.jpg 699w\" width=\"233\" height=\"233\" loading=\"lazy\" data-original-width=\"233\" data-original-height=\"233\" itemprop=\"http:\/\/schema.org\/image\" title=\"IMG_5244\" alt=\"IMG_5244\" style=\"width: 233px; height: 233px;\" \/> <\/a> <\/div> <\/div> <\/div> <\/div>\n<p>En la <em><strong><span style=\"color: #0000ff\">presentaci\u00f3n de la profesi\u00f3n<\/span><\/strong><\/em> nos acompa\u00f1a <span style=\"color: #0000ff\">Andr\u00e9s, el pap\u00e1 de Adelina,<\/span> con el que aprendemos cosas acerca de la <strong><em><span style=\"color: #0000ff\">estad\u00edstica<\/span><\/em><\/strong> y realizamos nuestra primera encuesta (no os perd\u00e1is los detalles en la entrada espec\u00edfica enlazada anteriormente).<\/p>\n<p>En esta ocasi\u00f3n la realizaci\u00f3n del <em><strong><span style=\"color: #ff00ff\">m\u00e9todo de propuestas<\/span><\/strong><\/em> se lleva a cabo sin la representaci\u00f3n gr\u00e1fica, ya que realizamos el dibujo de la profesi\u00f3n y por la tarde tienen clase de m\u00fasica con Elena.<\/p>\n<p>El mi\u00e9rcoles por la ma\u00f1ana llevamos a cabo nuevamente<em><strong><span style=\"color: #ff00ff\"> todas las fases del m\u00e9todo,<\/span><\/strong><\/em> pudi\u00e9ndose observar c\u00f3mo mantienen agrupaciones en relaci\u00f3n a las jornadas anteriores y se muestran constantes en la realizaci\u00f3n de la propuesta elegida (no llevando a cabo m\u00e1s de dos por d\u00eda).<\/p>\n<p><img data-recalc-dims=\"1\" decoding=\"async\" data-attachment-id=\"13180\" data-permalink=\"https:\/\/www.alqueria.es\/blogs\/alqueriarojaverde\/2017\/03\/10\/semanario-clase-roja-semana-del-6-al-10-de-marzo-de-2017\/img_5243\/\" data-orig-file=\"https:\/\/i0.wp.com\/cloud.alqueria.es\/wp-content\/uploads\/sites\/8\/2017\/03\/IMG_5243-e1489160203852.jpg?fit=768%2C1024&amp;ssl=1\" data-orig-size=\"768,1024\" data-comments-opened=\"1\" data-image-meta=\"{&quot;aperture&quot;:&quot;0&quot;,&quot;credit&quot;:&quot;&quot;,&quot;camera&quot;:&quot;&quot;,&quot;caption&quot;:&quot;&quot;,&quot;created_timestamp&quot;:&quot;0&quot;,&quot;copyright&quot;:&quot;&quot;,&quot;focal_length&quot;:&quot;0&quot;,&quot;iso&quot;:&quot;0&quot;,&quot;shutter_speed&quot;:&quot;0&quot;,&quot;title&quot;:&quot;&quot;,&quot;orientation&quot;:&quot;0&quot;}\" data-image-title=\"IMG_5243\" data-image-description=\"\" data-image-caption=\"\" data-large-file=\"https:\/\/i0.wp.com\/cloud.alqueria.es\/wp-content\/uploads\/sites\/8\/2017\/03\/IMG_5243-e1489160203852.jpg?fit=474%2C632&amp;ssl=1\" class=\"alignleft size-medium wp-image-13180\" src=\"https:\/\/i0.wp.com\/cloud.alqueria.es\/wp-content\/uploads\/sites\/8\/2017\/03\/IMG_5243-e1489160203852-225x300.jpg?resize=225%2C300&#038;ssl=1\" alt=\"\" width=\"225\" height=\"300\" srcset=\"https:\/\/cloud.alqueria.es\/wp-content\/uploads\/sites\/8\/2017\/03\/IMG_5243-e1489160203852.jpg 225w, https:\/\/cloud.alqueria.es\/wp-content\/uploads\/sites\/8\/2017\/03\/IMG_5243-e1489160203852.jpg 768w\" sizes=\"(max-width: 225px) 100vw, 225px\" \/>Por la tarde <em><strong><span style=\"color: #ff6600\">experimentamos con la electricidad est\u00e1tica<\/span><\/strong><\/em>, con ayuda de unos globos. Frotamos \u00e9stos con distintos tejidos y observamos qu\u00e9 pasa cuando lo acercamos a nuestro pelo, a la pared de la clase, a una mariposa con las alas de papel de seda &#8230; Establecemos comparaciones (surgidas de sus intervenciones) con lo que nos pasa cuando nos tiramos por el tobog\u00e1n muchaaaas veces y alguien nos toca o se nos electriza el pelo.<\/p>\n<p>Incluimos tambi\u00e9n esa tarde un <em><strong><span style=\"color: #993366\">ejercicio de concentraci\u00f3n, relajaci\u00f3n y auto-control, a trav\u00e9s de la realizaci\u00f3n de un \u00abdibujo al ritmo de la m\u00fasica\u00bb. <\/span><\/strong><\/em>En primer lugar seguimos el ritmo de la m\u00fasica con nuestro dedo sobre el papel, despu\u00e9s lo hacemos con un l\u00e1piz de grafito y por \u00faltimo lo llevamos a cabo con los ojos cerrados.<\/p>\n<div class=\"embed-vimeo\" style=\"text-align: center;\"><div class=\"a25-CTUOC-hidding-box\" data-original-content=\"&lt;iframe loading=&quot;lazy&quot; src=&quot;https:\/\/player.vimeo.com\/video\/207802085&quot; width=&quot;640&quot; height=&quot;360&quot; frameborder=&quot;0&quot; webkitallowfullscreen mozallowfullscreen allowfullscreen&gt;&lt;\/iframe&gt;\">Esta p\u00e1gina incluye contenido multimedia que requiere aceptar todas las cookies. Pulse aqu\u00ed para abrir la configuraci\u00f3n de cookies.<\/div><\/div>\n<div class=\"embed-vimeo\" style=\"text-align: center;\"><div class=\"a25-CTUOC-hidding-box\" data-original-content=\"&lt;iframe loading=&quot;lazy&quot; src=&quot;https:\/\/player.vimeo.com\/video\/207803681&quot; width=&quot;640&quot; height=&quot;360&quot; frameborder=&quot;0&quot; webkitallowfullscreen mozallowfullscreen allowfullscreen&gt;&lt;\/iframe&gt;\">Esta p\u00e1gina incluye contenido multimedia que requiere aceptar todas las cookies. Pulse aqu\u00ed para abrir la configuraci\u00f3n de cookies.<\/div><\/div>\n<p>Ojal\u00e1 hubi\u00e9seis visto sus caras cuando comprobaron que no se hab\u00edan salido del papel.<\/p>\n<p>El jueves \u00a0y viernes compaginamos el <em><strong><span style=\"color: #ff00ff\">desarrollo del m\u00e9todo<\/span>\u00a0<\/strong><\/em>(sin la expresi\u00f3n gr\u00e1fica),\u00a0con un <em><strong><span style=\"color: #ff0000\">taller creativo: \u00abDibujamos c\u00edrculos\u00bb<\/span><\/strong><\/em> y coloreamos el mosaico. Un proceso algo laborioso, ya que no es f\u00e1cil su realizaci\u00f3n en estas edades, pero que les ha gustado a todos\/as un mont\u00f3n.<\/p>\n<p class=\"jetpack-slideshow-noscript robots-nocontent\">El pase de diapositivas requiere JavaScript.<\/p><div id=\"gallery-13131-2-slideshow\" class=\"jetpack-slideshow-window jetpack-slideshow jetpack-slideshow-black\" data-trans=\"fade\" data-autostart=\"1\" data-gallery=\"[{&quot;src&quot;:&quot;https:\\\/\\\/i0.wp.com\\\/cloud.alqueria.es\\\/wp-content\\\/uploads\\\/sites\\\/8\\\/2017\\\/03\\\/IMG_5235.jpg?fit=1024%2C768\\u0026ssl=1&quot;,&quot;id&quot;:&quot;13193&quot;,&quot;title&quot;:&quot;IMG_5235&quot;,&quot;alt&quot;:&quot;&quot;,&quot;caption&quot;:&quot;&quot;,&quot;itemprop&quot;:&quot;image&quot;},{&quot;src&quot;:&quot;https:\\\/\\\/i0.wp.com\\\/cloud.alqueria.es\\\/wp-content\\\/uploads\\\/sites\\\/8\\\/2017\\\/03\\\/IMG_5237.jpg?fit=1024%2C768\\u0026ssl=1&quot;,&quot;id&quot;:&quot;13195&quot;,&quot;title&quot;:&quot;IMG_5237&quot;,&quot;alt&quot;:&quot;&quot;,&quot;caption&quot;:&quot;&quot;,&quot;itemprop&quot;:&quot;image&quot;},{&quot;src&quot;:&quot;https:\\\/\\\/i0.wp.com\\\/cloud.alqueria.es\\\/wp-content\\\/uploads\\\/sites\\\/8\\\/2017\\\/03\\\/IMG_5239.jpg?fit=1024%2C768\\u0026ssl=1&quot;,&quot;id&quot;:&quot;13196&quot;,&quot;title&quot;:&quot;IMG_5239&quot;,&quot;alt&quot;:&quot;&quot;,&quot;caption&quot;:&quot;&quot;,&quot;itemprop&quot;:&quot;image&quot;},{&quot;src&quot;:&quot;https:\\\/\\\/i0.wp.com\\\/cloud.alqueria.es\\\/wp-content\\\/uploads\\\/sites\\\/8\\\/2017\\\/03\\\/IMG_5236.jpg?fit=1024%2C768\\u0026ssl=1&quot;,&quot;id&quot;:&quot;13194&quot;,&quot;title&quot;:&quot;IMG_5236&quot;,&quot;alt&quot;:&quot;&quot;,&quot;caption&quot;:&quot;&quot;,&quot;itemprop&quot;:&quot;image&quot;},{&quot;src&quot;:&quot;https:\\\/\\\/i0.wp.com\\\/cloud.alqueria.es\\\/wp-content\\\/uploads\\\/sites\\\/8\\\/2017\\\/03\\\/IMG_5241.jpg?fit=1024%2C768\\u0026ssl=1&quot;,&quot;id&quot;:&quot;13197&quot;,&quot;title&quot;:&quot;IMG_5241&quot;,&quot;alt&quot;:&quot;&quot;,&quot;caption&quot;:&quot;&quot;,&quot;itemprop&quot;:&quot;image&quot;},{&quot;src&quot;:&quot;https:\\\/\\\/i0.wp.com\\\/cloud.alqueria.es\\\/wp-content\\\/uploads\\\/sites\\\/8\\\/2017\\\/03\\\/IMG_5242.jpg?fit=1024%2C768\\u0026ssl=1&quot;,&quot;id&quot;:&quot;13198&quot;,&quot;title&quot;:&quot;IMG_5242&quot;,&quot;alt&quot;:&quot;&quot;,&quot;caption&quot;:&quot;&quot;,&quot;itemprop&quot;:&quot;image&quot;},{&quot;src&quot;:&quot;https:\\\/\\\/i0.wp.com\\\/cloud.alqueria.es\\\/wp-content\\\/uploads\\\/sites\\\/8\\\/2017\\\/03\\\/IMG_5247.jpg?fit=1024%2C768\\u0026ssl=1&quot;,&quot;id&quot;:&quot;13199&quot;,&quot;title&quot;:&quot;IMG_5247&quot;,&quot;alt&quot;:&quot;&quot;,&quot;caption&quot;:&quot;&quot;,&quot;itemprop&quot;:&quot;image&quot;},{&quot;src&quot;:&quot;https:\\\/\\\/i0.wp.com\\\/cloud.alqueria.es\\\/wp-content\\\/uploads\\\/sites\\\/8\\\/2017\\\/03\\\/IMG_5248.jpg?fit=1024%2C768\\u0026ssl=1&quot;,&quot;id&quot;:&quot;13200&quot;,&quot;title&quot;:&quot;IMG_5248&quot;,&quot;alt&quot;:&quot;&quot;,&quot;caption&quot;:&quot;&quot;,&quot;itemprop&quot;:&quot;image&quot;},{&quot;src&quot;:&quot;https:\\\/\\\/i0.wp.com\\\/cloud.alqueria.es\\\/wp-content\\\/uploads\\\/sites\\\/8\\\/2017\\\/03\\\/IMG_5249.jpg?fit=1024%2C768\\u0026ssl=1&quot;,&quot;id&quot;:&quot;13201&quot;,&quot;title&quot;:&quot;IMG_5249&quot;,&quot;alt&quot;:&quot;&quot;,&quot;caption&quot;:&quot;&quot;,&quot;itemprop&quot;:&quot;image&quot;}]\" itemscope itemtype=\"https:\/\/schema.org\/ImageGallery\"><\/div>\n<p>Asiste al experto del grupo verde (en plantas), el equipo 3.<\/p>\n<p>En el <em><strong><span style=\"color: #ff6600\">taller de biblioteca<\/span><\/strong><\/em> ( a lo largo de la jornada) damos lectura \u00a0a los ejemplares <em><span style=\"color: #ff6600\">\u00abPor cuatro esquinitas de nada\u00bb, \u00bb El color de la amistad\u00bb y \u00abLibro linterna de dinosaurios\u00bb,<\/span><\/em> aportados por el alumnado. Os dejo el enlace del primero, merece la pena dedicarle unos minutos.<\/p>\n<p><span class=\"embed-youtube\" style=\"text-align:center; display: block;\"><div class=\"a25-CTUOC-hidding-box\" data-original-content=\"&lt;iframe loading=&quot;lazy&quot; class=&quot;youtube-player&quot; width=&quot;474&quot; height=&quot;267&quot; src=&quot;https:\/\/www.youtube.com\/embed\/IikZuOFfar4?version=3&amp;#038;rel=1&amp;#038;showsearch=0&amp;#038;showinfo=1&amp;#038;iv_load_policy=1&amp;#038;fs=1&amp;#038;hl=es-ES&amp;#038;autohide=2&amp;#038;wmode=transparent&quot; allowfullscreen=&quot;true&quot; style=&quot;border:0;&quot; sandbox=&quot;allow-scripts allow-same-origin allow-popups allow-presentation allow-popups-to-escape-sandbox&quot;&gt;&lt;\/iframe&gt;\">Esta p\u00e1gina incluye contenido multimedia que requiere aceptar todas las cookies. Pulse aqu\u00ed para abrir la configuraci\u00f3n de cookies.<\/div><\/span><\/p>\n<p>En cuanto a<em><strong><span style=\"color: #993300\"> Hipo,<\/span><\/strong><\/em> aunque en las \u00faltimas entradas no lo he nombrado, cada viernes leemos la experiencia vivida con el\/la alumno\/a que le ha tocado llev\u00e1rselo y realizamos el nuevo sorteo. Este viernes completamos ronda con <span style=\"color: #993300\">Julia<\/span>. <strong>\u00bfQu\u00e9 os ha parecido esta actividad?.\u00a0<\/strong><\/p>\n<p><em><strong><span style=\"color: #ff0000\">NOTA<\/span><\/strong><\/em>: <em>Ya est\u00e1 pr\u00f3xima nuestra semana de la lectura (s\u00ed, s\u00ed, antes que nos demos cuenta ha llegado) y nuevamente os propongo una colaboraci\u00f3n especial. En este caso solicito colaboraci\u00f3n de los\/as abuelos\/as de la clase, para que vengan a contar cuentos o historias de tradici\u00f3n oral\/popular. El d\u00eda y hora reservados son el 20 de abril de 15.00 a 16.00. Os ruego me comuniqu\u00e9is tambi\u00e9n el t\u00edtulo de su narraci\u00f3n, para poder ir elaborando el programa y que no se \u00abpisen\u00bb unos a otros.<\/em><\/p>\n<p><strong>\u00a1Muchas gracias por la implicaci\u00f3n que demostr\u00e1is con el proyecto y que me traslad\u00e1is a diario!.<\/strong><\/p>\n<p>Espero que disfrut\u00e9is del fin de semana, un fuerte abrazo.<\/p>\n<p>Esther Justicia.<\/p>\n<p>&nbsp;<\/p>\n","protected":false},"excerpt":{"rendered":"<p>Como ya os adelant\u00e9 la pasada semana, \u00e9sta era la destinada al registro sistem\u00e1tico de nuestro M\u00e9todo de propuestas. Metodolog\u00eda propia, en la que se basa nuestro aprendizaje en Infantil y que en momentos puntuales y peri\u00f3dicos registramos de forma individual, como herramienta complementaria de evaluaci\u00f3n del alumnado, en torno a criterios de agrupaci\u00f3n social, &hellip; <a href=\"https:\/\/www.alqueria.es\/blogs\/alqueriarojaverde\/2017\/03\/10\/semanario-clase-roja-semana-del-6-al-10-de-marzo-de-2017\/\" class=\"more-link\">Seguir leyendo <span class=\"screen-reader-text\">SEMANARIO CLASE ROJA. Semana del 6 al 10 de marzo de 2017<\/span> <span class=\"meta-nav\">&rarr;<\/span><\/a><\/p>\n","protected":false},"author":19,"featured_media":0,"comment_status":"open","ping_status":"open","sticky":false,"template":"","format":"standard","meta":{"jetpack_post_was_ever_published":false,"_jetpack_newsletter_access":"","_jetpack_dont_email_post_to_subs":false,"_jetpack_newsletter_tier_id":0,"_jetpack_memberships_contains_paywalled_content":false,"_jetpack_memberships_contains_paid_content":false,"footnotes":"","jetpack_publicize_message":"","jetpack_publicize_feature_enabled":true,"jetpack_social_post_already_shared":true,"jetpack_social_options":{"image_generator_settings":{"template":"highway","default_image_id":0,"font":"","enabled":false},"version":2}},"categories":[6,13,20],"tags":[213,212],"class_list":["post-13131","post","type-post","status-publish","format-standard","hentry","category-clase-roja-4-5-anos","category-inicio","category-semanario-clase-roja","tag-actividades-para-fomentar-la-atencion","tag-metodo-de-propuestas"],"jetpack_publicize_connections":[],"jetpack_featured_media_url":"","jetpack_sharing_enabled":true,"jetpack_shortlink":"https:\/\/wp.me\/p4lFbP-3pN","_links":{"self":[{"href":"https:\/\/www.alqueria.es\/blogs\/alqueriarojaverde\/wp-json\/wp\/v2\/posts\/13131","targetHints":{"allow":["GET"]}}],"collection":[{"href":"https:\/\/www.alqueria.es\/blogs\/alqueriarojaverde\/wp-json\/wp\/v2\/posts"}],"about":[{"href":"https:\/\/www.alqueria.es\/blogs\/alqueriarojaverde\/wp-json\/wp\/v2\/types\/post"}],"author":[{"embeddable":true,"href":"https:\/\/www.alqueria.es\/blogs\/alqueriarojaverde\/wp-json\/wp\/v2\/users\/19"}],"replies":[{"embeddable":true,"href":"https:\/\/www.alqueria.es\/blogs\/alqueriarojaverde\/wp-json\/wp\/v2\/comments?post=13131"}],"version-history":[{"count":0,"href":"https:\/\/www.alqueria.es\/blogs\/alqueriarojaverde\/wp-json\/wp\/v2\/posts\/13131\/revisions"}],"wp:attachment":[{"href":"https:\/\/www.alqueria.es\/blogs\/alqueriarojaverde\/wp-json\/wp\/v2\/media?parent=13131"}],"wp:term":[{"taxonomy":"category","embeddable":true,"href":"https:\/\/www.alqueria.es\/blogs\/alqueriarojaverde\/wp-json\/wp\/v2\/categories?post=13131"},{"taxonomy":"post_tag","embeddable":true,"href":"https:\/\/www.alqueria.es\/blogs\/alqueriarojaverde\/wp-json\/wp\/v2\/tags?post=13131"}],"curies":[{"name":"wp","href":"https:\/\/api.w.org\/{rel}","templated":true}]}}